{"id":264523,"date":"2024-11-29T10:23:47","date_gmt":"2024-11-29T13:23:47","guid":{"rendered":"https:\/\/noticiaempauta.com\/portal\/?p=264523"},"modified":"2024-11-29T10:23:47","modified_gmt":"2024-11-29T13:23:47","slug":"rafael-fonteles-e-lula-assinam-aditivo-para-conclusao-da-transnordestina","status":"publish","type":"post","link":"https:\/\/noticiaempauta.com\/portal\/rafael-fonteles-e-lula-assinam-aditivo-para-conclusao-da-transnordestina\/","title":{"rendered":"Rafael Fonteles e Lula assinam aditivo para conclus\u00e3o da Transnordestina"},"content":{"rendered":"\n<p>O\u00a0governador Rafael Fonteles e o presidente Lula\u00a0assinaram, nesta quinta-feira (28), um\u00a0aditivo de R$ 3,6 bilh\u00f5es para concluir a primeira fase da Transnordestina. A ferrovia ligar\u00e1 Paes Landim (PI) ao Porto de Pec\u00e9m (CE), fortalecendo o transporte de gr\u00e3os, fertilizantes, cimento, combust\u00edveis e min\u00e9rio para exporta\u00e7\u00e3o.<\/p>\n\n\n\n<figure class=\"wp-block-image size-full\"><img fetchpriority=\"high\" decoding=\"async\" width=\"1000\" height=\"667\" src=\"https:\/\/noticiaempauta.com\/portal\/wp-content\/uploads\/2024\/11\/rafael-fonteles-e-lula-assinam-aditivo-para-conclusao-da-transnordestina-81120248-fd20-4dee-88bf-7f7e952dc7c4.jpg.webp\" alt=\"\" class=\"wp-image-264524\" srcset=\"https:\/\/noticiaempauta.com\/portal\/wp-content\/uploads\/2024\/11\/rafael-fonteles-e-lula-assinam-aditivo-para-conclusao-da-transnordestina-81120248-fd20-4dee-88bf-7f7e952dc7c4.jpg.webp 1000w, https:\/\/noticiaempauta.com\/portal\/wp-content\/uploads\/2024\/11\/rafael-fonteles-e-lula-assinam-aditivo-para-conclusao-da-transnordestina-81120248-fd20-4dee-88bf-7f7e952dc7c4.jpg-300x200.webp 300w, https:\/\/noticiaempauta.com\/portal\/wp-content\/uploads\/2024\/11\/rafael-fonteles-e-lula-assinam-aditivo-para-conclusao-da-transnordestina-81120248-fd20-4dee-88bf-7f7e952dc7c4.jpg-768x512.webp 768w\" sizes=\"(max-width: 1000px) 100vw, 1000px\" \/><\/figure>\n\n\n\n<p>O presidente Lula destacou a import\u00e2ncia estrat\u00e9gica da Transnordestina, comparando-a a grandes obras como o Canal do S\u00e3o Francisco. &#8220;Essa ferrovia vai transformar vidas no Nordeste e ser\u00e1 essencial para a log\u00edstica do pa\u00eds&#8221;, afirmou. O\u00a0primeiro trecho, com 70% conclu\u00eddo, deve ser finalizado at\u00e9 2027, e o segundo, at\u00e9 2029.\u00a0<\/p>\n\n\n\n<p>Rafael Fonteles enfatizou que a Transnordestina ser\u00e1 um marco para o desenvolvimento log\u00edstico do semi\u00e1rido e para a economia do Nordeste. &#8220;Com 1.206 km de extens\u00e3o, a\u00a0ferrovia vai impulsionar a infraestrutura da regi\u00e3o e integrar ainda mais os estados\u00a0nordestinos&#8221;, destacou.<\/p>\n\n\n\n<figure class=\"wp-block-image size-large\"><img decoding=\"async\" width=\"1024\" height=\"498\" src=\"https:\/\/noticiaempauta.com\/portal\/wp-content\/uploads\/2024\/11\/rafael-fonteles-e-lula-assinam-aditivo-para-conclusao-da-transnordestina-57a5e1dc-f02c-4b85-abbd-437664d41fc0.jpg-1024x498.webp\" alt=\"\" class=\"wp-image-264525\" srcset=\"https:\/\/noticiaempauta.com\/portal\/wp-content\/uploads\/2024\/11\/rafael-fonteles-e-lula-assinam-aditivo-para-conclusao-da-transnordestina-57a5e1dc-f02c-4b85-abbd-437664d41fc0.jpg-1024x498.webp 1024w, https:\/\/noticiaempauta.com\/portal\/wp-content\/uploads\/2024\/11\/rafael-fonteles-e-lula-assinam-aditivo-para-conclusao-da-transnordestina-57a5e1dc-f02c-4b85-abbd-437664d41fc0.jpg-300x146.webp 300w, https:\/\/noticiaempauta.com\/portal\/wp-content\/uploads\/2024\/11\/rafael-fonteles-e-lula-assinam-aditivo-para-conclusao-da-transnordestina-57a5e1dc-f02c-4b85-abbd-437664d41fc0.jpg-768x373.webp 768w, https:\/\/noticiaempauta.com\/portal\/wp-content\/uploads\/2024\/11\/rafael-fonteles-e-lula-assinam-aditivo-para-conclusao-da-transnordestina-57a5e1dc-f02c-4b85-abbd-437664d41fc0.jpg.webp 1300w\" sizes=\"(max-width: 1024px) 100vw, 1024px\" \/><\/figure>\n\n\n\n<p>Al\u00e9m da assinatura, o governador participou tamb\u00e9m da 15\u00aa edi\u00e7\u00e3o do F\u00f3rum de Governadores, onde foram discutidos temas como seguran\u00e7a, sa\u00fade, assist\u00eancia social e a reforma tribut\u00e1ria. Rafael ressaltou a necessidade de ajustes na proposta que tramita no Congresso, abordando quest\u00f5es como a fun\u00e7\u00e3o tribut\u00e1ria, a gest\u00e3o do ICMS sobre combust\u00edveis e a maior autonomia para os fiscos estaduais. &#8220;A reforma tribut\u00e1ria \u00e9 um avan\u00e7o importante, mas precisamos aperfei\u00e7oar o texto para garantir um sistema mais eficiente e equilibrado&#8221;, concluiu.<\/p>\n\n\n\n<p>Fonte: Meio News<\/p>\n","protected":false},"excerpt":{"rendered":"<p>O acordo garante um cr\u00e9dito de R$ 3,6 bilh\u00f5es para a finaliza\u00e7\u00e3o da primeira fase da ferrovia.<\/p>\n","protected":false},"author":2,"featured_media":264524,"comment_status":"open","ping_status":"open","sticky":false,"template":"","format":"standard","meta":{"_mi_skip_tracking":false,"footnotes":""},"categories":[25,1,16],"tags":[],"class_list":["post-264523","post","type-post","status-publish","format-standard","has-post-thumbnail","hentry","category-destaques-site","category-geral","category-todas"],"acf":[],"yoast_head":"<!-- This site is optimized with the Yoast SEO Premium plugin v19.2 (Yoast SEO v26.9) - https:\/\/yoast.com\/product\/yoast-seo-premium-wordpress\/ -->\n<title>Rafael Fonteles e Lula assinam aditivo para conclus\u00e3o da Transnordestina - Portal Not\u00edcia em Pauta<\/title>\n<meta name=\"robots\" content=\"index, follow, max-snippet:-1, max-image-preview:large, max-video-preview:-1\" \/>\n<link rel=\"canonical\" href=\"https:\/\/noticiaempauta.com\/portal\/rafael-fonteles-e-lula-assinam-aditivo-para-conclusao-da-transnordestina\/\" \/>\n<meta property=\"og:locale\" content=\"pt_BR\" \/>\n<meta property=\"og:type\" content=\"article\" \/>\n<meta property=\"og:title\" content=\"Rafael Fonteles e Lula assinam aditivo para conclus\u00e3o da Transnordestina\" \/>\n<meta property=\"og:description\" content=\"O acordo garante um cr\u00e9dito de R$ 3,6 bilh\u00f5es para a finaliza\u00e7\u00e3o da primeira fase da ferrovia.\" \/>\n<meta property=\"og:url\" content=\"https:\/\/noticiaempauta.com\/portal\/rafael-fonteles-e-lula-assinam-aditivo-para-conclusao-da-transnordestina\/\" \/>\n<meta property=\"og:site_name\" content=\"Portal Not\u00edcia em Pauta\" \/>\n<meta property=\"article:publisher\" content=\"https:\/\/www.facebook.com\/Portal-Notcia-Em-Pauta-102292869264820\/\" \/>\n<meta property=\"article:published_time\" content=\"2024-11-29T13:23:47+00:00\" \/>\n<meta property=\"og:image\" content=\"https:\/\/noticiaempauta.com\/portal\/wp-content\/uploads\/2024\/11\/rafael-fonteles-e-lula-assinam-aditivo-para-conclusao-da-transnordestina-81120248-fd20-4dee-88bf-7f7e952dc7c4.jpg.webp\" \/>\n\t<meta property=\"og:image:width\" content=\"1000\" \/>\n\t<meta property=\"og:image:height\" content=\"667\" \/>\n\t<meta property=\"og:image:type\" content=\"image\/webp\" \/>\n<meta name=\"author\" content=\"Reda\u00e7\u00e3o\" \/>\n<meta name=\"twitter:card\" content=\"summary_large_image\" \/>\n<meta name=\"twitter:label1\" content=\"Escrito por\" \/>\n\t<meta name=\"twitter:data1\" content=\"Reda\u00e7\u00e3o\" \/>\n\t<meta name=\"twitter:label2\" content=\"Est. tempo de leitura\" \/>\n\t<meta name=\"twitter:data2\" content=\"2 minutos\" \/>\n<script type=\"application\/ld+json\" class=\"yoast-schema-graph\">{\"@context\":\"https:\/\/schema.org\",\"@graph\":[{\"@type\":\"Article\",\"@id\":\"https:\/\/noticiaempauta.com\/portal\/rafael-fonteles-e-lula-assinam-aditivo-para-conclusao-da-transnordestina\/#article\",\"isPartOf\":{\"@id\":\"https:\/\/noticiaempauta.com\/portal\/rafael-fonteles-e-lula-assinam-aditivo-para-conclusao-da-transnordestina\/\"},\"author\":{\"name\":\"Reda\u00e7\u00e3o\",\"@id\":\"https:\/\/noticiaempauta.com\/portal\/#\/schema\/person\/a74af43dd1ab3deca45f988c717d57ac\"},\"headline\":\"Rafael Fonteles e Lula assinam aditivo para conclus\u00e3o da Transnordestina\",\"datePublished\":\"2024-11-29T13:23:47+00:00\",\"mainEntityOfPage\":{\"@id\":\"https:\/\/noticiaempauta.com\/portal\/rafael-fonteles-e-lula-assinam-aditivo-para-conclusao-da-transnordestina\/\"},\"wordCount\":259,\"commentCount\":0,\"publisher\":{\"@id\":\"https:\/\/noticiaempauta.com\/portal\/#organization\"},\"image\":{\"@id\":\"https:\/\/noticiaempauta.com\/portal\/rafael-fonteles-e-lula-assinam-aditivo-para-conclusao-da-transnordestina\/#primaryimage\"},\"thumbnailUrl\":\"https:\/\/noticiaempauta.com\/portal\/wp-content\/uploads\/2024\/11\/rafael-fonteles-e-lula-assinam-aditivo-para-conclusao-da-transnordestina-81120248-fd20-4dee-88bf-7f7e952dc7c4.jpg.webp\",\"articleSection\":[\"Destaques\",\"Geral\",\"Todas as Not\u00edcias\"],\"inLanguage\":\"pt-BR\",\"potentialAction\":[{\"@type\":\"CommentAction\",\"name\":\"Comment\",\"target\":[\"https:\/\/noticiaempauta.com\/portal\/rafael-fonteles-e-lula-assinam-aditivo-para-conclusao-da-transnordestina\/#respond\"]}]},{\"@type\":\"WebPage\",\"@id\":\"https:\/\/noticiaempauta.com\/portal\/rafael-fonteles-e-lula-assinam-aditivo-para-conclusao-da-transnordestina\/\",\"url\":\"https:\/\/noticiaempauta.com\/portal\/rafael-fonteles-e-lula-assinam-aditivo-para-conclusao-da-transnordestina\/\",\"name\":\"Rafael Fonteles e Lula assinam aditivo para conclus\u00e3o da Transnordestina - Portal Not\u00edcia em Pauta\",\"isPartOf\":{\"@id\":\"https:\/\/noticiaempauta.com\/portal\/#website\"},\"primaryImageOfPage\":{\"@id\":\"https:\/\/noticiaempauta.com\/portal\/rafael-fonteles-e-lula-assinam-aditivo-para-conclusao-da-transnordestina\/#primaryimage\"},\"image\":{\"@id\":\"https:\/\/noticiaempauta.com\/portal\/rafael-fonteles-e-lula-assinam-aditivo-para-conclusao-da-transnordestina\/#primaryimage\"},\"thumbnailUrl\":\"https:\/\/noticiaempauta.com\/portal\/wp-content\/uploads\/2024\/11\/rafael-fonteles-e-lula-assinam-aditivo-para-conclusao-da-transnordestina-81120248-fd20-4dee-88bf-7f7e952dc7c4.jpg.webp\",\"datePublished\":\"2024-11-29T13:23:47+00:00\",\"breadcrumb\":{\"@id\":\"https:\/\/noticiaempauta.com\/portal\/rafael-fonteles-e-lula-assinam-aditivo-para-conclusao-da-transnordestina\/#breadcrumb\"},\"inLanguage\":\"pt-BR\",\"potentialAction\":[{\"@type\":\"ReadAction\",\"target\":[\"https:\/\/noticiaempauta.com\/portal\/rafael-fonteles-e-lula-assinam-aditivo-para-conclusao-da-transnordestina\/\"]}]},{\"@type\":\"ImageObject\",\"inLanguage\":\"pt-BR\",\"@id\":\"https:\/\/noticiaempauta.com\/portal\/rafael-fonteles-e-lula-assinam-aditivo-para-conclusao-da-transnordestina\/#primaryimage\",\"url\":\"https:\/\/noticiaempauta.com\/portal\/wp-content\/uploads\/2024\/11\/rafael-fonteles-e-lula-assinam-aditivo-para-conclusao-da-transnordestina-81120248-fd20-4dee-88bf-7f7e952dc7c4.jpg.webp\",\"contentUrl\":\"https:\/\/noticiaempauta.com\/portal\/wp-content\/uploads\/2024\/11\/rafael-fonteles-e-lula-assinam-aditivo-para-conclusao-da-transnordestina-81120248-fd20-4dee-88bf-7f7e952dc7c4.jpg.webp\",\"width\":1000,\"height\":667},{\"@type\":\"BreadcrumbList\",\"@id\":\"https:\/\/noticiaempauta.com\/portal\/rafael-fonteles-e-lula-assinam-aditivo-para-conclusao-da-transnordestina\/#breadcrumb\",\"itemListElement\":[{\"@type\":\"ListItem\",\"position\":1,\"name\":\"P\u00e1gina Inicial\",\"item\":\"https:\/\/noticiaempauta.com\/portal\/\"},{\"@type\":\"ListItem\",\"position\":2,\"name\":\"Destaques\",\"item\":\"https:\/\/noticiaempauta.com\/portal\/destaques-site\/\"},{\"@type\":\"ListItem\",\"position\":3,\"name\":\"Rafael Fonteles e Lula assinam aditivo para conclus\u00e3o da Transnordestina\"}]},{\"@type\":\"WebSite\",\"@id\":\"https:\/\/noticiaempauta.com\/portal\/#website\",\"url\":\"https:\/\/noticiaempauta.com\/portal\/\",\"name\":\"Portal Not\u00edcia em Pauta\",\"description\":\"Voc\u00ea bem informado\",\"publisher\":{\"@id\":\"https:\/\/noticiaempauta.com\/portal\/#organization\"},\"potentialAction\":[{\"@type\":\"SearchAction\",\"target\":{\"@type\":\"EntryPoint\",\"urlTemplate\":\"https:\/\/noticiaempauta.com\/portal\/?s={search_term_string}\"},\"query-input\":{\"@type\":\"PropertyValueSpecification\",\"valueRequired\":true,\"valueName\":\"search_term_string\"}}],\"inLanguage\":\"pt-BR\"},{\"@type\":\"Organization\",\"@id\":\"https:\/\/noticiaempauta.com\/portal\/#organization\",\"name\":\"Portal Not\u00edcia em Pauta\",\"url\":\"https:\/\/noticiaempauta.com\/portal\/\",\"logo\":{\"@type\":\"ImageObject\",\"inLanguage\":\"pt-BR\",\"@id\":\"https:\/\/noticiaempauta.com\/portal\/#\/schema\/logo\/image\/\",\"url\":\"https:\/\/noticiaempauta.com\/portal\/wp-content\/uploads\/2022\/08\/logomarca_tema.fw_.png\",\"contentUrl\":\"https:\/\/noticiaempauta.com\/portal\/wp-content\/uploads\/2022\/08\/logomarca_tema.fw_.png\",\"width\":400,\"height\":232,\"caption\":\"Portal Not\u00edcia em Pauta\"},\"image\":{\"@id\":\"https:\/\/noticiaempauta.com\/portal\/#\/schema\/logo\/image\/\"},\"sameAs\":[\"https:\/\/www.facebook.com\/Portal-Notcia-Em-Pauta-102292869264820\/\",\"https:\/\/www.instagram.com\/portalnoticiaempauta\/\"]},{\"@type\":\"Person\",\"@id\":\"https:\/\/noticiaempauta.com\/portal\/#\/schema\/person\/a74af43dd1ab3deca45f988c717d57ac\",\"name\":\"Reda\u00e7\u00e3o\",\"image\":{\"@type\":\"ImageObject\",\"inLanguage\":\"pt-BR\",\"@id\":\"https:\/\/noticiaempauta.com\/portal\/#\/schema\/person\/image\/\",\"url\":\"https:\/\/secure.gravatar.com\/avatar\/03179346ecce6cdfc13361603e8f54242a90e5cde8618fa23c5c00aa2b0aadf3?s=96&d=mm&r=g\",\"contentUrl\":\"https:\/\/secure.gravatar.com\/avatar\/03179346ecce6cdfc13361603e8f54242a90e5cde8618fa23c5c00aa2b0aadf3?s=96&d=mm&r=g\",\"caption\":\"Reda\u00e7\u00e3o\"},\"sameAs\":[\"https:\/\/noticiaempauta.com\/portal\/\"],\"url\":\"https:\/\/noticiaempauta.com\/portal\/author\/fernando\/\"}]}<\/script>\n<!-- \/ Yoast SEO Premium plugin. -->","yoast_head_json":{"title":"Rafael Fonteles e Lula assinam aditivo para conclus\u00e3o da Transnordestina - Portal Not\u00edcia em Pauta","robots":{"index":"index","follow":"follow","max-snippet":"max-snippet:-1","max-image-preview":"max-image-preview:large","max-video-preview":"max-video-preview:-1"},"canonical":"https:\/\/noticiaempauta.com\/portal\/rafael-fonteles-e-lula-assinam-aditivo-para-conclusao-da-transnordestina\/","og_locale":"pt_BR","og_type":"article","og_title":"Rafael Fonteles e Lula assinam aditivo para conclus\u00e3o da Transnordestina","og_description":"O acordo garante um cr\u00e9dito de R$ 3,6 bilh\u00f5es para a finaliza\u00e7\u00e3o da primeira fase da ferrovia.","og_url":"https:\/\/noticiaempauta.com\/portal\/rafael-fonteles-e-lula-assinam-aditivo-para-conclusao-da-transnordestina\/","og_site_name":"Portal Not\u00edcia em Pauta","article_publisher":"https:\/\/www.facebook.com\/Portal-Notcia-Em-Pauta-102292869264820\/","article_published_time":"2024-11-29T13:23:47+00:00","og_image":[{"width":1000,"height":667,"url":"https:\/\/noticiaempauta.com\/portal\/wp-content\/uploads\/2024\/11\/rafael-fonteles-e-lula-assinam-aditivo-para-conclusao-da-transnordestina-81120248-fd20-4dee-88bf-7f7e952dc7c4.jpg.webp","type":"image\/webp"}],"author":"Reda\u00e7\u00e3o","twitter_card":"summary_large_image","twitter_misc":{"Escrito por":"Reda\u00e7\u00e3o","Est. tempo de leitura":"2 minutos"},"schema":{"@context":"https:\/\/schema.org","@graph":[{"@type":"Article","@id":"https:\/\/noticiaempauta.com\/portal\/rafael-fonteles-e-lula-assinam-aditivo-para-conclusao-da-transnordestina\/#article","isPartOf":{"@id":"https:\/\/noticiaempauta.com\/portal\/rafael-fonteles-e-lula-assinam-aditivo-para-conclusao-da-transnordestina\/"},"author":{"name":"Reda\u00e7\u00e3o","@id":"https:\/\/noticiaempauta.com\/portal\/#\/schema\/person\/a74af43dd1ab3deca45f988c717d57ac"},"headline":"Rafael Fonteles e Lula assinam aditivo para conclus\u00e3o da Transnordestina","datePublished":"2024-11-29T13:23:47+00:00","mainEntityOfPage":{"@id":"https:\/\/noticiaempauta.com\/portal\/rafael-fonteles-e-lula-assinam-aditivo-para-conclusao-da-transnordestina\/"},"wordCount":259,"commentCount":0,"publisher":{"@id":"https:\/\/noticiaempauta.com\/portal\/#organization"},"image":{"@id":"https:\/\/noticiaempauta.com\/portal\/rafael-fonteles-e-lula-assinam-aditivo-para-conclusao-da-transnordestina\/#primaryimage"},"thumbnailUrl":"https:\/\/noticiaempauta.com\/portal\/wp-content\/uploads\/2024\/11\/rafael-fonteles-e-lula-assinam-aditivo-para-conclusao-da-transnordestina-81120248-fd20-4dee-88bf-7f7e952dc7c4.jpg.webp","articleSection":["Destaques","Geral","Todas as Not\u00edcias"],"inLanguage":"pt-BR","potentialAction":[{"@type":"CommentAction","name":"Comment","target":["https:\/\/noticiaempauta.com\/portal\/rafael-fonteles-e-lula-assinam-aditivo-para-conclusao-da-transnordestina\/#respond"]}]},{"@type":"WebPage","@id":"https:\/\/noticiaempauta.com\/portal\/rafael-fonteles-e-lula-assinam-aditivo-para-conclusao-da-transnordestina\/","url":"https:\/\/noticiaempauta.com\/portal\/rafael-fonteles-e-lula-assinam-aditivo-para-conclusao-da-transnordestina\/","name":"Rafael Fonteles e Lula assinam aditivo para conclus\u00e3o da Transnordestina - Portal Not\u00edcia em Pauta","isPartOf":{"@id":"https:\/\/noticiaempauta.com\/portal\/#website"},"primaryImageOfPage":{"@id":"https:\/\/noticiaempauta.com\/portal\/rafael-fonteles-e-lula-assinam-aditivo-para-conclusao-da-transnordestina\/#primaryimage"},"image":{"@id":"https:\/\/noticiaempauta.com\/portal\/rafael-fonteles-e-lula-assinam-aditivo-para-conclusao-da-transnordestina\/#primaryimage"},"thumbnailUrl":"https:\/\/noticiaempauta.com\/portal\/wp-content\/uploads\/2024\/11\/rafael-fonteles-e-lula-assinam-aditivo-para-conclusao-da-transnordestina-81120248-fd20-4dee-88bf-7f7e952dc7c4.jpg.webp","datePublished":"2024-11-29T13:23:47+00:00","breadcrumb":{"@id":"https:\/\/noticiaempauta.com\/portal\/rafael-fonteles-e-lula-assinam-aditivo-para-conclusao-da-transnordestina\/#breadcrumb"},"inLanguage":"pt-BR","potentialAction":[{"@type":"ReadAction","target":["https:\/\/noticiaempauta.com\/portal\/rafael-fonteles-e-lula-assinam-aditivo-para-conclusao-da-transnordestina\/"]}]},{"@type":"ImageObject","inLanguage":"pt-BR","@id":"https:\/\/noticiaempauta.com\/portal\/rafael-fonteles-e-lula-assinam-aditivo-para-conclusao-da-transnordestina\/#primaryimage","url":"https:\/\/noticiaempauta.com\/portal\/wp-content\/uploads\/2024\/11\/rafael-fonteles-e-lula-assinam-aditivo-para-conclusao-da-transnordestina-81120248-fd20-4dee-88bf-7f7e952dc7c4.jpg.webp","contentUrl":"https:\/\/noticiaempauta.com\/portal\/wp-content\/uploads\/2024\/11\/rafael-fonteles-e-lula-assinam-aditivo-para-conclusao-da-transnordestina-81120248-fd20-4dee-88bf-7f7e952dc7c4.jpg.webp","width":1000,"height":667},{"@type":"BreadcrumbList","@id":"https:\/\/noticiaempauta.com\/portal\/rafael-fonteles-e-lula-assinam-aditivo-para-conclusao-da-transnordestina\/#breadcrumb","itemListElement":[{"@type":"ListItem","position":1,"name":"P\u00e1gina Inicial","item":"https:\/\/noticiaempauta.com\/portal\/"},{"@type":"ListItem","position":2,"name":"Destaques","item":"https:\/\/noticiaempauta.com\/portal\/destaques-site\/"},{"@type":"ListItem","position":3,"name":"Rafael Fonteles e Lula assinam aditivo para conclus\u00e3o da Transnordestina"}]},{"@type":"WebSite","@id":"https:\/\/noticiaempauta.com\/portal\/#website","url":"https:\/\/noticiaempauta.com\/portal\/","name":"Portal Not\u00edcia em Pauta","description":"Voc\u00ea bem informado","publisher":{"@id":"https:\/\/noticiaempauta.com\/portal\/#organization"},"potentialAction":[{"@type":"SearchAction","target":{"@type":"EntryPoint","urlTemplate":"https:\/\/noticiaempauta.com\/portal\/?s={search_term_string}"},"query-input":{"@type":"PropertyValueSpecification","valueRequired":true,"valueName":"search_term_string"}}],"inLanguage":"pt-BR"},{"@type":"Organization","@id":"https:\/\/noticiaempauta.com\/portal\/#organization","name":"Portal Not\u00edcia em Pauta","url":"https:\/\/noticiaempauta.com\/portal\/","logo":{"@type":"ImageObject","inLanguage":"pt-BR","@id":"https:\/\/noticiaempauta.com\/portal\/#\/schema\/logo\/image\/","url":"https:\/\/noticiaempauta.com\/portal\/wp-content\/uploads\/2022\/08\/logomarca_tema.fw_.png","contentUrl":"https:\/\/noticiaempauta.com\/portal\/wp-content\/uploads\/2022\/08\/logomarca_tema.fw_.png","width":400,"height":232,"caption":"Portal Not\u00edcia em Pauta"},"image":{"@id":"https:\/\/noticiaempauta.com\/portal\/#\/schema\/logo\/image\/"},"sameAs":["https:\/\/www.facebook.com\/Portal-Notcia-Em-Pauta-102292869264820\/","https:\/\/www.instagram.com\/portalnoticiaempauta\/"]},{"@type":"Person","@id":"https:\/\/noticiaempauta.com\/portal\/#\/schema\/person\/a74af43dd1ab3deca45f988c717d57ac","name":"Reda\u00e7\u00e3o","image":{"@type":"ImageObject","inLanguage":"pt-BR","@id":"https:\/\/noticiaempauta.com\/portal\/#\/schema\/person\/image\/","url":"https:\/\/secure.gravatar.com\/avatar\/03179346ecce6cdfc13361603e8f54242a90e5cde8618fa23c5c00aa2b0aadf3?s=96&d=mm&r=g","contentUrl":"https:\/\/secure.gravatar.com\/avatar\/03179346ecce6cdfc13361603e8f54242a90e5cde8618fa23c5c00aa2b0aadf3?s=96&d=mm&r=g","caption":"Reda\u00e7\u00e3o"},"sameAs":["https:\/\/noticiaempauta.com\/portal\/"],"url":"https:\/\/noticiaempauta.com\/portal\/author\/fernando\/"}]}},"_links":{"self":[{"href":"https:\/\/noticiaempauta.com\/portal\/wp-json\/wp\/v2\/posts\/264523","targetHints":{"allow":["GET"]}}],"collection":[{"href":"https:\/\/noticiaempauta.com\/portal\/wp-json\/wp\/v2\/posts"}],"about":[{"href":"https:\/\/noticiaempauta.com\/portal\/wp-json\/wp\/v2\/types\/post"}],"author":[{"embeddable":true,"href":"https:\/\/noticiaempauta.com\/portal\/wp-json\/wp\/v2\/users\/2"}],"replies":[{"embeddable":true,"href":"https:\/\/noticiaempauta.com\/portal\/wp-json\/wp\/v2\/comments?post=264523"}],"version-history":[{"count":1,"href":"https:\/\/noticiaempauta.com\/portal\/wp-json\/wp\/v2\/posts\/264523\/revisions"}],"predecessor-version":[{"id":264526,"href":"https:\/\/noticiaempauta.com\/portal\/wp-json\/wp\/v2\/posts\/264523\/revisions\/264526"}],"wp:featuredmedia":[{"embeddable":true,"href":"https:\/\/noticiaempauta.com\/portal\/wp-json\/wp\/v2\/media\/264524"}],"wp:attachment":[{"href":"https:\/\/noticiaempauta.com\/portal\/wp-json\/wp\/v2\/media?parent=264523"}],"wp:term":[{"taxonomy":"category","embeddable":true,"href":"https:\/\/noticiaempauta.com\/portal\/wp-json\/wp\/v2\/categories?post=264523"},{"taxonomy":"post_tag","embeddable":true,"href":"https:\/\/noticiaempauta.com\/portal\/wp-json\/wp\/v2\/tags?post=264523"}],"curies":[{"name":"wp","href":"https:\/\/api.w.org\/{rel}","templated":true}]}}