{"id":264528,"date":"2024-11-29T10:37:11","date_gmt":"2024-11-29T13:37:11","guid":{"rendered":"https:\/\/noticiaempauta.com\/portal\/?p=264528"},"modified":"2024-11-29T10:37:11","modified_gmt":"2024-11-29T13:37:11","slug":"eleicoes-da-oab-para-escolha-da-nova-gestao-da-seccional-piaui-e-subsecoes-acontecem-neste-sabado-30","status":"publish","type":"post","link":"https:\/\/noticiaempauta.com\/portal\/eleicoes-da-oab-para-escolha-da-nova-gestao-da-seccional-piaui-e-subsecoes-acontecem-neste-sabado-30\/","title":{"rendered":"Elei\u00e7\u00f5es da OAB para escolha da nova gest\u00e3o da Seccional Piau\u00ed e Subse\u00e7\u00f5es acontecem neste s\u00e1bado (30)"},"content":{"rendered":"\n<p>Neste s\u00e1bado 30 de novembro, Advogados e Advogadas do Piau\u00ed ter\u00e3o a oportunidade de escolher a nova gest\u00e3o da Ordem dos Advogados do Brasil (OAB), Seccional Piau\u00ed, para o tri\u00eanio 2025\/2027. As elei\u00e7\u00f5es ocorrer\u00e3o das 10h30 \u00e0s 18h30 e ser\u00e3o realizadas de forma presencial, utilizando urnas eletr\u00f4nicas.<\/p>\n\n\n\n<figure class=\"wp-block-image size-full\"><img fetchpriority=\"high\" decoding=\"async\" width=\"600\" height=\"398\" src=\"https:\/\/noticiaempauta.com\/portal\/wp-content\/uploads\/2024\/11\/image_assessoria-1.jpg\" alt=\"\" class=\"wp-image-264529\" srcset=\"https:\/\/noticiaempauta.com\/portal\/wp-content\/uploads\/2024\/11\/image_assessoria-1.jpg 600w, https:\/\/noticiaempauta.com\/portal\/wp-content\/uploads\/2024\/11\/image_assessoria-1-300x199.jpg 300w\" sizes=\"(max-width: 600px) 100vw, 600px\" \/><figcaption class=\"wp-element-caption\"><em>(Foto: Reprodu\u00e7\u00e3o)<\/em><\/figcaption><\/figure>\n\n\n\n<p>O processo eleitoral ser\u00e1 realizado em Teresina, na Sede da OAB-PI, e nas 20 Subse\u00e7\u00f5es espalhadas pelo Estado, \u00c1gua Branca, Altos, Barras, Bom Jesus, Campo Maior, Canto do Buriti, Corrente, Esperantina, Floriano, Oeiras, Parna\u00edba, Picos, Piracuruca, Piripiri, S\u00e3o Jo\u00e3o do Piau\u00ed, S\u00e3o Raimundo Nonato, Sim\u00f5es, Simpl\u00edcio Mendes, Uru\u00e7u\u00ed e Valen\u00e7a.<\/p>\n\n\n\n<p><strong>REGRAS PARA AS ELEI\u00c7\u00d5ES DE 2024<\/strong><\/p>\n\n\n\n<p>A Comiss\u00e3o Eleitoral da OAB-PI, respons\u00e1vel por organizar, dirigir e supervisionar todo o processo eleitoral determinou as orienta\u00e7\u00f5es que devem ser seguidas no dia da vota\u00e7\u00e3o para garantir a efici\u00eancia do processo eleitoral, em conformidade com o Conselho Federal da OAB.<\/p>\n\n\n\n<p>1 \u2013 As vias de acesso aos locais de vota\u00e7\u00e3o \u00e0 300 metros do pr\u00e9dio da Seccional Piau\u00ed estar\u00e3o interditadas, sendo permitido o acesso pela Advocacia nos seguintes termos:<\/p>\n\n\n\n<p>\u2013 Ser\u00e1 permitido a parada e o estacionamento, por candidatos e eleitores, pelo tempo m\u00e1ximo de 30 minutos, sendo vetada qualquer a\u00e7\u00e3o que configure efeito outdoor;<\/p>\n\n\n\n<p>\u2013 Acesso limitado \u00e0 Rua Governador Tib\u00e9rio Nunes, entre a Pra\u00e7a Edgar Nogueira, nas imedia\u00e7\u00f5es do TRE-PI e a OAB-PI, bem como \u00e0 Rua Acre, entre o cruzamento com a Rua Governador Tib\u00e9rio Nunes e o Centro de Conven\u00e7\u00f5es de Teresina, sendo autorizados parada e estacionamento por at\u00e9 30 minutos para candidatos e eleitores;<\/p>\n\n\n\n<p>\u2013 O acesso, parada e estacionamento na Rua Governador Tib\u00e9rio Nunes, entre o cruzamento com a Rua Acre e a OAB-PI, ser\u00e1 exclusivo para idosos, pessoas com defici\u00eancia, autistas, gestantes, lactantes e pessoas com mobilidade reduzida;<\/p>\n\n\n\n<p>\u2013 O estacionamento do Tribunal de Justi\u00e7a ter\u00e1 entrada pela Rua Governador Tib\u00e9rio Nunes, cedido para a OAB-PI, exclusivamente para Comiss\u00e3o Eleitoral, funcion\u00e1rios da OAB-Pl, mes\u00e1rios e pessoas autorizadas pela Comiss\u00e3o Eleitoral, sendo permitido o acesso de at\u00e9 3 ve\u00edculos credenciados para cada Chapa regularmente inscrita;<\/p>\n\n\n\n<p>\u2013 Acesso ao estacionamento do Centro de Conven\u00e7\u00f5es de Teresina, mediante parceria com a OAB-PI e a CAAPI, para candidatos e eleitores, em conformidade com a capacidade do local, com acesso pela Avenida Marechal Castelo Branco.<\/p>\n\n\n\n<p>3 \u2013 As chapas registradas devem seguir normas \u00e9ticas e evitar a veicula\u00e7\u00e3o de propagandas, seja sonora ou com materiais, dentro das proximidades da \u00e1rea de vota\u00e7\u00e3o.<\/p>\n\n\n\n<p>4 \u2013 \u00c9 proibido ve\u00edculos com transporte de eleitores em qualquer forma ou distribui\u00e7\u00e3o de comidas e bebidas alco\u00f3licas ou n\u00e3o alco\u00f3licas. Tamb\u00e9m n\u00e3o ser\u00e1 permitido a venda de lanches e bebidas por ambulantes nas proximidades.<\/p>\n\n\n\n<p>5 \u2013 Ser\u00e1 instalado tendas de sombreamento pela OAB-PI na \u00e1rea do estacionamento interno e disponibilizado \u00e1gua para os candidatos e eleitores.<\/p>\n\n\n\n<p>6 \u2013 Ser\u00e1 permitida a perman\u00eancia de candidatos, assessores jur\u00eddicos e fiscais das Chapas nos locais de vota\u00e7\u00e3o e no estacionamento da sede da OAB-PI, mediante o uso do crach\u00e1 de identifica\u00e7\u00e3o fornecido pela Comiss\u00e3o Eleitoral, desde que n\u00e3o configure aglomera\u00e7\u00e3o ou atrapalhe o andamento do trabalho.<\/p>\n\n\n\n<p>7 \u2013 Ap\u00f3s o final da vota\u00e7\u00e3o, ser\u00e1 permitido o acesso p\u00fablico ao audit\u00f3rio da OAB Piau\u00ed para o acompanhamento da apura\u00e7\u00e3o.<\/p>\n\n\n\n<p>Vale destacar que as Chapas s\u00e3o respons\u00e1veis pelas a\u00e7\u00f5es de seus candidatos e apoiadores, em caso de descumprimento das medidas acima mencionadas, estando sujeita \u00e0 puni\u00e7\u00f5es como a aplica\u00e7\u00e3o de multas e a cassa\u00e7\u00e3o de registros, em caso de reincid\u00eancia.<\/p>\n\n\n\n<p><strong>VOTA\u00c7\u00c3O EM TR\u00c2NSITO<\/strong><\/p>\n\n\n\n<p>A OAB-PI informa que, em conson\u00e2ncia com as normas eleitorais, \u00e9 proibida a vota\u00e7\u00e3o em tr\u00e2nsito. Assim, o Advogado ou Advogada s\u00f3 poder\u00e1 votar na Subse\u00e7\u00e3o que estiver inscrito(a). A medida visa garantir a integridade do processo eleitoral, respeitando os crit\u00e9rios estabelecidos para a vota\u00e7\u00e3o.<\/p>\n\n\n\n<p>A OAB-PI destaca que a vota\u00e7\u00e3o presencial \u00e9 um compromisso com a transpar\u00eancia e a seguran\u00e7a do processo eleitoral, garantindo que o pleito seja conduzido de maneira eficiente e com a participa\u00e7\u00e3o ativa de todos os profissionais da advocacia do Estado.<\/p>\n\n\n\n<p>OAB-PI<\/p>\n","protected":false},"excerpt":{"rendered":"<p>Neste s\u00e1bado 30 de novembro, Advogados e Advogadas do Piau\u00ed ter\u00e3o a oportunidade de escolher a nova gest\u00e3o da Ordem dos Advogados do Brasil (OAB), Seccional Piau\u00ed, para o tri\u00eanio 2025\/2027. As elei\u00e7\u00f5es ocorrer\u00e3o das 10h30 \u00e0s 18h30 e ser\u00e3o realizadas de forma presencial, utilizando urnas eletr\u00f4nicas. O processo eleitoral ser\u00e1 realizado em Teresina, na [&hellip;]<\/p>\n","protected":false},"author":2,"featured_media":264529,"comment_status":"open","ping_status":"open","sticky":false,"template":"","format":"standard","meta":{"_mi_skip_tracking":false,"footnotes":""},"categories":[25,1,16],"tags":[],"class_list":["post-264528","post","type-post","status-publish","format-standard","has-post-thumbnail","hentry","category-destaques-site","category-geral","category-todas"],"acf":[],"yoast_head":"<!-- This site is optimized with the Yoast SEO Premium plugin v19.2 (Yoast SEO v26.9) - https:\/\/yoast.com\/product\/yoast-seo-premium-wordpress\/ -->\n<title>Elei\u00e7\u00f5es da OAB para escolha da nova gest\u00e3o da Seccional Piau\u00ed e Subse\u00e7\u00f5es acontecem neste s\u00e1bado (30) - Portal Not\u00edcia em Pauta<\/title>\n<meta name=\"robots\" content=\"index, follow, max-snippet:-1, max-image-preview:large, max-video-preview:-1\" \/>\n<link rel=\"canonical\" href=\"https:\/\/noticiaempauta.com\/portal\/eleicoes-da-oab-para-escolha-da-nova-gestao-da-seccional-piaui-e-subsecoes-acontecem-neste-sabado-30\/\" \/>\n<meta property=\"og:locale\" content=\"pt_BR\" \/>\n<meta property=\"og:type\" content=\"article\" \/>\n<meta property=\"og:title\" content=\"Elei\u00e7\u00f5es da OAB para escolha da nova gest\u00e3o da Seccional Piau\u00ed e Subse\u00e7\u00f5es acontecem neste s\u00e1bado (30)\" \/>\n<meta property=\"og:description\" content=\"Neste s\u00e1bado 30 de novembro, Advogados e Advogadas do Piau\u00ed ter\u00e3o a oportunidade de escolher a nova gest\u00e3o da Ordem dos Advogados do Brasil (OAB), Seccional Piau\u00ed, para o tri\u00eanio 2025\/2027. As elei\u00e7\u00f5es ocorrer\u00e3o das 10h30 \u00e0s 18h30 e ser\u00e3o realizadas de forma presencial, utilizando urnas eletr\u00f4nicas. O processo eleitoral ser\u00e1 realizado em Teresina, na [&hellip;]\" \/>\n<meta property=\"og:url\" content=\"https:\/\/noticiaempauta.com\/portal\/eleicoes-da-oab-para-escolha-da-nova-gestao-da-seccional-piaui-e-subsecoes-acontecem-neste-sabado-30\/\" \/>\n<meta property=\"og:site_name\" content=\"Portal Not\u00edcia em Pauta\" \/>\n<meta property=\"article:publisher\" content=\"https:\/\/www.facebook.com\/Portal-Notcia-Em-Pauta-102292869264820\/\" \/>\n<meta property=\"article:published_time\" content=\"2024-11-29T13:37:11+00:00\" \/>\n<meta property=\"og:image\" content=\"https:\/\/noticiaempauta.com\/portal\/wp-content\/uploads\/2024\/11\/image_assessoria-1.jpg\" \/>\n\t<meta property=\"og:image:width\" content=\"600\" \/>\n\t<meta property=\"og:image:height\" content=\"398\" \/>\n\t<meta property=\"og:image:type\" content=\"image\/jpeg\" \/>\n<meta name=\"author\" content=\"Reda\u00e7\u00e3o\" \/>\n<meta name=\"twitter:card\" content=\"summary_large_image\" \/>\n<meta name=\"twitter:label1\" content=\"Escrito por\" \/>\n\t<meta name=\"twitter:data1\" content=\"Reda\u00e7\u00e3o\" \/>\n\t<meta name=\"twitter:label2\" content=\"Est. tempo de leitura\" \/>\n\t<meta name=\"twitter:data2\" content=\"4 minutos\" \/>\n<script type=\"application\/ld+json\" class=\"yoast-schema-graph\">{\"@context\":\"https:\/\/schema.org\",\"@graph\":[{\"@type\":\"Article\",\"@id\":\"https:\/\/noticiaempauta.com\/portal\/eleicoes-da-oab-para-escolha-da-nova-gestao-da-seccional-piaui-e-subsecoes-acontecem-neste-sabado-30\/#article\",\"isPartOf\":{\"@id\":\"https:\/\/noticiaempauta.com\/portal\/eleicoes-da-oab-para-escolha-da-nova-gestao-da-seccional-piaui-e-subsecoes-acontecem-neste-sabado-30\/\"},\"author\":{\"name\":\"Reda\u00e7\u00e3o\",\"@id\":\"https:\/\/noticiaempauta.com\/portal\/#\/schema\/person\/a74af43dd1ab3deca45f988c717d57ac\"},\"headline\":\"Elei\u00e7\u00f5es da OAB para escolha da nova gest\u00e3o da Seccional Piau\u00ed e Subse\u00e7\u00f5es acontecem neste s\u00e1bado (30)\",\"datePublished\":\"2024-11-29T13:37:11+00:00\",\"mainEntityOfPage\":{\"@id\":\"https:\/\/noticiaempauta.com\/portal\/eleicoes-da-oab-para-escolha-da-nova-gestao-da-seccional-piaui-e-subsecoes-acontecem-neste-sabado-30\/\"},\"wordCount\":730,\"commentCount\":0,\"publisher\":{\"@id\":\"https:\/\/noticiaempauta.com\/portal\/#organization\"},\"image\":{\"@id\":\"https:\/\/noticiaempauta.com\/portal\/eleicoes-da-oab-para-escolha-da-nova-gestao-da-seccional-piaui-e-subsecoes-acontecem-neste-sabado-30\/#primaryimage\"},\"thumbnailUrl\":\"https:\/\/noticiaempauta.com\/portal\/wp-content\/uploads\/2024\/11\/image_assessoria-1.jpg\",\"articleSection\":[\"Destaques\",\"Geral\",\"Todas as Not\u00edcias\"],\"inLanguage\":\"pt-BR\",\"potentialAction\":[{\"@type\":\"CommentAction\",\"name\":\"Comment\",\"target\":[\"https:\/\/noticiaempauta.com\/portal\/eleicoes-da-oab-para-escolha-da-nova-gestao-da-seccional-piaui-e-subsecoes-acontecem-neste-sabado-30\/#respond\"]}]},{\"@type\":\"WebPage\",\"@id\":\"https:\/\/noticiaempauta.com\/portal\/eleicoes-da-oab-para-escolha-da-nova-gestao-da-seccional-piaui-e-subsecoes-acontecem-neste-sabado-30\/\",\"url\":\"https:\/\/noticiaempauta.com\/portal\/eleicoes-da-oab-para-escolha-da-nova-gestao-da-seccional-piaui-e-subsecoes-acontecem-neste-sabado-30\/\",\"name\":\"Elei\u00e7\u00f5es da OAB para escolha da nova gest\u00e3o da Seccional Piau\u00ed e Subse\u00e7\u00f5es acontecem neste s\u00e1bado (30) - Portal Not\u00edcia em Pauta\",\"isPartOf\":{\"@id\":\"https:\/\/noticiaempauta.com\/portal\/#website\"},\"primaryImageOfPage\":{\"@id\":\"https:\/\/noticiaempauta.com\/portal\/eleicoes-da-oab-para-escolha-da-nova-gestao-da-seccional-piaui-e-subsecoes-acontecem-neste-sabado-30\/#primaryimage\"},\"image\":{\"@id\":\"https:\/\/noticiaempauta.com\/portal\/eleicoes-da-oab-para-escolha-da-nova-gestao-da-seccional-piaui-e-subsecoes-acontecem-neste-sabado-30\/#primaryimage\"},\"thumbnailUrl\":\"https:\/\/noticiaempauta.com\/portal\/wp-content\/uploads\/2024\/11\/image_assessoria-1.jpg\",\"datePublished\":\"2024-11-29T13:37:11+00:00\",\"breadcrumb\":{\"@id\":\"https:\/\/noticiaempauta.com\/portal\/eleicoes-da-oab-para-escolha-da-nova-gestao-da-seccional-piaui-e-subsecoes-acontecem-neste-sabado-30\/#breadcrumb\"},\"inLanguage\":\"pt-BR\",\"potentialAction\":[{\"@type\":\"ReadAction\",\"target\":[\"https:\/\/noticiaempauta.com\/portal\/eleicoes-da-oab-para-escolha-da-nova-gestao-da-seccional-piaui-e-subsecoes-acontecem-neste-sabado-30\/\"]}]},{\"@type\":\"ImageObject\",\"inLanguage\":\"pt-BR\",\"@id\":\"https:\/\/noticiaempauta.com\/portal\/eleicoes-da-oab-para-escolha-da-nova-gestao-da-seccional-piaui-e-subsecoes-acontecem-neste-sabado-30\/#primaryimage\",\"url\":\"https:\/\/noticiaempauta.com\/portal\/wp-content\/uploads\/2024\/11\/image_assessoria-1.jpg\",\"contentUrl\":\"https:\/\/noticiaempauta.com\/portal\/wp-content\/uploads\/2024\/11\/image_assessoria-1.jpg\",\"width\":600,\"height\":398},{\"@type\":\"BreadcrumbList\",\"@id\":\"https:\/\/noticiaempauta.com\/portal\/eleicoes-da-oab-para-escolha-da-nova-gestao-da-seccional-piaui-e-subsecoes-acontecem-neste-sabado-30\/#breadcrumb\",\"itemListElement\":[{\"@type\":\"ListItem\",\"position\":1,\"name\":\"P\u00e1gina Inicial\",\"item\":\"https:\/\/noticiaempauta.com\/portal\/\"},{\"@type\":\"ListItem\",\"position\":2,\"name\":\"Destaques\",\"item\":\"https:\/\/noticiaempauta.com\/portal\/destaques-site\/\"},{\"@type\":\"ListItem\",\"position\":3,\"name\":\"Elei\u00e7\u00f5es da OAB para escolha da nova gest\u00e3o da Seccional Piau\u00ed e Subse\u00e7\u00f5es acontecem neste s\u00e1bado (30)\"}]},{\"@type\":\"WebSite\",\"@id\":\"https:\/\/noticiaempauta.com\/portal\/#website\",\"url\":\"https:\/\/noticiaempauta.com\/portal\/\",\"name\":\"Portal Not\u00edcia em Pauta\",\"description\":\"Voc\u00ea bem informado\",\"publisher\":{\"@id\":\"https:\/\/noticiaempauta.com\/portal\/#organization\"},\"potentialAction\":[{\"@type\":\"SearchAction\",\"target\":{\"@type\":\"EntryPoint\",\"urlTemplate\":\"https:\/\/noticiaempauta.com\/portal\/?s={search_term_string}\"},\"query-input\":{\"@type\":\"PropertyValueSpecification\",\"valueRequired\":true,\"valueName\":\"search_term_string\"}}],\"inLanguage\":\"pt-BR\"},{\"@type\":\"Organization\",\"@id\":\"https:\/\/noticiaempauta.com\/portal\/#organization\",\"name\":\"Portal Not\u00edcia em Pauta\",\"url\":\"https:\/\/noticiaempauta.com\/portal\/\",\"logo\":{\"@type\":\"ImageObject\",\"inLanguage\":\"pt-BR\",\"@id\":\"https:\/\/noticiaempauta.com\/portal\/#\/schema\/logo\/image\/\",\"url\":\"https:\/\/noticiaempauta.com\/portal\/wp-content\/uploads\/2022\/08\/logomarca_tema.fw_.png\",\"contentUrl\":\"https:\/\/noticiaempauta.com\/portal\/wp-content\/uploads\/2022\/08\/logomarca_tema.fw_.png\",\"width\":400,\"height\":232,\"caption\":\"Portal Not\u00edcia em Pauta\"},\"image\":{\"@id\":\"https:\/\/noticiaempauta.com\/portal\/#\/schema\/logo\/image\/\"},\"sameAs\":[\"https:\/\/www.facebook.com\/Portal-Notcia-Em-Pauta-102292869264820\/\",\"https:\/\/www.instagram.com\/portalnoticiaempauta\/\"]},{\"@type\":\"Person\",\"@id\":\"https:\/\/noticiaempauta.com\/portal\/#\/schema\/person\/a74af43dd1ab3deca45f988c717d57ac\",\"name\":\"Reda\u00e7\u00e3o\",\"image\":{\"@type\":\"ImageObject\",\"inLanguage\":\"pt-BR\",\"@id\":\"https:\/\/noticiaempauta.com\/portal\/#\/schema\/person\/image\/\",\"url\":\"https:\/\/secure.gravatar.com\/avatar\/03179346ecce6cdfc13361603e8f54242a90e5cde8618fa23c5c00aa2b0aadf3?s=96&d=mm&r=g\",\"contentUrl\":\"https:\/\/secure.gravatar.com\/avatar\/03179346ecce6cdfc13361603e8f54242a90e5cde8618fa23c5c00aa2b0aadf3?s=96&d=mm&r=g\",\"caption\":\"Reda\u00e7\u00e3o\"},\"sameAs\":[\"https:\/\/noticiaempauta.com\/portal\/\"],\"url\":\"https:\/\/noticiaempauta.com\/portal\/author\/fernando\/\"}]}<\/script>\n<!-- \/ Yoast SEO Premium plugin. -->","yoast_head_json":{"title":"Elei\u00e7\u00f5es da OAB para escolha da nova gest\u00e3o da Seccional Piau\u00ed e Subse\u00e7\u00f5es acontecem neste s\u00e1bado (30) - Portal Not\u00edcia em Pauta","robots":{"index":"index","follow":"follow","max-snippet":"max-snippet:-1","max-image-preview":"max-image-preview:large","max-video-preview":"max-video-preview:-1"},"canonical":"https:\/\/noticiaempauta.com\/portal\/eleicoes-da-oab-para-escolha-da-nova-gestao-da-seccional-piaui-e-subsecoes-acontecem-neste-sabado-30\/","og_locale":"pt_BR","og_type":"article","og_title":"Elei\u00e7\u00f5es da OAB para escolha da nova gest\u00e3o da Seccional Piau\u00ed e Subse\u00e7\u00f5es acontecem neste s\u00e1bado (30)","og_description":"Neste s\u00e1bado 30 de novembro, Advogados e Advogadas do Piau\u00ed ter\u00e3o a oportunidade de escolher a nova gest\u00e3o da Ordem dos Advogados do Brasil (OAB), Seccional Piau\u00ed, para o tri\u00eanio 2025\/2027. As elei\u00e7\u00f5es ocorrer\u00e3o das 10h30 \u00e0s 18h30 e ser\u00e3o realizadas de forma presencial, utilizando urnas eletr\u00f4nicas. O processo eleitoral ser\u00e1 realizado em Teresina, na [&hellip;]","og_url":"https:\/\/noticiaempauta.com\/portal\/eleicoes-da-oab-para-escolha-da-nova-gestao-da-seccional-piaui-e-subsecoes-acontecem-neste-sabado-30\/","og_site_name":"Portal Not\u00edcia em Pauta","article_publisher":"https:\/\/www.facebook.com\/Portal-Notcia-Em-Pauta-102292869264820\/","article_published_time":"2024-11-29T13:37:11+00:00","og_image":[{"width":600,"height":398,"url":"https:\/\/noticiaempauta.com\/portal\/wp-content\/uploads\/2024\/11\/image_assessoria-1.jpg","type":"image\/jpeg"}],"author":"Reda\u00e7\u00e3o","twitter_card":"summary_large_image","twitter_misc":{"Escrito por":"Reda\u00e7\u00e3o","Est. tempo de leitura":"4 minutos"},"schema":{"@context":"https:\/\/schema.org","@graph":[{"@type":"Article","@id":"https:\/\/noticiaempauta.com\/portal\/eleicoes-da-oab-para-escolha-da-nova-gestao-da-seccional-piaui-e-subsecoes-acontecem-neste-sabado-30\/#article","isPartOf":{"@id":"https:\/\/noticiaempauta.com\/portal\/eleicoes-da-oab-para-escolha-da-nova-gestao-da-seccional-piaui-e-subsecoes-acontecem-neste-sabado-30\/"},"author":{"name":"Reda\u00e7\u00e3o","@id":"https:\/\/noticiaempauta.com\/portal\/#\/schema\/person\/a74af43dd1ab3deca45f988c717d57ac"},"headline":"Elei\u00e7\u00f5es da OAB para escolha da nova gest\u00e3o da Seccional Piau\u00ed e Subse\u00e7\u00f5es acontecem neste s\u00e1bado (30)","datePublished":"2024-11-29T13:37:11+00:00","mainEntityOfPage":{"@id":"https:\/\/noticiaempauta.com\/portal\/eleicoes-da-oab-para-escolha-da-nova-gestao-da-seccional-piaui-e-subsecoes-acontecem-neste-sabado-30\/"},"wordCount":730,"commentCount":0,"publisher":{"@id":"https:\/\/noticiaempauta.com\/portal\/#organization"},"image":{"@id":"https:\/\/noticiaempauta.com\/portal\/eleicoes-da-oab-para-escolha-da-nova-gestao-da-seccional-piaui-e-subsecoes-acontecem-neste-sabado-30\/#primaryimage"},"thumbnailUrl":"https:\/\/noticiaempauta.com\/portal\/wp-content\/uploads\/2024\/11\/image_assessoria-1.jpg","articleSection":["Destaques","Geral","Todas as Not\u00edcias"],"inLanguage":"pt-BR","potentialAction":[{"@type":"CommentAction","name":"Comment","target":["https:\/\/noticiaempauta.com\/portal\/eleicoes-da-oab-para-escolha-da-nova-gestao-da-seccional-piaui-e-subsecoes-acontecem-neste-sabado-30\/#respond"]}]},{"@type":"WebPage","@id":"https:\/\/noticiaempauta.com\/portal\/eleicoes-da-oab-para-escolha-da-nova-gestao-da-seccional-piaui-e-subsecoes-acontecem-neste-sabado-30\/","url":"https:\/\/noticiaempauta.com\/portal\/eleicoes-da-oab-para-escolha-da-nova-gestao-da-seccional-piaui-e-subsecoes-acontecem-neste-sabado-30\/","name":"Elei\u00e7\u00f5es da OAB para escolha da nova gest\u00e3o da Seccional Piau\u00ed e Subse\u00e7\u00f5es acontecem neste s\u00e1bado (30) - Portal Not\u00edcia em Pauta","isPartOf":{"@id":"https:\/\/noticiaempauta.com\/portal\/#website"},"primaryImageOfPage":{"@id":"https:\/\/noticiaempauta.com\/portal\/eleicoes-da-oab-para-escolha-da-nova-gestao-da-seccional-piaui-e-subsecoes-acontecem-neste-sabado-30\/#primaryimage"},"image":{"@id":"https:\/\/noticiaempauta.com\/portal\/eleicoes-da-oab-para-escolha-da-nova-gestao-da-seccional-piaui-e-subsecoes-acontecem-neste-sabado-30\/#primaryimage"},"thumbnailUrl":"https:\/\/noticiaempauta.com\/portal\/wp-content\/uploads\/2024\/11\/image_assessoria-1.jpg","datePublished":"2024-11-29T13:37:11+00:00","breadcrumb":{"@id":"https:\/\/noticiaempauta.com\/portal\/eleicoes-da-oab-para-escolha-da-nova-gestao-da-seccional-piaui-e-subsecoes-acontecem-neste-sabado-30\/#breadcrumb"},"inLanguage":"pt-BR","potentialAction":[{"@type":"ReadAction","target":["https:\/\/noticiaempauta.com\/portal\/eleicoes-da-oab-para-escolha-da-nova-gestao-da-seccional-piaui-e-subsecoes-acontecem-neste-sabado-30\/"]}]},{"@type":"ImageObject","inLanguage":"pt-BR","@id":"https:\/\/noticiaempauta.com\/portal\/eleicoes-da-oab-para-escolha-da-nova-gestao-da-seccional-piaui-e-subsecoes-acontecem-neste-sabado-30\/#primaryimage","url":"https:\/\/noticiaempauta.com\/portal\/wp-content\/uploads\/2024\/11\/image_assessoria-1.jpg","contentUrl":"https:\/\/noticiaempauta.com\/portal\/wp-content\/uploads\/2024\/11\/image_assessoria-1.jpg","width":600,"height":398},{"@type":"BreadcrumbList","@id":"https:\/\/noticiaempauta.com\/portal\/eleicoes-da-oab-para-escolha-da-nova-gestao-da-seccional-piaui-e-subsecoes-acontecem-neste-sabado-30\/#breadcrumb","itemListElement":[{"@type":"ListItem","position":1,"name":"P\u00e1gina Inicial","item":"https:\/\/noticiaempauta.com\/portal\/"},{"@type":"ListItem","position":2,"name":"Destaques","item":"https:\/\/noticiaempauta.com\/portal\/destaques-site\/"},{"@type":"ListItem","position":3,"name":"Elei\u00e7\u00f5es da OAB para escolha da nova gest\u00e3o da Seccional Piau\u00ed e Subse\u00e7\u00f5es acontecem neste s\u00e1bado (30)"}]},{"@type":"WebSite","@id":"https:\/\/noticiaempauta.com\/portal\/#website","url":"https:\/\/noticiaempauta.com\/portal\/","name":"Portal Not\u00edcia em Pauta","description":"Voc\u00ea bem informado","publisher":{"@id":"https:\/\/noticiaempauta.com\/portal\/#organization"},"potentialAction":[{"@type":"SearchAction","target":{"@type":"EntryPoint","urlTemplate":"https:\/\/noticiaempauta.com\/portal\/?s={search_term_string}"},"query-input":{"@type":"PropertyValueSpecification","valueRequired":true,"valueName":"search_term_string"}}],"inLanguage":"pt-BR"},{"@type":"Organization","@id":"https:\/\/noticiaempauta.com\/portal\/#organization","name":"Portal Not\u00edcia em Pauta","url":"https:\/\/noticiaempauta.com\/portal\/","logo":{"@type":"ImageObject","inLanguage":"pt-BR","@id":"https:\/\/noticiaempauta.com\/portal\/#\/schema\/logo\/image\/","url":"https:\/\/noticiaempauta.com\/portal\/wp-content\/uploads\/2022\/08\/logomarca_tema.fw_.png","contentUrl":"https:\/\/noticiaempauta.com\/portal\/wp-content\/uploads\/2022\/08\/logomarca_tema.fw_.png","width":400,"height":232,"caption":"Portal Not\u00edcia em Pauta"},"image":{"@id":"https:\/\/noticiaempauta.com\/portal\/#\/schema\/logo\/image\/"},"sameAs":["https:\/\/www.facebook.com\/Portal-Notcia-Em-Pauta-102292869264820\/","https:\/\/www.instagram.com\/portalnoticiaempauta\/"]},{"@type":"Person","@id":"https:\/\/noticiaempauta.com\/portal\/#\/schema\/person\/a74af43dd1ab3deca45f988c717d57ac","name":"Reda\u00e7\u00e3o","image":{"@type":"ImageObject","inLanguage":"pt-BR","@id":"https:\/\/noticiaempauta.com\/portal\/#\/schema\/person\/image\/","url":"https:\/\/secure.gravatar.com\/avatar\/03179346ecce6cdfc13361603e8f54242a90e5cde8618fa23c5c00aa2b0aadf3?s=96&d=mm&r=g","contentUrl":"https:\/\/secure.gravatar.com\/avatar\/03179346ecce6cdfc13361603e8f54242a90e5cde8618fa23c5c00aa2b0aadf3?s=96&d=mm&r=g","caption":"Reda\u00e7\u00e3o"},"sameAs":["https:\/\/noticiaempauta.com\/portal\/"],"url":"https:\/\/noticiaempauta.com\/portal\/author\/fernando\/"}]}},"_links":{"self":[{"href":"https:\/\/noticiaempauta.com\/portal\/wp-json\/wp\/v2\/posts\/264528","targetHints":{"allow":["GET"]}}],"collection":[{"href":"https:\/\/noticiaempauta.com\/portal\/wp-json\/wp\/v2\/posts"}],"about":[{"href":"https:\/\/noticiaempauta.com\/portal\/wp-json\/wp\/v2\/types\/post"}],"author":[{"embeddable":true,"href":"https:\/\/noticiaempauta.com\/portal\/wp-json\/wp\/v2\/users\/2"}],"replies":[{"embeddable":true,"href":"https:\/\/noticiaempauta.com\/portal\/wp-json\/wp\/v2\/comments?post=264528"}],"version-history":[{"count":1,"href":"https:\/\/noticiaempauta.com\/portal\/wp-json\/wp\/v2\/posts\/264528\/revisions"}],"predecessor-version":[{"id":264530,"href":"https:\/\/noticiaempauta.com\/portal\/wp-json\/wp\/v2\/posts\/264528\/revisions\/264530"}],"wp:featuredmedia":[{"embeddable":true,"href":"https:\/\/noticiaempauta.com\/portal\/wp-json\/wp\/v2\/media\/264529"}],"wp:attachment":[{"href":"https:\/\/noticiaempauta.com\/portal\/wp-json\/wp\/v2\/media?parent=264528"}],"wp:term":[{"taxonomy":"category","embeddable":true,"href":"https:\/\/noticiaempauta.com\/portal\/wp-json\/wp\/v2\/categories?post=264528"},{"taxonomy":"post_tag","embeddable":true,"href":"https:\/\/noticiaempauta.com\/portal\/wp-json\/wp\/v2\/tags?post=264528"}],"curies":[{"name":"wp","href":"https:\/\/api.w.org\/{rel}","templated":true}]}}