{"id":264538,"date":"2024-11-29T15:43:20","date_gmt":"2024-11-29T18:43:20","guid":{"rendered":"https:\/\/noticiaempauta.com\/portal\/?p=264538"},"modified":"2024-11-29T15:45:45","modified_gmt":"2024-11-29T18:45:45","slug":"camara-municipal-de-picos-realiza-sessao-ordinaria-confira-os-destaques","status":"publish","type":"post","link":"https:\/\/noticiaempauta.com\/portal\/camara-municipal-de-picos-realiza-sessao-ordinaria-confira-os-destaques\/","title":{"rendered":"C\u00e2mara Municipal de Picos realiza Sess\u00e3o Ordin\u00e1ria; confira os destaques"},"content":{"rendered":"\n<p>A C\u00e2mara Municipal de Picos, promoveu nesta quinta-feira, 28 de novembro, a sua 34\u00aa Sess\u00e3o Ordin\u00e1ria do 4\u00ba ano da 19\u00aa Legislatura. A reuni\u00e3o foi realizada no Plen\u00e1rio Vereador Pedro Barbosa da Silva, sede do Poder Legislativo Municipal, e teve como pauta uma s\u00e9rie de requerimentos que destacam a busca por melhorias na infraestrutura, servi\u00e7os p\u00fablicos e homenagens p\u00f3stumas.<\/p>\n\n\n\n<figure class=\"wp-block-image size-large\"><img fetchpriority=\"high\" decoding=\"async\" width=\"1024\" height=\"768\" src=\"https:\/\/noticiaempauta.com\/portal\/wp-content\/uploads\/2024\/11\/IMG_6827-1024x768.jpeg\" alt=\"\" class=\"wp-image-264545\" srcset=\"https:\/\/noticiaempauta.com\/portal\/wp-content\/uploads\/2024\/11\/IMG_6827-1024x768.jpeg 1024w, https:\/\/noticiaempauta.com\/portal\/wp-content\/uploads\/2024\/11\/IMG_6827-300x225.jpeg 300w, https:\/\/noticiaempauta.com\/portal\/wp-content\/uploads\/2024\/11\/IMG_6827-768x576.jpeg 768w, https:\/\/noticiaempauta.com\/portal\/wp-content\/uploads\/2024\/11\/IMG_6827-1536x1152.jpeg 1536w, https:\/\/noticiaempauta.com\/portal\/wp-content\/uploads\/2024\/11\/IMG_6827-2048x1536.jpeg 2048w\" sizes=\"(max-width: 1024px) 100vw, 1024px\" \/><\/figure>\n\n\n\n<p>Em depoimento na tribuna, o presidente da C\u00e2mara Municipal de Picos, Eriberto Barros, falou alguns servi\u00e7os prestados que precisam melhorar no munic\u00edpio.&nbsp;\u201cA popula\u00e7\u00e3o picoense precisa de mais servi\u00e7os disponibilizados, em sa\u00fade principalmente, sabemos que no final de ano as gest\u00f5es municipais precisam economizar mais, por\u00e9m, n\u00e3o podemos deixar de oferecer os servi\u00e7os b\u00e1sicos para nossa popula\u00e7\u00e3o\u201d, frisou o vereador Eriberto.<\/p>\n\n\n\n<figure class=\"wp-block-image size-large\"><img decoding=\"async\" width=\"1024\" height=\"683\" src=\"https:\/\/noticiaempauta.com\/portal\/wp-content\/uploads\/2024\/11\/IMG_6845-1024x683.jpeg\" alt=\"\" class=\"wp-image-264539\" srcset=\"https:\/\/noticiaempauta.com\/portal\/wp-content\/uploads\/2024\/11\/IMG_6845-1024x683.jpeg 1024w, https:\/\/noticiaempauta.com\/portal\/wp-content\/uploads\/2024\/11\/IMG_6845-300x200.jpeg 300w, https:\/\/noticiaempauta.com\/portal\/wp-content\/uploads\/2024\/11\/IMG_6845-768x512.jpeg 768w, https:\/\/noticiaempauta.com\/portal\/wp-content\/uploads\/2024\/11\/IMG_6845-1536x1024.jpeg 1536w, https:\/\/noticiaempauta.com\/portal\/wp-content\/uploads\/2024\/11\/IMG_6845.jpeg 1600w\" sizes=\"(max-width: 1024px) 100vw, 1024px\" \/><figcaption class=\"wp-element-caption\">Vereador Eriberto Barros<\/figcaption><\/figure>\n\n\n\n<p>Em rela\u00e7\u00e3o a infraestrutura de Picos, o vereador Chaguinha solicitou \u00e0 Secretaria Municipal de Obras a cobertura da galeria localizada na Rua Francisco Prota, pr\u00f3ximo ao Instituto Monsenhor Hip\u00f3lito (IMH.<\/p>\n\n\n\n<figure class=\"wp-block-image size-full\"><img decoding=\"async\" width=\"937\" height=\"843\" src=\"https:\/\/noticiaempauta.com\/portal\/wp-content\/uploads\/2024\/11\/IMG_6849.jpeg\" alt=\"\" class=\"wp-image-264544\" srcset=\"https:\/\/noticiaempauta.com\/portal\/wp-content\/uploads\/2024\/11\/IMG_6849.jpeg 937w, https:\/\/noticiaempauta.com\/portal\/wp-content\/uploads\/2024\/11\/IMG_6849-300x270.jpeg 300w, https:\/\/noticiaempauta.com\/portal\/wp-content\/uploads\/2024\/11\/IMG_6849-768x691.jpeg 768w\" sizes=\"(max-width: 937px) 100vw, 937px\" \/><figcaption class=\"wp-element-caption\">Vereador Chaguinha <\/figcaption><\/figure>\n\n\n\n<p>O vereador Ded\u00e9 Monteiro\u00a0requereu ao Departamento de Estradas de Rodagem do Piau\u00ed (DER\/PI) uma opera\u00e7\u00e3o tapa-buracos na PI-376, que liga a BR-316 \u00e0 Chapada do Mocambo, passando por Lagoa dos F\u00e9lix, Coroat\u00e1 e Angico Torto.<\/p>\n\n\n\n<figure class=\"wp-block-image size-large\"><img loading=\"lazy\" decoding=\"async\" width=\"1024\" height=\"683\" src=\"https:\/\/noticiaempauta.com\/portal\/wp-content\/uploads\/2024\/11\/IMG_6846-1024x683.jpeg\" alt=\"\" class=\"wp-image-264540\" srcset=\"https:\/\/noticiaempauta.com\/portal\/wp-content\/uploads\/2024\/11\/IMG_6846-1024x683.jpeg 1024w, https:\/\/noticiaempauta.com\/portal\/wp-content\/uploads\/2024\/11\/IMG_6846-300x200.jpeg 300w, https:\/\/noticiaempauta.com\/portal\/wp-content\/uploads\/2024\/11\/IMG_6846-768x512.jpeg 768w, https:\/\/noticiaempauta.com\/portal\/wp-content\/uploads\/2024\/11\/IMG_6846-1536x1024.jpeg 1536w, https:\/\/noticiaempauta.com\/portal\/wp-content\/uploads\/2024\/11\/IMG_6846.jpeg 1600w\" sizes=\"(max-width: 1024px) 100vw, 1024px\" \/><figcaption class=\"wp-element-caption\">Vereador Ded\u00e9 Monteiro<\/figcaption><\/figure>\n\n\n\n<p>Neste mesmo sentido, a vereadora Vald\u00edvia Santos, pediu apoio dos senadores Marcelo Castro e Wellington Dias para a libera\u00e7\u00e3o de recursos para a reforma da Pra\u00e7a Firmino Leal dos Santos, no povoado F\u00e1tima do Piau\u00ed, al\u00e9m da constru\u00e7\u00e3o de pra\u00e7as p\u00fablicas nos bairros Samambaia e no povoado Mirol\u00e2ndia. O\u00a0vereador Toinho de Chic\u00e1, solicitou ao prefeito Gil Paraibano informa\u00e7\u00f5es sobre o andamento da constru\u00e7\u00e3o da ponte que conectar\u00e1 a Avenida Severo Eul\u00e1lio, no bairro Canto da V\u00e1rzea, ao bairro Boa Vista.<\/p>\n\n\n\n<figure class=\"wp-block-image size-large\"><img loading=\"lazy\" decoding=\"async\" width=\"1024\" height=\"683\" src=\"https:\/\/noticiaempauta.com\/portal\/wp-content\/uploads\/2024\/11\/IMG_6847-1024x683.jpeg\" alt=\"\" class=\"wp-image-264541\" srcset=\"https:\/\/noticiaempauta.com\/portal\/wp-content\/uploads\/2024\/11\/IMG_6847-1024x683.jpeg 1024w, https:\/\/noticiaempauta.com\/portal\/wp-content\/uploads\/2024\/11\/IMG_6847-300x200.jpeg 300w, https:\/\/noticiaempauta.com\/portal\/wp-content\/uploads\/2024\/11\/IMG_6847-768x512.jpeg 768w, https:\/\/noticiaempauta.com\/portal\/wp-content\/uploads\/2024\/11\/IMG_6847-1536x1024.jpeg 1536w, https:\/\/noticiaempauta.com\/portal\/wp-content\/uploads\/2024\/11\/IMG_6847.jpeg 1600w\" sizes=\"(max-width: 1024px) 100vw, 1024px\" \/><figcaption class=\"wp-element-caption\">Vereadora Vald\u00edvia <\/figcaption><\/figure>\n\n\n\n<figure class=\"wp-block-image size-large\"><img loading=\"lazy\" decoding=\"async\" width=\"1024\" height=\"683\" src=\"https:\/\/noticiaempauta.com\/portal\/wp-content\/uploads\/2024\/11\/IMG_6848-1024x683.jpeg\" alt=\"\" class=\"wp-image-264542\" srcset=\"https:\/\/noticiaempauta.com\/portal\/wp-content\/uploads\/2024\/11\/IMG_6848-1024x683.jpeg 1024w, https:\/\/noticiaempauta.com\/portal\/wp-content\/uploads\/2024\/11\/IMG_6848-300x200.jpeg 300w, https:\/\/noticiaempauta.com\/portal\/wp-content\/uploads\/2024\/11\/IMG_6848-768x512.jpeg 768w, https:\/\/noticiaempauta.com\/portal\/wp-content\/uploads\/2024\/11\/IMG_6848-1536x1024.jpeg 1536w, https:\/\/noticiaempauta.com\/portal\/wp-content\/uploads\/2024\/11\/IMG_6848.jpeg 1600w\" sizes=\"(max-width: 1024px) 100vw, 1024px\" \/><figcaption class=\"wp-element-caption\">Vereador Toinho de Chic\u00e1<\/figcaption><\/figure>\n\n\n\n<p>Sobre os servi\u00e7os p\u00fablicos, dois vereadores apresentaram requerimentos na \u00faltima sess\u00e3o. <\/p>\n\n\n\n<figure class=\"wp-block-image size-full\"><img loading=\"lazy\" decoding=\"async\" width=\"995\" height=\"933\" src=\"https:\/\/noticiaempauta.com\/portal\/wp-content\/uploads\/2024\/11\/IMG_6850.jpeg\" alt=\"\" class=\"wp-image-264543\" srcset=\"https:\/\/noticiaempauta.com\/portal\/wp-content\/uploads\/2024\/11\/IMG_6850.jpeg 995w, https:\/\/noticiaempauta.com\/portal\/wp-content\/uploads\/2024\/11\/IMG_6850-300x281.jpeg 300w, https:\/\/noticiaempauta.com\/portal\/wp-content\/uploads\/2024\/11\/IMG_6850-768x720.jpeg 768w\" sizes=\"(max-width: 995px) 100vw, 995px\" \/><figcaption class=\"wp-element-caption\">Vereador Rinaldinho <\/figcaption><\/figure>\n\n\n\n<p>O vereador Rinaldinho,\u00a0pediu \u00e0 AGESPISA (Ag\u00eancia de \u00c1guas e Saneamento do Piau\u00ed) provid\u00eancias urgentes para restabelecer o fornecimento de \u00e1gua no bairro Morro da Macambira, e o vereador Hugo Victor,\u00a0solicitou \u00e0 Secretaria Municipal de Servi\u00e7os P\u00fablicos a realiza\u00e7\u00e3o de servi\u00e7os de desobstru\u00e7\u00e3o, capina e limpeza na Rua Manoel da Costa Moura, no Loteamento Guanab\u00ed Sonial, no bairro Umari.<\/p>\n\n\n\n<p><strong>Assista a sess\u00e3o completa <\/strong><\/p>\n\n\n\n<figure class=\"wp-block-embed is-type-video is-provider-youtube wp-block-embed-youtube wp-embed-aspect-16-9 wp-has-aspect-ratio\"><div class=\"wp-block-embed__wrapper\">\n<iframe title=\"28.11.2024 | Sess\u00e3o Ordin\u00e1ria da C\u00e2mara Municipal de Picos | 4\u00ba Ano - 19\u00aa Legislatura\" width=\"800\" height=\"450\" src=\"https:\/\/www.youtube.com\/embed\/gyLnFRlqrzM?feature=oembed\" frameborder=\"0\" allow=\"accelerometer; autoplay; clipboard-write; encrypted-media; gyroscope; picture-in-picture; web-share\" referrerpolicy=\"strict-origin-when-cross-origin\" allowfullscreen><\/iframe>\n<\/div><\/figure>\n\n\n\n<p>Fonte e Fotos: Folha Atual<\/p>\n","protected":false},"excerpt":{"rendered":"<p>A C\u00e2mara Municipal de Picos, promoveu nesta quinta-feira, 28 de novembro, a sua 34\u00aa Sess\u00e3o Ordin\u00e1ria do 4\u00ba ano da 19\u00aa Legislatura. A reuni\u00e3o foi realizada no Plen\u00e1rio Vereador Pedro Barbosa da Silva, sede do Poder Legislativo Municipal, e teve como pauta uma s\u00e9rie de requerimentos que destacam a busca por melhorias na infraestrutura, servi\u00e7os [&hellip;]<\/p>\n","protected":false},"author":2,"featured_media":264545,"comment_status":"open","ping_status":"open","sticky":false,"template":"","format":"standard","meta":{"_mi_skip_tracking":false,"footnotes":""},"categories":[25,1,16],"tags":[],"class_list":["post-264538","post","type-post","status-publish","format-standard","has-post-thumbnail","hentry","category-destaques-site","category-geral","category-todas"],"acf":[],"yoast_head":"<!-- This site is optimized with the Yoast SEO Premium plugin v19.2 (Yoast SEO v26.9) - https:\/\/yoast.com\/product\/yoast-seo-premium-wordpress\/ -->\n<title>C\u00e2mara Municipal de Picos realiza Sess\u00e3o Ordin\u00e1ria; confira os destaques - Portal Not\u00edcia em Pauta<\/title>\n<meta name=\"robots\" content=\"index, follow, max-snippet:-1, max-image-preview:large, max-video-preview:-1\" \/>\n<link rel=\"canonical\" href=\"https:\/\/noticiaempauta.com\/portal\/camara-municipal-de-picos-realiza-sessao-ordinaria-confira-os-destaques\/\" \/>\n<meta property=\"og:locale\" content=\"pt_BR\" \/>\n<meta property=\"og:type\" content=\"article\" \/>\n<meta property=\"og:title\" content=\"C\u00e2mara Municipal de Picos realiza Sess\u00e3o Ordin\u00e1ria; confira os destaques\" \/>\n<meta property=\"og:description\" content=\"A C\u00e2mara Municipal de Picos, promoveu nesta quinta-feira, 28 de novembro, a sua 34\u00aa Sess\u00e3o Ordin\u00e1ria do 4\u00ba ano da 19\u00aa Legislatura. A reuni\u00e3o foi realizada no Plen\u00e1rio Vereador Pedro Barbosa da Silva, sede do Poder Legislativo Municipal, e teve como pauta uma s\u00e9rie de requerimentos que destacam a busca por melhorias na infraestrutura, servi\u00e7os [&hellip;]\" \/>\n<meta property=\"og:url\" content=\"https:\/\/noticiaempauta.com\/portal\/camara-municipal-de-picos-realiza-sessao-ordinaria-confira-os-destaques\/\" \/>\n<meta property=\"og:site_name\" content=\"Portal Not\u00edcia em Pauta\" \/>\n<meta property=\"article:publisher\" content=\"https:\/\/www.facebook.com\/Portal-Notcia-Em-Pauta-102292869264820\/\" \/>\n<meta property=\"article:published_time\" content=\"2024-11-29T18:43:20+00:00\" \/>\n<meta property=\"article:modified_time\" content=\"2024-11-29T18:45:45+00:00\" \/>\n<meta property=\"og:image\" content=\"https:\/\/noticiaempauta.com\/portal\/wp-content\/uploads\/2024\/11\/IMG_6827-scaled.jpeg\" \/>\n\t<meta property=\"og:image:width\" content=\"2560\" \/>\n\t<meta property=\"og:image:height\" content=\"1920\" \/>\n\t<meta property=\"og:image:type\" content=\"image\/jpeg\" \/>\n<meta name=\"author\" content=\"Reda\u00e7\u00e3o\" \/>\n<meta name=\"twitter:card\" content=\"summary_large_image\" \/>\n<meta name=\"twitter:label1\" content=\"Escrito por\" \/>\n\t<meta name=\"twitter:data1\" content=\"Reda\u00e7\u00e3o\" \/>\n\t<meta name=\"twitter:label2\" content=\"Est. tempo de leitura\" \/>\n\t<meta name=\"twitter:data2\" content=\"4 minutos\" \/>\n<script type=\"application\/ld+json\" class=\"yoast-schema-graph\">{\"@context\":\"https:\/\/schema.org\",\"@graph\":[{\"@type\":\"Article\",\"@id\":\"https:\/\/noticiaempauta.com\/portal\/camara-municipal-de-picos-realiza-sessao-ordinaria-confira-os-destaques\/#article\",\"isPartOf\":{\"@id\":\"https:\/\/noticiaempauta.com\/portal\/camara-municipal-de-picos-realiza-sessao-ordinaria-confira-os-destaques\/\"},\"author\":{\"name\":\"Reda\u00e7\u00e3o\",\"@id\":\"https:\/\/noticiaempauta.com\/portal\/#\/schema\/person\/a74af43dd1ab3deca45f988c717d57ac\"},\"headline\":\"C\u00e2mara Municipal de Picos realiza Sess\u00e3o Ordin\u00e1ria; confira os destaques\",\"datePublished\":\"2024-11-29T18:43:20+00:00\",\"dateModified\":\"2024-11-29T18:45:45+00:00\",\"mainEntityOfPage\":{\"@id\":\"https:\/\/noticiaempauta.com\/portal\/camara-municipal-de-picos-realiza-sessao-ordinaria-confira-os-destaques\/\"},\"wordCount\":431,\"commentCount\":0,\"publisher\":{\"@id\":\"https:\/\/noticiaempauta.com\/portal\/#organization\"},\"image\":{\"@id\":\"https:\/\/noticiaempauta.com\/portal\/camara-municipal-de-picos-realiza-sessao-ordinaria-confira-os-destaques\/#primaryimage\"},\"thumbnailUrl\":\"https:\/\/noticiaempauta.com\/portal\/wp-content\/uploads\/2024\/11\/IMG_6827-scaled.jpeg\",\"articleSection\":[\"Destaques\",\"Geral\",\"Todas as Not\u00edcias\"],\"inLanguage\":\"pt-BR\",\"potentialAction\":[{\"@type\":\"CommentAction\",\"name\":\"Comment\",\"target\":[\"https:\/\/noticiaempauta.com\/portal\/camara-municipal-de-picos-realiza-sessao-ordinaria-confira-os-destaques\/#respond\"]}]},{\"@type\":\"WebPage\",\"@id\":\"https:\/\/noticiaempauta.com\/portal\/camara-municipal-de-picos-realiza-sessao-ordinaria-confira-os-destaques\/\",\"url\":\"https:\/\/noticiaempauta.com\/portal\/camara-municipal-de-picos-realiza-sessao-ordinaria-confira-os-destaques\/\",\"name\":\"C\u00e2mara Municipal de Picos realiza Sess\u00e3o Ordin\u00e1ria; confira os destaques - Portal Not\u00edcia em Pauta\",\"isPartOf\":{\"@id\":\"https:\/\/noticiaempauta.com\/portal\/#website\"},\"primaryImageOfPage\":{\"@id\":\"https:\/\/noticiaempauta.com\/portal\/camara-municipal-de-picos-realiza-sessao-ordinaria-confira-os-destaques\/#primaryimage\"},\"image\":{\"@id\":\"https:\/\/noticiaempauta.com\/portal\/camara-municipal-de-picos-realiza-sessao-ordinaria-confira-os-destaques\/#primaryimage\"},\"thumbnailUrl\":\"https:\/\/noticiaempauta.com\/portal\/wp-content\/uploads\/2024\/11\/IMG_6827-scaled.jpeg\",\"datePublished\":\"2024-11-29T18:43:20+00:00\",\"dateModified\":\"2024-11-29T18:45:45+00:00\",\"breadcrumb\":{\"@id\":\"https:\/\/noticiaempauta.com\/portal\/camara-municipal-de-picos-realiza-sessao-ordinaria-confira-os-destaques\/#breadcrumb\"},\"inLanguage\":\"pt-BR\",\"potentialAction\":[{\"@type\":\"ReadAction\",\"target\":[\"https:\/\/noticiaempauta.com\/portal\/camara-municipal-de-picos-realiza-sessao-ordinaria-confira-os-destaques\/\"]}]},{\"@type\":\"ImageObject\",\"inLanguage\":\"pt-BR\",\"@id\":\"https:\/\/noticiaempauta.com\/portal\/camara-municipal-de-picos-realiza-sessao-ordinaria-confira-os-destaques\/#primaryimage\",\"url\":\"https:\/\/noticiaempauta.com\/portal\/wp-content\/uploads\/2024\/11\/IMG_6827-scaled.jpeg\",\"contentUrl\":\"https:\/\/noticiaempauta.com\/portal\/wp-content\/uploads\/2024\/11\/IMG_6827-scaled.jpeg\",\"width\":2560,\"height\":1920},{\"@type\":\"BreadcrumbList\",\"@id\":\"https:\/\/noticiaempauta.com\/portal\/camara-municipal-de-picos-realiza-sessao-ordinaria-confira-os-destaques\/#breadcrumb\",\"itemListElement\":[{\"@type\":\"ListItem\",\"position\":1,\"name\":\"P\u00e1gina Inicial\",\"item\":\"https:\/\/noticiaempauta.com\/portal\/\"},{\"@type\":\"ListItem\",\"position\":2,\"name\":\"Destaques\",\"item\":\"https:\/\/noticiaempauta.com\/portal\/destaques-site\/\"},{\"@type\":\"ListItem\",\"position\":3,\"name\":\"C\u00e2mara Municipal de Picos realiza Sess\u00e3o Ordin\u00e1ria; confira os destaques\"}]},{\"@type\":\"WebSite\",\"@id\":\"https:\/\/noticiaempauta.com\/portal\/#website\",\"url\":\"https:\/\/noticiaempauta.com\/portal\/\",\"name\":\"Portal Not\u00edcia em Pauta\",\"description\":\"Voc\u00ea bem informado\",\"publisher\":{\"@id\":\"https:\/\/noticiaempauta.com\/portal\/#organization\"},\"potentialAction\":[{\"@type\":\"SearchAction\",\"target\":{\"@type\":\"EntryPoint\",\"urlTemplate\":\"https:\/\/noticiaempauta.com\/portal\/?s={search_term_string}\"},\"query-input\":{\"@type\":\"PropertyValueSpecification\",\"valueRequired\":true,\"valueName\":\"search_term_string\"}}],\"inLanguage\":\"pt-BR\"},{\"@type\":\"Organization\",\"@id\":\"https:\/\/noticiaempauta.com\/portal\/#organization\",\"name\":\"Portal Not\u00edcia em Pauta\",\"url\":\"https:\/\/noticiaempauta.com\/portal\/\",\"logo\":{\"@type\":\"ImageObject\",\"inLanguage\":\"pt-BR\",\"@id\":\"https:\/\/noticiaempauta.com\/portal\/#\/schema\/logo\/image\/\",\"url\":\"https:\/\/noticiaempauta.com\/portal\/wp-content\/uploads\/2022\/08\/logomarca_tema.fw_.png\",\"contentUrl\":\"https:\/\/noticiaempauta.com\/portal\/wp-content\/uploads\/2022\/08\/logomarca_tema.fw_.png\",\"width\":400,\"height\":232,\"caption\":\"Portal Not\u00edcia em Pauta\"},\"image\":{\"@id\":\"https:\/\/noticiaempauta.com\/portal\/#\/schema\/logo\/image\/\"},\"sameAs\":[\"https:\/\/www.facebook.com\/Portal-Notcia-Em-Pauta-102292869264820\/\",\"https:\/\/www.instagram.com\/portalnoticiaempauta\/\"]},{\"@type\":\"Person\",\"@id\":\"https:\/\/noticiaempauta.com\/portal\/#\/schema\/person\/a74af43dd1ab3deca45f988c717d57ac\",\"name\":\"Reda\u00e7\u00e3o\",\"image\":{\"@type\":\"ImageObject\",\"inLanguage\":\"pt-BR\",\"@id\":\"https:\/\/noticiaempauta.com\/portal\/#\/schema\/person\/image\/\",\"url\":\"https:\/\/secure.gravatar.com\/avatar\/03179346ecce6cdfc13361603e8f54242a90e5cde8618fa23c5c00aa2b0aadf3?s=96&d=mm&r=g\",\"contentUrl\":\"https:\/\/secure.gravatar.com\/avatar\/03179346ecce6cdfc13361603e8f54242a90e5cde8618fa23c5c00aa2b0aadf3?s=96&d=mm&r=g\",\"caption\":\"Reda\u00e7\u00e3o\"},\"sameAs\":[\"https:\/\/noticiaempauta.com\/portal\/\"],\"url\":\"https:\/\/noticiaempauta.com\/portal\/author\/fernando\/\"}]}<\/script>\n<!-- \/ Yoast SEO Premium plugin. -->","yoast_head_json":{"title":"C\u00e2mara Municipal de Picos realiza Sess\u00e3o Ordin\u00e1ria; confira os destaques - Portal Not\u00edcia em Pauta","robots":{"index":"index","follow":"follow","max-snippet":"max-snippet:-1","max-image-preview":"max-image-preview:large","max-video-preview":"max-video-preview:-1"},"canonical":"https:\/\/noticiaempauta.com\/portal\/camara-municipal-de-picos-realiza-sessao-ordinaria-confira-os-destaques\/","og_locale":"pt_BR","og_type":"article","og_title":"C\u00e2mara Municipal de Picos realiza Sess\u00e3o Ordin\u00e1ria; confira os destaques","og_description":"A C\u00e2mara Municipal de Picos, promoveu nesta quinta-feira, 28 de novembro, a sua 34\u00aa Sess\u00e3o Ordin\u00e1ria do 4\u00ba ano da 19\u00aa Legislatura. A reuni\u00e3o foi realizada no Plen\u00e1rio Vereador Pedro Barbosa da Silva, sede do Poder Legislativo Municipal, e teve como pauta uma s\u00e9rie de requerimentos que destacam a busca por melhorias na infraestrutura, servi\u00e7os [&hellip;]","og_url":"https:\/\/noticiaempauta.com\/portal\/camara-municipal-de-picos-realiza-sessao-ordinaria-confira-os-destaques\/","og_site_name":"Portal Not\u00edcia em Pauta","article_publisher":"https:\/\/www.facebook.com\/Portal-Notcia-Em-Pauta-102292869264820\/","article_published_time":"2024-11-29T18:43:20+00:00","article_modified_time":"2024-11-29T18:45:45+00:00","og_image":[{"width":2560,"height":1920,"url":"https:\/\/noticiaempauta.com\/portal\/wp-content\/uploads\/2024\/11\/IMG_6827-scaled.jpeg","type":"image\/jpeg"}],"author":"Reda\u00e7\u00e3o","twitter_card":"summary_large_image","twitter_misc":{"Escrito por":"Reda\u00e7\u00e3o","Est. tempo de leitura":"4 minutos"},"schema":{"@context":"https:\/\/schema.org","@graph":[{"@type":"Article","@id":"https:\/\/noticiaempauta.com\/portal\/camara-municipal-de-picos-realiza-sessao-ordinaria-confira-os-destaques\/#article","isPartOf":{"@id":"https:\/\/noticiaempauta.com\/portal\/camara-municipal-de-picos-realiza-sessao-ordinaria-confira-os-destaques\/"},"author":{"name":"Reda\u00e7\u00e3o","@id":"https:\/\/noticiaempauta.com\/portal\/#\/schema\/person\/a74af43dd1ab3deca45f988c717d57ac"},"headline":"C\u00e2mara Municipal de Picos realiza Sess\u00e3o Ordin\u00e1ria; confira os destaques","datePublished":"2024-11-29T18:43:20+00:00","dateModified":"2024-11-29T18:45:45+00:00","mainEntityOfPage":{"@id":"https:\/\/noticiaempauta.com\/portal\/camara-municipal-de-picos-realiza-sessao-ordinaria-confira-os-destaques\/"},"wordCount":431,"commentCount":0,"publisher":{"@id":"https:\/\/noticiaempauta.com\/portal\/#organization"},"image":{"@id":"https:\/\/noticiaempauta.com\/portal\/camara-municipal-de-picos-realiza-sessao-ordinaria-confira-os-destaques\/#primaryimage"},"thumbnailUrl":"https:\/\/noticiaempauta.com\/portal\/wp-content\/uploads\/2024\/11\/IMG_6827-scaled.jpeg","articleSection":["Destaques","Geral","Todas as Not\u00edcias"],"inLanguage":"pt-BR","potentialAction":[{"@type":"CommentAction","name":"Comment","target":["https:\/\/noticiaempauta.com\/portal\/camara-municipal-de-picos-realiza-sessao-ordinaria-confira-os-destaques\/#respond"]}]},{"@type":"WebPage","@id":"https:\/\/noticiaempauta.com\/portal\/camara-municipal-de-picos-realiza-sessao-ordinaria-confira-os-destaques\/","url":"https:\/\/noticiaempauta.com\/portal\/camara-municipal-de-picos-realiza-sessao-ordinaria-confira-os-destaques\/","name":"C\u00e2mara Municipal de Picos realiza Sess\u00e3o Ordin\u00e1ria; confira os destaques - Portal Not\u00edcia em Pauta","isPartOf":{"@id":"https:\/\/noticiaempauta.com\/portal\/#website"},"primaryImageOfPage":{"@id":"https:\/\/noticiaempauta.com\/portal\/camara-municipal-de-picos-realiza-sessao-ordinaria-confira-os-destaques\/#primaryimage"},"image":{"@id":"https:\/\/noticiaempauta.com\/portal\/camara-municipal-de-picos-realiza-sessao-ordinaria-confira-os-destaques\/#primaryimage"},"thumbnailUrl":"https:\/\/noticiaempauta.com\/portal\/wp-content\/uploads\/2024\/11\/IMG_6827-scaled.jpeg","datePublished":"2024-11-29T18:43:20+00:00","dateModified":"2024-11-29T18:45:45+00:00","breadcrumb":{"@id":"https:\/\/noticiaempauta.com\/portal\/camara-municipal-de-picos-realiza-sessao-ordinaria-confira-os-destaques\/#breadcrumb"},"inLanguage":"pt-BR","potentialAction":[{"@type":"ReadAction","target":["https:\/\/noticiaempauta.com\/portal\/camara-municipal-de-picos-realiza-sessao-ordinaria-confira-os-destaques\/"]}]},{"@type":"ImageObject","inLanguage":"pt-BR","@id":"https:\/\/noticiaempauta.com\/portal\/camara-municipal-de-picos-realiza-sessao-ordinaria-confira-os-destaques\/#primaryimage","url":"https:\/\/noticiaempauta.com\/portal\/wp-content\/uploads\/2024\/11\/IMG_6827-scaled.jpeg","contentUrl":"https:\/\/noticiaempauta.com\/portal\/wp-content\/uploads\/2024\/11\/IMG_6827-scaled.jpeg","width":2560,"height":1920},{"@type":"BreadcrumbList","@id":"https:\/\/noticiaempauta.com\/portal\/camara-municipal-de-picos-realiza-sessao-ordinaria-confira-os-destaques\/#breadcrumb","itemListElement":[{"@type":"ListItem","position":1,"name":"P\u00e1gina Inicial","item":"https:\/\/noticiaempauta.com\/portal\/"},{"@type":"ListItem","position":2,"name":"Destaques","item":"https:\/\/noticiaempauta.com\/portal\/destaques-site\/"},{"@type":"ListItem","position":3,"name":"C\u00e2mara Municipal de Picos realiza Sess\u00e3o Ordin\u00e1ria; confira os destaques"}]},{"@type":"WebSite","@id":"https:\/\/noticiaempauta.com\/portal\/#website","url":"https:\/\/noticiaempauta.com\/portal\/","name":"Portal Not\u00edcia em Pauta","description":"Voc\u00ea bem informado","publisher":{"@id":"https:\/\/noticiaempauta.com\/portal\/#organization"},"potentialAction":[{"@type":"SearchAction","target":{"@type":"EntryPoint","urlTemplate":"https:\/\/noticiaempauta.com\/portal\/?s={search_term_string}"},"query-input":{"@type":"PropertyValueSpecification","valueRequired":true,"valueName":"search_term_string"}}],"inLanguage":"pt-BR"},{"@type":"Organization","@id":"https:\/\/noticiaempauta.com\/portal\/#organization","name":"Portal Not\u00edcia em Pauta","url":"https:\/\/noticiaempauta.com\/portal\/","logo":{"@type":"ImageObject","inLanguage":"pt-BR","@id":"https:\/\/noticiaempauta.com\/portal\/#\/schema\/logo\/image\/","url":"https:\/\/noticiaempauta.com\/portal\/wp-content\/uploads\/2022\/08\/logomarca_tema.fw_.png","contentUrl":"https:\/\/noticiaempauta.com\/portal\/wp-content\/uploads\/2022\/08\/logomarca_tema.fw_.png","width":400,"height":232,"caption":"Portal Not\u00edcia em Pauta"},"image":{"@id":"https:\/\/noticiaempauta.com\/portal\/#\/schema\/logo\/image\/"},"sameAs":["https:\/\/www.facebook.com\/Portal-Notcia-Em-Pauta-102292869264820\/","https:\/\/www.instagram.com\/portalnoticiaempauta\/"]},{"@type":"Person","@id":"https:\/\/noticiaempauta.com\/portal\/#\/schema\/person\/a74af43dd1ab3deca45f988c717d57ac","name":"Reda\u00e7\u00e3o","image":{"@type":"ImageObject","inLanguage":"pt-BR","@id":"https:\/\/noticiaempauta.com\/portal\/#\/schema\/person\/image\/","url":"https:\/\/secure.gravatar.com\/avatar\/03179346ecce6cdfc13361603e8f54242a90e5cde8618fa23c5c00aa2b0aadf3?s=96&d=mm&r=g","contentUrl":"https:\/\/secure.gravatar.com\/avatar\/03179346ecce6cdfc13361603e8f54242a90e5cde8618fa23c5c00aa2b0aadf3?s=96&d=mm&r=g","caption":"Reda\u00e7\u00e3o"},"sameAs":["https:\/\/noticiaempauta.com\/portal\/"],"url":"https:\/\/noticiaempauta.com\/portal\/author\/fernando\/"}]}},"_links":{"self":[{"href":"https:\/\/noticiaempauta.com\/portal\/wp-json\/wp\/v2\/posts\/264538","targetHints":{"allow":["GET"]}}],"collection":[{"href":"https:\/\/noticiaempauta.com\/portal\/wp-json\/wp\/v2\/posts"}],"about":[{"href":"https:\/\/noticiaempauta.com\/portal\/wp-json\/wp\/v2\/types\/post"}],"author":[{"embeddable":true,"href":"https:\/\/noticiaempauta.com\/portal\/wp-json\/wp\/v2\/users\/2"}],"replies":[{"embeddable":true,"href":"https:\/\/noticiaempauta.com\/portal\/wp-json\/wp\/v2\/comments?post=264538"}],"version-history":[{"count":2,"href":"https:\/\/noticiaempauta.com\/portal\/wp-json\/wp\/v2\/posts\/264538\/revisions"}],"predecessor-version":[{"id":264547,"href":"https:\/\/noticiaempauta.com\/portal\/wp-json\/wp\/v2\/posts\/264538\/revisions\/264547"}],"wp:featuredmedia":[{"embeddable":true,"href":"https:\/\/noticiaempauta.com\/portal\/wp-json\/wp\/v2\/media\/264545"}],"wp:attachment":[{"href":"https:\/\/noticiaempauta.com\/portal\/wp-json\/wp\/v2\/media?parent=264538"}],"wp:term":[{"taxonomy":"category","embeddable":true,"href":"https:\/\/noticiaempauta.com\/portal\/wp-json\/wp\/v2\/categories?post=264538"},{"taxonomy":"post_tag","embeddable":true,"href":"https:\/\/noticiaempauta.com\/portal\/wp-json\/wp\/v2\/tags?post=264538"}],"curies":[{"name":"wp","href":"https:\/\/api.w.org\/{rel}","templated":true}]}}