{"id":264567,"date":"2024-12-01T06:14:34","date_gmt":"2024-12-01T09:14:34","guid":{"rendered":"https:\/\/noticiaempauta.com\/portal\/?p=264567"},"modified":"2024-12-01T06:14:35","modified_gmt":"2024-12-01T09:14:35","slug":"raimundo-junior-e-eleito-presidente-da-oab-piaui-com-5181-dos-votos","status":"publish","type":"post","link":"https:\/\/noticiaempauta.com\/portal\/raimundo-junior-e-eleito-presidente-da-oab-piaui-com-5181-dos-votos\/","title":{"rendered":"Raimundo J\u00fanior \u00e9 eleito Presidente da OAB Piau\u00ed com 51,81% dos votos"},"content":{"rendered":"\n<p>O advogado Raimundo J\u00fanior,\u00a0da Chapa \u201cOAB da Esperan\u00e7a\u201d,\u00a0acompanhado pela Advogada Raylena Alencar como Vice-Presidente, foi\u00a0eleito presidente da OAB, seccional Piau\u00ed, na noite deste s\u00e1bado (1\u00ba), com 51,81% dos votos. A apura\u00e7\u00e3o, conclu\u00edda pela comiss\u00e3o eleitoral \u00e0 meia-noite, confirmou a vit\u00f3ria da chapa 10 com 4.542 votos.\u00a0<\/p>\n\n\n\n<figure class=\"wp-block-image size-large\"><img fetchpriority=\"high\" decoding=\"async\" width=\"1024\" height=\"768\" src=\"https:\/\/noticiaempauta.com\/portal\/wp-content\/uploads\/2024\/12\/IMG_6937-1024x768.webp\" alt=\"\" class=\"wp-image-264568\" srcset=\"https:\/\/noticiaempauta.com\/portal\/wp-content\/uploads\/2024\/12\/IMG_6937-1024x768.webp 1024w, https:\/\/noticiaempauta.com\/portal\/wp-content\/uploads\/2024\/12\/IMG_6937-300x225.webp 300w, https:\/\/noticiaempauta.com\/portal\/wp-content\/uploads\/2024\/12\/IMG_6937-768x576.webp 768w, https:\/\/noticiaempauta.com\/portal\/wp-content\/uploads\/2024\/12\/IMG_6937.webp 1200w\" sizes=\"(max-width: 1024px) 100vw, 1024px\" \/><\/figure>\n\n\n\n<p>Aur\u00e9lio Lob\u00e3o, da chapa \u201cOAB de Futuro\u201d, ficou em segundo lugar com 3.858 votos (44,01%), seguido por Carlos J\u00fanior, da Chapa \u201cVeste o Gib\u00e3o\u201d que obteve 366 votos (4,18%). A vota\u00e7\u00e3o ocorreu na sede da Seccional, em Teresina, e nas 20 Subse\u00e7\u00f5es, no dia 30 de novembro.<\/p>\n\n\n\n<p><em>\u201cEu queria agradecer a minha m\u00e3e, porque em 2021 foi ela quem segurou na m\u00e3o de todos n\u00f3s. Eu queria agradecer a todos os companheiros e companheiras de chapa, o qual fa\u00e7o em nome da nossa vice, Raylena Alencar. Eu queria agradecer a minha fam\u00edlia, em nome da minha esposa. Ela foi uma guerreira nessa elei\u00e7\u00e3o. \u00c9 um momento importante. Acho que temos que rever diversos conceitos dentro da nossa casa para retomar um caminho de representatividade e, principalmente, de respeito e inclus\u00e3o. Precisamos de uma OAB mais humana, mais sens\u00edvel e que seja resolutiva e efetiva em rela\u00e7\u00e3o ao dia a dia da advocacia, mas esse \u00e9 sobretudo um momento de uni\u00e3o. \u00c9 um momento de todos os Advogados e Advogadas estarem unidos em prol de um objetivo comum: que \u00e9 melhorar a nossa advocacia\u201d, destacou Raimundo J\u00fanior em seu primeiro pronunciamento como Presidente Eleito da OAB Piau\u00ed para o tri\u00eanio 2025\/2027.<\/em><\/p>\n\n\n\n<p><strong>A nova Diretoria da OAB Piau\u00ed ser\u00e1 composta por:<\/strong><\/p>\n\n\n\n<p>Presidente: Raimundo de Ara\u00fajo da Silva J\u00fanior OAB\/PI 5061<\/p>\n\n\n\n<p>Vice-Presidente: Raylena Vieira Alencar Soares OAB\/PI 12673<\/p>\n\n\n\n<p>Secret\u00e1ria-Geral: No\u00e9lia Castro de Sampaio OAB\/PI 6964<\/p>\n\n\n\n<p>Secret\u00e1rio-Geral Adjunto: Francisco Kleber Alves de Sousa OAB\/PI 6914<\/p>\n\n\n\n<p>Diretor-Tesoureiro: Rafael Neiva Nunes do Rego OAB\/PI 5470<\/p>\n\n\n\n<p>A Caixa de Assist\u00eancia dos Advogados do Piau\u00ed (CAAPI) ser\u00e1 presidida por Isabella Nogueira Paranagu\u00e1 de Carvalho Drummond OAB\/PI 8675, com Pablo Enrique Almeida Alves como Vice-Presidente, Ravennya Muara Oliveira Silveira Moreira OAB\/PI 10373 como Secret\u00e1rio-Geral, Fidelman Fao Flor\u00eancio Fontes OAB\/PI 10962 como Secret\u00e1rio-Geral Adjunto, e R\u00f4mulo Silva Santos OAB\/PI 10133 como Diretor-Tesoureiro.<\/p>\n\n\n\n<p><strong>A elei\u00e7\u00e3o, que ocorreu das 10h30 \u00e0s 18h30<\/strong>, teve a participa\u00e7\u00e3o de mais de 11 mil Advogados (as), com vota\u00e7\u00e3o simult\u00e2nea na sede da OAB Piau\u00ed em Teresina e nas 20 Subse\u00e7\u00f5es do interior do Estado.<\/p>\n\n\n\n<p><strong>JUSTIFICATIVA<\/strong><\/p>\n\n\n\n<p>O prazo para os Advogados(as) que n\u00e3o votaram, mas s\u00e3o regulares com a anuidade, apresentarem a justificativa de voto \u00e9 de at\u00e9 30 dias ap\u00f3s o pleito, com a devida documenta\u00e7\u00e3o que comprove a impossibilidade de comparecer ao domic\u00edlio eleitoral. A justificativa dever\u00e1 ser protocolada perante o Protocolo da OAB Piau\u00ed.<\/p>\n\n\n\n<p>Fonte: MeioNews<\/p>\n\n\n\n<p><br><\/p>\n\n\n\n<p><\/p>\n","protected":false},"excerpt":{"rendered":"<p>O advogado Raimundo J\u00fanior,\u00a0da Chapa \u201cOAB da Esperan\u00e7a\u201d,\u00a0acompanhado pela Advogada Raylena Alencar como Vice-Presidente, foi\u00a0eleito presidente da OAB, seccional Piau\u00ed, na noite deste s\u00e1bado (1\u00ba), com 51,81% dos votos. A apura\u00e7\u00e3o, conclu\u00edda pela comiss\u00e3o eleitoral \u00e0 meia-noite, confirmou a vit\u00f3ria da chapa 10 com 4.542 votos.\u00a0 Aur\u00e9lio Lob\u00e3o, da chapa \u201cOAB de Futuro\u201d, ficou em [&hellip;]<\/p>\n","protected":false},"author":2,"featured_media":264568,"comment_status":"open","ping_status":"open","sticky":false,"template":"","format":"standard","meta":{"_mi_skip_tracking":false,"footnotes":""},"categories":[25,1,16],"tags":[192],"class_list":["post-264567","post","type-post","status-publish","format-standard","has-post-thumbnail","hentry","category-destaques-site","category-geral","category-todas","tag-destaqueprincipal"],"acf":[],"yoast_head":"<!-- This site is optimized with the Yoast SEO Premium plugin v19.2 (Yoast SEO v26.9) - https:\/\/yoast.com\/product\/yoast-seo-premium-wordpress\/ -->\n<title>Raimundo J\u00fanior \u00e9 eleito Presidente da OAB Piau\u00ed com 51,81% dos votos - Portal Not\u00edcia em Pauta<\/title>\n<meta name=\"robots\" content=\"index, follow, max-snippet:-1, max-image-preview:large, max-video-preview:-1\" \/>\n<link rel=\"canonical\" href=\"https:\/\/noticiaempauta.com\/portal\/raimundo-junior-e-eleito-presidente-da-oab-piaui-com-5181-dos-votos\/\" \/>\n<meta property=\"og:locale\" content=\"pt_BR\" \/>\n<meta property=\"og:type\" content=\"article\" \/>\n<meta property=\"og:title\" content=\"Raimundo J\u00fanior \u00e9 eleito Presidente da OAB Piau\u00ed com 51,81% dos votos\" \/>\n<meta property=\"og:description\" content=\"O advogado Raimundo J\u00fanior,\u00a0da Chapa \u201cOAB da Esperan\u00e7a\u201d,\u00a0acompanhado pela Advogada Raylena Alencar como Vice-Presidente, foi\u00a0eleito presidente da OAB, seccional Piau\u00ed, na noite deste s\u00e1bado (1\u00ba), com 51,81% dos votos. A apura\u00e7\u00e3o, conclu\u00edda pela comiss\u00e3o eleitoral \u00e0 meia-noite, confirmou a vit\u00f3ria da chapa 10 com 4.542 votos.\u00a0 Aur\u00e9lio Lob\u00e3o, da chapa \u201cOAB de Futuro\u201d, ficou em [&hellip;]\" \/>\n<meta property=\"og:url\" content=\"https:\/\/noticiaempauta.com\/portal\/raimundo-junior-e-eleito-presidente-da-oab-piaui-com-5181-dos-votos\/\" \/>\n<meta property=\"og:site_name\" content=\"Portal Not\u00edcia em Pauta\" \/>\n<meta property=\"article:publisher\" content=\"https:\/\/www.facebook.com\/Portal-Notcia-Em-Pauta-102292869264820\/\" \/>\n<meta property=\"article:published_time\" content=\"2024-12-01T09:14:34+00:00\" \/>\n<meta property=\"article:modified_time\" content=\"2024-12-01T09:14:35+00:00\" \/>\n<meta property=\"og:image\" content=\"https:\/\/noticiaempauta.com\/portal\/wp-content\/uploads\/2024\/12\/IMG_6937.webp\" \/>\n\t<meta property=\"og:image:width\" content=\"1200\" \/>\n\t<meta property=\"og:image:height\" content=\"900\" \/>\n\t<meta property=\"og:image:type\" content=\"image\/webp\" \/>\n<meta name=\"author\" content=\"Reda\u00e7\u00e3o\" \/>\n<meta name=\"twitter:card\" content=\"summary_large_image\" \/>\n<meta name=\"twitter:label1\" content=\"Escrito por\" \/>\n\t<meta name=\"twitter:data1\" content=\"Reda\u00e7\u00e3o\" \/>\n\t<meta name=\"twitter:label2\" content=\"Est. tempo de leitura\" \/>\n\t<meta name=\"twitter:data2\" content=\"3 minutos\" \/>\n<script type=\"application\/ld+json\" class=\"yoast-schema-graph\">{\"@context\":\"https:\/\/schema.org\",\"@graph\":[{\"@type\":\"Article\",\"@id\":\"https:\/\/noticiaempauta.com\/portal\/raimundo-junior-e-eleito-presidente-da-oab-piaui-com-5181-dos-votos\/#article\",\"isPartOf\":{\"@id\":\"https:\/\/noticiaempauta.com\/portal\/raimundo-junior-e-eleito-presidente-da-oab-piaui-com-5181-dos-votos\/\"},\"author\":{\"name\":\"Reda\u00e7\u00e3o\",\"@id\":\"https:\/\/noticiaempauta.com\/portal\/#\/schema\/person\/a74af43dd1ab3deca45f988c717d57ac\"},\"headline\":\"Raimundo J\u00fanior \u00e9 eleito Presidente da OAB Piau\u00ed com 51,81% dos votos\",\"datePublished\":\"2024-12-01T09:14:34+00:00\",\"dateModified\":\"2024-12-01T09:14:35+00:00\",\"mainEntityOfPage\":{\"@id\":\"https:\/\/noticiaempauta.com\/portal\/raimundo-junior-e-eleito-presidente-da-oab-piaui-com-5181-dos-votos\/\"},\"wordCount\":477,\"commentCount\":0,\"publisher\":{\"@id\":\"https:\/\/noticiaempauta.com\/portal\/#organization\"},\"image\":{\"@id\":\"https:\/\/noticiaempauta.com\/portal\/raimundo-junior-e-eleito-presidente-da-oab-piaui-com-5181-dos-votos\/#primaryimage\"},\"thumbnailUrl\":\"https:\/\/noticiaempauta.com\/portal\/wp-content\/uploads\/2024\/12\/IMG_6937.webp\",\"keywords\":[\"destaqueprincipal\"],\"articleSection\":[\"Destaques\",\"Geral\",\"Todas as Not\u00edcias\"],\"inLanguage\":\"pt-BR\",\"potentialAction\":[{\"@type\":\"CommentAction\",\"name\":\"Comment\",\"target\":[\"https:\/\/noticiaempauta.com\/portal\/raimundo-junior-e-eleito-presidente-da-oab-piaui-com-5181-dos-votos\/#respond\"]}]},{\"@type\":\"WebPage\",\"@id\":\"https:\/\/noticiaempauta.com\/portal\/raimundo-junior-e-eleito-presidente-da-oab-piaui-com-5181-dos-votos\/\",\"url\":\"https:\/\/noticiaempauta.com\/portal\/raimundo-junior-e-eleito-presidente-da-oab-piaui-com-5181-dos-votos\/\",\"name\":\"Raimundo J\u00fanior \u00e9 eleito Presidente da OAB Piau\u00ed com 51,81% dos votos - Portal Not\u00edcia em Pauta\",\"isPartOf\":{\"@id\":\"https:\/\/noticiaempauta.com\/portal\/#website\"},\"primaryImageOfPage\":{\"@id\":\"https:\/\/noticiaempauta.com\/portal\/raimundo-junior-e-eleito-presidente-da-oab-piaui-com-5181-dos-votos\/#primaryimage\"},\"image\":{\"@id\":\"https:\/\/noticiaempauta.com\/portal\/raimundo-junior-e-eleito-presidente-da-oab-piaui-com-5181-dos-votos\/#primaryimage\"},\"thumbnailUrl\":\"https:\/\/noticiaempauta.com\/portal\/wp-content\/uploads\/2024\/12\/IMG_6937.webp\",\"datePublished\":\"2024-12-01T09:14:34+00:00\",\"dateModified\":\"2024-12-01T09:14:35+00:00\",\"breadcrumb\":{\"@id\":\"https:\/\/noticiaempauta.com\/portal\/raimundo-junior-e-eleito-presidente-da-oab-piaui-com-5181-dos-votos\/#breadcrumb\"},\"inLanguage\":\"pt-BR\",\"potentialAction\":[{\"@type\":\"ReadAction\",\"target\":[\"https:\/\/noticiaempauta.com\/portal\/raimundo-junior-e-eleito-presidente-da-oab-piaui-com-5181-dos-votos\/\"]}]},{\"@type\":\"ImageObject\",\"inLanguage\":\"pt-BR\",\"@id\":\"https:\/\/noticiaempauta.com\/portal\/raimundo-junior-e-eleito-presidente-da-oab-piaui-com-5181-dos-votos\/#primaryimage\",\"url\":\"https:\/\/noticiaempauta.com\/portal\/wp-content\/uploads\/2024\/12\/IMG_6937.webp\",\"contentUrl\":\"https:\/\/noticiaempauta.com\/portal\/wp-content\/uploads\/2024\/12\/IMG_6937.webp\",\"width\":1200,\"height\":900},{\"@type\":\"BreadcrumbList\",\"@id\":\"https:\/\/noticiaempauta.com\/portal\/raimundo-junior-e-eleito-presidente-da-oab-piaui-com-5181-dos-votos\/#breadcrumb\",\"itemListElement\":[{\"@type\":\"ListItem\",\"position\":1,\"name\":\"P\u00e1gina Inicial\",\"item\":\"https:\/\/noticiaempauta.com\/portal\/\"},{\"@type\":\"ListItem\",\"position\":2,\"name\":\"Destaques\",\"item\":\"https:\/\/noticiaempauta.com\/portal\/destaques-site\/\"},{\"@type\":\"ListItem\",\"position\":3,\"name\":\"Raimundo J\u00fanior \u00e9 eleito Presidente da OAB Piau\u00ed com 51,81% dos votos\"}]},{\"@type\":\"WebSite\",\"@id\":\"https:\/\/noticiaempauta.com\/portal\/#website\",\"url\":\"https:\/\/noticiaempauta.com\/portal\/\",\"name\":\"Portal Not\u00edcia em Pauta\",\"description\":\"Voc\u00ea bem informado\",\"publisher\":{\"@id\":\"https:\/\/noticiaempauta.com\/portal\/#organization\"},\"potentialAction\":[{\"@type\":\"SearchAction\",\"target\":{\"@type\":\"EntryPoint\",\"urlTemplate\":\"https:\/\/noticiaempauta.com\/portal\/?s={search_term_string}\"},\"query-input\":{\"@type\":\"PropertyValueSpecification\",\"valueRequired\":true,\"valueName\":\"search_term_string\"}}],\"inLanguage\":\"pt-BR\"},{\"@type\":\"Organization\",\"@id\":\"https:\/\/noticiaempauta.com\/portal\/#organization\",\"name\":\"Portal Not\u00edcia em Pauta\",\"url\":\"https:\/\/noticiaempauta.com\/portal\/\",\"logo\":{\"@type\":\"ImageObject\",\"inLanguage\":\"pt-BR\",\"@id\":\"https:\/\/noticiaempauta.com\/portal\/#\/schema\/logo\/image\/\",\"url\":\"https:\/\/noticiaempauta.com\/portal\/wp-content\/uploads\/2022\/08\/logomarca_tema.fw_.png\",\"contentUrl\":\"https:\/\/noticiaempauta.com\/portal\/wp-content\/uploads\/2022\/08\/logomarca_tema.fw_.png\",\"width\":400,\"height\":232,\"caption\":\"Portal Not\u00edcia em Pauta\"},\"image\":{\"@id\":\"https:\/\/noticiaempauta.com\/portal\/#\/schema\/logo\/image\/\"},\"sameAs\":[\"https:\/\/www.facebook.com\/Portal-Notcia-Em-Pauta-102292869264820\/\",\"https:\/\/www.instagram.com\/portalnoticiaempauta\/\"]},{\"@type\":\"Person\",\"@id\":\"https:\/\/noticiaempauta.com\/portal\/#\/schema\/person\/a74af43dd1ab3deca45f988c717d57ac\",\"name\":\"Reda\u00e7\u00e3o\",\"image\":{\"@type\":\"ImageObject\",\"inLanguage\":\"pt-BR\",\"@id\":\"https:\/\/noticiaempauta.com\/portal\/#\/schema\/person\/image\/\",\"url\":\"https:\/\/secure.gravatar.com\/avatar\/03179346ecce6cdfc13361603e8f54242a90e5cde8618fa23c5c00aa2b0aadf3?s=96&d=mm&r=g\",\"contentUrl\":\"https:\/\/secure.gravatar.com\/avatar\/03179346ecce6cdfc13361603e8f54242a90e5cde8618fa23c5c00aa2b0aadf3?s=96&d=mm&r=g\",\"caption\":\"Reda\u00e7\u00e3o\"},\"sameAs\":[\"https:\/\/noticiaempauta.com\/portal\/\"],\"url\":\"https:\/\/noticiaempauta.com\/portal\/author\/fernando\/\"}]}<\/script>\n<!-- \/ Yoast SEO Premium plugin. -->","yoast_head_json":{"title":"Raimundo J\u00fanior \u00e9 eleito Presidente da OAB Piau\u00ed com 51,81% dos votos - Portal Not\u00edcia em Pauta","robots":{"index":"index","follow":"follow","max-snippet":"max-snippet:-1","max-image-preview":"max-image-preview:large","max-video-preview":"max-video-preview:-1"},"canonical":"https:\/\/noticiaempauta.com\/portal\/raimundo-junior-e-eleito-presidente-da-oab-piaui-com-5181-dos-votos\/","og_locale":"pt_BR","og_type":"article","og_title":"Raimundo J\u00fanior \u00e9 eleito Presidente da OAB Piau\u00ed com 51,81% dos votos","og_description":"O advogado Raimundo J\u00fanior,\u00a0da Chapa \u201cOAB da Esperan\u00e7a\u201d,\u00a0acompanhado pela Advogada Raylena Alencar como Vice-Presidente, foi\u00a0eleito presidente da OAB, seccional Piau\u00ed, na noite deste s\u00e1bado (1\u00ba), com 51,81% dos votos. A apura\u00e7\u00e3o, conclu\u00edda pela comiss\u00e3o eleitoral \u00e0 meia-noite, confirmou a vit\u00f3ria da chapa 10 com 4.542 votos.\u00a0 Aur\u00e9lio Lob\u00e3o, da chapa \u201cOAB de Futuro\u201d, ficou em [&hellip;]","og_url":"https:\/\/noticiaempauta.com\/portal\/raimundo-junior-e-eleito-presidente-da-oab-piaui-com-5181-dos-votos\/","og_site_name":"Portal Not\u00edcia em Pauta","article_publisher":"https:\/\/www.facebook.com\/Portal-Notcia-Em-Pauta-102292869264820\/","article_published_time":"2024-12-01T09:14:34+00:00","article_modified_time":"2024-12-01T09:14:35+00:00","og_image":[{"width":1200,"height":900,"url":"https:\/\/noticiaempauta.com\/portal\/wp-content\/uploads\/2024\/12\/IMG_6937.webp","type":"image\/webp"}],"author":"Reda\u00e7\u00e3o","twitter_card":"summary_large_image","twitter_misc":{"Escrito por":"Reda\u00e7\u00e3o","Est. tempo de leitura":"3 minutos"},"schema":{"@context":"https:\/\/schema.org","@graph":[{"@type":"Article","@id":"https:\/\/noticiaempauta.com\/portal\/raimundo-junior-e-eleito-presidente-da-oab-piaui-com-5181-dos-votos\/#article","isPartOf":{"@id":"https:\/\/noticiaempauta.com\/portal\/raimundo-junior-e-eleito-presidente-da-oab-piaui-com-5181-dos-votos\/"},"author":{"name":"Reda\u00e7\u00e3o","@id":"https:\/\/noticiaempauta.com\/portal\/#\/schema\/person\/a74af43dd1ab3deca45f988c717d57ac"},"headline":"Raimundo J\u00fanior \u00e9 eleito Presidente da OAB Piau\u00ed com 51,81% dos votos","datePublished":"2024-12-01T09:14:34+00:00","dateModified":"2024-12-01T09:14:35+00:00","mainEntityOfPage":{"@id":"https:\/\/noticiaempauta.com\/portal\/raimundo-junior-e-eleito-presidente-da-oab-piaui-com-5181-dos-votos\/"},"wordCount":477,"commentCount":0,"publisher":{"@id":"https:\/\/noticiaempauta.com\/portal\/#organization"},"image":{"@id":"https:\/\/noticiaempauta.com\/portal\/raimundo-junior-e-eleito-presidente-da-oab-piaui-com-5181-dos-votos\/#primaryimage"},"thumbnailUrl":"https:\/\/noticiaempauta.com\/portal\/wp-content\/uploads\/2024\/12\/IMG_6937.webp","keywords":["destaqueprincipal"],"articleSection":["Destaques","Geral","Todas as Not\u00edcias"],"inLanguage":"pt-BR","potentialAction":[{"@type":"CommentAction","name":"Comment","target":["https:\/\/noticiaempauta.com\/portal\/raimundo-junior-e-eleito-presidente-da-oab-piaui-com-5181-dos-votos\/#respond"]}]},{"@type":"WebPage","@id":"https:\/\/noticiaempauta.com\/portal\/raimundo-junior-e-eleito-presidente-da-oab-piaui-com-5181-dos-votos\/","url":"https:\/\/noticiaempauta.com\/portal\/raimundo-junior-e-eleito-presidente-da-oab-piaui-com-5181-dos-votos\/","name":"Raimundo J\u00fanior \u00e9 eleito Presidente da OAB Piau\u00ed com 51,81% dos votos - Portal Not\u00edcia em Pauta","isPartOf":{"@id":"https:\/\/noticiaempauta.com\/portal\/#website"},"primaryImageOfPage":{"@id":"https:\/\/noticiaempauta.com\/portal\/raimundo-junior-e-eleito-presidente-da-oab-piaui-com-5181-dos-votos\/#primaryimage"},"image":{"@id":"https:\/\/noticiaempauta.com\/portal\/raimundo-junior-e-eleito-presidente-da-oab-piaui-com-5181-dos-votos\/#primaryimage"},"thumbnailUrl":"https:\/\/noticiaempauta.com\/portal\/wp-content\/uploads\/2024\/12\/IMG_6937.webp","datePublished":"2024-12-01T09:14:34+00:00","dateModified":"2024-12-01T09:14:35+00:00","breadcrumb":{"@id":"https:\/\/noticiaempauta.com\/portal\/raimundo-junior-e-eleito-presidente-da-oab-piaui-com-5181-dos-votos\/#breadcrumb"},"inLanguage":"pt-BR","potentialAction":[{"@type":"ReadAction","target":["https:\/\/noticiaempauta.com\/portal\/raimundo-junior-e-eleito-presidente-da-oab-piaui-com-5181-dos-votos\/"]}]},{"@type":"ImageObject","inLanguage":"pt-BR","@id":"https:\/\/noticiaempauta.com\/portal\/raimundo-junior-e-eleito-presidente-da-oab-piaui-com-5181-dos-votos\/#primaryimage","url":"https:\/\/noticiaempauta.com\/portal\/wp-content\/uploads\/2024\/12\/IMG_6937.webp","contentUrl":"https:\/\/noticiaempauta.com\/portal\/wp-content\/uploads\/2024\/12\/IMG_6937.webp","width":1200,"height":900},{"@type":"BreadcrumbList","@id":"https:\/\/noticiaempauta.com\/portal\/raimundo-junior-e-eleito-presidente-da-oab-piaui-com-5181-dos-votos\/#breadcrumb","itemListElement":[{"@type":"ListItem","position":1,"name":"P\u00e1gina Inicial","item":"https:\/\/noticiaempauta.com\/portal\/"},{"@type":"ListItem","position":2,"name":"Destaques","item":"https:\/\/noticiaempauta.com\/portal\/destaques-site\/"},{"@type":"ListItem","position":3,"name":"Raimundo J\u00fanior \u00e9 eleito Presidente da OAB Piau\u00ed com 51,81% dos votos"}]},{"@type":"WebSite","@id":"https:\/\/noticiaempauta.com\/portal\/#website","url":"https:\/\/noticiaempauta.com\/portal\/","name":"Portal Not\u00edcia em Pauta","description":"Voc\u00ea bem informado","publisher":{"@id":"https:\/\/noticiaempauta.com\/portal\/#organization"},"potentialAction":[{"@type":"SearchAction","target":{"@type":"EntryPoint","urlTemplate":"https:\/\/noticiaempauta.com\/portal\/?s={search_term_string}"},"query-input":{"@type":"PropertyValueSpecification","valueRequired":true,"valueName":"search_term_string"}}],"inLanguage":"pt-BR"},{"@type":"Organization","@id":"https:\/\/noticiaempauta.com\/portal\/#organization","name":"Portal Not\u00edcia em Pauta","url":"https:\/\/noticiaempauta.com\/portal\/","logo":{"@type":"ImageObject","inLanguage":"pt-BR","@id":"https:\/\/noticiaempauta.com\/portal\/#\/schema\/logo\/image\/","url":"https:\/\/noticiaempauta.com\/portal\/wp-content\/uploads\/2022\/08\/logomarca_tema.fw_.png","contentUrl":"https:\/\/noticiaempauta.com\/portal\/wp-content\/uploads\/2022\/08\/logomarca_tema.fw_.png","width":400,"height":232,"caption":"Portal Not\u00edcia em Pauta"},"image":{"@id":"https:\/\/noticiaempauta.com\/portal\/#\/schema\/logo\/image\/"},"sameAs":["https:\/\/www.facebook.com\/Portal-Notcia-Em-Pauta-102292869264820\/","https:\/\/www.instagram.com\/portalnoticiaempauta\/"]},{"@type":"Person","@id":"https:\/\/noticiaempauta.com\/portal\/#\/schema\/person\/a74af43dd1ab3deca45f988c717d57ac","name":"Reda\u00e7\u00e3o","image":{"@type":"ImageObject","inLanguage":"pt-BR","@id":"https:\/\/noticiaempauta.com\/portal\/#\/schema\/person\/image\/","url":"https:\/\/secure.gravatar.com\/avatar\/03179346ecce6cdfc13361603e8f54242a90e5cde8618fa23c5c00aa2b0aadf3?s=96&d=mm&r=g","contentUrl":"https:\/\/secure.gravatar.com\/avatar\/03179346ecce6cdfc13361603e8f54242a90e5cde8618fa23c5c00aa2b0aadf3?s=96&d=mm&r=g","caption":"Reda\u00e7\u00e3o"},"sameAs":["https:\/\/noticiaempauta.com\/portal\/"],"url":"https:\/\/noticiaempauta.com\/portal\/author\/fernando\/"}]}},"_links":{"self":[{"href":"https:\/\/noticiaempauta.com\/portal\/wp-json\/wp\/v2\/posts\/264567","targetHints":{"allow":["GET"]}}],"collection":[{"href":"https:\/\/noticiaempauta.com\/portal\/wp-json\/wp\/v2\/posts"}],"about":[{"href":"https:\/\/noticiaempauta.com\/portal\/wp-json\/wp\/v2\/types\/post"}],"author":[{"embeddable":true,"href":"https:\/\/noticiaempauta.com\/portal\/wp-json\/wp\/v2\/users\/2"}],"replies":[{"embeddable":true,"href":"https:\/\/noticiaempauta.com\/portal\/wp-json\/wp\/v2\/comments?post=264567"}],"version-history":[{"count":2,"href":"https:\/\/noticiaempauta.com\/portal\/wp-json\/wp\/v2\/posts\/264567\/revisions"}],"predecessor-version":[{"id":264570,"href":"https:\/\/noticiaempauta.com\/portal\/wp-json\/wp\/v2\/posts\/264567\/revisions\/264570"}],"wp:featuredmedia":[{"embeddable":true,"href":"https:\/\/noticiaempauta.com\/portal\/wp-json\/wp\/v2\/media\/264568"}],"wp:attachment":[{"href":"https:\/\/noticiaempauta.com\/portal\/wp-json\/wp\/v2\/media?parent=264567"}],"wp:term":[{"taxonomy":"category","embeddable":true,"href":"https:\/\/noticiaempauta.com\/portal\/wp-json\/wp\/v2\/categories?post=264567"},{"taxonomy":"post_tag","embeddable":true,"href":"https:\/\/noticiaempauta.com\/portal\/wp-json\/wp\/v2\/tags?post=264567"}],"curies":[{"name":"wp","href":"https:\/\/api.w.org\/{rel}","templated":true}]}}