{"id":264604,"date":"2024-12-02T10:15:29","date_gmt":"2024-12-02T13:15:29","guid":{"rendered":"https:\/\/noticiaempauta.com\/portal\/?p=264604"},"modified":"2024-12-02T10:15:30","modified_gmt":"2024-12-02T13:15:30","slug":"homem-que-teve-90-do-corpo-queimado-por-desafeto-em-floriano-morre-no-hut","status":"publish","type":"post","link":"https:\/\/noticiaempauta.com\/portal\/homem-que-teve-90-do-corpo-queimado-por-desafeto-em-floriano-morre-no-hut\/","title":{"rendered":"Homem que teve 90% do corpo queimado por desafeto em Floriano morre no HUT"},"content":{"rendered":"\n<p>Jos\u00e9 Raimundo de Sousa Costa, uma das\u00a0v\u00edtimas que foi incendiada no Mercado P\u00fablico de Floriano\u00a0por um desafeto,\u00a0morreu neste domingo (1\u00ba), no Hospital de Urg\u00eancia de Teresina (HUT), onde estava internado desde a \u00faltima sexta-feira (29), quando teve 90% do corpo queimado.<\/p>\n\n\n\n<figure class=\"wp-block-image size-full\"><img fetchpriority=\"high\" decoding=\"async\" width=\"900\" height=\"600\" src=\"https:\/\/noticiaempauta.com\/portal\/wp-content\/uploads\/2024\/12\/homem-que-teve-90-do-corpo-queimado-por-desafeto-em-floriano-morre-no-hut-55bd1149-af71-4eff-ba07-c75e565bf479.jpg.webp\" alt=\"\" class=\"wp-image-264605\" srcset=\"https:\/\/noticiaempauta.com\/portal\/wp-content\/uploads\/2024\/12\/homem-que-teve-90-do-corpo-queimado-por-desafeto-em-floriano-morre-no-hut-55bd1149-af71-4eff-ba07-c75e565bf479.jpg.webp 900w, https:\/\/noticiaempauta.com\/portal\/wp-content\/uploads\/2024\/12\/homem-que-teve-90-do-corpo-queimado-por-desafeto-em-floriano-morre-no-hut-55bd1149-af71-4eff-ba07-c75e565bf479.jpg-300x200.webp 300w, https:\/\/noticiaempauta.com\/portal\/wp-content\/uploads\/2024\/12\/homem-que-teve-90-do-corpo-queimado-por-desafeto-em-floriano-morre-no-hut-55bd1149-af71-4eff-ba07-c75e565bf479.jpg-768x512.webp 768w\" sizes=\"(max-width: 900px) 100vw, 900px\" \/><figcaption class=\"wp-element-caption\">(Foto: Reprodu\u00e7\u00e3o)<\/figcaption><\/figure>\n\n\n\n<p>Dois homens foram v\u00edtimas de um ataque com fogo no Mercado P\u00fablico de Floriano, no Sul do Piau\u00ed, na tarde da \u00faltima sexta-feira (29). As v\u00edtimas, identificadas como Josenilton das Chagas Teles, de 54 anos, e Jos\u00e9 Raimundo Sousa Costa, de 44 anos, foram socorridas pelo Servi\u00e7o de Atendimento M\u00f3vel de Urg\u00eancia (SAMU) e encaminhadas ao hospital.<\/p>\n\n\n\n<p>O\u00a0suspeito foi preso\u00a0e confessou \u00e0 Pol\u00edcia Civil ter comprado gasolina e ateado fogo em uma das v\u00edtimas ap\u00f3s ser chamado de &#8220;estuprador e ladr\u00e3o&#8221; durante uma discuss\u00e3o.<\/p>\n\n\n\n<p>De acordo com informa\u00e7\u00f5es de socorristas, os dois estavam sentados aguardando um caminh\u00e3o quando um homem se aproximou, jogou gasolina\u00a0sobre eles e ateou fogo. Josenilton sofreu queimaduras em 40% do corpo, enquanto Jos\u00e9 Raimundo teve cerca de 90% da pele atingida e est\u00e1 em estado mais grave.<\/p>\n\n\n\n<h2 class=\"wp-block-heading\">Pol\u00edcia emite Nota<\/h2>\n\n\n\n<p><em>As investiga\u00e7\u00f5es iniciais apontaram que a v\u00edtima estavam no interior do mercado ingerindo bebida alco\u00f3lica juntamente com o suposto autor, e que em determinado momento se iniciou uma discuss\u00e3o entre uma das v\u00edtimas e o suposto autor, e ato cont\u00ednuo este saiu e se dirigiu a um posto de combust\u00edvel que fica em frente ao mercado, com uma garrafa de refrigerante de 1L; abasteceu o litro de gasolina, e retornou ao mercado; ao encontrar Jos\u00e9 Raimundo sentado, jogou a gasolina neste, &#8220;riscou&#8221; um f\u00f3sforo e ateou fogo em Jos\u00e9 Raimundo; QUE Jos\u00e9 Nilton se encontrava ao lado de Jos\u00e9 Raimundo, e no momento em que aquele correu, fora atingido pela gasolina e consequentemente pelo fogo&#8221;, diz trecho da nota da Pol\u00edcia Civil, diz a nota.<\/em><\/p>\n\n\n\n<p>Fonte: Meio News<\/p>\n","protected":false},"excerpt":{"rendered":"<p>Jos\u00e9 Raimundo de Sousa Costa, uma das\u00a0v\u00edtimas que foi incendiada no Mercado P\u00fablico de Floriano\u00a0por um desafeto,\u00a0morreu neste domingo (1\u00ba), no Hospital de Urg\u00eancia de Teresina (HUT), onde estava internado desde a \u00faltima sexta-feira (29), quando teve 90% do corpo queimado. Dois homens foram v\u00edtimas de um ataque com fogo no Mercado P\u00fablico de Floriano, [&hellip;]<\/p>\n","protected":false},"author":2,"featured_media":264605,"comment_status":"open","ping_status":"open","sticky":false,"template":"","format":"standard","meta":{"_mi_skip_tracking":false,"footnotes":""},"categories":[25,1,137,16],"tags":[192],"class_list":["post-264604","post","type-post","status-publish","format-standard","has-post-thumbnail","hentry","category-destaques-site","category-geral","category-policia","category-todas","tag-destaqueprincipal"],"acf":[],"yoast_head":"<!-- This site is optimized with the Yoast SEO Premium plugin v19.2 (Yoast SEO v26.9) - https:\/\/yoast.com\/product\/yoast-seo-premium-wordpress\/ -->\n<title>Homem que teve 90% do corpo queimado por desafeto em Floriano morre no HUT - Portal Not\u00edcia em Pauta<\/title>\n<meta name=\"robots\" content=\"index, follow, max-snippet:-1, max-image-preview:large, max-video-preview:-1\" \/>\n<link rel=\"canonical\" href=\"https:\/\/noticiaempauta.com\/portal\/homem-que-teve-90-do-corpo-queimado-por-desafeto-em-floriano-morre-no-hut\/\" \/>\n<meta property=\"og:locale\" content=\"pt_BR\" \/>\n<meta property=\"og:type\" content=\"article\" \/>\n<meta property=\"og:title\" content=\"Homem que teve 90% do corpo queimado por desafeto em Floriano morre no HUT\" \/>\n<meta property=\"og:description\" content=\"Jos\u00e9 Raimundo de Sousa Costa, uma das\u00a0v\u00edtimas que foi incendiada no Mercado P\u00fablico de Floriano\u00a0por um desafeto,\u00a0morreu neste domingo (1\u00ba), no Hospital de Urg\u00eancia de Teresina (HUT), onde estava internado desde a \u00faltima sexta-feira (29), quando teve 90% do corpo queimado. Dois homens foram v\u00edtimas de um ataque com fogo no Mercado P\u00fablico de Floriano, [&hellip;]\" \/>\n<meta property=\"og:url\" content=\"https:\/\/noticiaempauta.com\/portal\/homem-que-teve-90-do-corpo-queimado-por-desafeto-em-floriano-morre-no-hut\/\" \/>\n<meta property=\"og:site_name\" content=\"Portal Not\u00edcia em Pauta\" \/>\n<meta property=\"article:publisher\" content=\"https:\/\/www.facebook.com\/Portal-Notcia-Em-Pauta-102292869264820\/\" \/>\n<meta property=\"article:published_time\" content=\"2024-12-02T13:15:29+00:00\" \/>\n<meta property=\"article:modified_time\" content=\"2024-12-02T13:15:30+00:00\" \/>\n<meta property=\"og:image\" content=\"https:\/\/noticiaempauta.com\/portal\/wp-content\/uploads\/2024\/12\/homem-que-teve-90-do-corpo-queimado-por-desafeto-em-floriano-morre-no-hut-55bd1149-af71-4eff-ba07-c75e565bf479.jpg.webp\" \/>\n\t<meta property=\"og:image:width\" content=\"900\" \/>\n\t<meta property=\"og:image:height\" content=\"600\" \/>\n\t<meta property=\"og:image:type\" content=\"image\/webp\" \/>\n<meta name=\"author\" content=\"Reda\u00e7\u00e3o\" \/>\n<meta name=\"twitter:card\" content=\"summary_large_image\" \/>\n<meta name=\"twitter:label1\" content=\"Escrito por\" \/>\n\t<meta name=\"twitter:data1\" content=\"Reda\u00e7\u00e3o\" \/>\n\t<meta name=\"twitter:label2\" content=\"Est. tempo de leitura\" \/>\n\t<meta name=\"twitter:data2\" content=\"3 minutos\" \/>\n<script type=\"application\/ld+json\" class=\"yoast-schema-graph\">{\"@context\":\"https:\/\/schema.org\",\"@graph\":[{\"@type\":\"Article\",\"@id\":\"https:\/\/noticiaempauta.com\/portal\/homem-que-teve-90-do-corpo-queimado-por-desafeto-em-floriano-morre-no-hut\/#article\",\"isPartOf\":{\"@id\":\"https:\/\/noticiaempauta.com\/portal\/homem-que-teve-90-do-corpo-queimado-por-desafeto-em-floriano-morre-no-hut\/\"},\"author\":{\"name\":\"Reda\u00e7\u00e3o\",\"@id\":\"https:\/\/noticiaempauta.com\/portal\/#\/schema\/person\/a74af43dd1ab3deca45f988c717d57ac\"},\"headline\":\"Homem que teve 90% do corpo queimado por desafeto em Floriano morre no HUT\",\"datePublished\":\"2024-12-02T13:15:29+00:00\",\"dateModified\":\"2024-12-02T13:15:30+00:00\",\"mainEntityOfPage\":{\"@id\":\"https:\/\/noticiaempauta.com\/portal\/homem-que-teve-90-do-corpo-queimado-por-desafeto-em-floriano-morre-no-hut\/\"},\"wordCount\":342,\"commentCount\":0,\"publisher\":{\"@id\":\"https:\/\/noticiaempauta.com\/portal\/#organization\"},\"image\":{\"@id\":\"https:\/\/noticiaempauta.com\/portal\/homem-que-teve-90-do-corpo-queimado-por-desafeto-em-floriano-morre-no-hut\/#primaryimage\"},\"thumbnailUrl\":\"https:\/\/noticiaempauta.com\/portal\/wp-content\/uploads\/2024\/12\/homem-que-teve-90-do-corpo-queimado-por-desafeto-em-floriano-morre-no-hut-55bd1149-af71-4eff-ba07-c75e565bf479.jpg.webp\",\"keywords\":[\"destaqueprincipal\"],\"articleSection\":[\"Destaques\",\"Geral\",\"Pol\u00edcia\",\"Todas as Not\u00edcias\"],\"inLanguage\":\"pt-BR\",\"potentialAction\":[{\"@type\":\"CommentAction\",\"name\":\"Comment\",\"target\":[\"https:\/\/noticiaempauta.com\/portal\/homem-que-teve-90-do-corpo-queimado-por-desafeto-em-floriano-morre-no-hut\/#respond\"]}]},{\"@type\":\"WebPage\",\"@id\":\"https:\/\/noticiaempauta.com\/portal\/homem-que-teve-90-do-corpo-queimado-por-desafeto-em-floriano-morre-no-hut\/\",\"url\":\"https:\/\/noticiaempauta.com\/portal\/homem-que-teve-90-do-corpo-queimado-por-desafeto-em-floriano-morre-no-hut\/\",\"name\":\"Homem que teve 90% do corpo queimado por desafeto em Floriano morre no HUT - Portal Not\u00edcia em Pauta\",\"isPartOf\":{\"@id\":\"https:\/\/noticiaempauta.com\/portal\/#website\"},\"primaryImageOfPage\":{\"@id\":\"https:\/\/noticiaempauta.com\/portal\/homem-que-teve-90-do-corpo-queimado-por-desafeto-em-floriano-morre-no-hut\/#primaryimage\"},\"image\":{\"@id\":\"https:\/\/noticiaempauta.com\/portal\/homem-que-teve-90-do-corpo-queimado-por-desafeto-em-floriano-morre-no-hut\/#primaryimage\"},\"thumbnailUrl\":\"https:\/\/noticiaempauta.com\/portal\/wp-content\/uploads\/2024\/12\/homem-que-teve-90-do-corpo-queimado-por-desafeto-em-floriano-morre-no-hut-55bd1149-af71-4eff-ba07-c75e565bf479.jpg.webp\",\"datePublished\":\"2024-12-02T13:15:29+00:00\",\"dateModified\":\"2024-12-02T13:15:30+00:00\",\"breadcrumb\":{\"@id\":\"https:\/\/noticiaempauta.com\/portal\/homem-que-teve-90-do-corpo-queimado-por-desafeto-em-floriano-morre-no-hut\/#breadcrumb\"},\"inLanguage\":\"pt-BR\",\"potentialAction\":[{\"@type\":\"ReadAction\",\"target\":[\"https:\/\/noticiaempauta.com\/portal\/homem-que-teve-90-do-corpo-queimado-por-desafeto-em-floriano-morre-no-hut\/\"]}]},{\"@type\":\"ImageObject\",\"inLanguage\":\"pt-BR\",\"@id\":\"https:\/\/noticiaempauta.com\/portal\/homem-que-teve-90-do-corpo-queimado-por-desafeto-em-floriano-morre-no-hut\/#primaryimage\",\"url\":\"https:\/\/noticiaempauta.com\/portal\/wp-content\/uploads\/2024\/12\/homem-que-teve-90-do-corpo-queimado-por-desafeto-em-floriano-morre-no-hut-55bd1149-af71-4eff-ba07-c75e565bf479.jpg.webp\",\"contentUrl\":\"https:\/\/noticiaempauta.com\/portal\/wp-content\/uploads\/2024\/12\/homem-que-teve-90-do-corpo-queimado-por-desafeto-em-floriano-morre-no-hut-55bd1149-af71-4eff-ba07-c75e565bf479.jpg.webp\",\"width\":900,\"height\":600},{\"@type\":\"BreadcrumbList\",\"@id\":\"https:\/\/noticiaempauta.com\/portal\/homem-que-teve-90-do-corpo-queimado-por-desafeto-em-floriano-morre-no-hut\/#breadcrumb\",\"itemListElement\":[{\"@type\":\"ListItem\",\"position\":1,\"name\":\"P\u00e1gina Inicial\",\"item\":\"https:\/\/noticiaempauta.com\/portal\/\"},{\"@type\":\"ListItem\",\"position\":2,\"name\":\"Destaques\",\"item\":\"https:\/\/noticiaempauta.com\/portal\/destaques-site\/\"},{\"@type\":\"ListItem\",\"position\":3,\"name\":\"Homem que teve 90% do corpo queimado por desafeto em Floriano morre no HUT\"}]},{\"@type\":\"WebSite\",\"@id\":\"https:\/\/noticiaempauta.com\/portal\/#website\",\"url\":\"https:\/\/noticiaempauta.com\/portal\/\",\"name\":\"Portal Not\u00edcia em Pauta\",\"description\":\"Voc\u00ea bem informado\",\"publisher\":{\"@id\":\"https:\/\/noticiaempauta.com\/portal\/#organization\"},\"potentialAction\":[{\"@type\":\"SearchAction\",\"target\":{\"@type\":\"EntryPoint\",\"urlTemplate\":\"https:\/\/noticiaempauta.com\/portal\/?s={search_term_string}\"},\"query-input\":{\"@type\":\"PropertyValueSpecification\",\"valueRequired\":true,\"valueName\":\"search_term_string\"}}],\"inLanguage\":\"pt-BR\"},{\"@type\":\"Organization\",\"@id\":\"https:\/\/noticiaempauta.com\/portal\/#organization\",\"name\":\"Portal Not\u00edcia em Pauta\",\"url\":\"https:\/\/noticiaempauta.com\/portal\/\",\"logo\":{\"@type\":\"ImageObject\",\"inLanguage\":\"pt-BR\",\"@id\":\"https:\/\/noticiaempauta.com\/portal\/#\/schema\/logo\/image\/\",\"url\":\"https:\/\/noticiaempauta.com\/portal\/wp-content\/uploads\/2022\/08\/logomarca_tema.fw_.png\",\"contentUrl\":\"https:\/\/noticiaempauta.com\/portal\/wp-content\/uploads\/2022\/08\/logomarca_tema.fw_.png\",\"width\":400,\"height\":232,\"caption\":\"Portal Not\u00edcia em Pauta\"},\"image\":{\"@id\":\"https:\/\/noticiaempauta.com\/portal\/#\/schema\/logo\/image\/\"},\"sameAs\":[\"https:\/\/www.facebook.com\/Portal-Notcia-Em-Pauta-102292869264820\/\",\"https:\/\/www.instagram.com\/portalnoticiaempauta\/\"]},{\"@type\":\"Person\",\"@id\":\"https:\/\/noticiaempauta.com\/portal\/#\/schema\/person\/a74af43dd1ab3deca45f988c717d57ac\",\"name\":\"Reda\u00e7\u00e3o\",\"image\":{\"@type\":\"ImageObject\",\"inLanguage\":\"pt-BR\",\"@id\":\"https:\/\/noticiaempauta.com\/portal\/#\/schema\/person\/image\/\",\"url\":\"https:\/\/secure.gravatar.com\/avatar\/03179346ecce6cdfc13361603e8f54242a90e5cde8618fa23c5c00aa2b0aadf3?s=96&d=mm&r=g\",\"contentUrl\":\"https:\/\/secure.gravatar.com\/avatar\/03179346ecce6cdfc13361603e8f54242a90e5cde8618fa23c5c00aa2b0aadf3?s=96&d=mm&r=g\",\"caption\":\"Reda\u00e7\u00e3o\"},\"sameAs\":[\"https:\/\/noticiaempauta.com\/portal\/\"],\"url\":\"https:\/\/noticiaempauta.com\/portal\/author\/fernando\/\"}]}<\/script>\n<!-- \/ Yoast SEO Premium plugin. -->","yoast_head_json":{"title":"Homem que teve 90% do corpo queimado por desafeto em Floriano morre no HUT - Portal Not\u00edcia em Pauta","robots":{"index":"index","follow":"follow","max-snippet":"max-snippet:-1","max-image-preview":"max-image-preview:large","max-video-preview":"max-video-preview:-1"},"canonical":"https:\/\/noticiaempauta.com\/portal\/homem-que-teve-90-do-corpo-queimado-por-desafeto-em-floriano-morre-no-hut\/","og_locale":"pt_BR","og_type":"article","og_title":"Homem que teve 90% do corpo queimado por desafeto em Floriano morre no HUT","og_description":"Jos\u00e9 Raimundo de Sousa Costa, uma das\u00a0v\u00edtimas que foi incendiada no Mercado P\u00fablico de Floriano\u00a0por um desafeto,\u00a0morreu neste domingo (1\u00ba), no Hospital de Urg\u00eancia de Teresina (HUT), onde estava internado desde a \u00faltima sexta-feira (29), quando teve 90% do corpo queimado. Dois homens foram v\u00edtimas de um ataque com fogo no Mercado P\u00fablico de Floriano, [&hellip;]","og_url":"https:\/\/noticiaempauta.com\/portal\/homem-que-teve-90-do-corpo-queimado-por-desafeto-em-floriano-morre-no-hut\/","og_site_name":"Portal Not\u00edcia em Pauta","article_publisher":"https:\/\/www.facebook.com\/Portal-Notcia-Em-Pauta-102292869264820\/","article_published_time":"2024-12-02T13:15:29+00:00","article_modified_time":"2024-12-02T13:15:30+00:00","og_image":[{"width":900,"height":600,"url":"https:\/\/noticiaempauta.com\/portal\/wp-content\/uploads\/2024\/12\/homem-que-teve-90-do-corpo-queimado-por-desafeto-em-floriano-morre-no-hut-55bd1149-af71-4eff-ba07-c75e565bf479.jpg.webp","type":"image\/webp"}],"author":"Reda\u00e7\u00e3o","twitter_card":"summary_large_image","twitter_misc":{"Escrito por":"Reda\u00e7\u00e3o","Est. tempo de leitura":"3 minutos"},"schema":{"@context":"https:\/\/schema.org","@graph":[{"@type":"Article","@id":"https:\/\/noticiaempauta.com\/portal\/homem-que-teve-90-do-corpo-queimado-por-desafeto-em-floriano-morre-no-hut\/#article","isPartOf":{"@id":"https:\/\/noticiaempauta.com\/portal\/homem-que-teve-90-do-corpo-queimado-por-desafeto-em-floriano-morre-no-hut\/"},"author":{"name":"Reda\u00e7\u00e3o","@id":"https:\/\/noticiaempauta.com\/portal\/#\/schema\/person\/a74af43dd1ab3deca45f988c717d57ac"},"headline":"Homem que teve 90% do corpo queimado por desafeto em Floriano morre no HUT","datePublished":"2024-12-02T13:15:29+00:00","dateModified":"2024-12-02T13:15:30+00:00","mainEntityOfPage":{"@id":"https:\/\/noticiaempauta.com\/portal\/homem-que-teve-90-do-corpo-queimado-por-desafeto-em-floriano-morre-no-hut\/"},"wordCount":342,"commentCount":0,"publisher":{"@id":"https:\/\/noticiaempauta.com\/portal\/#organization"},"image":{"@id":"https:\/\/noticiaempauta.com\/portal\/homem-que-teve-90-do-corpo-queimado-por-desafeto-em-floriano-morre-no-hut\/#primaryimage"},"thumbnailUrl":"https:\/\/noticiaempauta.com\/portal\/wp-content\/uploads\/2024\/12\/homem-que-teve-90-do-corpo-queimado-por-desafeto-em-floriano-morre-no-hut-55bd1149-af71-4eff-ba07-c75e565bf479.jpg.webp","keywords":["destaqueprincipal"],"articleSection":["Destaques","Geral","Pol\u00edcia","Todas as Not\u00edcias"],"inLanguage":"pt-BR","potentialAction":[{"@type":"CommentAction","name":"Comment","target":["https:\/\/noticiaempauta.com\/portal\/homem-que-teve-90-do-corpo-queimado-por-desafeto-em-floriano-morre-no-hut\/#respond"]}]},{"@type":"WebPage","@id":"https:\/\/noticiaempauta.com\/portal\/homem-que-teve-90-do-corpo-queimado-por-desafeto-em-floriano-morre-no-hut\/","url":"https:\/\/noticiaempauta.com\/portal\/homem-que-teve-90-do-corpo-queimado-por-desafeto-em-floriano-morre-no-hut\/","name":"Homem que teve 90% do corpo queimado por desafeto em Floriano morre no HUT - Portal Not\u00edcia em Pauta","isPartOf":{"@id":"https:\/\/noticiaempauta.com\/portal\/#website"},"primaryImageOfPage":{"@id":"https:\/\/noticiaempauta.com\/portal\/homem-que-teve-90-do-corpo-queimado-por-desafeto-em-floriano-morre-no-hut\/#primaryimage"},"image":{"@id":"https:\/\/noticiaempauta.com\/portal\/homem-que-teve-90-do-corpo-queimado-por-desafeto-em-floriano-morre-no-hut\/#primaryimage"},"thumbnailUrl":"https:\/\/noticiaempauta.com\/portal\/wp-content\/uploads\/2024\/12\/homem-que-teve-90-do-corpo-queimado-por-desafeto-em-floriano-morre-no-hut-55bd1149-af71-4eff-ba07-c75e565bf479.jpg.webp","datePublished":"2024-12-02T13:15:29+00:00","dateModified":"2024-12-02T13:15:30+00:00","breadcrumb":{"@id":"https:\/\/noticiaempauta.com\/portal\/homem-que-teve-90-do-corpo-queimado-por-desafeto-em-floriano-morre-no-hut\/#breadcrumb"},"inLanguage":"pt-BR","potentialAction":[{"@type":"ReadAction","target":["https:\/\/noticiaempauta.com\/portal\/homem-que-teve-90-do-corpo-queimado-por-desafeto-em-floriano-morre-no-hut\/"]}]},{"@type":"ImageObject","inLanguage":"pt-BR","@id":"https:\/\/noticiaempauta.com\/portal\/homem-que-teve-90-do-corpo-queimado-por-desafeto-em-floriano-morre-no-hut\/#primaryimage","url":"https:\/\/noticiaempauta.com\/portal\/wp-content\/uploads\/2024\/12\/homem-que-teve-90-do-corpo-queimado-por-desafeto-em-floriano-morre-no-hut-55bd1149-af71-4eff-ba07-c75e565bf479.jpg.webp","contentUrl":"https:\/\/noticiaempauta.com\/portal\/wp-content\/uploads\/2024\/12\/homem-que-teve-90-do-corpo-queimado-por-desafeto-em-floriano-morre-no-hut-55bd1149-af71-4eff-ba07-c75e565bf479.jpg.webp","width":900,"height":600},{"@type":"BreadcrumbList","@id":"https:\/\/noticiaempauta.com\/portal\/homem-que-teve-90-do-corpo-queimado-por-desafeto-em-floriano-morre-no-hut\/#breadcrumb","itemListElement":[{"@type":"ListItem","position":1,"name":"P\u00e1gina Inicial","item":"https:\/\/noticiaempauta.com\/portal\/"},{"@type":"ListItem","position":2,"name":"Destaques","item":"https:\/\/noticiaempauta.com\/portal\/destaques-site\/"},{"@type":"ListItem","position":3,"name":"Homem que teve 90% do corpo queimado por desafeto em Floriano morre no HUT"}]},{"@type":"WebSite","@id":"https:\/\/noticiaempauta.com\/portal\/#website","url":"https:\/\/noticiaempauta.com\/portal\/","name":"Portal Not\u00edcia em Pauta","description":"Voc\u00ea bem informado","publisher":{"@id":"https:\/\/noticiaempauta.com\/portal\/#organization"},"potentialAction":[{"@type":"SearchAction","target":{"@type":"EntryPoint","urlTemplate":"https:\/\/noticiaempauta.com\/portal\/?s={search_term_string}"},"query-input":{"@type":"PropertyValueSpecification","valueRequired":true,"valueName":"search_term_string"}}],"inLanguage":"pt-BR"},{"@type":"Organization","@id":"https:\/\/noticiaempauta.com\/portal\/#organization","name":"Portal Not\u00edcia em Pauta","url":"https:\/\/noticiaempauta.com\/portal\/","logo":{"@type":"ImageObject","inLanguage":"pt-BR","@id":"https:\/\/noticiaempauta.com\/portal\/#\/schema\/logo\/image\/","url":"https:\/\/noticiaempauta.com\/portal\/wp-content\/uploads\/2022\/08\/logomarca_tema.fw_.png","contentUrl":"https:\/\/noticiaempauta.com\/portal\/wp-content\/uploads\/2022\/08\/logomarca_tema.fw_.png","width":400,"height":232,"caption":"Portal Not\u00edcia em Pauta"},"image":{"@id":"https:\/\/noticiaempauta.com\/portal\/#\/schema\/logo\/image\/"},"sameAs":["https:\/\/www.facebook.com\/Portal-Notcia-Em-Pauta-102292869264820\/","https:\/\/www.instagram.com\/portalnoticiaempauta\/"]},{"@type":"Person","@id":"https:\/\/noticiaempauta.com\/portal\/#\/schema\/person\/a74af43dd1ab3deca45f988c717d57ac","name":"Reda\u00e7\u00e3o","image":{"@type":"ImageObject","inLanguage":"pt-BR","@id":"https:\/\/noticiaempauta.com\/portal\/#\/schema\/person\/image\/","url":"https:\/\/secure.gravatar.com\/avatar\/03179346ecce6cdfc13361603e8f54242a90e5cde8618fa23c5c00aa2b0aadf3?s=96&d=mm&r=g","contentUrl":"https:\/\/secure.gravatar.com\/avatar\/03179346ecce6cdfc13361603e8f54242a90e5cde8618fa23c5c00aa2b0aadf3?s=96&d=mm&r=g","caption":"Reda\u00e7\u00e3o"},"sameAs":["https:\/\/noticiaempauta.com\/portal\/"],"url":"https:\/\/noticiaempauta.com\/portal\/author\/fernando\/"}]}},"_links":{"self":[{"href":"https:\/\/noticiaempauta.com\/portal\/wp-json\/wp\/v2\/posts\/264604","targetHints":{"allow":["GET"]}}],"collection":[{"href":"https:\/\/noticiaempauta.com\/portal\/wp-json\/wp\/v2\/posts"}],"about":[{"href":"https:\/\/noticiaempauta.com\/portal\/wp-json\/wp\/v2\/types\/post"}],"author":[{"embeddable":true,"href":"https:\/\/noticiaempauta.com\/portal\/wp-json\/wp\/v2\/users\/2"}],"replies":[{"embeddable":true,"href":"https:\/\/noticiaempauta.com\/portal\/wp-json\/wp\/v2\/comments?post=264604"}],"version-history":[{"count":2,"href":"https:\/\/noticiaempauta.com\/portal\/wp-json\/wp\/v2\/posts\/264604\/revisions"}],"predecessor-version":[{"id":264607,"href":"https:\/\/noticiaempauta.com\/portal\/wp-json\/wp\/v2\/posts\/264604\/revisions\/264607"}],"wp:featuredmedia":[{"embeddable":true,"href":"https:\/\/noticiaempauta.com\/portal\/wp-json\/wp\/v2\/media\/264605"}],"wp:attachment":[{"href":"https:\/\/noticiaempauta.com\/portal\/wp-json\/wp\/v2\/media?parent=264604"}],"wp:term":[{"taxonomy":"category","embeddable":true,"href":"https:\/\/noticiaempauta.com\/portal\/wp-json\/wp\/v2\/categories?post=264604"},{"taxonomy":"post_tag","embeddable":true,"href":"https:\/\/noticiaempauta.com\/portal\/wp-json\/wp\/v2\/tags?post=264604"}],"curies":[{"name":"wp","href":"https:\/\/api.w.org\/{rel}","templated":true}]}}