{"id":264621,"date":"2024-12-02T15:47:12","date_gmt":"2024-12-02T18:47:12","guid":{"rendered":"https:\/\/noticiaempauta.com\/portal\/?p=264621"},"modified":"2024-12-02T16:03:15","modified_gmt":"2024-12-02T19:03:15","slug":"rafael-fonteles-entrega-restaurante-popular-do-dirceu-e-garante-outros-quatro-em-teresina-e-parnaiba","status":"publish","type":"post","link":"https:\/\/noticiaempauta.com\/portal\/rafael-fonteles-entrega-restaurante-popular-do-dirceu-e-garante-outros-quatro-em-teresina-e-parnaiba\/","title":{"rendered":"Rafael Fonteles entrega Restaurante Popular do Dirceu e garante outros quatro em Teresina e Parna\u00edba"},"content":{"rendered":"\n<p>A popula\u00e7\u00e3o do Grande Dirceu passa a contar, a partir desta segunda-feira (2), com o Restaurante Popular constru\u00eddo pelo Governo do Estado, atrav\u00e9s da Secretaria de Assist\u00eancia Social, Trabalho e Direitos Humanos (Sasc). No local, ser\u00e3o ofertadas at\u00e9 tr\u00eas mil refei\u00e7\u00f5es diariamente. Durante a solenidade de inaugura\u00e7\u00e3o, o governador Rafael Fonteles destacou a import\u00e2ncia da expans\u00e3o do servi\u00e7o, garantindo refei\u00e7\u00f5es de qualidade, especialmente para trabalhadores e popula\u00e7\u00e3o em situa\u00e7\u00e3o de rua.<\/p>\n\n\n\n<figure class=\"wp-block-image size-full\"><img fetchpriority=\"high\" decoding=\"async\" width=\"1000\" height=\"667\" src=\"https:\/\/noticiaempauta.com\/portal\/wp-content\/uploads\/2024\/12\/iulouhg.jpeg\" alt=\"\" class=\"wp-image-264622\" srcset=\"https:\/\/noticiaempauta.com\/portal\/wp-content\/uploads\/2024\/12\/iulouhg.jpeg 1000w, https:\/\/noticiaempauta.com\/portal\/wp-content\/uploads\/2024\/12\/iulouhg-300x200.jpeg 300w, https:\/\/noticiaempauta.com\/portal\/wp-content\/uploads\/2024\/12\/iulouhg-768x512.jpeg 768w\" sizes=\"(max-width: 1000px) 100vw, 1000px\" \/><\/figure>\n\n\n\n<p>&#8220;A gente est\u00e1 cuidando dos m\u00ednimos detalhes de cada item da cozinha para garantir essa comida de alt\u00edssima qualidade. Al\u00e9m de ser praticamente de gra\u00e7a, apenas R$ 1,00 com o almo\u00e7o e a janta e R$ 0,50 do caf\u00e9, n\u00f3s temos um conjunto de itens de qualidade que garantem essa nutri\u00e7\u00e3o adequada. A legisla\u00e7\u00e3o assegura que os nutricionistas garantam essa qualidade nutricional. N\u00f3s temos todo um zelo com a limpeza, com a higiene, com as normas de seguran\u00e7a, para garantir que a alimenta\u00e7\u00e3o seja muito saud\u00e1vel para aqueles que precisam&#8221;, explicou Rafael Fonteles.<\/p>\n\n\n\n<figure class=\"wp-block-image size-full\"><img decoding=\"async\" width=\"1000\" height=\"667\" src=\"https:\/\/noticiaempauta.com\/portal\/wp-content\/uploads\/2024\/12\/large_Whats_App_Image_2024_12_02_at_14_04_52_97d501c32d.jpeg\" alt=\"\" class=\"wp-image-264623\" srcset=\"https:\/\/noticiaempauta.com\/portal\/wp-content\/uploads\/2024\/12\/large_Whats_App_Image_2024_12_02_at_14_04_52_97d501c32d.jpeg 1000w, https:\/\/noticiaempauta.com\/portal\/wp-content\/uploads\/2024\/12\/large_Whats_App_Image_2024_12_02_at_14_04_52_97d501c32d-300x200.jpeg 300w, https:\/\/noticiaempauta.com\/portal\/wp-content\/uploads\/2024\/12\/large_Whats_App_Image_2024_12_02_at_14_04_52_97d501c32d-768x512.jpeg 768w\" sizes=\"(max-width: 1000px) 100vw, 1000px\" \/><\/figure>\n\n\n\n<p>Ainda de acordo com o governador, o Restaurante Popular ganhar\u00e1 tr\u00eas novas unidades em Teresina (nos bairros Santa Maria da Codipi, Promorar e M\u00e1rio Covas) e mais uma em Parna\u00edba. &#8220;Teremos cinco restaurantes, sendo quatro aqui em Teresina, um em cada zona da cidade, e um Parna\u00edba. Depois n\u00f3s vamos ampliar. S\u00e3o refei\u00e7\u00f5es para aqueles que realmente precisam dessa alimenta\u00e7\u00e3o, praticamente gratuita, para garantir seguran\u00e7a alimentar e nutricional&#8221;, afirmou.<\/p>\n\n\n\n<p>A secret\u00e1ria de Assist\u00eancia Social, Trabalho e Direitos Humanos, Regina Sousa, detalhou a amplia\u00e7\u00e3o desse servi\u00e7o, essencial para o cumprimento do compromisso estabelecido pelo Governo do Estado no combate \u00e0 fome. &#8220;Faz parte de um compromisso de governo do governador Rafael Fonteles com o ministro Wellington Dias e o presidente Lula, que lan\u00e7aram, aqui no Piau\u00ed, o programa Brasil Sem Fome. O compromisso do governador foi construir cinco restaurantes, inicialmente, para ajudar no combate \u00e0 fome, que est\u00e1 muito expl\u00edcito entre as pessoas que trabalham na rua ou em situa\u00e7\u00e3o de rua. A inten\u00e7\u00e3o \u00e9 que esse pessoal seja a clientela principal daqui&#8221;, completou.<\/p>\n\n\n\n<figure class=\"wp-block-image size-large\"><img decoding=\"async\" width=\"1024\" height=\"683\" src=\"https:\/\/noticiaempauta.com\/portal\/wp-content\/uploads\/2024\/12\/WhatsApp-Image-2024-12-02-at-14.04.56-1024x683.jpeg\" alt=\"\" class=\"wp-image-264625\" srcset=\"https:\/\/noticiaempauta.com\/portal\/wp-content\/uploads\/2024\/12\/WhatsApp-Image-2024-12-02-at-14.04.56-1024x683.jpeg 1024w, https:\/\/noticiaempauta.com\/portal\/wp-content\/uploads\/2024\/12\/WhatsApp-Image-2024-12-02-at-14.04.56-300x200.jpeg 300w, https:\/\/noticiaempauta.com\/portal\/wp-content\/uploads\/2024\/12\/WhatsApp-Image-2024-12-02-at-14.04.56-768x512.jpeg 768w, https:\/\/noticiaempauta.com\/portal\/wp-content\/uploads\/2024\/12\/WhatsApp-Image-2024-12-02-at-14.04.56-1536x1024.jpeg 1536w, https:\/\/noticiaempauta.com\/portal\/wp-content\/uploads\/2024\/12\/WhatsApp-Image-2024-12-02-at-14.04.56-2048x1366.jpeg 2048w\" sizes=\"(max-width: 1024px) 100vw, 1024px\" \/><\/figure>\n\n\n\n<p>A regi\u00e3o do Grande Dirceu foi contemplada com a unidade pelo p\u00fablico inscrito no Cad\u00danico. Segundo o l\u00edder comunit\u00e1rio Ricardo Campos, as refei\u00e7\u00f5es ofertadas a pre\u00e7os baixos v\u00e3o contribuir para qualidade de vida dos moradores e trabalhadores da regi\u00e3o.&nbsp;<\/p>\n\n\n\n<figure class=\"wp-block-image size-large\"><img loading=\"lazy\" decoding=\"async\" width=\"1024\" height=\"683\" src=\"https:\/\/noticiaempauta.com\/portal\/wp-content\/uploads\/2024\/12\/WhatsApp-Image-2024-12-02-at-14.04.57-1-1024x683.jpeg\" alt=\"\" class=\"wp-image-264624\" srcset=\"https:\/\/noticiaempauta.com\/portal\/wp-content\/uploads\/2024\/12\/WhatsApp-Image-2024-12-02-at-14.04.57-1-1024x683.jpeg 1024w, https:\/\/noticiaempauta.com\/portal\/wp-content\/uploads\/2024\/12\/WhatsApp-Image-2024-12-02-at-14.04.57-1-300x200.jpeg 300w, https:\/\/noticiaempauta.com\/portal\/wp-content\/uploads\/2024\/12\/WhatsApp-Image-2024-12-02-at-14.04.57-1-768x512.jpeg 768w, https:\/\/noticiaempauta.com\/portal\/wp-content\/uploads\/2024\/12\/WhatsApp-Image-2024-12-02-at-14.04.57-1-1536x1024.jpeg 1536w, https:\/\/noticiaempauta.com\/portal\/wp-content\/uploads\/2024\/12\/WhatsApp-Image-2024-12-02-at-14.04.57-1-2048x1366.jpeg 2048w\" sizes=\"(max-width: 1024px) 100vw, 1024px\" \/><\/figure>\n\n\n\n<p>&#8220;Aqui \u00e9 uma prova de que o governo est\u00e1 pensando na popula\u00e7\u00e3o, trazendo um alimento bom, barato e que vai servir, principalmente, para o comerci\u00e1rio. Todos ser\u00e3o contemplados com caf\u00e9 da manh\u00e3, almo\u00e7o e jantar, muito bom. \u00c9 muito bem-vinda essa obra. Vai ser fundamental o benef\u00edcio, principalmente para o trabalhador que, \u00e0s vezes, tinha que pagar um almo\u00e7o at\u00e9 de R$ 22,00, e simplesmente o almo\u00e7o vai cair para R$ 1,00. &nbsp;\u00c9 um benef\u00edcio muito grande para todos n\u00f3s&#8221;, &nbsp;comentou.<\/p>\n\n\n\n<p>O Restaurante Popular do Piau\u00ed &#8211; Dirceu fica localizado na Av. Jos\u00e9 de Almeida Neto, Qd-37, Casa 01 e 02, Bairro Dirceu I, Teresina (PI). A abertura ao p\u00fablico acontece a partir desta ter\u00e7a-feira (3).<\/p>\n\n\n\n<p><strong>Hor\u00e1rios de funcionamento<\/strong><\/p>\n\n\n\n<p>\u2022 &nbsp; &nbsp;Caf\u00e9 da manh\u00e3: 7h \u00e0s 8h30<br>\u2022 &nbsp; &nbsp;Almo\u00e7o: 11h \u00e0s 14h<br>\u2022 &nbsp; &nbsp;Jantar: 17h \u00e0s 19h<\/p>\n\n\n\n<p><strong>Card\u00e1pio<\/strong><\/p>\n\n\n\n<p>Caf\u00e9 da manh\u00e3<br>\u2022 &nbsp; &nbsp;1 fruta<br>\u2022 &nbsp; &nbsp;Caf\u00e9 com leite<br>\u2022 &nbsp; &nbsp;Cuscuz, p\u00e3o ou tapioca<br>\u2022 &nbsp; &nbsp;Ovo, carne mo\u00edda ou queijo<\/p>\n\n\n\n<p>Almo\u00e7o e jantar<br>\u2022 &nbsp; &nbsp;Arroz<br>\u2022 &nbsp; &nbsp;Feij\u00e3o<br>\u2022 &nbsp; &nbsp;Carne (op\u00e7\u00f5es: gado ou frango)<br>\u2022 &nbsp; &nbsp;Salada&nbsp;<\/p>\n\n\n\n<p>CCOM-PI<\/p>\n","protected":false},"excerpt":{"rendered":"<p>A popula\u00e7\u00e3o do Grande Dirceu passa a contar, a partir desta segunda-feira (2), com o Restaurante Popular constru\u00eddo pelo Governo do Estado, atrav\u00e9s da Secretaria de Assist\u00eancia Social, Trabalho e Direitos Humanos (Sasc). No local, ser\u00e3o ofertadas at\u00e9 tr\u00eas mil refei\u00e7\u00f5es diariamente. Durante a solenidade de inaugura\u00e7\u00e3o, o governador Rafael Fonteles destacou a import\u00e2ncia da [&hellip;]<\/p>\n","protected":false},"author":2,"featured_media":264622,"comment_status":"open","ping_status":"open","sticky":false,"template":"","format":"standard","meta":{"_mi_skip_tracking":false,"footnotes":""},"categories":[25,1,8,16],"tags":[],"class_list":["post-264621","post","type-post","status-publish","format-standard","has-post-thumbnail","hentry","category-destaques-site","category-geral","category-social","category-todas"],"acf":[],"yoast_head":"<!-- This site is optimized with the Yoast SEO Premium plugin v19.2 (Yoast SEO v26.9) - https:\/\/yoast.com\/product\/yoast-seo-premium-wordpress\/ -->\n<title>Rafael Fonteles entrega Restaurante Popular do Dirceu e garante outros quatro em Teresina e Parna\u00edba - Portal Not\u00edcia em Pauta<\/title>\n<meta name=\"robots\" content=\"index, follow, max-snippet:-1, max-image-preview:large, max-video-preview:-1\" \/>\n<link rel=\"canonical\" href=\"https:\/\/noticiaempauta.com\/portal\/rafael-fonteles-entrega-restaurante-popular-do-dirceu-e-garante-outros-quatro-em-teresina-e-parnaiba\/\" \/>\n<meta property=\"og:locale\" content=\"pt_BR\" \/>\n<meta property=\"og:type\" content=\"article\" \/>\n<meta property=\"og:title\" content=\"Rafael Fonteles entrega Restaurante Popular do Dirceu e garante outros quatro em Teresina e Parna\u00edba\" \/>\n<meta property=\"og:description\" content=\"A popula\u00e7\u00e3o do Grande Dirceu passa a contar, a partir desta segunda-feira (2), com o Restaurante Popular constru\u00eddo pelo Governo do Estado, atrav\u00e9s da Secretaria de Assist\u00eancia Social, Trabalho e Direitos Humanos (Sasc). No local, ser\u00e3o ofertadas at\u00e9 tr\u00eas mil refei\u00e7\u00f5es diariamente. Durante a solenidade de inaugura\u00e7\u00e3o, o governador Rafael Fonteles destacou a import\u00e2ncia da [&hellip;]\" \/>\n<meta property=\"og:url\" content=\"https:\/\/noticiaempauta.com\/portal\/rafael-fonteles-entrega-restaurante-popular-do-dirceu-e-garante-outros-quatro-em-teresina-e-parnaiba\/\" \/>\n<meta property=\"og:site_name\" content=\"Portal Not\u00edcia em Pauta\" \/>\n<meta property=\"article:publisher\" content=\"https:\/\/www.facebook.com\/Portal-Notcia-Em-Pauta-102292869264820\/\" \/>\n<meta property=\"article:published_time\" content=\"2024-12-02T18:47:12+00:00\" \/>\n<meta property=\"article:modified_time\" content=\"2024-12-02T19:03:15+00:00\" \/>\n<meta property=\"og:image\" content=\"https:\/\/noticiaempauta.com\/portal\/wp-content\/uploads\/2024\/12\/iulouhg.jpeg\" \/>\n\t<meta property=\"og:image:width\" content=\"1000\" \/>\n\t<meta property=\"og:image:height\" content=\"667\" \/>\n\t<meta property=\"og:image:type\" content=\"image\/jpeg\" \/>\n<meta name=\"author\" content=\"Reda\u00e7\u00e3o\" \/>\n<meta name=\"twitter:card\" content=\"summary_large_image\" \/>\n<meta name=\"twitter:label1\" content=\"Escrito por\" \/>\n\t<meta name=\"twitter:data1\" content=\"Reda\u00e7\u00e3o\" \/>\n\t<meta name=\"twitter:label2\" content=\"Est. tempo de leitura\" \/>\n\t<meta name=\"twitter:data2\" content=\"5 minutos\" \/>\n<script type=\"application\/ld+json\" class=\"yoast-schema-graph\">{\"@context\":\"https:\/\/schema.org\",\"@graph\":[{\"@type\":\"Article\",\"@id\":\"https:\/\/noticiaempauta.com\/portal\/rafael-fonteles-entrega-restaurante-popular-do-dirceu-e-garante-outros-quatro-em-teresina-e-parnaiba\/#article\",\"isPartOf\":{\"@id\":\"https:\/\/noticiaempauta.com\/portal\/rafael-fonteles-entrega-restaurante-popular-do-dirceu-e-garante-outros-quatro-em-teresina-e-parnaiba\/\"},\"author\":{\"name\":\"Reda\u00e7\u00e3o\",\"@id\":\"https:\/\/noticiaempauta.com\/portal\/#\/schema\/person\/a74af43dd1ab3deca45f988c717d57ac\"},\"headline\":\"Rafael Fonteles entrega Restaurante Popular do Dirceu e garante outros quatro em Teresina e Parna\u00edba\",\"datePublished\":\"2024-12-02T18:47:12+00:00\",\"dateModified\":\"2024-12-02T19:03:15+00:00\",\"mainEntityOfPage\":{\"@id\":\"https:\/\/noticiaempauta.com\/portal\/rafael-fonteles-entrega-restaurante-popular-do-dirceu-e-garante-outros-quatro-em-teresina-e-parnaiba\/\"},\"wordCount\":637,\"commentCount\":0,\"publisher\":{\"@id\":\"https:\/\/noticiaempauta.com\/portal\/#organization\"},\"image\":{\"@id\":\"https:\/\/noticiaempauta.com\/portal\/rafael-fonteles-entrega-restaurante-popular-do-dirceu-e-garante-outros-quatro-em-teresina-e-parnaiba\/#primaryimage\"},\"thumbnailUrl\":\"https:\/\/noticiaempauta.com\/portal\/wp-content\/uploads\/2024\/12\/iulouhg.jpeg\",\"articleSection\":[\"Destaques\",\"Geral\",\"Social\",\"Todas as Not\u00edcias\"],\"inLanguage\":\"pt-BR\",\"potentialAction\":[{\"@type\":\"CommentAction\",\"name\":\"Comment\",\"target\":[\"https:\/\/noticiaempauta.com\/portal\/rafael-fonteles-entrega-restaurante-popular-do-dirceu-e-garante-outros-quatro-em-teresina-e-parnaiba\/#respond\"]}]},{\"@type\":\"WebPage\",\"@id\":\"https:\/\/noticiaempauta.com\/portal\/rafael-fonteles-entrega-restaurante-popular-do-dirceu-e-garante-outros-quatro-em-teresina-e-parnaiba\/\",\"url\":\"https:\/\/noticiaempauta.com\/portal\/rafael-fonteles-entrega-restaurante-popular-do-dirceu-e-garante-outros-quatro-em-teresina-e-parnaiba\/\",\"name\":\"Rafael Fonteles entrega Restaurante Popular do Dirceu e garante outros quatro em Teresina e Parna\u00edba - Portal Not\u00edcia em Pauta\",\"isPartOf\":{\"@id\":\"https:\/\/noticiaempauta.com\/portal\/#website\"},\"primaryImageOfPage\":{\"@id\":\"https:\/\/noticiaempauta.com\/portal\/rafael-fonteles-entrega-restaurante-popular-do-dirceu-e-garante-outros-quatro-em-teresina-e-parnaiba\/#primaryimage\"},\"image\":{\"@id\":\"https:\/\/noticiaempauta.com\/portal\/rafael-fonteles-entrega-restaurante-popular-do-dirceu-e-garante-outros-quatro-em-teresina-e-parnaiba\/#primaryimage\"},\"thumbnailUrl\":\"https:\/\/noticiaempauta.com\/portal\/wp-content\/uploads\/2024\/12\/iulouhg.jpeg\",\"datePublished\":\"2024-12-02T18:47:12+00:00\",\"dateModified\":\"2024-12-02T19:03:15+00:00\",\"breadcrumb\":{\"@id\":\"https:\/\/noticiaempauta.com\/portal\/rafael-fonteles-entrega-restaurante-popular-do-dirceu-e-garante-outros-quatro-em-teresina-e-parnaiba\/#breadcrumb\"},\"inLanguage\":\"pt-BR\",\"potentialAction\":[{\"@type\":\"ReadAction\",\"target\":[\"https:\/\/noticiaempauta.com\/portal\/rafael-fonteles-entrega-restaurante-popular-do-dirceu-e-garante-outros-quatro-em-teresina-e-parnaiba\/\"]}]},{\"@type\":\"ImageObject\",\"inLanguage\":\"pt-BR\",\"@id\":\"https:\/\/noticiaempauta.com\/portal\/rafael-fonteles-entrega-restaurante-popular-do-dirceu-e-garante-outros-quatro-em-teresina-e-parnaiba\/#primaryimage\",\"url\":\"https:\/\/noticiaempauta.com\/portal\/wp-content\/uploads\/2024\/12\/iulouhg.jpeg\",\"contentUrl\":\"https:\/\/noticiaempauta.com\/portal\/wp-content\/uploads\/2024\/12\/iulouhg.jpeg\",\"width\":1000,\"height\":667},{\"@type\":\"BreadcrumbList\",\"@id\":\"https:\/\/noticiaempauta.com\/portal\/rafael-fonteles-entrega-restaurante-popular-do-dirceu-e-garante-outros-quatro-em-teresina-e-parnaiba\/#breadcrumb\",\"itemListElement\":[{\"@type\":\"ListItem\",\"position\":1,\"name\":\"P\u00e1gina Inicial\",\"item\":\"https:\/\/noticiaempauta.com\/portal\/\"},{\"@type\":\"ListItem\",\"position\":2,\"name\":\"Destaques\",\"item\":\"https:\/\/noticiaempauta.com\/portal\/destaques-site\/\"},{\"@type\":\"ListItem\",\"position\":3,\"name\":\"Rafael Fonteles entrega Restaurante Popular do Dirceu e garante outros quatro em Teresina e Parna\u00edba\"}]},{\"@type\":\"WebSite\",\"@id\":\"https:\/\/noticiaempauta.com\/portal\/#website\",\"url\":\"https:\/\/noticiaempauta.com\/portal\/\",\"name\":\"Portal Not\u00edcia em Pauta\",\"description\":\"Voc\u00ea bem informado\",\"publisher\":{\"@id\":\"https:\/\/noticiaempauta.com\/portal\/#organization\"},\"potentialAction\":[{\"@type\":\"SearchAction\",\"target\":{\"@type\":\"EntryPoint\",\"urlTemplate\":\"https:\/\/noticiaempauta.com\/portal\/?s={search_term_string}\"},\"query-input\":{\"@type\":\"PropertyValueSpecification\",\"valueRequired\":true,\"valueName\":\"search_term_string\"}}],\"inLanguage\":\"pt-BR\"},{\"@type\":\"Organization\",\"@id\":\"https:\/\/noticiaempauta.com\/portal\/#organization\",\"name\":\"Portal Not\u00edcia em Pauta\",\"url\":\"https:\/\/noticiaempauta.com\/portal\/\",\"logo\":{\"@type\":\"ImageObject\",\"inLanguage\":\"pt-BR\",\"@id\":\"https:\/\/noticiaempauta.com\/portal\/#\/schema\/logo\/image\/\",\"url\":\"https:\/\/noticiaempauta.com\/portal\/wp-content\/uploads\/2022\/08\/logomarca_tema.fw_.png\",\"contentUrl\":\"https:\/\/noticiaempauta.com\/portal\/wp-content\/uploads\/2022\/08\/logomarca_tema.fw_.png\",\"width\":400,\"height\":232,\"caption\":\"Portal Not\u00edcia em Pauta\"},\"image\":{\"@id\":\"https:\/\/noticiaempauta.com\/portal\/#\/schema\/logo\/image\/\"},\"sameAs\":[\"https:\/\/www.facebook.com\/Portal-Notcia-Em-Pauta-102292869264820\/\",\"https:\/\/www.instagram.com\/portalnoticiaempauta\/\"]},{\"@type\":\"Person\",\"@id\":\"https:\/\/noticiaempauta.com\/portal\/#\/schema\/person\/a74af43dd1ab3deca45f988c717d57ac\",\"name\":\"Reda\u00e7\u00e3o\",\"image\":{\"@type\":\"ImageObject\",\"inLanguage\":\"pt-BR\",\"@id\":\"https:\/\/noticiaempauta.com\/portal\/#\/schema\/person\/image\/\",\"url\":\"https:\/\/secure.gravatar.com\/avatar\/03179346ecce6cdfc13361603e8f54242a90e5cde8618fa23c5c00aa2b0aadf3?s=96&d=mm&r=g\",\"contentUrl\":\"https:\/\/secure.gravatar.com\/avatar\/03179346ecce6cdfc13361603e8f54242a90e5cde8618fa23c5c00aa2b0aadf3?s=96&d=mm&r=g\",\"caption\":\"Reda\u00e7\u00e3o\"},\"sameAs\":[\"https:\/\/noticiaempauta.com\/portal\/\"],\"url\":\"https:\/\/noticiaempauta.com\/portal\/author\/fernando\/\"}]}<\/script>\n<!-- \/ Yoast SEO Premium plugin. -->","yoast_head_json":{"title":"Rafael Fonteles entrega Restaurante Popular do Dirceu e garante outros quatro em Teresina e Parna\u00edba - Portal Not\u00edcia em Pauta","robots":{"index":"index","follow":"follow","max-snippet":"max-snippet:-1","max-image-preview":"max-image-preview:large","max-video-preview":"max-video-preview:-1"},"canonical":"https:\/\/noticiaempauta.com\/portal\/rafael-fonteles-entrega-restaurante-popular-do-dirceu-e-garante-outros-quatro-em-teresina-e-parnaiba\/","og_locale":"pt_BR","og_type":"article","og_title":"Rafael Fonteles entrega Restaurante Popular do Dirceu e garante outros quatro em Teresina e Parna\u00edba","og_description":"A popula\u00e7\u00e3o do Grande Dirceu passa a contar, a partir desta segunda-feira (2), com o Restaurante Popular constru\u00eddo pelo Governo do Estado, atrav\u00e9s da Secretaria de Assist\u00eancia Social, Trabalho e Direitos Humanos (Sasc). No local, ser\u00e3o ofertadas at\u00e9 tr\u00eas mil refei\u00e7\u00f5es diariamente. Durante a solenidade de inaugura\u00e7\u00e3o, o governador Rafael Fonteles destacou a import\u00e2ncia da [&hellip;]","og_url":"https:\/\/noticiaempauta.com\/portal\/rafael-fonteles-entrega-restaurante-popular-do-dirceu-e-garante-outros-quatro-em-teresina-e-parnaiba\/","og_site_name":"Portal Not\u00edcia em Pauta","article_publisher":"https:\/\/www.facebook.com\/Portal-Notcia-Em-Pauta-102292869264820\/","article_published_time":"2024-12-02T18:47:12+00:00","article_modified_time":"2024-12-02T19:03:15+00:00","og_image":[{"width":1000,"height":667,"url":"https:\/\/noticiaempauta.com\/portal\/wp-content\/uploads\/2024\/12\/iulouhg.jpeg","type":"image\/jpeg"}],"author":"Reda\u00e7\u00e3o","twitter_card":"summary_large_image","twitter_misc":{"Escrito por":"Reda\u00e7\u00e3o","Est. tempo de leitura":"5 minutos"},"schema":{"@context":"https:\/\/schema.org","@graph":[{"@type":"Article","@id":"https:\/\/noticiaempauta.com\/portal\/rafael-fonteles-entrega-restaurante-popular-do-dirceu-e-garante-outros-quatro-em-teresina-e-parnaiba\/#article","isPartOf":{"@id":"https:\/\/noticiaempauta.com\/portal\/rafael-fonteles-entrega-restaurante-popular-do-dirceu-e-garante-outros-quatro-em-teresina-e-parnaiba\/"},"author":{"name":"Reda\u00e7\u00e3o","@id":"https:\/\/noticiaempauta.com\/portal\/#\/schema\/person\/a74af43dd1ab3deca45f988c717d57ac"},"headline":"Rafael Fonteles entrega Restaurante Popular do Dirceu e garante outros quatro em Teresina e Parna\u00edba","datePublished":"2024-12-02T18:47:12+00:00","dateModified":"2024-12-02T19:03:15+00:00","mainEntityOfPage":{"@id":"https:\/\/noticiaempauta.com\/portal\/rafael-fonteles-entrega-restaurante-popular-do-dirceu-e-garante-outros-quatro-em-teresina-e-parnaiba\/"},"wordCount":637,"commentCount":0,"publisher":{"@id":"https:\/\/noticiaempauta.com\/portal\/#organization"},"image":{"@id":"https:\/\/noticiaempauta.com\/portal\/rafael-fonteles-entrega-restaurante-popular-do-dirceu-e-garante-outros-quatro-em-teresina-e-parnaiba\/#primaryimage"},"thumbnailUrl":"https:\/\/noticiaempauta.com\/portal\/wp-content\/uploads\/2024\/12\/iulouhg.jpeg","articleSection":["Destaques","Geral","Social","Todas as Not\u00edcias"],"inLanguage":"pt-BR","potentialAction":[{"@type":"CommentAction","name":"Comment","target":["https:\/\/noticiaempauta.com\/portal\/rafael-fonteles-entrega-restaurante-popular-do-dirceu-e-garante-outros-quatro-em-teresina-e-parnaiba\/#respond"]}]},{"@type":"WebPage","@id":"https:\/\/noticiaempauta.com\/portal\/rafael-fonteles-entrega-restaurante-popular-do-dirceu-e-garante-outros-quatro-em-teresina-e-parnaiba\/","url":"https:\/\/noticiaempauta.com\/portal\/rafael-fonteles-entrega-restaurante-popular-do-dirceu-e-garante-outros-quatro-em-teresina-e-parnaiba\/","name":"Rafael Fonteles entrega Restaurante Popular do Dirceu e garante outros quatro em Teresina e Parna\u00edba - Portal Not\u00edcia em Pauta","isPartOf":{"@id":"https:\/\/noticiaempauta.com\/portal\/#website"},"primaryImageOfPage":{"@id":"https:\/\/noticiaempauta.com\/portal\/rafael-fonteles-entrega-restaurante-popular-do-dirceu-e-garante-outros-quatro-em-teresina-e-parnaiba\/#primaryimage"},"image":{"@id":"https:\/\/noticiaempauta.com\/portal\/rafael-fonteles-entrega-restaurante-popular-do-dirceu-e-garante-outros-quatro-em-teresina-e-parnaiba\/#primaryimage"},"thumbnailUrl":"https:\/\/noticiaempauta.com\/portal\/wp-content\/uploads\/2024\/12\/iulouhg.jpeg","datePublished":"2024-12-02T18:47:12+00:00","dateModified":"2024-12-02T19:03:15+00:00","breadcrumb":{"@id":"https:\/\/noticiaempauta.com\/portal\/rafael-fonteles-entrega-restaurante-popular-do-dirceu-e-garante-outros-quatro-em-teresina-e-parnaiba\/#breadcrumb"},"inLanguage":"pt-BR","potentialAction":[{"@type":"ReadAction","target":["https:\/\/noticiaempauta.com\/portal\/rafael-fonteles-entrega-restaurante-popular-do-dirceu-e-garante-outros-quatro-em-teresina-e-parnaiba\/"]}]},{"@type":"ImageObject","inLanguage":"pt-BR","@id":"https:\/\/noticiaempauta.com\/portal\/rafael-fonteles-entrega-restaurante-popular-do-dirceu-e-garante-outros-quatro-em-teresina-e-parnaiba\/#primaryimage","url":"https:\/\/noticiaempauta.com\/portal\/wp-content\/uploads\/2024\/12\/iulouhg.jpeg","contentUrl":"https:\/\/noticiaempauta.com\/portal\/wp-content\/uploads\/2024\/12\/iulouhg.jpeg","width":1000,"height":667},{"@type":"BreadcrumbList","@id":"https:\/\/noticiaempauta.com\/portal\/rafael-fonteles-entrega-restaurante-popular-do-dirceu-e-garante-outros-quatro-em-teresina-e-parnaiba\/#breadcrumb","itemListElement":[{"@type":"ListItem","position":1,"name":"P\u00e1gina Inicial","item":"https:\/\/noticiaempauta.com\/portal\/"},{"@type":"ListItem","position":2,"name":"Destaques","item":"https:\/\/noticiaempauta.com\/portal\/destaques-site\/"},{"@type":"ListItem","position":3,"name":"Rafael Fonteles entrega Restaurante Popular do Dirceu e garante outros quatro em Teresina e Parna\u00edba"}]},{"@type":"WebSite","@id":"https:\/\/noticiaempauta.com\/portal\/#website","url":"https:\/\/noticiaempauta.com\/portal\/","name":"Portal Not\u00edcia em Pauta","description":"Voc\u00ea bem informado","publisher":{"@id":"https:\/\/noticiaempauta.com\/portal\/#organization"},"potentialAction":[{"@type":"SearchAction","target":{"@type":"EntryPoint","urlTemplate":"https:\/\/noticiaempauta.com\/portal\/?s={search_term_string}"},"query-input":{"@type":"PropertyValueSpecification","valueRequired":true,"valueName":"search_term_string"}}],"inLanguage":"pt-BR"},{"@type":"Organization","@id":"https:\/\/noticiaempauta.com\/portal\/#organization","name":"Portal Not\u00edcia em Pauta","url":"https:\/\/noticiaempauta.com\/portal\/","logo":{"@type":"ImageObject","inLanguage":"pt-BR","@id":"https:\/\/noticiaempauta.com\/portal\/#\/schema\/logo\/image\/","url":"https:\/\/noticiaempauta.com\/portal\/wp-content\/uploads\/2022\/08\/logomarca_tema.fw_.png","contentUrl":"https:\/\/noticiaempauta.com\/portal\/wp-content\/uploads\/2022\/08\/logomarca_tema.fw_.png","width":400,"height":232,"caption":"Portal Not\u00edcia em Pauta"},"image":{"@id":"https:\/\/noticiaempauta.com\/portal\/#\/schema\/logo\/image\/"},"sameAs":["https:\/\/www.facebook.com\/Portal-Notcia-Em-Pauta-102292869264820\/","https:\/\/www.instagram.com\/portalnoticiaempauta\/"]},{"@type":"Person","@id":"https:\/\/noticiaempauta.com\/portal\/#\/schema\/person\/a74af43dd1ab3deca45f988c717d57ac","name":"Reda\u00e7\u00e3o","image":{"@type":"ImageObject","inLanguage":"pt-BR","@id":"https:\/\/noticiaempauta.com\/portal\/#\/schema\/person\/image\/","url":"https:\/\/secure.gravatar.com\/avatar\/03179346ecce6cdfc13361603e8f54242a90e5cde8618fa23c5c00aa2b0aadf3?s=96&d=mm&r=g","contentUrl":"https:\/\/secure.gravatar.com\/avatar\/03179346ecce6cdfc13361603e8f54242a90e5cde8618fa23c5c00aa2b0aadf3?s=96&d=mm&r=g","caption":"Reda\u00e7\u00e3o"},"sameAs":["https:\/\/noticiaempauta.com\/portal\/"],"url":"https:\/\/noticiaempauta.com\/portal\/author\/fernando\/"}]}},"_links":{"self":[{"href":"https:\/\/noticiaempauta.com\/portal\/wp-json\/wp\/v2\/posts\/264621","targetHints":{"allow":["GET"]}}],"collection":[{"href":"https:\/\/noticiaempauta.com\/portal\/wp-json\/wp\/v2\/posts"}],"about":[{"href":"https:\/\/noticiaempauta.com\/portal\/wp-json\/wp\/v2\/types\/post"}],"author":[{"embeddable":true,"href":"https:\/\/noticiaempauta.com\/portal\/wp-json\/wp\/v2\/users\/2"}],"replies":[{"embeddable":true,"href":"https:\/\/noticiaempauta.com\/portal\/wp-json\/wp\/v2\/comments?post=264621"}],"version-history":[{"count":2,"href":"https:\/\/noticiaempauta.com\/portal\/wp-json\/wp\/v2\/posts\/264621\/revisions"}],"predecessor-version":[{"id":264627,"href":"https:\/\/noticiaempauta.com\/portal\/wp-json\/wp\/v2\/posts\/264621\/revisions\/264627"}],"wp:featuredmedia":[{"embeddable":true,"href":"https:\/\/noticiaempauta.com\/portal\/wp-json\/wp\/v2\/media\/264622"}],"wp:attachment":[{"href":"https:\/\/noticiaempauta.com\/portal\/wp-json\/wp\/v2\/media?parent=264621"}],"wp:term":[{"taxonomy":"category","embeddable":true,"href":"https:\/\/noticiaempauta.com\/portal\/wp-json\/wp\/v2\/categories?post=264621"},{"taxonomy":"post_tag","embeddable":true,"href":"https:\/\/noticiaempauta.com\/portal\/wp-json\/wp\/v2\/tags?post=264621"}],"curies":[{"name":"wp","href":"https:\/\/api.w.org\/{rel}","templated":true}]}}