{"id":264634,"date":"2024-12-03T09:27:23","date_gmt":"2024-12-03T12:27:23","guid":{"rendered":"https:\/\/noticiaempauta.com\/portal\/?p=264634"},"modified":"2024-12-03T09:27:24","modified_gmt":"2024-12-03T12:27:24","slug":"seduc-abre-inscricoes-para-teste-seletivo-em-22-escolas-de-tempo-integral-e-educacao-profissional","status":"publish","type":"post","link":"https:\/\/noticiaempauta.com\/portal\/seduc-abre-inscricoes-para-teste-seletivo-em-22-escolas-de-tempo-integral-e-educacao-profissional\/","title":{"rendered":"Seduc abre inscri\u00e7\u00f5es para teste seletivo em 22 escolas de tempo integral e educa\u00e7\u00e3o profissional"},"content":{"rendered":"\n<p>As inscri\u00e7\u00f5es para o teste seletivo 2025 em 22 escolas de Tempo Integral e de Educa\u00e7\u00e3o Profissional da rede estadual seguem at\u00e9 8 de dezembro. O processo \u00e9 gratuito e pode ser feito pelo site&nbsp;<a target=\"_blank\" rel=\"noreferrer noopener\" href=\"https:\/\/pidigital.pi.gov.br\/app\/app-seduc-matricula\"><u>https:\/\/pidigital.pi.gov.br\/app\/app-seduc-matricula<\/u><\/a>. Os candidatos sem acesso \u00e0 internet devem procurar a secretaria da escola desejada para realizar a inscri\u00e7\u00e3o utilizando os laborat\u00f3rios de inform\u00e1tica dispon\u00edveis no per\u00edodo indicado.<\/p>\n\n\n\n<figure class=\"wp-block-image size-full\"><img fetchpriority=\"high\" decoding=\"async\" width=\"1000\" height=\"631\" src=\"https:\/\/noticiaempauta.com\/portal\/wp-content\/uploads\/2024\/12\/large_Inscricoes_Testes_seletivos_26386f92d4.jpeg\" alt=\"\" class=\"wp-image-264635\" srcset=\"https:\/\/noticiaempauta.com\/portal\/wp-content\/uploads\/2024\/12\/large_Inscricoes_Testes_seletivos_26386f92d4.jpeg 1000w, https:\/\/noticiaempauta.com\/portal\/wp-content\/uploads\/2024\/12\/large_Inscricoes_Testes_seletivos_26386f92d4-300x189.jpeg 300w, https:\/\/noticiaempauta.com\/portal\/wp-content\/uploads\/2024\/12\/large_Inscricoes_Testes_seletivos_26386f92d4-768x485.jpeg 768w\" sizes=\"(max-width: 1000px) 100vw, 1000px\" \/><\/figure>\n\n\n\n<p>A prova ser\u00e1 presencial e est\u00e1 marcada para 12 de dezembro. A lista dos locais de aplica\u00e7\u00e3o ser\u00e1 divulgada nas redes sociais e murais das escolas participantes. O resultado ser\u00e1 publicado em 20 de dezembro no site da Seduc, redes sociais das escolas e nos murais das institui\u00e7\u00f5es.<\/p>\n\n\n\n<p>Os candidatos aprovados devem efetuar a matr\u00edcula presencial entre 21 e 27 de dezembro de 2024, respeitando os hor\u00e1rios de funcionamento de cada unidade escolar. Aqueles que n\u00e3o comparecerem, no per\u00edodo e nos hor\u00e1rios destinados \u00e0 matr\u00edcula, ser\u00e3o considerados desistentes, sendo convocado outro candidato, seguindo a ordem de classifica\u00e7\u00e3o.<\/p>\n\n\n\n<p>Os estudantes que n\u00e3o forem aprovados no teste dever\u00e3o procurar uma outra escola e fazer sua matricula pelo site site&nbsp;<a href=\"https:\/\/www.pi.gov.br\/noticia\/seduc-abre-inscricoes-para-teste-seletivo-em-22-escolas-de-tempo-integral-e-educacao-profissional-1\" target=\"_blank\" rel=\"noreferrer noopener\">www.seduc.pi.gov.br\/matricula<\/a>.<\/p>\n\n\n\n<p>Mais informa\u00e7\u00f5es e o edital completo est\u00e3o dispon\u00edveis no portal da Seduc.<\/p>\n\n\n\n<p><strong>Confira a rela\u00e7\u00e3o das escolas:<\/strong><\/p>\n\n\n\n<p><strong>Teresina:<\/strong><\/p>\n\n\n\n<p>&#8211; Ceti Zacarias de G\u00f3is \u2013 Liceu Piauiense<\/p>\n\n\n\n<p>&#8211; CEEP Prefeito Jo\u00e3o Mendes Ol\u00edmpio de Melo &#8211; Premen Norte<\/p>\n\n\n\n<p>&#8211; Ceti &nbsp;Jo\u00e3o Henrique de Almeida Sousa<\/p>\n\n\n\n<p>&#8211; CEEP Monsenhor Jos\u00e9 Luis Barbosa Cortez &#8211; Premen Sul<\/p>\n\n\n\n<p>&#8211; Ceti &nbsp;Governador Dirceu Mendes Arcoverde<\/p>\n\n\n\n<p>&#8211; Ceti &nbsp;Did\u00e1cio Silva<\/p>\n\n\n\n<p>&#8211; Ceti Professor Raldir Cavalcante Bastos<\/p>\n\n\n\n<p>&#8211; CEEP Jos\u00e9 Pac\u00edfico de Moura Neto<\/p>\n\n\n\n<p><strong>Parna\u00edba:<\/strong><\/p>\n\n\n\n<p>&#8211; CEEP Liceu Parnaibano<\/p>\n\n\n\n<p>&#8211; CEEP Ministro Petr\u00f4nio Portela<\/p>\n\n\n\n<p><strong>Barras:\u00a0<\/strong><\/p>\n\n\n\n<p>CEEPRU Professora Maria de Jesus Carvalho<\/p>\n\n\n\n<p><strong>Luzil\u00e2ndia:\u00a0<\/strong><\/p>\n\n\n\n<p>Ceti &nbsp;Professora Cleonice de Castro Teles<\/p>\n\n\n\n<p><strong>Esperantina:\u00a0<\/strong><\/p>\n\n\n\n<p>CEEP Leonardo das Dores<\/p>\n\n\n\n<p><strong>Piripiri:\u00a0<\/strong><\/p>\n\n\n\n<p>Ceti &nbsp;Jos\u00e9 Narciso da Rocha Filho<\/p>\n\n\n\n<p><strong>Piracuruca:\u00a0<\/strong><\/p>\n\n\n\n<p>Ceti &nbsp;In\u00eas Rocha<\/p>\n\n\n\n<p><strong>Valen\u00e7a:\u00a0<\/strong><\/p>\n\n\n\n<p>Ceti Dona Maria Antonieta Torres dos Reis Veloso<\/p>\n\n\n\n<p><strong>Floriano:\u00a0<\/strong><\/p>\n\n\n\n<p>CEEP Calisto Lobo<\/p>\n\n\n\n<p><strong>Uru\u00e7u\u00ed:\u00a0<\/strong><\/p>\n\n\n\n<p>Ceti Maria Pires Lima<\/p>\n\n\n\n<p><strong>S\u00e3o Raimundo Nonato:<\/strong><\/p>\n\n\n\n<p>&#8211; CEEP Normal Gerc\u00edlio de Castro Macedo<\/p>\n\n\n\n<p>-Ceti &nbsp;Moderna<\/p>\n\n\n\n<p><strong>Corrente:\u00a0<\/strong><\/p>\n\n\n\n<p>Ceti &nbsp;Dr. Dion\u00edsio Rodrigues Nogueira<\/p>\n\n\n\n<p><strong>Altos:\u00a0<\/strong><\/p>\n\n\n\n<p>Ceti Rama Boa<\/p>\n","protected":false},"excerpt":{"rendered":"<p>As inscri\u00e7\u00f5es para o teste seletivo 2025 em 22 escolas de Tempo Integral e de Educa\u00e7\u00e3o Profissional da rede estadual seguem at\u00e9 8 de dezembro. O processo \u00e9 gratuito e pode ser feito pelo site&nbsp;https:\/\/pidigital.pi.gov.br\/app\/app-seduc-matricula. Os candidatos sem acesso \u00e0 internet devem procurar a secretaria da escola desejada para realizar a inscri\u00e7\u00e3o utilizando os laborat\u00f3rios [&hellip;]<\/p>\n","protected":false},"author":2,"featured_media":264635,"comment_status":"open","ping_status":"open","sticky":false,"template":"","format":"standard","meta":{"_mi_skip_tracking":false,"footnotes":""},"categories":[25,1,9,16],"tags":[192],"class_list":["post-264634","post","type-post","status-publish","format-standard","has-post-thumbnail","hentry","category-destaques-site","category-geral","category-municipios","category-todas","tag-destaqueprincipal"],"acf":[],"yoast_head":"<!-- This site is optimized with the Yoast SEO Premium plugin v19.2 (Yoast SEO v26.9) - https:\/\/yoast.com\/product\/yoast-seo-premium-wordpress\/ -->\n<title>Seduc abre inscri\u00e7\u00f5es para teste seletivo em 22 escolas de tempo integral e educa\u00e7\u00e3o profissional - Portal Not\u00edcia em Pauta<\/title>\n<meta name=\"robots\" content=\"index, follow, max-snippet:-1, max-image-preview:large, max-video-preview:-1\" \/>\n<link rel=\"canonical\" href=\"https:\/\/noticiaempauta.com\/portal\/seduc-abre-inscricoes-para-teste-seletivo-em-22-escolas-de-tempo-integral-e-educacao-profissional\/\" \/>\n<meta property=\"og:locale\" content=\"pt_BR\" \/>\n<meta property=\"og:type\" content=\"article\" \/>\n<meta property=\"og:title\" content=\"Seduc abre inscri\u00e7\u00f5es para teste seletivo em 22 escolas de tempo integral e educa\u00e7\u00e3o profissional\" \/>\n<meta property=\"og:description\" content=\"As inscri\u00e7\u00f5es para o teste seletivo 2025 em 22 escolas de Tempo Integral e de Educa\u00e7\u00e3o Profissional da rede estadual seguem at\u00e9 8 de dezembro. O processo \u00e9 gratuito e pode ser feito pelo site&nbsp;https:\/\/pidigital.pi.gov.br\/app\/app-seduc-matricula. Os candidatos sem acesso \u00e0 internet devem procurar a secretaria da escola desejada para realizar a inscri\u00e7\u00e3o utilizando os laborat\u00f3rios [&hellip;]\" \/>\n<meta property=\"og:url\" content=\"https:\/\/noticiaempauta.com\/portal\/seduc-abre-inscricoes-para-teste-seletivo-em-22-escolas-de-tempo-integral-e-educacao-profissional\/\" \/>\n<meta property=\"og:site_name\" content=\"Portal Not\u00edcia em Pauta\" \/>\n<meta property=\"article:publisher\" content=\"https:\/\/www.facebook.com\/Portal-Notcia-Em-Pauta-102292869264820\/\" \/>\n<meta property=\"article:published_time\" content=\"2024-12-03T12:27:23+00:00\" \/>\n<meta property=\"article:modified_time\" content=\"2024-12-03T12:27:24+00:00\" \/>\n<meta property=\"og:image\" content=\"https:\/\/noticiaempauta.com\/portal\/wp-content\/uploads\/2024\/12\/large_Inscricoes_Testes_seletivos_26386f92d4.jpeg\" \/>\n\t<meta property=\"og:image:width\" content=\"1000\" \/>\n\t<meta property=\"og:image:height\" content=\"631\" \/>\n\t<meta property=\"og:image:type\" content=\"image\/jpeg\" \/>\n<meta name=\"author\" content=\"Reda\u00e7\u00e3o\" \/>\n<meta name=\"twitter:card\" content=\"summary_large_image\" \/>\n<meta name=\"twitter:label1\" content=\"Escrito por\" \/>\n\t<meta name=\"twitter:data1\" content=\"Reda\u00e7\u00e3o\" \/>\n\t<meta name=\"twitter:label2\" content=\"Est. tempo de leitura\" \/>\n\t<meta name=\"twitter:data2\" content=\"3 minutos\" \/>\n<script type=\"application\/ld+json\" class=\"yoast-schema-graph\">{\"@context\":\"https:\/\/schema.org\",\"@graph\":[{\"@type\":\"Article\",\"@id\":\"https:\/\/noticiaempauta.com\/portal\/seduc-abre-inscricoes-para-teste-seletivo-em-22-escolas-de-tempo-integral-e-educacao-profissional\/#article\",\"isPartOf\":{\"@id\":\"https:\/\/noticiaempauta.com\/portal\/seduc-abre-inscricoes-para-teste-seletivo-em-22-escolas-de-tempo-integral-e-educacao-profissional\/\"},\"author\":{\"name\":\"Reda\u00e7\u00e3o\",\"@id\":\"https:\/\/noticiaempauta.com\/portal\/#\/schema\/person\/a74af43dd1ab3deca45f988c717d57ac\"},\"headline\":\"Seduc abre inscri\u00e7\u00f5es para teste seletivo em 22 escolas de tempo integral e educa\u00e7\u00e3o profissional\",\"datePublished\":\"2024-12-03T12:27:23+00:00\",\"dateModified\":\"2024-12-03T12:27:24+00:00\",\"mainEntityOfPage\":{\"@id\":\"https:\/\/noticiaempauta.com\/portal\/seduc-abre-inscricoes-para-teste-seletivo-em-22-escolas-de-tempo-integral-e-educacao-profissional\/\"},\"wordCount\":400,\"commentCount\":0,\"publisher\":{\"@id\":\"https:\/\/noticiaempauta.com\/portal\/#organization\"},\"image\":{\"@id\":\"https:\/\/noticiaempauta.com\/portal\/seduc-abre-inscricoes-para-teste-seletivo-em-22-escolas-de-tempo-integral-e-educacao-profissional\/#primaryimage\"},\"thumbnailUrl\":\"https:\/\/noticiaempauta.com\/portal\/wp-content\/uploads\/2024\/12\/large_Inscricoes_Testes_seletivos_26386f92d4.jpeg\",\"keywords\":[\"destaqueprincipal\"],\"articleSection\":[\"Destaques\",\"Geral\",\"Munic\u00edpios\",\"Todas as Not\u00edcias\"],\"inLanguage\":\"pt-BR\",\"potentialAction\":[{\"@type\":\"CommentAction\",\"name\":\"Comment\",\"target\":[\"https:\/\/noticiaempauta.com\/portal\/seduc-abre-inscricoes-para-teste-seletivo-em-22-escolas-de-tempo-integral-e-educacao-profissional\/#respond\"]}]},{\"@type\":\"WebPage\",\"@id\":\"https:\/\/noticiaempauta.com\/portal\/seduc-abre-inscricoes-para-teste-seletivo-em-22-escolas-de-tempo-integral-e-educacao-profissional\/\",\"url\":\"https:\/\/noticiaempauta.com\/portal\/seduc-abre-inscricoes-para-teste-seletivo-em-22-escolas-de-tempo-integral-e-educacao-profissional\/\",\"name\":\"Seduc abre inscri\u00e7\u00f5es para teste seletivo em 22 escolas de tempo integral e educa\u00e7\u00e3o profissional - Portal Not\u00edcia em Pauta\",\"isPartOf\":{\"@id\":\"https:\/\/noticiaempauta.com\/portal\/#website\"},\"primaryImageOfPage\":{\"@id\":\"https:\/\/noticiaempauta.com\/portal\/seduc-abre-inscricoes-para-teste-seletivo-em-22-escolas-de-tempo-integral-e-educacao-profissional\/#primaryimage\"},\"image\":{\"@id\":\"https:\/\/noticiaempauta.com\/portal\/seduc-abre-inscricoes-para-teste-seletivo-em-22-escolas-de-tempo-integral-e-educacao-profissional\/#primaryimage\"},\"thumbnailUrl\":\"https:\/\/noticiaempauta.com\/portal\/wp-content\/uploads\/2024\/12\/large_Inscricoes_Testes_seletivos_26386f92d4.jpeg\",\"datePublished\":\"2024-12-03T12:27:23+00:00\",\"dateModified\":\"2024-12-03T12:27:24+00:00\",\"breadcrumb\":{\"@id\":\"https:\/\/noticiaempauta.com\/portal\/seduc-abre-inscricoes-para-teste-seletivo-em-22-escolas-de-tempo-integral-e-educacao-profissional\/#breadcrumb\"},\"inLanguage\":\"pt-BR\",\"potentialAction\":[{\"@type\":\"ReadAction\",\"target\":[\"https:\/\/noticiaempauta.com\/portal\/seduc-abre-inscricoes-para-teste-seletivo-em-22-escolas-de-tempo-integral-e-educacao-profissional\/\"]}]},{\"@type\":\"ImageObject\",\"inLanguage\":\"pt-BR\",\"@id\":\"https:\/\/noticiaempauta.com\/portal\/seduc-abre-inscricoes-para-teste-seletivo-em-22-escolas-de-tempo-integral-e-educacao-profissional\/#primaryimage\",\"url\":\"https:\/\/noticiaempauta.com\/portal\/wp-content\/uploads\/2024\/12\/large_Inscricoes_Testes_seletivos_26386f92d4.jpeg\",\"contentUrl\":\"https:\/\/noticiaempauta.com\/portal\/wp-content\/uploads\/2024\/12\/large_Inscricoes_Testes_seletivos_26386f92d4.jpeg\",\"width\":1000,\"height\":631},{\"@type\":\"BreadcrumbList\",\"@id\":\"https:\/\/noticiaempauta.com\/portal\/seduc-abre-inscricoes-para-teste-seletivo-em-22-escolas-de-tempo-integral-e-educacao-profissional\/#breadcrumb\",\"itemListElement\":[{\"@type\":\"ListItem\",\"position\":1,\"name\":\"P\u00e1gina Inicial\",\"item\":\"https:\/\/noticiaempauta.com\/portal\/\"},{\"@type\":\"ListItem\",\"position\":2,\"name\":\"Destaques\",\"item\":\"https:\/\/noticiaempauta.com\/portal\/destaques-site\/\"},{\"@type\":\"ListItem\",\"position\":3,\"name\":\"Seduc abre inscri\u00e7\u00f5es para teste seletivo em 22 escolas de tempo integral e educa\u00e7\u00e3o profissional\"}]},{\"@type\":\"WebSite\",\"@id\":\"https:\/\/noticiaempauta.com\/portal\/#website\",\"url\":\"https:\/\/noticiaempauta.com\/portal\/\",\"name\":\"Portal Not\u00edcia em Pauta\",\"description\":\"Voc\u00ea bem informado\",\"publisher\":{\"@id\":\"https:\/\/noticiaempauta.com\/portal\/#organization\"},\"potentialAction\":[{\"@type\":\"SearchAction\",\"target\":{\"@type\":\"EntryPoint\",\"urlTemplate\":\"https:\/\/noticiaempauta.com\/portal\/?s={search_term_string}\"},\"query-input\":{\"@type\":\"PropertyValueSpecification\",\"valueRequired\":true,\"valueName\":\"search_term_string\"}}],\"inLanguage\":\"pt-BR\"},{\"@type\":\"Organization\",\"@id\":\"https:\/\/noticiaempauta.com\/portal\/#organization\",\"name\":\"Portal Not\u00edcia em Pauta\",\"url\":\"https:\/\/noticiaempauta.com\/portal\/\",\"logo\":{\"@type\":\"ImageObject\",\"inLanguage\":\"pt-BR\",\"@id\":\"https:\/\/noticiaempauta.com\/portal\/#\/schema\/logo\/image\/\",\"url\":\"https:\/\/noticiaempauta.com\/portal\/wp-content\/uploads\/2022\/08\/logomarca_tema.fw_.png\",\"contentUrl\":\"https:\/\/noticiaempauta.com\/portal\/wp-content\/uploads\/2022\/08\/logomarca_tema.fw_.png\",\"width\":400,\"height\":232,\"caption\":\"Portal Not\u00edcia em Pauta\"},\"image\":{\"@id\":\"https:\/\/noticiaempauta.com\/portal\/#\/schema\/logo\/image\/\"},\"sameAs\":[\"https:\/\/www.facebook.com\/Portal-Notcia-Em-Pauta-102292869264820\/\",\"https:\/\/www.instagram.com\/portalnoticiaempauta\/\"]},{\"@type\":\"Person\",\"@id\":\"https:\/\/noticiaempauta.com\/portal\/#\/schema\/person\/a74af43dd1ab3deca45f988c717d57ac\",\"name\":\"Reda\u00e7\u00e3o\",\"image\":{\"@type\":\"ImageObject\",\"inLanguage\":\"pt-BR\",\"@id\":\"https:\/\/noticiaempauta.com\/portal\/#\/schema\/person\/image\/\",\"url\":\"https:\/\/secure.gravatar.com\/avatar\/03179346ecce6cdfc13361603e8f54242a90e5cde8618fa23c5c00aa2b0aadf3?s=96&d=mm&r=g\",\"contentUrl\":\"https:\/\/secure.gravatar.com\/avatar\/03179346ecce6cdfc13361603e8f54242a90e5cde8618fa23c5c00aa2b0aadf3?s=96&d=mm&r=g\",\"caption\":\"Reda\u00e7\u00e3o\"},\"sameAs\":[\"https:\/\/noticiaempauta.com\/portal\/\"],\"url\":\"https:\/\/noticiaempauta.com\/portal\/author\/fernando\/\"}]}<\/script>\n<!-- \/ Yoast SEO Premium plugin. -->","yoast_head_json":{"title":"Seduc abre inscri\u00e7\u00f5es para teste seletivo em 22 escolas de tempo integral e educa\u00e7\u00e3o profissional - Portal Not\u00edcia em Pauta","robots":{"index":"index","follow":"follow","max-snippet":"max-snippet:-1","max-image-preview":"max-image-preview:large","max-video-preview":"max-video-preview:-1"},"canonical":"https:\/\/noticiaempauta.com\/portal\/seduc-abre-inscricoes-para-teste-seletivo-em-22-escolas-de-tempo-integral-e-educacao-profissional\/","og_locale":"pt_BR","og_type":"article","og_title":"Seduc abre inscri\u00e7\u00f5es para teste seletivo em 22 escolas de tempo integral e educa\u00e7\u00e3o profissional","og_description":"As inscri\u00e7\u00f5es para o teste seletivo 2025 em 22 escolas de Tempo Integral e de Educa\u00e7\u00e3o Profissional da rede estadual seguem at\u00e9 8 de dezembro. O processo \u00e9 gratuito e pode ser feito pelo site&nbsp;https:\/\/pidigital.pi.gov.br\/app\/app-seduc-matricula. Os candidatos sem acesso \u00e0 internet devem procurar a secretaria da escola desejada para realizar a inscri\u00e7\u00e3o utilizando os laborat\u00f3rios [&hellip;]","og_url":"https:\/\/noticiaempauta.com\/portal\/seduc-abre-inscricoes-para-teste-seletivo-em-22-escolas-de-tempo-integral-e-educacao-profissional\/","og_site_name":"Portal Not\u00edcia em Pauta","article_publisher":"https:\/\/www.facebook.com\/Portal-Notcia-Em-Pauta-102292869264820\/","article_published_time":"2024-12-03T12:27:23+00:00","article_modified_time":"2024-12-03T12:27:24+00:00","og_image":[{"width":1000,"height":631,"url":"https:\/\/noticiaempauta.com\/portal\/wp-content\/uploads\/2024\/12\/large_Inscricoes_Testes_seletivos_26386f92d4.jpeg","type":"image\/jpeg"}],"author":"Reda\u00e7\u00e3o","twitter_card":"summary_large_image","twitter_misc":{"Escrito por":"Reda\u00e7\u00e3o","Est. tempo de leitura":"3 minutos"},"schema":{"@context":"https:\/\/schema.org","@graph":[{"@type":"Article","@id":"https:\/\/noticiaempauta.com\/portal\/seduc-abre-inscricoes-para-teste-seletivo-em-22-escolas-de-tempo-integral-e-educacao-profissional\/#article","isPartOf":{"@id":"https:\/\/noticiaempauta.com\/portal\/seduc-abre-inscricoes-para-teste-seletivo-em-22-escolas-de-tempo-integral-e-educacao-profissional\/"},"author":{"name":"Reda\u00e7\u00e3o","@id":"https:\/\/noticiaempauta.com\/portal\/#\/schema\/person\/a74af43dd1ab3deca45f988c717d57ac"},"headline":"Seduc abre inscri\u00e7\u00f5es para teste seletivo em 22 escolas de tempo integral e educa\u00e7\u00e3o profissional","datePublished":"2024-12-03T12:27:23+00:00","dateModified":"2024-12-03T12:27:24+00:00","mainEntityOfPage":{"@id":"https:\/\/noticiaempauta.com\/portal\/seduc-abre-inscricoes-para-teste-seletivo-em-22-escolas-de-tempo-integral-e-educacao-profissional\/"},"wordCount":400,"commentCount":0,"publisher":{"@id":"https:\/\/noticiaempauta.com\/portal\/#organization"},"image":{"@id":"https:\/\/noticiaempauta.com\/portal\/seduc-abre-inscricoes-para-teste-seletivo-em-22-escolas-de-tempo-integral-e-educacao-profissional\/#primaryimage"},"thumbnailUrl":"https:\/\/noticiaempauta.com\/portal\/wp-content\/uploads\/2024\/12\/large_Inscricoes_Testes_seletivos_26386f92d4.jpeg","keywords":["destaqueprincipal"],"articleSection":["Destaques","Geral","Munic\u00edpios","Todas as Not\u00edcias"],"inLanguage":"pt-BR","potentialAction":[{"@type":"CommentAction","name":"Comment","target":["https:\/\/noticiaempauta.com\/portal\/seduc-abre-inscricoes-para-teste-seletivo-em-22-escolas-de-tempo-integral-e-educacao-profissional\/#respond"]}]},{"@type":"WebPage","@id":"https:\/\/noticiaempauta.com\/portal\/seduc-abre-inscricoes-para-teste-seletivo-em-22-escolas-de-tempo-integral-e-educacao-profissional\/","url":"https:\/\/noticiaempauta.com\/portal\/seduc-abre-inscricoes-para-teste-seletivo-em-22-escolas-de-tempo-integral-e-educacao-profissional\/","name":"Seduc abre inscri\u00e7\u00f5es para teste seletivo em 22 escolas de tempo integral e educa\u00e7\u00e3o profissional - Portal Not\u00edcia em Pauta","isPartOf":{"@id":"https:\/\/noticiaempauta.com\/portal\/#website"},"primaryImageOfPage":{"@id":"https:\/\/noticiaempauta.com\/portal\/seduc-abre-inscricoes-para-teste-seletivo-em-22-escolas-de-tempo-integral-e-educacao-profissional\/#primaryimage"},"image":{"@id":"https:\/\/noticiaempauta.com\/portal\/seduc-abre-inscricoes-para-teste-seletivo-em-22-escolas-de-tempo-integral-e-educacao-profissional\/#primaryimage"},"thumbnailUrl":"https:\/\/noticiaempauta.com\/portal\/wp-content\/uploads\/2024\/12\/large_Inscricoes_Testes_seletivos_26386f92d4.jpeg","datePublished":"2024-12-03T12:27:23+00:00","dateModified":"2024-12-03T12:27:24+00:00","breadcrumb":{"@id":"https:\/\/noticiaempauta.com\/portal\/seduc-abre-inscricoes-para-teste-seletivo-em-22-escolas-de-tempo-integral-e-educacao-profissional\/#breadcrumb"},"inLanguage":"pt-BR","potentialAction":[{"@type":"ReadAction","target":["https:\/\/noticiaempauta.com\/portal\/seduc-abre-inscricoes-para-teste-seletivo-em-22-escolas-de-tempo-integral-e-educacao-profissional\/"]}]},{"@type":"ImageObject","inLanguage":"pt-BR","@id":"https:\/\/noticiaempauta.com\/portal\/seduc-abre-inscricoes-para-teste-seletivo-em-22-escolas-de-tempo-integral-e-educacao-profissional\/#primaryimage","url":"https:\/\/noticiaempauta.com\/portal\/wp-content\/uploads\/2024\/12\/large_Inscricoes_Testes_seletivos_26386f92d4.jpeg","contentUrl":"https:\/\/noticiaempauta.com\/portal\/wp-content\/uploads\/2024\/12\/large_Inscricoes_Testes_seletivos_26386f92d4.jpeg","width":1000,"height":631},{"@type":"BreadcrumbList","@id":"https:\/\/noticiaempauta.com\/portal\/seduc-abre-inscricoes-para-teste-seletivo-em-22-escolas-de-tempo-integral-e-educacao-profissional\/#breadcrumb","itemListElement":[{"@type":"ListItem","position":1,"name":"P\u00e1gina Inicial","item":"https:\/\/noticiaempauta.com\/portal\/"},{"@type":"ListItem","position":2,"name":"Destaques","item":"https:\/\/noticiaempauta.com\/portal\/destaques-site\/"},{"@type":"ListItem","position":3,"name":"Seduc abre inscri\u00e7\u00f5es para teste seletivo em 22 escolas de tempo integral e educa\u00e7\u00e3o profissional"}]},{"@type":"WebSite","@id":"https:\/\/noticiaempauta.com\/portal\/#website","url":"https:\/\/noticiaempauta.com\/portal\/","name":"Portal Not\u00edcia em Pauta","description":"Voc\u00ea bem informado","publisher":{"@id":"https:\/\/noticiaempauta.com\/portal\/#organization"},"potentialAction":[{"@type":"SearchAction","target":{"@type":"EntryPoint","urlTemplate":"https:\/\/noticiaempauta.com\/portal\/?s={search_term_string}"},"query-input":{"@type":"PropertyValueSpecification","valueRequired":true,"valueName":"search_term_string"}}],"inLanguage":"pt-BR"},{"@type":"Organization","@id":"https:\/\/noticiaempauta.com\/portal\/#organization","name":"Portal Not\u00edcia em Pauta","url":"https:\/\/noticiaempauta.com\/portal\/","logo":{"@type":"ImageObject","inLanguage":"pt-BR","@id":"https:\/\/noticiaempauta.com\/portal\/#\/schema\/logo\/image\/","url":"https:\/\/noticiaempauta.com\/portal\/wp-content\/uploads\/2022\/08\/logomarca_tema.fw_.png","contentUrl":"https:\/\/noticiaempauta.com\/portal\/wp-content\/uploads\/2022\/08\/logomarca_tema.fw_.png","width":400,"height":232,"caption":"Portal Not\u00edcia em Pauta"},"image":{"@id":"https:\/\/noticiaempauta.com\/portal\/#\/schema\/logo\/image\/"},"sameAs":["https:\/\/www.facebook.com\/Portal-Notcia-Em-Pauta-102292869264820\/","https:\/\/www.instagram.com\/portalnoticiaempauta\/"]},{"@type":"Person","@id":"https:\/\/noticiaempauta.com\/portal\/#\/schema\/person\/a74af43dd1ab3deca45f988c717d57ac","name":"Reda\u00e7\u00e3o","image":{"@type":"ImageObject","inLanguage":"pt-BR","@id":"https:\/\/noticiaempauta.com\/portal\/#\/schema\/person\/image\/","url":"https:\/\/secure.gravatar.com\/avatar\/03179346ecce6cdfc13361603e8f54242a90e5cde8618fa23c5c00aa2b0aadf3?s=96&d=mm&r=g","contentUrl":"https:\/\/secure.gravatar.com\/avatar\/03179346ecce6cdfc13361603e8f54242a90e5cde8618fa23c5c00aa2b0aadf3?s=96&d=mm&r=g","caption":"Reda\u00e7\u00e3o"},"sameAs":["https:\/\/noticiaempauta.com\/portal\/"],"url":"https:\/\/noticiaempauta.com\/portal\/author\/fernando\/"}]}},"_links":{"self":[{"href":"https:\/\/noticiaempauta.com\/portal\/wp-json\/wp\/v2\/posts\/264634","targetHints":{"allow":["GET"]}}],"collection":[{"href":"https:\/\/noticiaempauta.com\/portal\/wp-json\/wp\/v2\/posts"}],"about":[{"href":"https:\/\/noticiaempauta.com\/portal\/wp-json\/wp\/v2\/types\/post"}],"author":[{"embeddable":true,"href":"https:\/\/noticiaempauta.com\/portal\/wp-json\/wp\/v2\/users\/2"}],"replies":[{"embeddable":true,"href":"https:\/\/noticiaempauta.com\/portal\/wp-json\/wp\/v2\/comments?post=264634"}],"version-history":[{"count":2,"href":"https:\/\/noticiaempauta.com\/portal\/wp-json\/wp\/v2\/posts\/264634\/revisions"}],"predecessor-version":[{"id":264637,"href":"https:\/\/noticiaempauta.com\/portal\/wp-json\/wp\/v2\/posts\/264634\/revisions\/264637"}],"wp:featuredmedia":[{"embeddable":true,"href":"https:\/\/noticiaempauta.com\/portal\/wp-json\/wp\/v2\/media\/264635"}],"wp:attachment":[{"href":"https:\/\/noticiaempauta.com\/portal\/wp-json\/wp\/v2\/media?parent=264634"}],"wp:term":[{"taxonomy":"category","embeddable":true,"href":"https:\/\/noticiaempauta.com\/portal\/wp-json\/wp\/v2\/categories?post=264634"},{"taxonomy":"post_tag","embeddable":true,"href":"https:\/\/noticiaempauta.com\/portal\/wp-json\/wp\/v2\/tags?post=264634"}],"curies":[{"name":"wp","href":"https:\/\/api.w.org\/{rel}","templated":true}]}}