{"id":264643,"date":"2024-12-03T10:02:55","date_gmt":"2024-12-03T13:02:55","guid":{"rendered":"https:\/\/noticiaempauta.com\/portal\/?p=264643"},"modified":"2024-12-03T10:02:57","modified_gmt":"2024-12-03T13:02:57","slug":"mdb-e-psd-decidem-manter-fusao-cruzada-apos-reuniao","status":"publish","type":"post","link":"https:\/\/noticiaempauta.com\/portal\/mdb-e-psd-decidem-manter-fusao-cruzada-apos-reuniao\/","title":{"rendered":"MDB e PSD decidem manter fus\u00e3o cruzada ap\u00f3s reuni\u00e3o"},"content":{"rendered":"\n<p>Durante reuni\u00e3o na manh\u00e3 desta segunda-feira (02) a bancada do MDB e parlamentares aliados do PSD decidiram manter a fus\u00e3o cruzada entre as duas siglas para a elei\u00e7\u00e3o geral de 2026. Recentemente interlocutores das duas legendas levantaram a possibilidade de encerrar o acordo que indicou todos os candidatos a deputado estadual no MDB e todos os deputados federais no PSD.&nbsp;&nbsp;<\/p>\n\n\n\n<figure class=\"wp-block-image size-full\"><img fetchpriority=\"high\" decoding=\"async\" width=\"790\" height=\"550\" src=\"https:\/\/noticiaempauta.com\/portal\/wp-content\/uploads\/2024\/12\/34d61dc34d862b08129de138084d0a73.jpg\" alt=\"\" class=\"wp-image-264645\" srcset=\"https:\/\/noticiaempauta.com\/portal\/wp-content\/uploads\/2024\/12\/34d61dc34d862b08129de138084d0a73.jpg 790w, https:\/\/noticiaempauta.com\/portal\/wp-content\/uploads\/2024\/12\/34d61dc34d862b08129de138084d0a73-300x209.jpg 300w, https:\/\/noticiaempauta.com\/portal\/wp-content\/uploads\/2024\/12\/34d61dc34d862b08129de138084d0a73-768x535.jpg 768w\" sizes=\"(max-width: 790px) 100vw, 790px\" \/><figcaption class=\"wp-element-caption\">(Fotos: Tarcio Cruz)<\/figcaption><\/figure>\n\n\n\n<p>No encontro as siglas refor\u00e7aram tamb\u00e9m a defesa que os dois partidos indiquem cargos majorit\u00e1rios na chapa do governo. Marcelo Castro, presidente do MDB no Piau\u00ed, comentou sobre o encontro.&nbsp;<\/p>\n\n\n\n<p>\u201cFoi para gente discutir a forma\u00e7\u00e3o da chapa proporcional de deputado estadual e deputado federal. Como voc\u00eas sabem, n\u00f3s temos aqui uma coliga\u00e7\u00e3o cruzada com o PSD. Ent\u00e3o a nossa inten\u00e7\u00e3o do MDB \u00e9 manter essa coliga\u00e7\u00e3o que n\u00f3s fizemos na elei\u00e7\u00e3o passada. E esteve presente aqui o Georgiano Neto, que \u00e9 do MDB, mas que vem do PSD, a opini\u00e3o de todos, favor\u00e1veis, tanto de um lado quanto do outro, de continuar essa coliga\u00e7\u00e3o, os deputados estaduais pelo MDB e os deputados federais pelo PSD. Foi uma primeira reuni\u00e3o, mas de declara\u00e7\u00f5es, de inten\u00e7\u00f5es, evidente que muitas outras reuni\u00f5es se seguir\u00e3o. E isso s\u00f3 ir\u00e1 se concretizar no futuro, mas h\u00e1, de ambas as partes, uma inten\u00e7\u00e3o de continuar essa coliga\u00e7\u00e3o cruzada\u201d, afirmou.&nbsp;<\/p>\n\n\n\n<figure class=\"wp-block-image size-full\"><img decoding=\"async\" width=\"790\" height=\"550\" src=\"https:\/\/noticiaempauta.com\/portal\/wp-content\/uploads\/2024\/12\/f821b02181c677a1f49432718631680e.jpg\" alt=\"\" class=\"wp-image-264644\" srcset=\"https:\/\/noticiaempauta.com\/portal\/wp-content\/uploads\/2024\/12\/f821b02181c677a1f49432718631680e.jpg 790w, https:\/\/noticiaempauta.com\/portal\/wp-content\/uploads\/2024\/12\/f821b02181c677a1f49432718631680e-300x209.jpg 300w, https:\/\/noticiaempauta.com\/portal\/wp-content\/uploads\/2024\/12\/f821b02181c677a1f49432718631680e-768x535.jpg 768w\" sizes=\"(max-width: 790px) 100vw, 790px\" \/><\/figure>\n\n\n\n<p>Um dos principais l\u00edderes do PSD, o deputado Georgiano Neto valorizou o entendimento.&nbsp;<\/p>\n\n\n\n<p>\u201cOlha, tivemos uma reuni\u00e3o importante na manh\u00e3 de hoje, coordenada aqui pelo senador Marcelo Castro, pelo vice-governador Them\u00edstocles. O PSD e o MDB, assim como fizeram em 2022, devem manter esse bom entendimento, tanto na quest\u00e3o proporcional quanto na quest\u00e3o majorit\u00e1ria para 2026. Eu acho que est\u00e1 muito claro para todo mundo, inclusive j\u00e1 dito pelo governador Rafael, que PSD e MDB devem participar da chapa maior. Majorit\u00e1ria em 2026, pela representatividade que tem aqui no Estado, pelos resultados obtidos nas \u00faltimas elei\u00e7\u00f5es municipais e aqui uma primeira reuni\u00e3o, acredito que outras reuni\u00f5es devem acontecer\u201d, finalizou.<\/p>\n\n\n\n<p>Fonte: Cidade Verde<\/p>\n","protected":false},"excerpt":{"rendered":"<p>Durante reuni\u00e3o na manh\u00e3 desta segunda-feira (02) a bancada do MDB e parlamentares aliados do PSD decidiram manter a fus\u00e3o cruzada entre as duas siglas para a elei\u00e7\u00e3o geral de 2026. Recentemente interlocutores das duas legendas levantaram a possibilidade de encerrar o acordo que indicou todos os candidatos a deputado estadual no MDB e todos [&hellip;]<\/p>\n","protected":false},"author":2,"featured_media":264645,"comment_status":"open","ping_status":"open","sticky":false,"template":"","format":"standard","meta":{"_mi_skip_tracking":false,"footnotes":""},"categories":[25,1,3,16],"tags":[192],"class_list":["post-264643","post","type-post","status-publish","format-standard","has-post-thumbnail","hentry","category-destaques-site","category-geral","category-politica","category-todas","tag-destaqueprincipal"],"acf":[],"yoast_head":"<!-- This site is optimized with the Yoast SEO Premium plugin v19.2 (Yoast SEO v26.9) - https:\/\/yoast.com\/product\/yoast-seo-premium-wordpress\/ -->\n<title>MDB e PSD decidem manter fus\u00e3o cruzada ap\u00f3s reuni\u00e3o - Portal Not\u00edcia em Pauta<\/title>\n<meta name=\"robots\" content=\"index, follow, max-snippet:-1, max-image-preview:large, max-video-preview:-1\" \/>\n<link rel=\"canonical\" href=\"https:\/\/noticiaempauta.com\/portal\/mdb-e-psd-decidem-manter-fusao-cruzada-apos-reuniao\/\" \/>\n<meta property=\"og:locale\" content=\"pt_BR\" \/>\n<meta property=\"og:type\" content=\"article\" \/>\n<meta property=\"og:title\" content=\"MDB e PSD decidem manter fus\u00e3o cruzada ap\u00f3s reuni\u00e3o\" \/>\n<meta property=\"og:description\" content=\"Durante reuni\u00e3o na manh\u00e3 desta segunda-feira (02) a bancada do MDB e parlamentares aliados do PSD decidiram manter a fus\u00e3o cruzada entre as duas siglas para a elei\u00e7\u00e3o geral de 2026. Recentemente interlocutores das duas legendas levantaram a possibilidade de encerrar o acordo que indicou todos os candidatos a deputado estadual no MDB e todos [&hellip;]\" \/>\n<meta property=\"og:url\" content=\"https:\/\/noticiaempauta.com\/portal\/mdb-e-psd-decidem-manter-fusao-cruzada-apos-reuniao\/\" \/>\n<meta property=\"og:site_name\" content=\"Portal Not\u00edcia em Pauta\" \/>\n<meta property=\"article:publisher\" content=\"https:\/\/www.facebook.com\/Portal-Notcia-Em-Pauta-102292869264820\/\" \/>\n<meta property=\"article:published_time\" content=\"2024-12-03T13:02:55+00:00\" \/>\n<meta property=\"article:modified_time\" content=\"2024-12-03T13:02:57+00:00\" \/>\n<meta property=\"og:image\" content=\"https:\/\/noticiaempauta.com\/portal\/wp-content\/uploads\/2024\/12\/34d61dc34d862b08129de138084d0a73.jpg\" \/>\n\t<meta property=\"og:image:width\" content=\"790\" \/>\n\t<meta property=\"og:image:height\" content=\"550\" \/>\n\t<meta property=\"og:image:type\" content=\"image\/jpeg\" \/>\n<meta name=\"author\" content=\"Reda\u00e7\u00e3o\" \/>\n<meta name=\"twitter:card\" content=\"summary_large_image\" \/>\n<meta name=\"twitter:label1\" content=\"Escrito por\" \/>\n\t<meta name=\"twitter:data1\" content=\"Reda\u00e7\u00e3o\" \/>\n\t<meta name=\"twitter:label2\" content=\"Est. tempo de leitura\" \/>\n\t<meta name=\"twitter:data2\" content=\"3 minutos\" \/>\n<script type=\"application\/ld+json\" class=\"yoast-schema-graph\">{\"@context\":\"https:\/\/schema.org\",\"@graph\":[{\"@type\":\"Article\",\"@id\":\"https:\/\/noticiaempauta.com\/portal\/mdb-e-psd-decidem-manter-fusao-cruzada-apos-reuniao\/#article\",\"isPartOf\":{\"@id\":\"https:\/\/noticiaempauta.com\/portal\/mdb-e-psd-decidem-manter-fusao-cruzada-apos-reuniao\/\"},\"author\":{\"name\":\"Reda\u00e7\u00e3o\",\"@id\":\"https:\/\/noticiaempauta.com\/portal\/#\/schema\/person\/a74af43dd1ab3deca45f988c717d57ac\"},\"headline\":\"MDB e PSD decidem manter fus\u00e3o cruzada ap\u00f3s reuni\u00e3o\",\"datePublished\":\"2024-12-03T13:02:55+00:00\",\"dateModified\":\"2024-12-03T13:02:57+00:00\",\"mainEntityOfPage\":{\"@id\":\"https:\/\/noticiaempauta.com\/portal\/mdb-e-psd-decidem-manter-fusao-cruzada-apos-reuniao\/\"},\"wordCount\":374,\"commentCount\":0,\"publisher\":{\"@id\":\"https:\/\/noticiaempauta.com\/portal\/#organization\"},\"image\":{\"@id\":\"https:\/\/noticiaempauta.com\/portal\/mdb-e-psd-decidem-manter-fusao-cruzada-apos-reuniao\/#primaryimage\"},\"thumbnailUrl\":\"https:\/\/noticiaempauta.com\/portal\/wp-content\/uploads\/2024\/12\/34d61dc34d862b08129de138084d0a73.jpg\",\"keywords\":[\"destaqueprincipal\"],\"articleSection\":[\"Destaques\",\"Geral\",\"Pol\u00edtica\",\"Todas as Not\u00edcias\"],\"inLanguage\":\"pt-BR\",\"potentialAction\":[{\"@type\":\"CommentAction\",\"name\":\"Comment\",\"target\":[\"https:\/\/noticiaempauta.com\/portal\/mdb-e-psd-decidem-manter-fusao-cruzada-apos-reuniao\/#respond\"]}]},{\"@type\":\"WebPage\",\"@id\":\"https:\/\/noticiaempauta.com\/portal\/mdb-e-psd-decidem-manter-fusao-cruzada-apos-reuniao\/\",\"url\":\"https:\/\/noticiaempauta.com\/portal\/mdb-e-psd-decidem-manter-fusao-cruzada-apos-reuniao\/\",\"name\":\"MDB e PSD decidem manter fus\u00e3o cruzada ap\u00f3s reuni\u00e3o - Portal Not\u00edcia em Pauta\",\"isPartOf\":{\"@id\":\"https:\/\/noticiaempauta.com\/portal\/#website\"},\"primaryImageOfPage\":{\"@id\":\"https:\/\/noticiaempauta.com\/portal\/mdb-e-psd-decidem-manter-fusao-cruzada-apos-reuniao\/#primaryimage\"},\"image\":{\"@id\":\"https:\/\/noticiaempauta.com\/portal\/mdb-e-psd-decidem-manter-fusao-cruzada-apos-reuniao\/#primaryimage\"},\"thumbnailUrl\":\"https:\/\/noticiaempauta.com\/portal\/wp-content\/uploads\/2024\/12\/34d61dc34d862b08129de138084d0a73.jpg\",\"datePublished\":\"2024-12-03T13:02:55+00:00\",\"dateModified\":\"2024-12-03T13:02:57+00:00\",\"breadcrumb\":{\"@id\":\"https:\/\/noticiaempauta.com\/portal\/mdb-e-psd-decidem-manter-fusao-cruzada-apos-reuniao\/#breadcrumb\"},\"inLanguage\":\"pt-BR\",\"potentialAction\":[{\"@type\":\"ReadAction\",\"target\":[\"https:\/\/noticiaempauta.com\/portal\/mdb-e-psd-decidem-manter-fusao-cruzada-apos-reuniao\/\"]}]},{\"@type\":\"ImageObject\",\"inLanguage\":\"pt-BR\",\"@id\":\"https:\/\/noticiaempauta.com\/portal\/mdb-e-psd-decidem-manter-fusao-cruzada-apos-reuniao\/#primaryimage\",\"url\":\"https:\/\/noticiaempauta.com\/portal\/wp-content\/uploads\/2024\/12\/34d61dc34d862b08129de138084d0a73.jpg\",\"contentUrl\":\"https:\/\/noticiaempauta.com\/portal\/wp-content\/uploads\/2024\/12\/34d61dc34d862b08129de138084d0a73.jpg\",\"width\":790,\"height\":550},{\"@type\":\"BreadcrumbList\",\"@id\":\"https:\/\/noticiaempauta.com\/portal\/mdb-e-psd-decidem-manter-fusao-cruzada-apos-reuniao\/#breadcrumb\",\"itemListElement\":[{\"@type\":\"ListItem\",\"position\":1,\"name\":\"P\u00e1gina Inicial\",\"item\":\"https:\/\/noticiaempauta.com\/portal\/\"},{\"@type\":\"ListItem\",\"position\":2,\"name\":\"Destaques\",\"item\":\"https:\/\/noticiaempauta.com\/portal\/destaques-site\/\"},{\"@type\":\"ListItem\",\"position\":3,\"name\":\"MDB e PSD decidem manter fus\u00e3o cruzada ap\u00f3s reuni\u00e3o\"}]},{\"@type\":\"WebSite\",\"@id\":\"https:\/\/noticiaempauta.com\/portal\/#website\",\"url\":\"https:\/\/noticiaempauta.com\/portal\/\",\"name\":\"Portal Not\u00edcia em Pauta\",\"description\":\"Voc\u00ea bem informado\",\"publisher\":{\"@id\":\"https:\/\/noticiaempauta.com\/portal\/#organization\"},\"potentialAction\":[{\"@type\":\"SearchAction\",\"target\":{\"@type\":\"EntryPoint\",\"urlTemplate\":\"https:\/\/noticiaempauta.com\/portal\/?s={search_term_string}\"},\"query-input\":{\"@type\":\"PropertyValueSpecification\",\"valueRequired\":true,\"valueName\":\"search_term_string\"}}],\"inLanguage\":\"pt-BR\"},{\"@type\":\"Organization\",\"@id\":\"https:\/\/noticiaempauta.com\/portal\/#organization\",\"name\":\"Portal Not\u00edcia em Pauta\",\"url\":\"https:\/\/noticiaempauta.com\/portal\/\",\"logo\":{\"@type\":\"ImageObject\",\"inLanguage\":\"pt-BR\",\"@id\":\"https:\/\/noticiaempauta.com\/portal\/#\/schema\/logo\/image\/\",\"url\":\"https:\/\/noticiaempauta.com\/portal\/wp-content\/uploads\/2022\/08\/logomarca_tema.fw_.png\",\"contentUrl\":\"https:\/\/noticiaempauta.com\/portal\/wp-content\/uploads\/2022\/08\/logomarca_tema.fw_.png\",\"width\":400,\"height\":232,\"caption\":\"Portal Not\u00edcia em Pauta\"},\"image\":{\"@id\":\"https:\/\/noticiaempauta.com\/portal\/#\/schema\/logo\/image\/\"},\"sameAs\":[\"https:\/\/www.facebook.com\/Portal-Notcia-Em-Pauta-102292869264820\/\",\"https:\/\/www.instagram.com\/portalnoticiaempauta\/\"]},{\"@type\":\"Person\",\"@id\":\"https:\/\/noticiaempauta.com\/portal\/#\/schema\/person\/a74af43dd1ab3deca45f988c717d57ac\",\"name\":\"Reda\u00e7\u00e3o\",\"image\":{\"@type\":\"ImageObject\",\"inLanguage\":\"pt-BR\",\"@id\":\"https:\/\/noticiaempauta.com\/portal\/#\/schema\/person\/image\/\",\"url\":\"https:\/\/secure.gravatar.com\/avatar\/03179346ecce6cdfc13361603e8f54242a90e5cde8618fa23c5c00aa2b0aadf3?s=96&d=mm&r=g\",\"contentUrl\":\"https:\/\/secure.gravatar.com\/avatar\/03179346ecce6cdfc13361603e8f54242a90e5cde8618fa23c5c00aa2b0aadf3?s=96&d=mm&r=g\",\"caption\":\"Reda\u00e7\u00e3o\"},\"sameAs\":[\"https:\/\/noticiaempauta.com\/portal\/\"],\"url\":\"https:\/\/noticiaempauta.com\/portal\/author\/fernando\/\"}]}<\/script>\n<!-- \/ Yoast SEO Premium plugin. -->","yoast_head_json":{"title":"MDB e PSD decidem manter fus\u00e3o cruzada ap\u00f3s reuni\u00e3o - Portal Not\u00edcia em Pauta","robots":{"index":"index","follow":"follow","max-snippet":"max-snippet:-1","max-image-preview":"max-image-preview:large","max-video-preview":"max-video-preview:-1"},"canonical":"https:\/\/noticiaempauta.com\/portal\/mdb-e-psd-decidem-manter-fusao-cruzada-apos-reuniao\/","og_locale":"pt_BR","og_type":"article","og_title":"MDB e PSD decidem manter fus\u00e3o cruzada ap\u00f3s reuni\u00e3o","og_description":"Durante reuni\u00e3o na manh\u00e3 desta segunda-feira (02) a bancada do MDB e parlamentares aliados do PSD decidiram manter a fus\u00e3o cruzada entre as duas siglas para a elei\u00e7\u00e3o geral de 2026. Recentemente interlocutores das duas legendas levantaram a possibilidade de encerrar o acordo que indicou todos os candidatos a deputado estadual no MDB e todos [&hellip;]","og_url":"https:\/\/noticiaempauta.com\/portal\/mdb-e-psd-decidem-manter-fusao-cruzada-apos-reuniao\/","og_site_name":"Portal Not\u00edcia em Pauta","article_publisher":"https:\/\/www.facebook.com\/Portal-Notcia-Em-Pauta-102292869264820\/","article_published_time":"2024-12-03T13:02:55+00:00","article_modified_time":"2024-12-03T13:02:57+00:00","og_image":[{"width":790,"height":550,"url":"https:\/\/noticiaempauta.com\/portal\/wp-content\/uploads\/2024\/12\/34d61dc34d862b08129de138084d0a73.jpg","type":"image\/jpeg"}],"author":"Reda\u00e7\u00e3o","twitter_card":"summary_large_image","twitter_misc":{"Escrito por":"Reda\u00e7\u00e3o","Est. tempo de leitura":"3 minutos"},"schema":{"@context":"https:\/\/schema.org","@graph":[{"@type":"Article","@id":"https:\/\/noticiaempauta.com\/portal\/mdb-e-psd-decidem-manter-fusao-cruzada-apos-reuniao\/#article","isPartOf":{"@id":"https:\/\/noticiaempauta.com\/portal\/mdb-e-psd-decidem-manter-fusao-cruzada-apos-reuniao\/"},"author":{"name":"Reda\u00e7\u00e3o","@id":"https:\/\/noticiaempauta.com\/portal\/#\/schema\/person\/a74af43dd1ab3deca45f988c717d57ac"},"headline":"MDB e PSD decidem manter fus\u00e3o cruzada ap\u00f3s reuni\u00e3o","datePublished":"2024-12-03T13:02:55+00:00","dateModified":"2024-12-03T13:02:57+00:00","mainEntityOfPage":{"@id":"https:\/\/noticiaempauta.com\/portal\/mdb-e-psd-decidem-manter-fusao-cruzada-apos-reuniao\/"},"wordCount":374,"commentCount":0,"publisher":{"@id":"https:\/\/noticiaempauta.com\/portal\/#organization"},"image":{"@id":"https:\/\/noticiaempauta.com\/portal\/mdb-e-psd-decidem-manter-fusao-cruzada-apos-reuniao\/#primaryimage"},"thumbnailUrl":"https:\/\/noticiaempauta.com\/portal\/wp-content\/uploads\/2024\/12\/34d61dc34d862b08129de138084d0a73.jpg","keywords":["destaqueprincipal"],"articleSection":["Destaques","Geral","Pol\u00edtica","Todas as Not\u00edcias"],"inLanguage":"pt-BR","potentialAction":[{"@type":"CommentAction","name":"Comment","target":["https:\/\/noticiaempauta.com\/portal\/mdb-e-psd-decidem-manter-fusao-cruzada-apos-reuniao\/#respond"]}]},{"@type":"WebPage","@id":"https:\/\/noticiaempauta.com\/portal\/mdb-e-psd-decidem-manter-fusao-cruzada-apos-reuniao\/","url":"https:\/\/noticiaempauta.com\/portal\/mdb-e-psd-decidem-manter-fusao-cruzada-apos-reuniao\/","name":"MDB e PSD decidem manter fus\u00e3o cruzada ap\u00f3s reuni\u00e3o - Portal Not\u00edcia em Pauta","isPartOf":{"@id":"https:\/\/noticiaempauta.com\/portal\/#website"},"primaryImageOfPage":{"@id":"https:\/\/noticiaempauta.com\/portal\/mdb-e-psd-decidem-manter-fusao-cruzada-apos-reuniao\/#primaryimage"},"image":{"@id":"https:\/\/noticiaempauta.com\/portal\/mdb-e-psd-decidem-manter-fusao-cruzada-apos-reuniao\/#primaryimage"},"thumbnailUrl":"https:\/\/noticiaempauta.com\/portal\/wp-content\/uploads\/2024\/12\/34d61dc34d862b08129de138084d0a73.jpg","datePublished":"2024-12-03T13:02:55+00:00","dateModified":"2024-12-03T13:02:57+00:00","breadcrumb":{"@id":"https:\/\/noticiaempauta.com\/portal\/mdb-e-psd-decidem-manter-fusao-cruzada-apos-reuniao\/#breadcrumb"},"inLanguage":"pt-BR","potentialAction":[{"@type":"ReadAction","target":["https:\/\/noticiaempauta.com\/portal\/mdb-e-psd-decidem-manter-fusao-cruzada-apos-reuniao\/"]}]},{"@type":"ImageObject","inLanguage":"pt-BR","@id":"https:\/\/noticiaempauta.com\/portal\/mdb-e-psd-decidem-manter-fusao-cruzada-apos-reuniao\/#primaryimage","url":"https:\/\/noticiaempauta.com\/portal\/wp-content\/uploads\/2024\/12\/34d61dc34d862b08129de138084d0a73.jpg","contentUrl":"https:\/\/noticiaempauta.com\/portal\/wp-content\/uploads\/2024\/12\/34d61dc34d862b08129de138084d0a73.jpg","width":790,"height":550},{"@type":"BreadcrumbList","@id":"https:\/\/noticiaempauta.com\/portal\/mdb-e-psd-decidem-manter-fusao-cruzada-apos-reuniao\/#breadcrumb","itemListElement":[{"@type":"ListItem","position":1,"name":"P\u00e1gina Inicial","item":"https:\/\/noticiaempauta.com\/portal\/"},{"@type":"ListItem","position":2,"name":"Destaques","item":"https:\/\/noticiaempauta.com\/portal\/destaques-site\/"},{"@type":"ListItem","position":3,"name":"MDB e PSD decidem manter fus\u00e3o cruzada ap\u00f3s reuni\u00e3o"}]},{"@type":"WebSite","@id":"https:\/\/noticiaempauta.com\/portal\/#website","url":"https:\/\/noticiaempauta.com\/portal\/","name":"Portal Not\u00edcia em Pauta","description":"Voc\u00ea bem informado","publisher":{"@id":"https:\/\/noticiaempauta.com\/portal\/#organization"},"potentialAction":[{"@type":"SearchAction","target":{"@type":"EntryPoint","urlTemplate":"https:\/\/noticiaempauta.com\/portal\/?s={search_term_string}"},"query-input":{"@type":"PropertyValueSpecification","valueRequired":true,"valueName":"search_term_string"}}],"inLanguage":"pt-BR"},{"@type":"Organization","@id":"https:\/\/noticiaempauta.com\/portal\/#organization","name":"Portal Not\u00edcia em Pauta","url":"https:\/\/noticiaempauta.com\/portal\/","logo":{"@type":"ImageObject","inLanguage":"pt-BR","@id":"https:\/\/noticiaempauta.com\/portal\/#\/schema\/logo\/image\/","url":"https:\/\/noticiaempauta.com\/portal\/wp-content\/uploads\/2022\/08\/logomarca_tema.fw_.png","contentUrl":"https:\/\/noticiaempauta.com\/portal\/wp-content\/uploads\/2022\/08\/logomarca_tema.fw_.png","width":400,"height":232,"caption":"Portal Not\u00edcia em Pauta"},"image":{"@id":"https:\/\/noticiaempauta.com\/portal\/#\/schema\/logo\/image\/"},"sameAs":["https:\/\/www.facebook.com\/Portal-Notcia-Em-Pauta-102292869264820\/","https:\/\/www.instagram.com\/portalnoticiaempauta\/"]},{"@type":"Person","@id":"https:\/\/noticiaempauta.com\/portal\/#\/schema\/person\/a74af43dd1ab3deca45f988c717d57ac","name":"Reda\u00e7\u00e3o","image":{"@type":"ImageObject","inLanguage":"pt-BR","@id":"https:\/\/noticiaempauta.com\/portal\/#\/schema\/person\/image\/","url":"https:\/\/secure.gravatar.com\/avatar\/03179346ecce6cdfc13361603e8f54242a90e5cde8618fa23c5c00aa2b0aadf3?s=96&d=mm&r=g","contentUrl":"https:\/\/secure.gravatar.com\/avatar\/03179346ecce6cdfc13361603e8f54242a90e5cde8618fa23c5c00aa2b0aadf3?s=96&d=mm&r=g","caption":"Reda\u00e7\u00e3o"},"sameAs":["https:\/\/noticiaempauta.com\/portal\/"],"url":"https:\/\/noticiaempauta.com\/portal\/author\/fernando\/"}]}},"_links":{"self":[{"href":"https:\/\/noticiaempauta.com\/portal\/wp-json\/wp\/v2\/posts\/264643","targetHints":{"allow":["GET"]}}],"collection":[{"href":"https:\/\/noticiaempauta.com\/portal\/wp-json\/wp\/v2\/posts"}],"about":[{"href":"https:\/\/noticiaempauta.com\/portal\/wp-json\/wp\/v2\/types\/post"}],"author":[{"embeddable":true,"href":"https:\/\/noticiaempauta.com\/portal\/wp-json\/wp\/v2\/users\/2"}],"replies":[{"embeddable":true,"href":"https:\/\/noticiaempauta.com\/portal\/wp-json\/wp\/v2\/comments?post=264643"}],"version-history":[{"count":2,"href":"https:\/\/noticiaempauta.com\/portal\/wp-json\/wp\/v2\/posts\/264643\/revisions"}],"predecessor-version":[{"id":264647,"href":"https:\/\/noticiaempauta.com\/portal\/wp-json\/wp\/v2\/posts\/264643\/revisions\/264647"}],"wp:featuredmedia":[{"embeddable":true,"href":"https:\/\/noticiaempauta.com\/portal\/wp-json\/wp\/v2\/media\/264645"}],"wp:attachment":[{"href":"https:\/\/noticiaempauta.com\/portal\/wp-json\/wp\/v2\/media?parent=264643"}],"wp:term":[{"taxonomy":"category","embeddable":true,"href":"https:\/\/noticiaempauta.com\/portal\/wp-json\/wp\/v2\/categories?post=264643"},{"taxonomy":"post_tag","embeddable":true,"href":"https:\/\/noticiaempauta.com\/portal\/wp-json\/wp\/v2\/tags?post=264643"}],"curies":[{"name":"wp","href":"https:\/\/api.w.org\/{rel}","templated":true}]}}