{"id":264664,"date":"2024-12-03T21:49:40","date_gmt":"2024-12-04T00:49:40","guid":{"rendered":"https:\/\/noticiaempauta.com\/portal\/?p=264664"},"modified":"2024-12-03T21:49:41","modified_gmt":"2024-12-04T00:49:41","slug":"monsenhor-hipolito-recebe-selo-unicef-e-reforca-acoes-em-prol-das-criancas-e-adolescentes","status":"publish","type":"post","link":"https:\/\/noticiaempauta.com\/portal\/monsenhor-hipolito-recebe-selo-unicef-e-reforca-acoes-em-prol-das-criancas-e-adolescentes\/","title":{"rendered":"Monsenhor Hip\u00f3lito recebe Selo Unicef e refor\u00e7a a\u00e7\u00f5es em prol das crian\u00e7as e adolescentes"},"content":{"rendered":"\n<p>O munic\u00edpio de Monsenhor Hip\u00f3lito, no Piau\u00ed, foi agraciado com a certifica\u00e7\u00e3o do Selo Unicef \u200b\u200b\u2013 Munic\u00edpio Aprovado, em solenidade realizada na manh\u00e3 desta ter\u00e7a-feira, 03 de dezembro, no Sal\u00e3o Teresina, na capital piauiense. A conquista destaca o impacto positivo das pol\u00edticas p\u00fablicas promovidas pela gest\u00e3o municipal em favor das crian\u00e7as e adolescentes, em parceria com as Secretarias de Sa\u00fade, Educa\u00e7\u00e3o e Assist\u00eancia Social.<\/p>\n\n\n\n<figure class=\"wp-block-image size-full\"><img fetchpriority=\"high\" decoding=\"async\" width=\"711\" height=\"721\" src=\"https:\/\/noticiaempauta.com\/portal\/wp-content\/uploads\/2024\/12\/IMG_6996.jpeg\" alt=\"\" class=\"wp-image-264665\" srcset=\"https:\/\/noticiaempauta.com\/portal\/wp-content\/uploads\/2024\/12\/IMG_6996.jpeg 711w, https:\/\/noticiaempauta.com\/portal\/wp-content\/uploads\/2024\/12\/IMG_6996-296x300.jpeg 296w\" sizes=\"(max-width: 711px) 100vw, 711px\" \/><\/figure>\n\n\n\n<figure class=\"wp-block-image size-full\"><img decoding=\"async\" width=\"640\" height=\"427\" src=\"https:\/\/noticiaempauta.com\/portal\/wp-content\/uploads\/2024\/12\/IMG_6995.jpeg\" alt=\"\" class=\"wp-image-264669\" srcset=\"https:\/\/noticiaempauta.com\/portal\/wp-content\/uploads\/2024\/12\/IMG_6995.jpeg 640w, https:\/\/noticiaempauta.com\/portal\/wp-content\/uploads\/2024\/12\/IMG_6995-300x200.jpeg 300w\" sizes=\"(max-width: 640px) 100vw, 640px\" \/><\/figure>\n\n\n\n<p>A cerim\u00f4nia contou com a presen\u00e7a de figuras importantes, como o governador Rafael Fonteles; a primeira-dama do Estado e coordenadora do Pacto pelas Crian\u00e7as, Isabel Fonteles; o chefe do escrit\u00f3rio do Unicef \u200b\u200bpara o Piau\u00ed, Rui Aguiar; o presidente da APPM; Toninho de Caridade; a conselheira do Tribunal de Contas do Estado, Rejane Dias. Prefeitos, l\u00edderes municipais e representantes de diversas cidades tamb\u00e9m prestigiaram o evento.<\/p>\n\n\n\n<figure class=\"wp-block-image size-large\"><img decoding=\"async\" width=\"602\" height=\"1024\" src=\"https:\/\/noticiaempauta.com\/portal\/wp-content\/uploads\/2024\/12\/IMG_6997-602x1024.jpeg\" alt=\"\" class=\"wp-image-264666\" srcset=\"https:\/\/noticiaempauta.com\/portal\/wp-content\/uploads\/2024\/12\/IMG_6997-602x1024.jpeg 602w, https:\/\/noticiaempauta.com\/portal\/wp-content\/uploads\/2024\/12\/IMG_6997-176x300.jpeg 176w, https:\/\/noticiaempauta.com\/portal\/wp-content\/uploads\/2024\/12\/IMG_6997.jpeg 705w\" sizes=\"(max-width: 602px) 100vw, 602px\" \/><\/figure>\n\n\n\n<p>\u201c\u00c9 um sentimento de profunda felicidade e realiza\u00e7\u00e3o. As pol\u00edticas p\u00fablicas inovadoras pela Prefeitura, em parceria com as Secretarias de Assist\u00eancia Social, Sa\u00fade e Educa\u00e7\u00e3o, t\u00eam sido uma marca da nossa gest\u00e3o, com foco na prote\u00e7\u00e3o e garantia dos direitos das crian\u00e7as e adolescentes. Essa premia\u00e7\u00e3o, t\u00e3o significativa, vem coroar o trabalho dedicado e comprometido realizado em favor da inf\u00e2ncia e juventude do munic\u00edpio. \u00c9 um reconhecimento que refor\u00e7a nosso compromisso de continuar investindo nas futuras gera\u00e7\u00f5es\u201d, destacou o prefeito Djalma Policarpo.<\/p>\n\n\n\n<figure class=\"wp-block-image size-large\"><img loading=\"lazy\" decoding=\"async\" width=\"1024\" height=\"729\" src=\"https:\/\/noticiaempauta.com\/portal\/wp-content\/uploads\/2024\/12\/IMG_6998-1024x729.jpeg\" alt=\"\" class=\"wp-image-264667\" srcset=\"https:\/\/noticiaempauta.com\/portal\/wp-content\/uploads\/2024\/12\/IMG_6998-1024x729.jpeg 1024w, https:\/\/noticiaempauta.com\/portal\/wp-content\/uploads\/2024\/12\/IMG_6998-300x214.jpeg 300w, https:\/\/noticiaempauta.com\/portal\/wp-content\/uploads\/2024\/12\/IMG_6998-768x547.jpeg 768w, https:\/\/noticiaempauta.com\/portal\/wp-content\/uploads\/2024\/12\/IMG_6998-1536x1093.jpeg 1536w, https:\/\/noticiaempauta.com\/portal\/wp-content\/uploads\/2024\/12\/IMG_6998.jpeg 1600w\" sizes=\"(max-width: 1024px) 100vw, 1024px\" \/><\/figure>\n\n\n\n<p>No evento, Djalma esteve acompanhado pela secret\u00e1ria de Sa\u00fade, Joyce Bezerra; pela presidente do Conselho Tutelar, Maria Santa; pela presidente do Conselho Municipal dos Direitos da Crian\u00e7a e do Adolescente (CMDCA), Rosivalda Fialho; pelo coordenador da Aten\u00e7\u00e3o B\u00e1sica e mobilizador da Sa\u00fade; Renan Carvalho, e pelos adolescentes Erinaldo e Eliude, representando a juventude do munic\u00edpio.<\/p>\n\n\n\n<figure class=\"wp-block-image size-full\"><img loading=\"lazy\" decoding=\"async\" width=\"640\" height=\"427\" src=\"https:\/\/noticiaempauta.com\/portal\/wp-content\/uploads\/2024\/12\/IMG_6993.jpeg\" alt=\"\" class=\"wp-image-264668\" srcset=\"https:\/\/noticiaempauta.com\/portal\/wp-content\/uploads\/2024\/12\/IMG_6993.jpeg 640w, https:\/\/noticiaempauta.com\/portal\/wp-content\/uploads\/2024\/12\/IMG_6993-300x200.jpeg 300w\" sizes=\"(max-width: 640px) 100vw, 640px\" \/><\/figure>\n\n\n\n<p>Com o Selo Unicef, Monsenhor Hip\u00f3lito reafirma sua posi\u00e7\u00e3o como refer\u00eancia em pol\u00edticas p\u00fablicas que promovem a melhoria da qualidade de vida das crian\u00e7as e adolescentes, fortalecendo a prote\u00e7\u00e3o social e construindo um futuro melhor para as novas gera\u00e7\u00f5es.<\/p>\n\n\n\n<p>Com informa\u00e7\u00f5es do Folha Atual <\/p>\n\n\n\n<p><br><br><\/p>\n","protected":false},"excerpt":{"rendered":"<p>O munic\u00edpio de Monsenhor Hip\u00f3lito, no Piau\u00ed, foi agraciado com a certifica\u00e7\u00e3o do Selo Unicef \u200b\u200b\u2013 Munic\u00edpio Aprovado, em solenidade realizada na manh\u00e3 desta ter\u00e7a-feira, 03 de dezembro, no Sal\u00e3o Teresina, na capital piauiense. A conquista destaca o impacto positivo das pol\u00edticas p\u00fablicas promovidas pela gest\u00e3o municipal em favor das crian\u00e7as e adolescentes, em parceria [&hellip;]<\/p>\n","protected":false},"author":2,"featured_media":264668,"comment_status":"open","ping_status":"open","sticky":false,"template":"","format":"standard","meta":{"_mi_skip_tracking":false,"footnotes":""},"categories":[25,1,16],"tags":[],"class_list":["post-264664","post","type-post","status-publish","format-standard","has-post-thumbnail","hentry","category-destaques-site","category-geral","category-todas"],"acf":[],"yoast_head":"<!-- This site is optimized with the Yoast SEO Premium plugin v19.2 (Yoast SEO v26.9) - https:\/\/yoast.com\/product\/yoast-seo-premium-wordpress\/ -->\n<title>Monsenhor Hip\u00f3lito recebe Selo Unicef e refor\u00e7a a\u00e7\u00f5es em prol das crian\u00e7as e adolescentes - Portal Not\u00edcia em Pauta<\/title>\n<meta name=\"robots\" content=\"index, follow, max-snippet:-1, max-image-preview:large, max-video-preview:-1\" \/>\n<link rel=\"canonical\" href=\"https:\/\/noticiaempauta.com\/portal\/monsenhor-hipolito-recebe-selo-unicef-e-reforca-acoes-em-prol-das-criancas-e-adolescentes\/\" \/>\n<meta property=\"og:locale\" content=\"pt_BR\" \/>\n<meta property=\"og:type\" content=\"article\" \/>\n<meta property=\"og:title\" content=\"Monsenhor Hip\u00f3lito recebe Selo Unicef e refor\u00e7a a\u00e7\u00f5es em prol das crian\u00e7as e adolescentes\" \/>\n<meta property=\"og:description\" content=\"O munic\u00edpio de Monsenhor Hip\u00f3lito, no Piau\u00ed, foi agraciado com a certifica\u00e7\u00e3o do Selo Unicef \u200b\u200b\u2013 Munic\u00edpio Aprovado, em solenidade realizada na manh\u00e3 desta ter\u00e7a-feira, 03 de dezembro, no Sal\u00e3o Teresina, na capital piauiense. A conquista destaca o impacto positivo das pol\u00edticas p\u00fablicas promovidas pela gest\u00e3o municipal em favor das crian\u00e7as e adolescentes, em parceria [&hellip;]\" \/>\n<meta property=\"og:url\" content=\"https:\/\/noticiaempauta.com\/portal\/monsenhor-hipolito-recebe-selo-unicef-e-reforca-acoes-em-prol-das-criancas-e-adolescentes\/\" \/>\n<meta property=\"og:site_name\" content=\"Portal Not\u00edcia em Pauta\" \/>\n<meta property=\"article:publisher\" content=\"https:\/\/www.facebook.com\/Portal-Notcia-Em-Pauta-102292869264820\/\" \/>\n<meta property=\"article:published_time\" content=\"2024-12-04T00:49:40+00:00\" \/>\n<meta property=\"article:modified_time\" content=\"2024-12-04T00:49:41+00:00\" \/>\n<meta property=\"og:image\" content=\"https:\/\/noticiaempauta.com\/portal\/wp-content\/uploads\/2024\/12\/IMG_6993.jpeg\" \/>\n\t<meta property=\"og:image:width\" content=\"640\" \/>\n\t<meta property=\"og:image:height\" content=\"427\" \/>\n\t<meta property=\"og:image:type\" content=\"image\/jpeg\" \/>\n<meta name=\"author\" content=\"Reda\u00e7\u00e3o\" \/>\n<meta name=\"twitter:card\" content=\"summary_large_image\" \/>\n<meta name=\"twitter:label1\" content=\"Escrito por\" \/>\n\t<meta name=\"twitter:data1\" content=\"Reda\u00e7\u00e3o\" \/>\n\t<meta name=\"twitter:label2\" content=\"Est. tempo de leitura\" \/>\n\t<meta name=\"twitter:data2\" content=\"3 minutos\" \/>\n<script type=\"application\/ld+json\" class=\"yoast-schema-graph\">{\"@context\":\"https:\/\/schema.org\",\"@graph\":[{\"@type\":\"Article\",\"@id\":\"https:\/\/noticiaempauta.com\/portal\/monsenhor-hipolito-recebe-selo-unicef-e-reforca-acoes-em-prol-das-criancas-e-adolescentes\/#article\",\"isPartOf\":{\"@id\":\"https:\/\/noticiaempauta.com\/portal\/monsenhor-hipolito-recebe-selo-unicef-e-reforca-acoes-em-prol-das-criancas-e-adolescentes\/\"},\"author\":{\"name\":\"Reda\u00e7\u00e3o\",\"@id\":\"https:\/\/noticiaempauta.com\/portal\/#\/schema\/person\/a74af43dd1ab3deca45f988c717d57ac\"},\"headline\":\"Monsenhor Hip\u00f3lito recebe Selo Unicef e refor\u00e7a a\u00e7\u00f5es em prol das crian\u00e7as e adolescentes\",\"datePublished\":\"2024-12-04T00:49:40+00:00\",\"dateModified\":\"2024-12-04T00:49:41+00:00\",\"mainEntityOfPage\":{\"@id\":\"https:\/\/noticiaempauta.com\/portal\/monsenhor-hipolito-recebe-selo-unicef-e-reforca-acoes-em-prol-das-criancas-e-adolescentes\/\"},\"wordCount\":376,\"commentCount\":0,\"publisher\":{\"@id\":\"https:\/\/noticiaempauta.com\/portal\/#organization\"},\"image\":{\"@id\":\"https:\/\/noticiaempauta.com\/portal\/monsenhor-hipolito-recebe-selo-unicef-e-reforca-acoes-em-prol-das-criancas-e-adolescentes\/#primaryimage\"},\"thumbnailUrl\":\"https:\/\/noticiaempauta.com\/portal\/wp-content\/uploads\/2024\/12\/IMG_6993.jpeg\",\"articleSection\":[\"Destaques\",\"Geral\",\"Todas as Not\u00edcias\"],\"inLanguage\":\"pt-BR\",\"potentialAction\":[{\"@type\":\"CommentAction\",\"name\":\"Comment\",\"target\":[\"https:\/\/noticiaempauta.com\/portal\/monsenhor-hipolito-recebe-selo-unicef-e-reforca-acoes-em-prol-das-criancas-e-adolescentes\/#respond\"]}]},{\"@type\":\"WebPage\",\"@id\":\"https:\/\/noticiaempauta.com\/portal\/monsenhor-hipolito-recebe-selo-unicef-e-reforca-acoes-em-prol-das-criancas-e-adolescentes\/\",\"url\":\"https:\/\/noticiaempauta.com\/portal\/monsenhor-hipolito-recebe-selo-unicef-e-reforca-acoes-em-prol-das-criancas-e-adolescentes\/\",\"name\":\"Monsenhor Hip\u00f3lito recebe Selo Unicef e refor\u00e7a a\u00e7\u00f5es em prol das crian\u00e7as e adolescentes - Portal Not\u00edcia em Pauta\",\"isPartOf\":{\"@id\":\"https:\/\/noticiaempauta.com\/portal\/#website\"},\"primaryImageOfPage\":{\"@id\":\"https:\/\/noticiaempauta.com\/portal\/monsenhor-hipolito-recebe-selo-unicef-e-reforca-acoes-em-prol-das-criancas-e-adolescentes\/#primaryimage\"},\"image\":{\"@id\":\"https:\/\/noticiaempauta.com\/portal\/monsenhor-hipolito-recebe-selo-unicef-e-reforca-acoes-em-prol-das-criancas-e-adolescentes\/#primaryimage\"},\"thumbnailUrl\":\"https:\/\/noticiaempauta.com\/portal\/wp-content\/uploads\/2024\/12\/IMG_6993.jpeg\",\"datePublished\":\"2024-12-04T00:49:40+00:00\",\"dateModified\":\"2024-12-04T00:49:41+00:00\",\"breadcrumb\":{\"@id\":\"https:\/\/noticiaempauta.com\/portal\/monsenhor-hipolito-recebe-selo-unicef-e-reforca-acoes-em-prol-das-criancas-e-adolescentes\/#breadcrumb\"},\"inLanguage\":\"pt-BR\",\"potentialAction\":[{\"@type\":\"ReadAction\",\"target\":[\"https:\/\/noticiaempauta.com\/portal\/monsenhor-hipolito-recebe-selo-unicef-e-reforca-acoes-em-prol-das-criancas-e-adolescentes\/\"]}]},{\"@type\":\"ImageObject\",\"inLanguage\":\"pt-BR\",\"@id\":\"https:\/\/noticiaempauta.com\/portal\/monsenhor-hipolito-recebe-selo-unicef-e-reforca-acoes-em-prol-das-criancas-e-adolescentes\/#primaryimage\",\"url\":\"https:\/\/noticiaempauta.com\/portal\/wp-content\/uploads\/2024\/12\/IMG_6993.jpeg\",\"contentUrl\":\"https:\/\/noticiaempauta.com\/portal\/wp-content\/uploads\/2024\/12\/IMG_6993.jpeg\",\"width\":640,\"height\":427},{\"@type\":\"BreadcrumbList\",\"@id\":\"https:\/\/noticiaempauta.com\/portal\/monsenhor-hipolito-recebe-selo-unicef-e-reforca-acoes-em-prol-das-criancas-e-adolescentes\/#breadcrumb\",\"itemListElement\":[{\"@type\":\"ListItem\",\"position\":1,\"name\":\"P\u00e1gina Inicial\",\"item\":\"https:\/\/noticiaempauta.com\/portal\/\"},{\"@type\":\"ListItem\",\"position\":2,\"name\":\"Destaques\",\"item\":\"https:\/\/noticiaempauta.com\/portal\/destaques-site\/\"},{\"@type\":\"ListItem\",\"position\":3,\"name\":\"Monsenhor Hip\u00f3lito recebe Selo Unicef e refor\u00e7a a\u00e7\u00f5es em prol das crian\u00e7as e adolescentes\"}]},{\"@type\":\"WebSite\",\"@id\":\"https:\/\/noticiaempauta.com\/portal\/#website\",\"url\":\"https:\/\/noticiaempauta.com\/portal\/\",\"name\":\"Portal Not\u00edcia em Pauta\",\"description\":\"Voc\u00ea bem informado\",\"publisher\":{\"@id\":\"https:\/\/noticiaempauta.com\/portal\/#organization\"},\"potentialAction\":[{\"@type\":\"SearchAction\",\"target\":{\"@type\":\"EntryPoint\",\"urlTemplate\":\"https:\/\/noticiaempauta.com\/portal\/?s={search_term_string}\"},\"query-input\":{\"@type\":\"PropertyValueSpecification\",\"valueRequired\":true,\"valueName\":\"search_term_string\"}}],\"inLanguage\":\"pt-BR\"},{\"@type\":\"Organization\",\"@id\":\"https:\/\/noticiaempauta.com\/portal\/#organization\",\"name\":\"Portal Not\u00edcia em Pauta\",\"url\":\"https:\/\/noticiaempauta.com\/portal\/\",\"logo\":{\"@type\":\"ImageObject\",\"inLanguage\":\"pt-BR\",\"@id\":\"https:\/\/noticiaempauta.com\/portal\/#\/schema\/logo\/image\/\",\"url\":\"https:\/\/noticiaempauta.com\/portal\/wp-content\/uploads\/2022\/08\/logomarca_tema.fw_.png\",\"contentUrl\":\"https:\/\/noticiaempauta.com\/portal\/wp-content\/uploads\/2022\/08\/logomarca_tema.fw_.png\",\"width\":400,\"height\":232,\"caption\":\"Portal Not\u00edcia em Pauta\"},\"image\":{\"@id\":\"https:\/\/noticiaempauta.com\/portal\/#\/schema\/logo\/image\/\"},\"sameAs\":[\"https:\/\/www.facebook.com\/Portal-Notcia-Em-Pauta-102292869264820\/\",\"https:\/\/www.instagram.com\/portalnoticiaempauta\/\"]},{\"@type\":\"Person\",\"@id\":\"https:\/\/noticiaempauta.com\/portal\/#\/schema\/person\/a74af43dd1ab3deca45f988c717d57ac\",\"name\":\"Reda\u00e7\u00e3o\",\"image\":{\"@type\":\"ImageObject\",\"inLanguage\":\"pt-BR\",\"@id\":\"https:\/\/noticiaempauta.com\/portal\/#\/schema\/person\/image\/\",\"url\":\"https:\/\/secure.gravatar.com\/avatar\/03179346ecce6cdfc13361603e8f54242a90e5cde8618fa23c5c00aa2b0aadf3?s=96&d=mm&r=g\",\"contentUrl\":\"https:\/\/secure.gravatar.com\/avatar\/03179346ecce6cdfc13361603e8f54242a90e5cde8618fa23c5c00aa2b0aadf3?s=96&d=mm&r=g\",\"caption\":\"Reda\u00e7\u00e3o\"},\"sameAs\":[\"https:\/\/noticiaempauta.com\/portal\/\"],\"url\":\"https:\/\/noticiaempauta.com\/portal\/author\/fernando\/\"}]}<\/script>\n<!-- \/ Yoast SEO Premium plugin. -->","yoast_head_json":{"title":"Monsenhor Hip\u00f3lito recebe Selo Unicef e refor\u00e7a a\u00e7\u00f5es em prol das crian\u00e7as e adolescentes - Portal Not\u00edcia em Pauta","robots":{"index":"index","follow":"follow","max-snippet":"max-snippet:-1","max-image-preview":"max-image-preview:large","max-video-preview":"max-video-preview:-1"},"canonical":"https:\/\/noticiaempauta.com\/portal\/monsenhor-hipolito-recebe-selo-unicef-e-reforca-acoes-em-prol-das-criancas-e-adolescentes\/","og_locale":"pt_BR","og_type":"article","og_title":"Monsenhor Hip\u00f3lito recebe Selo Unicef e refor\u00e7a a\u00e7\u00f5es em prol das crian\u00e7as e adolescentes","og_description":"O munic\u00edpio de Monsenhor Hip\u00f3lito, no Piau\u00ed, foi agraciado com a certifica\u00e7\u00e3o do Selo Unicef \u200b\u200b\u2013 Munic\u00edpio Aprovado, em solenidade realizada na manh\u00e3 desta ter\u00e7a-feira, 03 de dezembro, no Sal\u00e3o Teresina, na capital piauiense. A conquista destaca o impacto positivo das pol\u00edticas p\u00fablicas promovidas pela gest\u00e3o municipal em favor das crian\u00e7as e adolescentes, em parceria [&hellip;]","og_url":"https:\/\/noticiaempauta.com\/portal\/monsenhor-hipolito-recebe-selo-unicef-e-reforca-acoes-em-prol-das-criancas-e-adolescentes\/","og_site_name":"Portal Not\u00edcia em Pauta","article_publisher":"https:\/\/www.facebook.com\/Portal-Notcia-Em-Pauta-102292869264820\/","article_published_time":"2024-12-04T00:49:40+00:00","article_modified_time":"2024-12-04T00:49:41+00:00","og_image":[{"width":640,"height":427,"url":"https:\/\/noticiaempauta.com\/portal\/wp-content\/uploads\/2024\/12\/IMG_6993.jpeg","type":"image\/jpeg"}],"author":"Reda\u00e7\u00e3o","twitter_card":"summary_large_image","twitter_misc":{"Escrito por":"Reda\u00e7\u00e3o","Est. tempo de leitura":"3 minutos"},"schema":{"@context":"https:\/\/schema.org","@graph":[{"@type":"Article","@id":"https:\/\/noticiaempauta.com\/portal\/monsenhor-hipolito-recebe-selo-unicef-e-reforca-acoes-em-prol-das-criancas-e-adolescentes\/#article","isPartOf":{"@id":"https:\/\/noticiaempauta.com\/portal\/monsenhor-hipolito-recebe-selo-unicef-e-reforca-acoes-em-prol-das-criancas-e-adolescentes\/"},"author":{"name":"Reda\u00e7\u00e3o","@id":"https:\/\/noticiaempauta.com\/portal\/#\/schema\/person\/a74af43dd1ab3deca45f988c717d57ac"},"headline":"Monsenhor Hip\u00f3lito recebe Selo Unicef e refor\u00e7a a\u00e7\u00f5es em prol das crian\u00e7as e adolescentes","datePublished":"2024-12-04T00:49:40+00:00","dateModified":"2024-12-04T00:49:41+00:00","mainEntityOfPage":{"@id":"https:\/\/noticiaempauta.com\/portal\/monsenhor-hipolito-recebe-selo-unicef-e-reforca-acoes-em-prol-das-criancas-e-adolescentes\/"},"wordCount":376,"commentCount":0,"publisher":{"@id":"https:\/\/noticiaempauta.com\/portal\/#organization"},"image":{"@id":"https:\/\/noticiaempauta.com\/portal\/monsenhor-hipolito-recebe-selo-unicef-e-reforca-acoes-em-prol-das-criancas-e-adolescentes\/#primaryimage"},"thumbnailUrl":"https:\/\/noticiaempauta.com\/portal\/wp-content\/uploads\/2024\/12\/IMG_6993.jpeg","articleSection":["Destaques","Geral","Todas as Not\u00edcias"],"inLanguage":"pt-BR","potentialAction":[{"@type":"CommentAction","name":"Comment","target":["https:\/\/noticiaempauta.com\/portal\/monsenhor-hipolito-recebe-selo-unicef-e-reforca-acoes-em-prol-das-criancas-e-adolescentes\/#respond"]}]},{"@type":"WebPage","@id":"https:\/\/noticiaempauta.com\/portal\/monsenhor-hipolito-recebe-selo-unicef-e-reforca-acoes-em-prol-das-criancas-e-adolescentes\/","url":"https:\/\/noticiaempauta.com\/portal\/monsenhor-hipolito-recebe-selo-unicef-e-reforca-acoes-em-prol-das-criancas-e-adolescentes\/","name":"Monsenhor Hip\u00f3lito recebe Selo Unicef e refor\u00e7a a\u00e7\u00f5es em prol das crian\u00e7as e adolescentes - Portal Not\u00edcia em Pauta","isPartOf":{"@id":"https:\/\/noticiaempauta.com\/portal\/#website"},"primaryImageOfPage":{"@id":"https:\/\/noticiaempauta.com\/portal\/monsenhor-hipolito-recebe-selo-unicef-e-reforca-acoes-em-prol-das-criancas-e-adolescentes\/#primaryimage"},"image":{"@id":"https:\/\/noticiaempauta.com\/portal\/monsenhor-hipolito-recebe-selo-unicef-e-reforca-acoes-em-prol-das-criancas-e-adolescentes\/#primaryimage"},"thumbnailUrl":"https:\/\/noticiaempauta.com\/portal\/wp-content\/uploads\/2024\/12\/IMG_6993.jpeg","datePublished":"2024-12-04T00:49:40+00:00","dateModified":"2024-12-04T00:49:41+00:00","breadcrumb":{"@id":"https:\/\/noticiaempauta.com\/portal\/monsenhor-hipolito-recebe-selo-unicef-e-reforca-acoes-em-prol-das-criancas-e-adolescentes\/#breadcrumb"},"inLanguage":"pt-BR","potentialAction":[{"@type":"ReadAction","target":["https:\/\/noticiaempauta.com\/portal\/monsenhor-hipolito-recebe-selo-unicef-e-reforca-acoes-em-prol-das-criancas-e-adolescentes\/"]}]},{"@type":"ImageObject","inLanguage":"pt-BR","@id":"https:\/\/noticiaempauta.com\/portal\/monsenhor-hipolito-recebe-selo-unicef-e-reforca-acoes-em-prol-das-criancas-e-adolescentes\/#primaryimage","url":"https:\/\/noticiaempauta.com\/portal\/wp-content\/uploads\/2024\/12\/IMG_6993.jpeg","contentUrl":"https:\/\/noticiaempauta.com\/portal\/wp-content\/uploads\/2024\/12\/IMG_6993.jpeg","width":640,"height":427},{"@type":"BreadcrumbList","@id":"https:\/\/noticiaempauta.com\/portal\/monsenhor-hipolito-recebe-selo-unicef-e-reforca-acoes-em-prol-das-criancas-e-adolescentes\/#breadcrumb","itemListElement":[{"@type":"ListItem","position":1,"name":"P\u00e1gina Inicial","item":"https:\/\/noticiaempauta.com\/portal\/"},{"@type":"ListItem","position":2,"name":"Destaques","item":"https:\/\/noticiaempauta.com\/portal\/destaques-site\/"},{"@type":"ListItem","position":3,"name":"Monsenhor Hip\u00f3lito recebe Selo Unicef e refor\u00e7a a\u00e7\u00f5es em prol das crian\u00e7as e adolescentes"}]},{"@type":"WebSite","@id":"https:\/\/noticiaempauta.com\/portal\/#website","url":"https:\/\/noticiaempauta.com\/portal\/","name":"Portal Not\u00edcia em Pauta","description":"Voc\u00ea bem informado","publisher":{"@id":"https:\/\/noticiaempauta.com\/portal\/#organization"},"potentialAction":[{"@type":"SearchAction","target":{"@type":"EntryPoint","urlTemplate":"https:\/\/noticiaempauta.com\/portal\/?s={search_term_string}"},"query-input":{"@type":"PropertyValueSpecification","valueRequired":true,"valueName":"search_term_string"}}],"inLanguage":"pt-BR"},{"@type":"Organization","@id":"https:\/\/noticiaempauta.com\/portal\/#organization","name":"Portal Not\u00edcia em Pauta","url":"https:\/\/noticiaempauta.com\/portal\/","logo":{"@type":"ImageObject","inLanguage":"pt-BR","@id":"https:\/\/noticiaempauta.com\/portal\/#\/schema\/logo\/image\/","url":"https:\/\/noticiaempauta.com\/portal\/wp-content\/uploads\/2022\/08\/logomarca_tema.fw_.png","contentUrl":"https:\/\/noticiaempauta.com\/portal\/wp-content\/uploads\/2022\/08\/logomarca_tema.fw_.png","width":400,"height":232,"caption":"Portal Not\u00edcia em Pauta"},"image":{"@id":"https:\/\/noticiaempauta.com\/portal\/#\/schema\/logo\/image\/"},"sameAs":["https:\/\/www.facebook.com\/Portal-Notcia-Em-Pauta-102292869264820\/","https:\/\/www.instagram.com\/portalnoticiaempauta\/"]},{"@type":"Person","@id":"https:\/\/noticiaempauta.com\/portal\/#\/schema\/person\/a74af43dd1ab3deca45f988c717d57ac","name":"Reda\u00e7\u00e3o","image":{"@type":"ImageObject","inLanguage":"pt-BR","@id":"https:\/\/noticiaempauta.com\/portal\/#\/schema\/person\/image\/","url":"https:\/\/secure.gravatar.com\/avatar\/03179346ecce6cdfc13361603e8f54242a90e5cde8618fa23c5c00aa2b0aadf3?s=96&d=mm&r=g","contentUrl":"https:\/\/secure.gravatar.com\/avatar\/03179346ecce6cdfc13361603e8f54242a90e5cde8618fa23c5c00aa2b0aadf3?s=96&d=mm&r=g","caption":"Reda\u00e7\u00e3o"},"sameAs":["https:\/\/noticiaempauta.com\/portal\/"],"url":"https:\/\/noticiaempauta.com\/portal\/author\/fernando\/"}]}},"_links":{"self":[{"href":"https:\/\/noticiaempauta.com\/portal\/wp-json\/wp\/v2\/posts\/264664","targetHints":{"allow":["GET"]}}],"collection":[{"href":"https:\/\/noticiaempauta.com\/portal\/wp-json\/wp\/v2\/posts"}],"about":[{"href":"https:\/\/noticiaempauta.com\/portal\/wp-json\/wp\/v2\/types\/post"}],"author":[{"embeddable":true,"href":"https:\/\/noticiaempauta.com\/portal\/wp-json\/wp\/v2\/users\/2"}],"replies":[{"embeddable":true,"href":"https:\/\/noticiaempauta.com\/portal\/wp-json\/wp\/v2\/comments?post=264664"}],"version-history":[{"count":1,"href":"https:\/\/noticiaempauta.com\/portal\/wp-json\/wp\/v2\/posts\/264664\/revisions"}],"predecessor-version":[{"id":264670,"href":"https:\/\/noticiaempauta.com\/portal\/wp-json\/wp\/v2\/posts\/264664\/revisions\/264670"}],"wp:featuredmedia":[{"embeddable":true,"href":"https:\/\/noticiaempauta.com\/portal\/wp-json\/wp\/v2\/media\/264668"}],"wp:attachment":[{"href":"https:\/\/noticiaempauta.com\/portal\/wp-json\/wp\/v2\/media?parent=264664"}],"wp:term":[{"taxonomy":"category","embeddable":true,"href":"https:\/\/noticiaempauta.com\/portal\/wp-json\/wp\/v2\/categories?post=264664"},{"taxonomy":"post_tag","embeddable":true,"href":"https:\/\/noticiaempauta.com\/portal\/wp-json\/wp\/v2\/tags?post=264664"}],"curies":[{"name":"wp","href":"https:\/\/api.w.org\/{rel}","templated":true}]}}