{"id":264690,"date":"2024-12-04T10:22:07","date_gmt":"2024-12-04T13:22:07","guid":{"rendered":"https:\/\/noticiaempauta.com\/portal\/?p=264690"},"modified":"2024-12-04T10:22:09","modified_gmt":"2024-12-04T13:22:09","slug":"estudante-e-baleado-na-cabeca-dentro-de-colegio-particular-do-centro-de-teresina","status":"publish","type":"post","link":"https:\/\/noticiaempauta.com\/portal\/estudante-e-baleado-na-cabeca-dentro-de-colegio-particular-do-centro-de-teresina\/","title":{"rendered":"Estudante \u00e9 baleado na cabe\u00e7a dentro de col\u00e9gio particular do Centro de Teresina"},"content":{"rendered":"\n<p>Um estudante, ainda n\u00e3o identificado, foi atingido por pelo menos um disparo de arma de fogo na cabe\u00e7a, dentro de uma escola particular localizada na Rua Pires de Castro, no centro de Teresina. O caso aconteceu na manh\u00e3 desta quarta-feira (04). O estudante foi socorrido por uma equipe do SAMU e encaminhado ao Hospital de Urg\u00eancia de Teresina (HUT).&nbsp;Equipes da For\u00e7a T\u00e1tica do 1\u00ba Batalh\u00e3o e a Rocan est\u00e3o dentro da escola. O delegado S\u00e9rgio Alencar, titular do 1\u00ba Distrito Policial, tamb\u00e9m j\u00e1 chegou ao local para apurar os fatos.<\/p>\n\n\n\n<figure class=\"wp-block-image size-full\"><img fetchpriority=\"high\" decoding=\"async\" width=\"790\" height=\"527\" src=\"https:\/\/noticiaempauta.com\/portal\/wp-content\/uploads\/2024\/12\/ef84610bad27b441a53d5dfdbb69764f.jpg\" alt=\"\" class=\"wp-image-264691\" srcset=\"https:\/\/noticiaempauta.com\/portal\/wp-content\/uploads\/2024\/12\/ef84610bad27b441a53d5dfdbb69764f.jpg 790w, https:\/\/noticiaempauta.com\/portal\/wp-content\/uploads\/2024\/12\/ef84610bad27b441a53d5dfdbb69764f-300x200.jpg 300w, https:\/\/noticiaempauta.com\/portal\/wp-content\/uploads\/2024\/12\/ef84610bad27b441a53d5dfdbb69764f-768x512.jpg 768w\" sizes=\"(max-width: 790px) 100vw, 790px\" \/><\/figure>\n\n\n\n<p>Na porta da escola o clima \u00e9 de tens\u00e3o. Funcion\u00e1rios sa\u00edram chorando do local. Os pais est\u00e3o se dirigindo at\u00e9 o local para buscar os alunos. A escola ainda n\u00e3o se pronunciou.&nbsp;<\/p>\n\n\n\n<p>Estudantes ouvidos pelo Cidadeverde.com informaram que os dois adolescentes s\u00e3o namorados. A menina, que supostamente atirou no rapaz, tem aproximadamente 16 anos. O tiro foi disparado contra a cabe\u00e7a do jovem no refeit\u00f3rio da escola. Outros alunos ouvidos por nossa reportagem, na sa\u00edda da escola, disseram que a jovem trouxe a arma para o col\u00e9gio e quando estava mostrando para o rapaz a arma teria disparado. A arma continua dentro da escola.<\/p>\n\n\n\n<blockquote class=\"wp-block-quote is-layout-flow wp-block-quote-is-layout-flow\">\n<p>&#8220;Ouvimos um barulho muito alto, como se fosse uma bomba e sa\u00edmos correndo da sala. A informa\u00e7\u00e3o que temos \u00e9 que uma estudante atirou na cabe\u00e7a de um rapaz&#8221;, disse a aluna ouvida por nossa equipe.<\/p>\n<\/blockquote>\n\n\n\n<p>Os dois alunos cursam o segundo ano do ensino m\u00e9dio na institui\u00e7\u00e3o de ensino. As aulas foram suspensas por hoje. Os alunos deixaram a escola bastante abalados e tensos, porque muitos n\u00e3o sabem quem foi ferido.<\/p>\n\n\n\n<p><strong>Estudante est\u00e1 no HUT<\/strong><\/p>\n\n\n\n<p>O diretor do HUT, \u00c9lio Rodrigues, informou que o adolescente est\u00e1 realizando uma tomografia e, em seguida, ser\u00e1 avaliado por um neurologista que vai verificar a possibilidade da realiza\u00e7\u00e3o de uma cirurgia. Segundo ele, o tiro atingiu a regi\u00e3o da boca do estudante. O pr\u00f3prio diretor do HUT est\u00e1 ajudando no atendimento ao paciente.&nbsp;<\/p>\n\n\n\n<p>Fonte: Cidade Verde<\/p>\n","protected":false},"excerpt":{"rendered":"<p>Um estudante, ainda n\u00e3o identificado, foi atingido por pelo menos um disparo de arma de fogo na cabe\u00e7a, dentro de uma escola particular localizada na Rua Pires de Castro, no centro de Teresina. O caso aconteceu na manh\u00e3 desta quarta-feira (04). O estudante foi socorrido por uma equipe do SAMU e encaminhado ao Hospital de [&hellip;]<\/p>\n","protected":false},"author":2,"featured_media":264691,"comment_status":"open","ping_status":"open","sticky":false,"template":"","format":"standard","meta":{"_mi_skip_tracking":false,"footnotes":""},"categories":[25,1,137,16],"tags":[192],"class_list":["post-264690","post","type-post","status-publish","format-standard","has-post-thumbnail","hentry","category-destaques-site","category-geral","category-policia","category-todas","tag-destaqueprincipal"],"acf":[],"yoast_head":"<!-- This site is optimized with the Yoast SEO Premium plugin v19.2 (Yoast SEO v26.9) - https:\/\/yoast.com\/product\/yoast-seo-premium-wordpress\/ -->\n<title>Estudante \u00e9 baleado na cabe\u00e7a dentro de col\u00e9gio particular do Centro de Teresina - Portal Not\u00edcia em Pauta<\/title>\n<meta name=\"robots\" content=\"index, follow, max-snippet:-1, max-image-preview:large, max-video-preview:-1\" \/>\n<link rel=\"canonical\" href=\"https:\/\/noticiaempauta.com\/portal\/estudante-e-baleado-na-cabeca-dentro-de-colegio-particular-do-centro-de-teresina\/\" \/>\n<meta property=\"og:locale\" content=\"pt_BR\" \/>\n<meta property=\"og:type\" content=\"article\" \/>\n<meta property=\"og:title\" content=\"Estudante \u00e9 baleado na cabe\u00e7a dentro de col\u00e9gio particular do Centro de Teresina\" \/>\n<meta property=\"og:description\" content=\"Um estudante, ainda n\u00e3o identificado, foi atingido por pelo menos um disparo de arma de fogo na cabe\u00e7a, dentro de uma escola particular localizada na Rua Pires de Castro, no centro de Teresina. O caso aconteceu na manh\u00e3 desta quarta-feira (04). O estudante foi socorrido por uma equipe do SAMU e encaminhado ao Hospital de [&hellip;]\" \/>\n<meta property=\"og:url\" content=\"https:\/\/noticiaempauta.com\/portal\/estudante-e-baleado-na-cabeca-dentro-de-colegio-particular-do-centro-de-teresina\/\" \/>\n<meta property=\"og:site_name\" content=\"Portal Not\u00edcia em Pauta\" \/>\n<meta property=\"article:publisher\" content=\"https:\/\/www.facebook.com\/Portal-Notcia-Em-Pauta-102292869264820\/\" \/>\n<meta property=\"article:published_time\" content=\"2024-12-04T13:22:07+00:00\" \/>\n<meta property=\"article:modified_time\" content=\"2024-12-04T13:22:09+00:00\" \/>\n<meta property=\"og:image\" content=\"https:\/\/noticiaempauta.com\/portal\/wp-content\/uploads\/2024\/12\/ef84610bad27b441a53d5dfdbb69764f.jpg\" \/>\n\t<meta property=\"og:image:width\" content=\"790\" \/>\n\t<meta property=\"og:image:height\" content=\"527\" \/>\n\t<meta property=\"og:image:type\" content=\"image\/jpeg\" \/>\n<meta name=\"author\" content=\"Reda\u00e7\u00e3o\" \/>\n<meta name=\"twitter:card\" content=\"summary_large_image\" \/>\n<meta name=\"twitter:label1\" content=\"Escrito por\" \/>\n\t<meta name=\"twitter:data1\" content=\"Reda\u00e7\u00e3o\" \/>\n\t<meta name=\"twitter:label2\" content=\"Est. tempo de leitura\" \/>\n\t<meta name=\"twitter:data2\" content=\"3 minutos\" \/>\n<script type=\"application\/ld+json\" class=\"yoast-schema-graph\">{\"@context\":\"https:\/\/schema.org\",\"@graph\":[{\"@type\":\"Article\",\"@id\":\"https:\/\/noticiaempauta.com\/portal\/estudante-e-baleado-na-cabeca-dentro-de-colegio-particular-do-centro-de-teresina\/#article\",\"isPartOf\":{\"@id\":\"https:\/\/noticiaempauta.com\/portal\/estudante-e-baleado-na-cabeca-dentro-de-colegio-particular-do-centro-de-teresina\/\"},\"author\":{\"name\":\"Reda\u00e7\u00e3o\",\"@id\":\"https:\/\/noticiaempauta.com\/portal\/#\/schema\/person\/a74af43dd1ab3deca45f988c717d57ac\"},\"headline\":\"Estudante \u00e9 baleado na cabe\u00e7a dentro de col\u00e9gio particular do Centro de Teresina\",\"datePublished\":\"2024-12-04T13:22:07+00:00\",\"dateModified\":\"2024-12-04T13:22:09+00:00\",\"mainEntityOfPage\":{\"@id\":\"https:\/\/noticiaempauta.com\/portal\/estudante-e-baleado-na-cabeca-dentro-de-colegio-particular-do-centro-de-teresina\/\"},\"wordCount\":368,\"commentCount\":0,\"publisher\":{\"@id\":\"https:\/\/noticiaempauta.com\/portal\/#organization\"},\"image\":{\"@id\":\"https:\/\/noticiaempauta.com\/portal\/estudante-e-baleado-na-cabeca-dentro-de-colegio-particular-do-centro-de-teresina\/#primaryimage\"},\"thumbnailUrl\":\"https:\/\/noticiaempauta.com\/portal\/wp-content\/uploads\/2024\/12\/ef84610bad27b441a53d5dfdbb69764f.jpg\",\"keywords\":[\"destaqueprincipal\"],\"articleSection\":[\"Destaques\",\"Geral\",\"Pol\u00edcia\",\"Todas as Not\u00edcias\"],\"inLanguage\":\"pt-BR\",\"potentialAction\":[{\"@type\":\"CommentAction\",\"name\":\"Comment\",\"target\":[\"https:\/\/noticiaempauta.com\/portal\/estudante-e-baleado-na-cabeca-dentro-de-colegio-particular-do-centro-de-teresina\/#respond\"]}]},{\"@type\":\"WebPage\",\"@id\":\"https:\/\/noticiaempauta.com\/portal\/estudante-e-baleado-na-cabeca-dentro-de-colegio-particular-do-centro-de-teresina\/\",\"url\":\"https:\/\/noticiaempauta.com\/portal\/estudante-e-baleado-na-cabeca-dentro-de-colegio-particular-do-centro-de-teresina\/\",\"name\":\"Estudante \u00e9 baleado na cabe\u00e7a dentro de col\u00e9gio particular do Centro de Teresina - Portal Not\u00edcia em Pauta\",\"isPartOf\":{\"@id\":\"https:\/\/noticiaempauta.com\/portal\/#website\"},\"primaryImageOfPage\":{\"@id\":\"https:\/\/noticiaempauta.com\/portal\/estudante-e-baleado-na-cabeca-dentro-de-colegio-particular-do-centro-de-teresina\/#primaryimage\"},\"image\":{\"@id\":\"https:\/\/noticiaempauta.com\/portal\/estudante-e-baleado-na-cabeca-dentro-de-colegio-particular-do-centro-de-teresina\/#primaryimage\"},\"thumbnailUrl\":\"https:\/\/noticiaempauta.com\/portal\/wp-content\/uploads\/2024\/12\/ef84610bad27b441a53d5dfdbb69764f.jpg\",\"datePublished\":\"2024-12-04T13:22:07+00:00\",\"dateModified\":\"2024-12-04T13:22:09+00:00\",\"breadcrumb\":{\"@id\":\"https:\/\/noticiaempauta.com\/portal\/estudante-e-baleado-na-cabeca-dentro-de-colegio-particular-do-centro-de-teresina\/#breadcrumb\"},\"inLanguage\":\"pt-BR\",\"potentialAction\":[{\"@type\":\"ReadAction\",\"target\":[\"https:\/\/noticiaempauta.com\/portal\/estudante-e-baleado-na-cabeca-dentro-de-colegio-particular-do-centro-de-teresina\/\"]}]},{\"@type\":\"ImageObject\",\"inLanguage\":\"pt-BR\",\"@id\":\"https:\/\/noticiaempauta.com\/portal\/estudante-e-baleado-na-cabeca-dentro-de-colegio-particular-do-centro-de-teresina\/#primaryimage\",\"url\":\"https:\/\/noticiaempauta.com\/portal\/wp-content\/uploads\/2024\/12\/ef84610bad27b441a53d5dfdbb69764f.jpg\",\"contentUrl\":\"https:\/\/noticiaempauta.com\/portal\/wp-content\/uploads\/2024\/12\/ef84610bad27b441a53d5dfdbb69764f.jpg\",\"width\":790,\"height\":527},{\"@type\":\"BreadcrumbList\",\"@id\":\"https:\/\/noticiaempauta.com\/portal\/estudante-e-baleado-na-cabeca-dentro-de-colegio-particular-do-centro-de-teresina\/#breadcrumb\",\"itemListElement\":[{\"@type\":\"ListItem\",\"position\":1,\"name\":\"P\u00e1gina Inicial\",\"item\":\"https:\/\/noticiaempauta.com\/portal\/\"},{\"@type\":\"ListItem\",\"position\":2,\"name\":\"Destaques\",\"item\":\"https:\/\/noticiaempauta.com\/portal\/destaques-site\/\"},{\"@type\":\"ListItem\",\"position\":3,\"name\":\"Estudante \u00e9 baleado na cabe\u00e7a dentro de col\u00e9gio particular do Centro de Teresina\"}]},{\"@type\":\"WebSite\",\"@id\":\"https:\/\/noticiaempauta.com\/portal\/#website\",\"url\":\"https:\/\/noticiaempauta.com\/portal\/\",\"name\":\"Portal Not\u00edcia em Pauta\",\"description\":\"Voc\u00ea bem informado\",\"publisher\":{\"@id\":\"https:\/\/noticiaempauta.com\/portal\/#organization\"},\"potentialAction\":[{\"@type\":\"SearchAction\",\"target\":{\"@type\":\"EntryPoint\",\"urlTemplate\":\"https:\/\/noticiaempauta.com\/portal\/?s={search_term_string}\"},\"query-input\":{\"@type\":\"PropertyValueSpecification\",\"valueRequired\":true,\"valueName\":\"search_term_string\"}}],\"inLanguage\":\"pt-BR\"},{\"@type\":\"Organization\",\"@id\":\"https:\/\/noticiaempauta.com\/portal\/#organization\",\"name\":\"Portal Not\u00edcia em Pauta\",\"url\":\"https:\/\/noticiaempauta.com\/portal\/\",\"logo\":{\"@type\":\"ImageObject\",\"inLanguage\":\"pt-BR\",\"@id\":\"https:\/\/noticiaempauta.com\/portal\/#\/schema\/logo\/image\/\",\"url\":\"https:\/\/noticiaempauta.com\/portal\/wp-content\/uploads\/2022\/08\/logomarca_tema.fw_.png\",\"contentUrl\":\"https:\/\/noticiaempauta.com\/portal\/wp-content\/uploads\/2022\/08\/logomarca_tema.fw_.png\",\"width\":400,\"height\":232,\"caption\":\"Portal Not\u00edcia em Pauta\"},\"image\":{\"@id\":\"https:\/\/noticiaempauta.com\/portal\/#\/schema\/logo\/image\/\"},\"sameAs\":[\"https:\/\/www.facebook.com\/Portal-Notcia-Em-Pauta-102292869264820\/\",\"https:\/\/www.instagram.com\/portalnoticiaempauta\/\"]},{\"@type\":\"Person\",\"@id\":\"https:\/\/noticiaempauta.com\/portal\/#\/schema\/person\/a74af43dd1ab3deca45f988c717d57ac\",\"name\":\"Reda\u00e7\u00e3o\",\"image\":{\"@type\":\"ImageObject\",\"inLanguage\":\"pt-BR\",\"@id\":\"https:\/\/noticiaempauta.com\/portal\/#\/schema\/person\/image\/\",\"url\":\"https:\/\/secure.gravatar.com\/avatar\/03179346ecce6cdfc13361603e8f54242a90e5cde8618fa23c5c00aa2b0aadf3?s=96&d=mm&r=g\",\"contentUrl\":\"https:\/\/secure.gravatar.com\/avatar\/03179346ecce6cdfc13361603e8f54242a90e5cde8618fa23c5c00aa2b0aadf3?s=96&d=mm&r=g\",\"caption\":\"Reda\u00e7\u00e3o\"},\"sameAs\":[\"https:\/\/noticiaempauta.com\/portal\/\"],\"url\":\"https:\/\/noticiaempauta.com\/portal\/author\/fernando\/\"}]}<\/script>\n<!-- \/ Yoast SEO Premium plugin. -->","yoast_head_json":{"title":"Estudante \u00e9 baleado na cabe\u00e7a dentro de col\u00e9gio particular do Centro de Teresina - Portal Not\u00edcia em Pauta","robots":{"index":"index","follow":"follow","max-snippet":"max-snippet:-1","max-image-preview":"max-image-preview:large","max-video-preview":"max-video-preview:-1"},"canonical":"https:\/\/noticiaempauta.com\/portal\/estudante-e-baleado-na-cabeca-dentro-de-colegio-particular-do-centro-de-teresina\/","og_locale":"pt_BR","og_type":"article","og_title":"Estudante \u00e9 baleado na cabe\u00e7a dentro de col\u00e9gio particular do Centro de Teresina","og_description":"Um estudante, ainda n\u00e3o identificado, foi atingido por pelo menos um disparo de arma de fogo na cabe\u00e7a, dentro de uma escola particular localizada na Rua Pires de Castro, no centro de Teresina. O caso aconteceu na manh\u00e3 desta quarta-feira (04). O estudante foi socorrido por uma equipe do SAMU e encaminhado ao Hospital de [&hellip;]","og_url":"https:\/\/noticiaempauta.com\/portal\/estudante-e-baleado-na-cabeca-dentro-de-colegio-particular-do-centro-de-teresina\/","og_site_name":"Portal Not\u00edcia em Pauta","article_publisher":"https:\/\/www.facebook.com\/Portal-Notcia-Em-Pauta-102292869264820\/","article_published_time":"2024-12-04T13:22:07+00:00","article_modified_time":"2024-12-04T13:22:09+00:00","og_image":[{"width":790,"height":527,"url":"https:\/\/noticiaempauta.com\/portal\/wp-content\/uploads\/2024\/12\/ef84610bad27b441a53d5dfdbb69764f.jpg","type":"image\/jpeg"}],"author":"Reda\u00e7\u00e3o","twitter_card":"summary_large_image","twitter_misc":{"Escrito por":"Reda\u00e7\u00e3o","Est. tempo de leitura":"3 minutos"},"schema":{"@context":"https:\/\/schema.org","@graph":[{"@type":"Article","@id":"https:\/\/noticiaempauta.com\/portal\/estudante-e-baleado-na-cabeca-dentro-de-colegio-particular-do-centro-de-teresina\/#article","isPartOf":{"@id":"https:\/\/noticiaempauta.com\/portal\/estudante-e-baleado-na-cabeca-dentro-de-colegio-particular-do-centro-de-teresina\/"},"author":{"name":"Reda\u00e7\u00e3o","@id":"https:\/\/noticiaempauta.com\/portal\/#\/schema\/person\/a74af43dd1ab3deca45f988c717d57ac"},"headline":"Estudante \u00e9 baleado na cabe\u00e7a dentro de col\u00e9gio particular do Centro de Teresina","datePublished":"2024-12-04T13:22:07+00:00","dateModified":"2024-12-04T13:22:09+00:00","mainEntityOfPage":{"@id":"https:\/\/noticiaempauta.com\/portal\/estudante-e-baleado-na-cabeca-dentro-de-colegio-particular-do-centro-de-teresina\/"},"wordCount":368,"commentCount":0,"publisher":{"@id":"https:\/\/noticiaempauta.com\/portal\/#organization"},"image":{"@id":"https:\/\/noticiaempauta.com\/portal\/estudante-e-baleado-na-cabeca-dentro-de-colegio-particular-do-centro-de-teresina\/#primaryimage"},"thumbnailUrl":"https:\/\/noticiaempauta.com\/portal\/wp-content\/uploads\/2024\/12\/ef84610bad27b441a53d5dfdbb69764f.jpg","keywords":["destaqueprincipal"],"articleSection":["Destaques","Geral","Pol\u00edcia","Todas as Not\u00edcias"],"inLanguage":"pt-BR","potentialAction":[{"@type":"CommentAction","name":"Comment","target":["https:\/\/noticiaempauta.com\/portal\/estudante-e-baleado-na-cabeca-dentro-de-colegio-particular-do-centro-de-teresina\/#respond"]}]},{"@type":"WebPage","@id":"https:\/\/noticiaempauta.com\/portal\/estudante-e-baleado-na-cabeca-dentro-de-colegio-particular-do-centro-de-teresina\/","url":"https:\/\/noticiaempauta.com\/portal\/estudante-e-baleado-na-cabeca-dentro-de-colegio-particular-do-centro-de-teresina\/","name":"Estudante \u00e9 baleado na cabe\u00e7a dentro de col\u00e9gio particular do Centro de Teresina - Portal Not\u00edcia em Pauta","isPartOf":{"@id":"https:\/\/noticiaempauta.com\/portal\/#website"},"primaryImageOfPage":{"@id":"https:\/\/noticiaempauta.com\/portal\/estudante-e-baleado-na-cabeca-dentro-de-colegio-particular-do-centro-de-teresina\/#primaryimage"},"image":{"@id":"https:\/\/noticiaempauta.com\/portal\/estudante-e-baleado-na-cabeca-dentro-de-colegio-particular-do-centro-de-teresina\/#primaryimage"},"thumbnailUrl":"https:\/\/noticiaempauta.com\/portal\/wp-content\/uploads\/2024\/12\/ef84610bad27b441a53d5dfdbb69764f.jpg","datePublished":"2024-12-04T13:22:07+00:00","dateModified":"2024-12-04T13:22:09+00:00","breadcrumb":{"@id":"https:\/\/noticiaempauta.com\/portal\/estudante-e-baleado-na-cabeca-dentro-de-colegio-particular-do-centro-de-teresina\/#breadcrumb"},"inLanguage":"pt-BR","potentialAction":[{"@type":"ReadAction","target":["https:\/\/noticiaempauta.com\/portal\/estudante-e-baleado-na-cabeca-dentro-de-colegio-particular-do-centro-de-teresina\/"]}]},{"@type":"ImageObject","inLanguage":"pt-BR","@id":"https:\/\/noticiaempauta.com\/portal\/estudante-e-baleado-na-cabeca-dentro-de-colegio-particular-do-centro-de-teresina\/#primaryimage","url":"https:\/\/noticiaempauta.com\/portal\/wp-content\/uploads\/2024\/12\/ef84610bad27b441a53d5dfdbb69764f.jpg","contentUrl":"https:\/\/noticiaempauta.com\/portal\/wp-content\/uploads\/2024\/12\/ef84610bad27b441a53d5dfdbb69764f.jpg","width":790,"height":527},{"@type":"BreadcrumbList","@id":"https:\/\/noticiaempauta.com\/portal\/estudante-e-baleado-na-cabeca-dentro-de-colegio-particular-do-centro-de-teresina\/#breadcrumb","itemListElement":[{"@type":"ListItem","position":1,"name":"P\u00e1gina Inicial","item":"https:\/\/noticiaempauta.com\/portal\/"},{"@type":"ListItem","position":2,"name":"Destaques","item":"https:\/\/noticiaempauta.com\/portal\/destaques-site\/"},{"@type":"ListItem","position":3,"name":"Estudante \u00e9 baleado na cabe\u00e7a dentro de col\u00e9gio particular do Centro de Teresina"}]},{"@type":"WebSite","@id":"https:\/\/noticiaempauta.com\/portal\/#website","url":"https:\/\/noticiaempauta.com\/portal\/","name":"Portal Not\u00edcia em Pauta","description":"Voc\u00ea bem informado","publisher":{"@id":"https:\/\/noticiaempauta.com\/portal\/#organization"},"potentialAction":[{"@type":"SearchAction","target":{"@type":"EntryPoint","urlTemplate":"https:\/\/noticiaempauta.com\/portal\/?s={search_term_string}"},"query-input":{"@type":"PropertyValueSpecification","valueRequired":true,"valueName":"search_term_string"}}],"inLanguage":"pt-BR"},{"@type":"Organization","@id":"https:\/\/noticiaempauta.com\/portal\/#organization","name":"Portal Not\u00edcia em Pauta","url":"https:\/\/noticiaempauta.com\/portal\/","logo":{"@type":"ImageObject","inLanguage":"pt-BR","@id":"https:\/\/noticiaempauta.com\/portal\/#\/schema\/logo\/image\/","url":"https:\/\/noticiaempauta.com\/portal\/wp-content\/uploads\/2022\/08\/logomarca_tema.fw_.png","contentUrl":"https:\/\/noticiaempauta.com\/portal\/wp-content\/uploads\/2022\/08\/logomarca_tema.fw_.png","width":400,"height":232,"caption":"Portal Not\u00edcia em Pauta"},"image":{"@id":"https:\/\/noticiaempauta.com\/portal\/#\/schema\/logo\/image\/"},"sameAs":["https:\/\/www.facebook.com\/Portal-Notcia-Em-Pauta-102292869264820\/","https:\/\/www.instagram.com\/portalnoticiaempauta\/"]},{"@type":"Person","@id":"https:\/\/noticiaempauta.com\/portal\/#\/schema\/person\/a74af43dd1ab3deca45f988c717d57ac","name":"Reda\u00e7\u00e3o","image":{"@type":"ImageObject","inLanguage":"pt-BR","@id":"https:\/\/noticiaempauta.com\/portal\/#\/schema\/person\/image\/","url":"https:\/\/secure.gravatar.com\/avatar\/03179346ecce6cdfc13361603e8f54242a90e5cde8618fa23c5c00aa2b0aadf3?s=96&d=mm&r=g","contentUrl":"https:\/\/secure.gravatar.com\/avatar\/03179346ecce6cdfc13361603e8f54242a90e5cde8618fa23c5c00aa2b0aadf3?s=96&d=mm&r=g","caption":"Reda\u00e7\u00e3o"},"sameAs":["https:\/\/noticiaempauta.com\/portal\/"],"url":"https:\/\/noticiaempauta.com\/portal\/author\/fernando\/"}]}},"_links":{"self":[{"href":"https:\/\/noticiaempauta.com\/portal\/wp-json\/wp\/v2\/posts\/264690","targetHints":{"allow":["GET"]}}],"collection":[{"href":"https:\/\/noticiaempauta.com\/portal\/wp-json\/wp\/v2\/posts"}],"about":[{"href":"https:\/\/noticiaempauta.com\/portal\/wp-json\/wp\/v2\/types\/post"}],"author":[{"embeddable":true,"href":"https:\/\/noticiaempauta.com\/portal\/wp-json\/wp\/v2\/users\/2"}],"replies":[{"embeddable":true,"href":"https:\/\/noticiaempauta.com\/portal\/wp-json\/wp\/v2\/comments?post=264690"}],"version-history":[{"count":2,"href":"https:\/\/noticiaempauta.com\/portal\/wp-json\/wp\/v2\/posts\/264690\/revisions"}],"predecessor-version":[{"id":264693,"href":"https:\/\/noticiaempauta.com\/portal\/wp-json\/wp\/v2\/posts\/264690\/revisions\/264693"}],"wp:featuredmedia":[{"embeddable":true,"href":"https:\/\/noticiaempauta.com\/portal\/wp-json\/wp\/v2\/media\/264691"}],"wp:attachment":[{"href":"https:\/\/noticiaempauta.com\/portal\/wp-json\/wp\/v2\/media?parent=264690"}],"wp:term":[{"taxonomy":"category","embeddable":true,"href":"https:\/\/noticiaempauta.com\/portal\/wp-json\/wp\/v2\/categories?post=264690"},{"taxonomy":"post_tag","embeddable":true,"href":"https:\/\/noticiaempauta.com\/portal\/wp-json\/wp\/v2\/tags?post=264690"}],"curies":[{"name":"wp","href":"https:\/\/api.w.org\/{rel}","templated":true}]}}