{"id":264706,"date":"2024-12-04T16:53:16","date_gmt":"2024-12-04T19:53:16","guid":{"rendered":"https:\/\/noticiaempauta.com\/portal\/?p=264706"},"modified":"2024-12-04T17:03:16","modified_gmt":"2024-12-04T20:03:16","slug":"vereadores-de-picos-participam-de-reuniao-com-superintendencia-da-equatorial-piaui","status":"publish","type":"post","link":"https:\/\/noticiaempauta.com\/portal\/vereadores-de-picos-participam-de-reuniao-com-superintendencia-da-equatorial-piaui\/","title":{"rendered":"Vereadores de Picos participam de reuni\u00e3o com Superintend\u00eancia da Equatorial Piau\u00ed"},"content":{"rendered":"\n<p>A Central de Relacionamento ao Cliente e Superintend\u00eancia da Equatorial Piau\u00ed, realizou na manh\u00e3 desta quarta-feira, 04 de dezembro, no audit\u00f3rio da institui\u00e7\u00e3o, uma reuni\u00e3o com os vereadores picoenses para apresenta\u00e7\u00e3o dos investimentos, dados e a\u00e7\u00f5es da empresa nos \u00faltimos anos na cidade de Picos, oportunidade em que tamb\u00e9m foram apresentadas pelos parlamentares uma s\u00e9ria de demandas e reclama\u00e7\u00f5es quanto ao servi\u00e7o de energia el\u00e9trica em alguns bairros e localidades do munic\u00edpio. A reuni\u00e3o contou com a presen\u00e7a do superintendente Juscelino Amaral, e das consultoras da central de relacionamento, Layza Luz e Mariana Leal.<\/p>\n\n\n\n<figure class=\"wp-block-image size-large\"><img fetchpriority=\"high\" decoding=\"async\" width=\"1024\" height=\"843\" src=\"https:\/\/noticiaempauta.com\/portal\/wp-content\/uploads\/2024\/12\/WhatsApp-Image-2024-12-04-at-16.39.37-1024x843.jpeg\" alt=\"\" class=\"wp-image-264707\" srcset=\"https:\/\/noticiaempauta.com\/portal\/wp-content\/uploads\/2024\/12\/WhatsApp-Image-2024-12-04-at-16.39.37-1024x843.jpeg 1024w, https:\/\/noticiaempauta.com\/portal\/wp-content\/uploads\/2024\/12\/WhatsApp-Image-2024-12-04-at-16.39.37-300x247.jpeg 300w, https:\/\/noticiaempauta.com\/portal\/wp-content\/uploads\/2024\/12\/WhatsApp-Image-2024-12-04-at-16.39.37-768x632.jpeg 768w, https:\/\/noticiaempauta.com\/portal\/wp-content\/uploads\/2024\/12\/WhatsApp-Image-2024-12-04-at-16.39.37.jpeg 1170w\" sizes=\"(max-width: 1024px) 100vw, 1024px\" \/><\/figure>\n\n\n\n<p>Segundo o vereador Rinaldinho (MDB), na ocasi\u00e3o foi apresentado uma s\u00e9rie de a\u00e7\u00f5es e investimentos j\u00e1 realizados em Picos, desde novas redimens\u00f5es da rede el\u00e9trica, substitui\u00e7\u00e3o de transformadores, extens\u00f5es, podas de \u00e1rvores dentre outros servi\u00e7os ao todo na ordem de mais de R$ 3 milh\u00f5es de reais em investimentos, havendo tamb\u00e9m previs\u00e3o de novos investimentos para 2025 nas subesta\u00e7\u00f5es que abrangem toda cidade de Picos, para melhoria do fornecimento de energia.<\/p>\n\n\n\n<figure class=\"wp-block-image size-large\"><img decoding=\"async\" width=\"1024\" height=\"665\" src=\"https:\/\/noticiaempauta.com\/portal\/wp-content\/uploads\/2024\/12\/WhatsApp-Image-2024-12-04-at-16.39.56-1024x665.jpeg\" alt=\"\" class=\"wp-image-264708\" srcset=\"https:\/\/noticiaempauta.com\/portal\/wp-content\/uploads\/2024\/12\/WhatsApp-Image-2024-12-04-at-16.39.56-1024x665.jpeg 1024w, https:\/\/noticiaempauta.com\/portal\/wp-content\/uploads\/2024\/12\/WhatsApp-Image-2024-12-04-at-16.39.56-300x195.jpeg 300w, https:\/\/noticiaempauta.com\/portal\/wp-content\/uploads\/2024\/12\/WhatsApp-Image-2024-12-04-at-16.39.56-768x499.jpeg 768w, https:\/\/noticiaempauta.com\/portal\/wp-content\/uploads\/2024\/12\/WhatsApp-Image-2024-12-04-at-16.39.56.jpeg 1170w\" sizes=\"(max-width: 1024px) 100vw, 1024px\" \/><\/figure>\n\n\n\n<p>\u201cMuito proveitosa a reuni\u00e3o com a Superintend\u00eancia da Equatorial Piau\u00ed, dada a import\u00e2ncia de Picos e a necessidade de mais aten\u00e7\u00e3o por parte da empresa, s\u00e3o muitas as cobran\u00e7as e ficamos felizes em saber que o munic\u00edpio passa a contar com uma central pr\u00f3pria para atender as demandas dos consumidores, elevada a categoria regional, acreditamos que os investimentos anunciados para 2025 efetivamente possam chegar e melhorar ainda mais o fornecimento de energia para toda a popula\u00e7\u00e3o\u201d destacou o vereador Rinaldinho.<\/p>\n\n\n\n<p><\/p>\n","protected":false},"excerpt":{"rendered":"<p>A Central de Relacionamento ao Cliente e Superintend\u00eancia da Equatorial Piau\u00ed, realizou na manh\u00e3 desta quarta-feira, 04 de dezembro, no audit\u00f3rio da institui\u00e7\u00e3o, uma reuni\u00e3o com os vereadores picoenses para apresenta\u00e7\u00e3o dos investimentos, dados e a\u00e7\u00f5es da empresa nos \u00faltimos anos na cidade de Picos, oportunidade em que tamb\u00e9m foram apresentadas pelos parlamentares uma s\u00e9ria [&hellip;]<\/p>\n","protected":false},"author":2,"featured_media":264707,"comment_status":"open","ping_status":"open","sticky":false,"template":"","format":"standard","meta":{"_mi_skip_tracking":false,"footnotes":""},"categories":[25,1,16],"tags":[],"class_list":["post-264706","post","type-post","status-publish","format-standard","has-post-thumbnail","hentry","category-destaques-site","category-geral","category-todas"],"acf":[],"yoast_head":"<!-- This site is optimized with the Yoast SEO Premium plugin v19.2 (Yoast SEO v26.9) - https:\/\/yoast.com\/product\/yoast-seo-premium-wordpress\/ -->\n<title>Vereadores de Picos participam de reuni\u00e3o com Superintend\u00eancia da Equatorial Piau\u00ed - Portal Not\u00edcia em Pauta<\/title>\n<meta name=\"robots\" content=\"index, follow, max-snippet:-1, max-image-preview:large, max-video-preview:-1\" \/>\n<link rel=\"canonical\" href=\"https:\/\/noticiaempauta.com\/portal\/vereadores-de-picos-participam-de-reuniao-com-superintendencia-da-equatorial-piaui\/\" \/>\n<meta property=\"og:locale\" content=\"pt_BR\" \/>\n<meta property=\"og:type\" content=\"article\" \/>\n<meta property=\"og:title\" content=\"Vereadores de Picos participam de reuni\u00e3o com Superintend\u00eancia da Equatorial Piau\u00ed\" \/>\n<meta property=\"og:description\" content=\"A Central de Relacionamento ao Cliente e Superintend\u00eancia da Equatorial Piau\u00ed, realizou na manh\u00e3 desta quarta-feira, 04 de dezembro, no audit\u00f3rio da institui\u00e7\u00e3o, uma reuni\u00e3o com os vereadores picoenses para apresenta\u00e7\u00e3o dos investimentos, dados e a\u00e7\u00f5es da empresa nos \u00faltimos anos na cidade de Picos, oportunidade em que tamb\u00e9m foram apresentadas pelos parlamentares uma s\u00e9ria [&hellip;]\" \/>\n<meta property=\"og:url\" content=\"https:\/\/noticiaempauta.com\/portal\/vereadores-de-picos-participam-de-reuniao-com-superintendencia-da-equatorial-piaui\/\" \/>\n<meta property=\"og:site_name\" content=\"Portal Not\u00edcia em Pauta\" \/>\n<meta property=\"article:publisher\" content=\"https:\/\/www.facebook.com\/Portal-Notcia-Em-Pauta-102292869264820\/\" \/>\n<meta property=\"article:published_time\" content=\"2024-12-04T19:53:16+00:00\" \/>\n<meta property=\"article:modified_time\" content=\"2024-12-04T20:03:16+00:00\" \/>\n<meta property=\"og:image\" content=\"https:\/\/noticiaempauta.com\/portal\/wp-content\/uploads\/2024\/12\/WhatsApp-Image-2024-12-04-at-16.39.37.jpeg\" \/>\n\t<meta property=\"og:image:width\" content=\"1170\" \/>\n\t<meta property=\"og:image:height\" content=\"963\" \/>\n\t<meta property=\"og:image:type\" content=\"image\/jpeg\" \/>\n<meta name=\"author\" content=\"Reda\u00e7\u00e3o\" \/>\n<meta name=\"twitter:card\" content=\"summary_large_image\" \/>\n<meta name=\"twitter:label1\" content=\"Escrito por\" \/>\n\t<meta name=\"twitter:data1\" content=\"Reda\u00e7\u00e3o\" \/>\n\t<meta name=\"twitter:label2\" content=\"Est. tempo de leitura\" \/>\n\t<meta name=\"twitter:data2\" content=\"2 minutos\" \/>\n<script type=\"application\/ld+json\" class=\"yoast-schema-graph\">{\"@context\":\"https:\/\/schema.org\",\"@graph\":[{\"@type\":\"Article\",\"@id\":\"https:\/\/noticiaempauta.com\/portal\/vereadores-de-picos-participam-de-reuniao-com-superintendencia-da-equatorial-piaui\/#article\",\"isPartOf\":{\"@id\":\"https:\/\/noticiaempauta.com\/portal\/vereadores-de-picos-participam-de-reuniao-com-superintendencia-da-equatorial-piaui\/\"},\"author\":{\"name\":\"Reda\u00e7\u00e3o\",\"@id\":\"https:\/\/noticiaempauta.com\/portal\/#\/schema\/person\/a74af43dd1ab3deca45f988c717d57ac\"},\"headline\":\"Vereadores de Picos participam de reuni\u00e3o com Superintend\u00eancia da Equatorial Piau\u00ed\",\"datePublished\":\"2024-12-04T19:53:16+00:00\",\"dateModified\":\"2024-12-04T20:03:16+00:00\",\"mainEntityOfPage\":{\"@id\":\"https:\/\/noticiaempauta.com\/portal\/vereadores-de-picos-participam-de-reuniao-com-superintendencia-da-equatorial-piaui\/\"},\"wordCount\":289,\"commentCount\":0,\"publisher\":{\"@id\":\"https:\/\/noticiaempauta.com\/portal\/#organization\"},\"image\":{\"@id\":\"https:\/\/noticiaempauta.com\/portal\/vereadores-de-picos-participam-de-reuniao-com-superintendencia-da-equatorial-piaui\/#primaryimage\"},\"thumbnailUrl\":\"https:\/\/noticiaempauta.com\/portal\/wp-content\/uploads\/2024\/12\/WhatsApp-Image-2024-12-04-at-16.39.37.jpeg\",\"articleSection\":[\"Destaques\",\"Geral\",\"Todas as Not\u00edcias\"],\"inLanguage\":\"pt-BR\",\"potentialAction\":[{\"@type\":\"CommentAction\",\"name\":\"Comment\",\"target\":[\"https:\/\/noticiaempauta.com\/portal\/vereadores-de-picos-participam-de-reuniao-com-superintendencia-da-equatorial-piaui\/#respond\"]}]},{\"@type\":\"WebPage\",\"@id\":\"https:\/\/noticiaempauta.com\/portal\/vereadores-de-picos-participam-de-reuniao-com-superintendencia-da-equatorial-piaui\/\",\"url\":\"https:\/\/noticiaempauta.com\/portal\/vereadores-de-picos-participam-de-reuniao-com-superintendencia-da-equatorial-piaui\/\",\"name\":\"Vereadores de Picos participam de reuni\u00e3o com Superintend\u00eancia da Equatorial Piau\u00ed - Portal Not\u00edcia em Pauta\",\"isPartOf\":{\"@id\":\"https:\/\/noticiaempauta.com\/portal\/#website\"},\"primaryImageOfPage\":{\"@id\":\"https:\/\/noticiaempauta.com\/portal\/vereadores-de-picos-participam-de-reuniao-com-superintendencia-da-equatorial-piaui\/#primaryimage\"},\"image\":{\"@id\":\"https:\/\/noticiaempauta.com\/portal\/vereadores-de-picos-participam-de-reuniao-com-superintendencia-da-equatorial-piaui\/#primaryimage\"},\"thumbnailUrl\":\"https:\/\/noticiaempauta.com\/portal\/wp-content\/uploads\/2024\/12\/WhatsApp-Image-2024-12-04-at-16.39.37.jpeg\",\"datePublished\":\"2024-12-04T19:53:16+00:00\",\"dateModified\":\"2024-12-04T20:03:16+00:00\",\"breadcrumb\":{\"@id\":\"https:\/\/noticiaempauta.com\/portal\/vereadores-de-picos-participam-de-reuniao-com-superintendencia-da-equatorial-piaui\/#breadcrumb\"},\"inLanguage\":\"pt-BR\",\"potentialAction\":[{\"@type\":\"ReadAction\",\"target\":[\"https:\/\/noticiaempauta.com\/portal\/vereadores-de-picos-participam-de-reuniao-com-superintendencia-da-equatorial-piaui\/\"]}]},{\"@type\":\"ImageObject\",\"inLanguage\":\"pt-BR\",\"@id\":\"https:\/\/noticiaempauta.com\/portal\/vereadores-de-picos-participam-de-reuniao-com-superintendencia-da-equatorial-piaui\/#primaryimage\",\"url\":\"https:\/\/noticiaempauta.com\/portal\/wp-content\/uploads\/2024\/12\/WhatsApp-Image-2024-12-04-at-16.39.37.jpeg\",\"contentUrl\":\"https:\/\/noticiaempauta.com\/portal\/wp-content\/uploads\/2024\/12\/WhatsApp-Image-2024-12-04-at-16.39.37.jpeg\",\"width\":1170,\"height\":963},{\"@type\":\"BreadcrumbList\",\"@id\":\"https:\/\/noticiaempauta.com\/portal\/vereadores-de-picos-participam-de-reuniao-com-superintendencia-da-equatorial-piaui\/#breadcrumb\",\"itemListElement\":[{\"@type\":\"ListItem\",\"position\":1,\"name\":\"P\u00e1gina Inicial\",\"item\":\"https:\/\/noticiaempauta.com\/portal\/\"},{\"@type\":\"ListItem\",\"position\":2,\"name\":\"Destaques\",\"item\":\"https:\/\/noticiaempauta.com\/portal\/destaques-site\/\"},{\"@type\":\"ListItem\",\"position\":3,\"name\":\"Vereadores de Picos participam de reuni\u00e3o com Superintend\u00eancia da Equatorial Piau\u00ed\"}]},{\"@type\":\"WebSite\",\"@id\":\"https:\/\/noticiaempauta.com\/portal\/#website\",\"url\":\"https:\/\/noticiaempauta.com\/portal\/\",\"name\":\"Portal Not\u00edcia em Pauta\",\"description\":\"Voc\u00ea bem informado\",\"publisher\":{\"@id\":\"https:\/\/noticiaempauta.com\/portal\/#organization\"},\"potentialAction\":[{\"@type\":\"SearchAction\",\"target\":{\"@type\":\"EntryPoint\",\"urlTemplate\":\"https:\/\/noticiaempauta.com\/portal\/?s={search_term_string}\"},\"query-input\":{\"@type\":\"PropertyValueSpecification\",\"valueRequired\":true,\"valueName\":\"search_term_string\"}}],\"inLanguage\":\"pt-BR\"},{\"@type\":\"Organization\",\"@id\":\"https:\/\/noticiaempauta.com\/portal\/#organization\",\"name\":\"Portal Not\u00edcia em Pauta\",\"url\":\"https:\/\/noticiaempauta.com\/portal\/\",\"logo\":{\"@type\":\"ImageObject\",\"inLanguage\":\"pt-BR\",\"@id\":\"https:\/\/noticiaempauta.com\/portal\/#\/schema\/logo\/image\/\",\"url\":\"https:\/\/noticiaempauta.com\/portal\/wp-content\/uploads\/2022\/08\/logomarca_tema.fw_.png\",\"contentUrl\":\"https:\/\/noticiaempauta.com\/portal\/wp-content\/uploads\/2022\/08\/logomarca_tema.fw_.png\",\"width\":400,\"height\":232,\"caption\":\"Portal Not\u00edcia em Pauta\"},\"image\":{\"@id\":\"https:\/\/noticiaempauta.com\/portal\/#\/schema\/logo\/image\/\"},\"sameAs\":[\"https:\/\/www.facebook.com\/Portal-Notcia-Em-Pauta-102292869264820\/\",\"https:\/\/www.instagram.com\/portalnoticiaempauta\/\"]},{\"@type\":\"Person\",\"@id\":\"https:\/\/noticiaempauta.com\/portal\/#\/schema\/person\/a74af43dd1ab3deca45f988c717d57ac\",\"name\":\"Reda\u00e7\u00e3o\",\"image\":{\"@type\":\"ImageObject\",\"inLanguage\":\"pt-BR\",\"@id\":\"https:\/\/noticiaempauta.com\/portal\/#\/schema\/person\/image\/\",\"url\":\"https:\/\/secure.gravatar.com\/avatar\/03179346ecce6cdfc13361603e8f54242a90e5cde8618fa23c5c00aa2b0aadf3?s=96&d=mm&r=g\",\"contentUrl\":\"https:\/\/secure.gravatar.com\/avatar\/03179346ecce6cdfc13361603e8f54242a90e5cde8618fa23c5c00aa2b0aadf3?s=96&d=mm&r=g\",\"caption\":\"Reda\u00e7\u00e3o\"},\"sameAs\":[\"https:\/\/noticiaempauta.com\/portal\/\"],\"url\":\"https:\/\/noticiaempauta.com\/portal\/author\/fernando\/\"}]}<\/script>\n<!-- \/ Yoast SEO Premium plugin. -->","yoast_head_json":{"title":"Vereadores de Picos participam de reuni\u00e3o com Superintend\u00eancia da Equatorial Piau\u00ed - Portal Not\u00edcia em Pauta","robots":{"index":"index","follow":"follow","max-snippet":"max-snippet:-1","max-image-preview":"max-image-preview:large","max-video-preview":"max-video-preview:-1"},"canonical":"https:\/\/noticiaempauta.com\/portal\/vereadores-de-picos-participam-de-reuniao-com-superintendencia-da-equatorial-piaui\/","og_locale":"pt_BR","og_type":"article","og_title":"Vereadores de Picos participam de reuni\u00e3o com Superintend\u00eancia da Equatorial Piau\u00ed","og_description":"A Central de Relacionamento ao Cliente e Superintend\u00eancia da Equatorial Piau\u00ed, realizou na manh\u00e3 desta quarta-feira, 04 de dezembro, no audit\u00f3rio da institui\u00e7\u00e3o, uma reuni\u00e3o com os vereadores picoenses para apresenta\u00e7\u00e3o dos investimentos, dados e a\u00e7\u00f5es da empresa nos \u00faltimos anos na cidade de Picos, oportunidade em que tamb\u00e9m foram apresentadas pelos parlamentares uma s\u00e9ria [&hellip;]","og_url":"https:\/\/noticiaempauta.com\/portal\/vereadores-de-picos-participam-de-reuniao-com-superintendencia-da-equatorial-piaui\/","og_site_name":"Portal Not\u00edcia em Pauta","article_publisher":"https:\/\/www.facebook.com\/Portal-Notcia-Em-Pauta-102292869264820\/","article_published_time":"2024-12-04T19:53:16+00:00","article_modified_time":"2024-12-04T20:03:16+00:00","og_image":[{"width":1170,"height":963,"url":"https:\/\/noticiaempauta.com\/portal\/wp-content\/uploads\/2024\/12\/WhatsApp-Image-2024-12-04-at-16.39.37.jpeg","type":"image\/jpeg"}],"author":"Reda\u00e7\u00e3o","twitter_card":"summary_large_image","twitter_misc":{"Escrito por":"Reda\u00e7\u00e3o","Est. tempo de leitura":"2 minutos"},"schema":{"@context":"https:\/\/schema.org","@graph":[{"@type":"Article","@id":"https:\/\/noticiaempauta.com\/portal\/vereadores-de-picos-participam-de-reuniao-com-superintendencia-da-equatorial-piaui\/#article","isPartOf":{"@id":"https:\/\/noticiaempauta.com\/portal\/vereadores-de-picos-participam-de-reuniao-com-superintendencia-da-equatorial-piaui\/"},"author":{"name":"Reda\u00e7\u00e3o","@id":"https:\/\/noticiaempauta.com\/portal\/#\/schema\/person\/a74af43dd1ab3deca45f988c717d57ac"},"headline":"Vereadores de Picos participam de reuni\u00e3o com Superintend\u00eancia da Equatorial Piau\u00ed","datePublished":"2024-12-04T19:53:16+00:00","dateModified":"2024-12-04T20:03:16+00:00","mainEntityOfPage":{"@id":"https:\/\/noticiaempauta.com\/portal\/vereadores-de-picos-participam-de-reuniao-com-superintendencia-da-equatorial-piaui\/"},"wordCount":289,"commentCount":0,"publisher":{"@id":"https:\/\/noticiaempauta.com\/portal\/#organization"},"image":{"@id":"https:\/\/noticiaempauta.com\/portal\/vereadores-de-picos-participam-de-reuniao-com-superintendencia-da-equatorial-piaui\/#primaryimage"},"thumbnailUrl":"https:\/\/noticiaempauta.com\/portal\/wp-content\/uploads\/2024\/12\/WhatsApp-Image-2024-12-04-at-16.39.37.jpeg","articleSection":["Destaques","Geral","Todas as Not\u00edcias"],"inLanguage":"pt-BR","potentialAction":[{"@type":"CommentAction","name":"Comment","target":["https:\/\/noticiaempauta.com\/portal\/vereadores-de-picos-participam-de-reuniao-com-superintendencia-da-equatorial-piaui\/#respond"]}]},{"@type":"WebPage","@id":"https:\/\/noticiaempauta.com\/portal\/vereadores-de-picos-participam-de-reuniao-com-superintendencia-da-equatorial-piaui\/","url":"https:\/\/noticiaempauta.com\/portal\/vereadores-de-picos-participam-de-reuniao-com-superintendencia-da-equatorial-piaui\/","name":"Vereadores de Picos participam de reuni\u00e3o com Superintend\u00eancia da Equatorial Piau\u00ed - Portal Not\u00edcia em Pauta","isPartOf":{"@id":"https:\/\/noticiaempauta.com\/portal\/#website"},"primaryImageOfPage":{"@id":"https:\/\/noticiaempauta.com\/portal\/vereadores-de-picos-participam-de-reuniao-com-superintendencia-da-equatorial-piaui\/#primaryimage"},"image":{"@id":"https:\/\/noticiaempauta.com\/portal\/vereadores-de-picos-participam-de-reuniao-com-superintendencia-da-equatorial-piaui\/#primaryimage"},"thumbnailUrl":"https:\/\/noticiaempauta.com\/portal\/wp-content\/uploads\/2024\/12\/WhatsApp-Image-2024-12-04-at-16.39.37.jpeg","datePublished":"2024-12-04T19:53:16+00:00","dateModified":"2024-12-04T20:03:16+00:00","breadcrumb":{"@id":"https:\/\/noticiaempauta.com\/portal\/vereadores-de-picos-participam-de-reuniao-com-superintendencia-da-equatorial-piaui\/#breadcrumb"},"inLanguage":"pt-BR","potentialAction":[{"@type":"ReadAction","target":["https:\/\/noticiaempauta.com\/portal\/vereadores-de-picos-participam-de-reuniao-com-superintendencia-da-equatorial-piaui\/"]}]},{"@type":"ImageObject","inLanguage":"pt-BR","@id":"https:\/\/noticiaempauta.com\/portal\/vereadores-de-picos-participam-de-reuniao-com-superintendencia-da-equatorial-piaui\/#primaryimage","url":"https:\/\/noticiaempauta.com\/portal\/wp-content\/uploads\/2024\/12\/WhatsApp-Image-2024-12-04-at-16.39.37.jpeg","contentUrl":"https:\/\/noticiaempauta.com\/portal\/wp-content\/uploads\/2024\/12\/WhatsApp-Image-2024-12-04-at-16.39.37.jpeg","width":1170,"height":963},{"@type":"BreadcrumbList","@id":"https:\/\/noticiaempauta.com\/portal\/vereadores-de-picos-participam-de-reuniao-com-superintendencia-da-equatorial-piaui\/#breadcrumb","itemListElement":[{"@type":"ListItem","position":1,"name":"P\u00e1gina Inicial","item":"https:\/\/noticiaempauta.com\/portal\/"},{"@type":"ListItem","position":2,"name":"Destaques","item":"https:\/\/noticiaempauta.com\/portal\/destaques-site\/"},{"@type":"ListItem","position":3,"name":"Vereadores de Picos participam de reuni\u00e3o com Superintend\u00eancia da Equatorial Piau\u00ed"}]},{"@type":"WebSite","@id":"https:\/\/noticiaempauta.com\/portal\/#website","url":"https:\/\/noticiaempauta.com\/portal\/","name":"Portal Not\u00edcia em Pauta","description":"Voc\u00ea bem informado","publisher":{"@id":"https:\/\/noticiaempauta.com\/portal\/#organization"},"potentialAction":[{"@type":"SearchAction","target":{"@type":"EntryPoint","urlTemplate":"https:\/\/noticiaempauta.com\/portal\/?s={search_term_string}"},"query-input":{"@type":"PropertyValueSpecification","valueRequired":true,"valueName":"search_term_string"}}],"inLanguage":"pt-BR"},{"@type":"Organization","@id":"https:\/\/noticiaempauta.com\/portal\/#organization","name":"Portal Not\u00edcia em Pauta","url":"https:\/\/noticiaempauta.com\/portal\/","logo":{"@type":"ImageObject","inLanguage":"pt-BR","@id":"https:\/\/noticiaempauta.com\/portal\/#\/schema\/logo\/image\/","url":"https:\/\/noticiaempauta.com\/portal\/wp-content\/uploads\/2022\/08\/logomarca_tema.fw_.png","contentUrl":"https:\/\/noticiaempauta.com\/portal\/wp-content\/uploads\/2022\/08\/logomarca_tema.fw_.png","width":400,"height":232,"caption":"Portal Not\u00edcia em Pauta"},"image":{"@id":"https:\/\/noticiaempauta.com\/portal\/#\/schema\/logo\/image\/"},"sameAs":["https:\/\/www.facebook.com\/Portal-Notcia-Em-Pauta-102292869264820\/","https:\/\/www.instagram.com\/portalnoticiaempauta\/"]},{"@type":"Person","@id":"https:\/\/noticiaempauta.com\/portal\/#\/schema\/person\/a74af43dd1ab3deca45f988c717d57ac","name":"Reda\u00e7\u00e3o","image":{"@type":"ImageObject","inLanguage":"pt-BR","@id":"https:\/\/noticiaempauta.com\/portal\/#\/schema\/person\/image\/","url":"https:\/\/secure.gravatar.com\/avatar\/03179346ecce6cdfc13361603e8f54242a90e5cde8618fa23c5c00aa2b0aadf3?s=96&d=mm&r=g","contentUrl":"https:\/\/secure.gravatar.com\/avatar\/03179346ecce6cdfc13361603e8f54242a90e5cde8618fa23c5c00aa2b0aadf3?s=96&d=mm&r=g","caption":"Reda\u00e7\u00e3o"},"sameAs":["https:\/\/noticiaempauta.com\/portal\/"],"url":"https:\/\/noticiaempauta.com\/portal\/author\/fernando\/"}]}},"_links":{"self":[{"href":"https:\/\/noticiaempauta.com\/portal\/wp-json\/wp\/v2\/posts\/264706","targetHints":{"allow":["GET"]}}],"collection":[{"href":"https:\/\/noticiaempauta.com\/portal\/wp-json\/wp\/v2\/posts"}],"about":[{"href":"https:\/\/noticiaempauta.com\/portal\/wp-json\/wp\/v2\/types\/post"}],"author":[{"embeddable":true,"href":"https:\/\/noticiaempauta.com\/portal\/wp-json\/wp\/v2\/users\/2"}],"replies":[{"embeddable":true,"href":"https:\/\/noticiaempauta.com\/portal\/wp-json\/wp\/v2\/comments?post=264706"}],"version-history":[{"count":2,"href":"https:\/\/noticiaempauta.com\/portal\/wp-json\/wp\/v2\/posts\/264706\/revisions"}],"predecessor-version":[{"id":264710,"href":"https:\/\/noticiaempauta.com\/portal\/wp-json\/wp\/v2\/posts\/264706\/revisions\/264710"}],"wp:featuredmedia":[{"embeddable":true,"href":"https:\/\/noticiaempauta.com\/portal\/wp-json\/wp\/v2\/media\/264707"}],"wp:attachment":[{"href":"https:\/\/noticiaempauta.com\/portal\/wp-json\/wp\/v2\/media?parent=264706"}],"wp:term":[{"taxonomy":"category","embeddable":true,"href":"https:\/\/noticiaempauta.com\/portal\/wp-json\/wp\/v2\/categories?post=264706"},{"taxonomy":"post_tag","embeddable":true,"href":"https:\/\/noticiaempauta.com\/portal\/wp-json\/wp\/v2\/tags?post=264706"}],"curies":[{"name":"wp","href":"https:\/\/api.w.org\/{rel}","templated":true}]}}