{"id":264711,"date":"2024-12-05T08:59:02","date_gmt":"2024-12-05T11:59:02","guid":{"rendered":"https:\/\/noticiaempauta.com\/portal\/?p=264711"},"modified":"2024-12-05T08:59:04","modified_gmt":"2024-12-05T11:59:04","slug":"piaui-tem-a-menor-taxa-de-pobreza-ja-registrada-em-10-anos-afirma-ibge","status":"publish","type":"post","link":"https:\/\/noticiaempauta.com\/portal\/piaui-tem-a-menor-taxa-de-pobreza-ja-registrada-em-10-anos-afirma-ibge\/","title":{"rendered":"Piau\u00ed tem a menor taxa de pobreza j\u00e1 registrada em 10 anos, afirma IBGE"},"content":{"rendered":"\n<p>O Piau\u00ed teve a menor taxa de pobreza na s\u00e9rie hist\u00f3rica do Instituto Brasileiro de Geografia e Estat\u00edstica (IBGE), iniciada em 2012. Os dados foram divulgados pelo \u00f3rg\u00e3o nesta quarta-feira (04). Com a redu\u00e7\u00e3o da pobreza no per\u00edodo de 2012 a 2023, o Piau\u00ed saltou de 9\u00ba para 5\u00ba na classifica\u00e7\u00e3o perante os demais estados da federa\u00e7\u00e3o entre os maiores indicadores.<\/p>\n\n\n\n<figure class=\"wp-block-image size-full\"><img fetchpriority=\"high\" decoding=\"async\" width=\"731\" height=\"309\" src=\"https:\/\/noticiaempauta.com\/portal\/wp-content\/uploads\/2024\/12\/Alianca_contra_a_fome_22c97d652e.webp\" alt=\"\" class=\"wp-image-264712\" srcset=\"https:\/\/noticiaempauta.com\/portal\/wp-content\/uploads\/2024\/12\/Alianca_contra_a_fome_22c97d652e.webp 731w, https:\/\/noticiaempauta.com\/portal\/wp-content\/uploads\/2024\/12\/Alianca_contra_a_fome_22c97d652e-300x127.webp 300w\" sizes=\"(max-width: 731px) 100vw, 731px\" \/><\/figure>\n\n\n\n<p>O \u00edndice foi de 45,3% da popula\u00e7\u00e3o, o que representa uma redu\u00e7\u00e3o de 2,9 pontos percentuais em rela\u00e7\u00e3o ao ano anterior, quando foi registrado 48,2%. Em 2012, quando come\u00e7ou a s\u00e9rie hist\u00f3rica, 55,4% da popula\u00e7\u00e3o piauiense estava em situa\u00e7\u00e3o de pobreza. Entre 2012 e 2023, a pobreza foi de 10,1 pontos percentuais. Em termos de quantidade da popula\u00e7\u00e3o em situa\u00e7\u00e3o de pobreza, em 2023 havia cerca de 1,49 milh\u00e3o de pessoas, enquanto em 2012 era 1,77 milh\u00e3o. A redu\u00e7\u00e3o foi de cerca de 280 mil pessoas em situa\u00e7\u00e3o de pobreza no per\u00edodo.<\/p>\n\n\n\n<p>O governador Rafael Fonteles ressalta o trabalho que vem sendo desenvolvido no estado para alcan\u00e7ar esse resultado. &#8220;Temos desenvolvido uma pol\u00edtica de combate \u00e0 pobreza em v\u00e1rias frentes. Uma delas \u00e9 a expans\u00e3o do microcr\u00e9dito para pequenos empreendedores e produtores rurais atrav\u00e9s da Badespi. Al\u00e9m disso, \u00e9 um foco importante de combate \u00e0 fome de forma intensa. A exemplo temos buscado levar mais unidades do Restaurante Popular a v\u00e1rios bairros de Teresina. Inauguramos, na \u00faltima segunda-feira (02), a unidade no Grande Dirceu, que vai atender a popula\u00e7\u00e3o com 3 mil refei\u00e7\u00f5es por dia. Essas unidades garantem caf\u00e9 da manh\u00e3, almo\u00e7o e jantar a uma parcela da popula\u00e7\u00e3o mais vulnerabilizada, a trabalhadores e comerci\u00e1rios a um custo baixo. \u00c9 uma preocupa\u00e7\u00e3o manter a qualidade nutricional das refei\u00e7\u00f5es servidas diariamente. Isso \u00e9 promover cidadania e combater a fome de forma efetiva&#8221;, explica.<\/p>\n\n\n\n<p>Em n\u00edvel nacional, o IBGE revelou tamb\u00e9m que o pa\u00eds nunca teve um resultado t\u00e3o expressivo. Em 2023, a situa\u00e7\u00e3o de pobreza atingia 27,4% da popula\u00e7\u00e3o, indicador inferior ao observado em 2022, quando havia sido de 31,6%, registrando queda de 4,2 pontos percentuais.<\/p>\n\n\n\n<p>O trabalho de combate \u00e0 fome no Brasil est\u00e1 sob a responsabilidade do Minist\u00e9rio do Desenvolvimento Social, Fam\u00edlia e Combate \u00e0 Pobreza, comandado pelo ministro Wellington Dias. &#8220;Fruto de muito trabalho, o Brasil alcan\u00e7ou o mais baixo indicador de pobreza e extrema pobreza da hist\u00f3ria. Quando olhamos a compara\u00e7\u00e3o de 2003 para 2023, a queda chegou a 4,4%. \u00c9 o mais baixo de toda a s\u00e9rie hist\u00f3rica. Isso \u00e9 a integra\u00e7\u00e3o entre o social e o econ\u00f4mico. O presidente Lula sabe a import\u00e2ncia do crescimento econ\u00f4mico, mas ele quer que tamb\u00e9m possamos abrir oportunidade para quem mais precisa. A qualifica\u00e7\u00e3o profissional, o apoio para que as pessoas tenham emprego e, pelo empreendedorismo, possamos garantir mais redu\u00e7\u00e3o. \u00c9 esse caminho que coloca o Brasil no rumo certo&#8221;, disse o ministro.&nbsp;<\/p>\n\n\n\n<p>CCOM-PI<\/p>\n","protected":false},"excerpt":{"rendered":"<p>O Piau\u00ed teve a menor taxa de pobreza na s\u00e9rie hist\u00f3rica do Instituto Brasileiro de Geografia e Estat\u00edstica (IBGE), iniciada em 2012. Os dados foram divulgados pelo \u00f3rg\u00e3o nesta quarta-feira (04). Com a redu\u00e7\u00e3o da pobreza no per\u00edodo de 2012 a 2023, o Piau\u00ed saltou de 9\u00ba para 5\u00ba na classifica\u00e7\u00e3o perante os demais estados [&hellip;]<\/p>\n","protected":false},"author":2,"featured_media":264712,"comment_status":"open","ping_status":"open","sticky":false,"template":"","format":"standard","meta":{"_mi_skip_tracking":false,"footnotes":""},"categories":[25,1,8,16],"tags":[192],"class_list":["post-264711","post","type-post","status-publish","format-standard","has-post-thumbnail","hentry","category-destaques-site","category-geral","category-social","category-todas","tag-destaqueprincipal"],"acf":[],"yoast_head":"<!-- This site is optimized with the Yoast SEO Premium plugin v19.2 (Yoast SEO v26.9) - https:\/\/yoast.com\/product\/yoast-seo-premium-wordpress\/ -->\n<title>Piau\u00ed tem a menor taxa de pobreza j\u00e1 registrada em 10 anos, afirma IBGE - Portal Not\u00edcia em Pauta<\/title>\n<meta name=\"robots\" content=\"index, follow, max-snippet:-1, max-image-preview:large, max-video-preview:-1\" \/>\n<link rel=\"canonical\" href=\"https:\/\/noticiaempauta.com\/portal\/piaui-tem-a-menor-taxa-de-pobreza-ja-registrada-em-10-anos-afirma-ibge\/\" \/>\n<meta property=\"og:locale\" content=\"pt_BR\" \/>\n<meta property=\"og:type\" content=\"article\" \/>\n<meta property=\"og:title\" content=\"Piau\u00ed tem a menor taxa de pobreza j\u00e1 registrada em 10 anos, afirma IBGE\" \/>\n<meta property=\"og:description\" content=\"O Piau\u00ed teve a menor taxa de pobreza na s\u00e9rie hist\u00f3rica do Instituto Brasileiro de Geografia e Estat\u00edstica (IBGE), iniciada em 2012. Os dados foram divulgados pelo \u00f3rg\u00e3o nesta quarta-feira (04). Com a redu\u00e7\u00e3o da pobreza no per\u00edodo de 2012 a 2023, o Piau\u00ed saltou de 9\u00ba para 5\u00ba na classifica\u00e7\u00e3o perante os demais estados [&hellip;]\" \/>\n<meta property=\"og:url\" content=\"https:\/\/noticiaempauta.com\/portal\/piaui-tem-a-menor-taxa-de-pobreza-ja-registrada-em-10-anos-afirma-ibge\/\" \/>\n<meta property=\"og:site_name\" content=\"Portal Not\u00edcia em Pauta\" \/>\n<meta property=\"article:publisher\" content=\"https:\/\/www.facebook.com\/Portal-Notcia-Em-Pauta-102292869264820\/\" \/>\n<meta property=\"article:published_time\" content=\"2024-12-05T11:59:02+00:00\" \/>\n<meta property=\"article:modified_time\" content=\"2024-12-05T11:59:04+00:00\" \/>\n<meta property=\"og:image\" content=\"https:\/\/noticiaempauta.com\/portal\/wp-content\/uploads\/2024\/12\/Alianca_contra_a_fome_22c97d652e.webp\" \/>\n\t<meta property=\"og:image:width\" content=\"731\" \/>\n\t<meta property=\"og:image:height\" content=\"309\" \/>\n\t<meta property=\"og:image:type\" content=\"image\/webp\" \/>\n<meta name=\"author\" content=\"Reda\u00e7\u00e3o\" \/>\n<meta name=\"twitter:card\" content=\"summary_large_image\" \/>\n<meta name=\"twitter:label1\" content=\"Escrito por\" \/>\n\t<meta name=\"twitter:data1\" content=\"Reda\u00e7\u00e3o\" \/>\n\t<meta name=\"twitter:label2\" content=\"Est. tempo de leitura\" \/>\n\t<meta name=\"twitter:data2\" content=\"3 minutos\" \/>\n<script type=\"application\/ld+json\" class=\"yoast-schema-graph\">{\"@context\":\"https:\/\/schema.org\",\"@graph\":[{\"@type\":\"Article\",\"@id\":\"https:\/\/noticiaempauta.com\/portal\/piaui-tem-a-menor-taxa-de-pobreza-ja-registrada-em-10-anos-afirma-ibge\/#article\",\"isPartOf\":{\"@id\":\"https:\/\/noticiaempauta.com\/portal\/piaui-tem-a-menor-taxa-de-pobreza-ja-registrada-em-10-anos-afirma-ibge\/\"},\"author\":{\"name\":\"Reda\u00e7\u00e3o\",\"@id\":\"https:\/\/noticiaempauta.com\/portal\/#\/schema\/person\/a74af43dd1ab3deca45f988c717d57ac\"},\"headline\":\"Piau\u00ed tem a menor taxa de pobreza j\u00e1 registrada em 10 anos, afirma IBGE\",\"datePublished\":\"2024-12-05T11:59:02+00:00\",\"dateModified\":\"2024-12-05T11:59:04+00:00\",\"mainEntityOfPage\":{\"@id\":\"https:\/\/noticiaempauta.com\/portal\/piaui-tem-a-menor-taxa-de-pobreza-ja-registrada-em-10-anos-afirma-ibge\/\"},\"wordCount\":498,\"commentCount\":0,\"publisher\":{\"@id\":\"https:\/\/noticiaempauta.com\/portal\/#organization\"},\"image\":{\"@id\":\"https:\/\/noticiaempauta.com\/portal\/piaui-tem-a-menor-taxa-de-pobreza-ja-registrada-em-10-anos-afirma-ibge\/#primaryimage\"},\"thumbnailUrl\":\"https:\/\/noticiaempauta.com\/portal\/wp-content\/uploads\/2024\/12\/Alianca_contra_a_fome_22c97d652e.webp\",\"keywords\":[\"destaqueprincipal\"],\"articleSection\":[\"Destaques\",\"Geral\",\"Social\",\"Todas as Not\u00edcias\"],\"inLanguage\":\"pt-BR\",\"potentialAction\":[{\"@type\":\"CommentAction\",\"name\":\"Comment\",\"target\":[\"https:\/\/noticiaempauta.com\/portal\/piaui-tem-a-menor-taxa-de-pobreza-ja-registrada-em-10-anos-afirma-ibge\/#respond\"]}]},{\"@type\":\"WebPage\",\"@id\":\"https:\/\/noticiaempauta.com\/portal\/piaui-tem-a-menor-taxa-de-pobreza-ja-registrada-em-10-anos-afirma-ibge\/\",\"url\":\"https:\/\/noticiaempauta.com\/portal\/piaui-tem-a-menor-taxa-de-pobreza-ja-registrada-em-10-anos-afirma-ibge\/\",\"name\":\"Piau\u00ed tem a menor taxa de pobreza j\u00e1 registrada em 10 anos, afirma IBGE - Portal Not\u00edcia em Pauta\",\"isPartOf\":{\"@id\":\"https:\/\/noticiaempauta.com\/portal\/#website\"},\"primaryImageOfPage\":{\"@id\":\"https:\/\/noticiaempauta.com\/portal\/piaui-tem-a-menor-taxa-de-pobreza-ja-registrada-em-10-anos-afirma-ibge\/#primaryimage\"},\"image\":{\"@id\":\"https:\/\/noticiaempauta.com\/portal\/piaui-tem-a-menor-taxa-de-pobreza-ja-registrada-em-10-anos-afirma-ibge\/#primaryimage\"},\"thumbnailUrl\":\"https:\/\/noticiaempauta.com\/portal\/wp-content\/uploads\/2024\/12\/Alianca_contra_a_fome_22c97d652e.webp\",\"datePublished\":\"2024-12-05T11:59:02+00:00\",\"dateModified\":\"2024-12-05T11:59:04+00:00\",\"breadcrumb\":{\"@id\":\"https:\/\/noticiaempauta.com\/portal\/piaui-tem-a-menor-taxa-de-pobreza-ja-registrada-em-10-anos-afirma-ibge\/#breadcrumb\"},\"inLanguage\":\"pt-BR\",\"potentialAction\":[{\"@type\":\"ReadAction\",\"target\":[\"https:\/\/noticiaempauta.com\/portal\/piaui-tem-a-menor-taxa-de-pobreza-ja-registrada-em-10-anos-afirma-ibge\/\"]}]},{\"@type\":\"ImageObject\",\"inLanguage\":\"pt-BR\",\"@id\":\"https:\/\/noticiaempauta.com\/portal\/piaui-tem-a-menor-taxa-de-pobreza-ja-registrada-em-10-anos-afirma-ibge\/#primaryimage\",\"url\":\"https:\/\/noticiaempauta.com\/portal\/wp-content\/uploads\/2024\/12\/Alianca_contra_a_fome_22c97d652e.webp\",\"contentUrl\":\"https:\/\/noticiaempauta.com\/portal\/wp-content\/uploads\/2024\/12\/Alianca_contra_a_fome_22c97d652e.webp\",\"width\":731,\"height\":309},{\"@type\":\"BreadcrumbList\",\"@id\":\"https:\/\/noticiaempauta.com\/portal\/piaui-tem-a-menor-taxa-de-pobreza-ja-registrada-em-10-anos-afirma-ibge\/#breadcrumb\",\"itemListElement\":[{\"@type\":\"ListItem\",\"position\":1,\"name\":\"P\u00e1gina Inicial\",\"item\":\"https:\/\/noticiaempauta.com\/portal\/\"},{\"@type\":\"ListItem\",\"position\":2,\"name\":\"Destaques\",\"item\":\"https:\/\/noticiaempauta.com\/portal\/destaques-site\/\"},{\"@type\":\"ListItem\",\"position\":3,\"name\":\"Piau\u00ed tem a menor taxa de pobreza j\u00e1 registrada em 10 anos, afirma IBGE\"}]},{\"@type\":\"WebSite\",\"@id\":\"https:\/\/noticiaempauta.com\/portal\/#website\",\"url\":\"https:\/\/noticiaempauta.com\/portal\/\",\"name\":\"Portal Not\u00edcia em Pauta\",\"description\":\"Voc\u00ea bem informado\",\"publisher\":{\"@id\":\"https:\/\/noticiaempauta.com\/portal\/#organization\"},\"potentialAction\":[{\"@type\":\"SearchAction\",\"target\":{\"@type\":\"EntryPoint\",\"urlTemplate\":\"https:\/\/noticiaempauta.com\/portal\/?s={search_term_string}\"},\"query-input\":{\"@type\":\"PropertyValueSpecification\",\"valueRequired\":true,\"valueName\":\"search_term_string\"}}],\"inLanguage\":\"pt-BR\"},{\"@type\":\"Organization\",\"@id\":\"https:\/\/noticiaempauta.com\/portal\/#organization\",\"name\":\"Portal Not\u00edcia em Pauta\",\"url\":\"https:\/\/noticiaempauta.com\/portal\/\",\"logo\":{\"@type\":\"ImageObject\",\"inLanguage\":\"pt-BR\",\"@id\":\"https:\/\/noticiaempauta.com\/portal\/#\/schema\/logo\/image\/\",\"url\":\"https:\/\/noticiaempauta.com\/portal\/wp-content\/uploads\/2022\/08\/logomarca_tema.fw_.png\",\"contentUrl\":\"https:\/\/noticiaempauta.com\/portal\/wp-content\/uploads\/2022\/08\/logomarca_tema.fw_.png\",\"width\":400,\"height\":232,\"caption\":\"Portal Not\u00edcia em Pauta\"},\"image\":{\"@id\":\"https:\/\/noticiaempauta.com\/portal\/#\/schema\/logo\/image\/\"},\"sameAs\":[\"https:\/\/www.facebook.com\/Portal-Notcia-Em-Pauta-102292869264820\/\",\"https:\/\/www.instagram.com\/portalnoticiaempauta\/\"]},{\"@type\":\"Person\",\"@id\":\"https:\/\/noticiaempauta.com\/portal\/#\/schema\/person\/a74af43dd1ab3deca45f988c717d57ac\",\"name\":\"Reda\u00e7\u00e3o\",\"image\":{\"@type\":\"ImageObject\",\"inLanguage\":\"pt-BR\",\"@id\":\"https:\/\/noticiaempauta.com\/portal\/#\/schema\/person\/image\/\",\"url\":\"https:\/\/secure.gravatar.com\/avatar\/03179346ecce6cdfc13361603e8f54242a90e5cde8618fa23c5c00aa2b0aadf3?s=96&d=mm&r=g\",\"contentUrl\":\"https:\/\/secure.gravatar.com\/avatar\/03179346ecce6cdfc13361603e8f54242a90e5cde8618fa23c5c00aa2b0aadf3?s=96&d=mm&r=g\",\"caption\":\"Reda\u00e7\u00e3o\"},\"sameAs\":[\"https:\/\/noticiaempauta.com\/portal\/\"],\"url\":\"https:\/\/noticiaempauta.com\/portal\/author\/fernando\/\"}]}<\/script>\n<!-- \/ Yoast SEO Premium plugin. -->","yoast_head_json":{"title":"Piau\u00ed tem a menor taxa de pobreza j\u00e1 registrada em 10 anos, afirma IBGE - Portal Not\u00edcia em Pauta","robots":{"index":"index","follow":"follow","max-snippet":"max-snippet:-1","max-image-preview":"max-image-preview:large","max-video-preview":"max-video-preview:-1"},"canonical":"https:\/\/noticiaempauta.com\/portal\/piaui-tem-a-menor-taxa-de-pobreza-ja-registrada-em-10-anos-afirma-ibge\/","og_locale":"pt_BR","og_type":"article","og_title":"Piau\u00ed tem a menor taxa de pobreza j\u00e1 registrada em 10 anos, afirma IBGE","og_description":"O Piau\u00ed teve a menor taxa de pobreza na s\u00e9rie hist\u00f3rica do Instituto Brasileiro de Geografia e Estat\u00edstica (IBGE), iniciada em 2012. Os dados foram divulgados pelo \u00f3rg\u00e3o nesta quarta-feira (04). Com a redu\u00e7\u00e3o da pobreza no per\u00edodo de 2012 a 2023, o Piau\u00ed saltou de 9\u00ba para 5\u00ba na classifica\u00e7\u00e3o perante os demais estados [&hellip;]","og_url":"https:\/\/noticiaempauta.com\/portal\/piaui-tem-a-menor-taxa-de-pobreza-ja-registrada-em-10-anos-afirma-ibge\/","og_site_name":"Portal Not\u00edcia em Pauta","article_publisher":"https:\/\/www.facebook.com\/Portal-Notcia-Em-Pauta-102292869264820\/","article_published_time":"2024-12-05T11:59:02+00:00","article_modified_time":"2024-12-05T11:59:04+00:00","og_image":[{"width":731,"height":309,"url":"https:\/\/noticiaempauta.com\/portal\/wp-content\/uploads\/2024\/12\/Alianca_contra_a_fome_22c97d652e.webp","type":"image\/webp"}],"author":"Reda\u00e7\u00e3o","twitter_card":"summary_large_image","twitter_misc":{"Escrito por":"Reda\u00e7\u00e3o","Est. tempo de leitura":"3 minutos"},"schema":{"@context":"https:\/\/schema.org","@graph":[{"@type":"Article","@id":"https:\/\/noticiaempauta.com\/portal\/piaui-tem-a-menor-taxa-de-pobreza-ja-registrada-em-10-anos-afirma-ibge\/#article","isPartOf":{"@id":"https:\/\/noticiaempauta.com\/portal\/piaui-tem-a-menor-taxa-de-pobreza-ja-registrada-em-10-anos-afirma-ibge\/"},"author":{"name":"Reda\u00e7\u00e3o","@id":"https:\/\/noticiaempauta.com\/portal\/#\/schema\/person\/a74af43dd1ab3deca45f988c717d57ac"},"headline":"Piau\u00ed tem a menor taxa de pobreza j\u00e1 registrada em 10 anos, afirma IBGE","datePublished":"2024-12-05T11:59:02+00:00","dateModified":"2024-12-05T11:59:04+00:00","mainEntityOfPage":{"@id":"https:\/\/noticiaempauta.com\/portal\/piaui-tem-a-menor-taxa-de-pobreza-ja-registrada-em-10-anos-afirma-ibge\/"},"wordCount":498,"commentCount":0,"publisher":{"@id":"https:\/\/noticiaempauta.com\/portal\/#organization"},"image":{"@id":"https:\/\/noticiaempauta.com\/portal\/piaui-tem-a-menor-taxa-de-pobreza-ja-registrada-em-10-anos-afirma-ibge\/#primaryimage"},"thumbnailUrl":"https:\/\/noticiaempauta.com\/portal\/wp-content\/uploads\/2024\/12\/Alianca_contra_a_fome_22c97d652e.webp","keywords":["destaqueprincipal"],"articleSection":["Destaques","Geral","Social","Todas as Not\u00edcias"],"inLanguage":"pt-BR","potentialAction":[{"@type":"CommentAction","name":"Comment","target":["https:\/\/noticiaempauta.com\/portal\/piaui-tem-a-menor-taxa-de-pobreza-ja-registrada-em-10-anos-afirma-ibge\/#respond"]}]},{"@type":"WebPage","@id":"https:\/\/noticiaempauta.com\/portal\/piaui-tem-a-menor-taxa-de-pobreza-ja-registrada-em-10-anos-afirma-ibge\/","url":"https:\/\/noticiaempauta.com\/portal\/piaui-tem-a-menor-taxa-de-pobreza-ja-registrada-em-10-anos-afirma-ibge\/","name":"Piau\u00ed tem a menor taxa de pobreza j\u00e1 registrada em 10 anos, afirma IBGE - Portal Not\u00edcia em Pauta","isPartOf":{"@id":"https:\/\/noticiaempauta.com\/portal\/#website"},"primaryImageOfPage":{"@id":"https:\/\/noticiaempauta.com\/portal\/piaui-tem-a-menor-taxa-de-pobreza-ja-registrada-em-10-anos-afirma-ibge\/#primaryimage"},"image":{"@id":"https:\/\/noticiaempauta.com\/portal\/piaui-tem-a-menor-taxa-de-pobreza-ja-registrada-em-10-anos-afirma-ibge\/#primaryimage"},"thumbnailUrl":"https:\/\/noticiaempauta.com\/portal\/wp-content\/uploads\/2024\/12\/Alianca_contra_a_fome_22c97d652e.webp","datePublished":"2024-12-05T11:59:02+00:00","dateModified":"2024-12-05T11:59:04+00:00","breadcrumb":{"@id":"https:\/\/noticiaempauta.com\/portal\/piaui-tem-a-menor-taxa-de-pobreza-ja-registrada-em-10-anos-afirma-ibge\/#breadcrumb"},"inLanguage":"pt-BR","potentialAction":[{"@type":"ReadAction","target":["https:\/\/noticiaempauta.com\/portal\/piaui-tem-a-menor-taxa-de-pobreza-ja-registrada-em-10-anos-afirma-ibge\/"]}]},{"@type":"ImageObject","inLanguage":"pt-BR","@id":"https:\/\/noticiaempauta.com\/portal\/piaui-tem-a-menor-taxa-de-pobreza-ja-registrada-em-10-anos-afirma-ibge\/#primaryimage","url":"https:\/\/noticiaempauta.com\/portal\/wp-content\/uploads\/2024\/12\/Alianca_contra_a_fome_22c97d652e.webp","contentUrl":"https:\/\/noticiaempauta.com\/portal\/wp-content\/uploads\/2024\/12\/Alianca_contra_a_fome_22c97d652e.webp","width":731,"height":309},{"@type":"BreadcrumbList","@id":"https:\/\/noticiaempauta.com\/portal\/piaui-tem-a-menor-taxa-de-pobreza-ja-registrada-em-10-anos-afirma-ibge\/#breadcrumb","itemListElement":[{"@type":"ListItem","position":1,"name":"P\u00e1gina Inicial","item":"https:\/\/noticiaempauta.com\/portal\/"},{"@type":"ListItem","position":2,"name":"Destaques","item":"https:\/\/noticiaempauta.com\/portal\/destaques-site\/"},{"@type":"ListItem","position":3,"name":"Piau\u00ed tem a menor taxa de pobreza j\u00e1 registrada em 10 anos, afirma IBGE"}]},{"@type":"WebSite","@id":"https:\/\/noticiaempauta.com\/portal\/#website","url":"https:\/\/noticiaempauta.com\/portal\/","name":"Portal Not\u00edcia em Pauta","description":"Voc\u00ea bem informado","publisher":{"@id":"https:\/\/noticiaempauta.com\/portal\/#organization"},"potentialAction":[{"@type":"SearchAction","target":{"@type":"EntryPoint","urlTemplate":"https:\/\/noticiaempauta.com\/portal\/?s={search_term_string}"},"query-input":{"@type":"PropertyValueSpecification","valueRequired":true,"valueName":"search_term_string"}}],"inLanguage":"pt-BR"},{"@type":"Organization","@id":"https:\/\/noticiaempauta.com\/portal\/#organization","name":"Portal Not\u00edcia em Pauta","url":"https:\/\/noticiaempauta.com\/portal\/","logo":{"@type":"ImageObject","inLanguage":"pt-BR","@id":"https:\/\/noticiaempauta.com\/portal\/#\/schema\/logo\/image\/","url":"https:\/\/noticiaempauta.com\/portal\/wp-content\/uploads\/2022\/08\/logomarca_tema.fw_.png","contentUrl":"https:\/\/noticiaempauta.com\/portal\/wp-content\/uploads\/2022\/08\/logomarca_tema.fw_.png","width":400,"height":232,"caption":"Portal Not\u00edcia em Pauta"},"image":{"@id":"https:\/\/noticiaempauta.com\/portal\/#\/schema\/logo\/image\/"},"sameAs":["https:\/\/www.facebook.com\/Portal-Notcia-Em-Pauta-102292869264820\/","https:\/\/www.instagram.com\/portalnoticiaempauta\/"]},{"@type":"Person","@id":"https:\/\/noticiaempauta.com\/portal\/#\/schema\/person\/a74af43dd1ab3deca45f988c717d57ac","name":"Reda\u00e7\u00e3o","image":{"@type":"ImageObject","inLanguage":"pt-BR","@id":"https:\/\/noticiaempauta.com\/portal\/#\/schema\/person\/image\/","url":"https:\/\/secure.gravatar.com\/avatar\/03179346ecce6cdfc13361603e8f54242a90e5cde8618fa23c5c00aa2b0aadf3?s=96&d=mm&r=g","contentUrl":"https:\/\/secure.gravatar.com\/avatar\/03179346ecce6cdfc13361603e8f54242a90e5cde8618fa23c5c00aa2b0aadf3?s=96&d=mm&r=g","caption":"Reda\u00e7\u00e3o"},"sameAs":["https:\/\/noticiaempauta.com\/portal\/"],"url":"https:\/\/noticiaempauta.com\/portal\/author\/fernando\/"}]}},"_links":{"self":[{"href":"https:\/\/noticiaempauta.com\/portal\/wp-json\/wp\/v2\/posts\/264711","targetHints":{"allow":["GET"]}}],"collection":[{"href":"https:\/\/noticiaempauta.com\/portal\/wp-json\/wp\/v2\/posts"}],"about":[{"href":"https:\/\/noticiaempauta.com\/portal\/wp-json\/wp\/v2\/types\/post"}],"author":[{"embeddable":true,"href":"https:\/\/noticiaempauta.com\/portal\/wp-json\/wp\/v2\/users\/2"}],"replies":[{"embeddable":true,"href":"https:\/\/noticiaempauta.com\/portal\/wp-json\/wp\/v2\/comments?post=264711"}],"version-history":[{"count":2,"href":"https:\/\/noticiaempauta.com\/portal\/wp-json\/wp\/v2\/posts\/264711\/revisions"}],"predecessor-version":[{"id":264714,"href":"https:\/\/noticiaempauta.com\/portal\/wp-json\/wp\/v2\/posts\/264711\/revisions\/264714"}],"wp:featuredmedia":[{"embeddable":true,"href":"https:\/\/noticiaempauta.com\/portal\/wp-json\/wp\/v2\/media\/264712"}],"wp:attachment":[{"href":"https:\/\/noticiaempauta.com\/portal\/wp-json\/wp\/v2\/media?parent=264711"}],"wp:term":[{"taxonomy":"category","embeddable":true,"href":"https:\/\/noticiaempauta.com\/portal\/wp-json\/wp\/v2\/categories?post=264711"},{"taxonomy":"post_tag","embeddable":true,"href":"https:\/\/noticiaempauta.com\/portal\/wp-json\/wp\/v2\/tags?post=264711"}],"curies":[{"name":"wp","href":"https:\/\/api.w.org\/{rel}","templated":true}]}}