{"id":264723,"date":"2024-12-05T12:29:42","date_gmt":"2024-12-05T15:29:42","guid":{"rendered":"https:\/\/noticiaempauta.com\/portal\/?p=264723"},"modified":"2024-12-05T12:41:57","modified_gmt":"2024-12-05T15:41:57","slug":"santana-do-piaui-vereadores-sao-diplomados-durante-solenidade-pela-justica-eleitoral","status":"publish","type":"post","link":"https:\/\/noticiaempauta.com\/portal\/santana-do-piaui-vereadores-sao-diplomados-durante-solenidade-pela-justica-eleitoral\/","title":{"rendered":"Santana do Piau\u00ed | Vereadores s\u00e3o diplomados durante solenidade pela Justi\u00e7a Eleitoral"},"content":{"rendered":"\n<p>Em uma solenidade bastante prestigiada que foi presidida pelo Juiz Eleitoral da 6\u00ba Zona Eleitoral da Comarca de Picos, Dr. Expedito Costa J\u00fanior, ocorrida na tarde desta quarta-feira (04), no Audit\u00f3rio do F\u00f3rum de Picos, foram diplomados os eleitos para exercer os mandatos para o quadri\u00eanio 2025\/2028 em Santana do Piau\u00ed.<\/p>\n\n\n\n<figure class=\"wp-block-image size-large\"><img fetchpriority=\"high\" decoding=\"async\" width=\"1024\" height=\"614\" src=\"https:\/\/noticiaempauta.com\/portal\/wp-content\/uploads\/2024\/12\/WhatsApp-Image-2024-12-05-at-12.29.11-1024x614.jpeg\" alt=\"\" class=\"wp-image-264728\" srcset=\"https:\/\/noticiaempauta.com\/portal\/wp-content\/uploads\/2024\/12\/WhatsApp-Image-2024-12-05-at-12.29.11-1024x614.jpeg 1024w, https:\/\/noticiaempauta.com\/portal\/wp-content\/uploads\/2024\/12\/WhatsApp-Image-2024-12-05-at-12.29.11-300x180.jpeg 300w, https:\/\/noticiaempauta.com\/portal\/wp-content\/uploads\/2024\/12\/WhatsApp-Image-2024-12-05-at-12.29.11-768x461.jpeg 768w, https:\/\/noticiaempauta.com\/portal\/wp-content\/uploads\/2024\/12\/WhatsApp-Image-2024-12-05-at-12.29.11.jpeg 1280w\" sizes=\"(max-width: 1024px) 100vw, 1024px\" \/><figcaption class=\"wp-element-caption\"><em>(Foto: Reprodu\u00e7\u00e3o\/CidadesnaNet)<\/em><\/figcaption><\/figure>\n\n\n\n<p>Foram diplomados os vereadores; Layrton Carvalho, Felipe do Leite, Netinho do Mel, Bod\u00f3, e Erisvaldo Batista, Clarete Rab\u00ealo, Ant\u00f4nio de Hers\u00edlia, Lucas Ramon e Deuzim, que receberam os seus diplomas  entregues pelo juiz eleitoral Dr. Expedito J\u00fanior.<\/p>\n\n\n\n<figure class=\"wp-block-image size-large\"><img decoding=\"async\" width=\"1024\" height=\"683\" src=\"https:\/\/noticiaempauta.com\/portal\/wp-content\/uploads\/2024\/12\/IMG_4433-1024x683.jpeg\" alt=\"\" class=\"wp-image-264724\" srcset=\"https:\/\/noticiaempauta.com\/portal\/wp-content\/uploads\/2024\/12\/IMG_4433-1024x683.jpeg 1024w, https:\/\/noticiaempauta.com\/portal\/wp-content\/uploads\/2024\/12\/IMG_4433-300x200.jpeg 300w, https:\/\/noticiaempauta.com\/portal\/wp-content\/uploads\/2024\/12\/IMG_4433-768x512.jpeg 768w, https:\/\/noticiaempauta.com\/portal\/wp-content\/uploads\/2024\/12\/IMG_4433-1536x1024.jpeg 1536w, https:\/\/noticiaempauta.com\/portal\/wp-content\/uploads\/2024\/12\/IMG_4433.jpeg 1600w\" sizes=\"(max-width: 1024px) 100vw, 1024px\" \/><\/figure>\n\n\n\n<p>O evento ocorreu \u00e0s 17h onde correu outras entregas de diplomas para os eleitos de Sussuapara e Wall Ferraz.<\/p>\n\n\n\n<p>Para a vereadora e presidente da C\u00e2mara Municipal de Santana do Piau\u00ed, Clarete Rab\u00ealo, esse foi um momento muito importante na sua vida, pois mesmo diante de muitas adversidades e na oposi\u00e7\u00e3o, ela conseguiu sua reelei\u00e7\u00e3o, o que lhe deixa bastante feliz.<\/p>\n\n\n\n<figure class=\"wp-block-image size-large\"><img decoding=\"async\" width=\"836\" height=\"1024\" src=\"https:\/\/noticiaempauta.com\/portal\/wp-content\/uploads\/2024\/12\/IMG_20241205_115341-836x1024.jpg\" alt=\"\" class=\"wp-image-264725\" srcset=\"https:\/\/noticiaempauta.com\/portal\/wp-content\/uploads\/2024\/12\/IMG_20241205_115341-836x1024.jpg 836w, https:\/\/noticiaempauta.com\/portal\/wp-content\/uploads\/2024\/12\/IMG_20241205_115341-245x300.jpg 245w, https:\/\/noticiaempauta.com\/portal\/wp-content\/uploads\/2024\/12\/IMG_20241205_115341-768x940.jpg 768w, https:\/\/noticiaempauta.com\/portal\/wp-content\/uploads\/2024\/12\/IMG_20241205_115341.jpg 980w\" sizes=\"(max-width: 836px) 100vw, 836px\" \/><\/figure>\n\n\n\n<p>\u201cQuero aqui agradecer a minha fam\u00edlia que foi a base do pilar para que cheg\u00e1ssemos at\u00e9 aqui mais uma vez, agradecer tamb\u00e9m aos meus eleitores que me concederam mais um mandato e a honra que represent\u00e1-los na C\u00e2mara Municipal, e principalmente a Deus pelo dom da vida\u201d, disse a vereadora.<\/p>\n\n\n\n<figure class=\"wp-block-image size-large\"><img loading=\"lazy\" decoding=\"async\" width=\"1024\" height=\"683\" src=\"https:\/\/noticiaempauta.com\/portal\/wp-content\/uploads\/2024\/12\/IMG_4482-1024x683.jpeg\" alt=\"\" class=\"wp-image-264726\" srcset=\"https:\/\/noticiaempauta.com\/portal\/wp-content\/uploads\/2024\/12\/IMG_4482-1024x683.jpeg 1024w, https:\/\/noticiaempauta.com\/portal\/wp-content\/uploads\/2024\/12\/IMG_4482-300x200.jpeg 300w, https:\/\/noticiaempauta.com\/portal\/wp-content\/uploads\/2024\/12\/IMG_4482-768x512.jpeg 768w, https:\/\/noticiaempauta.com\/portal\/wp-content\/uploads\/2024\/12\/IMG_4482-1536x1024.jpeg 1536w, https:\/\/noticiaempauta.com\/portal\/wp-content\/uploads\/2024\/12\/IMG_4482.jpeg 1600w\" sizes=\"(max-width: 1024px) 100vw, 1024px\" \/><figcaption class=\"wp-element-caption\"><em>Clarete Rab\u00ealo, Lucas Ramon, Ant\u00f4nio de Herc\u00edlia e Jo\u00e3o de Deus<\/em><\/figcaption><\/figure>\n\n\n\n<p>Os vereadores Ant\u00f4nio de Herc\u00edlia, Jo\u00e3o de Deus e Lucas Ramon, tamb\u00e9m agradeceram aos familiares, aos amigos e principalmente aos eleitores, e prometeram trabalhar em prol da popula\u00e7\u00e3o santanense, sendo ficais do povo na gest\u00e3o municipal, fazer com que cada cidad\u00e3o e cidad\u00e3 do munic\u00edpio seja respeito e valorizado como eles merecem, frisaram.<\/p>\n\n\n\n<p>Fonte e Fotos: Portal AgoraED<\/p>\n","protected":false},"excerpt":{"rendered":"<p>Em uma solenidade bastante prestigiada que foi presidida pelo Juiz Eleitoral da 6\u00ba Zona Eleitoral da Comarca de Picos, Dr. Expedito Costa J\u00fanior, ocorrida na tarde desta quarta-feira (04), no Audit\u00f3rio do F\u00f3rum de Picos, foram diplomados os eleitos para exercer os mandatos para o quadri\u00eanio 2025\/2028 em Santana do Piau\u00ed. Foram diplomados os vereadores; [&hellip;]<\/p>\n","protected":false},"author":2,"featured_media":264724,"comment_status":"open","ping_status":"open","sticky":false,"template":"","format":"standard","meta":{"_mi_skip_tracking":false,"footnotes":""},"categories":[25,1,9,3,16],"tags":[],"class_list":["post-264723","post","type-post","status-publish","format-standard","has-post-thumbnail","hentry","category-destaques-site","category-geral","category-municipios","category-politica","category-todas"],"acf":[],"yoast_head":"<!-- This site is optimized with the Yoast SEO Premium plugin v19.2 (Yoast SEO v26.9) - https:\/\/yoast.com\/product\/yoast-seo-premium-wordpress\/ -->\n<title>Santana do Piau\u00ed | Vereadores s\u00e3o diplomados durante solenidade pela Justi\u00e7a Eleitoral - Portal Not\u00edcia em Pauta<\/title>\n<meta name=\"robots\" content=\"index, follow, max-snippet:-1, max-image-preview:large, max-video-preview:-1\" \/>\n<link rel=\"canonical\" href=\"https:\/\/noticiaempauta.com\/portal\/santana-do-piaui-vereadores-sao-diplomados-durante-solenidade-pela-justica-eleitoral\/\" \/>\n<meta property=\"og:locale\" content=\"pt_BR\" \/>\n<meta property=\"og:type\" content=\"article\" \/>\n<meta property=\"og:title\" content=\"Santana do Piau\u00ed | Vereadores s\u00e3o diplomados durante solenidade pela Justi\u00e7a Eleitoral\" \/>\n<meta property=\"og:description\" content=\"Em uma solenidade bastante prestigiada que foi presidida pelo Juiz Eleitoral da 6\u00ba Zona Eleitoral da Comarca de Picos, Dr. Expedito Costa J\u00fanior, ocorrida na tarde desta quarta-feira (04), no Audit\u00f3rio do F\u00f3rum de Picos, foram diplomados os eleitos para exercer os mandatos para o quadri\u00eanio 2025\/2028 em Santana do Piau\u00ed. Foram diplomados os vereadores; [&hellip;]\" \/>\n<meta property=\"og:url\" content=\"https:\/\/noticiaempauta.com\/portal\/santana-do-piaui-vereadores-sao-diplomados-durante-solenidade-pela-justica-eleitoral\/\" \/>\n<meta property=\"og:site_name\" content=\"Portal Not\u00edcia em Pauta\" \/>\n<meta property=\"article:publisher\" content=\"https:\/\/www.facebook.com\/Portal-Notcia-Em-Pauta-102292869264820\/\" \/>\n<meta property=\"article:published_time\" content=\"2024-12-05T15:29:42+00:00\" \/>\n<meta property=\"article:modified_time\" content=\"2024-12-05T15:41:57+00:00\" \/>\n<meta property=\"og:image\" content=\"https:\/\/noticiaempauta.com\/portal\/wp-content\/uploads\/2024\/12\/IMG_4433.jpeg\" \/>\n\t<meta property=\"og:image:width\" content=\"1600\" \/>\n\t<meta property=\"og:image:height\" content=\"1067\" \/>\n\t<meta property=\"og:image:type\" content=\"image\/jpeg\" \/>\n<meta name=\"author\" content=\"Reda\u00e7\u00e3o\" \/>\n<meta name=\"twitter:card\" content=\"summary_large_image\" \/>\n<meta name=\"twitter:label1\" content=\"Escrito por\" \/>\n\t<meta name=\"twitter:data1\" content=\"Reda\u00e7\u00e3o\" \/>\n\t<meta name=\"twitter:label2\" content=\"Est. tempo de leitura\" \/>\n\t<meta name=\"twitter:data2\" content=\"3 minutos\" \/>\n<script type=\"application\/ld+json\" class=\"yoast-schema-graph\">{\"@context\":\"https:\/\/schema.org\",\"@graph\":[{\"@type\":\"Article\",\"@id\":\"https:\/\/noticiaempauta.com\/portal\/santana-do-piaui-vereadores-sao-diplomados-durante-solenidade-pela-justica-eleitoral\/#article\",\"isPartOf\":{\"@id\":\"https:\/\/noticiaempauta.com\/portal\/santana-do-piaui-vereadores-sao-diplomados-durante-solenidade-pela-justica-eleitoral\/\"},\"author\":{\"name\":\"Reda\u00e7\u00e3o\",\"@id\":\"https:\/\/noticiaempauta.com\/portal\/#\/schema\/person\/a74af43dd1ab3deca45f988c717d57ac\"},\"headline\":\"Santana do Piau\u00ed | Vereadores s\u00e3o diplomados durante solenidade pela Justi\u00e7a Eleitoral\",\"datePublished\":\"2024-12-05T15:29:42+00:00\",\"dateModified\":\"2024-12-05T15:41:57+00:00\",\"mainEntityOfPage\":{\"@id\":\"https:\/\/noticiaempauta.com\/portal\/santana-do-piaui-vereadores-sao-diplomados-durante-solenidade-pela-justica-eleitoral\/\"},\"wordCount\":311,\"commentCount\":0,\"publisher\":{\"@id\":\"https:\/\/noticiaempauta.com\/portal\/#organization\"},\"image\":{\"@id\":\"https:\/\/noticiaempauta.com\/portal\/santana-do-piaui-vereadores-sao-diplomados-durante-solenidade-pela-justica-eleitoral\/#primaryimage\"},\"thumbnailUrl\":\"https:\/\/noticiaempauta.com\/portal\/wp-content\/uploads\/2024\/12\/IMG_4433.jpeg\",\"articleSection\":[\"Destaques\",\"Geral\",\"Munic\u00edpios\",\"Pol\u00edtica\",\"Todas as Not\u00edcias\"],\"inLanguage\":\"pt-BR\",\"potentialAction\":[{\"@type\":\"CommentAction\",\"name\":\"Comment\",\"target\":[\"https:\/\/noticiaempauta.com\/portal\/santana-do-piaui-vereadores-sao-diplomados-durante-solenidade-pela-justica-eleitoral\/#respond\"]}]},{\"@type\":\"WebPage\",\"@id\":\"https:\/\/noticiaempauta.com\/portal\/santana-do-piaui-vereadores-sao-diplomados-durante-solenidade-pela-justica-eleitoral\/\",\"url\":\"https:\/\/noticiaempauta.com\/portal\/santana-do-piaui-vereadores-sao-diplomados-durante-solenidade-pela-justica-eleitoral\/\",\"name\":\"Santana do Piau\u00ed | Vereadores s\u00e3o diplomados durante solenidade pela Justi\u00e7a Eleitoral - Portal Not\u00edcia em Pauta\",\"isPartOf\":{\"@id\":\"https:\/\/noticiaempauta.com\/portal\/#website\"},\"primaryImageOfPage\":{\"@id\":\"https:\/\/noticiaempauta.com\/portal\/santana-do-piaui-vereadores-sao-diplomados-durante-solenidade-pela-justica-eleitoral\/#primaryimage\"},\"image\":{\"@id\":\"https:\/\/noticiaempauta.com\/portal\/santana-do-piaui-vereadores-sao-diplomados-durante-solenidade-pela-justica-eleitoral\/#primaryimage\"},\"thumbnailUrl\":\"https:\/\/noticiaempauta.com\/portal\/wp-content\/uploads\/2024\/12\/IMG_4433.jpeg\",\"datePublished\":\"2024-12-05T15:29:42+00:00\",\"dateModified\":\"2024-12-05T15:41:57+00:00\",\"breadcrumb\":{\"@id\":\"https:\/\/noticiaempauta.com\/portal\/santana-do-piaui-vereadores-sao-diplomados-durante-solenidade-pela-justica-eleitoral\/#breadcrumb\"},\"inLanguage\":\"pt-BR\",\"potentialAction\":[{\"@type\":\"ReadAction\",\"target\":[\"https:\/\/noticiaempauta.com\/portal\/santana-do-piaui-vereadores-sao-diplomados-durante-solenidade-pela-justica-eleitoral\/\"]}]},{\"@type\":\"ImageObject\",\"inLanguage\":\"pt-BR\",\"@id\":\"https:\/\/noticiaempauta.com\/portal\/santana-do-piaui-vereadores-sao-diplomados-durante-solenidade-pela-justica-eleitoral\/#primaryimage\",\"url\":\"https:\/\/noticiaempauta.com\/portal\/wp-content\/uploads\/2024\/12\/IMG_4433.jpeg\",\"contentUrl\":\"https:\/\/noticiaempauta.com\/portal\/wp-content\/uploads\/2024\/12\/IMG_4433.jpeg\",\"width\":1600,\"height\":1067},{\"@type\":\"BreadcrumbList\",\"@id\":\"https:\/\/noticiaempauta.com\/portal\/santana-do-piaui-vereadores-sao-diplomados-durante-solenidade-pela-justica-eleitoral\/#breadcrumb\",\"itemListElement\":[{\"@type\":\"ListItem\",\"position\":1,\"name\":\"P\u00e1gina Inicial\",\"item\":\"https:\/\/noticiaempauta.com\/portal\/\"},{\"@type\":\"ListItem\",\"position\":2,\"name\":\"Destaques\",\"item\":\"https:\/\/noticiaempauta.com\/portal\/destaques-site\/\"},{\"@type\":\"ListItem\",\"position\":3,\"name\":\"Santana do Piau\u00ed | Vereadores s\u00e3o diplomados durante solenidade pela Justi\u00e7a Eleitoral\"}]},{\"@type\":\"WebSite\",\"@id\":\"https:\/\/noticiaempauta.com\/portal\/#website\",\"url\":\"https:\/\/noticiaempauta.com\/portal\/\",\"name\":\"Portal Not\u00edcia em Pauta\",\"description\":\"Voc\u00ea bem informado\",\"publisher\":{\"@id\":\"https:\/\/noticiaempauta.com\/portal\/#organization\"},\"potentialAction\":[{\"@type\":\"SearchAction\",\"target\":{\"@type\":\"EntryPoint\",\"urlTemplate\":\"https:\/\/noticiaempauta.com\/portal\/?s={search_term_string}\"},\"query-input\":{\"@type\":\"PropertyValueSpecification\",\"valueRequired\":true,\"valueName\":\"search_term_string\"}}],\"inLanguage\":\"pt-BR\"},{\"@type\":\"Organization\",\"@id\":\"https:\/\/noticiaempauta.com\/portal\/#organization\",\"name\":\"Portal Not\u00edcia em Pauta\",\"url\":\"https:\/\/noticiaempauta.com\/portal\/\",\"logo\":{\"@type\":\"ImageObject\",\"inLanguage\":\"pt-BR\",\"@id\":\"https:\/\/noticiaempauta.com\/portal\/#\/schema\/logo\/image\/\",\"url\":\"https:\/\/noticiaempauta.com\/portal\/wp-content\/uploads\/2022\/08\/logomarca_tema.fw_.png\",\"contentUrl\":\"https:\/\/noticiaempauta.com\/portal\/wp-content\/uploads\/2022\/08\/logomarca_tema.fw_.png\",\"width\":400,\"height\":232,\"caption\":\"Portal Not\u00edcia em Pauta\"},\"image\":{\"@id\":\"https:\/\/noticiaempauta.com\/portal\/#\/schema\/logo\/image\/\"},\"sameAs\":[\"https:\/\/www.facebook.com\/Portal-Notcia-Em-Pauta-102292869264820\/\",\"https:\/\/www.instagram.com\/portalnoticiaempauta\/\"]},{\"@type\":\"Person\",\"@id\":\"https:\/\/noticiaempauta.com\/portal\/#\/schema\/person\/a74af43dd1ab3deca45f988c717d57ac\",\"name\":\"Reda\u00e7\u00e3o\",\"image\":{\"@type\":\"ImageObject\",\"inLanguage\":\"pt-BR\",\"@id\":\"https:\/\/noticiaempauta.com\/portal\/#\/schema\/person\/image\/\",\"url\":\"https:\/\/secure.gravatar.com\/avatar\/03179346ecce6cdfc13361603e8f54242a90e5cde8618fa23c5c00aa2b0aadf3?s=96&d=mm&r=g\",\"contentUrl\":\"https:\/\/secure.gravatar.com\/avatar\/03179346ecce6cdfc13361603e8f54242a90e5cde8618fa23c5c00aa2b0aadf3?s=96&d=mm&r=g\",\"caption\":\"Reda\u00e7\u00e3o\"},\"sameAs\":[\"https:\/\/noticiaempauta.com\/portal\/\"],\"url\":\"https:\/\/noticiaempauta.com\/portal\/author\/fernando\/\"}]}<\/script>\n<!-- \/ Yoast SEO Premium plugin. -->","yoast_head_json":{"title":"Santana do Piau\u00ed | Vereadores s\u00e3o diplomados durante solenidade pela Justi\u00e7a Eleitoral - Portal Not\u00edcia em Pauta","robots":{"index":"index","follow":"follow","max-snippet":"max-snippet:-1","max-image-preview":"max-image-preview:large","max-video-preview":"max-video-preview:-1"},"canonical":"https:\/\/noticiaempauta.com\/portal\/santana-do-piaui-vereadores-sao-diplomados-durante-solenidade-pela-justica-eleitoral\/","og_locale":"pt_BR","og_type":"article","og_title":"Santana do Piau\u00ed | Vereadores s\u00e3o diplomados durante solenidade pela Justi\u00e7a Eleitoral","og_description":"Em uma solenidade bastante prestigiada que foi presidida pelo Juiz Eleitoral da 6\u00ba Zona Eleitoral da Comarca de Picos, Dr. Expedito Costa J\u00fanior, ocorrida na tarde desta quarta-feira (04), no Audit\u00f3rio do F\u00f3rum de Picos, foram diplomados os eleitos para exercer os mandatos para o quadri\u00eanio 2025\/2028 em Santana do Piau\u00ed. Foram diplomados os vereadores; [&hellip;]","og_url":"https:\/\/noticiaempauta.com\/portal\/santana-do-piaui-vereadores-sao-diplomados-durante-solenidade-pela-justica-eleitoral\/","og_site_name":"Portal Not\u00edcia em Pauta","article_publisher":"https:\/\/www.facebook.com\/Portal-Notcia-Em-Pauta-102292869264820\/","article_published_time":"2024-12-05T15:29:42+00:00","article_modified_time":"2024-12-05T15:41:57+00:00","og_image":[{"width":1600,"height":1067,"url":"https:\/\/noticiaempauta.com\/portal\/wp-content\/uploads\/2024\/12\/IMG_4433.jpeg","type":"image\/jpeg"}],"author":"Reda\u00e7\u00e3o","twitter_card":"summary_large_image","twitter_misc":{"Escrito por":"Reda\u00e7\u00e3o","Est. tempo de leitura":"3 minutos"},"schema":{"@context":"https:\/\/schema.org","@graph":[{"@type":"Article","@id":"https:\/\/noticiaempauta.com\/portal\/santana-do-piaui-vereadores-sao-diplomados-durante-solenidade-pela-justica-eleitoral\/#article","isPartOf":{"@id":"https:\/\/noticiaempauta.com\/portal\/santana-do-piaui-vereadores-sao-diplomados-durante-solenidade-pela-justica-eleitoral\/"},"author":{"name":"Reda\u00e7\u00e3o","@id":"https:\/\/noticiaempauta.com\/portal\/#\/schema\/person\/a74af43dd1ab3deca45f988c717d57ac"},"headline":"Santana do Piau\u00ed | Vereadores s\u00e3o diplomados durante solenidade pela Justi\u00e7a Eleitoral","datePublished":"2024-12-05T15:29:42+00:00","dateModified":"2024-12-05T15:41:57+00:00","mainEntityOfPage":{"@id":"https:\/\/noticiaempauta.com\/portal\/santana-do-piaui-vereadores-sao-diplomados-durante-solenidade-pela-justica-eleitoral\/"},"wordCount":311,"commentCount":0,"publisher":{"@id":"https:\/\/noticiaempauta.com\/portal\/#organization"},"image":{"@id":"https:\/\/noticiaempauta.com\/portal\/santana-do-piaui-vereadores-sao-diplomados-durante-solenidade-pela-justica-eleitoral\/#primaryimage"},"thumbnailUrl":"https:\/\/noticiaempauta.com\/portal\/wp-content\/uploads\/2024\/12\/IMG_4433.jpeg","articleSection":["Destaques","Geral","Munic\u00edpios","Pol\u00edtica","Todas as Not\u00edcias"],"inLanguage":"pt-BR","potentialAction":[{"@type":"CommentAction","name":"Comment","target":["https:\/\/noticiaempauta.com\/portal\/santana-do-piaui-vereadores-sao-diplomados-durante-solenidade-pela-justica-eleitoral\/#respond"]}]},{"@type":"WebPage","@id":"https:\/\/noticiaempauta.com\/portal\/santana-do-piaui-vereadores-sao-diplomados-durante-solenidade-pela-justica-eleitoral\/","url":"https:\/\/noticiaempauta.com\/portal\/santana-do-piaui-vereadores-sao-diplomados-durante-solenidade-pela-justica-eleitoral\/","name":"Santana do Piau\u00ed | Vereadores s\u00e3o diplomados durante solenidade pela Justi\u00e7a Eleitoral - Portal Not\u00edcia em Pauta","isPartOf":{"@id":"https:\/\/noticiaempauta.com\/portal\/#website"},"primaryImageOfPage":{"@id":"https:\/\/noticiaempauta.com\/portal\/santana-do-piaui-vereadores-sao-diplomados-durante-solenidade-pela-justica-eleitoral\/#primaryimage"},"image":{"@id":"https:\/\/noticiaempauta.com\/portal\/santana-do-piaui-vereadores-sao-diplomados-durante-solenidade-pela-justica-eleitoral\/#primaryimage"},"thumbnailUrl":"https:\/\/noticiaempauta.com\/portal\/wp-content\/uploads\/2024\/12\/IMG_4433.jpeg","datePublished":"2024-12-05T15:29:42+00:00","dateModified":"2024-12-05T15:41:57+00:00","breadcrumb":{"@id":"https:\/\/noticiaempauta.com\/portal\/santana-do-piaui-vereadores-sao-diplomados-durante-solenidade-pela-justica-eleitoral\/#breadcrumb"},"inLanguage":"pt-BR","potentialAction":[{"@type":"ReadAction","target":["https:\/\/noticiaempauta.com\/portal\/santana-do-piaui-vereadores-sao-diplomados-durante-solenidade-pela-justica-eleitoral\/"]}]},{"@type":"ImageObject","inLanguage":"pt-BR","@id":"https:\/\/noticiaempauta.com\/portal\/santana-do-piaui-vereadores-sao-diplomados-durante-solenidade-pela-justica-eleitoral\/#primaryimage","url":"https:\/\/noticiaempauta.com\/portal\/wp-content\/uploads\/2024\/12\/IMG_4433.jpeg","contentUrl":"https:\/\/noticiaempauta.com\/portal\/wp-content\/uploads\/2024\/12\/IMG_4433.jpeg","width":1600,"height":1067},{"@type":"BreadcrumbList","@id":"https:\/\/noticiaempauta.com\/portal\/santana-do-piaui-vereadores-sao-diplomados-durante-solenidade-pela-justica-eleitoral\/#breadcrumb","itemListElement":[{"@type":"ListItem","position":1,"name":"P\u00e1gina Inicial","item":"https:\/\/noticiaempauta.com\/portal\/"},{"@type":"ListItem","position":2,"name":"Destaques","item":"https:\/\/noticiaempauta.com\/portal\/destaques-site\/"},{"@type":"ListItem","position":3,"name":"Santana do Piau\u00ed | Vereadores s\u00e3o diplomados durante solenidade pela Justi\u00e7a Eleitoral"}]},{"@type":"WebSite","@id":"https:\/\/noticiaempauta.com\/portal\/#website","url":"https:\/\/noticiaempauta.com\/portal\/","name":"Portal Not\u00edcia em Pauta","description":"Voc\u00ea bem informado","publisher":{"@id":"https:\/\/noticiaempauta.com\/portal\/#organization"},"potentialAction":[{"@type":"SearchAction","target":{"@type":"EntryPoint","urlTemplate":"https:\/\/noticiaempauta.com\/portal\/?s={search_term_string}"},"query-input":{"@type":"PropertyValueSpecification","valueRequired":true,"valueName":"search_term_string"}}],"inLanguage":"pt-BR"},{"@type":"Organization","@id":"https:\/\/noticiaempauta.com\/portal\/#organization","name":"Portal Not\u00edcia em Pauta","url":"https:\/\/noticiaempauta.com\/portal\/","logo":{"@type":"ImageObject","inLanguage":"pt-BR","@id":"https:\/\/noticiaempauta.com\/portal\/#\/schema\/logo\/image\/","url":"https:\/\/noticiaempauta.com\/portal\/wp-content\/uploads\/2022\/08\/logomarca_tema.fw_.png","contentUrl":"https:\/\/noticiaempauta.com\/portal\/wp-content\/uploads\/2022\/08\/logomarca_tema.fw_.png","width":400,"height":232,"caption":"Portal Not\u00edcia em Pauta"},"image":{"@id":"https:\/\/noticiaempauta.com\/portal\/#\/schema\/logo\/image\/"},"sameAs":["https:\/\/www.facebook.com\/Portal-Notcia-Em-Pauta-102292869264820\/","https:\/\/www.instagram.com\/portalnoticiaempauta\/"]},{"@type":"Person","@id":"https:\/\/noticiaempauta.com\/portal\/#\/schema\/person\/a74af43dd1ab3deca45f988c717d57ac","name":"Reda\u00e7\u00e3o","image":{"@type":"ImageObject","inLanguage":"pt-BR","@id":"https:\/\/noticiaempauta.com\/portal\/#\/schema\/person\/image\/","url":"https:\/\/secure.gravatar.com\/avatar\/03179346ecce6cdfc13361603e8f54242a90e5cde8618fa23c5c00aa2b0aadf3?s=96&d=mm&r=g","contentUrl":"https:\/\/secure.gravatar.com\/avatar\/03179346ecce6cdfc13361603e8f54242a90e5cde8618fa23c5c00aa2b0aadf3?s=96&d=mm&r=g","caption":"Reda\u00e7\u00e3o"},"sameAs":["https:\/\/noticiaempauta.com\/portal\/"],"url":"https:\/\/noticiaempauta.com\/portal\/author\/fernando\/"}]}},"_links":{"self":[{"href":"https:\/\/noticiaempauta.com\/portal\/wp-json\/wp\/v2\/posts\/264723","targetHints":{"allow":["GET"]}}],"collection":[{"href":"https:\/\/noticiaempauta.com\/portal\/wp-json\/wp\/v2\/posts"}],"about":[{"href":"https:\/\/noticiaempauta.com\/portal\/wp-json\/wp\/v2\/types\/post"}],"author":[{"embeddable":true,"href":"https:\/\/noticiaempauta.com\/portal\/wp-json\/wp\/v2\/users\/2"}],"replies":[{"embeddable":true,"href":"https:\/\/noticiaempauta.com\/portal\/wp-json\/wp\/v2\/comments?post=264723"}],"version-history":[{"count":2,"href":"https:\/\/noticiaempauta.com\/portal\/wp-json\/wp\/v2\/posts\/264723\/revisions"}],"predecessor-version":[{"id":264730,"href":"https:\/\/noticiaempauta.com\/portal\/wp-json\/wp\/v2\/posts\/264723\/revisions\/264730"}],"wp:featuredmedia":[{"embeddable":true,"href":"https:\/\/noticiaempauta.com\/portal\/wp-json\/wp\/v2\/media\/264724"}],"wp:attachment":[{"href":"https:\/\/noticiaempauta.com\/portal\/wp-json\/wp\/v2\/media?parent=264723"}],"wp:term":[{"taxonomy":"category","embeddable":true,"href":"https:\/\/noticiaempauta.com\/portal\/wp-json\/wp\/v2\/categories?post=264723"},{"taxonomy":"post_tag","embeddable":true,"href":"https:\/\/noticiaempauta.com\/portal\/wp-json\/wp\/v2\/tags?post=264723"}],"curies":[{"name":"wp","href":"https:\/\/api.w.org\/{rel}","templated":true}]}}