{"id":264776,"date":"2024-12-07T10:39:36","date_gmt":"2024-12-07T13:39:36","guid":{"rendered":"https:\/\/noticiaempauta.com\/portal\/?p=264776"},"modified":"2024-12-07T10:44:58","modified_gmt":"2024-12-07T13:44:58","slug":"em-brasilia-governador-defende-a-educacao-em-tempo-integral-como-chave-para-a-qualificacao-profissional-no-brasil","status":"publish","type":"post","link":"https:\/\/noticiaempauta.com\/portal\/em-brasilia-governador-defende-a-educacao-em-tempo-integral-como-chave-para-a-qualificacao-profissional-no-brasil\/","title":{"rendered":"Em Bras\u00edlia, governador defende a educa\u00e7\u00e3o em tempo integral como chave para a qualifica\u00e7\u00e3o profissional no Brasil"},"content":{"rendered":"\n<p>O governador Rafael Fonteles foi um dos palestrantes do Congresso Brasil Competitivo 2024, realizado, nesta sexta-feira (6), em Bras\u00edlia. Durante sua participa\u00e7\u00e3o, ele destacou a educa\u00e7\u00e3o como uma prioridade central para o desenvolvimento do pa\u00eds, enfatizando a import\u00e2ncia do modelo de educa\u00e7\u00e3o em tempo integral, implementado com sucesso no Piau\u00ed, como um dos pilares para a qualifica\u00e7\u00e3o profissional no Brasil.<\/p>\n\n\n\n<figure class=\"wp-block-image size-full\"><img fetchpriority=\"high\" decoding=\"async\" width=\"1000\" height=\"750\" src=\"https:\/\/noticiaempauta.com\/portal\/wp-content\/uploads\/2024\/12\/IMG_7095.jpeg\" alt=\"\" class=\"wp-image-264778\" srcset=\"https:\/\/noticiaempauta.com\/portal\/wp-content\/uploads\/2024\/12\/IMG_7095.jpeg 1000w, https:\/\/noticiaempauta.com\/portal\/wp-content\/uploads\/2024\/12\/IMG_7095-300x225.jpeg 300w, https:\/\/noticiaempauta.com\/portal\/wp-content\/uploads\/2024\/12\/IMG_7095-768x576.jpeg 768w\" sizes=\"(max-width: 1000px) 100vw, 1000px\" \/><\/figure>\n\n\n\n<p>Ao lado dos governadores Raquel Lyra, do Pernambuco, e Renato Casagrande, do Esp\u00edrito Santo, Fonteles integrou o painel \u201cOs desafios da qualifica\u00e7\u00e3o profissional sob a \u00f3tica dos Estados\u201d, que fez parte da programa\u00e7\u00e3o do evento.<\/p>\n\n\n\n<p>Para o governador piauiense, a educa\u00e7\u00e3o deve ser o eixo principal para a forma\u00e7\u00e3o de profissionais formados em todo o Brasil. Ele argumentou que o tempo integral nas escolas oferece a possibilidade de aprendizagem conciliar e qualifica\u00e7\u00e3o de forma mais eficaz.<\/p>\n\n\n\n<p>\u201cCom o tempo integral, \u00e9 poss\u00edvel atender tanto a educa\u00e7\u00e3o quanto \u00e0 qualifica\u00e7\u00e3o profissional. O modelo permite, por exemplo, a inclus\u00e3o do conte\u00fado curricular obrigat\u00f3rio do ensino m\u00e9dio, com 4 ou 5 horas de aulas regulares. No entanto, com uma carga hor\u00e1ria de 8 ou 9 horas, conseguimos integrar ainda mais atividades e capacita\u00e7\u00f5es, garantindo uma forma\u00e7\u00e3o mais completa\u201d, explicou Fonteles, reafirmando sua defesa pela amplia\u00e7\u00e3o do ensino em tempo integral, da educa\u00e7\u00e3o infantil ao ensino m\u00e9dio.<\/p>\n\n\n\n<figure class=\"wp-block-image size-large\"><img decoding=\"async\" width=\"1024\" height=\"768\" src=\"https:\/\/noticiaempauta.com\/portal\/wp-content\/uploads\/2024\/12\/IMG_7096-1024x768.jpeg\" alt=\"\" class=\"wp-image-264777\" srcset=\"https:\/\/noticiaempauta.com\/portal\/wp-content\/uploads\/2024\/12\/IMG_7096-1024x768.jpeg 1024w, https:\/\/noticiaempauta.com\/portal\/wp-content\/uploads\/2024\/12\/IMG_7096-300x225.jpeg 300w, https:\/\/noticiaempauta.com\/portal\/wp-content\/uploads\/2024\/12\/IMG_7096-768x576.jpeg 768w, https:\/\/noticiaempauta.com\/portal\/wp-content\/uploads\/2024\/12\/IMG_7096-1536x1152.jpeg 1536w, https:\/\/noticiaempauta.com\/portal\/wp-content\/uploads\/2024\/12\/IMG_7096-2048x1536.jpeg 2048w\" sizes=\"(max-width: 1024px) 100vw, 1024px\" \/><\/figure>\n\n\n\n<p>O Movimento Brasil Competitivo, que organiza o evento, \u00e9 uma iniciativa da sociedade civil voltada para a promo\u00e7\u00e3o de uma cultura de governan\u00e7a p\u00fablica com foco na excel\u00eancia na gest\u00e3o. O movimento busca solu\u00e7\u00f5es para aumentar a capacidade de investimento do Estado e melhorar a qualidade dos servi\u00e7os p\u00fablicos em diversas \u00e1reas.<\/p>\n\n\n\n<p>CCOM-PI<\/p>\n","protected":false},"excerpt":{"rendered":"<p>O governador Rafael Fonteles foi um dos palestrantes do Congresso Brasil Competitivo 2024, realizado, nesta sexta-feira (6), em Bras\u00edlia. Durante sua participa\u00e7\u00e3o, ele destacou a educa\u00e7\u00e3o como uma prioridade central para o desenvolvimento do pa\u00eds, enfatizando a import\u00e2ncia do modelo de educa\u00e7\u00e3o em tempo integral, implementado com sucesso no Piau\u00ed, como um dos pilares para [&hellip;]<\/p>\n","protected":false},"author":2,"featured_media":264778,"comment_status":"open","ping_status":"open","sticky":false,"template":"","format":"standard","meta":{"_mi_skip_tracking":false,"footnotes":""},"categories":[25,1,16],"tags":[192],"class_list":["post-264776","post","type-post","status-publish","format-standard","has-post-thumbnail","hentry","category-destaques-site","category-geral","category-todas","tag-destaqueprincipal"],"acf":[],"yoast_head":"<!-- This site is optimized with the Yoast SEO Premium plugin v19.2 (Yoast SEO v26.9) - https:\/\/yoast.com\/product\/yoast-seo-premium-wordpress\/ -->\n<title>Em Bras\u00edlia, governador defende a educa\u00e7\u00e3o em tempo integral como chave para a qualifica\u00e7\u00e3o profissional no Brasil - Portal Not\u00edcia em Pauta<\/title>\n<meta name=\"robots\" content=\"index, follow, max-snippet:-1, max-image-preview:large, max-video-preview:-1\" \/>\n<link rel=\"canonical\" href=\"https:\/\/noticiaempauta.com\/portal\/em-brasilia-governador-defende-a-educacao-em-tempo-integral-como-chave-para-a-qualificacao-profissional-no-brasil\/\" \/>\n<meta property=\"og:locale\" content=\"pt_BR\" \/>\n<meta property=\"og:type\" content=\"article\" \/>\n<meta property=\"og:title\" content=\"Em Bras\u00edlia, governador defende a educa\u00e7\u00e3o em tempo integral como chave para a qualifica\u00e7\u00e3o profissional no Brasil\" \/>\n<meta property=\"og:description\" content=\"O governador Rafael Fonteles foi um dos palestrantes do Congresso Brasil Competitivo 2024, realizado, nesta sexta-feira (6), em Bras\u00edlia. Durante sua participa\u00e7\u00e3o, ele destacou a educa\u00e7\u00e3o como uma prioridade central para o desenvolvimento do pa\u00eds, enfatizando a import\u00e2ncia do modelo de educa\u00e7\u00e3o em tempo integral, implementado com sucesso no Piau\u00ed, como um dos pilares para [&hellip;]\" \/>\n<meta property=\"og:url\" content=\"https:\/\/noticiaempauta.com\/portal\/em-brasilia-governador-defende-a-educacao-em-tempo-integral-como-chave-para-a-qualificacao-profissional-no-brasil\/\" \/>\n<meta property=\"og:site_name\" content=\"Portal Not\u00edcia em Pauta\" \/>\n<meta property=\"article:publisher\" content=\"https:\/\/www.facebook.com\/Portal-Notcia-Em-Pauta-102292869264820\/\" \/>\n<meta property=\"article:published_time\" content=\"2024-12-07T13:39:36+00:00\" \/>\n<meta property=\"article:modified_time\" content=\"2024-12-07T13:44:58+00:00\" \/>\n<meta property=\"og:image\" content=\"https:\/\/noticiaempauta.com\/portal\/wp-content\/uploads\/2024\/12\/IMG_7095.jpeg\" \/>\n\t<meta property=\"og:image:width\" content=\"1000\" \/>\n\t<meta property=\"og:image:height\" content=\"750\" \/>\n\t<meta property=\"og:image:type\" content=\"image\/jpeg\" \/>\n<meta name=\"author\" content=\"Reda\u00e7\u00e3o\" \/>\n<meta name=\"twitter:card\" content=\"summary_large_image\" \/>\n<meta name=\"twitter:label1\" content=\"Escrito por\" \/>\n\t<meta name=\"twitter:data1\" content=\"Reda\u00e7\u00e3o\" \/>\n\t<meta name=\"twitter:label2\" content=\"Est. tempo de leitura\" \/>\n\t<meta name=\"twitter:data2\" content=\"3 minutos\" \/>\n<script type=\"application\/ld+json\" class=\"yoast-schema-graph\">{\"@context\":\"https:\/\/schema.org\",\"@graph\":[{\"@type\":\"Article\",\"@id\":\"https:\/\/noticiaempauta.com\/portal\/em-brasilia-governador-defende-a-educacao-em-tempo-integral-como-chave-para-a-qualificacao-profissional-no-brasil\/#article\",\"isPartOf\":{\"@id\":\"https:\/\/noticiaempauta.com\/portal\/em-brasilia-governador-defende-a-educacao-em-tempo-integral-como-chave-para-a-qualificacao-profissional-no-brasil\/\"},\"author\":{\"name\":\"Reda\u00e7\u00e3o\",\"@id\":\"https:\/\/noticiaempauta.com\/portal\/#\/schema\/person\/a74af43dd1ab3deca45f988c717d57ac\"},\"headline\":\"Em Bras\u00edlia, governador defende a educa\u00e7\u00e3o em tempo integral como chave para a qualifica\u00e7\u00e3o profissional no Brasil\",\"datePublished\":\"2024-12-07T13:39:36+00:00\",\"dateModified\":\"2024-12-07T13:44:58+00:00\",\"mainEntityOfPage\":{\"@id\":\"https:\/\/noticiaempauta.com\/portal\/em-brasilia-governador-defende-a-educacao-em-tempo-integral-como-chave-para-a-qualificacao-profissional-no-brasil\/\"},\"wordCount\":311,\"commentCount\":0,\"publisher\":{\"@id\":\"https:\/\/noticiaempauta.com\/portal\/#organization\"},\"image\":{\"@id\":\"https:\/\/noticiaempauta.com\/portal\/em-brasilia-governador-defende-a-educacao-em-tempo-integral-como-chave-para-a-qualificacao-profissional-no-brasil\/#primaryimage\"},\"thumbnailUrl\":\"https:\/\/noticiaempauta.com\/portal\/wp-content\/uploads\/2024\/12\/IMG_7095.jpeg\",\"keywords\":[\"destaqueprincipal\"],\"articleSection\":[\"Destaques\",\"Geral\",\"Todas as Not\u00edcias\"],\"inLanguage\":\"pt-BR\",\"potentialAction\":[{\"@type\":\"CommentAction\",\"name\":\"Comment\",\"target\":[\"https:\/\/noticiaempauta.com\/portal\/em-brasilia-governador-defende-a-educacao-em-tempo-integral-como-chave-para-a-qualificacao-profissional-no-brasil\/#respond\"]}]},{\"@type\":\"WebPage\",\"@id\":\"https:\/\/noticiaempauta.com\/portal\/em-brasilia-governador-defende-a-educacao-em-tempo-integral-como-chave-para-a-qualificacao-profissional-no-brasil\/\",\"url\":\"https:\/\/noticiaempauta.com\/portal\/em-brasilia-governador-defende-a-educacao-em-tempo-integral-como-chave-para-a-qualificacao-profissional-no-brasil\/\",\"name\":\"Em Bras\u00edlia, governador defende a educa\u00e7\u00e3o em tempo integral como chave para a qualifica\u00e7\u00e3o profissional no Brasil - Portal Not\u00edcia em Pauta\",\"isPartOf\":{\"@id\":\"https:\/\/noticiaempauta.com\/portal\/#website\"},\"primaryImageOfPage\":{\"@id\":\"https:\/\/noticiaempauta.com\/portal\/em-brasilia-governador-defende-a-educacao-em-tempo-integral-como-chave-para-a-qualificacao-profissional-no-brasil\/#primaryimage\"},\"image\":{\"@id\":\"https:\/\/noticiaempauta.com\/portal\/em-brasilia-governador-defende-a-educacao-em-tempo-integral-como-chave-para-a-qualificacao-profissional-no-brasil\/#primaryimage\"},\"thumbnailUrl\":\"https:\/\/noticiaempauta.com\/portal\/wp-content\/uploads\/2024\/12\/IMG_7095.jpeg\",\"datePublished\":\"2024-12-07T13:39:36+00:00\",\"dateModified\":\"2024-12-07T13:44:58+00:00\",\"breadcrumb\":{\"@id\":\"https:\/\/noticiaempauta.com\/portal\/em-brasilia-governador-defende-a-educacao-em-tempo-integral-como-chave-para-a-qualificacao-profissional-no-brasil\/#breadcrumb\"},\"inLanguage\":\"pt-BR\",\"potentialAction\":[{\"@type\":\"ReadAction\",\"target\":[\"https:\/\/noticiaempauta.com\/portal\/em-brasilia-governador-defende-a-educacao-em-tempo-integral-como-chave-para-a-qualificacao-profissional-no-brasil\/\"]}]},{\"@type\":\"ImageObject\",\"inLanguage\":\"pt-BR\",\"@id\":\"https:\/\/noticiaempauta.com\/portal\/em-brasilia-governador-defende-a-educacao-em-tempo-integral-como-chave-para-a-qualificacao-profissional-no-brasil\/#primaryimage\",\"url\":\"https:\/\/noticiaempauta.com\/portal\/wp-content\/uploads\/2024\/12\/IMG_7095.jpeg\",\"contentUrl\":\"https:\/\/noticiaempauta.com\/portal\/wp-content\/uploads\/2024\/12\/IMG_7095.jpeg\",\"width\":1000,\"height\":750},{\"@type\":\"BreadcrumbList\",\"@id\":\"https:\/\/noticiaempauta.com\/portal\/em-brasilia-governador-defende-a-educacao-em-tempo-integral-como-chave-para-a-qualificacao-profissional-no-brasil\/#breadcrumb\",\"itemListElement\":[{\"@type\":\"ListItem\",\"position\":1,\"name\":\"P\u00e1gina Inicial\",\"item\":\"https:\/\/noticiaempauta.com\/portal\/\"},{\"@type\":\"ListItem\",\"position\":2,\"name\":\"Geral\",\"item\":\"https:\/\/noticiaempauta.com\/portal\/geral\/\"},{\"@type\":\"ListItem\",\"position\":3,\"name\":\"Em Bras\u00edlia, governador defende a educa\u00e7\u00e3o em tempo integral como chave para a qualifica\u00e7\u00e3o profissional no Brasil\"}]},{\"@type\":\"WebSite\",\"@id\":\"https:\/\/noticiaempauta.com\/portal\/#website\",\"url\":\"https:\/\/noticiaempauta.com\/portal\/\",\"name\":\"Portal Not\u00edcia em Pauta\",\"description\":\"Voc\u00ea bem informado\",\"publisher\":{\"@id\":\"https:\/\/noticiaempauta.com\/portal\/#organization\"},\"potentialAction\":[{\"@type\":\"SearchAction\",\"target\":{\"@type\":\"EntryPoint\",\"urlTemplate\":\"https:\/\/noticiaempauta.com\/portal\/?s={search_term_string}\"},\"query-input\":{\"@type\":\"PropertyValueSpecification\",\"valueRequired\":true,\"valueName\":\"search_term_string\"}}],\"inLanguage\":\"pt-BR\"},{\"@type\":\"Organization\",\"@id\":\"https:\/\/noticiaempauta.com\/portal\/#organization\",\"name\":\"Portal Not\u00edcia em Pauta\",\"url\":\"https:\/\/noticiaempauta.com\/portal\/\",\"logo\":{\"@type\":\"ImageObject\",\"inLanguage\":\"pt-BR\",\"@id\":\"https:\/\/noticiaempauta.com\/portal\/#\/schema\/logo\/image\/\",\"url\":\"https:\/\/noticiaempauta.com\/portal\/wp-content\/uploads\/2022\/08\/logomarca_tema.fw_.png\",\"contentUrl\":\"https:\/\/noticiaempauta.com\/portal\/wp-content\/uploads\/2022\/08\/logomarca_tema.fw_.png\",\"width\":400,\"height\":232,\"caption\":\"Portal Not\u00edcia em Pauta\"},\"image\":{\"@id\":\"https:\/\/noticiaempauta.com\/portal\/#\/schema\/logo\/image\/\"},\"sameAs\":[\"https:\/\/www.facebook.com\/Portal-Notcia-Em-Pauta-102292869264820\/\",\"https:\/\/www.instagram.com\/portalnoticiaempauta\/\"]},{\"@type\":\"Person\",\"@id\":\"https:\/\/noticiaempauta.com\/portal\/#\/schema\/person\/a74af43dd1ab3deca45f988c717d57ac\",\"name\":\"Reda\u00e7\u00e3o\",\"image\":{\"@type\":\"ImageObject\",\"inLanguage\":\"pt-BR\",\"@id\":\"https:\/\/noticiaempauta.com\/portal\/#\/schema\/person\/image\/\",\"url\":\"https:\/\/secure.gravatar.com\/avatar\/03179346ecce6cdfc13361603e8f54242a90e5cde8618fa23c5c00aa2b0aadf3?s=96&d=mm&r=g\",\"contentUrl\":\"https:\/\/secure.gravatar.com\/avatar\/03179346ecce6cdfc13361603e8f54242a90e5cde8618fa23c5c00aa2b0aadf3?s=96&d=mm&r=g\",\"caption\":\"Reda\u00e7\u00e3o\"},\"sameAs\":[\"https:\/\/noticiaempauta.com\/portal\/\"],\"url\":\"https:\/\/noticiaempauta.com\/portal\/author\/fernando\/\"}]}<\/script>\n<!-- \/ Yoast SEO Premium plugin. -->","yoast_head_json":{"title":"Em Bras\u00edlia, governador defende a educa\u00e7\u00e3o em tempo integral como chave para a qualifica\u00e7\u00e3o profissional no Brasil - Portal Not\u00edcia em Pauta","robots":{"index":"index","follow":"follow","max-snippet":"max-snippet:-1","max-image-preview":"max-image-preview:large","max-video-preview":"max-video-preview:-1"},"canonical":"https:\/\/noticiaempauta.com\/portal\/em-brasilia-governador-defende-a-educacao-em-tempo-integral-como-chave-para-a-qualificacao-profissional-no-brasil\/","og_locale":"pt_BR","og_type":"article","og_title":"Em Bras\u00edlia, governador defende a educa\u00e7\u00e3o em tempo integral como chave para a qualifica\u00e7\u00e3o profissional no Brasil","og_description":"O governador Rafael Fonteles foi um dos palestrantes do Congresso Brasil Competitivo 2024, realizado, nesta sexta-feira (6), em Bras\u00edlia. Durante sua participa\u00e7\u00e3o, ele destacou a educa\u00e7\u00e3o como uma prioridade central para o desenvolvimento do pa\u00eds, enfatizando a import\u00e2ncia do modelo de educa\u00e7\u00e3o em tempo integral, implementado com sucesso no Piau\u00ed, como um dos pilares para [&hellip;]","og_url":"https:\/\/noticiaempauta.com\/portal\/em-brasilia-governador-defende-a-educacao-em-tempo-integral-como-chave-para-a-qualificacao-profissional-no-brasil\/","og_site_name":"Portal Not\u00edcia em Pauta","article_publisher":"https:\/\/www.facebook.com\/Portal-Notcia-Em-Pauta-102292869264820\/","article_published_time":"2024-12-07T13:39:36+00:00","article_modified_time":"2024-12-07T13:44:58+00:00","og_image":[{"width":1000,"height":750,"url":"https:\/\/noticiaempauta.com\/portal\/wp-content\/uploads\/2024\/12\/IMG_7095.jpeg","type":"image\/jpeg"}],"author":"Reda\u00e7\u00e3o","twitter_card":"summary_large_image","twitter_misc":{"Escrito por":"Reda\u00e7\u00e3o","Est. tempo de leitura":"3 minutos"},"schema":{"@context":"https:\/\/schema.org","@graph":[{"@type":"Article","@id":"https:\/\/noticiaempauta.com\/portal\/em-brasilia-governador-defende-a-educacao-em-tempo-integral-como-chave-para-a-qualificacao-profissional-no-brasil\/#article","isPartOf":{"@id":"https:\/\/noticiaempauta.com\/portal\/em-brasilia-governador-defende-a-educacao-em-tempo-integral-como-chave-para-a-qualificacao-profissional-no-brasil\/"},"author":{"name":"Reda\u00e7\u00e3o","@id":"https:\/\/noticiaempauta.com\/portal\/#\/schema\/person\/a74af43dd1ab3deca45f988c717d57ac"},"headline":"Em Bras\u00edlia, governador defende a educa\u00e7\u00e3o em tempo integral como chave para a qualifica\u00e7\u00e3o profissional no Brasil","datePublished":"2024-12-07T13:39:36+00:00","dateModified":"2024-12-07T13:44:58+00:00","mainEntityOfPage":{"@id":"https:\/\/noticiaempauta.com\/portal\/em-brasilia-governador-defende-a-educacao-em-tempo-integral-como-chave-para-a-qualificacao-profissional-no-brasil\/"},"wordCount":311,"commentCount":0,"publisher":{"@id":"https:\/\/noticiaempauta.com\/portal\/#organization"},"image":{"@id":"https:\/\/noticiaempauta.com\/portal\/em-brasilia-governador-defende-a-educacao-em-tempo-integral-como-chave-para-a-qualificacao-profissional-no-brasil\/#primaryimage"},"thumbnailUrl":"https:\/\/noticiaempauta.com\/portal\/wp-content\/uploads\/2024\/12\/IMG_7095.jpeg","keywords":["destaqueprincipal"],"articleSection":["Destaques","Geral","Todas as Not\u00edcias"],"inLanguage":"pt-BR","potentialAction":[{"@type":"CommentAction","name":"Comment","target":["https:\/\/noticiaempauta.com\/portal\/em-brasilia-governador-defende-a-educacao-em-tempo-integral-como-chave-para-a-qualificacao-profissional-no-brasil\/#respond"]}]},{"@type":"WebPage","@id":"https:\/\/noticiaempauta.com\/portal\/em-brasilia-governador-defende-a-educacao-em-tempo-integral-como-chave-para-a-qualificacao-profissional-no-brasil\/","url":"https:\/\/noticiaempauta.com\/portal\/em-brasilia-governador-defende-a-educacao-em-tempo-integral-como-chave-para-a-qualificacao-profissional-no-brasil\/","name":"Em Bras\u00edlia, governador defende a educa\u00e7\u00e3o em tempo integral como chave para a qualifica\u00e7\u00e3o profissional no Brasil - Portal Not\u00edcia em Pauta","isPartOf":{"@id":"https:\/\/noticiaempauta.com\/portal\/#website"},"primaryImageOfPage":{"@id":"https:\/\/noticiaempauta.com\/portal\/em-brasilia-governador-defende-a-educacao-em-tempo-integral-como-chave-para-a-qualificacao-profissional-no-brasil\/#primaryimage"},"image":{"@id":"https:\/\/noticiaempauta.com\/portal\/em-brasilia-governador-defende-a-educacao-em-tempo-integral-como-chave-para-a-qualificacao-profissional-no-brasil\/#primaryimage"},"thumbnailUrl":"https:\/\/noticiaempauta.com\/portal\/wp-content\/uploads\/2024\/12\/IMG_7095.jpeg","datePublished":"2024-12-07T13:39:36+00:00","dateModified":"2024-12-07T13:44:58+00:00","breadcrumb":{"@id":"https:\/\/noticiaempauta.com\/portal\/em-brasilia-governador-defende-a-educacao-em-tempo-integral-como-chave-para-a-qualificacao-profissional-no-brasil\/#breadcrumb"},"inLanguage":"pt-BR","potentialAction":[{"@type":"ReadAction","target":["https:\/\/noticiaempauta.com\/portal\/em-brasilia-governador-defende-a-educacao-em-tempo-integral-como-chave-para-a-qualificacao-profissional-no-brasil\/"]}]},{"@type":"ImageObject","inLanguage":"pt-BR","@id":"https:\/\/noticiaempauta.com\/portal\/em-brasilia-governador-defende-a-educacao-em-tempo-integral-como-chave-para-a-qualificacao-profissional-no-brasil\/#primaryimage","url":"https:\/\/noticiaempauta.com\/portal\/wp-content\/uploads\/2024\/12\/IMG_7095.jpeg","contentUrl":"https:\/\/noticiaempauta.com\/portal\/wp-content\/uploads\/2024\/12\/IMG_7095.jpeg","width":1000,"height":750},{"@type":"BreadcrumbList","@id":"https:\/\/noticiaempauta.com\/portal\/em-brasilia-governador-defende-a-educacao-em-tempo-integral-como-chave-para-a-qualificacao-profissional-no-brasil\/#breadcrumb","itemListElement":[{"@type":"ListItem","position":1,"name":"P\u00e1gina Inicial","item":"https:\/\/noticiaempauta.com\/portal\/"},{"@type":"ListItem","position":2,"name":"Geral","item":"https:\/\/noticiaempauta.com\/portal\/geral\/"},{"@type":"ListItem","position":3,"name":"Em Bras\u00edlia, governador defende a educa\u00e7\u00e3o em tempo integral como chave para a qualifica\u00e7\u00e3o profissional no Brasil"}]},{"@type":"WebSite","@id":"https:\/\/noticiaempauta.com\/portal\/#website","url":"https:\/\/noticiaempauta.com\/portal\/","name":"Portal Not\u00edcia em Pauta","description":"Voc\u00ea bem informado","publisher":{"@id":"https:\/\/noticiaempauta.com\/portal\/#organization"},"potentialAction":[{"@type":"SearchAction","target":{"@type":"EntryPoint","urlTemplate":"https:\/\/noticiaempauta.com\/portal\/?s={search_term_string}"},"query-input":{"@type":"PropertyValueSpecification","valueRequired":true,"valueName":"search_term_string"}}],"inLanguage":"pt-BR"},{"@type":"Organization","@id":"https:\/\/noticiaempauta.com\/portal\/#organization","name":"Portal Not\u00edcia em Pauta","url":"https:\/\/noticiaempauta.com\/portal\/","logo":{"@type":"ImageObject","inLanguage":"pt-BR","@id":"https:\/\/noticiaempauta.com\/portal\/#\/schema\/logo\/image\/","url":"https:\/\/noticiaempauta.com\/portal\/wp-content\/uploads\/2022\/08\/logomarca_tema.fw_.png","contentUrl":"https:\/\/noticiaempauta.com\/portal\/wp-content\/uploads\/2022\/08\/logomarca_tema.fw_.png","width":400,"height":232,"caption":"Portal Not\u00edcia em Pauta"},"image":{"@id":"https:\/\/noticiaempauta.com\/portal\/#\/schema\/logo\/image\/"},"sameAs":["https:\/\/www.facebook.com\/Portal-Notcia-Em-Pauta-102292869264820\/","https:\/\/www.instagram.com\/portalnoticiaempauta\/"]},{"@type":"Person","@id":"https:\/\/noticiaempauta.com\/portal\/#\/schema\/person\/a74af43dd1ab3deca45f988c717d57ac","name":"Reda\u00e7\u00e3o","image":{"@type":"ImageObject","inLanguage":"pt-BR","@id":"https:\/\/noticiaempauta.com\/portal\/#\/schema\/person\/image\/","url":"https:\/\/secure.gravatar.com\/avatar\/03179346ecce6cdfc13361603e8f54242a90e5cde8618fa23c5c00aa2b0aadf3?s=96&d=mm&r=g","contentUrl":"https:\/\/secure.gravatar.com\/avatar\/03179346ecce6cdfc13361603e8f54242a90e5cde8618fa23c5c00aa2b0aadf3?s=96&d=mm&r=g","caption":"Reda\u00e7\u00e3o"},"sameAs":["https:\/\/noticiaempauta.com\/portal\/"],"url":"https:\/\/noticiaempauta.com\/portal\/author\/fernando\/"}]}},"_links":{"self":[{"href":"https:\/\/noticiaempauta.com\/portal\/wp-json\/wp\/v2\/posts\/264776","targetHints":{"allow":["GET"]}}],"collection":[{"href":"https:\/\/noticiaempauta.com\/portal\/wp-json\/wp\/v2\/posts"}],"about":[{"href":"https:\/\/noticiaempauta.com\/portal\/wp-json\/wp\/v2\/types\/post"}],"author":[{"embeddable":true,"href":"https:\/\/noticiaempauta.com\/portal\/wp-json\/wp\/v2\/users\/2"}],"replies":[{"embeddable":true,"href":"https:\/\/noticiaempauta.com\/portal\/wp-json\/wp\/v2\/comments?post=264776"}],"version-history":[{"count":2,"href":"https:\/\/noticiaempauta.com\/portal\/wp-json\/wp\/v2\/posts\/264776\/revisions"}],"predecessor-version":[{"id":264780,"href":"https:\/\/noticiaempauta.com\/portal\/wp-json\/wp\/v2\/posts\/264776\/revisions\/264780"}],"wp:featuredmedia":[{"embeddable":true,"href":"https:\/\/noticiaempauta.com\/portal\/wp-json\/wp\/v2\/media\/264778"}],"wp:attachment":[{"href":"https:\/\/noticiaempauta.com\/portal\/wp-json\/wp\/v2\/media?parent=264776"}],"wp:term":[{"taxonomy":"category","embeddable":true,"href":"https:\/\/noticiaempauta.com\/portal\/wp-json\/wp\/v2\/categories?post=264776"},{"taxonomy":"post_tag","embeddable":true,"href":"https:\/\/noticiaempauta.com\/portal\/wp-json\/wp\/v2\/tags?post=264776"}],"curies":[{"name":"wp","href":"https:\/\/api.w.org\/{rel}","templated":true}]}}