{"id":264784,"date":"2024-12-07T18:39:36","date_gmt":"2024-12-07T21:39:36","guid":{"rendered":"https:\/\/noticiaempauta.com\/portal\/?p=264784"},"modified":"2024-12-07T18:44:56","modified_gmt":"2024-12-07T21:44:56","slug":"matriculas-para-novos-estudantes-da-rede-estadual-do-piaui-comecam-na-proxima-segunda-feira-9","status":"publish","type":"post","link":"https:\/\/noticiaempauta.com\/portal\/matriculas-para-novos-estudantes-da-rede-estadual-do-piaui-comecam-na-proxima-segunda-feira-9\/","title":{"rendered":"Matr\u00edculas para novos estudantes da Rede Estadual do Piau\u00ed come\u00e7am na pr\u00f3xima segunda-feira (9)"},"content":{"rendered":"\n<p>O per\u00edodo de matr\u00edculas para novos estudantes da Rede Estadual de Ensino do Piau\u00ed inicia na pr\u00f3xima segunda-feira, 9 de dezembro, e seguir\u00e1 at\u00e9 o dia 30 de dezembro de 2024. O procedimento deve ser realizado por meio do site da Secretaria de Estado da Educa\u00e7\u00e3o (<a href=\"https:\/\/www.seduc.pi.gov.br\/matricula\/\" target=\"_blank\" rel=\"noreferrer noopener\">seduc.pi.gov.br\/matricula\/<\/a>) ou pelo portal Gov.Pi Cidad\u00e3o (<a href=\"https:\/\/pidigital.pi.gov.br\/\" target=\"_blank\" rel=\"noreferrer noopener\">pidigital.pi.gov.br<\/a>), que tamb\u00e9m est\u00e1 dispon\u00edvel como aplicativo para dispositivos iOS e Android.<\/p>\n\n\n\n<figure class=\"wp-block-image size-full\"><img fetchpriority=\"high\" decoding=\"async\" width=\"640\" height=\"463\" src=\"https:\/\/noticiaempauta.com\/portal\/wp-content\/uploads\/2024\/12\/639.jpg\" alt=\"\" class=\"wp-image-264786\" srcset=\"https:\/\/noticiaempauta.com\/portal\/wp-content\/uploads\/2024\/12\/639.jpg 640w, https:\/\/noticiaempauta.com\/portal\/wp-content\/uploads\/2024\/12\/639-300x217.jpg 300w\" sizes=\"(max-width: 640px) 100vw, 640px\" \/><figcaption class=\"wp-element-caption\">(Foto: Divulga\u00e7\u00e3o)<\/figcaption><\/figure>\n\n\n\n<p>Para os alunos que n\u00e3o t\u00eam acesso \u00e0 internet, os laborat\u00f3rios de inform\u00e1tica das escolas estaduais estar\u00e3o dispon\u00edveis, com servidores capacitados para prestar apoio durante o processo.<\/p>\n\n\n\n<p>O Secret\u00e1rio de Estado da Educa\u00e7\u00e3o, Washington Bandeira, destacou os avan\u00e7os na rede estadual. \u201cCom a universaliza\u00e7\u00e3o do ensino em tempo integral nas escolas de ensino m\u00e9dio, ampliamos as oportunidades dos nossos estudantes. Al\u00e9m disso, os novos cursos t\u00e9cnicos aumentam as possibilidades de crescimento e desenvolvimento dos estudantes\u201d, afirmou.<\/p>\n\n\n\n<p>As vagas dispon\u00edveis contemplam escolas nos n\u00edveis fundamental e m\u00e9dio, nas seguintes modalidades: regular, educa\u00e7\u00e3o profissional, educa\u00e7\u00e3o de jovens e adultos, educa\u00e7\u00e3o especial, educa\u00e7\u00e3o do campo, educa\u00e7\u00e3o escolar ind\u00edgena, educa\u00e7\u00e3o escolar quilombola, em regime de tempo integral e parcial.<\/p>\n\n\n\n<p>Os documentos necess\u00e1rios para a efetiva\u00e7\u00e3o da matr\u00edcula digital dever\u00e3o ser apresentados \u00e0 escola, que ficar\u00e1 respons\u00e1vel pela confer\u00eancia e pelo registro na Ficha Individual do Estudante. A entrega da documenta\u00e7\u00e3o deve ocorrer durante a primeira semana de aula, pelo estudante ou respons\u00e1vel legal, de acordo com a etapa ou modalidade de ensino.<\/p>\n\n\n\n<p><strong>Confira abaixo o passo a passo para realizar a matr\u00edcula:<\/strong><\/p>\n\n\n\n<p><strong>1.&nbsp;Acesse o Gov.Pi Cidad\u00e3o<\/strong><\/p>\n\n\n\n<p>Utilize o navegador do computador ou smartphone para acessar o portal Gov.Pi Cidad\u00e3o (pidigital.pi.gov.br) ou baixe o aplicativo dispon\u00edvel para iOS e Android.<\/p>\n\n\n\n<p><strong>2.&nbsp;Selecione a op\u00e7\u00e3o \u201cAcesso Cidad\u00e3o\u201d<\/strong><\/p>\n\n\n\n<p>Na p\u00e1gina inicial, clique na op\u00e7\u00e3o \u201cAcesso Cidad\u00e3o\u201d para iniciar o processo.<\/p>\n\n\n\n<p><strong>3.&nbsp;Entre com sua conta Gov.br<\/strong><\/p>\n\n\n\n<p>Clique em \u201cEntrar com o Gov.br\u201d e fa\u00e7a o login utilizando suas credenciais da plataforma Gov.br.<\/p>\n\n\n\n<p><strong>4.&nbsp;Pesquise pelo servi\u00e7o de matr\u00edcula<\/strong><\/p>\n\n\n\n<p>Ap\u00f3s o login, retorne \u00e0 p\u00e1gina principal do Gov.Pi, pesquise pela palavra-chave \u201cMatr\u00edcula\u201d e selecione o servi\u00e7o correspondente.<\/p>\n\n\n\n<p><strong>5.&nbsp;Conclua o processo<\/strong><\/p>\n\n\n\n<p>Clique em \u201cAcessar Servi\u00e7o Digital\u201d e siga as instru\u00e7\u00f5es apresentadas na tela para concluir a matr\u00edcula.<\/p>\n\n\n\n<p><a href=\"https:\/\/www.seduc.pi.gov.br\/donwload\/arquivos\/editais\/86-editais-04-12-2024-19-04-59.pdf\" target=\"_blank\" rel=\"noreferrer noopener\">Errata n\u00ba 01 ao Edital SEDUC-PI\/GSE n\u00ba 47\/2024<\/a><\/p>\n\n\n\n<p>Para acessar a errata do edital de matr\u00edculas, clique no link do documento oficial.<\/p>\n\n\n\n<p><a href=\"https:\/\/www.seduc.pi.gov.br\/donwload\/arquivos\/editais\/36-editais-22-11-2024-06-45-11.pdf\" target=\"_blank\" rel=\"noreferrer noopener\">Edital SEDUC-PI\/GSE n\u00ba 47\/2024<\/a><\/p>\n\n\n\n<p>O edital completo para o ano letivo de 2025 est\u00e1 dispon\u00edvel no site da Seduc.<\/p>\n\n\n\n<p>Governo do Estado<\/p>\n","protected":false},"excerpt":{"rendered":"<p>O per\u00edodo de matr\u00edculas para novos estudantes da Rede Estadual de Ensino do Piau\u00ed inicia na pr\u00f3xima segunda-feira, 9 de dezembro, e seguir\u00e1 at\u00e9 o dia 30 de dezembro de 2024. O procedimento deve ser realizado por meio do site da Secretaria de Estado da Educa\u00e7\u00e3o (seduc.pi.gov.br\/matricula\/) ou pelo portal Gov.Pi Cidad\u00e3o (pidigital.pi.gov.br), que tamb\u00e9m [&hellip;]<\/p>\n","protected":false},"author":2,"featured_media":264786,"comment_status":"open","ping_status":"open","sticky":false,"template":"","format":"standard","meta":{"_mi_skip_tracking":false,"footnotes":""},"categories":[25,1,16],"tags":[192],"class_list":["post-264784","post","type-post","status-publish","format-standard","has-post-thumbnail","hentry","category-destaques-site","category-geral","category-todas","tag-destaqueprincipal"],"acf":[],"yoast_head":"<!-- This site is optimized with the Yoast SEO Premium plugin v19.2 (Yoast SEO v26.9) - https:\/\/yoast.com\/product\/yoast-seo-premium-wordpress\/ -->\n<title>Matr\u00edculas para novos estudantes da Rede Estadual do Piau\u00ed come\u00e7am na pr\u00f3xima segunda-feira (9) - Portal Not\u00edcia em Pauta<\/title>\n<meta name=\"robots\" content=\"index, follow, max-snippet:-1, max-image-preview:large, max-video-preview:-1\" \/>\n<link rel=\"canonical\" href=\"https:\/\/noticiaempauta.com\/portal\/matriculas-para-novos-estudantes-da-rede-estadual-do-piaui-comecam-na-proxima-segunda-feira-9\/\" \/>\n<meta property=\"og:locale\" content=\"pt_BR\" \/>\n<meta property=\"og:type\" content=\"article\" \/>\n<meta property=\"og:title\" content=\"Matr\u00edculas para novos estudantes da Rede Estadual do Piau\u00ed come\u00e7am na pr\u00f3xima segunda-feira (9)\" \/>\n<meta property=\"og:description\" content=\"O per\u00edodo de matr\u00edculas para novos estudantes da Rede Estadual de Ensino do Piau\u00ed inicia na pr\u00f3xima segunda-feira, 9 de dezembro, e seguir\u00e1 at\u00e9 o dia 30 de dezembro de 2024. O procedimento deve ser realizado por meio do site da Secretaria de Estado da Educa\u00e7\u00e3o (seduc.pi.gov.br\/matricula\/) ou pelo portal Gov.Pi Cidad\u00e3o (pidigital.pi.gov.br), que tamb\u00e9m [&hellip;]\" \/>\n<meta property=\"og:url\" content=\"https:\/\/noticiaempauta.com\/portal\/matriculas-para-novos-estudantes-da-rede-estadual-do-piaui-comecam-na-proxima-segunda-feira-9\/\" \/>\n<meta property=\"og:site_name\" content=\"Portal Not\u00edcia em Pauta\" \/>\n<meta property=\"article:publisher\" content=\"https:\/\/www.facebook.com\/Portal-Notcia-Em-Pauta-102292869264820\/\" \/>\n<meta property=\"article:published_time\" content=\"2024-12-07T21:39:36+00:00\" \/>\n<meta property=\"article:modified_time\" content=\"2024-12-07T21:44:56+00:00\" \/>\n<meta property=\"og:image\" content=\"https:\/\/noticiaempauta.com\/portal\/wp-content\/uploads\/2024\/12\/639.jpg\" \/>\n\t<meta property=\"og:image:width\" content=\"640\" \/>\n\t<meta property=\"og:image:height\" content=\"463\" \/>\n\t<meta property=\"og:image:type\" content=\"image\/jpeg\" \/>\n<meta name=\"author\" content=\"Reda\u00e7\u00e3o\" \/>\n<meta name=\"twitter:card\" content=\"summary_large_image\" \/>\n<meta name=\"twitter:label1\" content=\"Escrito por\" \/>\n\t<meta name=\"twitter:data1\" content=\"Reda\u00e7\u00e3o\" \/>\n\t<meta name=\"twitter:label2\" content=\"Est. tempo de leitura\" \/>\n\t<meta name=\"twitter:data2\" content=\"3 minutos\" \/>\n<script type=\"application\/ld+json\" class=\"yoast-schema-graph\">{\"@context\":\"https:\/\/schema.org\",\"@graph\":[{\"@type\":\"Article\",\"@id\":\"https:\/\/noticiaempauta.com\/portal\/matriculas-para-novos-estudantes-da-rede-estadual-do-piaui-comecam-na-proxima-segunda-feira-9\/#article\",\"isPartOf\":{\"@id\":\"https:\/\/noticiaempauta.com\/portal\/matriculas-para-novos-estudantes-da-rede-estadual-do-piaui-comecam-na-proxima-segunda-feira-9\/\"},\"author\":{\"name\":\"Reda\u00e7\u00e3o\",\"@id\":\"https:\/\/noticiaempauta.com\/portal\/#\/schema\/person\/a74af43dd1ab3deca45f988c717d57ac\"},\"headline\":\"Matr\u00edculas para novos estudantes da Rede Estadual do Piau\u00ed come\u00e7am na pr\u00f3xima segunda-feira (9)\",\"datePublished\":\"2024-12-07T21:39:36+00:00\",\"dateModified\":\"2024-12-07T21:44:56+00:00\",\"mainEntityOfPage\":{\"@id\":\"https:\/\/noticiaempauta.com\/portal\/matriculas-para-novos-estudantes-da-rede-estadual-do-piaui-comecam-na-proxima-segunda-feira-9\/\"},\"wordCount\":485,\"commentCount\":0,\"publisher\":{\"@id\":\"https:\/\/noticiaempauta.com\/portal\/#organization\"},\"image\":{\"@id\":\"https:\/\/noticiaempauta.com\/portal\/matriculas-para-novos-estudantes-da-rede-estadual-do-piaui-comecam-na-proxima-segunda-feira-9\/#primaryimage\"},\"thumbnailUrl\":\"https:\/\/noticiaempauta.com\/portal\/wp-content\/uploads\/2024\/12\/639.jpg\",\"keywords\":[\"destaqueprincipal\"],\"articleSection\":[\"Destaques\",\"Geral\",\"Todas as Not\u00edcias\"],\"inLanguage\":\"pt-BR\",\"potentialAction\":[{\"@type\":\"CommentAction\",\"name\":\"Comment\",\"target\":[\"https:\/\/noticiaempauta.com\/portal\/matriculas-para-novos-estudantes-da-rede-estadual-do-piaui-comecam-na-proxima-segunda-feira-9\/#respond\"]}]},{\"@type\":\"WebPage\",\"@id\":\"https:\/\/noticiaempauta.com\/portal\/matriculas-para-novos-estudantes-da-rede-estadual-do-piaui-comecam-na-proxima-segunda-feira-9\/\",\"url\":\"https:\/\/noticiaempauta.com\/portal\/matriculas-para-novos-estudantes-da-rede-estadual-do-piaui-comecam-na-proxima-segunda-feira-9\/\",\"name\":\"Matr\u00edculas para novos estudantes da Rede Estadual do Piau\u00ed come\u00e7am na pr\u00f3xima segunda-feira (9) - Portal Not\u00edcia em Pauta\",\"isPartOf\":{\"@id\":\"https:\/\/noticiaempauta.com\/portal\/#website\"},\"primaryImageOfPage\":{\"@id\":\"https:\/\/noticiaempauta.com\/portal\/matriculas-para-novos-estudantes-da-rede-estadual-do-piaui-comecam-na-proxima-segunda-feira-9\/#primaryimage\"},\"image\":{\"@id\":\"https:\/\/noticiaempauta.com\/portal\/matriculas-para-novos-estudantes-da-rede-estadual-do-piaui-comecam-na-proxima-segunda-feira-9\/#primaryimage\"},\"thumbnailUrl\":\"https:\/\/noticiaempauta.com\/portal\/wp-content\/uploads\/2024\/12\/639.jpg\",\"datePublished\":\"2024-12-07T21:39:36+00:00\",\"dateModified\":\"2024-12-07T21:44:56+00:00\",\"breadcrumb\":{\"@id\":\"https:\/\/noticiaempauta.com\/portal\/matriculas-para-novos-estudantes-da-rede-estadual-do-piaui-comecam-na-proxima-segunda-feira-9\/#breadcrumb\"},\"inLanguage\":\"pt-BR\",\"potentialAction\":[{\"@type\":\"ReadAction\",\"target\":[\"https:\/\/noticiaempauta.com\/portal\/matriculas-para-novos-estudantes-da-rede-estadual-do-piaui-comecam-na-proxima-segunda-feira-9\/\"]}]},{\"@type\":\"ImageObject\",\"inLanguage\":\"pt-BR\",\"@id\":\"https:\/\/noticiaempauta.com\/portal\/matriculas-para-novos-estudantes-da-rede-estadual-do-piaui-comecam-na-proxima-segunda-feira-9\/#primaryimage\",\"url\":\"https:\/\/noticiaempauta.com\/portal\/wp-content\/uploads\/2024\/12\/639.jpg\",\"contentUrl\":\"https:\/\/noticiaempauta.com\/portal\/wp-content\/uploads\/2024\/12\/639.jpg\",\"width\":640,\"height\":463,\"caption\":\"(Foto: Divulga\u00e7\u00e3o)\"},{\"@type\":\"BreadcrumbList\",\"@id\":\"https:\/\/noticiaempauta.com\/portal\/matriculas-para-novos-estudantes-da-rede-estadual-do-piaui-comecam-na-proxima-segunda-feira-9\/#breadcrumb\",\"itemListElement\":[{\"@type\":\"ListItem\",\"position\":1,\"name\":\"P\u00e1gina Inicial\",\"item\":\"https:\/\/noticiaempauta.com\/portal\/\"},{\"@type\":\"ListItem\",\"position\":2,\"name\":\"Destaques\",\"item\":\"https:\/\/noticiaempauta.com\/portal\/destaques-site\/\"},{\"@type\":\"ListItem\",\"position\":3,\"name\":\"Matr\u00edculas para novos estudantes da Rede Estadual do Piau\u00ed come\u00e7am na pr\u00f3xima segunda-feira (9)\"}]},{\"@type\":\"WebSite\",\"@id\":\"https:\/\/noticiaempauta.com\/portal\/#website\",\"url\":\"https:\/\/noticiaempauta.com\/portal\/\",\"name\":\"Portal Not\u00edcia em Pauta\",\"description\":\"Voc\u00ea bem informado\",\"publisher\":{\"@id\":\"https:\/\/noticiaempauta.com\/portal\/#organization\"},\"potentialAction\":[{\"@type\":\"SearchAction\",\"target\":{\"@type\":\"EntryPoint\",\"urlTemplate\":\"https:\/\/noticiaempauta.com\/portal\/?s={search_term_string}\"},\"query-input\":{\"@type\":\"PropertyValueSpecification\",\"valueRequired\":true,\"valueName\":\"search_term_string\"}}],\"inLanguage\":\"pt-BR\"},{\"@type\":\"Organization\",\"@id\":\"https:\/\/noticiaempauta.com\/portal\/#organization\",\"name\":\"Portal Not\u00edcia em Pauta\",\"url\":\"https:\/\/noticiaempauta.com\/portal\/\",\"logo\":{\"@type\":\"ImageObject\",\"inLanguage\":\"pt-BR\",\"@id\":\"https:\/\/noticiaempauta.com\/portal\/#\/schema\/logo\/image\/\",\"url\":\"https:\/\/noticiaempauta.com\/portal\/wp-content\/uploads\/2022\/08\/logomarca_tema.fw_.png\",\"contentUrl\":\"https:\/\/noticiaempauta.com\/portal\/wp-content\/uploads\/2022\/08\/logomarca_tema.fw_.png\",\"width\":400,\"height\":232,\"caption\":\"Portal Not\u00edcia em Pauta\"},\"image\":{\"@id\":\"https:\/\/noticiaempauta.com\/portal\/#\/schema\/logo\/image\/\"},\"sameAs\":[\"https:\/\/www.facebook.com\/Portal-Notcia-Em-Pauta-102292869264820\/\",\"https:\/\/www.instagram.com\/portalnoticiaempauta\/\"]},{\"@type\":\"Person\",\"@id\":\"https:\/\/noticiaempauta.com\/portal\/#\/schema\/person\/a74af43dd1ab3deca45f988c717d57ac\",\"name\":\"Reda\u00e7\u00e3o\",\"image\":{\"@type\":\"ImageObject\",\"inLanguage\":\"pt-BR\",\"@id\":\"https:\/\/noticiaempauta.com\/portal\/#\/schema\/person\/image\/\",\"url\":\"https:\/\/secure.gravatar.com\/avatar\/03179346ecce6cdfc13361603e8f54242a90e5cde8618fa23c5c00aa2b0aadf3?s=96&d=mm&r=g\",\"contentUrl\":\"https:\/\/secure.gravatar.com\/avatar\/03179346ecce6cdfc13361603e8f54242a90e5cde8618fa23c5c00aa2b0aadf3?s=96&d=mm&r=g\",\"caption\":\"Reda\u00e7\u00e3o\"},\"sameAs\":[\"https:\/\/noticiaempauta.com\/portal\/\"],\"url\":\"https:\/\/noticiaempauta.com\/portal\/author\/fernando\/\"}]}<\/script>\n<!-- \/ Yoast SEO Premium plugin. -->","yoast_head_json":{"title":"Matr\u00edculas para novos estudantes da Rede Estadual do Piau\u00ed come\u00e7am na pr\u00f3xima segunda-feira (9) - Portal Not\u00edcia em Pauta","robots":{"index":"index","follow":"follow","max-snippet":"max-snippet:-1","max-image-preview":"max-image-preview:large","max-video-preview":"max-video-preview:-1"},"canonical":"https:\/\/noticiaempauta.com\/portal\/matriculas-para-novos-estudantes-da-rede-estadual-do-piaui-comecam-na-proxima-segunda-feira-9\/","og_locale":"pt_BR","og_type":"article","og_title":"Matr\u00edculas para novos estudantes da Rede Estadual do Piau\u00ed come\u00e7am na pr\u00f3xima segunda-feira (9)","og_description":"O per\u00edodo de matr\u00edculas para novos estudantes da Rede Estadual de Ensino do Piau\u00ed inicia na pr\u00f3xima segunda-feira, 9 de dezembro, e seguir\u00e1 at\u00e9 o dia 30 de dezembro de 2024. O procedimento deve ser realizado por meio do site da Secretaria de Estado da Educa\u00e7\u00e3o (seduc.pi.gov.br\/matricula\/) ou pelo portal Gov.Pi Cidad\u00e3o (pidigital.pi.gov.br), que tamb\u00e9m [&hellip;]","og_url":"https:\/\/noticiaempauta.com\/portal\/matriculas-para-novos-estudantes-da-rede-estadual-do-piaui-comecam-na-proxima-segunda-feira-9\/","og_site_name":"Portal Not\u00edcia em Pauta","article_publisher":"https:\/\/www.facebook.com\/Portal-Notcia-Em-Pauta-102292869264820\/","article_published_time":"2024-12-07T21:39:36+00:00","article_modified_time":"2024-12-07T21:44:56+00:00","og_image":[{"width":640,"height":463,"url":"https:\/\/noticiaempauta.com\/portal\/wp-content\/uploads\/2024\/12\/639.jpg","type":"image\/jpeg"}],"author":"Reda\u00e7\u00e3o","twitter_card":"summary_large_image","twitter_misc":{"Escrito por":"Reda\u00e7\u00e3o","Est. tempo de leitura":"3 minutos"},"schema":{"@context":"https:\/\/schema.org","@graph":[{"@type":"Article","@id":"https:\/\/noticiaempauta.com\/portal\/matriculas-para-novos-estudantes-da-rede-estadual-do-piaui-comecam-na-proxima-segunda-feira-9\/#article","isPartOf":{"@id":"https:\/\/noticiaempauta.com\/portal\/matriculas-para-novos-estudantes-da-rede-estadual-do-piaui-comecam-na-proxima-segunda-feira-9\/"},"author":{"name":"Reda\u00e7\u00e3o","@id":"https:\/\/noticiaempauta.com\/portal\/#\/schema\/person\/a74af43dd1ab3deca45f988c717d57ac"},"headline":"Matr\u00edculas para novos estudantes da Rede Estadual do Piau\u00ed come\u00e7am na pr\u00f3xima segunda-feira (9)","datePublished":"2024-12-07T21:39:36+00:00","dateModified":"2024-12-07T21:44:56+00:00","mainEntityOfPage":{"@id":"https:\/\/noticiaempauta.com\/portal\/matriculas-para-novos-estudantes-da-rede-estadual-do-piaui-comecam-na-proxima-segunda-feira-9\/"},"wordCount":485,"commentCount":0,"publisher":{"@id":"https:\/\/noticiaempauta.com\/portal\/#organization"},"image":{"@id":"https:\/\/noticiaempauta.com\/portal\/matriculas-para-novos-estudantes-da-rede-estadual-do-piaui-comecam-na-proxima-segunda-feira-9\/#primaryimage"},"thumbnailUrl":"https:\/\/noticiaempauta.com\/portal\/wp-content\/uploads\/2024\/12\/639.jpg","keywords":["destaqueprincipal"],"articleSection":["Destaques","Geral","Todas as Not\u00edcias"],"inLanguage":"pt-BR","potentialAction":[{"@type":"CommentAction","name":"Comment","target":["https:\/\/noticiaempauta.com\/portal\/matriculas-para-novos-estudantes-da-rede-estadual-do-piaui-comecam-na-proxima-segunda-feira-9\/#respond"]}]},{"@type":"WebPage","@id":"https:\/\/noticiaempauta.com\/portal\/matriculas-para-novos-estudantes-da-rede-estadual-do-piaui-comecam-na-proxima-segunda-feira-9\/","url":"https:\/\/noticiaempauta.com\/portal\/matriculas-para-novos-estudantes-da-rede-estadual-do-piaui-comecam-na-proxima-segunda-feira-9\/","name":"Matr\u00edculas para novos estudantes da Rede Estadual do Piau\u00ed come\u00e7am na pr\u00f3xima segunda-feira (9) - Portal Not\u00edcia em Pauta","isPartOf":{"@id":"https:\/\/noticiaempauta.com\/portal\/#website"},"primaryImageOfPage":{"@id":"https:\/\/noticiaempauta.com\/portal\/matriculas-para-novos-estudantes-da-rede-estadual-do-piaui-comecam-na-proxima-segunda-feira-9\/#primaryimage"},"image":{"@id":"https:\/\/noticiaempauta.com\/portal\/matriculas-para-novos-estudantes-da-rede-estadual-do-piaui-comecam-na-proxima-segunda-feira-9\/#primaryimage"},"thumbnailUrl":"https:\/\/noticiaempauta.com\/portal\/wp-content\/uploads\/2024\/12\/639.jpg","datePublished":"2024-12-07T21:39:36+00:00","dateModified":"2024-12-07T21:44:56+00:00","breadcrumb":{"@id":"https:\/\/noticiaempauta.com\/portal\/matriculas-para-novos-estudantes-da-rede-estadual-do-piaui-comecam-na-proxima-segunda-feira-9\/#breadcrumb"},"inLanguage":"pt-BR","potentialAction":[{"@type":"ReadAction","target":["https:\/\/noticiaempauta.com\/portal\/matriculas-para-novos-estudantes-da-rede-estadual-do-piaui-comecam-na-proxima-segunda-feira-9\/"]}]},{"@type":"ImageObject","inLanguage":"pt-BR","@id":"https:\/\/noticiaempauta.com\/portal\/matriculas-para-novos-estudantes-da-rede-estadual-do-piaui-comecam-na-proxima-segunda-feira-9\/#primaryimage","url":"https:\/\/noticiaempauta.com\/portal\/wp-content\/uploads\/2024\/12\/639.jpg","contentUrl":"https:\/\/noticiaempauta.com\/portal\/wp-content\/uploads\/2024\/12\/639.jpg","width":640,"height":463,"caption":"(Foto: Divulga\u00e7\u00e3o)"},{"@type":"BreadcrumbList","@id":"https:\/\/noticiaempauta.com\/portal\/matriculas-para-novos-estudantes-da-rede-estadual-do-piaui-comecam-na-proxima-segunda-feira-9\/#breadcrumb","itemListElement":[{"@type":"ListItem","position":1,"name":"P\u00e1gina Inicial","item":"https:\/\/noticiaempauta.com\/portal\/"},{"@type":"ListItem","position":2,"name":"Destaques","item":"https:\/\/noticiaempauta.com\/portal\/destaques-site\/"},{"@type":"ListItem","position":3,"name":"Matr\u00edculas para novos estudantes da Rede Estadual do Piau\u00ed come\u00e7am na pr\u00f3xima segunda-feira (9)"}]},{"@type":"WebSite","@id":"https:\/\/noticiaempauta.com\/portal\/#website","url":"https:\/\/noticiaempauta.com\/portal\/","name":"Portal Not\u00edcia em Pauta","description":"Voc\u00ea bem informado","publisher":{"@id":"https:\/\/noticiaempauta.com\/portal\/#organization"},"potentialAction":[{"@type":"SearchAction","target":{"@type":"EntryPoint","urlTemplate":"https:\/\/noticiaempauta.com\/portal\/?s={search_term_string}"},"query-input":{"@type":"PropertyValueSpecification","valueRequired":true,"valueName":"search_term_string"}}],"inLanguage":"pt-BR"},{"@type":"Organization","@id":"https:\/\/noticiaempauta.com\/portal\/#organization","name":"Portal Not\u00edcia em Pauta","url":"https:\/\/noticiaempauta.com\/portal\/","logo":{"@type":"ImageObject","inLanguage":"pt-BR","@id":"https:\/\/noticiaempauta.com\/portal\/#\/schema\/logo\/image\/","url":"https:\/\/noticiaempauta.com\/portal\/wp-content\/uploads\/2022\/08\/logomarca_tema.fw_.png","contentUrl":"https:\/\/noticiaempauta.com\/portal\/wp-content\/uploads\/2022\/08\/logomarca_tema.fw_.png","width":400,"height":232,"caption":"Portal Not\u00edcia em Pauta"},"image":{"@id":"https:\/\/noticiaempauta.com\/portal\/#\/schema\/logo\/image\/"},"sameAs":["https:\/\/www.facebook.com\/Portal-Notcia-Em-Pauta-102292869264820\/","https:\/\/www.instagram.com\/portalnoticiaempauta\/"]},{"@type":"Person","@id":"https:\/\/noticiaempauta.com\/portal\/#\/schema\/person\/a74af43dd1ab3deca45f988c717d57ac","name":"Reda\u00e7\u00e3o","image":{"@type":"ImageObject","inLanguage":"pt-BR","@id":"https:\/\/noticiaempauta.com\/portal\/#\/schema\/person\/image\/","url":"https:\/\/secure.gravatar.com\/avatar\/03179346ecce6cdfc13361603e8f54242a90e5cde8618fa23c5c00aa2b0aadf3?s=96&d=mm&r=g","contentUrl":"https:\/\/secure.gravatar.com\/avatar\/03179346ecce6cdfc13361603e8f54242a90e5cde8618fa23c5c00aa2b0aadf3?s=96&d=mm&r=g","caption":"Reda\u00e7\u00e3o"},"sameAs":["https:\/\/noticiaempauta.com\/portal\/"],"url":"https:\/\/noticiaempauta.com\/portal\/author\/fernando\/"}]}},"_links":{"self":[{"href":"https:\/\/noticiaempauta.com\/portal\/wp-json\/wp\/v2\/posts\/264784","targetHints":{"allow":["GET"]}}],"collection":[{"href":"https:\/\/noticiaempauta.com\/portal\/wp-json\/wp\/v2\/posts"}],"about":[{"href":"https:\/\/noticiaempauta.com\/portal\/wp-json\/wp\/v2\/types\/post"}],"author":[{"embeddable":true,"href":"https:\/\/noticiaempauta.com\/portal\/wp-json\/wp\/v2\/users\/2"}],"replies":[{"embeddable":true,"href":"https:\/\/noticiaempauta.com\/portal\/wp-json\/wp\/v2\/comments?post=264784"}],"version-history":[{"count":2,"href":"https:\/\/noticiaempauta.com\/portal\/wp-json\/wp\/v2\/posts\/264784\/revisions"}],"predecessor-version":[{"id":264788,"href":"https:\/\/noticiaempauta.com\/portal\/wp-json\/wp\/v2\/posts\/264784\/revisions\/264788"}],"wp:featuredmedia":[{"embeddable":true,"href":"https:\/\/noticiaempauta.com\/portal\/wp-json\/wp\/v2\/media\/264786"}],"wp:attachment":[{"href":"https:\/\/noticiaempauta.com\/portal\/wp-json\/wp\/v2\/media?parent=264784"}],"wp:term":[{"taxonomy":"category","embeddable":true,"href":"https:\/\/noticiaempauta.com\/portal\/wp-json\/wp\/v2\/categories?post=264784"},{"taxonomy":"post_tag","embeddable":true,"href":"https:\/\/noticiaempauta.com\/portal\/wp-json\/wp\/v2\/tags?post=264784"}],"curies":[{"name":"wp","href":"https:\/\/api.w.org\/{rel}","templated":true}]}}