{"id":264856,"date":"2024-12-08T06:13:35","date_gmt":"2024-12-08T09:13:35","guid":{"rendered":"https:\/\/noticiaempauta.com\/portal\/?p=264856"},"modified":"2024-12-08T06:13:36","modified_gmt":"2024-12-08T09:13:36","slug":"bebe-de-1-ano-e-8-meses-morre-queimado-em-incendio-dentro-de-casa-em-piripiri","status":"publish","type":"post","link":"https:\/\/noticiaempauta.com\/portal\/bebe-de-1-ano-e-8-meses-morre-queimado-em-incendio-dentro-de-casa-em-piripiri\/","title":{"rendered":"Beb\u00ea de 1 ano e 8 meses morre queimado em inc\u00eandio dentro de casa em Piripiri"},"content":{"rendered":"\n<p>Um beb\u00ea de 1 ano e 8 meses\u00a0morreu ap\u00f3s um inc\u00eadio que\u00a0propagou dentro de casa neste s\u00e1bado (07) na localidade Esperan\u00e7a Garcia, no\u00a0munic\u00edpio de Piripiri.\u00a0<\/p>\n\n\n\n<figure class=\"wp-block-image size-full\"><img fetchpriority=\"high\" decoding=\"async\" width=\"910\" height=\"738\" src=\"https:\/\/noticiaempauta.com\/portal\/wp-content\/uploads\/2024\/12\/crianca-de-1-ano-e-8-meses-morre-queimada-em-incendio-dentro-de-casa-em-piripiri-d187c45c-4444-49ed-99c7-fc2ab7996d4b.jpg.webp\" alt=\"\" class=\"wp-image-264857\" srcset=\"https:\/\/noticiaempauta.com\/portal\/wp-content\/uploads\/2024\/12\/crianca-de-1-ano-e-8-meses-morre-queimada-em-incendio-dentro-de-casa-em-piripiri-d187c45c-4444-49ed-99c7-fc2ab7996d4b.jpg.webp 910w, https:\/\/noticiaempauta.com\/portal\/wp-content\/uploads\/2024\/12\/crianca-de-1-ano-e-8-meses-morre-queimada-em-incendio-dentro-de-casa-em-piripiri-d187c45c-4444-49ed-99c7-fc2ab7996d4b.jpg-300x243.webp 300w, https:\/\/noticiaempauta.com\/portal\/wp-content\/uploads\/2024\/12\/crianca-de-1-ano-e-8-meses-morre-queimada-em-incendio-dentro-de-casa-em-piripiri-d187c45c-4444-49ed-99c7-fc2ab7996d4b.jpg-768x623.webp 768w\" sizes=\"(max-width: 910px) 100vw, 910px\" \/><\/figure>\n\n\n\n<p>De acordo com as primeiras informa\u00e7\u00f5es,\u00a0a crian\u00e7a estava sozinha no local quando as chamas come\u00e7aram.\u00a0As circunst\u00e2ncias que levaram ao in\u00edcio do inc\u00eandio e quem estava sob responsabilidade do menor ainda est\u00e3o sendo apuradas pelas autoridades competentes.<\/p>\n\n\n\n<p>Conforme apurado pela reportagem, populares acionaram o\u00a0Corpo de<strong> <\/strong>Bombeiros\u00a0ap\u00f3s uma casa de taipa pegar fogo. Ao chegar no local, a equipe se deparou com a crian\u00e7a sem vida e im\u00f3vel em um sof\u00e1 destru\u00eddo pelas chamas.<\/p>\n\n\n\n<p>Os bombeiros conseguiram apagar as chamas a tempo de se espalharem por outros im\u00f3veis. O caso ser\u00e1 investigado pela\u00a0Pol\u00edcia Civil de Piripiri.\u00a0<\/p>\n\n\n\n<p>Fonte: Meio News<\/p>\n","protected":false},"excerpt":{"rendered":"<p>Um beb\u00ea de 1 ano e 8 meses\u00a0morreu ap\u00f3s um inc\u00eadio que\u00a0propagou dentro de casa neste s\u00e1bado (07) na localidade Esperan\u00e7a Garcia, no\u00a0munic\u00edpio de Piripiri.\u00a0 De acordo com as primeiras informa\u00e7\u00f5es,\u00a0a crian\u00e7a estava sozinha no local quando as chamas come\u00e7aram.\u00a0As circunst\u00e2ncias que levaram ao in\u00edcio do inc\u00eandio e quem estava sob responsabilidade do menor ainda [&hellip;]<\/p>\n","protected":false},"author":2,"featured_media":264857,"comment_status":"open","ping_status":"open","sticky":false,"template":"","format":"standard","meta":{"_mi_skip_tracking":false,"footnotes":""},"categories":[25,1,137,16],"tags":[192],"class_list":["post-264856","post","type-post","status-publish","format-standard","has-post-thumbnail","hentry","category-destaques-site","category-geral","category-policia","category-todas","tag-destaqueprincipal"],"acf":[],"yoast_head":"<!-- This site is optimized with the Yoast SEO Premium plugin v19.2 (Yoast SEO v26.9) - https:\/\/yoast.com\/product\/yoast-seo-premium-wordpress\/ -->\n<title>Beb\u00ea de 1 ano e 8 meses morre queimado em inc\u00eandio dentro de casa em Piripiri - Portal Not\u00edcia em Pauta<\/title>\n<meta name=\"robots\" content=\"index, follow, max-snippet:-1, max-image-preview:large, max-video-preview:-1\" \/>\n<link rel=\"canonical\" href=\"https:\/\/noticiaempauta.com\/portal\/bebe-de-1-ano-e-8-meses-morre-queimado-em-incendio-dentro-de-casa-em-piripiri\/\" \/>\n<meta property=\"og:locale\" content=\"pt_BR\" \/>\n<meta property=\"og:type\" content=\"article\" \/>\n<meta property=\"og:title\" content=\"Beb\u00ea de 1 ano e 8 meses morre queimado em inc\u00eandio dentro de casa em Piripiri\" \/>\n<meta property=\"og:description\" content=\"Um beb\u00ea de 1 ano e 8 meses\u00a0morreu ap\u00f3s um inc\u00eadio que\u00a0propagou dentro de casa neste s\u00e1bado (07) na localidade Esperan\u00e7a Garcia, no\u00a0munic\u00edpio de Piripiri.\u00a0 De acordo com as primeiras informa\u00e7\u00f5es,\u00a0a crian\u00e7a estava sozinha no local quando as chamas come\u00e7aram.\u00a0As circunst\u00e2ncias que levaram ao in\u00edcio do inc\u00eandio e quem estava sob responsabilidade do menor ainda [&hellip;]\" \/>\n<meta property=\"og:url\" content=\"https:\/\/noticiaempauta.com\/portal\/bebe-de-1-ano-e-8-meses-morre-queimado-em-incendio-dentro-de-casa-em-piripiri\/\" \/>\n<meta property=\"og:site_name\" content=\"Portal Not\u00edcia em Pauta\" \/>\n<meta property=\"article:publisher\" content=\"https:\/\/www.facebook.com\/Portal-Notcia-Em-Pauta-102292869264820\/\" \/>\n<meta property=\"article:published_time\" content=\"2024-12-08T09:13:35+00:00\" \/>\n<meta property=\"article:modified_time\" content=\"2024-12-08T09:13:36+00:00\" \/>\n<meta property=\"og:image\" content=\"https:\/\/noticiaempauta.com\/portal\/wp-content\/uploads\/2024\/12\/crianca-de-1-ano-e-8-meses-morre-queimada-em-incendio-dentro-de-casa-em-piripiri-d187c45c-4444-49ed-99c7-fc2ab7996d4b.jpg.webp\" \/>\n\t<meta property=\"og:image:width\" content=\"910\" \/>\n\t<meta property=\"og:image:height\" content=\"738\" \/>\n\t<meta property=\"og:image:type\" content=\"image\/webp\" \/>\n<meta name=\"author\" content=\"Reda\u00e7\u00e3o\" \/>\n<meta name=\"twitter:card\" content=\"summary_large_image\" \/>\n<meta name=\"twitter:label1\" content=\"Escrito por\" \/>\n\t<meta name=\"twitter:data1\" content=\"Reda\u00e7\u00e3o\" \/>\n\t<meta name=\"twitter:label2\" content=\"Est. tempo de leitura\" \/>\n\t<meta name=\"twitter:data2\" content=\"2 minutos\" \/>\n<script type=\"application\/ld+json\" class=\"yoast-schema-graph\">{\"@context\":\"https:\/\/schema.org\",\"@graph\":[{\"@type\":\"Article\",\"@id\":\"https:\/\/noticiaempauta.com\/portal\/bebe-de-1-ano-e-8-meses-morre-queimado-em-incendio-dentro-de-casa-em-piripiri\/#article\",\"isPartOf\":{\"@id\":\"https:\/\/noticiaempauta.com\/portal\/bebe-de-1-ano-e-8-meses-morre-queimado-em-incendio-dentro-de-casa-em-piripiri\/\"},\"author\":{\"name\":\"Reda\u00e7\u00e3o\",\"@id\":\"https:\/\/noticiaempauta.com\/portal\/#\/schema\/person\/a74af43dd1ab3deca45f988c717d57ac\"},\"headline\":\"Beb\u00ea de 1 ano e 8 meses morre queimado em inc\u00eandio dentro de casa em Piripiri\",\"datePublished\":\"2024-12-08T09:13:35+00:00\",\"dateModified\":\"2024-12-08T09:13:36+00:00\",\"mainEntityOfPage\":{\"@id\":\"https:\/\/noticiaempauta.com\/portal\/bebe-de-1-ano-e-8-meses-morre-queimado-em-incendio-dentro-de-casa-em-piripiri\/\"},\"wordCount\":160,\"commentCount\":0,\"publisher\":{\"@id\":\"https:\/\/noticiaempauta.com\/portal\/#organization\"},\"image\":{\"@id\":\"https:\/\/noticiaempauta.com\/portal\/bebe-de-1-ano-e-8-meses-morre-queimado-em-incendio-dentro-de-casa-em-piripiri\/#primaryimage\"},\"thumbnailUrl\":\"https:\/\/noticiaempauta.com\/portal\/wp-content\/uploads\/2024\/12\/crianca-de-1-ano-e-8-meses-morre-queimada-em-incendio-dentro-de-casa-em-piripiri-d187c45c-4444-49ed-99c7-fc2ab7996d4b.jpg.webp\",\"keywords\":[\"destaqueprincipal\"],\"articleSection\":[\"Destaques\",\"Geral\",\"Pol\u00edcia\",\"Todas as Not\u00edcias\"],\"inLanguage\":\"pt-BR\",\"potentialAction\":[{\"@type\":\"CommentAction\",\"name\":\"Comment\",\"target\":[\"https:\/\/noticiaempauta.com\/portal\/bebe-de-1-ano-e-8-meses-morre-queimado-em-incendio-dentro-de-casa-em-piripiri\/#respond\"]}]},{\"@type\":\"WebPage\",\"@id\":\"https:\/\/noticiaempauta.com\/portal\/bebe-de-1-ano-e-8-meses-morre-queimado-em-incendio-dentro-de-casa-em-piripiri\/\",\"url\":\"https:\/\/noticiaempauta.com\/portal\/bebe-de-1-ano-e-8-meses-morre-queimado-em-incendio-dentro-de-casa-em-piripiri\/\",\"name\":\"Beb\u00ea de 1 ano e 8 meses morre queimado em inc\u00eandio dentro de casa em Piripiri - Portal Not\u00edcia em Pauta\",\"isPartOf\":{\"@id\":\"https:\/\/noticiaempauta.com\/portal\/#website\"},\"primaryImageOfPage\":{\"@id\":\"https:\/\/noticiaempauta.com\/portal\/bebe-de-1-ano-e-8-meses-morre-queimado-em-incendio-dentro-de-casa-em-piripiri\/#primaryimage\"},\"image\":{\"@id\":\"https:\/\/noticiaempauta.com\/portal\/bebe-de-1-ano-e-8-meses-morre-queimado-em-incendio-dentro-de-casa-em-piripiri\/#primaryimage\"},\"thumbnailUrl\":\"https:\/\/noticiaempauta.com\/portal\/wp-content\/uploads\/2024\/12\/crianca-de-1-ano-e-8-meses-morre-queimada-em-incendio-dentro-de-casa-em-piripiri-d187c45c-4444-49ed-99c7-fc2ab7996d4b.jpg.webp\",\"datePublished\":\"2024-12-08T09:13:35+00:00\",\"dateModified\":\"2024-12-08T09:13:36+00:00\",\"breadcrumb\":{\"@id\":\"https:\/\/noticiaempauta.com\/portal\/bebe-de-1-ano-e-8-meses-morre-queimado-em-incendio-dentro-de-casa-em-piripiri\/#breadcrumb\"},\"inLanguage\":\"pt-BR\",\"potentialAction\":[{\"@type\":\"ReadAction\",\"target\":[\"https:\/\/noticiaempauta.com\/portal\/bebe-de-1-ano-e-8-meses-morre-queimado-em-incendio-dentro-de-casa-em-piripiri\/\"]}]},{\"@type\":\"ImageObject\",\"inLanguage\":\"pt-BR\",\"@id\":\"https:\/\/noticiaempauta.com\/portal\/bebe-de-1-ano-e-8-meses-morre-queimado-em-incendio-dentro-de-casa-em-piripiri\/#primaryimage\",\"url\":\"https:\/\/noticiaempauta.com\/portal\/wp-content\/uploads\/2024\/12\/crianca-de-1-ano-e-8-meses-morre-queimada-em-incendio-dentro-de-casa-em-piripiri-d187c45c-4444-49ed-99c7-fc2ab7996d4b.jpg.webp\",\"contentUrl\":\"https:\/\/noticiaempauta.com\/portal\/wp-content\/uploads\/2024\/12\/crianca-de-1-ano-e-8-meses-morre-queimada-em-incendio-dentro-de-casa-em-piripiri-d187c45c-4444-49ed-99c7-fc2ab7996d4b.jpg.webp\",\"width\":910,\"height\":738},{\"@type\":\"BreadcrumbList\",\"@id\":\"https:\/\/noticiaempauta.com\/portal\/bebe-de-1-ano-e-8-meses-morre-queimado-em-incendio-dentro-de-casa-em-piripiri\/#breadcrumb\",\"itemListElement\":[{\"@type\":\"ListItem\",\"position\":1,\"name\":\"P\u00e1gina Inicial\",\"item\":\"https:\/\/noticiaempauta.com\/portal\/\"},{\"@type\":\"ListItem\",\"position\":2,\"name\":\"Destaques\",\"item\":\"https:\/\/noticiaempauta.com\/portal\/destaques-site\/\"},{\"@type\":\"ListItem\",\"position\":3,\"name\":\"Beb\u00ea de 1 ano e 8 meses morre queimado em inc\u00eandio dentro de casa em Piripiri\"}]},{\"@type\":\"WebSite\",\"@id\":\"https:\/\/noticiaempauta.com\/portal\/#website\",\"url\":\"https:\/\/noticiaempauta.com\/portal\/\",\"name\":\"Portal Not\u00edcia em Pauta\",\"description\":\"Voc\u00ea bem informado\",\"publisher\":{\"@id\":\"https:\/\/noticiaempauta.com\/portal\/#organization\"},\"potentialAction\":[{\"@type\":\"SearchAction\",\"target\":{\"@type\":\"EntryPoint\",\"urlTemplate\":\"https:\/\/noticiaempauta.com\/portal\/?s={search_term_string}\"},\"query-input\":{\"@type\":\"PropertyValueSpecification\",\"valueRequired\":true,\"valueName\":\"search_term_string\"}}],\"inLanguage\":\"pt-BR\"},{\"@type\":\"Organization\",\"@id\":\"https:\/\/noticiaempauta.com\/portal\/#organization\",\"name\":\"Portal Not\u00edcia em Pauta\",\"url\":\"https:\/\/noticiaempauta.com\/portal\/\",\"logo\":{\"@type\":\"ImageObject\",\"inLanguage\":\"pt-BR\",\"@id\":\"https:\/\/noticiaempauta.com\/portal\/#\/schema\/logo\/image\/\",\"url\":\"https:\/\/noticiaempauta.com\/portal\/wp-content\/uploads\/2022\/08\/logomarca_tema.fw_.png\",\"contentUrl\":\"https:\/\/noticiaempauta.com\/portal\/wp-content\/uploads\/2022\/08\/logomarca_tema.fw_.png\",\"width\":400,\"height\":232,\"caption\":\"Portal Not\u00edcia em Pauta\"},\"image\":{\"@id\":\"https:\/\/noticiaempauta.com\/portal\/#\/schema\/logo\/image\/\"},\"sameAs\":[\"https:\/\/www.facebook.com\/Portal-Notcia-Em-Pauta-102292869264820\/\",\"https:\/\/www.instagram.com\/portalnoticiaempauta\/\"]},{\"@type\":\"Person\",\"@id\":\"https:\/\/noticiaempauta.com\/portal\/#\/schema\/person\/a74af43dd1ab3deca45f988c717d57ac\",\"name\":\"Reda\u00e7\u00e3o\",\"image\":{\"@type\":\"ImageObject\",\"inLanguage\":\"pt-BR\",\"@id\":\"https:\/\/noticiaempauta.com\/portal\/#\/schema\/person\/image\/\",\"url\":\"https:\/\/secure.gravatar.com\/avatar\/03179346ecce6cdfc13361603e8f54242a90e5cde8618fa23c5c00aa2b0aadf3?s=96&d=mm&r=g\",\"contentUrl\":\"https:\/\/secure.gravatar.com\/avatar\/03179346ecce6cdfc13361603e8f54242a90e5cde8618fa23c5c00aa2b0aadf3?s=96&d=mm&r=g\",\"caption\":\"Reda\u00e7\u00e3o\"},\"sameAs\":[\"https:\/\/noticiaempauta.com\/portal\/\"],\"url\":\"https:\/\/noticiaempauta.com\/portal\/author\/fernando\/\"}]}<\/script>\n<!-- \/ Yoast SEO Premium plugin. -->","yoast_head_json":{"title":"Beb\u00ea de 1 ano e 8 meses morre queimado em inc\u00eandio dentro de casa em Piripiri - Portal Not\u00edcia em Pauta","robots":{"index":"index","follow":"follow","max-snippet":"max-snippet:-1","max-image-preview":"max-image-preview:large","max-video-preview":"max-video-preview:-1"},"canonical":"https:\/\/noticiaempauta.com\/portal\/bebe-de-1-ano-e-8-meses-morre-queimado-em-incendio-dentro-de-casa-em-piripiri\/","og_locale":"pt_BR","og_type":"article","og_title":"Beb\u00ea de 1 ano e 8 meses morre queimado em inc\u00eandio dentro de casa em Piripiri","og_description":"Um beb\u00ea de 1 ano e 8 meses\u00a0morreu ap\u00f3s um inc\u00eadio que\u00a0propagou dentro de casa neste s\u00e1bado (07) na localidade Esperan\u00e7a Garcia, no\u00a0munic\u00edpio de Piripiri.\u00a0 De acordo com as primeiras informa\u00e7\u00f5es,\u00a0a crian\u00e7a estava sozinha no local quando as chamas come\u00e7aram.\u00a0As circunst\u00e2ncias que levaram ao in\u00edcio do inc\u00eandio e quem estava sob responsabilidade do menor ainda [&hellip;]","og_url":"https:\/\/noticiaempauta.com\/portal\/bebe-de-1-ano-e-8-meses-morre-queimado-em-incendio-dentro-de-casa-em-piripiri\/","og_site_name":"Portal Not\u00edcia em Pauta","article_publisher":"https:\/\/www.facebook.com\/Portal-Notcia-Em-Pauta-102292869264820\/","article_published_time":"2024-12-08T09:13:35+00:00","article_modified_time":"2024-12-08T09:13:36+00:00","og_image":[{"width":910,"height":738,"url":"https:\/\/noticiaempauta.com\/portal\/wp-content\/uploads\/2024\/12\/crianca-de-1-ano-e-8-meses-morre-queimada-em-incendio-dentro-de-casa-em-piripiri-d187c45c-4444-49ed-99c7-fc2ab7996d4b.jpg.webp","type":"image\/webp"}],"author":"Reda\u00e7\u00e3o","twitter_card":"summary_large_image","twitter_misc":{"Escrito por":"Reda\u00e7\u00e3o","Est. tempo de leitura":"2 minutos"},"schema":{"@context":"https:\/\/schema.org","@graph":[{"@type":"Article","@id":"https:\/\/noticiaempauta.com\/portal\/bebe-de-1-ano-e-8-meses-morre-queimado-em-incendio-dentro-de-casa-em-piripiri\/#article","isPartOf":{"@id":"https:\/\/noticiaempauta.com\/portal\/bebe-de-1-ano-e-8-meses-morre-queimado-em-incendio-dentro-de-casa-em-piripiri\/"},"author":{"name":"Reda\u00e7\u00e3o","@id":"https:\/\/noticiaempauta.com\/portal\/#\/schema\/person\/a74af43dd1ab3deca45f988c717d57ac"},"headline":"Beb\u00ea de 1 ano e 8 meses morre queimado em inc\u00eandio dentro de casa em Piripiri","datePublished":"2024-12-08T09:13:35+00:00","dateModified":"2024-12-08T09:13:36+00:00","mainEntityOfPage":{"@id":"https:\/\/noticiaempauta.com\/portal\/bebe-de-1-ano-e-8-meses-morre-queimado-em-incendio-dentro-de-casa-em-piripiri\/"},"wordCount":160,"commentCount":0,"publisher":{"@id":"https:\/\/noticiaempauta.com\/portal\/#organization"},"image":{"@id":"https:\/\/noticiaempauta.com\/portal\/bebe-de-1-ano-e-8-meses-morre-queimado-em-incendio-dentro-de-casa-em-piripiri\/#primaryimage"},"thumbnailUrl":"https:\/\/noticiaempauta.com\/portal\/wp-content\/uploads\/2024\/12\/crianca-de-1-ano-e-8-meses-morre-queimada-em-incendio-dentro-de-casa-em-piripiri-d187c45c-4444-49ed-99c7-fc2ab7996d4b.jpg.webp","keywords":["destaqueprincipal"],"articleSection":["Destaques","Geral","Pol\u00edcia","Todas as Not\u00edcias"],"inLanguage":"pt-BR","potentialAction":[{"@type":"CommentAction","name":"Comment","target":["https:\/\/noticiaempauta.com\/portal\/bebe-de-1-ano-e-8-meses-morre-queimado-em-incendio-dentro-de-casa-em-piripiri\/#respond"]}]},{"@type":"WebPage","@id":"https:\/\/noticiaempauta.com\/portal\/bebe-de-1-ano-e-8-meses-morre-queimado-em-incendio-dentro-de-casa-em-piripiri\/","url":"https:\/\/noticiaempauta.com\/portal\/bebe-de-1-ano-e-8-meses-morre-queimado-em-incendio-dentro-de-casa-em-piripiri\/","name":"Beb\u00ea de 1 ano e 8 meses morre queimado em inc\u00eandio dentro de casa em Piripiri - Portal Not\u00edcia em Pauta","isPartOf":{"@id":"https:\/\/noticiaempauta.com\/portal\/#website"},"primaryImageOfPage":{"@id":"https:\/\/noticiaempauta.com\/portal\/bebe-de-1-ano-e-8-meses-morre-queimado-em-incendio-dentro-de-casa-em-piripiri\/#primaryimage"},"image":{"@id":"https:\/\/noticiaempauta.com\/portal\/bebe-de-1-ano-e-8-meses-morre-queimado-em-incendio-dentro-de-casa-em-piripiri\/#primaryimage"},"thumbnailUrl":"https:\/\/noticiaempauta.com\/portal\/wp-content\/uploads\/2024\/12\/crianca-de-1-ano-e-8-meses-morre-queimada-em-incendio-dentro-de-casa-em-piripiri-d187c45c-4444-49ed-99c7-fc2ab7996d4b.jpg.webp","datePublished":"2024-12-08T09:13:35+00:00","dateModified":"2024-12-08T09:13:36+00:00","breadcrumb":{"@id":"https:\/\/noticiaempauta.com\/portal\/bebe-de-1-ano-e-8-meses-morre-queimado-em-incendio-dentro-de-casa-em-piripiri\/#breadcrumb"},"inLanguage":"pt-BR","potentialAction":[{"@type":"ReadAction","target":["https:\/\/noticiaempauta.com\/portal\/bebe-de-1-ano-e-8-meses-morre-queimado-em-incendio-dentro-de-casa-em-piripiri\/"]}]},{"@type":"ImageObject","inLanguage":"pt-BR","@id":"https:\/\/noticiaempauta.com\/portal\/bebe-de-1-ano-e-8-meses-morre-queimado-em-incendio-dentro-de-casa-em-piripiri\/#primaryimage","url":"https:\/\/noticiaempauta.com\/portal\/wp-content\/uploads\/2024\/12\/crianca-de-1-ano-e-8-meses-morre-queimada-em-incendio-dentro-de-casa-em-piripiri-d187c45c-4444-49ed-99c7-fc2ab7996d4b.jpg.webp","contentUrl":"https:\/\/noticiaempauta.com\/portal\/wp-content\/uploads\/2024\/12\/crianca-de-1-ano-e-8-meses-morre-queimada-em-incendio-dentro-de-casa-em-piripiri-d187c45c-4444-49ed-99c7-fc2ab7996d4b.jpg.webp","width":910,"height":738},{"@type":"BreadcrumbList","@id":"https:\/\/noticiaempauta.com\/portal\/bebe-de-1-ano-e-8-meses-morre-queimado-em-incendio-dentro-de-casa-em-piripiri\/#breadcrumb","itemListElement":[{"@type":"ListItem","position":1,"name":"P\u00e1gina Inicial","item":"https:\/\/noticiaempauta.com\/portal\/"},{"@type":"ListItem","position":2,"name":"Destaques","item":"https:\/\/noticiaempauta.com\/portal\/destaques-site\/"},{"@type":"ListItem","position":3,"name":"Beb\u00ea de 1 ano e 8 meses morre queimado em inc\u00eandio dentro de casa em Piripiri"}]},{"@type":"WebSite","@id":"https:\/\/noticiaempauta.com\/portal\/#website","url":"https:\/\/noticiaempauta.com\/portal\/","name":"Portal Not\u00edcia em Pauta","description":"Voc\u00ea bem informado","publisher":{"@id":"https:\/\/noticiaempauta.com\/portal\/#organization"},"potentialAction":[{"@type":"SearchAction","target":{"@type":"EntryPoint","urlTemplate":"https:\/\/noticiaempauta.com\/portal\/?s={search_term_string}"},"query-input":{"@type":"PropertyValueSpecification","valueRequired":true,"valueName":"search_term_string"}}],"inLanguage":"pt-BR"},{"@type":"Organization","@id":"https:\/\/noticiaempauta.com\/portal\/#organization","name":"Portal Not\u00edcia em Pauta","url":"https:\/\/noticiaempauta.com\/portal\/","logo":{"@type":"ImageObject","inLanguage":"pt-BR","@id":"https:\/\/noticiaempauta.com\/portal\/#\/schema\/logo\/image\/","url":"https:\/\/noticiaempauta.com\/portal\/wp-content\/uploads\/2022\/08\/logomarca_tema.fw_.png","contentUrl":"https:\/\/noticiaempauta.com\/portal\/wp-content\/uploads\/2022\/08\/logomarca_tema.fw_.png","width":400,"height":232,"caption":"Portal Not\u00edcia em Pauta"},"image":{"@id":"https:\/\/noticiaempauta.com\/portal\/#\/schema\/logo\/image\/"},"sameAs":["https:\/\/www.facebook.com\/Portal-Notcia-Em-Pauta-102292869264820\/","https:\/\/www.instagram.com\/portalnoticiaempauta\/"]},{"@type":"Person","@id":"https:\/\/noticiaempauta.com\/portal\/#\/schema\/person\/a74af43dd1ab3deca45f988c717d57ac","name":"Reda\u00e7\u00e3o","image":{"@type":"ImageObject","inLanguage":"pt-BR","@id":"https:\/\/noticiaempauta.com\/portal\/#\/schema\/person\/image\/","url":"https:\/\/secure.gravatar.com\/avatar\/03179346ecce6cdfc13361603e8f54242a90e5cde8618fa23c5c00aa2b0aadf3?s=96&d=mm&r=g","contentUrl":"https:\/\/secure.gravatar.com\/avatar\/03179346ecce6cdfc13361603e8f54242a90e5cde8618fa23c5c00aa2b0aadf3?s=96&d=mm&r=g","caption":"Reda\u00e7\u00e3o"},"sameAs":["https:\/\/noticiaempauta.com\/portal\/"],"url":"https:\/\/noticiaempauta.com\/portal\/author\/fernando\/"}]}},"_links":{"self":[{"href":"https:\/\/noticiaempauta.com\/portal\/wp-json\/wp\/v2\/posts\/264856","targetHints":{"allow":["GET"]}}],"collection":[{"href":"https:\/\/noticiaempauta.com\/portal\/wp-json\/wp\/v2\/posts"}],"about":[{"href":"https:\/\/noticiaempauta.com\/portal\/wp-json\/wp\/v2\/types\/post"}],"author":[{"embeddable":true,"href":"https:\/\/noticiaempauta.com\/portal\/wp-json\/wp\/v2\/users\/2"}],"replies":[{"embeddable":true,"href":"https:\/\/noticiaempauta.com\/portal\/wp-json\/wp\/v2\/comments?post=264856"}],"version-history":[{"count":2,"href":"https:\/\/noticiaempauta.com\/portal\/wp-json\/wp\/v2\/posts\/264856\/revisions"}],"predecessor-version":[{"id":264859,"href":"https:\/\/noticiaempauta.com\/portal\/wp-json\/wp\/v2\/posts\/264856\/revisions\/264859"}],"wp:featuredmedia":[{"embeddable":true,"href":"https:\/\/noticiaempauta.com\/portal\/wp-json\/wp\/v2\/media\/264857"}],"wp:attachment":[{"href":"https:\/\/noticiaempauta.com\/portal\/wp-json\/wp\/v2\/media?parent=264856"}],"wp:term":[{"taxonomy":"category","embeddable":true,"href":"https:\/\/noticiaempauta.com\/portal\/wp-json\/wp\/v2\/categories?post=264856"},{"taxonomy":"post_tag","embeddable":true,"href":"https:\/\/noticiaempauta.com\/portal\/wp-json\/wp\/v2\/tags?post=264856"}],"curies":[{"name":"wp","href":"https:\/\/api.w.org\/{rel}","templated":true}]}}