{"id":264861,"date":"2024-12-08T14:16:01","date_gmt":"2024-12-08T17:16:01","guid":{"rendered":"https:\/\/noticiaempauta.com\/portal\/?p=264861"},"modified":"2024-12-08T14:16:03","modified_gmt":"2024-12-08T17:16:03","slug":"foragido-da-penitenciaria-irmao-guido-e-recapturado-enquanto-bebia-cerveja-em-bar-em-teresina","status":"publish","type":"post","link":"https:\/\/noticiaempauta.com\/portal\/foragido-da-penitenciaria-irmao-guido-e-recapturado-enquanto-bebia-cerveja-em-bar-em-teresina\/","title":{"rendered":"Foragido da Penitenci\u00e1ria Irm\u00e3o Guido \u00e9 recapturado enquanto bebia cerveja em bar em Teresina"},"content":{"rendered":"\n<p>Vanildo Caio da Silva, conhecido como Bode, foi\u00a0recapturado pela For\u00e7a T\u00e1tica do 8\u00ba BPM\u00a0na noite de s\u00e1bado (07), enquanto bebia cerveja em um bar no bairro Deus Quer, zona Sudeste de Teresina. O foragido, que havia escapado da Penitenci\u00e1ria Irm\u00e3o Guido h\u00e1 cerca de um m\u00eas, tentou fugir ao avistar uma equipe policial, pulando um muro do bar, mas foi contido. Com ele, foi descoberto um rev\u00f3lver calibre 38 e muni\u00e7\u00f5es.<\/p>\n\n\n\n<figure class=\"wp-block-image size-full\"><img fetchpriority=\"high\" decoding=\"async\" width=\"900\" height=\"600\" src=\"https:\/\/noticiaempauta.com\/portal\/wp-content\/uploads\/2024\/12\/IMG_7118.webp\" alt=\"\" class=\"wp-image-264862\" srcset=\"https:\/\/noticiaempauta.com\/portal\/wp-content\/uploads\/2024\/12\/IMG_7118.webp 900w, https:\/\/noticiaempauta.com\/portal\/wp-content\/uploads\/2024\/12\/IMG_7118-300x200.webp 300w, https:\/\/noticiaempauta.com\/portal\/wp-content\/uploads\/2024\/12\/IMG_7118-768x512.webp 768w\" sizes=\"(max-width: 900px) 100vw, 900px\" \/><\/figure>\n\n\n\n<p>Vanildo foi condenado a uma pena de 25 anos por latroc\u00ednio, crime ocorrido em julho de 2022, que vitimou Gabriel Siqueira Alves Ribeiro, de 19 anos. Segundo o DHPP, o jovem foi atra\u00eddo para uma emboscada e encontrado morto em um matagal no bairro Deus Quer ap\u00f3s quatro dias desaparecido. Vanildo \u00e9 o nono recapturado dentre os 20 presos que fugiram da Penitenci\u00e1ria Irm\u00e3o Guido no \u00faltimo dia 11 de novembro.<\/p>\n\n\n\n<h2 class=\"wp-block-heading\">FUGA EM MASSA<\/h2>\n\n\n\n<p>De acordo com a Secretaria de Justi\u00e7a (Sejus), os detentos tiveram &#8220;janelas de aera\u00e7\u00e3o&#8221; da penitenci\u00e1ria para realizar a fuga. A Sejus informou que um procedimento de sindic\u00e2ncia foi aberto para apurar falhas de seguran\u00e7a e que solicitou \u00e0 Secretaria de Seguran\u00e7a a abertura de um inqu\u00e9rito policial.\u00a0A fuga em massa envolveu 20 detentos, muitos deles suspeitos de integrar uma fac\u00e7\u00e3o criminosa.<\/p>\n\n\n\n<p>As reformas e amplia\u00e7\u00f5es recentes na Penitenci\u00e1ria Irm\u00e3o Guido inclu\u00edram melhorias nos pavilh\u00f5es A, B e C e a cria\u00e7\u00e3o de 286 vagas novas. A Sejus afirma que todos os seis pavilh\u00f5es passaram por obras de refor\u00e7o na estrutura. Mesmo assim, a fuga em novembro evidenciou vulnerabilidades no sistema prisional, que agora est\u00e1 sob investiga\u00e7\u00e3o das autoridades de seguran\u00e7a p\u00fablica do estado.<\/p>\n\n\n\n<p>Fonte: Meio News<br><br><br><\/p>\n","protected":false},"excerpt":{"rendered":"<p>Vanildo Caio da Silva, conhecido como Bode, foi\u00a0recapturado pela For\u00e7a T\u00e1tica do 8\u00ba BPM\u00a0na noite de s\u00e1bado (07), enquanto bebia cerveja em um bar no bairro Deus Quer, zona Sudeste de Teresina. O foragido, que havia escapado da Penitenci\u00e1ria Irm\u00e3o Guido h\u00e1 cerca de um m\u00eas, tentou fugir ao avistar uma equipe policial, pulando um [&hellip;]<\/p>\n","protected":false},"author":2,"featured_media":264862,"comment_status":"open","ping_status":"open","sticky":false,"template":"","format":"standard","meta":{"_mi_skip_tracking":false,"footnotes":""},"categories":[25,1,16],"tags":[],"class_list":["post-264861","post","type-post","status-publish","format-standard","has-post-thumbnail","hentry","category-destaques-site","category-geral","category-todas"],"acf":[],"yoast_head":"<!-- This site is optimized with the Yoast SEO Premium plugin v19.2 (Yoast SEO v26.9) - https:\/\/yoast.com\/product\/yoast-seo-premium-wordpress\/ -->\n<title>Foragido da Penitenci\u00e1ria Irm\u00e3o Guido \u00e9 recapturado enquanto bebia cerveja em bar em Teresina - Portal Not\u00edcia em Pauta<\/title>\n<meta name=\"robots\" content=\"index, follow, max-snippet:-1, max-image-preview:large, max-video-preview:-1\" \/>\n<link rel=\"canonical\" href=\"https:\/\/noticiaempauta.com\/portal\/foragido-da-penitenciaria-irmao-guido-e-recapturado-enquanto-bebia-cerveja-em-bar-em-teresina\/\" \/>\n<meta property=\"og:locale\" content=\"pt_BR\" \/>\n<meta property=\"og:type\" content=\"article\" \/>\n<meta property=\"og:title\" content=\"Foragido da Penitenci\u00e1ria Irm\u00e3o Guido \u00e9 recapturado enquanto bebia cerveja em bar em Teresina\" \/>\n<meta property=\"og:description\" content=\"Vanildo Caio da Silva, conhecido como Bode, foi\u00a0recapturado pela For\u00e7a T\u00e1tica do 8\u00ba BPM\u00a0na noite de s\u00e1bado (07), enquanto bebia cerveja em um bar no bairro Deus Quer, zona Sudeste de Teresina. O foragido, que havia escapado da Penitenci\u00e1ria Irm\u00e3o Guido h\u00e1 cerca de um m\u00eas, tentou fugir ao avistar uma equipe policial, pulando um [&hellip;]\" \/>\n<meta property=\"og:url\" content=\"https:\/\/noticiaempauta.com\/portal\/foragido-da-penitenciaria-irmao-guido-e-recapturado-enquanto-bebia-cerveja-em-bar-em-teresina\/\" \/>\n<meta property=\"og:site_name\" content=\"Portal Not\u00edcia em Pauta\" \/>\n<meta property=\"article:publisher\" content=\"https:\/\/www.facebook.com\/Portal-Notcia-Em-Pauta-102292869264820\/\" \/>\n<meta property=\"article:published_time\" content=\"2024-12-08T17:16:01+00:00\" \/>\n<meta property=\"article:modified_time\" content=\"2024-12-08T17:16:03+00:00\" \/>\n<meta property=\"og:image\" content=\"https:\/\/noticiaempauta.com\/portal\/wp-content\/uploads\/2024\/12\/IMG_7118.webp\" \/>\n\t<meta property=\"og:image:width\" content=\"900\" \/>\n\t<meta property=\"og:image:height\" content=\"600\" \/>\n\t<meta property=\"og:image:type\" content=\"image\/webp\" \/>\n<meta name=\"author\" content=\"Reda\u00e7\u00e3o\" \/>\n<meta name=\"twitter:card\" content=\"summary_large_image\" \/>\n<meta name=\"twitter:label1\" content=\"Escrito por\" \/>\n\t<meta name=\"twitter:data1\" content=\"Reda\u00e7\u00e3o\" \/>\n\t<meta name=\"twitter:label2\" content=\"Est. tempo de leitura\" \/>\n\t<meta name=\"twitter:data2\" content=\"2 minutos\" \/>\n<script type=\"application\/ld+json\" class=\"yoast-schema-graph\">{\"@context\":\"https:\/\/schema.org\",\"@graph\":[{\"@type\":\"Article\",\"@id\":\"https:\/\/noticiaempauta.com\/portal\/foragido-da-penitenciaria-irmao-guido-e-recapturado-enquanto-bebia-cerveja-em-bar-em-teresina\/#article\",\"isPartOf\":{\"@id\":\"https:\/\/noticiaempauta.com\/portal\/foragido-da-penitenciaria-irmao-guido-e-recapturado-enquanto-bebia-cerveja-em-bar-em-teresina\/\"},\"author\":{\"name\":\"Reda\u00e7\u00e3o\",\"@id\":\"https:\/\/noticiaempauta.com\/portal\/#\/schema\/person\/a74af43dd1ab3deca45f988c717d57ac\"},\"headline\":\"Foragido da Penitenci\u00e1ria Irm\u00e3o Guido \u00e9 recapturado enquanto bebia cerveja em bar em Teresina\",\"datePublished\":\"2024-12-08T17:16:01+00:00\",\"dateModified\":\"2024-12-08T17:16:03+00:00\",\"mainEntityOfPage\":{\"@id\":\"https:\/\/noticiaempauta.com\/portal\/foragido-da-penitenciaria-irmao-guido-e-recapturado-enquanto-bebia-cerveja-em-bar-em-teresina\/\"},\"wordCount\":310,\"commentCount\":0,\"publisher\":{\"@id\":\"https:\/\/noticiaempauta.com\/portal\/#organization\"},\"image\":{\"@id\":\"https:\/\/noticiaempauta.com\/portal\/foragido-da-penitenciaria-irmao-guido-e-recapturado-enquanto-bebia-cerveja-em-bar-em-teresina\/#primaryimage\"},\"thumbnailUrl\":\"https:\/\/noticiaempauta.com\/portal\/wp-content\/uploads\/2024\/12\/IMG_7118.webp\",\"articleSection\":[\"Destaques\",\"Geral\",\"Todas as Not\u00edcias\"],\"inLanguage\":\"pt-BR\",\"potentialAction\":[{\"@type\":\"CommentAction\",\"name\":\"Comment\",\"target\":[\"https:\/\/noticiaempauta.com\/portal\/foragido-da-penitenciaria-irmao-guido-e-recapturado-enquanto-bebia-cerveja-em-bar-em-teresina\/#respond\"]}]},{\"@type\":\"WebPage\",\"@id\":\"https:\/\/noticiaempauta.com\/portal\/foragido-da-penitenciaria-irmao-guido-e-recapturado-enquanto-bebia-cerveja-em-bar-em-teresina\/\",\"url\":\"https:\/\/noticiaempauta.com\/portal\/foragido-da-penitenciaria-irmao-guido-e-recapturado-enquanto-bebia-cerveja-em-bar-em-teresina\/\",\"name\":\"Foragido da Penitenci\u00e1ria Irm\u00e3o Guido \u00e9 recapturado enquanto bebia cerveja em bar em Teresina - Portal Not\u00edcia em Pauta\",\"isPartOf\":{\"@id\":\"https:\/\/noticiaempauta.com\/portal\/#website\"},\"primaryImageOfPage\":{\"@id\":\"https:\/\/noticiaempauta.com\/portal\/foragido-da-penitenciaria-irmao-guido-e-recapturado-enquanto-bebia-cerveja-em-bar-em-teresina\/#primaryimage\"},\"image\":{\"@id\":\"https:\/\/noticiaempauta.com\/portal\/foragido-da-penitenciaria-irmao-guido-e-recapturado-enquanto-bebia-cerveja-em-bar-em-teresina\/#primaryimage\"},\"thumbnailUrl\":\"https:\/\/noticiaempauta.com\/portal\/wp-content\/uploads\/2024\/12\/IMG_7118.webp\",\"datePublished\":\"2024-12-08T17:16:01+00:00\",\"dateModified\":\"2024-12-08T17:16:03+00:00\",\"breadcrumb\":{\"@id\":\"https:\/\/noticiaempauta.com\/portal\/foragido-da-penitenciaria-irmao-guido-e-recapturado-enquanto-bebia-cerveja-em-bar-em-teresina\/#breadcrumb\"},\"inLanguage\":\"pt-BR\",\"potentialAction\":[{\"@type\":\"ReadAction\",\"target\":[\"https:\/\/noticiaempauta.com\/portal\/foragido-da-penitenciaria-irmao-guido-e-recapturado-enquanto-bebia-cerveja-em-bar-em-teresina\/\"]}]},{\"@type\":\"ImageObject\",\"inLanguage\":\"pt-BR\",\"@id\":\"https:\/\/noticiaempauta.com\/portal\/foragido-da-penitenciaria-irmao-guido-e-recapturado-enquanto-bebia-cerveja-em-bar-em-teresina\/#primaryimage\",\"url\":\"https:\/\/noticiaempauta.com\/portal\/wp-content\/uploads\/2024\/12\/IMG_7118.webp\",\"contentUrl\":\"https:\/\/noticiaempauta.com\/portal\/wp-content\/uploads\/2024\/12\/IMG_7118.webp\",\"width\":900,\"height\":600},{\"@type\":\"BreadcrumbList\",\"@id\":\"https:\/\/noticiaempauta.com\/portal\/foragido-da-penitenciaria-irmao-guido-e-recapturado-enquanto-bebia-cerveja-em-bar-em-teresina\/#breadcrumb\",\"itemListElement\":[{\"@type\":\"ListItem\",\"position\":1,\"name\":\"P\u00e1gina Inicial\",\"item\":\"https:\/\/noticiaempauta.com\/portal\/\"},{\"@type\":\"ListItem\",\"position\":2,\"name\":\"Destaques\",\"item\":\"https:\/\/noticiaempauta.com\/portal\/destaques-site\/\"},{\"@type\":\"ListItem\",\"position\":3,\"name\":\"Foragido da Penitenci\u00e1ria Irm\u00e3o Guido \u00e9 recapturado enquanto bebia cerveja em bar em Teresina\"}]},{\"@type\":\"WebSite\",\"@id\":\"https:\/\/noticiaempauta.com\/portal\/#website\",\"url\":\"https:\/\/noticiaempauta.com\/portal\/\",\"name\":\"Portal Not\u00edcia em Pauta\",\"description\":\"Voc\u00ea bem informado\",\"publisher\":{\"@id\":\"https:\/\/noticiaempauta.com\/portal\/#organization\"},\"potentialAction\":[{\"@type\":\"SearchAction\",\"target\":{\"@type\":\"EntryPoint\",\"urlTemplate\":\"https:\/\/noticiaempauta.com\/portal\/?s={search_term_string}\"},\"query-input\":{\"@type\":\"PropertyValueSpecification\",\"valueRequired\":true,\"valueName\":\"search_term_string\"}}],\"inLanguage\":\"pt-BR\"},{\"@type\":\"Organization\",\"@id\":\"https:\/\/noticiaempauta.com\/portal\/#organization\",\"name\":\"Portal Not\u00edcia em Pauta\",\"url\":\"https:\/\/noticiaempauta.com\/portal\/\",\"logo\":{\"@type\":\"ImageObject\",\"inLanguage\":\"pt-BR\",\"@id\":\"https:\/\/noticiaempauta.com\/portal\/#\/schema\/logo\/image\/\",\"url\":\"https:\/\/noticiaempauta.com\/portal\/wp-content\/uploads\/2022\/08\/logomarca_tema.fw_.png\",\"contentUrl\":\"https:\/\/noticiaempauta.com\/portal\/wp-content\/uploads\/2022\/08\/logomarca_tema.fw_.png\",\"width\":400,\"height\":232,\"caption\":\"Portal Not\u00edcia em Pauta\"},\"image\":{\"@id\":\"https:\/\/noticiaempauta.com\/portal\/#\/schema\/logo\/image\/\"},\"sameAs\":[\"https:\/\/www.facebook.com\/Portal-Notcia-Em-Pauta-102292869264820\/\",\"https:\/\/www.instagram.com\/portalnoticiaempauta\/\"]},{\"@type\":\"Person\",\"@id\":\"https:\/\/noticiaempauta.com\/portal\/#\/schema\/person\/a74af43dd1ab3deca45f988c717d57ac\",\"name\":\"Reda\u00e7\u00e3o\",\"image\":{\"@type\":\"ImageObject\",\"inLanguage\":\"pt-BR\",\"@id\":\"https:\/\/noticiaempauta.com\/portal\/#\/schema\/person\/image\/\",\"url\":\"https:\/\/secure.gravatar.com\/avatar\/03179346ecce6cdfc13361603e8f54242a90e5cde8618fa23c5c00aa2b0aadf3?s=96&d=mm&r=g\",\"contentUrl\":\"https:\/\/secure.gravatar.com\/avatar\/03179346ecce6cdfc13361603e8f54242a90e5cde8618fa23c5c00aa2b0aadf3?s=96&d=mm&r=g\",\"caption\":\"Reda\u00e7\u00e3o\"},\"sameAs\":[\"https:\/\/noticiaempauta.com\/portal\/\"],\"url\":\"https:\/\/noticiaempauta.com\/portal\/author\/fernando\/\"}]}<\/script>\n<!-- \/ Yoast SEO Premium plugin. -->","yoast_head_json":{"title":"Foragido da Penitenci\u00e1ria Irm\u00e3o Guido \u00e9 recapturado enquanto bebia cerveja em bar em Teresina - Portal Not\u00edcia em Pauta","robots":{"index":"index","follow":"follow","max-snippet":"max-snippet:-1","max-image-preview":"max-image-preview:large","max-video-preview":"max-video-preview:-1"},"canonical":"https:\/\/noticiaempauta.com\/portal\/foragido-da-penitenciaria-irmao-guido-e-recapturado-enquanto-bebia-cerveja-em-bar-em-teresina\/","og_locale":"pt_BR","og_type":"article","og_title":"Foragido da Penitenci\u00e1ria Irm\u00e3o Guido \u00e9 recapturado enquanto bebia cerveja em bar em Teresina","og_description":"Vanildo Caio da Silva, conhecido como Bode, foi\u00a0recapturado pela For\u00e7a T\u00e1tica do 8\u00ba BPM\u00a0na noite de s\u00e1bado (07), enquanto bebia cerveja em um bar no bairro Deus Quer, zona Sudeste de Teresina. O foragido, que havia escapado da Penitenci\u00e1ria Irm\u00e3o Guido h\u00e1 cerca de um m\u00eas, tentou fugir ao avistar uma equipe policial, pulando um [&hellip;]","og_url":"https:\/\/noticiaempauta.com\/portal\/foragido-da-penitenciaria-irmao-guido-e-recapturado-enquanto-bebia-cerveja-em-bar-em-teresina\/","og_site_name":"Portal Not\u00edcia em Pauta","article_publisher":"https:\/\/www.facebook.com\/Portal-Notcia-Em-Pauta-102292869264820\/","article_published_time":"2024-12-08T17:16:01+00:00","article_modified_time":"2024-12-08T17:16:03+00:00","og_image":[{"width":900,"height":600,"url":"https:\/\/noticiaempauta.com\/portal\/wp-content\/uploads\/2024\/12\/IMG_7118.webp","type":"image\/webp"}],"author":"Reda\u00e7\u00e3o","twitter_card":"summary_large_image","twitter_misc":{"Escrito por":"Reda\u00e7\u00e3o","Est. tempo de leitura":"2 minutos"},"schema":{"@context":"https:\/\/schema.org","@graph":[{"@type":"Article","@id":"https:\/\/noticiaempauta.com\/portal\/foragido-da-penitenciaria-irmao-guido-e-recapturado-enquanto-bebia-cerveja-em-bar-em-teresina\/#article","isPartOf":{"@id":"https:\/\/noticiaempauta.com\/portal\/foragido-da-penitenciaria-irmao-guido-e-recapturado-enquanto-bebia-cerveja-em-bar-em-teresina\/"},"author":{"name":"Reda\u00e7\u00e3o","@id":"https:\/\/noticiaempauta.com\/portal\/#\/schema\/person\/a74af43dd1ab3deca45f988c717d57ac"},"headline":"Foragido da Penitenci\u00e1ria Irm\u00e3o Guido \u00e9 recapturado enquanto bebia cerveja em bar em Teresina","datePublished":"2024-12-08T17:16:01+00:00","dateModified":"2024-12-08T17:16:03+00:00","mainEntityOfPage":{"@id":"https:\/\/noticiaempauta.com\/portal\/foragido-da-penitenciaria-irmao-guido-e-recapturado-enquanto-bebia-cerveja-em-bar-em-teresina\/"},"wordCount":310,"commentCount":0,"publisher":{"@id":"https:\/\/noticiaempauta.com\/portal\/#organization"},"image":{"@id":"https:\/\/noticiaempauta.com\/portal\/foragido-da-penitenciaria-irmao-guido-e-recapturado-enquanto-bebia-cerveja-em-bar-em-teresina\/#primaryimage"},"thumbnailUrl":"https:\/\/noticiaempauta.com\/portal\/wp-content\/uploads\/2024\/12\/IMG_7118.webp","articleSection":["Destaques","Geral","Todas as Not\u00edcias"],"inLanguage":"pt-BR","potentialAction":[{"@type":"CommentAction","name":"Comment","target":["https:\/\/noticiaempauta.com\/portal\/foragido-da-penitenciaria-irmao-guido-e-recapturado-enquanto-bebia-cerveja-em-bar-em-teresina\/#respond"]}]},{"@type":"WebPage","@id":"https:\/\/noticiaempauta.com\/portal\/foragido-da-penitenciaria-irmao-guido-e-recapturado-enquanto-bebia-cerveja-em-bar-em-teresina\/","url":"https:\/\/noticiaempauta.com\/portal\/foragido-da-penitenciaria-irmao-guido-e-recapturado-enquanto-bebia-cerveja-em-bar-em-teresina\/","name":"Foragido da Penitenci\u00e1ria Irm\u00e3o Guido \u00e9 recapturado enquanto bebia cerveja em bar em Teresina - Portal Not\u00edcia em Pauta","isPartOf":{"@id":"https:\/\/noticiaempauta.com\/portal\/#website"},"primaryImageOfPage":{"@id":"https:\/\/noticiaempauta.com\/portal\/foragido-da-penitenciaria-irmao-guido-e-recapturado-enquanto-bebia-cerveja-em-bar-em-teresina\/#primaryimage"},"image":{"@id":"https:\/\/noticiaempauta.com\/portal\/foragido-da-penitenciaria-irmao-guido-e-recapturado-enquanto-bebia-cerveja-em-bar-em-teresina\/#primaryimage"},"thumbnailUrl":"https:\/\/noticiaempauta.com\/portal\/wp-content\/uploads\/2024\/12\/IMG_7118.webp","datePublished":"2024-12-08T17:16:01+00:00","dateModified":"2024-12-08T17:16:03+00:00","breadcrumb":{"@id":"https:\/\/noticiaempauta.com\/portal\/foragido-da-penitenciaria-irmao-guido-e-recapturado-enquanto-bebia-cerveja-em-bar-em-teresina\/#breadcrumb"},"inLanguage":"pt-BR","potentialAction":[{"@type":"ReadAction","target":["https:\/\/noticiaempauta.com\/portal\/foragido-da-penitenciaria-irmao-guido-e-recapturado-enquanto-bebia-cerveja-em-bar-em-teresina\/"]}]},{"@type":"ImageObject","inLanguage":"pt-BR","@id":"https:\/\/noticiaempauta.com\/portal\/foragido-da-penitenciaria-irmao-guido-e-recapturado-enquanto-bebia-cerveja-em-bar-em-teresina\/#primaryimage","url":"https:\/\/noticiaempauta.com\/portal\/wp-content\/uploads\/2024\/12\/IMG_7118.webp","contentUrl":"https:\/\/noticiaempauta.com\/portal\/wp-content\/uploads\/2024\/12\/IMG_7118.webp","width":900,"height":600},{"@type":"BreadcrumbList","@id":"https:\/\/noticiaempauta.com\/portal\/foragido-da-penitenciaria-irmao-guido-e-recapturado-enquanto-bebia-cerveja-em-bar-em-teresina\/#breadcrumb","itemListElement":[{"@type":"ListItem","position":1,"name":"P\u00e1gina Inicial","item":"https:\/\/noticiaempauta.com\/portal\/"},{"@type":"ListItem","position":2,"name":"Destaques","item":"https:\/\/noticiaempauta.com\/portal\/destaques-site\/"},{"@type":"ListItem","position":3,"name":"Foragido da Penitenci\u00e1ria Irm\u00e3o Guido \u00e9 recapturado enquanto bebia cerveja em bar em Teresina"}]},{"@type":"WebSite","@id":"https:\/\/noticiaempauta.com\/portal\/#website","url":"https:\/\/noticiaempauta.com\/portal\/","name":"Portal Not\u00edcia em Pauta","description":"Voc\u00ea bem informado","publisher":{"@id":"https:\/\/noticiaempauta.com\/portal\/#organization"},"potentialAction":[{"@type":"SearchAction","target":{"@type":"EntryPoint","urlTemplate":"https:\/\/noticiaempauta.com\/portal\/?s={search_term_string}"},"query-input":{"@type":"PropertyValueSpecification","valueRequired":true,"valueName":"search_term_string"}}],"inLanguage":"pt-BR"},{"@type":"Organization","@id":"https:\/\/noticiaempauta.com\/portal\/#organization","name":"Portal Not\u00edcia em Pauta","url":"https:\/\/noticiaempauta.com\/portal\/","logo":{"@type":"ImageObject","inLanguage":"pt-BR","@id":"https:\/\/noticiaempauta.com\/portal\/#\/schema\/logo\/image\/","url":"https:\/\/noticiaempauta.com\/portal\/wp-content\/uploads\/2022\/08\/logomarca_tema.fw_.png","contentUrl":"https:\/\/noticiaempauta.com\/portal\/wp-content\/uploads\/2022\/08\/logomarca_tema.fw_.png","width":400,"height":232,"caption":"Portal Not\u00edcia em Pauta"},"image":{"@id":"https:\/\/noticiaempauta.com\/portal\/#\/schema\/logo\/image\/"},"sameAs":["https:\/\/www.facebook.com\/Portal-Notcia-Em-Pauta-102292869264820\/","https:\/\/www.instagram.com\/portalnoticiaempauta\/"]},{"@type":"Person","@id":"https:\/\/noticiaempauta.com\/portal\/#\/schema\/person\/a74af43dd1ab3deca45f988c717d57ac","name":"Reda\u00e7\u00e3o","image":{"@type":"ImageObject","inLanguage":"pt-BR","@id":"https:\/\/noticiaempauta.com\/portal\/#\/schema\/person\/image\/","url":"https:\/\/secure.gravatar.com\/avatar\/03179346ecce6cdfc13361603e8f54242a90e5cde8618fa23c5c00aa2b0aadf3?s=96&d=mm&r=g","contentUrl":"https:\/\/secure.gravatar.com\/avatar\/03179346ecce6cdfc13361603e8f54242a90e5cde8618fa23c5c00aa2b0aadf3?s=96&d=mm&r=g","caption":"Reda\u00e7\u00e3o"},"sameAs":["https:\/\/noticiaempauta.com\/portal\/"],"url":"https:\/\/noticiaempauta.com\/portal\/author\/fernando\/"}]}},"_links":{"self":[{"href":"https:\/\/noticiaempauta.com\/portal\/wp-json\/wp\/v2\/posts\/264861","targetHints":{"allow":["GET"]}}],"collection":[{"href":"https:\/\/noticiaempauta.com\/portal\/wp-json\/wp\/v2\/posts"}],"about":[{"href":"https:\/\/noticiaempauta.com\/portal\/wp-json\/wp\/v2\/types\/post"}],"author":[{"embeddable":true,"href":"https:\/\/noticiaempauta.com\/portal\/wp-json\/wp\/v2\/users\/2"}],"replies":[{"embeddable":true,"href":"https:\/\/noticiaempauta.com\/portal\/wp-json\/wp\/v2\/comments?post=264861"}],"version-history":[{"count":1,"href":"https:\/\/noticiaempauta.com\/portal\/wp-json\/wp\/v2\/posts\/264861\/revisions"}],"predecessor-version":[{"id":264863,"href":"https:\/\/noticiaempauta.com\/portal\/wp-json\/wp\/v2\/posts\/264861\/revisions\/264863"}],"wp:featuredmedia":[{"embeddable":true,"href":"https:\/\/noticiaempauta.com\/portal\/wp-json\/wp\/v2\/media\/264862"}],"wp:attachment":[{"href":"https:\/\/noticiaempauta.com\/portal\/wp-json\/wp\/v2\/media?parent=264861"}],"wp:term":[{"taxonomy":"category","embeddable":true,"href":"https:\/\/noticiaempauta.com\/portal\/wp-json\/wp\/v2\/categories?post=264861"},{"taxonomy":"post_tag","embeddable":true,"href":"https:\/\/noticiaempauta.com\/portal\/wp-json\/wp\/v2\/tags?post=264861"}],"curies":[{"name":"wp","href":"https:\/\/api.w.org\/{rel}","templated":true}]}}