{"id":264875,"date":"2024-12-09T08:44:20","date_gmt":"2024-12-09T11:44:20","guid":{"rendered":"https:\/\/noticiaempauta.com\/portal\/?p=264875"},"modified":"2024-12-09T08:44:21","modified_gmt":"2024-12-09T11:44:21","slug":"sargento-da-pm-e-baleado-em-troca-de-tiros-com-criminosos-na-zona-sudeste-de-teresina","status":"publish","type":"post","link":"https:\/\/noticiaempauta.com\/portal\/sargento-da-pm-e-baleado-em-troca-de-tiros-com-criminosos-na-zona-sudeste-de-teresina\/","title":{"rendered":"Sargento da PM \u00e9 baleado em troca de tiros com criminosos na zona Sudeste de Teresina"},"content":{"rendered":"\n<p>Na madrugada desta segunda-feira (09), um sargento da Pol\u00edcia Militar, identificado como J. Oliveira, foi baleado durante uma troca de tiros com criminosos no bairro Alto da Ressurrei\u00e7\u00e3o, zona Sudeste de Teresina. O confronto ocorreu ap\u00f3s o policial ser abordado por um grupo armado, por dois suspeitos em uma motocicleta e outros quatro em um carro roubado.<\/p>\n\n\n\n<figure class=\"wp-block-image size-full\"><img fetchpriority=\"high\" decoding=\"async\" width=\"488\" height=\"335\" src=\"https:\/\/noticiaempauta.com\/portal\/wp-content\/uploads\/2024\/12\/whatsapp-image-2024-12-09-at-08_23e334d662e936ec1aa7f66b67f5202687c8e296.jpeg\" alt=\"\" class=\"wp-image-264876\" srcset=\"https:\/\/noticiaempauta.com\/portal\/wp-content\/uploads\/2024\/12\/whatsapp-image-2024-12-09-at-08_23e334d662e936ec1aa7f66b67f5202687c8e296.jpeg 488w, https:\/\/noticiaempauta.com\/portal\/wp-content\/uploads\/2024\/12\/whatsapp-image-2024-12-09-at-08_23e334d662e936ec1aa7f66b67f5202687c8e296-300x206.jpeg 300w\" sizes=\"(max-width: 488px) 100vw, 488px\" \/><figcaption class=\"wp-element-caption\">(Foto: Reprodu\u00e7\u00e3o)<\/figcaption><\/figure>\n\n\n\n<p>De acordo com informa\u00e7\u00f5es do 8\u00ba Batalh\u00e3o da Pol\u00edcia Militar (BPM), os criminosos tentaram roubar a arma do sargento, que reagiu \u00e0 tentativa de assalto. Durante o confronto, o policial foi atingido por disparos no t\u00f3rax e no ombro direito. Um dos suspeitos, que pilotava a motocicleta, tamb\u00e9m foi baleado e morreu no local.<\/p>\n\n\n\n<p>C\u00e2meras de seguran\u00e7a da regi\u00e3o registraram a a\u00e7\u00e3o criminosa. \u00a0O sargento foi socorrido e transferido para o Hospital de Urg\u00eancia de Teresina (HUT). Segundo a PM, o estado de sa\u00fade dele \u00e9 considerado est\u00e1vel. O corpo do suspeito morto foi removido pelo Instituto M\u00e9dico Legal (IML), e equipes da per\u00edcia criminal estiveram no local. O caso ser\u00e1 investigado pela Pol\u00edcia Civil.<\/p>\n\n\n\n<p>Band Piau\u00ed<\/p>\n","protected":false},"excerpt":{"rendered":"<p>Na madrugada desta segunda-feira (09), um sargento da Pol\u00edcia Militar, identificado como J. Oliveira, foi baleado durante uma troca de tiros com criminosos no bairro Alto da Ressurrei\u00e7\u00e3o, zona Sudeste de Teresina. O confronto ocorreu ap\u00f3s o policial ser abordado por um grupo armado, por dois suspeitos em uma motocicleta e outros quatro em um [&hellip;]<\/p>\n","protected":false},"author":2,"featured_media":264876,"comment_status":"open","ping_status":"open","sticky":false,"template":"","format":"standard","meta":{"_mi_skip_tracking":false,"footnotes":""},"categories":[25,1,137,16],"tags":[192],"class_list":["post-264875","post","type-post","status-publish","format-standard","has-post-thumbnail","hentry","category-destaques-site","category-geral","category-policia","category-todas","tag-destaqueprincipal"],"acf":[],"yoast_head":"<!-- This site is optimized with the Yoast SEO Premium plugin v19.2 (Yoast SEO v26.9) - https:\/\/yoast.com\/product\/yoast-seo-premium-wordpress\/ -->\n<title>Sargento da PM \u00e9 baleado em troca de tiros com criminosos na zona Sudeste de Teresina - Portal Not\u00edcia em Pauta<\/title>\n<meta name=\"robots\" content=\"index, follow, max-snippet:-1, max-image-preview:large, max-video-preview:-1\" \/>\n<link rel=\"canonical\" href=\"https:\/\/noticiaempauta.com\/portal\/sargento-da-pm-e-baleado-em-troca-de-tiros-com-criminosos-na-zona-sudeste-de-teresina\/\" \/>\n<meta property=\"og:locale\" content=\"pt_BR\" \/>\n<meta property=\"og:type\" content=\"article\" \/>\n<meta property=\"og:title\" content=\"Sargento da PM \u00e9 baleado em troca de tiros com criminosos na zona Sudeste de Teresina\" \/>\n<meta property=\"og:description\" content=\"Na madrugada desta segunda-feira (09), um sargento da Pol\u00edcia Militar, identificado como J. Oliveira, foi baleado durante uma troca de tiros com criminosos no bairro Alto da Ressurrei\u00e7\u00e3o, zona Sudeste de Teresina. O confronto ocorreu ap\u00f3s o policial ser abordado por um grupo armado, por dois suspeitos em uma motocicleta e outros quatro em um [&hellip;]\" \/>\n<meta property=\"og:url\" content=\"https:\/\/noticiaempauta.com\/portal\/sargento-da-pm-e-baleado-em-troca-de-tiros-com-criminosos-na-zona-sudeste-de-teresina\/\" \/>\n<meta property=\"og:site_name\" content=\"Portal Not\u00edcia em Pauta\" \/>\n<meta property=\"article:publisher\" content=\"https:\/\/www.facebook.com\/Portal-Notcia-Em-Pauta-102292869264820\/\" \/>\n<meta property=\"article:published_time\" content=\"2024-12-09T11:44:20+00:00\" \/>\n<meta property=\"article:modified_time\" content=\"2024-12-09T11:44:21+00:00\" \/>\n<meta property=\"og:image\" content=\"https:\/\/noticiaempauta.com\/portal\/wp-content\/uploads\/2024\/12\/whatsapp-image-2024-12-09-at-08_23e334d662e936ec1aa7f66b67f5202687c8e296.jpeg\" \/>\n\t<meta property=\"og:image:width\" content=\"488\" \/>\n\t<meta property=\"og:image:height\" content=\"335\" \/>\n\t<meta property=\"og:image:type\" content=\"image\/jpeg\" \/>\n<meta name=\"author\" content=\"Reda\u00e7\u00e3o\" \/>\n<meta name=\"twitter:card\" content=\"summary_large_image\" \/>\n<meta name=\"twitter:label1\" content=\"Escrito por\" \/>\n\t<meta name=\"twitter:data1\" content=\"Reda\u00e7\u00e3o\" \/>\n\t<meta name=\"twitter:label2\" content=\"Est. tempo de leitura\" \/>\n\t<meta name=\"twitter:data2\" content=\"2 minutos\" \/>\n<script type=\"application\/ld+json\" class=\"yoast-schema-graph\">{\"@context\":\"https:\/\/schema.org\",\"@graph\":[{\"@type\":\"Article\",\"@id\":\"https:\/\/noticiaempauta.com\/portal\/sargento-da-pm-e-baleado-em-troca-de-tiros-com-criminosos-na-zona-sudeste-de-teresina\/#article\",\"isPartOf\":{\"@id\":\"https:\/\/noticiaempauta.com\/portal\/sargento-da-pm-e-baleado-em-troca-de-tiros-com-criminosos-na-zona-sudeste-de-teresina\/\"},\"author\":{\"name\":\"Reda\u00e7\u00e3o\",\"@id\":\"https:\/\/noticiaempauta.com\/portal\/#\/schema\/person\/a74af43dd1ab3deca45f988c717d57ac\"},\"headline\":\"Sargento da PM \u00e9 baleado em troca de tiros com criminosos na zona Sudeste de Teresina\",\"datePublished\":\"2024-12-09T11:44:20+00:00\",\"dateModified\":\"2024-12-09T11:44:21+00:00\",\"mainEntityOfPage\":{\"@id\":\"https:\/\/noticiaempauta.com\/portal\/sargento-da-pm-e-baleado-em-troca-de-tiros-com-criminosos-na-zona-sudeste-de-teresina\/\"},\"wordCount\":206,\"commentCount\":0,\"publisher\":{\"@id\":\"https:\/\/noticiaempauta.com\/portal\/#organization\"},\"image\":{\"@id\":\"https:\/\/noticiaempauta.com\/portal\/sargento-da-pm-e-baleado-em-troca-de-tiros-com-criminosos-na-zona-sudeste-de-teresina\/#primaryimage\"},\"thumbnailUrl\":\"https:\/\/noticiaempauta.com\/portal\/wp-content\/uploads\/2024\/12\/whatsapp-image-2024-12-09-at-08_23e334d662e936ec1aa7f66b67f5202687c8e296.jpeg\",\"keywords\":[\"destaqueprincipal\"],\"articleSection\":[\"Destaques\",\"Geral\",\"Pol\u00edcia\",\"Todas as Not\u00edcias\"],\"inLanguage\":\"pt-BR\",\"potentialAction\":[{\"@type\":\"CommentAction\",\"name\":\"Comment\",\"target\":[\"https:\/\/noticiaempauta.com\/portal\/sargento-da-pm-e-baleado-em-troca-de-tiros-com-criminosos-na-zona-sudeste-de-teresina\/#respond\"]}]},{\"@type\":\"WebPage\",\"@id\":\"https:\/\/noticiaempauta.com\/portal\/sargento-da-pm-e-baleado-em-troca-de-tiros-com-criminosos-na-zona-sudeste-de-teresina\/\",\"url\":\"https:\/\/noticiaempauta.com\/portal\/sargento-da-pm-e-baleado-em-troca-de-tiros-com-criminosos-na-zona-sudeste-de-teresina\/\",\"name\":\"Sargento da PM \u00e9 baleado em troca de tiros com criminosos na zona Sudeste de Teresina - Portal Not\u00edcia em Pauta\",\"isPartOf\":{\"@id\":\"https:\/\/noticiaempauta.com\/portal\/#website\"},\"primaryImageOfPage\":{\"@id\":\"https:\/\/noticiaempauta.com\/portal\/sargento-da-pm-e-baleado-em-troca-de-tiros-com-criminosos-na-zona-sudeste-de-teresina\/#primaryimage\"},\"image\":{\"@id\":\"https:\/\/noticiaempauta.com\/portal\/sargento-da-pm-e-baleado-em-troca-de-tiros-com-criminosos-na-zona-sudeste-de-teresina\/#primaryimage\"},\"thumbnailUrl\":\"https:\/\/noticiaempauta.com\/portal\/wp-content\/uploads\/2024\/12\/whatsapp-image-2024-12-09-at-08_23e334d662e936ec1aa7f66b67f5202687c8e296.jpeg\",\"datePublished\":\"2024-12-09T11:44:20+00:00\",\"dateModified\":\"2024-12-09T11:44:21+00:00\",\"breadcrumb\":{\"@id\":\"https:\/\/noticiaempauta.com\/portal\/sargento-da-pm-e-baleado-em-troca-de-tiros-com-criminosos-na-zona-sudeste-de-teresina\/#breadcrumb\"},\"inLanguage\":\"pt-BR\",\"potentialAction\":[{\"@type\":\"ReadAction\",\"target\":[\"https:\/\/noticiaempauta.com\/portal\/sargento-da-pm-e-baleado-em-troca-de-tiros-com-criminosos-na-zona-sudeste-de-teresina\/\"]}]},{\"@type\":\"ImageObject\",\"inLanguage\":\"pt-BR\",\"@id\":\"https:\/\/noticiaempauta.com\/portal\/sargento-da-pm-e-baleado-em-troca-de-tiros-com-criminosos-na-zona-sudeste-de-teresina\/#primaryimage\",\"url\":\"https:\/\/noticiaempauta.com\/portal\/wp-content\/uploads\/2024\/12\/whatsapp-image-2024-12-09-at-08_23e334d662e936ec1aa7f66b67f5202687c8e296.jpeg\",\"contentUrl\":\"https:\/\/noticiaempauta.com\/portal\/wp-content\/uploads\/2024\/12\/whatsapp-image-2024-12-09-at-08_23e334d662e936ec1aa7f66b67f5202687c8e296.jpeg\",\"width\":488,\"height\":335},{\"@type\":\"BreadcrumbList\",\"@id\":\"https:\/\/noticiaempauta.com\/portal\/sargento-da-pm-e-baleado-em-troca-de-tiros-com-criminosos-na-zona-sudeste-de-teresina\/#breadcrumb\",\"itemListElement\":[{\"@type\":\"ListItem\",\"position\":1,\"name\":\"P\u00e1gina Inicial\",\"item\":\"https:\/\/noticiaempauta.com\/portal\/\"},{\"@type\":\"ListItem\",\"position\":2,\"name\":\"Destaques\",\"item\":\"https:\/\/noticiaempauta.com\/portal\/destaques-site\/\"},{\"@type\":\"ListItem\",\"position\":3,\"name\":\"Sargento da PM \u00e9 baleado em troca de tiros com criminosos na zona Sudeste de Teresina\"}]},{\"@type\":\"WebSite\",\"@id\":\"https:\/\/noticiaempauta.com\/portal\/#website\",\"url\":\"https:\/\/noticiaempauta.com\/portal\/\",\"name\":\"Portal Not\u00edcia em Pauta\",\"description\":\"Voc\u00ea bem informado\",\"publisher\":{\"@id\":\"https:\/\/noticiaempauta.com\/portal\/#organization\"},\"potentialAction\":[{\"@type\":\"SearchAction\",\"target\":{\"@type\":\"EntryPoint\",\"urlTemplate\":\"https:\/\/noticiaempauta.com\/portal\/?s={search_term_string}\"},\"query-input\":{\"@type\":\"PropertyValueSpecification\",\"valueRequired\":true,\"valueName\":\"search_term_string\"}}],\"inLanguage\":\"pt-BR\"},{\"@type\":\"Organization\",\"@id\":\"https:\/\/noticiaempauta.com\/portal\/#organization\",\"name\":\"Portal Not\u00edcia em Pauta\",\"url\":\"https:\/\/noticiaempauta.com\/portal\/\",\"logo\":{\"@type\":\"ImageObject\",\"inLanguage\":\"pt-BR\",\"@id\":\"https:\/\/noticiaempauta.com\/portal\/#\/schema\/logo\/image\/\",\"url\":\"https:\/\/noticiaempauta.com\/portal\/wp-content\/uploads\/2022\/08\/logomarca_tema.fw_.png\",\"contentUrl\":\"https:\/\/noticiaempauta.com\/portal\/wp-content\/uploads\/2022\/08\/logomarca_tema.fw_.png\",\"width\":400,\"height\":232,\"caption\":\"Portal Not\u00edcia em Pauta\"},\"image\":{\"@id\":\"https:\/\/noticiaempauta.com\/portal\/#\/schema\/logo\/image\/\"},\"sameAs\":[\"https:\/\/www.facebook.com\/Portal-Notcia-Em-Pauta-102292869264820\/\",\"https:\/\/www.instagram.com\/portalnoticiaempauta\/\"]},{\"@type\":\"Person\",\"@id\":\"https:\/\/noticiaempauta.com\/portal\/#\/schema\/person\/a74af43dd1ab3deca45f988c717d57ac\",\"name\":\"Reda\u00e7\u00e3o\",\"image\":{\"@type\":\"ImageObject\",\"inLanguage\":\"pt-BR\",\"@id\":\"https:\/\/noticiaempauta.com\/portal\/#\/schema\/person\/image\/\",\"url\":\"https:\/\/secure.gravatar.com\/avatar\/03179346ecce6cdfc13361603e8f54242a90e5cde8618fa23c5c00aa2b0aadf3?s=96&d=mm&r=g\",\"contentUrl\":\"https:\/\/secure.gravatar.com\/avatar\/03179346ecce6cdfc13361603e8f54242a90e5cde8618fa23c5c00aa2b0aadf3?s=96&d=mm&r=g\",\"caption\":\"Reda\u00e7\u00e3o\"},\"sameAs\":[\"https:\/\/noticiaempauta.com\/portal\/\"],\"url\":\"https:\/\/noticiaempauta.com\/portal\/author\/fernando\/\"}]}<\/script>\n<!-- \/ Yoast SEO Premium plugin. -->","yoast_head_json":{"title":"Sargento da PM \u00e9 baleado em troca de tiros com criminosos na zona Sudeste de Teresina - Portal Not\u00edcia em Pauta","robots":{"index":"index","follow":"follow","max-snippet":"max-snippet:-1","max-image-preview":"max-image-preview:large","max-video-preview":"max-video-preview:-1"},"canonical":"https:\/\/noticiaempauta.com\/portal\/sargento-da-pm-e-baleado-em-troca-de-tiros-com-criminosos-na-zona-sudeste-de-teresina\/","og_locale":"pt_BR","og_type":"article","og_title":"Sargento da PM \u00e9 baleado em troca de tiros com criminosos na zona Sudeste de Teresina","og_description":"Na madrugada desta segunda-feira (09), um sargento da Pol\u00edcia Militar, identificado como J. Oliveira, foi baleado durante uma troca de tiros com criminosos no bairro Alto da Ressurrei\u00e7\u00e3o, zona Sudeste de Teresina. O confronto ocorreu ap\u00f3s o policial ser abordado por um grupo armado, por dois suspeitos em uma motocicleta e outros quatro em um [&hellip;]","og_url":"https:\/\/noticiaempauta.com\/portal\/sargento-da-pm-e-baleado-em-troca-de-tiros-com-criminosos-na-zona-sudeste-de-teresina\/","og_site_name":"Portal Not\u00edcia em Pauta","article_publisher":"https:\/\/www.facebook.com\/Portal-Notcia-Em-Pauta-102292869264820\/","article_published_time":"2024-12-09T11:44:20+00:00","article_modified_time":"2024-12-09T11:44:21+00:00","og_image":[{"width":488,"height":335,"url":"https:\/\/noticiaempauta.com\/portal\/wp-content\/uploads\/2024\/12\/whatsapp-image-2024-12-09-at-08_23e334d662e936ec1aa7f66b67f5202687c8e296.jpeg","type":"image\/jpeg"}],"author":"Reda\u00e7\u00e3o","twitter_card":"summary_large_image","twitter_misc":{"Escrito por":"Reda\u00e7\u00e3o","Est. tempo de leitura":"2 minutos"},"schema":{"@context":"https:\/\/schema.org","@graph":[{"@type":"Article","@id":"https:\/\/noticiaempauta.com\/portal\/sargento-da-pm-e-baleado-em-troca-de-tiros-com-criminosos-na-zona-sudeste-de-teresina\/#article","isPartOf":{"@id":"https:\/\/noticiaempauta.com\/portal\/sargento-da-pm-e-baleado-em-troca-de-tiros-com-criminosos-na-zona-sudeste-de-teresina\/"},"author":{"name":"Reda\u00e7\u00e3o","@id":"https:\/\/noticiaempauta.com\/portal\/#\/schema\/person\/a74af43dd1ab3deca45f988c717d57ac"},"headline":"Sargento da PM \u00e9 baleado em troca de tiros com criminosos na zona Sudeste de Teresina","datePublished":"2024-12-09T11:44:20+00:00","dateModified":"2024-12-09T11:44:21+00:00","mainEntityOfPage":{"@id":"https:\/\/noticiaempauta.com\/portal\/sargento-da-pm-e-baleado-em-troca-de-tiros-com-criminosos-na-zona-sudeste-de-teresina\/"},"wordCount":206,"commentCount":0,"publisher":{"@id":"https:\/\/noticiaempauta.com\/portal\/#organization"},"image":{"@id":"https:\/\/noticiaempauta.com\/portal\/sargento-da-pm-e-baleado-em-troca-de-tiros-com-criminosos-na-zona-sudeste-de-teresina\/#primaryimage"},"thumbnailUrl":"https:\/\/noticiaempauta.com\/portal\/wp-content\/uploads\/2024\/12\/whatsapp-image-2024-12-09-at-08_23e334d662e936ec1aa7f66b67f5202687c8e296.jpeg","keywords":["destaqueprincipal"],"articleSection":["Destaques","Geral","Pol\u00edcia","Todas as Not\u00edcias"],"inLanguage":"pt-BR","potentialAction":[{"@type":"CommentAction","name":"Comment","target":["https:\/\/noticiaempauta.com\/portal\/sargento-da-pm-e-baleado-em-troca-de-tiros-com-criminosos-na-zona-sudeste-de-teresina\/#respond"]}]},{"@type":"WebPage","@id":"https:\/\/noticiaempauta.com\/portal\/sargento-da-pm-e-baleado-em-troca-de-tiros-com-criminosos-na-zona-sudeste-de-teresina\/","url":"https:\/\/noticiaempauta.com\/portal\/sargento-da-pm-e-baleado-em-troca-de-tiros-com-criminosos-na-zona-sudeste-de-teresina\/","name":"Sargento da PM \u00e9 baleado em troca de tiros com criminosos na zona Sudeste de Teresina - Portal Not\u00edcia em Pauta","isPartOf":{"@id":"https:\/\/noticiaempauta.com\/portal\/#website"},"primaryImageOfPage":{"@id":"https:\/\/noticiaempauta.com\/portal\/sargento-da-pm-e-baleado-em-troca-de-tiros-com-criminosos-na-zona-sudeste-de-teresina\/#primaryimage"},"image":{"@id":"https:\/\/noticiaempauta.com\/portal\/sargento-da-pm-e-baleado-em-troca-de-tiros-com-criminosos-na-zona-sudeste-de-teresina\/#primaryimage"},"thumbnailUrl":"https:\/\/noticiaempauta.com\/portal\/wp-content\/uploads\/2024\/12\/whatsapp-image-2024-12-09-at-08_23e334d662e936ec1aa7f66b67f5202687c8e296.jpeg","datePublished":"2024-12-09T11:44:20+00:00","dateModified":"2024-12-09T11:44:21+00:00","breadcrumb":{"@id":"https:\/\/noticiaempauta.com\/portal\/sargento-da-pm-e-baleado-em-troca-de-tiros-com-criminosos-na-zona-sudeste-de-teresina\/#breadcrumb"},"inLanguage":"pt-BR","potentialAction":[{"@type":"ReadAction","target":["https:\/\/noticiaempauta.com\/portal\/sargento-da-pm-e-baleado-em-troca-de-tiros-com-criminosos-na-zona-sudeste-de-teresina\/"]}]},{"@type":"ImageObject","inLanguage":"pt-BR","@id":"https:\/\/noticiaempauta.com\/portal\/sargento-da-pm-e-baleado-em-troca-de-tiros-com-criminosos-na-zona-sudeste-de-teresina\/#primaryimage","url":"https:\/\/noticiaempauta.com\/portal\/wp-content\/uploads\/2024\/12\/whatsapp-image-2024-12-09-at-08_23e334d662e936ec1aa7f66b67f5202687c8e296.jpeg","contentUrl":"https:\/\/noticiaempauta.com\/portal\/wp-content\/uploads\/2024\/12\/whatsapp-image-2024-12-09-at-08_23e334d662e936ec1aa7f66b67f5202687c8e296.jpeg","width":488,"height":335},{"@type":"BreadcrumbList","@id":"https:\/\/noticiaempauta.com\/portal\/sargento-da-pm-e-baleado-em-troca-de-tiros-com-criminosos-na-zona-sudeste-de-teresina\/#breadcrumb","itemListElement":[{"@type":"ListItem","position":1,"name":"P\u00e1gina Inicial","item":"https:\/\/noticiaempauta.com\/portal\/"},{"@type":"ListItem","position":2,"name":"Destaques","item":"https:\/\/noticiaempauta.com\/portal\/destaques-site\/"},{"@type":"ListItem","position":3,"name":"Sargento da PM \u00e9 baleado em troca de tiros com criminosos na zona Sudeste de Teresina"}]},{"@type":"WebSite","@id":"https:\/\/noticiaempauta.com\/portal\/#website","url":"https:\/\/noticiaempauta.com\/portal\/","name":"Portal Not\u00edcia em Pauta","description":"Voc\u00ea bem informado","publisher":{"@id":"https:\/\/noticiaempauta.com\/portal\/#organization"},"potentialAction":[{"@type":"SearchAction","target":{"@type":"EntryPoint","urlTemplate":"https:\/\/noticiaempauta.com\/portal\/?s={search_term_string}"},"query-input":{"@type":"PropertyValueSpecification","valueRequired":true,"valueName":"search_term_string"}}],"inLanguage":"pt-BR"},{"@type":"Organization","@id":"https:\/\/noticiaempauta.com\/portal\/#organization","name":"Portal Not\u00edcia em Pauta","url":"https:\/\/noticiaempauta.com\/portal\/","logo":{"@type":"ImageObject","inLanguage":"pt-BR","@id":"https:\/\/noticiaempauta.com\/portal\/#\/schema\/logo\/image\/","url":"https:\/\/noticiaempauta.com\/portal\/wp-content\/uploads\/2022\/08\/logomarca_tema.fw_.png","contentUrl":"https:\/\/noticiaempauta.com\/portal\/wp-content\/uploads\/2022\/08\/logomarca_tema.fw_.png","width":400,"height":232,"caption":"Portal Not\u00edcia em Pauta"},"image":{"@id":"https:\/\/noticiaempauta.com\/portal\/#\/schema\/logo\/image\/"},"sameAs":["https:\/\/www.facebook.com\/Portal-Notcia-Em-Pauta-102292869264820\/","https:\/\/www.instagram.com\/portalnoticiaempauta\/"]},{"@type":"Person","@id":"https:\/\/noticiaempauta.com\/portal\/#\/schema\/person\/a74af43dd1ab3deca45f988c717d57ac","name":"Reda\u00e7\u00e3o","image":{"@type":"ImageObject","inLanguage":"pt-BR","@id":"https:\/\/noticiaempauta.com\/portal\/#\/schema\/person\/image\/","url":"https:\/\/secure.gravatar.com\/avatar\/03179346ecce6cdfc13361603e8f54242a90e5cde8618fa23c5c00aa2b0aadf3?s=96&d=mm&r=g","contentUrl":"https:\/\/secure.gravatar.com\/avatar\/03179346ecce6cdfc13361603e8f54242a90e5cde8618fa23c5c00aa2b0aadf3?s=96&d=mm&r=g","caption":"Reda\u00e7\u00e3o"},"sameAs":["https:\/\/noticiaempauta.com\/portal\/"],"url":"https:\/\/noticiaempauta.com\/portal\/author\/fernando\/"}]}},"_links":{"self":[{"href":"https:\/\/noticiaempauta.com\/portal\/wp-json\/wp\/v2\/posts\/264875","targetHints":{"allow":["GET"]}}],"collection":[{"href":"https:\/\/noticiaempauta.com\/portal\/wp-json\/wp\/v2\/posts"}],"about":[{"href":"https:\/\/noticiaempauta.com\/portal\/wp-json\/wp\/v2\/types\/post"}],"author":[{"embeddable":true,"href":"https:\/\/noticiaempauta.com\/portal\/wp-json\/wp\/v2\/users\/2"}],"replies":[{"embeddable":true,"href":"https:\/\/noticiaempauta.com\/portal\/wp-json\/wp\/v2\/comments?post=264875"}],"version-history":[{"count":2,"href":"https:\/\/noticiaempauta.com\/portal\/wp-json\/wp\/v2\/posts\/264875\/revisions"}],"predecessor-version":[{"id":264878,"href":"https:\/\/noticiaempauta.com\/portal\/wp-json\/wp\/v2\/posts\/264875\/revisions\/264878"}],"wp:featuredmedia":[{"embeddable":true,"href":"https:\/\/noticiaempauta.com\/portal\/wp-json\/wp\/v2\/media\/264876"}],"wp:attachment":[{"href":"https:\/\/noticiaempauta.com\/portal\/wp-json\/wp\/v2\/media?parent=264875"}],"wp:term":[{"taxonomy":"category","embeddable":true,"href":"https:\/\/noticiaempauta.com\/portal\/wp-json\/wp\/v2\/categories?post=264875"},{"taxonomy":"post_tag","embeddable":true,"href":"https:\/\/noticiaempauta.com\/portal\/wp-json\/wp\/v2\/tags?post=264875"}],"curies":[{"name":"wp","href":"https:\/\/api.w.org\/{rel}","templated":true}]}}