{"id":264879,"date":"2024-12-09T09:34:18","date_gmt":"2024-12-09T12:34:18","guid":{"rendered":"https:\/\/noticiaempauta.com\/portal\/?p=264879"},"modified":"2024-12-09T09:34:19","modified_gmt":"2024-12-09T12:34:19","slug":"qual-e-o-futuro-da-siria-apos-queda-de-bashar-al-assad","status":"publish","type":"post","link":"https:\/\/noticiaempauta.com\/portal\/qual-e-o-futuro-da-siria-apos-queda-de-bashar-al-assad\/","title":{"rendered":"Qual \u00e9 o futuro da S\u00edria ap\u00f3s queda de Bashar al-Assad?"},"content":{"rendered":"\n<p>Com a tomada de Damasco pelo grupo Hayat Tahrir al-Sham (HTS) e a queda do presidente Bashar al-Assad, o futuro da S\u00edria est\u00e1 em um ponto de inflex\u00e3o. Diversos especialistas analisam o cen\u00e1rio que se desenha para o pa\u00eds e os desafios a serem enfrentados nos pr\u00f3ximos anos. E avaliam que o pa\u00eds est\u00e1 em um ponto de transi\u00e7\u00e3o que pode determinar seu rumo nas pr\u00f3ximas d\u00e9cadas.<\/p>\n\n\n\n<p>A fragmenta\u00e7\u00e3o das for\u00e7as militares e a necessidade de criar um governo de unidade nacional s\u00e3o alguns dos principais obst\u00e1culos. H\u00e1 o alerta claro para o risco de conflitos internos entre as diferentes fac\u00e7\u00f5es que atuam no pa\u00eds.<\/p>\n\n\n\n<figure class=\"wp-block-image size-full\"><img fetchpriority=\"high\" decoding=\"async\" width=\"770\" height=\"423\" src=\"https:\/\/noticiaempauta.com\/portal\/wp-content\/uploads\/2024\/12\/whatsapp-image-2024-12-09-at-07-46-17-1733741345.jpeg\" alt=\"\" class=\"wp-image-264880\" srcset=\"https:\/\/noticiaempauta.com\/portal\/wp-content\/uploads\/2024\/12\/whatsapp-image-2024-12-09-at-07-46-17-1733741345.jpeg 770w, https:\/\/noticiaempauta.com\/portal\/wp-content\/uploads\/2024\/12\/whatsapp-image-2024-12-09-at-07-46-17-1733741345-300x165.jpeg 300w, https:\/\/noticiaempauta.com\/portal\/wp-content\/uploads\/2024\/12\/whatsapp-image-2024-12-09-at-07-46-17-1733741345-768x422.jpeg 768w\" sizes=\"(max-width: 770px) 100vw, 770px\" \/><figcaption class=\"wp-element-caption\"><em>(Reprodu\u00e7\u00e3o \/ Record News<\/em>)<\/figcaption><\/figure>\n\n\n\n<p>A influ\u00eancia externa tamb\u00e9m ser\u00e1 crucial no futuro da S\u00edria, com destaque para os pa\u00edses vizinhos e das grandes pot\u00eancias. A promessa veio j\u00e1 neste domingo.&nbsp;Estados \u00e1rabes prometem trabalhar&nbsp;para garantir que a queda de Assad n\u00e3o desencadeie uma nova onda de agita\u00e7\u00e3o contra os governantes da regi\u00e3o e um ressurgimento de grupos extremistas ou movimentos.<\/p>\n\n\n\n<p>\u201cH\u00e1 muitos traumas na regi\u00e3o. Boas not\u00edcias transformam-se em m\u00e1s not\u00edcias muito rapidamente\u201d, disse Majed al-Ansari, conselheiro s\u00eanior do primeiro-ministro do Catar. \u201cN\u00e3o queremos que o que aconteceu em outras na\u00e7\u00f5es ap\u00f3s a Primavera \u00c1rabe aconte\u00e7a na S\u00edria. Gostar\u00edamos muito de ver uma transi\u00e7\u00e3o para um Estado vi\u00e1vel que d\u00ea apoio ao povo.\u201d<\/p>\n\n\n\n<p>A Turquia, a R\u00fassia e os Estados Unidos ter\u00e3o um papel determinante na forma como essa transi\u00e7\u00e3o ser\u00e1 conduzida. Joze Pelayo, diretor associado da organiza\u00e7\u00e3o Atlantic Council, acredita que a transi\u00e7\u00e3o na S\u00edria oferece uma oportunidade para os Estados Unidos recuperarem influ\u00eancia em Damasco e ajudarem na realiza\u00e7\u00e3o de elei\u00e7\u00f5es livres e justas.<\/p>\n\n\n\n<p>\u201cO apoio dos EUA pode ser bem-vindo por um futuro governo s\u00edrio, especialmente considerando a animosidade contra o Ir\u00e3 e a R\u00fassia\u201d, acredita Pelayo.<\/p>\n\n\n\n<p>\u00c9 a opini\u00e3o tamb\u00e9m de Thomas S. Warrick, ex-subsecret\u00e1rio assistente de pol\u00edtica antiterrorismo no Departamento de Seguran\u00e7a Interna dos EUA. Segundo ele, agora \u00e9 poss\u00edvel imaginar uma S\u00edria mais est\u00e1vel, sem depender de Ir\u00e3 e R\u00fassia, recebendo de volta seus refugiados e tente viver em paz com Israel.<\/p>\n\n\n\n<p>\u201cMas isso n\u00e3o acontecer\u00e1 espontaneamente, sem ajuda e apoio externos. O planejamento p\u00f3s-guerra para a S\u00edria precisa entrar em alta velocidade&#8221;, acredita Warrick.<\/p>\n\n\n\n<h2 class=\"wp-block-heading\"><strong>Mais promessas de ajuda<\/strong><\/h2>\n\n\n\n<p>A Turquia refor\u00e7a o time das na\u00e7\u00f5es que prometem ajuda. Hakan Fidan, ministro das Rela\u00e7\u00f5es Exteriores do pa\u00eds, declarou estar pronto para garantir a unidade, integridade e seguran\u00e7a da S\u00edria. \u201cNosso pa\u00eds est\u00e1 disposto a ajudar na recupera\u00e7\u00e3o da S\u00edria e na garantia de sua estabilidade\u201d, afirmou Fidan.<\/p>\n\n\n\n<p>Toda a ajuda ser\u00e1 fundamental, principalmente para recupera\u00e7\u00e3o econ\u00f4mica. O setor, devastado por anos de guerra, precisar\u00e1 de um plano robusto de reconstru\u00e7\u00e3o. Sem isso, a popula\u00e7\u00e3o continuar\u00e1 a sofrer com a falta de recursos b\u00e1sicos.<\/p>\n\n\n\n<h2 class=\"wp-block-heading\"><strong>Cen\u00e1rios poss\u00edveis<\/strong><\/h2>\n\n\n\n<p>Confira alguns cen\u00e1rios que aparecem para a S\u00edria a partir de agora:<\/p>\n\n\n\n<ul class=\"wp-block-list\">\n<li>Transi\u00e7\u00e3o de poder: a oposi\u00e7\u00e3o s\u00edria, apesar de fragmentada, tem a oportunidade de estabelecer um governo de transi\u00e7\u00e3o que possa levar o pa\u00eds a elei\u00e7\u00f5es livres e justas. Isso permitir\u00e1 que o povo s\u00edrio determine seu pr\u00f3prio futuro.<\/li>\n\n\n\n<li>\u00a0Rela\u00e7\u00f5es internacionais: a nova S\u00edria pode buscar normalizar rela\u00e7\u00f5es com Israel e reorganizar a din\u00e2mica regional. Isso poderia incluir a coopera\u00e7\u00e3o com pa\u00edses como os Estados Unidos, Catar e Turquia para estabilizar a regi\u00e3o.<\/li>\n\n\n\n<li>\u00a0Desafios internos: a oposi\u00e7\u00e3o enfrenta a tarefa de unir v\u00e1rias fac\u00e7\u00f5es e lidar com quest\u00f5es existenciais sobre as rela\u00e7\u00f5es com seus vizinhos. A Turquia, por exemplo, j\u00e1 expressou disposi\u00e7\u00e3o em ajudar a garantir a unidade e seguran\u00e7a da S\u00edria.<\/li>\n\n\n\n<li>\u00a0Poss\u00edveis cen\u00e1rios: existem v\u00e1rios cen\u00e1rios poss\u00edveis para o futuro da S\u00edria, incluindo a cria\u00e7\u00e3o de uma Rep\u00fablica Democr\u00e1tica S\u00edria, uma Rep\u00fablica Isl\u00e2mica da S\u00edria, ou at\u00e9 mesmo a divis\u00e3o do pa\u00eds. Cada um desses cen\u00e1rios traz seus pr\u00f3prios desafios e implica\u00e7\u00f5es para a estabilidade regional.<\/li>\n\n\n\n<li>Estabilidade regional: a mudan\u00e7a de poder na S\u00edria pode ter impactos significativos na estabilidade da regi\u00e3o, com pot\u00eancias como o Ir\u00e3 e a R\u00fassia tentando manter sua influ\u00eancia enquanto novos atores emergem.<\/li>\n<\/ul>\n\n\n\n<p><em>Fonte: R7<\/em><\/p>\n","protected":false},"excerpt":{"rendered":"<p>Com a tomada de Damasco pelo grupo Hayat Tahrir al-Sham (HTS) e a queda do presidente Bashar al-Assad, o futuro da S\u00edria est\u00e1 em um ponto de inflex\u00e3o. Diversos especialistas analisam o cen\u00e1rio que se desenha para o pa\u00eds e os desafios a serem enfrentados nos pr\u00f3ximos anos. E avaliam que o pa\u00eds est\u00e1 em [&hellip;]<\/p>\n","protected":false},"author":2,"featured_media":264880,"comment_status":"open","ping_status":"open","sticky":false,"template":"","format":"standard","meta":{"_mi_skip_tracking":false,"footnotes":""},"categories":[25,1,16],"tags":[192],"class_list":["post-264879","post","type-post","status-publish","format-standard","has-post-thumbnail","hentry","category-destaques-site","category-geral","category-todas","tag-destaqueprincipal"],"acf":[],"yoast_head":"<!-- This site is optimized with the Yoast SEO Premium plugin v19.2 (Yoast SEO v26.9) - https:\/\/yoast.com\/product\/yoast-seo-premium-wordpress\/ -->\n<title>Qual \u00e9 o futuro da S\u00edria ap\u00f3s queda de Bashar al-Assad? - Portal Not\u00edcia em Pauta<\/title>\n<meta name=\"robots\" content=\"index, follow, max-snippet:-1, max-image-preview:large, max-video-preview:-1\" \/>\n<link rel=\"canonical\" href=\"https:\/\/noticiaempauta.com\/portal\/qual-e-o-futuro-da-siria-apos-queda-de-bashar-al-assad\/\" \/>\n<meta property=\"og:locale\" content=\"pt_BR\" \/>\n<meta property=\"og:type\" content=\"article\" \/>\n<meta property=\"og:title\" content=\"Qual \u00e9 o futuro da S\u00edria ap\u00f3s queda de Bashar al-Assad?\" \/>\n<meta property=\"og:description\" content=\"Com a tomada de Damasco pelo grupo Hayat Tahrir al-Sham (HTS) e a queda do presidente Bashar al-Assad, o futuro da S\u00edria est\u00e1 em um ponto de inflex\u00e3o. Diversos especialistas analisam o cen\u00e1rio que se desenha para o pa\u00eds e os desafios a serem enfrentados nos pr\u00f3ximos anos. E avaliam que o pa\u00eds est\u00e1 em [&hellip;]\" \/>\n<meta property=\"og:url\" content=\"https:\/\/noticiaempauta.com\/portal\/qual-e-o-futuro-da-siria-apos-queda-de-bashar-al-assad\/\" \/>\n<meta property=\"og:site_name\" content=\"Portal Not\u00edcia em Pauta\" \/>\n<meta property=\"article:publisher\" content=\"https:\/\/www.facebook.com\/Portal-Notcia-Em-Pauta-102292869264820\/\" \/>\n<meta property=\"article:published_time\" content=\"2024-12-09T12:34:18+00:00\" \/>\n<meta property=\"article:modified_time\" content=\"2024-12-09T12:34:19+00:00\" \/>\n<meta property=\"og:image\" content=\"https:\/\/noticiaempauta.com\/portal\/wp-content\/uploads\/2024\/12\/whatsapp-image-2024-12-09-at-07-46-17-1733741345.jpeg\" \/>\n\t<meta property=\"og:image:width\" content=\"770\" \/>\n\t<meta property=\"og:image:height\" content=\"423\" \/>\n\t<meta property=\"og:image:type\" content=\"image\/jpeg\" \/>\n<meta name=\"author\" content=\"Reda\u00e7\u00e3o\" \/>\n<meta name=\"twitter:card\" content=\"summary_large_image\" \/>\n<meta name=\"twitter:label1\" content=\"Escrito por\" \/>\n\t<meta name=\"twitter:data1\" content=\"Reda\u00e7\u00e3o\" \/>\n\t<meta name=\"twitter:label2\" content=\"Est. tempo de leitura\" \/>\n\t<meta name=\"twitter:data2\" content=\"5 minutos\" \/>\n<script type=\"application\/ld+json\" class=\"yoast-schema-graph\">{\"@context\":\"https:\/\/schema.org\",\"@graph\":[{\"@type\":\"Article\",\"@id\":\"https:\/\/noticiaempauta.com\/portal\/qual-e-o-futuro-da-siria-apos-queda-de-bashar-al-assad\/#article\",\"isPartOf\":{\"@id\":\"https:\/\/noticiaempauta.com\/portal\/qual-e-o-futuro-da-siria-apos-queda-de-bashar-al-assad\/\"},\"author\":{\"name\":\"Reda\u00e7\u00e3o\",\"@id\":\"https:\/\/noticiaempauta.com\/portal\/#\/schema\/person\/a74af43dd1ab3deca45f988c717d57ac\"},\"headline\":\"Qual \u00e9 o futuro da S\u00edria ap\u00f3s queda de Bashar al-Assad?\",\"datePublished\":\"2024-12-09T12:34:18+00:00\",\"dateModified\":\"2024-12-09T12:34:19+00:00\",\"mainEntityOfPage\":{\"@id\":\"https:\/\/noticiaempauta.com\/portal\/qual-e-o-futuro-da-siria-apos-queda-de-bashar-al-assad\/\"},\"wordCount\":795,\"commentCount\":0,\"publisher\":{\"@id\":\"https:\/\/noticiaempauta.com\/portal\/#organization\"},\"image\":{\"@id\":\"https:\/\/noticiaempauta.com\/portal\/qual-e-o-futuro-da-siria-apos-queda-de-bashar-al-assad\/#primaryimage\"},\"thumbnailUrl\":\"https:\/\/noticiaempauta.com\/portal\/wp-content\/uploads\/2024\/12\/whatsapp-image-2024-12-09-at-07-46-17-1733741345.jpeg\",\"keywords\":[\"destaqueprincipal\"],\"articleSection\":[\"Destaques\",\"Geral\",\"Todas as Not\u00edcias\"],\"inLanguage\":\"pt-BR\",\"potentialAction\":[{\"@type\":\"CommentAction\",\"name\":\"Comment\",\"target\":[\"https:\/\/noticiaempauta.com\/portal\/qual-e-o-futuro-da-siria-apos-queda-de-bashar-al-assad\/#respond\"]}]},{\"@type\":\"WebPage\",\"@id\":\"https:\/\/noticiaempauta.com\/portal\/qual-e-o-futuro-da-siria-apos-queda-de-bashar-al-assad\/\",\"url\":\"https:\/\/noticiaempauta.com\/portal\/qual-e-o-futuro-da-siria-apos-queda-de-bashar-al-assad\/\",\"name\":\"Qual \u00e9 o futuro da S\u00edria ap\u00f3s queda de Bashar al-Assad? - Portal Not\u00edcia em Pauta\",\"isPartOf\":{\"@id\":\"https:\/\/noticiaempauta.com\/portal\/#website\"},\"primaryImageOfPage\":{\"@id\":\"https:\/\/noticiaempauta.com\/portal\/qual-e-o-futuro-da-siria-apos-queda-de-bashar-al-assad\/#primaryimage\"},\"image\":{\"@id\":\"https:\/\/noticiaempauta.com\/portal\/qual-e-o-futuro-da-siria-apos-queda-de-bashar-al-assad\/#primaryimage\"},\"thumbnailUrl\":\"https:\/\/noticiaempauta.com\/portal\/wp-content\/uploads\/2024\/12\/whatsapp-image-2024-12-09-at-07-46-17-1733741345.jpeg\",\"datePublished\":\"2024-12-09T12:34:18+00:00\",\"dateModified\":\"2024-12-09T12:34:19+00:00\",\"breadcrumb\":{\"@id\":\"https:\/\/noticiaempauta.com\/portal\/qual-e-o-futuro-da-siria-apos-queda-de-bashar-al-assad\/#breadcrumb\"},\"inLanguage\":\"pt-BR\",\"potentialAction\":[{\"@type\":\"ReadAction\",\"target\":[\"https:\/\/noticiaempauta.com\/portal\/qual-e-o-futuro-da-siria-apos-queda-de-bashar-al-assad\/\"]}]},{\"@type\":\"ImageObject\",\"inLanguage\":\"pt-BR\",\"@id\":\"https:\/\/noticiaempauta.com\/portal\/qual-e-o-futuro-da-siria-apos-queda-de-bashar-al-assad\/#primaryimage\",\"url\":\"https:\/\/noticiaempauta.com\/portal\/wp-content\/uploads\/2024\/12\/whatsapp-image-2024-12-09-at-07-46-17-1733741345.jpeg\",\"contentUrl\":\"https:\/\/noticiaempauta.com\/portal\/wp-content\/uploads\/2024\/12\/whatsapp-image-2024-12-09-at-07-46-17-1733741345.jpeg\",\"width\":770,\"height\":423},{\"@type\":\"BreadcrumbList\",\"@id\":\"https:\/\/noticiaempauta.com\/portal\/qual-e-o-futuro-da-siria-apos-queda-de-bashar-al-assad\/#breadcrumb\",\"itemListElement\":[{\"@type\":\"ListItem\",\"position\":1,\"name\":\"P\u00e1gina Inicial\",\"item\":\"https:\/\/noticiaempauta.com\/portal\/\"},{\"@type\":\"ListItem\",\"position\":2,\"name\":\"Destaques\",\"item\":\"https:\/\/noticiaempauta.com\/portal\/destaques-site\/\"},{\"@type\":\"ListItem\",\"position\":3,\"name\":\"Qual \u00e9 o futuro da S\u00edria ap\u00f3s queda de Bashar al-Assad?\"}]},{\"@type\":\"WebSite\",\"@id\":\"https:\/\/noticiaempauta.com\/portal\/#website\",\"url\":\"https:\/\/noticiaempauta.com\/portal\/\",\"name\":\"Portal Not\u00edcia em Pauta\",\"description\":\"Voc\u00ea bem informado\",\"publisher\":{\"@id\":\"https:\/\/noticiaempauta.com\/portal\/#organization\"},\"potentialAction\":[{\"@type\":\"SearchAction\",\"target\":{\"@type\":\"EntryPoint\",\"urlTemplate\":\"https:\/\/noticiaempauta.com\/portal\/?s={search_term_string}\"},\"query-input\":{\"@type\":\"PropertyValueSpecification\",\"valueRequired\":true,\"valueName\":\"search_term_string\"}}],\"inLanguage\":\"pt-BR\"},{\"@type\":\"Organization\",\"@id\":\"https:\/\/noticiaempauta.com\/portal\/#organization\",\"name\":\"Portal Not\u00edcia em Pauta\",\"url\":\"https:\/\/noticiaempauta.com\/portal\/\",\"logo\":{\"@type\":\"ImageObject\",\"inLanguage\":\"pt-BR\",\"@id\":\"https:\/\/noticiaempauta.com\/portal\/#\/schema\/logo\/image\/\",\"url\":\"https:\/\/noticiaempauta.com\/portal\/wp-content\/uploads\/2022\/08\/logomarca_tema.fw_.png\",\"contentUrl\":\"https:\/\/noticiaempauta.com\/portal\/wp-content\/uploads\/2022\/08\/logomarca_tema.fw_.png\",\"width\":400,\"height\":232,\"caption\":\"Portal Not\u00edcia em Pauta\"},\"image\":{\"@id\":\"https:\/\/noticiaempauta.com\/portal\/#\/schema\/logo\/image\/\"},\"sameAs\":[\"https:\/\/www.facebook.com\/Portal-Notcia-Em-Pauta-102292869264820\/\",\"https:\/\/www.instagram.com\/portalnoticiaempauta\/\"]},{\"@type\":\"Person\",\"@id\":\"https:\/\/noticiaempauta.com\/portal\/#\/schema\/person\/a74af43dd1ab3deca45f988c717d57ac\",\"name\":\"Reda\u00e7\u00e3o\",\"image\":{\"@type\":\"ImageObject\",\"inLanguage\":\"pt-BR\",\"@id\":\"https:\/\/noticiaempauta.com\/portal\/#\/schema\/person\/image\/\",\"url\":\"https:\/\/secure.gravatar.com\/avatar\/03179346ecce6cdfc13361603e8f54242a90e5cde8618fa23c5c00aa2b0aadf3?s=96&d=mm&r=g\",\"contentUrl\":\"https:\/\/secure.gravatar.com\/avatar\/03179346ecce6cdfc13361603e8f54242a90e5cde8618fa23c5c00aa2b0aadf3?s=96&d=mm&r=g\",\"caption\":\"Reda\u00e7\u00e3o\"},\"sameAs\":[\"https:\/\/noticiaempauta.com\/portal\/\"],\"url\":\"https:\/\/noticiaempauta.com\/portal\/author\/fernando\/\"}]}<\/script>\n<!-- \/ Yoast SEO Premium plugin. -->","yoast_head_json":{"title":"Qual \u00e9 o futuro da S\u00edria ap\u00f3s queda de Bashar al-Assad? - Portal Not\u00edcia em Pauta","robots":{"index":"index","follow":"follow","max-snippet":"max-snippet:-1","max-image-preview":"max-image-preview:large","max-video-preview":"max-video-preview:-1"},"canonical":"https:\/\/noticiaempauta.com\/portal\/qual-e-o-futuro-da-siria-apos-queda-de-bashar-al-assad\/","og_locale":"pt_BR","og_type":"article","og_title":"Qual \u00e9 o futuro da S\u00edria ap\u00f3s queda de Bashar al-Assad?","og_description":"Com a tomada de Damasco pelo grupo Hayat Tahrir al-Sham (HTS) e a queda do presidente Bashar al-Assad, o futuro da S\u00edria est\u00e1 em um ponto de inflex\u00e3o. Diversos especialistas analisam o cen\u00e1rio que se desenha para o pa\u00eds e os desafios a serem enfrentados nos pr\u00f3ximos anos. E avaliam que o pa\u00eds est\u00e1 em [&hellip;]","og_url":"https:\/\/noticiaempauta.com\/portal\/qual-e-o-futuro-da-siria-apos-queda-de-bashar-al-assad\/","og_site_name":"Portal Not\u00edcia em Pauta","article_publisher":"https:\/\/www.facebook.com\/Portal-Notcia-Em-Pauta-102292869264820\/","article_published_time":"2024-12-09T12:34:18+00:00","article_modified_time":"2024-12-09T12:34:19+00:00","og_image":[{"width":770,"height":423,"url":"https:\/\/noticiaempauta.com\/portal\/wp-content\/uploads\/2024\/12\/whatsapp-image-2024-12-09-at-07-46-17-1733741345.jpeg","type":"image\/jpeg"}],"author":"Reda\u00e7\u00e3o","twitter_card":"summary_large_image","twitter_misc":{"Escrito por":"Reda\u00e7\u00e3o","Est. tempo de leitura":"5 minutos"},"schema":{"@context":"https:\/\/schema.org","@graph":[{"@type":"Article","@id":"https:\/\/noticiaempauta.com\/portal\/qual-e-o-futuro-da-siria-apos-queda-de-bashar-al-assad\/#article","isPartOf":{"@id":"https:\/\/noticiaempauta.com\/portal\/qual-e-o-futuro-da-siria-apos-queda-de-bashar-al-assad\/"},"author":{"name":"Reda\u00e7\u00e3o","@id":"https:\/\/noticiaempauta.com\/portal\/#\/schema\/person\/a74af43dd1ab3deca45f988c717d57ac"},"headline":"Qual \u00e9 o futuro da S\u00edria ap\u00f3s queda de Bashar al-Assad?","datePublished":"2024-12-09T12:34:18+00:00","dateModified":"2024-12-09T12:34:19+00:00","mainEntityOfPage":{"@id":"https:\/\/noticiaempauta.com\/portal\/qual-e-o-futuro-da-siria-apos-queda-de-bashar-al-assad\/"},"wordCount":795,"commentCount":0,"publisher":{"@id":"https:\/\/noticiaempauta.com\/portal\/#organization"},"image":{"@id":"https:\/\/noticiaempauta.com\/portal\/qual-e-o-futuro-da-siria-apos-queda-de-bashar-al-assad\/#primaryimage"},"thumbnailUrl":"https:\/\/noticiaempauta.com\/portal\/wp-content\/uploads\/2024\/12\/whatsapp-image-2024-12-09-at-07-46-17-1733741345.jpeg","keywords":["destaqueprincipal"],"articleSection":["Destaques","Geral","Todas as Not\u00edcias"],"inLanguage":"pt-BR","potentialAction":[{"@type":"CommentAction","name":"Comment","target":["https:\/\/noticiaempauta.com\/portal\/qual-e-o-futuro-da-siria-apos-queda-de-bashar-al-assad\/#respond"]}]},{"@type":"WebPage","@id":"https:\/\/noticiaempauta.com\/portal\/qual-e-o-futuro-da-siria-apos-queda-de-bashar-al-assad\/","url":"https:\/\/noticiaempauta.com\/portal\/qual-e-o-futuro-da-siria-apos-queda-de-bashar-al-assad\/","name":"Qual \u00e9 o futuro da S\u00edria ap\u00f3s queda de Bashar al-Assad? - Portal Not\u00edcia em Pauta","isPartOf":{"@id":"https:\/\/noticiaempauta.com\/portal\/#website"},"primaryImageOfPage":{"@id":"https:\/\/noticiaempauta.com\/portal\/qual-e-o-futuro-da-siria-apos-queda-de-bashar-al-assad\/#primaryimage"},"image":{"@id":"https:\/\/noticiaempauta.com\/portal\/qual-e-o-futuro-da-siria-apos-queda-de-bashar-al-assad\/#primaryimage"},"thumbnailUrl":"https:\/\/noticiaempauta.com\/portal\/wp-content\/uploads\/2024\/12\/whatsapp-image-2024-12-09-at-07-46-17-1733741345.jpeg","datePublished":"2024-12-09T12:34:18+00:00","dateModified":"2024-12-09T12:34:19+00:00","breadcrumb":{"@id":"https:\/\/noticiaempauta.com\/portal\/qual-e-o-futuro-da-siria-apos-queda-de-bashar-al-assad\/#breadcrumb"},"inLanguage":"pt-BR","potentialAction":[{"@type":"ReadAction","target":["https:\/\/noticiaempauta.com\/portal\/qual-e-o-futuro-da-siria-apos-queda-de-bashar-al-assad\/"]}]},{"@type":"ImageObject","inLanguage":"pt-BR","@id":"https:\/\/noticiaempauta.com\/portal\/qual-e-o-futuro-da-siria-apos-queda-de-bashar-al-assad\/#primaryimage","url":"https:\/\/noticiaempauta.com\/portal\/wp-content\/uploads\/2024\/12\/whatsapp-image-2024-12-09-at-07-46-17-1733741345.jpeg","contentUrl":"https:\/\/noticiaempauta.com\/portal\/wp-content\/uploads\/2024\/12\/whatsapp-image-2024-12-09-at-07-46-17-1733741345.jpeg","width":770,"height":423},{"@type":"BreadcrumbList","@id":"https:\/\/noticiaempauta.com\/portal\/qual-e-o-futuro-da-siria-apos-queda-de-bashar-al-assad\/#breadcrumb","itemListElement":[{"@type":"ListItem","position":1,"name":"P\u00e1gina Inicial","item":"https:\/\/noticiaempauta.com\/portal\/"},{"@type":"ListItem","position":2,"name":"Destaques","item":"https:\/\/noticiaempauta.com\/portal\/destaques-site\/"},{"@type":"ListItem","position":3,"name":"Qual \u00e9 o futuro da S\u00edria ap\u00f3s queda de Bashar al-Assad?"}]},{"@type":"WebSite","@id":"https:\/\/noticiaempauta.com\/portal\/#website","url":"https:\/\/noticiaempauta.com\/portal\/","name":"Portal Not\u00edcia em Pauta","description":"Voc\u00ea bem informado","publisher":{"@id":"https:\/\/noticiaempauta.com\/portal\/#organization"},"potentialAction":[{"@type":"SearchAction","target":{"@type":"EntryPoint","urlTemplate":"https:\/\/noticiaempauta.com\/portal\/?s={search_term_string}"},"query-input":{"@type":"PropertyValueSpecification","valueRequired":true,"valueName":"search_term_string"}}],"inLanguage":"pt-BR"},{"@type":"Organization","@id":"https:\/\/noticiaempauta.com\/portal\/#organization","name":"Portal Not\u00edcia em Pauta","url":"https:\/\/noticiaempauta.com\/portal\/","logo":{"@type":"ImageObject","inLanguage":"pt-BR","@id":"https:\/\/noticiaempauta.com\/portal\/#\/schema\/logo\/image\/","url":"https:\/\/noticiaempauta.com\/portal\/wp-content\/uploads\/2022\/08\/logomarca_tema.fw_.png","contentUrl":"https:\/\/noticiaempauta.com\/portal\/wp-content\/uploads\/2022\/08\/logomarca_tema.fw_.png","width":400,"height":232,"caption":"Portal Not\u00edcia em Pauta"},"image":{"@id":"https:\/\/noticiaempauta.com\/portal\/#\/schema\/logo\/image\/"},"sameAs":["https:\/\/www.facebook.com\/Portal-Notcia-Em-Pauta-102292869264820\/","https:\/\/www.instagram.com\/portalnoticiaempauta\/"]},{"@type":"Person","@id":"https:\/\/noticiaempauta.com\/portal\/#\/schema\/person\/a74af43dd1ab3deca45f988c717d57ac","name":"Reda\u00e7\u00e3o","image":{"@type":"ImageObject","inLanguage":"pt-BR","@id":"https:\/\/noticiaempauta.com\/portal\/#\/schema\/person\/image\/","url":"https:\/\/secure.gravatar.com\/avatar\/03179346ecce6cdfc13361603e8f54242a90e5cde8618fa23c5c00aa2b0aadf3?s=96&d=mm&r=g","contentUrl":"https:\/\/secure.gravatar.com\/avatar\/03179346ecce6cdfc13361603e8f54242a90e5cde8618fa23c5c00aa2b0aadf3?s=96&d=mm&r=g","caption":"Reda\u00e7\u00e3o"},"sameAs":["https:\/\/noticiaempauta.com\/portal\/"],"url":"https:\/\/noticiaempauta.com\/portal\/author\/fernando\/"}]}},"_links":{"self":[{"href":"https:\/\/noticiaempauta.com\/portal\/wp-json\/wp\/v2\/posts\/264879","targetHints":{"allow":["GET"]}}],"collection":[{"href":"https:\/\/noticiaempauta.com\/portal\/wp-json\/wp\/v2\/posts"}],"about":[{"href":"https:\/\/noticiaempauta.com\/portal\/wp-json\/wp\/v2\/types\/post"}],"author":[{"embeddable":true,"href":"https:\/\/noticiaempauta.com\/portal\/wp-json\/wp\/v2\/users\/2"}],"replies":[{"embeddable":true,"href":"https:\/\/noticiaempauta.com\/portal\/wp-json\/wp\/v2\/comments?post=264879"}],"version-history":[{"count":2,"href":"https:\/\/noticiaempauta.com\/portal\/wp-json\/wp\/v2\/posts\/264879\/revisions"}],"predecessor-version":[{"id":264882,"href":"https:\/\/noticiaempauta.com\/portal\/wp-json\/wp\/v2\/posts\/264879\/revisions\/264882"}],"wp:featuredmedia":[{"embeddable":true,"href":"https:\/\/noticiaempauta.com\/portal\/wp-json\/wp\/v2\/media\/264880"}],"wp:attachment":[{"href":"https:\/\/noticiaempauta.com\/portal\/wp-json\/wp\/v2\/media?parent=264879"}],"wp:term":[{"taxonomy":"category","embeddable":true,"href":"https:\/\/noticiaempauta.com\/portal\/wp-json\/wp\/v2\/categories?post=264879"},{"taxonomy":"post_tag","embeddable":true,"href":"https:\/\/noticiaempauta.com\/portal\/wp-json\/wp\/v2\/tags?post=264879"}],"curies":[{"name":"wp","href":"https:\/\/api.w.org\/{rel}","templated":true}]}}