{"id":264950,"date":"2024-12-10T06:15:14","date_gmt":"2024-12-10T09:15:14","guid":{"rendered":"https:\/\/noticiaempauta.com\/portal\/?p=264950"},"modified":"2024-12-10T06:16:17","modified_gmt":"2024-12-10T09:16:17","slug":"lula-e-operado-as-pressas-em-sao-paulo-apos-sentir-dor-de-cabeca","status":"publish","type":"post","link":"https:\/\/noticiaempauta.com\/portal\/lula-e-operado-as-pressas-em-sao-paulo-apos-sentir-dor-de-cabeca\/","title":{"rendered":"Lula \u00e9 operado \u00e0s pressas em S\u00e3o Paulo ap\u00f3s sentir dor de cabe\u00e7a"},"content":{"rendered":"\n<p>O presidente\u00a0Luiz In\u00e1cio Lula da Silva\u00a0foi internado \u00e0s pressas, no fim da noite desta segunda-feira (9), no Hospital S\u00edrio-Liban\u00eas, em S\u00e3o Paulo, onde foi submetido a um procedimento cir\u00fargico para drenagem de um hematoma. O presidente est\u00e1 internado na UTI e &#8220;encontra-se bem&#8221;, informou o hospital.<\/p>\n\n\n\n<figure class=\"wp-block-image size-full\"><img fetchpriority=\"high\" decoding=\"async\" width=\"640\" height=\"426\" src=\"https:\/\/noticiaempauta.com\/portal\/wp-content\/uploads\/2024\/04\/G-Lula.png\" alt=\"\" class=\"wp-image-256886\" srcset=\"https:\/\/noticiaempauta.com\/portal\/wp-content\/uploads\/2024\/04\/G-Lula.png 640w, https:\/\/noticiaempauta.com\/portal\/wp-content\/uploads\/2024\/04\/G-Lula-300x200.png 300w\" sizes=\"(max-width: 640px) 100vw, 640px\" \/><\/figure>\n\n\n\n<p>Conforme o primeiro boletim m\u00e9dico divulgado \u00e0s 3h20 desta ter\u00e7a (10),\u00a0 Lula passou mal ainda em Bras\u00edlia. Ele fez um exame de imagem ap\u00f3s sentir dor de cabe\u00e7a, ainda na unidade do hospital da capital federal.<\/p>\n\n\n\n<p>&#8220;A resson\u00e2ncia magn\u00e9tica mostrou hemorragia intracraniana, decorrente do acidente domiciliar sofrido em 19\/10. Foi transferido para o Hospital S\u00edrio-Liban\u00eas, unidade S\u00e3o Paulo, onde foi submetido \u00e0 craniotomia para drenagem de hematoma. A cirurgia transcorreu sem intercorr\u00eancias&#8221;, informou o hospital.<\/p>\n\n\n\n<p>De acordo com o boletim m\u00e9dico, &#8220;no momento, o Presidente encontra-se bem, sob monitoriza\u00e7\u00e3o em leito de UTI&#8221;. Um novo boletim dever\u00e1 ser divulgado pela manh\u00e3, quando tamb\u00e9m ser\u00e1 realizada uma entrevista coletiva, marcada para as 9h.&nbsp;<br><\/p>\n\n\n\n<figure class=\"wp-block-image size-full\"><img decoding=\"async\" width=\"1000\" height=\"862\" src=\"https:\/\/noticiaempauta.com\/portal\/wp-content\/uploads\/2024\/12\/IMG_7140.jpeg\" alt=\"\" class=\"wp-image-264951\" srcset=\"https:\/\/noticiaempauta.com\/portal\/wp-content\/uploads\/2024\/12\/IMG_7140.jpeg 1000w, https:\/\/noticiaempauta.com\/portal\/wp-content\/uploads\/2024\/12\/IMG_7140-300x259.jpeg 300w, https:\/\/noticiaempauta.com\/portal\/wp-content\/uploads\/2024\/12\/IMG_7140-768x662.jpeg 768w\" sizes=\"(max-width: 1000px) 100vw, 1000px\" \/><figcaption class=\"wp-element-caption\"><em>(Foto: Reprodu\u00e7\u00e3o)<\/em><\/figcaption><\/figure>\n\n\n\n<p>Lula est\u00e1 sob cuidados da equipe m\u00e9dica, comandada por Roberto Kalil Filho e Ana Helena Germoglio.<\/p>\n\n\n\n<p><em>Mat\u00e9ria em atualiza\u00e7\u00e3o <\/em><\/p>\n\n\n\n<p>Fonte: G1<\/p>\n","protected":false},"excerpt":{"rendered":"<p>O presidente\u00a0Luiz In\u00e1cio Lula da Silva\u00a0foi internado \u00e0s pressas, no fim da noite desta segunda-feira (9), no Hospital S\u00edrio-Liban\u00eas, em S\u00e3o Paulo, onde foi submetido a um procedimento cir\u00fargico para drenagem de um hematoma. O presidente est\u00e1 internado na UTI e &#8220;encontra-se bem&#8221;, informou o hospital. Conforme o primeiro boletim m\u00e9dico divulgado \u00e0s 3h20 desta [&hellip;]<\/p>\n","protected":false},"author":2,"featured_media":256886,"comment_status":"open","ping_status":"open","sticky":false,"template":"","format":"standard","meta":{"_mi_skip_tracking":false,"footnotes":""},"categories":[25,1,16],"tags":[],"class_list":["post-264950","post","type-post","status-publish","format-standard","has-post-thumbnail","hentry","category-destaques-site","category-geral","category-todas"],"acf":[],"yoast_head":"<!-- This site is optimized with the Yoast SEO Premium plugin v19.2 (Yoast SEO v26.9) - https:\/\/yoast.com\/product\/yoast-seo-premium-wordpress\/ -->\n<title>Lula \u00e9 operado \u00e0s pressas em S\u00e3o Paulo ap\u00f3s sentir dor de cabe\u00e7a - Portal Not\u00edcia em Pauta<\/title>\n<meta name=\"robots\" content=\"index, follow, max-snippet:-1, max-image-preview:large, max-video-preview:-1\" \/>\n<link rel=\"canonical\" href=\"https:\/\/noticiaempauta.com\/portal\/lula-e-operado-as-pressas-em-sao-paulo-apos-sentir-dor-de-cabeca\/\" \/>\n<meta property=\"og:locale\" content=\"pt_BR\" \/>\n<meta property=\"og:type\" content=\"article\" \/>\n<meta property=\"og:title\" content=\"Lula \u00e9 operado \u00e0s pressas em S\u00e3o Paulo ap\u00f3s sentir dor de cabe\u00e7a\" \/>\n<meta property=\"og:description\" content=\"O presidente\u00a0Luiz In\u00e1cio Lula da Silva\u00a0foi internado \u00e0s pressas, no fim da noite desta segunda-feira (9), no Hospital S\u00edrio-Liban\u00eas, em S\u00e3o Paulo, onde foi submetido a um procedimento cir\u00fargico para drenagem de um hematoma. O presidente est\u00e1 internado na UTI e &#8220;encontra-se bem&#8221;, informou o hospital. Conforme o primeiro boletim m\u00e9dico divulgado \u00e0s 3h20 desta [&hellip;]\" \/>\n<meta property=\"og:url\" content=\"https:\/\/noticiaempauta.com\/portal\/lula-e-operado-as-pressas-em-sao-paulo-apos-sentir-dor-de-cabeca\/\" \/>\n<meta property=\"og:site_name\" content=\"Portal Not\u00edcia em Pauta\" \/>\n<meta property=\"article:publisher\" content=\"https:\/\/www.facebook.com\/Portal-Notcia-Em-Pauta-102292869264820\/\" \/>\n<meta property=\"article:published_time\" content=\"2024-12-10T09:15:14+00:00\" \/>\n<meta property=\"article:modified_time\" content=\"2024-12-10T09:16:17+00:00\" \/>\n<meta property=\"og:image\" content=\"https:\/\/noticiaempauta.com\/portal\/wp-content\/uploads\/2024\/04\/G-Lula.png\" \/>\n\t<meta property=\"og:image:width\" content=\"640\" \/>\n\t<meta property=\"og:image:height\" content=\"426\" \/>\n\t<meta property=\"og:image:type\" content=\"image\/png\" \/>\n<meta name=\"author\" content=\"Reda\u00e7\u00e3o\" \/>\n<meta name=\"twitter:card\" content=\"summary_large_image\" \/>\n<meta name=\"twitter:label1\" content=\"Escrito por\" \/>\n\t<meta name=\"twitter:data1\" content=\"Reda\u00e7\u00e3o\" \/>\n\t<meta name=\"twitter:label2\" content=\"Est. tempo de leitura\" \/>\n\t<meta name=\"twitter:data2\" content=\"2 minutos\" \/>\n<script type=\"application\/ld+json\" class=\"yoast-schema-graph\">{\"@context\":\"https:\/\/schema.org\",\"@graph\":[{\"@type\":\"Article\",\"@id\":\"https:\/\/noticiaempauta.com\/portal\/lula-e-operado-as-pressas-em-sao-paulo-apos-sentir-dor-de-cabeca\/#article\",\"isPartOf\":{\"@id\":\"https:\/\/noticiaempauta.com\/portal\/lula-e-operado-as-pressas-em-sao-paulo-apos-sentir-dor-de-cabeca\/\"},\"author\":{\"name\":\"Reda\u00e7\u00e3o\",\"@id\":\"https:\/\/noticiaempauta.com\/portal\/#\/schema\/person\/a74af43dd1ab3deca45f988c717d57ac\"},\"headline\":\"Lula \u00e9 operado \u00e0s pressas em S\u00e3o Paulo ap\u00f3s sentir dor de cabe\u00e7a\",\"datePublished\":\"2024-12-10T09:15:14+00:00\",\"dateModified\":\"2024-12-10T09:16:17+00:00\",\"mainEntityOfPage\":{\"@id\":\"https:\/\/noticiaempauta.com\/portal\/lula-e-operado-as-pressas-em-sao-paulo-apos-sentir-dor-de-cabeca\/\"},\"wordCount\":218,\"commentCount\":0,\"publisher\":{\"@id\":\"https:\/\/noticiaempauta.com\/portal\/#organization\"},\"image\":{\"@id\":\"https:\/\/noticiaempauta.com\/portal\/lula-e-operado-as-pressas-em-sao-paulo-apos-sentir-dor-de-cabeca\/#primaryimage\"},\"thumbnailUrl\":\"https:\/\/noticiaempauta.com\/portal\/wp-content\/uploads\/2024\/04\/G-Lula.png\",\"articleSection\":[\"Destaques\",\"Geral\",\"Todas as Not\u00edcias\"],\"inLanguage\":\"pt-BR\",\"potentialAction\":[{\"@type\":\"CommentAction\",\"name\":\"Comment\",\"target\":[\"https:\/\/noticiaempauta.com\/portal\/lula-e-operado-as-pressas-em-sao-paulo-apos-sentir-dor-de-cabeca\/#respond\"]}]},{\"@type\":\"WebPage\",\"@id\":\"https:\/\/noticiaempauta.com\/portal\/lula-e-operado-as-pressas-em-sao-paulo-apos-sentir-dor-de-cabeca\/\",\"url\":\"https:\/\/noticiaempauta.com\/portal\/lula-e-operado-as-pressas-em-sao-paulo-apos-sentir-dor-de-cabeca\/\",\"name\":\"Lula \u00e9 operado \u00e0s pressas em S\u00e3o Paulo ap\u00f3s sentir dor de cabe\u00e7a - Portal Not\u00edcia em Pauta\",\"isPartOf\":{\"@id\":\"https:\/\/noticiaempauta.com\/portal\/#website\"},\"primaryImageOfPage\":{\"@id\":\"https:\/\/noticiaempauta.com\/portal\/lula-e-operado-as-pressas-em-sao-paulo-apos-sentir-dor-de-cabeca\/#primaryimage\"},\"image\":{\"@id\":\"https:\/\/noticiaempauta.com\/portal\/lula-e-operado-as-pressas-em-sao-paulo-apos-sentir-dor-de-cabeca\/#primaryimage\"},\"thumbnailUrl\":\"https:\/\/noticiaempauta.com\/portal\/wp-content\/uploads\/2024\/04\/G-Lula.png\",\"datePublished\":\"2024-12-10T09:15:14+00:00\",\"dateModified\":\"2024-12-10T09:16:17+00:00\",\"breadcrumb\":{\"@id\":\"https:\/\/noticiaempauta.com\/portal\/lula-e-operado-as-pressas-em-sao-paulo-apos-sentir-dor-de-cabeca\/#breadcrumb\"},\"inLanguage\":\"pt-BR\",\"potentialAction\":[{\"@type\":\"ReadAction\",\"target\":[\"https:\/\/noticiaempauta.com\/portal\/lula-e-operado-as-pressas-em-sao-paulo-apos-sentir-dor-de-cabeca\/\"]}]},{\"@type\":\"ImageObject\",\"inLanguage\":\"pt-BR\",\"@id\":\"https:\/\/noticiaempauta.com\/portal\/lula-e-operado-as-pressas-em-sao-paulo-apos-sentir-dor-de-cabeca\/#primaryimage\",\"url\":\"https:\/\/noticiaempauta.com\/portal\/wp-content\/uploads\/2024\/04\/G-Lula.png\",\"contentUrl\":\"https:\/\/noticiaempauta.com\/portal\/wp-content\/uploads\/2024\/04\/G-Lula.png\",\"width\":640,\"height\":426},{\"@type\":\"BreadcrumbList\",\"@id\":\"https:\/\/noticiaempauta.com\/portal\/lula-e-operado-as-pressas-em-sao-paulo-apos-sentir-dor-de-cabeca\/#breadcrumb\",\"itemListElement\":[{\"@type\":\"ListItem\",\"position\":1,\"name\":\"P\u00e1gina Inicial\",\"item\":\"https:\/\/noticiaempauta.com\/portal\/\"},{\"@type\":\"ListItem\",\"position\":2,\"name\":\"Destaques\",\"item\":\"https:\/\/noticiaempauta.com\/portal\/destaques-site\/\"},{\"@type\":\"ListItem\",\"position\":3,\"name\":\"Lula \u00e9 operado \u00e0s pressas em S\u00e3o Paulo ap\u00f3s sentir dor de cabe\u00e7a\"}]},{\"@type\":\"WebSite\",\"@id\":\"https:\/\/noticiaempauta.com\/portal\/#website\",\"url\":\"https:\/\/noticiaempauta.com\/portal\/\",\"name\":\"Portal Not\u00edcia em Pauta\",\"description\":\"Voc\u00ea bem informado\",\"publisher\":{\"@id\":\"https:\/\/noticiaempauta.com\/portal\/#organization\"},\"potentialAction\":[{\"@type\":\"SearchAction\",\"target\":{\"@type\":\"EntryPoint\",\"urlTemplate\":\"https:\/\/noticiaempauta.com\/portal\/?s={search_term_string}\"},\"query-input\":{\"@type\":\"PropertyValueSpecification\",\"valueRequired\":true,\"valueName\":\"search_term_string\"}}],\"inLanguage\":\"pt-BR\"},{\"@type\":\"Organization\",\"@id\":\"https:\/\/noticiaempauta.com\/portal\/#organization\",\"name\":\"Portal Not\u00edcia em Pauta\",\"url\":\"https:\/\/noticiaempauta.com\/portal\/\",\"logo\":{\"@type\":\"ImageObject\",\"inLanguage\":\"pt-BR\",\"@id\":\"https:\/\/noticiaempauta.com\/portal\/#\/schema\/logo\/image\/\",\"url\":\"https:\/\/noticiaempauta.com\/portal\/wp-content\/uploads\/2022\/08\/logomarca_tema.fw_.png\",\"contentUrl\":\"https:\/\/noticiaempauta.com\/portal\/wp-content\/uploads\/2022\/08\/logomarca_tema.fw_.png\",\"width\":400,\"height\":232,\"caption\":\"Portal Not\u00edcia em Pauta\"},\"image\":{\"@id\":\"https:\/\/noticiaempauta.com\/portal\/#\/schema\/logo\/image\/\"},\"sameAs\":[\"https:\/\/www.facebook.com\/Portal-Notcia-Em-Pauta-102292869264820\/\",\"https:\/\/www.instagram.com\/portalnoticiaempauta\/\"]},{\"@type\":\"Person\",\"@id\":\"https:\/\/noticiaempauta.com\/portal\/#\/schema\/person\/a74af43dd1ab3deca45f988c717d57ac\",\"name\":\"Reda\u00e7\u00e3o\",\"image\":{\"@type\":\"ImageObject\",\"inLanguage\":\"pt-BR\",\"@id\":\"https:\/\/noticiaempauta.com\/portal\/#\/schema\/person\/image\/\",\"url\":\"https:\/\/secure.gravatar.com\/avatar\/03179346ecce6cdfc13361603e8f54242a90e5cde8618fa23c5c00aa2b0aadf3?s=96&d=mm&r=g\",\"contentUrl\":\"https:\/\/secure.gravatar.com\/avatar\/03179346ecce6cdfc13361603e8f54242a90e5cde8618fa23c5c00aa2b0aadf3?s=96&d=mm&r=g\",\"caption\":\"Reda\u00e7\u00e3o\"},\"sameAs\":[\"https:\/\/noticiaempauta.com\/portal\/\"],\"url\":\"https:\/\/noticiaempauta.com\/portal\/author\/fernando\/\"}]}<\/script>\n<!-- \/ Yoast SEO Premium plugin. -->","yoast_head_json":{"title":"Lula \u00e9 operado \u00e0s pressas em S\u00e3o Paulo ap\u00f3s sentir dor de cabe\u00e7a - Portal Not\u00edcia em Pauta","robots":{"index":"index","follow":"follow","max-snippet":"max-snippet:-1","max-image-preview":"max-image-preview:large","max-video-preview":"max-video-preview:-1"},"canonical":"https:\/\/noticiaempauta.com\/portal\/lula-e-operado-as-pressas-em-sao-paulo-apos-sentir-dor-de-cabeca\/","og_locale":"pt_BR","og_type":"article","og_title":"Lula \u00e9 operado \u00e0s pressas em S\u00e3o Paulo ap\u00f3s sentir dor de cabe\u00e7a","og_description":"O presidente\u00a0Luiz In\u00e1cio Lula da Silva\u00a0foi internado \u00e0s pressas, no fim da noite desta segunda-feira (9), no Hospital S\u00edrio-Liban\u00eas, em S\u00e3o Paulo, onde foi submetido a um procedimento cir\u00fargico para drenagem de um hematoma. O presidente est\u00e1 internado na UTI e &#8220;encontra-se bem&#8221;, informou o hospital. Conforme o primeiro boletim m\u00e9dico divulgado \u00e0s 3h20 desta [&hellip;]","og_url":"https:\/\/noticiaempauta.com\/portal\/lula-e-operado-as-pressas-em-sao-paulo-apos-sentir-dor-de-cabeca\/","og_site_name":"Portal Not\u00edcia em Pauta","article_publisher":"https:\/\/www.facebook.com\/Portal-Notcia-Em-Pauta-102292869264820\/","article_published_time":"2024-12-10T09:15:14+00:00","article_modified_time":"2024-12-10T09:16:17+00:00","og_image":[{"width":640,"height":426,"url":"https:\/\/noticiaempauta.com\/portal\/wp-content\/uploads\/2024\/04\/G-Lula.png","type":"image\/png"}],"author":"Reda\u00e7\u00e3o","twitter_card":"summary_large_image","twitter_misc":{"Escrito por":"Reda\u00e7\u00e3o","Est. tempo de leitura":"2 minutos"},"schema":{"@context":"https:\/\/schema.org","@graph":[{"@type":"Article","@id":"https:\/\/noticiaempauta.com\/portal\/lula-e-operado-as-pressas-em-sao-paulo-apos-sentir-dor-de-cabeca\/#article","isPartOf":{"@id":"https:\/\/noticiaempauta.com\/portal\/lula-e-operado-as-pressas-em-sao-paulo-apos-sentir-dor-de-cabeca\/"},"author":{"name":"Reda\u00e7\u00e3o","@id":"https:\/\/noticiaempauta.com\/portal\/#\/schema\/person\/a74af43dd1ab3deca45f988c717d57ac"},"headline":"Lula \u00e9 operado \u00e0s pressas em S\u00e3o Paulo ap\u00f3s sentir dor de cabe\u00e7a","datePublished":"2024-12-10T09:15:14+00:00","dateModified":"2024-12-10T09:16:17+00:00","mainEntityOfPage":{"@id":"https:\/\/noticiaempauta.com\/portal\/lula-e-operado-as-pressas-em-sao-paulo-apos-sentir-dor-de-cabeca\/"},"wordCount":218,"commentCount":0,"publisher":{"@id":"https:\/\/noticiaempauta.com\/portal\/#organization"},"image":{"@id":"https:\/\/noticiaempauta.com\/portal\/lula-e-operado-as-pressas-em-sao-paulo-apos-sentir-dor-de-cabeca\/#primaryimage"},"thumbnailUrl":"https:\/\/noticiaempauta.com\/portal\/wp-content\/uploads\/2024\/04\/G-Lula.png","articleSection":["Destaques","Geral","Todas as Not\u00edcias"],"inLanguage":"pt-BR","potentialAction":[{"@type":"CommentAction","name":"Comment","target":["https:\/\/noticiaempauta.com\/portal\/lula-e-operado-as-pressas-em-sao-paulo-apos-sentir-dor-de-cabeca\/#respond"]}]},{"@type":"WebPage","@id":"https:\/\/noticiaempauta.com\/portal\/lula-e-operado-as-pressas-em-sao-paulo-apos-sentir-dor-de-cabeca\/","url":"https:\/\/noticiaempauta.com\/portal\/lula-e-operado-as-pressas-em-sao-paulo-apos-sentir-dor-de-cabeca\/","name":"Lula \u00e9 operado \u00e0s pressas em S\u00e3o Paulo ap\u00f3s sentir dor de cabe\u00e7a - Portal Not\u00edcia em Pauta","isPartOf":{"@id":"https:\/\/noticiaempauta.com\/portal\/#website"},"primaryImageOfPage":{"@id":"https:\/\/noticiaempauta.com\/portal\/lula-e-operado-as-pressas-em-sao-paulo-apos-sentir-dor-de-cabeca\/#primaryimage"},"image":{"@id":"https:\/\/noticiaempauta.com\/portal\/lula-e-operado-as-pressas-em-sao-paulo-apos-sentir-dor-de-cabeca\/#primaryimage"},"thumbnailUrl":"https:\/\/noticiaempauta.com\/portal\/wp-content\/uploads\/2024\/04\/G-Lula.png","datePublished":"2024-12-10T09:15:14+00:00","dateModified":"2024-12-10T09:16:17+00:00","breadcrumb":{"@id":"https:\/\/noticiaempauta.com\/portal\/lula-e-operado-as-pressas-em-sao-paulo-apos-sentir-dor-de-cabeca\/#breadcrumb"},"inLanguage":"pt-BR","potentialAction":[{"@type":"ReadAction","target":["https:\/\/noticiaempauta.com\/portal\/lula-e-operado-as-pressas-em-sao-paulo-apos-sentir-dor-de-cabeca\/"]}]},{"@type":"ImageObject","inLanguage":"pt-BR","@id":"https:\/\/noticiaempauta.com\/portal\/lula-e-operado-as-pressas-em-sao-paulo-apos-sentir-dor-de-cabeca\/#primaryimage","url":"https:\/\/noticiaempauta.com\/portal\/wp-content\/uploads\/2024\/04\/G-Lula.png","contentUrl":"https:\/\/noticiaempauta.com\/portal\/wp-content\/uploads\/2024\/04\/G-Lula.png","width":640,"height":426},{"@type":"BreadcrumbList","@id":"https:\/\/noticiaempauta.com\/portal\/lula-e-operado-as-pressas-em-sao-paulo-apos-sentir-dor-de-cabeca\/#breadcrumb","itemListElement":[{"@type":"ListItem","position":1,"name":"P\u00e1gina Inicial","item":"https:\/\/noticiaempauta.com\/portal\/"},{"@type":"ListItem","position":2,"name":"Destaques","item":"https:\/\/noticiaempauta.com\/portal\/destaques-site\/"},{"@type":"ListItem","position":3,"name":"Lula \u00e9 operado \u00e0s pressas em S\u00e3o Paulo ap\u00f3s sentir dor de cabe\u00e7a"}]},{"@type":"WebSite","@id":"https:\/\/noticiaempauta.com\/portal\/#website","url":"https:\/\/noticiaempauta.com\/portal\/","name":"Portal Not\u00edcia em Pauta","description":"Voc\u00ea bem informado","publisher":{"@id":"https:\/\/noticiaempauta.com\/portal\/#organization"},"potentialAction":[{"@type":"SearchAction","target":{"@type":"EntryPoint","urlTemplate":"https:\/\/noticiaempauta.com\/portal\/?s={search_term_string}"},"query-input":{"@type":"PropertyValueSpecification","valueRequired":true,"valueName":"search_term_string"}}],"inLanguage":"pt-BR"},{"@type":"Organization","@id":"https:\/\/noticiaempauta.com\/portal\/#organization","name":"Portal Not\u00edcia em Pauta","url":"https:\/\/noticiaempauta.com\/portal\/","logo":{"@type":"ImageObject","inLanguage":"pt-BR","@id":"https:\/\/noticiaempauta.com\/portal\/#\/schema\/logo\/image\/","url":"https:\/\/noticiaempauta.com\/portal\/wp-content\/uploads\/2022\/08\/logomarca_tema.fw_.png","contentUrl":"https:\/\/noticiaempauta.com\/portal\/wp-content\/uploads\/2022\/08\/logomarca_tema.fw_.png","width":400,"height":232,"caption":"Portal Not\u00edcia em Pauta"},"image":{"@id":"https:\/\/noticiaempauta.com\/portal\/#\/schema\/logo\/image\/"},"sameAs":["https:\/\/www.facebook.com\/Portal-Notcia-Em-Pauta-102292869264820\/","https:\/\/www.instagram.com\/portalnoticiaempauta\/"]},{"@type":"Person","@id":"https:\/\/noticiaempauta.com\/portal\/#\/schema\/person\/a74af43dd1ab3deca45f988c717d57ac","name":"Reda\u00e7\u00e3o","image":{"@type":"ImageObject","inLanguage":"pt-BR","@id":"https:\/\/noticiaempauta.com\/portal\/#\/schema\/person\/image\/","url":"https:\/\/secure.gravatar.com\/avatar\/03179346ecce6cdfc13361603e8f54242a90e5cde8618fa23c5c00aa2b0aadf3?s=96&d=mm&r=g","contentUrl":"https:\/\/secure.gravatar.com\/avatar\/03179346ecce6cdfc13361603e8f54242a90e5cde8618fa23c5c00aa2b0aadf3?s=96&d=mm&r=g","caption":"Reda\u00e7\u00e3o"},"sameAs":["https:\/\/noticiaempauta.com\/portal\/"],"url":"https:\/\/noticiaempauta.com\/portal\/author\/fernando\/"}]}},"_links":{"self":[{"href":"https:\/\/noticiaempauta.com\/portal\/wp-json\/wp\/v2\/posts\/264950","targetHints":{"allow":["GET"]}}],"collection":[{"href":"https:\/\/noticiaempauta.com\/portal\/wp-json\/wp\/v2\/posts"}],"about":[{"href":"https:\/\/noticiaempauta.com\/portal\/wp-json\/wp\/v2\/types\/post"}],"author":[{"embeddable":true,"href":"https:\/\/noticiaempauta.com\/portal\/wp-json\/wp\/v2\/users\/2"}],"replies":[{"embeddable":true,"href":"https:\/\/noticiaempauta.com\/portal\/wp-json\/wp\/v2\/comments?post=264950"}],"version-history":[{"count":2,"href":"https:\/\/noticiaempauta.com\/portal\/wp-json\/wp\/v2\/posts\/264950\/revisions"}],"predecessor-version":[{"id":264953,"href":"https:\/\/noticiaempauta.com\/portal\/wp-json\/wp\/v2\/posts\/264950\/revisions\/264953"}],"wp:featuredmedia":[{"embeddable":true,"href":"https:\/\/noticiaempauta.com\/portal\/wp-json\/wp\/v2\/media\/256886"}],"wp:attachment":[{"href":"https:\/\/noticiaempauta.com\/portal\/wp-json\/wp\/v2\/media?parent=264950"}],"wp:term":[{"taxonomy":"category","embeddable":true,"href":"https:\/\/noticiaempauta.com\/portal\/wp-json\/wp\/v2\/categories?post=264950"},{"taxonomy":"post_tag","embeddable":true,"href":"https:\/\/noticiaempauta.com\/portal\/wp-json\/wp\/v2\/tags?post=264950"}],"curies":[{"name":"wp","href":"https:\/\/api.w.org\/{rel}","templated":true}]}}