{"id":264955,"date":"2024-12-10T08:49:45","date_gmt":"2024-12-10T11:49:45","guid":{"rendered":"https:\/\/noticiaempauta.com\/portal\/?p=264955"},"modified":"2024-12-10T08:49:47","modified_gmt":"2024-12-10T11:49:47","slug":"seduc-prorroga-prazos-para-renovacao-de-matriculas-e-inscricoes-em-teste-seletivo-para-22-escolas-de-tempo-integral","status":"publish","type":"post","link":"https:\/\/noticiaempauta.com\/portal\/seduc-prorroga-prazos-para-renovacao-de-matriculas-e-inscricoes-em-teste-seletivo-para-22-escolas-de-tempo-integral\/","title":{"rendered":"Seduc prorroga prazos para renova\u00e7\u00e3o de matr\u00edculas e inscri\u00e7\u00f5es em teste seletivo para 22 escolas de tempo integral"},"content":{"rendered":"\n<p>A Secretaria da Educa\u00e7\u00e3o (Seduc) prorrogou os prazos para a renova\u00e7\u00e3o de matr\u00edculas do ano letivo de 2025 das escolas da rede estadual de ensino. Os estudantes t\u00eam at\u00e9 a pr\u00f3xima sexta-feira (13) para realizar a renova\u00e7\u00e3o. Al\u00e9m disso, a Seduc tamb\u00e9m estendeu o prazo de inscri\u00e7\u00f5es para os testes seletivos de 2025 em 22 escolas de tempo integral e educa\u00e7\u00e3o profissional, que agora seguem at\u00e9 quarta-feira (11), at\u00e9 o meio-dia.<\/p>\n\n\n\n<figure class=\"wp-block-image size-full\"><img fetchpriority=\"high\" decoding=\"async\" width=\"1000\" height=\"666\" src=\"https:\/\/noticiaempauta.com\/portal\/wp-content\/uploads\/2024\/12\/6548.jpeg\" alt=\"\" class=\"wp-image-264956\" srcset=\"https:\/\/noticiaempauta.com\/portal\/wp-content\/uploads\/2024\/12\/6548.jpeg 1000w, https:\/\/noticiaempauta.com\/portal\/wp-content\/uploads\/2024\/12\/6548-300x200.jpeg 300w, https:\/\/noticiaempauta.com\/portal\/wp-content\/uploads\/2024\/12\/6548-768x511.jpeg 768w\" sizes=\"(max-width: 1000px) 100vw, 1000px\" \/><\/figure>\n\n\n\n<p>Para o processo de renova\u00e7\u00e3o de matr\u00edcula, os estudantes devem acessar o site da Seduc (<a target=\"_blank\" rel=\"noreferrer noopener\" href=\"https:\/\/www.seduc.pi.gov.br\/noticias\/noticia\/12384\/seduc.pi.gov.br\/matricula\"><strong>seduc.pi.gov.br\/matricula<\/strong><\/a>) ou o portal Gov.pi Cidad\u00e3o (<a target=\"_blank\" rel=\"noreferrer noopener\" href=\"https:\/\/www.seduc.pi.gov.br\/noticias\/noticia\/12384\/pidigital.pi.gov.br\"><strong>pidigital.pi.gov.br<\/strong><\/a>), que tamb\u00e9m est\u00e1 dispon\u00edvel como aplicativo para iOS e Android. Para aqueles que n\u00e3o t\u00eam acesso \u00e0 internet, os laborat\u00f3rios de inform\u00e1tica das escolas estaduais estar\u00e3o \u00e0 disposi\u00e7\u00e3o, com servidores capacitados para prestar apoio durante o processo.<\/p>\n\n\n\n<p>As inscri\u00e7\u00f5es para o teste seletivo podem ser realizadas pelo site&nbsp;<a target=\"_blank\" rel=\"noreferrer noopener\" href=\"https:\/\/pidigital.pi.gov.br\/app\/app-teste-seletivo\"><strong>https:\/\/pidigital.pi.gov.br\/app\/app-teste-seletivo<\/strong><\/a>. A prova ser\u00e1 presencial e est\u00e1 agendada para o dia 12 de dezembro. As informa\u00e7\u00f5es sobre o local, a data e o hor\u00e1rio da prova podem ser consultadas no anexo III do edital, para ver clique&nbsp;<a target=\"_blank\" rel=\"noreferrer noopener\" href=\"https:\/\/www.seduc.pi.gov.br\/donwload\/arquivos\/editais\/25-editais-21-11-2024-21-53-07.pdf\"><strong>aqui<\/strong><\/a>.<\/p>\n\n\n\n<p>Os resultados do teste seletivo ser\u00e3o publicados no dia 20 de dezembro no site da Seduc, nas redes sociais das escolas e nos murais das institui\u00e7\u00f5es.<\/p>\n\n\n\n<p>J\u00e1 o per\u00edodo de matr\u00edcula para novos estudantes est\u00e1 aberto at\u00e9 30 de dezembro de 2024, com inscri\u00e7\u00f5es tamb\u00e9m pelo site da Seduc (<a target=\"_blank\" rel=\"noreferrer noopener\" href=\"https:\/\/www.seduc.pi.gov.br\/noticias\/noticia\/12384\/seduc.pi.gov.br\/matricula\"><strong>seduc.pi.gov.br\/matricula<\/strong><\/a>) ou o portal Gov.pi Cidad\u00e3o (<a target=\"_blank\" rel=\"noreferrer noopener\" href=\"https:\/\/www.seduc.pi.gov.br\/noticias\/noticia\/12384\/pidigital.pi.gov.br\"><strong>pidigital.pi.gov.br<\/strong><\/a>).<\/p>\n\n\n\n<p>O secret\u00e1rio da Educa\u00e7\u00e3o, Washington Bandeira, destacou a amplia\u00e7\u00e3o das oportunidades educacionais no estado. \u201cCom a universaliza\u00e7\u00e3o do ensino em tempo integral em todas as escolas de ensino m\u00e9dio e a oferta de novos cursos t\u00e9cnicos em diversas \u00e1reas, estamos proporcionando mais possibilidades de crescimento aos nossos alunos. Convidamos todos que ainda n\u00e3o fazem parte da nossa rede a aproveitarem essa oportunidade \u00fanica\u201d, ressaltou o gestor.<\/p>\n\n\n\n<p><em>CCOM-PI<\/em><\/p>\n","protected":false},"excerpt":{"rendered":"<p>A Secretaria da Educa\u00e7\u00e3o (Seduc) prorrogou os prazos para a renova\u00e7\u00e3o de matr\u00edculas do ano letivo de 2025 das escolas da rede estadual de ensino. Os estudantes t\u00eam at\u00e9 a pr\u00f3xima sexta-feira (13) para realizar a renova\u00e7\u00e3o. Al\u00e9m disso, a Seduc tamb\u00e9m estendeu o prazo de inscri\u00e7\u00f5es para os testes seletivos de 2025 em 22 [&hellip;]<\/p>\n","protected":false},"author":2,"featured_media":264956,"comment_status":"open","ping_status":"open","sticky":false,"template":"","format":"standard","meta":{"_mi_skip_tracking":false,"footnotes":""},"categories":[25,1,9,16],"tags":[192],"class_list":["post-264955","post","type-post","status-publish","format-standard","has-post-thumbnail","hentry","category-destaques-site","category-geral","category-municipios","category-todas","tag-destaqueprincipal"],"acf":[],"yoast_head":"<!-- This site is optimized with the Yoast SEO Premium plugin v19.2 (Yoast SEO v26.9) - https:\/\/yoast.com\/product\/yoast-seo-premium-wordpress\/ -->\n<title>Seduc prorroga prazos para renova\u00e7\u00e3o de matr\u00edculas e inscri\u00e7\u00f5es em teste seletivo para 22 escolas de tempo integral - Portal Not\u00edcia em Pauta<\/title>\n<meta name=\"robots\" content=\"index, follow, max-snippet:-1, max-image-preview:large, max-video-preview:-1\" \/>\n<link rel=\"canonical\" href=\"https:\/\/noticiaempauta.com\/portal\/seduc-prorroga-prazos-para-renovacao-de-matriculas-e-inscricoes-em-teste-seletivo-para-22-escolas-de-tempo-integral\/\" \/>\n<meta property=\"og:locale\" content=\"pt_BR\" \/>\n<meta property=\"og:type\" content=\"article\" \/>\n<meta property=\"og:title\" content=\"Seduc prorroga prazos para renova\u00e7\u00e3o de matr\u00edculas e inscri\u00e7\u00f5es em teste seletivo para 22 escolas de tempo integral\" \/>\n<meta property=\"og:description\" content=\"A Secretaria da Educa\u00e7\u00e3o (Seduc) prorrogou os prazos para a renova\u00e7\u00e3o de matr\u00edculas do ano letivo de 2025 das escolas da rede estadual de ensino. Os estudantes t\u00eam at\u00e9 a pr\u00f3xima sexta-feira (13) para realizar a renova\u00e7\u00e3o. Al\u00e9m disso, a Seduc tamb\u00e9m estendeu o prazo de inscri\u00e7\u00f5es para os testes seletivos de 2025 em 22 [&hellip;]\" \/>\n<meta property=\"og:url\" content=\"https:\/\/noticiaempauta.com\/portal\/seduc-prorroga-prazos-para-renovacao-de-matriculas-e-inscricoes-em-teste-seletivo-para-22-escolas-de-tempo-integral\/\" \/>\n<meta property=\"og:site_name\" content=\"Portal Not\u00edcia em Pauta\" \/>\n<meta property=\"article:publisher\" content=\"https:\/\/www.facebook.com\/Portal-Notcia-Em-Pauta-102292869264820\/\" \/>\n<meta property=\"article:published_time\" content=\"2024-12-10T11:49:45+00:00\" \/>\n<meta property=\"article:modified_time\" content=\"2024-12-10T11:49:47+00:00\" \/>\n<meta property=\"og:image\" content=\"https:\/\/noticiaempauta.com\/portal\/wp-content\/uploads\/2024\/12\/6548.jpeg\" \/>\n\t<meta property=\"og:image:width\" content=\"1000\" \/>\n\t<meta property=\"og:image:height\" content=\"666\" \/>\n\t<meta property=\"og:image:type\" content=\"image\/jpeg\" \/>\n<meta name=\"author\" content=\"Reda\u00e7\u00e3o\" \/>\n<meta name=\"twitter:card\" content=\"summary_large_image\" \/>\n<meta name=\"twitter:label1\" content=\"Escrito por\" \/>\n\t<meta name=\"twitter:data1\" content=\"Reda\u00e7\u00e3o\" \/>\n\t<meta name=\"twitter:label2\" content=\"Est. tempo de leitura\" \/>\n\t<meta name=\"twitter:data2\" content=\"3 minutos\" \/>\n<script type=\"application\/ld+json\" class=\"yoast-schema-graph\">{\"@context\":\"https:\/\/schema.org\",\"@graph\":[{\"@type\":\"Article\",\"@id\":\"https:\/\/noticiaempauta.com\/portal\/seduc-prorroga-prazos-para-renovacao-de-matriculas-e-inscricoes-em-teste-seletivo-para-22-escolas-de-tempo-integral\/#article\",\"isPartOf\":{\"@id\":\"https:\/\/noticiaempauta.com\/portal\/seduc-prorroga-prazos-para-renovacao-de-matriculas-e-inscricoes-em-teste-seletivo-para-22-escolas-de-tempo-integral\/\"},\"author\":{\"name\":\"Reda\u00e7\u00e3o\",\"@id\":\"https:\/\/noticiaempauta.com\/portal\/#\/schema\/person\/a74af43dd1ab3deca45f988c717d57ac\"},\"headline\":\"Seduc prorroga prazos para renova\u00e7\u00e3o de matr\u00edculas e inscri\u00e7\u00f5es em teste seletivo para 22 escolas de tempo integral\",\"datePublished\":\"2024-12-10T11:49:45+00:00\",\"dateModified\":\"2024-12-10T11:49:47+00:00\",\"mainEntityOfPage\":{\"@id\":\"https:\/\/noticiaempauta.com\/portal\/seduc-prorroga-prazos-para-renovacao-de-matriculas-e-inscricoes-em-teste-seletivo-para-22-escolas-de-tempo-integral\/\"},\"wordCount\":373,\"commentCount\":0,\"publisher\":{\"@id\":\"https:\/\/noticiaempauta.com\/portal\/#organization\"},\"image\":{\"@id\":\"https:\/\/noticiaempauta.com\/portal\/seduc-prorroga-prazos-para-renovacao-de-matriculas-e-inscricoes-em-teste-seletivo-para-22-escolas-de-tempo-integral\/#primaryimage\"},\"thumbnailUrl\":\"https:\/\/noticiaempauta.com\/portal\/wp-content\/uploads\/2024\/12\/6548.jpeg\",\"keywords\":[\"destaqueprincipal\"],\"articleSection\":[\"Destaques\",\"Geral\",\"Munic\u00edpios\",\"Todas as Not\u00edcias\"],\"inLanguage\":\"pt-BR\",\"potentialAction\":[{\"@type\":\"CommentAction\",\"name\":\"Comment\",\"target\":[\"https:\/\/noticiaempauta.com\/portal\/seduc-prorroga-prazos-para-renovacao-de-matriculas-e-inscricoes-em-teste-seletivo-para-22-escolas-de-tempo-integral\/#respond\"]}]},{\"@type\":\"WebPage\",\"@id\":\"https:\/\/noticiaempauta.com\/portal\/seduc-prorroga-prazos-para-renovacao-de-matriculas-e-inscricoes-em-teste-seletivo-para-22-escolas-de-tempo-integral\/\",\"url\":\"https:\/\/noticiaempauta.com\/portal\/seduc-prorroga-prazos-para-renovacao-de-matriculas-e-inscricoes-em-teste-seletivo-para-22-escolas-de-tempo-integral\/\",\"name\":\"Seduc prorroga prazos para renova\u00e7\u00e3o de matr\u00edculas e inscri\u00e7\u00f5es em teste seletivo para 22 escolas de tempo integral - Portal Not\u00edcia em Pauta\",\"isPartOf\":{\"@id\":\"https:\/\/noticiaempauta.com\/portal\/#website\"},\"primaryImageOfPage\":{\"@id\":\"https:\/\/noticiaempauta.com\/portal\/seduc-prorroga-prazos-para-renovacao-de-matriculas-e-inscricoes-em-teste-seletivo-para-22-escolas-de-tempo-integral\/#primaryimage\"},\"image\":{\"@id\":\"https:\/\/noticiaempauta.com\/portal\/seduc-prorroga-prazos-para-renovacao-de-matriculas-e-inscricoes-em-teste-seletivo-para-22-escolas-de-tempo-integral\/#primaryimage\"},\"thumbnailUrl\":\"https:\/\/noticiaempauta.com\/portal\/wp-content\/uploads\/2024\/12\/6548.jpeg\",\"datePublished\":\"2024-12-10T11:49:45+00:00\",\"dateModified\":\"2024-12-10T11:49:47+00:00\",\"breadcrumb\":{\"@id\":\"https:\/\/noticiaempauta.com\/portal\/seduc-prorroga-prazos-para-renovacao-de-matriculas-e-inscricoes-em-teste-seletivo-para-22-escolas-de-tempo-integral\/#breadcrumb\"},\"inLanguage\":\"pt-BR\",\"potentialAction\":[{\"@type\":\"ReadAction\",\"target\":[\"https:\/\/noticiaempauta.com\/portal\/seduc-prorroga-prazos-para-renovacao-de-matriculas-e-inscricoes-em-teste-seletivo-para-22-escolas-de-tempo-integral\/\"]}]},{\"@type\":\"ImageObject\",\"inLanguage\":\"pt-BR\",\"@id\":\"https:\/\/noticiaempauta.com\/portal\/seduc-prorroga-prazos-para-renovacao-de-matriculas-e-inscricoes-em-teste-seletivo-para-22-escolas-de-tempo-integral\/#primaryimage\",\"url\":\"https:\/\/noticiaempauta.com\/portal\/wp-content\/uploads\/2024\/12\/6548.jpeg\",\"contentUrl\":\"https:\/\/noticiaempauta.com\/portal\/wp-content\/uploads\/2024\/12\/6548.jpeg\",\"width\":1000,\"height\":666},{\"@type\":\"BreadcrumbList\",\"@id\":\"https:\/\/noticiaempauta.com\/portal\/seduc-prorroga-prazos-para-renovacao-de-matriculas-e-inscricoes-em-teste-seletivo-para-22-escolas-de-tempo-integral\/#breadcrumb\",\"itemListElement\":[{\"@type\":\"ListItem\",\"position\":1,\"name\":\"P\u00e1gina Inicial\",\"item\":\"https:\/\/noticiaempauta.com\/portal\/\"},{\"@type\":\"ListItem\",\"position\":2,\"name\":\"Destaques\",\"item\":\"https:\/\/noticiaempauta.com\/portal\/destaques-site\/\"},{\"@type\":\"ListItem\",\"position\":3,\"name\":\"Seduc prorroga prazos para renova\u00e7\u00e3o de matr\u00edculas e inscri\u00e7\u00f5es em teste seletivo para 22 escolas de tempo integral\"}]},{\"@type\":\"WebSite\",\"@id\":\"https:\/\/noticiaempauta.com\/portal\/#website\",\"url\":\"https:\/\/noticiaempauta.com\/portal\/\",\"name\":\"Portal Not\u00edcia em Pauta\",\"description\":\"Voc\u00ea bem informado\",\"publisher\":{\"@id\":\"https:\/\/noticiaempauta.com\/portal\/#organization\"},\"potentialAction\":[{\"@type\":\"SearchAction\",\"target\":{\"@type\":\"EntryPoint\",\"urlTemplate\":\"https:\/\/noticiaempauta.com\/portal\/?s={search_term_string}\"},\"query-input\":{\"@type\":\"PropertyValueSpecification\",\"valueRequired\":true,\"valueName\":\"search_term_string\"}}],\"inLanguage\":\"pt-BR\"},{\"@type\":\"Organization\",\"@id\":\"https:\/\/noticiaempauta.com\/portal\/#organization\",\"name\":\"Portal Not\u00edcia em Pauta\",\"url\":\"https:\/\/noticiaempauta.com\/portal\/\",\"logo\":{\"@type\":\"ImageObject\",\"inLanguage\":\"pt-BR\",\"@id\":\"https:\/\/noticiaempauta.com\/portal\/#\/schema\/logo\/image\/\",\"url\":\"https:\/\/noticiaempauta.com\/portal\/wp-content\/uploads\/2022\/08\/logomarca_tema.fw_.png\",\"contentUrl\":\"https:\/\/noticiaempauta.com\/portal\/wp-content\/uploads\/2022\/08\/logomarca_tema.fw_.png\",\"width\":400,\"height\":232,\"caption\":\"Portal Not\u00edcia em Pauta\"},\"image\":{\"@id\":\"https:\/\/noticiaempauta.com\/portal\/#\/schema\/logo\/image\/\"},\"sameAs\":[\"https:\/\/www.facebook.com\/Portal-Notcia-Em-Pauta-102292869264820\/\",\"https:\/\/www.instagram.com\/portalnoticiaempauta\/\"]},{\"@type\":\"Person\",\"@id\":\"https:\/\/noticiaempauta.com\/portal\/#\/schema\/person\/a74af43dd1ab3deca45f988c717d57ac\",\"name\":\"Reda\u00e7\u00e3o\",\"image\":{\"@type\":\"ImageObject\",\"inLanguage\":\"pt-BR\",\"@id\":\"https:\/\/noticiaempauta.com\/portal\/#\/schema\/person\/image\/\",\"url\":\"https:\/\/secure.gravatar.com\/avatar\/03179346ecce6cdfc13361603e8f54242a90e5cde8618fa23c5c00aa2b0aadf3?s=96&d=mm&r=g\",\"contentUrl\":\"https:\/\/secure.gravatar.com\/avatar\/03179346ecce6cdfc13361603e8f54242a90e5cde8618fa23c5c00aa2b0aadf3?s=96&d=mm&r=g\",\"caption\":\"Reda\u00e7\u00e3o\"},\"sameAs\":[\"https:\/\/noticiaempauta.com\/portal\/\"],\"url\":\"https:\/\/noticiaempauta.com\/portal\/author\/fernando\/\"}]}<\/script>\n<!-- \/ Yoast SEO Premium plugin. -->","yoast_head_json":{"title":"Seduc prorroga prazos para renova\u00e7\u00e3o de matr\u00edculas e inscri\u00e7\u00f5es em teste seletivo para 22 escolas de tempo integral - Portal Not\u00edcia em Pauta","robots":{"index":"index","follow":"follow","max-snippet":"max-snippet:-1","max-image-preview":"max-image-preview:large","max-video-preview":"max-video-preview:-1"},"canonical":"https:\/\/noticiaempauta.com\/portal\/seduc-prorroga-prazos-para-renovacao-de-matriculas-e-inscricoes-em-teste-seletivo-para-22-escolas-de-tempo-integral\/","og_locale":"pt_BR","og_type":"article","og_title":"Seduc prorroga prazos para renova\u00e7\u00e3o de matr\u00edculas e inscri\u00e7\u00f5es em teste seletivo para 22 escolas de tempo integral","og_description":"A Secretaria da Educa\u00e7\u00e3o (Seduc) prorrogou os prazos para a renova\u00e7\u00e3o de matr\u00edculas do ano letivo de 2025 das escolas da rede estadual de ensino. Os estudantes t\u00eam at\u00e9 a pr\u00f3xima sexta-feira (13) para realizar a renova\u00e7\u00e3o. Al\u00e9m disso, a Seduc tamb\u00e9m estendeu o prazo de inscri\u00e7\u00f5es para os testes seletivos de 2025 em 22 [&hellip;]","og_url":"https:\/\/noticiaempauta.com\/portal\/seduc-prorroga-prazos-para-renovacao-de-matriculas-e-inscricoes-em-teste-seletivo-para-22-escolas-de-tempo-integral\/","og_site_name":"Portal Not\u00edcia em Pauta","article_publisher":"https:\/\/www.facebook.com\/Portal-Notcia-Em-Pauta-102292869264820\/","article_published_time":"2024-12-10T11:49:45+00:00","article_modified_time":"2024-12-10T11:49:47+00:00","og_image":[{"width":1000,"height":666,"url":"https:\/\/noticiaempauta.com\/portal\/wp-content\/uploads\/2024\/12\/6548.jpeg","type":"image\/jpeg"}],"author":"Reda\u00e7\u00e3o","twitter_card":"summary_large_image","twitter_misc":{"Escrito por":"Reda\u00e7\u00e3o","Est. tempo de leitura":"3 minutos"},"schema":{"@context":"https:\/\/schema.org","@graph":[{"@type":"Article","@id":"https:\/\/noticiaempauta.com\/portal\/seduc-prorroga-prazos-para-renovacao-de-matriculas-e-inscricoes-em-teste-seletivo-para-22-escolas-de-tempo-integral\/#article","isPartOf":{"@id":"https:\/\/noticiaempauta.com\/portal\/seduc-prorroga-prazos-para-renovacao-de-matriculas-e-inscricoes-em-teste-seletivo-para-22-escolas-de-tempo-integral\/"},"author":{"name":"Reda\u00e7\u00e3o","@id":"https:\/\/noticiaempauta.com\/portal\/#\/schema\/person\/a74af43dd1ab3deca45f988c717d57ac"},"headline":"Seduc prorroga prazos para renova\u00e7\u00e3o de matr\u00edculas e inscri\u00e7\u00f5es em teste seletivo para 22 escolas de tempo integral","datePublished":"2024-12-10T11:49:45+00:00","dateModified":"2024-12-10T11:49:47+00:00","mainEntityOfPage":{"@id":"https:\/\/noticiaempauta.com\/portal\/seduc-prorroga-prazos-para-renovacao-de-matriculas-e-inscricoes-em-teste-seletivo-para-22-escolas-de-tempo-integral\/"},"wordCount":373,"commentCount":0,"publisher":{"@id":"https:\/\/noticiaempauta.com\/portal\/#organization"},"image":{"@id":"https:\/\/noticiaempauta.com\/portal\/seduc-prorroga-prazos-para-renovacao-de-matriculas-e-inscricoes-em-teste-seletivo-para-22-escolas-de-tempo-integral\/#primaryimage"},"thumbnailUrl":"https:\/\/noticiaempauta.com\/portal\/wp-content\/uploads\/2024\/12\/6548.jpeg","keywords":["destaqueprincipal"],"articleSection":["Destaques","Geral","Munic\u00edpios","Todas as Not\u00edcias"],"inLanguage":"pt-BR","potentialAction":[{"@type":"CommentAction","name":"Comment","target":["https:\/\/noticiaempauta.com\/portal\/seduc-prorroga-prazos-para-renovacao-de-matriculas-e-inscricoes-em-teste-seletivo-para-22-escolas-de-tempo-integral\/#respond"]}]},{"@type":"WebPage","@id":"https:\/\/noticiaempauta.com\/portal\/seduc-prorroga-prazos-para-renovacao-de-matriculas-e-inscricoes-em-teste-seletivo-para-22-escolas-de-tempo-integral\/","url":"https:\/\/noticiaempauta.com\/portal\/seduc-prorroga-prazos-para-renovacao-de-matriculas-e-inscricoes-em-teste-seletivo-para-22-escolas-de-tempo-integral\/","name":"Seduc prorroga prazos para renova\u00e7\u00e3o de matr\u00edculas e inscri\u00e7\u00f5es em teste seletivo para 22 escolas de tempo integral - Portal Not\u00edcia em Pauta","isPartOf":{"@id":"https:\/\/noticiaempauta.com\/portal\/#website"},"primaryImageOfPage":{"@id":"https:\/\/noticiaempauta.com\/portal\/seduc-prorroga-prazos-para-renovacao-de-matriculas-e-inscricoes-em-teste-seletivo-para-22-escolas-de-tempo-integral\/#primaryimage"},"image":{"@id":"https:\/\/noticiaempauta.com\/portal\/seduc-prorroga-prazos-para-renovacao-de-matriculas-e-inscricoes-em-teste-seletivo-para-22-escolas-de-tempo-integral\/#primaryimage"},"thumbnailUrl":"https:\/\/noticiaempauta.com\/portal\/wp-content\/uploads\/2024\/12\/6548.jpeg","datePublished":"2024-12-10T11:49:45+00:00","dateModified":"2024-12-10T11:49:47+00:00","breadcrumb":{"@id":"https:\/\/noticiaempauta.com\/portal\/seduc-prorroga-prazos-para-renovacao-de-matriculas-e-inscricoes-em-teste-seletivo-para-22-escolas-de-tempo-integral\/#breadcrumb"},"inLanguage":"pt-BR","potentialAction":[{"@type":"ReadAction","target":["https:\/\/noticiaempauta.com\/portal\/seduc-prorroga-prazos-para-renovacao-de-matriculas-e-inscricoes-em-teste-seletivo-para-22-escolas-de-tempo-integral\/"]}]},{"@type":"ImageObject","inLanguage":"pt-BR","@id":"https:\/\/noticiaempauta.com\/portal\/seduc-prorroga-prazos-para-renovacao-de-matriculas-e-inscricoes-em-teste-seletivo-para-22-escolas-de-tempo-integral\/#primaryimage","url":"https:\/\/noticiaempauta.com\/portal\/wp-content\/uploads\/2024\/12\/6548.jpeg","contentUrl":"https:\/\/noticiaempauta.com\/portal\/wp-content\/uploads\/2024\/12\/6548.jpeg","width":1000,"height":666},{"@type":"BreadcrumbList","@id":"https:\/\/noticiaempauta.com\/portal\/seduc-prorroga-prazos-para-renovacao-de-matriculas-e-inscricoes-em-teste-seletivo-para-22-escolas-de-tempo-integral\/#breadcrumb","itemListElement":[{"@type":"ListItem","position":1,"name":"P\u00e1gina Inicial","item":"https:\/\/noticiaempauta.com\/portal\/"},{"@type":"ListItem","position":2,"name":"Destaques","item":"https:\/\/noticiaempauta.com\/portal\/destaques-site\/"},{"@type":"ListItem","position":3,"name":"Seduc prorroga prazos para renova\u00e7\u00e3o de matr\u00edculas e inscri\u00e7\u00f5es em teste seletivo para 22 escolas de tempo integral"}]},{"@type":"WebSite","@id":"https:\/\/noticiaempauta.com\/portal\/#website","url":"https:\/\/noticiaempauta.com\/portal\/","name":"Portal Not\u00edcia em Pauta","description":"Voc\u00ea bem informado","publisher":{"@id":"https:\/\/noticiaempauta.com\/portal\/#organization"},"potentialAction":[{"@type":"SearchAction","target":{"@type":"EntryPoint","urlTemplate":"https:\/\/noticiaempauta.com\/portal\/?s={search_term_string}"},"query-input":{"@type":"PropertyValueSpecification","valueRequired":true,"valueName":"search_term_string"}}],"inLanguage":"pt-BR"},{"@type":"Organization","@id":"https:\/\/noticiaempauta.com\/portal\/#organization","name":"Portal Not\u00edcia em Pauta","url":"https:\/\/noticiaempauta.com\/portal\/","logo":{"@type":"ImageObject","inLanguage":"pt-BR","@id":"https:\/\/noticiaempauta.com\/portal\/#\/schema\/logo\/image\/","url":"https:\/\/noticiaempauta.com\/portal\/wp-content\/uploads\/2022\/08\/logomarca_tema.fw_.png","contentUrl":"https:\/\/noticiaempauta.com\/portal\/wp-content\/uploads\/2022\/08\/logomarca_tema.fw_.png","width":400,"height":232,"caption":"Portal Not\u00edcia em Pauta"},"image":{"@id":"https:\/\/noticiaempauta.com\/portal\/#\/schema\/logo\/image\/"},"sameAs":["https:\/\/www.facebook.com\/Portal-Notcia-Em-Pauta-102292869264820\/","https:\/\/www.instagram.com\/portalnoticiaempauta\/"]},{"@type":"Person","@id":"https:\/\/noticiaempauta.com\/portal\/#\/schema\/person\/a74af43dd1ab3deca45f988c717d57ac","name":"Reda\u00e7\u00e3o","image":{"@type":"ImageObject","inLanguage":"pt-BR","@id":"https:\/\/noticiaempauta.com\/portal\/#\/schema\/person\/image\/","url":"https:\/\/secure.gravatar.com\/avatar\/03179346ecce6cdfc13361603e8f54242a90e5cde8618fa23c5c00aa2b0aadf3?s=96&d=mm&r=g","contentUrl":"https:\/\/secure.gravatar.com\/avatar\/03179346ecce6cdfc13361603e8f54242a90e5cde8618fa23c5c00aa2b0aadf3?s=96&d=mm&r=g","caption":"Reda\u00e7\u00e3o"},"sameAs":["https:\/\/noticiaempauta.com\/portal\/"],"url":"https:\/\/noticiaempauta.com\/portal\/author\/fernando\/"}]}},"_links":{"self":[{"href":"https:\/\/noticiaempauta.com\/portal\/wp-json\/wp\/v2\/posts\/264955","targetHints":{"allow":["GET"]}}],"collection":[{"href":"https:\/\/noticiaempauta.com\/portal\/wp-json\/wp\/v2\/posts"}],"about":[{"href":"https:\/\/noticiaempauta.com\/portal\/wp-json\/wp\/v2\/types\/post"}],"author":[{"embeddable":true,"href":"https:\/\/noticiaempauta.com\/portal\/wp-json\/wp\/v2\/users\/2"}],"replies":[{"embeddable":true,"href":"https:\/\/noticiaempauta.com\/portal\/wp-json\/wp\/v2\/comments?post=264955"}],"version-history":[{"count":2,"href":"https:\/\/noticiaempauta.com\/portal\/wp-json\/wp\/v2\/posts\/264955\/revisions"}],"predecessor-version":[{"id":264958,"href":"https:\/\/noticiaempauta.com\/portal\/wp-json\/wp\/v2\/posts\/264955\/revisions\/264958"}],"wp:featuredmedia":[{"embeddable":true,"href":"https:\/\/noticiaempauta.com\/portal\/wp-json\/wp\/v2\/media\/264956"}],"wp:attachment":[{"href":"https:\/\/noticiaempauta.com\/portal\/wp-json\/wp\/v2\/media?parent=264955"}],"wp:term":[{"taxonomy":"category","embeddable":true,"href":"https:\/\/noticiaempauta.com\/portal\/wp-json\/wp\/v2\/categories?post=264955"},{"taxonomy":"post_tag","embeddable":true,"href":"https:\/\/noticiaempauta.com\/portal\/wp-json\/wp\/v2\/tags?post=264955"}],"curies":[{"name":"wp","href":"https:\/\/api.w.org\/{rel}","templated":true}]}}