{"id":264959,"date":"2024-12-10T09:14:26","date_gmt":"2024-12-10T12:14:26","guid":{"rendered":"https:\/\/noticiaempauta.com\/portal\/?p=264959"},"modified":"2024-12-10T09:14:27","modified_gmt":"2024-12-10T12:14:27","slug":"ex-senador-heraclito-fortes-deixa-o-uniao-brasil-e-vai-para-o-psd","status":"publish","type":"post","link":"https:\/\/noticiaempauta.com\/portal\/ex-senador-heraclito-fortes-deixa-o-uniao-brasil-e-vai-para-o-psd\/","title":{"rendered":"Ex-Senador Her\u00e1clito Fortes deixa o Uni\u00e3o Brasil e vai para o PSD"},"content":{"rendered":"\n<p>O ex-senador piauiense Her\u00e1clito Fortes trocar\u00e1 o Uni\u00e3o Brasil pelo PSD, ele passar\u00e1 a coordenar, a partir de 2025, o Conselho Pol\u00edtico da sigla de Gilberto Kassab em S\u00e3o Paulo. Interlocutores afirmam que ele \u00e9 um &#8220;entusiasta&#8221; do governador Tarc\u00edsio de Freitas (Republicanos), de quem Kassab \u00e9 secret\u00e1rio.<\/p>\n\n\n\n<figure class=\"wp-block-image size-full\"><img fetchpriority=\"high\" decoding=\"async\" width=\"512\" height=\"341\" src=\"https:\/\/noticiaempauta.com\/portal\/wp-content\/uploads\/2024\/12\/unnamed.jpg\" alt=\"\" class=\"wp-image-264961\" srcset=\"https:\/\/noticiaempauta.com\/portal\/wp-content\/uploads\/2024\/12\/unnamed.jpg 512w, https:\/\/noticiaempauta.com\/portal\/wp-content\/uploads\/2024\/12\/unnamed-300x200.jpg 300w\" sizes=\"(max-width: 512px) 100vw, 512px\" \/><figcaption class=\"wp-element-caption\"><em>Her\u00e1clito Fortes &#8211; (Foto: Reprodu\u00e7\u00e3o)<\/em><\/figcaption><\/figure>\n\n\n\n<p>O dirigente partid\u00e1rio comemorou o refor\u00e7o nas fileiras da legenda e elogiou o novo correligion\u00e1rio. &#8220;Ele sempre foi moderado, um pol\u00edtico de centro, como \u00e9 o PSD&#8221; , disse Kassab.<\/p>\n\n\n\n<p>Kassab ressaltou que Her\u00e1clito \u00e9 um &#8220;interlocutor privilegiado&#8221; na pol\u00edtica local, natural do Piau\u00ed, o ex-parlamentar mora na capital paulista desde a pandemia de Covid-19. &#8220;Ele j\u00e1 tem uma hist\u00f3ria em SP, \u00e9 muito bem relacionado e tem uma vis\u00e3o pol\u00edtica muito profunda, muito correta&#8221; afirmou o presidente do PSD.<\/p>\n\n\n\n<p>&#8220;Para mim \u00e9 uma alegria e uma honra&#8221;, comentou Her\u00e1clito \u00e1 Coluna Estad\u00e3o. Com o bom tr\u00e2nsito que tem no mundo pol\u00edtico, ele chegar\u00e1 para somar, na vis\u00e3o do presidente da legenda. &#8221; Ele traz para o partido a experi\u00eancia de uma vida dedicada \u00e1 pol\u00edtica&#8221;, ressaltou Kassab.<\/p>\n\n\n\n<p>Fonte: Estad\u00e3o<\/p>\n","protected":false},"excerpt":{"rendered":"<p>O ex-senador piauiense Her\u00e1clito Fortes trocar\u00e1 o Uni\u00e3o Brasil pelo PSD, ele passar\u00e1 a coordenar, a partir de 2025, o Conselho Pol\u00edtico da sigla de Gilberto Kassab em S\u00e3o Paulo. Interlocutores afirmam que ele \u00e9 um &#8220;entusiasta&#8221; do governador Tarc\u00edsio de Freitas (Republicanos), de quem Kassab \u00e9 secret\u00e1rio. O dirigente partid\u00e1rio comemorou o refor\u00e7o nas [&hellip;]<\/p>\n","protected":false},"author":2,"featured_media":264961,"comment_status":"open","ping_status":"open","sticky":false,"template":"","format":"standard","meta":{"_mi_skip_tracking":false,"footnotes":""},"categories":[1,3,16],"tags":[],"class_list":["post-264959","post","type-post","status-publish","format-standard","has-post-thumbnail","hentry","category-geral","category-politica","category-todas"],"acf":[],"yoast_head":"<!-- This site is optimized with the Yoast SEO Premium plugin v19.2 (Yoast SEO v26.9) - https:\/\/yoast.com\/product\/yoast-seo-premium-wordpress\/ -->\n<title>Ex-Senador Her\u00e1clito Fortes deixa o Uni\u00e3o Brasil e vai para o PSD - Portal Not\u00edcia em Pauta<\/title>\n<meta name=\"robots\" content=\"index, follow, max-snippet:-1, max-image-preview:large, max-video-preview:-1\" \/>\n<link rel=\"canonical\" href=\"https:\/\/noticiaempauta.com\/portal\/ex-senador-heraclito-fortes-deixa-o-uniao-brasil-e-vai-para-o-psd\/\" \/>\n<meta property=\"og:locale\" content=\"pt_BR\" \/>\n<meta property=\"og:type\" content=\"article\" \/>\n<meta property=\"og:title\" content=\"Ex-Senador Her\u00e1clito Fortes deixa o Uni\u00e3o Brasil e vai para o PSD\" \/>\n<meta property=\"og:description\" content=\"O ex-senador piauiense Her\u00e1clito Fortes trocar\u00e1 o Uni\u00e3o Brasil pelo PSD, ele passar\u00e1 a coordenar, a partir de 2025, o Conselho Pol\u00edtico da sigla de Gilberto Kassab em S\u00e3o Paulo. Interlocutores afirmam que ele \u00e9 um &#8220;entusiasta&#8221; do governador Tarc\u00edsio de Freitas (Republicanos), de quem Kassab \u00e9 secret\u00e1rio. O dirigente partid\u00e1rio comemorou o refor\u00e7o nas [&hellip;]\" \/>\n<meta property=\"og:url\" content=\"https:\/\/noticiaempauta.com\/portal\/ex-senador-heraclito-fortes-deixa-o-uniao-brasil-e-vai-para-o-psd\/\" \/>\n<meta property=\"og:site_name\" content=\"Portal Not\u00edcia em Pauta\" \/>\n<meta property=\"article:publisher\" content=\"https:\/\/www.facebook.com\/Portal-Notcia-Em-Pauta-102292869264820\/\" \/>\n<meta property=\"article:published_time\" content=\"2024-12-10T12:14:26+00:00\" \/>\n<meta property=\"article:modified_time\" content=\"2024-12-10T12:14:27+00:00\" \/>\n<meta property=\"og:image\" content=\"https:\/\/noticiaempauta.com\/portal\/wp-content\/uploads\/2024\/12\/unnamed.jpg\" \/>\n\t<meta property=\"og:image:width\" content=\"512\" \/>\n\t<meta property=\"og:image:height\" content=\"341\" \/>\n\t<meta property=\"og:image:type\" content=\"image\/jpeg\" \/>\n<meta name=\"author\" content=\"Reda\u00e7\u00e3o\" \/>\n<meta name=\"twitter:card\" content=\"summary_large_image\" \/>\n<meta name=\"twitter:label1\" content=\"Escrito por\" \/>\n\t<meta name=\"twitter:data1\" content=\"Reda\u00e7\u00e3o\" \/>\n\t<meta name=\"twitter:label2\" content=\"Est. tempo de leitura\" \/>\n\t<meta name=\"twitter:data2\" content=\"2 minutos\" \/>\n<script type=\"application\/ld+json\" class=\"yoast-schema-graph\">{\"@context\":\"https:\/\/schema.org\",\"@graph\":[{\"@type\":\"Article\",\"@id\":\"https:\/\/noticiaempauta.com\/portal\/ex-senador-heraclito-fortes-deixa-o-uniao-brasil-e-vai-para-o-psd\/#article\",\"isPartOf\":{\"@id\":\"https:\/\/noticiaempauta.com\/portal\/ex-senador-heraclito-fortes-deixa-o-uniao-brasil-e-vai-para-o-psd\/\"},\"author\":{\"name\":\"Reda\u00e7\u00e3o\",\"@id\":\"https:\/\/noticiaempauta.com\/portal\/#\/schema\/person\/a74af43dd1ab3deca45f988c717d57ac\"},\"headline\":\"Ex-Senador Her\u00e1clito Fortes deixa o Uni\u00e3o Brasil e vai para o PSD\",\"datePublished\":\"2024-12-10T12:14:26+00:00\",\"dateModified\":\"2024-12-10T12:14:27+00:00\",\"mainEntityOfPage\":{\"@id\":\"https:\/\/noticiaempauta.com\/portal\/ex-senador-heraclito-fortes-deixa-o-uniao-brasil-e-vai-para-o-psd\/\"},\"wordCount\":211,\"commentCount\":0,\"publisher\":{\"@id\":\"https:\/\/noticiaempauta.com\/portal\/#organization\"},\"image\":{\"@id\":\"https:\/\/noticiaempauta.com\/portal\/ex-senador-heraclito-fortes-deixa-o-uniao-brasil-e-vai-para-o-psd\/#primaryimage\"},\"thumbnailUrl\":\"https:\/\/noticiaempauta.com\/portal\/wp-content\/uploads\/2024\/12\/unnamed.jpg\",\"articleSection\":[\"Geral\",\"Pol\u00edtica\",\"Todas as Not\u00edcias\"],\"inLanguage\":\"pt-BR\",\"potentialAction\":[{\"@type\":\"CommentAction\",\"name\":\"Comment\",\"target\":[\"https:\/\/noticiaempauta.com\/portal\/ex-senador-heraclito-fortes-deixa-o-uniao-brasil-e-vai-para-o-psd\/#respond\"]}]},{\"@type\":\"WebPage\",\"@id\":\"https:\/\/noticiaempauta.com\/portal\/ex-senador-heraclito-fortes-deixa-o-uniao-brasil-e-vai-para-o-psd\/\",\"url\":\"https:\/\/noticiaempauta.com\/portal\/ex-senador-heraclito-fortes-deixa-o-uniao-brasil-e-vai-para-o-psd\/\",\"name\":\"Ex-Senador Her\u00e1clito Fortes deixa o Uni\u00e3o Brasil e vai para o PSD - Portal Not\u00edcia em Pauta\",\"isPartOf\":{\"@id\":\"https:\/\/noticiaempauta.com\/portal\/#website\"},\"primaryImageOfPage\":{\"@id\":\"https:\/\/noticiaempauta.com\/portal\/ex-senador-heraclito-fortes-deixa-o-uniao-brasil-e-vai-para-o-psd\/#primaryimage\"},\"image\":{\"@id\":\"https:\/\/noticiaempauta.com\/portal\/ex-senador-heraclito-fortes-deixa-o-uniao-brasil-e-vai-para-o-psd\/#primaryimage\"},\"thumbnailUrl\":\"https:\/\/noticiaempauta.com\/portal\/wp-content\/uploads\/2024\/12\/unnamed.jpg\",\"datePublished\":\"2024-12-10T12:14:26+00:00\",\"dateModified\":\"2024-12-10T12:14:27+00:00\",\"breadcrumb\":{\"@id\":\"https:\/\/noticiaempauta.com\/portal\/ex-senador-heraclito-fortes-deixa-o-uniao-brasil-e-vai-para-o-psd\/#breadcrumb\"},\"inLanguage\":\"pt-BR\",\"potentialAction\":[{\"@type\":\"ReadAction\",\"target\":[\"https:\/\/noticiaempauta.com\/portal\/ex-senador-heraclito-fortes-deixa-o-uniao-brasil-e-vai-para-o-psd\/\"]}]},{\"@type\":\"ImageObject\",\"inLanguage\":\"pt-BR\",\"@id\":\"https:\/\/noticiaempauta.com\/portal\/ex-senador-heraclito-fortes-deixa-o-uniao-brasil-e-vai-para-o-psd\/#primaryimage\",\"url\":\"https:\/\/noticiaempauta.com\/portal\/wp-content\/uploads\/2024\/12\/unnamed.jpg\",\"contentUrl\":\"https:\/\/noticiaempauta.com\/portal\/wp-content\/uploads\/2024\/12\/unnamed.jpg\",\"width\":512,\"height\":341},{\"@type\":\"BreadcrumbList\",\"@id\":\"https:\/\/noticiaempauta.com\/portal\/ex-senador-heraclito-fortes-deixa-o-uniao-brasil-e-vai-para-o-psd\/#breadcrumb\",\"itemListElement\":[{\"@type\":\"ListItem\",\"position\":1,\"name\":\"P\u00e1gina Inicial\",\"item\":\"https:\/\/noticiaempauta.com\/portal\/\"},{\"@type\":\"ListItem\",\"position\":2,\"name\":\"Pol\u00edtica\",\"item\":\"https:\/\/noticiaempauta.com\/portal\/politica\/\"},{\"@type\":\"ListItem\",\"position\":3,\"name\":\"Ex-Senador Her\u00e1clito Fortes deixa o Uni\u00e3o Brasil e vai para o PSD\"}]},{\"@type\":\"WebSite\",\"@id\":\"https:\/\/noticiaempauta.com\/portal\/#website\",\"url\":\"https:\/\/noticiaempauta.com\/portal\/\",\"name\":\"Portal Not\u00edcia em Pauta\",\"description\":\"Voc\u00ea bem informado\",\"publisher\":{\"@id\":\"https:\/\/noticiaempauta.com\/portal\/#organization\"},\"potentialAction\":[{\"@type\":\"SearchAction\",\"target\":{\"@type\":\"EntryPoint\",\"urlTemplate\":\"https:\/\/noticiaempauta.com\/portal\/?s={search_term_string}\"},\"query-input\":{\"@type\":\"PropertyValueSpecification\",\"valueRequired\":true,\"valueName\":\"search_term_string\"}}],\"inLanguage\":\"pt-BR\"},{\"@type\":\"Organization\",\"@id\":\"https:\/\/noticiaempauta.com\/portal\/#organization\",\"name\":\"Portal Not\u00edcia em Pauta\",\"url\":\"https:\/\/noticiaempauta.com\/portal\/\",\"logo\":{\"@type\":\"ImageObject\",\"inLanguage\":\"pt-BR\",\"@id\":\"https:\/\/noticiaempauta.com\/portal\/#\/schema\/logo\/image\/\",\"url\":\"https:\/\/noticiaempauta.com\/portal\/wp-content\/uploads\/2022\/08\/logomarca_tema.fw_.png\",\"contentUrl\":\"https:\/\/noticiaempauta.com\/portal\/wp-content\/uploads\/2022\/08\/logomarca_tema.fw_.png\",\"width\":400,\"height\":232,\"caption\":\"Portal Not\u00edcia em Pauta\"},\"image\":{\"@id\":\"https:\/\/noticiaempauta.com\/portal\/#\/schema\/logo\/image\/\"},\"sameAs\":[\"https:\/\/www.facebook.com\/Portal-Notcia-Em-Pauta-102292869264820\/\",\"https:\/\/www.instagram.com\/portalnoticiaempauta\/\"]},{\"@type\":\"Person\",\"@id\":\"https:\/\/noticiaempauta.com\/portal\/#\/schema\/person\/a74af43dd1ab3deca45f988c717d57ac\",\"name\":\"Reda\u00e7\u00e3o\",\"image\":{\"@type\":\"ImageObject\",\"inLanguage\":\"pt-BR\",\"@id\":\"https:\/\/noticiaempauta.com\/portal\/#\/schema\/person\/image\/\",\"url\":\"https:\/\/secure.gravatar.com\/avatar\/03179346ecce6cdfc13361603e8f54242a90e5cde8618fa23c5c00aa2b0aadf3?s=96&d=mm&r=g\",\"contentUrl\":\"https:\/\/secure.gravatar.com\/avatar\/03179346ecce6cdfc13361603e8f54242a90e5cde8618fa23c5c00aa2b0aadf3?s=96&d=mm&r=g\",\"caption\":\"Reda\u00e7\u00e3o\"},\"sameAs\":[\"https:\/\/noticiaempauta.com\/portal\/\"],\"url\":\"https:\/\/noticiaempauta.com\/portal\/author\/fernando\/\"}]}<\/script>\n<!-- \/ Yoast SEO Premium plugin. -->","yoast_head_json":{"title":"Ex-Senador Her\u00e1clito Fortes deixa o Uni\u00e3o Brasil e vai para o PSD - Portal Not\u00edcia em Pauta","robots":{"index":"index","follow":"follow","max-snippet":"max-snippet:-1","max-image-preview":"max-image-preview:large","max-video-preview":"max-video-preview:-1"},"canonical":"https:\/\/noticiaempauta.com\/portal\/ex-senador-heraclito-fortes-deixa-o-uniao-brasil-e-vai-para-o-psd\/","og_locale":"pt_BR","og_type":"article","og_title":"Ex-Senador Her\u00e1clito Fortes deixa o Uni\u00e3o Brasil e vai para o PSD","og_description":"O ex-senador piauiense Her\u00e1clito Fortes trocar\u00e1 o Uni\u00e3o Brasil pelo PSD, ele passar\u00e1 a coordenar, a partir de 2025, o Conselho Pol\u00edtico da sigla de Gilberto Kassab em S\u00e3o Paulo. Interlocutores afirmam que ele \u00e9 um &#8220;entusiasta&#8221; do governador Tarc\u00edsio de Freitas (Republicanos), de quem Kassab \u00e9 secret\u00e1rio. O dirigente partid\u00e1rio comemorou o refor\u00e7o nas [&hellip;]","og_url":"https:\/\/noticiaempauta.com\/portal\/ex-senador-heraclito-fortes-deixa-o-uniao-brasil-e-vai-para-o-psd\/","og_site_name":"Portal Not\u00edcia em Pauta","article_publisher":"https:\/\/www.facebook.com\/Portal-Notcia-Em-Pauta-102292869264820\/","article_published_time":"2024-12-10T12:14:26+00:00","article_modified_time":"2024-12-10T12:14:27+00:00","og_image":[{"width":512,"height":341,"url":"https:\/\/noticiaempauta.com\/portal\/wp-content\/uploads\/2024\/12\/unnamed.jpg","type":"image\/jpeg"}],"author":"Reda\u00e7\u00e3o","twitter_card":"summary_large_image","twitter_misc":{"Escrito por":"Reda\u00e7\u00e3o","Est. tempo de leitura":"2 minutos"},"schema":{"@context":"https:\/\/schema.org","@graph":[{"@type":"Article","@id":"https:\/\/noticiaempauta.com\/portal\/ex-senador-heraclito-fortes-deixa-o-uniao-brasil-e-vai-para-o-psd\/#article","isPartOf":{"@id":"https:\/\/noticiaempauta.com\/portal\/ex-senador-heraclito-fortes-deixa-o-uniao-brasil-e-vai-para-o-psd\/"},"author":{"name":"Reda\u00e7\u00e3o","@id":"https:\/\/noticiaempauta.com\/portal\/#\/schema\/person\/a74af43dd1ab3deca45f988c717d57ac"},"headline":"Ex-Senador Her\u00e1clito Fortes deixa o Uni\u00e3o Brasil e vai para o PSD","datePublished":"2024-12-10T12:14:26+00:00","dateModified":"2024-12-10T12:14:27+00:00","mainEntityOfPage":{"@id":"https:\/\/noticiaempauta.com\/portal\/ex-senador-heraclito-fortes-deixa-o-uniao-brasil-e-vai-para-o-psd\/"},"wordCount":211,"commentCount":0,"publisher":{"@id":"https:\/\/noticiaempauta.com\/portal\/#organization"},"image":{"@id":"https:\/\/noticiaempauta.com\/portal\/ex-senador-heraclito-fortes-deixa-o-uniao-brasil-e-vai-para-o-psd\/#primaryimage"},"thumbnailUrl":"https:\/\/noticiaempauta.com\/portal\/wp-content\/uploads\/2024\/12\/unnamed.jpg","articleSection":["Geral","Pol\u00edtica","Todas as Not\u00edcias"],"inLanguage":"pt-BR","potentialAction":[{"@type":"CommentAction","name":"Comment","target":["https:\/\/noticiaempauta.com\/portal\/ex-senador-heraclito-fortes-deixa-o-uniao-brasil-e-vai-para-o-psd\/#respond"]}]},{"@type":"WebPage","@id":"https:\/\/noticiaempauta.com\/portal\/ex-senador-heraclito-fortes-deixa-o-uniao-brasil-e-vai-para-o-psd\/","url":"https:\/\/noticiaempauta.com\/portal\/ex-senador-heraclito-fortes-deixa-o-uniao-brasil-e-vai-para-o-psd\/","name":"Ex-Senador Her\u00e1clito Fortes deixa o Uni\u00e3o Brasil e vai para o PSD - Portal Not\u00edcia em Pauta","isPartOf":{"@id":"https:\/\/noticiaempauta.com\/portal\/#website"},"primaryImageOfPage":{"@id":"https:\/\/noticiaempauta.com\/portal\/ex-senador-heraclito-fortes-deixa-o-uniao-brasil-e-vai-para-o-psd\/#primaryimage"},"image":{"@id":"https:\/\/noticiaempauta.com\/portal\/ex-senador-heraclito-fortes-deixa-o-uniao-brasil-e-vai-para-o-psd\/#primaryimage"},"thumbnailUrl":"https:\/\/noticiaempauta.com\/portal\/wp-content\/uploads\/2024\/12\/unnamed.jpg","datePublished":"2024-12-10T12:14:26+00:00","dateModified":"2024-12-10T12:14:27+00:00","breadcrumb":{"@id":"https:\/\/noticiaempauta.com\/portal\/ex-senador-heraclito-fortes-deixa-o-uniao-brasil-e-vai-para-o-psd\/#breadcrumb"},"inLanguage":"pt-BR","potentialAction":[{"@type":"ReadAction","target":["https:\/\/noticiaempauta.com\/portal\/ex-senador-heraclito-fortes-deixa-o-uniao-brasil-e-vai-para-o-psd\/"]}]},{"@type":"ImageObject","inLanguage":"pt-BR","@id":"https:\/\/noticiaempauta.com\/portal\/ex-senador-heraclito-fortes-deixa-o-uniao-brasil-e-vai-para-o-psd\/#primaryimage","url":"https:\/\/noticiaempauta.com\/portal\/wp-content\/uploads\/2024\/12\/unnamed.jpg","contentUrl":"https:\/\/noticiaempauta.com\/portal\/wp-content\/uploads\/2024\/12\/unnamed.jpg","width":512,"height":341},{"@type":"BreadcrumbList","@id":"https:\/\/noticiaempauta.com\/portal\/ex-senador-heraclito-fortes-deixa-o-uniao-brasil-e-vai-para-o-psd\/#breadcrumb","itemListElement":[{"@type":"ListItem","position":1,"name":"P\u00e1gina Inicial","item":"https:\/\/noticiaempauta.com\/portal\/"},{"@type":"ListItem","position":2,"name":"Pol\u00edtica","item":"https:\/\/noticiaempauta.com\/portal\/politica\/"},{"@type":"ListItem","position":3,"name":"Ex-Senador Her\u00e1clito Fortes deixa o Uni\u00e3o Brasil e vai para o PSD"}]},{"@type":"WebSite","@id":"https:\/\/noticiaempauta.com\/portal\/#website","url":"https:\/\/noticiaempauta.com\/portal\/","name":"Portal Not\u00edcia em Pauta","description":"Voc\u00ea bem informado","publisher":{"@id":"https:\/\/noticiaempauta.com\/portal\/#organization"},"potentialAction":[{"@type":"SearchAction","target":{"@type":"EntryPoint","urlTemplate":"https:\/\/noticiaempauta.com\/portal\/?s={search_term_string}"},"query-input":{"@type":"PropertyValueSpecification","valueRequired":true,"valueName":"search_term_string"}}],"inLanguage":"pt-BR"},{"@type":"Organization","@id":"https:\/\/noticiaempauta.com\/portal\/#organization","name":"Portal Not\u00edcia em Pauta","url":"https:\/\/noticiaempauta.com\/portal\/","logo":{"@type":"ImageObject","inLanguage":"pt-BR","@id":"https:\/\/noticiaempauta.com\/portal\/#\/schema\/logo\/image\/","url":"https:\/\/noticiaempauta.com\/portal\/wp-content\/uploads\/2022\/08\/logomarca_tema.fw_.png","contentUrl":"https:\/\/noticiaempauta.com\/portal\/wp-content\/uploads\/2022\/08\/logomarca_tema.fw_.png","width":400,"height":232,"caption":"Portal Not\u00edcia em Pauta"},"image":{"@id":"https:\/\/noticiaempauta.com\/portal\/#\/schema\/logo\/image\/"},"sameAs":["https:\/\/www.facebook.com\/Portal-Notcia-Em-Pauta-102292869264820\/","https:\/\/www.instagram.com\/portalnoticiaempauta\/"]},{"@type":"Person","@id":"https:\/\/noticiaempauta.com\/portal\/#\/schema\/person\/a74af43dd1ab3deca45f988c717d57ac","name":"Reda\u00e7\u00e3o","image":{"@type":"ImageObject","inLanguage":"pt-BR","@id":"https:\/\/noticiaempauta.com\/portal\/#\/schema\/person\/image\/","url":"https:\/\/secure.gravatar.com\/avatar\/03179346ecce6cdfc13361603e8f54242a90e5cde8618fa23c5c00aa2b0aadf3?s=96&d=mm&r=g","contentUrl":"https:\/\/secure.gravatar.com\/avatar\/03179346ecce6cdfc13361603e8f54242a90e5cde8618fa23c5c00aa2b0aadf3?s=96&d=mm&r=g","caption":"Reda\u00e7\u00e3o"},"sameAs":["https:\/\/noticiaempauta.com\/portal\/"],"url":"https:\/\/noticiaempauta.com\/portal\/author\/fernando\/"}]}},"_links":{"self":[{"href":"https:\/\/noticiaempauta.com\/portal\/wp-json\/wp\/v2\/posts\/264959","targetHints":{"allow":["GET"]}}],"collection":[{"href":"https:\/\/noticiaempauta.com\/portal\/wp-json\/wp\/v2\/posts"}],"about":[{"href":"https:\/\/noticiaempauta.com\/portal\/wp-json\/wp\/v2\/types\/post"}],"author":[{"embeddable":true,"href":"https:\/\/noticiaempauta.com\/portal\/wp-json\/wp\/v2\/users\/2"}],"replies":[{"embeddable":true,"href":"https:\/\/noticiaempauta.com\/portal\/wp-json\/wp\/v2\/comments?post=264959"}],"version-history":[{"count":1,"href":"https:\/\/noticiaempauta.com\/portal\/wp-json\/wp\/v2\/posts\/264959\/revisions"}],"predecessor-version":[{"id":264962,"href":"https:\/\/noticiaempauta.com\/portal\/wp-json\/wp\/v2\/posts\/264959\/revisions\/264962"}],"wp:featuredmedia":[{"embeddable":true,"href":"https:\/\/noticiaempauta.com\/portal\/wp-json\/wp\/v2\/media\/264961"}],"wp:attachment":[{"href":"https:\/\/noticiaempauta.com\/portal\/wp-json\/wp\/v2\/media?parent=264959"}],"wp:term":[{"taxonomy":"category","embeddable":true,"href":"https:\/\/noticiaempauta.com\/portal\/wp-json\/wp\/v2\/categories?post=264959"},{"taxonomy":"post_tag","embeddable":true,"href":"https:\/\/noticiaempauta.com\/portal\/wp-json\/wp\/v2\/tags?post=264959"}],"curies":[{"name":"wp","href":"https:\/\/api.w.org\/{rel}","templated":true}]}}