{"id":264963,"date":"2024-12-10T09:18:49","date_gmt":"2024-12-10T12:18:49","guid":{"rendered":"https:\/\/noticiaempauta.com\/portal\/?p=264963"},"modified":"2024-12-10T09:26:40","modified_gmt":"2024-12-10T12:26:40","slug":"aumento-do-icms-sobre-compras-internacionais-gera-reacao-de-empresas-e-consumidores","status":"publish","type":"post","link":"https:\/\/noticiaempauta.com\/portal\/aumento-do-icms-sobre-compras-internacionais-gera-reacao-de-empresas-e-consumidores\/","title":{"rendered":"Aumento do ICMS sobre compras internacionais gera rea\u00e7\u00e3o de empresas e consumidores"},"content":{"rendered":"\n<p>Os estados brasileiros decidiram elevar a al\u00edquota do\u00a0Imposto de Circula\u00e7\u00e3o de Mercadorias e Servi\u00e7os (ICMS) de 17% para 20% sobre as encomendas internacionais, com vig\u00eancia prevista a partir de abril de 2025.\u00a0A medida, segundo o\u00a0Comit\u00ea Nacional de Secret\u00e1rios de Fazenda (Comsefaz),\u00a0tem como objetivo alinhar a tributa\u00e7\u00e3o dos produtos importados \u00e0 praticada no mercado interno, fortalecendo a ind\u00fastria e o com\u00e9rcio nacionais. Contudo,\u00a0empresas de e-commerce como Shein e AliExpress\u00a0criticaram duramente a decis\u00e3o, alertando para o impacto nos pre\u00e7os finais ao consumidor.<\/p>\n\n\n\n<p>De acordo com a Shein, a carga tribut\u00e1ria atual em compras internacionais de at\u00e9 US$ 50 \u00e9 de 44,5%, somando ICMS estadual e imposto de importa\u00e7\u00e3o. Com o aumento do ICMS, essa carga pode subir para 50%. A empresa exemplificou que um vestido de R$ 100, que hoje tem pre\u00e7o final de R$ 144,50, passaria a custar R$ 150. Em nota, a Shein destacou que a medida impacta desproporcionalmente consumidores das classes C, D e E, que representam 88% de seus clientes no Brasil.<\/p>\n\n\n\n<h3 class=\"wp-block-heading\">Queda nas remessas<\/h3>\n\n\n\n<p>A AliExpress tamb\u00e9m manifestou preocupa\u00e7\u00e3o, afirmando que o aumento da al\u00edquota eleva a carga tribut\u00e1ria efetiva de produtos acima de US$ 50 para 50% e, em alguns casos, chega a 100%.\u00a0A empresa mencionou que dados da Receita Federal indicam uma queda de 40% nas remessas internacionais desde que o imposto de importa\u00e7\u00e3o para compras abaixo de US$ 50 foi ampliado para 20%\u00a0em agosto deste ano. Segundo a plataforma, a medida prejudica os consumidores brasileiros e dificulta o acesso a produtos acess\u00edveis.<\/p>\n\n\n\n<h3 class=\"wp-block-heading\">Isonomia tribut\u00e1ria<\/h3>\n\n\n\n<p>Por outro lado, o\u00a0presidente do Instituto para Desenvolvimento do Varejo (IDV), Jorge Gon\u00e7alves Filho,\u00a0defendeu o aumento do ICMS como um passo rumo \u00e0 isonomia tribut\u00e1ria entre produtos nacionais e importados. Ele destacou que a carga tribut\u00e1ria sobre produtos nacionais chega a 90%, enquanto a dos importados \u00e9 menor, mesmo ap\u00f3s o reajuste. Para o IDV, o impacto no pre\u00e7o final dos produtos importados ser\u00e1 pequeno, estimado em 3,7%.<\/p>\n\n\n\n<h3 class=\"wp-block-heading\">Justificativa<\/h3>\n\n\n\n<p>O\u00a0Comsefaz,\u00a0por sua vez, justificou que a medida visa proteger o mercado interno, promovendo o consumo de bens produzidos no Brasil e estimulando a gera\u00e7\u00e3o de empregos. A implementa\u00e7\u00e3o do novo ICMS, contudo, depender\u00e1 da aprova\u00e7\u00e3o das\u00a0Assembleias Legislativas nos estados onde a al\u00edquota modal \u00e9 inferior a 20%.<\/p>\n\n\n\n<h3 class=\"wp-block-heading\">Posi\u00e7\u00e3o das empresas<\/h3>\n\n\n\n<p>Empresas de e-commerce afirmam compreender a necessidade de controle das contas p\u00fablicas,\u00a0mas consideram que a medida transfere de forma injusta o \u00f4nus tribut\u00e1rio para os consumidores,\u00a0especialmente os de baixa renda. Ambas as companhias reafirmaram seu compromisso com o mercado brasileiro e disseram que buscar\u00e3o maneiras de mitigar os impactos para os clientes.<\/p>\n\n\n\n<p>Meio News<\/p>\n","protected":false},"excerpt":{"rendered":"<p>De acordo com a Shein, a carga tribut\u00e1ria atual em compras internacionais de at\u00e9 US$ 50 \u00e9 de 44,5%, somando ICMS estadual e imposto de importa\u00e7\u00e3o.<\/p>\n","protected":false},"author":2,"featured_media":264964,"comment_status":"open","ping_status":"open","sticky":false,"template":"","format":"standard","meta":{"_mi_skip_tracking":false,"footnotes":""},"categories":[25,6,1,16],"tags":[192],"class_list":["post-264963","post","type-post","status-publish","format-standard","has-post-thumbnail","hentry","category-destaques-site","category-economia","category-geral","category-todas","tag-destaqueprincipal"],"acf":[],"yoast_head":"<!-- This site is optimized with the Yoast SEO Premium plugin v19.2 (Yoast SEO v26.9) - https:\/\/yoast.com\/product\/yoast-seo-premium-wordpress\/ -->\n<title>Aumento do ICMS sobre compras internacionais gera rea\u00e7\u00e3o de empresas e consumidores - Portal Not\u00edcia em Pauta<\/title>\n<meta name=\"robots\" content=\"index, follow, max-snippet:-1, max-image-preview:large, max-video-preview:-1\" \/>\n<link rel=\"canonical\" href=\"https:\/\/noticiaempauta.com\/portal\/aumento-do-icms-sobre-compras-internacionais-gera-reacao-de-empresas-e-consumidores\/\" \/>\n<meta property=\"og:locale\" content=\"pt_BR\" \/>\n<meta property=\"og:type\" content=\"article\" \/>\n<meta property=\"og:title\" content=\"Aumento do ICMS sobre compras internacionais gera rea\u00e7\u00e3o de empresas e consumidores\" \/>\n<meta property=\"og:description\" content=\"De acordo com a Shein, a carga tribut\u00e1ria atual em compras internacionais de at\u00e9 US$ 50 \u00e9 de 44,5%, somando ICMS estadual e imposto de importa\u00e7\u00e3o.\" \/>\n<meta property=\"og:url\" content=\"https:\/\/noticiaempauta.com\/portal\/aumento-do-icms-sobre-compras-internacionais-gera-reacao-de-empresas-e-consumidores\/\" \/>\n<meta property=\"og:site_name\" content=\"Portal Not\u00edcia em Pauta\" \/>\n<meta property=\"article:publisher\" content=\"https:\/\/www.facebook.com\/Portal-Notcia-Em-Pauta-102292869264820\/\" \/>\n<meta property=\"article:published_time\" content=\"2024-12-10T12:18:49+00:00\" \/>\n<meta property=\"article:modified_time\" content=\"2024-12-10T12:26:40+00:00\" \/>\n<meta property=\"og:image\" content=\"https:\/\/noticiaempauta.com\/portal\/wp-content\/uploads\/2024\/12\/aumento-do-icms-sobre-compras-internacionais-gera-reacao-de-empresas-e-consumidores-53e650e0-d1de-4d4c-b972-5102e6366558.jpg.webp\" \/>\n\t<meta property=\"og:image:width\" content=\"920\" \/>\n\t<meta property=\"og:image:height\" content=\"600\" \/>\n\t<meta property=\"og:image:type\" content=\"image\/webp\" \/>\n<meta name=\"author\" content=\"Reda\u00e7\u00e3o\" \/>\n<meta name=\"twitter:card\" content=\"summary_large_image\" \/>\n<meta name=\"twitter:label1\" content=\"Escrito por\" \/>\n\t<meta name=\"twitter:data1\" content=\"Reda\u00e7\u00e3o\" \/>\n\t<meta name=\"twitter:label2\" content=\"Est. tempo de leitura\" \/>\n\t<meta name=\"twitter:data2\" content=\"3 minutos\" \/>\n<script type=\"application\/ld+json\" class=\"yoast-schema-graph\">{\"@context\":\"https:\/\/schema.org\",\"@graph\":[{\"@type\":\"Article\",\"@id\":\"https:\/\/noticiaempauta.com\/portal\/aumento-do-icms-sobre-compras-internacionais-gera-reacao-de-empresas-e-consumidores\/#article\",\"isPartOf\":{\"@id\":\"https:\/\/noticiaempauta.com\/portal\/aumento-do-icms-sobre-compras-internacionais-gera-reacao-de-empresas-e-consumidores\/\"},\"author\":{\"name\":\"Reda\u00e7\u00e3o\",\"@id\":\"https:\/\/noticiaempauta.com\/portal\/#\/schema\/person\/a74af43dd1ab3deca45f988c717d57ac\"},\"headline\":\"Aumento do ICMS sobre compras internacionais gera rea\u00e7\u00e3o de empresas e consumidores\",\"datePublished\":\"2024-12-10T12:18:49+00:00\",\"dateModified\":\"2024-12-10T12:26:40+00:00\",\"mainEntityOfPage\":{\"@id\":\"https:\/\/noticiaempauta.com\/portal\/aumento-do-icms-sobre-compras-internacionais-gera-reacao-de-empresas-e-consumidores\/\"},\"wordCount\":460,\"commentCount\":0,\"publisher\":{\"@id\":\"https:\/\/noticiaempauta.com\/portal\/#organization\"},\"image\":{\"@id\":\"https:\/\/noticiaempauta.com\/portal\/aumento-do-icms-sobre-compras-internacionais-gera-reacao-de-empresas-e-consumidores\/#primaryimage\"},\"thumbnailUrl\":\"https:\/\/noticiaempauta.com\/portal\/wp-content\/uploads\/2024\/12\/aumento-do-icms-sobre-compras-internacionais-gera-reacao-de-empresas-e-consumidores-53e650e0-d1de-4d4c-b972-5102e6366558.jpg.webp\",\"keywords\":[\"destaqueprincipal\"],\"articleSection\":[\"Destaques\",\"Economia\",\"Geral\",\"Todas as Not\u00edcias\"],\"inLanguage\":\"pt-BR\",\"potentialAction\":[{\"@type\":\"CommentAction\",\"name\":\"Comment\",\"target\":[\"https:\/\/noticiaempauta.com\/portal\/aumento-do-icms-sobre-compras-internacionais-gera-reacao-de-empresas-e-consumidores\/#respond\"]}]},{\"@type\":\"WebPage\",\"@id\":\"https:\/\/noticiaempauta.com\/portal\/aumento-do-icms-sobre-compras-internacionais-gera-reacao-de-empresas-e-consumidores\/\",\"url\":\"https:\/\/noticiaempauta.com\/portal\/aumento-do-icms-sobre-compras-internacionais-gera-reacao-de-empresas-e-consumidores\/\",\"name\":\"Aumento do ICMS sobre compras internacionais gera rea\u00e7\u00e3o de empresas e consumidores - Portal Not\u00edcia em Pauta\",\"isPartOf\":{\"@id\":\"https:\/\/noticiaempauta.com\/portal\/#website\"},\"primaryImageOfPage\":{\"@id\":\"https:\/\/noticiaempauta.com\/portal\/aumento-do-icms-sobre-compras-internacionais-gera-reacao-de-empresas-e-consumidores\/#primaryimage\"},\"image\":{\"@id\":\"https:\/\/noticiaempauta.com\/portal\/aumento-do-icms-sobre-compras-internacionais-gera-reacao-de-empresas-e-consumidores\/#primaryimage\"},\"thumbnailUrl\":\"https:\/\/noticiaempauta.com\/portal\/wp-content\/uploads\/2024\/12\/aumento-do-icms-sobre-compras-internacionais-gera-reacao-de-empresas-e-consumidores-53e650e0-d1de-4d4c-b972-5102e6366558.jpg.webp\",\"datePublished\":\"2024-12-10T12:18:49+00:00\",\"dateModified\":\"2024-12-10T12:26:40+00:00\",\"breadcrumb\":{\"@id\":\"https:\/\/noticiaempauta.com\/portal\/aumento-do-icms-sobre-compras-internacionais-gera-reacao-de-empresas-e-consumidores\/#breadcrumb\"},\"inLanguage\":\"pt-BR\",\"potentialAction\":[{\"@type\":\"ReadAction\",\"target\":[\"https:\/\/noticiaempauta.com\/portal\/aumento-do-icms-sobre-compras-internacionais-gera-reacao-de-empresas-e-consumidores\/\"]}]},{\"@type\":\"ImageObject\",\"inLanguage\":\"pt-BR\",\"@id\":\"https:\/\/noticiaempauta.com\/portal\/aumento-do-icms-sobre-compras-internacionais-gera-reacao-de-empresas-e-consumidores\/#primaryimage\",\"url\":\"https:\/\/noticiaempauta.com\/portal\/wp-content\/uploads\/2024\/12\/aumento-do-icms-sobre-compras-internacionais-gera-reacao-de-empresas-e-consumidores-53e650e0-d1de-4d4c-b972-5102e6366558.jpg.webp\",\"contentUrl\":\"https:\/\/noticiaempauta.com\/portal\/wp-content\/uploads\/2024\/12\/aumento-do-icms-sobre-compras-internacionais-gera-reacao-de-empresas-e-consumidores-53e650e0-d1de-4d4c-b972-5102e6366558.jpg.webp\",\"width\":920,\"height\":600},{\"@type\":\"BreadcrumbList\",\"@id\":\"https:\/\/noticiaempauta.com\/portal\/aumento-do-icms-sobre-compras-internacionais-gera-reacao-de-empresas-e-consumidores\/#breadcrumb\",\"itemListElement\":[{\"@type\":\"ListItem\",\"position\":1,\"name\":\"P\u00e1gina Inicial\",\"item\":\"https:\/\/noticiaempauta.com\/portal\/\"},{\"@type\":\"ListItem\",\"position\":2,\"name\":\"Destaques\",\"item\":\"https:\/\/noticiaempauta.com\/portal\/destaques-site\/\"},{\"@type\":\"ListItem\",\"position\":3,\"name\":\"Aumento do ICMS sobre compras internacionais gera rea\u00e7\u00e3o de empresas e consumidores\"}]},{\"@type\":\"WebSite\",\"@id\":\"https:\/\/noticiaempauta.com\/portal\/#website\",\"url\":\"https:\/\/noticiaempauta.com\/portal\/\",\"name\":\"Portal Not\u00edcia em Pauta\",\"description\":\"Voc\u00ea bem informado\",\"publisher\":{\"@id\":\"https:\/\/noticiaempauta.com\/portal\/#organization\"},\"potentialAction\":[{\"@type\":\"SearchAction\",\"target\":{\"@type\":\"EntryPoint\",\"urlTemplate\":\"https:\/\/noticiaempauta.com\/portal\/?s={search_term_string}\"},\"query-input\":{\"@type\":\"PropertyValueSpecification\",\"valueRequired\":true,\"valueName\":\"search_term_string\"}}],\"inLanguage\":\"pt-BR\"},{\"@type\":\"Organization\",\"@id\":\"https:\/\/noticiaempauta.com\/portal\/#organization\",\"name\":\"Portal Not\u00edcia em Pauta\",\"url\":\"https:\/\/noticiaempauta.com\/portal\/\",\"logo\":{\"@type\":\"ImageObject\",\"inLanguage\":\"pt-BR\",\"@id\":\"https:\/\/noticiaempauta.com\/portal\/#\/schema\/logo\/image\/\",\"url\":\"https:\/\/noticiaempauta.com\/portal\/wp-content\/uploads\/2022\/08\/logomarca_tema.fw_.png\",\"contentUrl\":\"https:\/\/noticiaempauta.com\/portal\/wp-content\/uploads\/2022\/08\/logomarca_tema.fw_.png\",\"width\":400,\"height\":232,\"caption\":\"Portal Not\u00edcia em Pauta\"},\"image\":{\"@id\":\"https:\/\/noticiaempauta.com\/portal\/#\/schema\/logo\/image\/\"},\"sameAs\":[\"https:\/\/www.facebook.com\/Portal-Notcia-Em-Pauta-102292869264820\/\",\"https:\/\/www.instagram.com\/portalnoticiaempauta\/\"]},{\"@type\":\"Person\",\"@id\":\"https:\/\/noticiaempauta.com\/portal\/#\/schema\/person\/a74af43dd1ab3deca45f988c717d57ac\",\"name\":\"Reda\u00e7\u00e3o\",\"image\":{\"@type\":\"ImageObject\",\"inLanguage\":\"pt-BR\",\"@id\":\"https:\/\/noticiaempauta.com\/portal\/#\/schema\/person\/image\/\",\"url\":\"https:\/\/secure.gravatar.com\/avatar\/03179346ecce6cdfc13361603e8f54242a90e5cde8618fa23c5c00aa2b0aadf3?s=96&d=mm&r=g\",\"contentUrl\":\"https:\/\/secure.gravatar.com\/avatar\/03179346ecce6cdfc13361603e8f54242a90e5cde8618fa23c5c00aa2b0aadf3?s=96&d=mm&r=g\",\"caption\":\"Reda\u00e7\u00e3o\"},\"sameAs\":[\"https:\/\/noticiaempauta.com\/portal\/\"],\"url\":\"https:\/\/noticiaempauta.com\/portal\/author\/fernando\/\"}]}<\/script>\n<!-- \/ Yoast SEO Premium plugin. -->","yoast_head_json":{"title":"Aumento do ICMS sobre compras internacionais gera rea\u00e7\u00e3o de empresas e consumidores - Portal Not\u00edcia em Pauta","robots":{"index":"index","follow":"follow","max-snippet":"max-snippet:-1","max-image-preview":"max-image-preview:large","max-video-preview":"max-video-preview:-1"},"canonical":"https:\/\/noticiaempauta.com\/portal\/aumento-do-icms-sobre-compras-internacionais-gera-reacao-de-empresas-e-consumidores\/","og_locale":"pt_BR","og_type":"article","og_title":"Aumento do ICMS sobre compras internacionais gera rea\u00e7\u00e3o de empresas e consumidores","og_description":"De acordo com a Shein, a carga tribut\u00e1ria atual em compras internacionais de at\u00e9 US$ 50 \u00e9 de 44,5%, somando ICMS estadual e imposto de importa\u00e7\u00e3o.","og_url":"https:\/\/noticiaempauta.com\/portal\/aumento-do-icms-sobre-compras-internacionais-gera-reacao-de-empresas-e-consumidores\/","og_site_name":"Portal Not\u00edcia em Pauta","article_publisher":"https:\/\/www.facebook.com\/Portal-Notcia-Em-Pauta-102292869264820\/","article_published_time":"2024-12-10T12:18:49+00:00","article_modified_time":"2024-12-10T12:26:40+00:00","og_image":[{"width":920,"height":600,"url":"https:\/\/noticiaempauta.com\/portal\/wp-content\/uploads\/2024\/12\/aumento-do-icms-sobre-compras-internacionais-gera-reacao-de-empresas-e-consumidores-53e650e0-d1de-4d4c-b972-5102e6366558.jpg.webp","type":"image\/webp"}],"author":"Reda\u00e7\u00e3o","twitter_card":"summary_large_image","twitter_misc":{"Escrito por":"Reda\u00e7\u00e3o","Est. tempo de leitura":"3 minutos"},"schema":{"@context":"https:\/\/schema.org","@graph":[{"@type":"Article","@id":"https:\/\/noticiaempauta.com\/portal\/aumento-do-icms-sobre-compras-internacionais-gera-reacao-de-empresas-e-consumidores\/#article","isPartOf":{"@id":"https:\/\/noticiaempauta.com\/portal\/aumento-do-icms-sobre-compras-internacionais-gera-reacao-de-empresas-e-consumidores\/"},"author":{"name":"Reda\u00e7\u00e3o","@id":"https:\/\/noticiaempauta.com\/portal\/#\/schema\/person\/a74af43dd1ab3deca45f988c717d57ac"},"headline":"Aumento do ICMS sobre compras internacionais gera rea\u00e7\u00e3o de empresas e consumidores","datePublished":"2024-12-10T12:18:49+00:00","dateModified":"2024-12-10T12:26:40+00:00","mainEntityOfPage":{"@id":"https:\/\/noticiaempauta.com\/portal\/aumento-do-icms-sobre-compras-internacionais-gera-reacao-de-empresas-e-consumidores\/"},"wordCount":460,"commentCount":0,"publisher":{"@id":"https:\/\/noticiaempauta.com\/portal\/#organization"},"image":{"@id":"https:\/\/noticiaempauta.com\/portal\/aumento-do-icms-sobre-compras-internacionais-gera-reacao-de-empresas-e-consumidores\/#primaryimage"},"thumbnailUrl":"https:\/\/noticiaempauta.com\/portal\/wp-content\/uploads\/2024\/12\/aumento-do-icms-sobre-compras-internacionais-gera-reacao-de-empresas-e-consumidores-53e650e0-d1de-4d4c-b972-5102e6366558.jpg.webp","keywords":["destaqueprincipal"],"articleSection":["Destaques","Economia","Geral","Todas as Not\u00edcias"],"inLanguage":"pt-BR","potentialAction":[{"@type":"CommentAction","name":"Comment","target":["https:\/\/noticiaempauta.com\/portal\/aumento-do-icms-sobre-compras-internacionais-gera-reacao-de-empresas-e-consumidores\/#respond"]}]},{"@type":"WebPage","@id":"https:\/\/noticiaempauta.com\/portal\/aumento-do-icms-sobre-compras-internacionais-gera-reacao-de-empresas-e-consumidores\/","url":"https:\/\/noticiaempauta.com\/portal\/aumento-do-icms-sobre-compras-internacionais-gera-reacao-de-empresas-e-consumidores\/","name":"Aumento do ICMS sobre compras internacionais gera rea\u00e7\u00e3o de empresas e consumidores - Portal Not\u00edcia em Pauta","isPartOf":{"@id":"https:\/\/noticiaempauta.com\/portal\/#website"},"primaryImageOfPage":{"@id":"https:\/\/noticiaempauta.com\/portal\/aumento-do-icms-sobre-compras-internacionais-gera-reacao-de-empresas-e-consumidores\/#primaryimage"},"image":{"@id":"https:\/\/noticiaempauta.com\/portal\/aumento-do-icms-sobre-compras-internacionais-gera-reacao-de-empresas-e-consumidores\/#primaryimage"},"thumbnailUrl":"https:\/\/noticiaempauta.com\/portal\/wp-content\/uploads\/2024\/12\/aumento-do-icms-sobre-compras-internacionais-gera-reacao-de-empresas-e-consumidores-53e650e0-d1de-4d4c-b972-5102e6366558.jpg.webp","datePublished":"2024-12-10T12:18:49+00:00","dateModified":"2024-12-10T12:26:40+00:00","breadcrumb":{"@id":"https:\/\/noticiaempauta.com\/portal\/aumento-do-icms-sobre-compras-internacionais-gera-reacao-de-empresas-e-consumidores\/#breadcrumb"},"inLanguage":"pt-BR","potentialAction":[{"@type":"ReadAction","target":["https:\/\/noticiaempauta.com\/portal\/aumento-do-icms-sobre-compras-internacionais-gera-reacao-de-empresas-e-consumidores\/"]}]},{"@type":"ImageObject","inLanguage":"pt-BR","@id":"https:\/\/noticiaempauta.com\/portal\/aumento-do-icms-sobre-compras-internacionais-gera-reacao-de-empresas-e-consumidores\/#primaryimage","url":"https:\/\/noticiaempauta.com\/portal\/wp-content\/uploads\/2024\/12\/aumento-do-icms-sobre-compras-internacionais-gera-reacao-de-empresas-e-consumidores-53e650e0-d1de-4d4c-b972-5102e6366558.jpg.webp","contentUrl":"https:\/\/noticiaempauta.com\/portal\/wp-content\/uploads\/2024\/12\/aumento-do-icms-sobre-compras-internacionais-gera-reacao-de-empresas-e-consumidores-53e650e0-d1de-4d4c-b972-5102e6366558.jpg.webp","width":920,"height":600},{"@type":"BreadcrumbList","@id":"https:\/\/noticiaempauta.com\/portal\/aumento-do-icms-sobre-compras-internacionais-gera-reacao-de-empresas-e-consumidores\/#breadcrumb","itemListElement":[{"@type":"ListItem","position":1,"name":"P\u00e1gina Inicial","item":"https:\/\/noticiaempauta.com\/portal\/"},{"@type":"ListItem","position":2,"name":"Destaques","item":"https:\/\/noticiaempauta.com\/portal\/destaques-site\/"},{"@type":"ListItem","position":3,"name":"Aumento do ICMS sobre compras internacionais gera rea\u00e7\u00e3o de empresas e consumidores"}]},{"@type":"WebSite","@id":"https:\/\/noticiaempauta.com\/portal\/#website","url":"https:\/\/noticiaempauta.com\/portal\/","name":"Portal Not\u00edcia em Pauta","description":"Voc\u00ea bem informado","publisher":{"@id":"https:\/\/noticiaempauta.com\/portal\/#organization"},"potentialAction":[{"@type":"SearchAction","target":{"@type":"EntryPoint","urlTemplate":"https:\/\/noticiaempauta.com\/portal\/?s={search_term_string}"},"query-input":{"@type":"PropertyValueSpecification","valueRequired":true,"valueName":"search_term_string"}}],"inLanguage":"pt-BR"},{"@type":"Organization","@id":"https:\/\/noticiaempauta.com\/portal\/#organization","name":"Portal Not\u00edcia em Pauta","url":"https:\/\/noticiaempauta.com\/portal\/","logo":{"@type":"ImageObject","inLanguage":"pt-BR","@id":"https:\/\/noticiaempauta.com\/portal\/#\/schema\/logo\/image\/","url":"https:\/\/noticiaempauta.com\/portal\/wp-content\/uploads\/2022\/08\/logomarca_tema.fw_.png","contentUrl":"https:\/\/noticiaempauta.com\/portal\/wp-content\/uploads\/2022\/08\/logomarca_tema.fw_.png","width":400,"height":232,"caption":"Portal Not\u00edcia em Pauta"},"image":{"@id":"https:\/\/noticiaempauta.com\/portal\/#\/schema\/logo\/image\/"},"sameAs":["https:\/\/www.facebook.com\/Portal-Notcia-Em-Pauta-102292869264820\/","https:\/\/www.instagram.com\/portalnoticiaempauta\/"]},{"@type":"Person","@id":"https:\/\/noticiaempauta.com\/portal\/#\/schema\/person\/a74af43dd1ab3deca45f988c717d57ac","name":"Reda\u00e7\u00e3o","image":{"@type":"ImageObject","inLanguage":"pt-BR","@id":"https:\/\/noticiaempauta.com\/portal\/#\/schema\/person\/image\/","url":"https:\/\/secure.gravatar.com\/avatar\/03179346ecce6cdfc13361603e8f54242a90e5cde8618fa23c5c00aa2b0aadf3?s=96&d=mm&r=g","contentUrl":"https:\/\/secure.gravatar.com\/avatar\/03179346ecce6cdfc13361603e8f54242a90e5cde8618fa23c5c00aa2b0aadf3?s=96&d=mm&r=g","caption":"Reda\u00e7\u00e3o"},"sameAs":["https:\/\/noticiaempauta.com\/portal\/"],"url":"https:\/\/noticiaempauta.com\/portal\/author\/fernando\/"}]}},"_links":{"self":[{"href":"https:\/\/noticiaempauta.com\/portal\/wp-json\/wp\/v2\/posts\/264963","targetHints":{"allow":["GET"]}}],"collection":[{"href":"https:\/\/noticiaempauta.com\/portal\/wp-json\/wp\/v2\/posts"}],"about":[{"href":"https:\/\/noticiaempauta.com\/portal\/wp-json\/wp\/v2\/types\/post"}],"author":[{"embeddable":true,"href":"https:\/\/noticiaempauta.com\/portal\/wp-json\/wp\/v2\/users\/2"}],"replies":[{"embeddable":true,"href":"https:\/\/noticiaempauta.com\/portal\/wp-json\/wp\/v2\/comments?post=264963"}],"version-history":[{"count":6,"href":"https:\/\/noticiaempauta.com\/portal\/wp-json\/wp\/v2\/posts\/264963\/revisions"}],"predecessor-version":[{"id":264971,"href":"https:\/\/noticiaempauta.com\/portal\/wp-json\/wp\/v2\/posts\/264963\/revisions\/264971"}],"wp:featuredmedia":[{"embeddable":true,"href":"https:\/\/noticiaempauta.com\/portal\/wp-json\/wp\/v2\/media\/264964"}],"wp:attachment":[{"href":"https:\/\/noticiaempauta.com\/portal\/wp-json\/wp\/v2\/media?parent=264963"}],"wp:term":[{"taxonomy":"category","embeddable":true,"href":"https:\/\/noticiaempauta.com\/portal\/wp-json\/wp\/v2\/categories?post=264963"},{"taxonomy":"post_tag","embeddable":true,"href":"https:\/\/noticiaempauta.com\/portal\/wp-json\/wp\/v2\/tags?post=264963"}],"curies":[{"name":"wp","href":"https:\/\/api.w.org\/{rel}","templated":true}]}}