{"id":264974,"date":"2024-12-10T15:09:59","date_gmt":"2024-12-10T18:09:59","guid":{"rendered":"https:\/\/noticiaempauta.com\/portal\/?p=264974"},"modified":"2024-12-10T15:10:01","modified_gmt":"2024-12-10T18:10:01","slug":"frank-aguiar-comemora-33-anos-de-carreira-com-seu-primeiro-disco-acustico","status":"publish","type":"post","link":"https:\/\/noticiaempauta.com\/portal\/frank-aguiar-comemora-33-anos-de-carreira-com-seu-primeiro-disco-acustico\/","title":{"rendered":"Frank Aguiar comemora 33 anos de carreira com seu primeiro disco ac\u00fastico"},"content":{"rendered":"\n<p>O Disco \u2018Frank Aguiar Ac\u00fastico\u2019 conta com 10 faixas, e ser\u00e1 o primeiro projeto ac\u00fastico de sua jornada musical. Segundo o artista, os f\u00e3s est\u00e3o prestes a ver um de seus trabalhos mais sens\u00edveis artisticamente: \u201cEu diria que \u00e9 o disco mais especial da minha carreira, onde eu comemoro meus 33 anos de hist\u00f3ria na m\u00fasica\u201d, afirma.<\/p>\n\n\n\n<figure class=\"wp-block-image size-full\"><img fetchpriority=\"high\" decoding=\"async\" width=\"620\" height=\"477\" src=\"https:\/\/noticiaempauta.com\/portal\/wp-content\/uploads\/2024\/12\/WhatsApp-Image-2024-12-06-at-12.36.30-2-620x620-1.jpeg\" alt=\"\" class=\"wp-image-264976\" srcset=\"https:\/\/noticiaempauta.com\/portal\/wp-content\/uploads\/2024\/12\/WhatsApp-Image-2024-12-06-at-12.36.30-2-620x620-1.jpeg 620w, https:\/\/noticiaempauta.com\/portal\/wp-content\/uploads\/2024\/12\/WhatsApp-Image-2024-12-06-at-12.36.30-2-620x620-1-300x231.jpeg 300w\" sizes=\"(max-width: 620px) 100vw, 620px\" \/><\/figure>\n\n\n\n<p>As obras foram cuidadosamente selecionadas e o \u00e1lbum contempla uma faixa in\u00e9dita. O t\u00edtulo \u2018A liberdade \u00e9 o que nos prende\u2019 \u00e9 uma homenagem a sua Arara, que vive em liberdade em sua resid\u00eancia, a can\u00e7\u00e3o demonstra todo o amor, carinho e respeito que o autor tem pela natureza e os animais. Um convite a reconhecer o verdadeiro significado de amor e liberdade, destacado no marcante verso \u2018O amor n\u00e3o prende, o amor solta\u2019. A composi\u00e7\u00e3o \u00e9 uma parceria com a cantora Renyvia Medeiros.<\/p>\n\n\n\n<figure class=\"wp-block-image size-large\"><img decoding=\"async\" width=\"682\" height=\"1024\" src=\"https:\/\/noticiaempauta.com\/portal\/wp-content\/uploads\/2024\/12\/WhatsApp-Image-2024-12-06-at-12.36.30-1-768x1153-1-682x1024.jpeg\" alt=\"\" class=\"wp-image-264975\" srcset=\"https:\/\/noticiaempauta.com\/portal\/wp-content\/uploads\/2024\/12\/WhatsApp-Image-2024-12-06-at-12.36.30-1-768x1153-1-682x1024.jpeg 682w, https:\/\/noticiaempauta.com\/portal\/wp-content\/uploads\/2024\/12\/WhatsApp-Image-2024-12-06-at-12.36.30-1-768x1153-1-200x300.jpeg 200w, https:\/\/noticiaempauta.com\/portal\/wp-content\/uploads\/2024\/12\/WhatsApp-Image-2024-12-06-at-12.36.30-1-768x1153-1.jpeg 768w\" sizes=\"(max-width: 682px) 100vw, 682px\" \/><\/figure>\n\n\n\n<p>Outras nove faixas comp\u00f5em o disco, sendo releituras de grandes hits brasileiros, as obras atemporais como \u2018Fico Assim Sem Voc\u00ea\u2019; \u2018Casinha Branca\u2019; \u2018Ainda Bem\u2019 e outras se destacam em uma performance intimista e apaixonante na doce voz de Frank Aguiar.<\/p>\n\n\n\n<p>Deixe-se embalar por essa nova experi\u00eancia, cheia de intimidade e sensibilidade do cantor. Ou\u00e7a e assista \u201cFrank Aguiar Ac\u00fastico\u201d https:\/\/tratore.ffm.to\/frankaguiaracustico<\/p>\n\n\n\n<p>Analice Nicolou\/JornaldeBrasilia<\/p>\n","protected":false},"excerpt":{"rendered":"<p>\u2018Frank Aguiar Ac\u00fastico\u2019 traz releituras emocionantes e uma faixa in\u00e9dita, celebrando a liberdade e o amor em uma jornada intimista e sens\u00edvel do cantor.<\/p>\n","protected":false},"author":2,"featured_media":264976,"comment_status":"open","ping_status":"open","sticky":false,"template":"","format":"standard","meta":{"_mi_skip_tracking":false,"footnotes":""},"categories":[167,25,1,8,16],"tags":[],"class_list":["post-264974","post","type-post","status-publish","format-standard","has-post-thumbnail","hentry","category-cultura","category-destaques-site","category-geral","category-social","category-todas"],"acf":[],"yoast_head":"<!-- This site is optimized with the Yoast SEO Premium plugin v19.2 (Yoast SEO v26.9) - https:\/\/yoast.com\/product\/yoast-seo-premium-wordpress\/ -->\n<title>Frank Aguiar comemora 33 anos de carreira com seu primeiro disco ac\u00fastico - Portal Not\u00edcia em Pauta<\/title>\n<meta name=\"robots\" content=\"index, follow, max-snippet:-1, max-image-preview:large, max-video-preview:-1\" \/>\n<link rel=\"canonical\" href=\"https:\/\/noticiaempauta.com\/portal\/frank-aguiar-comemora-33-anos-de-carreira-com-seu-primeiro-disco-acustico\/\" \/>\n<meta property=\"og:locale\" content=\"pt_BR\" \/>\n<meta property=\"og:type\" content=\"article\" \/>\n<meta property=\"og:title\" content=\"Frank Aguiar comemora 33 anos de carreira com seu primeiro disco ac\u00fastico\" \/>\n<meta property=\"og:description\" content=\"\u2018Frank Aguiar Ac\u00fastico\u2019 traz releituras emocionantes e uma faixa in\u00e9dita, celebrando a liberdade e o amor em uma jornada intimista e sens\u00edvel do cantor.\" \/>\n<meta property=\"og:url\" content=\"https:\/\/noticiaempauta.com\/portal\/frank-aguiar-comemora-33-anos-de-carreira-com-seu-primeiro-disco-acustico\/\" \/>\n<meta property=\"og:site_name\" content=\"Portal Not\u00edcia em Pauta\" \/>\n<meta property=\"article:publisher\" content=\"https:\/\/www.facebook.com\/Portal-Notcia-Em-Pauta-102292869264820\/\" \/>\n<meta property=\"article:published_time\" content=\"2024-12-10T18:09:59+00:00\" \/>\n<meta property=\"article:modified_time\" content=\"2024-12-10T18:10:01+00:00\" \/>\n<meta property=\"og:image\" content=\"https:\/\/noticiaempauta.com\/portal\/wp-content\/uploads\/2024\/12\/WhatsApp-Image-2024-12-06-at-12.36.30-2-620x620-1.jpeg\" \/>\n\t<meta property=\"og:image:width\" content=\"620\" \/>\n\t<meta property=\"og:image:height\" content=\"477\" \/>\n\t<meta property=\"og:image:type\" content=\"image\/jpeg\" \/>\n<meta name=\"author\" content=\"Reda\u00e7\u00e3o\" \/>\n<meta name=\"twitter:card\" content=\"summary_large_image\" \/>\n<meta name=\"twitter:label1\" content=\"Escrito por\" \/>\n\t<meta name=\"twitter:data1\" content=\"Reda\u00e7\u00e3o\" \/>\n\t<meta name=\"twitter:label2\" content=\"Est. tempo de leitura\" \/>\n\t<meta name=\"twitter:data2\" content=\"2 minutos\" \/>\n<script type=\"application\/ld+json\" class=\"yoast-schema-graph\">{\"@context\":\"https:\/\/schema.org\",\"@graph\":[{\"@type\":\"Article\",\"@id\":\"https:\/\/noticiaempauta.com\/portal\/frank-aguiar-comemora-33-anos-de-carreira-com-seu-primeiro-disco-acustico\/#article\",\"isPartOf\":{\"@id\":\"https:\/\/noticiaempauta.com\/portal\/frank-aguiar-comemora-33-anos-de-carreira-com-seu-primeiro-disco-acustico\/\"},\"author\":{\"name\":\"Reda\u00e7\u00e3o\",\"@id\":\"https:\/\/noticiaempauta.com\/portal\/#\/schema\/person\/a74af43dd1ab3deca45f988c717d57ac\"},\"headline\":\"Frank Aguiar comemora 33 anos de carreira com seu primeiro disco ac\u00fastico\",\"datePublished\":\"2024-12-10T18:09:59+00:00\",\"dateModified\":\"2024-12-10T18:10:01+00:00\",\"mainEntityOfPage\":{\"@id\":\"https:\/\/noticiaempauta.com\/portal\/frank-aguiar-comemora-33-anos-de-carreira-com-seu-primeiro-disco-acustico\/\"},\"wordCount\":231,\"commentCount\":0,\"publisher\":{\"@id\":\"https:\/\/noticiaempauta.com\/portal\/#organization\"},\"image\":{\"@id\":\"https:\/\/noticiaempauta.com\/portal\/frank-aguiar-comemora-33-anos-de-carreira-com-seu-primeiro-disco-acustico\/#primaryimage\"},\"thumbnailUrl\":\"https:\/\/noticiaempauta.com\/portal\/wp-content\/uploads\/2024\/12\/WhatsApp-Image-2024-12-06-at-12.36.30-2-620x620-1.jpeg\",\"articleSection\":[\"Cultura\",\"Destaques\",\"Geral\",\"Social\",\"Todas as Not\u00edcias\"],\"inLanguage\":\"pt-BR\",\"potentialAction\":[{\"@type\":\"CommentAction\",\"name\":\"Comment\",\"target\":[\"https:\/\/noticiaempauta.com\/portal\/frank-aguiar-comemora-33-anos-de-carreira-com-seu-primeiro-disco-acustico\/#respond\"]}]},{\"@type\":\"WebPage\",\"@id\":\"https:\/\/noticiaempauta.com\/portal\/frank-aguiar-comemora-33-anos-de-carreira-com-seu-primeiro-disco-acustico\/\",\"url\":\"https:\/\/noticiaempauta.com\/portal\/frank-aguiar-comemora-33-anos-de-carreira-com-seu-primeiro-disco-acustico\/\",\"name\":\"Frank Aguiar comemora 33 anos de carreira com seu primeiro disco ac\u00fastico - Portal Not\u00edcia em Pauta\",\"isPartOf\":{\"@id\":\"https:\/\/noticiaempauta.com\/portal\/#website\"},\"primaryImageOfPage\":{\"@id\":\"https:\/\/noticiaempauta.com\/portal\/frank-aguiar-comemora-33-anos-de-carreira-com-seu-primeiro-disco-acustico\/#primaryimage\"},\"image\":{\"@id\":\"https:\/\/noticiaempauta.com\/portal\/frank-aguiar-comemora-33-anos-de-carreira-com-seu-primeiro-disco-acustico\/#primaryimage\"},\"thumbnailUrl\":\"https:\/\/noticiaempauta.com\/portal\/wp-content\/uploads\/2024\/12\/WhatsApp-Image-2024-12-06-at-12.36.30-2-620x620-1.jpeg\",\"datePublished\":\"2024-12-10T18:09:59+00:00\",\"dateModified\":\"2024-12-10T18:10:01+00:00\",\"breadcrumb\":{\"@id\":\"https:\/\/noticiaempauta.com\/portal\/frank-aguiar-comemora-33-anos-de-carreira-com-seu-primeiro-disco-acustico\/#breadcrumb\"},\"inLanguage\":\"pt-BR\",\"potentialAction\":[{\"@type\":\"ReadAction\",\"target\":[\"https:\/\/noticiaempauta.com\/portal\/frank-aguiar-comemora-33-anos-de-carreira-com-seu-primeiro-disco-acustico\/\"]}]},{\"@type\":\"ImageObject\",\"inLanguage\":\"pt-BR\",\"@id\":\"https:\/\/noticiaempauta.com\/portal\/frank-aguiar-comemora-33-anos-de-carreira-com-seu-primeiro-disco-acustico\/#primaryimage\",\"url\":\"https:\/\/noticiaempauta.com\/portal\/wp-content\/uploads\/2024\/12\/WhatsApp-Image-2024-12-06-at-12.36.30-2-620x620-1.jpeg\",\"contentUrl\":\"https:\/\/noticiaempauta.com\/portal\/wp-content\/uploads\/2024\/12\/WhatsApp-Image-2024-12-06-at-12.36.30-2-620x620-1.jpeg\",\"width\":620,\"height\":477},{\"@type\":\"BreadcrumbList\",\"@id\":\"https:\/\/noticiaempauta.com\/portal\/frank-aguiar-comemora-33-anos-de-carreira-com-seu-primeiro-disco-acustico\/#breadcrumb\",\"itemListElement\":[{\"@type\":\"ListItem\",\"position\":1,\"name\":\"P\u00e1gina Inicial\",\"item\":\"https:\/\/noticiaempauta.com\/portal\/\"},{\"@type\":\"ListItem\",\"position\":2,\"name\":\"Destaques\",\"item\":\"https:\/\/noticiaempauta.com\/portal\/destaques-site\/\"},{\"@type\":\"ListItem\",\"position\":3,\"name\":\"Frank Aguiar comemora 33 anos de carreira com seu primeiro disco ac\u00fastico\"}]},{\"@type\":\"WebSite\",\"@id\":\"https:\/\/noticiaempauta.com\/portal\/#website\",\"url\":\"https:\/\/noticiaempauta.com\/portal\/\",\"name\":\"Portal Not\u00edcia em Pauta\",\"description\":\"Voc\u00ea bem informado\",\"publisher\":{\"@id\":\"https:\/\/noticiaempauta.com\/portal\/#organization\"},\"potentialAction\":[{\"@type\":\"SearchAction\",\"target\":{\"@type\":\"EntryPoint\",\"urlTemplate\":\"https:\/\/noticiaempauta.com\/portal\/?s={search_term_string}\"},\"query-input\":{\"@type\":\"PropertyValueSpecification\",\"valueRequired\":true,\"valueName\":\"search_term_string\"}}],\"inLanguage\":\"pt-BR\"},{\"@type\":\"Organization\",\"@id\":\"https:\/\/noticiaempauta.com\/portal\/#organization\",\"name\":\"Portal Not\u00edcia em Pauta\",\"url\":\"https:\/\/noticiaempauta.com\/portal\/\",\"logo\":{\"@type\":\"ImageObject\",\"inLanguage\":\"pt-BR\",\"@id\":\"https:\/\/noticiaempauta.com\/portal\/#\/schema\/logo\/image\/\",\"url\":\"https:\/\/noticiaempauta.com\/portal\/wp-content\/uploads\/2022\/08\/logomarca_tema.fw_.png\",\"contentUrl\":\"https:\/\/noticiaempauta.com\/portal\/wp-content\/uploads\/2022\/08\/logomarca_tema.fw_.png\",\"width\":400,\"height\":232,\"caption\":\"Portal Not\u00edcia em Pauta\"},\"image\":{\"@id\":\"https:\/\/noticiaempauta.com\/portal\/#\/schema\/logo\/image\/\"},\"sameAs\":[\"https:\/\/www.facebook.com\/Portal-Notcia-Em-Pauta-102292869264820\/\",\"https:\/\/www.instagram.com\/portalnoticiaempauta\/\"]},{\"@type\":\"Person\",\"@id\":\"https:\/\/noticiaempauta.com\/portal\/#\/schema\/person\/a74af43dd1ab3deca45f988c717d57ac\",\"name\":\"Reda\u00e7\u00e3o\",\"image\":{\"@type\":\"ImageObject\",\"inLanguage\":\"pt-BR\",\"@id\":\"https:\/\/noticiaempauta.com\/portal\/#\/schema\/person\/image\/\",\"url\":\"https:\/\/secure.gravatar.com\/avatar\/03179346ecce6cdfc13361603e8f54242a90e5cde8618fa23c5c00aa2b0aadf3?s=96&d=mm&r=g\",\"contentUrl\":\"https:\/\/secure.gravatar.com\/avatar\/03179346ecce6cdfc13361603e8f54242a90e5cde8618fa23c5c00aa2b0aadf3?s=96&d=mm&r=g\",\"caption\":\"Reda\u00e7\u00e3o\"},\"sameAs\":[\"https:\/\/noticiaempauta.com\/portal\/\"],\"url\":\"https:\/\/noticiaempauta.com\/portal\/author\/fernando\/\"}]}<\/script>\n<!-- \/ Yoast SEO Premium plugin. -->","yoast_head_json":{"title":"Frank Aguiar comemora 33 anos de carreira com seu primeiro disco ac\u00fastico - Portal Not\u00edcia em Pauta","robots":{"index":"index","follow":"follow","max-snippet":"max-snippet:-1","max-image-preview":"max-image-preview:large","max-video-preview":"max-video-preview:-1"},"canonical":"https:\/\/noticiaempauta.com\/portal\/frank-aguiar-comemora-33-anos-de-carreira-com-seu-primeiro-disco-acustico\/","og_locale":"pt_BR","og_type":"article","og_title":"Frank Aguiar comemora 33 anos de carreira com seu primeiro disco ac\u00fastico","og_description":"\u2018Frank Aguiar Ac\u00fastico\u2019 traz releituras emocionantes e uma faixa in\u00e9dita, celebrando a liberdade e o amor em uma jornada intimista e sens\u00edvel do cantor.","og_url":"https:\/\/noticiaempauta.com\/portal\/frank-aguiar-comemora-33-anos-de-carreira-com-seu-primeiro-disco-acustico\/","og_site_name":"Portal Not\u00edcia em Pauta","article_publisher":"https:\/\/www.facebook.com\/Portal-Notcia-Em-Pauta-102292869264820\/","article_published_time":"2024-12-10T18:09:59+00:00","article_modified_time":"2024-12-10T18:10:01+00:00","og_image":[{"width":620,"height":477,"url":"https:\/\/noticiaempauta.com\/portal\/wp-content\/uploads\/2024\/12\/WhatsApp-Image-2024-12-06-at-12.36.30-2-620x620-1.jpeg","type":"image\/jpeg"}],"author":"Reda\u00e7\u00e3o","twitter_card":"summary_large_image","twitter_misc":{"Escrito por":"Reda\u00e7\u00e3o","Est. tempo de leitura":"2 minutos"},"schema":{"@context":"https:\/\/schema.org","@graph":[{"@type":"Article","@id":"https:\/\/noticiaempauta.com\/portal\/frank-aguiar-comemora-33-anos-de-carreira-com-seu-primeiro-disco-acustico\/#article","isPartOf":{"@id":"https:\/\/noticiaempauta.com\/portal\/frank-aguiar-comemora-33-anos-de-carreira-com-seu-primeiro-disco-acustico\/"},"author":{"name":"Reda\u00e7\u00e3o","@id":"https:\/\/noticiaempauta.com\/portal\/#\/schema\/person\/a74af43dd1ab3deca45f988c717d57ac"},"headline":"Frank Aguiar comemora 33 anos de carreira com seu primeiro disco ac\u00fastico","datePublished":"2024-12-10T18:09:59+00:00","dateModified":"2024-12-10T18:10:01+00:00","mainEntityOfPage":{"@id":"https:\/\/noticiaempauta.com\/portal\/frank-aguiar-comemora-33-anos-de-carreira-com-seu-primeiro-disco-acustico\/"},"wordCount":231,"commentCount":0,"publisher":{"@id":"https:\/\/noticiaempauta.com\/portal\/#organization"},"image":{"@id":"https:\/\/noticiaempauta.com\/portal\/frank-aguiar-comemora-33-anos-de-carreira-com-seu-primeiro-disco-acustico\/#primaryimage"},"thumbnailUrl":"https:\/\/noticiaempauta.com\/portal\/wp-content\/uploads\/2024\/12\/WhatsApp-Image-2024-12-06-at-12.36.30-2-620x620-1.jpeg","articleSection":["Cultura","Destaques","Geral","Social","Todas as Not\u00edcias"],"inLanguage":"pt-BR","potentialAction":[{"@type":"CommentAction","name":"Comment","target":["https:\/\/noticiaempauta.com\/portal\/frank-aguiar-comemora-33-anos-de-carreira-com-seu-primeiro-disco-acustico\/#respond"]}]},{"@type":"WebPage","@id":"https:\/\/noticiaempauta.com\/portal\/frank-aguiar-comemora-33-anos-de-carreira-com-seu-primeiro-disco-acustico\/","url":"https:\/\/noticiaempauta.com\/portal\/frank-aguiar-comemora-33-anos-de-carreira-com-seu-primeiro-disco-acustico\/","name":"Frank Aguiar comemora 33 anos de carreira com seu primeiro disco ac\u00fastico - Portal Not\u00edcia em Pauta","isPartOf":{"@id":"https:\/\/noticiaempauta.com\/portal\/#website"},"primaryImageOfPage":{"@id":"https:\/\/noticiaempauta.com\/portal\/frank-aguiar-comemora-33-anos-de-carreira-com-seu-primeiro-disco-acustico\/#primaryimage"},"image":{"@id":"https:\/\/noticiaempauta.com\/portal\/frank-aguiar-comemora-33-anos-de-carreira-com-seu-primeiro-disco-acustico\/#primaryimage"},"thumbnailUrl":"https:\/\/noticiaempauta.com\/portal\/wp-content\/uploads\/2024\/12\/WhatsApp-Image-2024-12-06-at-12.36.30-2-620x620-1.jpeg","datePublished":"2024-12-10T18:09:59+00:00","dateModified":"2024-12-10T18:10:01+00:00","breadcrumb":{"@id":"https:\/\/noticiaempauta.com\/portal\/frank-aguiar-comemora-33-anos-de-carreira-com-seu-primeiro-disco-acustico\/#breadcrumb"},"inLanguage":"pt-BR","potentialAction":[{"@type":"ReadAction","target":["https:\/\/noticiaempauta.com\/portal\/frank-aguiar-comemora-33-anos-de-carreira-com-seu-primeiro-disco-acustico\/"]}]},{"@type":"ImageObject","inLanguage":"pt-BR","@id":"https:\/\/noticiaempauta.com\/portal\/frank-aguiar-comemora-33-anos-de-carreira-com-seu-primeiro-disco-acustico\/#primaryimage","url":"https:\/\/noticiaempauta.com\/portal\/wp-content\/uploads\/2024\/12\/WhatsApp-Image-2024-12-06-at-12.36.30-2-620x620-1.jpeg","contentUrl":"https:\/\/noticiaempauta.com\/portal\/wp-content\/uploads\/2024\/12\/WhatsApp-Image-2024-12-06-at-12.36.30-2-620x620-1.jpeg","width":620,"height":477},{"@type":"BreadcrumbList","@id":"https:\/\/noticiaempauta.com\/portal\/frank-aguiar-comemora-33-anos-de-carreira-com-seu-primeiro-disco-acustico\/#breadcrumb","itemListElement":[{"@type":"ListItem","position":1,"name":"P\u00e1gina Inicial","item":"https:\/\/noticiaempauta.com\/portal\/"},{"@type":"ListItem","position":2,"name":"Destaques","item":"https:\/\/noticiaempauta.com\/portal\/destaques-site\/"},{"@type":"ListItem","position":3,"name":"Frank Aguiar comemora 33 anos de carreira com seu primeiro disco ac\u00fastico"}]},{"@type":"WebSite","@id":"https:\/\/noticiaempauta.com\/portal\/#website","url":"https:\/\/noticiaempauta.com\/portal\/","name":"Portal Not\u00edcia em Pauta","description":"Voc\u00ea bem informado","publisher":{"@id":"https:\/\/noticiaempauta.com\/portal\/#organization"},"potentialAction":[{"@type":"SearchAction","target":{"@type":"EntryPoint","urlTemplate":"https:\/\/noticiaempauta.com\/portal\/?s={search_term_string}"},"query-input":{"@type":"PropertyValueSpecification","valueRequired":true,"valueName":"search_term_string"}}],"inLanguage":"pt-BR"},{"@type":"Organization","@id":"https:\/\/noticiaempauta.com\/portal\/#organization","name":"Portal Not\u00edcia em Pauta","url":"https:\/\/noticiaempauta.com\/portal\/","logo":{"@type":"ImageObject","inLanguage":"pt-BR","@id":"https:\/\/noticiaempauta.com\/portal\/#\/schema\/logo\/image\/","url":"https:\/\/noticiaempauta.com\/portal\/wp-content\/uploads\/2022\/08\/logomarca_tema.fw_.png","contentUrl":"https:\/\/noticiaempauta.com\/portal\/wp-content\/uploads\/2022\/08\/logomarca_tema.fw_.png","width":400,"height":232,"caption":"Portal Not\u00edcia em Pauta"},"image":{"@id":"https:\/\/noticiaempauta.com\/portal\/#\/schema\/logo\/image\/"},"sameAs":["https:\/\/www.facebook.com\/Portal-Notcia-Em-Pauta-102292869264820\/","https:\/\/www.instagram.com\/portalnoticiaempauta\/"]},{"@type":"Person","@id":"https:\/\/noticiaempauta.com\/portal\/#\/schema\/person\/a74af43dd1ab3deca45f988c717d57ac","name":"Reda\u00e7\u00e3o","image":{"@type":"ImageObject","inLanguage":"pt-BR","@id":"https:\/\/noticiaempauta.com\/portal\/#\/schema\/person\/image\/","url":"https:\/\/secure.gravatar.com\/avatar\/03179346ecce6cdfc13361603e8f54242a90e5cde8618fa23c5c00aa2b0aadf3?s=96&d=mm&r=g","contentUrl":"https:\/\/secure.gravatar.com\/avatar\/03179346ecce6cdfc13361603e8f54242a90e5cde8618fa23c5c00aa2b0aadf3?s=96&d=mm&r=g","caption":"Reda\u00e7\u00e3o"},"sameAs":["https:\/\/noticiaempauta.com\/portal\/"],"url":"https:\/\/noticiaempauta.com\/portal\/author\/fernando\/"}]}},"_links":{"self":[{"href":"https:\/\/noticiaempauta.com\/portal\/wp-json\/wp\/v2\/posts\/264974","targetHints":{"allow":["GET"]}}],"collection":[{"href":"https:\/\/noticiaempauta.com\/portal\/wp-json\/wp\/v2\/posts"}],"about":[{"href":"https:\/\/noticiaempauta.com\/portal\/wp-json\/wp\/v2\/types\/post"}],"author":[{"embeddable":true,"href":"https:\/\/noticiaempauta.com\/portal\/wp-json\/wp\/v2\/users\/2"}],"replies":[{"embeddable":true,"href":"https:\/\/noticiaempauta.com\/portal\/wp-json\/wp\/v2\/comments?post=264974"}],"version-history":[{"count":1,"href":"https:\/\/noticiaempauta.com\/portal\/wp-json\/wp\/v2\/posts\/264974\/revisions"}],"predecessor-version":[{"id":264977,"href":"https:\/\/noticiaempauta.com\/portal\/wp-json\/wp\/v2\/posts\/264974\/revisions\/264977"}],"wp:featuredmedia":[{"embeddable":true,"href":"https:\/\/noticiaempauta.com\/portal\/wp-json\/wp\/v2\/media\/264976"}],"wp:attachment":[{"href":"https:\/\/noticiaempauta.com\/portal\/wp-json\/wp\/v2\/media?parent=264974"}],"wp:term":[{"taxonomy":"category","embeddable":true,"href":"https:\/\/noticiaempauta.com\/portal\/wp-json\/wp\/v2\/categories?post=264974"},{"taxonomy":"post_tag","embeddable":true,"href":"https:\/\/noticiaempauta.com\/portal\/wp-json\/wp\/v2\/tags?post=264974"}],"curies":[{"name":"wp","href":"https:\/\/api.w.org\/{rel}","templated":true}]}}