{"id":264996,"date":"2024-12-11T15:45:07","date_gmt":"2024-12-11T18:45:07","guid":{"rendered":"https:\/\/noticiaempauta.com\/portal\/?p=264996"},"modified":"2024-12-11T22:18:46","modified_gmt":"2024-12-12T01:18:46","slug":"dr-aderson-filho-e-joel-da-serra-sao-diplomados-prefeito-e-vice-de-socorro-do-piaui","status":"publish","type":"post","link":"https:\/\/noticiaempauta.com\/portal\/dr-aderson-filho-e-joel-da-serra-sao-diplomados-prefeito-e-vice-de-socorro-do-piaui\/","title":{"rendered":"Dr. Aderson Filho e Joel da Serra s\u00e3o diplomados prefeito e vice de Socorro do Piau\u00ed"},"content":{"rendered":"\n<p>Em solenidade realizada na manh\u00e3 desta quara-feira, 11 de dezembro, no Audit\u00f3rio Iolanda Ara\u00fajo Brito, na sede da SEMED, em Simpl\u00edcio Mendes, o advogado Aderson Filho (MDB) e Joel da Serra, eleitos prefeito e vice-prefeito de Socorro do Piau\u00ed, foram oficialmente diplomados pela Justi\u00e7a Eleitoral.<\/p>\n\n\n\n<figure class=\"wp-block-image size-full\"><img fetchpriority=\"high\" decoding=\"async\" width=\"522\" height=\"402\" src=\"https:\/\/noticiaempauta.com\/portal\/wp-content\/uploads\/2024\/12\/batch_IMG_0473-1-1.jpg\" alt=\"\" class=\"wp-image-265003\" srcset=\"https:\/\/noticiaempauta.com\/portal\/wp-content\/uploads\/2024\/12\/batch_IMG_0473-1-1.jpg 522w, https:\/\/noticiaempauta.com\/portal\/wp-content\/uploads\/2024\/12\/batch_IMG_0473-1-1-300x231.jpg 300w\" sizes=\"(max-width: 522px) 100vw, 522px\" \/><figcaption class=\"wp-element-caption\"><em>Joel da Serra, Dr. Aderson Filho e o atual prefeito Zitim Coelho (Foto: Reprodu\u00e7\u00e3o\/CidadesEmFoco)<\/em><\/figcaption><\/figure>\n\n\n\n<p>Presidida pelo Juiz Dr. Cl\u00e9ber Roberto Soares de Souza, da 37\u00aa Zona Eleitoral, a solenidade oficializa que os eleitos e devidamente diplomados, est\u00e3o aptos a exercer seus mandatos a partir de 1\u00ba de janeiro de 2025.<\/p>\n\n\n\n<figure class=\"wp-block-image size-large\"><img decoding=\"async\" width=\"1024\" height=\"936\" src=\"https:\/\/noticiaempauta.com\/portal\/wp-content\/uploads\/2024\/12\/dc348ea3-b5fa-489c-807f-5b7ca166dd65-1024x936.jpeg\" alt=\"\" class=\"wp-image-265006\" srcset=\"https:\/\/noticiaempauta.com\/portal\/wp-content\/uploads\/2024\/12\/dc348ea3-b5fa-489c-807f-5b7ca166dd65-1024x936.jpeg 1024w, https:\/\/noticiaempauta.com\/portal\/wp-content\/uploads\/2024\/12\/dc348ea3-b5fa-489c-807f-5b7ca166dd65-300x274.jpeg 300w, https:\/\/noticiaempauta.com\/portal\/wp-content\/uploads\/2024\/12\/dc348ea3-b5fa-489c-807f-5b7ca166dd65-768x702.jpeg 768w, https:\/\/noticiaempauta.com\/portal\/wp-content\/uploads\/2024\/12\/dc348ea3-b5fa-489c-807f-5b7ca166dd65.jpeg 1170w\" sizes=\"(max-width: 1024px) 100vw, 1024px\" \/><\/figure>\n\n\n\n<p>Na oportunidade lideran\u00e7as locais, estaduais, familiares e apoiadores dos eleitos, estiveram presentes para celebrar o momento hist\u00f3rico para a pol\u00edtica do munic\u00edpio.<\/p>\n\n\n\n<figure class=\"wp-block-image size-large\"><img decoding=\"async\" width=\"1024\" height=\"994\" src=\"https:\/\/noticiaempauta.com\/portal\/wp-content\/uploads\/2024\/12\/cf0231d3-8edf-4d4b-8fc3-01e41630df86-1024x994.jpeg\" alt=\"\" class=\"wp-image-265012\" srcset=\"https:\/\/noticiaempauta.com\/portal\/wp-content\/uploads\/2024\/12\/cf0231d3-8edf-4d4b-8fc3-01e41630df86-1024x994.jpeg 1024w, https:\/\/noticiaempauta.com\/portal\/wp-content\/uploads\/2024\/12\/cf0231d3-8edf-4d4b-8fc3-01e41630df86-300x291.jpeg 300w, https:\/\/noticiaempauta.com\/portal\/wp-content\/uploads\/2024\/12\/cf0231d3-8edf-4d4b-8fc3-01e41630df86-768x746.jpeg 768w, https:\/\/noticiaempauta.com\/portal\/wp-content\/uploads\/2024\/12\/cf0231d3-8edf-4d4b-8fc3-01e41630df86.jpeg 1170w\" sizes=\"(max-width: 1024px) 100vw, 1024px\" \/><\/figure>\n\n\n\n<p>&#8220;Um novo cap\u00edtulo se inicia, hoje como prefeito diplomado, carrego a responsabilidade e o orgulho de representar o povo com compromisso e dedica\u00e7\u00e3o. Que juntos possamos construir um futuro melhor para nossa cidade&#8221;, destacou o futuro gestor Dr. Aderson Filho.<\/p>\n\n\n\n<figure class=\"wp-block-image size-large\"><img loading=\"lazy\" decoding=\"async\" width=\"1024\" height=\"949\" src=\"https:\/\/noticiaempauta.com\/portal\/wp-content\/uploads\/2024\/12\/7d2fb41f-3db1-4b87-bf57-20c986b30834-1024x949.jpeg\" alt=\"\" class=\"wp-image-265009\" srcset=\"https:\/\/noticiaempauta.com\/portal\/wp-content\/uploads\/2024\/12\/7d2fb41f-3db1-4b87-bf57-20c986b30834-1024x949.jpeg 1024w, https:\/\/noticiaempauta.com\/portal\/wp-content\/uploads\/2024\/12\/7d2fb41f-3db1-4b87-bf57-20c986b30834-300x278.jpeg 300w, https:\/\/noticiaempauta.com\/portal\/wp-content\/uploads\/2024\/12\/7d2fb41f-3db1-4b87-bf57-20c986b30834-768x712.jpeg 768w, https:\/\/noticiaempauta.com\/portal\/wp-content\/uploads\/2024\/12\/7d2fb41f-3db1-4b87-bf57-20c986b30834.jpeg 1170w\" sizes=\"(max-width: 1024px) 100vw, 1024px\" \/><\/figure>\n\n\n\n<p>Al\u00e9m de Dr. Aderson Filho e Joel da Serra, foram diplomados os nove vereadores eleitos que ir\u00e3o compor a C\u00e2mara Municipal de Socorro do Piau\u00ed a partir de 2025, sendo eles; Alberto, Irm\u00e3o Evanildo, Irm\u00e3o Edmilson, Reijane Martins, Dad\u00e1, Fredson Silva, Madalena da Serra, Rondinelly, Rita da Tenda.<\/p>\n\n\n\n<figure class=\"wp-block-image size-large\"><img loading=\"lazy\" decoding=\"async\" width=\"1024\" height=\"988\" src=\"https:\/\/noticiaempauta.com\/portal\/wp-content\/uploads\/2024\/12\/65438e22-a638-4a15-9550-0b01a5fba365-1024x988.jpeg\" alt=\"\" class=\"wp-image-265010\" srcset=\"https:\/\/noticiaempauta.com\/portal\/wp-content\/uploads\/2024\/12\/65438e22-a638-4a15-9550-0b01a5fba365-1024x988.jpeg 1024w, https:\/\/noticiaempauta.com\/portal\/wp-content\/uploads\/2024\/12\/65438e22-a638-4a15-9550-0b01a5fba365-300x289.jpeg 300w, https:\/\/noticiaempauta.com\/portal\/wp-content\/uploads\/2024\/12\/65438e22-a638-4a15-9550-0b01a5fba365-768x741.jpeg 768w, https:\/\/noticiaempauta.com\/portal\/wp-content\/uploads\/2024\/12\/65438e22-a638-4a15-9550-0b01a5fba365.jpeg 1170w\" sizes=\"(max-width: 1024px) 100vw, 1024px\" \/><\/figure>\n\n\n\n<p>Pelo grupo situacionista, Dr. Aderson Filho e Jo\u00e3o da Serra foram eleitos com 2.821 votos.<\/p>\n\n\n\n<figure class=\"wp-block-image size-large\"><img loading=\"lazy\" decoding=\"async\" width=\"1024\" height=\"1010\" src=\"https:\/\/noticiaempauta.com\/portal\/wp-content\/uploads\/2024\/12\/e8351742-dcd4-4758-878c-82fda68952f3-1024x1010.jpeg\" alt=\"\" class=\"wp-image-265007\" srcset=\"https:\/\/noticiaempauta.com\/portal\/wp-content\/uploads\/2024\/12\/e8351742-dcd4-4758-878c-82fda68952f3-1024x1010.jpeg 1024w, https:\/\/noticiaempauta.com\/portal\/wp-content\/uploads\/2024\/12\/e8351742-dcd4-4758-878c-82fda68952f3-300x296.jpeg 300w, https:\/\/noticiaempauta.com\/portal\/wp-content\/uploads\/2024\/12\/e8351742-dcd4-4758-878c-82fda68952f3-768x757.jpeg 768w, https:\/\/noticiaempauta.com\/portal\/wp-content\/uploads\/2024\/12\/e8351742-dcd4-4758-878c-82fda68952f3.jpeg 1170w\" sizes=\"(max-width: 1024px) 100vw, 1024px\" \/><\/figure>\n\n\n\n<figure class=\"wp-block-image size-large\"><img loading=\"lazy\" decoding=\"async\" width=\"1024\" height=\"999\" src=\"https:\/\/noticiaempauta.com\/portal\/wp-content\/uploads\/2024\/12\/f6a32335-807e-4421-9291-4ce9d60a1253-1024x999.jpeg\" alt=\"\" class=\"wp-image-265005\" srcset=\"https:\/\/noticiaempauta.com\/portal\/wp-content\/uploads\/2024\/12\/f6a32335-807e-4421-9291-4ce9d60a1253-1024x999.jpeg 1024w, https:\/\/noticiaempauta.com\/portal\/wp-content\/uploads\/2024\/12\/f6a32335-807e-4421-9291-4ce9d60a1253-300x293.jpeg 300w, https:\/\/noticiaempauta.com\/portal\/wp-content\/uploads\/2024\/12\/f6a32335-807e-4421-9291-4ce9d60a1253-768x750.jpeg 768w, https:\/\/noticiaempauta.com\/portal\/wp-content\/uploads\/2024\/12\/f6a32335-807e-4421-9291-4ce9d60a1253.jpeg 1170w\" sizes=\"(max-width: 1024px) 100vw, 1024px\" \/><\/figure>\n\n\n\n<figure class=\"wp-block-image size-large\"><img loading=\"lazy\" decoding=\"async\" width=\"1024\" height=\"1003\" src=\"https:\/\/noticiaempauta.com\/portal\/wp-content\/uploads\/2024\/12\/4d073ada-75c8-4797-a75f-adc8ad535134-1024x1003.jpeg\" alt=\"\" class=\"wp-image-265011\" srcset=\"https:\/\/noticiaempauta.com\/portal\/wp-content\/uploads\/2024\/12\/4d073ada-75c8-4797-a75f-adc8ad535134-1024x1003.jpeg 1024w, https:\/\/noticiaempauta.com\/portal\/wp-content\/uploads\/2024\/12\/4d073ada-75c8-4797-a75f-adc8ad535134-300x294.jpeg 300w, https:\/\/noticiaempauta.com\/portal\/wp-content\/uploads\/2024\/12\/4d073ada-75c8-4797-a75f-adc8ad535134-768x752.jpeg 768w, https:\/\/noticiaempauta.com\/portal\/wp-content\/uploads\/2024\/12\/4d073ada-75c8-4797-a75f-adc8ad535134.jpeg 1170w\" sizes=\"(max-width: 1024px) 100vw, 1024px\" \/><\/figure>\n\n\n\n<figure class=\"wp-block-image size-large\"><img loading=\"lazy\" decoding=\"async\" width=\"1024\" height=\"1010\" src=\"https:\/\/noticiaempauta.com\/portal\/wp-content\/uploads\/2024\/12\/9b0b214f-9850-4f8f-bae4-8c32f89d0806-1024x1010.jpeg\" alt=\"\" class=\"wp-image-265008\" srcset=\"https:\/\/noticiaempauta.com\/portal\/wp-content\/uploads\/2024\/12\/9b0b214f-9850-4f8f-bae4-8c32f89d0806-1024x1010.jpeg 1024w, https:\/\/noticiaempauta.com\/portal\/wp-content\/uploads\/2024\/12\/9b0b214f-9850-4f8f-bae4-8c32f89d0806-300x296.jpeg 300w, https:\/\/noticiaempauta.com\/portal\/wp-content\/uploads\/2024\/12\/9b0b214f-9850-4f8f-bae4-8c32f89d0806-768x757.jpeg 768w, https:\/\/noticiaempauta.com\/portal\/wp-content\/uploads\/2024\/12\/9b0b214f-9850-4f8f-bae4-8c32f89d0806.jpeg 1170w\" sizes=\"(max-width: 1024px) 100vw, 1024px\" \/><\/figure>\n","protected":false},"excerpt":{"rendered":"<p>Em solenidade realizada na manh\u00e3 desta quara-feira, 11 de dezembro, no Audit\u00f3rio Iolanda Ara\u00fajo Brito, na sede da SEMED, em Simpl\u00edcio Mendes, o advogado Aderson Filho (MDB) e Joel da Serra, eleitos prefeito e vice-prefeito de Socorro do Piau\u00ed, foram oficialmente diplomados pela Justi\u00e7a Eleitoral. Presidida pelo Juiz Dr. Cl\u00e9ber Roberto Soares de Souza, da [&hellip;]<\/p>\n","protected":false},"author":2,"featured_media":265002,"comment_status":"open","ping_status":"open","sticky":false,"template":"","format":"standard","meta":{"_mi_skip_tracking":false,"footnotes":""},"categories":[25,1,9,3,16],"tags":[],"class_list":["post-264996","post","type-post","status-publish","format-standard","has-post-thumbnail","hentry","category-destaques-site","category-geral","category-municipios","category-politica","category-todas"],"acf":[],"yoast_head":"<!-- This site is optimized with the Yoast SEO Premium plugin v19.2 (Yoast SEO v26.9) - https:\/\/yoast.com\/product\/yoast-seo-premium-wordpress\/ -->\n<title>Dr. Aderson Filho e Joel da Serra s\u00e3o diplomados prefeito e vice de Socorro do Piau\u00ed - Portal Not\u00edcia em Pauta<\/title>\n<meta name=\"robots\" content=\"index, follow, max-snippet:-1, max-image-preview:large, max-video-preview:-1\" \/>\n<link rel=\"canonical\" href=\"https:\/\/noticiaempauta.com\/portal\/dr-aderson-filho-e-joel-da-serra-sao-diplomados-prefeito-e-vice-de-socorro-do-piaui\/\" \/>\n<meta property=\"og:locale\" content=\"pt_BR\" \/>\n<meta property=\"og:type\" content=\"article\" \/>\n<meta property=\"og:title\" content=\"Dr. Aderson Filho e Joel da Serra s\u00e3o diplomados prefeito e vice de Socorro do Piau\u00ed\" \/>\n<meta property=\"og:description\" content=\"Em solenidade realizada na manh\u00e3 desta quara-feira, 11 de dezembro, no Audit\u00f3rio Iolanda Ara\u00fajo Brito, na sede da SEMED, em Simpl\u00edcio Mendes, o advogado Aderson Filho (MDB) e Joel da Serra, eleitos prefeito e vice-prefeito de Socorro do Piau\u00ed, foram oficialmente diplomados pela Justi\u00e7a Eleitoral. Presidida pelo Juiz Dr. Cl\u00e9ber Roberto Soares de Souza, da [&hellip;]\" \/>\n<meta property=\"og:url\" content=\"https:\/\/noticiaempauta.com\/portal\/dr-aderson-filho-e-joel-da-serra-sao-diplomados-prefeito-e-vice-de-socorro-do-piaui\/\" \/>\n<meta property=\"og:site_name\" content=\"Portal Not\u00edcia em Pauta\" \/>\n<meta property=\"article:publisher\" content=\"https:\/\/www.facebook.com\/Portal-Notcia-Em-Pauta-102292869264820\/\" \/>\n<meta property=\"article:published_time\" content=\"2024-12-11T18:45:07+00:00\" \/>\n<meta property=\"article:modified_time\" content=\"2024-12-12T01:18:46+00:00\" \/>\n<meta property=\"og:image\" content=\"https:\/\/noticiaempauta.com\/portal\/wp-content\/uploads\/2024\/12\/batch_IMG_0473-1.jpg\" \/>\n\t<meta property=\"og:image:width\" content=\"522\" \/>\n\t<meta property=\"og:image:height\" content=\"402\" \/>\n\t<meta property=\"og:image:type\" content=\"image\/jpeg\" \/>\n<meta name=\"author\" content=\"Reda\u00e7\u00e3o\" \/>\n<meta name=\"twitter:card\" content=\"summary_large_image\" \/>\n<meta name=\"twitter:label1\" content=\"Escrito por\" \/>\n\t<meta name=\"twitter:data1\" content=\"Reda\u00e7\u00e3o\" \/>\n\t<meta name=\"twitter:label2\" content=\"Est. tempo de leitura\" \/>\n\t<meta name=\"twitter:data2\" content=\"4 minutos\" \/>\n<script type=\"application\/ld+json\" class=\"yoast-schema-graph\">{\"@context\":\"https:\/\/schema.org\",\"@graph\":[{\"@type\":\"Article\",\"@id\":\"https:\/\/noticiaempauta.com\/portal\/dr-aderson-filho-e-joel-da-serra-sao-diplomados-prefeito-e-vice-de-socorro-do-piaui\/#article\",\"isPartOf\":{\"@id\":\"https:\/\/noticiaempauta.com\/portal\/dr-aderson-filho-e-joel-da-serra-sao-diplomados-prefeito-e-vice-de-socorro-do-piaui\/\"},\"author\":{\"name\":\"Reda\u00e7\u00e3o\",\"@id\":\"https:\/\/noticiaempauta.com\/portal\/#\/schema\/person\/a74af43dd1ab3deca45f988c717d57ac\"},\"headline\":\"Dr. Aderson Filho e Joel da Serra s\u00e3o diplomados prefeito e vice de Socorro do Piau\u00ed\",\"datePublished\":\"2024-12-11T18:45:07+00:00\",\"dateModified\":\"2024-12-12T01:18:46+00:00\",\"mainEntityOfPage\":{\"@id\":\"https:\/\/noticiaempauta.com\/portal\/dr-aderson-filho-e-joel-da-serra-sao-diplomados-prefeito-e-vice-de-socorro-do-piaui\/\"},\"wordCount\":251,\"commentCount\":0,\"publisher\":{\"@id\":\"https:\/\/noticiaempauta.com\/portal\/#organization\"},\"image\":{\"@id\":\"https:\/\/noticiaempauta.com\/portal\/dr-aderson-filho-e-joel-da-serra-sao-diplomados-prefeito-e-vice-de-socorro-do-piaui\/#primaryimage\"},\"thumbnailUrl\":\"https:\/\/noticiaempauta.com\/portal\/wp-content\/uploads\/2024\/12\/batch_IMG_0473-1.jpg\",\"articleSection\":[\"Destaques\",\"Geral\",\"Munic\u00edpios\",\"Pol\u00edtica\",\"Todas as Not\u00edcias\"],\"inLanguage\":\"pt-BR\",\"potentialAction\":[{\"@type\":\"CommentAction\",\"name\":\"Comment\",\"target\":[\"https:\/\/noticiaempauta.com\/portal\/dr-aderson-filho-e-joel-da-serra-sao-diplomados-prefeito-e-vice-de-socorro-do-piaui\/#respond\"]}]},{\"@type\":\"WebPage\",\"@id\":\"https:\/\/noticiaempauta.com\/portal\/dr-aderson-filho-e-joel-da-serra-sao-diplomados-prefeito-e-vice-de-socorro-do-piaui\/\",\"url\":\"https:\/\/noticiaempauta.com\/portal\/dr-aderson-filho-e-joel-da-serra-sao-diplomados-prefeito-e-vice-de-socorro-do-piaui\/\",\"name\":\"Dr. Aderson Filho e Joel da Serra s\u00e3o diplomados prefeito e vice de Socorro do Piau\u00ed - Portal Not\u00edcia em Pauta\",\"isPartOf\":{\"@id\":\"https:\/\/noticiaempauta.com\/portal\/#website\"},\"primaryImageOfPage\":{\"@id\":\"https:\/\/noticiaempauta.com\/portal\/dr-aderson-filho-e-joel-da-serra-sao-diplomados-prefeito-e-vice-de-socorro-do-piaui\/#primaryimage\"},\"image\":{\"@id\":\"https:\/\/noticiaempauta.com\/portal\/dr-aderson-filho-e-joel-da-serra-sao-diplomados-prefeito-e-vice-de-socorro-do-piaui\/#primaryimage\"},\"thumbnailUrl\":\"https:\/\/noticiaempauta.com\/portal\/wp-content\/uploads\/2024\/12\/batch_IMG_0473-1.jpg\",\"datePublished\":\"2024-12-11T18:45:07+00:00\",\"dateModified\":\"2024-12-12T01:18:46+00:00\",\"breadcrumb\":{\"@id\":\"https:\/\/noticiaempauta.com\/portal\/dr-aderson-filho-e-joel-da-serra-sao-diplomados-prefeito-e-vice-de-socorro-do-piaui\/#breadcrumb\"},\"inLanguage\":\"pt-BR\",\"potentialAction\":[{\"@type\":\"ReadAction\",\"target\":[\"https:\/\/noticiaempauta.com\/portal\/dr-aderson-filho-e-joel-da-serra-sao-diplomados-prefeito-e-vice-de-socorro-do-piaui\/\"]}]},{\"@type\":\"ImageObject\",\"inLanguage\":\"pt-BR\",\"@id\":\"https:\/\/noticiaempauta.com\/portal\/dr-aderson-filho-e-joel-da-serra-sao-diplomados-prefeito-e-vice-de-socorro-do-piaui\/#primaryimage\",\"url\":\"https:\/\/noticiaempauta.com\/portal\/wp-content\/uploads\/2024\/12\/batch_IMG_0473-1.jpg\",\"contentUrl\":\"https:\/\/noticiaempauta.com\/portal\/wp-content\/uploads\/2024\/12\/batch_IMG_0473-1.jpg\",\"width\":522,\"height\":402,\"caption\":\"(Foto: Reprodu\u00e7\u00e3o\/CidadesEmFoco)\"},{\"@type\":\"BreadcrumbList\",\"@id\":\"https:\/\/noticiaempauta.com\/portal\/dr-aderson-filho-e-joel-da-serra-sao-diplomados-prefeito-e-vice-de-socorro-do-piaui\/#breadcrumb\",\"itemListElement\":[{\"@type\":\"ListItem\",\"position\":1,\"name\":\"P\u00e1gina Inicial\",\"item\":\"https:\/\/noticiaempauta.com\/portal\/\"},{\"@type\":\"ListItem\",\"position\":2,\"name\":\"Geral\",\"item\":\"https:\/\/noticiaempauta.com\/portal\/geral\/\"},{\"@type\":\"ListItem\",\"position\":3,\"name\":\"Dr. Aderson Filho e Joel da Serra s\u00e3o diplomados prefeito e vice de Socorro do Piau\u00ed\"}]},{\"@type\":\"WebSite\",\"@id\":\"https:\/\/noticiaempauta.com\/portal\/#website\",\"url\":\"https:\/\/noticiaempauta.com\/portal\/\",\"name\":\"Portal Not\u00edcia em Pauta\",\"description\":\"Voc\u00ea bem informado\",\"publisher\":{\"@id\":\"https:\/\/noticiaempauta.com\/portal\/#organization\"},\"potentialAction\":[{\"@type\":\"SearchAction\",\"target\":{\"@type\":\"EntryPoint\",\"urlTemplate\":\"https:\/\/noticiaempauta.com\/portal\/?s={search_term_string}\"},\"query-input\":{\"@type\":\"PropertyValueSpecification\",\"valueRequired\":true,\"valueName\":\"search_term_string\"}}],\"inLanguage\":\"pt-BR\"},{\"@type\":\"Organization\",\"@id\":\"https:\/\/noticiaempauta.com\/portal\/#organization\",\"name\":\"Portal Not\u00edcia em Pauta\",\"url\":\"https:\/\/noticiaempauta.com\/portal\/\",\"logo\":{\"@type\":\"ImageObject\",\"inLanguage\":\"pt-BR\",\"@id\":\"https:\/\/noticiaempauta.com\/portal\/#\/schema\/logo\/image\/\",\"url\":\"https:\/\/noticiaempauta.com\/portal\/wp-content\/uploads\/2022\/08\/logomarca_tema.fw_.png\",\"contentUrl\":\"https:\/\/noticiaempauta.com\/portal\/wp-content\/uploads\/2022\/08\/logomarca_tema.fw_.png\",\"width\":400,\"height\":232,\"caption\":\"Portal Not\u00edcia em Pauta\"},\"image\":{\"@id\":\"https:\/\/noticiaempauta.com\/portal\/#\/schema\/logo\/image\/\"},\"sameAs\":[\"https:\/\/www.facebook.com\/Portal-Notcia-Em-Pauta-102292869264820\/\",\"https:\/\/www.instagram.com\/portalnoticiaempauta\/\"]},{\"@type\":\"Person\",\"@id\":\"https:\/\/noticiaempauta.com\/portal\/#\/schema\/person\/a74af43dd1ab3deca45f988c717d57ac\",\"name\":\"Reda\u00e7\u00e3o\",\"image\":{\"@type\":\"ImageObject\",\"inLanguage\":\"pt-BR\",\"@id\":\"https:\/\/noticiaempauta.com\/portal\/#\/schema\/person\/image\/\",\"url\":\"https:\/\/secure.gravatar.com\/avatar\/03179346ecce6cdfc13361603e8f54242a90e5cde8618fa23c5c00aa2b0aadf3?s=96&d=mm&r=g\",\"contentUrl\":\"https:\/\/secure.gravatar.com\/avatar\/03179346ecce6cdfc13361603e8f54242a90e5cde8618fa23c5c00aa2b0aadf3?s=96&d=mm&r=g\",\"caption\":\"Reda\u00e7\u00e3o\"},\"sameAs\":[\"https:\/\/noticiaempauta.com\/portal\/\"],\"url\":\"https:\/\/noticiaempauta.com\/portal\/author\/fernando\/\"}]}<\/script>\n<!-- \/ Yoast SEO Premium plugin. -->","yoast_head_json":{"title":"Dr. Aderson Filho e Joel da Serra s\u00e3o diplomados prefeito e vice de Socorro do Piau\u00ed - Portal Not\u00edcia em Pauta","robots":{"index":"index","follow":"follow","max-snippet":"max-snippet:-1","max-image-preview":"max-image-preview:large","max-video-preview":"max-video-preview:-1"},"canonical":"https:\/\/noticiaempauta.com\/portal\/dr-aderson-filho-e-joel-da-serra-sao-diplomados-prefeito-e-vice-de-socorro-do-piaui\/","og_locale":"pt_BR","og_type":"article","og_title":"Dr. Aderson Filho e Joel da Serra s\u00e3o diplomados prefeito e vice de Socorro do Piau\u00ed","og_description":"Em solenidade realizada na manh\u00e3 desta quara-feira, 11 de dezembro, no Audit\u00f3rio Iolanda Ara\u00fajo Brito, na sede da SEMED, em Simpl\u00edcio Mendes, o advogado Aderson Filho (MDB) e Joel da Serra, eleitos prefeito e vice-prefeito de Socorro do Piau\u00ed, foram oficialmente diplomados pela Justi\u00e7a Eleitoral. Presidida pelo Juiz Dr. Cl\u00e9ber Roberto Soares de Souza, da [&hellip;]","og_url":"https:\/\/noticiaempauta.com\/portal\/dr-aderson-filho-e-joel-da-serra-sao-diplomados-prefeito-e-vice-de-socorro-do-piaui\/","og_site_name":"Portal Not\u00edcia em Pauta","article_publisher":"https:\/\/www.facebook.com\/Portal-Notcia-Em-Pauta-102292869264820\/","article_published_time":"2024-12-11T18:45:07+00:00","article_modified_time":"2024-12-12T01:18:46+00:00","og_image":[{"width":522,"height":402,"url":"https:\/\/noticiaempauta.com\/portal\/wp-content\/uploads\/2024\/12\/batch_IMG_0473-1.jpg","type":"image\/jpeg"}],"author":"Reda\u00e7\u00e3o","twitter_card":"summary_large_image","twitter_misc":{"Escrito por":"Reda\u00e7\u00e3o","Est. tempo de leitura":"4 minutos"},"schema":{"@context":"https:\/\/schema.org","@graph":[{"@type":"Article","@id":"https:\/\/noticiaempauta.com\/portal\/dr-aderson-filho-e-joel-da-serra-sao-diplomados-prefeito-e-vice-de-socorro-do-piaui\/#article","isPartOf":{"@id":"https:\/\/noticiaempauta.com\/portal\/dr-aderson-filho-e-joel-da-serra-sao-diplomados-prefeito-e-vice-de-socorro-do-piaui\/"},"author":{"name":"Reda\u00e7\u00e3o","@id":"https:\/\/noticiaempauta.com\/portal\/#\/schema\/person\/a74af43dd1ab3deca45f988c717d57ac"},"headline":"Dr. Aderson Filho e Joel da Serra s\u00e3o diplomados prefeito e vice de Socorro do Piau\u00ed","datePublished":"2024-12-11T18:45:07+00:00","dateModified":"2024-12-12T01:18:46+00:00","mainEntityOfPage":{"@id":"https:\/\/noticiaempauta.com\/portal\/dr-aderson-filho-e-joel-da-serra-sao-diplomados-prefeito-e-vice-de-socorro-do-piaui\/"},"wordCount":251,"commentCount":0,"publisher":{"@id":"https:\/\/noticiaempauta.com\/portal\/#organization"},"image":{"@id":"https:\/\/noticiaempauta.com\/portal\/dr-aderson-filho-e-joel-da-serra-sao-diplomados-prefeito-e-vice-de-socorro-do-piaui\/#primaryimage"},"thumbnailUrl":"https:\/\/noticiaempauta.com\/portal\/wp-content\/uploads\/2024\/12\/batch_IMG_0473-1.jpg","articleSection":["Destaques","Geral","Munic\u00edpios","Pol\u00edtica","Todas as Not\u00edcias"],"inLanguage":"pt-BR","potentialAction":[{"@type":"CommentAction","name":"Comment","target":["https:\/\/noticiaempauta.com\/portal\/dr-aderson-filho-e-joel-da-serra-sao-diplomados-prefeito-e-vice-de-socorro-do-piaui\/#respond"]}]},{"@type":"WebPage","@id":"https:\/\/noticiaempauta.com\/portal\/dr-aderson-filho-e-joel-da-serra-sao-diplomados-prefeito-e-vice-de-socorro-do-piaui\/","url":"https:\/\/noticiaempauta.com\/portal\/dr-aderson-filho-e-joel-da-serra-sao-diplomados-prefeito-e-vice-de-socorro-do-piaui\/","name":"Dr. Aderson Filho e Joel da Serra s\u00e3o diplomados prefeito e vice de Socorro do Piau\u00ed - Portal Not\u00edcia em Pauta","isPartOf":{"@id":"https:\/\/noticiaempauta.com\/portal\/#website"},"primaryImageOfPage":{"@id":"https:\/\/noticiaempauta.com\/portal\/dr-aderson-filho-e-joel-da-serra-sao-diplomados-prefeito-e-vice-de-socorro-do-piaui\/#primaryimage"},"image":{"@id":"https:\/\/noticiaempauta.com\/portal\/dr-aderson-filho-e-joel-da-serra-sao-diplomados-prefeito-e-vice-de-socorro-do-piaui\/#primaryimage"},"thumbnailUrl":"https:\/\/noticiaempauta.com\/portal\/wp-content\/uploads\/2024\/12\/batch_IMG_0473-1.jpg","datePublished":"2024-12-11T18:45:07+00:00","dateModified":"2024-12-12T01:18:46+00:00","breadcrumb":{"@id":"https:\/\/noticiaempauta.com\/portal\/dr-aderson-filho-e-joel-da-serra-sao-diplomados-prefeito-e-vice-de-socorro-do-piaui\/#breadcrumb"},"inLanguage":"pt-BR","potentialAction":[{"@type":"ReadAction","target":["https:\/\/noticiaempauta.com\/portal\/dr-aderson-filho-e-joel-da-serra-sao-diplomados-prefeito-e-vice-de-socorro-do-piaui\/"]}]},{"@type":"ImageObject","inLanguage":"pt-BR","@id":"https:\/\/noticiaempauta.com\/portal\/dr-aderson-filho-e-joel-da-serra-sao-diplomados-prefeito-e-vice-de-socorro-do-piaui\/#primaryimage","url":"https:\/\/noticiaempauta.com\/portal\/wp-content\/uploads\/2024\/12\/batch_IMG_0473-1.jpg","contentUrl":"https:\/\/noticiaempauta.com\/portal\/wp-content\/uploads\/2024\/12\/batch_IMG_0473-1.jpg","width":522,"height":402,"caption":"(Foto: Reprodu\u00e7\u00e3o\/CidadesEmFoco)"},{"@type":"BreadcrumbList","@id":"https:\/\/noticiaempauta.com\/portal\/dr-aderson-filho-e-joel-da-serra-sao-diplomados-prefeito-e-vice-de-socorro-do-piaui\/#breadcrumb","itemListElement":[{"@type":"ListItem","position":1,"name":"P\u00e1gina Inicial","item":"https:\/\/noticiaempauta.com\/portal\/"},{"@type":"ListItem","position":2,"name":"Geral","item":"https:\/\/noticiaempauta.com\/portal\/geral\/"},{"@type":"ListItem","position":3,"name":"Dr. Aderson Filho e Joel da Serra s\u00e3o diplomados prefeito e vice de Socorro do Piau\u00ed"}]},{"@type":"WebSite","@id":"https:\/\/noticiaempauta.com\/portal\/#website","url":"https:\/\/noticiaempauta.com\/portal\/","name":"Portal Not\u00edcia em Pauta","description":"Voc\u00ea bem informado","publisher":{"@id":"https:\/\/noticiaempauta.com\/portal\/#organization"},"potentialAction":[{"@type":"SearchAction","target":{"@type":"EntryPoint","urlTemplate":"https:\/\/noticiaempauta.com\/portal\/?s={search_term_string}"},"query-input":{"@type":"PropertyValueSpecification","valueRequired":true,"valueName":"search_term_string"}}],"inLanguage":"pt-BR"},{"@type":"Organization","@id":"https:\/\/noticiaempauta.com\/portal\/#organization","name":"Portal Not\u00edcia em Pauta","url":"https:\/\/noticiaempauta.com\/portal\/","logo":{"@type":"ImageObject","inLanguage":"pt-BR","@id":"https:\/\/noticiaempauta.com\/portal\/#\/schema\/logo\/image\/","url":"https:\/\/noticiaempauta.com\/portal\/wp-content\/uploads\/2022\/08\/logomarca_tema.fw_.png","contentUrl":"https:\/\/noticiaempauta.com\/portal\/wp-content\/uploads\/2022\/08\/logomarca_tema.fw_.png","width":400,"height":232,"caption":"Portal Not\u00edcia em Pauta"},"image":{"@id":"https:\/\/noticiaempauta.com\/portal\/#\/schema\/logo\/image\/"},"sameAs":["https:\/\/www.facebook.com\/Portal-Notcia-Em-Pauta-102292869264820\/","https:\/\/www.instagram.com\/portalnoticiaempauta\/"]},{"@type":"Person","@id":"https:\/\/noticiaempauta.com\/portal\/#\/schema\/person\/a74af43dd1ab3deca45f988c717d57ac","name":"Reda\u00e7\u00e3o","image":{"@type":"ImageObject","inLanguage":"pt-BR","@id":"https:\/\/noticiaempauta.com\/portal\/#\/schema\/person\/image\/","url":"https:\/\/secure.gravatar.com\/avatar\/03179346ecce6cdfc13361603e8f54242a90e5cde8618fa23c5c00aa2b0aadf3?s=96&d=mm&r=g","contentUrl":"https:\/\/secure.gravatar.com\/avatar\/03179346ecce6cdfc13361603e8f54242a90e5cde8618fa23c5c00aa2b0aadf3?s=96&d=mm&r=g","caption":"Reda\u00e7\u00e3o"},"sameAs":["https:\/\/noticiaempauta.com\/portal\/"],"url":"https:\/\/noticiaempauta.com\/portal\/author\/fernando\/"}]}},"_links":{"self":[{"href":"https:\/\/noticiaempauta.com\/portal\/wp-json\/wp\/v2\/posts\/264996","targetHints":{"allow":["GET"]}}],"collection":[{"href":"https:\/\/noticiaempauta.com\/portal\/wp-json\/wp\/v2\/posts"}],"about":[{"href":"https:\/\/noticiaempauta.com\/portal\/wp-json\/wp\/v2\/types\/post"}],"author":[{"embeddable":true,"href":"https:\/\/noticiaempauta.com\/portal\/wp-json\/wp\/v2\/users\/2"}],"replies":[{"embeddable":true,"href":"https:\/\/noticiaempauta.com\/portal\/wp-json\/wp\/v2\/comments?post=264996"}],"version-history":[{"count":5,"href":"https:\/\/noticiaempauta.com\/portal\/wp-json\/wp\/v2\/posts\/264996\/revisions"}],"predecessor-version":[{"id":265016,"href":"https:\/\/noticiaempauta.com\/portal\/wp-json\/wp\/v2\/posts\/264996\/revisions\/265016"}],"wp:featuredmedia":[{"embeddable":true,"href":"https:\/\/noticiaempauta.com\/portal\/wp-json\/wp\/v2\/media\/265002"}],"wp:attachment":[{"href":"https:\/\/noticiaempauta.com\/portal\/wp-json\/wp\/v2\/media?parent=264996"}],"wp:term":[{"taxonomy":"category","embeddable":true,"href":"https:\/\/noticiaempauta.com\/portal\/wp-json\/wp\/v2\/categories?post=264996"},{"taxonomy":"post_tag","embeddable":true,"href":"https:\/\/noticiaempauta.com\/portal\/wp-json\/wp\/v2\/tags?post=264996"}],"curies":[{"name":"wp","href":"https:\/\/api.w.org\/{rel}","templated":true}]}}