{"id":264998,"date":"2024-12-11T12:51:00","date_gmt":"2024-12-11T15:51:00","guid":{"rendered":"https:\/\/noticiaempauta.com\/portal\/?p=264998"},"modified":"2024-12-11T12:51:01","modified_gmt":"2024-12-11T15:51:01","slug":"jovem-e-encontrado-morto-na-zona-rural-de-aroeiras-do-itaim","status":"publish","type":"post","link":"https:\/\/noticiaempauta.com\/portal\/jovem-e-encontrado-morto-na-zona-rural-de-aroeiras-do-itaim\/","title":{"rendered":"Jovem \u00e9 encontrado morto na zona rural de Aroeiras do Itaim"},"content":{"rendered":"\n<p>Na manh\u00e3 desta quarta-feira (11) o corpo do jovem identificado por Marciano Pereira Feitosa, de 19 anos, foi encontrado por populares no Povoado Ponta do Morro, zona rural de Aroeiras do Itaim. O indiv\u00edduo apresentava les\u00f5es no corpo compat\u00edveis a ferimentos provocados por arma branca, por\u00e9m a causa da morte ser\u00e1 ainda confirmada pela per\u00edcia criminal.<\/p>\n\n\n\n<figure class=\"wp-block-image size-full\"><img fetchpriority=\"high\" decoding=\"async\" width=\"790\" height=\"609\" src=\"https:\/\/noticiaempauta.com\/portal\/wp-content\/uploads\/2024\/12\/IMG_7171.jpeg\" alt=\"\" class=\"wp-image-264999\" srcset=\"https:\/\/noticiaempauta.com\/portal\/wp-content\/uploads\/2024\/12\/IMG_7171.jpeg 790w, https:\/\/noticiaempauta.com\/portal\/wp-content\/uploads\/2024\/12\/IMG_7171-300x231.jpeg 300w, https:\/\/noticiaempauta.com\/portal\/wp-content\/uploads\/2024\/12\/IMG_7171-768x592.jpeg 768w\" sizes=\"(max-width: 790px) 100vw, 790px\" \/><figcaption class=\"wp-element-caption\"><em>(Foto: Reprodu\u00e7\u00e3o)<\/em><\/figcaption><\/figure>\n\n\n\n<p>Segundo informa\u00e7\u00f5es do Grupamento de Pol\u00edcia Militar de Aroreiras do Itaim, o jovem tinha uma rela\u00e7\u00e3o conflituosa com a fam\u00edlia. Marciano, tempos atr\u00e1s, empurrou a av\u00f3 que caiu e quebrou o f\u00eamur. Por conta de problemas de sa\u00fade que a idosa j\u00e1 possu\u00eda, ela veio a falecer.<\/p>\n\n\n\n<p>Em decorr\u00eancia da situa\u00e7\u00e3o, foi registrado Boletim de Ocorr\u00eancia pelo crime de Les\u00e3o Corporal, que posteriormente foi atualizado para Les\u00e3o Corporal seguida de morte.<\/p>\n\n\n\n<p>No vel\u00f3rio da av\u00f3, Marciano acabou esfaqueando um popular que tentou intercept\u00e1-lo at\u00e9 a chegada da pol\u00edcia.&nbsp; O mesmo estava sendo monitorado pela PM ap\u00f3s a agress\u00e3o praticada com a av\u00f3.<\/p>\n\n\n\n<p>Diante do ocorrido, Marciano Feitosa se tornou uma pessoa temida pela popula\u00e7\u00e3o de Aroeiras do Itaim, em raz\u00e3o do comportamento agressivo e de suas declara\u00e7\u00f5es amea\u00e7adoras.<\/p>\n\n\n\n<p>Uma equipe da Per\u00edcia Criminal se desloca para o local onde o corpo foi encontrado, para realizar os procedimentos necess\u00e1rios e identificar a causa da morte. A \u00e1rea est\u00e1 isolada pela Pol\u00edcia Militar.<\/p>\n\n\n\n<p><em>Paula Monize\/ Cidade Verde<\/em><\/p>\n","protected":false},"excerpt":{"rendered":"<p>Na manh\u00e3 desta quarta-feira (11) o corpo do jovem identificado por Marciano Pereira Feitosa, de 19 anos, foi encontrado por populares no Povoado Ponta do Morro, zona rural de Aroeiras do Itaim. O indiv\u00edduo apresentava les\u00f5es no corpo compat\u00edveis a ferimentos provocados por arma branca, por\u00e9m a causa da morte ser\u00e1 ainda confirmada pela per\u00edcia [&hellip;]<\/p>\n","protected":false},"author":2,"featured_media":264999,"comment_status":"open","ping_status":"open","sticky":false,"template":"","format":"standard","meta":{"_mi_skip_tracking":false,"footnotes":""},"categories":[25,1,137,16],"tags":[192],"class_list":["post-264998","post","type-post","status-publish","format-standard","has-post-thumbnail","hentry","category-destaques-site","category-geral","category-policia","category-todas","tag-destaqueprincipal"],"acf":[],"yoast_head":"<!-- This site is optimized with the Yoast SEO Premium plugin v19.2 (Yoast SEO v26.9) - https:\/\/yoast.com\/product\/yoast-seo-premium-wordpress\/ -->\n<title>Jovem \u00e9 encontrado morto na zona rural de Aroeiras do Itaim - Portal Not\u00edcia em Pauta<\/title>\n<meta name=\"robots\" content=\"index, follow, max-snippet:-1, max-image-preview:large, max-video-preview:-1\" \/>\n<link rel=\"canonical\" href=\"https:\/\/noticiaempauta.com\/portal\/jovem-e-encontrado-morto-na-zona-rural-de-aroeiras-do-itaim\/\" \/>\n<meta property=\"og:locale\" content=\"pt_BR\" \/>\n<meta property=\"og:type\" content=\"article\" \/>\n<meta property=\"og:title\" content=\"Jovem \u00e9 encontrado morto na zona rural de Aroeiras do Itaim\" \/>\n<meta property=\"og:description\" content=\"Na manh\u00e3 desta quarta-feira (11) o corpo do jovem identificado por Marciano Pereira Feitosa, de 19 anos, foi encontrado por populares no Povoado Ponta do Morro, zona rural de Aroeiras do Itaim. O indiv\u00edduo apresentava les\u00f5es no corpo compat\u00edveis a ferimentos provocados por arma branca, por\u00e9m a causa da morte ser\u00e1 ainda confirmada pela per\u00edcia [&hellip;]\" \/>\n<meta property=\"og:url\" content=\"https:\/\/noticiaempauta.com\/portal\/jovem-e-encontrado-morto-na-zona-rural-de-aroeiras-do-itaim\/\" \/>\n<meta property=\"og:site_name\" content=\"Portal Not\u00edcia em Pauta\" \/>\n<meta property=\"article:publisher\" content=\"https:\/\/www.facebook.com\/Portal-Notcia-Em-Pauta-102292869264820\/\" \/>\n<meta property=\"article:published_time\" content=\"2024-12-11T15:51:00+00:00\" \/>\n<meta property=\"article:modified_time\" content=\"2024-12-11T15:51:01+00:00\" \/>\n<meta property=\"og:image\" content=\"https:\/\/noticiaempauta.com\/portal\/wp-content\/uploads\/2024\/12\/IMG_7171.jpeg\" \/>\n\t<meta property=\"og:image:width\" content=\"790\" \/>\n\t<meta property=\"og:image:height\" content=\"609\" \/>\n\t<meta property=\"og:image:type\" content=\"image\/jpeg\" \/>\n<meta name=\"author\" content=\"Reda\u00e7\u00e3o\" \/>\n<meta name=\"twitter:card\" content=\"summary_large_image\" \/>\n<meta name=\"twitter:label1\" content=\"Escrito por\" \/>\n\t<meta name=\"twitter:data1\" content=\"Reda\u00e7\u00e3o\" \/>\n\t<meta name=\"twitter:label2\" content=\"Est. tempo de leitura\" \/>\n\t<meta name=\"twitter:data2\" content=\"2 minutos\" \/>\n<script type=\"application\/ld+json\" class=\"yoast-schema-graph\">{\"@context\":\"https:\/\/schema.org\",\"@graph\":[{\"@type\":\"Article\",\"@id\":\"https:\/\/noticiaempauta.com\/portal\/jovem-e-encontrado-morto-na-zona-rural-de-aroeiras-do-itaim\/#article\",\"isPartOf\":{\"@id\":\"https:\/\/noticiaempauta.com\/portal\/jovem-e-encontrado-morto-na-zona-rural-de-aroeiras-do-itaim\/\"},\"author\":{\"name\":\"Reda\u00e7\u00e3o\",\"@id\":\"https:\/\/noticiaempauta.com\/portal\/#\/schema\/person\/a74af43dd1ab3deca45f988c717d57ac\"},\"headline\":\"Jovem \u00e9 encontrado morto na zona rural de Aroeiras do Itaim\",\"datePublished\":\"2024-12-11T15:51:00+00:00\",\"dateModified\":\"2024-12-11T15:51:01+00:00\",\"mainEntityOfPage\":{\"@id\":\"https:\/\/noticiaempauta.com\/portal\/jovem-e-encontrado-morto-na-zona-rural-de-aroeiras-do-itaim\/\"},\"wordCount\":263,\"commentCount\":0,\"publisher\":{\"@id\":\"https:\/\/noticiaempauta.com\/portal\/#organization\"},\"image\":{\"@id\":\"https:\/\/noticiaempauta.com\/portal\/jovem-e-encontrado-morto-na-zona-rural-de-aroeiras-do-itaim\/#primaryimage\"},\"thumbnailUrl\":\"https:\/\/noticiaempauta.com\/portal\/wp-content\/uploads\/2024\/12\/IMG_7171.jpeg\",\"keywords\":[\"destaqueprincipal\"],\"articleSection\":[\"Destaques\",\"Geral\",\"Pol\u00edcia\",\"Todas as Not\u00edcias\"],\"inLanguage\":\"pt-BR\",\"potentialAction\":[{\"@type\":\"CommentAction\",\"name\":\"Comment\",\"target\":[\"https:\/\/noticiaempauta.com\/portal\/jovem-e-encontrado-morto-na-zona-rural-de-aroeiras-do-itaim\/#respond\"]}]},{\"@type\":\"WebPage\",\"@id\":\"https:\/\/noticiaempauta.com\/portal\/jovem-e-encontrado-morto-na-zona-rural-de-aroeiras-do-itaim\/\",\"url\":\"https:\/\/noticiaempauta.com\/portal\/jovem-e-encontrado-morto-na-zona-rural-de-aroeiras-do-itaim\/\",\"name\":\"Jovem \u00e9 encontrado morto na zona rural de Aroeiras do Itaim - Portal Not\u00edcia em Pauta\",\"isPartOf\":{\"@id\":\"https:\/\/noticiaempauta.com\/portal\/#website\"},\"primaryImageOfPage\":{\"@id\":\"https:\/\/noticiaempauta.com\/portal\/jovem-e-encontrado-morto-na-zona-rural-de-aroeiras-do-itaim\/#primaryimage\"},\"image\":{\"@id\":\"https:\/\/noticiaempauta.com\/portal\/jovem-e-encontrado-morto-na-zona-rural-de-aroeiras-do-itaim\/#primaryimage\"},\"thumbnailUrl\":\"https:\/\/noticiaempauta.com\/portal\/wp-content\/uploads\/2024\/12\/IMG_7171.jpeg\",\"datePublished\":\"2024-12-11T15:51:00+00:00\",\"dateModified\":\"2024-12-11T15:51:01+00:00\",\"breadcrumb\":{\"@id\":\"https:\/\/noticiaempauta.com\/portal\/jovem-e-encontrado-morto-na-zona-rural-de-aroeiras-do-itaim\/#breadcrumb\"},\"inLanguage\":\"pt-BR\",\"potentialAction\":[{\"@type\":\"ReadAction\",\"target\":[\"https:\/\/noticiaempauta.com\/portal\/jovem-e-encontrado-morto-na-zona-rural-de-aroeiras-do-itaim\/\"]}]},{\"@type\":\"ImageObject\",\"inLanguage\":\"pt-BR\",\"@id\":\"https:\/\/noticiaempauta.com\/portal\/jovem-e-encontrado-morto-na-zona-rural-de-aroeiras-do-itaim\/#primaryimage\",\"url\":\"https:\/\/noticiaempauta.com\/portal\/wp-content\/uploads\/2024\/12\/IMG_7171.jpeg\",\"contentUrl\":\"https:\/\/noticiaempauta.com\/portal\/wp-content\/uploads\/2024\/12\/IMG_7171.jpeg\",\"width\":790,\"height\":609},{\"@type\":\"BreadcrumbList\",\"@id\":\"https:\/\/noticiaempauta.com\/portal\/jovem-e-encontrado-morto-na-zona-rural-de-aroeiras-do-itaim\/#breadcrumb\",\"itemListElement\":[{\"@type\":\"ListItem\",\"position\":1,\"name\":\"P\u00e1gina Inicial\",\"item\":\"https:\/\/noticiaempauta.com\/portal\/\"},{\"@type\":\"ListItem\",\"position\":2,\"name\":\"Destaques\",\"item\":\"https:\/\/noticiaempauta.com\/portal\/destaques-site\/\"},{\"@type\":\"ListItem\",\"position\":3,\"name\":\"Jovem \u00e9 encontrado morto na zona rural de Aroeiras do Itaim\"}]},{\"@type\":\"WebSite\",\"@id\":\"https:\/\/noticiaempauta.com\/portal\/#website\",\"url\":\"https:\/\/noticiaempauta.com\/portal\/\",\"name\":\"Portal Not\u00edcia em Pauta\",\"description\":\"Voc\u00ea bem informado\",\"publisher\":{\"@id\":\"https:\/\/noticiaempauta.com\/portal\/#organization\"},\"potentialAction\":[{\"@type\":\"SearchAction\",\"target\":{\"@type\":\"EntryPoint\",\"urlTemplate\":\"https:\/\/noticiaempauta.com\/portal\/?s={search_term_string}\"},\"query-input\":{\"@type\":\"PropertyValueSpecification\",\"valueRequired\":true,\"valueName\":\"search_term_string\"}}],\"inLanguage\":\"pt-BR\"},{\"@type\":\"Organization\",\"@id\":\"https:\/\/noticiaempauta.com\/portal\/#organization\",\"name\":\"Portal Not\u00edcia em Pauta\",\"url\":\"https:\/\/noticiaempauta.com\/portal\/\",\"logo\":{\"@type\":\"ImageObject\",\"inLanguage\":\"pt-BR\",\"@id\":\"https:\/\/noticiaempauta.com\/portal\/#\/schema\/logo\/image\/\",\"url\":\"https:\/\/noticiaempauta.com\/portal\/wp-content\/uploads\/2022\/08\/logomarca_tema.fw_.png\",\"contentUrl\":\"https:\/\/noticiaempauta.com\/portal\/wp-content\/uploads\/2022\/08\/logomarca_tema.fw_.png\",\"width\":400,\"height\":232,\"caption\":\"Portal Not\u00edcia em Pauta\"},\"image\":{\"@id\":\"https:\/\/noticiaempauta.com\/portal\/#\/schema\/logo\/image\/\"},\"sameAs\":[\"https:\/\/www.facebook.com\/Portal-Notcia-Em-Pauta-102292869264820\/\",\"https:\/\/www.instagram.com\/portalnoticiaempauta\/\"]},{\"@type\":\"Person\",\"@id\":\"https:\/\/noticiaempauta.com\/portal\/#\/schema\/person\/a74af43dd1ab3deca45f988c717d57ac\",\"name\":\"Reda\u00e7\u00e3o\",\"image\":{\"@type\":\"ImageObject\",\"inLanguage\":\"pt-BR\",\"@id\":\"https:\/\/noticiaempauta.com\/portal\/#\/schema\/person\/image\/\",\"url\":\"https:\/\/secure.gravatar.com\/avatar\/03179346ecce6cdfc13361603e8f54242a90e5cde8618fa23c5c00aa2b0aadf3?s=96&d=mm&r=g\",\"contentUrl\":\"https:\/\/secure.gravatar.com\/avatar\/03179346ecce6cdfc13361603e8f54242a90e5cde8618fa23c5c00aa2b0aadf3?s=96&d=mm&r=g\",\"caption\":\"Reda\u00e7\u00e3o\"},\"sameAs\":[\"https:\/\/noticiaempauta.com\/portal\/\"],\"url\":\"https:\/\/noticiaempauta.com\/portal\/author\/fernando\/\"}]}<\/script>\n<!-- \/ Yoast SEO Premium plugin. -->","yoast_head_json":{"title":"Jovem \u00e9 encontrado morto na zona rural de Aroeiras do Itaim - Portal Not\u00edcia em Pauta","robots":{"index":"index","follow":"follow","max-snippet":"max-snippet:-1","max-image-preview":"max-image-preview:large","max-video-preview":"max-video-preview:-1"},"canonical":"https:\/\/noticiaempauta.com\/portal\/jovem-e-encontrado-morto-na-zona-rural-de-aroeiras-do-itaim\/","og_locale":"pt_BR","og_type":"article","og_title":"Jovem \u00e9 encontrado morto na zona rural de Aroeiras do Itaim","og_description":"Na manh\u00e3 desta quarta-feira (11) o corpo do jovem identificado por Marciano Pereira Feitosa, de 19 anos, foi encontrado por populares no Povoado Ponta do Morro, zona rural de Aroeiras do Itaim. O indiv\u00edduo apresentava les\u00f5es no corpo compat\u00edveis a ferimentos provocados por arma branca, por\u00e9m a causa da morte ser\u00e1 ainda confirmada pela per\u00edcia [&hellip;]","og_url":"https:\/\/noticiaempauta.com\/portal\/jovem-e-encontrado-morto-na-zona-rural-de-aroeiras-do-itaim\/","og_site_name":"Portal Not\u00edcia em Pauta","article_publisher":"https:\/\/www.facebook.com\/Portal-Notcia-Em-Pauta-102292869264820\/","article_published_time":"2024-12-11T15:51:00+00:00","article_modified_time":"2024-12-11T15:51:01+00:00","og_image":[{"width":790,"height":609,"url":"https:\/\/noticiaempauta.com\/portal\/wp-content\/uploads\/2024\/12\/IMG_7171.jpeg","type":"image\/jpeg"}],"author":"Reda\u00e7\u00e3o","twitter_card":"summary_large_image","twitter_misc":{"Escrito por":"Reda\u00e7\u00e3o","Est. tempo de leitura":"2 minutos"},"schema":{"@context":"https:\/\/schema.org","@graph":[{"@type":"Article","@id":"https:\/\/noticiaempauta.com\/portal\/jovem-e-encontrado-morto-na-zona-rural-de-aroeiras-do-itaim\/#article","isPartOf":{"@id":"https:\/\/noticiaempauta.com\/portal\/jovem-e-encontrado-morto-na-zona-rural-de-aroeiras-do-itaim\/"},"author":{"name":"Reda\u00e7\u00e3o","@id":"https:\/\/noticiaempauta.com\/portal\/#\/schema\/person\/a74af43dd1ab3deca45f988c717d57ac"},"headline":"Jovem \u00e9 encontrado morto na zona rural de Aroeiras do Itaim","datePublished":"2024-12-11T15:51:00+00:00","dateModified":"2024-12-11T15:51:01+00:00","mainEntityOfPage":{"@id":"https:\/\/noticiaempauta.com\/portal\/jovem-e-encontrado-morto-na-zona-rural-de-aroeiras-do-itaim\/"},"wordCount":263,"commentCount":0,"publisher":{"@id":"https:\/\/noticiaempauta.com\/portal\/#organization"},"image":{"@id":"https:\/\/noticiaempauta.com\/portal\/jovem-e-encontrado-morto-na-zona-rural-de-aroeiras-do-itaim\/#primaryimage"},"thumbnailUrl":"https:\/\/noticiaempauta.com\/portal\/wp-content\/uploads\/2024\/12\/IMG_7171.jpeg","keywords":["destaqueprincipal"],"articleSection":["Destaques","Geral","Pol\u00edcia","Todas as Not\u00edcias"],"inLanguage":"pt-BR","potentialAction":[{"@type":"CommentAction","name":"Comment","target":["https:\/\/noticiaempauta.com\/portal\/jovem-e-encontrado-morto-na-zona-rural-de-aroeiras-do-itaim\/#respond"]}]},{"@type":"WebPage","@id":"https:\/\/noticiaempauta.com\/portal\/jovem-e-encontrado-morto-na-zona-rural-de-aroeiras-do-itaim\/","url":"https:\/\/noticiaempauta.com\/portal\/jovem-e-encontrado-morto-na-zona-rural-de-aroeiras-do-itaim\/","name":"Jovem \u00e9 encontrado morto na zona rural de Aroeiras do Itaim - Portal Not\u00edcia em Pauta","isPartOf":{"@id":"https:\/\/noticiaempauta.com\/portal\/#website"},"primaryImageOfPage":{"@id":"https:\/\/noticiaempauta.com\/portal\/jovem-e-encontrado-morto-na-zona-rural-de-aroeiras-do-itaim\/#primaryimage"},"image":{"@id":"https:\/\/noticiaempauta.com\/portal\/jovem-e-encontrado-morto-na-zona-rural-de-aroeiras-do-itaim\/#primaryimage"},"thumbnailUrl":"https:\/\/noticiaempauta.com\/portal\/wp-content\/uploads\/2024\/12\/IMG_7171.jpeg","datePublished":"2024-12-11T15:51:00+00:00","dateModified":"2024-12-11T15:51:01+00:00","breadcrumb":{"@id":"https:\/\/noticiaempauta.com\/portal\/jovem-e-encontrado-morto-na-zona-rural-de-aroeiras-do-itaim\/#breadcrumb"},"inLanguage":"pt-BR","potentialAction":[{"@type":"ReadAction","target":["https:\/\/noticiaempauta.com\/portal\/jovem-e-encontrado-morto-na-zona-rural-de-aroeiras-do-itaim\/"]}]},{"@type":"ImageObject","inLanguage":"pt-BR","@id":"https:\/\/noticiaempauta.com\/portal\/jovem-e-encontrado-morto-na-zona-rural-de-aroeiras-do-itaim\/#primaryimage","url":"https:\/\/noticiaempauta.com\/portal\/wp-content\/uploads\/2024\/12\/IMG_7171.jpeg","contentUrl":"https:\/\/noticiaempauta.com\/portal\/wp-content\/uploads\/2024\/12\/IMG_7171.jpeg","width":790,"height":609},{"@type":"BreadcrumbList","@id":"https:\/\/noticiaempauta.com\/portal\/jovem-e-encontrado-morto-na-zona-rural-de-aroeiras-do-itaim\/#breadcrumb","itemListElement":[{"@type":"ListItem","position":1,"name":"P\u00e1gina Inicial","item":"https:\/\/noticiaempauta.com\/portal\/"},{"@type":"ListItem","position":2,"name":"Destaques","item":"https:\/\/noticiaempauta.com\/portal\/destaques-site\/"},{"@type":"ListItem","position":3,"name":"Jovem \u00e9 encontrado morto na zona rural de Aroeiras do Itaim"}]},{"@type":"WebSite","@id":"https:\/\/noticiaempauta.com\/portal\/#website","url":"https:\/\/noticiaempauta.com\/portal\/","name":"Portal Not\u00edcia em Pauta","description":"Voc\u00ea bem informado","publisher":{"@id":"https:\/\/noticiaempauta.com\/portal\/#organization"},"potentialAction":[{"@type":"SearchAction","target":{"@type":"EntryPoint","urlTemplate":"https:\/\/noticiaempauta.com\/portal\/?s={search_term_string}"},"query-input":{"@type":"PropertyValueSpecification","valueRequired":true,"valueName":"search_term_string"}}],"inLanguage":"pt-BR"},{"@type":"Organization","@id":"https:\/\/noticiaempauta.com\/portal\/#organization","name":"Portal Not\u00edcia em Pauta","url":"https:\/\/noticiaempauta.com\/portal\/","logo":{"@type":"ImageObject","inLanguage":"pt-BR","@id":"https:\/\/noticiaempauta.com\/portal\/#\/schema\/logo\/image\/","url":"https:\/\/noticiaempauta.com\/portal\/wp-content\/uploads\/2022\/08\/logomarca_tema.fw_.png","contentUrl":"https:\/\/noticiaempauta.com\/portal\/wp-content\/uploads\/2022\/08\/logomarca_tema.fw_.png","width":400,"height":232,"caption":"Portal Not\u00edcia em Pauta"},"image":{"@id":"https:\/\/noticiaempauta.com\/portal\/#\/schema\/logo\/image\/"},"sameAs":["https:\/\/www.facebook.com\/Portal-Notcia-Em-Pauta-102292869264820\/","https:\/\/www.instagram.com\/portalnoticiaempauta\/"]},{"@type":"Person","@id":"https:\/\/noticiaempauta.com\/portal\/#\/schema\/person\/a74af43dd1ab3deca45f988c717d57ac","name":"Reda\u00e7\u00e3o","image":{"@type":"ImageObject","inLanguage":"pt-BR","@id":"https:\/\/noticiaempauta.com\/portal\/#\/schema\/person\/image\/","url":"https:\/\/secure.gravatar.com\/avatar\/03179346ecce6cdfc13361603e8f54242a90e5cde8618fa23c5c00aa2b0aadf3?s=96&d=mm&r=g","contentUrl":"https:\/\/secure.gravatar.com\/avatar\/03179346ecce6cdfc13361603e8f54242a90e5cde8618fa23c5c00aa2b0aadf3?s=96&d=mm&r=g","caption":"Reda\u00e7\u00e3o"},"sameAs":["https:\/\/noticiaempauta.com\/portal\/"],"url":"https:\/\/noticiaempauta.com\/portal\/author\/fernando\/"}]}},"_links":{"self":[{"href":"https:\/\/noticiaempauta.com\/portal\/wp-json\/wp\/v2\/posts\/264998","targetHints":{"allow":["GET"]}}],"collection":[{"href":"https:\/\/noticiaempauta.com\/portal\/wp-json\/wp\/v2\/posts"}],"about":[{"href":"https:\/\/noticiaempauta.com\/portal\/wp-json\/wp\/v2\/types\/post"}],"author":[{"embeddable":true,"href":"https:\/\/noticiaempauta.com\/portal\/wp-json\/wp\/v2\/users\/2"}],"replies":[{"embeddable":true,"href":"https:\/\/noticiaempauta.com\/portal\/wp-json\/wp\/v2\/comments?post=264998"}],"version-history":[{"count":2,"href":"https:\/\/noticiaempauta.com\/portal\/wp-json\/wp\/v2\/posts\/264998\/revisions"}],"predecessor-version":[{"id":265001,"href":"https:\/\/noticiaempauta.com\/portal\/wp-json\/wp\/v2\/posts\/264998\/revisions\/265001"}],"wp:featuredmedia":[{"embeddable":true,"href":"https:\/\/noticiaempauta.com\/portal\/wp-json\/wp\/v2\/media\/264999"}],"wp:attachment":[{"href":"https:\/\/noticiaempauta.com\/portal\/wp-json\/wp\/v2\/media?parent=264998"}],"wp:term":[{"taxonomy":"category","embeddable":true,"href":"https:\/\/noticiaempauta.com\/portal\/wp-json\/wp\/v2\/categories?post=264998"},{"taxonomy":"post_tag","embeddable":true,"href":"https:\/\/noticiaempauta.com\/portal\/wp-json\/wp\/v2\/tags?post=264998"}],"curies":[{"name":"wp","href":"https:\/\/api.w.org\/{rel}","templated":true}]}}