{"id":265111,"date":"2024-12-12T17:39:36","date_gmt":"2024-12-12T20:39:36","guid":{"rendered":"https:\/\/noticiaempauta.com\/portal\/?p=265111"},"modified":"2024-12-12T17:39:37","modified_gmt":"2024-12-12T20:39:37","slug":"diplomado-suplente-de-vereador-fabiano-oliveira-comenta-possibilidade-de-assumir-uma-cadeira-na-camara-municipal","status":"publish","type":"post","link":"https:\/\/noticiaempauta.com\/portal\/diplomado-suplente-de-vereador-fabiano-oliveira-comenta-possibilidade-de-assumir-uma-cadeira-na-camara-municipal\/","title":{"rendered":"Diplomado, suplente de vereador Fabiano Oliveira, comenta possibilidade de assumir uma cadeira na C\u00e2mara Municipal"},"content":{"rendered":"\n<p>Considerado como uma das surpresas da elei\u00e7\u00e3o municipal em Picos, o primeiro suplente de vereador da federa\u00e7\u00e3o \u201cBrasil da Esperan\u00e7a\u201d, formado por PT, PCdoB e PV; Fabiano Oliveira (PCdoB) foi diplomado nesta quarta-feira (11). Ele obteve 817 votos na elei\u00e7\u00e3o deste ano, faltado apenas tr\u00eas votos para conquistar o mandato.<\/p>\n\n\n\n<figure class=\"wp-block-image size-full\"><img fetchpriority=\"high\" decoding=\"async\" width=\"640\" height=\"427\" src=\"https:\/\/noticiaempauta.com\/portal\/wp-content\/uploads\/2024\/12\/IMG_7342.jpeg\" alt=\"\" class=\"wp-image-265112\" srcset=\"https:\/\/noticiaempauta.com\/portal\/wp-content\/uploads\/2024\/12\/IMG_7342.jpeg 640w, https:\/\/noticiaempauta.com\/portal\/wp-content\/uploads\/2024\/12\/IMG_7342-300x200.jpeg 300w\" sizes=\"(max-width: 640px) 100vw, 640px\" \/><\/figure>\n\n\n\n<p>A expressiva vota\u00e7\u00e3o obtida pelo comunista poder\u00e1 lhe levar a ocupar uma cadeira na C\u00e2mara Municipal. Segundo pessoas pr\u00f3ximas ao prefeito eleito Pablo Santos (MDB), a ideia do futuro gestor \u00e9 convocar pelo menos um vereador eleito de cada legenda que forma o arco de alian\u00e7a que lhe elegeu para oportunizar os primeiros suplentes a assumirem o mandato interinamente.<\/p>\n\n\n\n<figure class=\"wp-block-image size-large\"><img decoding=\"async\" width=\"1024\" height=\"683\" src=\"https:\/\/noticiaempauta.com\/portal\/wp-content\/uploads\/2024\/12\/d6c4534d-967a-4912-971b-9e431d1679cb-1024x683.jpeg\" alt=\"\" class=\"wp-image-265113\" srcset=\"https:\/\/noticiaempauta.com\/portal\/wp-content\/uploads\/2024\/12\/d6c4534d-967a-4912-971b-9e431d1679cb-1024x683.jpeg 1024w, https:\/\/noticiaempauta.com\/portal\/wp-content\/uploads\/2024\/12\/d6c4534d-967a-4912-971b-9e431d1679cb-300x200.jpeg 300w, https:\/\/noticiaempauta.com\/portal\/wp-content\/uploads\/2024\/12\/d6c4534d-967a-4912-971b-9e431d1679cb-768x512.jpeg 768w, https:\/\/noticiaempauta.com\/portal\/wp-content\/uploads\/2024\/12\/d6c4534d-967a-4912-971b-9e431d1679cb.jpeg 1200w\" sizes=\"(max-width: 1024px) 100vw, 1024px\" \/><\/figure>\n\n\n\n<p>Fabiano Oliveira expressou seu sentimento em ocupar o posto e ter contribu\u00eddo para a vit\u00f3ria do prefeito eleito. \u201c\u00c9 momento de muita alegria e \u00e9 com muita honra que recebo mais um diploma de suplente, o sentimento \u00e9 de gratid\u00e3o \u00e0 minha fam\u00edlia, companheiros de partido e aos amigos que me apoiaram nesta caminhada, principalmente ao meu coordenador de campanha, meu amigo e irm\u00e3o Ruzinaldo Barros\u201d, salientou.<\/p>\n\n\n\n<p>O suplente de vereador declarou que espera com muita tranquilidade as tratativas com o prefeito eleito, e caso a possibilidade de assumir o mandato seja concretizada, ele afirma estar preparado para o desafio. \u201dPrimeiro dizer que estou muito feliz pela vit\u00f3ria do projeto que acreditei, que foi o Dr. Pablo Santos. Quanto a assumir uma cadeira, aguardo com muita tranquilidade as tratativas do prefeito, pois sei da sua lealdade \u00e0queles que lhe apoiaram. Caso essa possibilidade n\u00e3o se concretize, estou \u00e0 sua disposi\u00e7\u00e3o para contribuir no que ele entender que posso ser \u00fatil \u00e0 sua gest\u00e3o\u201d, finalizou.<\/p>\n\n\n\n<p>Fonte: Portal Grande Picos <\/p>\n","protected":false},"excerpt":{"rendered":"<p>Considerado como uma das surpresas da elei\u00e7\u00e3o municipal em Picos, o primeiro suplente de vereador da federa\u00e7\u00e3o \u201cBrasil da Esperan\u00e7a\u201d, formado por PT, PCdoB e PV; Fabiano Oliveira (PCdoB) foi diplomado nesta quarta-feira (11). Ele obteve 817 votos na elei\u00e7\u00e3o deste ano, faltado apenas tr\u00eas votos para conquistar o mandato. A expressiva vota\u00e7\u00e3o obtida pelo [&hellip;]<\/p>\n","protected":false},"author":2,"featured_media":265113,"comment_status":"open","ping_status":"open","sticky":false,"template":"","format":"standard","meta":{"_mi_skip_tracking":false,"footnotes":""},"categories":[1,3,16],"tags":[],"class_list":["post-265111","post","type-post","status-publish","format-standard","has-post-thumbnail","hentry","category-geral","category-politica","category-todas"],"acf":[],"yoast_head":"<!-- This site is optimized with the Yoast SEO Premium plugin v19.2 (Yoast SEO v26.9) - https:\/\/yoast.com\/product\/yoast-seo-premium-wordpress\/ -->\n<title>Diplomado, suplente de vereador Fabiano Oliveira, comenta possibilidade de assumir uma cadeira na C\u00e2mara Municipal - Portal Not\u00edcia em Pauta<\/title>\n<meta name=\"robots\" content=\"index, follow, max-snippet:-1, max-image-preview:large, max-video-preview:-1\" \/>\n<link rel=\"canonical\" href=\"https:\/\/noticiaempauta.com\/portal\/diplomado-suplente-de-vereador-fabiano-oliveira-comenta-possibilidade-de-assumir-uma-cadeira-na-camara-municipal\/\" \/>\n<meta property=\"og:locale\" content=\"pt_BR\" \/>\n<meta property=\"og:type\" content=\"article\" \/>\n<meta property=\"og:title\" content=\"Diplomado, suplente de vereador Fabiano Oliveira, comenta possibilidade de assumir uma cadeira na C\u00e2mara Municipal\" \/>\n<meta property=\"og:description\" content=\"Considerado como uma das surpresas da elei\u00e7\u00e3o municipal em Picos, o primeiro suplente de vereador da federa\u00e7\u00e3o \u201cBrasil da Esperan\u00e7a\u201d, formado por PT, PCdoB e PV; Fabiano Oliveira (PCdoB) foi diplomado nesta quarta-feira (11). Ele obteve 817 votos na elei\u00e7\u00e3o deste ano, faltado apenas tr\u00eas votos para conquistar o mandato. A expressiva vota\u00e7\u00e3o obtida pelo [&hellip;]\" \/>\n<meta property=\"og:url\" content=\"https:\/\/noticiaempauta.com\/portal\/diplomado-suplente-de-vereador-fabiano-oliveira-comenta-possibilidade-de-assumir-uma-cadeira-na-camara-municipal\/\" \/>\n<meta property=\"og:site_name\" content=\"Portal Not\u00edcia em Pauta\" \/>\n<meta property=\"article:publisher\" content=\"https:\/\/www.facebook.com\/Portal-Notcia-Em-Pauta-102292869264820\/\" \/>\n<meta property=\"article:published_time\" content=\"2024-12-12T20:39:36+00:00\" \/>\n<meta property=\"article:modified_time\" content=\"2024-12-12T20:39:37+00:00\" \/>\n<meta property=\"og:image\" content=\"https:\/\/noticiaempauta.com\/portal\/wp-content\/uploads\/2024\/12\/d6c4534d-967a-4912-971b-9e431d1679cb.jpeg\" \/>\n\t<meta property=\"og:image:width\" content=\"1200\" \/>\n\t<meta property=\"og:image:height\" content=\"800\" \/>\n\t<meta property=\"og:image:type\" content=\"image\/jpeg\" \/>\n<meta name=\"author\" content=\"Reda\u00e7\u00e3o\" \/>\n<meta name=\"twitter:card\" content=\"summary_large_image\" \/>\n<meta name=\"twitter:label1\" content=\"Escrito por\" \/>\n\t<meta name=\"twitter:data1\" content=\"Reda\u00e7\u00e3o\" \/>\n\t<meta name=\"twitter:label2\" content=\"Est. tempo de leitura\" \/>\n\t<meta name=\"twitter:data2\" content=\"3 minutos\" \/>\n<script type=\"application\/ld+json\" class=\"yoast-schema-graph\">{\"@context\":\"https:\/\/schema.org\",\"@graph\":[{\"@type\":\"Article\",\"@id\":\"https:\/\/noticiaempauta.com\/portal\/diplomado-suplente-de-vereador-fabiano-oliveira-comenta-possibilidade-de-assumir-uma-cadeira-na-camara-municipal\/#article\",\"isPartOf\":{\"@id\":\"https:\/\/noticiaempauta.com\/portal\/diplomado-suplente-de-vereador-fabiano-oliveira-comenta-possibilidade-de-assumir-uma-cadeira-na-camara-municipal\/\"},\"author\":{\"name\":\"Reda\u00e7\u00e3o\",\"@id\":\"https:\/\/noticiaempauta.com\/portal\/#\/schema\/person\/a74af43dd1ab3deca45f988c717d57ac\"},\"headline\":\"Diplomado, suplente de vereador Fabiano Oliveira, comenta possibilidade de assumir uma cadeira na C\u00e2mara Municipal\",\"datePublished\":\"2024-12-12T20:39:36+00:00\",\"dateModified\":\"2024-12-12T20:39:37+00:00\",\"mainEntityOfPage\":{\"@id\":\"https:\/\/noticiaempauta.com\/portal\/diplomado-suplente-de-vereador-fabiano-oliveira-comenta-possibilidade-de-assumir-uma-cadeira-na-camara-municipal\/\"},\"wordCount\":302,\"commentCount\":0,\"publisher\":{\"@id\":\"https:\/\/noticiaempauta.com\/portal\/#organization\"},\"image\":{\"@id\":\"https:\/\/noticiaempauta.com\/portal\/diplomado-suplente-de-vereador-fabiano-oliveira-comenta-possibilidade-de-assumir-uma-cadeira-na-camara-municipal\/#primaryimage\"},\"thumbnailUrl\":\"https:\/\/noticiaempauta.com\/portal\/wp-content\/uploads\/2024\/12\/d6c4534d-967a-4912-971b-9e431d1679cb.jpeg\",\"articleSection\":[\"Geral\",\"Pol\u00edtica\",\"Todas as Not\u00edcias\"],\"inLanguage\":\"pt-BR\",\"potentialAction\":[{\"@type\":\"CommentAction\",\"name\":\"Comment\",\"target\":[\"https:\/\/noticiaempauta.com\/portal\/diplomado-suplente-de-vereador-fabiano-oliveira-comenta-possibilidade-de-assumir-uma-cadeira-na-camara-municipal\/#respond\"]}]},{\"@type\":\"WebPage\",\"@id\":\"https:\/\/noticiaempauta.com\/portal\/diplomado-suplente-de-vereador-fabiano-oliveira-comenta-possibilidade-de-assumir-uma-cadeira-na-camara-municipal\/\",\"url\":\"https:\/\/noticiaempauta.com\/portal\/diplomado-suplente-de-vereador-fabiano-oliveira-comenta-possibilidade-de-assumir-uma-cadeira-na-camara-municipal\/\",\"name\":\"Diplomado, suplente de vereador Fabiano Oliveira, comenta possibilidade de assumir uma cadeira na C\u00e2mara Municipal - Portal Not\u00edcia em Pauta\",\"isPartOf\":{\"@id\":\"https:\/\/noticiaempauta.com\/portal\/#website\"},\"primaryImageOfPage\":{\"@id\":\"https:\/\/noticiaempauta.com\/portal\/diplomado-suplente-de-vereador-fabiano-oliveira-comenta-possibilidade-de-assumir-uma-cadeira-na-camara-municipal\/#primaryimage\"},\"image\":{\"@id\":\"https:\/\/noticiaempauta.com\/portal\/diplomado-suplente-de-vereador-fabiano-oliveira-comenta-possibilidade-de-assumir-uma-cadeira-na-camara-municipal\/#primaryimage\"},\"thumbnailUrl\":\"https:\/\/noticiaempauta.com\/portal\/wp-content\/uploads\/2024\/12\/d6c4534d-967a-4912-971b-9e431d1679cb.jpeg\",\"datePublished\":\"2024-12-12T20:39:36+00:00\",\"dateModified\":\"2024-12-12T20:39:37+00:00\",\"breadcrumb\":{\"@id\":\"https:\/\/noticiaempauta.com\/portal\/diplomado-suplente-de-vereador-fabiano-oliveira-comenta-possibilidade-de-assumir-uma-cadeira-na-camara-municipal\/#breadcrumb\"},\"inLanguage\":\"pt-BR\",\"potentialAction\":[{\"@type\":\"ReadAction\",\"target\":[\"https:\/\/noticiaempauta.com\/portal\/diplomado-suplente-de-vereador-fabiano-oliveira-comenta-possibilidade-de-assumir-uma-cadeira-na-camara-municipal\/\"]}]},{\"@type\":\"ImageObject\",\"inLanguage\":\"pt-BR\",\"@id\":\"https:\/\/noticiaempauta.com\/portal\/diplomado-suplente-de-vereador-fabiano-oliveira-comenta-possibilidade-de-assumir-uma-cadeira-na-camara-municipal\/#primaryimage\",\"url\":\"https:\/\/noticiaempauta.com\/portal\/wp-content\/uploads\/2024\/12\/d6c4534d-967a-4912-971b-9e431d1679cb.jpeg\",\"contentUrl\":\"https:\/\/noticiaempauta.com\/portal\/wp-content\/uploads\/2024\/12\/d6c4534d-967a-4912-971b-9e431d1679cb.jpeg\",\"width\":1200,\"height\":800},{\"@type\":\"BreadcrumbList\",\"@id\":\"https:\/\/noticiaempauta.com\/portal\/diplomado-suplente-de-vereador-fabiano-oliveira-comenta-possibilidade-de-assumir-uma-cadeira-na-camara-municipal\/#breadcrumb\",\"itemListElement\":[{\"@type\":\"ListItem\",\"position\":1,\"name\":\"P\u00e1gina Inicial\",\"item\":\"https:\/\/noticiaempauta.com\/portal\/\"},{\"@type\":\"ListItem\",\"position\":2,\"name\":\"Geral\",\"item\":\"https:\/\/noticiaempauta.com\/portal\/geral\/\"},{\"@type\":\"ListItem\",\"position\":3,\"name\":\"Diplomado, suplente de vereador Fabiano Oliveira, comenta possibilidade de assumir uma cadeira na C\u00e2mara Municipal\"}]},{\"@type\":\"WebSite\",\"@id\":\"https:\/\/noticiaempauta.com\/portal\/#website\",\"url\":\"https:\/\/noticiaempauta.com\/portal\/\",\"name\":\"Portal Not\u00edcia em Pauta\",\"description\":\"Voc\u00ea bem informado\",\"publisher\":{\"@id\":\"https:\/\/noticiaempauta.com\/portal\/#organization\"},\"potentialAction\":[{\"@type\":\"SearchAction\",\"target\":{\"@type\":\"EntryPoint\",\"urlTemplate\":\"https:\/\/noticiaempauta.com\/portal\/?s={search_term_string}\"},\"query-input\":{\"@type\":\"PropertyValueSpecification\",\"valueRequired\":true,\"valueName\":\"search_term_string\"}}],\"inLanguage\":\"pt-BR\"},{\"@type\":\"Organization\",\"@id\":\"https:\/\/noticiaempauta.com\/portal\/#organization\",\"name\":\"Portal Not\u00edcia em Pauta\",\"url\":\"https:\/\/noticiaempauta.com\/portal\/\",\"logo\":{\"@type\":\"ImageObject\",\"inLanguage\":\"pt-BR\",\"@id\":\"https:\/\/noticiaempauta.com\/portal\/#\/schema\/logo\/image\/\",\"url\":\"https:\/\/noticiaempauta.com\/portal\/wp-content\/uploads\/2022\/08\/logomarca_tema.fw_.png\",\"contentUrl\":\"https:\/\/noticiaempauta.com\/portal\/wp-content\/uploads\/2022\/08\/logomarca_tema.fw_.png\",\"width\":400,\"height\":232,\"caption\":\"Portal Not\u00edcia em Pauta\"},\"image\":{\"@id\":\"https:\/\/noticiaempauta.com\/portal\/#\/schema\/logo\/image\/\"},\"sameAs\":[\"https:\/\/www.facebook.com\/Portal-Notcia-Em-Pauta-102292869264820\/\",\"https:\/\/www.instagram.com\/portalnoticiaempauta\/\"]},{\"@type\":\"Person\",\"@id\":\"https:\/\/noticiaempauta.com\/portal\/#\/schema\/person\/a74af43dd1ab3deca45f988c717d57ac\",\"name\":\"Reda\u00e7\u00e3o\",\"image\":{\"@type\":\"ImageObject\",\"inLanguage\":\"pt-BR\",\"@id\":\"https:\/\/noticiaempauta.com\/portal\/#\/schema\/person\/image\/\",\"url\":\"https:\/\/secure.gravatar.com\/avatar\/03179346ecce6cdfc13361603e8f54242a90e5cde8618fa23c5c00aa2b0aadf3?s=96&d=mm&r=g\",\"contentUrl\":\"https:\/\/secure.gravatar.com\/avatar\/03179346ecce6cdfc13361603e8f54242a90e5cde8618fa23c5c00aa2b0aadf3?s=96&d=mm&r=g\",\"caption\":\"Reda\u00e7\u00e3o\"},\"sameAs\":[\"https:\/\/noticiaempauta.com\/portal\/\"],\"url\":\"https:\/\/noticiaempauta.com\/portal\/author\/fernando\/\"}]}<\/script>\n<!-- \/ Yoast SEO Premium plugin. -->","yoast_head_json":{"title":"Diplomado, suplente de vereador Fabiano Oliveira, comenta possibilidade de assumir uma cadeira na C\u00e2mara Municipal - Portal Not\u00edcia em Pauta","robots":{"index":"index","follow":"follow","max-snippet":"max-snippet:-1","max-image-preview":"max-image-preview:large","max-video-preview":"max-video-preview:-1"},"canonical":"https:\/\/noticiaempauta.com\/portal\/diplomado-suplente-de-vereador-fabiano-oliveira-comenta-possibilidade-de-assumir-uma-cadeira-na-camara-municipal\/","og_locale":"pt_BR","og_type":"article","og_title":"Diplomado, suplente de vereador Fabiano Oliveira, comenta possibilidade de assumir uma cadeira na C\u00e2mara Municipal","og_description":"Considerado como uma das surpresas da elei\u00e7\u00e3o municipal em Picos, o primeiro suplente de vereador da federa\u00e7\u00e3o \u201cBrasil da Esperan\u00e7a\u201d, formado por PT, PCdoB e PV; Fabiano Oliveira (PCdoB) foi diplomado nesta quarta-feira (11). Ele obteve 817 votos na elei\u00e7\u00e3o deste ano, faltado apenas tr\u00eas votos para conquistar o mandato. A expressiva vota\u00e7\u00e3o obtida pelo [&hellip;]","og_url":"https:\/\/noticiaempauta.com\/portal\/diplomado-suplente-de-vereador-fabiano-oliveira-comenta-possibilidade-de-assumir-uma-cadeira-na-camara-municipal\/","og_site_name":"Portal Not\u00edcia em Pauta","article_publisher":"https:\/\/www.facebook.com\/Portal-Notcia-Em-Pauta-102292869264820\/","article_published_time":"2024-12-12T20:39:36+00:00","article_modified_time":"2024-12-12T20:39:37+00:00","og_image":[{"width":1200,"height":800,"url":"https:\/\/noticiaempauta.com\/portal\/wp-content\/uploads\/2024\/12\/d6c4534d-967a-4912-971b-9e431d1679cb.jpeg","type":"image\/jpeg"}],"author":"Reda\u00e7\u00e3o","twitter_card":"summary_large_image","twitter_misc":{"Escrito por":"Reda\u00e7\u00e3o","Est. tempo de leitura":"3 minutos"},"schema":{"@context":"https:\/\/schema.org","@graph":[{"@type":"Article","@id":"https:\/\/noticiaempauta.com\/portal\/diplomado-suplente-de-vereador-fabiano-oliveira-comenta-possibilidade-de-assumir-uma-cadeira-na-camara-municipal\/#article","isPartOf":{"@id":"https:\/\/noticiaempauta.com\/portal\/diplomado-suplente-de-vereador-fabiano-oliveira-comenta-possibilidade-de-assumir-uma-cadeira-na-camara-municipal\/"},"author":{"name":"Reda\u00e7\u00e3o","@id":"https:\/\/noticiaempauta.com\/portal\/#\/schema\/person\/a74af43dd1ab3deca45f988c717d57ac"},"headline":"Diplomado, suplente de vereador Fabiano Oliveira, comenta possibilidade de assumir uma cadeira na C\u00e2mara Municipal","datePublished":"2024-12-12T20:39:36+00:00","dateModified":"2024-12-12T20:39:37+00:00","mainEntityOfPage":{"@id":"https:\/\/noticiaempauta.com\/portal\/diplomado-suplente-de-vereador-fabiano-oliveira-comenta-possibilidade-de-assumir-uma-cadeira-na-camara-municipal\/"},"wordCount":302,"commentCount":0,"publisher":{"@id":"https:\/\/noticiaempauta.com\/portal\/#organization"},"image":{"@id":"https:\/\/noticiaempauta.com\/portal\/diplomado-suplente-de-vereador-fabiano-oliveira-comenta-possibilidade-de-assumir-uma-cadeira-na-camara-municipal\/#primaryimage"},"thumbnailUrl":"https:\/\/noticiaempauta.com\/portal\/wp-content\/uploads\/2024\/12\/d6c4534d-967a-4912-971b-9e431d1679cb.jpeg","articleSection":["Geral","Pol\u00edtica","Todas as Not\u00edcias"],"inLanguage":"pt-BR","potentialAction":[{"@type":"CommentAction","name":"Comment","target":["https:\/\/noticiaempauta.com\/portal\/diplomado-suplente-de-vereador-fabiano-oliveira-comenta-possibilidade-de-assumir-uma-cadeira-na-camara-municipal\/#respond"]}]},{"@type":"WebPage","@id":"https:\/\/noticiaempauta.com\/portal\/diplomado-suplente-de-vereador-fabiano-oliveira-comenta-possibilidade-de-assumir-uma-cadeira-na-camara-municipal\/","url":"https:\/\/noticiaempauta.com\/portal\/diplomado-suplente-de-vereador-fabiano-oliveira-comenta-possibilidade-de-assumir-uma-cadeira-na-camara-municipal\/","name":"Diplomado, suplente de vereador Fabiano Oliveira, comenta possibilidade de assumir uma cadeira na C\u00e2mara Municipal - Portal Not\u00edcia em Pauta","isPartOf":{"@id":"https:\/\/noticiaempauta.com\/portal\/#website"},"primaryImageOfPage":{"@id":"https:\/\/noticiaempauta.com\/portal\/diplomado-suplente-de-vereador-fabiano-oliveira-comenta-possibilidade-de-assumir-uma-cadeira-na-camara-municipal\/#primaryimage"},"image":{"@id":"https:\/\/noticiaempauta.com\/portal\/diplomado-suplente-de-vereador-fabiano-oliveira-comenta-possibilidade-de-assumir-uma-cadeira-na-camara-municipal\/#primaryimage"},"thumbnailUrl":"https:\/\/noticiaempauta.com\/portal\/wp-content\/uploads\/2024\/12\/d6c4534d-967a-4912-971b-9e431d1679cb.jpeg","datePublished":"2024-12-12T20:39:36+00:00","dateModified":"2024-12-12T20:39:37+00:00","breadcrumb":{"@id":"https:\/\/noticiaempauta.com\/portal\/diplomado-suplente-de-vereador-fabiano-oliveira-comenta-possibilidade-de-assumir-uma-cadeira-na-camara-municipal\/#breadcrumb"},"inLanguage":"pt-BR","potentialAction":[{"@type":"ReadAction","target":["https:\/\/noticiaempauta.com\/portal\/diplomado-suplente-de-vereador-fabiano-oliveira-comenta-possibilidade-de-assumir-uma-cadeira-na-camara-municipal\/"]}]},{"@type":"ImageObject","inLanguage":"pt-BR","@id":"https:\/\/noticiaempauta.com\/portal\/diplomado-suplente-de-vereador-fabiano-oliveira-comenta-possibilidade-de-assumir-uma-cadeira-na-camara-municipal\/#primaryimage","url":"https:\/\/noticiaempauta.com\/portal\/wp-content\/uploads\/2024\/12\/d6c4534d-967a-4912-971b-9e431d1679cb.jpeg","contentUrl":"https:\/\/noticiaempauta.com\/portal\/wp-content\/uploads\/2024\/12\/d6c4534d-967a-4912-971b-9e431d1679cb.jpeg","width":1200,"height":800},{"@type":"BreadcrumbList","@id":"https:\/\/noticiaempauta.com\/portal\/diplomado-suplente-de-vereador-fabiano-oliveira-comenta-possibilidade-de-assumir-uma-cadeira-na-camara-municipal\/#breadcrumb","itemListElement":[{"@type":"ListItem","position":1,"name":"P\u00e1gina Inicial","item":"https:\/\/noticiaempauta.com\/portal\/"},{"@type":"ListItem","position":2,"name":"Geral","item":"https:\/\/noticiaempauta.com\/portal\/geral\/"},{"@type":"ListItem","position":3,"name":"Diplomado, suplente de vereador Fabiano Oliveira, comenta possibilidade de assumir uma cadeira na C\u00e2mara Municipal"}]},{"@type":"WebSite","@id":"https:\/\/noticiaempauta.com\/portal\/#website","url":"https:\/\/noticiaempauta.com\/portal\/","name":"Portal Not\u00edcia em Pauta","description":"Voc\u00ea bem informado","publisher":{"@id":"https:\/\/noticiaempauta.com\/portal\/#organization"},"potentialAction":[{"@type":"SearchAction","target":{"@type":"EntryPoint","urlTemplate":"https:\/\/noticiaempauta.com\/portal\/?s={search_term_string}"},"query-input":{"@type":"PropertyValueSpecification","valueRequired":true,"valueName":"search_term_string"}}],"inLanguage":"pt-BR"},{"@type":"Organization","@id":"https:\/\/noticiaempauta.com\/portal\/#organization","name":"Portal Not\u00edcia em Pauta","url":"https:\/\/noticiaempauta.com\/portal\/","logo":{"@type":"ImageObject","inLanguage":"pt-BR","@id":"https:\/\/noticiaempauta.com\/portal\/#\/schema\/logo\/image\/","url":"https:\/\/noticiaempauta.com\/portal\/wp-content\/uploads\/2022\/08\/logomarca_tema.fw_.png","contentUrl":"https:\/\/noticiaempauta.com\/portal\/wp-content\/uploads\/2022\/08\/logomarca_tema.fw_.png","width":400,"height":232,"caption":"Portal Not\u00edcia em Pauta"},"image":{"@id":"https:\/\/noticiaempauta.com\/portal\/#\/schema\/logo\/image\/"},"sameAs":["https:\/\/www.facebook.com\/Portal-Notcia-Em-Pauta-102292869264820\/","https:\/\/www.instagram.com\/portalnoticiaempauta\/"]},{"@type":"Person","@id":"https:\/\/noticiaempauta.com\/portal\/#\/schema\/person\/a74af43dd1ab3deca45f988c717d57ac","name":"Reda\u00e7\u00e3o","image":{"@type":"ImageObject","inLanguage":"pt-BR","@id":"https:\/\/noticiaempauta.com\/portal\/#\/schema\/person\/image\/","url":"https:\/\/secure.gravatar.com\/avatar\/03179346ecce6cdfc13361603e8f54242a90e5cde8618fa23c5c00aa2b0aadf3?s=96&d=mm&r=g","contentUrl":"https:\/\/secure.gravatar.com\/avatar\/03179346ecce6cdfc13361603e8f54242a90e5cde8618fa23c5c00aa2b0aadf3?s=96&d=mm&r=g","caption":"Reda\u00e7\u00e3o"},"sameAs":["https:\/\/noticiaempauta.com\/portal\/"],"url":"https:\/\/noticiaempauta.com\/portal\/author\/fernando\/"}]}},"_links":{"self":[{"href":"https:\/\/noticiaempauta.com\/portal\/wp-json\/wp\/v2\/posts\/265111","targetHints":{"allow":["GET"]}}],"collection":[{"href":"https:\/\/noticiaempauta.com\/portal\/wp-json\/wp\/v2\/posts"}],"about":[{"href":"https:\/\/noticiaempauta.com\/portal\/wp-json\/wp\/v2\/types\/post"}],"author":[{"embeddable":true,"href":"https:\/\/noticiaempauta.com\/portal\/wp-json\/wp\/v2\/users\/2"}],"replies":[{"embeddable":true,"href":"https:\/\/noticiaempauta.com\/portal\/wp-json\/wp\/v2\/comments?post=265111"}],"version-history":[{"count":1,"href":"https:\/\/noticiaempauta.com\/portal\/wp-json\/wp\/v2\/posts\/265111\/revisions"}],"predecessor-version":[{"id":265114,"href":"https:\/\/noticiaempauta.com\/portal\/wp-json\/wp\/v2\/posts\/265111\/revisions\/265114"}],"wp:featuredmedia":[{"embeddable":true,"href":"https:\/\/noticiaempauta.com\/portal\/wp-json\/wp\/v2\/media\/265113"}],"wp:attachment":[{"href":"https:\/\/noticiaempauta.com\/portal\/wp-json\/wp\/v2\/media?parent=265111"}],"wp:term":[{"taxonomy":"category","embeddable":true,"href":"https:\/\/noticiaempauta.com\/portal\/wp-json\/wp\/v2\/categories?post=265111"},{"taxonomy":"post_tag","embeddable":true,"href":"https:\/\/noticiaempauta.com\/portal\/wp-json\/wp\/v2\/tags?post=265111"}],"curies":[{"name":"wp","href":"https:\/\/api.w.org\/{rel}","templated":true}]}}