{"id":265115,"date":"2024-12-12T17:47:42","date_gmt":"2024-12-12T20:47:42","guid":{"rendered":"https:\/\/noticiaempauta.com\/portal\/?p=265115"},"modified":"2024-12-12T17:47:43","modified_gmt":"2024-12-12T20:47:43","slug":"rafael-fonteles-e-eleito-presidente-do-consorcio-nordeste","status":"publish","type":"post","link":"https:\/\/noticiaempauta.com\/portal\/rafael-fonteles-e-eleito-presidente-do-consorcio-nordeste\/","title":{"rendered":"Rafael Fonteles \u00e9 eleito presidente do Cons\u00f3rcio Nordeste"},"content":{"rendered":"\n<p>O governador do Piau\u00ed, Rafael Fonteles, foi eleito presidente do\u00a0Cons\u00f3rcio Nordeste\u00a0nesta quinta-feira (12). A elei\u00e7\u00e3o aconteceu na cidade de Natal, Rio Grande do Norte, onde acontece o Semin\u00e1rio do Cons\u00f3rcio Nordeste. Rafael \u00e9 o segundo chefe do Executivo piauiense a assumir a lideran\u00e7a do grupo. O ex-governador Wellington Dias tamb\u00e9m j\u00e1 presidiu o Cons\u00f3rcio de setembro de 2020 a janeiro de 2022.<\/p>\n\n\n\n<figure class=\"wp-block-image size-full\"><img fetchpriority=\"high\" decoding=\"async\" width=\"800\" height=\"613\" src=\"https:\/\/noticiaempauta.com\/portal\/wp-content\/uploads\/2024\/12\/IMG_7344.jpeg\" alt=\"\" class=\"wp-image-265116\" srcset=\"https:\/\/noticiaempauta.com\/portal\/wp-content\/uploads\/2024\/12\/IMG_7344.jpeg 800w, https:\/\/noticiaempauta.com\/portal\/wp-content\/uploads\/2024\/12\/IMG_7344-300x230.jpeg 300w, https:\/\/noticiaempauta.com\/portal\/wp-content\/uploads\/2024\/12\/IMG_7344-768x588.jpeg 768w\" sizes=\"(max-width: 800px) 100vw, 800px\" \/><\/figure>\n\n\n\n<p>O Cons\u00f3rcio Nordeste \u00e9 uma organiza\u00e7\u00e3o composta por governadores dos nomes estados da regi\u00e3o Nordeste do Brasil. Criado em 2019, o grupo tem o objetivo de promover a integra\u00e7\u00e3o e a coopera\u00e7\u00e3o entre os estados nordestinos, buscando efici\u00eancia na gest\u00e3o p\u00fablica e implementar pol\u00edticas p\u00fablicas regionais de forma conjunta.<\/p>\n\n\n\n<p>O Cons\u00f3rcio Nordeste j\u00e1 teve como presidentes os governadores Renan Filho (Alagoas), eleito na cria\u00e7\u00e3o em 2019; Camilo Santana (Cear\u00e1), F\u00e1tima Bezerra (Rio Grande do Norte), Wellington Dias (Piau\u00ed), Paulo C\u00e2mara (Pernambuco) e Jer\u00f4nimo Rodrigues (Bahia).<\/p>\n\n\n\n<figure class=\"wp-block-image size-full\"><img decoding=\"async\" width=\"800\" height=\"450\" src=\"https:\/\/noticiaempauta.com\/portal\/wp-content\/uploads\/2024\/12\/IMG_7345.webp\" alt=\"\" class=\"wp-image-265117\" srcset=\"https:\/\/noticiaempauta.com\/portal\/wp-content\/uploads\/2024\/12\/IMG_7345.webp 800w, https:\/\/noticiaempauta.com\/portal\/wp-content\/uploads\/2024\/12\/IMG_7345-300x169.webp 300w, https:\/\/noticiaempauta.com\/portal\/wp-content\/uploads\/2024\/12\/IMG_7345-768x432.webp 768w\" sizes=\"(max-width: 800px) 100vw, 800px\" \/><\/figure>\n\n\n\n<p>Ap\u00f3s a elei\u00e7\u00e3o, Rafael Fonteles destacou que o Cons\u00f3rcio \u00e9 necess\u00e1rio para defender os interesses da regi\u00e3o Nordeste.&nbsp;&#8220;No decorrer deste ano de 2025, vamos conversar e dialogar com os governadores para que a nossa voz seja a voz de todo o Nordeste. Na nossa primeira reuni\u00e3o do ano que vem, n\u00f3s iremos eleger comiss\u00f5es e os temas que ir\u00e3o nortear os nossos trabalhos\u201d, disse.&nbsp;<\/p>\n\n\n\n<h2 class=\"wp-block-heading\">O que \u00e9 o Cons\u00f3rcio Nordeste?<\/h2>\n\n\n\n<p>O Cons\u00f3rcio foi criado para ser o instrumento jur\u00eddico, pol\u00edtico e econ\u00f4mico de integra\u00e7\u00e3o dos nove Estados da regi\u00e3o Nordeste do Brasil, um territ\u00f3rio de desenvolvimento sustent\u00e1vel e solid\u00e1rio neste momento de grandes desafios. O Cons\u00f3rcio \u00e9 uma iniciativa que pretende atrair investimentos e alavancar projetos de forma integrada, constituindo-se, ao mesmo tempo, como uma ferramenta de gest\u00e3o criada e \u00e0 disposi\u00e7\u00e3o dos seus entes consorciados, e como um articulador de pactos de governan\u00e7a.<\/p>\n\n\n\n<p>Dentre as possibilidades abertas com a cria\u00e7\u00e3o do Cons\u00f3rcio, est\u00e3o a realiza\u00e7\u00e3o de compras conjuntas, a implementa\u00e7\u00e3o integrada de pol\u00edticas p\u00fablicas e a busca por coopera\u00e7\u00e3o, tamb\u00e9m em n\u00edvel internacional.<\/p>\n\n\n\n<p>Fonte: Portal O Dia<\/p>\n","protected":false},"excerpt":{"rendered":"<p>O governador do Piau\u00ed, Rafael Fonteles, foi eleito presidente do\u00a0Cons\u00f3rcio Nordeste\u00a0nesta quinta-feira (12). A elei\u00e7\u00e3o aconteceu na cidade de Natal, Rio Grande do Norte, onde acontece o Semin\u00e1rio do Cons\u00f3rcio Nordeste. Rafael \u00e9 o segundo chefe do Executivo piauiense a assumir a lideran\u00e7a do grupo. O ex-governador Wellington Dias tamb\u00e9m j\u00e1 presidiu o Cons\u00f3rcio de [&hellip;]<\/p>\n","protected":false},"author":2,"featured_media":265116,"comment_status":"open","ping_status":"open","sticky":false,"template":"","format":"standard","meta":{"_mi_skip_tracking":false,"footnotes":""},"categories":[25,1,16],"tags":[192],"class_list":["post-265115","post","type-post","status-publish","format-standard","has-post-thumbnail","hentry","category-destaques-site","category-geral","category-todas","tag-destaqueprincipal"],"acf":[],"yoast_head":"<!-- This site is optimized with the Yoast SEO Premium plugin v19.2 (Yoast SEO v26.9) - https:\/\/yoast.com\/product\/yoast-seo-premium-wordpress\/ -->\n<title>Rafael Fonteles \u00e9 eleito presidente do Cons\u00f3rcio Nordeste - Portal Not\u00edcia em Pauta<\/title>\n<meta name=\"robots\" content=\"index, follow, max-snippet:-1, max-image-preview:large, max-video-preview:-1\" \/>\n<link rel=\"canonical\" href=\"https:\/\/noticiaempauta.com\/portal\/rafael-fonteles-e-eleito-presidente-do-consorcio-nordeste\/\" \/>\n<meta property=\"og:locale\" content=\"pt_BR\" \/>\n<meta property=\"og:type\" content=\"article\" \/>\n<meta property=\"og:title\" content=\"Rafael Fonteles \u00e9 eleito presidente do Cons\u00f3rcio Nordeste\" \/>\n<meta property=\"og:description\" content=\"O governador do Piau\u00ed, Rafael Fonteles, foi eleito presidente do\u00a0Cons\u00f3rcio Nordeste\u00a0nesta quinta-feira (12). A elei\u00e7\u00e3o aconteceu na cidade de Natal, Rio Grande do Norte, onde acontece o Semin\u00e1rio do Cons\u00f3rcio Nordeste. Rafael \u00e9 o segundo chefe do Executivo piauiense a assumir a lideran\u00e7a do grupo. O ex-governador Wellington Dias tamb\u00e9m j\u00e1 presidiu o Cons\u00f3rcio de [&hellip;]\" \/>\n<meta property=\"og:url\" content=\"https:\/\/noticiaempauta.com\/portal\/rafael-fonteles-e-eleito-presidente-do-consorcio-nordeste\/\" \/>\n<meta property=\"og:site_name\" content=\"Portal Not\u00edcia em Pauta\" \/>\n<meta property=\"article:publisher\" content=\"https:\/\/www.facebook.com\/Portal-Notcia-Em-Pauta-102292869264820\/\" \/>\n<meta property=\"article:published_time\" content=\"2024-12-12T20:47:42+00:00\" \/>\n<meta property=\"article:modified_time\" content=\"2024-12-12T20:47:43+00:00\" \/>\n<meta property=\"og:image\" content=\"https:\/\/noticiaempauta.com\/portal\/wp-content\/uploads\/2024\/12\/IMG_7344.jpeg\" \/>\n\t<meta property=\"og:image:width\" content=\"800\" \/>\n\t<meta property=\"og:image:height\" content=\"613\" \/>\n\t<meta property=\"og:image:type\" content=\"image\/jpeg\" \/>\n<meta name=\"author\" content=\"Reda\u00e7\u00e3o\" \/>\n<meta name=\"twitter:card\" content=\"summary_large_image\" \/>\n<meta name=\"twitter:label1\" content=\"Escrito por\" \/>\n\t<meta name=\"twitter:data1\" content=\"Reda\u00e7\u00e3o\" \/>\n\t<meta name=\"twitter:label2\" content=\"Est. tempo de leitura\" \/>\n\t<meta name=\"twitter:data2\" content=\"3 minutos\" \/>\n<script type=\"application\/ld+json\" class=\"yoast-schema-graph\">{\"@context\":\"https:\/\/schema.org\",\"@graph\":[{\"@type\":\"Article\",\"@id\":\"https:\/\/noticiaempauta.com\/portal\/rafael-fonteles-e-eleito-presidente-do-consorcio-nordeste\/#article\",\"isPartOf\":{\"@id\":\"https:\/\/noticiaempauta.com\/portal\/rafael-fonteles-e-eleito-presidente-do-consorcio-nordeste\/\"},\"author\":{\"name\":\"Reda\u00e7\u00e3o\",\"@id\":\"https:\/\/noticiaempauta.com\/portal\/#\/schema\/person\/a74af43dd1ab3deca45f988c717d57ac\"},\"headline\":\"Rafael Fonteles \u00e9 eleito presidente do Cons\u00f3rcio Nordeste\",\"datePublished\":\"2024-12-12T20:47:42+00:00\",\"dateModified\":\"2024-12-12T20:47:43+00:00\",\"mainEntityOfPage\":{\"@id\":\"https:\/\/noticiaempauta.com\/portal\/rafael-fonteles-e-eleito-presidente-do-consorcio-nordeste\/\"},\"wordCount\":381,\"commentCount\":0,\"publisher\":{\"@id\":\"https:\/\/noticiaempauta.com\/portal\/#organization\"},\"image\":{\"@id\":\"https:\/\/noticiaempauta.com\/portal\/rafael-fonteles-e-eleito-presidente-do-consorcio-nordeste\/#primaryimage\"},\"thumbnailUrl\":\"https:\/\/noticiaempauta.com\/portal\/wp-content\/uploads\/2024\/12\/IMG_7344.jpeg\",\"keywords\":[\"destaqueprincipal\"],\"articleSection\":[\"Destaques\",\"Geral\",\"Todas as Not\u00edcias\"],\"inLanguage\":\"pt-BR\",\"potentialAction\":[{\"@type\":\"CommentAction\",\"name\":\"Comment\",\"target\":[\"https:\/\/noticiaempauta.com\/portal\/rafael-fonteles-e-eleito-presidente-do-consorcio-nordeste\/#respond\"]}]},{\"@type\":\"WebPage\",\"@id\":\"https:\/\/noticiaempauta.com\/portal\/rafael-fonteles-e-eleito-presidente-do-consorcio-nordeste\/\",\"url\":\"https:\/\/noticiaempauta.com\/portal\/rafael-fonteles-e-eleito-presidente-do-consorcio-nordeste\/\",\"name\":\"Rafael Fonteles \u00e9 eleito presidente do Cons\u00f3rcio Nordeste - Portal Not\u00edcia em Pauta\",\"isPartOf\":{\"@id\":\"https:\/\/noticiaempauta.com\/portal\/#website\"},\"primaryImageOfPage\":{\"@id\":\"https:\/\/noticiaempauta.com\/portal\/rafael-fonteles-e-eleito-presidente-do-consorcio-nordeste\/#primaryimage\"},\"image\":{\"@id\":\"https:\/\/noticiaempauta.com\/portal\/rafael-fonteles-e-eleito-presidente-do-consorcio-nordeste\/#primaryimage\"},\"thumbnailUrl\":\"https:\/\/noticiaempauta.com\/portal\/wp-content\/uploads\/2024\/12\/IMG_7344.jpeg\",\"datePublished\":\"2024-12-12T20:47:42+00:00\",\"dateModified\":\"2024-12-12T20:47:43+00:00\",\"breadcrumb\":{\"@id\":\"https:\/\/noticiaempauta.com\/portal\/rafael-fonteles-e-eleito-presidente-do-consorcio-nordeste\/#breadcrumb\"},\"inLanguage\":\"pt-BR\",\"potentialAction\":[{\"@type\":\"ReadAction\",\"target\":[\"https:\/\/noticiaempauta.com\/portal\/rafael-fonteles-e-eleito-presidente-do-consorcio-nordeste\/\"]}]},{\"@type\":\"ImageObject\",\"inLanguage\":\"pt-BR\",\"@id\":\"https:\/\/noticiaempauta.com\/portal\/rafael-fonteles-e-eleito-presidente-do-consorcio-nordeste\/#primaryimage\",\"url\":\"https:\/\/noticiaempauta.com\/portal\/wp-content\/uploads\/2024\/12\/IMG_7344.jpeg\",\"contentUrl\":\"https:\/\/noticiaempauta.com\/portal\/wp-content\/uploads\/2024\/12\/IMG_7344.jpeg\",\"width\":800,\"height\":613},{\"@type\":\"BreadcrumbList\",\"@id\":\"https:\/\/noticiaempauta.com\/portal\/rafael-fonteles-e-eleito-presidente-do-consorcio-nordeste\/#breadcrumb\",\"itemListElement\":[{\"@type\":\"ListItem\",\"position\":1,\"name\":\"P\u00e1gina Inicial\",\"item\":\"https:\/\/noticiaempauta.com\/portal\/\"},{\"@type\":\"ListItem\",\"position\":2,\"name\":\"Destaques\",\"item\":\"https:\/\/noticiaempauta.com\/portal\/destaques-site\/\"},{\"@type\":\"ListItem\",\"position\":3,\"name\":\"Rafael Fonteles \u00e9 eleito presidente do Cons\u00f3rcio Nordeste\"}]},{\"@type\":\"WebSite\",\"@id\":\"https:\/\/noticiaempauta.com\/portal\/#website\",\"url\":\"https:\/\/noticiaempauta.com\/portal\/\",\"name\":\"Portal Not\u00edcia em Pauta\",\"description\":\"Voc\u00ea bem informado\",\"publisher\":{\"@id\":\"https:\/\/noticiaempauta.com\/portal\/#organization\"},\"potentialAction\":[{\"@type\":\"SearchAction\",\"target\":{\"@type\":\"EntryPoint\",\"urlTemplate\":\"https:\/\/noticiaempauta.com\/portal\/?s={search_term_string}\"},\"query-input\":{\"@type\":\"PropertyValueSpecification\",\"valueRequired\":true,\"valueName\":\"search_term_string\"}}],\"inLanguage\":\"pt-BR\"},{\"@type\":\"Organization\",\"@id\":\"https:\/\/noticiaempauta.com\/portal\/#organization\",\"name\":\"Portal Not\u00edcia em Pauta\",\"url\":\"https:\/\/noticiaempauta.com\/portal\/\",\"logo\":{\"@type\":\"ImageObject\",\"inLanguage\":\"pt-BR\",\"@id\":\"https:\/\/noticiaempauta.com\/portal\/#\/schema\/logo\/image\/\",\"url\":\"https:\/\/noticiaempauta.com\/portal\/wp-content\/uploads\/2022\/08\/logomarca_tema.fw_.png\",\"contentUrl\":\"https:\/\/noticiaempauta.com\/portal\/wp-content\/uploads\/2022\/08\/logomarca_tema.fw_.png\",\"width\":400,\"height\":232,\"caption\":\"Portal Not\u00edcia em Pauta\"},\"image\":{\"@id\":\"https:\/\/noticiaempauta.com\/portal\/#\/schema\/logo\/image\/\"},\"sameAs\":[\"https:\/\/www.facebook.com\/Portal-Notcia-Em-Pauta-102292869264820\/\",\"https:\/\/www.instagram.com\/portalnoticiaempauta\/\"]},{\"@type\":\"Person\",\"@id\":\"https:\/\/noticiaempauta.com\/portal\/#\/schema\/person\/a74af43dd1ab3deca45f988c717d57ac\",\"name\":\"Reda\u00e7\u00e3o\",\"image\":{\"@type\":\"ImageObject\",\"inLanguage\":\"pt-BR\",\"@id\":\"https:\/\/noticiaempauta.com\/portal\/#\/schema\/person\/image\/\",\"url\":\"https:\/\/secure.gravatar.com\/avatar\/03179346ecce6cdfc13361603e8f54242a90e5cde8618fa23c5c00aa2b0aadf3?s=96&d=mm&r=g\",\"contentUrl\":\"https:\/\/secure.gravatar.com\/avatar\/03179346ecce6cdfc13361603e8f54242a90e5cde8618fa23c5c00aa2b0aadf3?s=96&d=mm&r=g\",\"caption\":\"Reda\u00e7\u00e3o\"},\"sameAs\":[\"https:\/\/noticiaempauta.com\/portal\/\"],\"url\":\"https:\/\/noticiaempauta.com\/portal\/author\/fernando\/\"}]}<\/script>\n<!-- \/ Yoast SEO Premium plugin. -->","yoast_head_json":{"title":"Rafael Fonteles \u00e9 eleito presidente do Cons\u00f3rcio Nordeste - Portal Not\u00edcia em Pauta","robots":{"index":"index","follow":"follow","max-snippet":"max-snippet:-1","max-image-preview":"max-image-preview:large","max-video-preview":"max-video-preview:-1"},"canonical":"https:\/\/noticiaempauta.com\/portal\/rafael-fonteles-e-eleito-presidente-do-consorcio-nordeste\/","og_locale":"pt_BR","og_type":"article","og_title":"Rafael Fonteles \u00e9 eleito presidente do Cons\u00f3rcio Nordeste","og_description":"O governador do Piau\u00ed, Rafael Fonteles, foi eleito presidente do\u00a0Cons\u00f3rcio Nordeste\u00a0nesta quinta-feira (12). A elei\u00e7\u00e3o aconteceu na cidade de Natal, Rio Grande do Norte, onde acontece o Semin\u00e1rio do Cons\u00f3rcio Nordeste. Rafael \u00e9 o segundo chefe do Executivo piauiense a assumir a lideran\u00e7a do grupo. O ex-governador Wellington Dias tamb\u00e9m j\u00e1 presidiu o Cons\u00f3rcio de [&hellip;]","og_url":"https:\/\/noticiaempauta.com\/portal\/rafael-fonteles-e-eleito-presidente-do-consorcio-nordeste\/","og_site_name":"Portal Not\u00edcia em Pauta","article_publisher":"https:\/\/www.facebook.com\/Portal-Notcia-Em-Pauta-102292869264820\/","article_published_time":"2024-12-12T20:47:42+00:00","article_modified_time":"2024-12-12T20:47:43+00:00","og_image":[{"width":800,"height":613,"url":"https:\/\/noticiaempauta.com\/portal\/wp-content\/uploads\/2024\/12\/IMG_7344.jpeg","type":"image\/jpeg"}],"author":"Reda\u00e7\u00e3o","twitter_card":"summary_large_image","twitter_misc":{"Escrito por":"Reda\u00e7\u00e3o","Est. tempo de leitura":"3 minutos"},"schema":{"@context":"https:\/\/schema.org","@graph":[{"@type":"Article","@id":"https:\/\/noticiaempauta.com\/portal\/rafael-fonteles-e-eleito-presidente-do-consorcio-nordeste\/#article","isPartOf":{"@id":"https:\/\/noticiaempauta.com\/portal\/rafael-fonteles-e-eleito-presidente-do-consorcio-nordeste\/"},"author":{"name":"Reda\u00e7\u00e3o","@id":"https:\/\/noticiaempauta.com\/portal\/#\/schema\/person\/a74af43dd1ab3deca45f988c717d57ac"},"headline":"Rafael Fonteles \u00e9 eleito presidente do Cons\u00f3rcio Nordeste","datePublished":"2024-12-12T20:47:42+00:00","dateModified":"2024-12-12T20:47:43+00:00","mainEntityOfPage":{"@id":"https:\/\/noticiaempauta.com\/portal\/rafael-fonteles-e-eleito-presidente-do-consorcio-nordeste\/"},"wordCount":381,"commentCount":0,"publisher":{"@id":"https:\/\/noticiaempauta.com\/portal\/#organization"},"image":{"@id":"https:\/\/noticiaempauta.com\/portal\/rafael-fonteles-e-eleito-presidente-do-consorcio-nordeste\/#primaryimage"},"thumbnailUrl":"https:\/\/noticiaempauta.com\/portal\/wp-content\/uploads\/2024\/12\/IMG_7344.jpeg","keywords":["destaqueprincipal"],"articleSection":["Destaques","Geral","Todas as Not\u00edcias"],"inLanguage":"pt-BR","potentialAction":[{"@type":"CommentAction","name":"Comment","target":["https:\/\/noticiaempauta.com\/portal\/rafael-fonteles-e-eleito-presidente-do-consorcio-nordeste\/#respond"]}]},{"@type":"WebPage","@id":"https:\/\/noticiaempauta.com\/portal\/rafael-fonteles-e-eleito-presidente-do-consorcio-nordeste\/","url":"https:\/\/noticiaempauta.com\/portal\/rafael-fonteles-e-eleito-presidente-do-consorcio-nordeste\/","name":"Rafael Fonteles \u00e9 eleito presidente do Cons\u00f3rcio Nordeste - Portal Not\u00edcia em Pauta","isPartOf":{"@id":"https:\/\/noticiaempauta.com\/portal\/#website"},"primaryImageOfPage":{"@id":"https:\/\/noticiaempauta.com\/portal\/rafael-fonteles-e-eleito-presidente-do-consorcio-nordeste\/#primaryimage"},"image":{"@id":"https:\/\/noticiaempauta.com\/portal\/rafael-fonteles-e-eleito-presidente-do-consorcio-nordeste\/#primaryimage"},"thumbnailUrl":"https:\/\/noticiaempauta.com\/portal\/wp-content\/uploads\/2024\/12\/IMG_7344.jpeg","datePublished":"2024-12-12T20:47:42+00:00","dateModified":"2024-12-12T20:47:43+00:00","breadcrumb":{"@id":"https:\/\/noticiaempauta.com\/portal\/rafael-fonteles-e-eleito-presidente-do-consorcio-nordeste\/#breadcrumb"},"inLanguage":"pt-BR","potentialAction":[{"@type":"ReadAction","target":["https:\/\/noticiaempauta.com\/portal\/rafael-fonteles-e-eleito-presidente-do-consorcio-nordeste\/"]}]},{"@type":"ImageObject","inLanguage":"pt-BR","@id":"https:\/\/noticiaempauta.com\/portal\/rafael-fonteles-e-eleito-presidente-do-consorcio-nordeste\/#primaryimage","url":"https:\/\/noticiaempauta.com\/portal\/wp-content\/uploads\/2024\/12\/IMG_7344.jpeg","contentUrl":"https:\/\/noticiaempauta.com\/portal\/wp-content\/uploads\/2024\/12\/IMG_7344.jpeg","width":800,"height":613},{"@type":"BreadcrumbList","@id":"https:\/\/noticiaempauta.com\/portal\/rafael-fonteles-e-eleito-presidente-do-consorcio-nordeste\/#breadcrumb","itemListElement":[{"@type":"ListItem","position":1,"name":"P\u00e1gina Inicial","item":"https:\/\/noticiaempauta.com\/portal\/"},{"@type":"ListItem","position":2,"name":"Destaques","item":"https:\/\/noticiaempauta.com\/portal\/destaques-site\/"},{"@type":"ListItem","position":3,"name":"Rafael Fonteles \u00e9 eleito presidente do Cons\u00f3rcio Nordeste"}]},{"@type":"WebSite","@id":"https:\/\/noticiaempauta.com\/portal\/#website","url":"https:\/\/noticiaempauta.com\/portal\/","name":"Portal Not\u00edcia em Pauta","description":"Voc\u00ea bem informado","publisher":{"@id":"https:\/\/noticiaempauta.com\/portal\/#organization"},"potentialAction":[{"@type":"SearchAction","target":{"@type":"EntryPoint","urlTemplate":"https:\/\/noticiaempauta.com\/portal\/?s={search_term_string}"},"query-input":{"@type":"PropertyValueSpecification","valueRequired":true,"valueName":"search_term_string"}}],"inLanguage":"pt-BR"},{"@type":"Organization","@id":"https:\/\/noticiaempauta.com\/portal\/#organization","name":"Portal Not\u00edcia em Pauta","url":"https:\/\/noticiaempauta.com\/portal\/","logo":{"@type":"ImageObject","inLanguage":"pt-BR","@id":"https:\/\/noticiaempauta.com\/portal\/#\/schema\/logo\/image\/","url":"https:\/\/noticiaempauta.com\/portal\/wp-content\/uploads\/2022\/08\/logomarca_tema.fw_.png","contentUrl":"https:\/\/noticiaempauta.com\/portal\/wp-content\/uploads\/2022\/08\/logomarca_tema.fw_.png","width":400,"height":232,"caption":"Portal Not\u00edcia em Pauta"},"image":{"@id":"https:\/\/noticiaempauta.com\/portal\/#\/schema\/logo\/image\/"},"sameAs":["https:\/\/www.facebook.com\/Portal-Notcia-Em-Pauta-102292869264820\/","https:\/\/www.instagram.com\/portalnoticiaempauta\/"]},{"@type":"Person","@id":"https:\/\/noticiaempauta.com\/portal\/#\/schema\/person\/a74af43dd1ab3deca45f988c717d57ac","name":"Reda\u00e7\u00e3o","image":{"@type":"ImageObject","inLanguage":"pt-BR","@id":"https:\/\/noticiaempauta.com\/portal\/#\/schema\/person\/image\/","url":"https:\/\/secure.gravatar.com\/avatar\/03179346ecce6cdfc13361603e8f54242a90e5cde8618fa23c5c00aa2b0aadf3?s=96&d=mm&r=g","contentUrl":"https:\/\/secure.gravatar.com\/avatar\/03179346ecce6cdfc13361603e8f54242a90e5cde8618fa23c5c00aa2b0aadf3?s=96&d=mm&r=g","caption":"Reda\u00e7\u00e3o"},"sameAs":["https:\/\/noticiaempauta.com\/portal\/"],"url":"https:\/\/noticiaempauta.com\/portal\/author\/fernando\/"}]}},"_links":{"self":[{"href":"https:\/\/noticiaempauta.com\/portal\/wp-json\/wp\/v2\/posts\/265115","targetHints":{"allow":["GET"]}}],"collection":[{"href":"https:\/\/noticiaempauta.com\/portal\/wp-json\/wp\/v2\/posts"}],"about":[{"href":"https:\/\/noticiaempauta.com\/portal\/wp-json\/wp\/v2\/types\/post"}],"author":[{"embeddable":true,"href":"https:\/\/noticiaempauta.com\/portal\/wp-json\/wp\/v2\/users\/2"}],"replies":[{"embeddable":true,"href":"https:\/\/noticiaempauta.com\/portal\/wp-json\/wp\/v2\/comments?post=265115"}],"version-history":[{"count":2,"href":"https:\/\/noticiaempauta.com\/portal\/wp-json\/wp\/v2\/posts\/265115\/revisions"}],"predecessor-version":[{"id":265119,"href":"https:\/\/noticiaempauta.com\/portal\/wp-json\/wp\/v2\/posts\/265115\/revisions\/265119"}],"wp:featuredmedia":[{"embeddable":true,"href":"https:\/\/noticiaempauta.com\/portal\/wp-json\/wp\/v2\/media\/265116"}],"wp:attachment":[{"href":"https:\/\/noticiaempauta.com\/portal\/wp-json\/wp\/v2\/media?parent=265115"}],"wp:term":[{"taxonomy":"category","embeddable":true,"href":"https:\/\/noticiaempauta.com\/portal\/wp-json\/wp\/v2\/categories?post=265115"},{"taxonomy":"post_tag","embeddable":true,"href":"https:\/\/noticiaempauta.com\/portal\/wp-json\/wp\/v2\/tags?post=265115"}],"curies":[{"name":"wp","href":"https:\/\/api.w.org\/{rel}","templated":true}]}}