{"id":265120,"date":"2024-12-13T09:29:37","date_gmt":"2024-12-13T12:29:37","guid":{"rendered":"https:\/\/noticiaempauta.com\/portal\/?p=265120"},"modified":"2024-12-13T09:29:38","modified_gmt":"2024-12-13T12:29:38","slug":"pm-pi-convoca-698-candidatos-aprovados-em-concurso-para-curso-de-formacao-confira-a-lista","status":"publish","type":"post","link":"https:\/\/noticiaempauta.com\/portal\/pm-pi-convoca-698-candidatos-aprovados-em-concurso-para-curso-de-formacao-confira-a-lista\/","title":{"rendered":"PM-PI convoca 698 candidatos aprovados em concurso para curso de forma\u00e7\u00e3o; confira a lista"},"content":{"rendered":"\n<p>Quase 700 candidatos aprovados no \u00faltimo concurso da Pol\u00edcia Militar do Estado do Piau\u00ed (PM-PI) foram convocados para a realizar matr\u00edcula no Curso de Forma\u00e7\u00e3o de Soldados (PM 2025). A lista com a rela\u00e7\u00e3o dos convocados foi publicada na edi\u00e7\u00e3o de ontem do Di\u00e1rio Oficial do Estado. No total, foram convocados 290 candidatos do sexo feminino, 398 do sexo masculino e 05 candidatos sub judice.<\/p>\n\n\n\n<figure class=\"wp-block-image size-full\"><img fetchpriority=\"high\" decoding=\"async\" width=\"790\" height=\"500\" src=\"https:\/\/noticiaempauta.com\/portal\/wp-content\/uploads\/2024\/12\/d93a306da47fa484f6406ca71126f610.jpg\" alt=\"\" class=\"wp-image-265121\" srcset=\"https:\/\/noticiaempauta.com\/portal\/wp-content\/uploads\/2024\/12\/d93a306da47fa484f6406ca71126f610.jpg 790w, https:\/\/noticiaempauta.com\/portal\/wp-content\/uploads\/2024\/12\/d93a306da47fa484f6406ca71126f610-300x190.jpg 300w, https:\/\/noticiaempauta.com\/portal\/wp-content\/uploads\/2024\/12\/d93a306da47fa484f6406ca71126f610-768x486.jpg 768w\" sizes=\"(max-width: 790px) 100vw, 790px\" \/><figcaption class=\"wp-element-caption\"><em>(Foto: Ascom PM-PI)<\/em><\/figcaption><\/figure>\n\n\n\n<ul class=\"wp-block-list\">\n<li><strong><a href=\"https:\/\/cidadeverde.com\/assets\/uploads\/files\/rela%C3%A7%C3%A3o%20de%20candidatos%20convocados%20para%20pm%20pi%20doepi_242_2024_1734090538.pdf\" target=\"_blank\" rel=\"noreferrer noopener\">Confira aqui a lista.<\/a><\/strong><\/li>\n<\/ul>\n\n\n\n<p>Os candidatos convocado integram a lista de cadastro de reserva II. Tamb\u00e9m foram convocados cinco candidatos sub judice.<\/p>\n\n\n\n<p>Os convocados devem realizar a entrega de documento exigido pelo edital no per\u00edodo de 16 a 30 de dezembro deste ano. Os documentos s\u00e3o os seguinte:<\/p>\n\n\n\n<ul class=\"wp-block-list\">\n<li>Carteira de identidade;<\/li>\n\n\n\n<li>Cadastro de Pessoas F\u00edsicas &#8211; CPF;\u00a0<\/li>\n\n\n\n<li>T\u00edtulo de eleitor com o comprovante de vota\u00e7\u00e3o da \u00faltima elei\u00e7\u00e3o;<\/li>\n\n\n\n<li>Certificado de alistamento militar, para candidatos do sexo masculino.\u00a0<\/li>\n\n\n\n<li>Certificado de conclus\u00e3o do Curso de Ensino M\u00e9dio reconhecido pelo Minist\u00e9rio da Educa\u00e7\u00e3o;\u00a0<\/li>\n\n\n\n<li>Declara\u00e7\u00e3o de boa conduta, comprovando n\u00e3o ter sido desligado da Corpora\u00e7\u00e3o em que servia a bem da disciplina, ou n\u00e3o ter sido licenciado, a pedido, no comportamento MAU, quando se tratar de militar das For\u00e7as Armadas ou de corpora\u00e7\u00f5es militares estaduais.<\/li>\n<\/ul>\n\n\n\n<p>Ap\u00f3s a an\u00e1lise da documenta\u00e7\u00e3o os candidatos estar\u00e3o aptos para realizar a matr\u00edcula no curso de forma\u00e7\u00e3o no dia 07 de janeiro.\u00a0A aula inaugural est\u00e1 programada para acontecer no dia 20 de janeiro, em local que ainda ser\u00e1 definido pela corpora\u00e7\u00e3o.\u00a0<\/p>\n\n\n\n<p>Os candidatos tamb\u00e9m devem apresentar documentos que ser\u00e3o utilizados para fazer o pagamento da bolsa forma\u00e7\u00e3o. S\u00e3o eles:<\/p>\n\n\n\n<ul class=\"wp-block-list\">\n<li>Carteira Nacional de Habilita\u00e7\u00e3o, no m\u00ednimo na categoria &#8220;AB&#8221;;\u00a0<\/li>\n\n\n\n<li>Certid\u00e3o de Nascimento ou Casamento;\u00a0<\/li>\n\n\n\n<li>Carteira de Trabalho;\u00a0<\/li>\n\n\n\n<li>N\u00famero de inscri\u00e7\u00e3o (PIS\/PASEP\/NIT\/NIS), contendo a data de expedi\u00e7\u00e3o;\u00a0<\/li>\n\n\n\n<li>Comprovante de endere\u00e7o;\u00a0<\/li>\n\n\n\n<li>Exame de comprova\u00e7\u00e3o de tipagem sangu\u00ednea;<\/li>\n\n\n\n<li>Comprovante de abertura de conta-corrente no Banco do Brasil (extrato\/c\u00f3pia do cart\u00e3o do banco);<\/li>\n\n\n\n<li>Declara\u00e7\u00e3o de n\u00e3o acumula\u00e7\u00e3o de cargo p\u00fablico na Administra\u00e7\u00e3o P\u00fablica Federal, Estadual ou Municipal, com firma reconhecida em cart\u00f3rio, conforme modelo constante no Anexo III;\u00a0<\/li>\n\n\n\n<li>Em caso de servidor p\u00fablico ou militar do estado do Piau\u00ed, declara\u00e7\u00e3o do cargo ou fun\u00e7\u00e3o que exerce, com op\u00e7\u00e3o pela remunera\u00e7\u00e3o do cargo ou fun\u00e7\u00e3o ou pela bolsa do curso forma\u00e7\u00e3o profissional.<\/li>\n<\/ul>\n\n\n\n<p>Os cinco candidatos convocados sub judice, s\u00e3o:<\/p>\n\n\n\n<ol class=\"wp-block-list\">\n<li>Carlos Eduardo da Silva Leal<\/li>\n\n\n\n<li>Lucas Javier Fernandes de Meneses<\/li>\n\n\n\n<li>Pablo Victor Silva Lima<\/li>\n\n\n\n<li>Ayan Douglas Nunes Luz<\/li>\n\n\n\n<li>Gustavo de Lima Sousa Macedo<\/li>\n<\/ol>\n\n\n\n<p>Cidade Verde<\/p>\n","protected":false},"excerpt":{"rendered":"<p>Quase 700 candidatos aprovados no \u00faltimo concurso da Pol\u00edcia Militar do Estado do Piau\u00ed (PM-PI) foram convocados para a realizar matr\u00edcula no Curso de Forma\u00e7\u00e3o de Soldados (PM 2025). A lista com a rela\u00e7\u00e3o dos convocados foi publicada na edi\u00e7\u00e3o de ontem do Di\u00e1rio Oficial do Estado. No total, foram convocados 290 candidatos do sexo [&hellip;]<\/p>\n","protected":false},"author":2,"featured_media":265121,"comment_status":"open","ping_status":"open","sticky":false,"template":"","format":"standard","meta":{"_mi_skip_tracking":false,"footnotes":""},"categories":[25,1,137,16],"tags":[192],"class_list":["post-265120","post","type-post","status-publish","format-standard","has-post-thumbnail","hentry","category-destaques-site","category-geral","category-policia","category-todas","tag-destaqueprincipal"],"acf":[],"yoast_head":"<!-- This site is optimized with the Yoast SEO Premium plugin v19.2 (Yoast SEO v26.9) - https:\/\/yoast.com\/product\/yoast-seo-premium-wordpress\/ -->\n<title>PM-PI convoca 698 candidatos aprovados em concurso para curso de forma\u00e7\u00e3o; confira a lista - Portal Not\u00edcia em Pauta<\/title>\n<meta name=\"robots\" content=\"index, follow, max-snippet:-1, max-image-preview:large, max-video-preview:-1\" \/>\n<link rel=\"canonical\" href=\"https:\/\/noticiaempauta.com\/portal\/pm-pi-convoca-698-candidatos-aprovados-em-concurso-para-curso-de-formacao-confira-a-lista\/\" \/>\n<meta property=\"og:locale\" content=\"pt_BR\" \/>\n<meta property=\"og:type\" content=\"article\" \/>\n<meta property=\"og:title\" content=\"PM-PI convoca 698 candidatos aprovados em concurso para curso de forma\u00e7\u00e3o; confira a lista\" \/>\n<meta property=\"og:description\" content=\"Quase 700 candidatos aprovados no \u00faltimo concurso da Pol\u00edcia Militar do Estado do Piau\u00ed (PM-PI) foram convocados para a realizar matr\u00edcula no Curso de Forma\u00e7\u00e3o de Soldados (PM 2025). A lista com a rela\u00e7\u00e3o dos convocados foi publicada na edi\u00e7\u00e3o de ontem do Di\u00e1rio Oficial do Estado. No total, foram convocados 290 candidatos do sexo [&hellip;]\" \/>\n<meta property=\"og:url\" content=\"https:\/\/noticiaempauta.com\/portal\/pm-pi-convoca-698-candidatos-aprovados-em-concurso-para-curso-de-formacao-confira-a-lista\/\" \/>\n<meta property=\"og:site_name\" content=\"Portal Not\u00edcia em Pauta\" \/>\n<meta property=\"article:publisher\" content=\"https:\/\/www.facebook.com\/Portal-Notcia-Em-Pauta-102292869264820\/\" \/>\n<meta property=\"article:published_time\" content=\"2024-12-13T12:29:37+00:00\" \/>\n<meta property=\"article:modified_time\" content=\"2024-12-13T12:29:38+00:00\" \/>\n<meta property=\"og:image\" content=\"https:\/\/noticiaempauta.com\/portal\/wp-content\/uploads\/2024\/12\/d93a306da47fa484f6406ca71126f610.jpg\" \/>\n\t<meta property=\"og:image:width\" content=\"790\" \/>\n\t<meta property=\"og:image:height\" content=\"500\" \/>\n\t<meta property=\"og:image:type\" content=\"image\/jpeg\" \/>\n<meta name=\"author\" content=\"Reda\u00e7\u00e3o\" \/>\n<meta name=\"twitter:card\" content=\"summary_large_image\" \/>\n<meta name=\"twitter:label1\" content=\"Escrito por\" \/>\n\t<meta name=\"twitter:data1\" content=\"Reda\u00e7\u00e3o\" \/>\n\t<meta name=\"twitter:label2\" content=\"Est. tempo de leitura\" \/>\n\t<meta name=\"twitter:data2\" content=\"3 minutos\" \/>\n<script type=\"application\/ld+json\" class=\"yoast-schema-graph\">{\"@context\":\"https:\/\/schema.org\",\"@graph\":[{\"@type\":\"Article\",\"@id\":\"https:\/\/noticiaempauta.com\/portal\/pm-pi-convoca-698-candidatos-aprovados-em-concurso-para-curso-de-formacao-confira-a-lista\/#article\",\"isPartOf\":{\"@id\":\"https:\/\/noticiaempauta.com\/portal\/pm-pi-convoca-698-candidatos-aprovados-em-concurso-para-curso-de-formacao-confira-a-lista\/\"},\"author\":{\"name\":\"Reda\u00e7\u00e3o\",\"@id\":\"https:\/\/noticiaempauta.com\/portal\/#\/schema\/person\/a74af43dd1ab3deca45f988c717d57ac\"},\"headline\":\"PM-PI convoca 698 candidatos aprovados em concurso para curso de forma\u00e7\u00e3o; confira a lista\",\"datePublished\":\"2024-12-13T12:29:37+00:00\",\"dateModified\":\"2024-12-13T12:29:38+00:00\",\"mainEntityOfPage\":{\"@id\":\"https:\/\/noticiaempauta.com\/portal\/pm-pi-convoca-698-candidatos-aprovados-em-concurso-para-curso-de-formacao-confira-a-lista\/\"},\"wordCount\":467,\"commentCount\":0,\"publisher\":{\"@id\":\"https:\/\/noticiaempauta.com\/portal\/#organization\"},\"image\":{\"@id\":\"https:\/\/noticiaempauta.com\/portal\/pm-pi-convoca-698-candidatos-aprovados-em-concurso-para-curso-de-formacao-confira-a-lista\/#primaryimage\"},\"thumbnailUrl\":\"https:\/\/noticiaempauta.com\/portal\/wp-content\/uploads\/2024\/12\/d93a306da47fa484f6406ca71126f610.jpg\",\"keywords\":[\"destaqueprincipal\"],\"articleSection\":[\"Destaques\",\"Geral\",\"Pol\u00edcia\",\"Todas as Not\u00edcias\"],\"inLanguage\":\"pt-BR\",\"potentialAction\":[{\"@type\":\"CommentAction\",\"name\":\"Comment\",\"target\":[\"https:\/\/noticiaempauta.com\/portal\/pm-pi-convoca-698-candidatos-aprovados-em-concurso-para-curso-de-formacao-confira-a-lista\/#respond\"]}]},{\"@type\":\"WebPage\",\"@id\":\"https:\/\/noticiaempauta.com\/portal\/pm-pi-convoca-698-candidatos-aprovados-em-concurso-para-curso-de-formacao-confira-a-lista\/\",\"url\":\"https:\/\/noticiaempauta.com\/portal\/pm-pi-convoca-698-candidatos-aprovados-em-concurso-para-curso-de-formacao-confira-a-lista\/\",\"name\":\"PM-PI convoca 698 candidatos aprovados em concurso para curso de forma\u00e7\u00e3o; confira a lista - Portal Not\u00edcia em Pauta\",\"isPartOf\":{\"@id\":\"https:\/\/noticiaempauta.com\/portal\/#website\"},\"primaryImageOfPage\":{\"@id\":\"https:\/\/noticiaempauta.com\/portal\/pm-pi-convoca-698-candidatos-aprovados-em-concurso-para-curso-de-formacao-confira-a-lista\/#primaryimage\"},\"image\":{\"@id\":\"https:\/\/noticiaempauta.com\/portal\/pm-pi-convoca-698-candidatos-aprovados-em-concurso-para-curso-de-formacao-confira-a-lista\/#primaryimage\"},\"thumbnailUrl\":\"https:\/\/noticiaempauta.com\/portal\/wp-content\/uploads\/2024\/12\/d93a306da47fa484f6406ca71126f610.jpg\",\"datePublished\":\"2024-12-13T12:29:37+00:00\",\"dateModified\":\"2024-12-13T12:29:38+00:00\",\"breadcrumb\":{\"@id\":\"https:\/\/noticiaempauta.com\/portal\/pm-pi-convoca-698-candidatos-aprovados-em-concurso-para-curso-de-formacao-confira-a-lista\/#breadcrumb\"},\"inLanguage\":\"pt-BR\",\"potentialAction\":[{\"@type\":\"ReadAction\",\"target\":[\"https:\/\/noticiaempauta.com\/portal\/pm-pi-convoca-698-candidatos-aprovados-em-concurso-para-curso-de-formacao-confira-a-lista\/\"]}]},{\"@type\":\"ImageObject\",\"inLanguage\":\"pt-BR\",\"@id\":\"https:\/\/noticiaempauta.com\/portal\/pm-pi-convoca-698-candidatos-aprovados-em-concurso-para-curso-de-formacao-confira-a-lista\/#primaryimage\",\"url\":\"https:\/\/noticiaempauta.com\/portal\/wp-content\/uploads\/2024\/12\/d93a306da47fa484f6406ca71126f610.jpg\",\"contentUrl\":\"https:\/\/noticiaempauta.com\/portal\/wp-content\/uploads\/2024\/12\/d93a306da47fa484f6406ca71126f610.jpg\",\"width\":790,\"height\":500},{\"@type\":\"BreadcrumbList\",\"@id\":\"https:\/\/noticiaempauta.com\/portal\/pm-pi-convoca-698-candidatos-aprovados-em-concurso-para-curso-de-formacao-confira-a-lista\/#breadcrumb\",\"itemListElement\":[{\"@type\":\"ListItem\",\"position\":1,\"name\":\"P\u00e1gina Inicial\",\"item\":\"https:\/\/noticiaempauta.com\/portal\/\"},{\"@type\":\"ListItem\",\"position\":2,\"name\":\"Destaques\",\"item\":\"https:\/\/noticiaempauta.com\/portal\/destaques-site\/\"},{\"@type\":\"ListItem\",\"position\":3,\"name\":\"PM-PI convoca 698 candidatos aprovados em concurso para curso de forma\u00e7\u00e3o; confira a lista\"}]},{\"@type\":\"WebSite\",\"@id\":\"https:\/\/noticiaempauta.com\/portal\/#website\",\"url\":\"https:\/\/noticiaempauta.com\/portal\/\",\"name\":\"Portal Not\u00edcia em Pauta\",\"description\":\"Voc\u00ea bem informado\",\"publisher\":{\"@id\":\"https:\/\/noticiaempauta.com\/portal\/#organization\"},\"potentialAction\":[{\"@type\":\"SearchAction\",\"target\":{\"@type\":\"EntryPoint\",\"urlTemplate\":\"https:\/\/noticiaempauta.com\/portal\/?s={search_term_string}\"},\"query-input\":{\"@type\":\"PropertyValueSpecification\",\"valueRequired\":true,\"valueName\":\"search_term_string\"}}],\"inLanguage\":\"pt-BR\"},{\"@type\":\"Organization\",\"@id\":\"https:\/\/noticiaempauta.com\/portal\/#organization\",\"name\":\"Portal Not\u00edcia em Pauta\",\"url\":\"https:\/\/noticiaempauta.com\/portal\/\",\"logo\":{\"@type\":\"ImageObject\",\"inLanguage\":\"pt-BR\",\"@id\":\"https:\/\/noticiaempauta.com\/portal\/#\/schema\/logo\/image\/\",\"url\":\"https:\/\/noticiaempauta.com\/portal\/wp-content\/uploads\/2022\/08\/logomarca_tema.fw_.png\",\"contentUrl\":\"https:\/\/noticiaempauta.com\/portal\/wp-content\/uploads\/2022\/08\/logomarca_tema.fw_.png\",\"width\":400,\"height\":232,\"caption\":\"Portal Not\u00edcia em Pauta\"},\"image\":{\"@id\":\"https:\/\/noticiaempauta.com\/portal\/#\/schema\/logo\/image\/\"},\"sameAs\":[\"https:\/\/www.facebook.com\/Portal-Notcia-Em-Pauta-102292869264820\/\",\"https:\/\/www.instagram.com\/portalnoticiaempauta\/\"]},{\"@type\":\"Person\",\"@id\":\"https:\/\/noticiaempauta.com\/portal\/#\/schema\/person\/a74af43dd1ab3deca45f988c717d57ac\",\"name\":\"Reda\u00e7\u00e3o\",\"image\":{\"@type\":\"ImageObject\",\"inLanguage\":\"pt-BR\",\"@id\":\"https:\/\/noticiaempauta.com\/portal\/#\/schema\/person\/image\/\",\"url\":\"https:\/\/secure.gravatar.com\/avatar\/03179346ecce6cdfc13361603e8f54242a90e5cde8618fa23c5c00aa2b0aadf3?s=96&d=mm&r=g\",\"contentUrl\":\"https:\/\/secure.gravatar.com\/avatar\/03179346ecce6cdfc13361603e8f54242a90e5cde8618fa23c5c00aa2b0aadf3?s=96&d=mm&r=g\",\"caption\":\"Reda\u00e7\u00e3o\"},\"sameAs\":[\"https:\/\/noticiaempauta.com\/portal\/\"],\"url\":\"https:\/\/noticiaempauta.com\/portal\/author\/fernando\/\"}]}<\/script>\n<!-- \/ Yoast SEO Premium plugin. -->","yoast_head_json":{"title":"PM-PI convoca 698 candidatos aprovados em concurso para curso de forma\u00e7\u00e3o; confira a lista - Portal Not\u00edcia em Pauta","robots":{"index":"index","follow":"follow","max-snippet":"max-snippet:-1","max-image-preview":"max-image-preview:large","max-video-preview":"max-video-preview:-1"},"canonical":"https:\/\/noticiaempauta.com\/portal\/pm-pi-convoca-698-candidatos-aprovados-em-concurso-para-curso-de-formacao-confira-a-lista\/","og_locale":"pt_BR","og_type":"article","og_title":"PM-PI convoca 698 candidatos aprovados em concurso para curso de forma\u00e7\u00e3o; confira a lista","og_description":"Quase 700 candidatos aprovados no \u00faltimo concurso da Pol\u00edcia Militar do Estado do Piau\u00ed (PM-PI) foram convocados para a realizar matr\u00edcula no Curso de Forma\u00e7\u00e3o de Soldados (PM 2025). A lista com a rela\u00e7\u00e3o dos convocados foi publicada na edi\u00e7\u00e3o de ontem do Di\u00e1rio Oficial do Estado. No total, foram convocados 290 candidatos do sexo [&hellip;]","og_url":"https:\/\/noticiaempauta.com\/portal\/pm-pi-convoca-698-candidatos-aprovados-em-concurso-para-curso-de-formacao-confira-a-lista\/","og_site_name":"Portal Not\u00edcia em Pauta","article_publisher":"https:\/\/www.facebook.com\/Portal-Notcia-Em-Pauta-102292869264820\/","article_published_time":"2024-12-13T12:29:37+00:00","article_modified_time":"2024-12-13T12:29:38+00:00","og_image":[{"width":790,"height":500,"url":"https:\/\/noticiaempauta.com\/portal\/wp-content\/uploads\/2024\/12\/d93a306da47fa484f6406ca71126f610.jpg","type":"image\/jpeg"}],"author":"Reda\u00e7\u00e3o","twitter_card":"summary_large_image","twitter_misc":{"Escrito por":"Reda\u00e7\u00e3o","Est. tempo de leitura":"3 minutos"},"schema":{"@context":"https:\/\/schema.org","@graph":[{"@type":"Article","@id":"https:\/\/noticiaempauta.com\/portal\/pm-pi-convoca-698-candidatos-aprovados-em-concurso-para-curso-de-formacao-confira-a-lista\/#article","isPartOf":{"@id":"https:\/\/noticiaempauta.com\/portal\/pm-pi-convoca-698-candidatos-aprovados-em-concurso-para-curso-de-formacao-confira-a-lista\/"},"author":{"name":"Reda\u00e7\u00e3o","@id":"https:\/\/noticiaempauta.com\/portal\/#\/schema\/person\/a74af43dd1ab3deca45f988c717d57ac"},"headline":"PM-PI convoca 698 candidatos aprovados em concurso para curso de forma\u00e7\u00e3o; confira a lista","datePublished":"2024-12-13T12:29:37+00:00","dateModified":"2024-12-13T12:29:38+00:00","mainEntityOfPage":{"@id":"https:\/\/noticiaempauta.com\/portal\/pm-pi-convoca-698-candidatos-aprovados-em-concurso-para-curso-de-formacao-confira-a-lista\/"},"wordCount":467,"commentCount":0,"publisher":{"@id":"https:\/\/noticiaempauta.com\/portal\/#organization"},"image":{"@id":"https:\/\/noticiaempauta.com\/portal\/pm-pi-convoca-698-candidatos-aprovados-em-concurso-para-curso-de-formacao-confira-a-lista\/#primaryimage"},"thumbnailUrl":"https:\/\/noticiaempauta.com\/portal\/wp-content\/uploads\/2024\/12\/d93a306da47fa484f6406ca71126f610.jpg","keywords":["destaqueprincipal"],"articleSection":["Destaques","Geral","Pol\u00edcia","Todas as Not\u00edcias"],"inLanguage":"pt-BR","potentialAction":[{"@type":"CommentAction","name":"Comment","target":["https:\/\/noticiaempauta.com\/portal\/pm-pi-convoca-698-candidatos-aprovados-em-concurso-para-curso-de-formacao-confira-a-lista\/#respond"]}]},{"@type":"WebPage","@id":"https:\/\/noticiaempauta.com\/portal\/pm-pi-convoca-698-candidatos-aprovados-em-concurso-para-curso-de-formacao-confira-a-lista\/","url":"https:\/\/noticiaempauta.com\/portal\/pm-pi-convoca-698-candidatos-aprovados-em-concurso-para-curso-de-formacao-confira-a-lista\/","name":"PM-PI convoca 698 candidatos aprovados em concurso para curso de forma\u00e7\u00e3o; confira a lista - Portal Not\u00edcia em Pauta","isPartOf":{"@id":"https:\/\/noticiaempauta.com\/portal\/#website"},"primaryImageOfPage":{"@id":"https:\/\/noticiaempauta.com\/portal\/pm-pi-convoca-698-candidatos-aprovados-em-concurso-para-curso-de-formacao-confira-a-lista\/#primaryimage"},"image":{"@id":"https:\/\/noticiaempauta.com\/portal\/pm-pi-convoca-698-candidatos-aprovados-em-concurso-para-curso-de-formacao-confira-a-lista\/#primaryimage"},"thumbnailUrl":"https:\/\/noticiaempauta.com\/portal\/wp-content\/uploads\/2024\/12\/d93a306da47fa484f6406ca71126f610.jpg","datePublished":"2024-12-13T12:29:37+00:00","dateModified":"2024-12-13T12:29:38+00:00","breadcrumb":{"@id":"https:\/\/noticiaempauta.com\/portal\/pm-pi-convoca-698-candidatos-aprovados-em-concurso-para-curso-de-formacao-confira-a-lista\/#breadcrumb"},"inLanguage":"pt-BR","potentialAction":[{"@type":"ReadAction","target":["https:\/\/noticiaempauta.com\/portal\/pm-pi-convoca-698-candidatos-aprovados-em-concurso-para-curso-de-formacao-confira-a-lista\/"]}]},{"@type":"ImageObject","inLanguage":"pt-BR","@id":"https:\/\/noticiaempauta.com\/portal\/pm-pi-convoca-698-candidatos-aprovados-em-concurso-para-curso-de-formacao-confira-a-lista\/#primaryimage","url":"https:\/\/noticiaempauta.com\/portal\/wp-content\/uploads\/2024\/12\/d93a306da47fa484f6406ca71126f610.jpg","contentUrl":"https:\/\/noticiaempauta.com\/portal\/wp-content\/uploads\/2024\/12\/d93a306da47fa484f6406ca71126f610.jpg","width":790,"height":500},{"@type":"BreadcrumbList","@id":"https:\/\/noticiaempauta.com\/portal\/pm-pi-convoca-698-candidatos-aprovados-em-concurso-para-curso-de-formacao-confira-a-lista\/#breadcrumb","itemListElement":[{"@type":"ListItem","position":1,"name":"P\u00e1gina Inicial","item":"https:\/\/noticiaempauta.com\/portal\/"},{"@type":"ListItem","position":2,"name":"Destaques","item":"https:\/\/noticiaempauta.com\/portal\/destaques-site\/"},{"@type":"ListItem","position":3,"name":"PM-PI convoca 698 candidatos aprovados em concurso para curso de forma\u00e7\u00e3o; confira a lista"}]},{"@type":"WebSite","@id":"https:\/\/noticiaempauta.com\/portal\/#website","url":"https:\/\/noticiaempauta.com\/portal\/","name":"Portal Not\u00edcia em Pauta","description":"Voc\u00ea bem informado","publisher":{"@id":"https:\/\/noticiaempauta.com\/portal\/#organization"},"potentialAction":[{"@type":"SearchAction","target":{"@type":"EntryPoint","urlTemplate":"https:\/\/noticiaempauta.com\/portal\/?s={search_term_string}"},"query-input":{"@type":"PropertyValueSpecification","valueRequired":true,"valueName":"search_term_string"}}],"inLanguage":"pt-BR"},{"@type":"Organization","@id":"https:\/\/noticiaempauta.com\/portal\/#organization","name":"Portal Not\u00edcia em Pauta","url":"https:\/\/noticiaempauta.com\/portal\/","logo":{"@type":"ImageObject","inLanguage":"pt-BR","@id":"https:\/\/noticiaempauta.com\/portal\/#\/schema\/logo\/image\/","url":"https:\/\/noticiaempauta.com\/portal\/wp-content\/uploads\/2022\/08\/logomarca_tema.fw_.png","contentUrl":"https:\/\/noticiaempauta.com\/portal\/wp-content\/uploads\/2022\/08\/logomarca_tema.fw_.png","width":400,"height":232,"caption":"Portal Not\u00edcia em Pauta"},"image":{"@id":"https:\/\/noticiaempauta.com\/portal\/#\/schema\/logo\/image\/"},"sameAs":["https:\/\/www.facebook.com\/Portal-Notcia-Em-Pauta-102292869264820\/","https:\/\/www.instagram.com\/portalnoticiaempauta\/"]},{"@type":"Person","@id":"https:\/\/noticiaempauta.com\/portal\/#\/schema\/person\/a74af43dd1ab3deca45f988c717d57ac","name":"Reda\u00e7\u00e3o","image":{"@type":"ImageObject","inLanguage":"pt-BR","@id":"https:\/\/noticiaempauta.com\/portal\/#\/schema\/person\/image\/","url":"https:\/\/secure.gravatar.com\/avatar\/03179346ecce6cdfc13361603e8f54242a90e5cde8618fa23c5c00aa2b0aadf3?s=96&d=mm&r=g","contentUrl":"https:\/\/secure.gravatar.com\/avatar\/03179346ecce6cdfc13361603e8f54242a90e5cde8618fa23c5c00aa2b0aadf3?s=96&d=mm&r=g","caption":"Reda\u00e7\u00e3o"},"sameAs":["https:\/\/noticiaempauta.com\/portal\/"],"url":"https:\/\/noticiaempauta.com\/portal\/author\/fernando\/"}]}},"_links":{"self":[{"href":"https:\/\/noticiaempauta.com\/portal\/wp-json\/wp\/v2\/posts\/265120","targetHints":{"allow":["GET"]}}],"collection":[{"href":"https:\/\/noticiaempauta.com\/portal\/wp-json\/wp\/v2\/posts"}],"about":[{"href":"https:\/\/noticiaempauta.com\/portal\/wp-json\/wp\/v2\/types\/post"}],"author":[{"embeddable":true,"href":"https:\/\/noticiaempauta.com\/portal\/wp-json\/wp\/v2\/users\/2"}],"replies":[{"embeddable":true,"href":"https:\/\/noticiaempauta.com\/portal\/wp-json\/wp\/v2\/comments?post=265120"}],"version-history":[{"count":2,"href":"https:\/\/noticiaempauta.com\/portal\/wp-json\/wp\/v2\/posts\/265120\/revisions"}],"predecessor-version":[{"id":265123,"href":"https:\/\/noticiaempauta.com\/portal\/wp-json\/wp\/v2\/posts\/265120\/revisions\/265123"}],"wp:featuredmedia":[{"embeddable":true,"href":"https:\/\/noticiaempauta.com\/portal\/wp-json\/wp\/v2\/media\/265121"}],"wp:attachment":[{"href":"https:\/\/noticiaempauta.com\/portal\/wp-json\/wp\/v2\/media?parent=265120"}],"wp:term":[{"taxonomy":"category","embeddable":true,"href":"https:\/\/noticiaempauta.com\/portal\/wp-json\/wp\/v2\/categories?post=265120"},{"taxonomy":"post_tag","embeddable":true,"href":"https:\/\/noticiaempauta.com\/portal\/wp-json\/wp\/v2\/tags?post=265120"}],"curies":[{"name":"wp","href":"https:\/\/api.w.org\/{rel}","templated":true}]}}