{"id":265299,"date":"2024-12-13T16:16:04","date_gmt":"2024-12-13T19:16:04","guid":{"rendered":"https:\/\/noticiaempauta.com\/portal\/?p=265299"},"modified":"2024-12-13T16:16:05","modified_gmt":"2024-12-13T19:16:05","slug":"deputado-thales-coelho-articula-audiencias-de-prefeitos-com-o-governador-rafael-fonteles","status":"publish","type":"post","link":"https:\/\/noticiaempauta.com\/portal\/deputado-thales-coelho-articula-audiencias-de-prefeitos-com-o-governador-rafael-fonteles\/","title":{"rendered":"Deputado Thales Coelho articula audi\u00eancias de prefeitos com o Governador Rafael Fonteles"},"content":{"rendered":"\n<p>O deputado estadual Dr. Thales Coelho esteve, nesta sexta (13), no Pal\u00e1cio de Karnak, em Teresina, articulando importantes audi\u00eancias entre o governador Rafael Fonteles e prefeitos de diversas cidades piauienses. <\/p>\n\n\n\n<figure class=\"wp-block-image size-large\"><img fetchpriority=\"high\" decoding=\"async\" width=\"1024\" height=\"683\" src=\"https:\/\/noticiaempauta.com\/portal\/wp-content\/uploads\/2024\/12\/3a675a4e-cc6e-4bde-91b0-75bb1170d049-1024x683.jpeg\" alt=\"\" class=\"wp-image-265302\" srcset=\"https:\/\/noticiaempauta.com\/portal\/wp-content\/uploads\/2024\/12\/3a675a4e-cc6e-4bde-91b0-75bb1170d049-1024x683.jpeg 1024w, https:\/\/noticiaempauta.com\/portal\/wp-content\/uploads\/2024\/12\/3a675a4e-cc6e-4bde-91b0-75bb1170d049-300x200.jpeg 300w, https:\/\/noticiaempauta.com\/portal\/wp-content\/uploads\/2024\/12\/3a675a4e-cc6e-4bde-91b0-75bb1170d049-768x512.jpeg 768w, https:\/\/noticiaempauta.com\/portal\/wp-content\/uploads\/2024\/12\/3a675a4e-cc6e-4bde-91b0-75bb1170d049-1536x1024.jpeg 1536w\" sizes=\"(max-width: 1024px) 100vw, 1024px\" \/><\/figure>\n\n\n\n<p>A pauta central das reuni\u00f5es foi a busca por investimentos e projetos para impulsionar o desenvolvimento das regi\u00f5es representadas.<\/p>\n\n\n\n<p>Entre os gestores que participaram das audi\u00eancias estavam:<\/p>\n\n\n\n<figure class=\"wp-block-image size-large\"><img decoding=\"async\" width=\"1024\" height=\"684\" src=\"https:\/\/noticiaempauta.com\/portal\/wp-content\/uploads\/2024\/12\/86a27f71-94fb-4c49-bf12-07d77169212c-1024x684.jpeg\" alt=\"\" class=\"wp-image-265301\" srcset=\"https:\/\/noticiaempauta.com\/portal\/wp-content\/uploads\/2024\/12\/86a27f71-94fb-4c49-bf12-07d77169212c-1024x684.jpeg 1024w, https:\/\/noticiaempauta.com\/portal\/wp-content\/uploads\/2024\/12\/86a27f71-94fb-4c49-bf12-07d77169212c-300x200.jpeg 300w, https:\/\/noticiaempauta.com\/portal\/wp-content\/uploads\/2024\/12\/86a27f71-94fb-4c49-bf12-07d77169212c-768x513.jpeg 768w, https:\/\/noticiaempauta.com\/portal\/wp-content\/uploads\/2024\/12\/86a27f71-94fb-4c49-bf12-07d77169212c.jpeg 1440w\" sizes=\"(max-width: 1024px) 100vw, 1024px\" \/><\/figure>\n\n\n\n<p>Socorro do Piau\u00ed: Prefeito Zitim Coelho e o prefeito eleito Dr. Aderson Filho.<\/p>\n\n\n\n<figure class=\"wp-block-image size-large\"><img decoding=\"async\" width=\"1024\" height=\"684\" src=\"https:\/\/noticiaempauta.com\/portal\/wp-content\/uploads\/2024\/12\/fcd037a7-a3f9-49bc-84c3-3e96a90341dd-1024x684.jpeg\" alt=\"\" class=\"wp-image-265300\" srcset=\"https:\/\/noticiaempauta.com\/portal\/wp-content\/uploads\/2024\/12\/fcd037a7-a3f9-49bc-84c3-3e96a90341dd-1024x684.jpeg 1024w, https:\/\/noticiaempauta.com\/portal\/wp-content\/uploads\/2024\/12\/fcd037a7-a3f9-49bc-84c3-3e96a90341dd-300x200.jpeg 300w, https:\/\/noticiaempauta.com\/portal\/wp-content\/uploads\/2024\/12\/fcd037a7-a3f9-49bc-84c3-3e96a90341dd-768x513.jpeg 768w, https:\/\/noticiaempauta.com\/portal\/wp-content\/uploads\/2024\/12\/fcd037a7-a3f9-49bc-84c3-3e96a90341dd.jpeg 1440w\" sizes=\"(max-width: 1024px) 100vw, 1024px\" \/><\/figure>\n\n\n\n<p>Valen\u00e7a do Piau\u00ed: Prefeito Marcelo Costa acompanhado do assessor Neto Parambu.<\/p>\n\n\n\n<figure class=\"wp-block-image size-large\"><img loading=\"lazy\" decoding=\"async\" width=\"1024\" height=\"683\" src=\"https:\/\/noticiaempauta.com\/portal\/wp-content\/uploads\/2024\/12\/c6dde57c-c662-4566-88ea-06a978ff0d7c-1024x683.jpeg\" alt=\"\" class=\"wp-image-265303\" srcset=\"https:\/\/noticiaempauta.com\/portal\/wp-content\/uploads\/2024\/12\/c6dde57c-c662-4566-88ea-06a978ff0d7c-1024x683.jpeg 1024w, https:\/\/noticiaempauta.com\/portal\/wp-content\/uploads\/2024\/12\/c6dde57c-c662-4566-88ea-06a978ff0d7c-300x200.jpeg 300w, https:\/\/noticiaempauta.com\/portal\/wp-content\/uploads\/2024\/12\/c6dde57c-c662-4566-88ea-06a978ff0d7c-768x512.jpeg 768w, https:\/\/noticiaempauta.com\/portal\/wp-content\/uploads\/2024\/12\/c6dde57c-c662-4566-88ea-06a978ff0d7c-1536x1024.jpeg 1536w, https:\/\/noticiaempauta.com\/portal\/wp-content\/uploads\/2024\/12\/c6dde57c-c662-4566-88ea-06a978ff0d7c-2048x1366.jpeg 2048w\" sizes=\"(max-width: 1024px) 100vw, 1024px\" \/><\/figure>\n\n\n\n<p><br>Aroeiras do Itaim: Prefeito eleito Marciano Mac\u00eado, o vice-prefeito eleito Zenio Neves, o atual vice-prefeito Edilson Teixeira, juntamente com o deputado estadual Georgiano Neto.<\/p>\n\n\n\n<figure class=\"wp-block-image size-large\"><img loading=\"lazy\" decoding=\"async\" width=\"1024\" height=\"683\" src=\"https:\/\/noticiaempauta.com\/portal\/wp-content\/uploads\/2024\/12\/daa0ac21-363f-4a61-bbac-1101996183d5-1024x683.jpeg\" alt=\"\" class=\"wp-image-265304\" srcset=\"https:\/\/noticiaempauta.com\/portal\/wp-content\/uploads\/2024\/12\/daa0ac21-363f-4a61-bbac-1101996183d5-1024x683.jpeg 1024w, https:\/\/noticiaempauta.com\/portal\/wp-content\/uploads\/2024\/12\/daa0ac21-363f-4a61-bbac-1101996183d5-300x200.jpeg 300w, https:\/\/noticiaempauta.com\/portal\/wp-content\/uploads\/2024\/12\/daa0ac21-363f-4a61-bbac-1101996183d5-768x512.jpeg 768w, https:\/\/noticiaempauta.com\/portal\/wp-content\/uploads\/2024\/12\/daa0ac21-363f-4a61-bbac-1101996183d5-1536x1024.jpeg 1536w, https:\/\/noticiaempauta.com\/portal\/wp-content\/uploads\/2024\/12\/daa0ac21-363f-4a61-bbac-1101996183d5-2048x1366.jpeg 2048w\" sizes=\"(max-width: 1024px) 100vw, 1024px\" \/><\/figure>\n\n\n\n<p>Tamboril do Piau\u00ed: Prefeito eleito Dr. Glauert acompanhado do vereador Odilon.<br>Dr. Thales destacou a receptividade do governador Rafael Fonteles e seu compromisso em atender as demandas apresentadas pelos gestores municipais. Durante as audi\u00eancias, foram debatidos projetos nas \u00e1reas de infraestrutura, sa\u00fade e educa\u00e7\u00e3o, al\u00e9m de estrat\u00e9gias para fomentar o crescimento econ\u00f4mico local.<\/p>\n\n\n\n<figure class=\"wp-block-image size-large\"><img loading=\"lazy\" decoding=\"async\" width=\"1024\" height=\"680\" src=\"https:\/\/noticiaempauta.com\/portal\/wp-content\/uploads\/2024\/12\/IMG_7414-1024x680.jpeg\" alt=\"\" class=\"wp-image-265305\" srcset=\"https:\/\/noticiaempauta.com\/portal\/wp-content\/uploads\/2024\/12\/IMG_7414-1024x680.jpeg 1024w, https:\/\/noticiaempauta.com\/portal\/wp-content\/uploads\/2024\/12\/IMG_7414-300x199.jpeg 300w, https:\/\/noticiaempauta.com\/portal\/wp-content\/uploads\/2024\/12\/IMG_7414-768x510.jpeg 768w, https:\/\/noticiaempauta.com\/portal\/wp-content\/uploads\/2024\/12\/IMG_7414.jpeg 1170w\" sizes=\"(max-width: 1024px) 100vw, 1024px\" \/><\/figure>\n\n\n\n<p>&#8220;Esses encontros s\u00e3o fundamentais para estreitar o di\u00e1logo entre os munic\u00edpios e o governo do estado, garantindo que as necessidades das nossas cidades sejam atendidas de forma c\u00e9lere e eficiente. Continuaremos trabalhando para assegurar recursos e avan\u00e7os para os piauienses&#8221;, declarou o parlamentar.<\/p>\n\n\n\n<p>As audi\u00eancias demonstram a for\u00e7a pol\u00edtica de Dr. Thales Coelho e sua capacidade de articula\u00e7\u00e3o em prol do progresso das cidades que representa. O alinhamento com o governo estadual refor\u00e7a o compromisso do deputado em trabalhar por um Piau\u00ed mais desenvolvido e justo para todos.<\/p>\n\n\n\n<p>Ascom<\/p>\n","protected":false},"excerpt":{"rendered":"<p>As reuni\u00f5es estreitam os la\u00e7os do Pal\u00e1cio de Karnak com os munic\u00edpios.<\/p>\n","protected":false},"author":2,"featured_media":265300,"comment_status":"open","ping_status":"open","sticky":false,"template":"","format":"standard","meta":{"_mi_skip_tracking":false,"footnotes":""},"categories":[25,1,3,16],"tags":[],"class_list":["post-265299","post","type-post","status-publish","format-standard","has-post-thumbnail","hentry","category-destaques-site","category-geral","category-politica","category-todas"],"acf":[],"yoast_head":"<!-- This site is optimized with the Yoast SEO Premium plugin v19.2 (Yoast SEO v26.9) - https:\/\/yoast.com\/product\/yoast-seo-premium-wordpress\/ -->\n<title>Deputado Thales Coelho articula audi\u00eancias de prefeitos com o Governador Rafael Fonteles - Portal Not\u00edcia em Pauta<\/title>\n<meta name=\"robots\" content=\"index, follow, max-snippet:-1, max-image-preview:large, max-video-preview:-1\" \/>\n<link rel=\"canonical\" href=\"https:\/\/noticiaempauta.com\/portal\/deputado-thales-coelho-articula-audiencias-de-prefeitos-com-o-governador-rafael-fonteles\/\" \/>\n<meta property=\"og:locale\" content=\"pt_BR\" \/>\n<meta property=\"og:type\" content=\"article\" \/>\n<meta property=\"og:title\" content=\"Deputado Thales Coelho articula audi\u00eancias de prefeitos com o Governador Rafael Fonteles\" \/>\n<meta property=\"og:description\" content=\"As reuni\u00f5es estreitam os la\u00e7os do Pal\u00e1cio de Karnak com os munic\u00edpios.\" \/>\n<meta property=\"og:url\" content=\"https:\/\/noticiaempauta.com\/portal\/deputado-thales-coelho-articula-audiencias-de-prefeitos-com-o-governador-rafael-fonteles\/\" \/>\n<meta property=\"og:site_name\" content=\"Portal Not\u00edcia em Pauta\" \/>\n<meta property=\"article:publisher\" content=\"https:\/\/www.facebook.com\/Portal-Notcia-Em-Pauta-102292869264820\/\" \/>\n<meta property=\"article:published_time\" content=\"2024-12-13T19:16:04+00:00\" \/>\n<meta property=\"article:modified_time\" content=\"2024-12-13T19:16:05+00:00\" \/>\n<meta property=\"og:image\" content=\"https:\/\/noticiaempauta.com\/portal\/wp-content\/uploads\/2024\/12\/fcd037a7-a3f9-49bc-84c3-3e96a90341dd.jpeg\" \/>\n\t<meta property=\"og:image:width\" content=\"1440\" \/>\n\t<meta property=\"og:image:height\" content=\"962\" \/>\n\t<meta property=\"og:image:type\" content=\"image\/jpeg\" \/>\n<meta name=\"author\" content=\"Reda\u00e7\u00e3o\" \/>\n<meta name=\"twitter:card\" content=\"summary_large_image\" \/>\n<meta name=\"twitter:label1\" content=\"Escrito por\" \/>\n\t<meta name=\"twitter:data1\" content=\"Reda\u00e7\u00e3o\" \/>\n\t<meta name=\"twitter:label2\" content=\"Est. tempo de leitura\" \/>\n\t<meta name=\"twitter:data2\" content=\"3 minutos\" \/>\n<script type=\"application\/ld+json\" class=\"yoast-schema-graph\">{\"@context\":\"https:\/\/schema.org\",\"@graph\":[{\"@type\":\"Article\",\"@id\":\"https:\/\/noticiaempauta.com\/portal\/deputado-thales-coelho-articula-audiencias-de-prefeitos-com-o-governador-rafael-fonteles\/#article\",\"isPartOf\":{\"@id\":\"https:\/\/noticiaempauta.com\/portal\/deputado-thales-coelho-articula-audiencias-de-prefeitos-com-o-governador-rafael-fonteles\/\"},\"author\":{\"name\":\"Reda\u00e7\u00e3o\",\"@id\":\"https:\/\/noticiaempauta.com\/portal\/#\/schema\/person\/a74af43dd1ab3deca45f988c717d57ac\"},\"headline\":\"Deputado Thales Coelho articula audi\u00eancias de prefeitos com o Governador Rafael Fonteles\",\"datePublished\":\"2024-12-13T19:16:04+00:00\",\"dateModified\":\"2024-12-13T19:16:05+00:00\",\"mainEntityOfPage\":{\"@id\":\"https:\/\/noticiaempauta.com\/portal\/deputado-thales-coelho-articula-audiencias-de-prefeitos-com-o-governador-rafael-fonteles\/\"},\"wordCount\":282,\"commentCount\":0,\"publisher\":{\"@id\":\"https:\/\/noticiaempauta.com\/portal\/#organization\"},\"image\":{\"@id\":\"https:\/\/noticiaempauta.com\/portal\/deputado-thales-coelho-articula-audiencias-de-prefeitos-com-o-governador-rafael-fonteles\/#primaryimage\"},\"thumbnailUrl\":\"https:\/\/noticiaempauta.com\/portal\/wp-content\/uploads\/2024\/12\/fcd037a7-a3f9-49bc-84c3-3e96a90341dd.jpeg\",\"articleSection\":[\"Destaques\",\"Geral\",\"Pol\u00edtica\",\"Todas as Not\u00edcias\"],\"inLanguage\":\"pt-BR\",\"potentialAction\":[{\"@type\":\"CommentAction\",\"name\":\"Comment\",\"target\":[\"https:\/\/noticiaempauta.com\/portal\/deputado-thales-coelho-articula-audiencias-de-prefeitos-com-o-governador-rafael-fonteles\/#respond\"]}]},{\"@type\":\"WebPage\",\"@id\":\"https:\/\/noticiaempauta.com\/portal\/deputado-thales-coelho-articula-audiencias-de-prefeitos-com-o-governador-rafael-fonteles\/\",\"url\":\"https:\/\/noticiaempauta.com\/portal\/deputado-thales-coelho-articula-audiencias-de-prefeitos-com-o-governador-rafael-fonteles\/\",\"name\":\"Deputado Thales Coelho articula audi\u00eancias de prefeitos com o Governador Rafael Fonteles - Portal Not\u00edcia em Pauta\",\"isPartOf\":{\"@id\":\"https:\/\/noticiaempauta.com\/portal\/#website\"},\"primaryImageOfPage\":{\"@id\":\"https:\/\/noticiaempauta.com\/portal\/deputado-thales-coelho-articula-audiencias-de-prefeitos-com-o-governador-rafael-fonteles\/#primaryimage\"},\"image\":{\"@id\":\"https:\/\/noticiaempauta.com\/portal\/deputado-thales-coelho-articula-audiencias-de-prefeitos-com-o-governador-rafael-fonteles\/#primaryimage\"},\"thumbnailUrl\":\"https:\/\/noticiaempauta.com\/portal\/wp-content\/uploads\/2024\/12\/fcd037a7-a3f9-49bc-84c3-3e96a90341dd.jpeg\",\"datePublished\":\"2024-12-13T19:16:04+00:00\",\"dateModified\":\"2024-12-13T19:16:05+00:00\",\"breadcrumb\":{\"@id\":\"https:\/\/noticiaempauta.com\/portal\/deputado-thales-coelho-articula-audiencias-de-prefeitos-com-o-governador-rafael-fonteles\/#breadcrumb\"},\"inLanguage\":\"pt-BR\",\"potentialAction\":[{\"@type\":\"ReadAction\",\"target\":[\"https:\/\/noticiaempauta.com\/portal\/deputado-thales-coelho-articula-audiencias-de-prefeitos-com-o-governador-rafael-fonteles\/\"]}]},{\"@type\":\"ImageObject\",\"inLanguage\":\"pt-BR\",\"@id\":\"https:\/\/noticiaempauta.com\/portal\/deputado-thales-coelho-articula-audiencias-de-prefeitos-com-o-governador-rafael-fonteles\/#primaryimage\",\"url\":\"https:\/\/noticiaempauta.com\/portal\/wp-content\/uploads\/2024\/12\/fcd037a7-a3f9-49bc-84c3-3e96a90341dd.jpeg\",\"contentUrl\":\"https:\/\/noticiaempauta.com\/portal\/wp-content\/uploads\/2024\/12\/fcd037a7-a3f9-49bc-84c3-3e96a90341dd.jpeg\",\"width\":1440,\"height\":962},{\"@type\":\"BreadcrumbList\",\"@id\":\"https:\/\/noticiaempauta.com\/portal\/deputado-thales-coelho-articula-audiencias-de-prefeitos-com-o-governador-rafael-fonteles\/#breadcrumb\",\"itemListElement\":[{\"@type\":\"ListItem\",\"position\":1,\"name\":\"P\u00e1gina Inicial\",\"item\":\"https:\/\/noticiaempauta.com\/portal\/\"},{\"@type\":\"ListItem\",\"position\":2,\"name\":\"Destaques\",\"item\":\"https:\/\/noticiaempauta.com\/portal\/destaques-site\/\"},{\"@type\":\"ListItem\",\"position\":3,\"name\":\"Deputado Thales Coelho articula audi\u00eancias de prefeitos com o Governador Rafael Fonteles\"}]},{\"@type\":\"WebSite\",\"@id\":\"https:\/\/noticiaempauta.com\/portal\/#website\",\"url\":\"https:\/\/noticiaempauta.com\/portal\/\",\"name\":\"Portal Not\u00edcia em Pauta\",\"description\":\"Voc\u00ea bem informado\",\"publisher\":{\"@id\":\"https:\/\/noticiaempauta.com\/portal\/#organization\"},\"potentialAction\":[{\"@type\":\"SearchAction\",\"target\":{\"@type\":\"EntryPoint\",\"urlTemplate\":\"https:\/\/noticiaempauta.com\/portal\/?s={search_term_string}\"},\"query-input\":{\"@type\":\"PropertyValueSpecification\",\"valueRequired\":true,\"valueName\":\"search_term_string\"}}],\"inLanguage\":\"pt-BR\"},{\"@type\":\"Organization\",\"@id\":\"https:\/\/noticiaempauta.com\/portal\/#organization\",\"name\":\"Portal Not\u00edcia em Pauta\",\"url\":\"https:\/\/noticiaempauta.com\/portal\/\",\"logo\":{\"@type\":\"ImageObject\",\"inLanguage\":\"pt-BR\",\"@id\":\"https:\/\/noticiaempauta.com\/portal\/#\/schema\/logo\/image\/\",\"url\":\"https:\/\/noticiaempauta.com\/portal\/wp-content\/uploads\/2022\/08\/logomarca_tema.fw_.png\",\"contentUrl\":\"https:\/\/noticiaempauta.com\/portal\/wp-content\/uploads\/2022\/08\/logomarca_tema.fw_.png\",\"width\":400,\"height\":232,\"caption\":\"Portal Not\u00edcia em Pauta\"},\"image\":{\"@id\":\"https:\/\/noticiaempauta.com\/portal\/#\/schema\/logo\/image\/\"},\"sameAs\":[\"https:\/\/www.facebook.com\/Portal-Notcia-Em-Pauta-102292869264820\/\",\"https:\/\/www.instagram.com\/portalnoticiaempauta\/\"]},{\"@type\":\"Person\",\"@id\":\"https:\/\/noticiaempauta.com\/portal\/#\/schema\/person\/a74af43dd1ab3deca45f988c717d57ac\",\"name\":\"Reda\u00e7\u00e3o\",\"image\":{\"@type\":\"ImageObject\",\"inLanguage\":\"pt-BR\",\"@id\":\"https:\/\/noticiaempauta.com\/portal\/#\/schema\/person\/image\/\",\"url\":\"https:\/\/secure.gravatar.com\/avatar\/03179346ecce6cdfc13361603e8f54242a90e5cde8618fa23c5c00aa2b0aadf3?s=96&d=mm&r=g\",\"contentUrl\":\"https:\/\/secure.gravatar.com\/avatar\/03179346ecce6cdfc13361603e8f54242a90e5cde8618fa23c5c00aa2b0aadf3?s=96&d=mm&r=g\",\"caption\":\"Reda\u00e7\u00e3o\"},\"sameAs\":[\"https:\/\/noticiaempauta.com\/portal\/\"],\"url\":\"https:\/\/noticiaempauta.com\/portal\/author\/fernando\/\"}]}<\/script>\n<!-- \/ Yoast SEO Premium plugin. -->","yoast_head_json":{"title":"Deputado Thales Coelho articula audi\u00eancias de prefeitos com o Governador Rafael Fonteles - Portal Not\u00edcia em Pauta","robots":{"index":"index","follow":"follow","max-snippet":"max-snippet:-1","max-image-preview":"max-image-preview:large","max-video-preview":"max-video-preview:-1"},"canonical":"https:\/\/noticiaempauta.com\/portal\/deputado-thales-coelho-articula-audiencias-de-prefeitos-com-o-governador-rafael-fonteles\/","og_locale":"pt_BR","og_type":"article","og_title":"Deputado Thales Coelho articula audi\u00eancias de prefeitos com o Governador Rafael Fonteles","og_description":"As reuni\u00f5es estreitam os la\u00e7os do Pal\u00e1cio de Karnak com os munic\u00edpios.","og_url":"https:\/\/noticiaempauta.com\/portal\/deputado-thales-coelho-articula-audiencias-de-prefeitos-com-o-governador-rafael-fonteles\/","og_site_name":"Portal Not\u00edcia em Pauta","article_publisher":"https:\/\/www.facebook.com\/Portal-Notcia-Em-Pauta-102292869264820\/","article_published_time":"2024-12-13T19:16:04+00:00","article_modified_time":"2024-12-13T19:16:05+00:00","og_image":[{"width":1440,"height":962,"url":"https:\/\/noticiaempauta.com\/portal\/wp-content\/uploads\/2024\/12\/fcd037a7-a3f9-49bc-84c3-3e96a90341dd.jpeg","type":"image\/jpeg"}],"author":"Reda\u00e7\u00e3o","twitter_card":"summary_large_image","twitter_misc":{"Escrito por":"Reda\u00e7\u00e3o","Est. tempo de leitura":"3 minutos"},"schema":{"@context":"https:\/\/schema.org","@graph":[{"@type":"Article","@id":"https:\/\/noticiaempauta.com\/portal\/deputado-thales-coelho-articula-audiencias-de-prefeitos-com-o-governador-rafael-fonteles\/#article","isPartOf":{"@id":"https:\/\/noticiaempauta.com\/portal\/deputado-thales-coelho-articula-audiencias-de-prefeitos-com-o-governador-rafael-fonteles\/"},"author":{"name":"Reda\u00e7\u00e3o","@id":"https:\/\/noticiaempauta.com\/portal\/#\/schema\/person\/a74af43dd1ab3deca45f988c717d57ac"},"headline":"Deputado Thales Coelho articula audi\u00eancias de prefeitos com o Governador Rafael Fonteles","datePublished":"2024-12-13T19:16:04+00:00","dateModified":"2024-12-13T19:16:05+00:00","mainEntityOfPage":{"@id":"https:\/\/noticiaempauta.com\/portal\/deputado-thales-coelho-articula-audiencias-de-prefeitos-com-o-governador-rafael-fonteles\/"},"wordCount":282,"commentCount":0,"publisher":{"@id":"https:\/\/noticiaempauta.com\/portal\/#organization"},"image":{"@id":"https:\/\/noticiaempauta.com\/portal\/deputado-thales-coelho-articula-audiencias-de-prefeitos-com-o-governador-rafael-fonteles\/#primaryimage"},"thumbnailUrl":"https:\/\/noticiaempauta.com\/portal\/wp-content\/uploads\/2024\/12\/fcd037a7-a3f9-49bc-84c3-3e96a90341dd.jpeg","articleSection":["Destaques","Geral","Pol\u00edtica","Todas as Not\u00edcias"],"inLanguage":"pt-BR","potentialAction":[{"@type":"CommentAction","name":"Comment","target":["https:\/\/noticiaempauta.com\/portal\/deputado-thales-coelho-articula-audiencias-de-prefeitos-com-o-governador-rafael-fonteles\/#respond"]}]},{"@type":"WebPage","@id":"https:\/\/noticiaempauta.com\/portal\/deputado-thales-coelho-articula-audiencias-de-prefeitos-com-o-governador-rafael-fonteles\/","url":"https:\/\/noticiaempauta.com\/portal\/deputado-thales-coelho-articula-audiencias-de-prefeitos-com-o-governador-rafael-fonteles\/","name":"Deputado Thales Coelho articula audi\u00eancias de prefeitos com o Governador Rafael Fonteles - Portal Not\u00edcia em Pauta","isPartOf":{"@id":"https:\/\/noticiaempauta.com\/portal\/#website"},"primaryImageOfPage":{"@id":"https:\/\/noticiaempauta.com\/portal\/deputado-thales-coelho-articula-audiencias-de-prefeitos-com-o-governador-rafael-fonteles\/#primaryimage"},"image":{"@id":"https:\/\/noticiaempauta.com\/portal\/deputado-thales-coelho-articula-audiencias-de-prefeitos-com-o-governador-rafael-fonteles\/#primaryimage"},"thumbnailUrl":"https:\/\/noticiaempauta.com\/portal\/wp-content\/uploads\/2024\/12\/fcd037a7-a3f9-49bc-84c3-3e96a90341dd.jpeg","datePublished":"2024-12-13T19:16:04+00:00","dateModified":"2024-12-13T19:16:05+00:00","breadcrumb":{"@id":"https:\/\/noticiaempauta.com\/portal\/deputado-thales-coelho-articula-audiencias-de-prefeitos-com-o-governador-rafael-fonteles\/#breadcrumb"},"inLanguage":"pt-BR","potentialAction":[{"@type":"ReadAction","target":["https:\/\/noticiaempauta.com\/portal\/deputado-thales-coelho-articula-audiencias-de-prefeitos-com-o-governador-rafael-fonteles\/"]}]},{"@type":"ImageObject","inLanguage":"pt-BR","@id":"https:\/\/noticiaempauta.com\/portal\/deputado-thales-coelho-articula-audiencias-de-prefeitos-com-o-governador-rafael-fonteles\/#primaryimage","url":"https:\/\/noticiaempauta.com\/portal\/wp-content\/uploads\/2024\/12\/fcd037a7-a3f9-49bc-84c3-3e96a90341dd.jpeg","contentUrl":"https:\/\/noticiaempauta.com\/portal\/wp-content\/uploads\/2024\/12\/fcd037a7-a3f9-49bc-84c3-3e96a90341dd.jpeg","width":1440,"height":962},{"@type":"BreadcrumbList","@id":"https:\/\/noticiaempauta.com\/portal\/deputado-thales-coelho-articula-audiencias-de-prefeitos-com-o-governador-rafael-fonteles\/#breadcrumb","itemListElement":[{"@type":"ListItem","position":1,"name":"P\u00e1gina Inicial","item":"https:\/\/noticiaempauta.com\/portal\/"},{"@type":"ListItem","position":2,"name":"Destaques","item":"https:\/\/noticiaempauta.com\/portal\/destaques-site\/"},{"@type":"ListItem","position":3,"name":"Deputado Thales Coelho articula audi\u00eancias de prefeitos com o Governador Rafael Fonteles"}]},{"@type":"WebSite","@id":"https:\/\/noticiaempauta.com\/portal\/#website","url":"https:\/\/noticiaempauta.com\/portal\/","name":"Portal Not\u00edcia em Pauta","description":"Voc\u00ea bem informado","publisher":{"@id":"https:\/\/noticiaempauta.com\/portal\/#organization"},"potentialAction":[{"@type":"SearchAction","target":{"@type":"EntryPoint","urlTemplate":"https:\/\/noticiaempauta.com\/portal\/?s={search_term_string}"},"query-input":{"@type":"PropertyValueSpecification","valueRequired":true,"valueName":"search_term_string"}}],"inLanguage":"pt-BR"},{"@type":"Organization","@id":"https:\/\/noticiaempauta.com\/portal\/#organization","name":"Portal Not\u00edcia em Pauta","url":"https:\/\/noticiaempauta.com\/portal\/","logo":{"@type":"ImageObject","inLanguage":"pt-BR","@id":"https:\/\/noticiaempauta.com\/portal\/#\/schema\/logo\/image\/","url":"https:\/\/noticiaempauta.com\/portal\/wp-content\/uploads\/2022\/08\/logomarca_tema.fw_.png","contentUrl":"https:\/\/noticiaempauta.com\/portal\/wp-content\/uploads\/2022\/08\/logomarca_tema.fw_.png","width":400,"height":232,"caption":"Portal Not\u00edcia em Pauta"},"image":{"@id":"https:\/\/noticiaempauta.com\/portal\/#\/schema\/logo\/image\/"},"sameAs":["https:\/\/www.facebook.com\/Portal-Notcia-Em-Pauta-102292869264820\/","https:\/\/www.instagram.com\/portalnoticiaempauta\/"]},{"@type":"Person","@id":"https:\/\/noticiaempauta.com\/portal\/#\/schema\/person\/a74af43dd1ab3deca45f988c717d57ac","name":"Reda\u00e7\u00e3o","image":{"@type":"ImageObject","inLanguage":"pt-BR","@id":"https:\/\/noticiaempauta.com\/portal\/#\/schema\/person\/image\/","url":"https:\/\/secure.gravatar.com\/avatar\/03179346ecce6cdfc13361603e8f54242a90e5cde8618fa23c5c00aa2b0aadf3?s=96&d=mm&r=g","contentUrl":"https:\/\/secure.gravatar.com\/avatar\/03179346ecce6cdfc13361603e8f54242a90e5cde8618fa23c5c00aa2b0aadf3?s=96&d=mm&r=g","caption":"Reda\u00e7\u00e3o"},"sameAs":["https:\/\/noticiaempauta.com\/portal\/"],"url":"https:\/\/noticiaempauta.com\/portal\/author\/fernando\/"}]}},"_links":{"self":[{"href":"https:\/\/noticiaempauta.com\/portal\/wp-json\/wp\/v2\/posts\/265299","targetHints":{"allow":["GET"]}}],"collection":[{"href":"https:\/\/noticiaempauta.com\/portal\/wp-json\/wp\/v2\/posts"}],"about":[{"href":"https:\/\/noticiaempauta.com\/portal\/wp-json\/wp\/v2\/types\/post"}],"author":[{"embeddable":true,"href":"https:\/\/noticiaempauta.com\/portal\/wp-json\/wp\/v2\/users\/2"}],"replies":[{"embeddable":true,"href":"https:\/\/noticiaempauta.com\/portal\/wp-json\/wp\/v2\/comments?post=265299"}],"version-history":[{"count":1,"href":"https:\/\/noticiaempauta.com\/portal\/wp-json\/wp\/v2\/posts\/265299\/revisions"}],"predecessor-version":[{"id":265306,"href":"https:\/\/noticiaempauta.com\/portal\/wp-json\/wp\/v2\/posts\/265299\/revisions\/265306"}],"wp:featuredmedia":[{"embeddable":true,"href":"https:\/\/noticiaempauta.com\/portal\/wp-json\/wp\/v2\/media\/265300"}],"wp:attachment":[{"href":"https:\/\/noticiaempauta.com\/portal\/wp-json\/wp\/v2\/media?parent=265299"}],"wp:term":[{"taxonomy":"category","embeddable":true,"href":"https:\/\/noticiaempauta.com\/portal\/wp-json\/wp\/v2\/categories?post=265299"},{"taxonomy":"post_tag","embeddable":true,"href":"https:\/\/noticiaempauta.com\/portal\/wp-json\/wp\/v2\/tags?post=265299"}],"curies":[{"name":"wp","href":"https:\/\/api.w.org\/{rel}","templated":true}]}}