{"id":265307,"date":"2024-12-14T06:31:20","date_gmt":"2024-12-14T09:31:20","guid":{"rendered":"https:\/\/noticiaempauta.com\/portal\/?p=265307"},"modified":"2024-12-14T06:31:21","modified_gmt":"2024-12-14T09:31:21","slug":"justica-eleitoral-diploma-marciano-macedo-e-zenio-neves-prefeito-e-vice-prefeito-de-aroeiras-do-itaim","status":"publish","type":"post","link":"https:\/\/noticiaempauta.com\/portal\/justica-eleitoral-diploma-marciano-macedo-e-zenio-neves-prefeito-e-vice-prefeito-de-aroeiras-do-itaim\/","title":{"rendered":"Justi\u00e7a eleitoral diploma Marciano Macedo e Z\u00eanio Neves, prefeito e vice-prefeito de Aroeiras do Itaim"},"content":{"rendered":"\n<p>Em solenidade realizada na noite desta sexta-feira, 13 de dezembro, no Audit\u00f3rio do F\u00f3rum da Comarca de Picos, o empres\u00e1rio Marciano Macedo (PSD) e o ex-vereador Z\u00eanio Neves (PSD), eleitos prefeito e vice-prefeito de Aroeiras do Itaim-PI, foram oficialmente diplomados pela Justi\u00e7a Eleitoral.<\/p>\n\n\n\n<figure class=\"wp-block-image size-large\"><img fetchpriority=\"high\" decoding=\"async\" width=\"1024\" height=\"683\" src=\"https:\/\/noticiaempauta.com\/portal\/wp-content\/uploads\/2024\/12\/IMG_6895-1024x683.jpg\" alt=\"\" class=\"wp-image-265309\" srcset=\"https:\/\/noticiaempauta.com\/portal\/wp-content\/uploads\/2024\/12\/IMG_6895-1024x683.jpg 1024w, https:\/\/noticiaempauta.com\/portal\/wp-content\/uploads\/2024\/12\/IMG_6895-300x200.jpg 300w, https:\/\/noticiaempauta.com\/portal\/wp-content\/uploads\/2024\/12\/IMG_6895-768x512.jpg 768w, https:\/\/noticiaempauta.com\/portal\/wp-content\/uploads\/2024\/12\/IMG_6895.jpg 1200w\" sizes=\"(max-width: 1024px) 100vw, 1024px\" \/><\/figure>\n\n\n\n<p>Presidida pelo Juiz Dr. Adelmar de Sousa Martins, titular da 10\u00aa Zona Eleitoral, e com a presen\u00e7a do Desembargador Agrimar Rodrigues e serventu\u00e1rios da 10\u00ba zona, a solenidade oficializa que os eleitos e devidamente diplomados, est\u00e3o aptos a exercer seus mandatos a partir de 1\u00ba de janeiro de 2025.<\/p>\n\n\n\n<figure class=\"wp-block-image size-large\"><img decoding=\"async\" width=\"1024\" height=\"683\" src=\"https:\/\/noticiaempauta.com\/portal\/wp-content\/uploads\/2024\/12\/IMG_6890-1024x683.jpg\" alt=\"\" class=\"wp-image-265310\" srcset=\"https:\/\/noticiaempauta.com\/portal\/wp-content\/uploads\/2024\/12\/IMG_6890-1024x683.jpg 1024w, https:\/\/noticiaempauta.com\/portal\/wp-content\/uploads\/2024\/12\/IMG_6890-300x200.jpg 300w, https:\/\/noticiaempauta.com\/portal\/wp-content\/uploads\/2024\/12\/IMG_6890-768x512.jpg 768w, https:\/\/noticiaempauta.com\/portal\/wp-content\/uploads\/2024\/12\/IMG_6890.jpg 1200w\" sizes=\"(max-width: 1024px) 100vw, 1024px\" \/><\/figure>\n\n\n\n<figure class=\"wp-block-image size-large\"><img decoding=\"async\" width=\"1024\" height=\"683\" src=\"https:\/\/noticiaempauta.com\/portal\/wp-content\/uploads\/2024\/12\/IMG_6980-1024x683.jpg\" alt=\"\" class=\"wp-image-265308\" srcset=\"https:\/\/noticiaempauta.com\/portal\/wp-content\/uploads\/2024\/12\/IMG_6980-1024x683.jpg 1024w, https:\/\/noticiaempauta.com\/portal\/wp-content\/uploads\/2024\/12\/IMG_6980-300x200.jpg 300w, https:\/\/noticiaempauta.com\/portal\/wp-content\/uploads\/2024\/12\/IMG_6980-768x512.jpg 768w, https:\/\/noticiaempauta.com\/portal\/wp-content\/uploads\/2024\/12\/IMG_6980.jpg 1200w\" sizes=\"(max-width: 1024px) 100vw, 1024px\" \/><\/figure>\n\n\n\n<p>Na oportunidade lideran\u00e7as locais, familiares e apoiadores dos eleitos, estiveram presentes para celebrar o momento hist\u00f3rico para a pol\u00edtica do munic\u00edpio.<\/p>\n\n\n\n<figure class=\"wp-block-image size-large\"><img loading=\"lazy\" decoding=\"async\" width=\"1024\" height=\"683\" src=\"https:\/\/noticiaempauta.com\/portal\/wp-content\/uploads\/2024\/12\/IMG_6884-1024x683.jpg\" alt=\"\" class=\"wp-image-265311\" srcset=\"https:\/\/noticiaempauta.com\/portal\/wp-content\/uploads\/2024\/12\/IMG_6884-1024x683.jpg 1024w, https:\/\/noticiaempauta.com\/portal\/wp-content\/uploads\/2024\/12\/IMG_6884-300x200.jpg 300w, https:\/\/noticiaempauta.com\/portal\/wp-content\/uploads\/2024\/12\/IMG_6884-768x512.jpg 768w, https:\/\/noticiaempauta.com\/portal\/wp-content\/uploads\/2024\/12\/IMG_6884.jpg 1200w\" sizes=\"(max-width: 1024px) 100vw, 1024px\" \/><\/figure>\n\n\n\n<figure class=\"wp-block-image size-large\"><img loading=\"lazy\" decoding=\"async\" width=\"1024\" height=\"683\" src=\"https:\/\/noticiaempauta.com\/portal\/wp-content\/uploads\/2024\/12\/IMG_6951-1024x683.jpg\" alt=\"\" class=\"wp-image-265314\" srcset=\"https:\/\/noticiaempauta.com\/portal\/wp-content\/uploads\/2024\/12\/IMG_6951-1024x683.jpg 1024w, https:\/\/noticiaempauta.com\/portal\/wp-content\/uploads\/2024\/12\/IMG_6951-300x200.jpg 300w, https:\/\/noticiaempauta.com\/portal\/wp-content\/uploads\/2024\/12\/IMG_6951-768x512.jpg 768w, https:\/\/noticiaempauta.com\/portal\/wp-content\/uploads\/2024\/12\/IMG_6951.jpg 1200w\" sizes=\"(max-width: 1024px) 100vw, 1024px\" \/><\/figure>\n\n\n\n<p>Durante seu pronunciamento Marciano Macedo, agradeceu a todos os votos obtidos na \u00faltima elei\u00e7\u00e3o, oportunidade em que tamb\u00e9m pontuou as primeiras a\u00e7\u00f5es a serem implantadas na sua futura gest\u00e3o a partir de janeiro de 2025, a exemplo da sa\u00fade que ter\u00e1 toda uma aten\u00e7\u00e3o especial, sobretudo com a miss\u00e3o de implantar o servi\u00e7o de atendimento m\u00e9dico todos os dias no munic\u00edpio, al\u00e9m de adotar solu\u00e7\u00f5es quanto a situa\u00e7\u00e3o h\u00eddrica, que ocasiona problema hist\u00f3rico de abastecimento de \u00e1gua na zona rural do munic\u00edpio, reafirmando seu compromisso em mudar a realidade de Aroeiras do Itaim.<\/p>\n\n\n\n<figure class=\"wp-block-image size-large\"><img loading=\"lazy\" decoding=\"async\" width=\"1024\" height=\"683\" src=\"https:\/\/noticiaempauta.com\/portal\/wp-content\/uploads\/2024\/12\/IMG_6864-1024x683.jpg\" alt=\"\" class=\"wp-image-265315\" srcset=\"https:\/\/noticiaempauta.com\/portal\/wp-content\/uploads\/2024\/12\/IMG_6864-1024x683.jpg 1024w, https:\/\/noticiaempauta.com\/portal\/wp-content\/uploads\/2024\/12\/IMG_6864-300x200.jpg 300w, https:\/\/noticiaempauta.com\/portal\/wp-content\/uploads\/2024\/12\/IMG_6864-768x512.jpg 768w, https:\/\/noticiaempauta.com\/portal\/wp-content\/uploads\/2024\/12\/IMG_6864.jpg 1200w\" sizes=\"(max-width: 1024px) 100vw, 1024px\" \/><\/figure>\n\n\n\n<p>Z\u00eanio Neves, eleito vice-prefeito, ressaltou que o momento \u00e9 hist\u00f3rico, desejado h\u00e1 bastante tempo, pois  sua luta na pol\u00edtica j\u00e1 vem de muito tempo, tendo juntamente com Marciano Macedo conseguido vencer as elei\u00e7\u00f5es municipais e levar esperan\u00e7a a popula\u00e7\u00e3o de Aroeiras do Itaim, estando pronto para constribuir ainda mais com melhorias para o munic\u00edpio.<\/p>\n\n\n\n<figure class=\"wp-block-image size-large\"><img loading=\"lazy\" decoding=\"async\" width=\"1024\" height=\"683\" src=\"https:\/\/noticiaempauta.com\/portal\/wp-content\/uploads\/2024\/12\/IMG_6976-1024x683.jpg\" alt=\"\" class=\"wp-image-265312\" srcset=\"https:\/\/noticiaempauta.com\/portal\/wp-content\/uploads\/2024\/12\/IMG_6976-1024x683.jpg 1024w, https:\/\/noticiaempauta.com\/portal\/wp-content\/uploads\/2024\/12\/IMG_6976-300x200.jpg 300w, https:\/\/noticiaempauta.com\/portal\/wp-content\/uploads\/2024\/12\/IMG_6976-768x512.jpg 768w, https:\/\/noticiaempauta.com\/portal\/wp-content\/uploads\/2024\/12\/IMG_6976.jpg 1200w\" sizes=\"(max-width: 1024px) 100vw, 1024px\" \/><\/figure>\n\n\n\n<p>Al\u00e9m de Marciano Macedo e Z\u00eanio Neves, foram diplomados os nove vereadores eleitos que ir\u00e3o compor a C\u00e2mara Municipal de Aroeiras do Itaim a partir de 2025, sendo eles; Zenim, Mam\u00f4, Manim de Silvia, Lucielton, Louro Pio, Zoneide Macedo, Chagas, Z\u00e9 Galego, Chico de Mundico. Suplentes diplomados: Gerson Moura (MDB), Justino Holanda (PSD), Oliveira (PSD) e Edilson Teixeira (PT).<\/p>\n\n\n\n<figure class=\"wp-block-image size-large\"><img loading=\"lazy\" decoding=\"async\" width=\"1024\" height=\"683\" src=\"https:\/\/noticiaempauta.com\/portal\/wp-content\/uploads\/2024\/12\/IMG_6972-1024x683.jpg\" alt=\"\" class=\"wp-image-265313\" srcset=\"https:\/\/noticiaempauta.com\/portal\/wp-content\/uploads\/2024\/12\/IMG_6972-1024x683.jpg 1024w, https:\/\/noticiaempauta.com\/portal\/wp-content\/uploads\/2024\/12\/IMG_6972-300x200.jpg 300w, https:\/\/noticiaempauta.com\/portal\/wp-content\/uploads\/2024\/12\/IMG_6972-768x512.jpg 768w, https:\/\/noticiaempauta.com\/portal\/wp-content\/uploads\/2024\/12\/IMG_6972.jpg 1200w\" sizes=\"(max-width: 1024px) 100vw, 1024px\" \/><\/figure>\n\n\n\n<p>Em elei\u00e7\u00e3o hist\u00f3rica Marciano Macedo e Z\u00eanio Neves foram eleitos com 2.211 votos, vencendo o grupo da situa\u00e7\u00e3o que h\u00e1 duas d\u00e9cadas vinha a frente no comando do munic\u00edpio.<\/p>\n\n\n\n<figure class=\"wp-block-image size-large\"><img loading=\"lazy\" decoding=\"async\" width=\"1024\" height=\"683\" src=\"https:\/\/noticiaempauta.com\/portal\/wp-content\/uploads\/2024\/12\/IMG_6876-1024x683.jpg\" alt=\"\" class=\"wp-image-265316\" srcset=\"https:\/\/noticiaempauta.com\/portal\/wp-content\/uploads\/2024\/12\/IMG_6876-1024x683.jpg 1024w, https:\/\/noticiaempauta.com\/portal\/wp-content\/uploads\/2024\/12\/IMG_6876-300x200.jpg 300w, https:\/\/noticiaempauta.com\/portal\/wp-content\/uploads\/2024\/12\/IMG_6876-768x512.jpg 768w, https:\/\/noticiaempauta.com\/portal\/wp-content\/uploads\/2024\/12\/IMG_6876.jpg 1200w\" sizes=\"(max-width: 1024px) 100vw, 1024px\" \/><\/figure>\n\n\n\n<figure class=\"wp-block-image size-large\"><img loading=\"lazy\" decoding=\"async\" width=\"1024\" height=\"683\" src=\"https:\/\/noticiaempauta.com\/portal\/wp-content\/uploads\/2024\/12\/IMG_6922-1024x683.jpg\" alt=\"\" class=\"wp-image-265317\" srcset=\"https:\/\/noticiaempauta.com\/portal\/wp-content\/uploads\/2024\/12\/IMG_6922-1024x683.jpg 1024w, https:\/\/noticiaempauta.com\/portal\/wp-content\/uploads\/2024\/12\/IMG_6922-300x200.jpg 300w, https:\/\/noticiaempauta.com\/portal\/wp-content\/uploads\/2024\/12\/IMG_6922-768x512.jpg 768w, https:\/\/noticiaempauta.com\/portal\/wp-content\/uploads\/2024\/12\/IMG_6922.jpg 1200w\" sizes=\"(max-width: 1024px) 100vw, 1024px\" \/><\/figure>\n\n\n\n<figure class=\"wp-block-image size-large\"><img loading=\"lazy\" decoding=\"async\" width=\"1024\" height=\"683\" src=\"https:\/\/noticiaempauta.com\/portal\/wp-content\/uploads\/2024\/12\/IMG_6920-1024x683.jpg\" alt=\"\" class=\"wp-image-265318\" srcset=\"https:\/\/noticiaempauta.com\/portal\/wp-content\/uploads\/2024\/12\/IMG_6920-1024x683.jpg 1024w, https:\/\/noticiaempauta.com\/portal\/wp-content\/uploads\/2024\/12\/IMG_6920-300x200.jpg 300w, https:\/\/noticiaempauta.com\/portal\/wp-content\/uploads\/2024\/12\/IMG_6920-768x512.jpg 768w, https:\/\/noticiaempauta.com\/portal\/wp-content\/uploads\/2024\/12\/IMG_6920.jpg 1200w\" sizes=\"(max-width: 1024px) 100vw, 1024px\" \/><\/figure>\n\n\n\n<figure class=\"wp-block-image size-large\"><img loading=\"lazy\" decoding=\"async\" width=\"1024\" height=\"683\" src=\"https:\/\/noticiaempauta.com\/portal\/wp-content\/uploads\/2024\/12\/IMG_6907-1024x683.jpg\" alt=\"\" class=\"wp-image-265319\" srcset=\"https:\/\/noticiaempauta.com\/portal\/wp-content\/uploads\/2024\/12\/IMG_6907-1024x683.jpg 1024w, https:\/\/noticiaempauta.com\/portal\/wp-content\/uploads\/2024\/12\/IMG_6907-300x200.jpg 300w, https:\/\/noticiaempauta.com\/portal\/wp-content\/uploads\/2024\/12\/IMG_6907-768x512.jpg 768w, https:\/\/noticiaempauta.com\/portal\/wp-content\/uploads\/2024\/12\/IMG_6907.jpg 1200w\" sizes=\"(max-width: 1024px) 100vw, 1024px\" \/><\/figure>\n\n\n\n<figure class=\"wp-block-image size-large\"><img loading=\"lazy\" decoding=\"async\" width=\"1024\" height=\"683\" src=\"https:\/\/noticiaempauta.com\/portal\/wp-content\/uploads\/2024\/12\/IMG_6908-1024x683.jpg\" alt=\"\" class=\"wp-image-265320\" srcset=\"https:\/\/noticiaempauta.com\/portal\/wp-content\/uploads\/2024\/12\/IMG_6908-1024x683.jpg 1024w, https:\/\/noticiaempauta.com\/portal\/wp-content\/uploads\/2024\/12\/IMG_6908-300x200.jpg 300w, https:\/\/noticiaempauta.com\/portal\/wp-content\/uploads\/2024\/12\/IMG_6908-768x512.jpg 768w, https:\/\/noticiaempauta.com\/portal\/wp-content\/uploads\/2024\/12\/IMG_6908.jpg 1200w\" sizes=\"(max-width: 1024px) 100vw, 1024px\" \/><\/figure>\n\n\n\n<figure class=\"wp-block-image size-large\"><img loading=\"lazy\" decoding=\"async\" width=\"1024\" height=\"683\" src=\"https:\/\/noticiaempauta.com\/portal\/wp-content\/uploads\/2024\/12\/IMG_6909-1024x683.jpg\" alt=\"\" class=\"wp-image-265321\" srcset=\"https:\/\/noticiaempauta.com\/portal\/wp-content\/uploads\/2024\/12\/IMG_6909-1024x683.jpg 1024w, https:\/\/noticiaempauta.com\/portal\/wp-content\/uploads\/2024\/12\/IMG_6909-300x200.jpg 300w, https:\/\/noticiaempauta.com\/portal\/wp-content\/uploads\/2024\/12\/IMG_6909-768x512.jpg 768w, https:\/\/noticiaempauta.com\/portal\/wp-content\/uploads\/2024\/12\/IMG_6909.jpg 1200w\" sizes=\"(max-width: 1024px) 100vw, 1024px\" \/><\/figure>\n\n\n\n<figure class=\"wp-block-image size-large\"><img loading=\"lazy\" decoding=\"async\" width=\"1024\" height=\"683\" src=\"https:\/\/noticiaempauta.com\/portal\/wp-content\/uploads\/2024\/12\/IMG_6910-1024x683.jpg\" alt=\"\" class=\"wp-image-265322\" srcset=\"https:\/\/noticiaempauta.com\/portal\/wp-content\/uploads\/2024\/12\/IMG_6910-1024x683.jpg 1024w, https:\/\/noticiaempauta.com\/portal\/wp-content\/uploads\/2024\/12\/IMG_6910-300x200.jpg 300w, https:\/\/noticiaempauta.com\/portal\/wp-content\/uploads\/2024\/12\/IMG_6910-768x512.jpg 768w, https:\/\/noticiaempauta.com\/portal\/wp-content\/uploads\/2024\/12\/IMG_6910.jpg 1200w\" sizes=\"(max-width: 1024px) 100vw, 1024px\" \/><\/figure>\n\n\n\n<figure class=\"wp-block-image size-large\"><img loading=\"lazy\" decoding=\"async\" width=\"1024\" height=\"683\" src=\"https:\/\/noticiaempauta.com\/portal\/wp-content\/uploads\/2024\/12\/IMG_6911-1024x683.jpg\" alt=\"\" class=\"wp-image-265323\" srcset=\"https:\/\/noticiaempauta.com\/portal\/wp-content\/uploads\/2024\/12\/IMG_6911-1024x683.jpg 1024w, https:\/\/noticiaempauta.com\/portal\/wp-content\/uploads\/2024\/12\/IMG_6911-300x200.jpg 300w, https:\/\/noticiaempauta.com\/portal\/wp-content\/uploads\/2024\/12\/IMG_6911-768x512.jpg 768w, https:\/\/noticiaempauta.com\/portal\/wp-content\/uploads\/2024\/12\/IMG_6911.jpg 1200w\" sizes=\"(max-width: 1024px) 100vw, 1024px\" \/><\/figure>\n\n\n\n<figure class=\"wp-block-image size-large\"><img loading=\"lazy\" decoding=\"async\" width=\"1024\" height=\"683\" src=\"https:\/\/noticiaempauta.com\/portal\/wp-content\/uploads\/2024\/12\/IMG_6912-1024x683.jpg\" alt=\"\" class=\"wp-image-265324\" srcset=\"https:\/\/noticiaempauta.com\/portal\/wp-content\/uploads\/2024\/12\/IMG_6912-1024x683.jpg 1024w, https:\/\/noticiaempauta.com\/portal\/wp-content\/uploads\/2024\/12\/IMG_6912-300x200.jpg 300w, https:\/\/noticiaempauta.com\/portal\/wp-content\/uploads\/2024\/12\/IMG_6912-768x512.jpg 768w, https:\/\/noticiaempauta.com\/portal\/wp-content\/uploads\/2024\/12\/IMG_6912.jpg 1200w\" sizes=\"(max-width: 1024px) 100vw, 1024px\" \/><\/figure>\n\n\n\n<figure class=\"wp-block-image size-large\"><img loading=\"lazy\" decoding=\"async\" width=\"1024\" height=\"683\" src=\"https:\/\/noticiaempauta.com\/portal\/wp-content\/uploads\/2024\/12\/IMG_6913-1024x683.jpg\" alt=\"\" class=\"wp-image-265325\" srcset=\"https:\/\/noticiaempauta.com\/portal\/wp-content\/uploads\/2024\/12\/IMG_6913-1024x683.jpg 1024w, https:\/\/noticiaempauta.com\/portal\/wp-content\/uploads\/2024\/12\/IMG_6913-300x200.jpg 300w, https:\/\/noticiaempauta.com\/portal\/wp-content\/uploads\/2024\/12\/IMG_6913-768x512.jpg 768w, https:\/\/noticiaempauta.com\/portal\/wp-content\/uploads\/2024\/12\/IMG_6913.jpg 1200w\" sizes=\"(max-width: 1024px) 100vw, 1024px\" \/><\/figure>\n\n\n\n<figure class=\"wp-block-image size-large\"><img loading=\"lazy\" decoding=\"async\" width=\"1024\" height=\"683\" src=\"https:\/\/noticiaempauta.com\/portal\/wp-content\/uploads\/2024\/12\/IMG_6914-1024x683.jpg\" alt=\"\" class=\"wp-image-265326\" srcset=\"https:\/\/noticiaempauta.com\/portal\/wp-content\/uploads\/2024\/12\/IMG_6914-1024x683.jpg 1024w, https:\/\/noticiaempauta.com\/portal\/wp-content\/uploads\/2024\/12\/IMG_6914-300x200.jpg 300w, https:\/\/noticiaempauta.com\/portal\/wp-content\/uploads\/2024\/12\/IMG_6914-768x512.jpg 768w, https:\/\/noticiaempauta.com\/portal\/wp-content\/uploads\/2024\/12\/IMG_6914.jpg 1200w\" sizes=\"(max-width: 1024px) 100vw, 1024px\" \/><\/figure>\n\n\n\n<figure class=\"wp-block-image size-large\"><img loading=\"lazy\" decoding=\"async\" width=\"1024\" height=\"683\" src=\"https:\/\/noticiaempauta.com\/portal\/wp-content\/uploads\/2024\/12\/IMG_6915-1024x683.jpg\" alt=\"\" class=\"wp-image-265327\" srcset=\"https:\/\/noticiaempauta.com\/portal\/wp-content\/uploads\/2024\/12\/IMG_6915-1024x683.jpg 1024w, https:\/\/noticiaempauta.com\/portal\/wp-content\/uploads\/2024\/12\/IMG_6915-300x200.jpg 300w, https:\/\/noticiaempauta.com\/portal\/wp-content\/uploads\/2024\/12\/IMG_6915-768x512.jpg 768w, https:\/\/noticiaempauta.com\/portal\/wp-content\/uploads\/2024\/12\/IMG_6915.jpg 1200w\" sizes=\"(max-width: 1024px) 100vw, 1024px\" \/><\/figure>\n\n\n\n<figure class=\"wp-block-image size-large\"><img loading=\"lazy\" decoding=\"async\" width=\"1024\" height=\"683\" src=\"https:\/\/noticiaempauta.com\/portal\/wp-content\/uploads\/2024\/12\/IMG_6916-1024x683.jpg\" alt=\"\" class=\"wp-image-265328\" srcset=\"https:\/\/noticiaempauta.com\/portal\/wp-content\/uploads\/2024\/12\/IMG_6916-1024x683.jpg 1024w, https:\/\/noticiaempauta.com\/portal\/wp-content\/uploads\/2024\/12\/IMG_6916-300x200.jpg 300w, https:\/\/noticiaempauta.com\/portal\/wp-content\/uploads\/2024\/12\/IMG_6916-768x512.jpg 768w, https:\/\/noticiaempauta.com\/portal\/wp-content\/uploads\/2024\/12\/IMG_6916.jpg 1200w\" sizes=\"(max-width: 1024px) 100vw, 1024px\" \/><\/figure>\n\n\n\n<figure class=\"wp-block-image size-large\"><img loading=\"lazy\" decoding=\"async\" width=\"1024\" height=\"683\" src=\"https:\/\/noticiaempauta.com\/portal\/wp-content\/uploads\/2024\/12\/IMG_6917-1024x683.jpg\" alt=\"\" class=\"wp-image-265329\" srcset=\"https:\/\/noticiaempauta.com\/portal\/wp-content\/uploads\/2024\/12\/IMG_6917-1024x683.jpg 1024w, https:\/\/noticiaempauta.com\/portal\/wp-content\/uploads\/2024\/12\/IMG_6917-300x200.jpg 300w, https:\/\/noticiaempauta.com\/portal\/wp-content\/uploads\/2024\/12\/IMG_6917-768x512.jpg 768w, https:\/\/noticiaempauta.com\/portal\/wp-content\/uploads\/2024\/12\/IMG_6917.jpg 1200w\" sizes=\"(max-width: 1024px) 100vw, 1024px\" \/><\/figure>\n\n\n\n<figure class=\"wp-block-image size-large\"><img loading=\"lazy\" decoding=\"async\" width=\"1024\" height=\"683\" src=\"https:\/\/noticiaempauta.com\/portal\/wp-content\/uploads\/2024\/12\/IMG_6919-1024x683.jpg\" alt=\"\" class=\"wp-image-265330\" srcset=\"https:\/\/noticiaempauta.com\/portal\/wp-content\/uploads\/2024\/12\/IMG_6919-1024x683.jpg 1024w, https:\/\/noticiaempauta.com\/portal\/wp-content\/uploads\/2024\/12\/IMG_6919-300x200.jpg 300w, https:\/\/noticiaempauta.com\/portal\/wp-content\/uploads\/2024\/12\/IMG_6919-768x512.jpg 768w, https:\/\/noticiaempauta.com\/portal\/wp-content\/uploads\/2024\/12\/IMG_6919.jpg 1200w\" sizes=\"(max-width: 1024px) 100vw, 1024px\" \/><\/figure>\n\n\n\n<figure class=\"wp-block-image size-large\"><img loading=\"lazy\" decoding=\"async\" width=\"1024\" height=\"683\" src=\"https:\/\/noticiaempauta.com\/portal\/wp-content\/uploads\/2024\/12\/IMG_6928-1024x683.jpg\" alt=\"\" class=\"wp-image-265332\" srcset=\"https:\/\/noticiaempauta.com\/portal\/wp-content\/uploads\/2024\/12\/IMG_6928-1024x683.jpg 1024w, https:\/\/noticiaempauta.com\/portal\/wp-content\/uploads\/2024\/12\/IMG_6928-300x200.jpg 300w, https:\/\/noticiaempauta.com\/portal\/wp-content\/uploads\/2024\/12\/IMG_6928-768x512.jpg 768w, https:\/\/noticiaempauta.com\/portal\/wp-content\/uploads\/2024\/12\/IMG_6928.jpg 1200w\" sizes=\"(max-width: 1024px) 100vw, 1024px\" \/><\/figure>\n\n\n\n<figure class=\"wp-block-image size-large\"><img loading=\"lazy\" decoding=\"async\" width=\"1024\" height=\"683\" src=\"https:\/\/noticiaempauta.com\/portal\/wp-content\/uploads\/2024\/12\/IMG_6869-1024x683.jpg\" alt=\"\" class=\"wp-image-265333\" srcset=\"https:\/\/noticiaempauta.com\/portal\/wp-content\/uploads\/2024\/12\/IMG_6869-1024x683.jpg 1024w, https:\/\/noticiaempauta.com\/portal\/wp-content\/uploads\/2024\/12\/IMG_6869-300x200.jpg 300w, https:\/\/noticiaempauta.com\/portal\/wp-content\/uploads\/2024\/12\/IMG_6869-768x512.jpg 768w, https:\/\/noticiaempauta.com\/portal\/wp-content\/uploads\/2024\/12\/IMG_6869.jpg 1200w\" sizes=\"(max-width: 1024px) 100vw, 1024px\" \/><\/figure>\n\n\n\n<figure class=\"wp-block-image size-large\"><img loading=\"lazy\" decoding=\"async\" width=\"1024\" height=\"683\" src=\"https:\/\/noticiaempauta.com\/portal\/wp-content\/uploads\/2024\/12\/IMG_6874-1024x683.jpg\" alt=\"\" class=\"wp-image-265334\" srcset=\"https:\/\/noticiaempauta.com\/portal\/wp-content\/uploads\/2024\/12\/IMG_6874-1024x683.jpg 1024w, https:\/\/noticiaempauta.com\/portal\/wp-content\/uploads\/2024\/12\/IMG_6874-300x200.jpg 300w, https:\/\/noticiaempauta.com\/portal\/wp-content\/uploads\/2024\/12\/IMG_6874-768x512.jpg 768w, https:\/\/noticiaempauta.com\/portal\/wp-content\/uploads\/2024\/12\/IMG_6874.jpg 1200w\" sizes=\"(max-width: 1024px) 100vw, 1024px\" \/><\/figure>\n\n\n\n<figure class=\"wp-block-image size-large\"><img loading=\"lazy\" decoding=\"async\" width=\"1024\" height=\"683\" src=\"https:\/\/noticiaempauta.com\/portal\/wp-content\/uploads\/2024\/12\/IMG_6880-1024x683.jpg\" alt=\"\" class=\"wp-image-265335\" srcset=\"https:\/\/noticiaempauta.com\/portal\/wp-content\/uploads\/2024\/12\/IMG_6880-1024x683.jpg 1024w, https:\/\/noticiaempauta.com\/portal\/wp-content\/uploads\/2024\/12\/IMG_6880-300x200.jpg 300w, https:\/\/noticiaempauta.com\/portal\/wp-content\/uploads\/2024\/12\/IMG_6880-768x512.jpg 768w, https:\/\/noticiaempauta.com\/portal\/wp-content\/uploads\/2024\/12\/IMG_6880.jpg 1200w\" sizes=\"(max-width: 1024px) 100vw, 1024px\" \/><\/figure>\n\n\n\n<figure class=\"wp-block-image size-large\"><img loading=\"lazy\" decoding=\"async\" width=\"1024\" height=\"683\" src=\"https:\/\/noticiaempauta.com\/portal\/wp-content\/uploads\/2024\/12\/IMG_6882-1024x683.jpg\" alt=\"\" class=\"wp-image-265336\" srcset=\"https:\/\/noticiaempauta.com\/portal\/wp-content\/uploads\/2024\/12\/IMG_6882-1024x683.jpg 1024w, https:\/\/noticiaempauta.com\/portal\/wp-content\/uploads\/2024\/12\/IMG_6882-300x200.jpg 300w, https:\/\/noticiaempauta.com\/portal\/wp-content\/uploads\/2024\/12\/IMG_6882-768x512.jpg 768w, https:\/\/noticiaempauta.com\/portal\/wp-content\/uploads\/2024\/12\/IMG_6882.jpg 1200w\" sizes=\"(max-width: 1024px) 100vw, 1024px\" \/><\/figure>\n\n\n\n<figure class=\"wp-block-image size-large\"><img loading=\"lazy\" decoding=\"async\" width=\"1024\" height=\"683\" src=\"https:\/\/noticiaempauta.com\/portal\/wp-content\/uploads\/2024\/12\/IMG_6892-1024x683.jpg\" alt=\"\" class=\"wp-image-265337\" srcset=\"https:\/\/noticiaempauta.com\/portal\/wp-content\/uploads\/2024\/12\/IMG_6892-1024x683.jpg 1024w, https:\/\/noticiaempauta.com\/portal\/wp-content\/uploads\/2024\/12\/IMG_6892-300x200.jpg 300w, https:\/\/noticiaempauta.com\/portal\/wp-content\/uploads\/2024\/12\/IMG_6892-768x512.jpg 768w, https:\/\/noticiaempauta.com\/portal\/wp-content\/uploads\/2024\/12\/IMG_6892.jpg 1200w\" sizes=\"(max-width: 1024px) 100vw, 1024px\" \/><\/figure>\n\n\n\n<figure class=\"wp-block-image size-large\"><img loading=\"lazy\" decoding=\"async\" width=\"1024\" height=\"683\" src=\"https:\/\/noticiaempauta.com\/portal\/wp-content\/uploads\/2024\/12\/IMG_6999-1024x683.jpg\" alt=\"\" class=\"wp-image-265338\" srcset=\"https:\/\/noticiaempauta.com\/portal\/wp-content\/uploads\/2024\/12\/IMG_6999-1024x683.jpg 1024w, https:\/\/noticiaempauta.com\/portal\/wp-content\/uploads\/2024\/12\/IMG_6999-300x200.jpg 300w, https:\/\/noticiaempauta.com\/portal\/wp-content\/uploads\/2024\/12\/IMG_6999-768x512.jpg 768w, https:\/\/noticiaempauta.com\/portal\/wp-content\/uploads\/2024\/12\/IMG_6999.jpg 1200w\" sizes=\"(max-width: 1024px) 100vw, 1024px\" \/><\/figure>\n\n\n\n<figure class=\"wp-block-image size-large\"><img loading=\"lazy\" decoding=\"async\" width=\"1024\" height=\"683\" src=\"https:\/\/noticiaempauta.com\/portal\/wp-content\/uploads\/2024\/12\/IMG_6997-1024x683.jpg\" alt=\"\" class=\"wp-image-265339\" srcset=\"https:\/\/noticiaempauta.com\/portal\/wp-content\/uploads\/2024\/12\/IMG_6997-1024x683.jpg 1024w, https:\/\/noticiaempauta.com\/portal\/wp-content\/uploads\/2024\/12\/IMG_6997-300x200.jpg 300w, https:\/\/noticiaempauta.com\/portal\/wp-content\/uploads\/2024\/12\/IMG_6997-768x512.jpg 768w, https:\/\/noticiaempauta.com\/portal\/wp-content\/uploads\/2024\/12\/IMG_6997.jpg 1200w\" sizes=\"(max-width: 1024px) 100vw, 1024px\" \/><\/figure>\n\n\n\n<figure class=\"wp-block-image size-large\"><img loading=\"lazy\" decoding=\"async\" width=\"1024\" height=\"683\" src=\"https:\/\/noticiaempauta.com\/portal\/wp-content\/uploads\/2024\/12\/IMG_6899-1024x683.jpg\" alt=\"\" class=\"wp-image-265340\" srcset=\"https:\/\/noticiaempauta.com\/portal\/wp-content\/uploads\/2024\/12\/IMG_6899-1024x683.jpg 1024w, https:\/\/noticiaempauta.com\/portal\/wp-content\/uploads\/2024\/12\/IMG_6899-300x200.jpg 300w, https:\/\/noticiaempauta.com\/portal\/wp-content\/uploads\/2024\/12\/IMG_6899-768x512.jpg 768w, https:\/\/noticiaempauta.com\/portal\/wp-content\/uploads\/2024\/12\/IMG_6899.jpg 1200w\" sizes=\"(max-width: 1024px) 100vw, 1024px\" \/><\/figure>\n","protected":false},"excerpt":{"rendered":"<p>Em solenidade realizada na noite desta sexta-feira, 13 de dezembro, no Audit\u00f3rio do F\u00f3rum da Comarca de Picos, o empres\u00e1rio Marciano Macedo (PSD) e o ex-vereador Z\u00eanio Neves (PSD), eleitos prefeito e vice-prefeito de Aroeiras do Itaim-PI, foram oficialmente diplomados pela Justi\u00e7a Eleitoral. Presidida pelo Juiz Dr. Adelmar de Sousa Martins, titular da 10\u00aa Zona [&hellip;]<\/p>\n","protected":false},"author":2,"featured_media":265308,"comment_status":"open","ping_status":"open","sticky":false,"template":"","format":"standard","meta":{"_mi_skip_tracking":false,"footnotes":""},"categories":[25,1,9,3,16],"tags":[],"class_list":["post-265307","post","type-post","status-publish","format-standard","has-post-thumbnail","hentry","category-destaques-site","category-geral","category-municipios","category-politica","category-todas"],"acf":[],"yoast_head":"<!-- This site is optimized with the Yoast SEO Premium plugin v19.2 (Yoast SEO v26.9) - https:\/\/yoast.com\/product\/yoast-seo-premium-wordpress\/ -->\n<title>Justi\u00e7a eleitoral diploma Marciano Macedo e Z\u00eanio Neves, prefeito e vice-prefeito de Aroeiras do Itaim - Portal Not\u00edcia em Pauta<\/title>\n<meta name=\"robots\" content=\"index, follow, max-snippet:-1, max-image-preview:large, max-video-preview:-1\" \/>\n<link rel=\"canonical\" href=\"https:\/\/noticiaempauta.com\/portal\/justica-eleitoral-diploma-marciano-macedo-e-zenio-neves-prefeito-e-vice-prefeito-de-aroeiras-do-itaim\/\" \/>\n<meta property=\"og:locale\" content=\"pt_BR\" \/>\n<meta property=\"og:type\" content=\"article\" \/>\n<meta property=\"og:title\" content=\"Justi\u00e7a eleitoral diploma Marciano Macedo e Z\u00eanio Neves, prefeito e vice-prefeito de Aroeiras do Itaim\" \/>\n<meta property=\"og:description\" content=\"Em solenidade realizada na noite desta sexta-feira, 13 de dezembro, no Audit\u00f3rio do F\u00f3rum da Comarca de Picos, o empres\u00e1rio Marciano Macedo (PSD) e o ex-vereador Z\u00eanio Neves (PSD), eleitos prefeito e vice-prefeito de Aroeiras do Itaim-PI, foram oficialmente diplomados pela Justi\u00e7a Eleitoral. Presidida pelo Juiz Dr. Adelmar de Sousa Martins, titular da 10\u00aa Zona [&hellip;]\" \/>\n<meta property=\"og:url\" content=\"https:\/\/noticiaempauta.com\/portal\/justica-eleitoral-diploma-marciano-macedo-e-zenio-neves-prefeito-e-vice-prefeito-de-aroeiras-do-itaim\/\" \/>\n<meta property=\"og:site_name\" content=\"Portal Not\u00edcia em Pauta\" \/>\n<meta property=\"article:publisher\" content=\"https:\/\/www.facebook.com\/Portal-Notcia-Em-Pauta-102292869264820\/\" \/>\n<meta property=\"article:published_time\" content=\"2024-12-14T09:31:20+00:00\" \/>\n<meta property=\"article:modified_time\" content=\"2024-12-14T09:31:21+00:00\" \/>\n<meta property=\"og:image\" content=\"https:\/\/noticiaempauta.com\/portal\/wp-content\/uploads\/2024\/12\/IMG_6980.jpg\" \/>\n\t<meta property=\"og:image:width\" content=\"1200\" \/>\n\t<meta property=\"og:image:height\" content=\"800\" \/>\n\t<meta property=\"og:image:type\" content=\"image\/jpeg\" \/>\n<meta name=\"author\" content=\"Reda\u00e7\u00e3o\" \/>\n<meta name=\"twitter:card\" content=\"summary_large_image\" \/>\n<meta name=\"twitter:label1\" content=\"Escrito por\" \/>\n\t<meta name=\"twitter:data1\" content=\"Reda\u00e7\u00e3o\" \/>\n\t<meta name=\"twitter:label2\" content=\"Est. tempo de leitura\" \/>\n\t<meta name=\"twitter:data2\" content=\"9 minutos\" \/>\n<script type=\"application\/ld+json\" class=\"yoast-schema-graph\">{\"@context\":\"https:\/\/schema.org\",\"@graph\":[{\"@type\":\"Article\",\"@id\":\"https:\/\/noticiaempauta.com\/portal\/justica-eleitoral-diploma-marciano-macedo-e-zenio-neves-prefeito-e-vice-prefeito-de-aroeiras-do-itaim\/#article\",\"isPartOf\":{\"@id\":\"https:\/\/noticiaempauta.com\/portal\/justica-eleitoral-diploma-marciano-macedo-e-zenio-neves-prefeito-e-vice-prefeito-de-aroeiras-do-itaim\/\"},\"author\":{\"name\":\"Reda\u00e7\u00e3o\",\"@id\":\"https:\/\/noticiaempauta.com\/portal\/#\/schema\/person\/a74af43dd1ab3deca45f988c717d57ac\"},\"headline\":\"Justi\u00e7a eleitoral diploma Marciano Macedo e Z\u00eanio Neves, prefeito e vice-prefeito de Aroeiras do Itaim\",\"datePublished\":\"2024-12-14T09:31:20+00:00\",\"dateModified\":\"2024-12-14T09:31:21+00:00\",\"mainEntityOfPage\":{\"@id\":\"https:\/\/noticiaempauta.com\/portal\/justica-eleitoral-diploma-marciano-macedo-e-zenio-neves-prefeito-e-vice-prefeito-de-aroeiras-do-itaim\/\"},\"wordCount\":401,\"commentCount\":0,\"publisher\":{\"@id\":\"https:\/\/noticiaempauta.com\/portal\/#organization\"},\"image\":{\"@id\":\"https:\/\/noticiaempauta.com\/portal\/justica-eleitoral-diploma-marciano-macedo-e-zenio-neves-prefeito-e-vice-prefeito-de-aroeiras-do-itaim\/#primaryimage\"},\"thumbnailUrl\":\"https:\/\/noticiaempauta.com\/portal\/wp-content\/uploads\/2024\/12\/IMG_6980.jpg\",\"articleSection\":[\"Destaques\",\"Geral\",\"Munic\u00edpios\",\"Pol\u00edtica\",\"Todas as Not\u00edcias\"],\"inLanguage\":\"pt-BR\",\"potentialAction\":[{\"@type\":\"CommentAction\",\"name\":\"Comment\",\"target\":[\"https:\/\/noticiaempauta.com\/portal\/justica-eleitoral-diploma-marciano-macedo-e-zenio-neves-prefeito-e-vice-prefeito-de-aroeiras-do-itaim\/#respond\"]}]},{\"@type\":\"WebPage\",\"@id\":\"https:\/\/noticiaempauta.com\/portal\/justica-eleitoral-diploma-marciano-macedo-e-zenio-neves-prefeito-e-vice-prefeito-de-aroeiras-do-itaim\/\",\"url\":\"https:\/\/noticiaempauta.com\/portal\/justica-eleitoral-diploma-marciano-macedo-e-zenio-neves-prefeito-e-vice-prefeito-de-aroeiras-do-itaim\/\",\"name\":\"Justi\u00e7a eleitoral diploma Marciano Macedo e Z\u00eanio Neves, prefeito e vice-prefeito de Aroeiras do Itaim - Portal Not\u00edcia em Pauta\",\"isPartOf\":{\"@id\":\"https:\/\/noticiaempauta.com\/portal\/#website\"},\"primaryImageOfPage\":{\"@id\":\"https:\/\/noticiaempauta.com\/portal\/justica-eleitoral-diploma-marciano-macedo-e-zenio-neves-prefeito-e-vice-prefeito-de-aroeiras-do-itaim\/#primaryimage\"},\"image\":{\"@id\":\"https:\/\/noticiaempauta.com\/portal\/justica-eleitoral-diploma-marciano-macedo-e-zenio-neves-prefeito-e-vice-prefeito-de-aroeiras-do-itaim\/#primaryimage\"},\"thumbnailUrl\":\"https:\/\/noticiaempauta.com\/portal\/wp-content\/uploads\/2024\/12\/IMG_6980.jpg\",\"datePublished\":\"2024-12-14T09:31:20+00:00\",\"dateModified\":\"2024-12-14T09:31:21+00:00\",\"breadcrumb\":{\"@id\":\"https:\/\/noticiaempauta.com\/portal\/justica-eleitoral-diploma-marciano-macedo-e-zenio-neves-prefeito-e-vice-prefeito-de-aroeiras-do-itaim\/#breadcrumb\"},\"inLanguage\":\"pt-BR\",\"potentialAction\":[{\"@type\":\"ReadAction\",\"target\":[\"https:\/\/noticiaempauta.com\/portal\/justica-eleitoral-diploma-marciano-macedo-e-zenio-neves-prefeito-e-vice-prefeito-de-aroeiras-do-itaim\/\"]}]},{\"@type\":\"ImageObject\",\"inLanguage\":\"pt-BR\",\"@id\":\"https:\/\/noticiaempauta.com\/portal\/justica-eleitoral-diploma-marciano-macedo-e-zenio-neves-prefeito-e-vice-prefeito-de-aroeiras-do-itaim\/#primaryimage\",\"url\":\"https:\/\/noticiaempauta.com\/portal\/wp-content\/uploads\/2024\/12\/IMG_6980.jpg\",\"contentUrl\":\"https:\/\/noticiaempauta.com\/portal\/wp-content\/uploads\/2024\/12\/IMG_6980.jpg\",\"width\":1200,\"height\":800},{\"@type\":\"BreadcrumbList\",\"@id\":\"https:\/\/noticiaempauta.com\/portal\/justica-eleitoral-diploma-marciano-macedo-e-zenio-neves-prefeito-e-vice-prefeito-de-aroeiras-do-itaim\/#breadcrumb\",\"itemListElement\":[{\"@type\":\"ListItem\",\"position\":1,\"name\":\"P\u00e1gina Inicial\",\"item\":\"https:\/\/noticiaempauta.com\/portal\/\"},{\"@type\":\"ListItem\",\"position\":2,\"name\":\"Destaques\",\"item\":\"https:\/\/noticiaempauta.com\/portal\/destaques-site\/\"},{\"@type\":\"ListItem\",\"position\":3,\"name\":\"Justi\u00e7a eleitoral diploma Marciano Macedo e Z\u00eanio Neves, prefeito e vice-prefeito de Aroeiras do Itaim\"}]},{\"@type\":\"WebSite\",\"@id\":\"https:\/\/noticiaempauta.com\/portal\/#website\",\"url\":\"https:\/\/noticiaempauta.com\/portal\/\",\"name\":\"Portal Not\u00edcia em Pauta\",\"description\":\"Voc\u00ea bem informado\",\"publisher\":{\"@id\":\"https:\/\/noticiaempauta.com\/portal\/#organization\"},\"potentialAction\":[{\"@type\":\"SearchAction\",\"target\":{\"@type\":\"EntryPoint\",\"urlTemplate\":\"https:\/\/noticiaempauta.com\/portal\/?s={search_term_string}\"},\"query-input\":{\"@type\":\"PropertyValueSpecification\",\"valueRequired\":true,\"valueName\":\"search_term_string\"}}],\"inLanguage\":\"pt-BR\"},{\"@type\":\"Organization\",\"@id\":\"https:\/\/noticiaempauta.com\/portal\/#organization\",\"name\":\"Portal Not\u00edcia em Pauta\",\"url\":\"https:\/\/noticiaempauta.com\/portal\/\",\"logo\":{\"@type\":\"ImageObject\",\"inLanguage\":\"pt-BR\",\"@id\":\"https:\/\/noticiaempauta.com\/portal\/#\/schema\/logo\/image\/\",\"url\":\"https:\/\/noticiaempauta.com\/portal\/wp-content\/uploads\/2022\/08\/logomarca_tema.fw_.png\",\"contentUrl\":\"https:\/\/noticiaempauta.com\/portal\/wp-content\/uploads\/2022\/08\/logomarca_tema.fw_.png\",\"width\":400,\"height\":232,\"caption\":\"Portal Not\u00edcia em Pauta\"},\"image\":{\"@id\":\"https:\/\/noticiaempauta.com\/portal\/#\/schema\/logo\/image\/\"},\"sameAs\":[\"https:\/\/www.facebook.com\/Portal-Notcia-Em-Pauta-102292869264820\/\",\"https:\/\/www.instagram.com\/portalnoticiaempauta\/\"]},{\"@type\":\"Person\",\"@id\":\"https:\/\/noticiaempauta.com\/portal\/#\/schema\/person\/a74af43dd1ab3deca45f988c717d57ac\",\"name\":\"Reda\u00e7\u00e3o\",\"image\":{\"@type\":\"ImageObject\",\"inLanguage\":\"pt-BR\",\"@id\":\"https:\/\/noticiaempauta.com\/portal\/#\/schema\/person\/image\/\",\"url\":\"https:\/\/secure.gravatar.com\/avatar\/03179346ecce6cdfc13361603e8f54242a90e5cde8618fa23c5c00aa2b0aadf3?s=96&d=mm&r=g\",\"contentUrl\":\"https:\/\/secure.gravatar.com\/avatar\/03179346ecce6cdfc13361603e8f54242a90e5cde8618fa23c5c00aa2b0aadf3?s=96&d=mm&r=g\",\"caption\":\"Reda\u00e7\u00e3o\"},\"sameAs\":[\"https:\/\/noticiaempauta.com\/portal\/\"],\"url\":\"https:\/\/noticiaempauta.com\/portal\/author\/fernando\/\"}]}<\/script>\n<!-- \/ Yoast SEO Premium plugin. -->","yoast_head_json":{"title":"Justi\u00e7a eleitoral diploma Marciano Macedo e Z\u00eanio Neves, prefeito e vice-prefeito de Aroeiras do Itaim - Portal Not\u00edcia em Pauta","robots":{"index":"index","follow":"follow","max-snippet":"max-snippet:-1","max-image-preview":"max-image-preview:large","max-video-preview":"max-video-preview:-1"},"canonical":"https:\/\/noticiaempauta.com\/portal\/justica-eleitoral-diploma-marciano-macedo-e-zenio-neves-prefeito-e-vice-prefeito-de-aroeiras-do-itaim\/","og_locale":"pt_BR","og_type":"article","og_title":"Justi\u00e7a eleitoral diploma Marciano Macedo e Z\u00eanio Neves, prefeito e vice-prefeito de Aroeiras do Itaim","og_description":"Em solenidade realizada na noite desta sexta-feira, 13 de dezembro, no Audit\u00f3rio do F\u00f3rum da Comarca de Picos, o empres\u00e1rio Marciano Macedo (PSD) e o ex-vereador Z\u00eanio Neves (PSD), eleitos prefeito e vice-prefeito de Aroeiras do Itaim-PI, foram oficialmente diplomados pela Justi\u00e7a Eleitoral. Presidida pelo Juiz Dr. Adelmar de Sousa Martins, titular da 10\u00aa Zona [&hellip;]","og_url":"https:\/\/noticiaempauta.com\/portal\/justica-eleitoral-diploma-marciano-macedo-e-zenio-neves-prefeito-e-vice-prefeito-de-aroeiras-do-itaim\/","og_site_name":"Portal Not\u00edcia em Pauta","article_publisher":"https:\/\/www.facebook.com\/Portal-Notcia-Em-Pauta-102292869264820\/","article_published_time":"2024-12-14T09:31:20+00:00","article_modified_time":"2024-12-14T09:31:21+00:00","og_image":[{"width":1200,"height":800,"url":"https:\/\/noticiaempauta.com\/portal\/wp-content\/uploads\/2024\/12\/IMG_6980.jpg","type":"image\/jpeg"}],"author":"Reda\u00e7\u00e3o","twitter_card":"summary_large_image","twitter_misc":{"Escrito por":"Reda\u00e7\u00e3o","Est. tempo de leitura":"9 minutos"},"schema":{"@context":"https:\/\/schema.org","@graph":[{"@type":"Article","@id":"https:\/\/noticiaempauta.com\/portal\/justica-eleitoral-diploma-marciano-macedo-e-zenio-neves-prefeito-e-vice-prefeito-de-aroeiras-do-itaim\/#article","isPartOf":{"@id":"https:\/\/noticiaempauta.com\/portal\/justica-eleitoral-diploma-marciano-macedo-e-zenio-neves-prefeito-e-vice-prefeito-de-aroeiras-do-itaim\/"},"author":{"name":"Reda\u00e7\u00e3o","@id":"https:\/\/noticiaempauta.com\/portal\/#\/schema\/person\/a74af43dd1ab3deca45f988c717d57ac"},"headline":"Justi\u00e7a eleitoral diploma Marciano Macedo e Z\u00eanio Neves, prefeito e vice-prefeito de Aroeiras do Itaim","datePublished":"2024-12-14T09:31:20+00:00","dateModified":"2024-12-14T09:31:21+00:00","mainEntityOfPage":{"@id":"https:\/\/noticiaempauta.com\/portal\/justica-eleitoral-diploma-marciano-macedo-e-zenio-neves-prefeito-e-vice-prefeito-de-aroeiras-do-itaim\/"},"wordCount":401,"commentCount":0,"publisher":{"@id":"https:\/\/noticiaempauta.com\/portal\/#organization"},"image":{"@id":"https:\/\/noticiaempauta.com\/portal\/justica-eleitoral-diploma-marciano-macedo-e-zenio-neves-prefeito-e-vice-prefeito-de-aroeiras-do-itaim\/#primaryimage"},"thumbnailUrl":"https:\/\/noticiaempauta.com\/portal\/wp-content\/uploads\/2024\/12\/IMG_6980.jpg","articleSection":["Destaques","Geral","Munic\u00edpios","Pol\u00edtica","Todas as Not\u00edcias"],"inLanguage":"pt-BR","potentialAction":[{"@type":"CommentAction","name":"Comment","target":["https:\/\/noticiaempauta.com\/portal\/justica-eleitoral-diploma-marciano-macedo-e-zenio-neves-prefeito-e-vice-prefeito-de-aroeiras-do-itaim\/#respond"]}]},{"@type":"WebPage","@id":"https:\/\/noticiaempauta.com\/portal\/justica-eleitoral-diploma-marciano-macedo-e-zenio-neves-prefeito-e-vice-prefeito-de-aroeiras-do-itaim\/","url":"https:\/\/noticiaempauta.com\/portal\/justica-eleitoral-diploma-marciano-macedo-e-zenio-neves-prefeito-e-vice-prefeito-de-aroeiras-do-itaim\/","name":"Justi\u00e7a eleitoral diploma Marciano Macedo e Z\u00eanio Neves, prefeito e vice-prefeito de Aroeiras do Itaim - Portal Not\u00edcia em Pauta","isPartOf":{"@id":"https:\/\/noticiaempauta.com\/portal\/#website"},"primaryImageOfPage":{"@id":"https:\/\/noticiaempauta.com\/portal\/justica-eleitoral-diploma-marciano-macedo-e-zenio-neves-prefeito-e-vice-prefeito-de-aroeiras-do-itaim\/#primaryimage"},"image":{"@id":"https:\/\/noticiaempauta.com\/portal\/justica-eleitoral-diploma-marciano-macedo-e-zenio-neves-prefeito-e-vice-prefeito-de-aroeiras-do-itaim\/#primaryimage"},"thumbnailUrl":"https:\/\/noticiaempauta.com\/portal\/wp-content\/uploads\/2024\/12\/IMG_6980.jpg","datePublished":"2024-12-14T09:31:20+00:00","dateModified":"2024-12-14T09:31:21+00:00","breadcrumb":{"@id":"https:\/\/noticiaempauta.com\/portal\/justica-eleitoral-diploma-marciano-macedo-e-zenio-neves-prefeito-e-vice-prefeito-de-aroeiras-do-itaim\/#breadcrumb"},"inLanguage":"pt-BR","potentialAction":[{"@type":"ReadAction","target":["https:\/\/noticiaempauta.com\/portal\/justica-eleitoral-diploma-marciano-macedo-e-zenio-neves-prefeito-e-vice-prefeito-de-aroeiras-do-itaim\/"]}]},{"@type":"ImageObject","inLanguage":"pt-BR","@id":"https:\/\/noticiaempauta.com\/portal\/justica-eleitoral-diploma-marciano-macedo-e-zenio-neves-prefeito-e-vice-prefeito-de-aroeiras-do-itaim\/#primaryimage","url":"https:\/\/noticiaempauta.com\/portal\/wp-content\/uploads\/2024\/12\/IMG_6980.jpg","contentUrl":"https:\/\/noticiaempauta.com\/portal\/wp-content\/uploads\/2024\/12\/IMG_6980.jpg","width":1200,"height":800},{"@type":"BreadcrumbList","@id":"https:\/\/noticiaempauta.com\/portal\/justica-eleitoral-diploma-marciano-macedo-e-zenio-neves-prefeito-e-vice-prefeito-de-aroeiras-do-itaim\/#breadcrumb","itemListElement":[{"@type":"ListItem","position":1,"name":"P\u00e1gina Inicial","item":"https:\/\/noticiaempauta.com\/portal\/"},{"@type":"ListItem","position":2,"name":"Destaques","item":"https:\/\/noticiaempauta.com\/portal\/destaques-site\/"},{"@type":"ListItem","position":3,"name":"Justi\u00e7a eleitoral diploma Marciano Macedo e Z\u00eanio Neves, prefeito e vice-prefeito de Aroeiras do Itaim"}]},{"@type":"WebSite","@id":"https:\/\/noticiaempauta.com\/portal\/#website","url":"https:\/\/noticiaempauta.com\/portal\/","name":"Portal Not\u00edcia em Pauta","description":"Voc\u00ea bem informado","publisher":{"@id":"https:\/\/noticiaempauta.com\/portal\/#organization"},"potentialAction":[{"@type":"SearchAction","target":{"@type":"EntryPoint","urlTemplate":"https:\/\/noticiaempauta.com\/portal\/?s={search_term_string}"},"query-input":{"@type":"PropertyValueSpecification","valueRequired":true,"valueName":"search_term_string"}}],"inLanguage":"pt-BR"},{"@type":"Organization","@id":"https:\/\/noticiaempauta.com\/portal\/#organization","name":"Portal Not\u00edcia em Pauta","url":"https:\/\/noticiaempauta.com\/portal\/","logo":{"@type":"ImageObject","inLanguage":"pt-BR","@id":"https:\/\/noticiaempauta.com\/portal\/#\/schema\/logo\/image\/","url":"https:\/\/noticiaempauta.com\/portal\/wp-content\/uploads\/2022\/08\/logomarca_tema.fw_.png","contentUrl":"https:\/\/noticiaempauta.com\/portal\/wp-content\/uploads\/2022\/08\/logomarca_tema.fw_.png","width":400,"height":232,"caption":"Portal Not\u00edcia em Pauta"},"image":{"@id":"https:\/\/noticiaempauta.com\/portal\/#\/schema\/logo\/image\/"},"sameAs":["https:\/\/www.facebook.com\/Portal-Notcia-Em-Pauta-102292869264820\/","https:\/\/www.instagram.com\/portalnoticiaempauta\/"]},{"@type":"Person","@id":"https:\/\/noticiaempauta.com\/portal\/#\/schema\/person\/a74af43dd1ab3deca45f988c717d57ac","name":"Reda\u00e7\u00e3o","image":{"@type":"ImageObject","inLanguage":"pt-BR","@id":"https:\/\/noticiaempauta.com\/portal\/#\/schema\/person\/image\/","url":"https:\/\/secure.gravatar.com\/avatar\/03179346ecce6cdfc13361603e8f54242a90e5cde8618fa23c5c00aa2b0aadf3?s=96&d=mm&r=g","contentUrl":"https:\/\/secure.gravatar.com\/avatar\/03179346ecce6cdfc13361603e8f54242a90e5cde8618fa23c5c00aa2b0aadf3?s=96&d=mm&r=g","caption":"Reda\u00e7\u00e3o"},"sameAs":["https:\/\/noticiaempauta.com\/portal\/"],"url":"https:\/\/noticiaempauta.com\/portal\/author\/fernando\/"}]}},"_links":{"self":[{"href":"https:\/\/noticiaempauta.com\/portal\/wp-json\/wp\/v2\/posts\/265307","targetHints":{"allow":["GET"]}}],"collection":[{"href":"https:\/\/noticiaempauta.com\/portal\/wp-json\/wp\/v2\/posts"}],"about":[{"href":"https:\/\/noticiaempauta.com\/portal\/wp-json\/wp\/v2\/types\/post"}],"author":[{"embeddable":true,"href":"https:\/\/noticiaempauta.com\/portal\/wp-json\/wp\/v2\/users\/2"}],"replies":[{"embeddable":true,"href":"https:\/\/noticiaempauta.com\/portal\/wp-json\/wp\/v2\/comments?post=265307"}],"version-history":[{"count":1,"href":"https:\/\/noticiaempauta.com\/portal\/wp-json\/wp\/v2\/posts\/265307\/revisions"}],"predecessor-version":[{"id":265341,"href":"https:\/\/noticiaempauta.com\/portal\/wp-json\/wp\/v2\/posts\/265307\/revisions\/265341"}],"wp:featuredmedia":[{"embeddable":true,"href":"https:\/\/noticiaempauta.com\/portal\/wp-json\/wp\/v2\/media\/265308"}],"wp:attachment":[{"href":"https:\/\/noticiaempauta.com\/portal\/wp-json\/wp\/v2\/media?parent=265307"}],"wp:term":[{"taxonomy":"category","embeddable":true,"href":"https:\/\/noticiaempauta.com\/portal\/wp-json\/wp\/v2\/categories?post=265307"},{"taxonomy":"post_tag","embeddable":true,"href":"https:\/\/noticiaempauta.com\/portal\/wp-json\/wp\/v2\/tags?post=265307"}],"curies":[{"name":"wp","href":"https:\/\/api.w.org\/{rel}","templated":true}]}}