{"id":265342,"date":"2024-12-14T07:00:33","date_gmt":"2024-12-14T10:00:33","guid":{"rendered":"https:\/\/noticiaempauta.com\/portal\/?p=265342"},"modified":"2024-12-14T07:01:39","modified_gmt":"2024-12-14T10:01:39","slug":"paqueta-do-piaui-prefeito-clayton-barros-vice-paulo-roberto-e-vereadores-sao-diplomados-pela-justica-eleitoral","status":"publish","type":"post","link":"https:\/\/noticiaempauta.com\/portal\/paqueta-do-piaui-prefeito-clayton-barros-vice-paulo-roberto-e-vereadores-sao-diplomados-pela-justica-eleitoral\/","title":{"rendered":"Paquet\u00e1 do Piau\u00ed | Prefeito Clayton Barros, vice Paulo Roberto e vereadores s\u00e3o diplomados pela Justi\u00e7a Eleitoral"},"content":{"rendered":"\n<p>A Justi\u00e7a Eleitoral da 10\u00aa&nbsp; zona diplomou na noite desta sexta-feira 13 de dezembro, o prefeito eleito em 6 de outubro, pelo Progressistas, Dr. Clayton Barros, o vice-prefeito Paulo Roberto, vereadores eleitos e suplentes do munic\u00edpio de Paquet\u00e1 do Piau\u00ed.<\/p>\n\n\n\n<figure class=\"wp-block-image size-large\"><img fetchpriority=\"high\" decoding=\"async\" width=\"1024\" height=\"683\" src=\"https:\/\/noticiaempauta.com\/portal\/wp-content\/uploads\/2024\/12\/IMG_6985-1024x683.jpg\" alt=\"\" class=\"wp-image-265344\" srcset=\"https:\/\/noticiaempauta.com\/portal\/wp-content\/uploads\/2024\/12\/IMG_6985-1024x683.jpg 1024w, https:\/\/noticiaempauta.com\/portal\/wp-content\/uploads\/2024\/12\/IMG_6985-300x200.jpg 300w, https:\/\/noticiaempauta.com\/portal\/wp-content\/uploads\/2024\/12\/IMG_6985-768x512.jpg 768w, https:\/\/noticiaempauta.com\/portal\/wp-content\/uploads\/2024\/12\/IMG_6985.jpg 1200w\" sizes=\"(max-width: 1024px) 100vw, 1024px\" \/><\/figure>\n\n\n\n<figure class=\"wp-block-image size-large\"><img decoding=\"async\" width=\"1024\" height=\"683\" src=\"https:\/\/noticiaempauta.com\/portal\/wp-content\/uploads\/2024\/12\/IMG_6994-1024x683.jpg\" alt=\"\" class=\"wp-image-265343\" srcset=\"https:\/\/noticiaempauta.com\/portal\/wp-content\/uploads\/2024\/12\/IMG_6994-1024x683.jpg 1024w, https:\/\/noticiaempauta.com\/portal\/wp-content\/uploads\/2024\/12\/IMG_6994-300x200.jpg 300w, https:\/\/noticiaempauta.com\/portal\/wp-content\/uploads\/2024\/12\/IMG_6994-768x512.jpg 768w, https:\/\/noticiaempauta.com\/portal\/wp-content\/uploads\/2024\/12\/IMG_6994.jpg 1200w\" sizes=\"(max-width: 1024px) 100vw, 1024px\" \/><\/figure>\n\n\n\n<p>A solenidade foi realizada no Audit\u00f3rio do F\u00f3rum da Comarca de Picos e contou com a presen\u00e7a do Desembargador Agrimar Rodrigues e e demais autoridades, lideran\u00e7as pol\u00edticas e apoiadores.<\/p>\n\n\n\n<figure class=\"wp-block-image size-large\"><img decoding=\"async\" width=\"1024\" height=\"683\" src=\"https:\/\/noticiaempauta.com\/portal\/wp-content\/uploads\/2024\/12\/IMG_6888-1024x683.jpg\" alt=\"\" class=\"wp-image-265345\" srcset=\"https:\/\/noticiaempauta.com\/portal\/wp-content\/uploads\/2024\/12\/IMG_6888-1024x683.jpg 1024w, https:\/\/noticiaempauta.com\/portal\/wp-content\/uploads\/2024\/12\/IMG_6888-300x200.jpg 300w, https:\/\/noticiaempauta.com\/portal\/wp-content\/uploads\/2024\/12\/IMG_6888-768x512.jpg 768w, https:\/\/noticiaempauta.com\/portal\/wp-content\/uploads\/2024\/12\/IMG_6888.jpg 1200w\" sizes=\"(max-width: 1024px) 100vw, 1024px\" \/><\/figure>\n\n\n\n<p>O Juiz titular da 10\u00ba zona eleitoral, Dr. Adelmar de Sousa Martins enfatizou a import\u00e2ncia do ato de diploma\u00e7\u00e3o, parabenizou os representantes eleitos dos poderes executivo e legislativo e agradeceu aos servidores da Justi\u00e7a Eleitoral.<\/p>\n\n\n\n<figure class=\"wp-block-image size-large\"><img loading=\"lazy\" decoding=\"async\" width=\"1024\" height=\"683\" src=\"https:\/\/noticiaempauta.com\/portal\/wp-content\/uploads\/2024\/12\/IMG_6884-1024x683.jpg\" alt=\"\" class=\"wp-image-265311\" srcset=\"https:\/\/noticiaempauta.com\/portal\/wp-content\/uploads\/2024\/12\/IMG_6884-1024x683.jpg 1024w, https:\/\/noticiaempauta.com\/portal\/wp-content\/uploads\/2024\/12\/IMG_6884-300x200.jpg 300w, https:\/\/noticiaempauta.com\/portal\/wp-content\/uploads\/2024\/12\/IMG_6884-768x512.jpg 768w, https:\/\/noticiaempauta.com\/portal\/wp-content\/uploads\/2024\/12\/IMG_6884.jpg 1200w\" sizes=\"(max-width: 1024px) 100vw, 1024px\" \/><\/figure>\n\n\n\n<p>Reeleito, Dr. Clayton Barros expressou gratid\u00e3o aos paquetaenses pela confian\u00e7a expressada nas urnas para mais um mandato no munic\u00edpio.<\/p>\n\n\n\n<figure class=\"wp-block-image size-large\"><img loading=\"lazy\" decoding=\"async\" width=\"1024\" height=\"683\" src=\"https:\/\/noticiaempauta.com\/portal\/wp-content\/uploads\/2024\/12\/IMG_6966-1024x683.jpg\" alt=\"\" class=\"wp-image-265346\" srcset=\"https:\/\/noticiaempauta.com\/portal\/wp-content\/uploads\/2024\/12\/IMG_6966-1024x683.jpg 1024w, https:\/\/noticiaempauta.com\/portal\/wp-content\/uploads\/2024\/12\/IMG_6966-300x200.jpg 300w, https:\/\/noticiaempauta.com\/portal\/wp-content\/uploads\/2024\/12\/IMG_6966-768x512.jpg 768w, https:\/\/noticiaempauta.com\/portal\/wp-content\/uploads\/2024\/12\/IMG_6966.jpg 1200w\" sizes=\"(max-width: 1024px) 100vw, 1024px\" \/><\/figure>\n\n\n\n<p><em>&#8220;Muito feliz e honrado em ser diplomado como prefeito eleito de Paquet\u00e1. Ao meu lado, minha esposa, Elayne Sa, e minha filha, Maria J\u00falia, compartilho este momento especial com meu vice, Paulo Roberto, e os amigos e vereadores eleitos.<br>Quero expressar minha profunda gratid\u00e3o a todos que confiaram em mim. Esta conquista n\u00e3o \u00e9 apenas minha, mas de todos voc\u00eas. Prometo que continuarei me dedicando intensamente, trabalhando duro para trazer melhorias para nosso querido munic\u00edpio. Juntos, faremos de Paquet\u00e1 um lugar ainda melhor para todos\u201d<\/em>, frisou o prefeito Dr. Clayton Barros durante pronunciamento.<\/p>\n\n\n\n<figure class=\"wp-block-image size-large\"><img loading=\"lazy\" decoding=\"async\" width=\"1024\" height=\"683\" src=\"https:\/\/noticiaempauta.com\/portal\/wp-content\/uploads\/2024\/12\/IMG_6957-1024x683.jpg\" alt=\"\" class=\"wp-image-265347\" srcset=\"https:\/\/noticiaempauta.com\/portal\/wp-content\/uploads\/2024\/12\/IMG_6957-1024x683.jpg 1024w, https:\/\/noticiaempauta.com\/portal\/wp-content\/uploads\/2024\/12\/IMG_6957-300x200.jpg 300w, https:\/\/noticiaempauta.com\/portal\/wp-content\/uploads\/2024\/12\/IMG_6957-768x512.jpg 768w, https:\/\/noticiaempauta.com\/portal\/wp-content\/uploads\/2024\/12\/IMG_6957.jpg 1200w\" sizes=\"(max-width: 1024px) 100vw, 1024px\" \/><\/figure>\n\n\n\n<p>Paulo Roberto Portela, eleito vice-prefeito ressaltou seu compromisso para o trabalho, numa gest\u00e3o de parceria e em conjunto, em prol da popula\u00e7\u00e3o de Paquet\u00e1.<\/p>\n\n\n\n<figure class=\"wp-block-image size-large\"><img loading=\"lazy\" decoding=\"async\" width=\"1024\" height=\"683\" src=\"https:\/\/noticiaempauta.com\/portal\/wp-content\/uploads\/2024\/12\/IMG_6990-1024x683.jpg\" alt=\"\" class=\"wp-image-265350\" srcset=\"https:\/\/noticiaempauta.com\/portal\/wp-content\/uploads\/2024\/12\/IMG_6990-1024x683.jpg 1024w, https:\/\/noticiaempauta.com\/portal\/wp-content\/uploads\/2024\/12\/IMG_6990-300x200.jpg 300w, https:\/\/noticiaempauta.com\/portal\/wp-content\/uploads\/2024\/12\/IMG_6990-768x512.jpg 768w, https:\/\/noticiaempauta.com\/portal\/wp-content\/uploads\/2024\/12\/IMG_6990.jpg 1200w\" sizes=\"(max-width: 1024px) 100vw, 1024px\" \/><\/figure>\n\n\n\n<p>Foram diplomados al\u00e9m de Dr. Clayton Barros e Paulo Roberto, os vereadores: Gdson Gon\u00e7alves, Raiane Monteiro, Daniel Moura, Carlim de Lima Santos, Mariana Portela, Z\u00e9 Nilson, C\u00edcero de Justino. Suplentes de vereadores tamb\u00e9m receberam o documento da Justi\u00e7a Eleitoral.<\/p>\n\n\n\n<figure class=\"wp-block-image size-large\"><img loading=\"lazy\" decoding=\"async\" width=\"1024\" height=\"683\" src=\"https:\/\/noticiaempauta.com\/portal\/wp-content\/uploads\/2024\/12\/IMG_6983-1024x683.jpg\" alt=\"\" class=\"wp-image-265349\" srcset=\"https:\/\/noticiaempauta.com\/portal\/wp-content\/uploads\/2024\/12\/IMG_6983-1024x683.jpg 1024w, https:\/\/noticiaempauta.com\/portal\/wp-content\/uploads\/2024\/12\/IMG_6983-300x200.jpg 300w, https:\/\/noticiaempauta.com\/portal\/wp-content\/uploads\/2024\/12\/IMG_6983-768x512.jpg 768w, https:\/\/noticiaempauta.com\/portal\/wp-content\/uploads\/2024\/12\/IMG_6983.jpg 1200w\" sizes=\"(max-width: 1024px) 100vw, 1024px\" \/><\/figure>\n\n\n\n<p>Dr. Clayton Barros e Paulo Roberto foram eleitos com 2.204 votos, pelo grupo da situa\u00e7\u00e3o no munic\u00edpio.<\/p>\n\n\n\n<figure class=\"wp-block-image size-full\"><img loading=\"lazy\" decoding=\"async\" width=\"838\" height=\"729\" src=\"https:\/\/noticiaempauta.com\/portal\/wp-content\/uploads\/2024\/12\/IMG_6946.jpg\" alt=\"\" class=\"wp-image-265352\" srcset=\"https:\/\/noticiaempauta.com\/portal\/wp-content\/uploads\/2024\/12\/IMG_6946.jpg 838w, https:\/\/noticiaempauta.com\/portal\/wp-content\/uploads\/2024\/12\/IMG_6946-300x261.jpg 300w, https:\/\/noticiaempauta.com\/portal\/wp-content\/uploads\/2024\/12\/IMG_6946-768x668.jpg 768w\" sizes=\"(max-width: 838px) 100vw, 838px\" \/><\/figure>\n\n\n\n<figure class=\"wp-block-image size-large\"><img loading=\"lazy\" decoding=\"async\" width=\"1024\" height=\"741\" src=\"https:\/\/noticiaempauta.com\/portal\/wp-content\/uploads\/2024\/12\/IMG_6942-1-1024x741.jpg\" alt=\"\" class=\"wp-image-265354\" srcset=\"https:\/\/noticiaempauta.com\/portal\/wp-content\/uploads\/2024\/12\/IMG_6942-1-1024x741.jpg 1024w, https:\/\/noticiaempauta.com\/portal\/wp-content\/uploads\/2024\/12\/IMG_6942-1-300x217.jpg 300w, https:\/\/noticiaempauta.com\/portal\/wp-content\/uploads\/2024\/12\/IMG_6942-1-768x556.jpg 768w, https:\/\/noticiaempauta.com\/portal\/wp-content\/uploads\/2024\/12\/IMG_6942-1.jpg 1105w\" sizes=\"(max-width: 1024px) 100vw, 1024px\" \/><\/figure>\n\n\n\n<figure class=\"wp-block-image size-large\"><img loading=\"lazy\" decoding=\"async\" width=\"1024\" height=\"683\" src=\"https:\/\/noticiaempauta.com\/portal\/wp-content\/uploads\/2024\/12\/IMG_6898-1024x683.jpg\" alt=\"\" class=\"wp-image-265355\" srcset=\"https:\/\/noticiaempauta.com\/portal\/wp-content\/uploads\/2024\/12\/IMG_6898-1024x683.jpg 1024w, https:\/\/noticiaempauta.com\/portal\/wp-content\/uploads\/2024\/12\/IMG_6898-300x200.jpg 300w, https:\/\/noticiaempauta.com\/portal\/wp-content\/uploads\/2024\/12\/IMG_6898-768x512.jpg 768w, https:\/\/noticiaempauta.com\/portal\/wp-content\/uploads\/2024\/12\/IMG_6898.jpg 1200w\" sizes=\"(max-width: 1024px) 100vw, 1024px\" \/><\/figure>\n\n\n\n<figure class=\"wp-block-image size-large\"><img loading=\"lazy\" decoding=\"async\" width=\"1024\" height=\"683\" src=\"https:\/\/noticiaempauta.com\/portal\/wp-content\/uploads\/2024\/12\/IMG_6924-1024x683.jpg\" alt=\"\" class=\"wp-image-265356\" srcset=\"https:\/\/noticiaempauta.com\/portal\/wp-content\/uploads\/2024\/12\/IMG_6924-1024x683.jpg 1024w, https:\/\/noticiaempauta.com\/portal\/wp-content\/uploads\/2024\/12\/IMG_6924-300x200.jpg 300w, https:\/\/noticiaempauta.com\/portal\/wp-content\/uploads\/2024\/12\/IMG_6924-768x512.jpg 768w, https:\/\/noticiaempauta.com\/portal\/wp-content\/uploads\/2024\/12\/IMG_6924.jpg 1200w\" sizes=\"(max-width: 1024px) 100vw, 1024px\" \/><\/figure>\n\n\n\n<figure class=\"wp-block-image size-large\"><img loading=\"lazy\" decoding=\"async\" width=\"1024\" height=\"683\" src=\"https:\/\/noticiaempauta.com\/portal\/wp-content\/uploads\/2024\/12\/IMG_6925-1024x683.jpg\" alt=\"\" class=\"wp-image-265357\" srcset=\"https:\/\/noticiaempauta.com\/portal\/wp-content\/uploads\/2024\/12\/IMG_6925-1024x683.jpg 1024w, https:\/\/noticiaempauta.com\/portal\/wp-content\/uploads\/2024\/12\/IMG_6925-300x200.jpg 300w, https:\/\/noticiaempauta.com\/portal\/wp-content\/uploads\/2024\/12\/IMG_6925-768x512.jpg 768w, https:\/\/noticiaempauta.com\/portal\/wp-content\/uploads\/2024\/12\/IMG_6925.jpg 1200w\" sizes=\"(max-width: 1024px) 100vw, 1024px\" \/><\/figure>\n\n\n\n<figure class=\"wp-block-image size-large\"><img loading=\"lazy\" decoding=\"async\" width=\"1024\" height=\"683\" src=\"https:\/\/noticiaempauta.com\/portal\/wp-content\/uploads\/2024\/12\/IMG_6926-1024x683.jpg\" alt=\"\" class=\"wp-image-265358\" srcset=\"https:\/\/noticiaempauta.com\/portal\/wp-content\/uploads\/2024\/12\/IMG_6926-1024x683.jpg 1024w, https:\/\/noticiaempauta.com\/portal\/wp-content\/uploads\/2024\/12\/IMG_6926-300x200.jpg 300w, https:\/\/noticiaempauta.com\/portal\/wp-content\/uploads\/2024\/12\/IMG_6926-768x512.jpg 768w, https:\/\/noticiaempauta.com\/portal\/wp-content\/uploads\/2024\/12\/IMG_6926.jpg 1200w\" sizes=\"(max-width: 1024px) 100vw, 1024px\" \/><\/figure>\n\n\n\n<figure class=\"wp-block-image size-large\"><img loading=\"lazy\" decoding=\"async\" width=\"1024\" height=\"683\" src=\"https:\/\/noticiaempauta.com\/portal\/wp-content\/uploads\/2024\/12\/IMG_6927-1024x683.jpg\" alt=\"\" class=\"wp-image-265359\" srcset=\"https:\/\/noticiaempauta.com\/portal\/wp-content\/uploads\/2024\/12\/IMG_6927-1024x683.jpg 1024w, https:\/\/noticiaempauta.com\/portal\/wp-content\/uploads\/2024\/12\/IMG_6927-300x200.jpg 300w, https:\/\/noticiaempauta.com\/portal\/wp-content\/uploads\/2024\/12\/IMG_6927-768x512.jpg 768w, https:\/\/noticiaempauta.com\/portal\/wp-content\/uploads\/2024\/12\/IMG_6927.jpg 1200w\" sizes=\"(max-width: 1024px) 100vw, 1024px\" \/><\/figure>\n\n\n\n<figure class=\"wp-block-image size-large\"><img loading=\"lazy\" decoding=\"async\" width=\"1024\" height=\"683\" src=\"https:\/\/noticiaempauta.com\/portal\/wp-content\/uploads\/2024\/12\/IMG_6929-1024x683.jpg\" alt=\"\" class=\"wp-image-265360\" srcset=\"https:\/\/noticiaempauta.com\/portal\/wp-content\/uploads\/2024\/12\/IMG_6929-1024x683.jpg 1024w, https:\/\/noticiaempauta.com\/portal\/wp-content\/uploads\/2024\/12\/IMG_6929-300x200.jpg 300w, https:\/\/noticiaempauta.com\/portal\/wp-content\/uploads\/2024\/12\/IMG_6929-768x512.jpg 768w, https:\/\/noticiaempauta.com\/portal\/wp-content\/uploads\/2024\/12\/IMG_6929.jpg 1200w\" sizes=\"(max-width: 1024px) 100vw, 1024px\" \/><\/figure>\n\n\n\n<figure class=\"wp-block-image size-large\"><img loading=\"lazy\" decoding=\"async\" width=\"1024\" height=\"683\" src=\"https:\/\/noticiaempauta.com\/portal\/wp-content\/uploads\/2024\/12\/IMG_6930-1024x683.jpg\" alt=\"\" class=\"wp-image-265361\" srcset=\"https:\/\/noticiaempauta.com\/portal\/wp-content\/uploads\/2024\/12\/IMG_6930-1024x683.jpg 1024w, https:\/\/noticiaempauta.com\/portal\/wp-content\/uploads\/2024\/12\/IMG_6930-300x200.jpg 300w, https:\/\/noticiaempauta.com\/portal\/wp-content\/uploads\/2024\/12\/IMG_6930-768x512.jpg 768w, https:\/\/noticiaempauta.com\/portal\/wp-content\/uploads\/2024\/12\/IMG_6930.jpg 1200w\" sizes=\"(max-width: 1024px) 100vw, 1024px\" \/><\/figure>\n\n\n\n<figure class=\"wp-block-image size-large\"><img loading=\"lazy\" decoding=\"async\" width=\"1024\" height=\"683\" src=\"https:\/\/noticiaempauta.com\/portal\/wp-content\/uploads\/2024\/12\/IMG_6932-1024x683.jpg\" alt=\"\" class=\"wp-image-265362\" srcset=\"https:\/\/noticiaempauta.com\/portal\/wp-content\/uploads\/2024\/12\/IMG_6932-1024x683.jpg 1024w, https:\/\/noticiaempauta.com\/portal\/wp-content\/uploads\/2024\/12\/IMG_6932-300x200.jpg 300w, https:\/\/noticiaempauta.com\/portal\/wp-content\/uploads\/2024\/12\/IMG_6932-768x512.jpg 768w, https:\/\/noticiaempauta.com\/portal\/wp-content\/uploads\/2024\/12\/IMG_6932.jpg 1200w\" sizes=\"(max-width: 1024px) 100vw, 1024px\" \/><\/figure>\n\n\n\n<figure class=\"wp-block-image size-large\"><img loading=\"lazy\" decoding=\"async\" width=\"1024\" height=\"683\" src=\"https:\/\/noticiaempauta.com\/portal\/wp-content\/uploads\/2024\/12\/IMG_6934-1024x683.jpg\" alt=\"\" class=\"wp-image-265363\" srcset=\"https:\/\/noticiaempauta.com\/portal\/wp-content\/uploads\/2024\/12\/IMG_6934-1024x683.jpg 1024w, https:\/\/noticiaempauta.com\/portal\/wp-content\/uploads\/2024\/12\/IMG_6934-300x200.jpg 300w, https:\/\/noticiaempauta.com\/portal\/wp-content\/uploads\/2024\/12\/IMG_6934-768x512.jpg 768w, https:\/\/noticiaempauta.com\/portal\/wp-content\/uploads\/2024\/12\/IMG_6934.jpg 1200w\" sizes=\"(max-width: 1024px) 100vw, 1024px\" \/><\/figure>\n\n\n\n<figure class=\"wp-block-image size-large\"><img loading=\"lazy\" decoding=\"async\" width=\"1024\" height=\"683\" src=\"https:\/\/noticiaempauta.com\/portal\/wp-content\/uploads\/2024\/12\/IMG_6935-1024x683.jpg\" alt=\"\" class=\"wp-image-265364\" srcset=\"https:\/\/noticiaempauta.com\/portal\/wp-content\/uploads\/2024\/12\/IMG_6935-1024x683.jpg 1024w, https:\/\/noticiaempauta.com\/portal\/wp-content\/uploads\/2024\/12\/IMG_6935-300x200.jpg 300w, https:\/\/noticiaempauta.com\/portal\/wp-content\/uploads\/2024\/12\/IMG_6935-768x512.jpg 768w, https:\/\/noticiaempauta.com\/portal\/wp-content\/uploads\/2024\/12\/IMG_6935.jpg 1200w\" sizes=\"(max-width: 1024px) 100vw, 1024px\" \/><\/figure>\n\n\n\n<figure class=\"wp-block-image size-large\"><img loading=\"lazy\" decoding=\"async\" width=\"1024\" height=\"683\" src=\"https:\/\/noticiaempauta.com\/portal\/wp-content\/uploads\/2024\/12\/IMG_6936-1024x683.jpg\" alt=\"\" class=\"wp-image-265365\" srcset=\"https:\/\/noticiaempauta.com\/portal\/wp-content\/uploads\/2024\/12\/IMG_6936-1024x683.jpg 1024w, https:\/\/noticiaempauta.com\/portal\/wp-content\/uploads\/2024\/12\/IMG_6936-300x200.jpg 300w, https:\/\/noticiaempauta.com\/portal\/wp-content\/uploads\/2024\/12\/IMG_6936-768x512.jpg 768w, https:\/\/noticiaempauta.com\/portal\/wp-content\/uploads\/2024\/12\/IMG_6936.jpg 1200w\" sizes=\"(max-width: 1024px) 100vw, 1024px\" \/><\/figure>\n\n\n\n<figure class=\"wp-block-image size-large\"><img loading=\"lazy\" decoding=\"async\" width=\"1024\" height=\"683\" src=\"https:\/\/noticiaempauta.com\/portal\/wp-content\/uploads\/2024\/12\/IMG_6938-1024x683.jpg\" alt=\"\" class=\"wp-image-265366\" srcset=\"https:\/\/noticiaempauta.com\/portal\/wp-content\/uploads\/2024\/12\/IMG_6938-1024x683.jpg 1024w, https:\/\/noticiaempauta.com\/portal\/wp-content\/uploads\/2024\/12\/IMG_6938-300x200.jpg 300w, https:\/\/noticiaempauta.com\/portal\/wp-content\/uploads\/2024\/12\/IMG_6938-768x512.jpg 768w, https:\/\/noticiaempauta.com\/portal\/wp-content\/uploads\/2024\/12\/IMG_6938.jpg 1200w\" sizes=\"(max-width: 1024px) 100vw, 1024px\" \/><\/figure>\n\n\n\n<figure class=\"wp-block-image size-large\"><img loading=\"lazy\" decoding=\"async\" width=\"1024\" height=\"683\" src=\"https:\/\/noticiaempauta.com\/portal\/wp-content\/uploads\/2024\/12\/IMG_6940-1024x683.jpg\" alt=\"\" class=\"wp-image-265367\" srcset=\"https:\/\/noticiaempauta.com\/portal\/wp-content\/uploads\/2024\/12\/IMG_6940-1024x683.jpg 1024w, https:\/\/noticiaempauta.com\/portal\/wp-content\/uploads\/2024\/12\/IMG_6940-300x200.jpg 300w, https:\/\/noticiaempauta.com\/portal\/wp-content\/uploads\/2024\/12\/IMG_6940-768x512.jpg 768w, https:\/\/noticiaempauta.com\/portal\/wp-content\/uploads\/2024\/12\/IMG_6940.jpg 1200w\" sizes=\"(max-width: 1024px) 100vw, 1024px\" \/><\/figure>\n\n\n\n<figure class=\"wp-block-image size-large\"><img loading=\"lazy\" decoding=\"async\" width=\"1024\" height=\"683\" src=\"https:\/\/noticiaempauta.com\/portal\/wp-content\/uploads\/2024\/12\/IMG_6956-1024x683.jpg\" alt=\"\" class=\"wp-image-265368\" srcset=\"https:\/\/noticiaempauta.com\/portal\/wp-content\/uploads\/2024\/12\/IMG_6956-1024x683.jpg 1024w, https:\/\/noticiaempauta.com\/portal\/wp-content\/uploads\/2024\/12\/IMG_6956-300x200.jpg 300w, https:\/\/noticiaempauta.com\/portal\/wp-content\/uploads\/2024\/12\/IMG_6956-768x512.jpg 768w, https:\/\/noticiaempauta.com\/portal\/wp-content\/uploads\/2024\/12\/IMG_6956.jpg 1200w\" sizes=\"(max-width: 1024px) 100vw, 1024px\" \/><\/figure>\n\n\n\n<figure class=\"wp-block-image size-large\"><img loading=\"lazy\" decoding=\"async\" width=\"1024\" height=\"683\" src=\"https:\/\/noticiaempauta.com\/portal\/wp-content\/uploads\/2024\/12\/IMG_7001-1024x683.jpg\" alt=\"\" class=\"wp-image-265369\" srcset=\"https:\/\/noticiaempauta.com\/portal\/wp-content\/uploads\/2024\/12\/IMG_7001-1024x683.jpg 1024w, https:\/\/noticiaempauta.com\/portal\/wp-content\/uploads\/2024\/12\/IMG_7001-300x200.jpg 300w, https:\/\/noticiaempauta.com\/portal\/wp-content\/uploads\/2024\/12\/IMG_7001-768x512.jpg 768w, https:\/\/noticiaempauta.com\/portal\/wp-content\/uploads\/2024\/12\/IMG_7001.jpg 1200w\" sizes=\"(max-width: 1024px) 100vw, 1024px\" \/><\/figure>\n\n\n\n<figure class=\"wp-block-image size-large\"><img loading=\"lazy\" decoding=\"async\" width=\"1024\" height=\"683\" src=\"https:\/\/noticiaempauta.com\/portal\/wp-content\/uploads\/2024\/12\/IMG_7003-1024x683.jpg\" alt=\"\" class=\"wp-image-265370\" srcset=\"https:\/\/noticiaempauta.com\/portal\/wp-content\/uploads\/2024\/12\/IMG_7003-1024x683.jpg 1024w, https:\/\/noticiaempauta.com\/portal\/wp-content\/uploads\/2024\/12\/IMG_7003-300x200.jpg 300w, https:\/\/noticiaempauta.com\/portal\/wp-content\/uploads\/2024\/12\/IMG_7003-768x512.jpg 768w, https:\/\/noticiaempauta.com\/portal\/wp-content\/uploads\/2024\/12\/IMG_7003.jpg 1200w\" sizes=\"(max-width: 1024px) 100vw, 1024px\" \/><\/figure>\n\n\n\n<figure class=\"wp-block-image size-large\"><img loading=\"lazy\" decoding=\"async\" width=\"1024\" height=\"683\" src=\"https:\/\/noticiaempauta.com\/portal\/wp-content\/uploads\/2024\/12\/IMG_7005-1024x683.jpg\" alt=\"\" class=\"wp-image-265372\" srcset=\"https:\/\/noticiaempauta.com\/portal\/wp-content\/uploads\/2024\/12\/IMG_7005-1024x683.jpg 1024w, https:\/\/noticiaempauta.com\/portal\/wp-content\/uploads\/2024\/12\/IMG_7005-300x200.jpg 300w, https:\/\/noticiaempauta.com\/portal\/wp-content\/uploads\/2024\/12\/IMG_7005-768x512.jpg 768w, https:\/\/noticiaempauta.com\/portal\/wp-content\/uploads\/2024\/12\/IMG_7005.jpg 1200w\" sizes=\"(max-width: 1024px) 100vw, 1024px\" \/><\/figure>\n","protected":false},"excerpt":{"rendered":"<p>A Justi\u00e7a Eleitoral da 10\u00aa&nbsp; zona diplomou na noite desta sexta-feira 13 de dezembro, o prefeito eleito em 6 de outubro, pelo Progressistas, Dr. Clayton Barros, o vice-prefeito Paulo Roberto, vereadores eleitos e suplentes do munic\u00edpio de Paquet\u00e1 do Piau\u00ed. A solenidade foi realizada no Audit\u00f3rio do F\u00f3rum da Comarca de Picos e contou com [&hellip;]<\/p>\n","protected":false},"author":2,"featured_media":265343,"comment_status":"open","ping_status":"open","sticky":false,"template":"","format":"standard","meta":{"_mi_skip_tracking":false,"footnotes":""},"categories":[25,1,9,3,16],"tags":[192],"class_list":["post-265342","post","type-post","status-publish","format-standard","has-post-thumbnail","hentry","category-destaques-site","category-geral","category-municipios","category-politica","category-todas","tag-destaqueprincipal"],"acf":[],"yoast_head":"<!-- This site is optimized with the Yoast SEO Premium plugin v19.2 (Yoast SEO v26.9) - https:\/\/yoast.com\/product\/yoast-seo-premium-wordpress\/ -->\n<title>Paquet\u00e1 do Piau\u00ed | Prefeito Clayton Barros, vice Paulo Roberto e vereadores s\u00e3o diplomados pela Justi\u00e7a Eleitoral - Portal Not\u00edcia em Pauta<\/title>\n<meta name=\"robots\" content=\"index, follow, max-snippet:-1, max-image-preview:large, max-video-preview:-1\" \/>\n<link rel=\"canonical\" href=\"https:\/\/noticiaempauta.com\/portal\/paqueta-do-piaui-prefeito-clayton-barros-vice-paulo-roberto-e-vereadores-sao-diplomados-pela-justica-eleitoral\/\" \/>\n<meta property=\"og:locale\" content=\"pt_BR\" \/>\n<meta property=\"og:type\" content=\"article\" \/>\n<meta property=\"og:title\" content=\"Paquet\u00e1 do Piau\u00ed | Prefeito Clayton Barros, vice Paulo Roberto e vereadores s\u00e3o diplomados pela Justi\u00e7a Eleitoral\" \/>\n<meta property=\"og:description\" content=\"A Justi\u00e7a Eleitoral da 10\u00aa&nbsp; zona diplomou na noite desta sexta-feira 13 de dezembro, o prefeito eleito em 6 de outubro, pelo Progressistas, Dr. Clayton Barros, o vice-prefeito Paulo Roberto, vereadores eleitos e suplentes do munic\u00edpio de Paquet\u00e1 do Piau\u00ed. A solenidade foi realizada no Audit\u00f3rio do F\u00f3rum da Comarca de Picos e contou com [&hellip;]\" \/>\n<meta property=\"og:url\" content=\"https:\/\/noticiaempauta.com\/portal\/paqueta-do-piaui-prefeito-clayton-barros-vice-paulo-roberto-e-vereadores-sao-diplomados-pela-justica-eleitoral\/\" \/>\n<meta property=\"og:site_name\" content=\"Portal Not\u00edcia em Pauta\" \/>\n<meta property=\"article:publisher\" content=\"https:\/\/www.facebook.com\/Portal-Notcia-Em-Pauta-102292869264820\/\" \/>\n<meta property=\"article:published_time\" content=\"2024-12-14T10:00:33+00:00\" \/>\n<meta property=\"article:modified_time\" content=\"2024-12-14T10:01:39+00:00\" \/>\n<meta property=\"og:image\" content=\"https:\/\/noticiaempauta.com\/portal\/wp-content\/uploads\/2024\/12\/IMG_6994.jpg\" \/>\n\t<meta property=\"og:image:width\" content=\"1200\" \/>\n\t<meta property=\"og:image:height\" content=\"800\" \/>\n\t<meta property=\"og:image:type\" content=\"image\/jpeg\" \/>\n<meta name=\"author\" content=\"Reda\u00e7\u00e3o\" \/>\n<meta name=\"twitter:card\" content=\"summary_large_image\" \/>\n<meta name=\"twitter:label1\" content=\"Escrito por\" \/>\n\t<meta name=\"twitter:data1\" content=\"Reda\u00e7\u00e3o\" \/>\n\t<meta name=\"twitter:label2\" content=\"Est. tempo de leitura\" \/>\n\t<meta name=\"twitter:data2\" content=\"8 minutos\" \/>\n<script type=\"application\/ld+json\" class=\"yoast-schema-graph\">{\"@context\":\"https:\/\/schema.org\",\"@graph\":[{\"@type\":\"Article\",\"@id\":\"https:\/\/noticiaempauta.com\/portal\/paqueta-do-piaui-prefeito-clayton-barros-vice-paulo-roberto-e-vereadores-sao-diplomados-pela-justica-eleitoral\/#article\",\"isPartOf\":{\"@id\":\"https:\/\/noticiaempauta.com\/portal\/paqueta-do-piaui-prefeito-clayton-barros-vice-paulo-roberto-e-vereadores-sao-diplomados-pela-justica-eleitoral\/\"},\"author\":{\"name\":\"Reda\u00e7\u00e3o\",\"@id\":\"https:\/\/noticiaempauta.com\/portal\/#\/schema\/person\/a74af43dd1ab3deca45f988c717d57ac\"},\"headline\":\"Paquet\u00e1 do Piau\u00ed | Prefeito Clayton Barros, vice Paulo Roberto e vereadores s\u00e3o diplomados pela Justi\u00e7a Eleitoral\",\"datePublished\":\"2024-12-14T10:00:33+00:00\",\"dateModified\":\"2024-12-14T10:01:39+00:00\",\"mainEntityOfPage\":{\"@id\":\"https:\/\/noticiaempauta.com\/portal\/paqueta-do-piaui-prefeito-clayton-barros-vice-paulo-roberto-e-vereadores-sao-diplomados-pela-justica-eleitoral\/\"},\"wordCount\":336,\"commentCount\":0,\"publisher\":{\"@id\":\"https:\/\/noticiaempauta.com\/portal\/#organization\"},\"image\":{\"@id\":\"https:\/\/noticiaempauta.com\/portal\/paqueta-do-piaui-prefeito-clayton-barros-vice-paulo-roberto-e-vereadores-sao-diplomados-pela-justica-eleitoral\/#primaryimage\"},\"thumbnailUrl\":\"https:\/\/noticiaempauta.com\/portal\/wp-content\/uploads\/2024\/12\/IMG_6994.jpg\",\"keywords\":[\"destaqueprincipal\"],\"articleSection\":[\"Destaques\",\"Geral\",\"Munic\u00edpios\",\"Pol\u00edtica\",\"Todas as Not\u00edcias\"],\"inLanguage\":\"pt-BR\",\"potentialAction\":[{\"@type\":\"CommentAction\",\"name\":\"Comment\",\"target\":[\"https:\/\/noticiaempauta.com\/portal\/paqueta-do-piaui-prefeito-clayton-barros-vice-paulo-roberto-e-vereadores-sao-diplomados-pela-justica-eleitoral\/#respond\"]}]},{\"@type\":\"WebPage\",\"@id\":\"https:\/\/noticiaempauta.com\/portal\/paqueta-do-piaui-prefeito-clayton-barros-vice-paulo-roberto-e-vereadores-sao-diplomados-pela-justica-eleitoral\/\",\"url\":\"https:\/\/noticiaempauta.com\/portal\/paqueta-do-piaui-prefeito-clayton-barros-vice-paulo-roberto-e-vereadores-sao-diplomados-pela-justica-eleitoral\/\",\"name\":\"Paquet\u00e1 do Piau\u00ed | Prefeito Clayton Barros, vice Paulo Roberto e vereadores s\u00e3o diplomados pela Justi\u00e7a Eleitoral - Portal Not\u00edcia em Pauta\",\"isPartOf\":{\"@id\":\"https:\/\/noticiaempauta.com\/portal\/#website\"},\"primaryImageOfPage\":{\"@id\":\"https:\/\/noticiaempauta.com\/portal\/paqueta-do-piaui-prefeito-clayton-barros-vice-paulo-roberto-e-vereadores-sao-diplomados-pela-justica-eleitoral\/#primaryimage\"},\"image\":{\"@id\":\"https:\/\/noticiaempauta.com\/portal\/paqueta-do-piaui-prefeito-clayton-barros-vice-paulo-roberto-e-vereadores-sao-diplomados-pela-justica-eleitoral\/#primaryimage\"},\"thumbnailUrl\":\"https:\/\/noticiaempauta.com\/portal\/wp-content\/uploads\/2024\/12\/IMG_6994.jpg\",\"datePublished\":\"2024-12-14T10:00:33+00:00\",\"dateModified\":\"2024-12-14T10:01:39+00:00\",\"breadcrumb\":{\"@id\":\"https:\/\/noticiaempauta.com\/portal\/paqueta-do-piaui-prefeito-clayton-barros-vice-paulo-roberto-e-vereadores-sao-diplomados-pela-justica-eleitoral\/#breadcrumb\"},\"inLanguage\":\"pt-BR\",\"potentialAction\":[{\"@type\":\"ReadAction\",\"target\":[\"https:\/\/noticiaempauta.com\/portal\/paqueta-do-piaui-prefeito-clayton-barros-vice-paulo-roberto-e-vereadores-sao-diplomados-pela-justica-eleitoral\/\"]}]},{\"@type\":\"ImageObject\",\"inLanguage\":\"pt-BR\",\"@id\":\"https:\/\/noticiaempauta.com\/portal\/paqueta-do-piaui-prefeito-clayton-barros-vice-paulo-roberto-e-vereadores-sao-diplomados-pela-justica-eleitoral\/#primaryimage\",\"url\":\"https:\/\/noticiaempauta.com\/portal\/wp-content\/uploads\/2024\/12\/IMG_6994.jpg\",\"contentUrl\":\"https:\/\/noticiaempauta.com\/portal\/wp-content\/uploads\/2024\/12\/IMG_6994.jpg\",\"width\":1200,\"height\":800},{\"@type\":\"BreadcrumbList\",\"@id\":\"https:\/\/noticiaempauta.com\/portal\/paqueta-do-piaui-prefeito-clayton-barros-vice-paulo-roberto-e-vereadores-sao-diplomados-pela-justica-eleitoral\/#breadcrumb\",\"itemListElement\":[{\"@type\":\"ListItem\",\"position\":1,\"name\":\"P\u00e1gina Inicial\",\"item\":\"https:\/\/noticiaempauta.com\/portal\/\"},{\"@type\":\"ListItem\",\"position\":2,\"name\":\"Destaques\",\"item\":\"https:\/\/noticiaempauta.com\/portal\/destaques-site\/\"},{\"@type\":\"ListItem\",\"position\":3,\"name\":\"Paquet\u00e1 do Piau\u00ed | Prefeito Clayton Barros, vice Paulo Roberto e vereadores s\u00e3o diplomados pela Justi\u00e7a Eleitoral\"}]},{\"@type\":\"WebSite\",\"@id\":\"https:\/\/noticiaempauta.com\/portal\/#website\",\"url\":\"https:\/\/noticiaempauta.com\/portal\/\",\"name\":\"Portal Not\u00edcia em Pauta\",\"description\":\"Voc\u00ea bem informado\",\"publisher\":{\"@id\":\"https:\/\/noticiaempauta.com\/portal\/#organization\"},\"potentialAction\":[{\"@type\":\"SearchAction\",\"target\":{\"@type\":\"EntryPoint\",\"urlTemplate\":\"https:\/\/noticiaempauta.com\/portal\/?s={search_term_string}\"},\"query-input\":{\"@type\":\"PropertyValueSpecification\",\"valueRequired\":true,\"valueName\":\"search_term_string\"}}],\"inLanguage\":\"pt-BR\"},{\"@type\":\"Organization\",\"@id\":\"https:\/\/noticiaempauta.com\/portal\/#organization\",\"name\":\"Portal Not\u00edcia em Pauta\",\"url\":\"https:\/\/noticiaempauta.com\/portal\/\",\"logo\":{\"@type\":\"ImageObject\",\"inLanguage\":\"pt-BR\",\"@id\":\"https:\/\/noticiaempauta.com\/portal\/#\/schema\/logo\/image\/\",\"url\":\"https:\/\/noticiaempauta.com\/portal\/wp-content\/uploads\/2022\/08\/logomarca_tema.fw_.png\",\"contentUrl\":\"https:\/\/noticiaempauta.com\/portal\/wp-content\/uploads\/2022\/08\/logomarca_tema.fw_.png\",\"width\":400,\"height\":232,\"caption\":\"Portal Not\u00edcia em Pauta\"},\"image\":{\"@id\":\"https:\/\/noticiaempauta.com\/portal\/#\/schema\/logo\/image\/\"},\"sameAs\":[\"https:\/\/www.facebook.com\/Portal-Notcia-Em-Pauta-102292869264820\/\",\"https:\/\/www.instagram.com\/portalnoticiaempauta\/\"]},{\"@type\":\"Person\",\"@id\":\"https:\/\/noticiaempauta.com\/portal\/#\/schema\/person\/a74af43dd1ab3deca45f988c717d57ac\",\"name\":\"Reda\u00e7\u00e3o\",\"image\":{\"@type\":\"ImageObject\",\"inLanguage\":\"pt-BR\",\"@id\":\"https:\/\/noticiaempauta.com\/portal\/#\/schema\/person\/image\/\",\"url\":\"https:\/\/secure.gravatar.com\/avatar\/03179346ecce6cdfc13361603e8f54242a90e5cde8618fa23c5c00aa2b0aadf3?s=96&d=mm&r=g\",\"contentUrl\":\"https:\/\/secure.gravatar.com\/avatar\/03179346ecce6cdfc13361603e8f54242a90e5cde8618fa23c5c00aa2b0aadf3?s=96&d=mm&r=g\",\"caption\":\"Reda\u00e7\u00e3o\"},\"sameAs\":[\"https:\/\/noticiaempauta.com\/portal\/\"],\"url\":\"https:\/\/noticiaempauta.com\/portal\/author\/fernando\/\"}]}<\/script>\n<!-- \/ Yoast SEO Premium plugin. -->","yoast_head_json":{"title":"Paquet\u00e1 do Piau\u00ed | Prefeito Clayton Barros, vice Paulo Roberto e vereadores s\u00e3o diplomados pela Justi\u00e7a Eleitoral - Portal Not\u00edcia em Pauta","robots":{"index":"index","follow":"follow","max-snippet":"max-snippet:-1","max-image-preview":"max-image-preview:large","max-video-preview":"max-video-preview:-1"},"canonical":"https:\/\/noticiaempauta.com\/portal\/paqueta-do-piaui-prefeito-clayton-barros-vice-paulo-roberto-e-vereadores-sao-diplomados-pela-justica-eleitoral\/","og_locale":"pt_BR","og_type":"article","og_title":"Paquet\u00e1 do Piau\u00ed | Prefeito Clayton Barros, vice Paulo Roberto e vereadores s\u00e3o diplomados pela Justi\u00e7a Eleitoral","og_description":"A Justi\u00e7a Eleitoral da 10\u00aa&nbsp; zona diplomou na noite desta sexta-feira 13 de dezembro, o prefeito eleito em 6 de outubro, pelo Progressistas, Dr. Clayton Barros, o vice-prefeito Paulo Roberto, vereadores eleitos e suplentes do munic\u00edpio de Paquet\u00e1 do Piau\u00ed. A solenidade foi realizada no Audit\u00f3rio do F\u00f3rum da Comarca de Picos e contou com [&hellip;]","og_url":"https:\/\/noticiaempauta.com\/portal\/paqueta-do-piaui-prefeito-clayton-barros-vice-paulo-roberto-e-vereadores-sao-diplomados-pela-justica-eleitoral\/","og_site_name":"Portal Not\u00edcia em Pauta","article_publisher":"https:\/\/www.facebook.com\/Portal-Notcia-Em-Pauta-102292869264820\/","article_published_time":"2024-12-14T10:00:33+00:00","article_modified_time":"2024-12-14T10:01:39+00:00","og_image":[{"width":1200,"height":800,"url":"https:\/\/noticiaempauta.com\/portal\/wp-content\/uploads\/2024\/12\/IMG_6994.jpg","type":"image\/jpeg"}],"author":"Reda\u00e7\u00e3o","twitter_card":"summary_large_image","twitter_misc":{"Escrito por":"Reda\u00e7\u00e3o","Est. tempo de leitura":"8 minutos"},"schema":{"@context":"https:\/\/schema.org","@graph":[{"@type":"Article","@id":"https:\/\/noticiaempauta.com\/portal\/paqueta-do-piaui-prefeito-clayton-barros-vice-paulo-roberto-e-vereadores-sao-diplomados-pela-justica-eleitoral\/#article","isPartOf":{"@id":"https:\/\/noticiaempauta.com\/portal\/paqueta-do-piaui-prefeito-clayton-barros-vice-paulo-roberto-e-vereadores-sao-diplomados-pela-justica-eleitoral\/"},"author":{"name":"Reda\u00e7\u00e3o","@id":"https:\/\/noticiaempauta.com\/portal\/#\/schema\/person\/a74af43dd1ab3deca45f988c717d57ac"},"headline":"Paquet\u00e1 do Piau\u00ed | Prefeito Clayton Barros, vice Paulo Roberto e vereadores s\u00e3o diplomados pela Justi\u00e7a Eleitoral","datePublished":"2024-12-14T10:00:33+00:00","dateModified":"2024-12-14T10:01:39+00:00","mainEntityOfPage":{"@id":"https:\/\/noticiaempauta.com\/portal\/paqueta-do-piaui-prefeito-clayton-barros-vice-paulo-roberto-e-vereadores-sao-diplomados-pela-justica-eleitoral\/"},"wordCount":336,"commentCount":0,"publisher":{"@id":"https:\/\/noticiaempauta.com\/portal\/#organization"},"image":{"@id":"https:\/\/noticiaempauta.com\/portal\/paqueta-do-piaui-prefeito-clayton-barros-vice-paulo-roberto-e-vereadores-sao-diplomados-pela-justica-eleitoral\/#primaryimage"},"thumbnailUrl":"https:\/\/noticiaempauta.com\/portal\/wp-content\/uploads\/2024\/12\/IMG_6994.jpg","keywords":["destaqueprincipal"],"articleSection":["Destaques","Geral","Munic\u00edpios","Pol\u00edtica","Todas as Not\u00edcias"],"inLanguage":"pt-BR","potentialAction":[{"@type":"CommentAction","name":"Comment","target":["https:\/\/noticiaempauta.com\/portal\/paqueta-do-piaui-prefeito-clayton-barros-vice-paulo-roberto-e-vereadores-sao-diplomados-pela-justica-eleitoral\/#respond"]}]},{"@type":"WebPage","@id":"https:\/\/noticiaempauta.com\/portal\/paqueta-do-piaui-prefeito-clayton-barros-vice-paulo-roberto-e-vereadores-sao-diplomados-pela-justica-eleitoral\/","url":"https:\/\/noticiaempauta.com\/portal\/paqueta-do-piaui-prefeito-clayton-barros-vice-paulo-roberto-e-vereadores-sao-diplomados-pela-justica-eleitoral\/","name":"Paquet\u00e1 do Piau\u00ed | Prefeito Clayton Barros, vice Paulo Roberto e vereadores s\u00e3o diplomados pela Justi\u00e7a Eleitoral - Portal Not\u00edcia em Pauta","isPartOf":{"@id":"https:\/\/noticiaempauta.com\/portal\/#website"},"primaryImageOfPage":{"@id":"https:\/\/noticiaempauta.com\/portal\/paqueta-do-piaui-prefeito-clayton-barros-vice-paulo-roberto-e-vereadores-sao-diplomados-pela-justica-eleitoral\/#primaryimage"},"image":{"@id":"https:\/\/noticiaempauta.com\/portal\/paqueta-do-piaui-prefeito-clayton-barros-vice-paulo-roberto-e-vereadores-sao-diplomados-pela-justica-eleitoral\/#primaryimage"},"thumbnailUrl":"https:\/\/noticiaempauta.com\/portal\/wp-content\/uploads\/2024\/12\/IMG_6994.jpg","datePublished":"2024-12-14T10:00:33+00:00","dateModified":"2024-12-14T10:01:39+00:00","breadcrumb":{"@id":"https:\/\/noticiaempauta.com\/portal\/paqueta-do-piaui-prefeito-clayton-barros-vice-paulo-roberto-e-vereadores-sao-diplomados-pela-justica-eleitoral\/#breadcrumb"},"inLanguage":"pt-BR","potentialAction":[{"@type":"ReadAction","target":["https:\/\/noticiaempauta.com\/portal\/paqueta-do-piaui-prefeito-clayton-barros-vice-paulo-roberto-e-vereadores-sao-diplomados-pela-justica-eleitoral\/"]}]},{"@type":"ImageObject","inLanguage":"pt-BR","@id":"https:\/\/noticiaempauta.com\/portal\/paqueta-do-piaui-prefeito-clayton-barros-vice-paulo-roberto-e-vereadores-sao-diplomados-pela-justica-eleitoral\/#primaryimage","url":"https:\/\/noticiaempauta.com\/portal\/wp-content\/uploads\/2024\/12\/IMG_6994.jpg","contentUrl":"https:\/\/noticiaempauta.com\/portal\/wp-content\/uploads\/2024\/12\/IMG_6994.jpg","width":1200,"height":800},{"@type":"BreadcrumbList","@id":"https:\/\/noticiaempauta.com\/portal\/paqueta-do-piaui-prefeito-clayton-barros-vice-paulo-roberto-e-vereadores-sao-diplomados-pela-justica-eleitoral\/#breadcrumb","itemListElement":[{"@type":"ListItem","position":1,"name":"P\u00e1gina Inicial","item":"https:\/\/noticiaempauta.com\/portal\/"},{"@type":"ListItem","position":2,"name":"Destaques","item":"https:\/\/noticiaempauta.com\/portal\/destaques-site\/"},{"@type":"ListItem","position":3,"name":"Paquet\u00e1 do Piau\u00ed | Prefeito Clayton Barros, vice Paulo Roberto e vereadores s\u00e3o diplomados pela Justi\u00e7a Eleitoral"}]},{"@type":"WebSite","@id":"https:\/\/noticiaempauta.com\/portal\/#website","url":"https:\/\/noticiaempauta.com\/portal\/","name":"Portal Not\u00edcia em Pauta","description":"Voc\u00ea bem informado","publisher":{"@id":"https:\/\/noticiaempauta.com\/portal\/#organization"},"potentialAction":[{"@type":"SearchAction","target":{"@type":"EntryPoint","urlTemplate":"https:\/\/noticiaempauta.com\/portal\/?s={search_term_string}"},"query-input":{"@type":"PropertyValueSpecification","valueRequired":true,"valueName":"search_term_string"}}],"inLanguage":"pt-BR"},{"@type":"Organization","@id":"https:\/\/noticiaempauta.com\/portal\/#organization","name":"Portal Not\u00edcia em Pauta","url":"https:\/\/noticiaempauta.com\/portal\/","logo":{"@type":"ImageObject","inLanguage":"pt-BR","@id":"https:\/\/noticiaempauta.com\/portal\/#\/schema\/logo\/image\/","url":"https:\/\/noticiaempauta.com\/portal\/wp-content\/uploads\/2022\/08\/logomarca_tema.fw_.png","contentUrl":"https:\/\/noticiaempauta.com\/portal\/wp-content\/uploads\/2022\/08\/logomarca_tema.fw_.png","width":400,"height":232,"caption":"Portal Not\u00edcia em Pauta"},"image":{"@id":"https:\/\/noticiaempauta.com\/portal\/#\/schema\/logo\/image\/"},"sameAs":["https:\/\/www.facebook.com\/Portal-Notcia-Em-Pauta-102292869264820\/","https:\/\/www.instagram.com\/portalnoticiaempauta\/"]},{"@type":"Person","@id":"https:\/\/noticiaempauta.com\/portal\/#\/schema\/person\/a74af43dd1ab3deca45f988c717d57ac","name":"Reda\u00e7\u00e3o","image":{"@type":"ImageObject","inLanguage":"pt-BR","@id":"https:\/\/noticiaempauta.com\/portal\/#\/schema\/person\/image\/","url":"https:\/\/secure.gravatar.com\/avatar\/03179346ecce6cdfc13361603e8f54242a90e5cde8618fa23c5c00aa2b0aadf3?s=96&d=mm&r=g","contentUrl":"https:\/\/secure.gravatar.com\/avatar\/03179346ecce6cdfc13361603e8f54242a90e5cde8618fa23c5c00aa2b0aadf3?s=96&d=mm&r=g","caption":"Reda\u00e7\u00e3o"},"sameAs":["https:\/\/noticiaempauta.com\/portal\/"],"url":"https:\/\/noticiaempauta.com\/portal\/author\/fernando\/"}]}},"_links":{"self":[{"href":"https:\/\/noticiaempauta.com\/portal\/wp-json\/wp\/v2\/posts\/265342","targetHints":{"allow":["GET"]}}],"collection":[{"href":"https:\/\/noticiaempauta.com\/portal\/wp-json\/wp\/v2\/posts"}],"about":[{"href":"https:\/\/noticiaempauta.com\/portal\/wp-json\/wp\/v2\/types\/post"}],"author":[{"embeddable":true,"href":"https:\/\/noticiaempauta.com\/portal\/wp-json\/wp\/v2\/users\/2"}],"replies":[{"embeddable":true,"href":"https:\/\/noticiaempauta.com\/portal\/wp-json\/wp\/v2\/comments?post=265342"}],"version-history":[{"count":3,"href":"https:\/\/noticiaempauta.com\/portal\/wp-json\/wp\/v2\/posts\/265342\/revisions"}],"predecessor-version":[{"id":265375,"href":"https:\/\/noticiaempauta.com\/portal\/wp-json\/wp\/v2\/posts\/265342\/revisions\/265375"}],"wp:featuredmedia":[{"embeddable":true,"href":"https:\/\/noticiaempauta.com\/portal\/wp-json\/wp\/v2\/media\/265343"}],"wp:attachment":[{"href":"https:\/\/noticiaempauta.com\/portal\/wp-json\/wp\/v2\/media?parent=265342"}],"wp:term":[{"taxonomy":"category","embeddable":true,"href":"https:\/\/noticiaempauta.com\/portal\/wp-json\/wp\/v2\/categories?post=265342"},{"taxonomy":"post_tag","embeddable":true,"href":"https:\/\/noticiaempauta.com\/portal\/wp-json\/wp\/v2\/tags?post=265342"}],"curies":[{"name":"wp","href":"https:\/\/api.w.org\/{rel}","templated":true}]}}