{"id":265376,"date":"2024-12-14T07:06:22","date_gmt":"2024-12-14T10:06:22","guid":{"rendered":"https:\/\/noticiaempauta.com\/portal\/?p=265376"},"modified":"2024-12-14T07:06:23","modified_gmt":"2024-12-14T10:06:23","slug":"lula-deixa-uti-esta-consciente-e-segue-sob-cuidados-semi-intensivos-diz-boletim-medico","status":"publish","type":"post","link":"https:\/\/noticiaempauta.com\/portal\/lula-deixa-uti-esta-consciente-e-segue-sob-cuidados-semi-intensivos-diz-boletim-medico\/","title":{"rendered":"Lula deixa UTI, est\u00e1 consciente e segue sob cuidados semi-intensivos, diz boletim m\u00e9dico"},"content":{"rendered":"\n<p>Ap\u00f3s quatro dias internado no Hospital S\u00edrio-Liban\u00eas, em S\u00e3o Paulo, o presidente Luiz In\u00e1cio Lula da Silva (PT) deixou a Unidade de Terapia Intensiva (UTI) e agora segue sob cuidados semi-intensivos. A transfer\u00eancia para a nova fase do tratamento foi confirmada pelo boletim m\u00e9dico divulgado nesta sexta-feira (13). Lula, que tem 79 anos, continua em recupera\u00e7\u00e3o\u00a0ap\u00f3s passar por duas cirurgias\u00a0em decorr\u00eancia de um\u00a0acidente dom\u00e9stico sofrido em outubro.\u00a0A evolu\u00e7\u00e3o positiva do presidente \u00e9 observada pela equipe m\u00e9dica, que prev\u00ea a alta para a pr\u00f3xima ter\u00e7a-feira (17).<\/p>\n\n\n\n<figure class=\"wp-block-image size-full\"><img fetchpriority=\"high\" decoding=\"async\" width=\"800\" height=\"479\" src=\"https:\/\/noticiaempauta.com\/portal\/wp-content\/uploads\/2024\/12\/IadQX5WE0cWf8fQliVFGPOs3f0tIVtnfe7g2NOUG.webp\" alt=\"\" class=\"wp-image-265378\" srcset=\"https:\/\/noticiaempauta.com\/portal\/wp-content\/uploads\/2024\/12\/IadQX5WE0cWf8fQliVFGPOs3f0tIVtnfe7g2NOUG.webp 800w, https:\/\/noticiaempauta.com\/portal\/wp-content\/uploads\/2024\/12\/IadQX5WE0cWf8fQliVFGPOs3f0tIVtnfe7g2NOUG-300x180.webp 300w, https:\/\/noticiaempauta.com\/portal\/wp-content\/uploads\/2024\/12\/IadQX5WE0cWf8fQliVFGPOs3f0tIVtnfe7g2NOUG-768x460.webp 768w\" sizes=\"(max-width: 800px) 100vw, 800px\" \/><figcaption class=\"wp-element-caption\"><em>(Marcelo Camargo\/Ag\u00eancia Brasil)<\/em><\/figcaption><\/figure>\n\n\n\n<p>Lula foi internado no Hospital S\u00edrio-Liban\u00eas na noite de segunda-feira (9), ap\u00f3s sentir fortes dores de cabe\u00e7a. Exames revelaram uma hemorragia decorrente da queda que sofreu no banheiro em outubro. Na madrugada de ter\u00e7a-feira (10), ele passou por uma cirurgia de emerg\u00eancia para drenar um hematoma no c\u00e9rebro. Na quinta-feira (12), o presidente foi submetido a outro procedimento, uma emboliza\u00e7\u00e3o de art\u00e9ria men\u00edngea m\u00e9dia, com o objetivo de prevenir novos sangramentos.<\/p>\n\n\n\n<p>Com a sa\u00fade estabilizada, Lula deixou a UTI e est\u00e1 agora sob monitoramento em cuidados semi-intensivos. Segundo o boletim m\u00e9dico, o presidente se alimenta normalmente e caminha pelos corredores do hospital. A equipe m\u00e9dica revelou ontem (12), com a evolu\u00e7\u00e3o positiva do quadro, a previs\u00e3o \u00e9 de que Lula tenha alta na pr\u00f3xima ter\u00e7a-feira (17). Durante o per\u00edodo de recupera\u00e7\u00e3o, ele dever\u00e1 repousar e evitar esfor\u00e7os f\u00edsicos e mentais.<\/p>\n\n\n\n<figure class=\"wp-block-image size-full\"><img decoding=\"async\" width=\"800\" height=\"540\" src=\"https:\/\/noticiaempauta.com\/portal\/wp-content\/uploads\/2024\/12\/9gg4hyjPd7MxOOrhw1pJr9tvuOuwV5AbSnSuv638.webp\" alt=\"\" class=\"wp-image-265377\" srcset=\"https:\/\/noticiaempauta.com\/portal\/wp-content\/uploads\/2024\/12\/9gg4hyjPd7MxOOrhw1pJr9tvuOuwV5AbSnSuv638.webp 800w, https:\/\/noticiaempauta.com\/portal\/wp-content\/uploads\/2024\/12\/9gg4hyjPd7MxOOrhw1pJr9tvuOuwV5AbSnSuv638-300x203.webp 300w, https:\/\/noticiaempauta.com\/portal\/wp-content\/uploads\/2024\/12\/9gg4hyjPd7MxOOrhw1pJr9tvuOuwV5AbSnSuv638-768x518.webp 768w\" sizes=\"(max-width: 800px) 100vw, 800px\" \/><\/figure>\n\n\n\n<p>Enquanto o presidente Lula permanece em recupera\u00e7\u00e3o, o vice-presidente Geraldo Alckmin (PSB) tem assumido compromissos representativos, como a condu\u00e7\u00e3o de atividades no Congresso e outras fun\u00e7\u00f5es executivas. A equipe de ministros, incluindo o ministro da Fazenda Fernando Haddad, segue coordenando pautas importantes, como o pacote fiscal em discuss\u00e3o no Congresso.<\/p>\n\n\n\n<h2 class=\"wp-block-heading\">Emboliza\u00e7\u00e3o de art\u00e9ria men\u00edngea m\u00e9dia<\/h2>\n\n\n\n<p>A emboliza\u00e7\u00e3o da art\u00e9ria men\u00edngea m\u00e9dia \u00e9 um procedimento m\u00e9dico realizado para bloquear parcialmente ou completamente o fluxo sangu\u00edneo para uma \u00e1rea espec\u00edfica da art\u00e9ria men\u00edngea m\u00e9dia. Essa art\u00e9ria \u00e9 uma das principais respons\u00e1veis pela irriga\u00e7\u00e3o sangu\u00ednea das meninges, as membranas que envolvem o c\u00e9rebro.<\/p>\n\n\n\n<p>A emboliza\u00e7\u00e3o pode ser indicada para o tratamento de diversas condi\u00e7\u00f5es, como:<\/p>\n\n\n\n<ul class=\"wp-block-list\">\n<li><strong>Aneurismas intracranianos<\/strong>: Quando h\u00e1 um aneurisma (dilata\u00e7\u00e3o anormal de um vaso sangu\u00edneo) na \u00e1rea da art\u00e9ria men\u00edngea m\u00e9dia, a emboliza\u00e7\u00e3o pode ser feita para prevenir o rompimento do aneurisma.<\/li>\n\n\n\n<li><strong>F\u00edstulas arteriovenosas (FAVs)<\/strong>: As f\u00edstulas arteriovenosas ocorrem quando h\u00e1 uma conex\u00e3o anormal entre uma art\u00e9ria e uma veia. A emboliza\u00e7\u00e3o pode ser usada para interromper essa conex\u00e3o e evitar complica\u00e7\u00f5es.<\/li>\n\n\n\n<li><strong>Tumores<\/strong>: Alguns tipos de tumores, como os meningiomas, podem ser vascularizados pela art\u00e9ria men\u00edngea m\u00e9dia. A emboliza\u00e7\u00e3o pode ser utilizada como uma forma de tratamento paliativo para diminuir o fluxo sangu\u00edneo no tumor antes da remo\u00e7\u00e3o cir\u00fargica.<\/li>\n<\/ul>\n\n\n\n<p>Portal O Dia<\/p>\n","protected":false},"excerpt":{"rendered":"<p>Ap\u00f3s quatro dias internado no Hospital S\u00edrio-Liban\u00eas, em S\u00e3o Paulo, o presidente Luiz In\u00e1cio Lula da Silva (PT) deixou a Unidade de Terapia Intensiva (UTI) e agora segue sob cuidados semi-intensivos. A transfer\u00eancia para a nova fase do tratamento foi confirmada pelo boletim m\u00e9dico divulgado nesta sexta-feira (13). Lula, que tem 79 anos, continua em [&hellip;]<\/p>\n","protected":false},"author":2,"featured_media":265378,"comment_status":"open","ping_status":"open","sticky":false,"template":"","format":"standard","meta":{"_mi_skip_tracking":false,"footnotes":""},"categories":[25,1,16],"tags":[192],"class_list":["post-265376","post","type-post","status-publish","format-standard","has-post-thumbnail","hentry","category-destaques-site","category-geral","category-todas","tag-destaqueprincipal"],"acf":[],"yoast_head":"<!-- This site is optimized with the Yoast SEO Premium plugin v19.2 (Yoast SEO v26.9) - https:\/\/yoast.com\/product\/yoast-seo-premium-wordpress\/ -->\n<title>Lula deixa UTI, est\u00e1 consciente e segue sob cuidados semi-intensivos, diz boletim m\u00e9dico - Portal Not\u00edcia em Pauta<\/title>\n<meta name=\"robots\" content=\"index, follow, max-snippet:-1, max-image-preview:large, max-video-preview:-1\" \/>\n<link rel=\"canonical\" href=\"https:\/\/noticiaempauta.com\/portal\/lula-deixa-uti-esta-consciente-e-segue-sob-cuidados-semi-intensivos-diz-boletim-medico\/\" \/>\n<meta property=\"og:locale\" content=\"pt_BR\" \/>\n<meta property=\"og:type\" content=\"article\" \/>\n<meta property=\"og:title\" content=\"Lula deixa UTI, est\u00e1 consciente e segue sob cuidados semi-intensivos, diz boletim m\u00e9dico\" \/>\n<meta property=\"og:description\" content=\"Ap\u00f3s quatro dias internado no Hospital S\u00edrio-Liban\u00eas, em S\u00e3o Paulo, o presidente Luiz In\u00e1cio Lula da Silva (PT) deixou a Unidade de Terapia Intensiva (UTI) e agora segue sob cuidados semi-intensivos. A transfer\u00eancia para a nova fase do tratamento foi confirmada pelo boletim m\u00e9dico divulgado nesta sexta-feira (13). Lula, que tem 79 anos, continua em [&hellip;]\" \/>\n<meta property=\"og:url\" content=\"https:\/\/noticiaempauta.com\/portal\/lula-deixa-uti-esta-consciente-e-segue-sob-cuidados-semi-intensivos-diz-boletim-medico\/\" \/>\n<meta property=\"og:site_name\" content=\"Portal Not\u00edcia em Pauta\" \/>\n<meta property=\"article:publisher\" content=\"https:\/\/www.facebook.com\/Portal-Notcia-Em-Pauta-102292869264820\/\" \/>\n<meta property=\"article:published_time\" content=\"2024-12-14T10:06:22+00:00\" \/>\n<meta property=\"article:modified_time\" content=\"2024-12-14T10:06:23+00:00\" \/>\n<meta property=\"og:image\" content=\"https:\/\/noticiaempauta.com\/portal\/wp-content\/uploads\/2024\/12\/IadQX5WE0cWf8fQliVFGPOs3f0tIVtnfe7g2NOUG.webp\" \/>\n\t<meta property=\"og:image:width\" content=\"800\" \/>\n\t<meta property=\"og:image:height\" content=\"479\" \/>\n\t<meta property=\"og:image:type\" content=\"image\/webp\" \/>\n<meta name=\"author\" content=\"Reda\u00e7\u00e3o\" \/>\n<meta name=\"twitter:card\" content=\"summary_large_image\" \/>\n<meta name=\"twitter:label1\" content=\"Escrito por\" \/>\n\t<meta name=\"twitter:data1\" content=\"Reda\u00e7\u00e3o\" \/>\n\t<meta name=\"twitter:label2\" content=\"Est. tempo de leitura\" \/>\n\t<meta name=\"twitter:data2\" content=\"4 minutos\" \/>\n<script type=\"application\/ld+json\" class=\"yoast-schema-graph\">{\"@context\":\"https:\/\/schema.org\",\"@graph\":[{\"@type\":\"Article\",\"@id\":\"https:\/\/noticiaempauta.com\/portal\/lula-deixa-uti-esta-consciente-e-segue-sob-cuidados-semi-intensivos-diz-boletim-medico\/#article\",\"isPartOf\":{\"@id\":\"https:\/\/noticiaempauta.com\/portal\/lula-deixa-uti-esta-consciente-e-segue-sob-cuidados-semi-intensivos-diz-boletim-medico\/\"},\"author\":{\"name\":\"Reda\u00e7\u00e3o\",\"@id\":\"https:\/\/noticiaempauta.com\/portal\/#\/schema\/person\/a74af43dd1ab3deca45f988c717d57ac\"},\"headline\":\"Lula deixa UTI, est\u00e1 consciente e segue sob cuidados semi-intensivos, diz boletim m\u00e9dico\",\"datePublished\":\"2024-12-14T10:06:22+00:00\",\"dateModified\":\"2024-12-14T10:06:23+00:00\",\"mainEntityOfPage\":{\"@id\":\"https:\/\/noticiaempauta.com\/portal\/lula-deixa-uti-esta-consciente-e-segue-sob-cuidados-semi-intensivos-diz-boletim-medico\/\"},\"wordCount\":529,\"commentCount\":0,\"publisher\":{\"@id\":\"https:\/\/noticiaempauta.com\/portal\/#organization\"},\"image\":{\"@id\":\"https:\/\/noticiaempauta.com\/portal\/lula-deixa-uti-esta-consciente-e-segue-sob-cuidados-semi-intensivos-diz-boletim-medico\/#primaryimage\"},\"thumbnailUrl\":\"https:\/\/noticiaempauta.com\/portal\/wp-content\/uploads\/2024\/12\/IadQX5WE0cWf8fQliVFGPOs3f0tIVtnfe7g2NOUG.webp\",\"keywords\":[\"destaqueprincipal\"],\"articleSection\":[\"Destaques\",\"Geral\",\"Todas as Not\u00edcias\"],\"inLanguage\":\"pt-BR\",\"potentialAction\":[{\"@type\":\"CommentAction\",\"name\":\"Comment\",\"target\":[\"https:\/\/noticiaempauta.com\/portal\/lula-deixa-uti-esta-consciente-e-segue-sob-cuidados-semi-intensivos-diz-boletim-medico\/#respond\"]}]},{\"@type\":\"WebPage\",\"@id\":\"https:\/\/noticiaempauta.com\/portal\/lula-deixa-uti-esta-consciente-e-segue-sob-cuidados-semi-intensivos-diz-boletim-medico\/\",\"url\":\"https:\/\/noticiaempauta.com\/portal\/lula-deixa-uti-esta-consciente-e-segue-sob-cuidados-semi-intensivos-diz-boletim-medico\/\",\"name\":\"Lula deixa UTI, est\u00e1 consciente e segue sob cuidados semi-intensivos, diz boletim m\u00e9dico - Portal Not\u00edcia em Pauta\",\"isPartOf\":{\"@id\":\"https:\/\/noticiaempauta.com\/portal\/#website\"},\"primaryImageOfPage\":{\"@id\":\"https:\/\/noticiaempauta.com\/portal\/lula-deixa-uti-esta-consciente-e-segue-sob-cuidados-semi-intensivos-diz-boletim-medico\/#primaryimage\"},\"image\":{\"@id\":\"https:\/\/noticiaempauta.com\/portal\/lula-deixa-uti-esta-consciente-e-segue-sob-cuidados-semi-intensivos-diz-boletim-medico\/#primaryimage\"},\"thumbnailUrl\":\"https:\/\/noticiaempauta.com\/portal\/wp-content\/uploads\/2024\/12\/IadQX5WE0cWf8fQliVFGPOs3f0tIVtnfe7g2NOUG.webp\",\"datePublished\":\"2024-12-14T10:06:22+00:00\",\"dateModified\":\"2024-12-14T10:06:23+00:00\",\"breadcrumb\":{\"@id\":\"https:\/\/noticiaempauta.com\/portal\/lula-deixa-uti-esta-consciente-e-segue-sob-cuidados-semi-intensivos-diz-boletim-medico\/#breadcrumb\"},\"inLanguage\":\"pt-BR\",\"potentialAction\":[{\"@type\":\"ReadAction\",\"target\":[\"https:\/\/noticiaempauta.com\/portal\/lula-deixa-uti-esta-consciente-e-segue-sob-cuidados-semi-intensivos-diz-boletim-medico\/\"]}]},{\"@type\":\"ImageObject\",\"inLanguage\":\"pt-BR\",\"@id\":\"https:\/\/noticiaempauta.com\/portal\/lula-deixa-uti-esta-consciente-e-segue-sob-cuidados-semi-intensivos-diz-boletim-medico\/#primaryimage\",\"url\":\"https:\/\/noticiaempauta.com\/portal\/wp-content\/uploads\/2024\/12\/IadQX5WE0cWf8fQliVFGPOs3f0tIVtnfe7g2NOUG.webp\",\"contentUrl\":\"https:\/\/noticiaempauta.com\/portal\/wp-content\/uploads\/2024\/12\/IadQX5WE0cWf8fQliVFGPOs3f0tIVtnfe7g2NOUG.webp\",\"width\":800,\"height\":479},{\"@type\":\"BreadcrumbList\",\"@id\":\"https:\/\/noticiaempauta.com\/portal\/lula-deixa-uti-esta-consciente-e-segue-sob-cuidados-semi-intensivos-diz-boletim-medico\/#breadcrumb\",\"itemListElement\":[{\"@type\":\"ListItem\",\"position\":1,\"name\":\"P\u00e1gina Inicial\",\"item\":\"https:\/\/noticiaempauta.com\/portal\/\"},{\"@type\":\"ListItem\",\"position\":2,\"name\":\"Destaques\",\"item\":\"https:\/\/noticiaempauta.com\/portal\/destaques-site\/\"},{\"@type\":\"ListItem\",\"position\":3,\"name\":\"Lula deixa UTI, est\u00e1 consciente e segue sob cuidados semi-intensivos, diz boletim m\u00e9dico\"}]},{\"@type\":\"WebSite\",\"@id\":\"https:\/\/noticiaempauta.com\/portal\/#website\",\"url\":\"https:\/\/noticiaempauta.com\/portal\/\",\"name\":\"Portal Not\u00edcia em Pauta\",\"description\":\"Voc\u00ea bem informado\",\"publisher\":{\"@id\":\"https:\/\/noticiaempauta.com\/portal\/#organization\"},\"potentialAction\":[{\"@type\":\"SearchAction\",\"target\":{\"@type\":\"EntryPoint\",\"urlTemplate\":\"https:\/\/noticiaempauta.com\/portal\/?s={search_term_string}\"},\"query-input\":{\"@type\":\"PropertyValueSpecification\",\"valueRequired\":true,\"valueName\":\"search_term_string\"}}],\"inLanguage\":\"pt-BR\"},{\"@type\":\"Organization\",\"@id\":\"https:\/\/noticiaempauta.com\/portal\/#organization\",\"name\":\"Portal Not\u00edcia em Pauta\",\"url\":\"https:\/\/noticiaempauta.com\/portal\/\",\"logo\":{\"@type\":\"ImageObject\",\"inLanguage\":\"pt-BR\",\"@id\":\"https:\/\/noticiaempauta.com\/portal\/#\/schema\/logo\/image\/\",\"url\":\"https:\/\/noticiaempauta.com\/portal\/wp-content\/uploads\/2022\/08\/logomarca_tema.fw_.png\",\"contentUrl\":\"https:\/\/noticiaempauta.com\/portal\/wp-content\/uploads\/2022\/08\/logomarca_tema.fw_.png\",\"width\":400,\"height\":232,\"caption\":\"Portal Not\u00edcia em Pauta\"},\"image\":{\"@id\":\"https:\/\/noticiaempauta.com\/portal\/#\/schema\/logo\/image\/\"},\"sameAs\":[\"https:\/\/www.facebook.com\/Portal-Notcia-Em-Pauta-102292869264820\/\",\"https:\/\/www.instagram.com\/portalnoticiaempauta\/\"]},{\"@type\":\"Person\",\"@id\":\"https:\/\/noticiaempauta.com\/portal\/#\/schema\/person\/a74af43dd1ab3deca45f988c717d57ac\",\"name\":\"Reda\u00e7\u00e3o\",\"image\":{\"@type\":\"ImageObject\",\"inLanguage\":\"pt-BR\",\"@id\":\"https:\/\/noticiaempauta.com\/portal\/#\/schema\/person\/image\/\",\"url\":\"https:\/\/secure.gravatar.com\/avatar\/03179346ecce6cdfc13361603e8f54242a90e5cde8618fa23c5c00aa2b0aadf3?s=96&d=mm&r=g\",\"contentUrl\":\"https:\/\/secure.gravatar.com\/avatar\/03179346ecce6cdfc13361603e8f54242a90e5cde8618fa23c5c00aa2b0aadf3?s=96&d=mm&r=g\",\"caption\":\"Reda\u00e7\u00e3o\"},\"sameAs\":[\"https:\/\/noticiaempauta.com\/portal\/\"],\"url\":\"https:\/\/noticiaempauta.com\/portal\/author\/fernando\/\"}]}<\/script>\n<!-- \/ Yoast SEO Premium plugin. -->","yoast_head_json":{"title":"Lula deixa UTI, est\u00e1 consciente e segue sob cuidados semi-intensivos, diz boletim m\u00e9dico - Portal Not\u00edcia em Pauta","robots":{"index":"index","follow":"follow","max-snippet":"max-snippet:-1","max-image-preview":"max-image-preview:large","max-video-preview":"max-video-preview:-1"},"canonical":"https:\/\/noticiaempauta.com\/portal\/lula-deixa-uti-esta-consciente-e-segue-sob-cuidados-semi-intensivos-diz-boletim-medico\/","og_locale":"pt_BR","og_type":"article","og_title":"Lula deixa UTI, est\u00e1 consciente e segue sob cuidados semi-intensivos, diz boletim m\u00e9dico","og_description":"Ap\u00f3s quatro dias internado no Hospital S\u00edrio-Liban\u00eas, em S\u00e3o Paulo, o presidente Luiz In\u00e1cio Lula da Silva (PT) deixou a Unidade de Terapia Intensiva (UTI) e agora segue sob cuidados semi-intensivos. A transfer\u00eancia para a nova fase do tratamento foi confirmada pelo boletim m\u00e9dico divulgado nesta sexta-feira (13). Lula, que tem 79 anos, continua em [&hellip;]","og_url":"https:\/\/noticiaempauta.com\/portal\/lula-deixa-uti-esta-consciente-e-segue-sob-cuidados-semi-intensivos-diz-boletim-medico\/","og_site_name":"Portal Not\u00edcia em Pauta","article_publisher":"https:\/\/www.facebook.com\/Portal-Notcia-Em-Pauta-102292869264820\/","article_published_time":"2024-12-14T10:06:22+00:00","article_modified_time":"2024-12-14T10:06:23+00:00","og_image":[{"width":800,"height":479,"url":"https:\/\/noticiaempauta.com\/portal\/wp-content\/uploads\/2024\/12\/IadQX5WE0cWf8fQliVFGPOs3f0tIVtnfe7g2NOUG.webp","type":"image\/webp"}],"author":"Reda\u00e7\u00e3o","twitter_card":"summary_large_image","twitter_misc":{"Escrito por":"Reda\u00e7\u00e3o","Est. tempo de leitura":"4 minutos"},"schema":{"@context":"https:\/\/schema.org","@graph":[{"@type":"Article","@id":"https:\/\/noticiaempauta.com\/portal\/lula-deixa-uti-esta-consciente-e-segue-sob-cuidados-semi-intensivos-diz-boletim-medico\/#article","isPartOf":{"@id":"https:\/\/noticiaempauta.com\/portal\/lula-deixa-uti-esta-consciente-e-segue-sob-cuidados-semi-intensivos-diz-boletim-medico\/"},"author":{"name":"Reda\u00e7\u00e3o","@id":"https:\/\/noticiaempauta.com\/portal\/#\/schema\/person\/a74af43dd1ab3deca45f988c717d57ac"},"headline":"Lula deixa UTI, est\u00e1 consciente e segue sob cuidados semi-intensivos, diz boletim m\u00e9dico","datePublished":"2024-12-14T10:06:22+00:00","dateModified":"2024-12-14T10:06:23+00:00","mainEntityOfPage":{"@id":"https:\/\/noticiaempauta.com\/portal\/lula-deixa-uti-esta-consciente-e-segue-sob-cuidados-semi-intensivos-diz-boletim-medico\/"},"wordCount":529,"commentCount":0,"publisher":{"@id":"https:\/\/noticiaempauta.com\/portal\/#organization"},"image":{"@id":"https:\/\/noticiaempauta.com\/portal\/lula-deixa-uti-esta-consciente-e-segue-sob-cuidados-semi-intensivos-diz-boletim-medico\/#primaryimage"},"thumbnailUrl":"https:\/\/noticiaempauta.com\/portal\/wp-content\/uploads\/2024\/12\/IadQX5WE0cWf8fQliVFGPOs3f0tIVtnfe7g2NOUG.webp","keywords":["destaqueprincipal"],"articleSection":["Destaques","Geral","Todas as Not\u00edcias"],"inLanguage":"pt-BR","potentialAction":[{"@type":"CommentAction","name":"Comment","target":["https:\/\/noticiaempauta.com\/portal\/lula-deixa-uti-esta-consciente-e-segue-sob-cuidados-semi-intensivos-diz-boletim-medico\/#respond"]}]},{"@type":"WebPage","@id":"https:\/\/noticiaempauta.com\/portal\/lula-deixa-uti-esta-consciente-e-segue-sob-cuidados-semi-intensivos-diz-boletim-medico\/","url":"https:\/\/noticiaempauta.com\/portal\/lula-deixa-uti-esta-consciente-e-segue-sob-cuidados-semi-intensivos-diz-boletim-medico\/","name":"Lula deixa UTI, est\u00e1 consciente e segue sob cuidados semi-intensivos, diz boletim m\u00e9dico - Portal Not\u00edcia em Pauta","isPartOf":{"@id":"https:\/\/noticiaempauta.com\/portal\/#website"},"primaryImageOfPage":{"@id":"https:\/\/noticiaempauta.com\/portal\/lula-deixa-uti-esta-consciente-e-segue-sob-cuidados-semi-intensivos-diz-boletim-medico\/#primaryimage"},"image":{"@id":"https:\/\/noticiaempauta.com\/portal\/lula-deixa-uti-esta-consciente-e-segue-sob-cuidados-semi-intensivos-diz-boletim-medico\/#primaryimage"},"thumbnailUrl":"https:\/\/noticiaempauta.com\/portal\/wp-content\/uploads\/2024\/12\/IadQX5WE0cWf8fQliVFGPOs3f0tIVtnfe7g2NOUG.webp","datePublished":"2024-12-14T10:06:22+00:00","dateModified":"2024-12-14T10:06:23+00:00","breadcrumb":{"@id":"https:\/\/noticiaempauta.com\/portal\/lula-deixa-uti-esta-consciente-e-segue-sob-cuidados-semi-intensivos-diz-boletim-medico\/#breadcrumb"},"inLanguage":"pt-BR","potentialAction":[{"@type":"ReadAction","target":["https:\/\/noticiaempauta.com\/portal\/lula-deixa-uti-esta-consciente-e-segue-sob-cuidados-semi-intensivos-diz-boletim-medico\/"]}]},{"@type":"ImageObject","inLanguage":"pt-BR","@id":"https:\/\/noticiaempauta.com\/portal\/lula-deixa-uti-esta-consciente-e-segue-sob-cuidados-semi-intensivos-diz-boletim-medico\/#primaryimage","url":"https:\/\/noticiaempauta.com\/portal\/wp-content\/uploads\/2024\/12\/IadQX5WE0cWf8fQliVFGPOs3f0tIVtnfe7g2NOUG.webp","contentUrl":"https:\/\/noticiaempauta.com\/portal\/wp-content\/uploads\/2024\/12\/IadQX5WE0cWf8fQliVFGPOs3f0tIVtnfe7g2NOUG.webp","width":800,"height":479},{"@type":"BreadcrumbList","@id":"https:\/\/noticiaempauta.com\/portal\/lula-deixa-uti-esta-consciente-e-segue-sob-cuidados-semi-intensivos-diz-boletim-medico\/#breadcrumb","itemListElement":[{"@type":"ListItem","position":1,"name":"P\u00e1gina Inicial","item":"https:\/\/noticiaempauta.com\/portal\/"},{"@type":"ListItem","position":2,"name":"Destaques","item":"https:\/\/noticiaempauta.com\/portal\/destaques-site\/"},{"@type":"ListItem","position":3,"name":"Lula deixa UTI, est\u00e1 consciente e segue sob cuidados semi-intensivos, diz boletim m\u00e9dico"}]},{"@type":"WebSite","@id":"https:\/\/noticiaempauta.com\/portal\/#website","url":"https:\/\/noticiaempauta.com\/portal\/","name":"Portal Not\u00edcia em Pauta","description":"Voc\u00ea bem informado","publisher":{"@id":"https:\/\/noticiaempauta.com\/portal\/#organization"},"potentialAction":[{"@type":"SearchAction","target":{"@type":"EntryPoint","urlTemplate":"https:\/\/noticiaempauta.com\/portal\/?s={search_term_string}"},"query-input":{"@type":"PropertyValueSpecification","valueRequired":true,"valueName":"search_term_string"}}],"inLanguage":"pt-BR"},{"@type":"Organization","@id":"https:\/\/noticiaempauta.com\/portal\/#organization","name":"Portal Not\u00edcia em Pauta","url":"https:\/\/noticiaempauta.com\/portal\/","logo":{"@type":"ImageObject","inLanguage":"pt-BR","@id":"https:\/\/noticiaempauta.com\/portal\/#\/schema\/logo\/image\/","url":"https:\/\/noticiaempauta.com\/portal\/wp-content\/uploads\/2022\/08\/logomarca_tema.fw_.png","contentUrl":"https:\/\/noticiaempauta.com\/portal\/wp-content\/uploads\/2022\/08\/logomarca_tema.fw_.png","width":400,"height":232,"caption":"Portal Not\u00edcia em Pauta"},"image":{"@id":"https:\/\/noticiaempauta.com\/portal\/#\/schema\/logo\/image\/"},"sameAs":["https:\/\/www.facebook.com\/Portal-Notcia-Em-Pauta-102292869264820\/","https:\/\/www.instagram.com\/portalnoticiaempauta\/"]},{"@type":"Person","@id":"https:\/\/noticiaempauta.com\/portal\/#\/schema\/person\/a74af43dd1ab3deca45f988c717d57ac","name":"Reda\u00e7\u00e3o","image":{"@type":"ImageObject","inLanguage":"pt-BR","@id":"https:\/\/noticiaempauta.com\/portal\/#\/schema\/person\/image\/","url":"https:\/\/secure.gravatar.com\/avatar\/03179346ecce6cdfc13361603e8f54242a90e5cde8618fa23c5c00aa2b0aadf3?s=96&d=mm&r=g","contentUrl":"https:\/\/secure.gravatar.com\/avatar\/03179346ecce6cdfc13361603e8f54242a90e5cde8618fa23c5c00aa2b0aadf3?s=96&d=mm&r=g","caption":"Reda\u00e7\u00e3o"},"sameAs":["https:\/\/noticiaempauta.com\/portal\/"],"url":"https:\/\/noticiaempauta.com\/portal\/author\/fernando\/"}]}},"_links":{"self":[{"href":"https:\/\/noticiaempauta.com\/portal\/wp-json\/wp\/v2\/posts\/265376","targetHints":{"allow":["GET"]}}],"collection":[{"href":"https:\/\/noticiaempauta.com\/portal\/wp-json\/wp\/v2\/posts"}],"about":[{"href":"https:\/\/noticiaempauta.com\/portal\/wp-json\/wp\/v2\/types\/post"}],"author":[{"embeddable":true,"href":"https:\/\/noticiaempauta.com\/portal\/wp-json\/wp\/v2\/users\/2"}],"replies":[{"embeddable":true,"href":"https:\/\/noticiaempauta.com\/portal\/wp-json\/wp\/v2\/comments?post=265376"}],"version-history":[{"count":2,"href":"https:\/\/noticiaempauta.com\/portal\/wp-json\/wp\/v2\/posts\/265376\/revisions"}],"predecessor-version":[{"id":265380,"href":"https:\/\/noticiaempauta.com\/portal\/wp-json\/wp\/v2\/posts\/265376\/revisions\/265380"}],"wp:featuredmedia":[{"embeddable":true,"href":"https:\/\/noticiaempauta.com\/portal\/wp-json\/wp\/v2\/media\/265378"}],"wp:attachment":[{"href":"https:\/\/noticiaempauta.com\/portal\/wp-json\/wp\/v2\/media?parent=265376"}],"wp:term":[{"taxonomy":"category","embeddable":true,"href":"https:\/\/noticiaempauta.com\/portal\/wp-json\/wp\/v2\/categories?post=265376"},{"taxonomy":"post_tag","embeddable":true,"href":"https:\/\/noticiaempauta.com\/portal\/wp-json\/wp\/v2\/tags?post=265376"}],"curies":[{"name":"wp","href":"https:\/\/api.w.org\/{rel}","templated":true}]}}