{"id":265381,"date":"2024-12-14T08:42:45","date_gmt":"2024-12-14T11:42:45","guid":{"rendered":"https:\/\/noticiaempauta.com\/portal\/?p=265381"},"modified":"2024-12-14T08:42:46","modified_gmt":"2024-12-14T11:42:46","slug":"policia-federal-prende-braga-netto-por-envolvimento-em-tentativa-de-golpe","status":"publish","type":"post","link":"https:\/\/noticiaempauta.com\/portal\/policia-federal-prende-braga-netto-por-envolvimento-em-tentativa-de-golpe\/","title":{"rendered":"Pol\u00edcia Federal prende Braga Netto por envolvimento em tentativa de golpe"},"content":{"rendered":"\n<p>A\u00a0Pol\u00edcia Federal\u00a0prendeu neste s\u00e1bado (14) o general da reserva\u00a0Walter Souza Braga Netto, ex-candidato a vice-presidente na chapa de\u00a0Jair Bolsonaro\u00a0em 2022. A pris\u00e3o ocorreu no Rio de Janeiro, no bairro de Copacabana, como parte das investiga\u00e7\u00f5es sobre a tentativa de golpe de Estado. Ap\u00f3s a deten\u00e7\u00e3o, Braga Netto foi entregue ao Comando Militar do Leste, onde ficar\u00e1 sob cust\u00f3dia do Ex\u00e9rcito.<\/p>\n\n\n\n<figure class=\"wp-block-image size-full\"><img fetchpriority=\"high\" decoding=\"async\" width=\"1000\" height=\"666\" src=\"https:\/\/noticiaempauta.com\/portal\/wp-content\/uploads\/2024\/12\/IMG_7455.webp\" alt=\"\" class=\"wp-image-265382\" srcset=\"https:\/\/noticiaempauta.com\/portal\/wp-content\/uploads\/2024\/12\/IMG_7455.webp 1000w, https:\/\/noticiaempauta.com\/portal\/wp-content\/uploads\/2024\/12\/IMG_7455-300x200.webp 300w, https:\/\/noticiaempauta.com\/portal\/wp-content\/uploads\/2024\/12\/IMG_7455-768x511.webp 768w\" sizes=\"(max-width: 1000px) 100vw, 1000px\" \/><\/figure>\n\n\n\n<p>Braga Netto, que tamb\u00e9m foi ministro da Casa Civil e da Defesa durante o governo Bolsonaro, \u00e9 apontado pela PF como uma figura central no planejamento do golpe. Ele, o ex-presidente Jair Bolsonaro e o ex-ajudante de ordens Mauro Cid foram indiciados pelos crimes de aboli\u00e7\u00e3o violenta do Estado Democr\u00e1tico de Direito, golpe de Estado e organiza\u00e7\u00e3o criminosa.<\/p>\n\n\n\n<p><strong>Acusa\u00e7\u00f5es contra Braga Netto<\/strong><\/p>\n\n\n\n<p>De acordo com a PF, Braga Netto foi o principal articulador da tentativa de golpe, atuando diretamente para financiar e organizar a\u00e7\u00f5es il\u00edcitas. Um dos epis\u00f3dios descritos pela investiga\u00e7\u00e3o envolve a entrega de dinheiro em uma sacola de vinho para financiar grupos golpistas.<\/p>\n\n\n\n<p>As investiga\u00e7\u00f5es revelaram que Braga Netto teria utilizado sua posi\u00e7\u00e3o de influ\u00eancia entre oficiais e comandantes militares para dar credibilidade ao plano, coordenando reuni\u00f5es e a\u00e7\u00f5es operacionais clandestinas. Uma dessas reuni\u00f5es teria ocorrido em 12 de novembro de 2022, em sua resid\u00eancia, onde foi apresentado o planejamento das a\u00e7\u00f5es para impedir a posse do presidente eleito e restringir a atua\u00e7\u00e3o do Poder Judici\u00e1rio.<\/p>\n\n\n\n<p>Al\u00e9m disso, a PF aponta que ele seria o l\u00edder de um \u201cgabinete de crise\u201d p\u00f3s-golpe, que inclu\u00eda tamb\u00e9m o general Augusto Heleno. A fun\u00e7\u00e3o do gabinete seria coordenar as a\u00e7\u00f5es necess\u00e1rias para manter Jair Bolsonaro no poder.<\/p>\n\n\n\n<p><strong><u>Dela\u00e7\u00e3o premiada e novos desdobramentos<\/u><\/strong><\/p>\n\n\n\n<p>Parte das informa\u00e7\u00f5es que embasaram a pris\u00e3o de Braga Netto veio da dela\u00e7\u00e3o premiada de Mauro Cid. Segundo as investiga\u00e7\u00f5es, a dela\u00e7\u00e3o revelou o papel central de Braga Netto como mentor do golpe, sempre sob o comando de Bolsonaro, que seria o principal beneficiado pelas a\u00e7\u00f5es.<\/p>\n\n\n\n<p>A PF afirmou que adiou a pris\u00e3o para evitar que ela coincidisse com o dia 13 de dezembro, anivers\u00e1rio do AI-5, temendo que a data fosse interpretada como uma provoca\u00e7\u00e3o aos militares. A pris\u00e3o tamb\u00e9m foi ajustada para ocorrer em um momento em que Braga Netto estivesse em casa, permitindo a realiza\u00e7\u00e3o de buscas e apreens\u00f5es.<\/p>\n\n\n\n<p><strong><u>Impacto no n\u00facleo bolsonarista<\/u><\/strong><\/p>\n\n\n\n<p>A pris\u00e3o de Braga Netto aumenta a tens\u00e3o entre aliados de Bolsonaro. Nas \u00faltimas semanas, a defesa do ex-presidente adotou a estrat\u00e9gia de sugerir que, caso houvesse um golpe, os principais benefici\u00e1rios seriam os militares, n\u00e3o Bolsonaro. Essa linha de argumenta\u00e7\u00e3o gerou insatisfa\u00e7\u00e3o entre membros das For\u00e7as Armadas e pode levar outros investigados a aderirem a dela\u00e7\u00f5es premiadas.<\/p>\n\n\n\n<p>Com a pris\u00e3o de Braga Netto, a PF refor\u00e7a a narrativa de que o golpe foi arquitetado por um grupo coeso, liderado pelo general, mas com Jair Bolsonaro como figura central. O caso segue sob investiga\u00e7\u00e3o, e novos desdobramentos s\u00e3o aguardados.<\/p>\n\n\n\n<p>Meio News<\/p>\n","protected":false},"excerpt":{"rendered":"<p>A\u00a0Pol\u00edcia Federal\u00a0prendeu neste s\u00e1bado (14) o general da reserva\u00a0Walter Souza Braga Netto, ex-candidato a vice-presidente na chapa de\u00a0Jair Bolsonaro\u00a0em 2022. A pris\u00e3o ocorreu no Rio de Janeiro, no bairro de Copacabana, como parte das investiga\u00e7\u00f5es sobre a tentativa de golpe de Estado. Ap\u00f3s a deten\u00e7\u00e3o, Braga Netto foi entregue ao Comando Militar do Leste, onde [&hellip;]<\/p>\n","protected":false},"author":2,"featured_media":265382,"comment_status":"open","ping_status":"open","sticky":false,"template":"","format":"standard","meta":{"_mi_skip_tracking":false,"footnotes":""},"categories":[25,1,137,16],"tags":[192],"class_list":["post-265381","post","type-post","status-publish","format-standard","has-post-thumbnail","hentry","category-destaques-site","category-geral","category-policia","category-todas","tag-destaqueprincipal"],"acf":[],"yoast_head":"<!-- This site is optimized with the Yoast SEO Premium plugin v19.2 (Yoast SEO v26.9) - https:\/\/yoast.com\/product\/yoast-seo-premium-wordpress\/ -->\n<title>Pol\u00edcia Federal prende Braga Netto por envolvimento em tentativa de golpe - Portal Not\u00edcia em Pauta<\/title>\n<meta name=\"robots\" content=\"index, follow, max-snippet:-1, max-image-preview:large, max-video-preview:-1\" \/>\n<link rel=\"canonical\" href=\"https:\/\/noticiaempauta.com\/portal\/policia-federal-prende-braga-netto-por-envolvimento-em-tentativa-de-golpe\/\" \/>\n<meta property=\"og:locale\" content=\"pt_BR\" \/>\n<meta property=\"og:type\" content=\"article\" \/>\n<meta property=\"og:title\" content=\"Pol\u00edcia Federal prende Braga Netto por envolvimento em tentativa de golpe\" \/>\n<meta property=\"og:description\" content=\"A\u00a0Pol\u00edcia Federal\u00a0prendeu neste s\u00e1bado (14) o general da reserva\u00a0Walter Souza Braga Netto, ex-candidato a vice-presidente na chapa de\u00a0Jair Bolsonaro\u00a0em 2022. A pris\u00e3o ocorreu no Rio de Janeiro, no bairro de Copacabana, como parte das investiga\u00e7\u00f5es sobre a tentativa de golpe de Estado. Ap\u00f3s a deten\u00e7\u00e3o, Braga Netto foi entregue ao Comando Militar do Leste, onde [&hellip;]\" \/>\n<meta property=\"og:url\" content=\"https:\/\/noticiaempauta.com\/portal\/policia-federal-prende-braga-netto-por-envolvimento-em-tentativa-de-golpe\/\" \/>\n<meta property=\"og:site_name\" content=\"Portal Not\u00edcia em Pauta\" \/>\n<meta property=\"article:publisher\" content=\"https:\/\/www.facebook.com\/Portal-Notcia-Em-Pauta-102292869264820\/\" \/>\n<meta property=\"article:published_time\" content=\"2024-12-14T11:42:45+00:00\" \/>\n<meta property=\"article:modified_time\" content=\"2024-12-14T11:42:46+00:00\" \/>\n<meta property=\"og:image\" content=\"https:\/\/noticiaempauta.com\/portal\/wp-content\/uploads\/2024\/12\/IMG_7455.webp\" \/>\n\t<meta property=\"og:image:width\" content=\"1000\" \/>\n\t<meta property=\"og:image:height\" content=\"666\" \/>\n\t<meta property=\"og:image:type\" content=\"image\/webp\" \/>\n<meta name=\"author\" content=\"Reda\u00e7\u00e3o\" \/>\n<meta name=\"twitter:card\" content=\"summary_large_image\" \/>\n<meta name=\"twitter:label1\" content=\"Escrito por\" \/>\n\t<meta name=\"twitter:data1\" content=\"Reda\u00e7\u00e3o\" \/>\n\t<meta name=\"twitter:label2\" content=\"Est. tempo de leitura\" \/>\n\t<meta name=\"twitter:data2\" content=\"4 minutos\" \/>\n<script type=\"application\/ld+json\" class=\"yoast-schema-graph\">{\"@context\":\"https:\/\/schema.org\",\"@graph\":[{\"@type\":\"Article\",\"@id\":\"https:\/\/noticiaempauta.com\/portal\/policia-federal-prende-braga-netto-por-envolvimento-em-tentativa-de-golpe\/#article\",\"isPartOf\":{\"@id\":\"https:\/\/noticiaempauta.com\/portal\/policia-federal-prende-braga-netto-por-envolvimento-em-tentativa-de-golpe\/\"},\"author\":{\"name\":\"Reda\u00e7\u00e3o\",\"@id\":\"https:\/\/noticiaempauta.com\/portal\/#\/schema\/person\/a74af43dd1ab3deca45f988c717d57ac\"},\"headline\":\"Pol\u00edcia Federal prende Braga Netto por envolvimento em tentativa de golpe\",\"datePublished\":\"2024-12-14T11:42:45+00:00\",\"dateModified\":\"2024-12-14T11:42:46+00:00\",\"mainEntityOfPage\":{\"@id\":\"https:\/\/noticiaempauta.com\/portal\/policia-federal-prende-braga-netto-por-envolvimento-em-tentativa-de-golpe\/\"},\"wordCount\":552,\"commentCount\":0,\"publisher\":{\"@id\":\"https:\/\/noticiaempauta.com\/portal\/#organization\"},\"image\":{\"@id\":\"https:\/\/noticiaempauta.com\/portal\/policia-federal-prende-braga-netto-por-envolvimento-em-tentativa-de-golpe\/#primaryimage\"},\"thumbnailUrl\":\"https:\/\/noticiaempauta.com\/portal\/wp-content\/uploads\/2024\/12\/IMG_7455.webp\",\"keywords\":[\"destaqueprincipal\"],\"articleSection\":[\"Destaques\",\"Geral\",\"Pol\u00edcia\",\"Todas as Not\u00edcias\"],\"inLanguage\":\"pt-BR\",\"potentialAction\":[{\"@type\":\"CommentAction\",\"name\":\"Comment\",\"target\":[\"https:\/\/noticiaempauta.com\/portal\/policia-federal-prende-braga-netto-por-envolvimento-em-tentativa-de-golpe\/#respond\"]}]},{\"@type\":\"WebPage\",\"@id\":\"https:\/\/noticiaempauta.com\/portal\/policia-federal-prende-braga-netto-por-envolvimento-em-tentativa-de-golpe\/\",\"url\":\"https:\/\/noticiaempauta.com\/portal\/policia-federal-prende-braga-netto-por-envolvimento-em-tentativa-de-golpe\/\",\"name\":\"Pol\u00edcia Federal prende Braga Netto por envolvimento em tentativa de golpe - Portal Not\u00edcia em Pauta\",\"isPartOf\":{\"@id\":\"https:\/\/noticiaempauta.com\/portal\/#website\"},\"primaryImageOfPage\":{\"@id\":\"https:\/\/noticiaempauta.com\/portal\/policia-federal-prende-braga-netto-por-envolvimento-em-tentativa-de-golpe\/#primaryimage\"},\"image\":{\"@id\":\"https:\/\/noticiaempauta.com\/portal\/policia-federal-prende-braga-netto-por-envolvimento-em-tentativa-de-golpe\/#primaryimage\"},\"thumbnailUrl\":\"https:\/\/noticiaempauta.com\/portal\/wp-content\/uploads\/2024\/12\/IMG_7455.webp\",\"datePublished\":\"2024-12-14T11:42:45+00:00\",\"dateModified\":\"2024-12-14T11:42:46+00:00\",\"breadcrumb\":{\"@id\":\"https:\/\/noticiaempauta.com\/portal\/policia-federal-prende-braga-netto-por-envolvimento-em-tentativa-de-golpe\/#breadcrumb\"},\"inLanguage\":\"pt-BR\",\"potentialAction\":[{\"@type\":\"ReadAction\",\"target\":[\"https:\/\/noticiaempauta.com\/portal\/policia-federal-prende-braga-netto-por-envolvimento-em-tentativa-de-golpe\/\"]}]},{\"@type\":\"ImageObject\",\"inLanguage\":\"pt-BR\",\"@id\":\"https:\/\/noticiaempauta.com\/portal\/policia-federal-prende-braga-netto-por-envolvimento-em-tentativa-de-golpe\/#primaryimage\",\"url\":\"https:\/\/noticiaempauta.com\/portal\/wp-content\/uploads\/2024\/12\/IMG_7455.webp\",\"contentUrl\":\"https:\/\/noticiaempauta.com\/portal\/wp-content\/uploads\/2024\/12\/IMG_7455.webp\",\"width\":1000,\"height\":666},{\"@type\":\"BreadcrumbList\",\"@id\":\"https:\/\/noticiaempauta.com\/portal\/policia-federal-prende-braga-netto-por-envolvimento-em-tentativa-de-golpe\/#breadcrumb\",\"itemListElement\":[{\"@type\":\"ListItem\",\"position\":1,\"name\":\"P\u00e1gina Inicial\",\"item\":\"https:\/\/noticiaempauta.com\/portal\/\"},{\"@type\":\"ListItem\",\"position\":2,\"name\":\"Destaques\",\"item\":\"https:\/\/noticiaempauta.com\/portal\/destaques-site\/\"},{\"@type\":\"ListItem\",\"position\":3,\"name\":\"Pol\u00edcia Federal prende Braga Netto por envolvimento em tentativa de golpe\"}]},{\"@type\":\"WebSite\",\"@id\":\"https:\/\/noticiaempauta.com\/portal\/#website\",\"url\":\"https:\/\/noticiaempauta.com\/portal\/\",\"name\":\"Portal Not\u00edcia em Pauta\",\"description\":\"Voc\u00ea bem informado\",\"publisher\":{\"@id\":\"https:\/\/noticiaempauta.com\/portal\/#organization\"},\"potentialAction\":[{\"@type\":\"SearchAction\",\"target\":{\"@type\":\"EntryPoint\",\"urlTemplate\":\"https:\/\/noticiaempauta.com\/portal\/?s={search_term_string}\"},\"query-input\":{\"@type\":\"PropertyValueSpecification\",\"valueRequired\":true,\"valueName\":\"search_term_string\"}}],\"inLanguage\":\"pt-BR\"},{\"@type\":\"Organization\",\"@id\":\"https:\/\/noticiaempauta.com\/portal\/#organization\",\"name\":\"Portal Not\u00edcia em Pauta\",\"url\":\"https:\/\/noticiaempauta.com\/portal\/\",\"logo\":{\"@type\":\"ImageObject\",\"inLanguage\":\"pt-BR\",\"@id\":\"https:\/\/noticiaempauta.com\/portal\/#\/schema\/logo\/image\/\",\"url\":\"https:\/\/noticiaempauta.com\/portal\/wp-content\/uploads\/2022\/08\/logomarca_tema.fw_.png\",\"contentUrl\":\"https:\/\/noticiaempauta.com\/portal\/wp-content\/uploads\/2022\/08\/logomarca_tema.fw_.png\",\"width\":400,\"height\":232,\"caption\":\"Portal Not\u00edcia em Pauta\"},\"image\":{\"@id\":\"https:\/\/noticiaempauta.com\/portal\/#\/schema\/logo\/image\/\"},\"sameAs\":[\"https:\/\/www.facebook.com\/Portal-Notcia-Em-Pauta-102292869264820\/\",\"https:\/\/www.instagram.com\/portalnoticiaempauta\/\"]},{\"@type\":\"Person\",\"@id\":\"https:\/\/noticiaempauta.com\/portal\/#\/schema\/person\/a74af43dd1ab3deca45f988c717d57ac\",\"name\":\"Reda\u00e7\u00e3o\",\"image\":{\"@type\":\"ImageObject\",\"inLanguage\":\"pt-BR\",\"@id\":\"https:\/\/noticiaempauta.com\/portal\/#\/schema\/person\/image\/\",\"url\":\"https:\/\/secure.gravatar.com\/avatar\/03179346ecce6cdfc13361603e8f54242a90e5cde8618fa23c5c00aa2b0aadf3?s=96&d=mm&r=g\",\"contentUrl\":\"https:\/\/secure.gravatar.com\/avatar\/03179346ecce6cdfc13361603e8f54242a90e5cde8618fa23c5c00aa2b0aadf3?s=96&d=mm&r=g\",\"caption\":\"Reda\u00e7\u00e3o\"},\"sameAs\":[\"https:\/\/noticiaempauta.com\/portal\/\"],\"url\":\"https:\/\/noticiaempauta.com\/portal\/author\/fernando\/\"}]}<\/script>\n<!-- \/ Yoast SEO Premium plugin. -->","yoast_head_json":{"title":"Pol\u00edcia Federal prende Braga Netto por envolvimento em tentativa de golpe - Portal Not\u00edcia em Pauta","robots":{"index":"index","follow":"follow","max-snippet":"max-snippet:-1","max-image-preview":"max-image-preview:large","max-video-preview":"max-video-preview:-1"},"canonical":"https:\/\/noticiaempauta.com\/portal\/policia-federal-prende-braga-netto-por-envolvimento-em-tentativa-de-golpe\/","og_locale":"pt_BR","og_type":"article","og_title":"Pol\u00edcia Federal prende Braga Netto por envolvimento em tentativa de golpe","og_description":"A\u00a0Pol\u00edcia Federal\u00a0prendeu neste s\u00e1bado (14) o general da reserva\u00a0Walter Souza Braga Netto, ex-candidato a vice-presidente na chapa de\u00a0Jair Bolsonaro\u00a0em 2022. A pris\u00e3o ocorreu no Rio de Janeiro, no bairro de Copacabana, como parte das investiga\u00e7\u00f5es sobre a tentativa de golpe de Estado. Ap\u00f3s a deten\u00e7\u00e3o, Braga Netto foi entregue ao Comando Militar do Leste, onde [&hellip;]","og_url":"https:\/\/noticiaempauta.com\/portal\/policia-federal-prende-braga-netto-por-envolvimento-em-tentativa-de-golpe\/","og_site_name":"Portal Not\u00edcia em Pauta","article_publisher":"https:\/\/www.facebook.com\/Portal-Notcia-Em-Pauta-102292869264820\/","article_published_time":"2024-12-14T11:42:45+00:00","article_modified_time":"2024-12-14T11:42:46+00:00","og_image":[{"width":1000,"height":666,"url":"https:\/\/noticiaempauta.com\/portal\/wp-content\/uploads\/2024\/12\/IMG_7455.webp","type":"image\/webp"}],"author":"Reda\u00e7\u00e3o","twitter_card":"summary_large_image","twitter_misc":{"Escrito por":"Reda\u00e7\u00e3o","Est. tempo de leitura":"4 minutos"},"schema":{"@context":"https:\/\/schema.org","@graph":[{"@type":"Article","@id":"https:\/\/noticiaempauta.com\/portal\/policia-federal-prende-braga-netto-por-envolvimento-em-tentativa-de-golpe\/#article","isPartOf":{"@id":"https:\/\/noticiaempauta.com\/portal\/policia-federal-prende-braga-netto-por-envolvimento-em-tentativa-de-golpe\/"},"author":{"name":"Reda\u00e7\u00e3o","@id":"https:\/\/noticiaempauta.com\/portal\/#\/schema\/person\/a74af43dd1ab3deca45f988c717d57ac"},"headline":"Pol\u00edcia Federal prende Braga Netto por envolvimento em tentativa de golpe","datePublished":"2024-12-14T11:42:45+00:00","dateModified":"2024-12-14T11:42:46+00:00","mainEntityOfPage":{"@id":"https:\/\/noticiaempauta.com\/portal\/policia-federal-prende-braga-netto-por-envolvimento-em-tentativa-de-golpe\/"},"wordCount":552,"commentCount":0,"publisher":{"@id":"https:\/\/noticiaempauta.com\/portal\/#organization"},"image":{"@id":"https:\/\/noticiaempauta.com\/portal\/policia-federal-prende-braga-netto-por-envolvimento-em-tentativa-de-golpe\/#primaryimage"},"thumbnailUrl":"https:\/\/noticiaempauta.com\/portal\/wp-content\/uploads\/2024\/12\/IMG_7455.webp","keywords":["destaqueprincipal"],"articleSection":["Destaques","Geral","Pol\u00edcia","Todas as Not\u00edcias"],"inLanguage":"pt-BR","potentialAction":[{"@type":"CommentAction","name":"Comment","target":["https:\/\/noticiaempauta.com\/portal\/policia-federal-prende-braga-netto-por-envolvimento-em-tentativa-de-golpe\/#respond"]}]},{"@type":"WebPage","@id":"https:\/\/noticiaempauta.com\/portal\/policia-federal-prende-braga-netto-por-envolvimento-em-tentativa-de-golpe\/","url":"https:\/\/noticiaempauta.com\/portal\/policia-federal-prende-braga-netto-por-envolvimento-em-tentativa-de-golpe\/","name":"Pol\u00edcia Federal prende Braga Netto por envolvimento em tentativa de golpe - Portal Not\u00edcia em Pauta","isPartOf":{"@id":"https:\/\/noticiaempauta.com\/portal\/#website"},"primaryImageOfPage":{"@id":"https:\/\/noticiaempauta.com\/portal\/policia-federal-prende-braga-netto-por-envolvimento-em-tentativa-de-golpe\/#primaryimage"},"image":{"@id":"https:\/\/noticiaempauta.com\/portal\/policia-federal-prende-braga-netto-por-envolvimento-em-tentativa-de-golpe\/#primaryimage"},"thumbnailUrl":"https:\/\/noticiaempauta.com\/portal\/wp-content\/uploads\/2024\/12\/IMG_7455.webp","datePublished":"2024-12-14T11:42:45+00:00","dateModified":"2024-12-14T11:42:46+00:00","breadcrumb":{"@id":"https:\/\/noticiaempauta.com\/portal\/policia-federal-prende-braga-netto-por-envolvimento-em-tentativa-de-golpe\/#breadcrumb"},"inLanguage":"pt-BR","potentialAction":[{"@type":"ReadAction","target":["https:\/\/noticiaempauta.com\/portal\/policia-federal-prende-braga-netto-por-envolvimento-em-tentativa-de-golpe\/"]}]},{"@type":"ImageObject","inLanguage":"pt-BR","@id":"https:\/\/noticiaempauta.com\/portal\/policia-federal-prende-braga-netto-por-envolvimento-em-tentativa-de-golpe\/#primaryimage","url":"https:\/\/noticiaempauta.com\/portal\/wp-content\/uploads\/2024\/12\/IMG_7455.webp","contentUrl":"https:\/\/noticiaempauta.com\/portal\/wp-content\/uploads\/2024\/12\/IMG_7455.webp","width":1000,"height":666},{"@type":"BreadcrumbList","@id":"https:\/\/noticiaempauta.com\/portal\/policia-federal-prende-braga-netto-por-envolvimento-em-tentativa-de-golpe\/#breadcrumb","itemListElement":[{"@type":"ListItem","position":1,"name":"P\u00e1gina Inicial","item":"https:\/\/noticiaempauta.com\/portal\/"},{"@type":"ListItem","position":2,"name":"Destaques","item":"https:\/\/noticiaempauta.com\/portal\/destaques-site\/"},{"@type":"ListItem","position":3,"name":"Pol\u00edcia Federal prende Braga Netto por envolvimento em tentativa de golpe"}]},{"@type":"WebSite","@id":"https:\/\/noticiaempauta.com\/portal\/#website","url":"https:\/\/noticiaempauta.com\/portal\/","name":"Portal Not\u00edcia em Pauta","description":"Voc\u00ea bem informado","publisher":{"@id":"https:\/\/noticiaempauta.com\/portal\/#organization"},"potentialAction":[{"@type":"SearchAction","target":{"@type":"EntryPoint","urlTemplate":"https:\/\/noticiaempauta.com\/portal\/?s={search_term_string}"},"query-input":{"@type":"PropertyValueSpecification","valueRequired":true,"valueName":"search_term_string"}}],"inLanguage":"pt-BR"},{"@type":"Organization","@id":"https:\/\/noticiaempauta.com\/portal\/#organization","name":"Portal Not\u00edcia em Pauta","url":"https:\/\/noticiaempauta.com\/portal\/","logo":{"@type":"ImageObject","inLanguage":"pt-BR","@id":"https:\/\/noticiaempauta.com\/portal\/#\/schema\/logo\/image\/","url":"https:\/\/noticiaempauta.com\/portal\/wp-content\/uploads\/2022\/08\/logomarca_tema.fw_.png","contentUrl":"https:\/\/noticiaempauta.com\/portal\/wp-content\/uploads\/2022\/08\/logomarca_tema.fw_.png","width":400,"height":232,"caption":"Portal Not\u00edcia em Pauta"},"image":{"@id":"https:\/\/noticiaempauta.com\/portal\/#\/schema\/logo\/image\/"},"sameAs":["https:\/\/www.facebook.com\/Portal-Notcia-Em-Pauta-102292869264820\/","https:\/\/www.instagram.com\/portalnoticiaempauta\/"]},{"@type":"Person","@id":"https:\/\/noticiaempauta.com\/portal\/#\/schema\/person\/a74af43dd1ab3deca45f988c717d57ac","name":"Reda\u00e7\u00e3o","image":{"@type":"ImageObject","inLanguage":"pt-BR","@id":"https:\/\/noticiaempauta.com\/portal\/#\/schema\/person\/image\/","url":"https:\/\/secure.gravatar.com\/avatar\/03179346ecce6cdfc13361603e8f54242a90e5cde8618fa23c5c00aa2b0aadf3?s=96&d=mm&r=g","contentUrl":"https:\/\/secure.gravatar.com\/avatar\/03179346ecce6cdfc13361603e8f54242a90e5cde8618fa23c5c00aa2b0aadf3?s=96&d=mm&r=g","caption":"Reda\u00e7\u00e3o"},"sameAs":["https:\/\/noticiaempauta.com\/portal\/"],"url":"https:\/\/noticiaempauta.com\/portal\/author\/fernando\/"}]}},"_links":{"self":[{"href":"https:\/\/noticiaempauta.com\/portal\/wp-json\/wp\/v2\/posts\/265381","targetHints":{"allow":["GET"]}}],"collection":[{"href":"https:\/\/noticiaempauta.com\/portal\/wp-json\/wp\/v2\/posts"}],"about":[{"href":"https:\/\/noticiaempauta.com\/portal\/wp-json\/wp\/v2\/types\/post"}],"author":[{"embeddable":true,"href":"https:\/\/noticiaempauta.com\/portal\/wp-json\/wp\/v2\/users\/2"}],"replies":[{"embeddable":true,"href":"https:\/\/noticiaempauta.com\/portal\/wp-json\/wp\/v2\/comments?post=265381"}],"version-history":[{"count":2,"href":"https:\/\/noticiaempauta.com\/portal\/wp-json\/wp\/v2\/posts\/265381\/revisions"}],"predecessor-version":[{"id":265384,"href":"https:\/\/noticiaempauta.com\/portal\/wp-json\/wp\/v2\/posts\/265381\/revisions\/265384"}],"wp:featuredmedia":[{"embeddable":true,"href":"https:\/\/noticiaempauta.com\/portal\/wp-json\/wp\/v2\/media\/265382"}],"wp:attachment":[{"href":"https:\/\/noticiaempauta.com\/portal\/wp-json\/wp\/v2\/media?parent=265381"}],"wp:term":[{"taxonomy":"category","embeddable":true,"href":"https:\/\/noticiaempauta.com\/portal\/wp-json\/wp\/v2\/categories?post=265381"},{"taxonomy":"post_tag","embeddable":true,"href":"https:\/\/noticiaempauta.com\/portal\/wp-json\/wp\/v2\/tags?post=265381"}],"curies":[{"name":"wp","href":"https:\/\/api.w.org\/{rel}","templated":true}]}}