{"id":265390,"date":"2024-12-15T09:39:27","date_gmt":"2024-12-15T12:39:27","guid":{"rendered":"https:\/\/noticiaempauta.com\/portal\/?p=265390"},"modified":"2024-12-15T09:39:29","modified_gmt":"2024-12-15T12:39:29","slug":"minha-casa-minha-vida-piaui-vai-receber-335-novas-unidades-habitacionais-veja-as-cidades","status":"publish","type":"post","link":"https:\/\/noticiaempauta.com\/portal\/minha-casa-minha-vida-piaui-vai-receber-335-novas-unidades-habitacionais-veja-as-cidades\/","title":{"rendered":"Minha Casa, Minha Vida: Piau\u00ed vai receber 335 novas unidades habitacionais; veja as cidades"},"content":{"rendered":"\n<p>O programa\u00a0Minha Casa, Minha Vida\u00a0vai beneficiar o\u00a0estado do Piau\u00ed\u00a0com a\u00a0constru\u00e7\u00e3o de 335 novas unidades habitacionais\u00a0na modalidade rural. A autoriza\u00e7\u00e3o para a contrata\u00e7\u00e3o das propostas foi publicada no Di\u00e1rio Oficial da Uni\u00e3o na \u00faltima quinta-feira (12\/12) pelo ministro das Cidades, Jader Filho.\u00a0<em>Confira a rela\u00e7\u00e3o de cidades no final da mat\u00e9ria.<\/em><\/p>\n\n\n\n<figure class=\"wp-block-image size-full\"><img fetchpriority=\"high\" decoding=\"async\" width=\"800\" height=\"463\" src=\"https:\/\/noticiaempauta.com\/portal\/wp-content\/uploads\/2024\/12\/IMG_7477.webp\" alt=\"\" class=\"wp-image-265391\" srcset=\"https:\/\/noticiaempauta.com\/portal\/wp-content\/uploads\/2024\/12\/IMG_7477.webp 800w, https:\/\/noticiaempauta.com\/portal\/wp-content\/uploads\/2024\/12\/IMG_7477-300x174.webp 300w, https:\/\/noticiaempauta.com\/portal\/wp-content\/uploads\/2024\/12\/IMG_7477-768x444.webp 768w\" sizes=\"(max-width: 800px) 100vw, 800px\" \/><\/figure>\n\n\n\n<p>A nova leva de empreendimentos subsidiados pelo\u00a0Minha Casa, Minha Vida\u00a0faz parte da autoriza\u00e7\u00e3o do Governo Federal para a contrata\u00e7\u00e3o de propostas para a\u00a0constru\u00e7\u00e3o de mais 4.252 unidades habitacionais da modalidade rural\u00a0do programa social, no qual engloba v\u00e1rias regi\u00f5es do pa\u00eds.<\/p>\n\n\n\n<p>Conforme as informa\u00e7\u00f5es, essas moradias t\u00eam como p\u00fablico-alvo agricultores familiares, trabalhadores rurais e comunidades tradicionais, como quilombolas e pequenos produtores rurais. O objetivo \u00e9 atender \u00e0s demandas espec\u00edficas da vida no campo, com habita\u00e7\u00f5es projetadas para respeitar o meio ambiente e as caracter\u00edsticas locais.<\/p>\n\n\n\n<p>As unidades habitacionais ser\u00e3o viabilizadas em parceria com prefeituras municipais, sindicatos de trabalhadores rurais e associa\u00e7\u00f5es comunit\u00e1rias. Al\u00e9m de promover acesso \u00e0 moradia, o programa estimula o desenvolvimento social e econ\u00f4mico das comunidades contempladas.<\/p>\n\n\n\n<p><strong>Confira a rela\u00e7\u00e3o das cidades do Piau\u00ed:<\/strong><\/p>\n\n\n\n<ul class=\"wp-block-list\">\n<li><strong>Boa Hora<\/strong>: 50 unidades habitacionais (UH\u2019s) \u2013 Prefeitura Municipal;<\/li>\n\n\n\n<li><strong>Campo Grande do Piau\u00ed<\/strong>: 49 UH\u2019s \u2013 Sindicato dos Trabalhadores Rurais de Campo Grande do Piau\u00ed;<\/li>\n\n\n\n<li><strong>Caracol<\/strong>: 50 UH\u2019s \u2013 Prefeitura Municipal;<\/li>\n\n\n\n<li><strong>Itaueira<\/strong>: 50 UH\u2019s \u2013 Sindicato dos Trabalhadores Rurais Agricultores e Agricultoras Familiares de Itaueira-PI;<\/li>\n\n\n\n<li><strong>Novo Oriente do Piau\u00ed<\/strong>: 50 UH\u2019s \u2013 Sindicato dos Trabalhadores Rurais Agricultores e Agricultoras Familiares de Novo Oriente no Piau\u00ed;<\/li>\n\n\n\n<li><strong>Queimada Nova<\/strong>: 36 UH\u2019s \u2013 Associa\u00e7\u00e3o Comunit\u00e1ria dos Remanescentes de Quilombo da Comunidade Tapuio; e<\/li>\n\n\n\n<li><strong>Vila Nova do Piau\u00ed<\/strong>: 50 UH\u2019s \u2013 Sindicato dos Trabalhadores Rurais Agricultores e Agricultoras Familiares de Vila Nova do Piau\u00ed.<\/li>\n<\/ul>\n\n\n\n<h2 class=\"wp-block-heading\">Como participar do Minha Casa, Minha Vida?<\/h2>\n\n\n\n<p>Para participar do programa\u00a0&#8220;Minha Casa Minha Vida&#8221;, \u00e9 necess\u00e1rio seguir alguns passos e atender aos crit\u00e9rios de sele\u00e7\u00e3o estabelecidos pelo governo federal. O programa \u00e9 destinado a fam\u00edlias de baixa e m\u00e9dia renda e tem o objetivo de facilitar o acesso \u00e0 casa pr\u00f3pria. Abaixo os principais requisitos e etapas para participar est\u00e3o:<\/p>\n\n\n\n<p><strong>Faixas de renda:<\/strong><\/p>\n\n\n\n<p>O Minha Casa, Minha Vida \u00e9 dividido em faixas de renda, o que determina a forma de acesso ao programa, sendo elas:<\/p>\n\n\n\n<p>O Minha Casa, Minha Vida \u00e9 dividido em faixas de renda, o que determina a forma de acesso ao programa, sendo elas:<\/p>\n\n\n\n<ul class=\"wp-block-list\">\n<li><strong>Faixa 1:<\/strong>\u00a0Fam\u00edlias com\u00a0<strong>R$ 2.640<\/strong>;<\/li>\n\n\n\n<li><strong>Faixa 2:<\/strong>\u00a0Fam\u00edlias com renda de at\u00e9\u00a0<strong>R$ 4.400<\/strong>; e<\/li>\n\n\n\n<li><strong>Faixa 3:<\/strong>\u00a0Fam\u00edlias com renda mensal de at\u00e9\u00a0<strong>R$ 8.000.<\/strong><\/li>\n<\/ul>\n\n\n\n<p>Cada faixa de renda tem condi\u00e7\u00f5es diferentes de subs\u00eddio e financiamento, sendo que as fam\u00edlias com renda mais baixas recebem maiores subs\u00eddios e juros menores.<\/p>\n\n\n\n<p><strong>Inscri\u00e7\u00e3o:<\/strong><\/p>\n\n\n\n<p>As inscri\u00e7\u00f5es no programa podem ser realizadas de duas formas:<\/p>\n\n\n\n<ul class=\"wp-block-list\">\n<li><strong>Via Prefeitura ou Governo Estadual:<\/strong>\u00a0Em muitos casos, as prefeituras ou governos estaduais organizam cadastros locais para fam\u00edlias interessadas. \u00c9 importante verificar se sua cidade realiza esse tipo de inscri\u00e7\u00e3o.<\/li>\n\n\n\n<li><strong>Diretamente com a Caixa Econ\u00f4mica Federal:<\/strong>\u00a0Para algumas faixas de renda, \u00e9 poss\u00edvel realizar a inscri\u00e7\u00e3o diretamente nas ag\u00eancias da Caixa, que \u00e9 o banco operador do programa.<\/li>\n<\/ul>\n\n\n\n<p><strong>Crit\u00e9rios de sele\u00e7\u00e3o:<\/strong><\/p>\n\n\n\n<p>Os crit\u00e9rios de sele\u00e7\u00e3o variam de acordo com a faixa de renda e a cidade, mas, em geral, o processo de escolha das fam\u00edlias leva em considera\u00e7\u00e3o fatores como:<\/p>\n\n\n\n<ul class=\"wp-block-list\">\n<li><strong>Renda familiar:<\/strong>\u00a0\u00c9 o principal direcionado para determinar a faixa de subs\u00eddio.<\/li>\n\n\n\n<li><strong>Situa\u00e7\u00e3o de vulnerabilidade:<\/strong>\u00a0Fam\u00edlias em situa\u00e7\u00e3o de extrema pobreza ou que vivem em \u00e1reas de risco podem ter prioridade.<\/li>\n\n\n\n<li><strong>Composi\u00e7\u00e3o familiar:<\/strong>\u00a0Fam\u00edlias com pessoas idosas, com defici\u00eancia, mulheres chefes de fam\u00edlia ou com crian\u00e7as pequenas podem ter prefer\u00eancia.<\/li>\n\n\n\n<li><strong>N\u00e3o ter im\u00f3vel pr\u00f3prio:<\/strong>\u00a0A fam\u00edlia n\u00e3o pode possuir outro im\u00f3vel residencial em seu nome.<\/li>\n<\/ul>\n\n\n\n<p>Fonte: Portal O Dia<\/p>\n","protected":false},"excerpt":{"rendered":"<p>O programa\u00a0Minha Casa, Minha Vida\u00a0vai beneficiar o\u00a0estado do Piau\u00ed\u00a0com a\u00a0constru\u00e7\u00e3o de 335 novas unidades habitacionais\u00a0na modalidade rural. A autoriza\u00e7\u00e3o para a contrata\u00e7\u00e3o das propostas foi publicada no Di\u00e1rio Oficial da Uni\u00e3o na \u00faltima quinta-feira (12\/12) pelo ministro das Cidades, Jader Filho.\u00a0Confira a rela\u00e7\u00e3o de cidades no final da mat\u00e9ria. A nova leva de empreendimentos subsidiados [&hellip;]<\/p>\n","protected":false},"author":2,"featured_media":265391,"comment_status":"open","ping_status":"open","sticky":false,"template":"","format":"standard","meta":{"_mi_skip_tracking":false,"footnotes":""},"categories":[25,1,9,16],"tags":[192],"class_list":["post-265390","post","type-post","status-publish","format-standard","has-post-thumbnail","hentry","category-destaques-site","category-geral","category-municipios","category-todas","tag-destaqueprincipal"],"acf":[],"yoast_head":"<!-- This site is optimized with the Yoast SEO Premium plugin v19.2 (Yoast SEO v26.9) - https:\/\/yoast.com\/product\/yoast-seo-premium-wordpress\/ -->\n<title>Minha Casa, Minha Vida: Piau\u00ed vai receber 335 novas unidades habitacionais; veja as cidades - Portal Not\u00edcia em Pauta<\/title>\n<meta name=\"robots\" content=\"index, follow, max-snippet:-1, max-image-preview:large, max-video-preview:-1\" \/>\n<link rel=\"canonical\" href=\"https:\/\/noticiaempauta.com\/portal\/minha-casa-minha-vida-piaui-vai-receber-335-novas-unidades-habitacionais-veja-as-cidades\/\" \/>\n<meta property=\"og:locale\" content=\"pt_BR\" \/>\n<meta property=\"og:type\" content=\"article\" \/>\n<meta property=\"og:title\" content=\"Minha Casa, Minha Vida: Piau\u00ed vai receber 335 novas unidades habitacionais; veja as cidades\" \/>\n<meta property=\"og:description\" content=\"O programa\u00a0Minha Casa, Minha Vida\u00a0vai beneficiar o\u00a0estado do Piau\u00ed\u00a0com a\u00a0constru\u00e7\u00e3o de 335 novas unidades habitacionais\u00a0na modalidade rural. A autoriza\u00e7\u00e3o para a contrata\u00e7\u00e3o das propostas foi publicada no Di\u00e1rio Oficial da Uni\u00e3o na \u00faltima quinta-feira (12\/12) pelo ministro das Cidades, Jader Filho.\u00a0Confira a rela\u00e7\u00e3o de cidades no final da mat\u00e9ria. A nova leva de empreendimentos subsidiados [&hellip;]\" \/>\n<meta property=\"og:url\" content=\"https:\/\/noticiaempauta.com\/portal\/minha-casa-minha-vida-piaui-vai-receber-335-novas-unidades-habitacionais-veja-as-cidades\/\" \/>\n<meta property=\"og:site_name\" content=\"Portal Not\u00edcia em Pauta\" \/>\n<meta property=\"article:publisher\" content=\"https:\/\/www.facebook.com\/Portal-Notcia-Em-Pauta-102292869264820\/\" \/>\n<meta property=\"article:published_time\" content=\"2024-12-15T12:39:27+00:00\" \/>\n<meta property=\"article:modified_time\" content=\"2024-12-15T12:39:29+00:00\" \/>\n<meta property=\"og:image\" content=\"https:\/\/noticiaempauta.com\/portal\/wp-content\/uploads\/2024\/12\/IMG_7477.webp\" \/>\n\t<meta property=\"og:image:width\" content=\"800\" \/>\n\t<meta property=\"og:image:height\" content=\"463\" \/>\n\t<meta property=\"og:image:type\" content=\"image\/webp\" \/>\n<meta name=\"author\" content=\"Reda\u00e7\u00e3o\" \/>\n<meta name=\"twitter:card\" content=\"summary_large_image\" \/>\n<meta name=\"twitter:label1\" content=\"Escrito por\" \/>\n\t<meta name=\"twitter:data1\" content=\"Reda\u00e7\u00e3o\" \/>\n\t<meta name=\"twitter:label2\" content=\"Est. tempo de leitura\" \/>\n\t<meta name=\"twitter:data2\" content=\"4 minutos\" \/>\n<script type=\"application\/ld+json\" class=\"yoast-schema-graph\">{\"@context\":\"https:\/\/schema.org\",\"@graph\":[{\"@type\":\"Article\",\"@id\":\"https:\/\/noticiaempauta.com\/portal\/minha-casa-minha-vida-piaui-vai-receber-335-novas-unidades-habitacionais-veja-as-cidades\/#article\",\"isPartOf\":{\"@id\":\"https:\/\/noticiaempauta.com\/portal\/minha-casa-minha-vida-piaui-vai-receber-335-novas-unidades-habitacionais-veja-as-cidades\/\"},\"author\":{\"name\":\"Reda\u00e7\u00e3o\",\"@id\":\"https:\/\/noticiaempauta.com\/portal\/#\/schema\/person\/a74af43dd1ab3deca45f988c717d57ac\"},\"headline\":\"Minha Casa, Minha Vida: Piau\u00ed vai receber 335 novas unidades habitacionais; veja as cidades\",\"datePublished\":\"2024-12-15T12:39:27+00:00\",\"dateModified\":\"2024-12-15T12:39:29+00:00\",\"mainEntityOfPage\":{\"@id\":\"https:\/\/noticiaempauta.com\/portal\/minha-casa-minha-vida-piaui-vai-receber-335-novas-unidades-habitacionais-veja-as-cidades\/\"},\"wordCount\":671,\"commentCount\":0,\"publisher\":{\"@id\":\"https:\/\/noticiaempauta.com\/portal\/#organization\"},\"image\":{\"@id\":\"https:\/\/noticiaempauta.com\/portal\/minha-casa-minha-vida-piaui-vai-receber-335-novas-unidades-habitacionais-veja-as-cidades\/#primaryimage\"},\"thumbnailUrl\":\"https:\/\/noticiaempauta.com\/portal\/wp-content\/uploads\/2024\/12\/IMG_7477.webp\",\"keywords\":[\"destaqueprincipal\"],\"articleSection\":[\"Destaques\",\"Geral\",\"Munic\u00edpios\",\"Todas as Not\u00edcias\"],\"inLanguage\":\"pt-BR\",\"potentialAction\":[{\"@type\":\"CommentAction\",\"name\":\"Comment\",\"target\":[\"https:\/\/noticiaempauta.com\/portal\/minha-casa-minha-vida-piaui-vai-receber-335-novas-unidades-habitacionais-veja-as-cidades\/#respond\"]}]},{\"@type\":\"WebPage\",\"@id\":\"https:\/\/noticiaempauta.com\/portal\/minha-casa-minha-vida-piaui-vai-receber-335-novas-unidades-habitacionais-veja-as-cidades\/\",\"url\":\"https:\/\/noticiaempauta.com\/portal\/minha-casa-minha-vida-piaui-vai-receber-335-novas-unidades-habitacionais-veja-as-cidades\/\",\"name\":\"Minha Casa, Minha Vida: Piau\u00ed vai receber 335 novas unidades habitacionais; veja as cidades - Portal Not\u00edcia em Pauta\",\"isPartOf\":{\"@id\":\"https:\/\/noticiaempauta.com\/portal\/#website\"},\"primaryImageOfPage\":{\"@id\":\"https:\/\/noticiaempauta.com\/portal\/minha-casa-minha-vida-piaui-vai-receber-335-novas-unidades-habitacionais-veja-as-cidades\/#primaryimage\"},\"image\":{\"@id\":\"https:\/\/noticiaempauta.com\/portal\/minha-casa-minha-vida-piaui-vai-receber-335-novas-unidades-habitacionais-veja-as-cidades\/#primaryimage\"},\"thumbnailUrl\":\"https:\/\/noticiaempauta.com\/portal\/wp-content\/uploads\/2024\/12\/IMG_7477.webp\",\"datePublished\":\"2024-12-15T12:39:27+00:00\",\"dateModified\":\"2024-12-15T12:39:29+00:00\",\"breadcrumb\":{\"@id\":\"https:\/\/noticiaempauta.com\/portal\/minha-casa-minha-vida-piaui-vai-receber-335-novas-unidades-habitacionais-veja-as-cidades\/#breadcrumb\"},\"inLanguage\":\"pt-BR\",\"potentialAction\":[{\"@type\":\"ReadAction\",\"target\":[\"https:\/\/noticiaempauta.com\/portal\/minha-casa-minha-vida-piaui-vai-receber-335-novas-unidades-habitacionais-veja-as-cidades\/\"]}]},{\"@type\":\"ImageObject\",\"inLanguage\":\"pt-BR\",\"@id\":\"https:\/\/noticiaempauta.com\/portal\/minha-casa-minha-vida-piaui-vai-receber-335-novas-unidades-habitacionais-veja-as-cidades\/#primaryimage\",\"url\":\"https:\/\/noticiaempauta.com\/portal\/wp-content\/uploads\/2024\/12\/IMG_7477.webp\",\"contentUrl\":\"https:\/\/noticiaempauta.com\/portal\/wp-content\/uploads\/2024\/12\/IMG_7477.webp\",\"width\":800,\"height\":463},{\"@type\":\"BreadcrumbList\",\"@id\":\"https:\/\/noticiaempauta.com\/portal\/minha-casa-minha-vida-piaui-vai-receber-335-novas-unidades-habitacionais-veja-as-cidades\/#breadcrumb\",\"itemListElement\":[{\"@type\":\"ListItem\",\"position\":1,\"name\":\"P\u00e1gina Inicial\",\"item\":\"https:\/\/noticiaempauta.com\/portal\/\"},{\"@type\":\"ListItem\",\"position\":2,\"name\":\"Destaques\",\"item\":\"https:\/\/noticiaempauta.com\/portal\/destaques-site\/\"},{\"@type\":\"ListItem\",\"position\":3,\"name\":\"Minha Casa, Minha Vida: Piau\u00ed vai receber 335 novas unidades habitacionais; veja as cidades\"}]},{\"@type\":\"WebSite\",\"@id\":\"https:\/\/noticiaempauta.com\/portal\/#website\",\"url\":\"https:\/\/noticiaempauta.com\/portal\/\",\"name\":\"Portal Not\u00edcia em Pauta\",\"description\":\"Voc\u00ea bem informado\",\"publisher\":{\"@id\":\"https:\/\/noticiaempauta.com\/portal\/#organization\"},\"potentialAction\":[{\"@type\":\"SearchAction\",\"target\":{\"@type\":\"EntryPoint\",\"urlTemplate\":\"https:\/\/noticiaempauta.com\/portal\/?s={search_term_string}\"},\"query-input\":{\"@type\":\"PropertyValueSpecification\",\"valueRequired\":true,\"valueName\":\"search_term_string\"}}],\"inLanguage\":\"pt-BR\"},{\"@type\":\"Organization\",\"@id\":\"https:\/\/noticiaempauta.com\/portal\/#organization\",\"name\":\"Portal Not\u00edcia em Pauta\",\"url\":\"https:\/\/noticiaempauta.com\/portal\/\",\"logo\":{\"@type\":\"ImageObject\",\"inLanguage\":\"pt-BR\",\"@id\":\"https:\/\/noticiaempauta.com\/portal\/#\/schema\/logo\/image\/\",\"url\":\"https:\/\/noticiaempauta.com\/portal\/wp-content\/uploads\/2022\/08\/logomarca_tema.fw_.png\",\"contentUrl\":\"https:\/\/noticiaempauta.com\/portal\/wp-content\/uploads\/2022\/08\/logomarca_tema.fw_.png\",\"width\":400,\"height\":232,\"caption\":\"Portal Not\u00edcia em Pauta\"},\"image\":{\"@id\":\"https:\/\/noticiaempauta.com\/portal\/#\/schema\/logo\/image\/\"},\"sameAs\":[\"https:\/\/www.facebook.com\/Portal-Notcia-Em-Pauta-102292869264820\/\",\"https:\/\/www.instagram.com\/portalnoticiaempauta\/\"]},{\"@type\":\"Person\",\"@id\":\"https:\/\/noticiaempauta.com\/portal\/#\/schema\/person\/a74af43dd1ab3deca45f988c717d57ac\",\"name\":\"Reda\u00e7\u00e3o\",\"image\":{\"@type\":\"ImageObject\",\"inLanguage\":\"pt-BR\",\"@id\":\"https:\/\/noticiaempauta.com\/portal\/#\/schema\/person\/image\/\",\"url\":\"https:\/\/secure.gravatar.com\/avatar\/03179346ecce6cdfc13361603e8f54242a90e5cde8618fa23c5c00aa2b0aadf3?s=96&d=mm&r=g\",\"contentUrl\":\"https:\/\/secure.gravatar.com\/avatar\/03179346ecce6cdfc13361603e8f54242a90e5cde8618fa23c5c00aa2b0aadf3?s=96&d=mm&r=g\",\"caption\":\"Reda\u00e7\u00e3o\"},\"sameAs\":[\"https:\/\/noticiaempauta.com\/portal\/\"],\"url\":\"https:\/\/noticiaempauta.com\/portal\/author\/fernando\/\"}]}<\/script>\n<!-- \/ Yoast SEO Premium plugin. -->","yoast_head_json":{"title":"Minha Casa, Minha Vida: Piau\u00ed vai receber 335 novas unidades habitacionais; veja as cidades - Portal Not\u00edcia em Pauta","robots":{"index":"index","follow":"follow","max-snippet":"max-snippet:-1","max-image-preview":"max-image-preview:large","max-video-preview":"max-video-preview:-1"},"canonical":"https:\/\/noticiaempauta.com\/portal\/minha-casa-minha-vida-piaui-vai-receber-335-novas-unidades-habitacionais-veja-as-cidades\/","og_locale":"pt_BR","og_type":"article","og_title":"Minha Casa, Minha Vida: Piau\u00ed vai receber 335 novas unidades habitacionais; veja as cidades","og_description":"O programa\u00a0Minha Casa, Minha Vida\u00a0vai beneficiar o\u00a0estado do Piau\u00ed\u00a0com a\u00a0constru\u00e7\u00e3o de 335 novas unidades habitacionais\u00a0na modalidade rural. A autoriza\u00e7\u00e3o para a contrata\u00e7\u00e3o das propostas foi publicada no Di\u00e1rio Oficial da Uni\u00e3o na \u00faltima quinta-feira (12\/12) pelo ministro das Cidades, Jader Filho.\u00a0Confira a rela\u00e7\u00e3o de cidades no final da mat\u00e9ria. A nova leva de empreendimentos subsidiados [&hellip;]","og_url":"https:\/\/noticiaempauta.com\/portal\/minha-casa-minha-vida-piaui-vai-receber-335-novas-unidades-habitacionais-veja-as-cidades\/","og_site_name":"Portal Not\u00edcia em Pauta","article_publisher":"https:\/\/www.facebook.com\/Portal-Notcia-Em-Pauta-102292869264820\/","article_published_time":"2024-12-15T12:39:27+00:00","article_modified_time":"2024-12-15T12:39:29+00:00","og_image":[{"width":800,"height":463,"url":"https:\/\/noticiaempauta.com\/portal\/wp-content\/uploads\/2024\/12\/IMG_7477.webp","type":"image\/webp"}],"author":"Reda\u00e7\u00e3o","twitter_card":"summary_large_image","twitter_misc":{"Escrito por":"Reda\u00e7\u00e3o","Est. tempo de leitura":"4 minutos"},"schema":{"@context":"https:\/\/schema.org","@graph":[{"@type":"Article","@id":"https:\/\/noticiaempauta.com\/portal\/minha-casa-minha-vida-piaui-vai-receber-335-novas-unidades-habitacionais-veja-as-cidades\/#article","isPartOf":{"@id":"https:\/\/noticiaempauta.com\/portal\/minha-casa-minha-vida-piaui-vai-receber-335-novas-unidades-habitacionais-veja-as-cidades\/"},"author":{"name":"Reda\u00e7\u00e3o","@id":"https:\/\/noticiaempauta.com\/portal\/#\/schema\/person\/a74af43dd1ab3deca45f988c717d57ac"},"headline":"Minha Casa, Minha Vida: Piau\u00ed vai receber 335 novas unidades habitacionais; veja as cidades","datePublished":"2024-12-15T12:39:27+00:00","dateModified":"2024-12-15T12:39:29+00:00","mainEntityOfPage":{"@id":"https:\/\/noticiaempauta.com\/portal\/minha-casa-minha-vida-piaui-vai-receber-335-novas-unidades-habitacionais-veja-as-cidades\/"},"wordCount":671,"commentCount":0,"publisher":{"@id":"https:\/\/noticiaempauta.com\/portal\/#organization"},"image":{"@id":"https:\/\/noticiaempauta.com\/portal\/minha-casa-minha-vida-piaui-vai-receber-335-novas-unidades-habitacionais-veja-as-cidades\/#primaryimage"},"thumbnailUrl":"https:\/\/noticiaempauta.com\/portal\/wp-content\/uploads\/2024\/12\/IMG_7477.webp","keywords":["destaqueprincipal"],"articleSection":["Destaques","Geral","Munic\u00edpios","Todas as Not\u00edcias"],"inLanguage":"pt-BR","potentialAction":[{"@type":"CommentAction","name":"Comment","target":["https:\/\/noticiaempauta.com\/portal\/minha-casa-minha-vida-piaui-vai-receber-335-novas-unidades-habitacionais-veja-as-cidades\/#respond"]}]},{"@type":"WebPage","@id":"https:\/\/noticiaempauta.com\/portal\/minha-casa-minha-vida-piaui-vai-receber-335-novas-unidades-habitacionais-veja-as-cidades\/","url":"https:\/\/noticiaempauta.com\/portal\/minha-casa-minha-vida-piaui-vai-receber-335-novas-unidades-habitacionais-veja-as-cidades\/","name":"Minha Casa, Minha Vida: Piau\u00ed vai receber 335 novas unidades habitacionais; veja as cidades - Portal Not\u00edcia em Pauta","isPartOf":{"@id":"https:\/\/noticiaempauta.com\/portal\/#website"},"primaryImageOfPage":{"@id":"https:\/\/noticiaempauta.com\/portal\/minha-casa-minha-vida-piaui-vai-receber-335-novas-unidades-habitacionais-veja-as-cidades\/#primaryimage"},"image":{"@id":"https:\/\/noticiaempauta.com\/portal\/minha-casa-minha-vida-piaui-vai-receber-335-novas-unidades-habitacionais-veja-as-cidades\/#primaryimage"},"thumbnailUrl":"https:\/\/noticiaempauta.com\/portal\/wp-content\/uploads\/2024\/12\/IMG_7477.webp","datePublished":"2024-12-15T12:39:27+00:00","dateModified":"2024-12-15T12:39:29+00:00","breadcrumb":{"@id":"https:\/\/noticiaempauta.com\/portal\/minha-casa-minha-vida-piaui-vai-receber-335-novas-unidades-habitacionais-veja-as-cidades\/#breadcrumb"},"inLanguage":"pt-BR","potentialAction":[{"@type":"ReadAction","target":["https:\/\/noticiaempauta.com\/portal\/minha-casa-minha-vida-piaui-vai-receber-335-novas-unidades-habitacionais-veja-as-cidades\/"]}]},{"@type":"ImageObject","inLanguage":"pt-BR","@id":"https:\/\/noticiaempauta.com\/portal\/minha-casa-minha-vida-piaui-vai-receber-335-novas-unidades-habitacionais-veja-as-cidades\/#primaryimage","url":"https:\/\/noticiaempauta.com\/portal\/wp-content\/uploads\/2024\/12\/IMG_7477.webp","contentUrl":"https:\/\/noticiaempauta.com\/portal\/wp-content\/uploads\/2024\/12\/IMG_7477.webp","width":800,"height":463},{"@type":"BreadcrumbList","@id":"https:\/\/noticiaempauta.com\/portal\/minha-casa-minha-vida-piaui-vai-receber-335-novas-unidades-habitacionais-veja-as-cidades\/#breadcrumb","itemListElement":[{"@type":"ListItem","position":1,"name":"P\u00e1gina Inicial","item":"https:\/\/noticiaempauta.com\/portal\/"},{"@type":"ListItem","position":2,"name":"Destaques","item":"https:\/\/noticiaempauta.com\/portal\/destaques-site\/"},{"@type":"ListItem","position":3,"name":"Minha Casa, Minha Vida: Piau\u00ed vai receber 335 novas unidades habitacionais; veja as cidades"}]},{"@type":"WebSite","@id":"https:\/\/noticiaempauta.com\/portal\/#website","url":"https:\/\/noticiaempauta.com\/portal\/","name":"Portal Not\u00edcia em Pauta","description":"Voc\u00ea bem informado","publisher":{"@id":"https:\/\/noticiaempauta.com\/portal\/#organization"},"potentialAction":[{"@type":"SearchAction","target":{"@type":"EntryPoint","urlTemplate":"https:\/\/noticiaempauta.com\/portal\/?s={search_term_string}"},"query-input":{"@type":"PropertyValueSpecification","valueRequired":true,"valueName":"search_term_string"}}],"inLanguage":"pt-BR"},{"@type":"Organization","@id":"https:\/\/noticiaempauta.com\/portal\/#organization","name":"Portal Not\u00edcia em Pauta","url":"https:\/\/noticiaempauta.com\/portal\/","logo":{"@type":"ImageObject","inLanguage":"pt-BR","@id":"https:\/\/noticiaempauta.com\/portal\/#\/schema\/logo\/image\/","url":"https:\/\/noticiaempauta.com\/portal\/wp-content\/uploads\/2022\/08\/logomarca_tema.fw_.png","contentUrl":"https:\/\/noticiaempauta.com\/portal\/wp-content\/uploads\/2022\/08\/logomarca_tema.fw_.png","width":400,"height":232,"caption":"Portal Not\u00edcia em Pauta"},"image":{"@id":"https:\/\/noticiaempauta.com\/portal\/#\/schema\/logo\/image\/"},"sameAs":["https:\/\/www.facebook.com\/Portal-Notcia-Em-Pauta-102292869264820\/","https:\/\/www.instagram.com\/portalnoticiaempauta\/"]},{"@type":"Person","@id":"https:\/\/noticiaempauta.com\/portal\/#\/schema\/person\/a74af43dd1ab3deca45f988c717d57ac","name":"Reda\u00e7\u00e3o","image":{"@type":"ImageObject","inLanguage":"pt-BR","@id":"https:\/\/noticiaempauta.com\/portal\/#\/schema\/person\/image\/","url":"https:\/\/secure.gravatar.com\/avatar\/03179346ecce6cdfc13361603e8f54242a90e5cde8618fa23c5c00aa2b0aadf3?s=96&d=mm&r=g","contentUrl":"https:\/\/secure.gravatar.com\/avatar\/03179346ecce6cdfc13361603e8f54242a90e5cde8618fa23c5c00aa2b0aadf3?s=96&d=mm&r=g","caption":"Reda\u00e7\u00e3o"},"sameAs":["https:\/\/noticiaempauta.com\/portal\/"],"url":"https:\/\/noticiaempauta.com\/portal\/author\/fernando\/"}]}},"_links":{"self":[{"href":"https:\/\/noticiaempauta.com\/portal\/wp-json\/wp\/v2\/posts\/265390","targetHints":{"allow":["GET"]}}],"collection":[{"href":"https:\/\/noticiaempauta.com\/portal\/wp-json\/wp\/v2\/posts"}],"about":[{"href":"https:\/\/noticiaempauta.com\/portal\/wp-json\/wp\/v2\/types\/post"}],"author":[{"embeddable":true,"href":"https:\/\/noticiaempauta.com\/portal\/wp-json\/wp\/v2\/users\/2"}],"replies":[{"embeddable":true,"href":"https:\/\/noticiaempauta.com\/portal\/wp-json\/wp\/v2\/comments?post=265390"}],"version-history":[{"count":2,"href":"https:\/\/noticiaempauta.com\/portal\/wp-json\/wp\/v2\/posts\/265390\/revisions"}],"predecessor-version":[{"id":265393,"href":"https:\/\/noticiaempauta.com\/portal\/wp-json\/wp\/v2\/posts\/265390\/revisions\/265393"}],"wp:featuredmedia":[{"embeddable":true,"href":"https:\/\/noticiaempauta.com\/portal\/wp-json\/wp\/v2\/media\/265391"}],"wp:attachment":[{"href":"https:\/\/noticiaempauta.com\/portal\/wp-json\/wp\/v2\/media?parent=265390"}],"wp:term":[{"taxonomy":"category","embeddable":true,"href":"https:\/\/noticiaempauta.com\/portal\/wp-json\/wp\/v2\/categories?post=265390"},{"taxonomy":"post_tag","embeddable":true,"href":"https:\/\/noticiaempauta.com\/portal\/wp-json\/wp\/v2\/tags?post=265390"}],"curies":[{"name":"wp","href":"https:\/\/api.w.org\/{rel}","templated":true}]}}