{"id":265403,"date":"2024-12-16T09:36:53","date_gmt":"2024-12-16T12:36:53","guid":{"rendered":"https:\/\/noticiaempauta.com\/portal\/?p=265403"},"modified":"2024-12-16T09:36:54","modified_gmt":"2024-12-16T12:36:54","slug":"congresso-fara-esforco-concentrado-para-votar-cortes-ldo-e-orcamento","status":"publish","type":"post","link":"https:\/\/noticiaempauta.com\/portal\/congresso-fara-esforco-concentrado-para-votar-cortes-ldo-e-orcamento\/","title":{"rendered":"Congresso far\u00e1 esfor\u00e7o concentrado para votar cortes, LDO e Or\u00e7amento"},"content":{"rendered":"\n<p>O Congresso Nacional ter\u00e1 uma semana intensa de vota\u00e7\u00f5es importantes, a partir desta segunda-feira (16), antes do in\u00edcio do recesso legislativo. Na pauta, as prioridades s\u00e3o a vota\u00e7\u00e3o do pacote de corte de gastos apresentado pelo governo federal, que estima economia de R$ 70 bilh\u00f5es em dois anos, o Projeto de Lei de Diretrizes Or\u00e7ament\u00e1rias (PLDO) e o Projeto de Lei Or\u00e7ament\u00e1ria Anual (PLOA).<\/p>\n\n\n\n<p>A regulamenta\u00e7\u00e3o da reforma tribut\u00e1ria, aprovada na \u00faltima semana pelo Senado, tamb\u00e9m deve ser conclu\u00edda na C\u00e2mara dos Deputados.<\/p>\n\n\n\n<figure class=\"wp-block-image size-large\"><img fetchpriority=\"high\" decoding=\"async\" width=\"1024\" height=\"613\" src=\"https:\/\/noticiaempauta.com\/portal\/wp-content\/uploads\/2024\/12\/whatsapp-image-2024-12-16-at-07-36-10-1734345511-1024x613.jpeg\" alt=\"\" class=\"wp-image-265404\" srcset=\"https:\/\/noticiaempauta.com\/portal\/wp-content\/uploads\/2024\/12\/whatsapp-image-2024-12-16-at-07-36-10-1734345511-1024x613.jpeg 1024w, https:\/\/noticiaempauta.com\/portal\/wp-content\/uploads\/2024\/12\/whatsapp-image-2024-12-16-at-07-36-10-1734345511-300x179.jpeg 300w, https:\/\/noticiaempauta.com\/portal\/wp-content\/uploads\/2024\/12\/whatsapp-image-2024-12-16-at-07-36-10-1734345511-768x459.jpeg 768w, https:\/\/noticiaempauta.com\/portal\/wp-content\/uploads\/2024\/12\/whatsapp-image-2024-12-16-at-07-36-10-1734345511.jpeg 1170w\" sizes=\"(max-width: 1024px) 100vw, 1024px\" \/><figcaption class=\"wp-element-caption\"><em>(Foto: Reprodu\u00e7\u00e3o\/Ag\u00eanciaBrasil)<\/em><\/figcaption><\/figure>\n\n\n\n<p>O presidente do Senado, Rodrigo Pacheco (PSD-MG), assegurou que h\u00e1 total possibilidade de votar e aprovar as medidas at\u00e9 a pr\u00f3xima sexta-feira (20).<\/p>\n\n\n\n<p>&#8220;N\u00f3s temos cinco dias \u00fateis na semana que vem. O presidente [da C\u00e2mara] Arthur Lira me disse que est\u00e1 disposto a fazer sess\u00e3o na segunda-feira. \u00c9 plenamente poss\u00edvel submeter \u00e0 aprecia\u00e7\u00e3o e \u00e0 vota\u00e7\u00e3o na C\u00e2mara, [e ent\u00e3o] mandar para o Senado. N\u00f3s daremos o regime de urg\u00eancia nessa tramita\u00e7\u00e3o&#8221;, afirmou Pacheco em entrevista a jornalistas na \u00faltima quinta-feira (12).<\/p>\n\n\n\n<p>Na C\u00e2mara, o presidente Arthur Lira (PP-AL) determinou o cancelamento de todas as reuni\u00f5es de comiss\u00f5es entre os dias 12 e 20 de dezembro, destinando esse per\u00edodo exclusivamente \u00e0 discuss\u00e3o e \u00e0 vota\u00e7\u00e3o de propostas no Plen\u00e1rio.<\/p>\n\n\n\n<p>Rodrigo Pacheco, que preside o Congresso Nacional, o \u00f3rg\u00e3o m\u00e1ximo de delibera\u00e7\u00e3o composto por deputados e senadores, prev\u00ea sess\u00f5es deliberativas na quarta-feira e na quinta-feira, para votar justamente a LDO e a PLOA.&nbsp;<\/p>\n\n\n\n<p>At\u00e9 a semana passada, a vota\u00e7\u00e3o dos projetos, especialmente do pacote fiscal, era incerta devido a insatisfa\u00e7\u00e3o de parlamentares com uma decis\u00e3o judicial do ministro Fl\u00e1vio Dino, do Supremo Tribunal Federal (STF), que refor\u00e7ou a exig\u00eancia de s\u00e9rie de regras de transpar\u00eancia sobre os recursos. Para n\u00e3o inviabilizar o pagamento das emendas at\u00e9 o fim do ano, o governo federal editou uma portaria conjunta interministerial e um parecer de for\u00e7a execut\u00f3ria da Advocacia Geral da Uni\u00e3o (AGU) como forma de acelerar a libera\u00e7\u00e3o dos recursos.<\/p>\n\n\n\n<p>At\u00e9 a \u00faltima atualiza\u00e7\u00e3o, pela Secretaria de Rela\u00e7\u00f5es Institucionais (SRI) da Presid\u00eancia da Rep\u00fablica, cerca de R$ 7,7 bilh\u00f5es em emendas haviam sido liberadas nos \u00faltimos dias. &nbsp;<\/p>\n\n\n\n<h2 class=\"wp-block-heading\"><strong>Pacote fiscal<\/strong><\/h2>\n\n\n\n<p>Apresentado no m\u00eas passado, o pacote de corte de gastos \u00e9 composto por um projeto de lei ordin\u00e1ria (PL), um projeto de lei complementar (PLP) e uma proposta de emenda \u00e0 Constitui\u00e7\u00e3o (PEC). Entre os principais pontos da proposta de conten\u00e7\u00e3o de gastos est\u00e3o a redu\u00e7\u00e3o a m\u00e9dio prazo do abono salarial e um teto no reajuste do sal\u00e1rio m\u00ednimo.<\/p>\n\n\n\n<p>No caso do sal\u00e1rio m\u00ednimo, o PL 4.614\/2024, proposto pelo l\u00edder do Governo na C\u00e2mara, deputado Jos\u00e9 Guimar\u00e3es (PT-CE), tramita em regime de urg\u00eancia no Plen\u00e1rio da C\u00e2mara.<\/p>\n\n\n\n<p>O texto muda a regra vigente do reajuste salarial do m\u00ednimo. Desde 2023, o piso salarial brasileiro \u00e9 corrigido pela infla\u00e7\u00e3o do ano anterior, medida pelo \u00cdndice Nacional de Pre\u00e7os ao Consumidor (INPC) mais o crescimento do Produto Interno Bruto (PIB, soma das riquezas produzidas no pa\u00eds) de dois anos anteriores.<\/p>\n\n\n\n<p>A proposta mant\u00e9m a corre\u00e7\u00e3o inflacion\u00e1ria, mas a parcela de crescimento pelo PIB estar\u00e1 nos limites do arcabou\u00e7o fiscal, sendo at\u00e9 2,5% acima da infla\u00e7\u00e3o do ano anterior. Para 2025, o sal\u00e1rio m\u00ednimo subiria 2,9% acima da infla\u00e7\u00e3o, o equivalente ao crescimento da economia de 2023. Com a limita\u00e7\u00e3o prevista, subir\u00e1 2,5%, ficando em R$ 1.515 no ano que vem, R$ 6 a menos que a atual regra. Nos anos em que o PIB encolher, o sal\u00e1rio m\u00ednimo subir\u00e1 pelo menos 0,6% acima da infla\u00e7\u00e3o, equivalente ao piso da varia\u00e7\u00e3o de gastos do arcabou\u00e7o fiscal.<\/p>\n\n\n\n<p>J\u00e1 o abono salarial, benef\u00edcio que equivale a um 14\u00ba sal\u00e1rio para quem ganha at\u00e9 dois sal\u00e1rios m\u00ednimos (atualmente em R$ 2.824) com carteira assinada, ter\u00e1 a corre\u00e7\u00e3o mudada. O valor de at\u00e9 R$ 2.640 ser\u00e1 corrigido pela infla\u00e7\u00e3o nos pr\u00f3ximos anos, em vez de seguir a pol\u00edtica de valoriza\u00e7\u00e3o do sal\u00e1rio m\u00ednimo.<\/p>\n\n\n\n<p>Com o abono salarial subindo menos que o sal\u00e1rio m\u00ednimo, o governo prev\u00ea que o benef\u00edcio equivaler\u00e1 a um sal\u00e1rio e meio a partir de 2035. A mudan\u00e7a ser\u00e1 discutida por meio de uma PEC, que exige qu\u00f3rum de tr\u00eas quintos dos votos dos membros de cada Casa, em dois turnos de discuss\u00e3o e vota\u00e7\u00e3o. Tal qu\u00f3rum equivale a 60% do total de deputados e de senadores.<\/p>\n\n\n\n<p>Outro item do pacote de corte de gastos \u00e9 o PLP 210\/2024, um projeto de lei complementar. O texto, tamb\u00e9m proposto pelo deputado Jos\u00e9 Guimar\u00e3es, autoriza o governo a limitar o pagamento de cr\u00e9ditos tribut\u00e1rios caso haja d\u00e9ficit nas contas p\u00fablicas.<\/p>\n\n\n\n<p>O texto ainda prev\u00ea um limite de crescimento das emendas impositivas \u00e0s regras arcabou\u00e7o fiscal, restri\u00e7\u00e3o de emendas nas despesas discricion\u00e1rias (n\u00e3o obrigat\u00f3rias) do Poder Executivo e redu\u00e7\u00e3o de crescimento real das emendas n\u00e3o impositivas, de modo que o montante total das emendas crescer\u00e1 sempre abaixo do arcabou\u00e7o.<\/p>\n\n\n\n<p>O projeto autoriza o Poder Executivo a fazer o bloqueio e o contingenciamento de emendas parlamentares na mesma propor\u00e7\u00e3o aplicada \u00e0s demais despesas discricion\u00e1rias \u2014 at\u00e9 o limite de 15% do valor. A Lei Complementar 210, de 2024, que regulamentou as emendas parlamentares, j\u00e1 previa o contingenciamento, mas n\u00e3o o bloqueio. O contingenciamento ocorre quando h\u00e1 risco de n\u00e3o cumprimento da meta fiscal do ano por queda de receitas. O bloqueio ocorre quando \u00e9 preciso cumprir o limite de despesas.<\/p>\n\n\n\n<p>A proposta tamb\u00e9m torna livre a aplica\u00e7\u00e3o do super\u00e1vit financeiro de oito fundos p\u00fablicos (Fundo de Defesa dos Direitos Difusos, Fundo Nacional Antidrogas, Fundo da Marinha Mercante, Fundo Nacional de Avia\u00e7\u00e3o Civil, Fundo Nacional de Seguran\u00e7a e Educa\u00e7\u00e3o de Tr\u00e2nsito, Fundo do Ex\u00e9rcito, Fundo Aeron\u00e1utico e Fundo Naval).<\/p>\n\n\n\n<p>Por ser um projeto de lei complementar, o qu\u00f3rum exigido \u00e9 um pouco maior do que a vota\u00e7\u00e3o de um projeto de lei ordin\u00e1ria. No caso da lei complementar, a aprova\u00e7\u00e3o depende de maioria absoluta de votos dos integrantes de cada Casa legislativa: s\u00e3o 257 votos na C\u00e2mara e 41 votos no Senado.<\/p>\n\n\n\n<h2 class=\"wp-block-heading\"><strong>Or\u00e7amento e LDO<\/strong><\/h2>\n\n\n\n<p>Na \u00faltima semana, a Comiss\u00e3o Mista de Or\u00e7amento (CMO) concluiu a vota\u00e7\u00e3o dos 16 relat\u00f3rios setoriais do Or\u00e7amento de 2025 (PLN 26\/24). Agora, o relator-geral, senador \u00c2ngelo Coronel (PSD-BA) pode preparar o relat\u00f3rio final para vota\u00e7\u00e3o.<\/p>\n\n\n\n<p>O presidente da comiss\u00e3o, deputado Julio Arcoverde (PP-PI) convocou reuni\u00e3o para esta ter\u00e7a-feira (17). A Lei Or\u00e7ament\u00e1ria Anual estima as receitas e estabelece as despesas para o exerc\u00edcio financeiro seguinte.<\/p>\n\n\n\n<p>Tamb\u00e9m est\u00e1 na pauta a Lei de Diretrizes Or\u00e7ament\u00e1rias (LDO), texto que estabelece as prioridades e a meta fiscal do governo para o ano seguinte e orienta a elabora\u00e7\u00e3o do pr\u00f3prio Or\u00e7amento.<\/p>\n\n\n\n<p>Reforma tribut\u00e1ria<\/p>\n\n\n\n<p>Ap\u00f3s o Senado aprovar, na \u00faltima quinta-feira (12), o principal texto de regulamenta\u00e7\u00e3o da reforma tribut\u00e1ria, o Projeto de Lei Complementar (PL) 68\/2024, a mat\u00e9ria retorna \u00e0 C\u00e2mara, para revis\u00e3o final. A expectativa \u00e9 que o Plen\u00e1rio aprove j\u00e1 no in\u00edcio da semana.<\/p>\n\n\n\n<p>Deputados podem ainda modificar o texto, excluindo eventuais mudan\u00e7as feitas pelos senadores. O texto trata das regras de incid\u00eancia do Imposto Sobre Valor Agregado (IVA Dual), que se subdivide em dois tributos b\u00e1sicos sobre o consumo: a Contribui\u00e7\u00e3o sobre Bens e Servi\u00e7os (CBS), em n\u00edvel federal, e o Imposto sobre Bens e Servi\u00e7os (IBS), em n\u00edvel estadual\/municipal.<\/p>\n\n\n\n<p>Al\u00e9m disso, haver\u00e1 o Imposto Seletivo (IS), o chamado &#8220;imposto do pecado&#8221;, que \u00e9 uma sobretaxa aplicada sobre determinados produtos e servi\u00e7os considerados prejudiciais \u00e0 sa\u00fade e ao meio ambiente. Esses novos impostos s\u00e3o uma unifica\u00e7\u00e3o de cinco tributos (ICMS, ISS, IPI, PIS e Cofins) atualmente existentes.<\/p>\n\n\n\n<p>Os novos tributos foram aprovados em emenda constitucional promulgada no fim do ano passado, na primeira fase da reforma tribut\u00e1ria. Ao longo de 2024, o Congresso Nacional vem se debru\u00e7ando sobre a regulamenta\u00e7\u00e3o, que trata sobre al\u00edquotas dos tributos e como cada setor da economia ser\u00e1 impactado. A transi\u00e7\u00e3o para o novo modelo tribut\u00e1rio ser\u00e1 gradual, entre 2026 e 2033.<\/p>\n\n\n\n<p><em>Fonte: Ag\u00eancia Brasil<\/em><\/p>\n","protected":false},"excerpt":{"rendered":"<p>O Congresso Nacional ter\u00e1 uma semana intensa de vota\u00e7\u00f5es importantes, a partir desta segunda-feira (16), antes do in\u00edcio do recesso legislativo. Na pauta, as prioridades s\u00e3o a vota\u00e7\u00e3o do pacote de corte de gastos apresentado pelo governo federal, que estima economia de R$ 70 bilh\u00f5es em dois anos, o Projeto de Lei de Diretrizes Or\u00e7ament\u00e1rias [&hellip;]<\/p>\n","protected":false},"author":2,"featured_media":265404,"comment_status":"open","ping_status":"open","sticky":false,"template":"","format":"standard","meta":{"_mi_skip_tracking":false,"footnotes":""},"categories":[25,6,1,16],"tags":[192],"class_list":["post-265403","post","type-post","status-publish","format-standard","has-post-thumbnail","hentry","category-destaques-site","category-economia","category-geral","category-todas","tag-destaqueprincipal"],"acf":[],"yoast_head":"<!-- This site is optimized with the Yoast SEO Premium plugin v19.2 (Yoast SEO v26.9) - https:\/\/yoast.com\/product\/yoast-seo-premium-wordpress\/ -->\n<title>Congresso far\u00e1 esfor\u00e7o concentrado para votar cortes, LDO e Or\u00e7amento - Portal Not\u00edcia em Pauta<\/title>\n<meta name=\"robots\" content=\"index, follow, max-snippet:-1, max-image-preview:large, max-video-preview:-1\" \/>\n<link rel=\"canonical\" href=\"https:\/\/noticiaempauta.com\/portal\/congresso-fara-esforco-concentrado-para-votar-cortes-ldo-e-orcamento\/\" \/>\n<meta property=\"og:locale\" content=\"pt_BR\" \/>\n<meta property=\"og:type\" content=\"article\" \/>\n<meta property=\"og:title\" content=\"Congresso far\u00e1 esfor\u00e7o concentrado para votar cortes, LDO e Or\u00e7amento\" \/>\n<meta property=\"og:description\" content=\"O Congresso Nacional ter\u00e1 uma semana intensa de vota\u00e7\u00f5es importantes, a partir desta segunda-feira (16), antes do in\u00edcio do recesso legislativo. Na pauta, as prioridades s\u00e3o a vota\u00e7\u00e3o do pacote de corte de gastos apresentado pelo governo federal, que estima economia de R$ 70 bilh\u00f5es em dois anos, o Projeto de Lei de Diretrizes Or\u00e7ament\u00e1rias [&hellip;]\" \/>\n<meta property=\"og:url\" content=\"https:\/\/noticiaempauta.com\/portal\/congresso-fara-esforco-concentrado-para-votar-cortes-ldo-e-orcamento\/\" \/>\n<meta property=\"og:site_name\" content=\"Portal Not\u00edcia em Pauta\" \/>\n<meta property=\"article:publisher\" content=\"https:\/\/www.facebook.com\/Portal-Notcia-Em-Pauta-102292869264820\/\" \/>\n<meta property=\"article:published_time\" content=\"2024-12-16T12:36:53+00:00\" \/>\n<meta property=\"article:modified_time\" content=\"2024-12-16T12:36:54+00:00\" \/>\n<meta property=\"og:image\" content=\"https:\/\/noticiaempauta.com\/portal\/wp-content\/uploads\/2024\/12\/whatsapp-image-2024-12-16-at-07-36-10-1734345511.jpeg\" \/>\n\t<meta property=\"og:image:width\" content=\"1170\" \/>\n\t<meta property=\"og:image:height\" content=\"700\" \/>\n\t<meta property=\"og:image:type\" content=\"image\/jpeg\" \/>\n<meta name=\"author\" content=\"Reda\u00e7\u00e3o\" \/>\n<meta name=\"twitter:card\" content=\"summary_large_image\" \/>\n<meta name=\"twitter:label1\" content=\"Escrito por\" \/>\n\t<meta name=\"twitter:data1\" content=\"Reda\u00e7\u00e3o\" \/>\n\t<meta name=\"twitter:label2\" content=\"Est. tempo de leitura\" \/>\n\t<meta name=\"twitter:data2\" content=\"8 minutos\" \/>\n<script type=\"application\/ld+json\" class=\"yoast-schema-graph\">{\"@context\":\"https:\/\/schema.org\",\"@graph\":[{\"@type\":\"Article\",\"@id\":\"https:\/\/noticiaempauta.com\/portal\/congresso-fara-esforco-concentrado-para-votar-cortes-ldo-e-orcamento\/#article\",\"isPartOf\":{\"@id\":\"https:\/\/noticiaempauta.com\/portal\/congresso-fara-esforco-concentrado-para-votar-cortes-ldo-e-orcamento\/\"},\"author\":{\"name\":\"Reda\u00e7\u00e3o\",\"@id\":\"https:\/\/noticiaempauta.com\/portal\/#\/schema\/person\/a74af43dd1ab3deca45f988c717d57ac\"},\"headline\":\"Congresso far\u00e1 esfor\u00e7o concentrado para votar cortes, LDO e Or\u00e7amento\",\"datePublished\":\"2024-12-16T12:36:53+00:00\",\"dateModified\":\"2024-12-16T12:36:54+00:00\",\"mainEntityOfPage\":{\"@id\":\"https:\/\/noticiaempauta.com\/portal\/congresso-fara-esforco-concentrado-para-votar-cortes-ldo-e-orcamento\/\"},\"wordCount\":1448,\"commentCount\":0,\"publisher\":{\"@id\":\"https:\/\/noticiaempauta.com\/portal\/#organization\"},\"image\":{\"@id\":\"https:\/\/noticiaempauta.com\/portal\/congresso-fara-esforco-concentrado-para-votar-cortes-ldo-e-orcamento\/#primaryimage\"},\"thumbnailUrl\":\"https:\/\/noticiaempauta.com\/portal\/wp-content\/uploads\/2024\/12\/whatsapp-image-2024-12-16-at-07-36-10-1734345511.jpeg\",\"keywords\":[\"destaqueprincipal\"],\"articleSection\":[\"Destaques\",\"Economia\",\"Geral\",\"Todas as Not\u00edcias\"],\"inLanguage\":\"pt-BR\",\"potentialAction\":[{\"@type\":\"CommentAction\",\"name\":\"Comment\",\"target\":[\"https:\/\/noticiaempauta.com\/portal\/congresso-fara-esforco-concentrado-para-votar-cortes-ldo-e-orcamento\/#respond\"]}]},{\"@type\":\"WebPage\",\"@id\":\"https:\/\/noticiaempauta.com\/portal\/congresso-fara-esforco-concentrado-para-votar-cortes-ldo-e-orcamento\/\",\"url\":\"https:\/\/noticiaempauta.com\/portal\/congresso-fara-esforco-concentrado-para-votar-cortes-ldo-e-orcamento\/\",\"name\":\"Congresso far\u00e1 esfor\u00e7o concentrado para votar cortes, LDO e Or\u00e7amento - Portal Not\u00edcia em Pauta\",\"isPartOf\":{\"@id\":\"https:\/\/noticiaempauta.com\/portal\/#website\"},\"primaryImageOfPage\":{\"@id\":\"https:\/\/noticiaempauta.com\/portal\/congresso-fara-esforco-concentrado-para-votar-cortes-ldo-e-orcamento\/#primaryimage\"},\"image\":{\"@id\":\"https:\/\/noticiaempauta.com\/portal\/congresso-fara-esforco-concentrado-para-votar-cortes-ldo-e-orcamento\/#primaryimage\"},\"thumbnailUrl\":\"https:\/\/noticiaempauta.com\/portal\/wp-content\/uploads\/2024\/12\/whatsapp-image-2024-12-16-at-07-36-10-1734345511.jpeg\",\"datePublished\":\"2024-12-16T12:36:53+00:00\",\"dateModified\":\"2024-12-16T12:36:54+00:00\",\"breadcrumb\":{\"@id\":\"https:\/\/noticiaempauta.com\/portal\/congresso-fara-esforco-concentrado-para-votar-cortes-ldo-e-orcamento\/#breadcrumb\"},\"inLanguage\":\"pt-BR\",\"potentialAction\":[{\"@type\":\"ReadAction\",\"target\":[\"https:\/\/noticiaempauta.com\/portal\/congresso-fara-esforco-concentrado-para-votar-cortes-ldo-e-orcamento\/\"]}]},{\"@type\":\"ImageObject\",\"inLanguage\":\"pt-BR\",\"@id\":\"https:\/\/noticiaempauta.com\/portal\/congresso-fara-esforco-concentrado-para-votar-cortes-ldo-e-orcamento\/#primaryimage\",\"url\":\"https:\/\/noticiaempauta.com\/portal\/wp-content\/uploads\/2024\/12\/whatsapp-image-2024-12-16-at-07-36-10-1734345511.jpeg\",\"contentUrl\":\"https:\/\/noticiaempauta.com\/portal\/wp-content\/uploads\/2024\/12\/whatsapp-image-2024-12-16-at-07-36-10-1734345511.jpeg\",\"width\":1170,\"height\":700},{\"@type\":\"BreadcrumbList\",\"@id\":\"https:\/\/noticiaempauta.com\/portal\/congresso-fara-esforco-concentrado-para-votar-cortes-ldo-e-orcamento\/#breadcrumb\",\"itemListElement\":[{\"@type\":\"ListItem\",\"position\":1,\"name\":\"P\u00e1gina Inicial\",\"item\":\"https:\/\/noticiaempauta.com\/portal\/\"},{\"@type\":\"ListItem\",\"position\":2,\"name\":\"Destaques\",\"item\":\"https:\/\/noticiaempauta.com\/portal\/destaques-site\/\"},{\"@type\":\"ListItem\",\"position\":3,\"name\":\"Congresso far\u00e1 esfor\u00e7o concentrado para votar cortes, LDO e Or\u00e7amento\"}]},{\"@type\":\"WebSite\",\"@id\":\"https:\/\/noticiaempauta.com\/portal\/#website\",\"url\":\"https:\/\/noticiaempauta.com\/portal\/\",\"name\":\"Portal Not\u00edcia em Pauta\",\"description\":\"Voc\u00ea bem informado\",\"publisher\":{\"@id\":\"https:\/\/noticiaempauta.com\/portal\/#organization\"},\"potentialAction\":[{\"@type\":\"SearchAction\",\"target\":{\"@type\":\"EntryPoint\",\"urlTemplate\":\"https:\/\/noticiaempauta.com\/portal\/?s={search_term_string}\"},\"query-input\":{\"@type\":\"PropertyValueSpecification\",\"valueRequired\":true,\"valueName\":\"search_term_string\"}}],\"inLanguage\":\"pt-BR\"},{\"@type\":\"Organization\",\"@id\":\"https:\/\/noticiaempauta.com\/portal\/#organization\",\"name\":\"Portal Not\u00edcia em Pauta\",\"url\":\"https:\/\/noticiaempauta.com\/portal\/\",\"logo\":{\"@type\":\"ImageObject\",\"inLanguage\":\"pt-BR\",\"@id\":\"https:\/\/noticiaempauta.com\/portal\/#\/schema\/logo\/image\/\",\"url\":\"https:\/\/noticiaempauta.com\/portal\/wp-content\/uploads\/2022\/08\/logomarca_tema.fw_.png\",\"contentUrl\":\"https:\/\/noticiaempauta.com\/portal\/wp-content\/uploads\/2022\/08\/logomarca_tema.fw_.png\",\"width\":400,\"height\":232,\"caption\":\"Portal Not\u00edcia em Pauta\"},\"image\":{\"@id\":\"https:\/\/noticiaempauta.com\/portal\/#\/schema\/logo\/image\/\"},\"sameAs\":[\"https:\/\/www.facebook.com\/Portal-Notcia-Em-Pauta-102292869264820\/\",\"https:\/\/www.instagram.com\/portalnoticiaempauta\/\"]},{\"@type\":\"Person\",\"@id\":\"https:\/\/noticiaempauta.com\/portal\/#\/schema\/person\/a74af43dd1ab3deca45f988c717d57ac\",\"name\":\"Reda\u00e7\u00e3o\",\"image\":{\"@type\":\"ImageObject\",\"inLanguage\":\"pt-BR\",\"@id\":\"https:\/\/noticiaempauta.com\/portal\/#\/schema\/person\/image\/\",\"url\":\"https:\/\/secure.gravatar.com\/avatar\/03179346ecce6cdfc13361603e8f54242a90e5cde8618fa23c5c00aa2b0aadf3?s=96&d=mm&r=g\",\"contentUrl\":\"https:\/\/secure.gravatar.com\/avatar\/03179346ecce6cdfc13361603e8f54242a90e5cde8618fa23c5c00aa2b0aadf3?s=96&d=mm&r=g\",\"caption\":\"Reda\u00e7\u00e3o\"},\"sameAs\":[\"https:\/\/noticiaempauta.com\/portal\/\"],\"url\":\"https:\/\/noticiaempauta.com\/portal\/author\/fernando\/\"}]}<\/script>\n<!-- \/ Yoast SEO Premium plugin. -->","yoast_head_json":{"title":"Congresso far\u00e1 esfor\u00e7o concentrado para votar cortes, LDO e Or\u00e7amento - Portal Not\u00edcia em Pauta","robots":{"index":"index","follow":"follow","max-snippet":"max-snippet:-1","max-image-preview":"max-image-preview:large","max-video-preview":"max-video-preview:-1"},"canonical":"https:\/\/noticiaempauta.com\/portal\/congresso-fara-esforco-concentrado-para-votar-cortes-ldo-e-orcamento\/","og_locale":"pt_BR","og_type":"article","og_title":"Congresso far\u00e1 esfor\u00e7o concentrado para votar cortes, LDO e Or\u00e7amento","og_description":"O Congresso Nacional ter\u00e1 uma semana intensa de vota\u00e7\u00f5es importantes, a partir desta segunda-feira (16), antes do in\u00edcio do recesso legislativo. Na pauta, as prioridades s\u00e3o a vota\u00e7\u00e3o do pacote de corte de gastos apresentado pelo governo federal, que estima economia de R$ 70 bilh\u00f5es em dois anos, o Projeto de Lei de Diretrizes Or\u00e7ament\u00e1rias [&hellip;]","og_url":"https:\/\/noticiaempauta.com\/portal\/congresso-fara-esforco-concentrado-para-votar-cortes-ldo-e-orcamento\/","og_site_name":"Portal Not\u00edcia em Pauta","article_publisher":"https:\/\/www.facebook.com\/Portal-Notcia-Em-Pauta-102292869264820\/","article_published_time":"2024-12-16T12:36:53+00:00","article_modified_time":"2024-12-16T12:36:54+00:00","og_image":[{"width":1170,"height":700,"url":"https:\/\/noticiaempauta.com\/portal\/wp-content\/uploads\/2024\/12\/whatsapp-image-2024-12-16-at-07-36-10-1734345511.jpeg","type":"image\/jpeg"}],"author":"Reda\u00e7\u00e3o","twitter_card":"summary_large_image","twitter_misc":{"Escrito por":"Reda\u00e7\u00e3o","Est. tempo de leitura":"8 minutos"},"schema":{"@context":"https:\/\/schema.org","@graph":[{"@type":"Article","@id":"https:\/\/noticiaempauta.com\/portal\/congresso-fara-esforco-concentrado-para-votar-cortes-ldo-e-orcamento\/#article","isPartOf":{"@id":"https:\/\/noticiaempauta.com\/portal\/congresso-fara-esforco-concentrado-para-votar-cortes-ldo-e-orcamento\/"},"author":{"name":"Reda\u00e7\u00e3o","@id":"https:\/\/noticiaempauta.com\/portal\/#\/schema\/person\/a74af43dd1ab3deca45f988c717d57ac"},"headline":"Congresso far\u00e1 esfor\u00e7o concentrado para votar cortes, LDO e Or\u00e7amento","datePublished":"2024-12-16T12:36:53+00:00","dateModified":"2024-12-16T12:36:54+00:00","mainEntityOfPage":{"@id":"https:\/\/noticiaempauta.com\/portal\/congresso-fara-esforco-concentrado-para-votar-cortes-ldo-e-orcamento\/"},"wordCount":1448,"commentCount":0,"publisher":{"@id":"https:\/\/noticiaempauta.com\/portal\/#organization"},"image":{"@id":"https:\/\/noticiaempauta.com\/portal\/congresso-fara-esforco-concentrado-para-votar-cortes-ldo-e-orcamento\/#primaryimage"},"thumbnailUrl":"https:\/\/noticiaempauta.com\/portal\/wp-content\/uploads\/2024\/12\/whatsapp-image-2024-12-16-at-07-36-10-1734345511.jpeg","keywords":["destaqueprincipal"],"articleSection":["Destaques","Economia","Geral","Todas as Not\u00edcias"],"inLanguage":"pt-BR","potentialAction":[{"@type":"CommentAction","name":"Comment","target":["https:\/\/noticiaempauta.com\/portal\/congresso-fara-esforco-concentrado-para-votar-cortes-ldo-e-orcamento\/#respond"]}]},{"@type":"WebPage","@id":"https:\/\/noticiaempauta.com\/portal\/congresso-fara-esforco-concentrado-para-votar-cortes-ldo-e-orcamento\/","url":"https:\/\/noticiaempauta.com\/portal\/congresso-fara-esforco-concentrado-para-votar-cortes-ldo-e-orcamento\/","name":"Congresso far\u00e1 esfor\u00e7o concentrado para votar cortes, LDO e Or\u00e7amento - Portal Not\u00edcia em Pauta","isPartOf":{"@id":"https:\/\/noticiaempauta.com\/portal\/#website"},"primaryImageOfPage":{"@id":"https:\/\/noticiaempauta.com\/portal\/congresso-fara-esforco-concentrado-para-votar-cortes-ldo-e-orcamento\/#primaryimage"},"image":{"@id":"https:\/\/noticiaempauta.com\/portal\/congresso-fara-esforco-concentrado-para-votar-cortes-ldo-e-orcamento\/#primaryimage"},"thumbnailUrl":"https:\/\/noticiaempauta.com\/portal\/wp-content\/uploads\/2024\/12\/whatsapp-image-2024-12-16-at-07-36-10-1734345511.jpeg","datePublished":"2024-12-16T12:36:53+00:00","dateModified":"2024-12-16T12:36:54+00:00","breadcrumb":{"@id":"https:\/\/noticiaempauta.com\/portal\/congresso-fara-esforco-concentrado-para-votar-cortes-ldo-e-orcamento\/#breadcrumb"},"inLanguage":"pt-BR","potentialAction":[{"@type":"ReadAction","target":["https:\/\/noticiaempauta.com\/portal\/congresso-fara-esforco-concentrado-para-votar-cortes-ldo-e-orcamento\/"]}]},{"@type":"ImageObject","inLanguage":"pt-BR","@id":"https:\/\/noticiaempauta.com\/portal\/congresso-fara-esforco-concentrado-para-votar-cortes-ldo-e-orcamento\/#primaryimage","url":"https:\/\/noticiaempauta.com\/portal\/wp-content\/uploads\/2024\/12\/whatsapp-image-2024-12-16-at-07-36-10-1734345511.jpeg","contentUrl":"https:\/\/noticiaempauta.com\/portal\/wp-content\/uploads\/2024\/12\/whatsapp-image-2024-12-16-at-07-36-10-1734345511.jpeg","width":1170,"height":700},{"@type":"BreadcrumbList","@id":"https:\/\/noticiaempauta.com\/portal\/congresso-fara-esforco-concentrado-para-votar-cortes-ldo-e-orcamento\/#breadcrumb","itemListElement":[{"@type":"ListItem","position":1,"name":"P\u00e1gina Inicial","item":"https:\/\/noticiaempauta.com\/portal\/"},{"@type":"ListItem","position":2,"name":"Destaques","item":"https:\/\/noticiaempauta.com\/portal\/destaques-site\/"},{"@type":"ListItem","position":3,"name":"Congresso far\u00e1 esfor\u00e7o concentrado para votar cortes, LDO e Or\u00e7amento"}]},{"@type":"WebSite","@id":"https:\/\/noticiaempauta.com\/portal\/#website","url":"https:\/\/noticiaempauta.com\/portal\/","name":"Portal Not\u00edcia em Pauta","description":"Voc\u00ea bem informado","publisher":{"@id":"https:\/\/noticiaempauta.com\/portal\/#organization"},"potentialAction":[{"@type":"SearchAction","target":{"@type":"EntryPoint","urlTemplate":"https:\/\/noticiaempauta.com\/portal\/?s={search_term_string}"},"query-input":{"@type":"PropertyValueSpecification","valueRequired":true,"valueName":"search_term_string"}}],"inLanguage":"pt-BR"},{"@type":"Organization","@id":"https:\/\/noticiaempauta.com\/portal\/#organization","name":"Portal Not\u00edcia em Pauta","url":"https:\/\/noticiaempauta.com\/portal\/","logo":{"@type":"ImageObject","inLanguage":"pt-BR","@id":"https:\/\/noticiaempauta.com\/portal\/#\/schema\/logo\/image\/","url":"https:\/\/noticiaempauta.com\/portal\/wp-content\/uploads\/2022\/08\/logomarca_tema.fw_.png","contentUrl":"https:\/\/noticiaempauta.com\/portal\/wp-content\/uploads\/2022\/08\/logomarca_tema.fw_.png","width":400,"height":232,"caption":"Portal Not\u00edcia em Pauta"},"image":{"@id":"https:\/\/noticiaempauta.com\/portal\/#\/schema\/logo\/image\/"},"sameAs":["https:\/\/www.facebook.com\/Portal-Notcia-Em-Pauta-102292869264820\/","https:\/\/www.instagram.com\/portalnoticiaempauta\/"]},{"@type":"Person","@id":"https:\/\/noticiaempauta.com\/portal\/#\/schema\/person\/a74af43dd1ab3deca45f988c717d57ac","name":"Reda\u00e7\u00e3o","image":{"@type":"ImageObject","inLanguage":"pt-BR","@id":"https:\/\/noticiaempauta.com\/portal\/#\/schema\/person\/image\/","url":"https:\/\/secure.gravatar.com\/avatar\/03179346ecce6cdfc13361603e8f54242a90e5cde8618fa23c5c00aa2b0aadf3?s=96&d=mm&r=g","contentUrl":"https:\/\/secure.gravatar.com\/avatar\/03179346ecce6cdfc13361603e8f54242a90e5cde8618fa23c5c00aa2b0aadf3?s=96&d=mm&r=g","caption":"Reda\u00e7\u00e3o"},"sameAs":["https:\/\/noticiaempauta.com\/portal\/"],"url":"https:\/\/noticiaempauta.com\/portal\/author\/fernando\/"}]}},"_links":{"self":[{"href":"https:\/\/noticiaempauta.com\/portal\/wp-json\/wp\/v2\/posts\/265403","targetHints":{"allow":["GET"]}}],"collection":[{"href":"https:\/\/noticiaempauta.com\/portal\/wp-json\/wp\/v2\/posts"}],"about":[{"href":"https:\/\/noticiaempauta.com\/portal\/wp-json\/wp\/v2\/types\/post"}],"author":[{"embeddable":true,"href":"https:\/\/noticiaempauta.com\/portal\/wp-json\/wp\/v2\/users\/2"}],"replies":[{"embeddable":true,"href":"https:\/\/noticiaempauta.com\/portal\/wp-json\/wp\/v2\/comments?post=265403"}],"version-history":[{"count":2,"href":"https:\/\/noticiaempauta.com\/portal\/wp-json\/wp\/v2\/posts\/265403\/revisions"}],"predecessor-version":[{"id":265406,"href":"https:\/\/noticiaempauta.com\/portal\/wp-json\/wp\/v2\/posts\/265403\/revisions\/265406"}],"wp:featuredmedia":[{"embeddable":true,"href":"https:\/\/noticiaempauta.com\/portal\/wp-json\/wp\/v2\/media\/265404"}],"wp:attachment":[{"href":"https:\/\/noticiaempauta.com\/portal\/wp-json\/wp\/v2\/media?parent=265403"}],"wp:term":[{"taxonomy":"category","embeddable":true,"href":"https:\/\/noticiaempauta.com\/portal\/wp-json\/wp\/v2\/categories?post=265403"},{"taxonomy":"post_tag","embeddable":true,"href":"https:\/\/noticiaempauta.com\/portal\/wp-json\/wp\/v2\/tags?post=265403"}],"curies":[{"name":"wp","href":"https:\/\/api.w.org\/{rel}","templated":true}]}}