{"id":265407,"date":"2024-12-16T10:57:47","date_gmt":"2024-12-16T13:57:47","guid":{"rendered":"https:\/\/noticiaempauta.com\/portal\/?p=265407"},"modified":"2024-12-16T11:00:52","modified_gmt":"2024-12-16T14:00:52","slug":"camara-municipal-de-santana-do-piaui-realiza-ultima-sessao-antes-do-recesso-legislativo","status":"publish","type":"post","link":"https:\/\/noticiaempauta.com\/portal\/camara-municipal-de-santana-do-piaui-realiza-ultima-sessao-antes-do-recesso-legislativo\/","title":{"rendered":"C\u00e2mara Municipal de Santana do Piau\u00ed realiza \u00faltima sess\u00e3o antes do recesso legislativo"},"content":{"rendered":"\n<p>A C\u00e2mara Municipal de Santana do Piau\u00ed realizou nesta sexta-feira, (13), a \u00faltima sess\u00e3o ordin\u00e1ria do ano legislativo de 2024. Conduzida pelo vereador Vinicius Leal (MDB), tamb\u00e9m estiveram presentes os vereadores (a); Elenilsa Gabriel, Ant\u00f4nio de Herc\u00edlia, Deuzim, Francisquinho e Ricardo da Lagoa.<\/p>\n\n\n\n<figure class=\"wp-block-image size-large\"><img fetchpriority=\"high\" decoding=\"async\" width=\"1024\" height=\"768\" src=\"https:\/\/noticiaempauta.com\/portal\/wp-content\/uploads\/2024\/12\/e00e004a-7759-4dde-a24b-64fb5b73d0b1-1024x768.jpg\" alt=\"\" class=\"wp-image-265408\" srcset=\"https:\/\/noticiaempauta.com\/portal\/wp-content\/uploads\/2024\/12\/e00e004a-7759-4dde-a24b-64fb5b73d0b1-1024x768.jpg 1024w, https:\/\/noticiaempauta.com\/portal\/wp-content\/uploads\/2024\/12\/e00e004a-7759-4dde-a24b-64fb5b73d0b1-300x225.jpg 300w, https:\/\/noticiaempauta.com\/portal\/wp-content\/uploads\/2024\/12\/e00e004a-7759-4dde-a24b-64fb5b73d0b1-768x576.jpg 768w, https:\/\/noticiaempauta.com\/portal\/wp-content\/uploads\/2024\/12\/e00e004a-7759-4dde-a24b-64fb5b73d0b1-1536x1152.jpg 1536w, https:\/\/noticiaempauta.com\/portal\/wp-content\/uploads\/2024\/12\/e00e004a-7759-4dde-a24b-64fb5b73d0b1.jpg 1600w\" sizes=\"(max-width: 1024px) 100vw, 1024px\" \/><\/figure>\n\n\n\n<p>Na oportunidade, foram votados dois projetos de lei que foram aprovados por todos os vereadores presentes \u00e0 sess\u00e3o, sendo eles:<\/p>\n\n\n\n<p>1. Aprovado o projeto de lei que disp\u00f5e sobre a Lei Or\u00e7ament\u00e1ria Anual &#8211; LOA 2025 que foi encaminhado&nbsp;pelo Poder Executivo Municipal.<\/p>\n\n\n\n<p>2. Aprovado o projeto de lei de autoria da Vereadora Elenilsa Helena que solicita que: seja denominado de&nbsp;<strong>Maria de Jesus Moura (D. N\u00eaga)&nbsp;<\/strong>a sala de fisioterapia da unidade b\u00e1sica de sa\u00fade Isaac Borges.<\/p>\n\n\n\n<figure class=\"wp-block-image size-large\"><img decoding=\"async\" width=\"1024\" height=\"768\" src=\"https:\/\/noticiaempauta.com\/portal\/wp-content\/uploads\/2024\/12\/92ffa7b7-f126-4407-b340-dceeeb7b2780-1024x768.jpg\" alt=\"\" class=\"wp-image-265409\" srcset=\"https:\/\/noticiaempauta.com\/portal\/wp-content\/uploads\/2024\/12\/92ffa7b7-f126-4407-b340-dceeeb7b2780-1024x768.jpg 1024w, https:\/\/noticiaempauta.com\/portal\/wp-content\/uploads\/2024\/12\/92ffa7b7-f126-4407-b340-dceeeb7b2780-300x225.jpg 300w, https:\/\/noticiaempauta.com\/portal\/wp-content\/uploads\/2024\/12\/92ffa7b7-f126-4407-b340-dceeeb7b2780-768x576.jpg 768w, https:\/\/noticiaempauta.com\/portal\/wp-content\/uploads\/2024\/12\/92ffa7b7-f126-4407-b340-dceeeb7b2780-1536x1152.jpg 1536w, https:\/\/noticiaempauta.com\/portal\/wp-content\/uploads\/2024\/12\/92ffa7b7-f126-4407-b340-dceeeb7b2780.jpg 1600w\" sizes=\"(max-width: 1024px) 100vw, 1024px\" \/><\/figure>\n\n\n\n<figure class=\"wp-block-image size-large\"><img decoding=\"async\" width=\"1024\" height=\"768\" src=\"https:\/\/noticiaempauta.com\/portal\/wp-content\/uploads\/2024\/12\/8185aea9-095f-43ec-9741-fba1f16a36b0-1024x768.jpg\" alt=\"\" class=\"wp-image-265410\" srcset=\"https:\/\/noticiaempauta.com\/portal\/wp-content\/uploads\/2024\/12\/8185aea9-095f-43ec-9741-fba1f16a36b0-1024x768.jpg 1024w, https:\/\/noticiaempauta.com\/portal\/wp-content\/uploads\/2024\/12\/8185aea9-095f-43ec-9741-fba1f16a36b0-300x225.jpg 300w, https:\/\/noticiaempauta.com\/portal\/wp-content\/uploads\/2024\/12\/8185aea9-095f-43ec-9741-fba1f16a36b0-768x576.jpg 768w, https:\/\/noticiaempauta.com\/portal\/wp-content\/uploads\/2024\/12\/8185aea9-095f-43ec-9741-fba1f16a36b0-1536x1152.jpg 1536w, https:\/\/noticiaempauta.com\/portal\/wp-content\/uploads\/2024\/12\/8185aea9-095f-43ec-9741-fba1f16a36b0.jpg 1600w\" sizes=\"(max-width: 1024px) 100vw, 1024px\" \/><\/figure>\n\n\n\n<p><strong>Pronunciamentos<\/strong><\/p>\n\n\n\n<p>Ausente por motivos superiores e devidamente justificado a mesa diretora, a presidente da casa, Clarete Rabelo,&nbsp;enviou relat\u00f3rio de a\u00e7\u00f5es realizadas durante o ano legislativo 2024, de iniciativa da sua gest\u00e3o como presidente do poder legislativo municipal no ano corrente. <\/p>\n\n\n\n<figure class=\"wp-block-image size-large\"><img loading=\"lazy\" decoding=\"async\" width=\"1024\" height=\"683\" src=\"https:\/\/noticiaempauta.com\/portal\/wp-content\/uploads\/2024\/12\/IMG_3510-1024x683.jpg\" alt=\"\" class=\"wp-image-265411\" srcset=\"https:\/\/noticiaempauta.com\/portal\/wp-content\/uploads\/2024\/12\/IMG_3510-1024x683.jpg 1024w, https:\/\/noticiaempauta.com\/portal\/wp-content\/uploads\/2024\/12\/IMG_3510-300x200.jpg 300w, https:\/\/noticiaempauta.com\/portal\/wp-content\/uploads\/2024\/12\/IMG_3510-768x512.jpg 768w, https:\/\/noticiaempauta.com\/portal\/wp-content\/uploads\/2024\/12\/IMG_3510.jpg 1200w\" sizes=\"(max-width: 1024px) 100vw, 1024px\" \/><figcaption class=\"wp-element-caption\"><em>Presidente da C\u00e2mara Municipal de Santana do Piau\u00ed, Clarete Rabelo.<\/em><\/figcaption><\/figure>\n\n\n\n<figure class=\"wp-block-image size-large\"><img loading=\"lazy\" decoding=\"async\" width=\"768\" height=\"1024\" src=\"https:\/\/noticiaempauta.com\/portal\/wp-content\/uploads\/2024\/12\/c7c61b60-bcf4-4c7f-b77c-f58fc499fdbd-768x1024.jpg\" alt=\"\" class=\"wp-image-265412\" srcset=\"https:\/\/noticiaempauta.com\/portal\/wp-content\/uploads\/2024\/12\/c7c61b60-bcf4-4c7f-b77c-f58fc499fdbd-768x1024.jpg 768w, https:\/\/noticiaempauta.com\/portal\/wp-content\/uploads\/2024\/12\/c7c61b60-bcf4-4c7f-b77c-f58fc499fdbd-225x300.jpg 225w, https:\/\/noticiaempauta.com\/portal\/wp-content\/uploads\/2024\/12\/c7c61b60-bcf4-4c7f-b77c-f58fc499fdbd.jpg 900w\" sizes=\"(max-width: 768px) 100vw, 768px\" \/><\/figure>\n\n\n\n<p>O relat\u00f3rio foi apresentado durante leitura feita pela secret\u00e1ria da c\u00e2mara municipal, Francidalva.<\/p>\n\n\n\n<p>Entre as aquisi\u00e7\u00f5es mencionadas no relat\u00f3rio, destacam-se as seguintes a\u00e7\u00f5es como a revitaliza\u00e7\u00e3o da fachada com a instala\u00e7\u00e3o de placa luminosa, aplica\u00e7\u00e3o de pel\u00edculas nas portas, melhorias na ilumina\u00e7\u00e3o externa e interna; pintura interna e externa, substitui\u00e7\u00e3o de piso danificado no banheiro e plen\u00e1rio, conserto e aquisi\u00e7\u00e3o assentos\/cadeiras,&nbsp;manuten\u00e7\u00f5es das centrais de ar; revis\u00e3o e conserto da motocicleta da c\u00e2mara; aquisi\u00e7\u00e3o de utens\u00edlios dom\u00e9sticos para uso interno; compra de pia com balc\u00e3o; garrafas t\u00e9rmicas e botij\u00e3o de g\u00e1s, aquisi\u00e7\u00e3o de um notebook, painel blackdrop e retroprojetor, aquisi\u00e7\u00e3o  de novo sistema de som, prateleiras de madeira para arquivo e compra de um telefone fixo, dentre outros.<\/p>\n\n\n\n<figure class=\"wp-block-image size-large\"><img loading=\"lazy\" decoding=\"async\" width=\"1024\" height=\"755\" src=\"https:\/\/noticiaempauta.com\/portal\/wp-content\/uploads\/2024\/12\/b7bb8027-eb49-41e7-9765-3f3e23029695-1024x755.jpg\" alt=\"\" class=\"wp-image-265413\" srcset=\"https:\/\/noticiaempauta.com\/portal\/wp-content\/uploads\/2024\/12\/b7bb8027-eb49-41e7-9765-3f3e23029695-1024x755.jpg 1024w, https:\/\/noticiaempauta.com\/portal\/wp-content\/uploads\/2024\/12\/b7bb8027-eb49-41e7-9765-3f3e23029695-300x221.jpg 300w, https:\/\/noticiaempauta.com\/portal\/wp-content\/uploads\/2024\/12\/b7bb8027-eb49-41e7-9765-3f3e23029695-768x566.jpg 768w, https:\/\/noticiaempauta.com\/portal\/wp-content\/uploads\/2024\/12\/b7bb8027-eb49-41e7-9765-3f3e23029695-1536x1132.jpg 1536w, https:\/\/noticiaempauta.com\/portal\/wp-content\/uploads\/2024\/12\/b7bb8027-eb49-41e7-9765-3f3e23029695.jpg 1600w\" sizes=\"(max-width: 1024px) 100vw, 1024px\" \/><\/figure>\n\n\n\n<figure class=\"wp-block-image size-full\"><img loading=\"lazy\" decoding=\"async\" width=\"900\" height=\"901\" src=\"https:\/\/noticiaempauta.com\/portal\/wp-content\/uploads\/2024\/12\/57cdc160-1f2e-43a9-b796-254634412422.jpg\" alt=\"\" class=\"wp-image-265414\" srcset=\"https:\/\/noticiaempauta.com\/portal\/wp-content\/uploads\/2024\/12\/57cdc160-1f2e-43a9-b796-254634412422.jpg 900w, https:\/\/noticiaempauta.com\/portal\/wp-content\/uploads\/2024\/12\/57cdc160-1f2e-43a9-b796-254634412422-300x300.jpg 300w, https:\/\/noticiaempauta.com\/portal\/wp-content\/uploads\/2024\/12\/57cdc160-1f2e-43a9-b796-254634412422-150x150.jpg 150w, https:\/\/noticiaempauta.com\/portal\/wp-content\/uploads\/2024\/12\/57cdc160-1f2e-43a9-b796-254634412422-768x769.jpg 768w\" sizes=\"(max-width: 900px) 100vw, 900px\" \/><\/figure>\n\n\n\n<p><strong>Vereador Ricardo da Lagoa<\/strong> &#8211; Em seu pronunciamento expressou sua felicidade e gratid\u00e3o pela oportunidade de ter contribu\u00eddo significativamente nesses \u00faltimos 8 anos pelo munic\u00edpio de Santana do Piau\u00ed, ressaltou o sentimento de dever cumprido, pois ao longo desses dois mandatos, todos os avan\u00e7os e conquistas que chegaram para o munic\u00edpio teve seu apoio, independentemente de conota\u00e7\u00e3o partid\u00e1ria, oportunidade em que tamb\u00e9m reafirmou seu compromisso de continuar na luta em busca de melhorias para o munic\u00edpio, desejando sucesso aos novos parlamentares eleitos para a pr\u00f3xima legislatura.  <\/p>\n\n\n\n<figure class=\"wp-block-image size-full\"><img loading=\"lazy\" decoding=\"async\" width=\"900\" height=\"840\" src=\"https:\/\/noticiaempauta.com\/portal\/wp-content\/uploads\/2024\/12\/ac23dc7c-edca-4a2b-978f-b3c0e87dea47.jpg\" alt=\"\" class=\"wp-image-265415\" srcset=\"https:\/\/noticiaempauta.com\/portal\/wp-content\/uploads\/2024\/12\/ac23dc7c-edca-4a2b-978f-b3c0e87dea47.jpg 900w, https:\/\/noticiaempauta.com\/portal\/wp-content\/uploads\/2024\/12\/ac23dc7c-edca-4a2b-978f-b3c0e87dea47-300x280.jpg 300w, https:\/\/noticiaempauta.com\/portal\/wp-content\/uploads\/2024\/12\/ac23dc7c-edca-4a2b-978f-b3c0e87dea47-768x717.jpg 768w\" sizes=\"(max-width: 900px) 100vw, 900px\" \/><\/figure>\n\n\n\n<p><strong>Vereador Francisquinho<\/strong> &#8211; Em sua fala, destacou mensagem de agradecimento \u00e0quelas pessoas que tiveram a humildade de confiar seu voto durante toda as campanhas e mandatos conquistados e desempenhado no munic\u00edpio, pontuo projetos important\u00edssimos como o de cargos, carreiras e sal\u00e1rios que foi um projeto de sua autoria, dentre outros pontos agradeceu ao povo santanense pela confian\u00e7a e apoio durante sua atua\u00e7\u00e3o parlamentar.<\/p>\n\n\n\n<figure class=\"wp-block-image size-full\"><img loading=\"lazy\" decoding=\"async\" width=\"900\" height=\"792\" src=\"https:\/\/noticiaempauta.com\/portal\/wp-content\/uploads\/2024\/12\/19f7de22-b20f-43aa-b35d-e88250a9452c.jpg\" alt=\"\" class=\"wp-image-265416\" srcset=\"https:\/\/noticiaempauta.com\/portal\/wp-content\/uploads\/2024\/12\/19f7de22-b20f-43aa-b35d-e88250a9452c.jpg 900w, https:\/\/noticiaempauta.com\/portal\/wp-content\/uploads\/2024\/12\/19f7de22-b20f-43aa-b35d-e88250a9452c-300x264.jpg 300w, https:\/\/noticiaempauta.com\/portal\/wp-content\/uploads\/2024\/12\/19f7de22-b20f-43aa-b35d-e88250a9452c-768x676.jpg 768w\" sizes=\"(max-width: 900px) 100vw, 900px\" \/><\/figure>\n\n\n\n<p><strong>Vereador Ant\u00f4nio de Herc\u00edlia<\/strong> &#8211; Em uso da tribuna, o vereador fez seus agradecimentos&nbsp;aos 317 votos que o fizeram ser reeleito para o quarto mandato, destacando sua experi\u00eancia como parlamentar o mesmo reafirmou compromisso de continuar seu trabalho em prol de melhorias e avan\u00e7os para Santana do Piau\u00ed.<\/p>\n\n\n\n<figure class=\"wp-block-image size-full\"><img loading=\"lazy\" decoding=\"async\" width=\"900\" height=\"816\" src=\"https:\/\/noticiaempauta.com\/portal\/wp-content\/uploads\/2024\/12\/ea2bcf9b-d604-4946-805c-6245b35b7e81.jpg\" alt=\"\" class=\"wp-image-265417\" srcset=\"https:\/\/noticiaempauta.com\/portal\/wp-content\/uploads\/2024\/12\/ea2bcf9b-d604-4946-805c-6245b35b7e81.jpg 900w, https:\/\/noticiaempauta.com\/portal\/wp-content\/uploads\/2024\/12\/ea2bcf9b-d604-4946-805c-6245b35b7e81-300x272.jpg 300w, https:\/\/noticiaempauta.com\/portal\/wp-content\/uploads\/2024\/12\/ea2bcf9b-d604-4946-805c-6245b35b7e81-768x696.jpg 768w\" sizes=\"(max-width: 900px) 100vw, 900px\" \/><\/figure>\n\n\n\n<p><strong>Vereador Deuzim<\/strong> &#8211; &#8220;O sentimento \u00e9 de dever cumprido por sempre ter feito a minha parte.&nbsp;Agrade\u00e7o aos 220 votos que me apoiaram e me permitiram a recondu\u00e7\u00e3o para mais um mandato, nesta casa sempre fizemos oposi\u00e7\u00e3o respons\u00e1vel, tudo o que pudemos contribuir, atuamos da melhor forma poss\u00edvel e&nbsp;a miss\u00e3o \u00e9 seguir trabalhando com essa consci\u00eancia de que desenvolvimento de Santana do Piau\u00ed \u00e9 uma prioridade&#8221;, disse o vereador durante uso da tribuna.&nbsp;<\/p>\n\n\n\n<figure class=\"wp-block-image size-full\"><img loading=\"lazy\" decoding=\"async\" width=\"900\" height=\"846\" src=\"https:\/\/noticiaempauta.com\/portal\/wp-content\/uploads\/2024\/12\/8da34801-c7b1-4983-b3a8-8643e9b8eabc.jpg\" alt=\"\" class=\"wp-image-265418\" srcset=\"https:\/\/noticiaempauta.com\/portal\/wp-content\/uploads\/2024\/12\/8da34801-c7b1-4983-b3a8-8643e9b8eabc.jpg 900w, https:\/\/noticiaempauta.com\/portal\/wp-content\/uploads\/2024\/12\/8da34801-c7b1-4983-b3a8-8643e9b8eabc-300x282.jpg 300w, https:\/\/noticiaempauta.com\/portal\/wp-content\/uploads\/2024\/12\/8da34801-c7b1-4983-b3a8-8643e9b8eabc-768x722.jpg 768w\" sizes=\"(max-width: 900px) 100vw, 900px\" \/><\/figure>\n\n\n\n<p><strong>Vereadora&nbsp;Elenilsa Gabriel<\/strong> &#8211; Em sua fala, comentou a import\u00e2ncia de concluir mais um ano legislativo, oportunidade em que tamb\u00e9m apresentou requerimento onde solicita da gest\u00e3o municipal que a Sala de Fisioterapia seja denominada de Maria de Jesus Moura, m\u00e3e da Prefeita Maria Jos\u00e9. A vereadora ainda comentou sobre o resultado das \u00faltimas elei\u00e7\u00f5es, onde a mesma n\u00e3o conseguiu se reeleger, destacando que o respeito a democracia e a vontade popular deve sempre prevalecer, reafirmando que continuar\u00e1 seu trabalho na defesa do seu povo e em busca de melhorias para as comunidades, ocasi\u00e3o em que tamb\u00e9m expressou votos de sucesso a todos os eleitos para a pr\u00f3xima legislatura, especialmente ao prefeito eleito, Adonaldo Cassiano, desejando um bom trabalho a frente da gest\u00e3o municipal.<\/p>\n\n\n\n<figure class=\"wp-block-image size-full\"><img loading=\"lazy\" decoding=\"async\" width=\"900\" height=\"841\" src=\"https:\/\/noticiaempauta.com\/portal\/wp-content\/uploads\/2024\/12\/73183d8d-9ca6-4ac6-9c37-dabc97aad56d.jpg\" alt=\"\" class=\"wp-image-265419\" srcset=\"https:\/\/noticiaempauta.com\/portal\/wp-content\/uploads\/2024\/12\/73183d8d-9ca6-4ac6-9c37-dabc97aad56d.jpg 900w, https:\/\/noticiaempauta.com\/portal\/wp-content\/uploads\/2024\/12\/73183d8d-9ca6-4ac6-9c37-dabc97aad56d-300x280.jpg 300w, https:\/\/noticiaempauta.com\/portal\/wp-content\/uploads\/2024\/12\/73183d8d-9ca6-4ac6-9c37-dabc97aad56d-768x718.jpg 768w\" sizes=\"(max-width: 900px) 100vw, 900px\" \/><\/figure>\n\n\n\n<p><strong>Vereador Vin\u00edcius<\/strong> &#8211; Durante uso da tribuna, fez um balan\u00e7o de sua atua\u00e7\u00e3o ao longo de seus dois mandatos, destacando os avan\u00e7os que o munic\u00edpio teve ao longo dos \u00faltimos anos, enfatizando que continuar\u00e1 seu trabalho pol\u00edtico na condi\u00e7\u00e3o de lideran\u00e7a, sobretudo pela experi\u00eancia obtida como vereador, na busca de melhorias e a\u00e7\u00f5es que tragam cada vez mais progresso para o munic\u00edpio nas mais diversas \u00e1reas, agradecendo a todos os colegas vereadores, funcion\u00e1rios da c\u00e2mara e toda popula\u00e7\u00e3o pela confian\u00e7a, amizade e parceria durante sua atua\u00e7\u00e3o parlamentar.<\/p>\n\n\n\n<figure class=\"wp-block-image size-full\"><img loading=\"lazy\" decoding=\"async\" width=\"900\" height=\"720\" src=\"https:\/\/noticiaempauta.com\/portal\/wp-content\/uploads\/2024\/12\/6a9d7d03-689d-45db-89fc-ddad7055e186.jpg\" alt=\"\" class=\"wp-image-265420\" srcset=\"https:\/\/noticiaempauta.com\/portal\/wp-content\/uploads\/2024\/12\/6a9d7d03-689d-45db-89fc-ddad7055e186.jpg 900w, https:\/\/noticiaempauta.com\/portal\/wp-content\/uploads\/2024\/12\/6a9d7d03-689d-45db-89fc-ddad7055e186-300x240.jpg 300w, https:\/\/noticiaempauta.com\/portal\/wp-content\/uploads\/2024\/12\/6a9d7d03-689d-45db-89fc-ddad7055e186-768x614.jpg 768w\" sizes=\"(max-width: 900px) 100vw, 900px\" \/><\/figure>\n\n\n\n<p>A prefeita Maria Jos\u00e9&nbsp;fez a leitura da mensagem do executivo, destacando as a\u00e7\u00f5es de governo executadas nestes oito anos em que esteve \u00e0 frente da Prefeitura de Santana do Piau\u00ed, bem como elencou projetos de infraestrutura que ainda ser\u00e3o viabilizados nos pr\u00f3ximos meses.<\/p>\n\n\n\n<figure class=\"wp-block-image size-large\"><img loading=\"lazy\" decoding=\"async\" width=\"1024\" height=\"768\" src=\"https:\/\/noticiaempauta.com\/portal\/wp-content\/uploads\/2024\/12\/10bd1425-7005-47a4-8e58-bebe3275386b-1024x768.jpg\" alt=\"\" class=\"wp-image-265421\" srcset=\"https:\/\/noticiaempauta.com\/portal\/wp-content\/uploads\/2024\/12\/10bd1425-7005-47a4-8e58-bebe3275386b-1024x768.jpg 1024w, https:\/\/noticiaempauta.com\/portal\/wp-content\/uploads\/2024\/12\/10bd1425-7005-47a4-8e58-bebe3275386b-300x225.jpg 300w, https:\/\/noticiaempauta.com\/portal\/wp-content\/uploads\/2024\/12\/10bd1425-7005-47a4-8e58-bebe3275386b-768x576.jpg 768w, https:\/\/noticiaempauta.com\/portal\/wp-content\/uploads\/2024\/12\/10bd1425-7005-47a4-8e58-bebe3275386b-1536x1152.jpg 1536w, https:\/\/noticiaempauta.com\/portal\/wp-content\/uploads\/2024\/12\/10bd1425-7005-47a4-8e58-bebe3275386b.jpg 1600w\" sizes=\"(max-width: 1024px) 100vw, 1024px\" \/><\/figure>\n\n\n\n<p>Finalizada a sess\u00e3o com a vota\u00e7\u00e3o e aprova\u00e7\u00e3o dos projetos foi informado o per\u00edodo de recesso legislativo, com in\u00edcio no pr\u00f3ximo dia 20 de dezembro.<\/p>\n\n\n\n<p><strong>Fonte e Fotos: Portal AgoraED<\/strong><\/p>\n\n\n\n<p><\/p>\n","protected":false},"excerpt":{"rendered":"<p>A C\u00e2mara Municipal de Santana do Piau\u00ed realizou nesta sexta-feira, (13), a \u00faltima sess\u00e3o ordin\u00e1ria do ano legislativo de 2024. Conduzida pelo vereador Vinicius Leal (MDB), tamb\u00e9m estiveram presentes os vereadores (a); Elenilsa Gabriel, Ant\u00f4nio de Herc\u00edlia, Deuzim, Francisquinho e Ricardo da Lagoa. Na oportunidade, foram votados dois projetos de lei que foram aprovados por [&hellip;]<\/p>\n","protected":false},"author":2,"featured_media":265408,"comment_status":"open","ping_status":"open","sticky":false,"template":"","format":"standard","meta":{"_mi_skip_tracking":false,"footnotes":""},"categories":[25,1,9,16],"tags":[],"class_list":["post-265407","post","type-post","status-publish","format-standard","has-post-thumbnail","hentry","category-destaques-site","category-geral","category-municipios","category-todas"],"acf":[],"yoast_head":"<!-- This site is optimized with the Yoast SEO Premium plugin v19.2 (Yoast SEO v26.9) - https:\/\/yoast.com\/product\/yoast-seo-premium-wordpress\/ -->\n<title>C\u00e2mara Municipal de Santana do Piau\u00ed realiza \u00faltima sess\u00e3o antes do recesso legislativo - Portal Not\u00edcia em Pauta<\/title>\n<meta name=\"robots\" content=\"index, follow, max-snippet:-1, max-image-preview:large, max-video-preview:-1\" \/>\n<link rel=\"canonical\" href=\"https:\/\/noticiaempauta.com\/portal\/camara-municipal-de-santana-do-piaui-realiza-ultima-sessao-antes-do-recesso-legislativo\/\" \/>\n<meta property=\"og:locale\" content=\"pt_BR\" \/>\n<meta property=\"og:type\" content=\"article\" \/>\n<meta property=\"og:title\" content=\"C\u00e2mara Municipal de Santana do Piau\u00ed realiza \u00faltima sess\u00e3o antes do recesso legislativo\" \/>\n<meta property=\"og:description\" content=\"A C\u00e2mara Municipal de Santana do Piau\u00ed realizou nesta sexta-feira, (13), a \u00faltima sess\u00e3o ordin\u00e1ria do ano legislativo de 2024. Conduzida pelo vereador Vinicius Leal (MDB), tamb\u00e9m estiveram presentes os vereadores (a); Elenilsa Gabriel, Ant\u00f4nio de Herc\u00edlia, Deuzim, Francisquinho e Ricardo da Lagoa. Na oportunidade, foram votados dois projetos de lei que foram aprovados por [&hellip;]\" \/>\n<meta property=\"og:url\" content=\"https:\/\/noticiaempauta.com\/portal\/camara-municipal-de-santana-do-piaui-realiza-ultima-sessao-antes-do-recesso-legislativo\/\" \/>\n<meta property=\"og:site_name\" content=\"Portal Not\u00edcia em Pauta\" \/>\n<meta property=\"article:publisher\" content=\"https:\/\/www.facebook.com\/Portal-Notcia-Em-Pauta-102292869264820\/\" \/>\n<meta property=\"article:published_time\" content=\"2024-12-16T13:57:47+00:00\" \/>\n<meta property=\"article:modified_time\" content=\"2024-12-16T14:00:52+00:00\" \/>\n<meta property=\"og:image\" content=\"https:\/\/noticiaempauta.com\/portal\/wp-content\/uploads\/2024\/12\/e00e004a-7759-4dde-a24b-64fb5b73d0b1.jpg\" \/>\n\t<meta property=\"og:image:width\" content=\"1600\" \/>\n\t<meta property=\"og:image:height\" content=\"1200\" \/>\n\t<meta property=\"og:image:type\" content=\"image\/jpeg\" \/>\n<meta name=\"author\" content=\"Reda\u00e7\u00e3o\" \/>\n<meta name=\"twitter:card\" content=\"summary_large_image\" \/>\n<meta name=\"twitter:label1\" content=\"Escrito por\" \/>\n\t<meta name=\"twitter:data1\" content=\"Reda\u00e7\u00e3o\" \/>\n\t<meta name=\"twitter:label2\" content=\"Est. tempo de leitura\" \/>\n\t<meta name=\"twitter:data2\" content=\"8 minutos\" \/>\n<script type=\"application\/ld+json\" class=\"yoast-schema-graph\">{\"@context\":\"https:\/\/schema.org\",\"@graph\":[{\"@type\":\"Article\",\"@id\":\"https:\/\/noticiaempauta.com\/portal\/camara-municipal-de-santana-do-piaui-realiza-ultima-sessao-antes-do-recesso-legislativo\/#article\",\"isPartOf\":{\"@id\":\"https:\/\/noticiaempauta.com\/portal\/camara-municipal-de-santana-do-piaui-realiza-ultima-sessao-antes-do-recesso-legislativo\/\"},\"author\":{\"name\":\"Reda\u00e7\u00e3o\",\"@id\":\"https:\/\/noticiaempauta.com\/portal\/#\/schema\/person\/a74af43dd1ab3deca45f988c717d57ac\"},\"headline\":\"C\u00e2mara Municipal de Santana do Piau\u00ed realiza \u00faltima sess\u00e3o antes do recesso legislativo\",\"datePublished\":\"2024-12-16T13:57:47+00:00\",\"dateModified\":\"2024-12-16T14:00:52+00:00\",\"mainEntityOfPage\":{\"@id\":\"https:\/\/noticiaempauta.com\/portal\/camara-municipal-de-santana-do-piaui-realiza-ultima-sessao-antes-do-recesso-legislativo\/\"},\"wordCount\":962,\"commentCount\":0,\"publisher\":{\"@id\":\"https:\/\/noticiaempauta.com\/portal\/#organization\"},\"image\":{\"@id\":\"https:\/\/noticiaempauta.com\/portal\/camara-municipal-de-santana-do-piaui-realiza-ultima-sessao-antes-do-recesso-legislativo\/#primaryimage\"},\"thumbnailUrl\":\"https:\/\/noticiaempauta.com\/portal\/wp-content\/uploads\/2024\/12\/e00e004a-7759-4dde-a24b-64fb5b73d0b1.jpg\",\"articleSection\":[\"Destaques\",\"Geral\",\"Munic\u00edpios\",\"Todas as Not\u00edcias\"],\"inLanguage\":\"pt-BR\",\"potentialAction\":[{\"@type\":\"CommentAction\",\"name\":\"Comment\",\"target\":[\"https:\/\/noticiaempauta.com\/portal\/camara-municipal-de-santana-do-piaui-realiza-ultima-sessao-antes-do-recesso-legislativo\/#respond\"]}]},{\"@type\":\"WebPage\",\"@id\":\"https:\/\/noticiaempauta.com\/portal\/camara-municipal-de-santana-do-piaui-realiza-ultima-sessao-antes-do-recesso-legislativo\/\",\"url\":\"https:\/\/noticiaempauta.com\/portal\/camara-municipal-de-santana-do-piaui-realiza-ultima-sessao-antes-do-recesso-legislativo\/\",\"name\":\"C\u00e2mara Municipal de Santana do Piau\u00ed realiza \u00faltima sess\u00e3o antes do recesso legislativo - Portal Not\u00edcia em Pauta\",\"isPartOf\":{\"@id\":\"https:\/\/noticiaempauta.com\/portal\/#website\"},\"primaryImageOfPage\":{\"@id\":\"https:\/\/noticiaempauta.com\/portal\/camara-municipal-de-santana-do-piaui-realiza-ultima-sessao-antes-do-recesso-legislativo\/#primaryimage\"},\"image\":{\"@id\":\"https:\/\/noticiaempauta.com\/portal\/camara-municipal-de-santana-do-piaui-realiza-ultima-sessao-antes-do-recesso-legislativo\/#primaryimage\"},\"thumbnailUrl\":\"https:\/\/noticiaempauta.com\/portal\/wp-content\/uploads\/2024\/12\/e00e004a-7759-4dde-a24b-64fb5b73d0b1.jpg\",\"datePublished\":\"2024-12-16T13:57:47+00:00\",\"dateModified\":\"2024-12-16T14:00:52+00:00\",\"breadcrumb\":{\"@id\":\"https:\/\/noticiaempauta.com\/portal\/camara-municipal-de-santana-do-piaui-realiza-ultima-sessao-antes-do-recesso-legislativo\/#breadcrumb\"},\"inLanguage\":\"pt-BR\",\"potentialAction\":[{\"@type\":\"ReadAction\",\"target\":[\"https:\/\/noticiaempauta.com\/portal\/camara-municipal-de-santana-do-piaui-realiza-ultima-sessao-antes-do-recesso-legislativo\/\"]}]},{\"@type\":\"ImageObject\",\"inLanguage\":\"pt-BR\",\"@id\":\"https:\/\/noticiaempauta.com\/portal\/camara-municipal-de-santana-do-piaui-realiza-ultima-sessao-antes-do-recesso-legislativo\/#primaryimage\",\"url\":\"https:\/\/noticiaempauta.com\/portal\/wp-content\/uploads\/2024\/12\/e00e004a-7759-4dde-a24b-64fb5b73d0b1.jpg\",\"contentUrl\":\"https:\/\/noticiaempauta.com\/portal\/wp-content\/uploads\/2024\/12\/e00e004a-7759-4dde-a24b-64fb5b73d0b1.jpg\",\"width\":1600,\"height\":1200},{\"@type\":\"BreadcrumbList\",\"@id\":\"https:\/\/noticiaempauta.com\/portal\/camara-municipal-de-santana-do-piaui-realiza-ultima-sessao-antes-do-recesso-legislativo\/#breadcrumb\",\"itemListElement\":[{\"@type\":\"ListItem\",\"position\":1,\"name\":\"P\u00e1gina Inicial\",\"item\":\"https:\/\/noticiaempauta.com\/portal\/\"},{\"@type\":\"ListItem\",\"position\":2,\"name\":\"Destaques\",\"item\":\"https:\/\/noticiaempauta.com\/portal\/destaques-site\/\"},{\"@type\":\"ListItem\",\"position\":3,\"name\":\"C\u00e2mara Municipal de Santana do Piau\u00ed realiza \u00faltima sess\u00e3o antes do recesso legislativo\"}]},{\"@type\":\"WebSite\",\"@id\":\"https:\/\/noticiaempauta.com\/portal\/#website\",\"url\":\"https:\/\/noticiaempauta.com\/portal\/\",\"name\":\"Portal Not\u00edcia em Pauta\",\"description\":\"Voc\u00ea bem informado\",\"publisher\":{\"@id\":\"https:\/\/noticiaempauta.com\/portal\/#organization\"},\"potentialAction\":[{\"@type\":\"SearchAction\",\"target\":{\"@type\":\"EntryPoint\",\"urlTemplate\":\"https:\/\/noticiaempauta.com\/portal\/?s={search_term_string}\"},\"query-input\":{\"@type\":\"PropertyValueSpecification\",\"valueRequired\":true,\"valueName\":\"search_term_string\"}}],\"inLanguage\":\"pt-BR\"},{\"@type\":\"Organization\",\"@id\":\"https:\/\/noticiaempauta.com\/portal\/#organization\",\"name\":\"Portal Not\u00edcia em Pauta\",\"url\":\"https:\/\/noticiaempauta.com\/portal\/\",\"logo\":{\"@type\":\"ImageObject\",\"inLanguage\":\"pt-BR\",\"@id\":\"https:\/\/noticiaempauta.com\/portal\/#\/schema\/logo\/image\/\",\"url\":\"https:\/\/noticiaempauta.com\/portal\/wp-content\/uploads\/2022\/08\/logomarca_tema.fw_.png\",\"contentUrl\":\"https:\/\/noticiaempauta.com\/portal\/wp-content\/uploads\/2022\/08\/logomarca_tema.fw_.png\",\"width\":400,\"height\":232,\"caption\":\"Portal Not\u00edcia em Pauta\"},\"image\":{\"@id\":\"https:\/\/noticiaempauta.com\/portal\/#\/schema\/logo\/image\/\"},\"sameAs\":[\"https:\/\/www.facebook.com\/Portal-Notcia-Em-Pauta-102292869264820\/\",\"https:\/\/www.instagram.com\/portalnoticiaempauta\/\"]},{\"@type\":\"Person\",\"@id\":\"https:\/\/noticiaempauta.com\/portal\/#\/schema\/person\/a74af43dd1ab3deca45f988c717d57ac\",\"name\":\"Reda\u00e7\u00e3o\",\"image\":{\"@type\":\"ImageObject\",\"inLanguage\":\"pt-BR\",\"@id\":\"https:\/\/noticiaempauta.com\/portal\/#\/schema\/person\/image\/\",\"url\":\"https:\/\/secure.gravatar.com\/avatar\/03179346ecce6cdfc13361603e8f54242a90e5cde8618fa23c5c00aa2b0aadf3?s=96&d=mm&r=g\",\"contentUrl\":\"https:\/\/secure.gravatar.com\/avatar\/03179346ecce6cdfc13361603e8f54242a90e5cde8618fa23c5c00aa2b0aadf3?s=96&d=mm&r=g\",\"caption\":\"Reda\u00e7\u00e3o\"},\"sameAs\":[\"https:\/\/noticiaempauta.com\/portal\/\"],\"url\":\"https:\/\/noticiaempauta.com\/portal\/author\/fernando\/\"}]}<\/script>\n<!-- \/ Yoast SEO Premium plugin. -->","yoast_head_json":{"title":"C\u00e2mara Municipal de Santana do Piau\u00ed realiza \u00faltima sess\u00e3o antes do recesso legislativo - Portal Not\u00edcia em Pauta","robots":{"index":"index","follow":"follow","max-snippet":"max-snippet:-1","max-image-preview":"max-image-preview:large","max-video-preview":"max-video-preview:-1"},"canonical":"https:\/\/noticiaempauta.com\/portal\/camara-municipal-de-santana-do-piaui-realiza-ultima-sessao-antes-do-recesso-legislativo\/","og_locale":"pt_BR","og_type":"article","og_title":"C\u00e2mara Municipal de Santana do Piau\u00ed realiza \u00faltima sess\u00e3o antes do recesso legislativo","og_description":"A C\u00e2mara Municipal de Santana do Piau\u00ed realizou nesta sexta-feira, (13), a \u00faltima sess\u00e3o ordin\u00e1ria do ano legislativo de 2024. Conduzida pelo vereador Vinicius Leal (MDB), tamb\u00e9m estiveram presentes os vereadores (a); Elenilsa Gabriel, Ant\u00f4nio de Herc\u00edlia, Deuzim, Francisquinho e Ricardo da Lagoa. Na oportunidade, foram votados dois projetos de lei que foram aprovados por [&hellip;]","og_url":"https:\/\/noticiaempauta.com\/portal\/camara-municipal-de-santana-do-piaui-realiza-ultima-sessao-antes-do-recesso-legislativo\/","og_site_name":"Portal Not\u00edcia em Pauta","article_publisher":"https:\/\/www.facebook.com\/Portal-Notcia-Em-Pauta-102292869264820\/","article_published_time":"2024-12-16T13:57:47+00:00","article_modified_time":"2024-12-16T14:00:52+00:00","og_image":[{"width":1600,"height":1200,"url":"https:\/\/noticiaempauta.com\/portal\/wp-content\/uploads\/2024\/12\/e00e004a-7759-4dde-a24b-64fb5b73d0b1.jpg","type":"image\/jpeg"}],"author":"Reda\u00e7\u00e3o","twitter_card":"summary_large_image","twitter_misc":{"Escrito por":"Reda\u00e7\u00e3o","Est. tempo de leitura":"8 minutos"},"schema":{"@context":"https:\/\/schema.org","@graph":[{"@type":"Article","@id":"https:\/\/noticiaempauta.com\/portal\/camara-municipal-de-santana-do-piaui-realiza-ultima-sessao-antes-do-recesso-legislativo\/#article","isPartOf":{"@id":"https:\/\/noticiaempauta.com\/portal\/camara-municipal-de-santana-do-piaui-realiza-ultima-sessao-antes-do-recesso-legislativo\/"},"author":{"name":"Reda\u00e7\u00e3o","@id":"https:\/\/noticiaempauta.com\/portal\/#\/schema\/person\/a74af43dd1ab3deca45f988c717d57ac"},"headline":"C\u00e2mara Municipal de Santana do Piau\u00ed realiza \u00faltima sess\u00e3o antes do recesso legislativo","datePublished":"2024-12-16T13:57:47+00:00","dateModified":"2024-12-16T14:00:52+00:00","mainEntityOfPage":{"@id":"https:\/\/noticiaempauta.com\/portal\/camara-municipal-de-santana-do-piaui-realiza-ultima-sessao-antes-do-recesso-legislativo\/"},"wordCount":962,"commentCount":0,"publisher":{"@id":"https:\/\/noticiaempauta.com\/portal\/#organization"},"image":{"@id":"https:\/\/noticiaempauta.com\/portal\/camara-municipal-de-santana-do-piaui-realiza-ultima-sessao-antes-do-recesso-legislativo\/#primaryimage"},"thumbnailUrl":"https:\/\/noticiaempauta.com\/portal\/wp-content\/uploads\/2024\/12\/e00e004a-7759-4dde-a24b-64fb5b73d0b1.jpg","articleSection":["Destaques","Geral","Munic\u00edpios","Todas as Not\u00edcias"],"inLanguage":"pt-BR","potentialAction":[{"@type":"CommentAction","name":"Comment","target":["https:\/\/noticiaempauta.com\/portal\/camara-municipal-de-santana-do-piaui-realiza-ultima-sessao-antes-do-recesso-legislativo\/#respond"]}]},{"@type":"WebPage","@id":"https:\/\/noticiaempauta.com\/portal\/camara-municipal-de-santana-do-piaui-realiza-ultima-sessao-antes-do-recesso-legislativo\/","url":"https:\/\/noticiaempauta.com\/portal\/camara-municipal-de-santana-do-piaui-realiza-ultima-sessao-antes-do-recesso-legislativo\/","name":"C\u00e2mara Municipal de Santana do Piau\u00ed realiza \u00faltima sess\u00e3o antes do recesso legislativo - Portal Not\u00edcia em Pauta","isPartOf":{"@id":"https:\/\/noticiaempauta.com\/portal\/#website"},"primaryImageOfPage":{"@id":"https:\/\/noticiaempauta.com\/portal\/camara-municipal-de-santana-do-piaui-realiza-ultima-sessao-antes-do-recesso-legislativo\/#primaryimage"},"image":{"@id":"https:\/\/noticiaempauta.com\/portal\/camara-municipal-de-santana-do-piaui-realiza-ultima-sessao-antes-do-recesso-legislativo\/#primaryimage"},"thumbnailUrl":"https:\/\/noticiaempauta.com\/portal\/wp-content\/uploads\/2024\/12\/e00e004a-7759-4dde-a24b-64fb5b73d0b1.jpg","datePublished":"2024-12-16T13:57:47+00:00","dateModified":"2024-12-16T14:00:52+00:00","breadcrumb":{"@id":"https:\/\/noticiaempauta.com\/portal\/camara-municipal-de-santana-do-piaui-realiza-ultima-sessao-antes-do-recesso-legislativo\/#breadcrumb"},"inLanguage":"pt-BR","potentialAction":[{"@type":"ReadAction","target":["https:\/\/noticiaempauta.com\/portal\/camara-municipal-de-santana-do-piaui-realiza-ultima-sessao-antes-do-recesso-legislativo\/"]}]},{"@type":"ImageObject","inLanguage":"pt-BR","@id":"https:\/\/noticiaempauta.com\/portal\/camara-municipal-de-santana-do-piaui-realiza-ultima-sessao-antes-do-recesso-legislativo\/#primaryimage","url":"https:\/\/noticiaempauta.com\/portal\/wp-content\/uploads\/2024\/12\/e00e004a-7759-4dde-a24b-64fb5b73d0b1.jpg","contentUrl":"https:\/\/noticiaempauta.com\/portal\/wp-content\/uploads\/2024\/12\/e00e004a-7759-4dde-a24b-64fb5b73d0b1.jpg","width":1600,"height":1200},{"@type":"BreadcrumbList","@id":"https:\/\/noticiaempauta.com\/portal\/camara-municipal-de-santana-do-piaui-realiza-ultima-sessao-antes-do-recesso-legislativo\/#breadcrumb","itemListElement":[{"@type":"ListItem","position":1,"name":"P\u00e1gina Inicial","item":"https:\/\/noticiaempauta.com\/portal\/"},{"@type":"ListItem","position":2,"name":"Destaques","item":"https:\/\/noticiaempauta.com\/portal\/destaques-site\/"},{"@type":"ListItem","position":3,"name":"C\u00e2mara Municipal de Santana do Piau\u00ed realiza \u00faltima sess\u00e3o antes do recesso legislativo"}]},{"@type":"WebSite","@id":"https:\/\/noticiaempauta.com\/portal\/#website","url":"https:\/\/noticiaempauta.com\/portal\/","name":"Portal Not\u00edcia em Pauta","description":"Voc\u00ea bem informado","publisher":{"@id":"https:\/\/noticiaempauta.com\/portal\/#organization"},"potentialAction":[{"@type":"SearchAction","target":{"@type":"EntryPoint","urlTemplate":"https:\/\/noticiaempauta.com\/portal\/?s={search_term_string}"},"query-input":{"@type":"PropertyValueSpecification","valueRequired":true,"valueName":"search_term_string"}}],"inLanguage":"pt-BR"},{"@type":"Organization","@id":"https:\/\/noticiaempauta.com\/portal\/#organization","name":"Portal Not\u00edcia em Pauta","url":"https:\/\/noticiaempauta.com\/portal\/","logo":{"@type":"ImageObject","inLanguage":"pt-BR","@id":"https:\/\/noticiaempauta.com\/portal\/#\/schema\/logo\/image\/","url":"https:\/\/noticiaempauta.com\/portal\/wp-content\/uploads\/2022\/08\/logomarca_tema.fw_.png","contentUrl":"https:\/\/noticiaempauta.com\/portal\/wp-content\/uploads\/2022\/08\/logomarca_tema.fw_.png","width":400,"height":232,"caption":"Portal Not\u00edcia em Pauta"},"image":{"@id":"https:\/\/noticiaempauta.com\/portal\/#\/schema\/logo\/image\/"},"sameAs":["https:\/\/www.facebook.com\/Portal-Notcia-Em-Pauta-102292869264820\/","https:\/\/www.instagram.com\/portalnoticiaempauta\/"]},{"@type":"Person","@id":"https:\/\/noticiaempauta.com\/portal\/#\/schema\/person\/a74af43dd1ab3deca45f988c717d57ac","name":"Reda\u00e7\u00e3o","image":{"@type":"ImageObject","inLanguage":"pt-BR","@id":"https:\/\/noticiaempauta.com\/portal\/#\/schema\/person\/image\/","url":"https:\/\/secure.gravatar.com\/avatar\/03179346ecce6cdfc13361603e8f54242a90e5cde8618fa23c5c00aa2b0aadf3?s=96&d=mm&r=g","contentUrl":"https:\/\/secure.gravatar.com\/avatar\/03179346ecce6cdfc13361603e8f54242a90e5cde8618fa23c5c00aa2b0aadf3?s=96&d=mm&r=g","caption":"Reda\u00e7\u00e3o"},"sameAs":["https:\/\/noticiaempauta.com\/portal\/"],"url":"https:\/\/noticiaempauta.com\/portal\/author\/fernando\/"}]}},"_links":{"self":[{"href":"https:\/\/noticiaempauta.com\/portal\/wp-json\/wp\/v2\/posts\/265407","targetHints":{"allow":["GET"]}}],"collection":[{"href":"https:\/\/noticiaempauta.com\/portal\/wp-json\/wp\/v2\/posts"}],"about":[{"href":"https:\/\/noticiaempauta.com\/portal\/wp-json\/wp\/v2\/types\/post"}],"author":[{"embeddable":true,"href":"https:\/\/noticiaempauta.com\/portal\/wp-json\/wp\/v2\/users\/2"}],"replies":[{"embeddable":true,"href":"https:\/\/noticiaempauta.com\/portal\/wp-json\/wp\/v2\/comments?post=265407"}],"version-history":[{"count":3,"href":"https:\/\/noticiaempauta.com\/portal\/wp-json\/wp\/v2\/posts\/265407\/revisions"}],"predecessor-version":[{"id":265424,"href":"https:\/\/noticiaempauta.com\/portal\/wp-json\/wp\/v2\/posts\/265407\/revisions\/265424"}],"wp:featuredmedia":[{"embeddable":true,"href":"https:\/\/noticiaempauta.com\/portal\/wp-json\/wp\/v2\/media\/265408"}],"wp:attachment":[{"href":"https:\/\/noticiaempauta.com\/portal\/wp-json\/wp\/v2\/media?parent=265407"}],"wp:term":[{"taxonomy":"category","embeddable":true,"href":"https:\/\/noticiaempauta.com\/portal\/wp-json\/wp\/v2\/categories?post=265407"},{"taxonomy":"post_tag","embeddable":true,"href":"https:\/\/noticiaempauta.com\/portal\/wp-json\/wp\/v2\/tags?post=265407"}],"curies":[{"name":"wp","href":"https:\/\/api.w.org\/{rel}","templated":true}]}}