{"id":265426,"date":"2024-12-16T11:41:01","date_gmt":"2024-12-16T14:41:01","guid":{"rendered":"https:\/\/noticiaempauta.com\/portal\/?p=265426"},"modified":"2024-12-16T11:41:02","modified_gmt":"2024-12-16T14:41:02","slug":"refis-2024-prazo-para-regularizacao-de-debitos-do-ipva-taxas-do-detran-itcmd-e-icms-encerra-nesta-quarta-18","status":"publish","type":"post","link":"https:\/\/noticiaempauta.com\/portal\/refis-2024-prazo-para-regularizacao-de-debitos-do-ipva-taxas-do-detran-itcmd-e-icms-encerra-nesta-quarta-18\/","title":{"rendered":"Refis 2024: Prazo para regulariza\u00e7\u00e3o de d\u00e9bitos do IPVA, taxas do Detran, ITCMD e ICMS encerra nesta quarta (18)"},"content":{"rendered":"\n<p>Encerra nesta quarta-feira (18) o prazo para que os contribuintes piauienses regularizem seus d\u00e9bitos tribut\u00e1rios com condi\u00e7\u00f5es especiais, por meio do Programa de Recupera\u00e7\u00e3o de Cr\u00e9ditos Tribut\u00e1rios (Refis) 2024. A medida oferece descontos de at\u00e9 95% sobre multas e juros, permitindo que os cidad\u00e3os resolvam pend\u00eancias fiscais com condi\u00e7\u00f5es facilitadas.<\/p>\n\n\n\n<p>O Refis 2024 abrange tributos como&nbsp;Imposto de Transmiss\u00e3o Causa Mortis e Doa\u00e7\u00e3o (ITCMD) e Imposto sobre Circula\u00e7\u00e3o de Mercadorias e Servi\u00e7os (ICMS), constitu\u00eddos at\u00e9 31 de mar\u00e7o de 2024, al\u00e9m de d\u00e9bitos relativos ao&nbsp;Imposto sobre a Propriedade de Ve\u00edculos Automotores (IPVA) e taxas do Detran, que se referem a valores gerados at\u00e9 31 de dezembro de 2023.<\/p>\n\n\n\n<p>&#8220;Eu pe\u00e7o aos contribuintes que n\u00e3o deixem para regularizar sua situa\u00e7\u00e3o na \u00faltima hora. Adiar pode gerar transtornos, como dificuldades para realizar negocia\u00e7\u00f5es devido ao congestionamento de tr\u00e1fego online, causado pelos in\u00fameros acessos, al\u00e9m de superlota\u00e7\u00e3o nas ag\u00eancias. Refor\u00e7o que estar em conformidade com essas obriga\u00e7\u00f5es n\u00e3o \u00e9 apenas uma exig\u00eancia legal, mas tamb\u00e9m facilita sua vida cotidiana, assegurando que voc\u00ea esteja em dia com seus compromissos fiscais e evitando problemas futuros&#8221;, disse a superintendente da Receita Estadual, Gra\u00e7a Moreira Ramos.<\/p>\n\n\n\n<p>O programa oferece descontos progressivos, variando entre 70% e 95% nas multas e juros, conforme o n\u00famero de parcelas escolhidas para o pagamento. As op\u00e7\u00f5es de pagamento incluem desde \u00e0 vista ou em at\u00e9 3, 6, 12, 20 e 60 meses, de acordo com o tipo de tributo e o valor consolidado da d\u00edvida. As regras tamb\u00e9m permitem que o valor da primeira parcela seja quitado em at\u00e9 cinco dias \u00fateis ap\u00f3s a ades\u00e3o ao programa.<\/p>\n\n\n\n<p>O parcelamento deve ser mantido em dia, pois atrasos superiores a 90 dias resultam na revoga\u00e7\u00e3o do benef\u00edcio. Al\u00e9m disso, o programa exige que o contribuinte renuncie a a\u00e7\u00f5es judiciais ou embargos relacionados aos cr\u00e9ditos tribut\u00e1rios negociados.<\/p>\n\n\n\n<figure class=\"wp-block-image size-full\"><img fetchpriority=\"high\" decoding=\"async\" width=\"1000\" height=\"1000\" src=\"https:\/\/noticiaempauta.com\/portal\/wp-content\/uploads\/2024\/12\/large_Refis_2_2726cb3bf1.jpeg\" alt=\"\" class=\"wp-image-265428\" srcset=\"https:\/\/noticiaempauta.com\/portal\/wp-content\/uploads\/2024\/12\/large_Refis_2_2726cb3bf1.jpeg 1000w, https:\/\/noticiaempauta.com\/portal\/wp-content\/uploads\/2024\/12\/large_Refis_2_2726cb3bf1-300x300.jpeg 300w, https:\/\/noticiaempauta.com\/portal\/wp-content\/uploads\/2024\/12\/large_Refis_2_2726cb3bf1-150x150.jpeg 150w, https:\/\/noticiaempauta.com\/portal\/wp-content\/uploads\/2024\/12\/large_Refis_2_2726cb3bf1-768x768.jpeg 768w\" sizes=\"(max-width: 1000px) 100vw, 1000px\" \/><\/figure>\n\n\n\n<p>O Refis 2024 tamb\u00e9m contempla microempresas e empresas de pequeno porte, com valores de parcela m\u00ednimos espec\u00edficos. O vencimento das parcelas ser\u00e1 definido conforme o tipo de tributo, com datas variando entre os dias 15 e 25 de cada m\u00eas, conforme o perfil do contribuinte.<\/p>\n\n\n\n<p><strong>Como participar<\/strong><\/p>\n\n\n\n<p>Os contribuintes podem negociar seus d\u00e9bitos diretamente no site da Secretaria da Fazenda do Piau\u00ed (Sefaz), no endere\u00e7o<a target=\"_blank\" rel=\"noreferrer noopener\" href=\"https:\/\/www.sefaz.pi.gov.br\/\">&nbsp;www.sefaz.pi.gov.br<\/a>.<\/p>\n\n\n\n<p>Para d\u00e9bitos de IPVA, a ades\u00e3o deve ser realizada por meio do Documento de Arrecada\u00e7\u00e3o (DAR), acess\u00edvel em&nbsp;<a target=\"_blank\" rel=\"noreferrer noopener\" href=\"https:\/\/webas.sefaz.pi.gov.br\/dar-ipva\/\">https:\/\/webas.sefaz.pi.gov.br\/dar-ipva\/<\/a>.<\/p>\n\n\n\n<p>No caso das taxas do Detran, os d\u00e9bitos podem ser negociados no site oficial do \u00f3rg\u00e3o:&nbsp;<a target=\"_blank\" rel=\"noreferrer noopener\" href=\"http:\/\/www.detran.pi.gov.br\/\">http:\/\/www.detran.pi.gov.br\/<\/a>.<\/p>\n\n\n\n<p>Para negocia\u00e7\u00f5es envolvendo o Imposto de Transmiss\u00e3o Causa Mortis e Doa\u00e7\u00e3o (ITCMD), \u00e9 necess\u00e1rio que os contribuintes se dirijam at\u00e9 uma ag\u00eancia da Sefaz-PI.<\/p>\n\n\n\n<figure class=\"wp-block-image size-full\"><img decoding=\"async\" width=\"1000\" height=\"1000\" src=\"https:\/\/noticiaempauta.com\/portal\/wp-content\/uploads\/2024\/12\/large_Refis_3_f0d62ca653.jpeg\" alt=\"\" class=\"wp-image-265427\" srcset=\"https:\/\/noticiaempauta.com\/portal\/wp-content\/uploads\/2024\/12\/large_Refis_3_f0d62ca653.jpeg 1000w, https:\/\/noticiaempauta.com\/portal\/wp-content\/uploads\/2024\/12\/large_Refis_3_f0d62ca653-300x300.jpeg 300w, https:\/\/noticiaempauta.com\/portal\/wp-content\/uploads\/2024\/12\/large_Refis_3_f0d62ca653-150x150.jpeg 150w, https:\/\/noticiaempauta.com\/portal\/wp-content\/uploads\/2024\/12\/large_Refis_3_f0d62ca653-768x768.jpeg 768w\" sizes=\"(max-width: 1000px) 100vw, 1000px\" \/><\/figure>\n\n\n\n<p>CCOM-PI<\/p>\n","protected":false},"excerpt":{"rendered":"<p>A medida oferece descontos de at\u00e9 95% sobre multas e juros, permitindo que os cidad\u00e3os resolvam pend\u00eancias fiscais com condi\u00e7\u00f5es facilitadas.<\/p>\n","protected":false},"author":2,"featured_media":265429,"comment_status":"open","ping_status":"open","sticky":false,"template":"","format":"standard","meta":{"_mi_skip_tracking":false,"footnotes":""},"categories":[25,1,16],"tags":[],"class_list":["post-265426","post","type-post","status-publish","format-standard","has-post-thumbnail","hentry","category-destaques-site","category-geral","category-todas"],"acf":[],"yoast_head":"<!-- This site is optimized with the Yoast SEO Premium plugin v19.2 (Yoast SEO v26.9) - https:\/\/yoast.com\/product\/yoast-seo-premium-wordpress\/ -->\n<title>Refis 2024: Prazo para regulariza\u00e7\u00e3o de d\u00e9bitos do IPVA, taxas do Detran, ITCMD e ICMS encerra nesta quarta (18) - Portal Not\u00edcia em Pauta<\/title>\n<meta name=\"robots\" content=\"index, follow, max-snippet:-1, max-image-preview:large, max-video-preview:-1\" \/>\n<link rel=\"canonical\" href=\"https:\/\/noticiaempauta.com\/portal\/refis-2024-prazo-para-regularizacao-de-debitos-do-ipva-taxas-do-detran-itcmd-e-icms-encerra-nesta-quarta-18\/\" \/>\n<meta property=\"og:locale\" content=\"pt_BR\" \/>\n<meta property=\"og:type\" content=\"article\" \/>\n<meta property=\"og:title\" content=\"Refis 2024: Prazo para regulariza\u00e7\u00e3o de d\u00e9bitos do IPVA, taxas do Detran, ITCMD e ICMS encerra nesta quarta (18)\" \/>\n<meta property=\"og:description\" content=\"A medida oferece descontos de at\u00e9 95% sobre multas e juros, permitindo que os cidad\u00e3os resolvam pend\u00eancias fiscais com condi\u00e7\u00f5es facilitadas.\" \/>\n<meta property=\"og:url\" content=\"https:\/\/noticiaempauta.com\/portal\/refis-2024-prazo-para-regularizacao-de-debitos-do-ipva-taxas-do-detran-itcmd-e-icms-encerra-nesta-quarta-18\/\" \/>\n<meta property=\"og:site_name\" content=\"Portal Not\u00edcia em Pauta\" \/>\n<meta property=\"article:publisher\" content=\"https:\/\/www.facebook.com\/Portal-Notcia-Em-Pauta-102292869264820\/\" \/>\n<meta property=\"article:published_time\" content=\"2024-12-16T14:41:01+00:00\" \/>\n<meta property=\"article:modified_time\" content=\"2024-12-16T14:41:02+00:00\" \/>\n<meta property=\"og:image\" content=\"https:\/\/noticiaempauta.com\/portal\/wp-content\/uploads\/2024\/12\/refis-2024.jpeg\" \/>\n\t<meta property=\"og:image:width\" content=\"740\" \/>\n\t<meta property=\"og:image:height\" content=\"500\" \/>\n\t<meta property=\"og:image:type\" content=\"image\/jpeg\" \/>\n<meta name=\"author\" content=\"Reda\u00e7\u00e3o\" \/>\n<meta name=\"twitter:card\" content=\"summary_large_image\" \/>\n<meta name=\"twitter:label1\" content=\"Escrito por\" \/>\n\t<meta name=\"twitter:data1\" content=\"Reda\u00e7\u00e3o\" \/>\n\t<meta name=\"twitter:label2\" content=\"Est. tempo de leitura\" \/>\n\t<meta name=\"twitter:data2\" content=\"3 minutos\" \/>\n<script type=\"application\/ld+json\" class=\"yoast-schema-graph\">{\"@context\":\"https:\/\/schema.org\",\"@graph\":[{\"@type\":\"Article\",\"@id\":\"https:\/\/noticiaempauta.com\/portal\/refis-2024-prazo-para-regularizacao-de-debitos-do-ipva-taxas-do-detran-itcmd-e-icms-encerra-nesta-quarta-18\/#article\",\"isPartOf\":{\"@id\":\"https:\/\/noticiaempauta.com\/portal\/refis-2024-prazo-para-regularizacao-de-debitos-do-ipva-taxas-do-detran-itcmd-e-icms-encerra-nesta-quarta-18\/\"},\"author\":{\"name\":\"Reda\u00e7\u00e3o\",\"@id\":\"https:\/\/noticiaempauta.com\/portal\/#\/schema\/person\/a74af43dd1ab3deca45f988c717d57ac\"},\"headline\":\"Refis 2024: Prazo para regulariza\u00e7\u00e3o de d\u00e9bitos do IPVA, taxas do Detran, ITCMD e ICMS encerra nesta quarta (18)\",\"datePublished\":\"2024-12-16T14:41:01+00:00\",\"dateModified\":\"2024-12-16T14:41:02+00:00\",\"mainEntityOfPage\":{\"@id\":\"https:\/\/noticiaempauta.com\/portal\/refis-2024-prazo-para-regularizacao-de-debitos-do-ipva-taxas-do-detran-itcmd-e-icms-encerra-nesta-quarta-18\/\"},\"wordCount\":509,\"commentCount\":0,\"publisher\":{\"@id\":\"https:\/\/noticiaempauta.com\/portal\/#organization\"},\"image\":{\"@id\":\"https:\/\/noticiaempauta.com\/portal\/refis-2024-prazo-para-regularizacao-de-debitos-do-ipva-taxas-do-detran-itcmd-e-icms-encerra-nesta-quarta-18\/#primaryimage\"},\"thumbnailUrl\":\"https:\/\/noticiaempauta.com\/portal\/wp-content\/uploads\/2024\/12\/refis-2024.jpeg\",\"articleSection\":[\"Destaques\",\"Geral\",\"Todas as Not\u00edcias\"],\"inLanguage\":\"pt-BR\",\"potentialAction\":[{\"@type\":\"CommentAction\",\"name\":\"Comment\",\"target\":[\"https:\/\/noticiaempauta.com\/portal\/refis-2024-prazo-para-regularizacao-de-debitos-do-ipva-taxas-do-detran-itcmd-e-icms-encerra-nesta-quarta-18\/#respond\"]}]},{\"@type\":\"WebPage\",\"@id\":\"https:\/\/noticiaempauta.com\/portal\/refis-2024-prazo-para-regularizacao-de-debitos-do-ipva-taxas-do-detran-itcmd-e-icms-encerra-nesta-quarta-18\/\",\"url\":\"https:\/\/noticiaempauta.com\/portal\/refis-2024-prazo-para-regularizacao-de-debitos-do-ipva-taxas-do-detran-itcmd-e-icms-encerra-nesta-quarta-18\/\",\"name\":\"Refis 2024: Prazo para regulariza\u00e7\u00e3o de d\u00e9bitos do IPVA, taxas do Detran, ITCMD e ICMS encerra nesta quarta (18) - Portal Not\u00edcia em Pauta\",\"isPartOf\":{\"@id\":\"https:\/\/noticiaempauta.com\/portal\/#website\"},\"primaryImageOfPage\":{\"@id\":\"https:\/\/noticiaempauta.com\/portal\/refis-2024-prazo-para-regularizacao-de-debitos-do-ipva-taxas-do-detran-itcmd-e-icms-encerra-nesta-quarta-18\/#primaryimage\"},\"image\":{\"@id\":\"https:\/\/noticiaempauta.com\/portal\/refis-2024-prazo-para-regularizacao-de-debitos-do-ipva-taxas-do-detran-itcmd-e-icms-encerra-nesta-quarta-18\/#primaryimage\"},\"thumbnailUrl\":\"https:\/\/noticiaempauta.com\/portal\/wp-content\/uploads\/2024\/12\/refis-2024.jpeg\",\"datePublished\":\"2024-12-16T14:41:01+00:00\",\"dateModified\":\"2024-12-16T14:41:02+00:00\",\"breadcrumb\":{\"@id\":\"https:\/\/noticiaempauta.com\/portal\/refis-2024-prazo-para-regularizacao-de-debitos-do-ipva-taxas-do-detran-itcmd-e-icms-encerra-nesta-quarta-18\/#breadcrumb\"},\"inLanguage\":\"pt-BR\",\"potentialAction\":[{\"@type\":\"ReadAction\",\"target\":[\"https:\/\/noticiaempauta.com\/portal\/refis-2024-prazo-para-regularizacao-de-debitos-do-ipva-taxas-do-detran-itcmd-e-icms-encerra-nesta-quarta-18\/\"]}]},{\"@type\":\"ImageObject\",\"inLanguage\":\"pt-BR\",\"@id\":\"https:\/\/noticiaempauta.com\/portal\/refis-2024-prazo-para-regularizacao-de-debitos-do-ipva-taxas-do-detran-itcmd-e-icms-encerra-nesta-quarta-18\/#primaryimage\",\"url\":\"https:\/\/noticiaempauta.com\/portal\/wp-content\/uploads\/2024\/12\/refis-2024.jpeg\",\"contentUrl\":\"https:\/\/noticiaempauta.com\/portal\/wp-content\/uploads\/2024\/12\/refis-2024.jpeg\",\"width\":740,\"height\":500},{\"@type\":\"BreadcrumbList\",\"@id\":\"https:\/\/noticiaempauta.com\/portal\/refis-2024-prazo-para-regularizacao-de-debitos-do-ipva-taxas-do-detran-itcmd-e-icms-encerra-nesta-quarta-18\/#breadcrumb\",\"itemListElement\":[{\"@type\":\"ListItem\",\"position\":1,\"name\":\"P\u00e1gina Inicial\",\"item\":\"https:\/\/noticiaempauta.com\/portal\/\"},{\"@type\":\"ListItem\",\"position\":2,\"name\":\"Destaques\",\"item\":\"https:\/\/noticiaempauta.com\/portal\/destaques-site\/\"},{\"@type\":\"ListItem\",\"position\":3,\"name\":\"Refis 2024: Prazo para regulariza\u00e7\u00e3o de d\u00e9bitos do IPVA, taxas do Detran, ITCMD e ICMS encerra nesta quarta (18)\"}]},{\"@type\":\"WebSite\",\"@id\":\"https:\/\/noticiaempauta.com\/portal\/#website\",\"url\":\"https:\/\/noticiaempauta.com\/portal\/\",\"name\":\"Portal Not\u00edcia em Pauta\",\"description\":\"Voc\u00ea bem informado\",\"publisher\":{\"@id\":\"https:\/\/noticiaempauta.com\/portal\/#organization\"},\"potentialAction\":[{\"@type\":\"SearchAction\",\"target\":{\"@type\":\"EntryPoint\",\"urlTemplate\":\"https:\/\/noticiaempauta.com\/portal\/?s={search_term_string}\"},\"query-input\":{\"@type\":\"PropertyValueSpecification\",\"valueRequired\":true,\"valueName\":\"search_term_string\"}}],\"inLanguage\":\"pt-BR\"},{\"@type\":\"Organization\",\"@id\":\"https:\/\/noticiaempauta.com\/portal\/#organization\",\"name\":\"Portal Not\u00edcia em Pauta\",\"url\":\"https:\/\/noticiaempauta.com\/portal\/\",\"logo\":{\"@type\":\"ImageObject\",\"inLanguage\":\"pt-BR\",\"@id\":\"https:\/\/noticiaempauta.com\/portal\/#\/schema\/logo\/image\/\",\"url\":\"https:\/\/noticiaempauta.com\/portal\/wp-content\/uploads\/2022\/08\/logomarca_tema.fw_.png\",\"contentUrl\":\"https:\/\/noticiaempauta.com\/portal\/wp-content\/uploads\/2022\/08\/logomarca_tema.fw_.png\",\"width\":400,\"height\":232,\"caption\":\"Portal Not\u00edcia em Pauta\"},\"image\":{\"@id\":\"https:\/\/noticiaempauta.com\/portal\/#\/schema\/logo\/image\/\"},\"sameAs\":[\"https:\/\/www.facebook.com\/Portal-Notcia-Em-Pauta-102292869264820\/\",\"https:\/\/www.instagram.com\/portalnoticiaempauta\/\"]},{\"@type\":\"Person\",\"@id\":\"https:\/\/noticiaempauta.com\/portal\/#\/schema\/person\/a74af43dd1ab3deca45f988c717d57ac\",\"name\":\"Reda\u00e7\u00e3o\",\"image\":{\"@type\":\"ImageObject\",\"inLanguage\":\"pt-BR\",\"@id\":\"https:\/\/noticiaempauta.com\/portal\/#\/schema\/person\/image\/\",\"url\":\"https:\/\/secure.gravatar.com\/avatar\/03179346ecce6cdfc13361603e8f54242a90e5cde8618fa23c5c00aa2b0aadf3?s=96&d=mm&r=g\",\"contentUrl\":\"https:\/\/secure.gravatar.com\/avatar\/03179346ecce6cdfc13361603e8f54242a90e5cde8618fa23c5c00aa2b0aadf3?s=96&d=mm&r=g\",\"caption\":\"Reda\u00e7\u00e3o\"},\"sameAs\":[\"https:\/\/noticiaempauta.com\/portal\/\"],\"url\":\"https:\/\/noticiaempauta.com\/portal\/author\/fernando\/\"}]}<\/script>\n<!-- \/ Yoast SEO Premium plugin. -->","yoast_head_json":{"title":"Refis 2024: Prazo para regulariza\u00e7\u00e3o de d\u00e9bitos do IPVA, taxas do Detran, ITCMD e ICMS encerra nesta quarta (18) - Portal Not\u00edcia em Pauta","robots":{"index":"index","follow":"follow","max-snippet":"max-snippet:-1","max-image-preview":"max-image-preview:large","max-video-preview":"max-video-preview:-1"},"canonical":"https:\/\/noticiaempauta.com\/portal\/refis-2024-prazo-para-regularizacao-de-debitos-do-ipva-taxas-do-detran-itcmd-e-icms-encerra-nesta-quarta-18\/","og_locale":"pt_BR","og_type":"article","og_title":"Refis 2024: Prazo para regulariza\u00e7\u00e3o de d\u00e9bitos do IPVA, taxas do Detran, ITCMD e ICMS encerra nesta quarta (18)","og_description":"A medida oferece descontos de at\u00e9 95% sobre multas e juros, permitindo que os cidad\u00e3os resolvam pend\u00eancias fiscais com condi\u00e7\u00f5es facilitadas.","og_url":"https:\/\/noticiaempauta.com\/portal\/refis-2024-prazo-para-regularizacao-de-debitos-do-ipva-taxas-do-detran-itcmd-e-icms-encerra-nesta-quarta-18\/","og_site_name":"Portal Not\u00edcia em Pauta","article_publisher":"https:\/\/www.facebook.com\/Portal-Notcia-Em-Pauta-102292869264820\/","article_published_time":"2024-12-16T14:41:01+00:00","article_modified_time":"2024-12-16T14:41:02+00:00","og_image":[{"width":740,"height":500,"url":"https:\/\/noticiaempauta.com\/portal\/wp-content\/uploads\/2024\/12\/refis-2024.jpeg","type":"image\/jpeg"}],"author":"Reda\u00e7\u00e3o","twitter_card":"summary_large_image","twitter_misc":{"Escrito por":"Reda\u00e7\u00e3o","Est. tempo de leitura":"3 minutos"},"schema":{"@context":"https:\/\/schema.org","@graph":[{"@type":"Article","@id":"https:\/\/noticiaempauta.com\/portal\/refis-2024-prazo-para-regularizacao-de-debitos-do-ipva-taxas-do-detran-itcmd-e-icms-encerra-nesta-quarta-18\/#article","isPartOf":{"@id":"https:\/\/noticiaempauta.com\/portal\/refis-2024-prazo-para-regularizacao-de-debitos-do-ipva-taxas-do-detran-itcmd-e-icms-encerra-nesta-quarta-18\/"},"author":{"name":"Reda\u00e7\u00e3o","@id":"https:\/\/noticiaempauta.com\/portal\/#\/schema\/person\/a74af43dd1ab3deca45f988c717d57ac"},"headline":"Refis 2024: Prazo para regulariza\u00e7\u00e3o de d\u00e9bitos do IPVA, taxas do Detran, ITCMD e ICMS encerra nesta quarta (18)","datePublished":"2024-12-16T14:41:01+00:00","dateModified":"2024-12-16T14:41:02+00:00","mainEntityOfPage":{"@id":"https:\/\/noticiaempauta.com\/portal\/refis-2024-prazo-para-regularizacao-de-debitos-do-ipva-taxas-do-detran-itcmd-e-icms-encerra-nesta-quarta-18\/"},"wordCount":509,"commentCount":0,"publisher":{"@id":"https:\/\/noticiaempauta.com\/portal\/#organization"},"image":{"@id":"https:\/\/noticiaempauta.com\/portal\/refis-2024-prazo-para-regularizacao-de-debitos-do-ipva-taxas-do-detran-itcmd-e-icms-encerra-nesta-quarta-18\/#primaryimage"},"thumbnailUrl":"https:\/\/noticiaempauta.com\/portal\/wp-content\/uploads\/2024\/12\/refis-2024.jpeg","articleSection":["Destaques","Geral","Todas as Not\u00edcias"],"inLanguage":"pt-BR","potentialAction":[{"@type":"CommentAction","name":"Comment","target":["https:\/\/noticiaempauta.com\/portal\/refis-2024-prazo-para-regularizacao-de-debitos-do-ipva-taxas-do-detran-itcmd-e-icms-encerra-nesta-quarta-18\/#respond"]}]},{"@type":"WebPage","@id":"https:\/\/noticiaempauta.com\/portal\/refis-2024-prazo-para-regularizacao-de-debitos-do-ipva-taxas-do-detran-itcmd-e-icms-encerra-nesta-quarta-18\/","url":"https:\/\/noticiaempauta.com\/portal\/refis-2024-prazo-para-regularizacao-de-debitos-do-ipva-taxas-do-detran-itcmd-e-icms-encerra-nesta-quarta-18\/","name":"Refis 2024: Prazo para regulariza\u00e7\u00e3o de d\u00e9bitos do IPVA, taxas do Detran, ITCMD e ICMS encerra nesta quarta (18) - Portal Not\u00edcia em Pauta","isPartOf":{"@id":"https:\/\/noticiaempauta.com\/portal\/#website"},"primaryImageOfPage":{"@id":"https:\/\/noticiaempauta.com\/portal\/refis-2024-prazo-para-regularizacao-de-debitos-do-ipva-taxas-do-detran-itcmd-e-icms-encerra-nesta-quarta-18\/#primaryimage"},"image":{"@id":"https:\/\/noticiaempauta.com\/portal\/refis-2024-prazo-para-regularizacao-de-debitos-do-ipva-taxas-do-detran-itcmd-e-icms-encerra-nesta-quarta-18\/#primaryimage"},"thumbnailUrl":"https:\/\/noticiaempauta.com\/portal\/wp-content\/uploads\/2024\/12\/refis-2024.jpeg","datePublished":"2024-12-16T14:41:01+00:00","dateModified":"2024-12-16T14:41:02+00:00","breadcrumb":{"@id":"https:\/\/noticiaempauta.com\/portal\/refis-2024-prazo-para-regularizacao-de-debitos-do-ipva-taxas-do-detran-itcmd-e-icms-encerra-nesta-quarta-18\/#breadcrumb"},"inLanguage":"pt-BR","potentialAction":[{"@type":"ReadAction","target":["https:\/\/noticiaempauta.com\/portal\/refis-2024-prazo-para-regularizacao-de-debitos-do-ipva-taxas-do-detran-itcmd-e-icms-encerra-nesta-quarta-18\/"]}]},{"@type":"ImageObject","inLanguage":"pt-BR","@id":"https:\/\/noticiaempauta.com\/portal\/refis-2024-prazo-para-regularizacao-de-debitos-do-ipva-taxas-do-detran-itcmd-e-icms-encerra-nesta-quarta-18\/#primaryimage","url":"https:\/\/noticiaempauta.com\/portal\/wp-content\/uploads\/2024\/12\/refis-2024.jpeg","contentUrl":"https:\/\/noticiaempauta.com\/portal\/wp-content\/uploads\/2024\/12\/refis-2024.jpeg","width":740,"height":500},{"@type":"BreadcrumbList","@id":"https:\/\/noticiaempauta.com\/portal\/refis-2024-prazo-para-regularizacao-de-debitos-do-ipva-taxas-do-detran-itcmd-e-icms-encerra-nesta-quarta-18\/#breadcrumb","itemListElement":[{"@type":"ListItem","position":1,"name":"P\u00e1gina Inicial","item":"https:\/\/noticiaempauta.com\/portal\/"},{"@type":"ListItem","position":2,"name":"Destaques","item":"https:\/\/noticiaempauta.com\/portal\/destaques-site\/"},{"@type":"ListItem","position":3,"name":"Refis 2024: Prazo para regulariza\u00e7\u00e3o de d\u00e9bitos do IPVA, taxas do Detran, ITCMD e ICMS encerra nesta quarta (18)"}]},{"@type":"WebSite","@id":"https:\/\/noticiaempauta.com\/portal\/#website","url":"https:\/\/noticiaempauta.com\/portal\/","name":"Portal Not\u00edcia em Pauta","description":"Voc\u00ea bem informado","publisher":{"@id":"https:\/\/noticiaempauta.com\/portal\/#organization"},"potentialAction":[{"@type":"SearchAction","target":{"@type":"EntryPoint","urlTemplate":"https:\/\/noticiaempauta.com\/portal\/?s={search_term_string}"},"query-input":{"@type":"PropertyValueSpecification","valueRequired":true,"valueName":"search_term_string"}}],"inLanguage":"pt-BR"},{"@type":"Organization","@id":"https:\/\/noticiaempauta.com\/portal\/#organization","name":"Portal Not\u00edcia em Pauta","url":"https:\/\/noticiaempauta.com\/portal\/","logo":{"@type":"ImageObject","inLanguage":"pt-BR","@id":"https:\/\/noticiaempauta.com\/portal\/#\/schema\/logo\/image\/","url":"https:\/\/noticiaempauta.com\/portal\/wp-content\/uploads\/2022\/08\/logomarca_tema.fw_.png","contentUrl":"https:\/\/noticiaempauta.com\/portal\/wp-content\/uploads\/2022\/08\/logomarca_tema.fw_.png","width":400,"height":232,"caption":"Portal Not\u00edcia em Pauta"},"image":{"@id":"https:\/\/noticiaempauta.com\/portal\/#\/schema\/logo\/image\/"},"sameAs":["https:\/\/www.facebook.com\/Portal-Notcia-Em-Pauta-102292869264820\/","https:\/\/www.instagram.com\/portalnoticiaempauta\/"]},{"@type":"Person","@id":"https:\/\/noticiaempauta.com\/portal\/#\/schema\/person\/a74af43dd1ab3deca45f988c717d57ac","name":"Reda\u00e7\u00e3o","image":{"@type":"ImageObject","inLanguage":"pt-BR","@id":"https:\/\/noticiaempauta.com\/portal\/#\/schema\/person\/image\/","url":"https:\/\/secure.gravatar.com\/avatar\/03179346ecce6cdfc13361603e8f54242a90e5cde8618fa23c5c00aa2b0aadf3?s=96&d=mm&r=g","contentUrl":"https:\/\/secure.gravatar.com\/avatar\/03179346ecce6cdfc13361603e8f54242a90e5cde8618fa23c5c00aa2b0aadf3?s=96&d=mm&r=g","caption":"Reda\u00e7\u00e3o"},"sameAs":["https:\/\/noticiaempauta.com\/portal\/"],"url":"https:\/\/noticiaempauta.com\/portal\/author\/fernando\/"}]}},"_links":{"self":[{"href":"https:\/\/noticiaempauta.com\/portal\/wp-json\/wp\/v2\/posts\/265426","targetHints":{"allow":["GET"]}}],"collection":[{"href":"https:\/\/noticiaempauta.com\/portal\/wp-json\/wp\/v2\/posts"}],"about":[{"href":"https:\/\/noticiaempauta.com\/portal\/wp-json\/wp\/v2\/types\/post"}],"author":[{"embeddable":true,"href":"https:\/\/noticiaempauta.com\/portal\/wp-json\/wp\/v2\/users\/2"}],"replies":[{"embeddable":true,"href":"https:\/\/noticiaempauta.com\/portal\/wp-json\/wp\/v2\/comments?post=265426"}],"version-history":[{"count":2,"href":"https:\/\/noticiaempauta.com\/portal\/wp-json\/wp\/v2\/posts\/265426\/revisions"}],"predecessor-version":[{"id":265431,"href":"https:\/\/noticiaempauta.com\/portal\/wp-json\/wp\/v2\/posts\/265426\/revisions\/265431"}],"wp:featuredmedia":[{"embeddable":true,"href":"https:\/\/noticiaempauta.com\/portal\/wp-json\/wp\/v2\/media\/265429"}],"wp:attachment":[{"href":"https:\/\/noticiaempauta.com\/portal\/wp-json\/wp\/v2\/media?parent=265426"}],"wp:term":[{"taxonomy":"category","embeddable":true,"href":"https:\/\/noticiaempauta.com\/portal\/wp-json\/wp\/v2\/categories?post=265426"},{"taxonomy":"post_tag","embeddable":true,"href":"https:\/\/noticiaempauta.com\/portal\/wp-json\/wp\/v2\/tags?post=265426"}],"curies":[{"name":"wp","href":"https:\/\/api.w.org\/{rel}","templated":true}]}}