{"id":265443,"date":"2024-12-17T07:42:10","date_gmt":"2024-12-17T10:42:10","guid":{"rendered":"https:\/\/noticiaempauta.com\/portal\/?p=265443"},"modified":"2024-12-17T07:42:12","modified_gmt":"2024-12-17T10:42:12","slug":"acidente-com-vitima-fatal-e-registro-no-bairro-umari-em-picos","status":"publish","type":"post","link":"https:\/\/noticiaempauta.com\/portal\/acidente-com-vitima-fatal-e-registro-no-bairro-umari-em-picos\/","title":{"rendered":"Acidente com v\u00edtima fatal \u00e9 registro no bairro Umari em Picos"},"content":{"rendered":"\n<p>Um grave acidente automobil\u00edstico registrado na noite desta segunda-feira, 16, por volta de 21h, no bairro Umari, em Picos, resultou na morte de um homem identificado por L\u00edvio Moura.<\/p>\n\n\n\n<figure class=\"wp-block-image size-full\"><img fetchpriority=\"high\" decoding=\"async\" width=\"719\" height=\"538\" src=\"https:\/\/noticiaempauta.com\/portal\/wp-content\/uploads\/2024\/12\/d7a0a72d-4dc2-413a-a060-482dbf55cf73-1.jpeg\" alt=\"\" class=\"wp-image-265445\" srcset=\"https:\/\/noticiaempauta.com\/portal\/wp-content\/uploads\/2024\/12\/d7a0a72d-4dc2-413a-a060-482dbf55cf73-1.jpeg 719w, https:\/\/noticiaempauta.com\/portal\/wp-content\/uploads\/2024\/12\/d7a0a72d-4dc2-413a-a060-482dbf55cf73-1-300x224.jpeg 300w\" sizes=\"(max-width: 719px) 100vw, 719px\" \/><\/figure>\n\n\n\n<p>Segundo informa\u00e7\u00f5es, L\u00edvio trafegava de Picos para Bocaina em um ve\u00edculo modelo Volkswagen Voyage, de cor prata, quando perdeu o controle da dire\u00e7\u00e3o e colidiu violentamente contra um poste na margem da rodovia. Desgovernado, o carro ainda atingiu uma resid\u00eancia. Com a colis\u00e3o, o poste quebrou e cabos da rede el\u00e9trica ca\u00edram no solo, provocando um inc\u00eandio na vegeta\u00e7\u00e3o.<\/p>\n\n\n\n<p>O carro teve a frente destru\u00edda. L\u00edvio n\u00e3o resistiu \u00e0s les\u00f5es causadas pelo acidente e morreu no local. O corpo foi removido por volta de 22h.<\/p>\n\n\n\n<p>A Pol\u00edcia Militar, o Corpo de Bombeiros e a Pol\u00edcia Cient\u00edfica estiveram no local.<\/p>\n\n\n\n<figure class=\"wp-block-image size-full\"><img decoding=\"async\" width=\"702\" height=\"658\" src=\"https:\/\/noticiaempauta.com\/portal\/wp-content\/uploads\/2024\/12\/56350653-8326-4594-8413-c3f1a8037756.jpeg\" alt=\"\" class=\"wp-image-265446\" srcset=\"https:\/\/noticiaempauta.com\/portal\/wp-content\/uploads\/2024\/12\/56350653-8326-4594-8413-c3f1a8037756.jpeg 702w, https:\/\/noticiaempauta.com\/portal\/wp-content\/uploads\/2024\/12\/56350653-8326-4594-8413-c3f1a8037756-300x281.jpeg 300w\" sizes=\"(max-width: 702px) 100vw, 702px\" \/><figcaption class=\"wp-element-caption\"><em>(Foto: Reprodu\u00e7\u00e3o)<\/em><\/figcaption><\/figure>\n\n\n\n<p>A v\u00edtima tinha de 42 anos, era natural de Bocaina e cabo do Ex\u00e9rcito Brasileiro.<\/p>\n\n\n\n<p>CidadesnaNet<\/p>\n","protected":false},"excerpt":{"rendered":"<p>Um grave acidente automobil\u00edstico registrado na noite desta segunda-feira, 16, por volta de 21h, no bairro Umari, em Picos, resultou na morte de um homem identificado por L\u00edvio Moura. Segundo informa\u00e7\u00f5es, L\u00edvio trafegava de Picos para Bocaina em um ve\u00edculo modelo Volkswagen Voyage, de cor prata, quando perdeu o controle da dire\u00e7\u00e3o e colidiu violentamente [&hellip;]<\/p>\n","protected":false},"author":2,"featured_media":265445,"comment_status":"open","ping_status":"open","sticky":false,"template":"","format":"standard","meta":{"_mi_skip_tracking":false,"footnotes":""},"categories":[25,1,16],"tags":[192],"class_list":["post-265443","post","type-post","status-publish","format-standard","has-post-thumbnail","hentry","category-destaques-site","category-geral","category-todas","tag-destaqueprincipal"],"acf":[],"yoast_head":"<!-- This site is optimized with the Yoast SEO Premium plugin v19.2 (Yoast SEO v26.9) - https:\/\/yoast.com\/product\/yoast-seo-premium-wordpress\/ -->\n<title>Acidente com v\u00edtima fatal \u00e9 registro no bairro Umari em Picos - Portal Not\u00edcia em Pauta<\/title>\n<meta name=\"robots\" content=\"index, follow, max-snippet:-1, max-image-preview:large, max-video-preview:-1\" \/>\n<link rel=\"canonical\" href=\"https:\/\/noticiaempauta.com\/portal\/acidente-com-vitima-fatal-e-registro-no-bairro-umari-em-picos\/\" \/>\n<meta property=\"og:locale\" content=\"pt_BR\" \/>\n<meta property=\"og:type\" content=\"article\" \/>\n<meta property=\"og:title\" content=\"Acidente com v\u00edtima fatal \u00e9 registro no bairro Umari em Picos\" \/>\n<meta property=\"og:description\" content=\"Um grave acidente automobil\u00edstico registrado na noite desta segunda-feira, 16, por volta de 21h, no bairro Umari, em Picos, resultou na morte de um homem identificado por L\u00edvio Moura. Segundo informa\u00e7\u00f5es, L\u00edvio trafegava de Picos para Bocaina em um ve\u00edculo modelo Volkswagen Voyage, de cor prata, quando perdeu o controle da dire\u00e7\u00e3o e colidiu violentamente [&hellip;]\" \/>\n<meta property=\"og:url\" content=\"https:\/\/noticiaempauta.com\/portal\/acidente-com-vitima-fatal-e-registro-no-bairro-umari-em-picos\/\" \/>\n<meta property=\"og:site_name\" content=\"Portal Not\u00edcia em Pauta\" \/>\n<meta property=\"article:publisher\" content=\"https:\/\/www.facebook.com\/Portal-Notcia-Em-Pauta-102292869264820\/\" \/>\n<meta property=\"article:published_time\" content=\"2024-12-17T10:42:10+00:00\" \/>\n<meta property=\"article:modified_time\" content=\"2024-12-17T10:42:12+00:00\" \/>\n<meta property=\"og:image\" content=\"https:\/\/noticiaempauta.com\/portal\/wp-content\/uploads\/2024\/12\/d7a0a72d-4dc2-413a-a060-482dbf55cf73-1.jpeg\" \/>\n\t<meta property=\"og:image:width\" content=\"719\" \/>\n\t<meta property=\"og:image:height\" content=\"538\" \/>\n\t<meta property=\"og:image:type\" content=\"image\/jpeg\" \/>\n<meta name=\"author\" content=\"Reda\u00e7\u00e3o\" \/>\n<meta name=\"twitter:card\" content=\"summary_large_image\" \/>\n<meta name=\"twitter:label1\" content=\"Escrito por\" \/>\n\t<meta name=\"twitter:data1\" content=\"Reda\u00e7\u00e3o\" \/>\n\t<meta name=\"twitter:label2\" content=\"Est. tempo de leitura\" \/>\n\t<meta name=\"twitter:data2\" content=\"2 minutos\" \/>\n<script type=\"application\/ld+json\" class=\"yoast-schema-graph\">{\"@context\":\"https:\/\/schema.org\",\"@graph\":[{\"@type\":\"Article\",\"@id\":\"https:\/\/noticiaempauta.com\/portal\/acidente-com-vitima-fatal-e-registro-no-bairro-umari-em-picos\/#article\",\"isPartOf\":{\"@id\":\"https:\/\/noticiaempauta.com\/portal\/acidente-com-vitima-fatal-e-registro-no-bairro-umari-em-picos\/\"},\"author\":{\"name\":\"Reda\u00e7\u00e3o\",\"@id\":\"https:\/\/noticiaempauta.com\/portal\/#\/schema\/person\/a74af43dd1ab3deca45f988c717d57ac\"},\"headline\":\"Acidente com v\u00edtima fatal \u00e9 registro no bairro Umari em Picos\",\"datePublished\":\"2024-12-17T10:42:10+00:00\",\"dateModified\":\"2024-12-17T10:42:12+00:00\",\"mainEntityOfPage\":{\"@id\":\"https:\/\/noticiaempauta.com\/portal\/acidente-com-vitima-fatal-e-registro-no-bairro-umari-em-picos\/\"},\"wordCount\":177,\"commentCount\":0,\"publisher\":{\"@id\":\"https:\/\/noticiaempauta.com\/portal\/#organization\"},\"image\":{\"@id\":\"https:\/\/noticiaempauta.com\/portal\/acidente-com-vitima-fatal-e-registro-no-bairro-umari-em-picos\/#primaryimage\"},\"thumbnailUrl\":\"https:\/\/noticiaempauta.com\/portal\/wp-content\/uploads\/2024\/12\/d7a0a72d-4dc2-413a-a060-482dbf55cf73-1.jpeg\",\"keywords\":[\"destaqueprincipal\"],\"articleSection\":[\"Destaques\",\"Geral\",\"Todas as Not\u00edcias\"],\"inLanguage\":\"pt-BR\",\"potentialAction\":[{\"@type\":\"CommentAction\",\"name\":\"Comment\",\"target\":[\"https:\/\/noticiaempauta.com\/portal\/acidente-com-vitima-fatal-e-registro-no-bairro-umari-em-picos\/#respond\"]}]},{\"@type\":\"WebPage\",\"@id\":\"https:\/\/noticiaempauta.com\/portal\/acidente-com-vitima-fatal-e-registro-no-bairro-umari-em-picos\/\",\"url\":\"https:\/\/noticiaempauta.com\/portal\/acidente-com-vitima-fatal-e-registro-no-bairro-umari-em-picos\/\",\"name\":\"Acidente com v\u00edtima fatal \u00e9 registro no bairro Umari em Picos - Portal Not\u00edcia em Pauta\",\"isPartOf\":{\"@id\":\"https:\/\/noticiaempauta.com\/portal\/#website\"},\"primaryImageOfPage\":{\"@id\":\"https:\/\/noticiaempauta.com\/portal\/acidente-com-vitima-fatal-e-registro-no-bairro-umari-em-picos\/#primaryimage\"},\"image\":{\"@id\":\"https:\/\/noticiaempauta.com\/portal\/acidente-com-vitima-fatal-e-registro-no-bairro-umari-em-picos\/#primaryimage\"},\"thumbnailUrl\":\"https:\/\/noticiaempauta.com\/portal\/wp-content\/uploads\/2024\/12\/d7a0a72d-4dc2-413a-a060-482dbf55cf73-1.jpeg\",\"datePublished\":\"2024-12-17T10:42:10+00:00\",\"dateModified\":\"2024-12-17T10:42:12+00:00\",\"breadcrumb\":{\"@id\":\"https:\/\/noticiaempauta.com\/portal\/acidente-com-vitima-fatal-e-registro-no-bairro-umari-em-picos\/#breadcrumb\"},\"inLanguage\":\"pt-BR\",\"potentialAction\":[{\"@type\":\"ReadAction\",\"target\":[\"https:\/\/noticiaempauta.com\/portal\/acidente-com-vitima-fatal-e-registro-no-bairro-umari-em-picos\/\"]}]},{\"@type\":\"ImageObject\",\"inLanguage\":\"pt-BR\",\"@id\":\"https:\/\/noticiaempauta.com\/portal\/acidente-com-vitima-fatal-e-registro-no-bairro-umari-em-picos\/#primaryimage\",\"url\":\"https:\/\/noticiaempauta.com\/portal\/wp-content\/uploads\/2024\/12\/d7a0a72d-4dc2-413a-a060-482dbf55cf73-1.jpeg\",\"contentUrl\":\"https:\/\/noticiaempauta.com\/portal\/wp-content\/uploads\/2024\/12\/d7a0a72d-4dc2-413a-a060-482dbf55cf73-1.jpeg\",\"width\":719,\"height\":538},{\"@type\":\"BreadcrumbList\",\"@id\":\"https:\/\/noticiaempauta.com\/portal\/acidente-com-vitima-fatal-e-registro-no-bairro-umari-em-picos\/#breadcrumb\",\"itemListElement\":[{\"@type\":\"ListItem\",\"position\":1,\"name\":\"P\u00e1gina Inicial\",\"item\":\"https:\/\/noticiaempauta.com\/portal\/\"},{\"@type\":\"ListItem\",\"position\":2,\"name\":\"Destaques\",\"item\":\"https:\/\/noticiaempauta.com\/portal\/destaques-site\/\"},{\"@type\":\"ListItem\",\"position\":3,\"name\":\"Acidente com v\u00edtima fatal \u00e9 registro no bairro Umari em Picos\"}]},{\"@type\":\"WebSite\",\"@id\":\"https:\/\/noticiaempauta.com\/portal\/#website\",\"url\":\"https:\/\/noticiaempauta.com\/portal\/\",\"name\":\"Portal Not\u00edcia em Pauta\",\"description\":\"Voc\u00ea bem informado\",\"publisher\":{\"@id\":\"https:\/\/noticiaempauta.com\/portal\/#organization\"},\"potentialAction\":[{\"@type\":\"SearchAction\",\"target\":{\"@type\":\"EntryPoint\",\"urlTemplate\":\"https:\/\/noticiaempauta.com\/portal\/?s={search_term_string}\"},\"query-input\":{\"@type\":\"PropertyValueSpecification\",\"valueRequired\":true,\"valueName\":\"search_term_string\"}}],\"inLanguage\":\"pt-BR\"},{\"@type\":\"Organization\",\"@id\":\"https:\/\/noticiaempauta.com\/portal\/#organization\",\"name\":\"Portal Not\u00edcia em Pauta\",\"url\":\"https:\/\/noticiaempauta.com\/portal\/\",\"logo\":{\"@type\":\"ImageObject\",\"inLanguage\":\"pt-BR\",\"@id\":\"https:\/\/noticiaempauta.com\/portal\/#\/schema\/logo\/image\/\",\"url\":\"https:\/\/noticiaempauta.com\/portal\/wp-content\/uploads\/2022\/08\/logomarca_tema.fw_.png\",\"contentUrl\":\"https:\/\/noticiaempauta.com\/portal\/wp-content\/uploads\/2022\/08\/logomarca_tema.fw_.png\",\"width\":400,\"height\":232,\"caption\":\"Portal Not\u00edcia em Pauta\"},\"image\":{\"@id\":\"https:\/\/noticiaempauta.com\/portal\/#\/schema\/logo\/image\/\"},\"sameAs\":[\"https:\/\/www.facebook.com\/Portal-Notcia-Em-Pauta-102292869264820\/\",\"https:\/\/www.instagram.com\/portalnoticiaempauta\/\"]},{\"@type\":\"Person\",\"@id\":\"https:\/\/noticiaempauta.com\/portal\/#\/schema\/person\/a74af43dd1ab3deca45f988c717d57ac\",\"name\":\"Reda\u00e7\u00e3o\",\"image\":{\"@type\":\"ImageObject\",\"inLanguage\":\"pt-BR\",\"@id\":\"https:\/\/noticiaempauta.com\/portal\/#\/schema\/person\/image\/\",\"url\":\"https:\/\/secure.gravatar.com\/avatar\/03179346ecce6cdfc13361603e8f54242a90e5cde8618fa23c5c00aa2b0aadf3?s=96&d=mm&r=g\",\"contentUrl\":\"https:\/\/secure.gravatar.com\/avatar\/03179346ecce6cdfc13361603e8f54242a90e5cde8618fa23c5c00aa2b0aadf3?s=96&d=mm&r=g\",\"caption\":\"Reda\u00e7\u00e3o\"},\"sameAs\":[\"https:\/\/noticiaempauta.com\/portal\/\"],\"url\":\"https:\/\/noticiaempauta.com\/portal\/author\/fernando\/\"}]}<\/script>\n<!-- \/ Yoast SEO Premium plugin. -->","yoast_head_json":{"title":"Acidente com v\u00edtima fatal \u00e9 registro no bairro Umari em Picos - Portal Not\u00edcia em Pauta","robots":{"index":"index","follow":"follow","max-snippet":"max-snippet:-1","max-image-preview":"max-image-preview:large","max-video-preview":"max-video-preview:-1"},"canonical":"https:\/\/noticiaempauta.com\/portal\/acidente-com-vitima-fatal-e-registro-no-bairro-umari-em-picos\/","og_locale":"pt_BR","og_type":"article","og_title":"Acidente com v\u00edtima fatal \u00e9 registro no bairro Umari em Picos","og_description":"Um grave acidente automobil\u00edstico registrado na noite desta segunda-feira, 16, por volta de 21h, no bairro Umari, em Picos, resultou na morte de um homem identificado por L\u00edvio Moura. Segundo informa\u00e7\u00f5es, L\u00edvio trafegava de Picos para Bocaina em um ve\u00edculo modelo Volkswagen Voyage, de cor prata, quando perdeu o controle da dire\u00e7\u00e3o e colidiu violentamente [&hellip;]","og_url":"https:\/\/noticiaempauta.com\/portal\/acidente-com-vitima-fatal-e-registro-no-bairro-umari-em-picos\/","og_site_name":"Portal Not\u00edcia em Pauta","article_publisher":"https:\/\/www.facebook.com\/Portal-Notcia-Em-Pauta-102292869264820\/","article_published_time":"2024-12-17T10:42:10+00:00","article_modified_time":"2024-12-17T10:42:12+00:00","og_image":[{"width":719,"height":538,"url":"https:\/\/noticiaempauta.com\/portal\/wp-content\/uploads\/2024\/12\/d7a0a72d-4dc2-413a-a060-482dbf55cf73-1.jpeg","type":"image\/jpeg"}],"author":"Reda\u00e7\u00e3o","twitter_card":"summary_large_image","twitter_misc":{"Escrito por":"Reda\u00e7\u00e3o","Est. tempo de leitura":"2 minutos"},"schema":{"@context":"https:\/\/schema.org","@graph":[{"@type":"Article","@id":"https:\/\/noticiaempauta.com\/portal\/acidente-com-vitima-fatal-e-registro-no-bairro-umari-em-picos\/#article","isPartOf":{"@id":"https:\/\/noticiaempauta.com\/portal\/acidente-com-vitima-fatal-e-registro-no-bairro-umari-em-picos\/"},"author":{"name":"Reda\u00e7\u00e3o","@id":"https:\/\/noticiaempauta.com\/portal\/#\/schema\/person\/a74af43dd1ab3deca45f988c717d57ac"},"headline":"Acidente com v\u00edtima fatal \u00e9 registro no bairro Umari em Picos","datePublished":"2024-12-17T10:42:10+00:00","dateModified":"2024-12-17T10:42:12+00:00","mainEntityOfPage":{"@id":"https:\/\/noticiaempauta.com\/portal\/acidente-com-vitima-fatal-e-registro-no-bairro-umari-em-picos\/"},"wordCount":177,"commentCount":0,"publisher":{"@id":"https:\/\/noticiaempauta.com\/portal\/#organization"},"image":{"@id":"https:\/\/noticiaempauta.com\/portal\/acidente-com-vitima-fatal-e-registro-no-bairro-umari-em-picos\/#primaryimage"},"thumbnailUrl":"https:\/\/noticiaempauta.com\/portal\/wp-content\/uploads\/2024\/12\/d7a0a72d-4dc2-413a-a060-482dbf55cf73-1.jpeg","keywords":["destaqueprincipal"],"articleSection":["Destaques","Geral","Todas as Not\u00edcias"],"inLanguage":"pt-BR","potentialAction":[{"@type":"CommentAction","name":"Comment","target":["https:\/\/noticiaempauta.com\/portal\/acidente-com-vitima-fatal-e-registro-no-bairro-umari-em-picos\/#respond"]}]},{"@type":"WebPage","@id":"https:\/\/noticiaempauta.com\/portal\/acidente-com-vitima-fatal-e-registro-no-bairro-umari-em-picos\/","url":"https:\/\/noticiaempauta.com\/portal\/acidente-com-vitima-fatal-e-registro-no-bairro-umari-em-picos\/","name":"Acidente com v\u00edtima fatal \u00e9 registro no bairro Umari em Picos - Portal Not\u00edcia em Pauta","isPartOf":{"@id":"https:\/\/noticiaempauta.com\/portal\/#website"},"primaryImageOfPage":{"@id":"https:\/\/noticiaempauta.com\/portal\/acidente-com-vitima-fatal-e-registro-no-bairro-umari-em-picos\/#primaryimage"},"image":{"@id":"https:\/\/noticiaempauta.com\/portal\/acidente-com-vitima-fatal-e-registro-no-bairro-umari-em-picos\/#primaryimage"},"thumbnailUrl":"https:\/\/noticiaempauta.com\/portal\/wp-content\/uploads\/2024\/12\/d7a0a72d-4dc2-413a-a060-482dbf55cf73-1.jpeg","datePublished":"2024-12-17T10:42:10+00:00","dateModified":"2024-12-17T10:42:12+00:00","breadcrumb":{"@id":"https:\/\/noticiaempauta.com\/portal\/acidente-com-vitima-fatal-e-registro-no-bairro-umari-em-picos\/#breadcrumb"},"inLanguage":"pt-BR","potentialAction":[{"@type":"ReadAction","target":["https:\/\/noticiaempauta.com\/portal\/acidente-com-vitima-fatal-e-registro-no-bairro-umari-em-picos\/"]}]},{"@type":"ImageObject","inLanguage":"pt-BR","@id":"https:\/\/noticiaempauta.com\/portal\/acidente-com-vitima-fatal-e-registro-no-bairro-umari-em-picos\/#primaryimage","url":"https:\/\/noticiaempauta.com\/portal\/wp-content\/uploads\/2024\/12\/d7a0a72d-4dc2-413a-a060-482dbf55cf73-1.jpeg","contentUrl":"https:\/\/noticiaempauta.com\/portal\/wp-content\/uploads\/2024\/12\/d7a0a72d-4dc2-413a-a060-482dbf55cf73-1.jpeg","width":719,"height":538},{"@type":"BreadcrumbList","@id":"https:\/\/noticiaempauta.com\/portal\/acidente-com-vitima-fatal-e-registro-no-bairro-umari-em-picos\/#breadcrumb","itemListElement":[{"@type":"ListItem","position":1,"name":"P\u00e1gina Inicial","item":"https:\/\/noticiaempauta.com\/portal\/"},{"@type":"ListItem","position":2,"name":"Destaques","item":"https:\/\/noticiaempauta.com\/portal\/destaques-site\/"},{"@type":"ListItem","position":3,"name":"Acidente com v\u00edtima fatal \u00e9 registro no bairro Umari em Picos"}]},{"@type":"WebSite","@id":"https:\/\/noticiaempauta.com\/portal\/#website","url":"https:\/\/noticiaempauta.com\/portal\/","name":"Portal Not\u00edcia em Pauta","description":"Voc\u00ea bem informado","publisher":{"@id":"https:\/\/noticiaempauta.com\/portal\/#organization"},"potentialAction":[{"@type":"SearchAction","target":{"@type":"EntryPoint","urlTemplate":"https:\/\/noticiaempauta.com\/portal\/?s={search_term_string}"},"query-input":{"@type":"PropertyValueSpecification","valueRequired":true,"valueName":"search_term_string"}}],"inLanguage":"pt-BR"},{"@type":"Organization","@id":"https:\/\/noticiaempauta.com\/portal\/#organization","name":"Portal Not\u00edcia em Pauta","url":"https:\/\/noticiaempauta.com\/portal\/","logo":{"@type":"ImageObject","inLanguage":"pt-BR","@id":"https:\/\/noticiaempauta.com\/portal\/#\/schema\/logo\/image\/","url":"https:\/\/noticiaempauta.com\/portal\/wp-content\/uploads\/2022\/08\/logomarca_tema.fw_.png","contentUrl":"https:\/\/noticiaempauta.com\/portal\/wp-content\/uploads\/2022\/08\/logomarca_tema.fw_.png","width":400,"height":232,"caption":"Portal Not\u00edcia em Pauta"},"image":{"@id":"https:\/\/noticiaempauta.com\/portal\/#\/schema\/logo\/image\/"},"sameAs":["https:\/\/www.facebook.com\/Portal-Notcia-Em-Pauta-102292869264820\/","https:\/\/www.instagram.com\/portalnoticiaempauta\/"]},{"@type":"Person","@id":"https:\/\/noticiaempauta.com\/portal\/#\/schema\/person\/a74af43dd1ab3deca45f988c717d57ac","name":"Reda\u00e7\u00e3o","image":{"@type":"ImageObject","inLanguage":"pt-BR","@id":"https:\/\/noticiaempauta.com\/portal\/#\/schema\/person\/image\/","url":"https:\/\/secure.gravatar.com\/avatar\/03179346ecce6cdfc13361603e8f54242a90e5cde8618fa23c5c00aa2b0aadf3?s=96&d=mm&r=g","contentUrl":"https:\/\/secure.gravatar.com\/avatar\/03179346ecce6cdfc13361603e8f54242a90e5cde8618fa23c5c00aa2b0aadf3?s=96&d=mm&r=g","caption":"Reda\u00e7\u00e3o"},"sameAs":["https:\/\/noticiaempauta.com\/portal\/"],"url":"https:\/\/noticiaempauta.com\/portal\/author\/fernando\/"}]}},"_links":{"self":[{"href":"https:\/\/noticiaempauta.com\/portal\/wp-json\/wp\/v2\/posts\/265443","targetHints":{"allow":["GET"]}}],"collection":[{"href":"https:\/\/noticiaempauta.com\/portal\/wp-json\/wp\/v2\/posts"}],"about":[{"href":"https:\/\/noticiaempauta.com\/portal\/wp-json\/wp\/v2\/types\/post"}],"author":[{"embeddable":true,"href":"https:\/\/noticiaempauta.com\/portal\/wp-json\/wp\/v2\/users\/2"}],"replies":[{"embeddable":true,"href":"https:\/\/noticiaempauta.com\/portal\/wp-json\/wp\/v2\/comments?post=265443"}],"version-history":[{"count":2,"href":"https:\/\/noticiaempauta.com\/portal\/wp-json\/wp\/v2\/posts\/265443\/revisions"}],"predecessor-version":[{"id":265448,"href":"https:\/\/noticiaempauta.com\/portal\/wp-json\/wp\/v2\/posts\/265443\/revisions\/265448"}],"wp:featuredmedia":[{"embeddable":true,"href":"https:\/\/noticiaempauta.com\/portal\/wp-json\/wp\/v2\/media\/265445"}],"wp:attachment":[{"href":"https:\/\/noticiaempauta.com\/portal\/wp-json\/wp\/v2\/media?parent=265443"}],"wp:term":[{"taxonomy":"category","embeddable":true,"href":"https:\/\/noticiaempauta.com\/portal\/wp-json\/wp\/v2\/categories?post=265443"},{"taxonomy":"post_tag","embeddable":true,"href":"https:\/\/noticiaempauta.com\/portal\/wp-json\/wp\/v2\/tags?post=265443"}],"curies":[{"name":"wp","href":"https:\/\/api.w.org\/{rel}","templated":true}]}}