{"id":265538,"date":"2024-12-18T09:21:50","date_gmt":"2024-12-18T12:21:50","guid":{"rendered":"https:\/\/noticiaempauta.com\/portal\/?p=265538"},"modified":"2024-12-18T09:21:51","modified_gmt":"2024-12-18T12:21:51","slug":"rafael-fonteles-entrega-escola-reformada-em-wall-ferraz-e-vistoria-obras-da-pi-263-em-santa-cruz-do-piaui","status":"publish","type":"post","link":"https:\/\/noticiaempauta.com\/portal\/rafael-fonteles-entrega-escola-reformada-em-wall-ferraz-e-vistoria-obras-da-pi-263-em-santa-cruz-do-piaui\/","title":{"rendered":"Rafael Fonteles entrega escola reformada em Wall Ferraz e vistoria obras da PI-263 em Santa Cruz do Piau\u00ed"},"content":{"rendered":"\n<p>Os 249 alunos do Centro Estadual de Tempo Integral (Ceti) Clementino Martins, na cidade de Wall Ferraz, receberam, nesta ter\u00e7a-feira (17), uma escola totalmente reformada. Durante a inaugura\u00e7\u00e3o, o governador Rafael Fonteles destacou a import\u00e2ncia dessas obras alcan\u00e7arem todas as unidades do Estado. \u201cN\u00e3o queremos escolas de excel\u00eancia em alguns locais, queremos escolas de excel\u00eancia em todos os munic\u00edpios do Piau\u00ed\u201d, disse.<\/p>\n\n\n\n<figure class=\"wp-block-image size-large\"><img fetchpriority=\"high\" decoding=\"async\" width=\"1024\" height=\"683\" src=\"https:\/\/noticiaempauta.com\/portal\/wp-content\/uploads\/2024\/12\/IMG_7562-1024x683.jpeg\" alt=\"\" class=\"wp-image-265539\" srcset=\"https:\/\/noticiaempauta.com\/portal\/wp-content\/uploads\/2024\/12\/IMG_7562-1024x683.jpeg 1024w, https:\/\/noticiaempauta.com\/portal\/wp-content\/uploads\/2024\/12\/IMG_7562-300x200.jpeg 300w, https:\/\/noticiaempauta.com\/portal\/wp-content\/uploads\/2024\/12\/IMG_7562-768x512.jpeg 768w, https:\/\/noticiaempauta.com\/portal\/wp-content\/uploads\/2024\/12\/IMG_7562-1536x1024.jpeg 1536w, https:\/\/noticiaempauta.com\/portal\/wp-content\/uploads\/2024\/12\/IMG_7562-2048x1366.jpeg 2048w\" sizes=\"(max-width: 1024px) 100vw, 1024px\" \/><\/figure>\n\n\n\n<p>Com investimento superior a R$ 1,7 milh\u00e3o, o Ceti passou por melhorias em salas de aula, biblioteca, laborat\u00f3rios de Inform\u00e1tica e Ci\u00eancias, vesti\u00e1rios, refeit\u00f3rio e quadra poliesportiva, al\u00e9m da climatiza\u00e7\u00e3o completa e uma subesta\u00e7\u00e3o el\u00e9trica. A escola atende duas turmas de cada s\u00e9rie do ensino m\u00e9dio, al\u00e9m da Universidade Aberta com curso de Bacharel em Administra\u00e7\u00e3o, EJA e Alfabetiza Piau\u00ed, com 38 alunos adultos e idosos.<\/p>\n\n\n\n<figure class=\"wp-block-image size-large\"><img decoding=\"async\" width=\"1024\" height=\"683\" src=\"https:\/\/noticiaempauta.com\/portal\/wp-content\/uploads\/2024\/12\/IMG_7560-1024x683.jpeg\" alt=\"\" class=\"wp-image-265541\" srcset=\"https:\/\/noticiaempauta.com\/portal\/wp-content\/uploads\/2024\/12\/IMG_7560-1024x683.jpeg 1024w, https:\/\/noticiaempauta.com\/portal\/wp-content\/uploads\/2024\/12\/IMG_7560-300x200.jpeg 300w, https:\/\/noticiaempauta.com\/portal\/wp-content\/uploads\/2024\/12\/IMG_7560-768x512.jpeg 768w, https:\/\/noticiaempauta.com\/portal\/wp-content\/uploads\/2024\/12\/IMG_7560-1536x1024.jpeg 1536w, https:\/\/noticiaempauta.com\/portal\/wp-content\/uploads\/2024\/12\/IMG_7560-2048x1366.jpeg 2048w\" sizes=\"(max-width: 1024px) 100vw, 1024px\" \/><\/figure>\n\n\n\n<p>Com a reforma, a escola passa a ter um espa\u00e7o mais qualificado para o desenvolvimento das diversas atividades dispon\u00edveis. Al\u00e9m das disciplinas tradicionais, s\u00e3o ofertadas educa\u00e7\u00e3o financeira, rob\u00f3tica, aula de programa\u00e7\u00e3o, clube de leitura, intelig\u00eancia artificial, educa\u00e7\u00e3o profissional e t\u00e9cnica, curso de marketing digital, dentre outras atividades. \u201c\u00c9 exatamente para poder garantir que esses meninos e meninas e at\u00e9 aqueles adultos e idosos que n\u00e3o tiveram oportunidade, mudem de vida para valer, tenham mais oportunidade. E ter uma renda muito melhor, uma vida melhor e mais prosperidade. Por isso, viva a educa\u00e7\u00e3o do Piau\u00ed!\u201d, comemorou o governador.<\/p>\n\n\n\n<figure class=\"wp-block-image size-full\"><img decoding=\"async\" width=\"1000\" height=\"667\" src=\"https:\/\/noticiaempauta.com\/portal\/wp-content\/uploads\/2024\/12\/IMG_7558.jpeg\" alt=\"\" class=\"wp-image-265540\" srcset=\"https:\/\/noticiaempauta.com\/portal\/wp-content\/uploads\/2024\/12\/IMG_7558.jpeg 1000w, https:\/\/noticiaempauta.com\/portal\/wp-content\/uploads\/2024\/12\/IMG_7558-300x200.jpeg 300w, https:\/\/noticiaempauta.com\/portal\/wp-content\/uploads\/2024\/12\/IMG_7558-768x512.jpeg 768w\" sizes=\"(max-width: 1000px) 100vw, 1000px\" \/><\/figure>\n\n\n\n<p>O secret\u00e1rio de Educa\u00e7\u00e3o, Washington Bandeira, comentou sobre as melhorias pelas quais o pr\u00e9dio passou e afirmou que a secretaria est\u00e1 trabalhando para que todas as escolas do Estado possam receber obras de qualifica\u00e7\u00e3o. &#8220;Aqui temos uma escola de tempo integral com ensino profissional que j\u00e1 tem um curso t\u00e9cnico de marketing digital e com todos os espa\u00e7os do modelo completo do tempo integral&#8221;, disse.<\/p>\n\n\n\n<figure class=\"wp-block-image size-full\"><img loading=\"lazy\" decoding=\"async\" width=\"1000\" height=\"667\" src=\"https:\/\/noticiaempauta.com\/portal\/wp-content\/uploads\/2024\/12\/IMG_7557.jpeg\" alt=\"\" class=\"wp-image-265542\" srcset=\"https:\/\/noticiaempauta.com\/portal\/wp-content\/uploads\/2024\/12\/IMG_7557.jpeg 1000w, https:\/\/noticiaempauta.com\/portal\/wp-content\/uploads\/2024\/12\/IMG_7557-300x200.jpeg 300w, https:\/\/noticiaempauta.com\/portal\/wp-content\/uploads\/2024\/12\/IMG_7557-768x512.jpeg 768w\" sizes=\"(max-width: 1000px) 100vw, 1000px\" \/><\/figure>\n\n\n\n<p>A diretora do Ceti Clementino Martins, Marcelina Ferreira, ressaltou a import\u00e2ncia da obra para a qualidade do ensino que est\u00e1 sendo oferecido no munic\u00edpio. &#8220;Quero agradecer por essa grande obra. Tenho certeza, governador, que agora vamos nos esfor\u00e7ar cada vez mais para melhorar a educa\u00e7\u00e3o do Estado&#8221;, afirmou.<\/p>\n\n\n\n<figure class=\"wp-block-image size-large\"><img loading=\"lazy\" decoding=\"async\" width=\"1024\" height=\"683\" src=\"https:\/\/noticiaempauta.com\/portal\/wp-content\/uploads\/2024\/12\/IMG_7561-1024x683.jpeg\" alt=\"\" class=\"wp-image-265545\" srcset=\"https:\/\/noticiaempauta.com\/portal\/wp-content\/uploads\/2024\/12\/IMG_7561-1024x683.jpeg 1024w, https:\/\/noticiaempauta.com\/portal\/wp-content\/uploads\/2024\/12\/IMG_7561-300x200.jpeg 300w, https:\/\/noticiaempauta.com\/portal\/wp-content\/uploads\/2024\/12\/IMG_7561-768x512.jpeg 768w, https:\/\/noticiaempauta.com\/portal\/wp-content\/uploads\/2024\/12\/IMG_7561-1536x1024.jpeg 1536w, https:\/\/noticiaempauta.com\/portal\/wp-content\/uploads\/2024\/12\/IMG_7561-2048x1366.jpeg 2048w\" sizes=\"(max-width: 1024px) 100vw, 1024px\" \/><\/figure>\n\n\n\n<figure class=\"wp-block-image size-large\"><img loading=\"lazy\" decoding=\"async\" width=\"1024\" height=\"683\" src=\"https:\/\/noticiaempauta.com\/portal\/wp-content\/uploads\/2024\/12\/IMG_7559-1-1024x683.jpeg\" alt=\"\" class=\"wp-image-265544\" srcset=\"https:\/\/noticiaempauta.com\/portal\/wp-content\/uploads\/2024\/12\/IMG_7559-1-1024x683.jpeg 1024w, https:\/\/noticiaempauta.com\/portal\/wp-content\/uploads\/2024\/12\/IMG_7559-1-300x200.jpeg 300w, https:\/\/noticiaempauta.com\/portal\/wp-content\/uploads\/2024\/12\/IMG_7559-1-768x512.jpeg 768w, https:\/\/noticiaempauta.com\/portal\/wp-content\/uploads\/2024\/12\/IMG_7559-1-1536x1024.jpeg 1536w, https:\/\/noticiaempauta.com\/portal\/wp-content\/uploads\/2024\/12\/IMG_7559-1-2048x1366.jpeg 2048w\" sizes=\"(max-width: 1024px) 100vw, 1024px\" \/><\/figure>\n\n\n\n<p><strong>Santa Cruz do Piau\u00ed<\/strong><\/p>\n\n\n\n<figure class=\"wp-block-image size-large\"><img loading=\"lazy\" decoding=\"async\" width=\"1024\" height=\"683\" src=\"https:\/\/noticiaempauta.com\/portal\/wp-content\/uploads\/2024\/12\/IMG_7563-1024x683.jpeg\" alt=\"\" class=\"wp-image-265548\" srcset=\"https:\/\/noticiaempauta.com\/portal\/wp-content\/uploads\/2024\/12\/IMG_7563-1024x683.jpeg 1024w, https:\/\/noticiaempauta.com\/portal\/wp-content\/uploads\/2024\/12\/IMG_7563-300x200.jpeg 300w, https:\/\/noticiaempauta.com\/portal\/wp-content\/uploads\/2024\/12\/IMG_7563-768x512.jpeg 768w, https:\/\/noticiaempauta.com\/portal\/wp-content\/uploads\/2024\/12\/IMG_7563-1536x1024.jpeg 1536w, https:\/\/noticiaempauta.com\/portal\/wp-content\/uploads\/2024\/12\/IMG_7563-2048x1366.jpeg 2048w\" sizes=\"(max-width: 1024px) 100vw, 1024px\" \/><\/figure>\n\n\n\n<p>O governador Rafael Fonteles tamb\u00e9m esteve, na tarde de hoje, na obra de pavimenta\u00e7\u00e3o asf\u00e1ltica da rodovia PI-263, em Santa Cruz do Piau\u00ed, que est\u00e1 sendo executada pela Companhia Ferrovi\u00e1ria e de Log\u00edstica do Piau\u00ed (CFLP), com investimento de R$ 18.801.568,19. <\/p>\n\n\n\n<figure class=\"wp-block-image size-full\"><img loading=\"lazy\" decoding=\"async\" width=\"1000\" height=\"667\" src=\"https:\/\/noticiaempauta.com\/portal\/wp-content\/uploads\/2024\/12\/IMG_7556.jpeg\" alt=\"\" class=\"wp-image-265546\" srcset=\"https:\/\/noticiaempauta.com\/portal\/wp-content\/uploads\/2024\/12\/IMG_7556.jpeg 1000w, https:\/\/noticiaempauta.com\/portal\/wp-content\/uploads\/2024\/12\/IMG_7556-300x200.jpeg 300w, https:\/\/noticiaempauta.com\/portal\/wp-content\/uploads\/2024\/12\/IMG_7556-768x512.jpeg 768w\" sizes=\"(max-width: 1000px) 100vw, 1000px\" \/><\/figure>\n\n\n\n<p>O trecho tem extens\u00e3o de 21km e liga o munic\u00edpio ao povoado Torr\u00f5es, em Picos. \u201c\u00c9 um grande sonho da regi\u00e3o virando realidade: essa conex\u00e3o da cidade com Picos, chegando ali pelos povoados Tabatinga e Torr\u00f5es; essa regi\u00e3o, que tem Santa Cruz como polo, at\u00e9 o Vale do Guaribas. Ent\u00e3o, \u00e9 muito importante mais esse eixo rodovi\u00e1rio que vai ficar com um asfalto de alt\u00edssima qualidade\u201d, destacou Rafael Fonteles.<\/p>\n\n\n\n<figure class=\"wp-block-image size-large\"><img loading=\"lazy\" decoding=\"async\" width=\"1024\" height=\"683\" src=\"https:\/\/noticiaempauta.com\/portal\/wp-content\/uploads\/2024\/12\/IMG_7564-1024x683.jpeg\" alt=\"\" class=\"wp-image-265547\" srcset=\"https:\/\/noticiaempauta.com\/portal\/wp-content\/uploads\/2024\/12\/IMG_7564-1024x683.jpeg 1024w, https:\/\/noticiaempauta.com\/portal\/wp-content\/uploads\/2024\/12\/IMG_7564-300x200.jpeg 300w, https:\/\/noticiaempauta.com\/portal\/wp-content\/uploads\/2024\/12\/IMG_7564-768x512.jpeg 768w, https:\/\/noticiaempauta.com\/portal\/wp-content\/uploads\/2024\/12\/IMG_7564-1536x1024.jpeg 1536w, https:\/\/noticiaempauta.com\/portal\/wp-content\/uploads\/2024\/12\/IMG_7564-2048x1366.jpeg 2048w\" sizes=\"(max-width: 1024px) 100vw, 1024px\" \/><\/figure>\n\n\n\n<p>Para o prefeito Francisco Barroso Neto, a obra vai proporcionar mais valoriza\u00e7\u00e3o da economia local. \u201cSanta Cruz tornando-se o mais pr\u00f3ximo de Picos, onde j\u00e1 temos acesso por Paquet\u00e1, pelo povoado Buriti Grande, da BR-316, e agora ligando Santa Cruz ao povoado Tabatinga e Torr\u00f5es, que est\u00e1 ficando mais pr\u00f3ximo e a economia valorizada ainda mais. Virou um verdadeiro entroncamento rodovi\u00e1rio. Agora posso ir por Paquet\u00e1, posso ir por Buriti Grande, de Dom Expedito Lopes, posso ir para Oeiras, posso ir para Wall Ferraz&#8221;, finaliza.<\/p>\n\n\n\n<p><em>CCOM-PI<\/em><\/p>\n","protected":false},"excerpt":{"rendered":"<p>Os 249 alunos do Centro Estadual de Tempo Integral (Ceti) Clementino Martins, na cidade de Wall Ferraz, receberam, nesta ter\u00e7a-feira (17), uma escola totalmente reformada. Durante a inaugura\u00e7\u00e3o, o governador Rafael Fonteles destacou a import\u00e2ncia dessas obras alcan\u00e7arem todas as unidades do Estado. \u201cN\u00e3o queremos escolas de excel\u00eancia em alguns locais, queremos escolas de excel\u00eancia [&hellip;]<\/p>\n","protected":false},"author":2,"featured_media":265539,"comment_status":"open","ping_status":"open","sticky":false,"template":"","format":"standard","meta":{"_mi_skip_tracking":false,"footnotes":""},"categories":[25,1,9,16],"tags":[192],"class_list":["post-265538","post","type-post","status-publish","format-standard","has-post-thumbnail","hentry","category-destaques-site","category-geral","category-municipios","category-todas","tag-destaqueprincipal"],"acf":[],"yoast_head":"<!-- This site is optimized with the Yoast SEO Premium plugin v19.2 (Yoast SEO v26.9) - https:\/\/yoast.com\/product\/yoast-seo-premium-wordpress\/ -->\n<title>Rafael Fonteles entrega escola reformada em Wall Ferraz e vistoria obras da PI-263 em Santa Cruz do Piau\u00ed - Portal Not\u00edcia em Pauta<\/title>\n<meta name=\"robots\" content=\"index, follow, max-snippet:-1, max-image-preview:large, max-video-preview:-1\" \/>\n<link rel=\"canonical\" href=\"https:\/\/noticiaempauta.com\/portal\/rafael-fonteles-entrega-escola-reformada-em-wall-ferraz-e-vistoria-obras-da-pi-263-em-santa-cruz-do-piaui\/\" \/>\n<meta property=\"og:locale\" content=\"pt_BR\" \/>\n<meta property=\"og:type\" content=\"article\" \/>\n<meta property=\"og:title\" content=\"Rafael Fonteles entrega escola reformada em Wall Ferraz e vistoria obras da PI-263 em Santa Cruz do Piau\u00ed\" \/>\n<meta property=\"og:description\" content=\"Os 249 alunos do Centro Estadual de Tempo Integral (Ceti) Clementino Martins, na cidade de Wall Ferraz, receberam, nesta ter\u00e7a-feira (17), uma escola totalmente reformada. Durante a inaugura\u00e7\u00e3o, o governador Rafael Fonteles destacou a import\u00e2ncia dessas obras alcan\u00e7arem todas as unidades do Estado. \u201cN\u00e3o queremos escolas de excel\u00eancia em alguns locais, queremos escolas de excel\u00eancia [&hellip;]\" \/>\n<meta property=\"og:url\" content=\"https:\/\/noticiaempauta.com\/portal\/rafael-fonteles-entrega-escola-reformada-em-wall-ferraz-e-vistoria-obras-da-pi-263-em-santa-cruz-do-piaui\/\" \/>\n<meta property=\"og:site_name\" content=\"Portal Not\u00edcia em Pauta\" \/>\n<meta property=\"article:publisher\" content=\"https:\/\/www.facebook.com\/Portal-Notcia-Em-Pauta-102292869264820\/\" \/>\n<meta property=\"article:published_time\" content=\"2024-12-18T12:21:50+00:00\" \/>\n<meta property=\"article:modified_time\" content=\"2024-12-18T12:21:51+00:00\" \/>\n<meta property=\"og:image\" content=\"https:\/\/noticiaempauta.com\/portal\/wp-content\/uploads\/2024\/12\/IMG_7562-scaled.jpeg\" \/>\n\t<meta property=\"og:image:width\" content=\"2560\" \/>\n\t<meta property=\"og:image:height\" content=\"1707\" \/>\n\t<meta property=\"og:image:type\" content=\"image\/jpeg\" \/>\n<meta name=\"author\" content=\"Reda\u00e7\u00e3o\" \/>\n<meta name=\"twitter:card\" content=\"summary_large_image\" \/>\n<meta name=\"twitter:label1\" content=\"Escrito por\" \/>\n\t<meta name=\"twitter:data1\" content=\"Reda\u00e7\u00e3o\" \/>\n\t<meta name=\"twitter:label2\" content=\"Est. tempo de leitura\" \/>\n\t<meta name=\"twitter:data2\" content=\"5 minutos\" \/>\n<script type=\"application\/ld+json\" class=\"yoast-schema-graph\">{\"@context\":\"https:\/\/schema.org\",\"@graph\":[{\"@type\":\"Article\",\"@id\":\"https:\/\/noticiaempauta.com\/portal\/rafael-fonteles-entrega-escola-reformada-em-wall-ferraz-e-vistoria-obras-da-pi-263-em-santa-cruz-do-piaui\/#article\",\"isPartOf\":{\"@id\":\"https:\/\/noticiaempauta.com\/portal\/rafael-fonteles-entrega-escola-reformada-em-wall-ferraz-e-vistoria-obras-da-pi-263-em-santa-cruz-do-piaui\/\"},\"author\":{\"name\":\"Reda\u00e7\u00e3o\",\"@id\":\"https:\/\/noticiaempauta.com\/portal\/#\/schema\/person\/a74af43dd1ab3deca45f988c717d57ac\"},\"headline\":\"Rafael Fonteles entrega escola reformada em Wall Ferraz e vistoria obras da PI-263 em Santa Cruz do Piau\u00ed\",\"datePublished\":\"2024-12-18T12:21:50+00:00\",\"dateModified\":\"2024-12-18T12:21:51+00:00\",\"mainEntityOfPage\":{\"@id\":\"https:\/\/noticiaempauta.com\/portal\/rafael-fonteles-entrega-escola-reformada-em-wall-ferraz-e-vistoria-obras-da-pi-263-em-santa-cruz-do-piaui\/\"},\"wordCount\":612,\"commentCount\":0,\"publisher\":{\"@id\":\"https:\/\/noticiaempauta.com\/portal\/#organization\"},\"image\":{\"@id\":\"https:\/\/noticiaempauta.com\/portal\/rafael-fonteles-entrega-escola-reformada-em-wall-ferraz-e-vistoria-obras-da-pi-263-em-santa-cruz-do-piaui\/#primaryimage\"},\"thumbnailUrl\":\"https:\/\/noticiaempauta.com\/portal\/wp-content\/uploads\/2024\/12\/IMG_7562-scaled.jpeg\",\"keywords\":[\"destaqueprincipal\"],\"articleSection\":[\"Destaques\",\"Geral\",\"Munic\u00edpios\",\"Todas as Not\u00edcias\"],\"inLanguage\":\"pt-BR\",\"potentialAction\":[{\"@type\":\"CommentAction\",\"name\":\"Comment\",\"target\":[\"https:\/\/noticiaempauta.com\/portal\/rafael-fonteles-entrega-escola-reformada-em-wall-ferraz-e-vistoria-obras-da-pi-263-em-santa-cruz-do-piaui\/#respond\"]}]},{\"@type\":\"WebPage\",\"@id\":\"https:\/\/noticiaempauta.com\/portal\/rafael-fonteles-entrega-escola-reformada-em-wall-ferraz-e-vistoria-obras-da-pi-263-em-santa-cruz-do-piaui\/\",\"url\":\"https:\/\/noticiaempauta.com\/portal\/rafael-fonteles-entrega-escola-reformada-em-wall-ferraz-e-vistoria-obras-da-pi-263-em-santa-cruz-do-piaui\/\",\"name\":\"Rafael Fonteles entrega escola reformada em Wall Ferraz e vistoria obras da PI-263 em Santa Cruz do Piau\u00ed - Portal Not\u00edcia em Pauta\",\"isPartOf\":{\"@id\":\"https:\/\/noticiaempauta.com\/portal\/#website\"},\"primaryImageOfPage\":{\"@id\":\"https:\/\/noticiaempauta.com\/portal\/rafael-fonteles-entrega-escola-reformada-em-wall-ferraz-e-vistoria-obras-da-pi-263-em-santa-cruz-do-piaui\/#primaryimage\"},\"image\":{\"@id\":\"https:\/\/noticiaempauta.com\/portal\/rafael-fonteles-entrega-escola-reformada-em-wall-ferraz-e-vistoria-obras-da-pi-263-em-santa-cruz-do-piaui\/#primaryimage\"},\"thumbnailUrl\":\"https:\/\/noticiaempauta.com\/portal\/wp-content\/uploads\/2024\/12\/IMG_7562-scaled.jpeg\",\"datePublished\":\"2024-12-18T12:21:50+00:00\",\"dateModified\":\"2024-12-18T12:21:51+00:00\",\"breadcrumb\":{\"@id\":\"https:\/\/noticiaempauta.com\/portal\/rafael-fonteles-entrega-escola-reformada-em-wall-ferraz-e-vistoria-obras-da-pi-263-em-santa-cruz-do-piaui\/#breadcrumb\"},\"inLanguage\":\"pt-BR\",\"potentialAction\":[{\"@type\":\"ReadAction\",\"target\":[\"https:\/\/noticiaempauta.com\/portal\/rafael-fonteles-entrega-escola-reformada-em-wall-ferraz-e-vistoria-obras-da-pi-263-em-santa-cruz-do-piaui\/\"]}]},{\"@type\":\"ImageObject\",\"inLanguage\":\"pt-BR\",\"@id\":\"https:\/\/noticiaempauta.com\/portal\/rafael-fonteles-entrega-escola-reformada-em-wall-ferraz-e-vistoria-obras-da-pi-263-em-santa-cruz-do-piaui\/#primaryimage\",\"url\":\"https:\/\/noticiaempauta.com\/portal\/wp-content\/uploads\/2024\/12\/IMG_7562-scaled.jpeg\",\"contentUrl\":\"https:\/\/noticiaempauta.com\/portal\/wp-content\/uploads\/2024\/12\/IMG_7562-scaled.jpeg\",\"width\":2560,\"height\":1707},{\"@type\":\"BreadcrumbList\",\"@id\":\"https:\/\/noticiaempauta.com\/portal\/rafael-fonteles-entrega-escola-reformada-em-wall-ferraz-e-vistoria-obras-da-pi-263-em-santa-cruz-do-piaui\/#breadcrumb\",\"itemListElement\":[{\"@type\":\"ListItem\",\"position\":1,\"name\":\"P\u00e1gina Inicial\",\"item\":\"https:\/\/noticiaempauta.com\/portal\/\"},{\"@type\":\"ListItem\",\"position\":2,\"name\":\"Destaques\",\"item\":\"https:\/\/noticiaempauta.com\/portal\/destaques-site\/\"},{\"@type\":\"ListItem\",\"position\":3,\"name\":\"Rafael Fonteles entrega escola reformada em Wall Ferraz e vistoria obras da PI-263 em Santa Cruz do Piau\u00ed\"}]},{\"@type\":\"WebSite\",\"@id\":\"https:\/\/noticiaempauta.com\/portal\/#website\",\"url\":\"https:\/\/noticiaempauta.com\/portal\/\",\"name\":\"Portal Not\u00edcia em Pauta\",\"description\":\"Voc\u00ea bem informado\",\"publisher\":{\"@id\":\"https:\/\/noticiaempauta.com\/portal\/#organization\"},\"potentialAction\":[{\"@type\":\"SearchAction\",\"target\":{\"@type\":\"EntryPoint\",\"urlTemplate\":\"https:\/\/noticiaempauta.com\/portal\/?s={search_term_string}\"},\"query-input\":{\"@type\":\"PropertyValueSpecification\",\"valueRequired\":true,\"valueName\":\"search_term_string\"}}],\"inLanguage\":\"pt-BR\"},{\"@type\":\"Organization\",\"@id\":\"https:\/\/noticiaempauta.com\/portal\/#organization\",\"name\":\"Portal Not\u00edcia em Pauta\",\"url\":\"https:\/\/noticiaempauta.com\/portal\/\",\"logo\":{\"@type\":\"ImageObject\",\"inLanguage\":\"pt-BR\",\"@id\":\"https:\/\/noticiaempauta.com\/portal\/#\/schema\/logo\/image\/\",\"url\":\"https:\/\/noticiaempauta.com\/portal\/wp-content\/uploads\/2022\/08\/logomarca_tema.fw_.png\",\"contentUrl\":\"https:\/\/noticiaempauta.com\/portal\/wp-content\/uploads\/2022\/08\/logomarca_tema.fw_.png\",\"width\":400,\"height\":232,\"caption\":\"Portal Not\u00edcia em Pauta\"},\"image\":{\"@id\":\"https:\/\/noticiaempauta.com\/portal\/#\/schema\/logo\/image\/\"},\"sameAs\":[\"https:\/\/www.facebook.com\/Portal-Notcia-Em-Pauta-102292869264820\/\",\"https:\/\/www.instagram.com\/portalnoticiaempauta\/\"]},{\"@type\":\"Person\",\"@id\":\"https:\/\/noticiaempauta.com\/portal\/#\/schema\/person\/a74af43dd1ab3deca45f988c717d57ac\",\"name\":\"Reda\u00e7\u00e3o\",\"image\":{\"@type\":\"ImageObject\",\"inLanguage\":\"pt-BR\",\"@id\":\"https:\/\/noticiaempauta.com\/portal\/#\/schema\/person\/image\/\",\"url\":\"https:\/\/secure.gravatar.com\/avatar\/03179346ecce6cdfc13361603e8f54242a90e5cde8618fa23c5c00aa2b0aadf3?s=96&d=mm&r=g\",\"contentUrl\":\"https:\/\/secure.gravatar.com\/avatar\/03179346ecce6cdfc13361603e8f54242a90e5cde8618fa23c5c00aa2b0aadf3?s=96&d=mm&r=g\",\"caption\":\"Reda\u00e7\u00e3o\"},\"sameAs\":[\"https:\/\/noticiaempauta.com\/portal\/\"],\"url\":\"https:\/\/noticiaempauta.com\/portal\/author\/fernando\/\"}]}<\/script>\n<!-- \/ Yoast SEO Premium plugin. -->","yoast_head_json":{"title":"Rafael Fonteles entrega escola reformada em Wall Ferraz e vistoria obras da PI-263 em Santa Cruz do Piau\u00ed - Portal Not\u00edcia em Pauta","robots":{"index":"index","follow":"follow","max-snippet":"max-snippet:-1","max-image-preview":"max-image-preview:large","max-video-preview":"max-video-preview:-1"},"canonical":"https:\/\/noticiaempauta.com\/portal\/rafael-fonteles-entrega-escola-reformada-em-wall-ferraz-e-vistoria-obras-da-pi-263-em-santa-cruz-do-piaui\/","og_locale":"pt_BR","og_type":"article","og_title":"Rafael Fonteles entrega escola reformada em Wall Ferraz e vistoria obras da PI-263 em Santa Cruz do Piau\u00ed","og_description":"Os 249 alunos do Centro Estadual de Tempo Integral (Ceti) Clementino Martins, na cidade de Wall Ferraz, receberam, nesta ter\u00e7a-feira (17), uma escola totalmente reformada. Durante a inaugura\u00e7\u00e3o, o governador Rafael Fonteles destacou a import\u00e2ncia dessas obras alcan\u00e7arem todas as unidades do Estado. \u201cN\u00e3o queremos escolas de excel\u00eancia em alguns locais, queremos escolas de excel\u00eancia [&hellip;]","og_url":"https:\/\/noticiaempauta.com\/portal\/rafael-fonteles-entrega-escola-reformada-em-wall-ferraz-e-vistoria-obras-da-pi-263-em-santa-cruz-do-piaui\/","og_site_name":"Portal Not\u00edcia em Pauta","article_publisher":"https:\/\/www.facebook.com\/Portal-Notcia-Em-Pauta-102292869264820\/","article_published_time":"2024-12-18T12:21:50+00:00","article_modified_time":"2024-12-18T12:21:51+00:00","og_image":[{"width":2560,"height":1707,"url":"https:\/\/noticiaempauta.com\/portal\/wp-content\/uploads\/2024\/12\/IMG_7562-scaled.jpeg","type":"image\/jpeg"}],"author":"Reda\u00e7\u00e3o","twitter_card":"summary_large_image","twitter_misc":{"Escrito por":"Reda\u00e7\u00e3o","Est. tempo de leitura":"5 minutos"},"schema":{"@context":"https:\/\/schema.org","@graph":[{"@type":"Article","@id":"https:\/\/noticiaempauta.com\/portal\/rafael-fonteles-entrega-escola-reformada-em-wall-ferraz-e-vistoria-obras-da-pi-263-em-santa-cruz-do-piaui\/#article","isPartOf":{"@id":"https:\/\/noticiaempauta.com\/portal\/rafael-fonteles-entrega-escola-reformada-em-wall-ferraz-e-vistoria-obras-da-pi-263-em-santa-cruz-do-piaui\/"},"author":{"name":"Reda\u00e7\u00e3o","@id":"https:\/\/noticiaempauta.com\/portal\/#\/schema\/person\/a74af43dd1ab3deca45f988c717d57ac"},"headline":"Rafael Fonteles entrega escola reformada em Wall Ferraz e vistoria obras da PI-263 em Santa Cruz do Piau\u00ed","datePublished":"2024-12-18T12:21:50+00:00","dateModified":"2024-12-18T12:21:51+00:00","mainEntityOfPage":{"@id":"https:\/\/noticiaempauta.com\/portal\/rafael-fonteles-entrega-escola-reformada-em-wall-ferraz-e-vistoria-obras-da-pi-263-em-santa-cruz-do-piaui\/"},"wordCount":612,"commentCount":0,"publisher":{"@id":"https:\/\/noticiaempauta.com\/portal\/#organization"},"image":{"@id":"https:\/\/noticiaempauta.com\/portal\/rafael-fonteles-entrega-escola-reformada-em-wall-ferraz-e-vistoria-obras-da-pi-263-em-santa-cruz-do-piaui\/#primaryimage"},"thumbnailUrl":"https:\/\/noticiaempauta.com\/portal\/wp-content\/uploads\/2024\/12\/IMG_7562-scaled.jpeg","keywords":["destaqueprincipal"],"articleSection":["Destaques","Geral","Munic\u00edpios","Todas as Not\u00edcias"],"inLanguage":"pt-BR","potentialAction":[{"@type":"CommentAction","name":"Comment","target":["https:\/\/noticiaempauta.com\/portal\/rafael-fonteles-entrega-escola-reformada-em-wall-ferraz-e-vistoria-obras-da-pi-263-em-santa-cruz-do-piaui\/#respond"]}]},{"@type":"WebPage","@id":"https:\/\/noticiaempauta.com\/portal\/rafael-fonteles-entrega-escola-reformada-em-wall-ferraz-e-vistoria-obras-da-pi-263-em-santa-cruz-do-piaui\/","url":"https:\/\/noticiaempauta.com\/portal\/rafael-fonteles-entrega-escola-reformada-em-wall-ferraz-e-vistoria-obras-da-pi-263-em-santa-cruz-do-piaui\/","name":"Rafael Fonteles entrega escola reformada em Wall Ferraz e vistoria obras da PI-263 em Santa Cruz do Piau\u00ed - Portal Not\u00edcia em Pauta","isPartOf":{"@id":"https:\/\/noticiaempauta.com\/portal\/#website"},"primaryImageOfPage":{"@id":"https:\/\/noticiaempauta.com\/portal\/rafael-fonteles-entrega-escola-reformada-em-wall-ferraz-e-vistoria-obras-da-pi-263-em-santa-cruz-do-piaui\/#primaryimage"},"image":{"@id":"https:\/\/noticiaempauta.com\/portal\/rafael-fonteles-entrega-escola-reformada-em-wall-ferraz-e-vistoria-obras-da-pi-263-em-santa-cruz-do-piaui\/#primaryimage"},"thumbnailUrl":"https:\/\/noticiaempauta.com\/portal\/wp-content\/uploads\/2024\/12\/IMG_7562-scaled.jpeg","datePublished":"2024-12-18T12:21:50+00:00","dateModified":"2024-12-18T12:21:51+00:00","breadcrumb":{"@id":"https:\/\/noticiaempauta.com\/portal\/rafael-fonteles-entrega-escola-reformada-em-wall-ferraz-e-vistoria-obras-da-pi-263-em-santa-cruz-do-piaui\/#breadcrumb"},"inLanguage":"pt-BR","potentialAction":[{"@type":"ReadAction","target":["https:\/\/noticiaempauta.com\/portal\/rafael-fonteles-entrega-escola-reformada-em-wall-ferraz-e-vistoria-obras-da-pi-263-em-santa-cruz-do-piaui\/"]}]},{"@type":"ImageObject","inLanguage":"pt-BR","@id":"https:\/\/noticiaempauta.com\/portal\/rafael-fonteles-entrega-escola-reformada-em-wall-ferraz-e-vistoria-obras-da-pi-263-em-santa-cruz-do-piaui\/#primaryimage","url":"https:\/\/noticiaempauta.com\/portal\/wp-content\/uploads\/2024\/12\/IMG_7562-scaled.jpeg","contentUrl":"https:\/\/noticiaempauta.com\/portal\/wp-content\/uploads\/2024\/12\/IMG_7562-scaled.jpeg","width":2560,"height":1707},{"@type":"BreadcrumbList","@id":"https:\/\/noticiaempauta.com\/portal\/rafael-fonteles-entrega-escola-reformada-em-wall-ferraz-e-vistoria-obras-da-pi-263-em-santa-cruz-do-piaui\/#breadcrumb","itemListElement":[{"@type":"ListItem","position":1,"name":"P\u00e1gina Inicial","item":"https:\/\/noticiaempauta.com\/portal\/"},{"@type":"ListItem","position":2,"name":"Destaques","item":"https:\/\/noticiaempauta.com\/portal\/destaques-site\/"},{"@type":"ListItem","position":3,"name":"Rafael Fonteles entrega escola reformada em Wall Ferraz e vistoria obras da PI-263 em Santa Cruz do Piau\u00ed"}]},{"@type":"WebSite","@id":"https:\/\/noticiaempauta.com\/portal\/#website","url":"https:\/\/noticiaempauta.com\/portal\/","name":"Portal Not\u00edcia em Pauta","description":"Voc\u00ea bem informado","publisher":{"@id":"https:\/\/noticiaempauta.com\/portal\/#organization"},"potentialAction":[{"@type":"SearchAction","target":{"@type":"EntryPoint","urlTemplate":"https:\/\/noticiaempauta.com\/portal\/?s={search_term_string}"},"query-input":{"@type":"PropertyValueSpecification","valueRequired":true,"valueName":"search_term_string"}}],"inLanguage":"pt-BR"},{"@type":"Organization","@id":"https:\/\/noticiaempauta.com\/portal\/#organization","name":"Portal Not\u00edcia em Pauta","url":"https:\/\/noticiaempauta.com\/portal\/","logo":{"@type":"ImageObject","inLanguage":"pt-BR","@id":"https:\/\/noticiaempauta.com\/portal\/#\/schema\/logo\/image\/","url":"https:\/\/noticiaempauta.com\/portal\/wp-content\/uploads\/2022\/08\/logomarca_tema.fw_.png","contentUrl":"https:\/\/noticiaempauta.com\/portal\/wp-content\/uploads\/2022\/08\/logomarca_tema.fw_.png","width":400,"height":232,"caption":"Portal Not\u00edcia em Pauta"},"image":{"@id":"https:\/\/noticiaempauta.com\/portal\/#\/schema\/logo\/image\/"},"sameAs":["https:\/\/www.facebook.com\/Portal-Notcia-Em-Pauta-102292869264820\/","https:\/\/www.instagram.com\/portalnoticiaempauta\/"]},{"@type":"Person","@id":"https:\/\/noticiaempauta.com\/portal\/#\/schema\/person\/a74af43dd1ab3deca45f988c717d57ac","name":"Reda\u00e7\u00e3o","image":{"@type":"ImageObject","inLanguage":"pt-BR","@id":"https:\/\/noticiaempauta.com\/portal\/#\/schema\/person\/image\/","url":"https:\/\/secure.gravatar.com\/avatar\/03179346ecce6cdfc13361603e8f54242a90e5cde8618fa23c5c00aa2b0aadf3?s=96&d=mm&r=g","contentUrl":"https:\/\/secure.gravatar.com\/avatar\/03179346ecce6cdfc13361603e8f54242a90e5cde8618fa23c5c00aa2b0aadf3?s=96&d=mm&r=g","caption":"Reda\u00e7\u00e3o"},"sameAs":["https:\/\/noticiaempauta.com\/portal\/"],"url":"https:\/\/noticiaempauta.com\/portal\/author\/fernando\/"}]}},"_links":{"self":[{"href":"https:\/\/noticiaempauta.com\/portal\/wp-json\/wp\/v2\/posts\/265538","targetHints":{"allow":["GET"]}}],"collection":[{"href":"https:\/\/noticiaempauta.com\/portal\/wp-json\/wp\/v2\/posts"}],"about":[{"href":"https:\/\/noticiaempauta.com\/portal\/wp-json\/wp\/v2\/types\/post"}],"author":[{"embeddable":true,"href":"https:\/\/noticiaempauta.com\/portal\/wp-json\/wp\/v2\/users\/2"}],"replies":[{"embeddable":true,"href":"https:\/\/noticiaempauta.com\/portal\/wp-json\/wp\/v2\/comments?post=265538"}],"version-history":[{"count":2,"href":"https:\/\/noticiaempauta.com\/portal\/wp-json\/wp\/v2\/posts\/265538\/revisions"}],"predecessor-version":[{"id":265550,"href":"https:\/\/noticiaempauta.com\/portal\/wp-json\/wp\/v2\/posts\/265538\/revisions\/265550"}],"wp:featuredmedia":[{"embeddable":true,"href":"https:\/\/noticiaempauta.com\/portal\/wp-json\/wp\/v2\/media\/265539"}],"wp:attachment":[{"href":"https:\/\/noticiaempauta.com\/portal\/wp-json\/wp\/v2\/media?parent=265538"}],"wp:term":[{"taxonomy":"category","embeddable":true,"href":"https:\/\/noticiaempauta.com\/portal\/wp-json\/wp\/v2\/categories?post=265538"},{"taxonomy":"post_tag","embeddable":true,"href":"https:\/\/noticiaempauta.com\/portal\/wp-json\/wp\/v2\/tags?post=265538"}],"curies":[{"name":"wp","href":"https:\/\/api.w.org\/{rel}","templated":true}]}}