{"id":265567,"date":"2024-12-18T17:54:35","date_gmt":"2024-12-18T20:54:35","guid":{"rendered":"https:\/\/noticiaempauta.com\/portal\/?p=265567"},"modified":"2024-12-18T17:54:36","modified_gmt":"2024-12-18T20:54:36","slug":"governo-prorroga-decreto-de-situacao-de-emergencia-em-mais-de-80-cidades-do-piaui","status":"publish","type":"post","link":"https:\/\/noticiaempauta.com\/portal\/governo-prorroga-decreto-de-situacao-de-emergencia-em-mais-de-80-cidades-do-piaui\/","title":{"rendered":"Governo prorroga decreto de situa\u00e7\u00e3o de emerg\u00eancia em mais de 80 cidades do Piau\u00ed"},"content":{"rendered":"\n<p>O governador do Piau\u00ed, Rafael Fonteles, prorrogou por 60 dias a situa\u00e7\u00e3o de emerg\u00eancia provocada pela seca em 82 munic\u00edpios do Piau\u00ed. O decreto entra em vigor a partir do dia 6 de janeiro de 2025.<\/p>\n\n\n\n<p>De acordo com o decreto, a medida considerou que no per\u00edodo de maio a outubro de 2024, em algumas \u00e1reas do territ\u00f3rio piauiense n\u00e3o ocorreram chuvas por at\u00e9 seis meses e a estiagem acentuou em virtude de altas temperaturas, baixos \u00edndices pluviom\u00e9tricos, baixas umidades e o dipolo do Atl\u00e2ntico aquecido no segundo semestre de 2024.<\/p>\n\n\n\n<p>Tamb\u00e9m foi pontuado a previs\u00e3o clim\u00e1tica de precipita\u00e7\u00e3o para o trimestre formado pelos meses de dezembro de 2024 e janeiro e fevereiro de 2025, com maior probabilidade de chuvas abaixo da faixa normal do estado, especificamente em munic\u00edpios da regi\u00e3o Sudeste.<\/p>\n\n\n\n<p>O decreto pontua que as chuvas ocorridas a previs\u00e3o clim\u00e1tica de precipita\u00e7\u00e3o para o trimestre formado pelos meses de dezembro de 2024 e janeiro e fevereiro de 2025.<\/p>\n\n\n\n<h2 class=\"wp-block-heading\"><strong>Veja a lista de munic\u00edpios<\/strong><\/h2>\n\n\n\n<p>1. Acau\u00e3<\/p>\n\n\n\n<p>2. Alagoinha do Piau\u00ed<\/p>\n\n\n\n<p>3. Alegrete do Piau\u00ed<\/p>\n\n\n\n<p>4. Alvorada do Gurgu\u00e9ia<\/p>\n\n\n\n<p>5. An\u00edsio de Abreu<\/p>\n\n\n\n<p>6. Aroeiras do Itaim<\/p>\n\n\n\n<p>7. Bela Vista do Piau\u00ed<\/p>\n\n\n\n<p>8. Bel\u00e9m do Piau\u00ed<\/p>\n\n\n\n<p>9. Bet\u00e2nia do Piau\u00ed<\/p>\n\n\n\n<p>10. Bocaina<\/p>\n\n\n\n<p>11. Bom Jesus<\/p>\n\n\n\n<p>12. Bonfim do Piau\u00ed<\/p>\n\n\n\n<p>13. Brejo do Piau\u00ed<\/p>\n\n\n\n<p>14. Caldeir\u00e3o Grande do Piau\u00ed<\/p>\n\n\n\n<p>15. Campinas do Piau\u00ed<\/p>\n\n\n\n<p>16. Campo Alegre do Fidalgo<\/p>\n\n\n\n<p>17. Campo Grande do Piau\u00ed<\/p>\n\n\n\n<p>18. Canto do Buriti<\/p>\n\n\n\n<p>19. Capit\u00e3o Gerv\u00e1sio Oliveira<\/p>\n\n\n\n<p>20. Caracol<\/p>\n\n\n\n<p>21. Caridade do Piau\u00ed<\/p>\n\n\n\n<p>22. Col\u00f4nia do Gurgueia<\/p>\n\n\n\n<p>23. Coronel Jos\u00e9 Dias<\/p>\n\n\n\n<p>24. Corrente<\/p>\n\n\n\n<p>25. Cristal\u00e2ndia do Piau\u00ed<\/p>\n\n\n\n<p>26. Cristino Castro<\/p>\n\n\n\n<p>27. Curimat\u00e1<\/p>\n\n\n\n<p>28. Currais<\/p>\n\n\n\n<p>29. Curral Novo do Piau\u00ed<\/p>\n\n\n\n<p>30. Dirceu Arcoverde<\/p>\n\n\n\n<p>31. Dom Inoc\u00eancio<\/p>\n\n\n\n<p>32. Fartura do Piau\u00ed<\/p>\n\n\n\n<p>33. Floresta do Piau\u00ed<\/p>\n\n\n\n<p>34. Francisco Macedo<\/p>\n\n\n\n<p>35. Francisco Santos<\/p>\n\n\n\n<p>36. Fronteiras<\/p>\n\n\n\n<p>37. Geminiano<\/p>\n\n\n\n<p>38. Gilbu\u00e9s<\/p>\n\n\n\n<p>39.Guaribas<\/p>\n\n\n\n<p>40. Isa\u00edas Coelho<\/p>\n\n\n\n<p>41. Itain\u00f3polis<\/p>\n\n\n\n<p>42. Jacobina do Piau\u00ed<\/p>\n\n\n\n<p>43. Jaic\u00f3s<\/p>\n\n\n\n<p>44. Jo\u00e3o Costa<\/p>\n\n\n\n<p>45. Jurema do Piau\u00ed<\/p>\n\n\n\n<p>46. Lagoa do Barro Do Piau\u00ed<\/p>\n\n\n\n<p>47. Marcol\u00e2ndia<\/p>\n\n\n\n<p>48. Massap\u00ea do Piau\u00ed<\/p>\n\n\n\n<p>49. Monsenhor Hip\u00f3lito<\/p>\n\n\n\n<p>50. Morro Cabe\u00e7a do Tempo<\/p>\n\n\n\n<p>51. Nova Santa Rita<\/p>\n\n\n\n<p>52. Padre Marcos<\/p>\n\n\n\n<p>53. Paes Landim<\/p>\n\n\n\n<p>54. Paquet\u00e1<\/p>\n\n\n\n<p>55. Patos do Piau\u00ed<\/p>\n\n\n\n<p>56. Paulistana<\/p>\n\n\n\n<p>57. Pavussu<\/p>\n\n\n\n<p>58. Picos<\/p>\n\n\n\n<p>59. Pimenteiras<\/p>\n\n\n\n<p>60. Pio Ix<\/p>\n\n\n\n<p>61. Queimada Nova<\/p>\n\n\n\n<p>62. Reden\u00e7\u00e3o Do Gurgueia<\/p>\n\n\n\n<p>63. Riacho Frio<\/p>\n\n\n\n<p>64. Ribeira do Piau\u00ed<\/p>\n\n\n\n<p>65. Santa Cruz do Piau\u00ed<\/p>\n\n\n\n<p>66. Santa Filomena<\/p>\n\n\n\n<p>67. Santana do Piau\u00ed<\/p>\n\n\n\n<p>68. S\u00e3o Braz do Piau\u00ed<\/p>\n\n\n\n<p>69. S\u00e3o Francisco de Assis do Piau\u00ed<\/p>\n\n\n\n<p>70. S\u00e3o Jo\u00e3o do Piau\u00ed<\/p>\n\n\n\n<p>71. S\u00e3o Jos\u00e9 do Piau\u00ed<\/p>\n\n\n\n<p>72. S\u00e3o Juli\u00e3o<\/p>\n\n\n\n<p>73. S\u00e3o Louren\u00e7o do Piau\u00ed<\/p>\n\n\n\n<p>74. S\u00e3o Raimundo Nonato<\/p>\n\n\n\n<p>75. Sebasti\u00e3o Barros<\/p>\n\n\n\n<p>76. Sim\u00f5es<\/p>\n\n\n\n<p>77. Sussuapara<\/p>\n\n\n\n<p>78. Uru\u00e7u\u00ed<\/p>\n\n\n\n<p>79. V\u00e1rzea Branca<\/p>\n\n\n\n<p>80. Vera Mendes<\/p>\n\n\n\n<p>81. Vila Nova do Piau\u00ed<\/p>\n\n\n\n<p>82. Wall Ferraz<\/p>\n\n\n\n<p>Cidade Verde<\/p>\n","protected":false},"excerpt":{"rendered":"<p>O governador do Piau\u00ed, Rafael Fonteles, prorrogou por 60 dias a situa\u00e7\u00e3o de emerg\u00eancia provocada pela seca em 82 munic\u00edpios do Piau\u00ed. O decreto entra em vigor a partir do dia 6 de janeiro de 2025. De acordo com o decreto, a medida considerou que no per\u00edodo de maio a outubro de 2024, em algumas [&hellip;]<\/p>\n","protected":false},"author":2,"featured_media":262399,"comment_status":"open","ping_status":"open","sticky":false,"template":"","format":"standard","meta":{"_mi_skip_tracking":false,"footnotes":""},"categories":[25,1,9,16],"tags":[192],"class_list":["post-265567","post","type-post","status-publish","format-standard","has-post-thumbnail","hentry","category-destaques-site","category-geral","category-municipios","category-todas","tag-destaqueprincipal"],"acf":[],"yoast_head":"<!-- This site is optimized with the Yoast SEO Premium plugin v19.2 (Yoast SEO v26.9) - https:\/\/yoast.com\/product\/yoast-seo-premium-wordpress\/ -->\n<title>Governo prorroga decreto de situa\u00e7\u00e3o de emerg\u00eancia em mais de 80 cidades do Piau\u00ed - Portal Not\u00edcia em Pauta<\/title>\n<meta name=\"robots\" content=\"index, follow, max-snippet:-1, max-image-preview:large, max-video-preview:-1\" \/>\n<link rel=\"canonical\" href=\"https:\/\/noticiaempauta.com\/portal\/governo-prorroga-decreto-de-situacao-de-emergencia-em-mais-de-80-cidades-do-piaui\/\" \/>\n<meta property=\"og:locale\" content=\"pt_BR\" \/>\n<meta property=\"og:type\" content=\"article\" \/>\n<meta property=\"og:title\" content=\"Governo prorroga decreto de situa\u00e7\u00e3o de emerg\u00eancia em mais de 80 cidades do Piau\u00ed\" \/>\n<meta property=\"og:description\" content=\"O governador do Piau\u00ed, Rafael Fonteles, prorrogou por 60 dias a situa\u00e7\u00e3o de emerg\u00eancia provocada pela seca em 82 munic\u00edpios do Piau\u00ed. O decreto entra em vigor a partir do dia 6 de janeiro de 2025. De acordo com o decreto, a medida considerou que no per\u00edodo de maio a outubro de 2024, em algumas [&hellip;]\" \/>\n<meta property=\"og:url\" content=\"https:\/\/noticiaempauta.com\/portal\/governo-prorroga-decreto-de-situacao-de-emergencia-em-mais-de-80-cidades-do-piaui\/\" \/>\n<meta property=\"og:site_name\" content=\"Portal Not\u00edcia em Pauta\" \/>\n<meta property=\"article:publisher\" content=\"https:\/\/www.facebook.com\/Portal-Notcia-Em-Pauta-102292869264820\/\" \/>\n<meta property=\"article:published_time\" content=\"2024-12-18T20:54:35+00:00\" \/>\n<meta property=\"article:modified_time\" content=\"2024-12-18T20:54:36+00:00\" \/>\n<meta property=\"og:image\" content=\"https:\/\/noticiaempauta.com\/portal\/wp-content\/uploads\/2024\/09\/carro-pipa-o-sertao-da-paraiba.webp\" \/>\n\t<meta property=\"og:image:width\" content=\"696\" \/>\n\t<meta property=\"og:image:height\" content=\"390\" \/>\n\t<meta property=\"og:image:type\" content=\"image\/webp\" \/>\n<meta name=\"author\" content=\"Reda\u00e7\u00e3o\" \/>\n<meta name=\"twitter:card\" content=\"summary_large_image\" \/>\n<meta name=\"twitter:label1\" content=\"Escrito por\" \/>\n\t<meta name=\"twitter:data1\" content=\"Reda\u00e7\u00e3o\" \/>\n\t<meta name=\"twitter:label2\" content=\"Est. tempo de leitura\" \/>\n\t<meta name=\"twitter:data2\" content=\"3 minutos\" \/>\n<script type=\"application\/ld+json\" class=\"yoast-schema-graph\">{\"@context\":\"https:\/\/schema.org\",\"@graph\":[{\"@type\":\"Article\",\"@id\":\"https:\/\/noticiaempauta.com\/portal\/governo-prorroga-decreto-de-situacao-de-emergencia-em-mais-de-80-cidades-do-piaui\/#article\",\"isPartOf\":{\"@id\":\"https:\/\/noticiaempauta.com\/portal\/governo-prorroga-decreto-de-situacao-de-emergencia-em-mais-de-80-cidades-do-piaui\/\"},\"author\":{\"name\":\"Reda\u00e7\u00e3o\",\"@id\":\"https:\/\/noticiaempauta.com\/portal\/#\/schema\/person\/a74af43dd1ab3deca45f988c717d57ac\"},\"headline\":\"Governo prorroga decreto de situa\u00e7\u00e3o de emerg\u00eancia em mais de 80 cidades do Piau\u00ed\",\"datePublished\":\"2024-12-18T20:54:35+00:00\",\"dateModified\":\"2024-12-18T20:54:36+00:00\",\"mainEntityOfPage\":{\"@id\":\"https:\/\/noticiaempauta.com\/portal\/governo-prorroga-decreto-de-situacao-de-emergencia-em-mais-de-80-cidades-do-piaui\/\"},\"wordCount\":424,\"commentCount\":0,\"publisher\":{\"@id\":\"https:\/\/noticiaempauta.com\/portal\/#organization\"},\"image\":{\"@id\":\"https:\/\/noticiaempauta.com\/portal\/governo-prorroga-decreto-de-situacao-de-emergencia-em-mais-de-80-cidades-do-piaui\/#primaryimage\"},\"thumbnailUrl\":\"https:\/\/noticiaempauta.com\/portal\/wp-content\/uploads\/2024\/09\/carro-pipa-o-sertao-da-paraiba.webp\",\"keywords\":[\"destaqueprincipal\"],\"articleSection\":[\"Destaques\",\"Geral\",\"Munic\u00edpios\",\"Todas as Not\u00edcias\"],\"inLanguage\":\"pt-BR\",\"potentialAction\":[{\"@type\":\"CommentAction\",\"name\":\"Comment\",\"target\":[\"https:\/\/noticiaempauta.com\/portal\/governo-prorroga-decreto-de-situacao-de-emergencia-em-mais-de-80-cidades-do-piaui\/#respond\"]}]},{\"@type\":\"WebPage\",\"@id\":\"https:\/\/noticiaempauta.com\/portal\/governo-prorroga-decreto-de-situacao-de-emergencia-em-mais-de-80-cidades-do-piaui\/\",\"url\":\"https:\/\/noticiaempauta.com\/portal\/governo-prorroga-decreto-de-situacao-de-emergencia-em-mais-de-80-cidades-do-piaui\/\",\"name\":\"Governo prorroga decreto de situa\u00e7\u00e3o de emerg\u00eancia em mais de 80 cidades do Piau\u00ed - Portal Not\u00edcia em Pauta\",\"isPartOf\":{\"@id\":\"https:\/\/noticiaempauta.com\/portal\/#website\"},\"primaryImageOfPage\":{\"@id\":\"https:\/\/noticiaempauta.com\/portal\/governo-prorroga-decreto-de-situacao-de-emergencia-em-mais-de-80-cidades-do-piaui\/#primaryimage\"},\"image\":{\"@id\":\"https:\/\/noticiaempauta.com\/portal\/governo-prorroga-decreto-de-situacao-de-emergencia-em-mais-de-80-cidades-do-piaui\/#primaryimage\"},\"thumbnailUrl\":\"https:\/\/noticiaempauta.com\/portal\/wp-content\/uploads\/2024\/09\/carro-pipa-o-sertao-da-paraiba.webp\",\"datePublished\":\"2024-12-18T20:54:35+00:00\",\"dateModified\":\"2024-12-18T20:54:36+00:00\",\"breadcrumb\":{\"@id\":\"https:\/\/noticiaempauta.com\/portal\/governo-prorroga-decreto-de-situacao-de-emergencia-em-mais-de-80-cidades-do-piaui\/#breadcrumb\"},\"inLanguage\":\"pt-BR\",\"potentialAction\":[{\"@type\":\"ReadAction\",\"target\":[\"https:\/\/noticiaempauta.com\/portal\/governo-prorroga-decreto-de-situacao-de-emergencia-em-mais-de-80-cidades-do-piaui\/\"]}]},{\"@type\":\"ImageObject\",\"inLanguage\":\"pt-BR\",\"@id\":\"https:\/\/noticiaempauta.com\/portal\/governo-prorroga-decreto-de-situacao-de-emergencia-em-mais-de-80-cidades-do-piaui\/#primaryimage\",\"url\":\"https:\/\/noticiaempauta.com\/portal\/wp-content\/uploads\/2024\/09\/carro-pipa-o-sertao-da-paraiba.webp\",\"contentUrl\":\"https:\/\/noticiaempauta.com\/portal\/wp-content\/uploads\/2024\/09\/carro-pipa-o-sertao-da-paraiba.webp\",\"width\":696,\"height\":390,\"caption\":\"(Foto: Reprodu\u00e7\u00e3o)\"},{\"@type\":\"BreadcrumbList\",\"@id\":\"https:\/\/noticiaempauta.com\/portal\/governo-prorroga-decreto-de-situacao-de-emergencia-em-mais-de-80-cidades-do-piaui\/#breadcrumb\",\"itemListElement\":[{\"@type\":\"ListItem\",\"position\":1,\"name\":\"P\u00e1gina Inicial\",\"item\":\"https:\/\/noticiaempauta.com\/portal\/\"},{\"@type\":\"ListItem\",\"position\":2,\"name\":\"Destaques\",\"item\":\"https:\/\/noticiaempauta.com\/portal\/destaques-site\/\"},{\"@type\":\"ListItem\",\"position\":3,\"name\":\"Governo prorroga decreto de situa\u00e7\u00e3o de emerg\u00eancia em mais de 80 cidades do Piau\u00ed\"}]},{\"@type\":\"WebSite\",\"@id\":\"https:\/\/noticiaempauta.com\/portal\/#website\",\"url\":\"https:\/\/noticiaempauta.com\/portal\/\",\"name\":\"Portal Not\u00edcia em Pauta\",\"description\":\"Voc\u00ea bem informado\",\"publisher\":{\"@id\":\"https:\/\/noticiaempauta.com\/portal\/#organization\"},\"potentialAction\":[{\"@type\":\"SearchAction\",\"target\":{\"@type\":\"EntryPoint\",\"urlTemplate\":\"https:\/\/noticiaempauta.com\/portal\/?s={search_term_string}\"},\"query-input\":{\"@type\":\"PropertyValueSpecification\",\"valueRequired\":true,\"valueName\":\"search_term_string\"}}],\"inLanguage\":\"pt-BR\"},{\"@type\":\"Organization\",\"@id\":\"https:\/\/noticiaempauta.com\/portal\/#organization\",\"name\":\"Portal Not\u00edcia em Pauta\",\"url\":\"https:\/\/noticiaempauta.com\/portal\/\",\"logo\":{\"@type\":\"ImageObject\",\"inLanguage\":\"pt-BR\",\"@id\":\"https:\/\/noticiaempauta.com\/portal\/#\/schema\/logo\/image\/\",\"url\":\"https:\/\/noticiaempauta.com\/portal\/wp-content\/uploads\/2022\/08\/logomarca_tema.fw_.png\",\"contentUrl\":\"https:\/\/noticiaempauta.com\/portal\/wp-content\/uploads\/2022\/08\/logomarca_tema.fw_.png\",\"width\":400,\"height\":232,\"caption\":\"Portal Not\u00edcia em Pauta\"},\"image\":{\"@id\":\"https:\/\/noticiaempauta.com\/portal\/#\/schema\/logo\/image\/\"},\"sameAs\":[\"https:\/\/www.facebook.com\/Portal-Notcia-Em-Pauta-102292869264820\/\",\"https:\/\/www.instagram.com\/portalnoticiaempauta\/\"]},{\"@type\":\"Person\",\"@id\":\"https:\/\/noticiaempauta.com\/portal\/#\/schema\/person\/a74af43dd1ab3deca45f988c717d57ac\",\"name\":\"Reda\u00e7\u00e3o\",\"image\":{\"@type\":\"ImageObject\",\"inLanguage\":\"pt-BR\",\"@id\":\"https:\/\/noticiaempauta.com\/portal\/#\/schema\/person\/image\/\",\"url\":\"https:\/\/secure.gravatar.com\/avatar\/03179346ecce6cdfc13361603e8f54242a90e5cde8618fa23c5c00aa2b0aadf3?s=96&d=mm&r=g\",\"contentUrl\":\"https:\/\/secure.gravatar.com\/avatar\/03179346ecce6cdfc13361603e8f54242a90e5cde8618fa23c5c00aa2b0aadf3?s=96&d=mm&r=g\",\"caption\":\"Reda\u00e7\u00e3o\"},\"sameAs\":[\"https:\/\/noticiaempauta.com\/portal\/\"],\"url\":\"https:\/\/noticiaempauta.com\/portal\/author\/fernando\/\"}]}<\/script>\n<!-- \/ Yoast SEO Premium plugin. -->","yoast_head_json":{"title":"Governo prorroga decreto de situa\u00e7\u00e3o de emerg\u00eancia em mais de 80 cidades do Piau\u00ed - Portal Not\u00edcia em Pauta","robots":{"index":"index","follow":"follow","max-snippet":"max-snippet:-1","max-image-preview":"max-image-preview:large","max-video-preview":"max-video-preview:-1"},"canonical":"https:\/\/noticiaempauta.com\/portal\/governo-prorroga-decreto-de-situacao-de-emergencia-em-mais-de-80-cidades-do-piaui\/","og_locale":"pt_BR","og_type":"article","og_title":"Governo prorroga decreto de situa\u00e7\u00e3o de emerg\u00eancia em mais de 80 cidades do Piau\u00ed","og_description":"O governador do Piau\u00ed, Rafael Fonteles, prorrogou por 60 dias a situa\u00e7\u00e3o de emerg\u00eancia provocada pela seca em 82 munic\u00edpios do Piau\u00ed. O decreto entra em vigor a partir do dia 6 de janeiro de 2025. De acordo com o decreto, a medida considerou que no per\u00edodo de maio a outubro de 2024, em algumas [&hellip;]","og_url":"https:\/\/noticiaempauta.com\/portal\/governo-prorroga-decreto-de-situacao-de-emergencia-em-mais-de-80-cidades-do-piaui\/","og_site_name":"Portal Not\u00edcia em Pauta","article_publisher":"https:\/\/www.facebook.com\/Portal-Notcia-Em-Pauta-102292869264820\/","article_published_time":"2024-12-18T20:54:35+00:00","article_modified_time":"2024-12-18T20:54:36+00:00","og_image":[{"width":696,"height":390,"url":"https:\/\/noticiaempauta.com\/portal\/wp-content\/uploads\/2024\/09\/carro-pipa-o-sertao-da-paraiba.webp","type":"image\/webp"}],"author":"Reda\u00e7\u00e3o","twitter_card":"summary_large_image","twitter_misc":{"Escrito por":"Reda\u00e7\u00e3o","Est. tempo de leitura":"3 minutos"},"schema":{"@context":"https:\/\/schema.org","@graph":[{"@type":"Article","@id":"https:\/\/noticiaempauta.com\/portal\/governo-prorroga-decreto-de-situacao-de-emergencia-em-mais-de-80-cidades-do-piaui\/#article","isPartOf":{"@id":"https:\/\/noticiaempauta.com\/portal\/governo-prorroga-decreto-de-situacao-de-emergencia-em-mais-de-80-cidades-do-piaui\/"},"author":{"name":"Reda\u00e7\u00e3o","@id":"https:\/\/noticiaempauta.com\/portal\/#\/schema\/person\/a74af43dd1ab3deca45f988c717d57ac"},"headline":"Governo prorroga decreto de situa\u00e7\u00e3o de emerg\u00eancia em mais de 80 cidades do Piau\u00ed","datePublished":"2024-12-18T20:54:35+00:00","dateModified":"2024-12-18T20:54:36+00:00","mainEntityOfPage":{"@id":"https:\/\/noticiaempauta.com\/portal\/governo-prorroga-decreto-de-situacao-de-emergencia-em-mais-de-80-cidades-do-piaui\/"},"wordCount":424,"commentCount":0,"publisher":{"@id":"https:\/\/noticiaempauta.com\/portal\/#organization"},"image":{"@id":"https:\/\/noticiaempauta.com\/portal\/governo-prorroga-decreto-de-situacao-de-emergencia-em-mais-de-80-cidades-do-piaui\/#primaryimage"},"thumbnailUrl":"https:\/\/noticiaempauta.com\/portal\/wp-content\/uploads\/2024\/09\/carro-pipa-o-sertao-da-paraiba.webp","keywords":["destaqueprincipal"],"articleSection":["Destaques","Geral","Munic\u00edpios","Todas as Not\u00edcias"],"inLanguage":"pt-BR","potentialAction":[{"@type":"CommentAction","name":"Comment","target":["https:\/\/noticiaempauta.com\/portal\/governo-prorroga-decreto-de-situacao-de-emergencia-em-mais-de-80-cidades-do-piaui\/#respond"]}]},{"@type":"WebPage","@id":"https:\/\/noticiaempauta.com\/portal\/governo-prorroga-decreto-de-situacao-de-emergencia-em-mais-de-80-cidades-do-piaui\/","url":"https:\/\/noticiaempauta.com\/portal\/governo-prorroga-decreto-de-situacao-de-emergencia-em-mais-de-80-cidades-do-piaui\/","name":"Governo prorroga decreto de situa\u00e7\u00e3o de emerg\u00eancia em mais de 80 cidades do Piau\u00ed - Portal Not\u00edcia em Pauta","isPartOf":{"@id":"https:\/\/noticiaempauta.com\/portal\/#website"},"primaryImageOfPage":{"@id":"https:\/\/noticiaempauta.com\/portal\/governo-prorroga-decreto-de-situacao-de-emergencia-em-mais-de-80-cidades-do-piaui\/#primaryimage"},"image":{"@id":"https:\/\/noticiaempauta.com\/portal\/governo-prorroga-decreto-de-situacao-de-emergencia-em-mais-de-80-cidades-do-piaui\/#primaryimage"},"thumbnailUrl":"https:\/\/noticiaempauta.com\/portal\/wp-content\/uploads\/2024\/09\/carro-pipa-o-sertao-da-paraiba.webp","datePublished":"2024-12-18T20:54:35+00:00","dateModified":"2024-12-18T20:54:36+00:00","breadcrumb":{"@id":"https:\/\/noticiaempauta.com\/portal\/governo-prorroga-decreto-de-situacao-de-emergencia-em-mais-de-80-cidades-do-piaui\/#breadcrumb"},"inLanguage":"pt-BR","potentialAction":[{"@type":"ReadAction","target":["https:\/\/noticiaempauta.com\/portal\/governo-prorroga-decreto-de-situacao-de-emergencia-em-mais-de-80-cidades-do-piaui\/"]}]},{"@type":"ImageObject","inLanguage":"pt-BR","@id":"https:\/\/noticiaempauta.com\/portal\/governo-prorroga-decreto-de-situacao-de-emergencia-em-mais-de-80-cidades-do-piaui\/#primaryimage","url":"https:\/\/noticiaempauta.com\/portal\/wp-content\/uploads\/2024\/09\/carro-pipa-o-sertao-da-paraiba.webp","contentUrl":"https:\/\/noticiaempauta.com\/portal\/wp-content\/uploads\/2024\/09\/carro-pipa-o-sertao-da-paraiba.webp","width":696,"height":390,"caption":"(Foto: Reprodu\u00e7\u00e3o)"},{"@type":"BreadcrumbList","@id":"https:\/\/noticiaempauta.com\/portal\/governo-prorroga-decreto-de-situacao-de-emergencia-em-mais-de-80-cidades-do-piaui\/#breadcrumb","itemListElement":[{"@type":"ListItem","position":1,"name":"P\u00e1gina Inicial","item":"https:\/\/noticiaempauta.com\/portal\/"},{"@type":"ListItem","position":2,"name":"Destaques","item":"https:\/\/noticiaempauta.com\/portal\/destaques-site\/"},{"@type":"ListItem","position":3,"name":"Governo prorroga decreto de situa\u00e7\u00e3o de emerg\u00eancia em mais de 80 cidades do Piau\u00ed"}]},{"@type":"WebSite","@id":"https:\/\/noticiaempauta.com\/portal\/#website","url":"https:\/\/noticiaempauta.com\/portal\/","name":"Portal Not\u00edcia em Pauta","description":"Voc\u00ea bem informado","publisher":{"@id":"https:\/\/noticiaempauta.com\/portal\/#organization"},"potentialAction":[{"@type":"SearchAction","target":{"@type":"EntryPoint","urlTemplate":"https:\/\/noticiaempauta.com\/portal\/?s={search_term_string}"},"query-input":{"@type":"PropertyValueSpecification","valueRequired":true,"valueName":"search_term_string"}}],"inLanguage":"pt-BR"},{"@type":"Organization","@id":"https:\/\/noticiaempauta.com\/portal\/#organization","name":"Portal Not\u00edcia em Pauta","url":"https:\/\/noticiaempauta.com\/portal\/","logo":{"@type":"ImageObject","inLanguage":"pt-BR","@id":"https:\/\/noticiaempauta.com\/portal\/#\/schema\/logo\/image\/","url":"https:\/\/noticiaempauta.com\/portal\/wp-content\/uploads\/2022\/08\/logomarca_tema.fw_.png","contentUrl":"https:\/\/noticiaempauta.com\/portal\/wp-content\/uploads\/2022\/08\/logomarca_tema.fw_.png","width":400,"height":232,"caption":"Portal Not\u00edcia em Pauta"},"image":{"@id":"https:\/\/noticiaempauta.com\/portal\/#\/schema\/logo\/image\/"},"sameAs":["https:\/\/www.facebook.com\/Portal-Notcia-Em-Pauta-102292869264820\/","https:\/\/www.instagram.com\/portalnoticiaempauta\/"]},{"@type":"Person","@id":"https:\/\/noticiaempauta.com\/portal\/#\/schema\/person\/a74af43dd1ab3deca45f988c717d57ac","name":"Reda\u00e7\u00e3o","image":{"@type":"ImageObject","inLanguage":"pt-BR","@id":"https:\/\/noticiaempauta.com\/portal\/#\/schema\/person\/image\/","url":"https:\/\/secure.gravatar.com\/avatar\/03179346ecce6cdfc13361603e8f54242a90e5cde8618fa23c5c00aa2b0aadf3?s=96&d=mm&r=g","contentUrl":"https:\/\/secure.gravatar.com\/avatar\/03179346ecce6cdfc13361603e8f54242a90e5cde8618fa23c5c00aa2b0aadf3?s=96&d=mm&r=g","caption":"Reda\u00e7\u00e3o"},"sameAs":["https:\/\/noticiaempauta.com\/portal\/"],"url":"https:\/\/noticiaempauta.com\/portal\/author\/fernando\/"}]}},"_links":{"self":[{"href":"https:\/\/noticiaempauta.com\/portal\/wp-json\/wp\/v2\/posts\/265567","targetHints":{"allow":["GET"]}}],"collection":[{"href":"https:\/\/noticiaempauta.com\/portal\/wp-json\/wp\/v2\/posts"}],"about":[{"href":"https:\/\/noticiaempauta.com\/portal\/wp-json\/wp\/v2\/types\/post"}],"author":[{"embeddable":true,"href":"https:\/\/noticiaempauta.com\/portal\/wp-json\/wp\/v2\/users\/2"}],"replies":[{"embeddable":true,"href":"https:\/\/noticiaempauta.com\/portal\/wp-json\/wp\/v2\/comments?post=265567"}],"version-history":[{"count":2,"href":"https:\/\/noticiaempauta.com\/portal\/wp-json\/wp\/v2\/posts\/265567\/revisions"}],"predecessor-version":[{"id":265569,"href":"https:\/\/noticiaempauta.com\/portal\/wp-json\/wp\/v2\/posts\/265567\/revisions\/265569"}],"wp:featuredmedia":[{"embeddable":true,"href":"https:\/\/noticiaempauta.com\/portal\/wp-json\/wp\/v2\/media\/262399"}],"wp:attachment":[{"href":"https:\/\/noticiaempauta.com\/portal\/wp-json\/wp\/v2\/media?parent=265567"}],"wp:term":[{"taxonomy":"category","embeddable":true,"href":"https:\/\/noticiaempauta.com\/portal\/wp-json\/wp\/v2\/categories?post=265567"},{"taxonomy":"post_tag","embeddable":true,"href":"https:\/\/noticiaempauta.com\/portal\/wp-json\/wp\/v2\/tags?post=265567"}],"curies":[{"name":"wp","href":"https:\/\/api.w.org\/{rel}","templated":true}]}}