{"id":265572,"date":"2024-12-19T10:59:09","date_gmt":"2024-12-19T13:59:09","guid":{"rendered":"https:\/\/noticiaempauta.com\/portal\/?p=265572"},"modified":"2024-12-19T10:59:11","modified_gmt":"2024-12-19T13:59:11","slug":"dr-eriberto-e-diplomado-para-o-segundo-mandato-como-vereador-de-picos","status":"publish","type":"post","link":"https:\/\/noticiaempauta.com\/portal\/dr-eriberto-e-diplomado-para-o-segundo-mandato-como-vereador-de-picos\/","title":{"rendered":"Dr. Eriberto \u00e9 diplomado para o segundo mandato como vereador de Picos"},"content":{"rendered":"\n<p>Nesta quinta-feira (19), na sede da Justi\u00e7a Eleitoral de Picos, o presidente da C\u00e2mara Municipal, Dr. Eriberto, recebeu o diploma que confirma o in\u00edcio de seu segundo mandato como vereador da cidade. Ele esteve acompanhado por sua m\u00e3e, a ex-vereadora F\u00e1tima S\u00e1, que participou do momento de entrega do diploma.<\/p>\n\n\n\n<figure class=\"wp-block-image size-large\"><img fetchpriority=\"high\" decoding=\"async\" width=\"1024\" height=\"736\" src=\"https:\/\/noticiaempauta.com\/portal\/wp-content\/uploads\/2024\/12\/1-1024x736.png\" alt=\"\" class=\"wp-image-265575\" srcset=\"https:\/\/noticiaempauta.com\/portal\/wp-content\/uploads\/2024\/12\/1-1024x736.png 1024w, https:\/\/noticiaempauta.com\/portal\/wp-content\/uploads\/2024\/12\/1-300x216.png 300w, https:\/\/noticiaempauta.com\/portal\/wp-content\/uploads\/2024\/12\/1-768x552.png 768w, https:\/\/noticiaempauta.com\/portal\/wp-content\/uploads\/2024\/12\/1.png 1051w\" sizes=\"(max-width: 1024px) 100vw, 1024px\" \/><\/figure>\n\n\n\n<p>Durante o discurso, Dr. Eriberto reafirmou seu compromisso com a popula\u00e7\u00e3o e com o progresso de Picos. \u201cEste diploma representa a confian\u00e7a de cada cidad\u00e3o que acreditou em nosso projeto. Sou profundamente grato a todos que depositaram seu voto e sua esperan\u00e7a em nosso trabalho. Vamos seguir firmes, ouvindo as demandas da popula\u00e7\u00e3o e trabalhando incansavelmente para construir um Picos melhor.\u201d<\/p>\n\n\n\n<figure class=\"wp-block-image size-large\"><img decoding=\"async\" width=\"1024\" height=\"877\" src=\"https:\/\/noticiaempauta.com\/portal\/wp-content\/uploads\/2024\/12\/2-1024x877.png\" alt=\"\" class=\"wp-image-265574\" srcset=\"https:\/\/noticiaempauta.com\/portal\/wp-content\/uploads\/2024\/12\/2-1024x877.png 1024w, https:\/\/noticiaempauta.com\/portal\/wp-content\/uploads\/2024\/12\/2-300x257.png 300w, https:\/\/noticiaempauta.com\/portal\/wp-content\/uploads\/2024\/12\/2-768x658.png 768w, https:\/\/noticiaempauta.com\/portal\/wp-content\/uploads\/2024\/12\/2.png 1069w\" sizes=\"(max-width: 1024px) 100vw, 1024px\" \/><\/figure>\n\n\n\n<p>Com a diploma\u00e7\u00e3o, Dr. Eriberto refor\u00e7a sua trajet\u00f3ria de dedica\u00e7\u00e3o ao servi\u00e7o p\u00fablico, consolidando-se como uma lideran\u00e7a comprometida com o desenvolvimento e o bem-estar da comunidade&nbsp;picoense.<\/p>\n\n\n\n<figure class=\"wp-block-image size-large\"><img decoding=\"async\" width=\"685\" height=\"1024\" src=\"https:\/\/noticiaempauta.com\/portal\/wp-content\/uploads\/2024\/12\/3-685x1024.png\" alt=\"\" class=\"wp-image-265573\" srcset=\"https:\/\/noticiaempauta.com\/portal\/wp-content\/uploads\/2024\/12\/3-685x1024.png 685w, https:\/\/noticiaempauta.com\/portal\/wp-content\/uploads\/2024\/12\/3-201x300.png 201w, https:\/\/noticiaempauta.com\/portal\/wp-content\/uploads\/2024\/12\/3-768x1148.png 768w, https:\/\/noticiaempauta.com\/portal\/wp-content\/uploads\/2024\/12\/3-1027x1536.png 1027w, https:\/\/noticiaempauta.com\/portal\/wp-content\/uploads\/2024\/12\/3.png 1038w\" sizes=\"(max-width: 685px) 100vw, 685px\" \/><\/figure>\n\n\n\n<p>Ascom<\/p>\n","protected":false},"excerpt":{"rendered":"<p>Nesta quinta-feira (19), na sede da Justi\u00e7a Eleitoral de Picos, o presidente da C\u00e2mara Municipal, Dr. Eriberto, recebeu o diploma que confirma o in\u00edcio de seu segundo mandato como vereador da cidade. Ele esteve acompanhado por sua m\u00e3e, a ex-vereadora F\u00e1tima S\u00e1, que participou do momento de entrega do diploma. Durante o discurso, Dr. Eriberto [&hellip;]<\/p>\n","protected":false},"author":2,"featured_media":265575,"comment_status":"open","ping_status":"open","sticky":false,"template":"","format":"standard","meta":{"_mi_skip_tracking":false,"footnotes":""},"categories":[25,1,3,16],"tags":[],"class_list":["post-265572","post","type-post","status-publish","format-standard","has-post-thumbnail","hentry","category-destaques-site","category-geral","category-politica","category-todas"],"acf":[],"yoast_head":"<!-- This site is optimized with the Yoast SEO Premium plugin v19.2 (Yoast SEO v26.9) - https:\/\/yoast.com\/product\/yoast-seo-premium-wordpress\/ -->\n<title>Dr. Eriberto \u00e9 diplomado para o segundo mandato como vereador de Picos - Portal Not\u00edcia em Pauta<\/title>\n<meta name=\"robots\" content=\"index, follow, max-snippet:-1, max-image-preview:large, max-video-preview:-1\" \/>\n<link rel=\"canonical\" href=\"https:\/\/noticiaempauta.com\/portal\/dr-eriberto-e-diplomado-para-o-segundo-mandato-como-vereador-de-picos\/\" \/>\n<meta property=\"og:locale\" content=\"pt_BR\" \/>\n<meta property=\"og:type\" content=\"article\" \/>\n<meta property=\"og:title\" content=\"Dr. Eriberto \u00e9 diplomado para o segundo mandato como vereador de Picos\" \/>\n<meta property=\"og:description\" content=\"Nesta quinta-feira (19), na sede da Justi\u00e7a Eleitoral de Picos, o presidente da C\u00e2mara Municipal, Dr. Eriberto, recebeu o diploma que confirma o in\u00edcio de seu segundo mandato como vereador da cidade. Ele esteve acompanhado por sua m\u00e3e, a ex-vereadora F\u00e1tima S\u00e1, que participou do momento de entrega do diploma. Durante o discurso, Dr. Eriberto [&hellip;]\" \/>\n<meta property=\"og:url\" content=\"https:\/\/noticiaempauta.com\/portal\/dr-eriberto-e-diplomado-para-o-segundo-mandato-como-vereador-de-picos\/\" \/>\n<meta property=\"og:site_name\" content=\"Portal Not\u00edcia em Pauta\" \/>\n<meta property=\"article:publisher\" content=\"https:\/\/www.facebook.com\/Portal-Notcia-Em-Pauta-102292869264820\/\" \/>\n<meta property=\"article:published_time\" content=\"2024-12-19T13:59:09+00:00\" \/>\n<meta property=\"article:modified_time\" content=\"2024-12-19T13:59:11+00:00\" \/>\n<meta property=\"og:image\" content=\"https:\/\/noticiaempauta.com\/portal\/wp-content\/uploads\/2024\/12\/1.png\" \/>\n\t<meta property=\"og:image:width\" content=\"1051\" \/>\n\t<meta property=\"og:image:height\" content=\"755\" \/>\n\t<meta property=\"og:image:type\" content=\"image\/png\" \/>\n<meta name=\"author\" content=\"Reda\u00e7\u00e3o\" \/>\n<meta name=\"twitter:card\" content=\"summary_large_image\" \/>\n<meta name=\"twitter:label1\" content=\"Escrito por\" \/>\n\t<meta name=\"twitter:data1\" content=\"Reda\u00e7\u00e3o\" \/>\n\t<meta name=\"twitter:label2\" content=\"Est. tempo de leitura\" \/>\n\t<meta name=\"twitter:data2\" content=\"2 minutos\" \/>\n<script type=\"application\/ld+json\" class=\"yoast-schema-graph\">{\"@context\":\"https:\/\/schema.org\",\"@graph\":[{\"@type\":\"Article\",\"@id\":\"https:\/\/noticiaempauta.com\/portal\/dr-eriberto-e-diplomado-para-o-segundo-mandato-como-vereador-de-picos\/#article\",\"isPartOf\":{\"@id\":\"https:\/\/noticiaempauta.com\/portal\/dr-eriberto-e-diplomado-para-o-segundo-mandato-como-vereador-de-picos\/\"},\"author\":{\"name\":\"Reda\u00e7\u00e3o\",\"@id\":\"https:\/\/noticiaempauta.com\/portal\/#\/schema\/person\/a74af43dd1ab3deca45f988c717d57ac\"},\"headline\":\"Dr. Eriberto \u00e9 diplomado para o segundo mandato como vereador de Picos\",\"datePublished\":\"2024-12-19T13:59:09+00:00\",\"dateModified\":\"2024-12-19T13:59:11+00:00\",\"mainEntityOfPage\":{\"@id\":\"https:\/\/noticiaempauta.com\/portal\/dr-eriberto-e-diplomado-para-o-segundo-mandato-como-vereador-de-picos\/\"},\"wordCount\":167,\"commentCount\":0,\"publisher\":{\"@id\":\"https:\/\/noticiaempauta.com\/portal\/#organization\"},\"image\":{\"@id\":\"https:\/\/noticiaempauta.com\/portal\/dr-eriberto-e-diplomado-para-o-segundo-mandato-como-vereador-de-picos\/#primaryimage\"},\"thumbnailUrl\":\"https:\/\/noticiaempauta.com\/portal\/wp-content\/uploads\/2024\/12\/1.png\",\"articleSection\":[\"Destaques\",\"Geral\",\"Pol\u00edtica\",\"Todas as Not\u00edcias\"],\"inLanguage\":\"pt-BR\",\"potentialAction\":[{\"@type\":\"CommentAction\",\"name\":\"Comment\",\"target\":[\"https:\/\/noticiaempauta.com\/portal\/dr-eriberto-e-diplomado-para-o-segundo-mandato-como-vereador-de-picos\/#respond\"]}]},{\"@type\":\"WebPage\",\"@id\":\"https:\/\/noticiaempauta.com\/portal\/dr-eriberto-e-diplomado-para-o-segundo-mandato-como-vereador-de-picos\/\",\"url\":\"https:\/\/noticiaempauta.com\/portal\/dr-eriberto-e-diplomado-para-o-segundo-mandato-como-vereador-de-picos\/\",\"name\":\"Dr. Eriberto \u00e9 diplomado para o segundo mandato como vereador de Picos - Portal Not\u00edcia em Pauta\",\"isPartOf\":{\"@id\":\"https:\/\/noticiaempauta.com\/portal\/#website\"},\"primaryImageOfPage\":{\"@id\":\"https:\/\/noticiaempauta.com\/portal\/dr-eriberto-e-diplomado-para-o-segundo-mandato-como-vereador-de-picos\/#primaryimage\"},\"image\":{\"@id\":\"https:\/\/noticiaempauta.com\/portal\/dr-eriberto-e-diplomado-para-o-segundo-mandato-como-vereador-de-picos\/#primaryimage\"},\"thumbnailUrl\":\"https:\/\/noticiaempauta.com\/portal\/wp-content\/uploads\/2024\/12\/1.png\",\"datePublished\":\"2024-12-19T13:59:09+00:00\",\"dateModified\":\"2024-12-19T13:59:11+00:00\",\"breadcrumb\":{\"@id\":\"https:\/\/noticiaempauta.com\/portal\/dr-eriberto-e-diplomado-para-o-segundo-mandato-como-vereador-de-picos\/#breadcrumb\"},\"inLanguage\":\"pt-BR\",\"potentialAction\":[{\"@type\":\"ReadAction\",\"target\":[\"https:\/\/noticiaempauta.com\/portal\/dr-eriberto-e-diplomado-para-o-segundo-mandato-como-vereador-de-picos\/\"]}]},{\"@type\":\"ImageObject\",\"inLanguage\":\"pt-BR\",\"@id\":\"https:\/\/noticiaempauta.com\/portal\/dr-eriberto-e-diplomado-para-o-segundo-mandato-como-vereador-de-picos\/#primaryimage\",\"url\":\"https:\/\/noticiaempauta.com\/portal\/wp-content\/uploads\/2024\/12\/1.png\",\"contentUrl\":\"https:\/\/noticiaempauta.com\/portal\/wp-content\/uploads\/2024\/12\/1.png\",\"width\":1051,\"height\":755},{\"@type\":\"BreadcrumbList\",\"@id\":\"https:\/\/noticiaempauta.com\/portal\/dr-eriberto-e-diplomado-para-o-segundo-mandato-como-vereador-de-picos\/#breadcrumb\",\"itemListElement\":[{\"@type\":\"ListItem\",\"position\":1,\"name\":\"P\u00e1gina Inicial\",\"item\":\"https:\/\/noticiaempauta.com\/portal\/\"},{\"@type\":\"ListItem\",\"position\":2,\"name\":\"Destaques\",\"item\":\"https:\/\/noticiaempauta.com\/portal\/destaques-site\/\"},{\"@type\":\"ListItem\",\"position\":3,\"name\":\"Dr. Eriberto \u00e9 diplomado para o segundo mandato como vereador de Picos\"}]},{\"@type\":\"WebSite\",\"@id\":\"https:\/\/noticiaempauta.com\/portal\/#website\",\"url\":\"https:\/\/noticiaempauta.com\/portal\/\",\"name\":\"Portal Not\u00edcia em Pauta\",\"description\":\"Voc\u00ea bem informado\",\"publisher\":{\"@id\":\"https:\/\/noticiaempauta.com\/portal\/#organization\"},\"potentialAction\":[{\"@type\":\"SearchAction\",\"target\":{\"@type\":\"EntryPoint\",\"urlTemplate\":\"https:\/\/noticiaempauta.com\/portal\/?s={search_term_string}\"},\"query-input\":{\"@type\":\"PropertyValueSpecification\",\"valueRequired\":true,\"valueName\":\"search_term_string\"}}],\"inLanguage\":\"pt-BR\"},{\"@type\":\"Organization\",\"@id\":\"https:\/\/noticiaempauta.com\/portal\/#organization\",\"name\":\"Portal Not\u00edcia em Pauta\",\"url\":\"https:\/\/noticiaempauta.com\/portal\/\",\"logo\":{\"@type\":\"ImageObject\",\"inLanguage\":\"pt-BR\",\"@id\":\"https:\/\/noticiaempauta.com\/portal\/#\/schema\/logo\/image\/\",\"url\":\"https:\/\/noticiaempauta.com\/portal\/wp-content\/uploads\/2022\/08\/logomarca_tema.fw_.png\",\"contentUrl\":\"https:\/\/noticiaempauta.com\/portal\/wp-content\/uploads\/2022\/08\/logomarca_tema.fw_.png\",\"width\":400,\"height\":232,\"caption\":\"Portal Not\u00edcia em Pauta\"},\"image\":{\"@id\":\"https:\/\/noticiaempauta.com\/portal\/#\/schema\/logo\/image\/\"},\"sameAs\":[\"https:\/\/www.facebook.com\/Portal-Notcia-Em-Pauta-102292869264820\/\",\"https:\/\/www.instagram.com\/portalnoticiaempauta\/\"]},{\"@type\":\"Person\",\"@id\":\"https:\/\/noticiaempauta.com\/portal\/#\/schema\/person\/a74af43dd1ab3deca45f988c717d57ac\",\"name\":\"Reda\u00e7\u00e3o\",\"image\":{\"@type\":\"ImageObject\",\"inLanguage\":\"pt-BR\",\"@id\":\"https:\/\/noticiaempauta.com\/portal\/#\/schema\/person\/image\/\",\"url\":\"https:\/\/secure.gravatar.com\/avatar\/03179346ecce6cdfc13361603e8f54242a90e5cde8618fa23c5c00aa2b0aadf3?s=96&d=mm&r=g\",\"contentUrl\":\"https:\/\/secure.gravatar.com\/avatar\/03179346ecce6cdfc13361603e8f54242a90e5cde8618fa23c5c00aa2b0aadf3?s=96&d=mm&r=g\",\"caption\":\"Reda\u00e7\u00e3o\"},\"sameAs\":[\"https:\/\/noticiaempauta.com\/portal\/\"],\"url\":\"https:\/\/noticiaempauta.com\/portal\/author\/fernando\/\"}]}<\/script>\n<!-- \/ Yoast SEO Premium plugin. -->","yoast_head_json":{"title":"Dr. Eriberto \u00e9 diplomado para o segundo mandato como vereador de Picos - Portal Not\u00edcia em Pauta","robots":{"index":"index","follow":"follow","max-snippet":"max-snippet:-1","max-image-preview":"max-image-preview:large","max-video-preview":"max-video-preview:-1"},"canonical":"https:\/\/noticiaempauta.com\/portal\/dr-eriberto-e-diplomado-para-o-segundo-mandato-como-vereador-de-picos\/","og_locale":"pt_BR","og_type":"article","og_title":"Dr. Eriberto \u00e9 diplomado para o segundo mandato como vereador de Picos","og_description":"Nesta quinta-feira (19), na sede da Justi\u00e7a Eleitoral de Picos, o presidente da C\u00e2mara Municipal, Dr. Eriberto, recebeu o diploma que confirma o in\u00edcio de seu segundo mandato como vereador da cidade. Ele esteve acompanhado por sua m\u00e3e, a ex-vereadora F\u00e1tima S\u00e1, que participou do momento de entrega do diploma. Durante o discurso, Dr. Eriberto [&hellip;]","og_url":"https:\/\/noticiaempauta.com\/portal\/dr-eriberto-e-diplomado-para-o-segundo-mandato-como-vereador-de-picos\/","og_site_name":"Portal Not\u00edcia em Pauta","article_publisher":"https:\/\/www.facebook.com\/Portal-Notcia-Em-Pauta-102292869264820\/","article_published_time":"2024-12-19T13:59:09+00:00","article_modified_time":"2024-12-19T13:59:11+00:00","og_image":[{"width":1051,"height":755,"url":"https:\/\/noticiaempauta.com\/portal\/wp-content\/uploads\/2024\/12\/1.png","type":"image\/png"}],"author":"Reda\u00e7\u00e3o","twitter_card":"summary_large_image","twitter_misc":{"Escrito por":"Reda\u00e7\u00e3o","Est. tempo de leitura":"2 minutos"},"schema":{"@context":"https:\/\/schema.org","@graph":[{"@type":"Article","@id":"https:\/\/noticiaempauta.com\/portal\/dr-eriberto-e-diplomado-para-o-segundo-mandato-como-vereador-de-picos\/#article","isPartOf":{"@id":"https:\/\/noticiaempauta.com\/portal\/dr-eriberto-e-diplomado-para-o-segundo-mandato-como-vereador-de-picos\/"},"author":{"name":"Reda\u00e7\u00e3o","@id":"https:\/\/noticiaempauta.com\/portal\/#\/schema\/person\/a74af43dd1ab3deca45f988c717d57ac"},"headline":"Dr. Eriberto \u00e9 diplomado para o segundo mandato como vereador de Picos","datePublished":"2024-12-19T13:59:09+00:00","dateModified":"2024-12-19T13:59:11+00:00","mainEntityOfPage":{"@id":"https:\/\/noticiaempauta.com\/portal\/dr-eriberto-e-diplomado-para-o-segundo-mandato-como-vereador-de-picos\/"},"wordCount":167,"commentCount":0,"publisher":{"@id":"https:\/\/noticiaempauta.com\/portal\/#organization"},"image":{"@id":"https:\/\/noticiaempauta.com\/portal\/dr-eriberto-e-diplomado-para-o-segundo-mandato-como-vereador-de-picos\/#primaryimage"},"thumbnailUrl":"https:\/\/noticiaempauta.com\/portal\/wp-content\/uploads\/2024\/12\/1.png","articleSection":["Destaques","Geral","Pol\u00edtica","Todas as Not\u00edcias"],"inLanguage":"pt-BR","potentialAction":[{"@type":"CommentAction","name":"Comment","target":["https:\/\/noticiaempauta.com\/portal\/dr-eriberto-e-diplomado-para-o-segundo-mandato-como-vereador-de-picos\/#respond"]}]},{"@type":"WebPage","@id":"https:\/\/noticiaempauta.com\/portal\/dr-eriberto-e-diplomado-para-o-segundo-mandato-como-vereador-de-picos\/","url":"https:\/\/noticiaempauta.com\/portal\/dr-eriberto-e-diplomado-para-o-segundo-mandato-como-vereador-de-picos\/","name":"Dr. Eriberto \u00e9 diplomado para o segundo mandato como vereador de Picos - Portal Not\u00edcia em Pauta","isPartOf":{"@id":"https:\/\/noticiaempauta.com\/portal\/#website"},"primaryImageOfPage":{"@id":"https:\/\/noticiaempauta.com\/portal\/dr-eriberto-e-diplomado-para-o-segundo-mandato-como-vereador-de-picos\/#primaryimage"},"image":{"@id":"https:\/\/noticiaempauta.com\/portal\/dr-eriberto-e-diplomado-para-o-segundo-mandato-como-vereador-de-picos\/#primaryimage"},"thumbnailUrl":"https:\/\/noticiaempauta.com\/portal\/wp-content\/uploads\/2024\/12\/1.png","datePublished":"2024-12-19T13:59:09+00:00","dateModified":"2024-12-19T13:59:11+00:00","breadcrumb":{"@id":"https:\/\/noticiaempauta.com\/portal\/dr-eriberto-e-diplomado-para-o-segundo-mandato-como-vereador-de-picos\/#breadcrumb"},"inLanguage":"pt-BR","potentialAction":[{"@type":"ReadAction","target":["https:\/\/noticiaempauta.com\/portal\/dr-eriberto-e-diplomado-para-o-segundo-mandato-como-vereador-de-picos\/"]}]},{"@type":"ImageObject","inLanguage":"pt-BR","@id":"https:\/\/noticiaempauta.com\/portal\/dr-eriberto-e-diplomado-para-o-segundo-mandato-como-vereador-de-picos\/#primaryimage","url":"https:\/\/noticiaempauta.com\/portal\/wp-content\/uploads\/2024\/12\/1.png","contentUrl":"https:\/\/noticiaempauta.com\/portal\/wp-content\/uploads\/2024\/12\/1.png","width":1051,"height":755},{"@type":"BreadcrumbList","@id":"https:\/\/noticiaempauta.com\/portal\/dr-eriberto-e-diplomado-para-o-segundo-mandato-como-vereador-de-picos\/#breadcrumb","itemListElement":[{"@type":"ListItem","position":1,"name":"P\u00e1gina Inicial","item":"https:\/\/noticiaempauta.com\/portal\/"},{"@type":"ListItem","position":2,"name":"Destaques","item":"https:\/\/noticiaempauta.com\/portal\/destaques-site\/"},{"@type":"ListItem","position":3,"name":"Dr. Eriberto \u00e9 diplomado para o segundo mandato como vereador de Picos"}]},{"@type":"WebSite","@id":"https:\/\/noticiaempauta.com\/portal\/#website","url":"https:\/\/noticiaempauta.com\/portal\/","name":"Portal Not\u00edcia em Pauta","description":"Voc\u00ea bem informado","publisher":{"@id":"https:\/\/noticiaempauta.com\/portal\/#organization"},"potentialAction":[{"@type":"SearchAction","target":{"@type":"EntryPoint","urlTemplate":"https:\/\/noticiaempauta.com\/portal\/?s={search_term_string}"},"query-input":{"@type":"PropertyValueSpecification","valueRequired":true,"valueName":"search_term_string"}}],"inLanguage":"pt-BR"},{"@type":"Organization","@id":"https:\/\/noticiaempauta.com\/portal\/#organization","name":"Portal Not\u00edcia em Pauta","url":"https:\/\/noticiaempauta.com\/portal\/","logo":{"@type":"ImageObject","inLanguage":"pt-BR","@id":"https:\/\/noticiaempauta.com\/portal\/#\/schema\/logo\/image\/","url":"https:\/\/noticiaempauta.com\/portal\/wp-content\/uploads\/2022\/08\/logomarca_tema.fw_.png","contentUrl":"https:\/\/noticiaempauta.com\/portal\/wp-content\/uploads\/2022\/08\/logomarca_tema.fw_.png","width":400,"height":232,"caption":"Portal Not\u00edcia em Pauta"},"image":{"@id":"https:\/\/noticiaempauta.com\/portal\/#\/schema\/logo\/image\/"},"sameAs":["https:\/\/www.facebook.com\/Portal-Notcia-Em-Pauta-102292869264820\/","https:\/\/www.instagram.com\/portalnoticiaempauta\/"]},{"@type":"Person","@id":"https:\/\/noticiaempauta.com\/portal\/#\/schema\/person\/a74af43dd1ab3deca45f988c717d57ac","name":"Reda\u00e7\u00e3o","image":{"@type":"ImageObject","inLanguage":"pt-BR","@id":"https:\/\/noticiaempauta.com\/portal\/#\/schema\/person\/image\/","url":"https:\/\/secure.gravatar.com\/avatar\/03179346ecce6cdfc13361603e8f54242a90e5cde8618fa23c5c00aa2b0aadf3?s=96&d=mm&r=g","contentUrl":"https:\/\/secure.gravatar.com\/avatar\/03179346ecce6cdfc13361603e8f54242a90e5cde8618fa23c5c00aa2b0aadf3?s=96&d=mm&r=g","caption":"Reda\u00e7\u00e3o"},"sameAs":["https:\/\/noticiaempauta.com\/portal\/"],"url":"https:\/\/noticiaempauta.com\/portal\/author\/fernando\/"}]}},"_links":{"self":[{"href":"https:\/\/noticiaempauta.com\/portal\/wp-json\/wp\/v2\/posts\/265572","targetHints":{"allow":["GET"]}}],"collection":[{"href":"https:\/\/noticiaempauta.com\/portal\/wp-json\/wp\/v2\/posts"}],"about":[{"href":"https:\/\/noticiaempauta.com\/portal\/wp-json\/wp\/v2\/types\/post"}],"author":[{"embeddable":true,"href":"https:\/\/noticiaempauta.com\/portal\/wp-json\/wp\/v2\/users\/2"}],"replies":[{"embeddable":true,"href":"https:\/\/noticiaempauta.com\/portal\/wp-json\/wp\/v2\/comments?post=265572"}],"version-history":[{"count":1,"href":"https:\/\/noticiaempauta.com\/portal\/wp-json\/wp\/v2\/posts\/265572\/revisions"}],"predecessor-version":[{"id":265576,"href":"https:\/\/noticiaempauta.com\/portal\/wp-json\/wp\/v2\/posts\/265572\/revisions\/265576"}],"wp:featuredmedia":[{"embeddable":true,"href":"https:\/\/noticiaempauta.com\/portal\/wp-json\/wp\/v2\/media\/265575"}],"wp:attachment":[{"href":"https:\/\/noticiaempauta.com\/portal\/wp-json\/wp\/v2\/media?parent=265572"}],"wp:term":[{"taxonomy":"category","embeddable":true,"href":"https:\/\/noticiaempauta.com\/portal\/wp-json\/wp\/v2\/categories?post=265572"},{"taxonomy":"post_tag","embeddable":true,"href":"https:\/\/noticiaempauta.com\/portal\/wp-json\/wp\/v2\/tags?post=265572"}],"curies":[{"name":"wp","href":"https:\/\/api.w.org\/{rel}","templated":true}]}}