{"id":265581,"date":"2024-12-19T11:16:55","date_gmt":"2024-12-19T14:16:55","guid":{"rendered":"https:\/\/noticiaempauta.com\/portal\/?p=265581"},"modified":"2024-12-19T11:16:59","modified_gmt":"2024-12-19T14:16:59","slug":"kennedy-barros-e-reconduzido-a-presidencia-do-tce-pi-para-o-bienio-2025-2026","status":"publish","type":"post","link":"https:\/\/noticiaempauta.com\/portal\/kennedy-barros-e-reconduzido-a-presidencia-do-tce-pi-para-o-bienio-2025-2026\/","title":{"rendered":"Kennedy Barros \u00e9 reconduzido \u00e0 presid\u00eancia do TCE-PI para o bi\u00eanio 2025\/2026"},"content":{"rendered":"\n<p>O conselheiro Kennedy Barros ser\u00e1 reconduzido \u00e0 presid\u00eancia do Tribunal de Contas do Estado do Piau\u00ed (TCE-PI) para o bi\u00eanio 2025\/2026. A solenidade de posse ser\u00e1 realizada nesta quinta-feira (19), \u00e0s 10h, no Plen\u00e1rio da Corte de Contas.<\/p>\n\n\n\n<p>Em entrevista, Kennedy Barros destacou que encara o novo mandato como uma responsabilidade ainda maior.<\/p>\n\n\n\n<figure class=\"wp-block-image size-full\"><img fetchpriority=\"high\" decoding=\"async\" width=\"790\" height=\"527\" src=\"https:\/\/noticiaempauta.com\/portal\/wp-content\/uploads\/2024\/12\/e969e89209c4546daa8c6b01c810c1fc.jpg\" alt=\"\" class=\"wp-image-265582\" srcset=\"https:\/\/noticiaempauta.com\/portal\/wp-content\/uploads\/2024\/12\/e969e89209c4546daa8c6b01c810c1fc.jpg 790w, https:\/\/noticiaempauta.com\/portal\/wp-content\/uploads\/2024\/12\/e969e89209c4546daa8c6b01c810c1fc-300x200.jpg 300w, https:\/\/noticiaempauta.com\/portal\/wp-content\/uploads\/2024\/12\/e969e89209c4546daa8c6b01c810c1fc-768x512.jpg 768w\" sizes=\"(max-width: 790px) 100vw, 790px\" \/><figcaption class=\"wp-element-caption\">(Foto: Rebeca Lima\/Cidadeverde.com)<\/figcaption><\/figure>\n\n\n\n<p>&#8220;Eu entendo que foi uma defer\u00eancia dos colegas, que tiveram a ideia de reconduzir-me. Na realidade, eu n\u00e3o pleiteei; os colegas entenderam que eu deveria continuar. Ent\u00e3o, essa confian\u00e7a aumenta a minha responsabilidade. Os desafios enfrentados ao longo dos dois anos anteriores, com os resultados alcan\u00e7ados, me d\u00e3o a responsabilidade ainda maior.&nbsp; \u00c9 uma confian\u00e7a muito grande e eu darei o melhor de mim para poder corresponder&#8221;, afirmou.<\/p>\n\n\n\n<p>Durante seu pr\u00f3ximo mandato, Kennedy Barros pretende intensificar o acompanhamento das pol\u00edticas p\u00fablicas, com \u00eanfase na fiscaliza\u00e7\u00e3o concomitante e na capacita\u00e7\u00e3o de gestores e controladores sociais. A meta \u00e9 ampliar o impacto de cursos, jornadas e oficinas realizadas em diversas regi\u00f5es do Estado.<\/p>\n\n\n\n<p>&#8220;Vou novamente dar \u00eanfase a esse trabalho de acompanhamento de pol\u00edticas p\u00fablicas, que t\u00eam melhorado muito os servi\u00e7os p\u00fablicos e, consequentemente, levado servi\u00e7os de melhor qualidade para a popula\u00e7\u00e3o, que \u00e9 quem sustenta a sociedade com seus elevados tributos&#8221;, pontuou.<\/p>\n\n\n\n<p><strong>Novos dirigentes do TCE-PI<\/strong><\/p>\n\n\n\n<p>Na ocasi\u00e3o, ser\u00e3o empossados os demais membros da nova gest\u00e3o:<\/p>\n\n\n\n<ul class=\"wp-block-list\">\n<li>Vice-Presidente: conselheiro Kleber Eul\u00e1lio;<\/li>\n\n\n\n<li>Corregedora-Geral: conselheira Lilian Martins;<\/li>\n\n\n\n<li>Ouvidor: conselheiro Abelardo Vila Nova;<\/li>\n\n\n\n<li>Controladora Interna: conselheira Flora Izabel.<\/li>\n<\/ul>\n\n\n\n<p><strong>TCE-PI recebe Selo Diamante de Transpar\u00eancia P\u00fablica<\/strong><\/p>\n\n\n\n<p>Ap\u00f3s a solenidade de posse, ser\u00e1 feita a entrega do Selo do Programa Nacional de Transpar\u00eancia P\u00fablica (PNTP). Essa iniciativa, coordenada pela Associa\u00e7\u00e3o dos Membros dos Tribunais de Contas do Brasil (ATRICON), \u00e9 realizada em parceria com o Tribunal de Contas da Uni\u00e3o (TCU) e o Tribunal de Contas do Estado do Mato Grosso (TCE-MT).<\/p>\n\n\n\n<p>O Selo avalia o desempenho dos portais da transpar\u00eancia e classifica os resultados em sete categorias: Diamante, Ouro, Prata, Intermedi\u00e1rio, B\u00e1sico, Inicial e Inexistente.<\/p>\n\n\n\n<p>Pelo segundo ano consecutivo, o Tribunal de Contas do Estado do Piau\u00ed conquistou o Selo Diamante, atingindo um \u00edndice de transpar\u00eancia de 96,69% na edi\u00e7\u00e3o de 2023. Outras institui\u00e7\u00f5es piauienses premiadas na categoria Diamante incluem:<\/p>\n\n\n\n<ul class=\"wp-block-list\">\n<li>Tribunal de Justi\u00e7a do Estado do Piau\u00ed;<\/li>\n\n\n\n<li>Defensoria P\u00fablica do Estado do Piau\u00ed;<\/li>\n\n\n\n<li>Minist\u00e9rio P\u00fablico do Estado do Piau\u00ed.<\/li>\n<\/ul>\n\n\n\n<figure class=\"wp-block-embed is-type-video is-provider-youtube wp-block-embed-youtube wp-embed-aspect-16-9 wp-has-aspect-ratio\"><div class=\"wp-block-embed__wrapper\">\n<iframe title=\"Kennedy Barros comenta solenidade de posse para presid\u00eancia do TCE-PI\" width=\"800\" height=\"450\" src=\"https:\/\/www.youtube.com\/embed\/AfDA-y0XdcQ?feature=oembed\" frameborder=\"0\" allow=\"accelerometer; autoplay; clipboard-write; encrypted-media; gyroscope; picture-in-picture; web-share\" referrerpolicy=\"strict-origin-when-cross-origin\" allowfullscreen><\/iframe>\n<\/div><\/figure>\n\n\n\n<p>Na categoria Ouro, ser\u00e3o contemplados o Governo do Estado e a Prefeitura de Lagoa do Barro.<\/p>\n\n\n\n<p>A an\u00e1lise da edi\u00e7\u00e3o 2023 envolveu 8.045 portais de transpar\u00eancia de \u00f3rg\u00e3os dos Poderes Executivo, Legislativo e Judici\u00e1rio, al\u00e9m de Tribunais de Contas, Minist\u00e9rios P\u00fablicos e Defensorias P\u00fablicas das esferas municipal, estadual e federal. Entre os 13 Tribunais de Contas do Brasil que alcan\u00e7aram o n\u00edvel Diamante, o TCE-PI se destaca como uma refer\u00eancia nacional em transpar\u00eancia p\u00fablica.<\/p>\n","protected":false},"excerpt":{"rendered":"<p>O conselheiro Kennedy Barros ser\u00e1 reconduzido \u00e0 presid\u00eancia do Tribunal de Contas do Estado do Piau\u00ed (TCE-PI) para o bi\u00eanio 2025\/2026. A solenidade de posse ser\u00e1 realizada nesta quinta-feira (19), \u00e0s 10h, no Plen\u00e1rio da Corte de Contas. Em entrevista, Kennedy Barros destacou que encara o novo mandato como uma responsabilidade ainda maior. &#8220;Eu entendo [&hellip;]<\/p>\n","protected":false},"author":2,"featured_media":265582,"comment_status":"open","ping_status":"open","sticky":false,"template":"","format":"standard","meta":{"_mi_skip_tracking":false,"footnotes":""},"categories":[25,1,16],"tags":[192],"class_list":["post-265581","post","type-post","status-publish","format-standard","has-post-thumbnail","hentry","category-destaques-site","category-geral","category-todas","tag-destaqueprincipal"],"acf":[],"yoast_head":"<!-- This site is optimized with the Yoast SEO Premium plugin v19.2 (Yoast SEO v26.9) - https:\/\/yoast.com\/product\/yoast-seo-premium-wordpress\/ -->\n<title>Kennedy Barros \u00e9 reconduzido \u00e0 presid\u00eancia do TCE-PI para o bi\u00eanio 2025\/2026 - Portal Not\u00edcia em Pauta<\/title>\n<meta name=\"robots\" content=\"index, follow, max-snippet:-1, max-image-preview:large, max-video-preview:-1\" \/>\n<link rel=\"canonical\" href=\"https:\/\/noticiaempauta.com\/portal\/kennedy-barros-e-reconduzido-a-presidencia-do-tce-pi-para-o-bienio-2025-2026\/\" \/>\n<meta property=\"og:locale\" content=\"pt_BR\" \/>\n<meta property=\"og:type\" content=\"article\" \/>\n<meta property=\"og:title\" content=\"Kennedy Barros \u00e9 reconduzido \u00e0 presid\u00eancia do TCE-PI para o bi\u00eanio 2025\/2026\" \/>\n<meta property=\"og:description\" content=\"O conselheiro Kennedy Barros ser\u00e1 reconduzido \u00e0 presid\u00eancia do Tribunal de Contas do Estado do Piau\u00ed (TCE-PI) para o bi\u00eanio 2025\/2026. A solenidade de posse ser\u00e1 realizada nesta quinta-feira (19), \u00e0s 10h, no Plen\u00e1rio da Corte de Contas. Em entrevista, Kennedy Barros destacou que encara o novo mandato como uma responsabilidade ainda maior. &#8220;Eu entendo [&hellip;]\" \/>\n<meta property=\"og:url\" content=\"https:\/\/noticiaempauta.com\/portal\/kennedy-barros-e-reconduzido-a-presidencia-do-tce-pi-para-o-bienio-2025-2026\/\" \/>\n<meta property=\"og:site_name\" content=\"Portal Not\u00edcia em Pauta\" \/>\n<meta property=\"article:publisher\" content=\"https:\/\/www.facebook.com\/Portal-Notcia-Em-Pauta-102292869264820\/\" \/>\n<meta property=\"article:published_time\" content=\"2024-12-19T14:16:55+00:00\" \/>\n<meta property=\"article:modified_time\" content=\"2024-12-19T14:16:59+00:00\" \/>\n<meta property=\"og:image\" content=\"https:\/\/noticiaempauta.com\/portal\/wp-content\/uploads\/2024\/12\/e969e89209c4546daa8c6b01c810c1fc.jpg\" \/>\n\t<meta property=\"og:image:width\" content=\"790\" \/>\n\t<meta property=\"og:image:height\" content=\"527\" \/>\n\t<meta property=\"og:image:type\" content=\"image\/jpeg\" \/>\n<meta name=\"author\" content=\"Reda\u00e7\u00e3o\" \/>\n<meta name=\"twitter:card\" content=\"summary_large_image\" \/>\n<meta name=\"twitter:label1\" content=\"Escrito por\" \/>\n\t<meta name=\"twitter:data1\" content=\"Reda\u00e7\u00e3o\" \/>\n\t<meta name=\"twitter:label2\" content=\"Est. tempo de leitura\" \/>\n\t<meta name=\"twitter:data2\" content=\"3 minutos\" \/>\n<script type=\"application\/ld+json\" class=\"yoast-schema-graph\">{\"@context\":\"https:\/\/schema.org\",\"@graph\":[{\"@type\":\"Article\",\"@id\":\"https:\/\/noticiaempauta.com\/portal\/kennedy-barros-e-reconduzido-a-presidencia-do-tce-pi-para-o-bienio-2025-2026\/#article\",\"isPartOf\":{\"@id\":\"https:\/\/noticiaempauta.com\/portal\/kennedy-barros-e-reconduzido-a-presidencia-do-tce-pi-para-o-bienio-2025-2026\/\"},\"author\":{\"name\":\"Reda\u00e7\u00e3o\",\"@id\":\"https:\/\/noticiaempauta.com\/portal\/#\/schema\/person\/a74af43dd1ab3deca45f988c717d57ac\"},\"headline\":\"Kennedy Barros \u00e9 reconduzido \u00e0 presid\u00eancia do TCE-PI para o bi\u00eanio 2025\/2026\",\"datePublished\":\"2024-12-19T14:16:55+00:00\",\"dateModified\":\"2024-12-19T14:16:59+00:00\",\"mainEntityOfPage\":{\"@id\":\"https:\/\/noticiaempauta.com\/portal\/kennedy-barros-e-reconduzido-a-presidencia-do-tce-pi-para-o-bienio-2025-2026\/\"},\"wordCount\":522,\"commentCount\":0,\"publisher\":{\"@id\":\"https:\/\/noticiaempauta.com\/portal\/#organization\"},\"image\":{\"@id\":\"https:\/\/noticiaempauta.com\/portal\/kennedy-barros-e-reconduzido-a-presidencia-do-tce-pi-para-o-bienio-2025-2026\/#primaryimage\"},\"thumbnailUrl\":\"https:\/\/noticiaempauta.com\/portal\/wp-content\/uploads\/2024\/12\/e969e89209c4546daa8c6b01c810c1fc.jpg\",\"keywords\":[\"destaqueprincipal\"],\"articleSection\":[\"Destaques\",\"Geral\",\"Todas as Not\u00edcias\"],\"inLanguage\":\"pt-BR\",\"potentialAction\":[{\"@type\":\"CommentAction\",\"name\":\"Comment\",\"target\":[\"https:\/\/noticiaempauta.com\/portal\/kennedy-barros-e-reconduzido-a-presidencia-do-tce-pi-para-o-bienio-2025-2026\/#respond\"]}]},{\"@type\":\"WebPage\",\"@id\":\"https:\/\/noticiaempauta.com\/portal\/kennedy-barros-e-reconduzido-a-presidencia-do-tce-pi-para-o-bienio-2025-2026\/\",\"url\":\"https:\/\/noticiaempauta.com\/portal\/kennedy-barros-e-reconduzido-a-presidencia-do-tce-pi-para-o-bienio-2025-2026\/\",\"name\":\"Kennedy Barros \u00e9 reconduzido \u00e0 presid\u00eancia do TCE-PI para o bi\u00eanio 2025\/2026 - Portal Not\u00edcia em Pauta\",\"isPartOf\":{\"@id\":\"https:\/\/noticiaempauta.com\/portal\/#website\"},\"primaryImageOfPage\":{\"@id\":\"https:\/\/noticiaempauta.com\/portal\/kennedy-barros-e-reconduzido-a-presidencia-do-tce-pi-para-o-bienio-2025-2026\/#primaryimage\"},\"image\":{\"@id\":\"https:\/\/noticiaempauta.com\/portal\/kennedy-barros-e-reconduzido-a-presidencia-do-tce-pi-para-o-bienio-2025-2026\/#primaryimage\"},\"thumbnailUrl\":\"https:\/\/noticiaempauta.com\/portal\/wp-content\/uploads\/2024\/12\/e969e89209c4546daa8c6b01c810c1fc.jpg\",\"datePublished\":\"2024-12-19T14:16:55+00:00\",\"dateModified\":\"2024-12-19T14:16:59+00:00\",\"breadcrumb\":{\"@id\":\"https:\/\/noticiaempauta.com\/portal\/kennedy-barros-e-reconduzido-a-presidencia-do-tce-pi-para-o-bienio-2025-2026\/#breadcrumb\"},\"inLanguage\":\"pt-BR\",\"potentialAction\":[{\"@type\":\"ReadAction\",\"target\":[\"https:\/\/noticiaempauta.com\/portal\/kennedy-barros-e-reconduzido-a-presidencia-do-tce-pi-para-o-bienio-2025-2026\/\"]}]},{\"@type\":\"ImageObject\",\"inLanguage\":\"pt-BR\",\"@id\":\"https:\/\/noticiaempauta.com\/portal\/kennedy-barros-e-reconduzido-a-presidencia-do-tce-pi-para-o-bienio-2025-2026\/#primaryimage\",\"url\":\"https:\/\/noticiaempauta.com\/portal\/wp-content\/uploads\/2024\/12\/e969e89209c4546daa8c6b01c810c1fc.jpg\",\"contentUrl\":\"https:\/\/noticiaempauta.com\/portal\/wp-content\/uploads\/2024\/12\/e969e89209c4546daa8c6b01c810c1fc.jpg\",\"width\":790,\"height\":527},{\"@type\":\"BreadcrumbList\",\"@id\":\"https:\/\/noticiaempauta.com\/portal\/kennedy-barros-e-reconduzido-a-presidencia-do-tce-pi-para-o-bienio-2025-2026\/#breadcrumb\",\"itemListElement\":[{\"@type\":\"ListItem\",\"position\":1,\"name\":\"P\u00e1gina Inicial\",\"item\":\"https:\/\/noticiaempauta.com\/portal\/\"},{\"@type\":\"ListItem\",\"position\":2,\"name\":\"Destaques\",\"item\":\"https:\/\/noticiaempauta.com\/portal\/destaques-site\/\"},{\"@type\":\"ListItem\",\"position\":3,\"name\":\"Kennedy Barros \u00e9 reconduzido \u00e0 presid\u00eancia do TCE-PI para o bi\u00eanio 2025\/2026\"}]},{\"@type\":\"WebSite\",\"@id\":\"https:\/\/noticiaempauta.com\/portal\/#website\",\"url\":\"https:\/\/noticiaempauta.com\/portal\/\",\"name\":\"Portal Not\u00edcia em Pauta\",\"description\":\"Voc\u00ea bem informado\",\"publisher\":{\"@id\":\"https:\/\/noticiaempauta.com\/portal\/#organization\"},\"potentialAction\":[{\"@type\":\"SearchAction\",\"target\":{\"@type\":\"EntryPoint\",\"urlTemplate\":\"https:\/\/noticiaempauta.com\/portal\/?s={search_term_string}\"},\"query-input\":{\"@type\":\"PropertyValueSpecification\",\"valueRequired\":true,\"valueName\":\"search_term_string\"}}],\"inLanguage\":\"pt-BR\"},{\"@type\":\"Organization\",\"@id\":\"https:\/\/noticiaempauta.com\/portal\/#organization\",\"name\":\"Portal Not\u00edcia em Pauta\",\"url\":\"https:\/\/noticiaempauta.com\/portal\/\",\"logo\":{\"@type\":\"ImageObject\",\"inLanguage\":\"pt-BR\",\"@id\":\"https:\/\/noticiaempauta.com\/portal\/#\/schema\/logo\/image\/\",\"url\":\"https:\/\/noticiaempauta.com\/portal\/wp-content\/uploads\/2022\/08\/logomarca_tema.fw_.png\",\"contentUrl\":\"https:\/\/noticiaempauta.com\/portal\/wp-content\/uploads\/2022\/08\/logomarca_tema.fw_.png\",\"width\":400,\"height\":232,\"caption\":\"Portal Not\u00edcia em Pauta\"},\"image\":{\"@id\":\"https:\/\/noticiaempauta.com\/portal\/#\/schema\/logo\/image\/\"},\"sameAs\":[\"https:\/\/www.facebook.com\/Portal-Notcia-Em-Pauta-102292869264820\/\",\"https:\/\/www.instagram.com\/portalnoticiaempauta\/\"]},{\"@type\":\"Person\",\"@id\":\"https:\/\/noticiaempauta.com\/portal\/#\/schema\/person\/a74af43dd1ab3deca45f988c717d57ac\",\"name\":\"Reda\u00e7\u00e3o\",\"image\":{\"@type\":\"ImageObject\",\"inLanguage\":\"pt-BR\",\"@id\":\"https:\/\/noticiaempauta.com\/portal\/#\/schema\/person\/image\/\",\"url\":\"https:\/\/secure.gravatar.com\/avatar\/03179346ecce6cdfc13361603e8f54242a90e5cde8618fa23c5c00aa2b0aadf3?s=96&d=mm&r=g\",\"contentUrl\":\"https:\/\/secure.gravatar.com\/avatar\/03179346ecce6cdfc13361603e8f54242a90e5cde8618fa23c5c00aa2b0aadf3?s=96&d=mm&r=g\",\"caption\":\"Reda\u00e7\u00e3o\"},\"sameAs\":[\"https:\/\/noticiaempauta.com\/portal\/\"],\"url\":\"https:\/\/noticiaempauta.com\/portal\/author\/fernando\/\"}]}<\/script>\n<!-- \/ Yoast SEO Premium plugin. -->","yoast_head_json":{"title":"Kennedy Barros \u00e9 reconduzido \u00e0 presid\u00eancia do TCE-PI para o bi\u00eanio 2025\/2026 - Portal Not\u00edcia em Pauta","robots":{"index":"index","follow":"follow","max-snippet":"max-snippet:-1","max-image-preview":"max-image-preview:large","max-video-preview":"max-video-preview:-1"},"canonical":"https:\/\/noticiaempauta.com\/portal\/kennedy-barros-e-reconduzido-a-presidencia-do-tce-pi-para-o-bienio-2025-2026\/","og_locale":"pt_BR","og_type":"article","og_title":"Kennedy Barros \u00e9 reconduzido \u00e0 presid\u00eancia do TCE-PI para o bi\u00eanio 2025\/2026","og_description":"O conselheiro Kennedy Barros ser\u00e1 reconduzido \u00e0 presid\u00eancia do Tribunal de Contas do Estado do Piau\u00ed (TCE-PI) para o bi\u00eanio 2025\/2026. A solenidade de posse ser\u00e1 realizada nesta quinta-feira (19), \u00e0s 10h, no Plen\u00e1rio da Corte de Contas. Em entrevista, Kennedy Barros destacou que encara o novo mandato como uma responsabilidade ainda maior. &#8220;Eu entendo [&hellip;]","og_url":"https:\/\/noticiaempauta.com\/portal\/kennedy-barros-e-reconduzido-a-presidencia-do-tce-pi-para-o-bienio-2025-2026\/","og_site_name":"Portal Not\u00edcia em Pauta","article_publisher":"https:\/\/www.facebook.com\/Portal-Notcia-Em-Pauta-102292869264820\/","article_published_time":"2024-12-19T14:16:55+00:00","article_modified_time":"2024-12-19T14:16:59+00:00","og_image":[{"width":790,"height":527,"url":"https:\/\/noticiaempauta.com\/portal\/wp-content\/uploads\/2024\/12\/e969e89209c4546daa8c6b01c810c1fc.jpg","type":"image\/jpeg"}],"author":"Reda\u00e7\u00e3o","twitter_card":"summary_large_image","twitter_misc":{"Escrito por":"Reda\u00e7\u00e3o","Est. tempo de leitura":"3 minutos"},"schema":{"@context":"https:\/\/schema.org","@graph":[{"@type":"Article","@id":"https:\/\/noticiaempauta.com\/portal\/kennedy-barros-e-reconduzido-a-presidencia-do-tce-pi-para-o-bienio-2025-2026\/#article","isPartOf":{"@id":"https:\/\/noticiaempauta.com\/portal\/kennedy-barros-e-reconduzido-a-presidencia-do-tce-pi-para-o-bienio-2025-2026\/"},"author":{"name":"Reda\u00e7\u00e3o","@id":"https:\/\/noticiaempauta.com\/portal\/#\/schema\/person\/a74af43dd1ab3deca45f988c717d57ac"},"headline":"Kennedy Barros \u00e9 reconduzido \u00e0 presid\u00eancia do TCE-PI para o bi\u00eanio 2025\/2026","datePublished":"2024-12-19T14:16:55+00:00","dateModified":"2024-12-19T14:16:59+00:00","mainEntityOfPage":{"@id":"https:\/\/noticiaempauta.com\/portal\/kennedy-barros-e-reconduzido-a-presidencia-do-tce-pi-para-o-bienio-2025-2026\/"},"wordCount":522,"commentCount":0,"publisher":{"@id":"https:\/\/noticiaempauta.com\/portal\/#organization"},"image":{"@id":"https:\/\/noticiaempauta.com\/portal\/kennedy-barros-e-reconduzido-a-presidencia-do-tce-pi-para-o-bienio-2025-2026\/#primaryimage"},"thumbnailUrl":"https:\/\/noticiaempauta.com\/portal\/wp-content\/uploads\/2024\/12\/e969e89209c4546daa8c6b01c810c1fc.jpg","keywords":["destaqueprincipal"],"articleSection":["Destaques","Geral","Todas as Not\u00edcias"],"inLanguage":"pt-BR","potentialAction":[{"@type":"CommentAction","name":"Comment","target":["https:\/\/noticiaempauta.com\/portal\/kennedy-barros-e-reconduzido-a-presidencia-do-tce-pi-para-o-bienio-2025-2026\/#respond"]}]},{"@type":"WebPage","@id":"https:\/\/noticiaempauta.com\/portal\/kennedy-barros-e-reconduzido-a-presidencia-do-tce-pi-para-o-bienio-2025-2026\/","url":"https:\/\/noticiaempauta.com\/portal\/kennedy-barros-e-reconduzido-a-presidencia-do-tce-pi-para-o-bienio-2025-2026\/","name":"Kennedy Barros \u00e9 reconduzido \u00e0 presid\u00eancia do TCE-PI para o bi\u00eanio 2025\/2026 - Portal Not\u00edcia em Pauta","isPartOf":{"@id":"https:\/\/noticiaempauta.com\/portal\/#website"},"primaryImageOfPage":{"@id":"https:\/\/noticiaempauta.com\/portal\/kennedy-barros-e-reconduzido-a-presidencia-do-tce-pi-para-o-bienio-2025-2026\/#primaryimage"},"image":{"@id":"https:\/\/noticiaempauta.com\/portal\/kennedy-barros-e-reconduzido-a-presidencia-do-tce-pi-para-o-bienio-2025-2026\/#primaryimage"},"thumbnailUrl":"https:\/\/noticiaempauta.com\/portal\/wp-content\/uploads\/2024\/12\/e969e89209c4546daa8c6b01c810c1fc.jpg","datePublished":"2024-12-19T14:16:55+00:00","dateModified":"2024-12-19T14:16:59+00:00","breadcrumb":{"@id":"https:\/\/noticiaempauta.com\/portal\/kennedy-barros-e-reconduzido-a-presidencia-do-tce-pi-para-o-bienio-2025-2026\/#breadcrumb"},"inLanguage":"pt-BR","potentialAction":[{"@type":"ReadAction","target":["https:\/\/noticiaempauta.com\/portal\/kennedy-barros-e-reconduzido-a-presidencia-do-tce-pi-para-o-bienio-2025-2026\/"]}]},{"@type":"ImageObject","inLanguage":"pt-BR","@id":"https:\/\/noticiaempauta.com\/portal\/kennedy-barros-e-reconduzido-a-presidencia-do-tce-pi-para-o-bienio-2025-2026\/#primaryimage","url":"https:\/\/noticiaempauta.com\/portal\/wp-content\/uploads\/2024\/12\/e969e89209c4546daa8c6b01c810c1fc.jpg","contentUrl":"https:\/\/noticiaempauta.com\/portal\/wp-content\/uploads\/2024\/12\/e969e89209c4546daa8c6b01c810c1fc.jpg","width":790,"height":527},{"@type":"BreadcrumbList","@id":"https:\/\/noticiaempauta.com\/portal\/kennedy-barros-e-reconduzido-a-presidencia-do-tce-pi-para-o-bienio-2025-2026\/#breadcrumb","itemListElement":[{"@type":"ListItem","position":1,"name":"P\u00e1gina Inicial","item":"https:\/\/noticiaempauta.com\/portal\/"},{"@type":"ListItem","position":2,"name":"Destaques","item":"https:\/\/noticiaempauta.com\/portal\/destaques-site\/"},{"@type":"ListItem","position":3,"name":"Kennedy Barros \u00e9 reconduzido \u00e0 presid\u00eancia do TCE-PI para o bi\u00eanio 2025\/2026"}]},{"@type":"WebSite","@id":"https:\/\/noticiaempauta.com\/portal\/#website","url":"https:\/\/noticiaempauta.com\/portal\/","name":"Portal Not\u00edcia em Pauta","description":"Voc\u00ea bem informado","publisher":{"@id":"https:\/\/noticiaempauta.com\/portal\/#organization"},"potentialAction":[{"@type":"SearchAction","target":{"@type":"EntryPoint","urlTemplate":"https:\/\/noticiaempauta.com\/portal\/?s={search_term_string}"},"query-input":{"@type":"PropertyValueSpecification","valueRequired":true,"valueName":"search_term_string"}}],"inLanguage":"pt-BR"},{"@type":"Organization","@id":"https:\/\/noticiaempauta.com\/portal\/#organization","name":"Portal Not\u00edcia em Pauta","url":"https:\/\/noticiaempauta.com\/portal\/","logo":{"@type":"ImageObject","inLanguage":"pt-BR","@id":"https:\/\/noticiaempauta.com\/portal\/#\/schema\/logo\/image\/","url":"https:\/\/noticiaempauta.com\/portal\/wp-content\/uploads\/2022\/08\/logomarca_tema.fw_.png","contentUrl":"https:\/\/noticiaempauta.com\/portal\/wp-content\/uploads\/2022\/08\/logomarca_tema.fw_.png","width":400,"height":232,"caption":"Portal Not\u00edcia em Pauta"},"image":{"@id":"https:\/\/noticiaempauta.com\/portal\/#\/schema\/logo\/image\/"},"sameAs":["https:\/\/www.facebook.com\/Portal-Notcia-Em-Pauta-102292869264820\/","https:\/\/www.instagram.com\/portalnoticiaempauta\/"]},{"@type":"Person","@id":"https:\/\/noticiaempauta.com\/portal\/#\/schema\/person\/a74af43dd1ab3deca45f988c717d57ac","name":"Reda\u00e7\u00e3o","image":{"@type":"ImageObject","inLanguage":"pt-BR","@id":"https:\/\/noticiaempauta.com\/portal\/#\/schema\/person\/image\/","url":"https:\/\/secure.gravatar.com\/avatar\/03179346ecce6cdfc13361603e8f54242a90e5cde8618fa23c5c00aa2b0aadf3?s=96&d=mm&r=g","contentUrl":"https:\/\/secure.gravatar.com\/avatar\/03179346ecce6cdfc13361603e8f54242a90e5cde8618fa23c5c00aa2b0aadf3?s=96&d=mm&r=g","caption":"Reda\u00e7\u00e3o"},"sameAs":["https:\/\/noticiaempauta.com\/portal\/"],"url":"https:\/\/noticiaempauta.com\/portal\/author\/fernando\/"}]}},"_links":{"self":[{"href":"https:\/\/noticiaempauta.com\/portal\/wp-json\/wp\/v2\/posts\/265581","targetHints":{"allow":["GET"]}}],"collection":[{"href":"https:\/\/noticiaempauta.com\/portal\/wp-json\/wp\/v2\/posts"}],"about":[{"href":"https:\/\/noticiaempauta.com\/portal\/wp-json\/wp\/v2\/types\/post"}],"author":[{"embeddable":true,"href":"https:\/\/noticiaempauta.com\/portal\/wp-json\/wp\/v2\/users\/2"}],"replies":[{"embeddable":true,"href":"https:\/\/noticiaempauta.com\/portal\/wp-json\/wp\/v2\/comments?post=265581"}],"version-history":[{"count":2,"href":"https:\/\/noticiaempauta.com\/portal\/wp-json\/wp\/v2\/posts\/265581\/revisions"}],"predecessor-version":[{"id":265584,"href":"https:\/\/noticiaempauta.com\/portal\/wp-json\/wp\/v2\/posts\/265581\/revisions\/265584"}],"wp:featuredmedia":[{"embeddable":true,"href":"https:\/\/noticiaempauta.com\/portal\/wp-json\/wp\/v2\/media\/265582"}],"wp:attachment":[{"href":"https:\/\/noticiaempauta.com\/portal\/wp-json\/wp\/v2\/media?parent=265581"}],"wp:term":[{"taxonomy":"category","embeddable":true,"href":"https:\/\/noticiaempauta.com\/portal\/wp-json\/wp\/v2\/categories?post=265581"},{"taxonomy":"post_tag","embeddable":true,"href":"https:\/\/noticiaempauta.com\/portal\/wp-json\/wp\/v2\/tags?post=265581"}],"curies":[{"name":"wp","href":"https:\/\/api.w.org\/{rel}","templated":true}]}}