{"id":265585,"date":"2024-12-19T11:21:13","date_gmt":"2024-12-19T14:21:13","guid":{"rendered":"https:\/\/noticiaempauta.com\/portal\/?p=265585"},"modified":"2024-12-19T11:30:59","modified_gmt":"2024-12-19T14:30:59","slug":"mae-e-filho-morrem-eletrocutados-no-sul-do-piaui-filha-tambem-ficou-ferida","status":"publish","type":"post","link":"https:\/\/noticiaempauta.com\/portal\/mae-e-filho-morrem-eletrocutados-no-sul-do-piaui-filha-tambem-ficou-ferida\/","title":{"rendered":"M\u00e3e e filho morrem eletrocutados no Sul do Piau\u00ed; filha tamb\u00e9m ficou ferida"},"content":{"rendered":"\n<p>Maria In\u00eas Barbosa\u00a0e seu filho\u00a0Edvaldo Barbosa, conhecido como Meu Jovem, morreram na quarta-feira (18)\u00a0eletrocutados ap\u00f3s tocar em uma cerca energizada\u00a0por causa de um fio de alta tens\u00e3o que se rompeu e caiu em\u00a0Brejo do Piau\u00ed, a 424 km de Teresina.<\/p>\n\n\n\n<figure class=\"wp-block-image size-full\"><img fetchpriority=\"high\" decoding=\"async\" width=\"984\" height=\"529\" src=\"https:\/\/noticiaempauta.com\/portal\/wp-content\/uploads\/2024\/12\/whatsapp-image-2024-12-19-at-08.42.45.avif\" alt=\"\" class=\"wp-image-265586\"\/><figcaption class=\"wp-element-caption\"><em>(Foto: Reprodu\u00e7\u00e3o)<\/em><\/figcaption><\/figure>\n\n\n\n<p>Segundo a Pol\u00edcia Civil, uma segunda filha da v\u00edtima tamb\u00e9m foi eletrocutada, mas foi salva por uma pessoa que viu a situa\u00e7\u00e3o.<\/p>\n\n\n\n<p>&#8220;A m\u00e3e estava descendo ao lado da propriedade quando veio a tocar na cerca de arame da propriedade, quando come\u00e7ou a ser eletrocutada. Um filho tentou socorrer a m\u00e3e e acabou sendo eletrocutado junto com a m\u00e3e.\u00a0Uma filha viu a situa\u00e7\u00e3o e tentou ajudar tamb\u00e9m, come\u00e7ou a ser eletrocutada, a\u00ed uma pessoa socorreu ela\u00a0com uma viga de madeira e a retirou. Ela est\u00e1 bem&#8221;, explicou o delegado Vin\u00edcius Ara\u00fajo.<\/p>\n\n\n\n<p>Segundo o delegado, a causa do acidente foi um fio de alta tens\u00e3o que se rompeu e ficou ca\u00eddo na cerca. Ainda na quarta-feira (18), foi realizado um chamado para a Equatorial Piau\u00ed, respons\u00e1vel pela distribui\u00e7\u00e3o de energia, mas a situa\u00e7\u00e3o n\u00e3o foi resolvida (<strong>confira a nota da empresa no final da reportagem<\/strong>).<\/p>\n\n\n\n<p>A Prefeitura Municipal de Brejo do Piau\u00ed publicou uma nota de pesar lamentando o falecimento de Maria e Edvaldo.&nbsp;<strong>Confira a nota na \u00edntegra<\/strong>:<\/p>\n\n\n\n<p><em>A Prefeitura Municipal de Brejo do Piau\u00ed manifesta, com profundo pesar, sua solidariedade aos familiares e amigos de Maria In\u00eas Barbosa e Edvaldo Barbosa (Meu Jovem), m\u00e3e e filho, v\u00edtimas de uma trag\u00e9dia que comove e entristece profundamente toda a nossa comunidade.<\/em><\/p>\n\n\n\n<p><em>Dona In\u00eas e &#8220;Meu Jovem&#8221; eram cidad\u00e3os queridos e respeitados por todos, e sua partida deixa um vazio imensur\u00e1vel em nossa cidade. Neste momento de dor, a Prefeitura se une \u00e0 fam\u00edlia e aos amigos, rogando a Deus que conforte seus cora\u00e7\u00f5es e conceda for\u00e7as para superar essa perda irrepar\u00e1vel.<\/em><\/p>\n\n\n\n<p><strong>Nota de Esclarecimento &#8211; Equatorial Piau\u00ed<\/strong><\/p>\n\n\n\n<p><em>A Equatorial Piau\u00ed lamenta o acidente ocorrido na noite desta quarta-feira (18), no munic\u00edpio de Brejo do Piau\u00ed, regi\u00e3o Sul do estado, que vitimou tr\u00eas pessoas de uma mesma fam\u00edlia, ao sofrerem descarga el\u00e9trica ap\u00f3s tocarem em cerca de arame energizada.<\/em><\/p>\n\n\n\n<p><em>Segundo informa\u00e7\u00f5es preliminares apuradas no local, o acidente foi fatal para m\u00e3e e filho e grave para uma outra filha, que ao tentar prestar socorro, tamb\u00e9m recebeu descarga el\u00e9trica, mas foi socorrida a tempo por populares.<\/em><\/p>\n\n\n\n<p><em>O caso j\u00e1 est\u00e1 sendo apurado pelas autoridades policiais, que devem realizar uma per\u00edcia t\u00e9cnica para identificar as causas do acidente, e todo o apoio e assist\u00eancia ser\u00e3o prestados pela Distribuidora aos familiares das v\u00edtimas.<\/em><\/p>\n\n\n\n<p><strong>G1-Piau\u00ed<\/strong><\/p>\n","protected":false},"excerpt":{"rendered":"<p>Maria In\u00eas Barbosa\u00a0e seu filho\u00a0Edvaldo Barbosa, conhecido como Meu Jovem, morreram na quarta-feira (18)\u00a0eletrocutados ap\u00f3s tocar em uma cerca energizada\u00a0por causa de um fio de alta tens\u00e3o que se rompeu e caiu em\u00a0Brejo do Piau\u00ed, a 424 km de Teresina. Segundo a Pol\u00edcia Civil, uma segunda filha da v\u00edtima tamb\u00e9m foi eletrocutada, mas foi salva [&hellip;]<\/p>\n","protected":false},"author":2,"featured_media":265588,"comment_status":"open","ping_status":"open","sticky":false,"template":"","format":"standard","meta":{"_mi_skip_tracking":false,"footnotes":""},"categories":[25,1,9,16],"tags":[],"class_list":["post-265585","post","type-post","status-publish","format-standard","has-post-thumbnail","hentry","category-destaques-site","category-geral","category-municipios","category-todas"],"acf":[],"yoast_head":"<!-- This site is optimized with the Yoast SEO Premium plugin v19.2 (Yoast SEO v26.9) - https:\/\/yoast.com\/product\/yoast-seo-premium-wordpress\/ -->\n<title>M\u00e3e e filho morrem eletrocutados no Sul do Piau\u00ed; filha tamb\u00e9m ficou ferida - Portal Not\u00edcia em Pauta<\/title>\n<meta name=\"robots\" content=\"index, follow, max-snippet:-1, max-image-preview:large, max-video-preview:-1\" \/>\n<link rel=\"canonical\" href=\"https:\/\/noticiaempauta.com\/portal\/mae-e-filho-morrem-eletrocutados-no-sul-do-piaui-filha-tambem-ficou-ferida\/\" \/>\n<meta property=\"og:locale\" content=\"pt_BR\" \/>\n<meta property=\"og:type\" content=\"article\" \/>\n<meta property=\"og:title\" content=\"M\u00e3e e filho morrem eletrocutados no Sul do Piau\u00ed; filha tamb\u00e9m ficou ferida\" \/>\n<meta property=\"og:description\" content=\"Maria In\u00eas Barbosa\u00a0e seu filho\u00a0Edvaldo Barbosa, conhecido como Meu Jovem, morreram na quarta-feira (18)\u00a0eletrocutados ap\u00f3s tocar em uma cerca energizada\u00a0por causa de um fio de alta tens\u00e3o que se rompeu e caiu em\u00a0Brejo do Piau\u00ed, a 424 km de Teresina. Segundo a Pol\u00edcia Civil, uma segunda filha da v\u00edtima tamb\u00e9m foi eletrocutada, mas foi salva [&hellip;]\" \/>\n<meta property=\"og:url\" content=\"https:\/\/noticiaempauta.com\/portal\/mae-e-filho-morrem-eletrocutados-no-sul-do-piaui-filha-tambem-ficou-ferida\/\" \/>\n<meta property=\"og:site_name\" content=\"Portal Not\u00edcia em Pauta\" \/>\n<meta property=\"article:publisher\" content=\"https:\/\/www.facebook.com\/Portal-Notcia-Em-Pauta-102292869264820\/\" \/>\n<meta property=\"article:published_time\" content=\"2024-12-19T14:21:13+00:00\" \/>\n<meta property=\"article:modified_time\" content=\"2024-12-19T14:30:59+00:00\" \/>\n<meta property=\"og:image\" content=\"https:\/\/noticiaempauta.com\/portal\/wp-content\/uploads\/2024\/12\/collage-11-300x240.jpg.webp\" \/>\n\t<meta property=\"og:image:width\" content=\"300\" \/>\n\t<meta property=\"og:image:height\" content=\"240\" \/>\n\t<meta property=\"og:image:type\" content=\"image\/webp\" \/>\n<meta name=\"author\" content=\"Reda\u00e7\u00e3o\" \/>\n<meta name=\"twitter:card\" content=\"summary_large_image\" \/>\n<meta name=\"twitter:label1\" content=\"Escrito por\" \/>\n\t<meta name=\"twitter:data1\" content=\"Reda\u00e7\u00e3o\" \/>\n\t<meta name=\"twitter:label2\" content=\"Est. tempo de leitura\" \/>\n\t<meta name=\"twitter:data2\" content=\"3 minutos\" \/>\n<script type=\"application\/ld+json\" class=\"yoast-schema-graph\">{\"@context\":\"https:\/\/schema.org\",\"@graph\":[{\"@type\":\"Article\",\"@id\":\"https:\/\/noticiaempauta.com\/portal\/mae-e-filho-morrem-eletrocutados-no-sul-do-piaui-filha-tambem-ficou-ferida\/#article\",\"isPartOf\":{\"@id\":\"https:\/\/noticiaempauta.com\/portal\/mae-e-filho-morrem-eletrocutados-no-sul-do-piaui-filha-tambem-ficou-ferida\/\"},\"author\":{\"name\":\"Reda\u00e7\u00e3o\",\"@id\":\"https:\/\/noticiaempauta.com\/portal\/#\/schema\/person\/a74af43dd1ab3deca45f988c717d57ac\"},\"headline\":\"M\u00e3e e filho morrem eletrocutados no Sul do Piau\u00ed; filha tamb\u00e9m ficou ferida\",\"datePublished\":\"2024-12-19T14:21:13+00:00\",\"dateModified\":\"2024-12-19T14:30:59+00:00\",\"mainEntityOfPage\":{\"@id\":\"https:\/\/noticiaempauta.com\/portal\/mae-e-filho-morrem-eletrocutados-no-sul-do-piaui-filha-tambem-ficou-ferida\/\"},\"wordCount\":489,\"commentCount\":0,\"publisher\":{\"@id\":\"https:\/\/noticiaempauta.com\/portal\/#organization\"},\"image\":{\"@id\":\"https:\/\/noticiaempauta.com\/portal\/mae-e-filho-morrem-eletrocutados-no-sul-do-piaui-filha-tambem-ficou-ferida\/#primaryimage\"},\"thumbnailUrl\":\"https:\/\/noticiaempauta.com\/portal\/wp-content\/uploads\/2024\/12\/collage-11-300x240.jpg.webp\",\"articleSection\":[\"Destaques\",\"Geral\",\"Munic\u00edpios\",\"Todas as Not\u00edcias\"],\"inLanguage\":\"pt-BR\",\"potentialAction\":[{\"@type\":\"CommentAction\",\"name\":\"Comment\",\"target\":[\"https:\/\/noticiaempauta.com\/portal\/mae-e-filho-morrem-eletrocutados-no-sul-do-piaui-filha-tambem-ficou-ferida\/#respond\"]}]},{\"@type\":\"WebPage\",\"@id\":\"https:\/\/noticiaempauta.com\/portal\/mae-e-filho-morrem-eletrocutados-no-sul-do-piaui-filha-tambem-ficou-ferida\/\",\"url\":\"https:\/\/noticiaempauta.com\/portal\/mae-e-filho-morrem-eletrocutados-no-sul-do-piaui-filha-tambem-ficou-ferida\/\",\"name\":\"M\u00e3e e filho morrem eletrocutados no Sul do Piau\u00ed; filha tamb\u00e9m ficou ferida - Portal Not\u00edcia em Pauta\",\"isPartOf\":{\"@id\":\"https:\/\/noticiaempauta.com\/portal\/#website\"},\"primaryImageOfPage\":{\"@id\":\"https:\/\/noticiaempauta.com\/portal\/mae-e-filho-morrem-eletrocutados-no-sul-do-piaui-filha-tambem-ficou-ferida\/#primaryimage\"},\"image\":{\"@id\":\"https:\/\/noticiaempauta.com\/portal\/mae-e-filho-morrem-eletrocutados-no-sul-do-piaui-filha-tambem-ficou-ferida\/#primaryimage\"},\"thumbnailUrl\":\"https:\/\/noticiaempauta.com\/portal\/wp-content\/uploads\/2024\/12\/collage-11-300x240.jpg.webp\",\"datePublished\":\"2024-12-19T14:21:13+00:00\",\"dateModified\":\"2024-12-19T14:30:59+00:00\",\"breadcrumb\":{\"@id\":\"https:\/\/noticiaempauta.com\/portal\/mae-e-filho-morrem-eletrocutados-no-sul-do-piaui-filha-tambem-ficou-ferida\/#breadcrumb\"},\"inLanguage\":\"pt-BR\",\"potentialAction\":[{\"@type\":\"ReadAction\",\"target\":[\"https:\/\/noticiaempauta.com\/portal\/mae-e-filho-morrem-eletrocutados-no-sul-do-piaui-filha-tambem-ficou-ferida\/\"]}]},{\"@type\":\"ImageObject\",\"inLanguage\":\"pt-BR\",\"@id\":\"https:\/\/noticiaempauta.com\/portal\/mae-e-filho-morrem-eletrocutados-no-sul-do-piaui-filha-tambem-ficou-ferida\/#primaryimage\",\"url\":\"https:\/\/noticiaempauta.com\/portal\/wp-content\/uploads\/2024\/12\/collage-11-300x240.jpg.webp\",\"contentUrl\":\"https:\/\/noticiaempauta.com\/portal\/wp-content\/uploads\/2024\/12\/collage-11-300x240.jpg.webp\",\"width\":300,\"height\":240},{\"@type\":\"BreadcrumbList\",\"@id\":\"https:\/\/noticiaempauta.com\/portal\/mae-e-filho-morrem-eletrocutados-no-sul-do-piaui-filha-tambem-ficou-ferida\/#breadcrumb\",\"itemListElement\":[{\"@type\":\"ListItem\",\"position\":1,\"name\":\"P\u00e1gina Inicial\",\"item\":\"https:\/\/noticiaempauta.com\/portal\/\"},{\"@type\":\"ListItem\",\"position\":2,\"name\":\"Destaques\",\"item\":\"https:\/\/noticiaempauta.com\/portal\/destaques-site\/\"},{\"@type\":\"ListItem\",\"position\":3,\"name\":\"M\u00e3e e filho morrem eletrocutados no Sul do Piau\u00ed; filha tamb\u00e9m ficou ferida\"}]},{\"@type\":\"WebSite\",\"@id\":\"https:\/\/noticiaempauta.com\/portal\/#website\",\"url\":\"https:\/\/noticiaempauta.com\/portal\/\",\"name\":\"Portal Not\u00edcia em Pauta\",\"description\":\"Voc\u00ea bem informado\",\"publisher\":{\"@id\":\"https:\/\/noticiaempauta.com\/portal\/#organization\"},\"potentialAction\":[{\"@type\":\"SearchAction\",\"target\":{\"@type\":\"EntryPoint\",\"urlTemplate\":\"https:\/\/noticiaempauta.com\/portal\/?s={search_term_string}\"},\"query-input\":{\"@type\":\"PropertyValueSpecification\",\"valueRequired\":true,\"valueName\":\"search_term_string\"}}],\"inLanguage\":\"pt-BR\"},{\"@type\":\"Organization\",\"@id\":\"https:\/\/noticiaempauta.com\/portal\/#organization\",\"name\":\"Portal Not\u00edcia em Pauta\",\"url\":\"https:\/\/noticiaempauta.com\/portal\/\",\"logo\":{\"@type\":\"ImageObject\",\"inLanguage\":\"pt-BR\",\"@id\":\"https:\/\/noticiaempauta.com\/portal\/#\/schema\/logo\/image\/\",\"url\":\"https:\/\/noticiaempauta.com\/portal\/wp-content\/uploads\/2022\/08\/logomarca_tema.fw_.png\",\"contentUrl\":\"https:\/\/noticiaempauta.com\/portal\/wp-content\/uploads\/2022\/08\/logomarca_tema.fw_.png\",\"width\":400,\"height\":232,\"caption\":\"Portal Not\u00edcia em Pauta\"},\"image\":{\"@id\":\"https:\/\/noticiaempauta.com\/portal\/#\/schema\/logo\/image\/\"},\"sameAs\":[\"https:\/\/www.facebook.com\/Portal-Notcia-Em-Pauta-102292869264820\/\",\"https:\/\/www.instagram.com\/portalnoticiaempauta\/\"]},{\"@type\":\"Person\",\"@id\":\"https:\/\/noticiaempauta.com\/portal\/#\/schema\/person\/a74af43dd1ab3deca45f988c717d57ac\",\"name\":\"Reda\u00e7\u00e3o\",\"image\":{\"@type\":\"ImageObject\",\"inLanguage\":\"pt-BR\",\"@id\":\"https:\/\/noticiaempauta.com\/portal\/#\/schema\/person\/image\/\",\"url\":\"https:\/\/secure.gravatar.com\/avatar\/03179346ecce6cdfc13361603e8f54242a90e5cde8618fa23c5c00aa2b0aadf3?s=96&d=mm&r=g\",\"contentUrl\":\"https:\/\/secure.gravatar.com\/avatar\/03179346ecce6cdfc13361603e8f54242a90e5cde8618fa23c5c00aa2b0aadf3?s=96&d=mm&r=g\",\"caption\":\"Reda\u00e7\u00e3o\"},\"sameAs\":[\"https:\/\/noticiaempauta.com\/portal\/\"],\"url\":\"https:\/\/noticiaempauta.com\/portal\/author\/fernando\/\"}]}<\/script>\n<!-- \/ Yoast SEO Premium plugin. -->","yoast_head_json":{"title":"M\u00e3e e filho morrem eletrocutados no Sul do Piau\u00ed; filha tamb\u00e9m ficou ferida - Portal Not\u00edcia em Pauta","robots":{"index":"index","follow":"follow","max-snippet":"max-snippet:-1","max-image-preview":"max-image-preview:large","max-video-preview":"max-video-preview:-1"},"canonical":"https:\/\/noticiaempauta.com\/portal\/mae-e-filho-morrem-eletrocutados-no-sul-do-piaui-filha-tambem-ficou-ferida\/","og_locale":"pt_BR","og_type":"article","og_title":"M\u00e3e e filho morrem eletrocutados no Sul do Piau\u00ed; filha tamb\u00e9m ficou ferida","og_description":"Maria In\u00eas Barbosa\u00a0e seu filho\u00a0Edvaldo Barbosa, conhecido como Meu Jovem, morreram na quarta-feira (18)\u00a0eletrocutados ap\u00f3s tocar em uma cerca energizada\u00a0por causa de um fio de alta tens\u00e3o que se rompeu e caiu em\u00a0Brejo do Piau\u00ed, a 424 km de Teresina. Segundo a Pol\u00edcia Civil, uma segunda filha da v\u00edtima tamb\u00e9m foi eletrocutada, mas foi salva [&hellip;]","og_url":"https:\/\/noticiaempauta.com\/portal\/mae-e-filho-morrem-eletrocutados-no-sul-do-piaui-filha-tambem-ficou-ferida\/","og_site_name":"Portal Not\u00edcia em Pauta","article_publisher":"https:\/\/www.facebook.com\/Portal-Notcia-Em-Pauta-102292869264820\/","article_published_time":"2024-12-19T14:21:13+00:00","article_modified_time":"2024-12-19T14:30:59+00:00","og_image":[{"width":300,"height":240,"url":"https:\/\/noticiaempauta.com\/portal\/wp-content\/uploads\/2024\/12\/collage-11-300x240.jpg.webp","type":"image\/webp"}],"author":"Reda\u00e7\u00e3o","twitter_card":"summary_large_image","twitter_misc":{"Escrito por":"Reda\u00e7\u00e3o","Est. tempo de leitura":"3 minutos"},"schema":{"@context":"https:\/\/schema.org","@graph":[{"@type":"Article","@id":"https:\/\/noticiaempauta.com\/portal\/mae-e-filho-morrem-eletrocutados-no-sul-do-piaui-filha-tambem-ficou-ferida\/#article","isPartOf":{"@id":"https:\/\/noticiaempauta.com\/portal\/mae-e-filho-morrem-eletrocutados-no-sul-do-piaui-filha-tambem-ficou-ferida\/"},"author":{"name":"Reda\u00e7\u00e3o","@id":"https:\/\/noticiaempauta.com\/portal\/#\/schema\/person\/a74af43dd1ab3deca45f988c717d57ac"},"headline":"M\u00e3e e filho morrem eletrocutados no Sul do Piau\u00ed; filha tamb\u00e9m ficou ferida","datePublished":"2024-12-19T14:21:13+00:00","dateModified":"2024-12-19T14:30:59+00:00","mainEntityOfPage":{"@id":"https:\/\/noticiaempauta.com\/portal\/mae-e-filho-morrem-eletrocutados-no-sul-do-piaui-filha-tambem-ficou-ferida\/"},"wordCount":489,"commentCount":0,"publisher":{"@id":"https:\/\/noticiaempauta.com\/portal\/#organization"},"image":{"@id":"https:\/\/noticiaempauta.com\/portal\/mae-e-filho-morrem-eletrocutados-no-sul-do-piaui-filha-tambem-ficou-ferida\/#primaryimage"},"thumbnailUrl":"https:\/\/noticiaempauta.com\/portal\/wp-content\/uploads\/2024\/12\/collage-11-300x240.jpg.webp","articleSection":["Destaques","Geral","Munic\u00edpios","Todas as Not\u00edcias"],"inLanguage":"pt-BR","potentialAction":[{"@type":"CommentAction","name":"Comment","target":["https:\/\/noticiaempauta.com\/portal\/mae-e-filho-morrem-eletrocutados-no-sul-do-piaui-filha-tambem-ficou-ferida\/#respond"]}]},{"@type":"WebPage","@id":"https:\/\/noticiaempauta.com\/portal\/mae-e-filho-morrem-eletrocutados-no-sul-do-piaui-filha-tambem-ficou-ferida\/","url":"https:\/\/noticiaempauta.com\/portal\/mae-e-filho-morrem-eletrocutados-no-sul-do-piaui-filha-tambem-ficou-ferida\/","name":"M\u00e3e e filho morrem eletrocutados no Sul do Piau\u00ed; filha tamb\u00e9m ficou ferida - Portal Not\u00edcia em Pauta","isPartOf":{"@id":"https:\/\/noticiaempauta.com\/portal\/#website"},"primaryImageOfPage":{"@id":"https:\/\/noticiaempauta.com\/portal\/mae-e-filho-morrem-eletrocutados-no-sul-do-piaui-filha-tambem-ficou-ferida\/#primaryimage"},"image":{"@id":"https:\/\/noticiaempauta.com\/portal\/mae-e-filho-morrem-eletrocutados-no-sul-do-piaui-filha-tambem-ficou-ferida\/#primaryimage"},"thumbnailUrl":"https:\/\/noticiaempauta.com\/portal\/wp-content\/uploads\/2024\/12\/collage-11-300x240.jpg.webp","datePublished":"2024-12-19T14:21:13+00:00","dateModified":"2024-12-19T14:30:59+00:00","breadcrumb":{"@id":"https:\/\/noticiaempauta.com\/portal\/mae-e-filho-morrem-eletrocutados-no-sul-do-piaui-filha-tambem-ficou-ferida\/#breadcrumb"},"inLanguage":"pt-BR","potentialAction":[{"@type":"ReadAction","target":["https:\/\/noticiaempauta.com\/portal\/mae-e-filho-morrem-eletrocutados-no-sul-do-piaui-filha-tambem-ficou-ferida\/"]}]},{"@type":"ImageObject","inLanguage":"pt-BR","@id":"https:\/\/noticiaempauta.com\/portal\/mae-e-filho-morrem-eletrocutados-no-sul-do-piaui-filha-tambem-ficou-ferida\/#primaryimage","url":"https:\/\/noticiaempauta.com\/portal\/wp-content\/uploads\/2024\/12\/collage-11-300x240.jpg.webp","contentUrl":"https:\/\/noticiaempauta.com\/portal\/wp-content\/uploads\/2024\/12\/collage-11-300x240.jpg.webp","width":300,"height":240},{"@type":"BreadcrumbList","@id":"https:\/\/noticiaempauta.com\/portal\/mae-e-filho-morrem-eletrocutados-no-sul-do-piaui-filha-tambem-ficou-ferida\/#breadcrumb","itemListElement":[{"@type":"ListItem","position":1,"name":"P\u00e1gina Inicial","item":"https:\/\/noticiaempauta.com\/portal\/"},{"@type":"ListItem","position":2,"name":"Destaques","item":"https:\/\/noticiaempauta.com\/portal\/destaques-site\/"},{"@type":"ListItem","position":3,"name":"M\u00e3e e filho morrem eletrocutados no Sul do Piau\u00ed; filha tamb\u00e9m ficou ferida"}]},{"@type":"WebSite","@id":"https:\/\/noticiaempauta.com\/portal\/#website","url":"https:\/\/noticiaempauta.com\/portal\/","name":"Portal Not\u00edcia em Pauta","description":"Voc\u00ea bem informado","publisher":{"@id":"https:\/\/noticiaempauta.com\/portal\/#organization"},"potentialAction":[{"@type":"SearchAction","target":{"@type":"EntryPoint","urlTemplate":"https:\/\/noticiaempauta.com\/portal\/?s={search_term_string}"},"query-input":{"@type":"PropertyValueSpecification","valueRequired":true,"valueName":"search_term_string"}}],"inLanguage":"pt-BR"},{"@type":"Organization","@id":"https:\/\/noticiaempauta.com\/portal\/#organization","name":"Portal Not\u00edcia em Pauta","url":"https:\/\/noticiaempauta.com\/portal\/","logo":{"@type":"ImageObject","inLanguage":"pt-BR","@id":"https:\/\/noticiaempauta.com\/portal\/#\/schema\/logo\/image\/","url":"https:\/\/noticiaempauta.com\/portal\/wp-content\/uploads\/2022\/08\/logomarca_tema.fw_.png","contentUrl":"https:\/\/noticiaempauta.com\/portal\/wp-content\/uploads\/2022\/08\/logomarca_tema.fw_.png","width":400,"height":232,"caption":"Portal Not\u00edcia em Pauta"},"image":{"@id":"https:\/\/noticiaempauta.com\/portal\/#\/schema\/logo\/image\/"},"sameAs":["https:\/\/www.facebook.com\/Portal-Notcia-Em-Pauta-102292869264820\/","https:\/\/www.instagram.com\/portalnoticiaempauta\/"]},{"@type":"Person","@id":"https:\/\/noticiaempauta.com\/portal\/#\/schema\/person\/a74af43dd1ab3deca45f988c717d57ac","name":"Reda\u00e7\u00e3o","image":{"@type":"ImageObject","inLanguage":"pt-BR","@id":"https:\/\/noticiaempauta.com\/portal\/#\/schema\/person\/image\/","url":"https:\/\/secure.gravatar.com\/avatar\/03179346ecce6cdfc13361603e8f54242a90e5cde8618fa23c5c00aa2b0aadf3?s=96&d=mm&r=g","contentUrl":"https:\/\/secure.gravatar.com\/avatar\/03179346ecce6cdfc13361603e8f54242a90e5cde8618fa23c5c00aa2b0aadf3?s=96&d=mm&r=g","caption":"Reda\u00e7\u00e3o"},"sameAs":["https:\/\/noticiaempauta.com\/portal\/"],"url":"https:\/\/noticiaempauta.com\/portal\/author\/fernando\/"}]}},"_links":{"self":[{"href":"https:\/\/noticiaempauta.com\/portal\/wp-json\/wp\/v2\/posts\/265585","targetHints":{"allow":["GET"]}}],"collection":[{"href":"https:\/\/noticiaempauta.com\/portal\/wp-json\/wp\/v2\/posts"}],"about":[{"href":"https:\/\/noticiaempauta.com\/portal\/wp-json\/wp\/v2\/types\/post"}],"author":[{"embeddable":true,"href":"https:\/\/noticiaempauta.com\/portal\/wp-json\/wp\/v2\/users\/2"}],"replies":[{"embeddable":true,"href":"https:\/\/noticiaempauta.com\/portal\/wp-json\/wp\/v2\/comments?post=265585"}],"version-history":[{"count":1,"href":"https:\/\/noticiaempauta.com\/portal\/wp-json\/wp\/v2\/posts\/265585\/revisions"}],"predecessor-version":[{"id":265587,"href":"https:\/\/noticiaempauta.com\/portal\/wp-json\/wp\/v2\/posts\/265585\/revisions\/265587"}],"wp:featuredmedia":[{"embeddable":true,"href":"https:\/\/noticiaempauta.com\/portal\/wp-json\/wp\/v2\/media\/265588"}],"wp:attachment":[{"href":"https:\/\/noticiaempauta.com\/portal\/wp-json\/wp\/v2\/media?parent=265585"}],"wp:term":[{"taxonomy":"category","embeddable":true,"href":"https:\/\/noticiaempauta.com\/portal\/wp-json\/wp\/v2\/categories?post=265585"},{"taxonomy":"post_tag","embeddable":true,"href":"https:\/\/noticiaempauta.com\/portal\/wp-json\/wp\/v2\/tags?post=265585"}],"curies":[{"name":"wp","href":"https:\/\/api.w.org\/{rel}","templated":true}]}}