{"id":265589,"date":"2024-12-19T11:45:59","date_gmt":"2024-12-19T14:45:59","guid":{"rendered":"https:\/\/noticiaempauta.com\/portal\/?p=265589"},"modified":"2024-12-19T11:55:27","modified_gmt":"2024-12-19T14:55:27","slug":"mdb-pleiteia-vaga-de-vice-e-de-senador-em-2026-afirma-severo-eulalio","status":"publish","type":"post","link":"https:\/\/noticiaempauta.com\/portal\/mdb-pleiteia-vaga-de-vice-e-de-senador-em-2026-afirma-severo-eulalio\/","title":{"rendered":"MDB pleiteia vaga de vice e de senador em 2026, afirma Severo Eul\u00e1lio"},"content":{"rendered":"\n<p>Em entrevista ao Jornal do Piau\u00ed nesta quarta-feira (18), o deputado estadual Severo Eul\u00e1lio (MDB) defendeu que as vagas de vice-governador e de senador na chapa majorit\u00e1ria liderada pelo governador Rafael Fonteles (PT) nas elei\u00e7\u00f5es de 2026 continuem com representantes emedebistas.&nbsp;<\/p>\n\n\n\n<p>Vice-presidente do partido no estado, Eul\u00e1lio ressaltou que o assunto s\u00f3 deve ser discutido no ano eleitoral. &#8220;O MDB pleiteia a manuten\u00e7\u00e3o das vagas que j\u00e1 tem. Queremos continuar com a vaga de vice e claro, queremos continuar com&nbsp; a vaga de senador. Agora, se isso se concretizar, em 2026 vamos saber&#8221;, disse.&nbsp;<\/p>\n\n\n\n<figure class=\"wp-block-image size-large\"><img fetchpriority=\"high\" decoding=\"async\" width=\"1024\" height=\"683\" src=\"https:\/\/noticiaempauta.com\/portal\/wp-content\/uploads\/2024\/12\/IMG_0766.jpg-1024x683.webp\" alt=\"\" class=\"wp-image-265590\" srcset=\"https:\/\/noticiaempauta.com\/portal\/wp-content\/uploads\/2024\/12\/IMG_0766.jpg-1024x683.webp 1024w, https:\/\/noticiaempauta.com\/portal\/wp-content\/uploads\/2024\/12\/IMG_0766.jpg-300x200.webp 300w, https:\/\/noticiaempauta.com\/portal\/wp-content\/uploads\/2024\/12\/IMG_0766.jpg-768x512.webp 768w, https:\/\/noticiaempauta.com\/portal\/wp-content\/uploads\/2024\/12\/IMG_0766.jpg.webp 1200w\" sizes=\"(max-width: 1024px) 100vw, 1024px\" \/><figcaption class=\"wp-element-caption\"><strong>Deputado Estadual Severo Eul\u00e1lio<\/strong> <em>(Foto: PortalNot\u00edciaEmPauta)<\/em><\/figcaption><\/figure>\n\n\n\n<p>Conforme o deputado, as indica\u00e7\u00f5es do MDB s\u00e3o v\u00e1lidas diante do desempenho do partido nas elei\u00e7\u00f5es municipais.&nbsp; \u201cFizemos 57 prefeitos, a maioria dos vereadores s\u00e3o do MDB, o maior n\u00famero de pessoas administradas s\u00e3o do MDB , ent\u00e3o o MDB sem d\u00favida nenhuma est\u00e1 credenciado sim para isso\u201d, enfatizou&nbsp;<\/p>\n\n\n\n<p>Apesar disso, o emedebista reconhece que outros partidos da base tamb\u00e9m podem pleitear as mesmas vagas que hoje s\u00e3o ocupadas por nomes do MDB. \u201cClaro, quem \u00e9 de outro partido vai defender o seu partido. Eu defendo o meu, que continuemos com essas duas vagas na chapa majorit\u00e1ria&#8221;, disse.<\/p>\n\n\n\n<p><strong>Alepi n\u00e3o entra na conta<\/strong><\/p>\n\n\n\n<p>Prestes a assumir a presid\u00eancia da Assembleia Legislativa do Piau\u00ed (Alepi), Severo Eul\u00e1lio frisou que as discuss\u00f5es em torno da elei\u00e7\u00e3o para a mesa diretora da Casa em 2027 n\u00e3o contam como eventuais espa\u00e7os a serem divididos entre os partidos da base na forma\u00e7\u00e3o da chapa majorit\u00e1ria de 2026.<\/p>\n\n\n\n<p>\u201cS\u00e3o duas discuss\u00f5es distintas [&#8230;] a presid\u00eancia da Casa muitas vezes se discute entre os partidos que fazem a maior bancada, geralmente faz-se dessa maneira. Isso \u00e9 um outro momento, outra oportunidade, outra discuss\u00e3o que nao vem ser tratada agora no momento da forma\u00e7\u00e3o das chapas em 2026\u201d, concluiu.<\/p>\n\n\n\n<p><strong>Confira entrevista<\/strong><\/p>\n\n\n\n<figure class=\"wp-block-embed is-type-video is-provider-youtube wp-block-embed-youtube wp-embed-aspect-16-9 wp-has-aspect-ratio\"><div class=\"wp-block-embed__wrapper\">\n<iframe title=\"Futuro presidente da Alepi, Severo Eul\u00e1lio, assume a partir de fevereiro de 2025\" width=\"800\" height=\"450\" src=\"https:\/\/www.youtube.com\/embed\/1zw-2dAv9XQ?feature=oembed\" frameborder=\"0\" allow=\"accelerometer; autoplay; clipboard-write; encrypted-media; gyroscope; picture-in-picture; web-share\" referrerpolicy=\"strict-origin-when-cross-origin\" allowfullscreen><\/iframe>\n<\/div><\/figure>\n","protected":false},"excerpt":{"rendered":"<p>Em entrevista ao Jornal do Piau\u00ed nesta quarta-feira (18), o deputado estadual Severo Eul\u00e1lio (MDB) defendeu que as vagas de vice-governador e de senador na chapa majorit\u00e1ria liderada pelo governador Rafael Fonteles (PT) nas elei\u00e7\u00f5es de 2026 continuem com representantes emedebistas.&nbsp; Vice-presidente do partido no estado, Eul\u00e1lio ressaltou que o assunto s\u00f3 deve ser discutido [&hellip;]<\/p>\n","protected":false},"author":2,"featured_media":265590,"comment_status":"open","ping_status":"open","sticky":false,"template":"","format":"standard","meta":{"_mi_skip_tracking":false,"footnotes":""},"categories":[25,1,3,16],"tags":[192],"class_list":["post-265589","post","type-post","status-publish","format-standard","has-post-thumbnail","hentry","category-destaques-site","category-geral","category-politica","category-todas","tag-destaqueprincipal"],"acf":[],"yoast_head":"<!-- This site is optimized with the Yoast SEO Premium plugin v19.2 (Yoast SEO v26.9) - https:\/\/yoast.com\/product\/yoast-seo-premium-wordpress\/ -->\n<title>MDB pleiteia vaga de vice e de senador em 2026, afirma Severo Eul\u00e1lio - Portal Not\u00edcia em Pauta<\/title>\n<meta name=\"robots\" content=\"index, follow, max-snippet:-1, max-image-preview:large, max-video-preview:-1\" \/>\n<link rel=\"canonical\" href=\"https:\/\/noticiaempauta.com\/portal\/mdb-pleiteia-vaga-de-vice-e-de-senador-em-2026-afirma-severo-eulalio\/\" \/>\n<meta property=\"og:locale\" content=\"pt_BR\" \/>\n<meta property=\"og:type\" content=\"article\" \/>\n<meta property=\"og:title\" content=\"MDB pleiteia vaga de vice e de senador em 2026, afirma Severo Eul\u00e1lio\" \/>\n<meta property=\"og:description\" content=\"Em entrevista ao Jornal do Piau\u00ed nesta quarta-feira (18), o deputado estadual Severo Eul\u00e1lio (MDB) defendeu que as vagas de vice-governador e de senador na chapa majorit\u00e1ria liderada pelo governador Rafael Fonteles (PT) nas elei\u00e7\u00f5es de 2026 continuem com representantes emedebistas.&nbsp; Vice-presidente do partido no estado, Eul\u00e1lio ressaltou que o assunto s\u00f3 deve ser discutido [&hellip;]\" \/>\n<meta property=\"og:url\" content=\"https:\/\/noticiaempauta.com\/portal\/mdb-pleiteia-vaga-de-vice-e-de-senador-em-2026-afirma-severo-eulalio\/\" \/>\n<meta property=\"og:site_name\" content=\"Portal Not\u00edcia em Pauta\" \/>\n<meta property=\"article:publisher\" content=\"https:\/\/www.facebook.com\/Portal-Notcia-Em-Pauta-102292869264820\/\" \/>\n<meta property=\"article:published_time\" content=\"2024-12-19T14:45:59+00:00\" \/>\n<meta property=\"article:modified_time\" content=\"2024-12-19T14:55:27+00:00\" \/>\n<meta property=\"og:image\" content=\"https:\/\/noticiaempauta.com\/portal\/wp-content\/uploads\/2024\/12\/IMG_0766.jpg.webp\" \/>\n\t<meta property=\"og:image:width\" content=\"1200\" \/>\n\t<meta property=\"og:image:height\" content=\"800\" \/>\n\t<meta property=\"og:image:type\" content=\"image\/webp\" \/>\n<meta name=\"author\" content=\"Reda\u00e7\u00e3o\" \/>\n<meta name=\"twitter:card\" content=\"summary_large_image\" \/>\n<meta name=\"twitter:label1\" content=\"Escrito por\" \/>\n\t<meta name=\"twitter:data1\" content=\"Reda\u00e7\u00e3o\" \/>\n\t<meta name=\"twitter:label2\" content=\"Est. tempo de leitura\" \/>\n\t<meta name=\"twitter:data2\" content=\"3 minutos\" \/>\n<script type=\"application\/ld+json\" class=\"yoast-schema-graph\">{\"@context\":\"https:\/\/schema.org\",\"@graph\":[{\"@type\":\"Article\",\"@id\":\"https:\/\/noticiaempauta.com\/portal\/mdb-pleiteia-vaga-de-vice-e-de-senador-em-2026-afirma-severo-eulalio\/#article\",\"isPartOf\":{\"@id\":\"https:\/\/noticiaempauta.com\/portal\/mdb-pleiteia-vaga-de-vice-e-de-senador-em-2026-afirma-severo-eulalio\/\"},\"author\":{\"name\":\"Reda\u00e7\u00e3o\",\"@id\":\"https:\/\/noticiaempauta.com\/portal\/#\/schema\/person\/a74af43dd1ab3deca45f988c717d57ac\"},\"headline\":\"MDB pleiteia vaga de vice e de senador em 2026, afirma Severo Eul\u00e1lio\",\"datePublished\":\"2024-12-19T14:45:59+00:00\",\"dateModified\":\"2024-12-19T14:55:27+00:00\",\"mainEntityOfPage\":{\"@id\":\"https:\/\/noticiaempauta.com\/portal\/mdb-pleiteia-vaga-de-vice-e-de-senador-em-2026-afirma-severo-eulalio\/\"},\"wordCount\":352,\"commentCount\":0,\"publisher\":{\"@id\":\"https:\/\/noticiaempauta.com\/portal\/#organization\"},\"image\":{\"@id\":\"https:\/\/noticiaempauta.com\/portal\/mdb-pleiteia-vaga-de-vice-e-de-senador-em-2026-afirma-severo-eulalio\/#primaryimage\"},\"thumbnailUrl\":\"https:\/\/noticiaempauta.com\/portal\/wp-content\/uploads\/2024\/12\/IMG_0766.jpg.webp\",\"keywords\":[\"destaqueprincipal\"],\"articleSection\":[\"Destaques\",\"Geral\",\"Pol\u00edtica\",\"Todas as Not\u00edcias\"],\"inLanguage\":\"pt-BR\",\"potentialAction\":[{\"@type\":\"CommentAction\",\"name\":\"Comment\",\"target\":[\"https:\/\/noticiaempauta.com\/portal\/mdb-pleiteia-vaga-de-vice-e-de-senador-em-2026-afirma-severo-eulalio\/#respond\"]}]},{\"@type\":\"WebPage\",\"@id\":\"https:\/\/noticiaempauta.com\/portal\/mdb-pleiteia-vaga-de-vice-e-de-senador-em-2026-afirma-severo-eulalio\/\",\"url\":\"https:\/\/noticiaempauta.com\/portal\/mdb-pleiteia-vaga-de-vice-e-de-senador-em-2026-afirma-severo-eulalio\/\",\"name\":\"MDB pleiteia vaga de vice e de senador em 2026, afirma Severo Eul\u00e1lio - Portal Not\u00edcia em Pauta\",\"isPartOf\":{\"@id\":\"https:\/\/noticiaempauta.com\/portal\/#website\"},\"primaryImageOfPage\":{\"@id\":\"https:\/\/noticiaempauta.com\/portal\/mdb-pleiteia-vaga-de-vice-e-de-senador-em-2026-afirma-severo-eulalio\/#primaryimage\"},\"image\":{\"@id\":\"https:\/\/noticiaempauta.com\/portal\/mdb-pleiteia-vaga-de-vice-e-de-senador-em-2026-afirma-severo-eulalio\/#primaryimage\"},\"thumbnailUrl\":\"https:\/\/noticiaempauta.com\/portal\/wp-content\/uploads\/2024\/12\/IMG_0766.jpg.webp\",\"datePublished\":\"2024-12-19T14:45:59+00:00\",\"dateModified\":\"2024-12-19T14:55:27+00:00\",\"breadcrumb\":{\"@id\":\"https:\/\/noticiaempauta.com\/portal\/mdb-pleiteia-vaga-de-vice-e-de-senador-em-2026-afirma-severo-eulalio\/#breadcrumb\"},\"inLanguage\":\"pt-BR\",\"potentialAction\":[{\"@type\":\"ReadAction\",\"target\":[\"https:\/\/noticiaempauta.com\/portal\/mdb-pleiteia-vaga-de-vice-e-de-senador-em-2026-afirma-severo-eulalio\/\"]}]},{\"@type\":\"ImageObject\",\"inLanguage\":\"pt-BR\",\"@id\":\"https:\/\/noticiaempauta.com\/portal\/mdb-pleiteia-vaga-de-vice-e-de-senador-em-2026-afirma-severo-eulalio\/#primaryimage\",\"url\":\"https:\/\/noticiaempauta.com\/portal\/wp-content\/uploads\/2024\/12\/IMG_0766.jpg.webp\",\"contentUrl\":\"https:\/\/noticiaempauta.com\/portal\/wp-content\/uploads\/2024\/12\/IMG_0766.jpg.webp\",\"width\":1200,\"height\":800},{\"@type\":\"BreadcrumbList\",\"@id\":\"https:\/\/noticiaempauta.com\/portal\/mdb-pleiteia-vaga-de-vice-e-de-senador-em-2026-afirma-severo-eulalio\/#breadcrumb\",\"itemListElement\":[{\"@type\":\"ListItem\",\"position\":1,\"name\":\"P\u00e1gina Inicial\",\"item\":\"https:\/\/noticiaempauta.com\/portal\/\"},{\"@type\":\"ListItem\",\"position\":2,\"name\":\"Destaques\",\"item\":\"https:\/\/noticiaempauta.com\/portal\/destaques-site\/\"},{\"@type\":\"ListItem\",\"position\":3,\"name\":\"MDB pleiteia vaga de vice e de senador em 2026, afirma Severo Eul\u00e1lio\"}]},{\"@type\":\"WebSite\",\"@id\":\"https:\/\/noticiaempauta.com\/portal\/#website\",\"url\":\"https:\/\/noticiaempauta.com\/portal\/\",\"name\":\"Portal Not\u00edcia em Pauta\",\"description\":\"Voc\u00ea bem informado\",\"publisher\":{\"@id\":\"https:\/\/noticiaempauta.com\/portal\/#organization\"},\"potentialAction\":[{\"@type\":\"SearchAction\",\"target\":{\"@type\":\"EntryPoint\",\"urlTemplate\":\"https:\/\/noticiaempauta.com\/portal\/?s={search_term_string}\"},\"query-input\":{\"@type\":\"PropertyValueSpecification\",\"valueRequired\":true,\"valueName\":\"search_term_string\"}}],\"inLanguage\":\"pt-BR\"},{\"@type\":\"Organization\",\"@id\":\"https:\/\/noticiaempauta.com\/portal\/#organization\",\"name\":\"Portal Not\u00edcia em Pauta\",\"url\":\"https:\/\/noticiaempauta.com\/portal\/\",\"logo\":{\"@type\":\"ImageObject\",\"inLanguage\":\"pt-BR\",\"@id\":\"https:\/\/noticiaempauta.com\/portal\/#\/schema\/logo\/image\/\",\"url\":\"https:\/\/noticiaempauta.com\/portal\/wp-content\/uploads\/2022\/08\/logomarca_tema.fw_.png\",\"contentUrl\":\"https:\/\/noticiaempauta.com\/portal\/wp-content\/uploads\/2022\/08\/logomarca_tema.fw_.png\",\"width\":400,\"height\":232,\"caption\":\"Portal Not\u00edcia em Pauta\"},\"image\":{\"@id\":\"https:\/\/noticiaempauta.com\/portal\/#\/schema\/logo\/image\/\"},\"sameAs\":[\"https:\/\/www.facebook.com\/Portal-Notcia-Em-Pauta-102292869264820\/\",\"https:\/\/www.instagram.com\/portalnoticiaempauta\/\"]},{\"@type\":\"Person\",\"@id\":\"https:\/\/noticiaempauta.com\/portal\/#\/schema\/person\/a74af43dd1ab3deca45f988c717d57ac\",\"name\":\"Reda\u00e7\u00e3o\",\"image\":{\"@type\":\"ImageObject\",\"inLanguage\":\"pt-BR\",\"@id\":\"https:\/\/noticiaempauta.com\/portal\/#\/schema\/person\/image\/\",\"url\":\"https:\/\/secure.gravatar.com\/avatar\/03179346ecce6cdfc13361603e8f54242a90e5cde8618fa23c5c00aa2b0aadf3?s=96&d=mm&r=g\",\"contentUrl\":\"https:\/\/secure.gravatar.com\/avatar\/03179346ecce6cdfc13361603e8f54242a90e5cde8618fa23c5c00aa2b0aadf3?s=96&d=mm&r=g\",\"caption\":\"Reda\u00e7\u00e3o\"},\"sameAs\":[\"https:\/\/noticiaempauta.com\/portal\/\"],\"url\":\"https:\/\/noticiaempauta.com\/portal\/author\/fernando\/\"}]}<\/script>\n<!-- \/ Yoast SEO Premium plugin. -->","yoast_head_json":{"title":"MDB pleiteia vaga de vice e de senador em 2026, afirma Severo Eul\u00e1lio - Portal Not\u00edcia em Pauta","robots":{"index":"index","follow":"follow","max-snippet":"max-snippet:-1","max-image-preview":"max-image-preview:large","max-video-preview":"max-video-preview:-1"},"canonical":"https:\/\/noticiaempauta.com\/portal\/mdb-pleiteia-vaga-de-vice-e-de-senador-em-2026-afirma-severo-eulalio\/","og_locale":"pt_BR","og_type":"article","og_title":"MDB pleiteia vaga de vice e de senador em 2026, afirma Severo Eul\u00e1lio","og_description":"Em entrevista ao Jornal do Piau\u00ed nesta quarta-feira (18), o deputado estadual Severo Eul\u00e1lio (MDB) defendeu que as vagas de vice-governador e de senador na chapa majorit\u00e1ria liderada pelo governador Rafael Fonteles (PT) nas elei\u00e7\u00f5es de 2026 continuem com representantes emedebistas.&nbsp; Vice-presidente do partido no estado, Eul\u00e1lio ressaltou que o assunto s\u00f3 deve ser discutido [&hellip;]","og_url":"https:\/\/noticiaempauta.com\/portal\/mdb-pleiteia-vaga-de-vice-e-de-senador-em-2026-afirma-severo-eulalio\/","og_site_name":"Portal Not\u00edcia em Pauta","article_publisher":"https:\/\/www.facebook.com\/Portal-Notcia-Em-Pauta-102292869264820\/","article_published_time":"2024-12-19T14:45:59+00:00","article_modified_time":"2024-12-19T14:55:27+00:00","og_image":[{"width":1200,"height":800,"url":"https:\/\/noticiaempauta.com\/portal\/wp-content\/uploads\/2024\/12\/IMG_0766.jpg.webp","type":"image\/webp"}],"author":"Reda\u00e7\u00e3o","twitter_card":"summary_large_image","twitter_misc":{"Escrito por":"Reda\u00e7\u00e3o","Est. tempo de leitura":"3 minutos"},"schema":{"@context":"https:\/\/schema.org","@graph":[{"@type":"Article","@id":"https:\/\/noticiaempauta.com\/portal\/mdb-pleiteia-vaga-de-vice-e-de-senador-em-2026-afirma-severo-eulalio\/#article","isPartOf":{"@id":"https:\/\/noticiaempauta.com\/portal\/mdb-pleiteia-vaga-de-vice-e-de-senador-em-2026-afirma-severo-eulalio\/"},"author":{"name":"Reda\u00e7\u00e3o","@id":"https:\/\/noticiaempauta.com\/portal\/#\/schema\/person\/a74af43dd1ab3deca45f988c717d57ac"},"headline":"MDB pleiteia vaga de vice e de senador em 2026, afirma Severo Eul\u00e1lio","datePublished":"2024-12-19T14:45:59+00:00","dateModified":"2024-12-19T14:55:27+00:00","mainEntityOfPage":{"@id":"https:\/\/noticiaempauta.com\/portal\/mdb-pleiteia-vaga-de-vice-e-de-senador-em-2026-afirma-severo-eulalio\/"},"wordCount":352,"commentCount":0,"publisher":{"@id":"https:\/\/noticiaempauta.com\/portal\/#organization"},"image":{"@id":"https:\/\/noticiaempauta.com\/portal\/mdb-pleiteia-vaga-de-vice-e-de-senador-em-2026-afirma-severo-eulalio\/#primaryimage"},"thumbnailUrl":"https:\/\/noticiaempauta.com\/portal\/wp-content\/uploads\/2024\/12\/IMG_0766.jpg.webp","keywords":["destaqueprincipal"],"articleSection":["Destaques","Geral","Pol\u00edtica","Todas as Not\u00edcias"],"inLanguage":"pt-BR","potentialAction":[{"@type":"CommentAction","name":"Comment","target":["https:\/\/noticiaempauta.com\/portal\/mdb-pleiteia-vaga-de-vice-e-de-senador-em-2026-afirma-severo-eulalio\/#respond"]}]},{"@type":"WebPage","@id":"https:\/\/noticiaempauta.com\/portal\/mdb-pleiteia-vaga-de-vice-e-de-senador-em-2026-afirma-severo-eulalio\/","url":"https:\/\/noticiaempauta.com\/portal\/mdb-pleiteia-vaga-de-vice-e-de-senador-em-2026-afirma-severo-eulalio\/","name":"MDB pleiteia vaga de vice e de senador em 2026, afirma Severo Eul\u00e1lio - Portal Not\u00edcia em Pauta","isPartOf":{"@id":"https:\/\/noticiaempauta.com\/portal\/#website"},"primaryImageOfPage":{"@id":"https:\/\/noticiaempauta.com\/portal\/mdb-pleiteia-vaga-de-vice-e-de-senador-em-2026-afirma-severo-eulalio\/#primaryimage"},"image":{"@id":"https:\/\/noticiaempauta.com\/portal\/mdb-pleiteia-vaga-de-vice-e-de-senador-em-2026-afirma-severo-eulalio\/#primaryimage"},"thumbnailUrl":"https:\/\/noticiaempauta.com\/portal\/wp-content\/uploads\/2024\/12\/IMG_0766.jpg.webp","datePublished":"2024-12-19T14:45:59+00:00","dateModified":"2024-12-19T14:55:27+00:00","breadcrumb":{"@id":"https:\/\/noticiaempauta.com\/portal\/mdb-pleiteia-vaga-de-vice-e-de-senador-em-2026-afirma-severo-eulalio\/#breadcrumb"},"inLanguage":"pt-BR","potentialAction":[{"@type":"ReadAction","target":["https:\/\/noticiaempauta.com\/portal\/mdb-pleiteia-vaga-de-vice-e-de-senador-em-2026-afirma-severo-eulalio\/"]}]},{"@type":"ImageObject","inLanguage":"pt-BR","@id":"https:\/\/noticiaempauta.com\/portal\/mdb-pleiteia-vaga-de-vice-e-de-senador-em-2026-afirma-severo-eulalio\/#primaryimage","url":"https:\/\/noticiaempauta.com\/portal\/wp-content\/uploads\/2024\/12\/IMG_0766.jpg.webp","contentUrl":"https:\/\/noticiaempauta.com\/portal\/wp-content\/uploads\/2024\/12\/IMG_0766.jpg.webp","width":1200,"height":800},{"@type":"BreadcrumbList","@id":"https:\/\/noticiaempauta.com\/portal\/mdb-pleiteia-vaga-de-vice-e-de-senador-em-2026-afirma-severo-eulalio\/#breadcrumb","itemListElement":[{"@type":"ListItem","position":1,"name":"P\u00e1gina Inicial","item":"https:\/\/noticiaempauta.com\/portal\/"},{"@type":"ListItem","position":2,"name":"Destaques","item":"https:\/\/noticiaempauta.com\/portal\/destaques-site\/"},{"@type":"ListItem","position":3,"name":"MDB pleiteia vaga de vice e de senador em 2026, afirma Severo Eul\u00e1lio"}]},{"@type":"WebSite","@id":"https:\/\/noticiaempauta.com\/portal\/#website","url":"https:\/\/noticiaempauta.com\/portal\/","name":"Portal Not\u00edcia em Pauta","description":"Voc\u00ea bem informado","publisher":{"@id":"https:\/\/noticiaempauta.com\/portal\/#organization"},"potentialAction":[{"@type":"SearchAction","target":{"@type":"EntryPoint","urlTemplate":"https:\/\/noticiaempauta.com\/portal\/?s={search_term_string}"},"query-input":{"@type":"PropertyValueSpecification","valueRequired":true,"valueName":"search_term_string"}}],"inLanguage":"pt-BR"},{"@type":"Organization","@id":"https:\/\/noticiaempauta.com\/portal\/#organization","name":"Portal Not\u00edcia em Pauta","url":"https:\/\/noticiaempauta.com\/portal\/","logo":{"@type":"ImageObject","inLanguage":"pt-BR","@id":"https:\/\/noticiaempauta.com\/portal\/#\/schema\/logo\/image\/","url":"https:\/\/noticiaempauta.com\/portal\/wp-content\/uploads\/2022\/08\/logomarca_tema.fw_.png","contentUrl":"https:\/\/noticiaempauta.com\/portal\/wp-content\/uploads\/2022\/08\/logomarca_tema.fw_.png","width":400,"height":232,"caption":"Portal Not\u00edcia em Pauta"},"image":{"@id":"https:\/\/noticiaempauta.com\/portal\/#\/schema\/logo\/image\/"},"sameAs":["https:\/\/www.facebook.com\/Portal-Notcia-Em-Pauta-102292869264820\/","https:\/\/www.instagram.com\/portalnoticiaempauta\/"]},{"@type":"Person","@id":"https:\/\/noticiaempauta.com\/portal\/#\/schema\/person\/a74af43dd1ab3deca45f988c717d57ac","name":"Reda\u00e7\u00e3o","image":{"@type":"ImageObject","inLanguage":"pt-BR","@id":"https:\/\/noticiaempauta.com\/portal\/#\/schema\/person\/image\/","url":"https:\/\/secure.gravatar.com\/avatar\/03179346ecce6cdfc13361603e8f54242a90e5cde8618fa23c5c00aa2b0aadf3?s=96&d=mm&r=g","contentUrl":"https:\/\/secure.gravatar.com\/avatar\/03179346ecce6cdfc13361603e8f54242a90e5cde8618fa23c5c00aa2b0aadf3?s=96&d=mm&r=g","caption":"Reda\u00e7\u00e3o"},"sameAs":["https:\/\/noticiaempauta.com\/portal\/"],"url":"https:\/\/noticiaempauta.com\/portal\/author\/fernando\/"}]}},"_links":{"self":[{"href":"https:\/\/noticiaempauta.com\/portal\/wp-json\/wp\/v2\/posts\/265589","targetHints":{"allow":["GET"]}}],"collection":[{"href":"https:\/\/noticiaempauta.com\/portal\/wp-json\/wp\/v2\/posts"}],"about":[{"href":"https:\/\/noticiaempauta.com\/portal\/wp-json\/wp\/v2\/types\/post"}],"author":[{"embeddable":true,"href":"https:\/\/noticiaempauta.com\/portal\/wp-json\/wp\/v2\/users\/2"}],"replies":[{"embeddable":true,"href":"https:\/\/noticiaempauta.com\/portal\/wp-json\/wp\/v2\/comments?post=265589"}],"version-history":[{"count":3,"href":"https:\/\/noticiaempauta.com\/portal\/wp-json\/wp\/v2\/posts\/265589\/revisions"}],"predecessor-version":[{"id":265593,"href":"https:\/\/noticiaempauta.com\/portal\/wp-json\/wp\/v2\/posts\/265589\/revisions\/265593"}],"wp:featuredmedia":[{"embeddable":true,"href":"https:\/\/noticiaempauta.com\/portal\/wp-json\/wp\/v2\/media\/265590"}],"wp:attachment":[{"href":"https:\/\/noticiaempauta.com\/portal\/wp-json\/wp\/v2\/media?parent=265589"}],"wp:term":[{"taxonomy":"category","embeddable":true,"href":"https:\/\/noticiaempauta.com\/portal\/wp-json\/wp\/v2\/categories?post=265589"},{"taxonomy":"post_tag","embeddable":true,"href":"https:\/\/noticiaempauta.com\/portal\/wp-json\/wp\/v2\/tags?post=265589"}],"curies":[{"name":"wp","href":"https:\/\/api.w.org\/{rel}","templated":true}]}}