{"id":265594,"date":"2024-12-19T18:39:33","date_gmt":"2024-12-19T21:39:33","guid":{"rendered":"https:\/\/noticiaempauta.com\/portal\/?p=265594"},"modified":"2024-12-19T18:41:35","modified_gmt":"2024-12-19T21:41:35","slug":"tce-pi-suspende-licitacoes-e-bloqueia-contas-da-prefeitura-de-aroeiras-do-itaim","status":"publish","type":"post","link":"https:\/\/noticiaempauta.com\/portal\/tce-pi-suspende-licitacoes-e-bloqueia-contas-da-prefeitura-de-aroeiras-do-itaim\/","title":{"rendered":"TCE-PI suspende licita\u00e7\u00f5es e bloqueia contas da Prefeitura de Aroeiras do Itaim"},"content":{"rendered":"\n<p>O Tribunal de Contas do Piau\u00ed, por meio da conselheira Rejane Dias, suspendeu imediatamente as licita\u00e7\u00f5es e bloqueou as contas banc\u00e1rias da Prefeitura Municipal de Aroeiras do Itaim.<\/p>\n\n\n\n<p>As Concorr\u00eancias n\u00ba 001\/2024 e 002\/2024 (licita\u00e7\u00f5es) foram suspensas devido \u00e0 falta de previs\u00e3o or\u00e7ament\u00e1ria adequada e ao risco de comprometer os recursos municipais para al\u00e9m do mandato atual. O bloqueio das contas banc\u00e1rias, ocorrido nesta quarta-feira, 18 de dezembro, se deu para evitar movimenta\u00e7\u00f5es financeiras irregulares, em raz\u00e3o da decis\u00e3o fundamentada e corroborada pelo conselheiro Joaquim Kennedy Barros.<\/p>\n\n\n\n<figure class=\"wp-block-image size-large\"><img fetchpriority=\"high\" decoding=\"async\" width=\"1024\" height=\"683\" src=\"https:\/\/noticiaempauta.com\/portal\/wp-content\/uploads\/2024\/12\/IMG_7597-1024x683.webp\" alt=\"\" class=\"wp-image-265595\" srcset=\"https:\/\/noticiaempauta.com\/portal\/wp-content\/uploads\/2024\/12\/IMG_7597-1024x683.webp 1024w, https:\/\/noticiaempauta.com\/portal\/wp-content\/uploads\/2024\/12\/IMG_7597-300x200.webp 300w, https:\/\/noticiaempauta.com\/portal\/wp-content\/uploads\/2024\/12\/IMG_7597-768x512.webp 768w, https:\/\/noticiaempauta.com\/portal\/wp-content\/uploads\/2024\/12\/IMG_7597.webp 1200w\" sizes=\"(max-width: 1024px) 100vw, 1024px\" \/><\/figure>\n\n\n\n<p>O TCE-PI atendeu a den\u00fancia formulada pela Equipe de Transi\u00e7\u00e3o do prefeito eleito de Aroeiras do Itaim, Marciano Macedo. Representado pelo advogado Dr. Elianderson Moura, a equipe apontou poss\u00edveis irregularidades em dois processos licitat\u00f3rios que poderiam comprometer o futuro financeiro do munic\u00edpio. As inconsist\u00eancias foram identificadas pela Comiss\u00e3o que desempenhou papel essencial ao detectar as viola\u00e7\u00f5es.<\/p>\n\n\n\n<p>A den\u00fancia, protocolada sob o Processo TC n\u00ba&nbsp;<a href=\"tel:014176\/2024\">014176\/2024<\/a>, revelou problemas na Concorr\u00eancia n\u00ba 001\/2024, destinada \u00e0 pavimenta\u00e7\u00e3o de estradas vicinais, e na Concorr\u00eancia n\u00ba 002\/2024, voltada \u00e0 constru\u00e7\u00e3o de um est\u00e1dio de futebol. Juntos, os contratos somavam quase R$ 1 milh\u00e3o e apresentavam ind\u00edcios de que os compromissos assumidos pela atual gest\u00e3o, liderada pelo prefeito Edimilson Francisco de Deus, o Bill de Deus, extrapolavam os limites financeiros previstos para o mandato vigente.<\/p>\n\n\n\n<figure class=\"wp-block-image size-large\"><img decoding=\"async\" width=\"1024\" height=\"746\" src=\"https:\/\/noticiaempauta.com\/portal\/wp-content\/uploads\/2024\/12\/IMG_7596-1024x746.jpeg\" alt=\"\" class=\"wp-image-265596\" srcset=\"https:\/\/noticiaempauta.com\/portal\/wp-content\/uploads\/2024\/12\/IMG_7596-1024x746.jpeg 1024w, https:\/\/noticiaempauta.com\/portal\/wp-content\/uploads\/2024\/12\/IMG_7596-300x218.jpeg 300w, https:\/\/noticiaempauta.com\/portal\/wp-content\/uploads\/2024\/12\/IMG_7596-768x559.jpeg 768w, https:\/\/noticiaempauta.com\/portal\/wp-content\/uploads\/2024\/12\/IMG_7596.jpeg 1170w\" sizes=\"(max-width: 1024px) 100vw, 1024px\" \/><\/figure>\n\n\n\n<p>Entre as medidas requeridas pelo denunciante e sua Comiss\u00e3o de Transi\u00e7\u00e3o, o TCE-PI determinou que o prefeito Bill de Deus apresente cronograma detalhado de execu\u00e7\u00e3o e pagamento das obras licitadas; demonstrativo da disponibilidade financeira para custeio integral das despesas; e a comprova\u00e7\u00e3o de regularidade or\u00e7ament\u00e1ria e financeira das contrata\u00e7\u00f5es.<\/p>\n\n\n\n<p>Foi determinada a aplica\u00e7\u00e3o de multa di\u00e1ria em caso de descumprimento, al\u00e9m do encaminhamento dos autos ao Minist\u00e9rio P\u00fablico de Contas e ao Minist\u00e9rio P\u00fablico Estadual para poss\u00edveis a\u00e7\u00f5es judiciais.<\/p>\n\n\n\n<p>Segundo o advogado Elianderson Moura, a decis\u00e3o \u00e9 um marco no combate \u00e0s pr\u00e1ticas administrativas que comprometem a responsabilidade fiscal e a transpar\u00eancia p\u00fablica.<\/p>\n\n\n\n<p>\u201c A Comiss\u00e3o de Transi\u00e7\u00e3o atuou de forma diligente, identificando graves irregularidades e evitando que a pr\u00f3xima gest\u00e3o herdasse d\u00edvidas insustent\u00e1veis. \u00c9 fundamental que o atual gestor respeite os limites do mandato, priorizando o interesse coletivo\u201d, destacou.<\/p>\n\n\n\n<p>O bloqueio das contas banc\u00e1rias busca impedir danos ao er\u00e1rio p\u00fablico durante o per\u00edodo de transi\u00e7\u00e3o, protegendo os recursos municipais at\u00e9 que se esclare\u00e7am as quest\u00f5es levantadas. Al\u00e9m disso, o TCE-PI determinou a ampla divulga\u00e7\u00e3o da decis\u00e3o para assegurar que a popula\u00e7\u00e3o de Aroeiras do Itaim esteja plenamente informada.<\/p>\n\n\n\n<p>O Tribunal continuar\u00e1 monitorando o cumprimento das medidas e poder\u00e1 instaurar auditorias especiais para investigar outras poss\u00edveis irregularidades administrativas. Caso as infra\u00e7\u00f5es sejam confirmadas, as contas do atual prefeito poder\u00e3o ser reprovadas.<\/p>\n\n\n\n<p>Essa decis\u00e3o reafirma o compromisso do TCE-PI com a fiscaliza\u00e7\u00e3o da administra\u00e7\u00e3o p\u00fablica, garantindo que os recursos municipais sejam aplicados de forma \u00e9tica, respons\u00e1vel e em benef\u00edcio da&nbsp;coletividade.<\/p>\n\n\n\n<p><em>O espa\u00e7o segue aberto para maiores esclarecimentos.<\/em><\/p>\n\n\n\n<p>Fonte: CidadesnaNet<\/p>\n","protected":false},"excerpt":{"rendered":"<p>O Tribunal de Contas do Piau\u00ed, por meio da conselheira Rejane Dias, suspendeu imediatamente as licita\u00e7\u00f5es e bloqueou as contas banc\u00e1rias da Prefeitura Municipal de Aroeiras do Itaim. As Concorr\u00eancias n\u00ba 001\/2024 e 002\/2024 (licita\u00e7\u00f5es) foram suspensas devido \u00e0 falta de previs\u00e3o or\u00e7ament\u00e1ria adequada e ao risco de comprometer os recursos municipais para al\u00e9m do [&hellip;]<\/p>\n","protected":false},"author":2,"featured_media":265596,"comment_status":"open","ping_status":"open","sticky":false,"template":"","format":"standard","meta":{"_mi_skip_tracking":false,"footnotes":""},"categories":[25,1,16],"tags":[],"class_list":["post-265594","post","type-post","status-publish","format-standard","has-post-thumbnail","hentry","category-destaques-site","category-geral","category-todas"],"acf":[],"yoast_head":"<!-- This site is optimized with the Yoast SEO Premium plugin v19.2 (Yoast SEO v26.9) - https:\/\/yoast.com\/product\/yoast-seo-premium-wordpress\/ -->\n<title>TCE-PI suspende licita\u00e7\u00f5es e bloqueia contas da Prefeitura de Aroeiras do Itaim - Portal Not\u00edcia em Pauta<\/title>\n<meta name=\"robots\" content=\"index, follow, max-snippet:-1, max-image-preview:large, max-video-preview:-1\" \/>\n<link rel=\"canonical\" href=\"https:\/\/noticiaempauta.com\/portal\/tce-pi-suspende-licitacoes-e-bloqueia-contas-da-prefeitura-de-aroeiras-do-itaim\/\" \/>\n<meta property=\"og:locale\" content=\"pt_BR\" \/>\n<meta property=\"og:type\" content=\"article\" \/>\n<meta property=\"og:title\" content=\"TCE-PI suspende licita\u00e7\u00f5es e bloqueia contas da Prefeitura de Aroeiras do Itaim\" \/>\n<meta property=\"og:description\" content=\"O Tribunal de Contas do Piau\u00ed, por meio da conselheira Rejane Dias, suspendeu imediatamente as licita\u00e7\u00f5es e bloqueou as contas banc\u00e1rias da Prefeitura Municipal de Aroeiras do Itaim. As Concorr\u00eancias n\u00ba 001\/2024 e 002\/2024 (licita\u00e7\u00f5es) foram suspensas devido \u00e0 falta de previs\u00e3o or\u00e7ament\u00e1ria adequada e ao risco de comprometer os recursos municipais para al\u00e9m do [&hellip;]\" \/>\n<meta property=\"og:url\" content=\"https:\/\/noticiaempauta.com\/portal\/tce-pi-suspende-licitacoes-e-bloqueia-contas-da-prefeitura-de-aroeiras-do-itaim\/\" \/>\n<meta property=\"og:site_name\" content=\"Portal Not\u00edcia em Pauta\" \/>\n<meta property=\"article:publisher\" content=\"https:\/\/www.facebook.com\/Portal-Notcia-Em-Pauta-102292869264820\/\" \/>\n<meta property=\"article:published_time\" content=\"2024-12-19T21:39:33+00:00\" \/>\n<meta property=\"article:modified_time\" content=\"2024-12-19T21:41:35+00:00\" \/>\n<meta property=\"og:image\" content=\"https:\/\/noticiaempauta.com\/portal\/wp-content\/uploads\/2024\/12\/IMG_7596.jpeg\" \/>\n\t<meta property=\"og:image:width\" content=\"1170\" \/>\n\t<meta property=\"og:image:height\" content=\"852\" \/>\n\t<meta property=\"og:image:type\" content=\"image\/jpeg\" \/>\n<meta name=\"author\" content=\"Reda\u00e7\u00e3o\" \/>\n<meta name=\"twitter:card\" content=\"summary_large_image\" \/>\n<meta name=\"twitter:label1\" content=\"Escrito por\" \/>\n\t<meta name=\"twitter:data1\" content=\"Reda\u00e7\u00e3o\" \/>\n\t<meta name=\"twitter:label2\" content=\"Est. tempo de leitura\" \/>\n\t<meta name=\"twitter:data2\" content=\"4 minutos\" \/>\n<script type=\"application\/ld+json\" class=\"yoast-schema-graph\">{\"@context\":\"https:\/\/schema.org\",\"@graph\":[{\"@type\":\"Article\",\"@id\":\"https:\/\/noticiaempauta.com\/portal\/tce-pi-suspende-licitacoes-e-bloqueia-contas-da-prefeitura-de-aroeiras-do-itaim\/#article\",\"isPartOf\":{\"@id\":\"https:\/\/noticiaempauta.com\/portal\/tce-pi-suspende-licitacoes-e-bloqueia-contas-da-prefeitura-de-aroeiras-do-itaim\/\"},\"author\":{\"name\":\"Reda\u00e7\u00e3o\",\"@id\":\"https:\/\/noticiaempauta.com\/portal\/#\/schema\/person\/a74af43dd1ab3deca45f988c717d57ac\"},\"headline\":\"TCE-PI suspende licita\u00e7\u00f5es e bloqueia contas da Prefeitura de Aroeiras do Itaim\",\"datePublished\":\"2024-12-19T21:39:33+00:00\",\"dateModified\":\"2024-12-19T21:41:35+00:00\",\"mainEntityOfPage\":{\"@id\":\"https:\/\/noticiaempauta.com\/portal\/tce-pi-suspende-licitacoes-e-bloqueia-contas-da-prefeitura-de-aroeiras-do-itaim\/\"},\"wordCount\":553,\"commentCount\":0,\"publisher\":{\"@id\":\"https:\/\/noticiaempauta.com\/portal\/#organization\"},\"image\":{\"@id\":\"https:\/\/noticiaempauta.com\/portal\/tce-pi-suspende-licitacoes-e-bloqueia-contas-da-prefeitura-de-aroeiras-do-itaim\/#primaryimage\"},\"thumbnailUrl\":\"https:\/\/noticiaempauta.com\/portal\/wp-content\/uploads\/2024\/12\/IMG_7596.jpeg\",\"articleSection\":[\"Destaques\",\"Geral\",\"Todas as Not\u00edcias\"],\"inLanguage\":\"pt-BR\",\"potentialAction\":[{\"@type\":\"CommentAction\",\"name\":\"Comment\",\"target\":[\"https:\/\/noticiaempauta.com\/portal\/tce-pi-suspende-licitacoes-e-bloqueia-contas-da-prefeitura-de-aroeiras-do-itaim\/#respond\"]}]},{\"@type\":\"WebPage\",\"@id\":\"https:\/\/noticiaempauta.com\/portal\/tce-pi-suspende-licitacoes-e-bloqueia-contas-da-prefeitura-de-aroeiras-do-itaim\/\",\"url\":\"https:\/\/noticiaempauta.com\/portal\/tce-pi-suspende-licitacoes-e-bloqueia-contas-da-prefeitura-de-aroeiras-do-itaim\/\",\"name\":\"TCE-PI suspende licita\u00e7\u00f5es e bloqueia contas da Prefeitura de Aroeiras do Itaim - Portal Not\u00edcia em Pauta\",\"isPartOf\":{\"@id\":\"https:\/\/noticiaempauta.com\/portal\/#website\"},\"primaryImageOfPage\":{\"@id\":\"https:\/\/noticiaempauta.com\/portal\/tce-pi-suspende-licitacoes-e-bloqueia-contas-da-prefeitura-de-aroeiras-do-itaim\/#primaryimage\"},\"image\":{\"@id\":\"https:\/\/noticiaempauta.com\/portal\/tce-pi-suspende-licitacoes-e-bloqueia-contas-da-prefeitura-de-aroeiras-do-itaim\/#primaryimage\"},\"thumbnailUrl\":\"https:\/\/noticiaempauta.com\/portal\/wp-content\/uploads\/2024\/12\/IMG_7596.jpeg\",\"datePublished\":\"2024-12-19T21:39:33+00:00\",\"dateModified\":\"2024-12-19T21:41:35+00:00\",\"breadcrumb\":{\"@id\":\"https:\/\/noticiaempauta.com\/portal\/tce-pi-suspende-licitacoes-e-bloqueia-contas-da-prefeitura-de-aroeiras-do-itaim\/#breadcrumb\"},\"inLanguage\":\"pt-BR\",\"potentialAction\":[{\"@type\":\"ReadAction\",\"target\":[\"https:\/\/noticiaempauta.com\/portal\/tce-pi-suspende-licitacoes-e-bloqueia-contas-da-prefeitura-de-aroeiras-do-itaim\/\"]}]},{\"@type\":\"ImageObject\",\"inLanguage\":\"pt-BR\",\"@id\":\"https:\/\/noticiaempauta.com\/portal\/tce-pi-suspende-licitacoes-e-bloqueia-contas-da-prefeitura-de-aroeiras-do-itaim\/#primaryimage\",\"url\":\"https:\/\/noticiaempauta.com\/portal\/wp-content\/uploads\/2024\/12\/IMG_7596.jpeg\",\"contentUrl\":\"https:\/\/noticiaempauta.com\/portal\/wp-content\/uploads\/2024\/12\/IMG_7596.jpeg\",\"width\":1170,\"height\":852,\"caption\":\"Screenshot\"},{\"@type\":\"BreadcrumbList\",\"@id\":\"https:\/\/noticiaempauta.com\/portal\/tce-pi-suspende-licitacoes-e-bloqueia-contas-da-prefeitura-de-aroeiras-do-itaim\/#breadcrumb\",\"itemListElement\":[{\"@type\":\"ListItem\",\"position\":1,\"name\":\"P\u00e1gina Inicial\",\"item\":\"https:\/\/noticiaempauta.com\/portal\/\"},{\"@type\":\"ListItem\",\"position\":2,\"name\":\"Destaques\",\"item\":\"https:\/\/noticiaempauta.com\/portal\/destaques-site\/\"},{\"@type\":\"ListItem\",\"position\":3,\"name\":\"TCE-PI suspende licita\u00e7\u00f5es e bloqueia contas da Prefeitura de Aroeiras do Itaim\"}]},{\"@type\":\"WebSite\",\"@id\":\"https:\/\/noticiaempauta.com\/portal\/#website\",\"url\":\"https:\/\/noticiaempauta.com\/portal\/\",\"name\":\"Portal Not\u00edcia em Pauta\",\"description\":\"Voc\u00ea bem informado\",\"publisher\":{\"@id\":\"https:\/\/noticiaempauta.com\/portal\/#organization\"},\"potentialAction\":[{\"@type\":\"SearchAction\",\"target\":{\"@type\":\"EntryPoint\",\"urlTemplate\":\"https:\/\/noticiaempauta.com\/portal\/?s={search_term_string}\"},\"query-input\":{\"@type\":\"PropertyValueSpecification\",\"valueRequired\":true,\"valueName\":\"search_term_string\"}}],\"inLanguage\":\"pt-BR\"},{\"@type\":\"Organization\",\"@id\":\"https:\/\/noticiaempauta.com\/portal\/#organization\",\"name\":\"Portal Not\u00edcia em Pauta\",\"url\":\"https:\/\/noticiaempauta.com\/portal\/\",\"logo\":{\"@type\":\"ImageObject\",\"inLanguage\":\"pt-BR\",\"@id\":\"https:\/\/noticiaempauta.com\/portal\/#\/schema\/logo\/image\/\",\"url\":\"https:\/\/noticiaempauta.com\/portal\/wp-content\/uploads\/2022\/08\/logomarca_tema.fw_.png\",\"contentUrl\":\"https:\/\/noticiaempauta.com\/portal\/wp-content\/uploads\/2022\/08\/logomarca_tema.fw_.png\",\"width\":400,\"height\":232,\"caption\":\"Portal Not\u00edcia em Pauta\"},\"image\":{\"@id\":\"https:\/\/noticiaempauta.com\/portal\/#\/schema\/logo\/image\/\"},\"sameAs\":[\"https:\/\/www.facebook.com\/Portal-Notcia-Em-Pauta-102292869264820\/\",\"https:\/\/www.instagram.com\/portalnoticiaempauta\/\"]},{\"@type\":\"Person\",\"@id\":\"https:\/\/noticiaempauta.com\/portal\/#\/schema\/person\/a74af43dd1ab3deca45f988c717d57ac\",\"name\":\"Reda\u00e7\u00e3o\",\"image\":{\"@type\":\"ImageObject\",\"inLanguage\":\"pt-BR\",\"@id\":\"https:\/\/noticiaempauta.com\/portal\/#\/schema\/person\/image\/\",\"url\":\"https:\/\/secure.gravatar.com\/avatar\/03179346ecce6cdfc13361603e8f54242a90e5cde8618fa23c5c00aa2b0aadf3?s=96&d=mm&r=g\",\"contentUrl\":\"https:\/\/secure.gravatar.com\/avatar\/03179346ecce6cdfc13361603e8f54242a90e5cde8618fa23c5c00aa2b0aadf3?s=96&d=mm&r=g\",\"caption\":\"Reda\u00e7\u00e3o\"},\"sameAs\":[\"https:\/\/noticiaempauta.com\/portal\/\"],\"url\":\"https:\/\/noticiaempauta.com\/portal\/author\/fernando\/\"}]}<\/script>\n<!-- \/ Yoast SEO Premium plugin. -->","yoast_head_json":{"title":"TCE-PI suspende licita\u00e7\u00f5es e bloqueia contas da Prefeitura de Aroeiras do Itaim - Portal Not\u00edcia em Pauta","robots":{"index":"index","follow":"follow","max-snippet":"max-snippet:-1","max-image-preview":"max-image-preview:large","max-video-preview":"max-video-preview:-1"},"canonical":"https:\/\/noticiaempauta.com\/portal\/tce-pi-suspende-licitacoes-e-bloqueia-contas-da-prefeitura-de-aroeiras-do-itaim\/","og_locale":"pt_BR","og_type":"article","og_title":"TCE-PI suspende licita\u00e7\u00f5es e bloqueia contas da Prefeitura de Aroeiras do Itaim","og_description":"O Tribunal de Contas do Piau\u00ed, por meio da conselheira Rejane Dias, suspendeu imediatamente as licita\u00e7\u00f5es e bloqueou as contas banc\u00e1rias da Prefeitura Municipal de Aroeiras do Itaim. As Concorr\u00eancias n\u00ba 001\/2024 e 002\/2024 (licita\u00e7\u00f5es) foram suspensas devido \u00e0 falta de previs\u00e3o or\u00e7ament\u00e1ria adequada e ao risco de comprometer os recursos municipais para al\u00e9m do [&hellip;]","og_url":"https:\/\/noticiaempauta.com\/portal\/tce-pi-suspende-licitacoes-e-bloqueia-contas-da-prefeitura-de-aroeiras-do-itaim\/","og_site_name":"Portal Not\u00edcia em Pauta","article_publisher":"https:\/\/www.facebook.com\/Portal-Notcia-Em-Pauta-102292869264820\/","article_published_time":"2024-12-19T21:39:33+00:00","article_modified_time":"2024-12-19T21:41:35+00:00","og_image":[{"width":1170,"height":852,"url":"https:\/\/noticiaempauta.com\/portal\/wp-content\/uploads\/2024\/12\/IMG_7596.jpeg","type":"image\/jpeg"}],"author":"Reda\u00e7\u00e3o","twitter_card":"summary_large_image","twitter_misc":{"Escrito por":"Reda\u00e7\u00e3o","Est. tempo de leitura":"4 minutos"},"schema":{"@context":"https:\/\/schema.org","@graph":[{"@type":"Article","@id":"https:\/\/noticiaempauta.com\/portal\/tce-pi-suspende-licitacoes-e-bloqueia-contas-da-prefeitura-de-aroeiras-do-itaim\/#article","isPartOf":{"@id":"https:\/\/noticiaempauta.com\/portal\/tce-pi-suspende-licitacoes-e-bloqueia-contas-da-prefeitura-de-aroeiras-do-itaim\/"},"author":{"name":"Reda\u00e7\u00e3o","@id":"https:\/\/noticiaempauta.com\/portal\/#\/schema\/person\/a74af43dd1ab3deca45f988c717d57ac"},"headline":"TCE-PI suspende licita\u00e7\u00f5es e bloqueia contas da Prefeitura de Aroeiras do Itaim","datePublished":"2024-12-19T21:39:33+00:00","dateModified":"2024-12-19T21:41:35+00:00","mainEntityOfPage":{"@id":"https:\/\/noticiaempauta.com\/portal\/tce-pi-suspende-licitacoes-e-bloqueia-contas-da-prefeitura-de-aroeiras-do-itaim\/"},"wordCount":553,"commentCount":0,"publisher":{"@id":"https:\/\/noticiaempauta.com\/portal\/#organization"},"image":{"@id":"https:\/\/noticiaempauta.com\/portal\/tce-pi-suspende-licitacoes-e-bloqueia-contas-da-prefeitura-de-aroeiras-do-itaim\/#primaryimage"},"thumbnailUrl":"https:\/\/noticiaempauta.com\/portal\/wp-content\/uploads\/2024\/12\/IMG_7596.jpeg","articleSection":["Destaques","Geral","Todas as Not\u00edcias"],"inLanguage":"pt-BR","potentialAction":[{"@type":"CommentAction","name":"Comment","target":["https:\/\/noticiaempauta.com\/portal\/tce-pi-suspende-licitacoes-e-bloqueia-contas-da-prefeitura-de-aroeiras-do-itaim\/#respond"]}]},{"@type":"WebPage","@id":"https:\/\/noticiaempauta.com\/portal\/tce-pi-suspende-licitacoes-e-bloqueia-contas-da-prefeitura-de-aroeiras-do-itaim\/","url":"https:\/\/noticiaempauta.com\/portal\/tce-pi-suspende-licitacoes-e-bloqueia-contas-da-prefeitura-de-aroeiras-do-itaim\/","name":"TCE-PI suspende licita\u00e7\u00f5es e bloqueia contas da Prefeitura de Aroeiras do Itaim - Portal Not\u00edcia em Pauta","isPartOf":{"@id":"https:\/\/noticiaempauta.com\/portal\/#website"},"primaryImageOfPage":{"@id":"https:\/\/noticiaempauta.com\/portal\/tce-pi-suspende-licitacoes-e-bloqueia-contas-da-prefeitura-de-aroeiras-do-itaim\/#primaryimage"},"image":{"@id":"https:\/\/noticiaempauta.com\/portal\/tce-pi-suspende-licitacoes-e-bloqueia-contas-da-prefeitura-de-aroeiras-do-itaim\/#primaryimage"},"thumbnailUrl":"https:\/\/noticiaempauta.com\/portal\/wp-content\/uploads\/2024\/12\/IMG_7596.jpeg","datePublished":"2024-12-19T21:39:33+00:00","dateModified":"2024-12-19T21:41:35+00:00","breadcrumb":{"@id":"https:\/\/noticiaempauta.com\/portal\/tce-pi-suspende-licitacoes-e-bloqueia-contas-da-prefeitura-de-aroeiras-do-itaim\/#breadcrumb"},"inLanguage":"pt-BR","potentialAction":[{"@type":"ReadAction","target":["https:\/\/noticiaempauta.com\/portal\/tce-pi-suspende-licitacoes-e-bloqueia-contas-da-prefeitura-de-aroeiras-do-itaim\/"]}]},{"@type":"ImageObject","inLanguage":"pt-BR","@id":"https:\/\/noticiaempauta.com\/portal\/tce-pi-suspende-licitacoes-e-bloqueia-contas-da-prefeitura-de-aroeiras-do-itaim\/#primaryimage","url":"https:\/\/noticiaempauta.com\/portal\/wp-content\/uploads\/2024\/12\/IMG_7596.jpeg","contentUrl":"https:\/\/noticiaempauta.com\/portal\/wp-content\/uploads\/2024\/12\/IMG_7596.jpeg","width":1170,"height":852,"caption":"Screenshot"},{"@type":"BreadcrumbList","@id":"https:\/\/noticiaempauta.com\/portal\/tce-pi-suspende-licitacoes-e-bloqueia-contas-da-prefeitura-de-aroeiras-do-itaim\/#breadcrumb","itemListElement":[{"@type":"ListItem","position":1,"name":"P\u00e1gina Inicial","item":"https:\/\/noticiaempauta.com\/portal\/"},{"@type":"ListItem","position":2,"name":"Destaques","item":"https:\/\/noticiaempauta.com\/portal\/destaques-site\/"},{"@type":"ListItem","position":3,"name":"TCE-PI suspende licita\u00e7\u00f5es e bloqueia contas da Prefeitura de Aroeiras do Itaim"}]},{"@type":"WebSite","@id":"https:\/\/noticiaempauta.com\/portal\/#website","url":"https:\/\/noticiaempauta.com\/portal\/","name":"Portal Not\u00edcia em Pauta","description":"Voc\u00ea bem informado","publisher":{"@id":"https:\/\/noticiaempauta.com\/portal\/#organization"},"potentialAction":[{"@type":"SearchAction","target":{"@type":"EntryPoint","urlTemplate":"https:\/\/noticiaempauta.com\/portal\/?s={search_term_string}"},"query-input":{"@type":"PropertyValueSpecification","valueRequired":true,"valueName":"search_term_string"}}],"inLanguage":"pt-BR"},{"@type":"Organization","@id":"https:\/\/noticiaempauta.com\/portal\/#organization","name":"Portal Not\u00edcia em Pauta","url":"https:\/\/noticiaempauta.com\/portal\/","logo":{"@type":"ImageObject","inLanguage":"pt-BR","@id":"https:\/\/noticiaempauta.com\/portal\/#\/schema\/logo\/image\/","url":"https:\/\/noticiaempauta.com\/portal\/wp-content\/uploads\/2022\/08\/logomarca_tema.fw_.png","contentUrl":"https:\/\/noticiaempauta.com\/portal\/wp-content\/uploads\/2022\/08\/logomarca_tema.fw_.png","width":400,"height":232,"caption":"Portal Not\u00edcia em Pauta"},"image":{"@id":"https:\/\/noticiaempauta.com\/portal\/#\/schema\/logo\/image\/"},"sameAs":["https:\/\/www.facebook.com\/Portal-Notcia-Em-Pauta-102292869264820\/","https:\/\/www.instagram.com\/portalnoticiaempauta\/"]},{"@type":"Person","@id":"https:\/\/noticiaempauta.com\/portal\/#\/schema\/person\/a74af43dd1ab3deca45f988c717d57ac","name":"Reda\u00e7\u00e3o","image":{"@type":"ImageObject","inLanguage":"pt-BR","@id":"https:\/\/noticiaempauta.com\/portal\/#\/schema\/person\/image\/","url":"https:\/\/secure.gravatar.com\/avatar\/03179346ecce6cdfc13361603e8f54242a90e5cde8618fa23c5c00aa2b0aadf3?s=96&d=mm&r=g","contentUrl":"https:\/\/secure.gravatar.com\/avatar\/03179346ecce6cdfc13361603e8f54242a90e5cde8618fa23c5c00aa2b0aadf3?s=96&d=mm&r=g","caption":"Reda\u00e7\u00e3o"},"sameAs":["https:\/\/noticiaempauta.com\/portal\/"],"url":"https:\/\/noticiaempauta.com\/portal\/author\/fernando\/"}]}},"_links":{"self":[{"href":"https:\/\/noticiaempauta.com\/portal\/wp-json\/wp\/v2\/posts\/265594","targetHints":{"allow":["GET"]}}],"collection":[{"href":"https:\/\/noticiaempauta.com\/portal\/wp-json\/wp\/v2\/posts"}],"about":[{"href":"https:\/\/noticiaempauta.com\/portal\/wp-json\/wp\/v2\/types\/post"}],"author":[{"embeddable":true,"href":"https:\/\/noticiaempauta.com\/portal\/wp-json\/wp\/v2\/users\/2"}],"replies":[{"embeddable":true,"href":"https:\/\/noticiaempauta.com\/portal\/wp-json\/wp\/v2\/comments?post=265594"}],"version-history":[{"count":3,"href":"https:\/\/noticiaempauta.com\/portal\/wp-json\/wp\/v2\/posts\/265594\/revisions"}],"predecessor-version":[{"id":265599,"href":"https:\/\/noticiaempauta.com\/portal\/wp-json\/wp\/v2\/posts\/265594\/revisions\/265599"}],"wp:featuredmedia":[{"embeddable":true,"href":"https:\/\/noticiaempauta.com\/portal\/wp-json\/wp\/v2\/media\/265596"}],"wp:attachment":[{"href":"https:\/\/noticiaempauta.com\/portal\/wp-json\/wp\/v2\/media?parent=265594"}],"wp:term":[{"taxonomy":"category","embeddable":true,"href":"https:\/\/noticiaempauta.com\/portal\/wp-json\/wp\/v2\/categories?post=265594"},{"taxonomy":"post_tag","embeddable":true,"href":"https:\/\/noticiaempauta.com\/portal\/wp-json\/wp\/v2\/tags?post=265594"}],"curies":[{"name":"wp","href":"https:\/\/api.w.org\/{rel}","templated":true}]}}