{"id":265646,"date":"2024-12-21T10:53:28","date_gmt":"2024-12-21T13:53:28","guid":{"rendered":"https:\/\/noticiaempauta.com\/portal\/?p=265646"},"modified":"2024-12-21T10:53:29","modified_gmt":"2024-12-21T13:53:29","slug":"governador-entrega-30-toneladas-de-alimentos-da-agricultura-familiar-e-ressalta-importancia-social-e-economica-de-programas-da-saf","status":"publish","type":"post","link":"https:\/\/noticiaempauta.com\/portal\/governador-entrega-30-toneladas-de-alimentos-da-agricultura-familiar-e-ressalta-importancia-social-e-economica-de-programas-da-saf\/","title":{"rendered":"Governador entrega 30 toneladas de alimentos da agricultura familiar e ressalta import\u00e2ncia social e econ\u00f4mica de programas da SAF"},"content":{"rendered":"\n<p>O governo do Estado entregou, na tarde desta sexta-feira (20), 30 toneladas de alimentos adquiridos de agricultores familiares das cidades de Teresina, Uni\u00e3o, Jos\u00e9 de Freitas e Coivaras. Cerca de 40 institui\u00e7\u00f5es foram contempladas. A iniciativa contempla a pol\u00edtica de seguran\u00e7a alimentar e fomenta a produ\u00e7\u00e3o de fam\u00edlias do campo, garantindo renda e estimulando a produ\u00e7\u00e3o. &nbsp;Em 2024, segundo n\u00fameros da Secretaria da Agricultura Familiar (SAF), quase R$ 13 milh\u00f5es foram investidos na aquisi\u00e7\u00e3o de alimentos.<\/p>\n\n\n\n<figure class=\"wp-block-image size-large\"><img fetchpriority=\"high\" decoding=\"async\" width=\"1024\" height=\"683\" src=\"https:\/\/noticiaempauta.com\/portal\/wp-content\/uploads\/2024\/12\/Imagem-do-WhatsApp-de-2024-12-20-as-19.23.36_4a0568d7-1024x683.jpg\" alt=\"\" class=\"wp-image-265650\" srcset=\"https:\/\/noticiaempauta.com\/portal\/wp-content\/uploads\/2024\/12\/Imagem-do-WhatsApp-de-2024-12-20-as-19.23.36_4a0568d7-1024x683.jpg 1024w, https:\/\/noticiaempauta.com\/portal\/wp-content\/uploads\/2024\/12\/Imagem-do-WhatsApp-de-2024-12-20-as-19.23.36_4a0568d7-300x200.jpg 300w, https:\/\/noticiaempauta.com\/portal\/wp-content\/uploads\/2024\/12\/Imagem-do-WhatsApp-de-2024-12-20-as-19.23.36_4a0568d7-768x512.jpg 768w, https:\/\/noticiaempauta.com\/portal\/wp-content\/uploads\/2024\/12\/Imagem-do-WhatsApp-de-2024-12-20-as-19.23.36_4a0568d7-1536x1024.jpg 1536w, https:\/\/noticiaempauta.com\/portal\/wp-content\/uploads\/2024\/12\/Imagem-do-WhatsApp-de-2024-12-20-as-19.23.36_4a0568d7-2048x1366.jpg 2048w\" sizes=\"(max-width: 1024px) 100vw, 1024px\" \/><\/figure>\n\n\n\n<p>O governador Rafael Fonteles destacou a import\u00e2ncia do Programa de Aquisi\u00e7\u00e3o de Alimentos (PAA), que \u00e9 executado em parceria com o Minist\u00e9rio do Desenvolvimento Social (MDS), e o Programa de Alimenta\u00e7\u00e3o Saud\u00e1vel (PAS), uma iniciativa do Governo Estadual.&nbsp;<\/p>\n\n\n\n<figure class=\"wp-block-image size-full\"><img decoding=\"async\" width=\"1000\" height=\"666\" src=\"https:\/\/noticiaempauta.com\/portal\/wp-content\/uploads\/2024\/12\/large_Imagem_do_Whats_App_de_2024_12_20_a_s_19_23_13_c58c9172_e7b4fed5a8.jpg\" alt=\"\" class=\"wp-image-265649\" srcset=\"https:\/\/noticiaempauta.com\/portal\/wp-content\/uploads\/2024\/12\/large_Imagem_do_Whats_App_de_2024_12_20_a_s_19_23_13_c58c9172_e7b4fed5a8.jpg 1000w, https:\/\/noticiaempauta.com\/portal\/wp-content\/uploads\/2024\/12\/large_Imagem_do_Whats_App_de_2024_12_20_a_s_19_23_13_c58c9172_e7b4fed5a8-300x200.jpg 300w, https:\/\/noticiaempauta.com\/portal\/wp-content\/uploads\/2024\/12\/large_Imagem_do_Whats_App_de_2024_12_20_a_s_19_23_13_c58c9172_e7b4fed5a8-768x511.jpg 768w\" sizes=\"(max-width: 1000px) 100vw, 1000px\" \/><\/figure>\n\n\n\n<p>&#8220;\u00c9 uma pol\u00edtica p\u00fablica muito inteligente porque beneficia as duas pontas simultaneamente. Tem a aquisi\u00e7\u00e3o que \u00e9 feita pelo governo, o que beneficia o produtor, e, por outro lado, garante seguran\u00e7a alimentar e nutricional para quem precisa no complemento ao Bolsa Fam\u00edlia. Estamos aqui reafirmando nosso compromisso, principalmente nesse fim de ano, porque a gente quer que todas as fam\u00edlias do Piau\u00ed tenham um Natal digno, com a barriga cheia e pr\u00f3ximos de Jesus Cristo&#8221;, explicou Rafael Fonteles.<\/p>\n\n\n\n<p>De acordo com a SAF, este ano foram adquiridas mais de 2 mil toneladas de alimentos, distribu\u00eddas a quase 11 mil entidades. Cerca de 3 mil agricultores formam o grupo de &nbsp;fornecedores. A secret\u00e1ria Rejane Tavares, da SAF, fez uma avalia\u00e7\u00e3o do trabalho desenvolvido durante este ano, com foco na expans\u00e3o desta pol\u00edtica p\u00fablica que vem transformando da vida de pessoas em situa\u00e7\u00e3o de vulnerabilidade.<\/p>\n\n\n\n<figure class=\"wp-block-image size-full\"><img decoding=\"async\" width=\"1000\" height=\"666\" src=\"https:\/\/noticiaempauta.com\/portal\/wp-content\/uploads\/2024\/12\/large_Imagem_do_Whats_App_de_2024_12_20_a_s_19_23_12_97f5c1e0_83588160be.jpg\" alt=\"\" class=\"wp-image-265648\" srcset=\"https:\/\/noticiaempauta.com\/portal\/wp-content\/uploads\/2024\/12\/large_Imagem_do_Whats_App_de_2024_12_20_a_s_19_23_12_97f5c1e0_83588160be.jpg 1000w, https:\/\/noticiaempauta.com\/portal\/wp-content\/uploads\/2024\/12\/large_Imagem_do_Whats_App_de_2024_12_20_a_s_19_23_12_97f5c1e0_83588160be-300x200.jpg 300w, https:\/\/noticiaempauta.com\/portal\/wp-content\/uploads\/2024\/12\/large_Imagem_do_Whats_App_de_2024_12_20_a_s_19_23_12_97f5c1e0_83588160be-768x511.jpg 768w\" sizes=\"(max-width: 1000px) 100vw, 1000px\" \/><\/figure>\n\n\n\n<p>&#8220;Temos aqui a conclus\u00e3o dos trabalhos do ano com a entrega desses alimentos a 11 Cozinhas Solid\u00e1rias e mais 25 institui\u00e7\u00f5es. &nbsp;A gente trabalha dois p\u00f3los desse processo: pessoas em situa\u00e7\u00e3o de vulnerabilidade que passam a ter acesso a essa quantidade de alimentos e os agricultores familiares. Temos uma m\u00e9dia de R$ 10 mil adquiridos por cada agricultor familiar ao longo desse ano&#8221;, afirmou Rejane Tavares.<\/p>\n\n\n\n<p>A solenidade de entrega dos alimentos aconteceu no Centro da Juventude Santa Cabrini, localizado na Vila Irm\u00e3 Dulce, zona sul de Teresina. A diretora social da entidade, irm\u00e3 Denise Morra, explicou a import\u00e2ncia da garantia desses produtos, que viabilizam a alimenta\u00e7\u00e3o de qualidade a quem precisa.<\/p>\n\n\n\n<figure class=\"wp-block-image size-full\"><img loading=\"lazy\" decoding=\"async\" width=\"1000\" height=\"666\" src=\"https:\/\/noticiaempauta.com\/portal\/wp-content\/uploads\/2024\/12\/large_Imagem_do_Whats_App_de_2024_12_20_a_s_19_23_13_0acc0be1_be5a1e75b5.jpg\" alt=\"\" class=\"wp-image-265647\" srcset=\"https:\/\/noticiaempauta.com\/portal\/wp-content\/uploads\/2024\/12\/large_Imagem_do_Whats_App_de_2024_12_20_a_s_19_23_13_0acc0be1_be5a1e75b5.jpg 1000w, https:\/\/noticiaempauta.com\/portal\/wp-content\/uploads\/2024\/12\/large_Imagem_do_Whats_App_de_2024_12_20_a_s_19_23_13_0acc0be1_be5a1e75b5-300x200.jpg 300w, https:\/\/noticiaempauta.com\/portal\/wp-content\/uploads\/2024\/12\/large_Imagem_do_Whats_App_de_2024_12_20_a_s_19_23_13_0acc0be1_be5a1e75b5-768x511.jpg 768w\" sizes=\"(max-width: 1000px) 100vw, 1000px\" \/><\/figure>\n\n\n\n<p>&#8220;N\u00e3o \u00e9 s\u00f3 tirar a crian\u00e7a da rua, mas trabalhar a estima, a educa\u00e7\u00e3o, cultura, lazer e tamb\u00e9m a seguran\u00e7a alimentar. Semanalmente, atendemos cerca de 400 pessoas aqui. E quem tem fome tem pressa. Essa forma de fazer a pol\u00edtica p\u00fablica do PPA nos ajuda a enriquecer a comida, a refei\u00e7\u00e3o&#8221;, completa.<\/p>\n\n\n\n<p>Os produtores da agricultura familiar ressaltaram o alcance dos programas na melhoria da qualidade de vida. &#8220;N\u00f3s temos a garantia de mercado atrav\u00e9s desses programas, a garantia de pre\u00e7o, melhorando, assim, a nossa renda, nossa qualidade de vida, e contribuindo no combate \u00e0 inseguran\u00e7a alimentar pela doa\u00e7\u00e3o a essas entidades que t\u00eam pessoas, escolas e creches que s\u00e3o beneficiadas&#8221;, declarou Leslley Raquel, representante da Associa\u00e7\u00e3o dos Produtores Rurais de Coivaras.&nbsp;<\/p>\n\n\n\n<p>CCOM-PI<\/p>\n","protected":false},"excerpt":{"rendered":"<p>O governo do Estado entregou, na tarde desta sexta-feira (20), 30 toneladas de alimentos adquiridos de agricultores familiares das cidades de Teresina, Uni\u00e3o, Jos\u00e9 de Freitas e Coivaras. Cerca de 40 institui\u00e7\u00f5es foram contempladas. A iniciativa contempla a pol\u00edtica de seguran\u00e7a alimentar e fomenta a produ\u00e7\u00e3o de fam\u00edlias do campo, garantindo renda e estimulando a [&hellip;]<\/p>\n","protected":false},"author":2,"featured_media":265650,"comment_status":"open","ping_status":"open","sticky":false,"template":"","format":"standard","meta":{"_mi_skip_tracking":false,"footnotes":""},"categories":[25,1,9,16],"tags":[192],"class_list":["post-265646","post","type-post","status-publish","format-standard","has-post-thumbnail","hentry","category-destaques-site","category-geral","category-municipios","category-todas","tag-destaqueprincipal"],"acf":[],"yoast_head":"<!-- This site is optimized with the Yoast SEO Premium plugin v19.2 (Yoast SEO v26.9) - https:\/\/yoast.com\/product\/yoast-seo-premium-wordpress\/ -->\n<title>Governador entrega 30 toneladas de alimentos da agricultura familiar e ressalta import\u00e2ncia social e econ\u00f4mica de programas da SAF - Portal Not\u00edcia em Pauta<\/title>\n<meta name=\"robots\" content=\"index, follow, max-snippet:-1, max-image-preview:large, max-video-preview:-1\" \/>\n<link rel=\"canonical\" href=\"https:\/\/noticiaempauta.com\/portal\/governador-entrega-30-toneladas-de-alimentos-da-agricultura-familiar-e-ressalta-importancia-social-e-economica-de-programas-da-saf\/\" \/>\n<meta property=\"og:locale\" content=\"pt_BR\" \/>\n<meta property=\"og:type\" content=\"article\" \/>\n<meta property=\"og:title\" content=\"Governador entrega 30 toneladas de alimentos da agricultura familiar e ressalta import\u00e2ncia social e econ\u00f4mica de programas da SAF\" \/>\n<meta property=\"og:description\" content=\"O governo do Estado entregou, na tarde desta sexta-feira (20), 30 toneladas de alimentos adquiridos de agricultores familiares das cidades de Teresina, Uni\u00e3o, Jos\u00e9 de Freitas e Coivaras. Cerca de 40 institui\u00e7\u00f5es foram contempladas. A iniciativa contempla a pol\u00edtica de seguran\u00e7a alimentar e fomenta a produ\u00e7\u00e3o de fam\u00edlias do campo, garantindo renda e estimulando a [&hellip;]\" \/>\n<meta property=\"og:url\" content=\"https:\/\/noticiaempauta.com\/portal\/governador-entrega-30-toneladas-de-alimentos-da-agricultura-familiar-e-ressalta-importancia-social-e-economica-de-programas-da-saf\/\" \/>\n<meta property=\"og:site_name\" content=\"Portal Not\u00edcia em Pauta\" \/>\n<meta property=\"article:publisher\" content=\"https:\/\/www.facebook.com\/Portal-Notcia-Em-Pauta-102292869264820\/\" \/>\n<meta property=\"article:published_time\" content=\"2024-12-21T13:53:28+00:00\" \/>\n<meta property=\"article:modified_time\" content=\"2024-12-21T13:53:29+00:00\" \/>\n<meta property=\"og:image\" content=\"https:\/\/noticiaempauta.com\/portal\/wp-content\/uploads\/2024\/12\/Imagem-do-WhatsApp-de-2024-12-20-as-19.23.36_4a0568d7-scaled.jpg\" \/>\n\t<meta property=\"og:image:width\" content=\"2560\" \/>\n\t<meta property=\"og:image:height\" content=\"1707\" \/>\n\t<meta property=\"og:image:type\" content=\"image\/jpeg\" \/>\n<meta name=\"author\" content=\"Reda\u00e7\u00e3o\" \/>\n<meta name=\"twitter:card\" content=\"summary_large_image\" \/>\n<meta name=\"twitter:label1\" content=\"Escrito por\" \/>\n\t<meta name=\"twitter:data1\" content=\"Reda\u00e7\u00e3o\" \/>\n\t<meta name=\"twitter:label2\" content=\"Est. tempo de leitura\" \/>\n\t<meta name=\"twitter:data2\" content=\"4 minutos\" \/>\n<script type=\"application\/ld+json\" class=\"yoast-schema-graph\">{\"@context\":\"https:\/\/schema.org\",\"@graph\":[{\"@type\":\"Article\",\"@id\":\"https:\/\/noticiaempauta.com\/portal\/governador-entrega-30-toneladas-de-alimentos-da-agricultura-familiar-e-ressalta-importancia-social-e-economica-de-programas-da-saf\/#article\",\"isPartOf\":{\"@id\":\"https:\/\/noticiaempauta.com\/portal\/governador-entrega-30-toneladas-de-alimentos-da-agricultura-familiar-e-ressalta-importancia-social-e-economica-de-programas-da-saf\/\"},\"author\":{\"name\":\"Reda\u00e7\u00e3o\",\"@id\":\"https:\/\/noticiaempauta.com\/portal\/#\/schema\/person\/a74af43dd1ab3deca45f988c717d57ac\"},\"headline\":\"Governador entrega 30 toneladas de alimentos da agricultura familiar e ressalta import\u00e2ncia social e econ\u00f4mica de programas da SAF\",\"datePublished\":\"2024-12-21T13:53:28+00:00\",\"dateModified\":\"2024-12-21T13:53:29+00:00\",\"mainEntityOfPage\":{\"@id\":\"https:\/\/noticiaempauta.com\/portal\/governador-entrega-30-toneladas-de-alimentos-da-agricultura-familiar-e-ressalta-importancia-social-e-economica-de-programas-da-saf\/\"},\"wordCount\":553,\"commentCount\":0,\"publisher\":{\"@id\":\"https:\/\/noticiaempauta.com\/portal\/#organization\"},\"image\":{\"@id\":\"https:\/\/noticiaempauta.com\/portal\/governador-entrega-30-toneladas-de-alimentos-da-agricultura-familiar-e-ressalta-importancia-social-e-economica-de-programas-da-saf\/#primaryimage\"},\"thumbnailUrl\":\"https:\/\/noticiaempauta.com\/portal\/wp-content\/uploads\/2024\/12\/Imagem-do-WhatsApp-de-2024-12-20-as-19.23.36_4a0568d7-scaled.jpg\",\"keywords\":[\"destaqueprincipal\"],\"articleSection\":[\"Destaques\",\"Geral\",\"Munic\u00edpios\",\"Todas as Not\u00edcias\"],\"inLanguage\":\"pt-BR\",\"potentialAction\":[{\"@type\":\"CommentAction\",\"name\":\"Comment\",\"target\":[\"https:\/\/noticiaempauta.com\/portal\/governador-entrega-30-toneladas-de-alimentos-da-agricultura-familiar-e-ressalta-importancia-social-e-economica-de-programas-da-saf\/#respond\"]}]},{\"@type\":\"WebPage\",\"@id\":\"https:\/\/noticiaempauta.com\/portal\/governador-entrega-30-toneladas-de-alimentos-da-agricultura-familiar-e-ressalta-importancia-social-e-economica-de-programas-da-saf\/\",\"url\":\"https:\/\/noticiaempauta.com\/portal\/governador-entrega-30-toneladas-de-alimentos-da-agricultura-familiar-e-ressalta-importancia-social-e-economica-de-programas-da-saf\/\",\"name\":\"Governador entrega 30 toneladas de alimentos da agricultura familiar e ressalta import\u00e2ncia social e econ\u00f4mica de programas da SAF - Portal Not\u00edcia em Pauta\",\"isPartOf\":{\"@id\":\"https:\/\/noticiaempauta.com\/portal\/#website\"},\"primaryImageOfPage\":{\"@id\":\"https:\/\/noticiaempauta.com\/portal\/governador-entrega-30-toneladas-de-alimentos-da-agricultura-familiar-e-ressalta-importancia-social-e-economica-de-programas-da-saf\/#primaryimage\"},\"image\":{\"@id\":\"https:\/\/noticiaempauta.com\/portal\/governador-entrega-30-toneladas-de-alimentos-da-agricultura-familiar-e-ressalta-importancia-social-e-economica-de-programas-da-saf\/#primaryimage\"},\"thumbnailUrl\":\"https:\/\/noticiaempauta.com\/portal\/wp-content\/uploads\/2024\/12\/Imagem-do-WhatsApp-de-2024-12-20-as-19.23.36_4a0568d7-scaled.jpg\",\"datePublished\":\"2024-12-21T13:53:28+00:00\",\"dateModified\":\"2024-12-21T13:53:29+00:00\",\"breadcrumb\":{\"@id\":\"https:\/\/noticiaempauta.com\/portal\/governador-entrega-30-toneladas-de-alimentos-da-agricultura-familiar-e-ressalta-importancia-social-e-economica-de-programas-da-saf\/#breadcrumb\"},\"inLanguage\":\"pt-BR\",\"potentialAction\":[{\"@type\":\"ReadAction\",\"target\":[\"https:\/\/noticiaempauta.com\/portal\/governador-entrega-30-toneladas-de-alimentos-da-agricultura-familiar-e-ressalta-importancia-social-e-economica-de-programas-da-saf\/\"]}]},{\"@type\":\"ImageObject\",\"inLanguage\":\"pt-BR\",\"@id\":\"https:\/\/noticiaempauta.com\/portal\/governador-entrega-30-toneladas-de-alimentos-da-agricultura-familiar-e-ressalta-importancia-social-e-economica-de-programas-da-saf\/#primaryimage\",\"url\":\"https:\/\/noticiaempauta.com\/portal\/wp-content\/uploads\/2024\/12\/Imagem-do-WhatsApp-de-2024-12-20-as-19.23.36_4a0568d7-scaled.jpg\",\"contentUrl\":\"https:\/\/noticiaempauta.com\/portal\/wp-content\/uploads\/2024\/12\/Imagem-do-WhatsApp-de-2024-12-20-as-19.23.36_4a0568d7-scaled.jpg\",\"width\":2560,\"height\":1707},{\"@type\":\"BreadcrumbList\",\"@id\":\"https:\/\/noticiaempauta.com\/portal\/governador-entrega-30-toneladas-de-alimentos-da-agricultura-familiar-e-ressalta-importancia-social-e-economica-de-programas-da-saf\/#breadcrumb\",\"itemListElement\":[{\"@type\":\"ListItem\",\"position\":1,\"name\":\"P\u00e1gina Inicial\",\"item\":\"https:\/\/noticiaempauta.com\/portal\/\"},{\"@type\":\"ListItem\",\"position\":2,\"name\":\"Destaques\",\"item\":\"https:\/\/noticiaempauta.com\/portal\/destaques-site\/\"},{\"@type\":\"ListItem\",\"position\":3,\"name\":\"Governador entrega 30 toneladas de alimentos da agricultura familiar e ressalta import\u00e2ncia social e econ\u00f4mica de programas da SAF\"}]},{\"@type\":\"WebSite\",\"@id\":\"https:\/\/noticiaempauta.com\/portal\/#website\",\"url\":\"https:\/\/noticiaempauta.com\/portal\/\",\"name\":\"Portal Not\u00edcia em Pauta\",\"description\":\"Voc\u00ea bem informado\",\"publisher\":{\"@id\":\"https:\/\/noticiaempauta.com\/portal\/#organization\"},\"potentialAction\":[{\"@type\":\"SearchAction\",\"target\":{\"@type\":\"EntryPoint\",\"urlTemplate\":\"https:\/\/noticiaempauta.com\/portal\/?s={search_term_string}\"},\"query-input\":{\"@type\":\"PropertyValueSpecification\",\"valueRequired\":true,\"valueName\":\"search_term_string\"}}],\"inLanguage\":\"pt-BR\"},{\"@type\":\"Organization\",\"@id\":\"https:\/\/noticiaempauta.com\/portal\/#organization\",\"name\":\"Portal Not\u00edcia em Pauta\",\"url\":\"https:\/\/noticiaempauta.com\/portal\/\",\"logo\":{\"@type\":\"ImageObject\",\"inLanguage\":\"pt-BR\",\"@id\":\"https:\/\/noticiaempauta.com\/portal\/#\/schema\/logo\/image\/\",\"url\":\"https:\/\/noticiaempauta.com\/portal\/wp-content\/uploads\/2022\/08\/logomarca_tema.fw_.png\",\"contentUrl\":\"https:\/\/noticiaempauta.com\/portal\/wp-content\/uploads\/2022\/08\/logomarca_tema.fw_.png\",\"width\":400,\"height\":232,\"caption\":\"Portal Not\u00edcia em Pauta\"},\"image\":{\"@id\":\"https:\/\/noticiaempauta.com\/portal\/#\/schema\/logo\/image\/\"},\"sameAs\":[\"https:\/\/www.facebook.com\/Portal-Notcia-Em-Pauta-102292869264820\/\",\"https:\/\/www.instagram.com\/portalnoticiaempauta\/\"]},{\"@type\":\"Person\",\"@id\":\"https:\/\/noticiaempauta.com\/portal\/#\/schema\/person\/a74af43dd1ab3deca45f988c717d57ac\",\"name\":\"Reda\u00e7\u00e3o\",\"image\":{\"@type\":\"ImageObject\",\"inLanguage\":\"pt-BR\",\"@id\":\"https:\/\/noticiaempauta.com\/portal\/#\/schema\/person\/image\/\",\"url\":\"https:\/\/secure.gravatar.com\/avatar\/03179346ecce6cdfc13361603e8f54242a90e5cde8618fa23c5c00aa2b0aadf3?s=96&d=mm&r=g\",\"contentUrl\":\"https:\/\/secure.gravatar.com\/avatar\/03179346ecce6cdfc13361603e8f54242a90e5cde8618fa23c5c00aa2b0aadf3?s=96&d=mm&r=g\",\"caption\":\"Reda\u00e7\u00e3o\"},\"sameAs\":[\"https:\/\/noticiaempauta.com\/portal\/\"],\"url\":\"https:\/\/noticiaempauta.com\/portal\/author\/fernando\/\"}]}<\/script>\n<!-- \/ Yoast SEO Premium plugin. -->","yoast_head_json":{"title":"Governador entrega 30 toneladas de alimentos da agricultura familiar e ressalta import\u00e2ncia social e econ\u00f4mica de programas da SAF - Portal Not\u00edcia em Pauta","robots":{"index":"index","follow":"follow","max-snippet":"max-snippet:-1","max-image-preview":"max-image-preview:large","max-video-preview":"max-video-preview:-1"},"canonical":"https:\/\/noticiaempauta.com\/portal\/governador-entrega-30-toneladas-de-alimentos-da-agricultura-familiar-e-ressalta-importancia-social-e-economica-de-programas-da-saf\/","og_locale":"pt_BR","og_type":"article","og_title":"Governador entrega 30 toneladas de alimentos da agricultura familiar e ressalta import\u00e2ncia social e econ\u00f4mica de programas da SAF","og_description":"O governo do Estado entregou, na tarde desta sexta-feira (20), 30 toneladas de alimentos adquiridos de agricultores familiares das cidades de Teresina, Uni\u00e3o, Jos\u00e9 de Freitas e Coivaras. Cerca de 40 institui\u00e7\u00f5es foram contempladas. A iniciativa contempla a pol\u00edtica de seguran\u00e7a alimentar e fomenta a produ\u00e7\u00e3o de fam\u00edlias do campo, garantindo renda e estimulando a [&hellip;]","og_url":"https:\/\/noticiaempauta.com\/portal\/governador-entrega-30-toneladas-de-alimentos-da-agricultura-familiar-e-ressalta-importancia-social-e-economica-de-programas-da-saf\/","og_site_name":"Portal Not\u00edcia em Pauta","article_publisher":"https:\/\/www.facebook.com\/Portal-Notcia-Em-Pauta-102292869264820\/","article_published_time":"2024-12-21T13:53:28+00:00","article_modified_time":"2024-12-21T13:53:29+00:00","og_image":[{"width":2560,"height":1707,"url":"https:\/\/noticiaempauta.com\/portal\/wp-content\/uploads\/2024\/12\/Imagem-do-WhatsApp-de-2024-12-20-as-19.23.36_4a0568d7-scaled.jpg","type":"image\/jpeg"}],"author":"Reda\u00e7\u00e3o","twitter_card":"summary_large_image","twitter_misc":{"Escrito por":"Reda\u00e7\u00e3o","Est. tempo de leitura":"4 minutos"},"schema":{"@context":"https:\/\/schema.org","@graph":[{"@type":"Article","@id":"https:\/\/noticiaempauta.com\/portal\/governador-entrega-30-toneladas-de-alimentos-da-agricultura-familiar-e-ressalta-importancia-social-e-economica-de-programas-da-saf\/#article","isPartOf":{"@id":"https:\/\/noticiaempauta.com\/portal\/governador-entrega-30-toneladas-de-alimentos-da-agricultura-familiar-e-ressalta-importancia-social-e-economica-de-programas-da-saf\/"},"author":{"name":"Reda\u00e7\u00e3o","@id":"https:\/\/noticiaempauta.com\/portal\/#\/schema\/person\/a74af43dd1ab3deca45f988c717d57ac"},"headline":"Governador entrega 30 toneladas de alimentos da agricultura familiar e ressalta import\u00e2ncia social e econ\u00f4mica de programas da SAF","datePublished":"2024-12-21T13:53:28+00:00","dateModified":"2024-12-21T13:53:29+00:00","mainEntityOfPage":{"@id":"https:\/\/noticiaempauta.com\/portal\/governador-entrega-30-toneladas-de-alimentos-da-agricultura-familiar-e-ressalta-importancia-social-e-economica-de-programas-da-saf\/"},"wordCount":553,"commentCount":0,"publisher":{"@id":"https:\/\/noticiaempauta.com\/portal\/#organization"},"image":{"@id":"https:\/\/noticiaempauta.com\/portal\/governador-entrega-30-toneladas-de-alimentos-da-agricultura-familiar-e-ressalta-importancia-social-e-economica-de-programas-da-saf\/#primaryimage"},"thumbnailUrl":"https:\/\/noticiaempauta.com\/portal\/wp-content\/uploads\/2024\/12\/Imagem-do-WhatsApp-de-2024-12-20-as-19.23.36_4a0568d7-scaled.jpg","keywords":["destaqueprincipal"],"articleSection":["Destaques","Geral","Munic\u00edpios","Todas as Not\u00edcias"],"inLanguage":"pt-BR","potentialAction":[{"@type":"CommentAction","name":"Comment","target":["https:\/\/noticiaempauta.com\/portal\/governador-entrega-30-toneladas-de-alimentos-da-agricultura-familiar-e-ressalta-importancia-social-e-economica-de-programas-da-saf\/#respond"]}]},{"@type":"WebPage","@id":"https:\/\/noticiaempauta.com\/portal\/governador-entrega-30-toneladas-de-alimentos-da-agricultura-familiar-e-ressalta-importancia-social-e-economica-de-programas-da-saf\/","url":"https:\/\/noticiaempauta.com\/portal\/governador-entrega-30-toneladas-de-alimentos-da-agricultura-familiar-e-ressalta-importancia-social-e-economica-de-programas-da-saf\/","name":"Governador entrega 30 toneladas de alimentos da agricultura familiar e ressalta import\u00e2ncia social e econ\u00f4mica de programas da SAF - Portal Not\u00edcia em Pauta","isPartOf":{"@id":"https:\/\/noticiaempauta.com\/portal\/#website"},"primaryImageOfPage":{"@id":"https:\/\/noticiaempauta.com\/portal\/governador-entrega-30-toneladas-de-alimentos-da-agricultura-familiar-e-ressalta-importancia-social-e-economica-de-programas-da-saf\/#primaryimage"},"image":{"@id":"https:\/\/noticiaempauta.com\/portal\/governador-entrega-30-toneladas-de-alimentos-da-agricultura-familiar-e-ressalta-importancia-social-e-economica-de-programas-da-saf\/#primaryimage"},"thumbnailUrl":"https:\/\/noticiaempauta.com\/portal\/wp-content\/uploads\/2024\/12\/Imagem-do-WhatsApp-de-2024-12-20-as-19.23.36_4a0568d7-scaled.jpg","datePublished":"2024-12-21T13:53:28+00:00","dateModified":"2024-12-21T13:53:29+00:00","breadcrumb":{"@id":"https:\/\/noticiaempauta.com\/portal\/governador-entrega-30-toneladas-de-alimentos-da-agricultura-familiar-e-ressalta-importancia-social-e-economica-de-programas-da-saf\/#breadcrumb"},"inLanguage":"pt-BR","potentialAction":[{"@type":"ReadAction","target":["https:\/\/noticiaempauta.com\/portal\/governador-entrega-30-toneladas-de-alimentos-da-agricultura-familiar-e-ressalta-importancia-social-e-economica-de-programas-da-saf\/"]}]},{"@type":"ImageObject","inLanguage":"pt-BR","@id":"https:\/\/noticiaempauta.com\/portal\/governador-entrega-30-toneladas-de-alimentos-da-agricultura-familiar-e-ressalta-importancia-social-e-economica-de-programas-da-saf\/#primaryimage","url":"https:\/\/noticiaempauta.com\/portal\/wp-content\/uploads\/2024\/12\/Imagem-do-WhatsApp-de-2024-12-20-as-19.23.36_4a0568d7-scaled.jpg","contentUrl":"https:\/\/noticiaempauta.com\/portal\/wp-content\/uploads\/2024\/12\/Imagem-do-WhatsApp-de-2024-12-20-as-19.23.36_4a0568d7-scaled.jpg","width":2560,"height":1707},{"@type":"BreadcrumbList","@id":"https:\/\/noticiaempauta.com\/portal\/governador-entrega-30-toneladas-de-alimentos-da-agricultura-familiar-e-ressalta-importancia-social-e-economica-de-programas-da-saf\/#breadcrumb","itemListElement":[{"@type":"ListItem","position":1,"name":"P\u00e1gina Inicial","item":"https:\/\/noticiaempauta.com\/portal\/"},{"@type":"ListItem","position":2,"name":"Destaques","item":"https:\/\/noticiaempauta.com\/portal\/destaques-site\/"},{"@type":"ListItem","position":3,"name":"Governador entrega 30 toneladas de alimentos da agricultura familiar e ressalta import\u00e2ncia social e econ\u00f4mica de programas da SAF"}]},{"@type":"WebSite","@id":"https:\/\/noticiaempauta.com\/portal\/#website","url":"https:\/\/noticiaempauta.com\/portal\/","name":"Portal Not\u00edcia em Pauta","description":"Voc\u00ea bem informado","publisher":{"@id":"https:\/\/noticiaempauta.com\/portal\/#organization"},"potentialAction":[{"@type":"SearchAction","target":{"@type":"EntryPoint","urlTemplate":"https:\/\/noticiaempauta.com\/portal\/?s={search_term_string}"},"query-input":{"@type":"PropertyValueSpecification","valueRequired":true,"valueName":"search_term_string"}}],"inLanguage":"pt-BR"},{"@type":"Organization","@id":"https:\/\/noticiaempauta.com\/portal\/#organization","name":"Portal Not\u00edcia em Pauta","url":"https:\/\/noticiaempauta.com\/portal\/","logo":{"@type":"ImageObject","inLanguage":"pt-BR","@id":"https:\/\/noticiaempauta.com\/portal\/#\/schema\/logo\/image\/","url":"https:\/\/noticiaempauta.com\/portal\/wp-content\/uploads\/2022\/08\/logomarca_tema.fw_.png","contentUrl":"https:\/\/noticiaempauta.com\/portal\/wp-content\/uploads\/2022\/08\/logomarca_tema.fw_.png","width":400,"height":232,"caption":"Portal Not\u00edcia em Pauta"},"image":{"@id":"https:\/\/noticiaempauta.com\/portal\/#\/schema\/logo\/image\/"},"sameAs":["https:\/\/www.facebook.com\/Portal-Notcia-Em-Pauta-102292869264820\/","https:\/\/www.instagram.com\/portalnoticiaempauta\/"]},{"@type":"Person","@id":"https:\/\/noticiaempauta.com\/portal\/#\/schema\/person\/a74af43dd1ab3deca45f988c717d57ac","name":"Reda\u00e7\u00e3o","image":{"@type":"ImageObject","inLanguage":"pt-BR","@id":"https:\/\/noticiaempauta.com\/portal\/#\/schema\/person\/image\/","url":"https:\/\/secure.gravatar.com\/avatar\/03179346ecce6cdfc13361603e8f54242a90e5cde8618fa23c5c00aa2b0aadf3?s=96&d=mm&r=g","contentUrl":"https:\/\/secure.gravatar.com\/avatar\/03179346ecce6cdfc13361603e8f54242a90e5cde8618fa23c5c00aa2b0aadf3?s=96&d=mm&r=g","caption":"Reda\u00e7\u00e3o"},"sameAs":["https:\/\/noticiaempauta.com\/portal\/"],"url":"https:\/\/noticiaempauta.com\/portal\/author\/fernando\/"}]}},"_links":{"self":[{"href":"https:\/\/noticiaempauta.com\/portal\/wp-json\/wp\/v2\/posts\/265646","targetHints":{"allow":["GET"]}}],"collection":[{"href":"https:\/\/noticiaempauta.com\/portal\/wp-json\/wp\/v2\/posts"}],"about":[{"href":"https:\/\/noticiaempauta.com\/portal\/wp-json\/wp\/v2\/types\/post"}],"author":[{"embeddable":true,"href":"https:\/\/noticiaempauta.com\/portal\/wp-json\/wp\/v2\/users\/2"}],"replies":[{"embeddable":true,"href":"https:\/\/noticiaempauta.com\/portal\/wp-json\/wp\/v2\/comments?post=265646"}],"version-history":[{"count":2,"href":"https:\/\/noticiaempauta.com\/portal\/wp-json\/wp\/v2\/posts\/265646\/revisions"}],"predecessor-version":[{"id":265652,"href":"https:\/\/noticiaempauta.com\/portal\/wp-json\/wp\/v2\/posts\/265646\/revisions\/265652"}],"wp:featuredmedia":[{"embeddable":true,"href":"https:\/\/noticiaempauta.com\/portal\/wp-json\/wp\/v2\/media\/265650"}],"wp:attachment":[{"href":"https:\/\/noticiaempauta.com\/portal\/wp-json\/wp\/v2\/media?parent=265646"}],"wp:term":[{"taxonomy":"category","embeddable":true,"href":"https:\/\/noticiaempauta.com\/portal\/wp-json\/wp\/v2\/categories?post=265646"},{"taxonomy":"post_tag","embeddable":true,"href":"https:\/\/noticiaempauta.com\/portal\/wp-json\/wp\/v2\/tags?post=265646"}],"curies":[{"name":"wp","href":"https:\/\/api.w.org\/{rel}","templated":true}]}}