{"id":265659,"date":"2024-12-22T17:44:13","date_gmt":"2024-12-22T20:44:13","guid":{"rendered":"https:\/\/noticiaempauta.com\/portal\/?p=265659"},"modified":"2024-12-22T17:44:14","modified_gmt":"2024-12-22T20:44:14","slug":"lula-informa-aos-ministros-que-fara-troca-no-1o-escalao","status":"publish","type":"post","link":"https:\/\/noticiaempauta.com\/portal\/lula-informa-aos-ministros-que-fara-troca-no-1o-escalao\/","title":{"rendered":"Lula informa aos ministros que far\u00e1 troca no 1\u00ba escal\u00e3o"},"content":{"rendered":"\n<p>O presidente Luiz In\u00e1cio Lula da Silva admitiu em almo\u00e7o com seus ministros nesta sexta-feira, 20, que pretende fazer mudan\u00e7as no primeiro escal\u00e3o do governo. O petista, no entanto, evitou falar em nomes e cargos. Ele tem sido pressionado por aliados do Congresso a fazer mudan\u00e7as a partir da elei\u00e7\u00e3o para presidentes da C\u00e2mara e do Senado em 2025.<\/p>\n\n\n\n<p>A indica\u00e7\u00e3o do petista, segundo apurou o Estad\u00e3o\/Broadcast, foi relacionada \u00e0 forma\u00e7\u00e3o de sua alian\u00e7a para disputar a elei\u00e7\u00e3o de 2026. O sentido seria que alguns pol\u00edticos que hoje est\u00e3o pr\u00f3ximos a seu governo podem n\u00e3o querer apoiar seu grupo pol\u00edtico no pr\u00f3ximo pleito por terem bases eleitorais que o rejeitam.<\/p>\n\n\n\n<p>No encontro, no Pal\u00e1cio da Alvorada, Lula indicou que vai mesmo desacelerar sua rotina depois dos dois procedimentos cir\u00fargicos aos quais foi submetido para tratar uma hemorragia intracraniana Ele disse que, por amor a si mesmo e \u00e0 primeira-dama Ros\u00e2ngela da Silva, a Janja, vai obedecer \u00e0s ordens m\u00e9dicas, que restringem sua agenda pelos pr\u00f3ximos 45 dias. O presidente pode fazer reuni\u00f5es, mas compromissos mais cansativos como viagens provavelmente ser\u00e3o evitados.<\/p>\n\n\n\n<p><strong>Confraterniza\u00e7\u00e3o<\/strong><\/p>\n\n\n\n<p>Lula tinha em seus planos promover uma reuni\u00e3o ministerial, como costuma fazer nos finais de ano. S\u00e3o compromissos longos e extenuantes em que o presidente discursa mais de uma vez e ouve a todos, ou a quase todos, os auxiliares. Normalmente, essas reuni\u00f5es duram um expediente inteiro.<\/p>\n\n\n\n<p>O presidente, por\u00e9m, ainda est\u00e1 se recuperando dos procedimentos que o for\u00e7aram a ficar dez dias em S\u00e3o Paulo. A reuni\u00e3o foi trocada por um encontro com cara de confraterniza\u00e7\u00e3o de fim de ano. O evento, marcado para 13h de ontem, durou aproximadamente duas horas.<\/p>\n\n\n\n<p>No almo\u00e7o de ontem, s\u00f3 duas pessoas fizeram pronunciamentos. Primeiro, Janja deu as boas-vindas aos presentes. Depois, foi a vez de Lula falar. O petista deu informa\u00e7\u00f5es sobre sua sa\u00fade e mencionou resultados do governo neste ano.<\/p>\n\n\n\n<p>Ele tamb\u00e9m falou de sua inf\u00e2ncia pobre e momentos de um passado mais recente em que esteve em risco. Falou do c\u00e2ncer na garganta que tratou depois do fim de seu primeiro governo e do problema no avi\u00e3o presidencial que o obrigou a ficar sobrevoando por horas o M\u00e9xico gastando combust\u00edvel para poder pousar em seguran\u00e7a, no come\u00e7o de outubro deste ano. O petista usava um chap\u00e9u que escondia a regi\u00e3o da cabe\u00e7a onde foram feitas as opera\u00e7\u00f5es.<\/p>\n\n\n\n<p>O encontro de ontem teve menos recados pol\u00edticos do que o Lula costuma dar quando re\u00fane seus ministros. Ele pediu para os auxiliares continuarem mobilizados e divulgarem as a\u00e7\u00f5es do governo. O publicit\u00e1rio Sid\u00f4nio Palmeira, marqueteiro de Lula em 2022, \u00e9 cotado para assumir o minist\u00e9rio que cuida da comunica\u00e7\u00e3o do Executivo.<\/p>\n\n\n\n<p>Lula tamb\u00e9m comemorou a aprova\u00e7\u00e3o dos projetos do pacote fiscal do governo pelo Congresso. O Legislativo teve uma semana especialmente corrida para votar as propostas. H\u00e1 uma cobran\u00e7a do mercado financeiro por cortes de despesas do governo. Esse \u00e9 um dos fatores que fez o d\u00f3lar subir nas \u00faltimas semanas. O presidente citou o esfor\u00e7o de ministros para promover as vota\u00e7\u00f5es enquanto estava internado. Por fim, desejou feliz Natal e Ano Novo a todos, e disse que volta ao trabalho no come\u00e7o de janeiro.<\/p>\n\n\n\n<p>Um dos destaques do evento foi a participa\u00e7\u00e3o do futuro presidente do Banco Central, Gabriel Gal\u00edpolo.<\/p>\n\n\n\n<p><em>As informa\u00e7\u00f5es s\u00e3o do jornal O Estado de S. Paulo.<\/em> <\/p>\n\n\n\n<p><\/p>\n\n\n\n<p><\/p>\n\n\n\n<p><\/p>\n","protected":false},"excerpt":{"rendered":"<p>O presidente Luiz In\u00e1cio Lula da Silva admitiu em almo\u00e7o com seus ministros nesta sexta-feira, 20, que pretende fazer mudan\u00e7as no primeiro escal\u00e3o do governo. O petista, no entanto, evitou falar em nomes e cargos. Ele tem sido pressionado por aliados do Congresso a fazer mudan\u00e7as a partir da elei\u00e7\u00e3o para presidentes da C\u00e2mara e [&hellip;]<\/p>\n","protected":false},"author":2,"featured_media":245492,"comment_status":"open","ping_status":"open","sticky":false,"template":"","format":"standard","meta":{"_mi_skip_tracking":false,"footnotes":""},"categories":[25,1,3,16],"tags":[192],"class_list":["post-265659","post","type-post","status-publish","format-standard","has-post-thumbnail","hentry","category-destaques-site","category-geral","category-politica","category-todas","tag-destaqueprincipal"],"acf":[],"yoast_head":"<!-- This site is optimized with the Yoast SEO Premium plugin v19.2 (Yoast SEO v26.9) - https:\/\/yoast.com\/product\/yoast-seo-premium-wordpress\/ -->\n<title>Lula informa aos ministros que far\u00e1 troca no 1\u00ba escal\u00e3o - Portal Not\u00edcia em Pauta<\/title>\n<meta name=\"robots\" content=\"index, follow, max-snippet:-1, max-image-preview:large, max-video-preview:-1\" \/>\n<link rel=\"canonical\" href=\"https:\/\/noticiaempauta.com\/portal\/lula-informa-aos-ministros-que-fara-troca-no-1o-escalao\/\" \/>\n<meta property=\"og:locale\" content=\"pt_BR\" \/>\n<meta property=\"og:type\" content=\"article\" \/>\n<meta property=\"og:title\" content=\"Lula informa aos ministros que far\u00e1 troca no 1\u00ba escal\u00e3o\" \/>\n<meta property=\"og:description\" content=\"O presidente Luiz In\u00e1cio Lula da Silva admitiu em almo\u00e7o com seus ministros nesta sexta-feira, 20, que pretende fazer mudan\u00e7as no primeiro escal\u00e3o do governo. O petista, no entanto, evitou falar em nomes e cargos. Ele tem sido pressionado por aliados do Congresso a fazer mudan\u00e7as a partir da elei\u00e7\u00e3o para presidentes da C\u00e2mara e [&hellip;]\" \/>\n<meta property=\"og:url\" content=\"https:\/\/noticiaempauta.com\/portal\/lula-informa-aos-ministros-que-fara-troca-no-1o-escalao\/\" \/>\n<meta property=\"og:site_name\" content=\"Portal Not\u00edcia em Pauta\" \/>\n<meta property=\"article:publisher\" content=\"https:\/\/www.facebook.com\/Portal-Notcia-Em-Pauta-102292869264820\/\" \/>\n<meta property=\"article:published_time\" content=\"2024-12-22T20:44:13+00:00\" \/>\n<meta property=\"article:modified_time\" content=\"2024-12-22T20:44:14+00:00\" \/>\n<meta property=\"og:image\" content=\"https:\/\/noticiaempauta.com\/portal\/wp-content\/uploads\/2023\/03\/lula-conselho-politica-energetica_mcamgo_abr_170320231818-12.jpg\" \/>\n\t<meta property=\"og:image:width\" content=\"1170\" \/>\n\t<meta property=\"og:image:height\" content=\"700\" \/>\n\t<meta property=\"og:image:type\" content=\"image\/jpeg\" \/>\n<meta name=\"author\" content=\"Reda\u00e7\u00e3o\" \/>\n<meta name=\"twitter:card\" content=\"summary_large_image\" \/>\n<meta name=\"twitter:label1\" content=\"Escrito por\" \/>\n\t<meta name=\"twitter:data1\" content=\"Reda\u00e7\u00e3o\" \/>\n\t<meta name=\"twitter:label2\" content=\"Est. tempo de leitura\" \/>\n\t<meta name=\"twitter:data2\" content=\"4 minutos\" \/>\n<script type=\"application\/ld+json\" class=\"yoast-schema-graph\">{\"@context\":\"https:\/\/schema.org\",\"@graph\":[{\"@type\":\"Article\",\"@id\":\"https:\/\/noticiaempauta.com\/portal\/lula-informa-aos-ministros-que-fara-troca-no-1o-escalao\/#article\",\"isPartOf\":{\"@id\":\"https:\/\/noticiaempauta.com\/portal\/lula-informa-aos-ministros-que-fara-troca-no-1o-escalao\/\"},\"author\":{\"name\":\"Reda\u00e7\u00e3o\",\"@id\":\"https:\/\/noticiaempauta.com\/portal\/#\/schema\/person\/a74af43dd1ab3deca45f988c717d57ac\"},\"headline\":\"Lula informa aos ministros que far\u00e1 troca no 1\u00ba escal\u00e3o\",\"datePublished\":\"2024-12-22T20:44:13+00:00\",\"dateModified\":\"2024-12-22T20:44:14+00:00\",\"mainEntityOfPage\":{\"@id\":\"https:\/\/noticiaempauta.com\/portal\/lula-informa-aos-ministros-que-fara-troca-no-1o-escalao\/\"},\"wordCount\":620,\"commentCount\":0,\"publisher\":{\"@id\":\"https:\/\/noticiaempauta.com\/portal\/#organization\"},\"image\":{\"@id\":\"https:\/\/noticiaempauta.com\/portal\/lula-informa-aos-ministros-que-fara-troca-no-1o-escalao\/#primaryimage\"},\"thumbnailUrl\":\"https:\/\/noticiaempauta.com\/portal\/wp-content\/uploads\/2023\/03\/lula-conselho-politica-energetica_mcamgo_abr_170320231818-12.jpg\",\"keywords\":[\"destaqueprincipal\"],\"articleSection\":[\"Destaques\",\"Geral\",\"Pol\u00edtica\",\"Todas as Not\u00edcias\"],\"inLanguage\":\"pt-BR\",\"potentialAction\":[{\"@type\":\"CommentAction\",\"name\":\"Comment\",\"target\":[\"https:\/\/noticiaempauta.com\/portal\/lula-informa-aos-ministros-que-fara-troca-no-1o-escalao\/#respond\"]}]},{\"@type\":\"WebPage\",\"@id\":\"https:\/\/noticiaempauta.com\/portal\/lula-informa-aos-ministros-que-fara-troca-no-1o-escalao\/\",\"url\":\"https:\/\/noticiaempauta.com\/portal\/lula-informa-aos-ministros-que-fara-troca-no-1o-escalao\/\",\"name\":\"Lula informa aos ministros que far\u00e1 troca no 1\u00ba escal\u00e3o - Portal Not\u00edcia em Pauta\",\"isPartOf\":{\"@id\":\"https:\/\/noticiaempauta.com\/portal\/#website\"},\"primaryImageOfPage\":{\"@id\":\"https:\/\/noticiaempauta.com\/portal\/lula-informa-aos-ministros-que-fara-troca-no-1o-escalao\/#primaryimage\"},\"image\":{\"@id\":\"https:\/\/noticiaempauta.com\/portal\/lula-informa-aos-ministros-que-fara-troca-no-1o-escalao\/#primaryimage\"},\"thumbnailUrl\":\"https:\/\/noticiaempauta.com\/portal\/wp-content\/uploads\/2023\/03\/lula-conselho-politica-energetica_mcamgo_abr_170320231818-12.jpg\",\"datePublished\":\"2024-12-22T20:44:13+00:00\",\"dateModified\":\"2024-12-22T20:44:14+00:00\",\"breadcrumb\":{\"@id\":\"https:\/\/noticiaempauta.com\/portal\/lula-informa-aos-ministros-que-fara-troca-no-1o-escalao\/#breadcrumb\"},\"inLanguage\":\"pt-BR\",\"potentialAction\":[{\"@type\":\"ReadAction\",\"target\":[\"https:\/\/noticiaempauta.com\/portal\/lula-informa-aos-ministros-que-fara-troca-no-1o-escalao\/\"]}]},{\"@type\":\"ImageObject\",\"inLanguage\":\"pt-BR\",\"@id\":\"https:\/\/noticiaempauta.com\/portal\/lula-informa-aos-ministros-que-fara-troca-no-1o-escalao\/#primaryimage\",\"url\":\"https:\/\/noticiaempauta.com\/portal\/wp-content\/uploads\/2023\/03\/lula-conselho-politica-energetica_mcamgo_abr_170320231818-12.jpg\",\"contentUrl\":\"https:\/\/noticiaempauta.com\/portal\/wp-content\/uploads\/2023\/03\/lula-conselho-politica-energetica_mcamgo_abr_170320231818-12.jpg\",\"width\":1170,\"height\":700,\"caption\":\"Foto: Ag\u00eancia Brasil\"},{\"@type\":\"BreadcrumbList\",\"@id\":\"https:\/\/noticiaempauta.com\/portal\/lula-informa-aos-ministros-que-fara-troca-no-1o-escalao\/#breadcrumb\",\"itemListElement\":[{\"@type\":\"ListItem\",\"position\":1,\"name\":\"P\u00e1gina Inicial\",\"item\":\"https:\/\/noticiaempauta.com\/portal\/\"},{\"@type\":\"ListItem\",\"position\":2,\"name\":\"Destaques\",\"item\":\"https:\/\/noticiaempauta.com\/portal\/destaques-site\/\"},{\"@type\":\"ListItem\",\"position\":3,\"name\":\"Lula informa aos ministros que far\u00e1 troca no 1\u00ba escal\u00e3o\"}]},{\"@type\":\"WebSite\",\"@id\":\"https:\/\/noticiaempauta.com\/portal\/#website\",\"url\":\"https:\/\/noticiaempauta.com\/portal\/\",\"name\":\"Portal Not\u00edcia em Pauta\",\"description\":\"Voc\u00ea bem informado\",\"publisher\":{\"@id\":\"https:\/\/noticiaempauta.com\/portal\/#organization\"},\"potentialAction\":[{\"@type\":\"SearchAction\",\"target\":{\"@type\":\"EntryPoint\",\"urlTemplate\":\"https:\/\/noticiaempauta.com\/portal\/?s={search_term_string}\"},\"query-input\":{\"@type\":\"PropertyValueSpecification\",\"valueRequired\":true,\"valueName\":\"search_term_string\"}}],\"inLanguage\":\"pt-BR\"},{\"@type\":\"Organization\",\"@id\":\"https:\/\/noticiaempauta.com\/portal\/#organization\",\"name\":\"Portal Not\u00edcia em Pauta\",\"url\":\"https:\/\/noticiaempauta.com\/portal\/\",\"logo\":{\"@type\":\"ImageObject\",\"inLanguage\":\"pt-BR\",\"@id\":\"https:\/\/noticiaempauta.com\/portal\/#\/schema\/logo\/image\/\",\"url\":\"https:\/\/noticiaempauta.com\/portal\/wp-content\/uploads\/2022\/08\/logomarca_tema.fw_.png\",\"contentUrl\":\"https:\/\/noticiaempauta.com\/portal\/wp-content\/uploads\/2022\/08\/logomarca_tema.fw_.png\",\"width\":400,\"height\":232,\"caption\":\"Portal Not\u00edcia em Pauta\"},\"image\":{\"@id\":\"https:\/\/noticiaempauta.com\/portal\/#\/schema\/logo\/image\/\"},\"sameAs\":[\"https:\/\/www.facebook.com\/Portal-Notcia-Em-Pauta-102292869264820\/\",\"https:\/\/www.instagram.com\/portalnoticiaempauta\/\"]},{\"@type\":\"Person\",\"@id\":\"https:\/\/noticiaempauta.com\/portal\/#\/schema\/person\/a74af43dd1ab3deca45f988c717d57ac\",\"name\":\"Reda\u00e7\u00e3o\",\"image\":{\"@type\":\"ImageObject\",\"inLanguage\":\"pt-BR\",\"@id\":\"https:\/\/noticiaempauta.com\/portal\/#\/schema\/person\/image\/\",\"url\":\"https:\/\/secure.gravatar.com\/avatar\/03179346ecce6cdfc13361603e8f54242a90e5cde8618fa23c5c00aa2b0aadf3?s=96&d=mm&r=g\",\"contentUrl\":\"https:\/\/secure.gravatar.com\/avatar\/03179346ecce6cdfc13361603e8f54242a90e5cde8618fa23c5c00aa2b0aadf3?s=96&d=mm&r=g\",\"caption\":\"Reda\u00e7\u00e3o\"},\"sameAs\":[\"https:\/\/noticiaempauta.com\/portal\/\"],\"url\":\"https:\/\/noticiaempauta.com\/portal\/author\/fernando\/\"}]}<\/script>\n<!-- \/ Yoast SEO Premium plugin. -->","yoast_head_json":{"title":"Lula informa aos ministros que far\u00e1 troca no 1\u00ba escal\u00e3o - Portal Not\u00edcia em Pauta","robots":{"index":"index","follow":"follow","max-snippet":"max-snippet:-1","max-image-preview":"max-image-preview:large","max-video-preview":"max-video-preview:-1"},"canonical":"https:\/\/noticiaempauta.com\/portal\/lula-informa-aos-ministros-que-fara-troca-no-1o-escalao\/","og_locale":"pt_BR","og_type":"article","og_title":"Lula informa aos ministros que far\u00e1 troca no 1\u00ba escal\u00e3o","og_description":"O presidente Luiz In\u00e1cio Lula da Silva admitiu em almo\u00e7o com seus ministros nesta sexta-feira, 20, que pretende fazer mudan\u00e7as no primeiro escal\u00e3o do governo. O petista, no entanto, evitou falar em nomes e cargos. Ele tem sido pressionado por aliados do Congresso a fazer mudan\u00e7as a partir da elei\u00e7\u00e3o para presidentes da C\u00e2mara e [&hellip;]","og_url":"https:\/\/noticiaempauta.com\/portal\/lula-informa-aos-ministros-que-fara-troca-no-1o-escalao\/","og_site_name":"Portal Not\u00edcia em Pauta","article_publisher":"https:\/\/www.facebook.com\/Portal-Notcia-Em-Pauta-102292869264820\/","article_published_time":"2024-12-22T20:44:13+00:00","article_modified_time":"2024-12-22T20:44:14+00:00","og_image":[{"width":1170,"height":700,"url":"https:\/\/noticiaempauta.com\/portal\/wp-content\/uploads\/2023\/03\/lula-conselho-politica-energetica_mcamgo_abr_170320231818-12.jpg","type":"image\/jpeg"}],"author":"Reda\u00e7\u00e3o","twitter_card":"summary_large_image","twitter_misc":{"Escrito por":"Reda\u00e7\u00e3o","Est. tempo de leitura":"4 minutos"},"schema":{"@context":"https:\/\/schema.org","@graph":[{"@type":"Article","@id":"https:\/\/noticiaempauta.com\/portal\/lula-informa-aos-ministros-que-fara-troca-no-1o-escalao\/#article","isPartOf":{"@id":"https:\/\/noticiaempauta.com\/portal\/lula-informa-aos-ministros-que-fara-troca-no-1o-escalao\/"},"author":{"name":"Reda\u00e7\u00e3o","@id":"https:\/\/noticiaempauta.com\/portal\/#\/schema\/person\/a74af43dd1ab3deca45f988c717d57ac"},"headline":"Lula informa aos ministros que far\u00e1 troca no 1\u00ba escal\u00e3o","datePublished":"2024-12-22T20:44:13+00:00","dateModified":"2024-12-22T20:44:14+00:00","mainEntityOfPage":{"@id":"https:\/\/noticiaempauta.com\/portal\/lula-informa-aos-ministros-que-fara-troca-no-1o-escalao\/"},"wordCount":620,"commentCount":0,"publisher":{"@id":"https:\/\/noticiaempauta.com\/portal\/#organization"},"image":{"@id":"https:\/\/noticiaempauta.com\/portal\/lula-informa-aos-ministros-que-fara-troca-no-1o-escalao\/#primaryimage"},"thumbnailUrl":"https:\/\/noticiaempauta.com\/portal\/wp-content\/uploads\/2023\/03\/lula-conselho-politica-energetica_mcamgo_abr_170320231818-12.jpg","keywords":["destaqueprincipal"],"articleSection":["Destaques","Geral","Pol\u00edtica","Todas as Not\u00edcias"],"inLanguage":"pt-BR","potentialAction":[{"@type":"CommentAction","name":"Comment","target":["https:\/\/noticiaempauta.com\/portal\/lula-informa-aos-ministros-que-fara-troca-no-1o-escalao\/#respond"]}]},{"@type":"WebPage","@id":"https:\/\/noticiaempauta.com\/portal\/lula-informa-aos-ministros-que-fara-troca-no-1o-escalao\/","url":"https:\/\/noticiaempauta.com\/portal\/lula-informa-aos-ministros-que-fara-troca-no-1o-escalao\/","name":"Lula informa aos ministros que far\u00e1 troca no 1\u00ba escal\u00e3o - Portal Not\u00edcia em Pauta","isPartOf":{"@id":"https:\/\/noticiaempauta.com\/portal\/#website"},"primaryImageOfPage":{"@id":"https:\/\/noticiaempauta.com\/portal\/lula-informa-aos-ministros-que-fara-troca-no-1o-escalao\/#primaryimage"},"image":{"@id":"https:\/\/noticiaempauta.com\/portal\/lula-informa-aos-ministros-que-fara-troca-no-1o-escalao\/#primaryimage"},"thumbnailUrl":"https:\/\/noticiaempauta.com\/portal\/wp-content\/uploads\/2023\/03\/lula-conselho-politica-energetica_mcamgo_abr_170320231818-12.jpg","datePublished":"2024-12-22T20:44:13+00:00","dateModified":"2024-12-22T20:44:14+00:00","breadcrumb":{"@id":"https:\/\/noticiaempauta.com\/portal\/lula-informa-aos-ministros-que-fara-troca-no-1o-escalao\/#breadcrumb"},"inLanguage":"pt-BR","potentialAction":[{"@type":"ReadAction","target":["https:\/\/noticiaempauta.com\/portal\/lula-informa-aos-ministros-que-fara-troca-no-1o-escalao\/"]}]},{"@type":"ImageObject","inLanguage":"pt-BR","@id":"https:\/\/noticiaempauta.com\/portal\/lula-informa-aos-ministros-que-fara-troca-no-1o-escalao\/#primaryimage","url":"https:\/\/noticiaempauta.com\/portal\/wp-content\/uploads\/2023\/03\/lula-conselho-politica-energetica_mcamgo_abr_170320231818-12.jpg","contentUrl":"https:\/\/noticiaempauta.com\/portal\/wp-content\/uploads\/2023\/03\/lula-conselho-politica-energetica_mcamgo_abr_170320231818-12.jpg","width":1170,"height":700,"caption":"Foto: Ag\u00eancia Brasil"},{"@type":"BreadcrumbList","@id":"https:\/\/noticiaempauta.com\/portal\/lula-informa-aos-ministros-que-fara-troca-no-1o-escalao\/#breadcrumb","itemListElement":[{"@type":"ListItem","position":1,"name":"P\u00e1gina Inicial","item":"https:\/\/noticiaempauta.com\/portal\/"},{"@type":"ListItem","position":2,"name":"Destaques","item":"https:\/\/noticiaempauta.com\/portal\/destaques-site\/"},{"@type":"ListItem","position":3,"name":"Lula informa aos ministros que far\u00e1 troca no 1\u00ba escal\u00e3o"}]},{"@type":"WebSite","@id":"https:\/\/noticiaempauta.com\/portal\/#website","url":"https:\/\/noticiaempauta.com\/portal\/","name":"Portal Not\u00edcia em Pauta","description":"Voc\u00ea bem informado","publisher":{"@id":"https:\/\/noticiaempauta.com\/portal\/#organization"},"potentialAction":[{"@type":"SearchAction","target":{"@type":"EntryPoint","urlTemplate":"https:\/\/noticiaempauta.com\/portal\/?s={search_term_string}"},"query-input":{"@type":"PropertyValueSpecification","valueRequired":true,"valueName":"search_term_string"}}],"inLanguage":"pt-BR"},{"@type":"Organization","@id":"https:\/\/noticiaempauta.com\/portal\/#organization","name":"Portal Not\u00edcia em Pauta","url":"https:\/\/noticiaempauta.com\/portal\/","logo":{"@type":"ImageObject","inLanguage":"pt-BR","@id":"https:\/\/noticiaempauta.com\/portal\/#\/schema\/logo\/image\/","url":"https:\/\/noticiaempauta.com\/portal\/wp-content\/uploads\/2022\/08\/logomarca_tema.fw_.png","contentUrl":"https:\/\/noticiaempauta.com\/portal\/wp-content\/uploads\/2022\/08\/logomarca_tema.fw_.png","width":400,"height":232,"caption":"Portal Not\u00edcia em Pauta"},"image":{"@id":"https:\/\/noticiaempauta.com\/portal\/#\/schema\/logo\/image\/"},"sameAs":["https:\/\/www.facebook.com\/Portal-Notcia-Em-Pauta-102292869264820\/","https:\/\/www.instagram.com\/portalnoticiaempauta\/"]},{"@type":"Person","@id":"https:\/\/noticiaempauta.com\/portal\/#\/schema\/person\/a74af43dd1ab3deca45f988c717d57ac","name":"Reda\u00e7\u00e3o","image":{"@type":"ImageObject","inLanguage":"pt-BR","@id":"https:\/\/noticiaempauta.com\/portal\/#\/schema\/person\/image\/","url":"https:\/\/secure.gravatar.com\/avatar\/03179346ecce6cdfc13361603e8f54242a90e5cde8618fa23c5c00aa2b0aadf3?s=96&d=mm&r=g","contentUrl":"https:\/\/secure.gravatar.com\/avatar\/03179346ecce6cdfc13361603e8f54242a90e5cde8618fa23c5c00aa2b0aadf3?s=96&d=mm&r=g","caption":"Reda\u00e7\u00e3o"},"sameAs":["https:\/\/noticiaempauta.com\/portal\/"],"url":"https:\/\/noticiaempauta.com\/portal\/author\/fernando\/"}]}},"_links":{"self":[{"href":"https:\/\/noticiaempauta.com\/portal\/wp-json\/wp\/v2\/posts\/265659","targetHints":{"allow":["GET"]}}],"collection":[{"href":"https:\/\/noticiaempauta.com\/portal\/wp-json\/wp\/v2\/posts"}],"about":[{"href":"https:\/\/noticiaempauta.com\/portal\/wp-json\/wp\/v2\/types\/post"}],"author":[{"embeddable":true,"href":"https:\/\/noticiaempauta.com\/portal\/wp-json\/wp\/v2\/users\/2"}],"replies":[{"embeddable":true,"href":"https:\/\/noticiaempauta.com\/portal\/wp-json\/wp\/v2\/comments?post=265659"}],"version-history":[{"count":2,"href":"https:\/\/noticiaempauta.com\/portal\/wp-json\/wp\/v2\/posts\/265659\/revisions"}],"predecessor-version":[{"id":265661,"href":"https:\/\/noticiaempauta.com\/portal\/wp-json\/wp\/v2\/posts\/265659\/revisions\/265661"}],"wp:featuredmedia":[{"embeddable":true,"href":"https:\/\/noticiaempauta.com\/portal\/wp-json\/wp\/v2\/media\/245492"}],"wp:attachment":[{"href":"https:\/\/noticiaempauta.com\/portal\/wp-json\/wp\/v2\/media?parent=265659"}],"wp:term":[{"taxonomy":"category","embeddable":true,"href":"https:\/\/noticiaempauta.com\/portal\/wp-json\/wp\/v2\/categories?post=265659"},{"taxonomy":"post_tag","embeddable":true,"href":"https:\/\/noticiaempauta.com\/portal\/wp-json\/wp\/v2\/tags?post=265659"}],"curies":[{"name":"wp","href":"https:\/\/api.w.org\/{rel}","templated":true}]}}