{"id":265667,"date":"2024-12-23T05:33:22","date_gmt":"2024-12-23T08:33:22","guid":{"rendered":"https:\/\/noticiaempauta.com\/portal\/?p=265667"},"modified":"2024-12-23T05:33:23","modified_gmt":"2024-12-23T08:33:23","slug":"senado-aprova-nova-regra-e-salario-minimo-tera-ganho-real-de-25-em-2025","status":"publish","type":"post","link":"https:\/\/noticiaempauta.com\/portal\/senado-aprova-nova-regra-e-salario-minimo-tera-ganho-real-de-25-em-2025\/","title":{"rendered":"Senado aprova nova regra, e sal\u00e1rio m\u00ednimo ter\u00e1 ganho real de 2,5% em 2025"},"content":{"rendered":"\n<p>O Senado Federal aprovou uma\u00a0nova regra para o reajuste do sal\u00e1rio m\u00ednimo, proposta pelo governo Lula\u00a0(PT), como parte de medidas para controlar os gastos p\u00fablicos.\u00a0A mudan\u00e7a, que agora segue para san\u00e7\u00e3o presidencial, impactar\u00e1 tanto os trabalhadores do setor privado quanto grande parte dos benefici\u00e1rios do INSS. Atualmente, cerca de 28 milh\u00f5es de aposentados e pensionistas recebem o piso salarial no Brasil, representando quase 70% do total.<\/p>\n\n\n\n<figure class=\"wp-block-image size-full\"><img fetchpriority=\"high\" decoding=\"async\" width=\"860\" height=\"570\" src=\"https:\/\/noticiaempauta.com\/portal\/wp-content\/uploads\/2024\/06\/senadoplenario.jpeg\" alt=\"\" class=\"wp-image-258575\" srcset=\"https:\/\/noticiaempauta.com\/portal\/wp-content\/uploads\/2024\/06\/senadoplenario.jpeg 860w, https:\/\/noticiaempauta.com\/portal\/wp-content\/uploads\/2024\/06\/senadoplenario-300x199.jpeg 300w, https:\/\/noticiaempauta.com\/portal\/wp-content\/uploads\/2024\/06\/senadoplenario-768x509.jpeg 768w\" sizes=\"(max-width: 860px) 100vw, 860px\" \/><\/figure>\n\n\n\n<p>A nova regra estabelece um limite para o ganho real do sal\u00e1rio m\u00ednimo, fixado em 2,5%. Esse teto est\u00e1 alinhado \u00e0 regra do arcabou\u00e7o fiscal, que define que os gastos acima da infla\u00e7\u00e3o podem crescer entre 0,6% e 2,5%, dependendo do desempenho das receitas. Essa medida busca mitigar o impacto financeiro da valoriza\u00e7\u00e3o do piso salarial nas contas p\u00fablicas, considerando que cada real de aumento no sal\u00e1rio m\u00ednimo gera um acr\u00e9scimo de aproximadamente R$ 450 milh\u00f5es nas despesas governamentais.<\/p>\n\n\n\n<p>Anteriormente, o reajuste do sal\u00e1rio m\u00ednimo era calculado com base na infla\u00e7\u00e3o do ano anterior somada ao crescimento do Produto Interno Bruto (PIB) de dois anos antes, garantindo um ganho real para os trabalhadores. Com essa f\u00f3rmula, em 2024, o aumento real foi de 5,64%. Agora, com as limita\u00e7\u00f5es de 2,5%, o governo busca equilibrar o crescimento do piso salarial com a sustentabilidade fiscal.<\/p>\n\n\n\n<h2 class=\"wp-block-heading\">SAL\u00c1RIO M\u00cdNIMO PARA 2025<\/h2>\n\n\n\n<p><strong>Com a aprova\u00e7\u00e3o da nova regra, o sal\u00e1rio m\u00ednimo para 2025 ser\u00e1 de R$ 1.518, representando um reajuste dentro do novo teto estabelecido<\/strong>. A mudan\u00e7a segue como uma estrat\u00e9gia para reduzir a press\u00e3o sobre o or\u00e7amento p\u00fablico, ao mesmo tempo que mant\u00e9m o poder de compra do piso salarial de forma controlada.<\/p>\n\n\n\n<p>Meio News<\/p>\n","protected":false},"excerpt":{"rendered":"<p>O Senado Federal aprovou uma\u00a0nova regra para o reajuste do sal\u00e1rio m\u00ednimo, proposta pelo governo Lula\u00a0(PT), como parte de medidas para controlar os gastos p\u00fablicos.\u00a0A mudan\u00e7a, que agora segue para san\u00e7\u00e3o presidencial, impactar\u00e1 tanto os trabalhadores do setor privado quanto grande parte dos benefici\u00e1rios do INSS. Atualmente, cerca de 28 milh\u00f5es de aposentados e pensionistas [&hellip;]<\/p>\n","protected":false},"author":2,"featured_media":258575,"comment_status":"open","ping_status":"open","sticky":false,"template":"","format":"standard","meta":{"_mi_skip_tracking":false,"footnotes":""},"categories":[25,6,1,16],"tags":[192],"class_list":["post-265667","post","type-post","status-publish","format-standard","has-post-thumbnail","hentry","category-destaques-site","category-economia","category-geral","category-todas","tag-destaqueprincipal"],"acf":[],"yoast_head":"<!-- This site is optimized with the Yoast SEO Premium plugin v19.2 (Yoast SEO v26.9) - https:\/\/yoast.com\/product\/yoast-seo-premium-wordpress\/ -->\n<title>Senado aprova nova regra, e sal\u00e1rio m\u00ednimo ter\u00e1 ganho real de 2,5% em 2025 - Portal Not\u00edcia em Pauta<\/title>\n<meta name=\"robots\" content=\"index, follow, max-snippet:-1, max-image-preview:large, max-video-preview:-1\" \/>\n<link rel=\"canonical\" href=\"https:\/\/noticiaempauta.com\/portal\/senado-aprova-nova-regra-e-salario-minimo-tera-ganho-real-de-25-em-2025\/\" \/>\n<meta property=\"og:locale\" content=\"pt_BR\" \/>\n<meta property=\"og:type\" content=\"article\" \/>\n<meta property=\"og:title\" content=\"Senado aprova nova regra, e sal\u00e1rio m\u00ednimo ter\u00e1 ganho real de 2,5% em 2025\" \/>\n<meta property=\"og:description\" content=\"O Senado Federal aprovou uma\u00a0nova regra para o reajuste do sal\u00e1rio m\u00ednimo, proposta pelo governo Lula\u00a0(PT), como parte de medidas para controlar os gastos p\u00fablicos.\u00a0A mudan\u00e7a, que agora segue para san\u00e7\u00e3o presidencial, impactar\u00e1 tanto os trabalhadores do setor privado quanto grande parte dos benefici\u00e1rios do INSS. Atualmente, cerca de 28 milh\u00f5es de aposentados e pensionistas [&hellip;]\" \/>\n<meta property=\"og:url\" content=\"https:\/\/noticiaempauta.com\/portal\/senado-aprova-nova-regra-e-salario-minimo-tera-ganho-real-de-25-em-2025\/\" \/>\n<meta property=\"og:site_name\" content=\"Portal Not\u00edcia em Pauta\" \/>\n<meta property=\"article:publisher\" content=\"https:\/\/www.facebook.com\/Portal-Notcia-Em-Pauta-102292869264820\/\" \/>\n<meta property=\"article:published_time\" content=\"2024-12-23T08:33:22+00:00\" \/>\n<meta property=\"article:modified_time\" content=\"2024-12-23T08:33:23+00:00\" \/>\n<meta property=\"og:image\" content=\"https:\/\/noticiaempauta.com\/portal\/wp-content\/uploads\/2024\/06\/senadoplenario.jpeg\" \/>\n\t<meta property=\"og:image:width\" content=\"860\" \/>\n\t<meta property=\"og:image:height\" content=\"570\" \/>\n\t<meta property=\"og:image:type\" content=\"image\/jpeg\" \/>\n<meta name=\"author\" content=\"Reda\u00e7\u00e3o\" \/>\n<meta name=\"twitter:card\" content=\"summary_large_image\" \/>\n<meta name=\"twitter:label1\" content=\"Escrito por\" \/>\n\t<meta name=\"twitter:data1\" content=\"Reda\u00e7\u00e3o\" \/>\n\t<meta name=\"twitter:label2\" content=\"Est. tempo de leitura\" \/>\n\t<meta name=\"twitter:data2\" content=\"2 minutos\" \/>\n<script type=\"application\/ld+json\" class=\"yoast-schema-graph\">{\"@context\":\"https:\/\/schema.org\",\"@graph\":[{\"@type\":\"Article\",\"@id\":\"https:\/\/noticiaempauta.com\/portal\/senado-aprova-nova-regra-e-salario-minimo-tera-ganho-real-de-25-em-2025\/#article\",\"isPartOf\":{\"@id\":\"https:\/\/noticiaempauta.com\/portal\/senado-aprova-nova-regra-e-salario-minimo-tera-ganho-real-de-25-em-2025\/\"},\"author\":{\"name\":\"Reda\u00e7\u00e3o\",\"@id\":\"https:\/\/noticiaempauta.com\/portal\/#\/schema\/person\/a74af43dd1ab3deca45f988c717d57ac\"},\"headline\":\"Senado aprova nova regra, e sal\u00e1rio m\u00ednimo ter\u00e1 ganho real de 2,5% em 2025\",\"datePublished\":\"2024-12-23T08:33:22+00:00\",\"dateModified\":\"2024-12-23T08:33:23+00:00\",\"mainEntityOfPage\":{\"@id\":\"https:\/\/noticiaempauta.com\/portal\/senado-aprova-nova-regra-e-salario-minimo-tera-ganho-real-de-25-em-2025\/\"},\"wordCount\":304,\"commentCount\":0,\"publisher\":{\"@id\":\"https:\/\/noticiaempauta.com\/portal\/#organization\"},\"image\":{\"@id\":\"https:\/\/noticiaempauta.com\/portal\/senado-aprova-nova-regra-e-salario-minimo-tera-ganho-real-de-25-em-2025\/#primaryimage\"},\"thumbnailUrl\":\"https:\/\/noticiaempauta.com\/portal\/wp-content\/uploads\/2024\/06\/senadoplenario.jpeg\",\"keywords\":[\"destaqueprincipal\"],\"articleSection\":[\"Destaques\",\"Economia\",\"Geral\",\"Todas as Not\u00edcias\"],\"inLanguage\":\"pt-BR\",\"potentialAction\":[{\"@type\":\"CommentAction\",\"name\":\"Comment\",\"target\":[\"https:\/\/noticiaempauta.com\/portal\/senado-aprova-nova-regra-e-salario-minimo-tera-ganho-real-de-25-em-2025\/#respond\"]}]},{\"@type\":\"WebPage\",\"@id\":\"https:\/\/noticiaempauta.com\/portal\/senado-aprova-nova-regra-e-salario-minimo-tera-ganho-real-de-25-em-2025\/\",\"url\":\"https:\/\/noticiaempauta.com\/portal\/senado-aprova-nova-regra-e-salario-minimo-tera-ganho-real-de-25-em-2025\/\",\"name\":\"Senado aprova nova regra, e sal\u00e1rio m\u00ednimo ter\u00e1 ganho real de 2,5% em 2025 - Portal Not\u00edcia em Pauta\",\"isPartOf\":{\"@id\":\"https:\/\/noticiaempauta.com\/portal\/#website\"},\"primaryImageOfPage\":{\"@id\":\"https:\/\/noticiaempauta.com\/portal\/senado-aprova-nova-regra-e-salario-minimo-tera-ganho-real-de-25-em-2025\/#primaryimage\"},\"image\":{\"@id\":\"https:\/\/noticiaempauta.com\/portal\/senado-aprova-nova-regra-e-salario-minimo-tera-ganho-real-de-25-em-2025\/#primaryimage\"},\"thumbnailUrl\":\"https:\/\/noticiaempauta.com\/portal\/wp-content\/uploads\/2024\/06\/senadoplenario.jpeg\",\"datePublished\":\"2024-12-23T08:33:22+00:00\",\"dateModified\":\"2024-12-23T08:33:23+00:00\",\"breadcrumb\":{\"@id\":\"https:\/\/noticiaempauta.com\/portal\/senado-aprova-nova-regra-e-salario-minimo-tera-ganho-real-de-25-em-2025\/#breadcrumb\"},\"inLanguage\":\"pt-BR\",\"potentialAction\":[{\"@type\":\"ReadAction\",\"target\":[\"https:\/\/noticiaempauta.com\/portal\/senado-aprova-nova-regra-e-salario-minimo-tera-ganho-real-de-25-em-2025\/\"]}]},{\"@type\":\"ImageObject\",\"inLanguage\":\"pt-BR\",\"@id\":\"https:\/\/noticiaempauta.com\/portal\/senado-aprova-nova-regra-e-salario-minimo-tera-ganho-real-de-25-em-2025\/#primaryimage\",\"url\":\"https:\/\/noticiaempauta.com\/portal\/wp-content\/uploads\/2024\/06\/senadoplenario.jpeg\",\"contentUrl\":\"https:\/\/noticiaempauta.com\/portal\/wp-content\/uploads\/2024\/06\/senadoplenario.jpeg\",\"width\":860,\"height\":570},{\"@type\":\"BreadcrumbList\",\"@id\":\"https:\/\/noticiaempauta.com\/portal\/senado-aprova-nova-regra-e-salario-minimo-tera-ganho-real-de-25-em-2025\/#breadcrumb\",\"itemListElement\":[{\"@type\":\"ListItem\",\"position\":1,\"name\":\"P\u00e1gina Inicial\",\"item\":\"https:\/\/noticiaempauta.com\/portal\/\"},{\"@type\":\"ListItem\",\"position\":2,\"name\":\"Destaques\",\"item\":\"https:\/\/noticiaempauta.com\/portal\/destaques-site\/\"},{\"@type\":\"ListItem\",\"position\":3,\"name\":\"Senado aprova nova regra, e sal\u00e1rio m\u00ednimo ter\u00e1 ganho real de 2,5% em 2025\"}]},{\"@type\":\"WebSite\",\"@id\":\"https:\/\/noticiaempauta.com\/portal\/#website\",\"url\":\"https:\/\/noticiaempauta.com\/portal\/\",\"name\":\"Portal Not\u00edcia em Pauta\",\"description\":\"Voc\u00ea bem informado\",\"publisher\":{\"@id\":\"https:\/\/noticiaempauta.com\/portal\/#organization\"},\"potentialAction\":[{\"@type\":\"SearchAction\",\"target\":{\"@type\":\"EntryPoint\",\"urlTemplate\":\"https:\/\/noticiaempauta.com\/portal\/?s={search_term_string}\"},\"query-input\":{\"@type\":\"PropertyValueSpecification\",\"valueRequired\":true,\"valueName\":\"search_term_string\"}}],\"inLanguage\":\"pt-BR\"},{\"@type\":\"Organization\",\"@id\":\"https:\/\/noticiaempauta.com\/portal\/#organization\",\"name\":\"Portal Not\u00edcia em Pauta\",\"url\":\"https:\/\/noticiaempauta.com\/portal\/\",\"logo\":{\"@type\":\"ImageObject\",\"inLanguage\":\"pt-BR\",\"@id\":\"https:\/\/noticiaempauta.com\/portal\/#\/schema\/logo\/image\/\",\"url\":\"https:\/\/noticiaempauta.com\/portal\/wp-content\/uploads\/2022\/08\/logomarca_tema.fw_.png\",\"contentUrl\":\"https:\/\/noticiaempauta.com\/portal\/wp-content\/uploads\/2022\/08\/logomarca_tema.fw_.png\",\"width\":400,\"height\":232,\"caption\":\"Portal Not\u00edcia em Pauta\"},\"image\":{\"@id\":\"https:\/\/noticiaempauta.com\/portal\/#\/schema\/logo\/image\/\"},\"sameAs\":[\"https:\/\/www.facebook.com\/Portal-Notcia-Em-Pauta-102292869264820\/\",\"https:\/\/www.instagram.com\/portalnoticiaempauta\/\"]},{\"@type\":\"Person\",\"@id\":\"https:\/\/noticiaempauta.com\/portal\/#\/schema\/person\/a74af43dd1ab3deca45f988c717d57ac\",\"name\":\"Reda\u00e7\u00e3o\",\"image\":{\"@type\":\"ImageObject\",\"inLanguage\":\"pt-BR\",\"@id\":\"https:\/\/noticiaempauta.com\/portal\/#\/schema\/person\/image\/\",\"url\":\"https:\/\/secure.gravatar.com\/avatar\/03179346ecce6cdfc13361603e8f54242a90e5cde8618fa23c5c00aa2b0aadf3?s=96&d=mm&r=g\",\"contentUrl\":\"https:\/\/secure.gravatar.com\/avatar\/03179346ecce6cdfc13361603e8f54242a90e5cde8618fa23c5c00aa2b0aadf3?s=96&d=mm&r=g\",\"caption\":\"Reda\u00e7\u00e3o\"},\"sameAs\":[\"https:\/\/noticiaempauta.com\/portal\/\"],\"url\":\"https:\/\/noticiaempauta.com\/portal\/author\/fernando\/\"}]}<\/script>\n<!-- \/ Yoast SEO Premium plugin. -->","yoast_head_json":{"title":"Senado aprova nova regra, e sal\u00e1rio m\u00ednimo ter\u00e1 ganho real de 2,5% em 2025 - Portal Not\u00edcia em Pauta","robots":{"index":"index","follow":"follow","max-snippet":"max-snippet:-1","max-image-preview":"max-image-preview:large","max-video-preview":"max-video-preview:-1"},"canonical":"https:\/\/noticiaempauta.com\/portal\/senado-aprova-nova-regra-e-salario-minimo-tera-ganho-real-de-25-em-2025\/","og_locale":"pt_BR","og_type":"article","og_title":"Senado aprova nova regra, e sal\u00e1rio m\u00ednimo ter\u00e1 ganho real de 2,5% em 2025","og_description":"O Senado Federal aprovou uma\u00a0nova regra para o reajuste do sal\u00e1rio m\u00ednimo, proposta pelo governo Lula\u00a0(PT), como parte de medidas para controlar os gastos p\u00fablicos.\u00a0A mudan\u00e7a, que agora segue para san\u00e7\u00e3o presidencial, impactar\u00e1 tanto os trabalhadores do setor privado quanto grande parte dos benefici\u00e1rios do INSS. Atualmente, cerca de 28 milh\u00f5es de aposentados e pensionistas [&hellip;]","og_url":"https:\/\/noticiaempauta.com\/portal\/senado-aprova-nova-regra-e-salario-minimo-tera-ganho-real-de-25-em-2025\/","og_site_name":"Portal Not\u00edcia em Pauta","article_publisher":"https:\/\/www.facebook.com\/Portal-Notcia-Em-Pauta-102292869264820\/","article_published_time":"2024-12-23T08:33:22+00:00","article_modified_time":"2024-12-23T08:33:23+00:00","og_image":[{"width":860,"height":570,"url":"https:\/\/noticiaempauta.com\/portal\/wp-content\/uploads\/2024\/06\/senadoplenario.jpeg","type":"image\/jpeg"}],"author":"Reda\u00e7\u00e3o","twitter_card":"summary_large_image","twitter_misc":{"Escrito por":"Reda\u00e7\u00e3o","Est. tempo de leitura":"2 minutos"},"schema":{"@context":"https:\/\/schema.org","@graph":[{"@type":"Article","@id":"https:\/\/noticiaempauta.com\/portal\/senado-aprova-nova-regra-e-salario-minimo-tera-ganho-real-de-25-em-2025\/#article","isPartOf":{"@id":"https:\/\/noticiaempauta.com\/portal\/senado-aprova-nova-regra-e-salario-minimo-tera-ganho-real-de-25-em-2025\/"},"author":{"name":"Reda\u00e7\u00e3o","@id":"https:\/\/noticiaempauta.com\/portal\/#\/schema\/person\/a74af43dd1ab3deca45f988c717d57ac"},"headline":"Senado aprova nova regra, e sal\u00e1rio m\u00ednimo ter\u00e1 ganho real de 2,5% em 2025","datePublished":"2024-12-23T08:33:22+00:00","dateModified":"2024-12-23T08:33:23+00:00","mainEntityOfPage":{"@id":"https:\/\/noticiaempauta.com\/portal\/senado-aprova-nova-regra-e-salario-minimo-tera-ganho-real-de-25-em-2025\/"},"wordCount":304,"commentCount":0,"publisher":{"@id":"https:\/\/noticiaempauta.com\/portal\/#organization"},"image":{"@id":"https:\/\/noticiaempauta.com\/portal\/senado-aprova-nova-regra-e-salario-minimo-tera-ganho-real-de-25-em-2025\/#primaryimage"},"thumbnailUrl":"https:\/\/noticiaempauta.com\/portal\/wp-content\/uploads\/2024\/06\/senadoplenario.jpeg","keywords":["destaqueprincipal"],"articleSection":["Destaques","Economia","Geral","Todas as Not\u00edcias"],"inLanguage":"pt-BR","potentialAction":[{"@type":"CommentAction","name":"Comment","target":["https:\/\/noticiaempauta.com\/portal\/senado-aprova-nova-regra-e-salario-minimo-tera-ganho-real-de-25-em-2025\/#respond"]}]},{"@type":"WebPage","@id":"https:\/\/noticiaempauta.com\/portal\/senado-aprova-nova-regra-e-salario-minimo-tera-ganho-real-de-25-em-2025\/","url":"https:\/\/noticiaempauta.com\/portal\/senado-aprova-nova-regra-e-salario-minimo-tera-ganho-real-de-25-em-2025\/","name":"Senado aprova nova regra, e sal\u00e1rio m\u00ednimo ter\u00e1 ganho real de 2,5% em 2025 - Portal Not\u00edcia em Pauta","isPartOf":{"@id":"https:\/\/noticiaempauta.com\/portal\/#website"},"primaryImageOfPage":{"@id":"https:\/\/noticiaempauta.com\/portal\/senado-aprova-nova-regra-e-salario-minimo-tera-ganho-real-de-25-em-2025\/#primaryimage"},"image":{"@id":"https:\/\/noticiaempauta.com\/portal\/senado-aprova-nova-regra-e-salario-minimo-tera-ganho-real-de-25-em-2025\/#primaryimage"},"thumbnailUrl":"https:\/\/noticiaempauta.com\/portal\/wp-content\/uploads\/2024\/06\/senadoplenario.jpeg","datePublished":"2024-12-23T08:33:22+00:00","dateModified":"2024-12-23T08:33:23+00:00","breadcrumb":{"@id":"https:\/\/noticiaempauta.com\/portal\/senado-aprova-nova-regra-e-salario-minimo-tera-ganho-real-de-25-em-2025\/#breadcrumb"},"inLanguage":"pt-BR","potentialAction":[{"@type":"ReadAction","target":["https:\/\/noticiaempauta.com\/portal\/senado-aprova-nova-regra-e-salario-minimo-tera-ganho-real-de-25-em-2025\/"]}]},{"@type":"ImageObject","inLanguage":"pt-BR","@id":"https:\/\/noticiaempauta.com\/portal\/senado-aprova-nova-regra-e-salario-minimo-tera-ganho-real-de-25-em-2025\/#primaryimage","url":"https:\/\/noticiaempauta.com\/portal\/wp-content\/uploads\/2024\/06\/senadoplenario.jpeg","contentUrl":"https:\/\/noticiaempauta.com\/portal\/wp-content\/uploads\/2024\/06\/senadoplenario.jpeg","width":860,"height":570},{"@type":"BreadcrumbList","@id":"https:\/\/noticiaempauta.com\/portal\/senado-aprova-nova-regra-e-salario-minimo-tera-ganho-real-de-25-em-2025\/#breadcrumb","itemListElement":[{"@type":"ListItem","position":1,"name":"P\u00e1gina Inicial","item":"https:\/\/noticiaempauta.com\/portal\/"},{"@type":"ListItem","position":2,"name":"Destaques","item":"https:\/\/noticiaempauta.com\/portal\/destaques-site\/"},{"@type":"ListItem","position":3,"name":"Senado aprova nova regra, e sal\u00e1rio m\u00ednimo ter\u00e1 ganho real de 2,5% em 2025"}]},{"@type":"WebSite","@id":"https:\/\/noticiaempauta.com\/portal\/#website","url":"https:\/\/noticiaempauta.com\/portal\/","name":"Portal Not\u00edcia em Pauta","description":"Voc\u00ea bem informado","publisher":{"@id":"https:\/\/noticiaempauta.com\/portal\/#organization"},"potentialAction":[{"@type":"SearchAction","target":{"@type":"EntryPoint","urlTemplate":"https:\/\/noticiaempauta.com\/portal\/?s={search_term_string}"},"query-input":{"@type":"PropertyValueSpecification","valueRequired":true,"valueName":"search_term_string"}}],"inLanguage":"pt-BR"},{"@type":"Organization","@id":"https:\/\/noticiaempauta.com\/portal\/#organization","name":"Portal Not\u00edcia em Pauta","url":"https:\/\/noticiaempauta.com\/portal\/","logo":{"@type":"ImageObject","inLanguage":"pt-BR","@id":"https:\/\/noticiaempauta.com\/portal\/#\/schema\/logo\/image\/","url":"https:\/\/noticiaempauta.com\/portal\/wp-content\/uploads\/2022\/08\/logomarca_tema.fw_.png","contentUrl":"https:\/\/noticiaempauta.com\/portal\/wp-content\/uploads\/2022\/08\/logomarca_tema.fw_.png","width":400,"height":232,"caption":"Portal Not\u00edcia em Pauta"},"image":{"@id":"https:\/\/noticiaempauta.com\/portal\/#\/schema\/logo\/image\/"},"sameAs":["https:\/\/www.facebook.com\/Portal-Notcia-Em-Pauta-102292869264820\/","https:\/\/www.instagram.com\/portalnoticiaempauta\/"]},{"@type":"Person","@id":"https:\/\/noticiaempauta.com\/portal\/#\/schema\/person\/a74af43dd1ab3deca45f988c717d57ac","name":"Reda\u00e7\u00e3o","image":{"@type":"ImageObject","inLanguage":"pt-BR","@id":"https:\/\/noticiaempauta.com\/portal\/#\/schema\/person\/image\/","url":"https:\/\/secure.gravatar.com\/avatar\/03179346ecce6cdfc13361603e8f54242a90e5cde8618fa23c5c00aa2b0aadf3?s=96&d=mm&r=g","contentUrl":"https:\/\/secure.gravatar.com\/avatar\/03179346ecce6cdfc13361603e8f54242a90e5cde8618fa23c5c00aa2b0aadf3?s=96&d=mm&r=g","caption":"Reda\u00e7\u00e3o"},"sameAs":["https:\/\/noticiaempauta.com\/portal\/"],"url":"https:\/\/noticiaempauta.com\/portal\/author\/fernando\/"}]}},"_links":{"self":[{"href":"https:\/\/noticiaempauta.com\/portal\/wp-json\/wp\/v2\/posts\/265667","targetHints":{"allow":["GET"]}}],"collection":[{"href":"https:\/\/noticiaempauta.com\/portal\/wp-json\/wp\/v2\/posts"}],"about":[{"href":"https:\/\/noticiaempauta.com\/portal\/wp-json\/wp\/v2\/types\/post"}],"author":[{"embeddable":true,"href":"https:\/\/noticiaempauta.com\/portal\/wp-json\/wp\/v2\/users\/2"}],"replies":[{"embeddable":true,"href":"https:\/\/noticiaempauta.com\/portal\/wp-json\/wp\/v2\/comments?post=265667"}],"version-history":[{"count":2,"href":"https:\/\/noticiaempauta.com\/portal\/wp-json\/wp\/v2\/posts\/265667\/revisions"}],"predecessor-version":[{"id":265669,"href":"https:\/\/noticiaempauta.com\/portal\/wp-json\/wp\/v2\/posts\/265667\/revisions\/265669"}],"wp:featuredmedia":[{"embeddable":true,"href":"https:\/\/noticiaempauta.com\/portal\/wp-json\/wp\/v2\/media\/258575"}],"wp:attachment":[{"href":"https:\/\/noticiaempauta.com\/portal\/wp-json\/wp\/v2\/media?parent=265667"}],"wp:term":[{"taxonomy":"category","embeddable":true,"href":"https:\/\/noticiaempauta.com\/portal\/wp-json\/wp\/v2\/categories?post=265667"},{"taxonomy":"post_tag","embeddable":true,"href":"https:\/\/noticiaempauta.com\/portal\/wp-json\/wp\/v2\/tags?post=265667"}],"curies":[{"name":"wp","href":"https:\/\/api.w.org\/{rel}","templated":true}]}}