{"id":265670,"date":"2024-12-23T09:08:09","date_gmt":"2024-12-23T12:08:09","guid":{"rendered":"https:\/\/noticiaempauta.com\/portal\/?p=265670"},"modified":"2024-12-23T09:08:10","modified_gmt":"2024-12-23T12:08:10","slug":"casal-e-preso-por-trafico-de-drogas-na-zona-rural-de-bocaina","status":"publish","type":"post","link":"https:\/\/noticiaempauta.com\/portal\/casal-e-preso-por-trafico-de-drogas-na-zona-rural-de-bocaina\/","title":{"rendered":"Casal \u00e9 preso por tr\u00e1fico de drogas na zona rural de Bocaina"},"content":{"rendered":"\n<p>Na manh\u00e3 deste domingo, 22 de dezembro, um casal foi preso em flagrante no povoado Vila Crioula, zona rural de Bocaina, acusado de tr\u00e1fico de drogas. A a\u00e7\u00e3o foi conduzida por policiais do BEPI (Batalh\u00e3o Especializado de Policiamento do Interior), por volta das 10h.<\/p>\n\n\n\n<figure class=\"wp-block-image size-full\"><img fetchpriority=\"high\" decoding=\"async\" width=\"1005\" height=\"567\" src=\"https:\/\/noticiaempauta.com\/portal\/wp-content\/uploads\/2024\/12\/FA-IMG-b08eb860500463402f73.png\" alt=\"\" class=\"wp-image-265671\" srcset=\"https:\/\/noticiaempauta.com\/portal\/wp-content\/uploads\/2024\/12\/FA-IMG-b08eb860500463402f73.png 1005w, https:\/\/noticiaempauta.com\/portal\/wp-content\/uploads\/2024\/12\/FA-IMG-b08eb860500463402f73-300x169.png 300w, https:\/\/noticiaempauta.com\/portal\/wp-content\/uploads\/2024\/12\/FA-IMG-b08eb860500463402f73-768x433.png 768w\" sizes=\"(max-width: 1005px) 100vw, 1005px\" \/><figcaption class=\"wp-element-caption\"><em>(Fotos: Reprodu\u00e7\u00e3o)<\/em><\/figcaption><\/figure>\n\n\n\n<p>A opera\u00e7\u00e3o foi determinada pelo Tenente-Coronel Alves, comandante do BEPI, e realizada pela unidade da 3\u00aa Companhia do batalh\u00e3o em Picos, liderada pelo tenente Souza Torres, com informa\u00e7\u00f5es repassadas pelo cabo Sousa Jr., comandante do GPM de Bocaina.<\/p>\n\n\n\n<p>Os suspeitos, identificados pelas iniciais P.D.P. e A.M.R.F., estavam em posse de diversos materiais il\u00edcitos no momento da abordagem.<\/p>\n\n\n\n<figure class=\"wp-block-image\"><img decoding=\"async\" src=\"https:\/\/folhaatual.com.br\/userfiles\/images\/2(34).PNG\" alt=\"\"\/><\/figure>\n\n\n\n<p>Entre os itens apreendidos est\u00e3o: 29 inv\u00f3lucros de coca\u00edna; 02 tabletes de coca\u00edna; 01 balan\u00e7a de precis\u00e3o; 04 muni\u00e7\u00f5es calibre 32; 01 aparelho celular Samsung Galaxy; 01 saco pl\u00e1stico contendo chumbo; 01 recipiente com espoletas; 01 recipiente com p\u00f3lvora; R$ 695,00 em esp\u00e9cie.<\/p>\n\n\n\n<p>De acordo com a Pol\u00edcia, o casal j\u00e1 tinha hist\u00f3rico de envolvimento com tr\u00e1fico de drogas. Ap\u00f3s a pris\u00e3o, ambos foram encaminhados \u00e0 Central de Flagrantes em Picos, junto com o material apreendido, onde permanecer\u00e3o \u00e0 disposi\u00e7\u00e3o da Justi\u00e7a.<\/p>\n\n\n\n<p>Fonte: Folha Atual<\/p>\n","protected":false},"excerpt":{"rendered":"<p>Na manh\u00e3 deste domingo, 22 de dezembro, um casal foi preso em flagrante no povoado Vila Crioula, zona rural de Bocaina, acusado de tr\u00e1fico de drogas. A a\u00e7\u00e3o foi conduzida por policiais do BEPI (Batalh\u00e3o Especializado de Policiamento do Interior), por volta das 10h. A opera\u00e7\u00e3o foi determinada pelo Tenente-Coronel Alves, comandante do BEPI, e [&hellip;]<\/p>\n","protected":false},"author":2,"featured_media":265671,"comment_status":"open","ping_status":"open","sticky":false,"template":"","format":"standard","meta":{"_mi_skip_tracking":false,"footnotes":""},"categories":[25,1,9,137,16],"tags":[192],"class_list":["post-265670","post","type-post","status-publish","format-standard","has-post-thumbnail","hentry","category-destaques-site","category-geral","category-municipios","category-policia","category-todas","tag-destaqueprincipal"],"acf":[],"yoast_head":"<!-- This site is optimized with the Yoast SEO Premium plugin v19.2 (Yoast SEO v26.9) - https:\/\/yoast.com\/product\/yoast-seo-premium-wordpress\/ -->\n<title>Casal \u00e9 preso por tr\u00e1fico de drogas na zona rural de Bocaina - Portal Not\u00edcia em Pauta<\/title>\n<meta name=\"robots\" content=\"index, follow, max-snippet:-1, max-image-preview:large, max-video-preview:-1\" \/>\n<link rel=\"canonical\" href=\"https:\/\/noticiaempauta.com\/portal\/casal-e-preso-por-trafico-de-drogas-na-zona-rural-de-bocaina\/\" \/>\n<meta property=\"og:locale\" content=\"pt_BR\" \/>\n<meta property=\"og:type\" content=\"article\" \/>\n<meta property=\"og:title\" content=\"Casal \u00e9 preso por tr\u00e1fico de drogas na zona rural de Bocaina\" \/>\n<meta property=\"og:description\" content=\"Na manh\u00e3 deste domingo, 22 de dezembro, um casal foi preso em flagrante no povoado Vila Crioula, zona rural de Bocaina, acusado de tr\u00e1fico de drogas. A a\u00e7\u00e3o foi conduzida por policiais do BEPI (Batalh\u00e3o Especializado de Policiamento do Interior), por volta das 10h. A opera\u00e7\u00e3o foi determinada pelo Tenente-Coronel Alves, comandante do BEPI, e [&hellip;]\" \/>\n<meta property=\"og:url\" content=\"https:\/\/noticiaempauta.com\/portal\/casal-e-preso-por-trafico-de-drogas-na-zona-rural-de-bocaina\/\" \/>\n<meta property=\"og:site_name\" content=\"Portal Not\u00edcia em Pauta\" \/>\n<meta property=\"article:publisher\" content=\"https:\/\/www.facebook.com\/Portal-Notcia-Em-Pauta-102292869264820\/\" \/>\n<meta property=\"article:published_time\" content=\"2024-12-23T12:08:09+00:00\" \/>\n<meta property=\"article:modified_time\" content=\"2024-12-23T12:08:10+00:00\" \/>\n<meta property=\"og:image\" content=\"https:\/\/noticiaempauta.com\/portal\/wp-content\/uploads\/2024\/12\/FA-IMG-b08eb860500463402f73.png\" \/>\n\t<meta property=\"og:image:width\" content=\"1005\" \/>\n\t<meta property=\"og:image:height\" content=\"567\" \/>\n\t<meta property=\"og:image:type\" content=\"image\/png\" \/>\n<meta name=\"author\" content=\"Reda\u00e7\u00e3o\" \/>\n<meta name=\"twitter:card\" content=\"summary_large_image\" \/>\n<meta name=\"twitter:label1\" content=\"Escrito por\" \/>\n\t<meta name=\"twitter:data1\" content=\"Reda\u00e7\u00e3o\" \/>\n\t<meta name=\"twitter:label2\" content=\"Est. tempo de leitura\" \/>\n\t<meta name=\"twitter:data2\" content=\"2 minutos\" \/>\n<script type=\"application\/ld+json\" class=\"yoast-schema-graph\">{\"@context\":\"https:\/\/schema.org\",\"@graph\":[{\"@type\":\"Article\",\"@id\":\"https:\/\/noticiaempauta.com\/portal\/casal-e-preso-por-trafico-de-drogas-na-zona-rural-de-bocaina\/#article\",\"isPartOf\":{\"@id\":\"https:\/\/noticiaempauta.com\/portal\/casal-e-preso-por-trafico-de-drogas-na-zona-rural-de-bocaina\/\"},\"author\":{\"name\":\"Reda\u00e7\u00e3o\",\"@id\":\"https:\/\/noticiaempauta.com\/portal\/#\/schema\/person\/a74af43dd1ab3deca45f988c717d57ac\"},\"headline\":\"Casal \u00e9 preso por tr\u00e1fico de drogas na zona rural de Bocaina\",\"datePublished\":\"2024-12-23T12:08:09+00:00\",\"dateModified\":\"2024-12-23T12:08:10+00:00\",\"mainEntityOfPage\":{\"@id\":\"https:\/\/noticiaempauta.com\/portal\/casal-e-preso-por-trafico-de-drogas-na-zona-rural-de-bocaina\/\"},\"wordCount\":217,\"commentCount\":0,\"publisher\":{\"@id\":\"https:\/\/noticiaempauta.com\/portal\/#organization\"},\"image\":{\"@id\":\"https:\/\/noticiaempauta.com\/portal\/casal-e-preso-por-trafico-de-drogas-na-zona-rural-de-bocaina\/#primaryimage\"},\"thumbnailUrl\":\"https:\/\/noticiaempauta.com\/portal\/wp-content\/uploads\/2024\/12\/FA-IMG-b08eb860500463402f73.png\",\"keywords\":[\"destaqueprincipal\"],\"articleSection\":[\"Destaques\",\"Geral\",\"Munic\u00edpios\",\"Pol\u00edcia\",\"Todas as Not\u00edcias\"],\"inLanguage\":\"pt-BR\",\"potentialAction\":[{\"@type\":\"CommentAction\",\"name\":\"Comment\",\"target\":[\"https:\/\/noticiaempauta.com\/portal\/casal-e-preso-por-trafico-de-drogas-na-zona-rural-de-bocaina\/#respond\"]}]},{\"@type\":\"WebPage\",\"@id\":\"https:\/\/noticiaempauta.com\/portal\/casal-e-preso-por-trafico-de-drogas-na-zona-rural-de-bocaina\/\",\"url\":\"https:\/\/noticiaempauta.com\/portal\/casal-e-preso-por-trafico-de-drogas-na-zona-rural-de-bocaina\/\",\"name\":\"Casal \u00e9 preso por tr\u00e1fico de drogas na zona rural de Bocaina - Portal Not\u00edcia em Pauta\",\"isPartOf\":{\"@id\":\"https:\/\/noticiaempauta.com\/portal\/#website\"},\"primaryImageOfPage\":{\"@id\":\"https:\/\/noticiaempauta.com\/portal\/casal-e-preso-por-trafico-de-drogas-na-zona-rural-de-bocaina\/#primaryimage\"},\"image\":{\"@id\":\"https:\/\/noticiaempauta.com\/portal\/casal-e-preso-por-trafico-de-drogas-na-zona-rural-de-bocaina\/#primaryimage\"},\"thumbnailUrl\":\"https:\/\/noticiaempauta.com\/portal\/wp-content\/uploads\/2024\/12\/FA-IMG-b08eb860500463402f73.png\",\"datePublished\":\"2024-12-23T12:08:09+00:00\",\"dateModified\":\"2024-12-23T12:08:10+00:00\",\"breadcrumb\":{\"@id\":\"https:\/\/noticiaempauta.com\/portal\/casal-e-preso-por-trafico-de-drogas-na-zona-rural-de-bocaina\/#breadcrumb\"},\"inLanguage\":\"pt-BR\",\"potentialAction\":[{\"@type\":\"ReadAction\",\"target\":[\"https:\/\/noticiaempauta.com\/portal\/casal-e-preso-por-trafico-de-drogas-na-zona-rural-de-bocaina\/\"]}]},{\"@type\":\"ImageObject\",\"inLanguage\":\"pt-BR\",\"@id\":\"https:\/\/noticiaempauta.com\/portal\/casal-e-preso-por-trafico-de-drogas-na-zona-rural-de-bocaina\/#primaryimage\",\"url\":\"https:\/\/noticiaempauta.com\/portal\/wp-content\/uploads\/2024\/12\/FA-IMG-b08eb860500463402f73.png\",\"contentUrl\":\"https:\/\/noticiaempauta.com\/portal\/wp-content\/uploads\/2024\/12\/FA-IMG-b08eb860500463402f73.png\",\"width\":1005,\"height\":567},{\"@type\":\"BreadcrumbList\",\"@id\":\"https:\/\/noticiaempauta.com\/portal\/casal-e-preso-por-trafico-de-drogas-na-zona-rural-de-bocaina\/#breadcrumb\",\"itemListElement\":[{\"@type\":\"ListItem\",\"position\":1,\"name\":\"P\u00e1gina Inicial\",\"item\":\"https:\/\/noticiaempauta.com\/portal\/\"},{\"@type\":\"ListItem\",\"position\":2,\"name\":\"Destaques\",\"item\":\"https:\/\/noticiaempauta.com\/portal\/destaques-site\/\"},{\"@type\":\"ListItem\",\"position\":3,\"name\":\"Casal \u00e9 preso por tr\u00e1fico de drogas na zona rural de Bocaina\"}]},{\"@type\":\"WebSite\",\"@id\":\"https:\/\/noticiaempauta.com\/portal\/#website\",\"url\":\"https:\/\/noticiaempauta.com\/portal\/\",\"name\":\"Portal Not\u00edcia em Pauta\",\"description\":\"Voc\u00ea bem informado\",\"publisher\":{\"@id\":\"https:\/\/noticiaempauta.com\/portal\/#organization\"},\"potentialAction\":[{\"@type\":\"SearchAction\",\"target\":{\"@type\":\"EntryPoint\",\"urlTemplate\":\"https:\/\/noticiaempauta.com\/portal\/?s={search_term_string}\"},\"query-input\":{\"@type\":\"PropertyValueSpecification\",\"valueRequired\":true,\"valueName\":\"search_term_string\"}}],\"inLanguage\":\"pt-BR\"},{\"@type\":\"Organization\",\"@id\":\"https:\/\/noticiaempauta.com\/portal\/#organization\",\"name\":\"Portal Not\u00edcia em Pauta\",\"url\":\"https:\/\/noticiaempauta.com\/portal\/\",\"logo\":{\"@type\":\"ImageObject\",\"inLanguage\":\"pt-BR\",\"@id\":\"https:\/\/noticiaempauta.com\/portal\/#\/schema\/logo\/image\/\",\"url\":\"https:\/\/noticiaempauta.com\/portal\/wp-content\/uploads\/2022\/08\/logomarca_tema.fw_.png\",\"contentUrl\":\"https:\/\/noticiaempauta.com\/portal\/wp-content\/uploads\/2022\/08\/logomarca_tema.fw_.png\",\"width\":400,\"height\":232,\"caption\":\"Portal Not\u00edcia em Pauta\"},\"image\":{\"@id\":\"https:\/\/noticiaempauta.com\/portal\/#\/schema\/logo\/image\/\"},\"sameAs\":[\"https:\/\/www.facebook.com\/Portal-Notcia-Em-Pauta-102292869264820\/\",\"https:\/\/www.instagram.com\/portalnoticiaempauta\/\"]},{\"@type\":\"Person\",\"@id\":\"https:\/\/noticiaempauta.com\/portal\/#\/schema\/person\/a74af43dd1ab3deca45f988c717d57ac\",\"name\":\"Reda\u00e7\u00e3o\",\"image\":{\"@type\":\"ImageObject\",\"inLanguage\":\"pt-BR\",\"@id\":\"https:\/\/noticiaempauta.com\/portal\/#\/schema\/person\/image\/\",\"url\":\"https:\/\/secure.gravatar.com\/avatar\/03179346ecce6cdfc13361603e8f54242a90e5cde8618fa23c5c00aa2b0aadf3?s=96&d=mm&r=g\",\"contentUrl\":\"https:\/\/secure.gravatar.com\/avatar\/03179346ecce6cdfc13361603e8f54242a90e5cde8618fa23c5c00aa2b0aadf3?s=96&d=mm&r=g\",\"caption\":\"Reda\u00e7\u00e3o\"},\"sameAs\":[\"https:\/\/noticiaempauta.com\/portal\/\"],\"url\":\"https:\/\/noticiaempauta.com\/portal\/author\/fernando\/\"}]}<\/script>\n<!-- \/ Yoast SEO Premium plugin. -->","yoast_head_json":{"title":"Casal \u00e9 preso por tr\u00e1fico de drogas na zona rural de Bocaina - Portal Not\u00edcia em Pauta","robots":{"index":"index","follow":"follow","max-snippet":"max-snippet:-1","max-image-preview":"max-image-preview:large","max-video-preview":"max-video-preview:-1"},"canonical":"https:\/\/noticiaempauta.com\/portal\/casal-e-preso-por-trafico-de-drogas-na-zona-rural-de-bocaina\/","og_locale":"pt_BR","og_type":"article","og_title":"Casal \u00e9 preso por tr\u00e1fico de drogas na zona rural de Bocaina","og_description":"Na manh\u00e3 deste domingo, 22 de dezembro, um casal foi preso em flagrante no povoado Vila Crioula, zona rural de Bocaina, acusado de tr\u00e1fico de drogas. A a\u00e7\u00e3o foi conduzida por policiais do BEPI (Batalh\u00e3o Especializado de Policiamento do Interior), por volta das 10h. A opera\u00e7\u00e3o foi determinada pelo Tenente-Coronel Alves, comandante do BEPI, e [&hellip;]","og_url":"https:\/\/noticiaempauta.com\/portal\/casal-e-preso-por-trafico-de-drogas-na-zona-rural-de-bocaina\/","og_site_name":"Portal Not\u00edcia em Pauta","article_publisher":"https:\/\/www.facebook.com\/Portal-Notcia-Em-Pauta-102292869264820\/","article_published_time":"2024-12-23T12:08:09+00:00","article_modified_time":"2024-12-23T12:08:10+00:00","og_image":[{"width":1005,"height":567,"url":"https:\/\/noticiaempauta.com\/portal\/wp-content\/uploads\/2024\/12\/FA-IMG-b08eb860500463402f73.png","type":"image\/png"}],"author":"Reda\u00e7\u00e3o","twitter_card":"summary_large_image","twitter_misc":{"Escrito por":"Reda\u00e7\u00e3o","Est. tempo de leitura":"2 minutos"},"schema":{"@context":"https:\/\/schema.org","@graph":[{"@type":"Article","@id":"https:\/\/noticiaempauta.com\/portal\/casal-e-preso-por-trafico-de-drogas-na-zona-rural-de-bocaina\/#article","isPartOf":{"@id":"https:\/\/noticiaempauta.com\/portal\/casal-e-preso-por-trafico-de-drogas-na-zona-rural-de-bocaina\/"},"author":{"name":"Reda\u00e7\u00e3o","@id":"https:\/\/noticiaempauta.com\/portal\/#\/schema\/person\/a74af43dd1ab3deca45f988c717d57ac"},"headline":"Casal \u00e9 preso por tr\u00e1fico de drogas na zona rural de Bocaina","datePublished":"2024-12-23T12:08:09+00:00","dateModified":"2024-12-23T12:08:10+00:00","mainEntityOfPage":{"@id":"https:\/\/noticiaempauta.com\/portal\/casal-e-preso-por-trafico-de-drogas-na-zona-rural-de-bocaina\/"},"wordCount":217,"commentCount":0,"publisher":{"@id":"https:\/\/noticiaempauta.com\/portal\/#organization"},"image":{"@id":"https:\/\/noticiaempauta.com\/portal\/casal-e-preso-por-trafico-de-drogas-na-zona-rural-de-bocaina\/#primaryimage"},"thumbnailUrl":"https:\/\/noticiaempauta.com\/portal\/wp-content\/uploads\/2024\/12\/FA-IMG-b08eb860500463402f73.png","keywords":["destaqueprincipal"],"articleSection":["Destaques","Geral","Munic\u00edpios","Pol\u00edcia","Todas as Not\u00edcias"],"inLanguage":"pt-BR","potentialAction":[{"@type":"CommentAction","name":"Comment","target":["https:\/\/noticiaempauta.com\/portal\/casal-e-preso-por-trafico-de-drogas-na-zona-rural-de-bocaina\/#respond"]}]},{"@type":"WebPage","@id":"https:\/\/noticiaempauta.com\/portal\/casal-e-preso-por-trafico-de-drogas-na-zona-rural-de-bocaina\/","url":"https:\/\/noticiaempauta.com\/portal\/casal-e-preso-por-trafico-de-drogas-na-zona-rural-de-bocaina\/","name":"Casal \u00e9 preso por tr\u00e1fico de drogas na zona rural de Bocaina - Portal Not\u00edcia em Pauta","isPartOf":{"@id":"https:\/\/noticiaempauta.com\/portal\/#website"},"primaryImageOfPage":{"@id":"https:\/\/noticiaempauta.com\/portal\/casal-e-preso-por-trafico-de-drogas-na-zona-rural-de-bocaina\/#primaryimage"},"image":{"@id":"https:\/\/noticiaempauta.com\/portal\/casal-e-preso-por-trafico-de-drogas-na-zona-rural-de-bocaina\/#primaryimage"},"thumbnailUrl":"https:\/\/noticiaempauta.com\/portal\/wp-content\/uploads\/2024\/12\/FA-IMG-b08eb860500463402f73.png","datePublished":"2024-12-23T12:08:09+00:00","dateModified":"2024-12-23T12:08:10+00:00","breadcrumb":{"@id":"https:\/\/noticiaempauta.com\/portal\/casal-e-preso-por-trafico-de-drogas-na-zona-rural-de-bocaina\/#breadcrumb"},"inLanguage":"pt-BR","potentialAction":[{"@type":"ReadAction","target":["https:\/\/noticiaempauta.com\/portal\/casal-e-preso-por-trafico-de-drogas-na-zona-rural-de-bocaina\/"]}]},{"@type":"ImageObject","inLanguage":"pt-BR","@id":"https:\/\/noticiaempauta.com\/portal\/casal-e-preso-por-trafico-de-drogas-na-zona-rural-de-bocaina\/#primaryimage","url":"https:\/\/noticiaempauta.com\/portal\/wp-content\/uploads\/2024\/12\/FA-IMG-b08eb860500463402f73.png","contentUrl":"https:\/\/noticiaempauta.com\/portal\/wp-content\/uploads\/2024\/12\/FA-IMG-b08eb860500463402f73.png","width":1005,"height":567},{"@type":"BreadcrumbList","@id":"https:\/\/noticiaempauta.com\/portal\/casal-e-preso-por-trafico-de-drogas-na-zona-rural-de-bocaina\/#breadcrumb","itemListElement":[{"@type":"ListItem","position":1,"name":"P\u00e1gina Inicial","item":"https:\/\/noticiaempauta.com\/portal\/"},{"@type":"ListItem","position":2,"name":"Destaques","item":"https:\/\/noticiaempauta.com\/portal\/destaques-site\/"},{"@type":"ListItem","position":3,"name":"Casal \u00e9 preso por tr\u00e1fico de drogas na zona rural de Bocaina"}]},{"@type":"WebSite","@id":"https:\/\/noticiaempauta.com\/portal\/#website","url":"https:\/\/noticiaempauta.com\/portal\/","name":"Portal Not\u00edcia em Pauta","description":"Voc\u00ea bem informado","publisher":{"@id":"https:\/\/noticiaempauta.com\/portal\/#organization"},"potentialAction":[{"@type":"SearchAction","target":{"@type":"EntryPoint","urlTemplate":"https:\/\/noticiaempauta.com\/portal\/?s={search_term_string}"},"query-input":{"@type":"PropertyValueSpecification","valueRequired":true,"valueName":"search_term_string"}}],"inLanguage":"pt-BR"},{"@type":"Organization","@id":"https:\/\/noticiaempauta.com\/portal\/#organization","name":"Portal Not\u00edcia em Pauta","url":"https:\/\/noticiaempauta.com\/portal\/","logo":{"@type":"ImageObject","inLanguage":"pt-BR","@id":"https:\/\/noticiaempauta.com\/portal\/#\/schema\/logo\/image\/","url":"https:\/\/noticiaempauta.com\/portal\/wp-content\/uploads\/2022\/08\/logomarca_tema.fw_.png","contentUrl":"https:\/\/noticiaempauta.com\/portal\/wp-content\/uploads\/2022\/08\/logomarca_tema.fw_.png","width":400,"height":232,"caption":"Portal Not\u00edcia em Pauta"},"image":{"@id":"https:\/\/noticiaempauta.com\/portal\/#\/schema\/logo\/image\/"},"sameAs":["https:\/\/www.facebook.com\/Portal-Notcia-Em-Pauta-102292869264820\/","https:\/\/www.instagram.com\/portalnoticiaempauta\/"]},{"@type":"Person","@id":"https:\/\/noticiaempauta.com\/portal\/#\/schema\/person\/a74af43dd1ab3deca45f988c717d57ac","name":"Reda\u00e7\u00e3o","image":{"@type":"ImageObject","inLanguage":"pt-BR","@id":"https:\/\/noticiaempauta.com\/portal\/#\/schema\/person\/image\/","url":"https:\/\/secure.gravatar.com\/avatar\/03179346ecce6cdfc13361603e8f54242a90e5cde8618fa23c5c00aa2b0aadf3?s=96&d=mm&r=g","contentUrl":"https:\/\/secure.gravatar.com\/avatar\/03179346ecce6cdfc13361603e8f54242a90e5cde8618fa23c5c00aa2b0aadf3?s=96&d=mm&r=g","caption":"Reda\u00e7\u00e3o"},"sameAs":["https:\/\/noticiaempauta.com\/portal\/"],"url":"https:\/\/noticiaempauta.com\/portal\/author\/fernando\/"}]}},"_links":{"self":[{"href":"https:\/\/noticiaempauta.com\/portal\/wp-json\/wp\/v2\/posts\/265670","targetHints":{"allow":["GET"]}}],"collection":[{"href":"https:\/\/noticiaempauta.com\/portal\/wp-json\/wp\/v2\/posts"}],"about":[{"href":"https:\/\/noticiaempauta.com\/portal\/wp-json\/wp\/v2\/types\/post"}],"author":[{"embeddable":true,"href":"https:\/\/noticiaempauta.com\/portal\/wp-json\/wp\/v2\/users\/2"}],"replies":[{"embeddable":true,"href":"https:\/\/noticiaempauta.com\/portal\/wp-json\/wp\/v2\/comments?post=265670"}],"version-history":[{"count":2,"href":"https:\/\/noticiaempauta.com\/portal\/wp-json\/wp\/v2\/posts\/265670\/revisions"}],"predecessor-version":[{"id":265673,"href":"https:\/\/noticiaempauta.com\/portal\/wp-json\/wp\/v2\/posts\/265670\/revisions\/265673"}],"wp:featuredmedia":[{"embeddable":true,"href":"https:\/\/noticiaempauta.com\/portal\/wp-json\/wp\/v2\/media\/265671"}],"wp:attachment":[{"href":"https:\/\/noticiaempauta.com\/portal\/wp-json\/wp\/v2\/media?parent=265670"}],"wp:term":[{"taxonomy":"category","embeddable":true,"href":"https:\/\/noticiaempauta.com\/portal\/wp-json\/wp\/v2\/categories?post=265670"},{"taxonomy":"post_tag","embeddable":true,"href":"https:\/\/noticiaempauta.com\/portal\/wp-json\/wp\/v2\/tags?post=265670"}],"curies":[{"name":"wp","href":"https:\/\/api.w.org\/{rel}","templated":true}]}}